{"id":7254,"date":"2022-12-26T11:37:26","date_gmt":"2022-12-26T14:37:26","guid":{"rendered":"https:\/\/sergiolapegue.com\/site\/?p=7254"},"modified":"2022-12-26T11:37:27","modified_gmt":"2022-12-26T14:37:27","slug":"argentina-es-campeon-del-mundo-y-el-sur-volvio-a-tener-su-representante","status":"publish","type":"post","link":"https:\/\/sergiolapegue.com\/site\/2022\/12\/26\/argentina-es-campeon-del-mundo-y-el-sur-volvio-a-tener-su-representante\/","title":{"rendered":"Argentina es campe\u00f3n del mundo y el Sur volvi\u00f3 a tener su representante"},"content":{"rendered":"\n<p>\u00a1Qu\u00e9 felicidad, amigos queridos de La Uni\u00f3n! Somos campeones del mundo y la alegr\u00eda tardar\u00e1 mucho, pero mucho tiempo en desaparecer. Cu\u00e1nta emoci\u00f3n contenida\u2026 cu\u00e1nto sufrimiento&#8230; solo queda agradecerles a los jugadores y al cuerpo t\u00e9cnico por esta alegr\u00eda inmensa, por estos momentos inolvidables que nos hicieron vivir en Qatar. Gracias en especial a&nbsp;<strong>Leo Messi<\/strong>&nbsp;y a&nbsp;<strong>Lionel Scaloni<\/strong>&nbsp;por liderar esta felicidad.&nbsp;<\/p>\n\n\n\n<p>En\u00a0<a href=\"https:\/\/launion.com.ar\/nota\/23718\/2022\/11\/llego-a-lomas-de-casualidad-y-hoy-una-calle-lleva-su-nombre\" target=\"_blank\" rel=\"noreferrer noopener\">Lomas de Zamora<\/a>\u00a0tambi\u00e9n hubo festejos, claro. Como en todo el pa\u00eds, los vecinos de nuestro barrio se pudieron desahogar tras lo penales contra Francia. Primero hubo gritos desde los patios, ventanas y balcones; luego bocinas. Y con el correr de los minutos, todos salieron a la calle a festejar envueltos en camisetas y banderas argentinas.<\/p>\n\n\n\n<p>El epicentro, como siempre, estuvo en la avenida Hip\u00f3lito Yrigoyen, a la altura de la Municipalidad.&nbsp;<strong>Laprida, S\u00e1enz, Colombres, Loria,<\/strong>&nbsp;todas las calles del centro estuvieron colmadas. La Plaza Grigera, en obra, qued\u00f3 rodeada de miles de hinchas de la Selecci\u00f3n que cantaron y bailaron hasta bien entrada la noche. Hasta los bomberos prendieron la sirena para prenderse a los festejos, tapando el sonido de las cornetas.&nbsp;<\/p>\n\n\n\n<p>En la celebraci\u00f3n hubo incluso lugar para la euforia, la locura y tambi\u00e9n el amor, con un joven proponi\u00e9ndole casamiento a su novia en medio de la multitud. \u00a1Impresionante!<\/p>\n\n\n\n<p>Quiero aprovechar para destacar (y agradecerle) a&nbsp;<strong>Nicol\u00e1s Tagliafico<\/strong>, nuestro representante de zona sur en la Selecci\u00f3n. Nico, que naci\u00f3 en&nbsp;<strong>Rafael Calzada,<\/strong><a href=\"https:\/\/launion.com.ar\/nota\/23927\/2022\/11\/la-historia-del-lomense-y-dirigente-de-la-afa-que-creo-el-nacional-b\" target=\"_blank\" rel=\"noreferrer noopener\">&nbsp;inici\u00f3 su carrera en Banfield<\/a>: hizo inferiores en el predio de<strong>&nbsp;Luis Guill\u00f3n&nbsp;<\/strong>y tras destacarse en el Taladro, pas\u00f3 a Independiente, donde fue capit\u00e1n y campe\u00f3n. Luego, claro, pas\u00f3 a Europa, donde la rompi\u00f3 de tal manera que fue convocado a jugar el mundial de<strong>&nbsp;Qatar 2022<\/strong>. \u00a1Un orgullo!<\/p>\n\n\n\n<p>Tagliafico pudo sumar as\u00ed su nombre a la ilustre lista de vecinos de zona Sur campeones del mundo: el primer protagonista en levantar la copa fue el exarquero&nbsp;<strong>Ricardo Lavolpe<\/strong>, que tambi\u00e9n surgi\u00f3 de las Inferiores de Banfield y grit\u00f3 campe\u00f3n en&nbsp;<strong>Argentina &#8217;78<\/strong>. El segundo fue el mediocampista&nbsp;<strong>H\u00e9ctor &#8220;El Negro&#8221; Enrique<\/strong>, de Burzaco, criado en las formativas de Lan\u00fas. &#8220;El Negro&#8221; fue de hecho quien le dio el pase a Diego Maradona en el hist\u00f3rico &#8220;gol del siglo&#8221; de Maradona a Inglaterra en&nbsp;<strong>M\u00e9xico &#8217;86.<\/strong><\/p>\n\n\n\n<p>Y aunque el&nbsp;<strong>Diego<\/strong>&nbsp;no haya debutado en ning\u00fan club de la zona, es sabido que naci\u00f3 en el hospital Evita de Lan\u00fas y que creci\u00f3 en las calles de tierra de Villa Fiorito, en el municipio de Lomas.<\/p>\n\n\n\n<p>En fin, amigos, la historia futbolera de zona Sur volvi\u00f3 a quedar una vez m\u00e1s en lo m\u00e1s alto del f\u00fatbol mundial gracias a un representante local. Hoy un pa\u00eds est\u00e1 feliz gracias a la pelota. La pasi\u00f3n es nuestra: en eso no nos gana nadie. Vamos, Argentina. \u00a1Dale campe\u00f3n!<\/p>\n\n\n\n<p><strong><em><a href=\"https:\/\/launion.com.ar\/nota\/24677\/2022\/12\/argentina-es-campeon-del-mundo-y-el-sur-volvio-a-tener-su-representante\" target=\"_blank\" rel=\"noreferrer noopener\">Columna publicada en el diario La Uni\u00f3n de Lomas de Zamora.-<\/a><\/em><\/strong><\/p>\n","protected":false},"excerpt":{"rendered":"<p>\u00a1Qu\u00e9 felicidad, amigos queridos de La Uni\u00f3n! Somos campeones del mundo y la alegr\u00eda tardar\u00e1 mucho, pero mucho tiempo en desaparecer. Cu\u00e1nta emoci\u00f3n contenida\u2026 cu\u00e1nto sufrimiento&#8230; solo queda agradecerles a los jugadores y al cuerpo t\u00e9cnico por esta alegr\u00eda inmensa, por estos momentos inolvidables que nos hicieron vivir en Qatar. Gracias en especial a&nbsp;Leo Messi&nbsp;y [&hellip;]<\/p>\n","protected":false},"author":6,"featured_media":7255,"comment_status":"closed","ping_status":"closed","sticky":false,"template":"","format":"standard","meta":{"footnotes":""},"categories":[1276],"tags":[1557,2070,2001,60],"class_list":{"0":"post-7254","1":"post","2":"type-post","3":"status-publish","4":"format-standard","5":"has-post-thumbnail","7":"category-de-puno-y-letra-lomas-de-zamora","8":"tag-de-puno-y-letra-lomas-de-zamora","9":"tag-nicolas-tagliafico","10":"tag-qatar-2022","11":"tag-seleccion-argentina"},"yoast_head":"<!-- This site is optimized with the Yoast SEO plugin v27.5 - https:\/\/yoast.com\/product\/yoast-seo-wordpress\/ -->\n<title>Argentina es campe\u00f3n del mundo y el Sur volvi\u00f3 a tener su representante - Sergio Lapegue<\/title>\n<meta name=\"description\" content=\"Nicol\u00e1s Tagliafico sum\u00f3 su nombre a la ilustre lista de vecinos campeones del Mundo, como Lavolpe en el 78 y &quot;El Negro&quot; Enrique en el 86.\" \/>\n<meta name=\"robots\" content=\"index, follow, max-snippet:-1, max-image-preview:large, max-video-preview:-1\" \/>\n<link rel=\"canonical\" href=\"https:\/\/sergiolapegue.com\/site\/2022\/12\/26\/argentina-es-campeon-del-mundo-y-el-sur-volvio-a-tener-su-representante\/\" \/>\n<meta property=\"og:locale\" content=\"es_ES\" \/>\n<meta property=\"og:type\" content=\"article\" \/>\n<meta property=\"og:title\" content=\"Argentina es campe\u00f3n del mundo y el Sur volvi\u00f3 a tener su representante - Sergio Lapegue\" \/>\n<meta property=\"og:description\" content=\"Nicol\u00e1s Tagliafico sum\u00f3 su nombre a la ilustre lista de vecinos campeones del Mundo, como Lavolpe en el 78 y &quot;El Negro&quot; Enrique en el 86.\" \/>\n<meta property=\"og:url\" content=\"https:\/\/sergiolapegue.com\/site\/2022\/12\/26\/argentina-es-campeon-del-mundo-y-el-sur-volvio-a-tener-su-representante\/\" \/>\n<meta property=\"og:site_name\" content=\"Sergio Lapegue\" \/>\n<meta property=\"article:publisher\" content=\"https:\/\/facebook.com\/sergiolapegue\" \/>\n<meta property=\"article:author\" content=\"https:\/\/facebook.com\/sergiolapegue\" \/>\n<meta property=\"article:published_time\" content=\"2022-12-26T14:37:26+00:00\" \/>\n<meta property=\"article:modified_time\" content=\"2022-12-26T14:37:27+00:00\" \/>\n<meta property=\"og:image\" content=\"https:\/\/sergiolapegue.com\/site\/wp-content\/uploads\/2022\/12\/1671892255442.jpg\" \/>\n\t<meta property=\"og:image:width\" content=\"1328\" \/>\n\t<meta property=\"og:image:height\" content=\"810\" \/>\n\t<meta property=\"og:image:type\" content=\"image\/jpeg\" \/>\n<meta name=\"author\" content=\"Sergio Lapegue\" \/>\n<meta name=\"twitter:card\" content=\"summary_large_image\" \/>\n<meta name=\"twitter:creator\" content=\"@https:\/\/twitter.com\/sergiolapegue\" \/>\n<meta name=\"twitter:site\" content=\"@sergiolapegue\" \/>\n<meta name=\"twitter:label1\" content=\"Escrito por\" \/>\n\t<meta name=\"twitter:data1\" content=\"Sergio Lapegue\" \/>\n\t<meta name=\"twitter:label2\" content=\"Tiempo de lectura\" \/>\n\t<meta name=\"twitter:data2\" content=\"3 minutos\" \/>\n<script type=\"application\/ld+json\" class=\"yoast-schema-graph\">{\"@context\":\"https:\\\/\\\/schema.org\",\"@graph\":[{\"@type\":\"Article\",\"@id\":\"https:\\\/\\\/sergiolapegue.com\\\/site\\\/2022\\\/12\\\/26\\\/argentina-es-campeon-del-mundo-y-el-sur-volvio-a-tener-su-representante\\\/#article\",\"isPartOf\":{\"@id\":\"https:\\\/\\\/sergiolapegue.com\\\/site\\\/2022\\\/12\\\/26\\\/argentina-es-campeon-del-mundo-y-el-sur-volvio-a-tener-su-representante\\\/\"},\"author\":{\"name\":\"Sergio Lapegue\",\"@id\":\"https:\\\/\\\/sergiolapegue.com\\\/site\\\/#\\\/schema\\\/person\\\/083aeceeb0734cd166779ea6c0551a37\"},\"headline\":\"Argentina es campe\u00f3n del mundo y el Sur volvi\u00f3 a tener su representante\",\"datePublished\":\"2022-12-26T14:37:26+00:00\",\"dateModified\":\"2022-12-26T14:37:27+00:00\",\"mainEntityOfPage\":{\"@id\":\"https:\\\/\\\/sergiolapegue.com\\\/site\\\/2022\\\/12\\\/26\\\/argentina-es-campeon-del-mundo-y-el-sur-volvio-a-tener-su-representante\\\/\"},\"wordCount\":543,\"publisher\":{\"@id\":\"https:\\\/\\\/sergiolapegue.com\\\/site\\\/#\\\/schema\\\/person\\\/083aeceeb0734cd166779ea6c0551a37\"},\"image\":{\"@id\":\"https:\\\/\\\/sergiolapegue.com\\\/site\\\/2022\\\/12\\\/26\\\/argentina-es-campeon-del-mundo-y-el-sur-volvio-a-tener-su-representante\\\/#primaryimage\"},\"thumbnailUrl\":\"https:\\\/\\\/sergiolapegue.com\\\/site\\\/wp-content\\\/uploads\\\/2022\\\/12\\\/1671892255442.jpg\",\"keywords\":[\"De Pu\u00f1o y Letra Lomas de Zamora\",\"Nicol\u00e1s Tagliafico\",\"Qatar 2022\",\"Selecci\u00f3n Argentina\"],\"articleSection\":[\"De Pu\u00f1o y Letra Lomas de Zamora\"],\"inLanguage\":\"es-AR\"},{\"@type\":\"WebPage\",\"@id\":\"https:\\\/\\\/sergiolapegue.com\\\/site\\\/2022\\\/12\\\/26\\\/argentina-es-campeon-del-mundo-y-el-sur-volvio-a-tener-su-representante\\\/\",\"url\":\"https:\\\/\\\/sergiolapegue.com\\\/site\\\/2022\\\/12\\\/26\\\/argentina-es-campeon-del-mundo-y-el-sur-volvio-a-tener-su-representante\\\/\",\"name\":\"Argentina es campe\u00f3n del mundo y el Sur volvi\u00f3 a tener su representante - Sergio Lapegue\",\"isPartOf\":{\"@id\":\"https:\\\/\\\/sergiolapegue.com\\\/site\\\/#website\"},\"primaryImageOfPage\":{\"@id\":\"https:\\\/\\\/sergiolapegue.com\\\/site\\\/2022\\\/12\\\/26\\\/argentina-es-campeon-del-mundo-y-el-sur-volvio-a-tener-su-representante\\\/#primaryimage\"},\"image\":{\"@id\":\"https:\\\/\\\/sergiolapegue.com\\\/site\\\/2022\\\/12\\\/26\\\/argentina-es-campeon-del-mundo-y-el-sur-volvio-a-tener-su-representante\\\/#primaryimage\"},\"thumbnailUrl\":\"https:\\\/\\\/sergiolapegue.com\\\/site\\\/wp-content\\\/uploads\\\/2022\\\/12\\\/1671892255442.jpg\",\"datePublished\":\"2022-12-26T14:37:26+00:00\",\"dateModified\":\"2022-12-26T14:37:27+00:00\",\"description\":\"Nicol\u00e1s Tagliafico sum\u00f3 su nombre a la ilustre lista de vecinos campeones del Mundo, como Lavolpe en el 78 y \\\"El Negro\\\" Enrique en el 86.\",\"breadcrumb\":{\"@id\":\"https:\\\/\\\/sergiolapegue.com\\\/site\\\/2022\\\/12\\\/26\\\/argentina-es-campeon-del-mundo-y-el-sur-volvio-a-tener-su-representante\\\/#breadcrumb\"},\"inLanguage\":\"es-AR\",\"potentialAction\":[{\"@type\":\"ReadAction\",\"target\":[\"https:\\\/\\\/sergiolapegue.com\\\/site\\\/2022\\\/12\\\/26\\\/argentina-es-campeon-del-mundo-y-el-sur-volvio-a-tener-su-representante\\\/\"]}]},{\"@type\":\"ImageObject\",\"inLanguage\":\"es-AR\",\"@id\":\"https:\\\/\\\/sergiolapegue.com\\\/site\\\/2022\\\/12\\\/26\\\/argentina-es-campeon-del-mundo-y-el-sur-volvio-a-tener-su-representante\\\/#primaryimage\",\"url\":\"https:\\\/\\\/sergiolapegue.com\\\/site\\\/wp-content\\\/uploads\\\/2022\\\/12\\\/1671892255442.jpg\",\"contentUrl\":\"https:\\\/\\\/sergiolapegue.com\\\/site\\\/wp-content\\\/uploads\\\/2022\\\/12\\\/1671892255442.jpg\",\"width\":1328,\"height\":810},{\"@type\":\"BreadcrumbList\",\"@id\":\"https:\\\/\\\/sergiolapegue.com\\\/site\\\/2022\\\/12\\\/26\\\/argentina-es-campeon-del-mundo-y-el-sur-volvio-a-tener-su-representante\\\/#breadcrumb\",\"itemListElement\":[{\"@type\":\"ListItem\",\"position\":1,\"name\":\"Inicio\",\"item\":\"https:\\\/\\\/sergiolapegue.com\\\/site\\\/\"},{\"@type\":\"ListItem\",\"position\":2,\"name\":\"Argentina es campe\u00f3n del mundo y el Sur volvi\u00f3 a tener su representante\"}]},{\"@type\":\"WebSite\",\"@id\":\"https:\\\/\\\/sergiolapegue.com\\\/site\\\/#website\",\"url\":\"https:\\\/\\\/sergiolapegue.com\\\/site\\\/\",\"name\":\"Sergio Lapegue\",\"description\":\"Periodista\",\"publisher\":{\"@id\":\"https:\\\/\\\/sergiolapegue.com\\\/site\\\/#\\\/schema\\\/person\\\/083aeceeb0734cd166779ea6c0551a37\"},\"potentialAction\":[{\"@type\":\"SearchAction\",\"target\":{\"@type\":\"EntryPoint\",\"urlTemplate\":\"https:\\\/\\\/sergiolapegue.com\\\/site\\\/?s={search_term_string}\"},\"query-input\":{\"@type\":\"PropertyValueSpecification\",\"valueRequired\":true,\"valueName\":\"search_term_string\"}}],\"inLanguage\":\"es-AR\"},{\"@type\":[\"Person\",\"Organization\"],\"@id\":\"https:\\\/\\\/sergiolapegue.com\\\/site\\\/#\\\/schema\\\/person\\\/083aeceeb0734cd166779ea6c0551a37\",\"name\":\"Sergio Lapegue\",\"image\":{\"@type\":\"ImageObject\",\"inLanguage\":\"es-AR\",\"@id\":\"https:\\\/\\\/sergiolapegue.com\\\/site\\\/wp-content\\\/uploads\\\/2021\\\/04\\\/logo_header-1.png\",\"url\":\"https:\\\/\\\/sergiolapegue.com\\\/site\\\/wp-content\\\/uploads\\\/2021\\\/04\\\/logo_header-1.png\",\"contentUrl\":\"https:\\\/\\\/sergiolapegue.com\\\/site\\\/wp-content\\\/uploads\\\/2021\\\/04\\\/logo_header-1.png\",\"width\":272,\"height\":90,\"caption\":\"Sergio Lapegue\"},\"logo\":{\"@id\":\"https:\\\/\\\/sergiolapegue.com\\\/site\\\/wp-content\\\/uploads\\\/2021\\\/04\\\/logo_header-1.png\"},\"sameAs\":[\"https:\\\/\\\/facebook.com\\\/sergiolapegue\",\"https:\\\/\\\/instagram.com\\\/sergiolapegue\",\"https:\\\/\\\/x.com\\\/https:\\\/\\\/twitter.com\\\/sergiolapegue\"],\"url\":\"https:\\\/\\\/sergiolapegue.com\\\/site\\\/author\\\/sergio\\\/\"}]}<\/script>\n<!-- \/ Yoast SEO plugin. -->","yoast_head_json":{"title":"Argentina es campe\u00f3n del mundo y el Sur volvi\u00f3 a tener su representante - Sergio Lapegue","description":"Nicol\u00e1s Tagliafico sum\u00f3 su nombre a la ilustre lista de vecinos campeones del Mundo, como Lavolpe en el 78 y \"El Negro\" Enrique en el 86.","robots":{"index":"index","follow":"follow","max-snippet":"max-snippet:-1","max-image-preview":"max-image-preview:large","max-video-preview":"max-video-preview:-1"},"canonical":"https:\/\/sergiolapegue.com\/site\/2022\/12\/26\/argentina-es-campeon-del-mundo-y-el-sur-volvio-a-tener-su-representante\/","og_locale":"es_ES","og_type":"article","og_title":"Argentina es campe\u00f3n del mundo y el Sur volvi\u00f3 a tener su representante - Sergio Lapegue","og_description":"Nicol\u00e1s Tagliafico sum\u00f3 su nombre a la ilustre lista de vecinos campeones del Mundo, como Lavolpe en el 78 y \"El Negro\" Enrique en el 86.","og_url":"https:\/\/sergiolapegue.com\/site\/2022\/12\/26\/argentina-es-campeon-del-mundo-y-el-sur-volvio-a-tener-su-representante\/","og_site_name":"Sergio Lapegue","article_publisher":"https:\/\/facebook.com\/sergiolapegue","article_author":"https:\/\/facebook.com\/sergiolapegue","article_published_time":"2022-12-26T14:37:26+00:00","article_modified_time":"2022-12-26T14:37:27+00:00","og_image":[{"width":1328,"height":810,"url":"https:\/\/sergiolapegue.com\/site\/wp-content\/uploads\/2022\/12\/1671892255442.jpg","type":"image\/jpeg"}],"author":"Sergio Lapegue","twitter_card":"summary_large_image","twitter_creator":"@https:\/\/twitter.com\/sergiolapegue","twitter_site":"@sergiolapegue","twitter_misc":{"Escrito por":"Sergio Lapegue","Tiempo de lectura":"3 minutos"},"schema":{"@context":"https:\/\/schema.org","@graph":[{"@type":"Article","@id":"https:\/\/sergiolapegue.com\/site\/2022\/12\/26\/argentina-es-campeon-del-mundo-y-el-sur-volvio-a-tener-su-representante\/#article","isPartOf":{"@id":"https:\/\/sergiolapegue.com\/site\/2022\/12\/26\/argentina-es-campeon-del-mundo-y-el-sur-volvio-a-tener-su-representante\/"},"author":{"name":"Sergio Lapegue","@id":"https:\/\/sergiolapegue.com\/site\/#\/schema\/person\/083aeceeb0734cd166779ea6c0551a37"},"headline":"Argentina es campe\u00f3n del mundo y el Sur volvi\u00f3 a tener su representante","datePublished":"2022-12-26T14:37:26+00:00","dateModified":"2022-12-26T14:37:27+00:00","mainEntityOfPage":{"@id":"https:\/\/sergiolapegue.com\/site\/2022\/12\/26\/argentina-es-campeon-del-mundo-y-el-sur-volvio-a-tener-su-representante\/"},"wordCount":543,"publisher":{"@id":"https:\/\/sergiolapegue.com\/site\/#\/schema\/person\/083aeceeb0734cd166779ea6c0551a37"},"image":{"@id":"https:\/\/sergiolapegue.com\/site\/2022\/12\/26\/argentina-es-campeon-del-mundo-y-el-sur-volvio-a-tener-su-representante\/#primaryimage"},"thumbnailUrl":"https:\/\/sergiolapegue.com\/site\/wp-content\/uploads\/2022\/12\/1671892255442.jpg","keywords":["De Pu\u00f1o y Letra Lomas de Zamora","Nicol\u00e1s Tagliafico","Qatar 2022","Selecci\u00f3n Argentina"],"articleSection":["De Pu\u00f1o y Letra Lomas de Zamora"],"inLanguage":"es-AR"},{"@type":"WebPage","@id":"https:\/\/sergiolapegue.com\/site\/2022\/12\/26\/argentina-es-campeon-del-mundo-y-el-sur-volvio-a-tener-su-representante\/","url":"https:\/\/sergiolapegue.com\/site\/2022\/12\/26\/argentina-es-campeon-del-mundo-y-el-sur-volvio-a-tener-su-representante\/","name":"Argentina es campe\u00f3n del mundo y el Sur volvi\u00f3 a tener su representante - Sergio Lapegue","isPartOf":{"@id":"https:\/\/sergiolapegue.com\/site\/#website"},"primaryImageOfPage":{"@id":"https:\/\/sergiolapegue.com\/site\/2022\/12\/26\/argentina-es-campeon-del-mundo-y-el-sur-volvio-a-tener-su-representante\/#primaryimage"},"image":{"@id":"https:\/\/sergiolapegue.com\/site\/2022\/12\/26\/argentina-es-campeon-del-mundo-y-el-sur-volvio-a-tener-su-representante\/#primaryimage"},"thumbnailUrl":"https:\/\/sergiolapegue.com\/site\/wp-content\/uploads\/2022\/12\/1671892255442.jpg","datePublished":"2022-12-26T14:37:26+00:00","dateModified":"2022-12-26T14:37:27+00:00","description":"Nicol\u00e1s Tagliafico sum\u00f3 su nombre a la ilustre lista de vecinos campeones del Mundo, como Lavolpe en el 78 y \"El Negro\" Enrique en el 86.","breadcrumb":{"@id":"https:\/\/sergiolapegue.com\/site\/2022\/12\/26\/argentina-es-campeon-del-mundo-y-el-sur-volvio-a-tener-su-representante\/#breadcrumb"},"inLanguage":"es-AR","potentialAction":[{"@type":"ReadAction","target":["https:\/\/sergiolapegue.com\/site\/2022\/12\/26\/argentina-es-campeon-del-mundo-y-el-sur-volvio-a-tener-su-representante\/"]}]},{"@type":"ImageObject","inLanguage":"es-AR","@id":"https:\/\/sergiolapegue.com\/site\/2022\/12\/26\/argentina-es-campeon-del-mundo-y-el-sur-volvio-a-tener-su-representante\/#primaryimage","url":"https:\/\/sergiolapegue.com\/site\/wp-content\/uploads\/2022\/12\/1671892255442.jpg","contentUrl":"https:\/\/sergiolapegue.com\/site\/wp-content\/uploads\/2022\/12\/1671892255442.jpg","width":1328,"height":810},{"@type":"BreadcrumbList","@id":"https:\/\/sergiolapegue.com\/site\/2022\/12\/26\/argentina-es-campeon-del-mundo-y-el-sur-volvio-a-tener-su-representante\/#breadcrumb","itemListElement":[{"@type":"ListItem","position":1,"name":"Inicio","item":"https:\/\/sergiolapegue.com\/site\/"},{"@type":"ListItem","position":2,"name":"Argentina es campe\u00f3n del mundo y el Sur volvi\u00f3 a tener su representante"}]},{"@type":"WebSite","@id":"https:\/\/sergiolapegue.com\/site\/#website","url":"https:\/\/sergiolapegue.com\/site\/","name":"Sergio Lapegue","description":"Periodista","publisher":{"@id":"https:\/\/sergiolapegue.com\/site\/#\/schema\/person\/083aeceeb0734cd166779ea6c0551a37"},"potentialAction":[{"@type":"SearchAction","target":{"@type":"EntryPoint","urlTemplate":"https:\/\/sergiolapegue.com\/site\/?s={search_term_string}"},"query-input":{"@type":"PropertyValueSpecification","valueRequired":true,"valueName":"search_term_string"}}],"inLanguage":"es-AR"},{"@type":["Person","Organization"],"@id":"https:\/\/sergiolapegue.com\/site\/#\/schema\/person\/083aeceeb0734cd166779ea6c0551a37","name":"Sergio Lapegue","image":{"@type":"ImageObject","inLanguage":"es-AR","@id":"https:\/\/sergiolapegue.com\/site\/wp-content\/uploads\/2021\/04\/logo_header-1.png","url":"https:\/\/sergiolapegue.com\/site\/wp-content\/uploads\/2021\/04\/logo_header-1.png","contentUrl":"https:\/\/sergiolapegue.com\/site\/wp-content\/uploads\/2021\/04\/logo_header-1.png","width":272,"height":90,"caption":"Sergio Lapegue"},"logo":{"@id":"https:\/\/sergiolapegue.com\/site\/wp-content\/uploads\/2021\/04\/logo_header-1.png"},"sameAs":["https:\/\/facebook.com\/sergiolapegue","https:\/\/instagram.com\/sergiolapegue","https:\/\/x.com\/https:\/\/twitter.com\/sergiolapegue"],"url":"https:\/\/sergiolapegue.com\/site\/author\/sergio\/"}]}},"_links":{"self":[{"href":"https:\/\/sergiolapegue.com\/site\/wp-json\/wp\/v2\/posts\/7254","targetHints":{"allow":["GET"]}}],"collection":[{"href":"https:\/\/sergiolapegue.com\/site\/wp-json\/wp\/v2\/posts"}],"about":[{"href":"https:\/\/sergiolapegue.com\/site\/wp-json\/wp\/v2\/types\/post"}],"author":[{"embeddable":true,"href":"https:\/\/sergiolapegue.com\/site\/wp-json\/wp\/v2\/users\/6"}],"replies":[{"embeddable":true,"href":"https:\/\/sergiolapegue.com\/site\/wp-json\/wp\/v2\/comments?post=7254"}],"version-history":[{"count":1,"href":"https:\/\/sergiolapegue.com\/site\/wp-json\/wp\/v2\/posts\/7254\/revisions"}],"predecessor-version":[{"id":7256,"href":"https:\/\/sergiolapegue.com\/site\/wp-json\/wp\/v2\/posts\/7254\/revisions\/7256"}],"wp:featuredmedia":[{"embeddable":true,"href":"https:\/\/sergiolapegue.com\/site\/wp-json\/wp\/v2\/media\/7255"}],"wp:attachment":[{"href":"https:\/\/sergiolapegue.com\/site\/wp-json\/wp\/v2\/media?parent=7254"}],"wp:term":[{"taxonomy":"category","embeddable":true,"href":"https:\/\/sergiolapegue.com\/site\/wp-json\/wp\/v2\/categories?post=7254"},{"taxonomy":"post_tag","embeddable":true,"href":"https:\/\/sergiolapegue.com\/site\/wp-json\/wp\/v2\/tags?post=7254"}],"curies":[{"name":"wp","href":"https:\/\/api.w.org\/{rel}","templated":true}]}}