{"id":6992,"date":"2022-11-28T12:31:21","date_gmt":"2022-11-28T15:31:21","guid":{"rendered":"https:\/\/sergiolapegue.com\/site\/?p=6992"},"modified":"2022-11-28T12:31:22","modified_gmt":"2022-11-28T15:31:22","slug":"la-historia-del-lomense-y-dirigente-de-la-afa-que-creo-el-nacional-b","status":"publish","type":"post","link":"https:\/\/sergiolapegue.com\/site\/2022\/11\/28\/la-historia-del-lomense-y-dirigente-de-la-afa-que-creo-el-nacional-b\/","title":{"rendered":"La historia del lomense y dirigente de la AFA que cre\u00f3 el Nacional B"},"content":{"rendered":"\n<p>\u00a1Hola de nuevo, queridos amigos de La Uni\u00f3n! Mientras sufrimos por la Selecci\u00f3n Argentina en el&nbsp;<strong>Mundial de Qatar<\/strong>, les comparto una historia futbolera relacionada, como siempre, a nuestro querido barrio de<strong>&nbsp;Lomas de Zamora.<\/strong>&nbsp;&nbsp;<\/p>\n\n\n\n<p>M\u00e1s all\u00e1 de que en los \u00faltimos a\u00f1os, en gran parte gracias a la Copa Am\u00e9rica ganada en Brasil, la imagen de la\u00a0<strong>Asociaci\u00f3n del F\u00fatbol Argentino (AFA)<\/strong>\u00a0mejor\u00f3 bastante, lo cierto es que los problemas dirigenciales que afectan a la<strong>\u00a0AFA<\/strong>\u00a0desde hace d\u00e9cadas terminan repercutiendo en una falta de identidad futbol\u00edstica.\u00a0\u00a0<\/p>\n\n\n\n<p>Y si bien la celeste y blanca tiene una gloriosa historia sobre el verde c\u00e9sped, los inconvenientes fuera de la cancha no son algo nuevo. Hay un vecino de&nbsp;<strong>Lomas de Zamora<\/strong>&nbsp;que pod\u00eda dar fe de ello. Les hablo de Valent\u00edn Su\u00e1rez, hist\u00f3rico dirigente del&nbsp;<strong>Club Banfield<\/strong>&nbsp;que dej\u00f3 una huella imborrable en su paso por el m\u00e1ximo ente del f\u00fatbol argentino y quien hoy protagoniza nuestra columna.&nbsp;&nbsp;<\/p>\n\n\n\n<p>Don Valent\u00edn se inici\u00f3 en la administraci\u00f3n p\u00fablica como colaborador de Eva Per\u00f3n en 1946, en la Secretar\u00eda de Trabajo y Previsi\u00f3n. Tambi\u00e9n hizo carrera pol\u00edtica como colaborador de Evita en su Fundaci\u00f3n, entre 1949 y 1951. Pero su verdadera marca la iba a dejar en el f\u00fatbol: tambi\u00e9n en 1949, Su\u00e1rez fue designado por el gobierno para manejarlos hilos de la AFA y resolver el conflicto que manten\u00edan jugadores y dirigentes tras la huelga de futbolistas de 1948.<\/p>\n\n\n\n<p>Mantuvo ese cargo hasta 1953, aunque a\u00f1os m\u00e1s tarde volvi\u00f3 a ocupar el sill\u00f3n que hoy le pertenece a<strong>&nbsp;Claudio Chiqui Tapia<\/strong>. Fue en 1966, cuando el presidente de facto&nbsp;<strong>Juan Carlos Ongan\u00eda&nbsp;<\/strong>lo convoc\u00f3 para encargarle la intervenci\u00f3n de la AFA. Su\u00e1rez, entonces, propuso desdoblar los campeonatos y darles m\u00e1s participaci\u00f3n a los clubes del interior del pa\u00eds. A ra\u00edz de aquella decisi\u00f3n fue que se empezaron a jugar los torneos Metropolitano y Nacional en cada temporada. Ese formato hist\u00f3rico se respet\u00f3 desde 1967 hasta mediados de los 80.&nbsp;&nbsp;<\/p>\n\n\n\n<p>Otro de los grandes proyectos de Valent\u00edn a la cabeza de la AFA fue el Nacional B. S\u00ed: pese a que la creencia es que el torneo de ascenso con equipos de todo el pa\u00eds sali\u00f3 de la cabeza de Grondona, su mentor fue en realidad nuestro vecino.&nbsp;<\/p>\n\n\n\n<p>En su querido Taladro tuvo cinco per\u00edodos de conducci\u00f3n, siempre exitosos: 1960-1962, 1966-1968, 1972-1974, 1984-1985 y 1991-1993. En su \u00faltima gesti\u00f3n llev\u00f3 al club verde y blanco a Primera Divisi\u00f3n, tras ganar el torneo de ascenso en el 93. Se\u00f1al del destino,<strong>\u00a0Don Valent\u00edn muri\u00f3 el 28 de octubre de ese mismo a\u00f1o, apenas unos meses despu\u00e9s de haber completado su \u00faltima y mejor obra. Dejar a Banfield en &#8220;la A&#8221; pareci\u00f3 ser su \u00faltimo legado.\u00a0<\/strong>Hoy, en el estadio de Pe\u00f1a y Arenales, que siempre que puedo visito, la tribuna superior que da sobre la calle Gallo lleva el nombre Valent\u00edn Su\u00e1rez a modo de homenaje. \u00a1M\u00e1s que merecido!<\/p>\n\n\n\n<p><strong><em><a href=\"https:\/\/launion.com.ar\/nota\/23927\/2022\/11\/la-historia-del-lomense-y-dirigente-de-la-afa-que-creo-el-nacional-b\" target=\"_blank\" rel=\"noreferrer noopener\">Columna publicada en el diario La Uni\u00f3n de Lomas de Zamora.-<\/a><\/em><\/strong><\/p>\n","protected":false},"excerpt":{"rendered":"<p>\u00a1Hola de nuevo, queridos amigos de La Uni\u00f3n! Mientras sufrimos por la Selecci\u00f3n Argentina en el&nbsp;Mundial de Qatar, les comparto una historia futbolera relacionada, como siempre, a nuestro querido barrio de&nbsp;Lomas de Zamora.&nbsp;&nbsp; M\u00e1s all\u00e1 de que en los \u00faltimos a\u00f1os, en gran parte gracias a la Copa Am\u00e9rica ganada en Brasil, la imagen de [&hellip;]<\/p>\n","protected":false},"author":6,"featured_media":6993,"comment_status":"closed","ping_status":"closed","sticky":false,"template":"","format":"standard","meta":{"footnotes":""},"categories":[1276],"tags":[1989,1557,1323,379,1990],"class_list":{"0":"post-6992","1":"post","2":"type-post","3":"status-publish","4":"format-standard","5":"has-post-thumbnail","7":"category-de-puno-y-letra-lomas-de-zamora","8":"tag-banfield","9":"tag-de-puno-y-letra-lomas-de-zamora","10":"tag-la-union","11":"tag-sergio-lapegue-2","12":"tag-valentin-suarez"},"yoast_head":"<!-- This site is optimized with the Yoast SEO plugin v27.5 - https:\/\/yoast.com\/product\/yoast-seo-wordpress\/ -->\n<title>La historia del lomense y dirigente de la AFA que cre\u00f3 el Nacional B - Sergio Lapegue<\/title>\n<meta name=\"description\" content=\"Valent\u00edn Su\u00e1rez fue un emblem\u00e1tico dirigente de Banfield que dej\u00f3 una huella imborrable en su paso por el m\u00e1ximo ente del f\u00fatbol argentino.\" \/>\n<meta name=\"robots\" content=\"index, follow, max-snippet:-1, max-image-preview:large, max-video-preview:-1\" \/>\n<link rel=\"canonical\" href=\"https:\/\/sergiolapegue.com\/site\/2022\/11\/28\/la-historia-del-lomense-y-dirigente-de-la-afa-que-creo-el-nacional-b\/\" \/>\n<meta property=\"og:locale\" content=\"es_ES\" \/>\n<meta property=\"og:type\" content=\"article\" \/>\n<meta property=\"og:title\" content=\"La historia del lomense y dirigente de la AFA que cre\u00f3 el Nacional B - Sergio Lapegue\" \/>\n<meta property=\"og:description\" content=\"Valent\u00edn Su\u00e1rez fue un emblem\u00e1tico dirigente de Banfield que dej\u00f3 una huella imborrable en su paso por el m\u00e1ximo ente del f\u00fatbol argentino.\" \/>\n<meta property=\"og:url\" content=\"https:\/\/sergiolapegue.com\/site\/2022\/11\/28\/la-historia-del-lomense-y-dirigente-de-la-afa-que-creo-el-nacional-b\/\" \/>\n<meta property=\"og:site_name\" content=\"Sergio Lapegue\" \/>\n<meta property=\"article:publisher\" content=\"https:\/\/facebook.com\/sergiolapegue\" \/>\n<meta property=\"article:author\" content=\"https:\/\/facebook.com\/sergiolapegue\" \/>\n<meta property=\"article:published_time\" content=\"2022-11-28T15:31:21+00:00\" \/>\n<meta property=\"article:modified_time\" content=\"2022-11-28T15:31:22+00:00\" \/>\n<meta property=\"og:image\" content=\"https:\/\/sergiolapegue.com\/site\/wp-content\/uploads\/2022\/11\/158269.jpg\" \/>\n\t<meta property=\"og:image:width\" content=\"1000\" \/>\n\t<meta property=\"og:image:height\" content=\"525\" \/>\n\t<meta property=\"og:image:type\" content=\"image\/jpeg\" \/>\n<meta name=\"author\" content=\"Sergio Lapegue\" \/>\n<meta name=\"twitter:card\" content=\"summary_large_image\" \/>\n<meta name=\"twitter:creator\" content=\"@https:\/\/twitter.com\/sergiolapegue\" \/>\n<meta name=\"twitter:site\" content=\"@sergiolapegue\" \/>\n<meta name=\"twitter:label1\" content=\"Escrito por\" \/>\n\t<meta name=\"twitter:data1\" content=\"Sergio Lapegue\" \/>\n\t<meta name=\"twitter:label2\" content=\"Tiempo de lectura\" \/>\n\t<meta name=\"twitter:data2\" content=\"3 minutos\" \/>\n<script type=\"application\/ld+json\" class=\"yoast-schema-graph\">{\"@context\":\"https:\\\/\\\/schema.org\",\"@graph\":[{\"@type\":\"Article\",\"@id\":\"https:\\\/\\\/sergiolapegue.com\\\/site\\\/2022\\\/11\\\/28\\\/la-historia-del-lomense-y-dirigente-de-la-afa-que-creo-el-nacional-b\\\/#article\",\"isPartOf\":{\"@id\":\"https:\\\/\\\/sergiolapegue.com\\\/site\\\/2022\\\/11\\\/28\\\/la-historia-del-lomense-y-dirigente-de-la-afa-que-creo-el-nacional-b\\\/\"},\"author\":{\"name\":\"Sergio Lapegue\",\"@id\":\"https:\\\/\\\/sergiolapegue.com\\\/site\\\/#\\\/schema\\\/person\\\/083aeceeb0734cd166779ea6c0551a37\"},\"headline\":\"La historia del lomense y dirigente de la AFA que cre\u00f3 el Nacional B\",\"datePublished\":\"2022-11-28T15:31:21+00:00\",\"dateModified\":\"2022-11-28T15:31:22+00:00\",\"mainEntityOfPage\":{\"@id\":\"https:\\\/\\\/sergiolapegue.com\\\/site\\\/2022\\\/11\\\/28\\\/la-historia-del-lomense-y-dirigente-de-la-afa-que-creo-el-nacional-b\\\/\"},\"wordCount\":570,\"publisher\":{\"@id\":\"https:\\\/\\\/sergiolapegue.com\\\/site\\\/#\\\/schema\\\/person\\\/083aeceeb0734cd166779ea6c0551a37\"},\"image\":{\"@id\":\"https:\\\/\\\/sergiolapegue.com\\\/site\\\/2022\\\/11\\\/28\\\/la-historia-del-lomense-y-dirigente-de-la-afa-que-creo-el-nacional-b\\\/#primaryimage\"},\"thumbnailUrl\":\"https:\\\/\\\/sergiolapegue.com\\\/site\\\/wp-content\\\/uploads\\\/2022\\\/11\\\/158269.jpg\",\"keywords\":[\"Banfield\",\"De Pu\u00f1o y Letra Lomas de Zamora\",\"La Uni\u00f3n\",\"Sergio Lapeg\u00fce\",\"Valent\u00edn Su\u00e1rez\"],\"articleSection\":[\"De Pu\u00f1o y Letra Lomas de Zamora\"],\"inLanguage\":\"es-AR\"},{\"@type\":\"WebPage\",\"@id\":\"https:\\\/\\\/sergiolapegue.com\\\/site\\\/2022\\\/11\\\/28\\\/la-historia-del-lomense-y-dirigente-de-la-afa-que-creo-el-nacional-b\\\/\",\"url\":\"https:\\\/\\\/sergiolapegue.com\\\/site\\\/2022\\\/11\\\/28\\\/la-historia-del-lomense-y-dirigente-de-la-afa-que-creo-el-nacional-b\\\/\",\"name\":\"La historia del lomense y dirigente de la AFA que cre\u00f3 el Nacional B - Sergio Lapegue\",\"isPartOf\":{\"@id\":\"https:\\\/\\\/sergiolapegue.com\\\/site\\\/#website\"},\"primaryImageOfPage\":{\"@id\":\"https:\\\/\\\/sergiolapegue.com\\\/site\\\/2022\\\/11\\\/28\\\/la-historia-del-lomense-y-dirigente-de-la-afa-que-creo-el-nacional-b\\\/#primaryimage\"},\"image\":{\"@id\":\"https:\\\/\\\/sergiolapegue.com\\\/site\\\/2022\\\/11\\\/28\\\/la-historia-del-lomense-y-dirigente-de-la-afa-que-creo-el-nacional-b\\\/#primaryimage\"},\"thumbnailUrl\":\"https:\\\/\\\/sergiolapegue.com\\\/site\\\/wp-content\\\/uploads\\\/2022\\\/11\\\/158269.jpg\",\"datePublished\":\"2022-11-28T15:31:21+00:00\",\"dateModified\":\"2022-11-28T15:31:22+00:00\",\"description\":\"Valent\u00edn Su\u00e1rez fue un emblem\u00e1tico dirigente de Banfield que dej\u00f3 una huella imborrable en su paso por el m\u00e1ximo ente del f\u00fatbol argentino.\",\"breadcrumb\":{\"@id\":\"https:\\\/\\\/sergiolapegue.com\\\/site\\\/2022\\\/11\\\/28\\\/la-historia-del-lomense-y-dirigente-de-la-afa-que-creo-el-nacional-b\\\/#breadcrumb\"},\"inLanguage\":\"es-AR\",\"potentialAction\":[{\"@type\":\"ReadAction\",\"target\":[\"https:\\\/\\\/sergiolapegue.com\\\/site\\\/2022\\\/11\\\/28\\\/la-historia-del-lomense-y-dirigente-de-la-afa-que-creo-el-nacional-b\\\/\"]}]},{\"@type\":\"ImageObject\",\"inLanguage\":\"es-AR\",\"@id\":\"https:\\\/\\\/sergiolapegue.com\\\/site\\\/2022\\\/11\\\/28\\\/la-historia-del-lomense-y-dirigente-de-la-afa-que-creo-el-nacional-b\\\/#primaryimage\",\"url\":\"https:\\\/\\\/sergiolapegue.com\\\/site\\\/wp-content\\\/uploads\\\/2022\\\/11\\\/158269.jpg\",\"contentUrl\":\"https:\\\/\\\/sergiolapegue.com\\\/site\\\/wp-content\\\/uploads\\\/2022\\\/11\\\/158269.jpg\",\"width\":1000,\"height\":525},{\"@type\":\"BreadcrumbList\",\"@id\":\"https:\\\/\\\/sergiolapegue.com\\\/site\\\/2022\\\/11\\\/28\\\/la-historia-del-lomense-y-dirigente-de-la-afa-que-creo-el-nacional-b\\\/#breadcrumb\",\"itemListElement\":[{\"@type\":\"ListItem\",\"position\":1,\"name\":\"Inicio\",\"item\":\"https:\\\/\\\/sergiolapegue.com\\\/site\\\/\"},{\"@type\":\"ListItem\",\"position\":2,\"name\":\"La historia del lomense y dirigente de la AFA que cre\u00f3 el Nacional B\"}]},{\"@type\":\"WebSite\",\"@id\":\"https:\\\/\\\/sergiolapegue.com\\\/site\\\/#website\",\"url\":\"https:\\\/\\\/sergiolapegue.com\\\/site\\\/\",\"name\":\"Sergio Lapegue\",\"description\":\"Periodista\",\"publisher\":{\"@id\":\"https:\\\/\\\/sergiolapegue.com\\\/site\\\/#\\\/schema\\\/person\\\/083aeceeb0734cd166779ea6c0551a37\"},\"potentialAction\":[{\"@type\":\"SearchAction\",\"target\":{\"@type\":\"EntryPoint\",\"urlTemplate\":\"https:\\\/\\\/sergiolapegue.com\\\/site\\\/?s={search_term_string}\"},\"query-input\":{\"@type\":\"PropertyValueSpecification\",\"valueRequired\":true,\"valueName\":\"search_term_string\"}}],\"inLanguage\":\"es-AR\"},{\"@type\":[\"Person\",\"Organization\"],\"@id\":\"https:\\\/\\\/sergiolapegue.com\\\/site\\\/#\\\/schema\\\/person\\\/083aeceeb0734cd166779ea6c0551a37\",\"name\":\"Sergio Lapegue\",\"image\":{\"@type\":\"ImageObject\",\"inLanguage\":\"es-AR\",\"@id\":\"https:\\\/\\\/sergiolapegue.com\\\/site\\\/wp-content\\\/uploads\\\/2021\\\/04\\\/logo_header-1.png\",\"url\":\"https:\\\/\\\/sergiolapegue.com\\\/site\\\/wp-content\\\/uploads\\\/2021\\\/04\\\/logo_header-1.png\",\"contentUrl\":\"https:\\\/\\\/sergiolapegue.com\\\/site\\\/wp-content\\\/uploads\\\/2021\\\/04\\\/logo_header-1.png\",\"width\":272,\"height\":90,\"caption\":\"Sergio Lapegue\"},\"logo\":{\"@id\":\"https:\\\/\\\/sergiolapegue.com\\\/site\\\/wp-content\\\/uploads\\\/2021\\\/04\\\/logo_header-1.png\"},\"sameAs\":[\"https:\\\/\\\/facebook.com\\\/sergiolapegue\",\"https:\\\/\\\/instagram.com\\\/sergiolapegue\",\"https:\\\/\\\/x.com\\\/https:\\\/\\\/twitter.com\\\/sergiolapegue\"],\"url\":\"https:\\\/\\\/sergiolapegue.com\\\/site\\\/author\\\/sergio\\\/\"}]}<\/script>\n<!-- \/ Yoast SEO plugin. -->","yoast_head_json":{"title":"La historia del lomense y dirigente de la AFA que cre\u00f3 el Nacional B - Sergio Lapegue","description":"Valent\u00edn Su\u00e1rez fue un emblem\u00e1tico dirigente de Banfield que dej\u00f3 una huella imborrable en su paso por el m\u00e1ximo ente del f\u00fatbol argentino.","robots":{"index":"index","follow":"follow","max-snippet":"max-snippet:-1","max-image-preview":"max-image-preview:large","max-video-preview":"max-video-preview:-1"},"canonical":"https:\/\/sergiolapegue.com\/site\/2022\/11\/28\/la-historia-del-lomense-y-dirigente-de-la-afa-que-creo-el-nacional-b\/","og_locale":"es_ES","og_type":"article","og_title":"La historia del lomense y dirigente de la AFA que cre\u00f3 el Nacional B - Sergio Lapegue","og_description":"Valent\u00edn Su\u00e1rez fue un emblem\u00e1tico dirigente de Banfield que dej\u00f3 una huella imborrable en su paso por el m\u00e1ximo ente del f\u00fatbol argentino.","og_url":"https:\/\/sergiolapegue.com\/site\/2022\/11\/28\/la-historia-del-lomense-y-dirigente-de-la-afa-que-creo-el-nacional-b\/","og_site_name":"Sergio Lapegue","article_publisher":"https:\/\/facebook.com\/sergiolapegue","article_author":"https:\/\/facebook.com\/sergiolapegue","article_published_time":"2022-11-28T15:31:21+00:00","article_modified_time":"2022-11-28T15:31:22+00:00","og_image":[{"width":1000,"height":525,"url":"https:\/\/sergiolapegue.com\/site\/wp-content\/uploads\/2022\/11\/158269.jpg","type":"image\/jpeg"}],"author":"Sergio Lapegue","twitter_card":"summary_large_image","twitter_creator":"@https:\/\/twitter.com\/sergiolapegue","twitter_site":"@sergiolapegue","twitter_misc":{"Escrito por":"Sergio Lapegue","Tiempo de lectura":"3 minutos"},"schema":{"@context":"https:\/\/schema.org","@graph":[{"@type":"Article","@id":"https:\/\/sergiolapegue.com\/site\/2022\/11\/28\/la-historia-del-lomense-y-dirigente-de-la-afa-que-creo-el-nacional-b\/#article","isPartOf":{"@id":"https:\/\/sergiolapegue.com\/site\/2022\/11\/28\/la-historia-del-lomense-y-dirigente-de-la-afa-que-creo-el-nacional-b\/"},"author":{"name":"Sergio Lapegue","@id":"https:\/\/sergiolapegue.com\/site\/#\/schema\/person\/083aeceeb0734cd166779ea6c0551a37"},"headline":"La historia del lomense y dirigente de la AFA que cre\u00f3 el Nacional B","datePublished":"2022-11-28T15:31:21+00:00","dateModified":"2022-11-28T15:31:22+00:00","mainEntityOfPage":{"@id":"https:\/\/sergiolapegue.com\/site\/2022\/11\/28\/la-historia-del-lomense-y-dirigente-de-la-afa-que-creo-el-nacional-b\/"},"wordCount":570,"publisher":{"@id":"https:\/\/sergiolapegue.com\/site\/#\/schema\/person\/083aeceeb0734cd166779ea6c0551a37"},"image":{"@id":"https:\/\/sergiolapegue.com\/site\/2022\/11\/28\/la-historia-del-lomense-y-dirigente-de-la-afa-que-creo-el-nacional-b\/#primaryimage"},"thumbnailUrl":"https:\/\/sergiolapegue.com\/site\/wp-content\/uploads\/2022\/11\/158269.jpg","keywords":["Banfield","De Pu\u00f1o y Letra Lomas de Zamora","La Uni\u00f3n","Sergio Lapeg\u00fce","Valent\u00edn Su\u00e1rez"],"articleSection":["De Pu\u00f1o y Letra Lomas de Zamora"],"inLanguage":"es-AR"},{"@type":"WebPage","@id":"https:\/\/sergiolapegue.com\/site\/2022\/11\/28\/la-historia-del-lomense-y-dirigente-de-la-afa-que-creo-el-nacional-b\/","url":"https:\/\/sergiolapegue.com\/site\/2022\/11\/28\/la-historia-del-lomense-y-dirigente-de-la-afa-que-creo-el-nacional-b\/","name":"La historia del lomense y dirigente de la AFA que cre\u00f3 el Nacional B - Sergio Lapegue","isPartOf":{"@id":"https:\/\/sergiolapegue.com\/site\/#website"},"primaryImageOfPage":{"@id":"https:\/\/sergiolapegue.com\/site\/2022\/11\/28\/la-historia-del-lomense-y-dirigente-de-la-afa-que-creo-el-nacional-b\/#primaryimage"},"image":{"@id":"https:\/\/sergiolapegue.com\/site\/2022\/11\/28\/la-historia-del-lomense-y-dirigente-de-la-afa-que-creo-el-nacional-b\/#primaryimage"},"thumbnailUrl":"https:\/\/sergiolapegue.com\/site\/wp-content\/uploads\/2022\/11\/158269.jpg","datePublished":"2022-11-28T15:31:21+00:00","dateModified":"2022-11-28T15:31:22+00:00","description":"Valent\u00edn Su\u00e1rez fue un emblem\u00e1tico dirigente de Banfield que dej\u00f3 una huella imborrable en su paso por el m\u00e1ximo ente del f\u00fatbol argentino.","breadcrumb":{"@id":"https:\/\/sergiolapegue.com\/site\/2022\/11\/28\/la-historia-del-lomense-y-dirigente-de-la-afa-que-creo-el-nacional-b\/#breadcrumb"},"inLanguage":"es-AR","potentialAction":[{"@type":"ReadAction","target":["https:\/\/sergiolapegue.com\/site\/2022\/11\/28\/la-historia-del-lomense-y-dirigente-de-la-afa-que-creo-el-nacional-b\/"]}]},{"@type":"ImageObject","inLanguage":"es-AR","@id":"https:\/\/sergiolapegue.com\/site\/2022\/11\/28\/la-historia-del-lomense-y-dirigente-de-la-afa-que-creo-el-nacional-b\/#primaryimage","url":"https:\/\/sergiolapegue.com\/site\/wp-content\/uploads\/2022\/11\/158269.jpg","contentUrl":"https:\/\/sergiolapegue.com\/site\/wp-content\/uploads\/2022\/11\/158269.jpg","width":1000,"height":525},{"@type":"BreadcrumbList","@id":"https:\/\/sergiolapegue.com\/site\/2022\/11\/28\/la-historia-del-lomense-y-dirigente-de-la-afa-que-creo-el-nacional-b\/#breadcrumb","itemListElement":[{"@type":"ListItem","position":1,"name":"Inicio","item":"https:\/\/sergiolapegue.com\/site\/"},{"@type":"ListItem","position":2,"name":"La historia del lomense y dirigente de la AFA que cre\u00f3 el Nacional B"}]},{"@type":"WebSite","@id":"https:\/\/sergiolapegue.com\/site\/#website","url":"https:\/\/sergiolapegue.com\/site\/","name":"Sergio Lapegue","description":"Periodista","publisher":{"@id":"https:\/\/sergiolapegue.com\/site\/#\/schema\/person\/083aeceeb0734cd166779ea6c0551a37"},"potentialAction":[{"@type":"SearchAction","target":{"@type":"EntryPoint","urlTemplate":"https:\/\/sergiolapegue.com\/site\/?s={search_term_string}"},"query-input":{"@type":"PropertyValueSpecification","valueRequired":true,"valueName":"search_term_string"}}],"inLanguage":"es-AR"},{"@type":["Person","Organization"],"@id":"https:\/\/sergiolapegue.com\/site\/#\/schema\/person\/083aeceeb0734cd166779ea6c0551a37","name":"Sergio Lapegue","image":{"@type":"ImageObject","inLanguage":"es-AR","@id":"https:\/\/sergiolapegue.com\/site\/wp-content\/uploads\/2021\/04\/logo_header-1.png","url":"https:\/\/sergiolapegue.com\/site\/wp-content\/uploads\/2021\/04\/logo_header-1.png","contentUrl":"https:\/\/sergiolapegue.com\/site\/wp-content\/uploads\/2021\/04\/logo_header-1.png","width":272,"height":90,"caption":"Sergio Lapegue"},"logo":{"@id":"https:\/\/sergiolapegue.com\/site\/wp-content\/uploads\/2021\/04\/logo_header-1.png"},"sameAs":["https:\/\/facebook.com\/sergiolapegue","https:\/\/instagram.com\/sergiolapegue","https:\/\/x.com\/https:\/\/twitter.com\/sergiolapegue"],"url":"https:\/\/sergiolapegue.com\/site\/author\/sergio\/"}]}},"_links":{"self":[{"href":"https:\/\/sergiolapegue.com\/site\/wp-json\/wp\/v2\/posts\/6992","targetHints":{"allow":["GET"]}}],"collection":[{"href":"https:\/\/sergiolapegue.com\/site\/wp-json\/wp\/v2\/posts"}],"about":[{"href":"https:\/\/sergiolapegue.com\/site\/wp-json\/wp\/v2\/types\/post"}],"author":[{"embeddable":true,"href":"https:\/\/sergiolapegue.com\/site\/wp-json\/wp\/v2\/users\/6"}],"replies":[{"embeddable":true,"href":"https:\/\/sergiolapegue.com\/site\/wp-json\/wp\/v2\/comments?post=6992"}],"version-history":[{"count":1,"href":"https:\/\/sergiolapegue.com\/site\/wp-json\/wp\/v2\/posts\/6992\/revisions"}],"predecessor-version":[{"id":6994,"href":"https:\/\/sergiolapegue.com\/site\/wp-json\/wp\/v2\/posts\/6992\/revisions\/6994"}],"wp:featuredmedia":[{"embeddable":true,"href":"https:\/\/sergiolapegue.com\/site\/wp-json\/wp\/v2\/media\/6993"}],"wp:attachment":[{"href":"https:\/\/sergiolapegue.com\/site\/wp-json\/wp\/v2\/media?parent=6992"}],"wp:term":[{"taxonomy":"category","embeddable":true,"href":"https:\/\/sergiolapegue.com\/site\/wp-json\/wp\/v2\/categories?post=6992"},{"taxonomy":"post_tag","embeddable":true,"href":"https:\/\/sergiolapegue.com\/site\/wp-json\/wp\/v2\/tags?post=6992"}],"curies":[{"name":"wp","href":"https:\/\/api.w.org\/{rel}","templated":true}]}}