{"id":399,"date":"2021-04-22T15:14:29","date_gmt":"2021-04-22T18:14:29","guid":{"rendered":"https:\/\/sergiolapegue.com\/site\/?p=399"},"modified":"2021-04-22T15:59:06","modified_gmt":"2021-04-22T18:59:06","slug":"sergio-lapegue-presento-su-libro-en-el-cabildo-historico-de-salta","status":"publish","type":"post","link":"https:\/\/sergiolapegue.com\/site\/2021\/04\/22\/sergio-lapegue-presento-su-libro-en-el-cabildo-historico-de-salta\/","title":{"rendered":"Sergio Lapeg\u00fce presento su libro en el Cabildo Hist\u00f3rico de Salta"},"content":{"rendered":"\n<p>Medio: Diario Clar\u00edn -Sociedad &#8211; Fecha: Octubre\/2011<\/p>\n","protected":false},"excerpt":{"rendered":"<p>Medio: Diario Clar\u00edn -Sociedad &#8211; Fecha: Octubre\/2011<\/p>\n","protected":false},"author":1,"featured_media":400,"comment_status":"closed","ping_status":"closed","sticky":false,"template":"","format":"standard","meta":{"footnotes":""},"categories":[43],"tags":[],"class_list":{"0":"post-399","1":"post","2":"type-post","3":"status-publish","4":"format-standard","5":"has-post-thumbnail","7":"category-prensa"},"yoast_head":"<!-- This site is optimized with the Yoast SEO plugin v27.5 - https:\/\/yoast.com\/product\/yoast-seo-wordpress\/ -->\n<title>Sergio Lapeg\u00fce presento su libro en el Cabildo Hist\u00f3rico de Salta - Sergio Lapegue<\/title>\n<meta name=\"robots\" content=\"index, follow, max-snippet:-1, max-image-preview:large, max-video-preview:-1\" \/>\n<link rel=\"canonical\" href=\"https:\/\/sergiolapegue.com\/site\/2021\/04\/22\/sergio-lapegue-presento-su-libro-en-el-cabildo-historico-de-salta\/\" \/>\n<meta property=\"og:locale\" content=\"es_ES\" \/>\n<meta property=\"og:type\" content=\"article\" \/>\n<meta property=\"og:title\" content=\"Sergio Lapeg\u00fce presento su libro en el Cabildo Hist\u00f3rico de Salta - Sergio Lapegue\" \/>\n<meta property=\"og:description\" content=\"Medio: Diario Clar\u00edn -Sociedad &#8211; Fecha: Octubre\/2011\" \/>\n<meta property=\"og:url\" content=\"https:\/\/sergiolapegue.com\/site\/2021\/04\/22\/sergio-lapegue-presento-su-libro-en-el-cabildo-historico-de-salta\/\" \/>\n<meta property=\"og:site_name\" content=\"Sergio Lapegue\" \/>\n<meta property=\"article:publisher\" content=\"https:\/\/facebook.com\/sergiolapegue\" \/>\n<meta property=\"article:published_time\" content=\"2021-04-22T18:14:29+00:00\" \/>\n<meta property=\"article:modified_time\" content=\"2021-04-22T18:59:06+00:00\" \/>\n<meta property=\"og:image\" content=\"https:\/\/sergiolapegue.com\/site\/wp-content\/uploads\/2021\/04\/clarin_sociedad_octubre_2011.jpg\" \/>\n\t<meta property=\"og:image:width\" content=\"1200\" \/>\n\t<meta property=\"og:image:height\" content=\"825\" \/>\n\t<meta property=\"og:image:type\" content=\"image\/jpeg\" \/>\n<meta name=\"author\" content=\"LapeGestion\" \/>\n<meta name=\"twitter:card\" content=\"summary_large_image\" \/>\n<meta name=\"twitter:site\" content=\"@sergiolapegue\" \/>\n<meta name=\"twitter:label1\" content=\"Escrito por\" \/>\n\t<meta name=\"twitter:data1\" content=\"LapeGestion\" \/>\n<script type=\"application\/ld+json\" class=\"yoast-schema-graph\">{\"@context\":\"https:\\\/\\\/schema.org\",\"@graph\":[{\"@type\":\"Article\",\"@id\":\"https:\\\/\\\/sergiolapegue.com\\\/site\\\/2021\\\/04\\\/22\\\/sergio-lapegue-presento-su-libro-en-el-cabildo-historico-de-salta\\\/#article\",\"isPartOf\":{\"@id\":\"https:\\\/\\\/sergiolapegue.com\\\/site\\\/2021\\\/04\\\/22\\\/sergio-lapegue-presento-su-libro-en-el-cabildo-historico-de-salta\\\/\"},\"author\":{\"name\":\"LapeGestion\",\"@id\":\"https:\\\/\\\/sergiolapegue.com\\\/site\\\/#\\\/schema\\\/person\\\/ec186d00810aa12259c87d80bbbbc4fd\"},\"headline\":\"Sergio Lapeg\u00fce presento su libro en el Cabildo Hist\u00f3rico de Salta\",\"datePublished\":\"2021-04-22T18:14:29+00:00\",\"dateModified\":\"2021-04-22T18:59:06+00:00\",\"mainEntityOfPage\":{\"@id\":\"https:\\\/\\\/sergiolapegue.com\\\/site\\\/2021\\\/04\\\/22\\\/sergio-lapegue-presento-su-libro-en-el-cabildo-historico-de-salta\\\/\"},\"wordCount\":21,\"publisher\":{\"@id\":\"https:\\\/\\\/sergiolapegue.com\\\/site\\\/#\\\/schema\\\/person\\\/083aeceeb0734cd166779ea6c0551a37\"},\"image\":{\"@id\":\"https:\\\/\\\/sergiolapegue.com\\\/site\\\/2021\\\/04\\\/22\\\/sergio-lapegue-presento-su-libro-en-el-cabildo-historico-de-salta\\\/#primaryimage\"},\"thumbnailUrl\":\"https:\\\/\\\/sergiolapegue.com\\\/site\\\/wp-content\\\/uploads\\\/2021\\\/04\\\/clarin_sociedad_octubre_2011.jpg\",\"articleSection\":[\"Prensa\"],\"inLanguage\":\"es-AR\"},{\"@type\":\"WebPage\",\"@id\":\"https:\\\/\\\/sergiolapegue.com\\\/site\\\/2021\\\/04\\\/22\\\/sergio-lapegue-presento-su-libro-en-el-cabildo-historico-de-salta\\\/\",\"url\":\"https:\\\/\\\/sergiolapegue.com\\\/site\\\/2021\\\/04\\\/22\\\/sergio-lapegue-presento-su-libro-en-el-cabildo-historico-de-salta\\\/\",\"name\":\"Sergio Lapeg\u00fce presento su libro en el Cabildo Hist\u00f3rico de Salta - Sergio Lapegue\",\"isPartOf\":{\"@id\":\"https:\\\/\\\/sergiolapegue.com\\\/site\\\/#website\"},\"primaryImageOfPage\":{\"@id\":\"https:\\\/\\\/sergiolapegue.com\\\/site\\\/2021\\\/04\\\/22\\\/sergio-lapegue-presento-su-libro-en-el-cabildo-historico-de-salta\\\/#primaryimage\"},\"image\":{\"@id\":\"https:\\\/\\\/sergiolapegue.com\\\/site\\\/2021\\\/04\\\/22\\\/sergio-lapegue-presento-su-libro-en-el-cabildo-historico-de-salta\\\/#primaryimage\"},\"thumbnailUrl\":\"https:\\\/\\\/sergiolapegue.com\\\/site\\\/wp-content\\\/uploads\\\/2021\\\/04\\\/clarin_sociedad_octubre_2011.jpg\",\"datePublished\":\"2021-04-22T18:14:29+00:00\",\"dateModified\":\"2021-04-22T18:59:06+00:00\",\"breadcrumb\":{\"@id\":\"https:\\\/\\\/sergiolapegue.com\\\/site\\\/2021\\\/04\\\/22\\\/sergio-lapegue-presento-su-libro-en-el-cabildo-historico-de-salta\\\/#breadcrumb\"},\"inLanguage\":\"es-AR\",\"potentialAction\":[{\"@type\":\"ReadAction\",\"target\":[\"https:\\\/\\\/sergiolapegue.com\\\/site\\\/2021\\\/04\\\/22\\\/sergio-lapegue-presento-su-libro-en-el-cabildo-historico-de-salta\\\/\"]}]},{\"@type\":\"ImageObject\",\"inLanguage\":\"es-AR\",\"@id\":\"https:\\\/\\\/sergiolapegue.com\\\/site\\\/2021\\\/04\\\/22\\\/sergio-lapegue-presento-su-libro-en-el-cabildo-historico-de-salta\\\/#primaryimage\",\"url\":\"https:\\\/\\\/sergiolapegue.com\\\/site\\\/wp-content\\\/uploads\\\/2021\\\/04\\\/clarin_sociedad_octubre_2011.jpg\",\"contentUrl\":\"https:\\\/\\\/sergiolapegue.com\\\/site\\\/wp-content\\\/uploads\\\/2021\\\/04\\\/clarin_sociedad_octubre_2011.jpg\",\"width\":1200,\"height\":825,\"caption\":\"Diario Clarin Sergio Lapegue\"},{\"@type\":\"BreadcrumbList\",\"@id\":\"https:\\\/\\\/sergiolapegue.com\\\/site\\\/2021\\\/04\\\/22\\\/sergio-lapegue-presento-su-libro-en-el-cabildo-historico-de-salta\\\/#breadcrumb\",\"itemListElement\":[{\"@type\":\"ListItem\",\"position\":1,\"name\":\"Inicio\",\"item\":\"https:\\\/\\\/sergiolapegue.com\\\/site\\\/\"},{\"@type\":\"ListItem\",\"position\":2,\"name\":\"Sergio Lapeg\u00fce presento su libro en el Cabildo Hist\u00f3rico de Salta\"}]},{\"@type\":\"WebSite\",\"@id\":\"https:\\\/\\\/sergiolapegue.com\\\/site\\\/#website\",\"url\":\"https:\\\/\\\/sergiolapegue.com\\\/site\\\/\",\"name\":\"Sergio Lapegue\",\"description\":\"Periodista\",\"publisher\":{\"@id\":\"https:\\\/\\\/sergiolapegue.com\\\/site\\\/#\\\/schema\\\/person\\\/083aeceeb0734cd166779ea6c0551a37\"},\"potentialAction\":[{\"@type\":\"SearchAction\",\"target\":{\"@type\":\"EntryPoint\",\"urlTemplate\":\"https:\\\/\\\/sergiolapegue.com\\\/site\\\/?s={search_term_string}\"},\"query-input\":{\"@type\":\"PropertyValueSpecification\",\"valueRequired\":true,\"valueName\":\"search_term_string\"}}],\"inLanguage\":\"es-AR\"},{\"@type\":[\"Person\",\"Organization\"],\"@id\":\"https:\\\/\\\/sergiolapegue.com\\\/site\\\/#\\\/schema\\\/person\\\/083aeceeb0734cd166779ea6c0551a37\",\"name\":\"Sergio Lapegue\",\"image\":{\"@type\":\"ImageObject\",\"inLanguage\":\"es-AR\",\"@id\":\"https:\\\/\\\/sergiolapegue.com\\\/site\\\/wp-content\\\/uploads\\\/2021\\\/04\\\/logo_header-1.png\",\"url\":\"https:\\\/\\\/sergiolapegue.com\\\/site\\\/wp-content\\\/uploads\\\/2021\\\/04\\\/logo_header-1.png\",\"contentUrl\":\"https:\\\/\\\/sergiolapegue.com\\\/site\\\/wp-content\\\/uploads\\\/2021\\\/04\\\/logo_header-1.png\",\"width\":272,\"height\":90,\"caption\":\"Sergio Lapegue\"},\"logo\":{\"@id\":\"https:\\\/\\\/sergiolapegue.com\\\/site\\\/wp-content\\\/uploads\\\/2021\\\/04\\\/logo_header-1.png\"},\"sameAs\":[\"https:\\\/\\\/facebook.com\\\/sergiolapegue\",\"https:\\\/\\\/instagram.com\\\/sergiolapegue\",\"https:\\\/\\\/x.com\\\/https:\\\/\\\/twitter.com\\\/sergiolapegue\"]},{\"@type\":\"Person\",\"@id\":\"https:\\\/\\\/sergiolapegue.com\\\/site\\\/#\\\/schema\\\/person\\\/ec186d00810aa12259c87d80bbbbc4fd\",\"name\":\"LapeGestion\",\"image\":{\"@type\":\"ImageObject\",\"inLanguage\":\"es-AR\",\"@id\":\"https:\\\/\\\/secure.gravatar.com\\\/avatar\\\/d3c06ba735e225f6eb06c50b135de44b2302efc335d89b0d7d58fb11cf239a85?s=96&d=mm&r=g\",\"url\":\"https:\\\/\\\/secure.gravatar.com\\\/avatar\\\/d3c06ba735e225f6eb06c50b135de44b2302efc335d89b0d7d58fb11cf239a85?s=96&d=mm&r=g\",\"contentUrl\":\"https:\\\/\\\/secure.gravatar.com\\\/avatar\\\/d3c06ba735e225f6eb06c50b135de44b2302efc335d89b0d7d58fb11cf239a85?s=96&d=mm&r=g\",\"caption\":\"LapeGestion\"},\"sameAs\":[\"http:\\\/\\\/www.sergiolapegue.com\\\/site\"],\"url\":\"https:\\\/\\\/sergiolapegue.com\\\/site\\\/author\\\/lapegestion\\\/\"}]}<\/script>\n<!-- \/ Yoast SEO plugin. -->","yoast_head_json":{"title":"Sergio Lapeg\u00fce presento su libro en el Cabildo Hist\u00f3rico de Salta - Sergio Lapegue","robots":{"index":"index","follow":"follow","max-snippet":"max-snippet:-1","max-image-preview":"max-image-preview:large","max-video-preview":"max-video-preview:-1"},"canonical":"https:\/\/sergiolapegue.com\/site\/2021\/04\/22\/sergio-lapegue-presento-su-libro-en-el-cabildo-historico-de-salta\/","og_locale":"es_ES","og_type":"article","og_title":"Sergio Lapeg\u00fce presento su libro en el Cabildo Hist\u00f3rico de Salta - Sergio Lapegue","og_description":"Medio: Diario Clar\u00edn -Sociedad &#8211; Fecha: Octubre\/2011","og_url":"https:\/\/sergiolapegue.com\/site\/2021\/04\/22\/sergio-lapegue-presento-su-libro-en-el-cabildo-historico-de-salta\/","og_site_name":"Sergio Lapegue","article_publisher":"https:\/\/facebook.com\/sergiolapegue","article_published_time":"2021-04-22T18:14:29+00:00","article_modified_time":"2021-04-22T18:59:06+00:00","og_image":[{"width":1200,"height":825,"url":"https:\/\/sergiolapegue.com\/site\/wp-content\/uploads\/2021\/04\/clarin_sociedad_octubre_2011.jpg","type":"image\/jpeg"}],"author":"LapeGestion","twitter_card":"summary_large_image","twitter_site":"@sergiolapegue","twitter_misc":{"Escrito por":"LapeGestion"},"schema":{"@context":"https:\/\/schema.org","@graph":[{"@type":"Article","@id":"https:\/\/sergiolapegue.com\/site\/2021\/04\/22\/sergio-lapegue-presento-su-libro-en-el-cabildo-historico-de-salta\/#article","isPartOf":{"@id":"https:\/\/sergiolapegue.com\/site\/2021\/04\/22\/sergio-lapegue-presento-su-libro-en-el-cabildo-historico-de-salta\/"},"author":{"name":"LapeGestion","@id":"https:\/\/sergiolapegue.com\/site\/#\/schema\/person\/ec186d00810aa12259c87d80bbbbc4fd"},"headline":"Sergio Lapeg\u00fce presento su libro en el Cabildo Hist\u00f3rico de Salta","datePublished":"2021-04-22T18:14:29+00:00","dateModified":"2021-04-22T18:59:06+00:00","mainEntityOfPage":{"@id":"https:\/\/sergiolapegue.com\/site\/2021\/04\/22\/sergio-lapegue-presento-su-libro-en-el-cabildo-historico-de-salta\/"},"wordCount":21,"publisher":{"@id":"https:\/\/sergiolapegue.com\/site\/#\/schema\/person\/083aeceeb0734cd166779ea6c0551a37"},"image":{"@id":"https:\/\/sergiolapegue.com\/site\/2021\/04\/22\/sergio-lapegue-presento-su-libro-en-el-cabildo-historico-de-salta\/#primaryimage"},"thumbnailUrl":"https:\/\/sergiolapegue.com\/site\/wp-content\/uploads\/2021\/04\/clarin_sociedad_octubre_2011.jpg","articleSection":["Prensa"],"inLanguage":"es-AR"},{"@type":"WebPage","@id":"https:\/\/sergiolapegue.com\/site\/2021\/04\/22\/sergio-lapegue-presento-su-libro-en-el-cabildo-historico-de-salta\/","url":"https:\/\/sergiolapegue.com\/site\/2021\/04\/22\/sergio-lapegue-presento-su-libro-en-el-cabildo-historico-de-salta\/","name":"Sergio Lapeg\u00fce presento su libro en el Cabildo Hist\u00f3rico de Salta - Sergio Lapegue","isPartOf":{"@id":"https:\/\/sergiolapegue.com\/site\/#website"},"primaryImageOfPage":{"@id":"https:\/\/sergiolapegue.com\/site\/2021\/04\/22\/sergio-lapegue-presento-su-libro-en-el-cabildo-historico-de-salta\/#primaryimage"},"image":{"@id":"https:\/\/sergiolapegue.com\/site\/2021\/04\/22\/sergio-lapegue-presento-su-libro-en-el-cabildo-historico-de-salta\/#primaryimage"},"thumbnailUrl":"https:\/\/sergiolapegue.com\/site\/wp-content\/uploads\/2021\/04\/clarin_sociedad_octubre_2011.jpg","datePublished":"2021-04-22T18:14:29+00:00","dateModified":"2021-04-22T18:59:06+00:00","breadcrumb":{"@id":"https:\/\/sergiolapegue.com\/site\/2021\/04\/22\/sergio-lapegue-presento-su-libro-en-el-cabildo-historico-de-salta\/#breadcrumb"},"inLanguage":"es-AR","potentialAction":[{"@type":"ReadAction","target":["https:\/\/sergiolapegue.com\/site\/2021\/04\/22\/sergio-lapegue-presento-su-libro-en-el-cabildo-historico-de-salta\/"]}]},{"@type":"ImageObject","inLanguage":"es-AR","@id":"https:\/\/sergiolapegue.com\/site\/2021\/04\/22\/sergio-lapegue-presento-su-libro-en-el-cabildo-historico-de-salta\/#primaryimage","url":"https:\/\/sergiolapegue.com\/site\/wp-content\/uploads\/2021\/04\/clarin_sociedad_octubre_2011.jpg","contentUrl":"https:\/\/sergiolapegue.com\/site\/wp-content\/uploads\/2021\/04\/clarin_sociedad_octubre_2011.jpg","width":1200,"height":825,"caption":"Diario Clarin Sergio Lapegue"},{"@type":"BreadcrumbList","@id":"https:\/\/sergiolapegue.com\/site\/2021\/04\/22\/sergio-lapegue-presento-su-libro-en-el-cabildo-historico-de-salta\/#breadcrumb","itemListElement":[{"@type":"ListItem","position":1,"name":"Inicio","item":"https:\/\/sergiolapegue.com\/site\/"},{"@type":"ListItem","position":2,"name":"Sergio Lapeg\u00fce presento su libro en el Cabildo Hist\u00f3rico de Salta"}]},{"@type":"WebSite","@id":"https:\/\/sergiolapegue.com\/site\/#website","url":"https:\/\/sergiolapegue.com\/site\/","name":"Sergio Lapegue","description":"Periodista","publisher":{"@id":"https:\/\/sergiolapegue.com\/site\/#\/schema\/person\/083aeceeb0734cd166779ea6c0551a37"},"potentialAction":[{"@type":"SearchAction","target":{"@type":"EntryPoint","urlTemplate":"https:\/\/sergiolapegue.com\/site\/?s={search_term_string}"},"query-input":{"@type":"PropertyValueSpecification","valueRequired":true,"valueName":"search_term_string"}}],"inLanguage":"es-AR"},{"@type":["Person","Organization"],"@id":"https:\/\/sergiolapegue.com\/site\/#\/schema\/person\/083aeceeb0734cd166779ea6c0551a37","name":"Sergio Lapegue","image":{"@type":"ImageObject","inLanguage":"es-AR","@id":"https:\/\/sergiolapegue.com\/site\/wp-content\/uploads\/2021\/04\/logo_header-1.png","url":"https:\/\/sergiolapegue.com\/site\/wp-content\/uploads\/2021\/04\/logo_header-1.png","contentUrl":"https:\/\/sergiolapegue.com\/site\/wp-content\/uploads\/2021\/04\/logo_header-1.png","width":272,"height":90,"caption":"Sergio Lapegue"},"logo":{"@id":"https:\/\/sergiolapegue.com\/site\/wp-content\/uploads\/2021\/04\/logo_header-1.png"},"sameAs":["https:\/\/facebook.com\/sergiolapegue","https:\/\/instagram.com\/sergiolapegue","https:\/\/x.com\/https:\/\/twitter.com\/sergiolapegue"]},{"@type":"Person","@id":"https:\/\/sergiolapegue.com\/site\/#\/schema\/person\/ec186d00810aa12259c87d80bbbbc4fd","name":"LapeGestion","image":{"@type":"ImageObject","inLanguage":"es-AR","@id":"https:\/\/secure.gravatar.com\/avatar\/d3c06ba735e225f6eb06c50b135de44b2302efc335d89b0d7d58fb11cf239a85?s=96&d=mm&r=g","url":"https:\/\/secure.gravatar.com\/avatar\/d3c06ba735e225f6eb06c50b135de44b2302efc335d89b0d7d58fb11cf239a85?s=96&d=mm&r=g","contentUrl":"https:\/\/secure.gravatar.com\/avatar\/d3c06ba735e225f6eb06c50b135de44b2302efc335d89b0d7d58fb11cf239a85?s=96&d=mm&r=g","caption":"LapeGestion"},"sameAs":["http:\/\/www.sergiolapegue.com\/site"],"url":"https:\/\/sergiolapegue.com\/site\/author\/lapegestion\/"}]}},"_links":{"self":[{"href":"https:\/\/sergiolapegue.com\/site\/wp-json\/wp\/v2\/posts\/399","targetHints":{"allow":["GET"]}}],"collection":[{"href":"https:\/\/sergiolapegue.com\/site\/wp-json\/wp\/v2\/posts"}],"about":[{"href":"https:\/\/sergiolapegue.com\/site\/wp-json\/wp\/v2\/types\/post"}],"author":[{"embeddable":true,"href":"https:\/\/sergiolapegue.com\/site\/wp-json\/wp\/v2\/users\/1"}],"replies":[{"embeddable":true,"href":"https:\/\/sergiolapegue.com\/site\/wp-json\/wp\/v2\/comments?post=399"}],"version-history":[{"count":1,"href":"https:\/\/sergiolapegue.com\/site\/wp-json\/wp\/v2\/posts\/399\/revisions"}],"predecessor-version":[{"id":401,"href":"https:\/\/sergiolapegue.com\/site\/wp-json\/wp\/v2\/posts\/399\/revisions\/401"}],"wp:featuredmedia":[{"embeddable":true,"href":"https:\/\/sergiolapegue.com\/site\/wp-json\/wp\/v2\/media\/400"}],"wp:attachment":[{"href":"https:\/\/sergiolapegue.com\/site\/wp-json\/wp\/v2\/media?parent=399"}],"wp:term":[{"taxonomy":"category","embeddable":true,"href":"https:\/\/sergiolapegue.com\/site\/wp-json\/wp\/v2\/categories?post=399"},{"taxonomy":"post_tag","embeddable":true,"href":"https:\/\/sergiolapegue.com\/site\/wp-json\/wp\/v2\/tags?post=399"}],"curies":[{"name":"wp","href":"https:\/\/api.w.org\/{rel}","templated":true}]}}