{"id":32675,"date":"2026-09-06T19:00:00","date_gmt":"2026-09-06T22:00:00","guid":{"rendered":"https:\/\/sergiolapegue.com\/site\/?p=32675"},"modified":"2026-09-05T18:21:34","modified_gmt":"2026-09-05T21:21:34","slug":"gregorio-pernia-el-titi-llega-al-teatro-opera-con-su-espectaculo-ave-maria","status":"publish","type":"post","link":"https:\/\/sergiolapegue.com\/site\/2026\/09\/06\/gregorio-pernia-el-titi-llega-al-teatro-opera-con-su-espectaculo-ave-maria\/","title":{"rendered":"GREGORIO PERNIA \u201cEL TITI\u201d LLEGA AL TEATRO \u00d3PERA CON SU ESPECT\u00c1CULO \u201cAVE MAR\u00cdA\u201d"},"content":{"rendered":"\n<p class=\"wp-block-paragraph\">El pr\u00f3ximo 16 de septiembre, el emblem\u00e1tico Teatro \u00d3pera ON ser\u00e1 escenario de una noche inolvidable junto a Gregorio Pern\u00eda, el carism\u00e1tico actor, modelo y cantante colombiano conocido por millones de seguidores en toda Latinoam\u00e9rica como &#8220;EL TITI&#8221;.<\/p>\n\n\n\n<p class=\"wp-block-paragraph\">Reconocido internacionalmente por su destacada trayectoria en televisi\u00f3n y por interpretar personajes memorables en exitosas producciones como &#8220;Sin Senos No Hay Para\u00edso&#8221;, EL TITI ha sabido conquistar al p\u00fablico no solo con su talento actoral, sino tambi\u00e9n con su espontaneidad, energ\u00eda y cercan\u00eda.<\/p>\n\n\n\n<p class=\"wp-block-paragraph\">Ahora llega a la Argentina para presentar \u201cAve Mar\u00eda\u201d, un espect\u00e1culo \u00fanico donde la m\u00fasica, el baile, la alegr\u00eda y la conexi\u00f3n con el p\u00fablico ser\u00e1n los grandes protagonistas. El show promete una experiencia llena de emociones, humor y momentos inolvidables, invitando a los asistentes a cantar, bailar y celebrar junto a una de las figuras m\u00e1s queridas del entretenimiento latino.<\/p>\n\n\n\n<p class=\"wp-block-paragraph\">\u201cAve Mar\u00eda\u201d ser\u00e1 un encuentro especial entre EL TITI y su p\u00fablico argentino, en una velada donde la m\u00fasica y la emoci\u00f3n se unir\u00e1n para vivir una experiencia vibrante.<\/p>\n\n\n\n<figure class=\"wp-block-image size-full is-resized\"><img loading=\"lazy\" decoding=\"async\" width=\"1000\" height=\"1000\" src=\"https:\/\/sergiolapegue.com\/site\/wp-content\/uploads\/2026\/09\/Gregorio-Pernia-El-Titi-1.jpg\" alt=\"\" class=\"wp-image-32676\" style=\"width:1068px;height:auto\" srcset=\"https:\/\/sergiolapegue.com\/site\/wp-content\/uploads\/2026\/09\/Gregorio-Pernia-El-Titi-1.jpg 1000w, https:\/\/sergiolapegue.com\/site\/wp-content\/uploads\/2026\/09\/Gregorio-Pernia-El-Titi-1-150x150-1.jpg 150w, https:\/\/sergiolapegue.com\/site\/wp-content\/uploads\/2026\/09\/Gregorio-Pernia-El-Titi-1-300x300.jpg 300w, https:\/\/sergiolapegue.com\/site\/wp-content\/uploads\/2026\/09\/Gregorio-Pernia-El-Titi-1-768x768.jpg 768w, https:\/\/sergiolapegue.com\/site\/wp-content\/uploads\/2026\/09\/Gregorio-Pernia-El-Titi-1-60x60.jpg 60w, https:\/\/sergiolapegue.com\/site\/wp-content\/uploads\/2026\/09\/Gregorio-Pernia-El-Titi-1-324x324.jpg 324w, https:\/\/sergiolapegue.com\/site\/wp-content\/uploads\/2026\/09\/Gregorio-Pernia-El-Titi-1-360x360.jpg 360w, https:\/\/sergiolapegue.com\/site\/wp-content\/uploads\/2026\/09\/Gregorio-Pernia-El-Titi-1-696x696.jpg 696w\" sizes=\"auto, (max-width: 1000px) 100vw, 1000px\" \/><\/figure>\n\n\n\n<p class=\"wp-block-paragraph\"><strong>TEATRO \u00d3PERA ON<\/strong><\/p>\n\n\n\n<p class=\"wp-block-paragraph\">Av. Corrientes 860 \u2013 Capital Federal \u2013 Buenos Aires \u2013 Argentina<\/p>\n\n\n\n<p class=\"wp-block-paragraph\">Entradas: Desde $ 50.000 hasta $ 110.000 \u2013 en boleter\u00eda del teatro o a trav\u00e9s de Ticketek \u2013 Link: <\/p>\n\n\n\n<p class=\"wp-block-paragraph\"><a href=\"https:\/\/www.ticketek.com.ar\/gregorio-pernia\/teatro-opera\">Gregorio Pernia en Teatro Opera On | Ticketek<\/a><\/p>\n\n\n\n<p class=\"wp-block-paragraph\">Funci\u00f3n: Mi\u00e9rcoles 16 de Septiembre \u2013 21:00 horas<\/p>\n\n\n\n<p class=\"wp-block-paragraph\"><strong>Importante:<\/strong> La funci\u00f3n dar\u00e1 comienzo puntualmente, por tal motivo les pedimos asistir con la mayor antelaci\u00f3n posible. Como as\u00ed tambi\u00e9n recomendamos consultar en la boleter\u00eda sobre las ubicaciones accesibles. El teatro no se responsabiliza por la compra de tickets sin verificar previamente la accesibilidad de las ubicaciones.<\/p>\n\n\n\n<p class=\"wp-block-paragraph\">Gracias Susana Galarza de SG Prensa y Difusi\u00f3n y 360 Digitalmusic | Ana P\u00e9rez Tinedo por enviarnos la gacetilla de prensa de este espect\u00e1culo.<\/p>\n\n\n\n<p class=\"wp-block-paragraph\"><\/p>\n","protected":false},"excerpt":{"rendered":"<p>El pr\u00f3ximo 16 de septiembre, el emblem\u00e1tico Teatro \u00d3pera ON ser\u00e1 escenario de una noche inolvidable junto a Gregorio Pern\u00eda, el carism\u00e1tico actor, modelo y cantante colombiano conocido por millones de seguidores en toda Latinoam\u00e9rica como &#8220;EL TITI&#8221;. Reconocido internacionalmente por su destacada trayectoria en televisi\u00f3n y por interpretar personajes memorables en exitosas producciones como [&hellip;]<\/p>\n","protected":false},"author":3,"featured_media":32677,"comment_status":"open","ping_status":"closed","sticky":false,"template":"","format":"standard","meta":{"footnotes":""},"categories":[34,56,35],"tags":[],"class_list":["post-32675","post","type-post","status-publish","format-standard","has-post-thumbnail","category-arte","category-musica","category-teatro"],"yoast_head":"<!-- This site is optimized with the Yoast SEO plugin v28.4 - https:\/\/yoast.com\/product\/yoast-seo-wordpress\/ -->\n<title>GREGORIO PERNIA \u201cEL TITI\u201d LLEGA AL TEATRO \u00d3PERA CON SU ESPECT\u00c1CULO \u201cAVE MAR\u00cdA\u201d - Sergio Lapegue<\/title>\n<meta name=\"robots\" content=\"index, follow, max-snippet:-1, max-image-preview:large, max-video-preview:-1\" \/>\n<link rel=\"canonical\" href=\"https:\/\/sergiolapegue.com\/site\/2026\/09\/06\/gregorio-pernia-el-titi-llega-al-teatro-opera-con-su-espectaculo-ave-maria\/\" \/>\n<meta property=\"og:locale\" content=\"es_ES\" \/>\n<meta property=\"og:type\" content=\"article\" \/>\n<meta property=\"og:title\" content=\"GREGORIO PERNIA \u201cEL TITI\u201d LLEGA AL TEATRO \u00d3PERA CON SU ESPECT\u00c1CULO \u201cAVE MAR\u00cdA\u201d - Sergio Lapegue\" \/>\n<meta property=\"og:description\" content=\"El pr\u00f3ximo 16 de septiembre, el emblem\u00e1tico Teatro \u00d3pera ON ser\u00e1 escenario de una noche inolvidable junto a Gregorio Pern\u00eda, el carism\u00e1tico actor, modelo y cantante colombiano conocido por millones de seguidores en toda Latinoam\u00e9rica como &#8220;EL TITI&#8221;. Reconocido internacionalmente por su destacada trayectoria en televisi\u00f3n y por interpretar personajes memorables en exitosas producciones como [&hellip;]\" \/>\n<meta property=\"og:url\" content=\"https:\/\/sergiolapegue.com\/site\/2026\/09\/06\/gregorio-pernia-el-titi-llega-al-teatro-opera-con-su-espectaculo-ave-maria\/\" \/>\n<meta property=\"og:site_name\" content=\"Sergio Lapegue\" \/>\n<meta property=\"article:publisher\" content=\"https:\/\/facebook.com\/sergiolapegue\" \/>\n<meta property=\"article:author\" content=\"https:\/\/facebook.com\/danielernesto.montana\" \/>\n<meta property=\"article:published_time\" content=\"2026-09-06T22:00:00+00:00\" \/>\n<meta property=\"og:image\" content=\"https:\/\/sergiolapegue.com\/site\/wp-content\/uploads\/2026\/09\/Gregorio-Pernia-El-Titi.jpg\" \/>\n\t<meta property=\"og:image:width\" content=\"1337\" \/>\n\t<meta property=\"og:image:height\" content=\"550\" \/>\n\t<meta property=\"og:image:type\" content=\"image\/jpeg\" \/>\n<meta name=\"author\" content=\"Daniel E. Monta\u00f1a\" \/>\n<meta name=\"twitter:card\" content=\"summary_large_image\" \/>\n<meta name=\"twitter:creator\" content=\"@https:\/\/twitter.com\/daner_004\" \/>\n<meta name=\"twitter:site\" content=\"@sergiolapegue\" \/>\n<meta name=\"twitter:label1\" content=\"Escrito por\" \/>\n\t<meta name=\"twitter:data1\" content=\"Daniel E. Monta\u00f1a\" \/>\n\t<meta name=\"twitter:label2\" content=\"Tiempo de lectura\" \/>\n\t<meta name=\"twitter:data2\" content=\"2 minutos\" \/>\n<script type=\"application\/ld+json\" class=\"yoast-schema-graph\">{\"@context\":\"https:\\\/\\\/schema.org\",\"@graph\":[{\"@type\":\"Article\",\"@id\":\"https:\\\/\\\/sergiolapegue.com\\\/site\\\/2026\\\/09\\\/06\\\/gregorio-pernia-el-titi-llega-al-teatro-opera-con-su-espectaculo-ave-maria\\\/#article\",\"isPartOf\":{\"@id\":\"https:\\\/\\\/sergiolapegue.com\\\/site\\\/2026\\\/09\\\/06\\\/gregorio-pernia-el-titi-llega-al-teatro-opera-con-su-espectaculo-ave-maria\\\/\"},\"author\":{\"name\":\"Daniel E. Monta\u00f1a\",\"@id\":\"https:\\\/\\\/sergiolapegue.com\\\/site\\\/#\\\/schema\\\/person\\\/9198e7dbab43c6d74d0fd5399af7c3cd\"},\"headline\":\"GREGORIO PERNIA \u201cEL TITI\u201d LLEGA AL TEATRO \u00d3PERA CON SU ESPECT\u00c1CULO \u201cAVE MAR\u00cdA\u201d\",\"datePublished\":\"2026-09-06T22:00:00+00:00\",\"mainEntityOfPage\":{\"@id\":\"https:\\\/\\\/sergiolapegue.com\\\/site\\\/2026\\\/09\\\/06\\\/gregorio-pernia-el-titi-llega-al-teatro-opera-con-su-espectaculo-ave-maria\\\/\"},\"wordCount\":324,\"commentCount\":0,\"publisher\":{\"@id\":\"https:\\\/\\\/sergiolapegue.com\\\/site\\\/#\\\/schema\\\/person\\\/083aeceeb0734cd166779ea6c0551a37\"},\"image\":{\"@id\":\"https:\\\/\\\/sergiolapegue.com\\\/site\\\/2026\\\/09\\\/06\\\/gregorio-pernia-el-titi-llega-al-teatro-opera-con-su-espectaculo-ave-maria\\\/#primaryimage\"},\"thumbnailUrl\":\"https:\\\/\\\/sergiolapegue.com\\\/site\\\/wp-content\\\/uploads\\\/2026\\\/09\\\/Gregorio-Pernia-El-Titi.jpg\",\"articleSection\":[\"Arte\",\"M\u00fasica\",\"Teatro\"],\"inLanguage\":\"es-AR\",\"potentialAction\":[{\"@type\":\"CommentAction\",\"name\":\"Comment\",\"target\":[\"https:\\\/\\\/sergiolapegue.com\\\/site\\\/2026\\\/09\\\/06\\\/gregorio-pernia-el-titi-llega-al-teatro-opera-con-su-espectaculo-ave-maria\\\/#respond\"]}]},{\"@type\":\"WebPage\",\"@id\":\"https:\\\/\\\/sergiolapegue.com\\\/site\\\/2026\\\/09\\\/06\\\/gregorio-pernia-el-titi-llega-al-teatro-opera-con-su-espectaculo-ave-maria\\\/\",\"url\":\"https:\\\/\\\/sergiolapegue.com\\\/site\\\/2026\\\/09\\\/06\\\/gregorio-pernia-el-titi-llega-al-teatro-opera-con-su-espectaculo-ave-maria\\\/\",\"name\":\"GREGORIO PERNIA \u201cEL TITI\u201d LLEGA AL TEATRO \u00d3PERA CON SU ESPECT\u00c1CULO \u201cAVE MAR\u00cdA\u201d - Sergio Lapegue\",\"isPartOf\":{\"@id\":\"https:\\\/\\\/sergiolapegue.com\\\/site\\\/#website\"},\"primaryImageOfPage\":{\"@id\":\"https:\\\/\\\/sergiolapegue.com\\\/site\\\/2026\\\/09\\\/06\\\/gregorio-pernia-el-titi-llega-al-teatro-opera-con-su-espectaculo-ave-maria\\\/#primaryimage\"},\"image\":{\"@id\":\"https:\\\/\\\/sergiolapegue.com\\\/site\\\/2026\\\/09\\\/06\\\/gregorio-pernia-el-titi-llega-al-teatro-opera-con-su-espectaculo-ave-maria\\\/#primaryimage\"},\"thumbnailUrl\":\"https:\\\/\\\/sergiolapegue.com\\\/site\\\/wp-content\\\/uploads\\\/2026\\\/09\\\/Gregorio-Pernia-El-Titi.jpg\",\"datePublished\":\"2026-09-06T22:00:00+00:00\",\"breadcrumb\":{\"@id\":\"https:\\\/\\\/sergiolapegue.com\\\/site\\\/2026\\\/09\\\/06\\\/gregorio-pernia-el-titi-llega-al-teatro-opera-con-su-espectaculo-ave-maria\\\/#breadcrumb\"},\"inLanguage\":\"es-AR\",\"potentialAction\":[{\"@type\":\"ReadAction\",\"target\":[\"https:\\\/\\\/sergiolapegue.com\\\/site\\\/2026\\\/09\\\/06\\\/gregorio-pernia-el-titi-llega-al-teatro-opera-con-su-espectaculo-ave-maria\\\/\"]}]},{\"@type\":\"ImageObject\",\"inLanguage\":\"es-AR\",\"@id\":\"https:\\\/\\\/sergiolapegue.com\\\/site\\\/2026\\\/09\\\/06\\\/gregorio-pernia-el-titi-llega-al-teatro-opera-con-su-espectaculo-ave-maria\\\/#primaryimage\",\"url\":\"https:\\\/\\\/sergiolapegue.com\\\/site\\\/wp-content\\\/uploads\\\/2026\\\/09\\\/Gregorio-Pernia-El-Titi.jpg\",\"contentUrl\":\"https:\\\/\\\/sergiolapegue.com\\\/site\\\/wp-content\\\/uploads\\\/2026\\\/09\\\/Gregorio-Pernia-El-Titi.jpg\",\"width\":1337,\"height\":550},{\"@type\":\"BreadcrumbList\",\"@id\":\"https:\\\/\\\/sergiolapegue.com\\\/site\\\/2026\\\/09\\\/06\\\/gregorio-pernia-el-titi-llega-al-teatro-opera-con-su-espectaculo-ave-maria\\\/#breadcrumb\",\"itemListElement\":[{\"@type\":\"ListItem\",\"position\":1,\"name\":\"Inicio\",\"item\":\"https:\\\/\\\/sergiolapegue.com\\\/site\\\/\"},{\"@type\":\"ListItem\",\"position\":2,\"name\":\"GREGORIO PERNIA \u201cEL TITI\u201d LLEGA AL TEATRO \u00d3PERA CON SU ESPECT\u00c1CULO \u201cAVE MAR\u00cdA\u201d\"}]},{\"@type\":\"WebSite\",\"@id\":\"https:\\\/\\\/sergiolapegue.com\\\/site\\\/#website\",\"url\":\"https:\\\/\\\/sergiolapegue.com\\\/site\\\/\",\"name\":\"Sergio Lapegue\",\"description\":\"Periodista y conductor de radio y televisi\u00f3n argentino, nacido el 6 de septiembre de 1964.\",\"publisher\":{\"@id\":\"https:\\\/\\\/sergiolapegue.com\\\/site\\\/#\\\/schema\\\/person\\\/083aeceeb0734cd166779ea6c0551a37\"},\"potentialAction\":[{\"@type\":\"SearchAction\",\"target\":{\"@type\":\"EntryPoint\",\"urlTemplate\":\"https:\\\/\\\/sergiolapegue.com\\\/site\\\/?s={search_term_string}\"},\"query-input\":{\"@type\":\"PropertyValueSpecification\",\"valueRequired\":true,\"valueName\":\"search_term_string\"}}],\"inLanguage\":\"es-AR\"},{\"@type\":[\"Person\",\"Organization\"],\"@id\":\"https:\\\/\\\/sergiolapegue.com\\\/site\\\/#\\\/schema\\\/person\\\/083aeceeb0734cd166779ea6c0551a37\",\"name\":\"Sergio Lapegue\",\"image\":{\"@type\":\"ImageObject\",\"inLanguage\":\"es-AR\",\"@id\":\"https:\\\/\\\/sergiolapegue.com\\\/site\\\/wp-content\\\/uploads\\\/2021\\\/04\\\/logo_header-1.png\",\"url\":\"https:\\\/\\\/sergiolapegue.com\\\/site\\\/wp-content\\\/uploads\\\/2021\\\/04\\\/logo_header-1.png\",\"contentUrl\":\"https:\\\/\\\/sergiolapegue.com\\\/site\\\/wp-content\\\/uploads\\\/2021\\\/04\\\/logo_header-1.png\",\"width\":272,\"height\":90,\"caption\":\"Sergio Lapegue\"},\"logo\":{\"@id\":\"https:\\\/\\\/sergiolapegue.com\\\/site\\\/wp-content\\\/uploads\\\/2021\\\/04\\\/logo_header-1.png\"},\"sameAs\":[\"https:\\\/\\\/facebook.com\\\/sergiolapegue\",\"https:\\\/\\\/instagram.com\\\/sergiolapegue\",\"https:\\\/\\\/x.com\\\/https:\\\/\\\/twitter.com\\\/sergiolapegue\"]},{\"@type\":\"Person\",\"@id\":\"https:\\\/\\\/sergiolapegue.com\\\/site\\\/#\\\/schema\\\/person\\\/9198e7dbab43c6d74d0fd5399af7c3cd\",\"name\":\"Daniel E. Monta\u00f1a\",\"image\":{\"@type\":\"ImageObject\",\"inLanguage\":\"es-AR\",\"@id\":\"https:\\\/\\\/sergiolapegue.com\\\/site\\\/wp-content\\\/uploads\\\/2021\\\/04\\\/sl_avatar_Daniel-150x150.jpg\",\"url\":\"https:\\\/\\\/sergiolapegue.com\\\/site\\\/wp-content\\\/uploads\\\/2021\\\/04\\\/sl_avatar_Daniel-150x150.jpg\",\"contentUrl\":\"https:\\\/\\\/sergiolapegue.com\\\/site\\\/wp-content\\\/uploads\\\/2021\\\/04\\\/sl_avatar_Daniel-150x150.jpg\",\"caption\":\"Daniel E. Monta\u00f1a\"},\"sameAs\":[\"https:\\\/\\\/facebook.com\\\/danielernesto.montana\",\"https:\\\/\\\/instagram.com\\\/daniel_montana1961\",\"https:\\\/\\\/x.com\\\/https:\\\/\\\/twitter.com\\\/daner_004\"],\"url\":\"https:\\\/\\\/sergiolapegue.com\\\/site\\\/author\\\/daniel\\\/\"}]}<\/script>\n<!-- \/ Yoast SEO plugin. -->","yoast_head_json":{"title":"GREGORIO PERNIA \u201cEL TITI\u201d LLEGA AL TEATRO \u00d3PERA CON SU ESPECT\u00c1CULO \u201cAVE MAR\u00cdA\u201d - Sergio Lapegue","robots":{"index":"index","follow":"follow","max-snippet":"max-snippet:-1","max-image-preview":"max-image-preview:large","max-video-preview":"max-video-preview:-1"},"canonical":"https:\/\/sergiolapegue.com\/site\/2026\/09\/06\/gregorio-pernia-el-titi-llega-al-teatro-opera-con-su-espectaculo-ave-maria\/","og_locale":"es_ES","og_type":"article","og_title":"GREGORIO PERNIA \u201cEL TITI\u201d LLEGA AL TEATRO \u00d3PERA CON SU ESPECT\u00c1CULO \u201cAVE MAR\u00cdA\u201d - Sergio Lapegue","og_description":"El pr\u00f3ximo 16 de septiembre, el emblem\u00e1tico Teatro \u00d3pera ON ser\u00e1 escenario de una noche inolvidable junto a Gregorio Pern\u00eda, el carism\u00e1tico actor, modelo y cantante colombiano conocido por millones de seguidores en toda Latinoam\u00e9rica como &#8220;EL TITI&#8221;. Reconocido internacionalmente por su destacada trayectoria en televisi\u00f3n y por interpretar personajes memorables en exitosas producciones como [&hellip;]","og_url":"https:\/\/sergiolapegue.com\/site\/2026\/09\/06\/gregorio-pernia-el-titi-llega-al-teatro-opera-con-su-espectaculo-ave-maria\/","og_site_name":"Sergio Lapegue","article_publisher":"https:\/\/facebook.com\/sergiolapegue","article_author":"https:\/\/facebook.com\/danielernesto.montana","article_published_time":"2026-09-06T22:00:00+00:00","og_image":[{"width":1337,"height":550,"url":"https:\/\/sergiolapegue.com\/site\/wp-content\/uploads\/2026\/09\/Gregorio-Pernia-El-Titi.jpg","type":"image\/jpeg"}],"author":"Daniel E. Monta\u00f1a","twitter_card":"summary_large_image","twitter_creator":"@https:\/\/twitter.com\/daner_004","twitter_site":"@sergiolapegue","twitter_misc":{"Escrito por":"Daniel E. Monta\u00f1a","Tiempo de lectura":"2 minutos"},"schema":{"@context":"https:\/\/schema.org","@graph":[{"@type":"Article","@id":"https:\/\/sergiolapegue.com\/site\/2026\/09\/06\/gregorio-pernia-el-titi-llega-al-teatro-opera-con-su-espectaculo-ave-maria\/#article","isPartOf":{"@id":"https:\/\/sergiolapegue.com\/site\/2026\/09\/06\/gregorio-pernia-el-titi-llega-al-teatro-opera-con-su-espectaculo-ave-maria\/"},"author":{"name":"Daniel E. Monta\u00f1a","@id":"https:\/\/sergiolapegue.com\/site\/#\/schema\/person\/9198e7dbab43c6d74d0fd5399af7c3cd"},"headline":"GREGORIO PERNIA \u201cEL TITI\u201d LLEGA AL TEATRO \u00d3PERA CON SU ESPECT\u00c1CULO \u201cAVE MAR\u00cdA\u201d","datePublished":"2026-09-06T22:00:00+00:00","mainEntityOfPage":{"@id":"https:\/\/sergiolapegue.com\/site\/2026\/09\/06\/gregorio-pernia-el-titi-llega-al-teatro-opera-con-su-espectaculo-ave-maria\/"},"wordCount":324,"commentCount":0,"publisher":{"@id":"https:\/\/sergiolapegue.com\/site\/#\/schema\/person\/083aeceeb0734cd166779ea6c0551a37"},"image":{"@id":"https:\/\/sergiolapegue.com\/site\/2026\/09\/06\/gregorio-pernia-el-titi-llega-al-teatro-opera-con-su-espectaculo-ave-maria\/#primaryimage"},"thumbnailUrl":"https:\/\/sergiolapegue.com\/site\/wp-content\/uploads\/2026\/09\/Gregorio-Pernia-El-Titi.jpg","articleSection":["Arte","M\u00fasica","Teatro"],"inLanguage":"es-AR","potentialAction":[{"@type":"CommentAction","name":"Comment","target":["https:\/\/sergiolapegue.com\/site\/2026\/09\/06\/gregorio-pernia-el-titi-llega-al-teatro-opera-con-su-espectaculo-ave-maria\/#respond"]}]},{"@type":"WebPage","@id":"https:\/\/sergiolapegue.com\/site\/2026\/09\/06\/gregorio-pernia-el-titi-llega-al-teatro-opera-con-su-espectaculo-ave-maria\/","url":"https:\/\/sergiolapegue.com\/site\/2026\/09\/06\/gregorio-pernia-el-titi-llega-al-teatro-opera-con-su-espectaculo-ave-maria\/","name":"GREGORIO PERNIA \u201cEL TITI\u201d LLEGA AL TEATRO \u00d3PERA CON SU ESPECT\u00c1CULO \u201cAVE MAR\u00cdA\u201d - Sergio Lapegue","isPartOf":{"@id":"https:\/\/sergiolapegue.com\/site\/#website"},"primaryImageOfPage":{"@id":"https:\/\/sergiolapegue.com\/site\/2026\/09\/06\/gregorio-pernia-el-titi-llega-al-teatro-opera-con-su-espectaculo-ave-maria\/#primaryimage"},"image":{"@id":"https:\/\/sergiolapegue.com\/site\/2026\/09\/06\/gregorio-pernia-el-titi-llega-al-teatro-opera-con-su-espectaculo-ave-maria\/#primaryimage"},"thumbnailUrl":"https:\/\/sergiolapegue.com\/site\/wp-content\/uploads\/2026\/09\/Gregorio-Pernia-El-Titi.jpg","datePublished":"2026-09-06T22:00:00+00:00","breadcrumb":{"@id":"https:\/\/sergiolapegue.com\/site\/2026\/09\/06\/gregorio-pernia-el-titi-llega-al-teatro-opera-con-su-espectaculo-ave-maria\/#breadcrumb"},"inLanguage":"es-AR","potentialAction":[{"@type":"ReadAction","target":["https:\/\/sergiolapegue.com\/site\/2026\/09\/06\/gregorio-pernia-el-titi-llega-al-teatro-opera-con-su-espectaculo-ave-maria\/"]}]},{"@type":"ImageObject","inLanguage":"es-AR","@id":"https:\/\/sergiolapegue.com\/site\/2026\/09\/06\/gregorio-pernia-el-titi-llega-al-teatro-opera-con-su-espectaculo-ave-maria\/#primaryimage","url":"https:\/\/sergiolapegue.com\/site\/wp-content\/uploads\/2026\/09\/Gregorio-Pernia-El-Titi.jpg","contentUrl":"https:\/\/sergiolapegue.com\/site\/wp-content\/uploads\/2026\/09\/Gregorio-Pernia-El-Titi.jpg","width":1337,"height":550},{"@type":"BreadcrumbList","@id":"https:\/\/sergiolapegue.com\/site\/2026\/09\/06\/gregorio-pernia-el-titi-llega-al-teatro-opera-con-su-espectaculo-ave-maria\/#breadcrumb","itemListElement":[{"@type":"ListItem","position":1,"name":"Inicio","item":"https:\/\/sergiolapegue.com\/site\/"},{"@type":"ListItem","position":2,"name":"GREGORIO PERNIA \u201cEL TITI\u201d LLEGA AL TEATRO \u00d3PERA CON SU ESPECT\u00c1CULO \u201cAVE MAR\u00cdA\u201d"}]},{"@type":"WebSite","@id":"https:\/\/sergiolapegue.com\/site\/#website","url":"https:\/\/sergiolapegue.com\/site\/","name":"Sergio Lapegue","description":"Periodista y conductor de radio y televisi\u00f3n argentino, nacido el 6 de septiembre de 1964.","publisher":{"@id":"https:\/\/sergiolapegue.com\/site\/#\/schema\/person\/083aeceeb0734cd166779ea6c0551a37"},"potentialAction":[{"@type":"SearchAction","target":{"@type":"EntryPoint","urlTemplate":"https:\/\/sergiolapegue.com\/site\/?s={search_term_string}"},"query-input":{"@type":"PropertyValueSpecification","valueRequired":true,"valueName":"search_term_string"}}],"inLanguage":"es-AR"},{"@type":["Person","Organization"],"@id":"https:\/\/sergiolapegue.com\/site\/#\/schema\/person\/083aeceeb0734cd166779ea6c0551a37","name":"Sergio Lapegue","image":{"@type":"ImageObject","inLanguage":"es-AR","@id":"https:\/\/sergiolapegue.com\/site\/wp-content\/uploads\/2021\/04\/logo_header-1.png","url":"https:\/\/sergiolapegue.com\/site\/wp-content\/uploads\/2021\/04\/logo_header-1.png","contentUrl":"https:\/\/sergiolapegue.com\/site\/wp-content\/uploads\/2021\/04\/logo_header-1.png","width":272,"height":90,"caption":"Sergio Lapegue"},"logo":{"@id":"https:\/\/sergiolapegue.com\/site\/wp-content\/uploads\/2021\/04\/logo_header-1.png"},"sameAs":["https:\/\/facebook.com\/sergiolapegue","https:\/\/instagram.com\/sergiolapegue","https:\/\/x.com\/https:\/\/twitter.com\/sergiolapegue"]},{"@type":"Person","@id":"https:\/\/sergiolapegue.com\/site\/#\/schema\/person\/9198e7dbab43c6d74d0fd5399af7c3cd","name":"Daniel E. Monta\u00f1a","image":{"@type":"ImageObject","inLanguage":"es-AR","@id":"https:\/\/sergiolapegue.com\/site\/wp-content\/uploads\/2021\/04\/sl_avatar_Daniel-150x150.jpg","url":"https:\/\/sergiolapegue.com\/site\/wp-content\/uploads\/2021\/04\/sl_avatar_Daniel-150x150.jpg","contentUrl":"https:\/\/sergiolapegue.com\/site\/wp-content\/uploads\/2021\/04\/sl_avatar_Daniel-150x150.jpg","caption":"Daniel E. Monta\u00f1a"},"sameAs":["https:\/\/facebook.com\/danielernesto.montana","https:\/\/instagram.com\/daniel_montana1961","https:\/\/x.com\/https:\/\/twitter.com\/daner_004"],"url":"https:\/\/sergiolapegue.com\/site\/author\/daniel\/"}]}},"_links":{"self":[{"href":"https:\/\/sergiolapegue.com\/site\/wp-json\/wp\/v2\/posts\/32675","targetHints":{"allow":["GET"]}}],"collection":[{"href":"https:\/\/sergiolapegue.com\/site\/wp-json\/wp\/v2\/posts"}],"about":[{"href":"https:\/\/sergiolapegue.com\/site\/wp-json\/wp\/v2\/types\/post"}],"author":[{"embeddable":true,"href":"https:\/\/sergiolapegue.com\/site\/wp-json\/wp\/v2\/users\/3"}],"replies":[{"embeddable":true,"href":"https:\/\/sergiolapegue.com\/site\/wp-json\/wp\/v2\/comments?post=32675"}],"version-history":[{"count":1,"href":"https:\/\/sergiolapegue.com\/site\/wp-json\/wp\/v2\/posts\/32675\/revisions"}],"predecessor-version":[{"id":32678,"href":"https:\/\/sergiolapegue.com\/site\/wp-json\/wp\/v2\/posts\/32675\/revisions\/32678"}],"wp:featuredmedia":[{"embeddable":true,"href":"https:\/\/sergiolapegue.com\/site\/wp-json\/wp\/v2\/media\/32677"}],"wp:attachment":[{"href":"https:\/\/sergiolapegue.com\/site\/wp-json\/wp\/v2\/media?parent=32675"}],"wp:term":[{"taxonomy":"category","embeddable":true,"href":"https:\/\/sergiolapegue.com\/site\/wp-json\/wp\/v2\/categories?post=32675"},{"taxonomy":"post_tag","embeddable":true,"href":"https:\/\/sergiolapegue.com\/site\/wp-json\/wp\/v2\/tags?post=32675"}],"curies":[{"name":"wp","href":"https:\/\/api.w.org\/{rel}","templated":true}]}}