{"id":32667,"date":"2026-09-06T07:00:00","date_gmt":"2026-09-06T10:00:00","guid":{"rendered":"https:\/\/sergiolapegue.com\/site\/?p=32667"},"modified":"2026-09-05T02:42:04","modified_gmt":"2026-09-05T05:42:04","slug":"laura-tuny-lanza-su-nuevo-single-volvieron-las-mariposas","status":"publish","type":"post","link":"https:\/\/sergiolapegue.com\/site\/2026\/09\/06\/laura-tuny-lanza-su-nuevo-single-volvieron-las-mariposas\/","title":{"rendered":"LAURA TUNY LANZA SU NUEVO SINGLE \u201cVOLVIERON LAS MARIPOSAS\u201d"},"content":{"rendered":"\n<p class=\"wp-block-paragraph\">Laura Tuny lanza \u201cVolvieron Las Mariposas\u201d, su nuevo single. Cumbia pop que te transporta a ese momento m\u00e1gico y \u00fanico de sentir mariposas en el est\u00f3mago al enamorarte y particularmente en el caso de esta canci\u00f3n, encontrar un nuevo amor sin esperarlo, sin pensar que pod\u00eda volver a suceder. Sobre este single, Laura Tuny coment\u00f3\u00a0\u201cMe gust\u00f3 el hecho de crear una cumbia positiva, de amor, no de desamor como la mayor\u00eda de las que estamos acostumbrados a escuchar y por otro lado, quise abordar el tema de volver a enamorarse desde otro lugar. A la protagonista no le vienen a curar el coraz\u00f3n porque estaba roto ni la vienen a sanar porque estaba lastimada. Le va bien, se encuentra en una buena situaci\u00f3n y se da cuenta que su vida mejora con la llegada inesperada de un nuevo amor.\u00a0Nunca pens\u00f3 que podr\u00eda volver a sentir las mariposas que alguna vez sinti\u00f3.\u201d <\/p>\n\n\n\n<figure class=\"wp-block-image size-full is-resized\"><img loading=\"lazy\" decoding=\"async\" width=\"1000\" height=\"1000\" src=\"https:\/\/sergiolapegue.com\/site\/wp-content\/uploads\/2026\/09\/Laura-Tuny-lanza-su-nuevo-single-1.jpg\" alt=\"\" class=\"wp-image-32669\" style=\"width:1068px;height:auto\" srcset=\"https:\/\/sergiolapegue.com\/site\/wp-content\/uploads\/2026\/09\/Laura-Tuny-lanza-su-nuevo-single-1.jpg 1000w, https:\/\/sergiolapegue.com\/site\/wp-content\/uploads\/2026\/09\/Laura-Tuny-lanza-su-nuevo-single-1-150x150-1.jpg 150w, https:\/\/sergiolapegue.com\/site\/wp-content\/uploads\/2026\/09\/Laura-Tuny-lanza-su-nuevo-single-1-300x300.jpg 300w, https:\/\/sergiolapegue.com\/site\/wp-content\/uploads\/2026\/09\/Laura-Tuny-lanza-su-nuevo-single-1-768x768.jpg 768w, https:\/\/sergiolapegue.com\/site\/wp-content\/uploads\/2026\/09\/Laura-Tuny-lanza-su-nuevo-single-1-60x60.jpg 60w, https:\/\/sergiolapegue.com\/site\/wp-content\/uploads\/2026\/09\/Laura-Tuny-lanza-su-nuevo-single-1-324x324.jpg 324w, https:\/\/sergiolapegue.com\/site\/wp-content\/uploads\/2026\/09\/Laura-Tuny-lanza-su-nuevo-single-1-360x360.jpg 360w, https:\/\/sergiolapegue.com\/site\/wp-content\/uploads\/2026\/09\/Laura-Tuny-lanza-su-nuevo-single-1-696x696.jpg 696w\" sizes=\"auto, (max-width: 1000px) 100vw, 1000px\" \/><\/figure>\n\n\n\n<p class=\"wp-block-paragraph\"><strong>Tiendas digitales:<\/strong> <a href=\"https:\/\/orcd.co\/volvieronlasmariposas\">Volvieron Las Mariposas<\/a><\/p>\n\n\n\n<p class=\"wp-block-paragraph\"><strong>Cr\u00e9ditos m\u00fasica:<\/strong><\/p>\n\n\n\n<p class=\"wp-block-paragraph\">M\u00fasica y Letra: Laura Tuny &amp; Yadam Gonz\u00e1lez<\/p>\n\n\n\n<p class=\"wp-block-paragraph\">Producci\u00f3n: Yadam Gonz\u00e1lez para Lemon Tree Entertainment.<\/p>\n\n\n\n<p class=\"wp-block-paragraph\">Grabado en Estudios SoundLab y Lemon Tree, Miami. 2026<\/p>\n\n\n\n<p class=\"wp-block-paragraph\"><strong>Cr\u00e9ditos videoclip<\/strong><\/p>\n\n\n\n<p class=\"wp-block-paragraph\">Director: Mariano Dawidson<\/p>\n\n\n\n<p class=\"wp-block-paragraph\">Actor invitado: Atilio Giusto<\/p>\n\n\n\n<p class=\"wp-block-paragraph\">Filmado en La Carbonera, Buenos Aires. 2026<\/p>\n\n\n\n<figure class=\"wp-block-image size-large is-resized\"><img loading=\"lazy\" decoding=\"async\" width=\"852\" height=\"1024\" src=\"https:\/\/sergiolapegue.com\/site\/wp-content\/uploads\/2026\/09\/Laura-Tuny-lanza-su-nuevo-single-2-852x1024.jpg\" alt=\"\" class=\"wp-image-32668\" style=\"width:431px;height:auto\" srcset=\"https:\/\/sergiolapegue.com\/site\/wp-content\/uploads\/2026\/09\/Laura-Tuny-lanza-su-nuevo-single-2-852x1024.jpg 852w, https:\/\/sergiolapegue.com\/site\/wp-content\/uploads\/2026\/09\/Laura-Tuny-lanza-su-nuevo-single-2-250x300.jpg 250w, https:\/\/sergiolapegue.com\/site\/wp-content\/uploads\/2026\/09\/Laura-Tuny-lanza-su-nuevo-single-2-768x923.jpg 768w, https:\/\/sergiolapegue.com\/site\/wp-content\/uploads\/2026\/09\/Laura-Tuny-lanza-su-nuevo-single-2-696x836.jpg 696w, https:\/\/sergiolapegue.com\/site\/wp-content\/uploads\/2026\/09\/Laura-Tuny-lanza-su-nuevo-single-2.jpg 1000w\" sizes=\"auto, (max-width: 852px) 100vw, 852px\" \/><\/figure>\n\n\n\n<p class=\"wp-block-paragraph\"><strong>SOBRE LAURA TUNY<\/strong><strong><\/strong><\/p>\n\n\n\n<p class=\"wp-block-paragraph\">Es una artista multifac\u00e9tica que inici\u00f3 su carrera profesional con tan s\u00f3lo seis a\u00f1os de edad cuando integr\u00f3 el coro &#8216;Cantani\u00f1o&#8217;. De este proyecto se desprendi\u00f3 el grupo \u201cAg\u00fcita Clara\u201d, versi\u00f3n infantil de \u201cABBA\u201d.&nbsp; Posteriormente, Laura interpret\u00f3 el personaje de Etelvina en &#8216;Se\u00f1orita Maestra&#8217;, (telenovela) uno de los ciclos m\u00e1s recordados y exitosos de la televisi\u00f3n argentina. Continu\u00f3 su carrera como actriz en programas de televisi\u00f3n como \u201cEl camionero y la dama\u201d, \u201cClave de sol\u201d, \u201cLos otros y nosotros\u201d, \u201cEl Palacio de la Risa\u201d, \u201cAlta Comedia\u201d, \u201cLos Benvenutto\u201d, \u201cInconquistable coraz\u00f3n\u201d, \u201cPon\u00e9 a Francella\u201d, \u201cEl Sodero de mi Vida\u201d y otros. Su pasi\u00f3n por la m\u00fasica hizo que comenzara a escribir canciones. En 2004 lanz\u00f3 su \u00e1lbum debut, \u201cMi Sello En Tu Piel\u201d. Una adictiva fusi\u00f3n de ritmos latinos y Hip Hop, con temas de su autor\u00eda, mostrando el sentir y pensar de una mujer fuerte e independiente. Luego lo lanz\u00f3 en M\u00e9xico y particip\u00f3 de los masivos festivales de radio EXA en las ciudades m\u00e1s importantes de ese&nbsp; pa\u00eds, junto a artistas como Camila, Diego Boneta, Reik, Moderato y Paty Cant\u00fa. Abriendo una nueva etapa en su carrera musical, en 2008, Laura Tuny present\u00f3 &#8220;MI CAUSA&#8221;. Un segundo \u00e1lbum de car\u00e1cter optimista y positivo, el cual contiene el exitoso tema &#8220;La vida llega&#8221; que fue cortina del programa de TV &#8220;Quincea\u00f1eras&#8221; de Canal 13. Como compositora, escribi\u00f3 e interpret\u00f3 la canci\u00f3n de la pel\u00edcula americana &#8220;Golden Winter&#8221; y el tema infantil &#8220;Hiporopop\u00f3&#8221; de \u201ccanciones de la granja\u201d. Film\u00f3 como actriz en Hollywood su primera pel\u00edcula en ingl\u00e9s: &#8220;Age Of Dinosaurs&#8221; y \u201cTu momento&#8221;, un tema suyo, form\u00f3 parte del film &#8220;Sharknado 3&#8221;. En 2016 lanz\u00f3 su tercer disco:&nbsp; &#8220;LO NUESTRO&#8221;, 10 canciones de contagiosos ritmos como la cumbia y el merengue mezclados con el Pop. Se present\u00f3 en el Tayrona Music Fest en Santa Marta (Colombia) y tambi\u00e9n en diferentes lugares de Argentina.<\/p>\n\n\n\n<p class=\"wp-block-paragraph\">En 2024, Laura lanz\u00f3 \u201cDarlo Todo\u201d, su nueva m\u00fasica, de la mano del multi premiado productor Yadam Gonz\u00e1lez (Ganador del Grammy como compositor y productor por \u201cPatria y vida\u201d &#8211; Canci\u00f3n del a\u00f1o 2021 &#8211; y como coautor junto a Fonseca y Juan Luis Guerra de \u201cSi t\u00fa me quieres\u201d, mejor canci\u00f3n tropical 2023). Tambi\u00e9n productor de Diego Torres. La canci\u00f3n \u201cDarlo Todo\u201d es una declaraci\u00f3n de amor y el deseo de que ese amor perdure en el tiempo. Siguiendo con su estilo Pop Tropical, en 2025, Laura lanzaba su sencillo titulado \u201cYo Decido\u201d, el cual es acompa\u00f1ado por su videoclip oficial. En 2026 y junto al mismo productor de \u201cDarlo todo\u201d y \u201cYo decido\u201d, llega \u201cVolvieron las Mariposas\u201d.&nbsp; Con todo el sabor de la cumbia pop, para bailar y volver a enamorarse.<\/p>\n\n\n\n<p class=\"wp-block-paragraph\"><strong>Redes sociales:<\/strong><strong><\/strong><\/p>\n\n\n\n<p class=\"wp-block-paragraph\"><strong>Instagram:<\/strong>&nbsp;<a href=\"https:\/\/www.instagram.com\/lauratuny\" target=\"_blank\" rel=\"noopener\">@lauratuny<\/a><br><strong>Youtube:<\/strong><a href=\"https:\/\/www.youtube.com\/@lauratuny\" target=\"_blank\" rel=\"noopener\">&nbsp;Laura Tuny<\/a><\/p>\n\n\n\n<p class=\"wp-block-paragraph\"><strong>TikTok:<\/strong>&nbsp;<a href=\"https:\/\/www.tiktok.com\/@lauratuny\" target=\"_blank\" rel=\"noopener\">@lauratuny<\/a><br><strong>Facebook:<\/strong>&nbsp;<a href=\"https:\/\/www.facebook.com\/laura.tuny\" target=\"_blank\" rel=\"noopener\">Laura Tuny<\/a><\/p>\n\n\n\n<p class=\"wp-block-paragraph\">Web:\u00a0<a href=\"https:\/\/lauratuny.com\/\" target=\"_blank\" rel=\"noopener\">https:\/\/lauratuny.com<\/a><\/p>\n\n\n\n<p class=\"wp-block-paragraph\">Gracias Marcela Nu\u00f1ez por acercarnos la gacetilla de prensa del lanzamiento del nuevo single de Laura Tuny.<\/p>\n\n\n\n<p class=\"wp-block-paragraph\"><\/p>\n","protected":false},"excerpt":{"rendered":"<p>Laura Tuny lanza \u201cVolvieron Las Mariposas\u201d, su nuevo single. Cumbia pop que te transporta a ese momento m\u00e1gico y \u00fanico de sentir mariposas en el est\u00f3mago al enamorarte y particularmente en el caso de esta canci\u00f3n, encontrar un nuevo amor sin esperarlo, sin pensar que pod\u00eda volver a suceder. Sobre este single, Laura Tuny coment\u00f3\u00a0\u201cMe [&hellip;]<\/p>\n","protected":false},"author":3,"featured_media":32670,"comment_status":"open","ping_status":"closed","sticky":false,"template":"","format":"standard","meta":{"footnotes":""},"categories":[34,56],"tags":[],"class_list":["post-32667","post","type-post","status-publish","format-standard","has-post-thumbnail","category-arte","category-musica"],"yoast_head":"<!-- This site is optimized with the Yoast SEO plugin v28.4 - https:\/\/yoast.com\/product\/yoast-seo-wordpress\/ -->\n<title>LAURA TUNY LANZA SU NUEVO SINGLE \u201cVOLVIERON LAS MARIPOSAS\u201d - Sergio Lapegue<\/title>\n<meta name=\"robots\" content=\"index, follow, max-snippet:-1, max-image-preview:large, max-video-preview:-1\" \/>\n<link rel=\"canonical\" href=\"https:\/\/sergiolapegue.com\/site\/2026\/09\/06\/laura-tuny-lanza-su-nuevo-single-volvieron-las-mariposas\/\" \/>\n<meta property=\"og:locale\" content=\"es_ES\" \/>\n<meta property=\"og:type\" content=\"article\" \/>\n<meta property=\"og:title\" content=\"LAURA TUNY LANZA SU NUEVO SINGLE \u201cVOLVIERON LAS MARIPOSAS\u201d - Sergio Lapegue\" \/>\n<meta property=\"og:description\" content=\"Laura Tuny lanza \u201cVolvieron Las Mariposas\u201d, su nuevo single. Cumbia pop que te transporta a ese momento m\u00e1gico y \u00fanico de sentir mariposas en el est\u00f3mago al enamorarte y particularmente en el caso de esta canci\u00f3n, encontrar un nuevo amor sin esperarlo, sin pensar que pod\u00eda volver a suceder. Sobre este single, Laura Tuny coment\u00f3\u00a0\u201cMe [&hellip;]\" \/>\n<meta property=\"og:url\" content=\"https:\/\/sergiolapegue.com\/site\/2026\/09\/06\/laura-tuny-lanza-su-nuevo-single-volvieron-las-mariposas\/\" \/>\n<meta property=\"og:site_name\" content=\"Sergio Lapegue\" \/>\n<meta property=\"article:publisher\" content=\"https:\/\/facebook.com\/sergiolapegue\" \/>\n<meta property=\"article:author\" content=\"https:\/\/facebook.com\/danielernesto.montana\" \/>\n<meta property=\"article:published_time\" content=\"2026-09-06T10:00:00+00:00\" \/>\n<meta property=\"og:image\" content=\"https:\/\/sergiolapegue.com\/site\/wp-content\/uploads\/2026\/09\/Laura-Tuny-lanza-su-nuevo-single.jpg\" \/>\n\t<meta property=\"og:image:width\" content=\"1000\" \/>\n\t<meta property=\"og:image:height\" content=\"1000\" \/>\n\t<meta property=\"og:image:type\" content=\"image\/jpeg\" \/>\n<meta name=\"author\" content=\"Daniel E. Monta\u00f1a\" \/>\n<meta name=\"twitter:card\" content=\"summary_large_image\" \/>\n<meta name=\"twitter:creator\" content=\"@https:\/\/twitter.com\/daner_004\" \/>\n<meta name=\"twitter:site\" content=\"@sergiolapegue\" \/>\n<meta name=\"twitter:label1\" content=\"Escrito por\" \/>\n\t<meta name=\"twitter:data1\" content=\"Daniel E. Monta\u00f1a\" \/>\n\t<meta name=\"twitter:label2\" content=\"Tiempo de lectura\" \/>\n\t<meta name=\"twitter:data2\" content=\"4 minutos\" \/>\n<script type=\"application\/ld+json\" class=\"yoast-schema-graph\">{\"@context\":\"https:\\\/\\\/schema.org\",\"@graph\":[{\"@type\":\"Article\",\"@id\":\"https:\\\/\\\/sergiolapegue.com\\\/site\\\/2026\\\/09\\\/06\\\/laura-tuny-lanza-su-nuevo-single-volvieron-las-mariposas\\\/#article\",\"isPartOf\":{\"@id\":\"https:\\\/\\\/sergiolapegue.com\\\/site\\\/2026\\\/09\\\/06\\\/laura-tuny-lanza-su-nuevo-single-volvieron-las-mariposas\\\/\"},\"author\":{\"name\":\"Daniel E. Monta\u00f1a\",\"@id\":\"https:\\\/\\\/sergiolapegue.com\\\/site\\\/#\\\/schema\\\/person\\\/9198e7dbab43c6d74d0fd5399af7c3cd\"},\"headline\":\"LAURA TUNY LANZA SU NUEVO SINGLE \u201cVOLVIERON LAS MARIPOSAS\u201d\",\"datePublished\":\"2026-09-06T10:00:00+00:00\",\"mainEntityOfPage\":{\"@id\":\"https:\\\/\\\/sergiolapegue.com\\\/site\\\/2026\\\/09\\\/06\\\/laura-tuny-lanza-su-nuevo-single-volvieron-las-mariposas\\\/\"},\"wordCount\":736,\"commentCount\":0,\"publisher\":{\"@id\":\"https:\\\/\\\/sergiolapegue.com\\\/site\\\/#\\\/schema\\\/person\\\/083aeceeb0734cd166779ea6c0551a37\"},\"image\":{\"@id\":\"https:\\\/\\\/sergiolapegue.com\\\/site\\\/2026\\\/09\\\/06\\\/laura-tuny-lanza-su-nuevo-single-volvieron-las-mariposas\\\/#primaryimage\"},\"thumbnailUrl\":\"https:\\\/\\\/sergiolapegue.com\\\/site\\\/wp-content\\\/uploads\\\/2026\\\/09\\\/Laura-Tuny-lanza-su-nuevo-single.jpg\",\"articleSection\":[\"Arte\",\"M\u00fasica\"],\"inLanguage\":\"es-AR\",\"potentialAction\":[{\"@type\":\"CommentAction\",\"name\":\"Comment\",\"target\":[\"https:\\\/\\\/sergiolapegue.com\\\/site\\\/2026\\\/09\\\/06\\\/laura-tuny-lanza-su-nuevo-single-volvieron-las-mariposas\\\/#respond\"]}]},{\"@type\":\"WebPage\",\"@id\":\"https:\\\/\\\/sergiolapegue.com\\\/site\\\/2026\\\/09\\\/06\\\/laura-tuny-lanza-su-nuevo-single-volvieron-las-mariposas\\\/\",\"url\":\"https:\\\/\\\/sergiolapegue.com\\\/site\\\/2026\\\/09\\\/06\\\/laura-tuny-lanza-su-nuevo-single-volvieron-las-mariposas\\\/\",\"name\":\"LAURA TUNY LANZA SU NUEVO SINGLE \u201cVOLVIERON LAS MARIPOSAS\u201d - Sergio Lapegue\",\"isPartOf\":{\"@id\":\"https:\\\/\\\/sergiolapegue.com\\\/site\\\/#website\"},\"primaryImageOfPage\":{\"@id\":\"https:\\\/\\\/sergiolapegue.com\\\/site\\\/2026\\\/09\\\/06\\\/laura-tuny-lanza-su-nuevo-single-volvieron-las-mariposas\\\/#primaryimage\"},\"image\":{\"@id\":\"https:\\\/\\\/sergiolapegue.com\\\/site\\\/2026\\\/09\\\/06\\\/laura-tuny-lanza-su-nuevo-single-volvieron-las-mariposas\\\/#primaryimage\"},\"thumbnailUrl\":\"https:\\\/\\\/sergiolapegue.com\\\/site\\\/wp-content\\\/uploads\\\/2026\\\/09\\\/Laura-Tuny-lanza-su-nuevo-single.jpg\",\"datePublished\":\"2026-09-06T10:00:00+00:00\",\"breadcrumb\":{\"@id\":\"https:\\\/\\\/sergiolapegue.com\\\/site\\\/2026\\\/09\\\/06\\\/laura-tuny-lanza-su-nuevo-single-volvieron-las-mariposas\\\/#breadcrumb\"},\"inLanguage\":\"es-AR\",\"potentialAction\":[{\"@type\":\"ReadAction\",\"target\":[\"https:\\\/\\\/sergiolapegue.com\\\/site\\\/2026\\\/09\\\/06\\\/laura-tuny-lanza-su-nuevo-single-volvieron-las-mariposas\\\/\"]}]},{\"@type\":\"ImageObject\",\"inLanguage\":\"es-AR\",\"@id\":\"https:\\\/\\\/sergiolapegue.com\\\/site\\\/2026\\\/09\\\/06\\\/laura-tuny-lanza-su-nuevo-single-volvieron-las-mariposas\\\/#primaryimage\",\"url\":\"https:\\\/\\\/sergiolapegue.com\\\/site\\\/wp-content\\\/uploads\\\/2026\\\/09\\\/Laura-Tuny-lanza-su-nuevo-single.jpg\",\"contentUrl\":\"https:\\\/\\\/sergiolapegue.com\\\/site\\\/wp-content\\\/uploads\\\/2026\\\/09\\\/Laura-Tuny-lanza-su-nuevo-single.jpg\",\"width\":1000,\"height\":1000},{\"@type\":\"BreadcrumbList\",\"@id\":\"https:\\\/\\\/sergiolapegue.com\\\/site\\\/2026\\\/09\\\/06\\\/laura-tuny-lanza-su-nuevo-single-volvieron-las-mariposas\\\/#breadcrumb\",\"itemListElement\":[{\"@type\":\"ListItem\",\"position\":1,\"name\":\"Inicio\",\"item\":\"https:\\\/\\\/sergiolapegue.com\\\/site\\\/\"},{\"@type\":\"ListItem\",\"position\":2,\"name\":\"LAURA TUNY LANZA SU NUEVO SINGLE \u201cVOLVIERON LAS MARIPOSAS\u201d\"}]},{\"@type\":\"WebSite\",\"@id\":\"https:\\\/\\\/sergiolapegue.com\\\/site\\\/#website\",\"url\":\"https:\\\/\\\/sergiolapegue.com\\\/site\\\/\",\"name\":\"Sergio Lapegue\",\"description\":\"Periodista y conductor de radio y televisi\u00f3n argentino, nacido el 6 de septiembre de 1964.\",\"publisher\":{\"@id\":\"https:\\\/\\\/sergiolapegue.com\\\/site\\\/#\\\/schema\\\/person\\\/083aeceeb0734cd166779ea6c0551a37\"},\"potentialAction\":[{\"@type\":\"SearchAction\",\"target\":{\"@type\":\"EntryPoint\",\"urlTemplate\":\"https:\\\/\\\/sergiolapegue.com\\\/site\\\/?s={search_term_string}\"},\"query-input\":{\"@type\":\"PropertyValueSpecification\",\"valueRequired\":true,\"valueName\":\"search_term_string\"}}],\"inLanguage\":\"es-AR\"},{\"@type\":[\"Person\",\"Organization\"],\"@id\":\"https:\\\/\\\/sergiolapegue.com\\\/site\\\/#\\\/schema\\\/person\\\/083aeceeb0734cd166779ea6c0551a37\",\"name\":\"Sergio Lapegue\",\"image\":{\"@type\":\"ImageObject\",\"inLanguage\":\"es-AR\",\"@id\":\"https:\\\/\\\/sergiolapegue.com\\\/site\\\/wp-content\\\/uploads\\\/2021\\\/04\\\/logo_header-1.png\",\"url\":\"https:\\\/\\\/sergiolapegue.com\\\/site\\\/wp-content\\\/uploads\\\/2021\\\/04\\\/logo_header-1.png\",\"contentUrl\":\"https:\\\/\\\/sergiolapegue.com\\\/site\\\/wp-content\\\/uploads\\\/2021\\\/04\\\/logo_header-1.png\",\"width\":272,\"height\":90,\"caption\":\"Sergio Lapegue\"},\"logo\":{\"@id\":\"https:\\\/\\\/sergiolapegue.com\\\/site\\\/wp-content\\\/uploads\\\/2021\\\/04\\\/logo_header-1.png\"},\"sameAs\":[\"https:\\\/\\\/facebook.com\\\/sergiolapegue\",\"https:\\\/\\\/instagram.com\\\/sergiolapegue\",\"https:\\\/\\\/x.com\\\/https:\\\/\\\/twitter.com\\\/sergiolapegue\"]},{\"@type\":\"Person\",\"@id\":\"https:\\\/\\\/sergiolapegue.com\\\/site\\\/#\\\/schema\\\/person\\\/9198e7dbab43c6d74d0fd5399af7c3cd\",\"name\":\"Daniel E. Monta\u00f1a\",\"image\":{\"@type\":\"ImageObject\",\"inLanguage\":\"es-AR\",\"@id\":\"https:\\\/\\\/sergiolapegue.com\\\/site\\\/wp-content\\\/uploads\\\/2021\\\/04\\\/sl_avatar_Daniel-150x150.jpg\",\"url\":\"https:\\\/\\\/sergiolapegue.com\\\/site\\\/wp-content\\\/uploads\\\/2021\\\/04\\\/sl_avatar_Daniel-150x150.jpg\",\"contentUrl\":\"https:\\\/\\\/sergiolapegue.com\\\/site\\\/wp-content\\\/uploads\\\/2021\\\/04\\\/sl_avatar_Daniel-150x150.jpg\",\"caption\":\"Daniel E. Monta\u00f1a\"},\"sameAs\":[\"https:\\\/\\\/facebook.com\\\/danielernesto.montana\",\"https:\\\/\\\/instagram.com\\\/daniel_montana1961\",\"https:\\\/\\\/x.com\\\/https:\\\/\\\/twitter.com\\\/daner_004\"],\"url\":\"https:\\\/\\\/sergiolapegue.com\\\/site\\\/author\\\/daniel\\\/\"}]}<\/script>\n<!-- \/ Yoast SEO plugin. -->","yoast_head_json":{"title":"LAURA TUNY LANZA SU NUEVO SINGLE \u201cVOLVIERON LAS MARIPOSAS\u201d - Sergio Lapegue","robots":{"index":"index","follow":"follow","max-snippet":"max-snippet:-1","max-image-preview":"max-image-preview:large","max-video-preview":"max-video-preview:-1"},"canonical":"https:\/\/sergiolapegue.com\/site\/2026\/09\/06\/laura-tuny-lanza-su-nuevo-single-volvieron-las-mariposas\/","og_locale":"es_ES","og_type":"article","og_title":"LAURA TUNY LANZA SU NUEVO SINGLE \u201cVOLVIERON LAS MARIPOSAS\u201d - Sergio Lapegue","og_description":"Laura Tuny lanza \u201cVolvieron Las Mariposas\u201d, su nuevo single. Cumbia pop que te transporta a ese momento m\u00e1gico y \u00fanico de sentir mariposas en el est\u00f3mago al enamorarte y particularmente en el caso de esta canci\u00f3n, encontrar un nuevo amor sin esperarlo, sin pensar que pod\u00eda volver a suceder. Sobre este single, Laura Tuny coment\u00f3\u00a0\u201cMe [&hellip;]","og_url":"https:\/\/sergiolapegue.com\/site\/2026\/09\/06\/laura-tuny-lanza-su-nuevo-single-volvieron-las-mariposas\/","og_site_name":"Sergio Lapegue","article_publisher":"https:\/\/facebook.com\/sergiolapegue","article_author":"https:\/\/facebook.com\/danielernesto.montana","article_published_time":"2026-09-06T10:00:00+00:00","og_image":[{"width":1000,"height":1000,"url":"https:\/\/sergiolapegue.com\/site\/wp-content\/uploads\/2026\/09\/Laura-Tuny-lanza-su-nuevo-single.jpg","type":"image\/jpeg"}],"author":"Daniel E. Monta\u00f1a","twitter_card":"summary_large_image","twitter_creator":"@https:\/\/twitter.com\/daner_004","twitter_site":"@sergiolapegue","twitter_misc":{"Escrito por":"Daniel E. Monta\u00f1a","Tiempo de lectura":"4 minutos"},"schema":{"@context":"https:\/\/schema.org","@graph":[{"@type":"Article","@id":"https:\/\/sergiolapegue.com\/site\/2026\/09\/06\/laura-tuny-lanza-su-nuevo-single-volvieron-las-mariposas\/#article","isPartOf":{"@id":"https:\/\/sergiolapegue.com\/site\/2026\/09\/06\/laura-tuny-lanza-su-nuevo-single-volvieron-las-mariposas\/"},"author":{"name":"Daniel E. Monta\u00f1a","@id":"https:\/\/sergiolapegue.com\/site\/#\/schema\/person\/9198e7dbab43c6d74d0fd5399af7c3cd"},"headline":"LAURA TUNY LANZA SU NUEVO SINGLE \u201cVOLVIERON LAS MARIPOSAS\u201d","datePublished":"2026-09-06T10:00:00+00:00","mainEntityOfPage":{"@id":"https:\/\/sergiolapegue.com\/site\/2026\/09\/06\/laura-tuny-lanza-su-nuevo-single-volvieron-las-mariposas\/"},"wordCount":736,"commentCount":0,"publisher":{"@id":"https:\/\/sergiolapegue.com\/site\/#\/schema\/person\/083aeceeb0734cd166779ea6c0551a37"},"image":{"@id":"https:\/\/sergiolapegue.com\/site\/2026\/09\/06\/laura-tuny-lanza-su-nuevo-single-volvieron-las-mariposas\/#primaryimage"},"thumbnailUrl":"https:\/\/sergiolapegue.com\/site\/wp-content\/uploads\/2026\/09\/Laura-Tuny-lanza-su-nuevo-single.jpg","articleSection":["Arte","M\u00fasica"],"inLanguage":"es-AR","potentialAction":[{"@type":"CommentAction","name":"Comment","target":["https:\/\/sergiolapegue.com\/site\/2026\/09\/06\/laura-tuny-lanza-su-nuevo-single-volvieron-las-mariposas\/#respond"]}]},{"@type":"WebPage","@id":"https:\/\/sergiolapegue.com\/site\/2026\/09\/06\/laura-tuny-lanza-su-nuevo-single-volvieron-las-mariposas\/","url":"https:\/\/sergiolapegue.com\/site\/2026\/09\/06\/laura-tuny-lanza-su-nuevo-single-volvieron-las-mariposas\/","name":"LAURA TUNY LANZA SU NUEVO SINGLE \u201cVOLVIERON LAS MARIPOSAS\u201d - Sergio Lapegue","isPartOf":{"@id":"https:\/\/sergiolapegue.com\/site\/#website"},"primaryImageOfPage":{"@id":"https:\/\/sergiolapegue.com\/site\/2026\/09\/06\/laura-tuny-lanza-su-nuevo-single-volvieron-las-mariposas\/#primaryimage"},"image":{"@id":"https:\/\/sergiolapegue.com\/site\/2026\/09\/06\/laura-tuny-lanza-su-nuevo-single-volvieron-las-mariposas\/#primaryimage"},"thumbnailUrl":"https:\/\/sergiolapegue.com\/site\/wp-content\/uploads\/2026\/09\/Laura-Tuny-lanza-su-nuevo-single.jpg","datePublished":"2026-09-06T10:00:00+00:00","breadcrumb":{"@id":"https:\/\/sergiolapegue.com\/site\/2026\/09\/06\/laura-tuny-lanza-su-nuevo-single-volvieron-las-mariposas\/#breadcrumb"},"inLanguage":"es-AR","potentialAction":[{"@type":"ReadAction","target":["https:\/\/sergiolapegue.com\/site\/2026\/09\/06\/laura-tuny-lanza-su-nuevo-single-volvieron-las-mariposas\/"]}]},{"@type":"ImageObject","inLanguage":"es-AR","@id":"https:\/\/sergiolapegue.com\/site\/2026\/09\/06\/laura-tuny-lanza-su-nuevo-single-volvieron-las-mariposas\/#primaryimage","url":"https:\/\/sergiolapegue.com\/site\/wp-content\/uploads\/2026\/09\/Laura-Tuny-lanza-su-nuevo-single.jpg","contentUrl":"https:\/\/sergiolapegue.com\/site\/wp-content\/uploads\/2026\/09\/Laura-Tuny-lanza-su-nuevo-single.jpg","width":1000,"height":1000},{"@type":"BreadcrumbList","@id":"https:\/\/sergiolapegue.com\/site\/2026\/09\/06\/laura-tuny-lanza-su-nuevo-single-volvieron-las-mariposas\/#breadcrumb","itemListElement":[{"@type":"ListItem","position":1,"name":"Inicio","item":"https:\/\/sergiolapegue.com\/site\/"},{"@type":"ListItem","position":2,"name":"LAURA TUNY LANZA SU NUEVO SINGLE \u201cVOLVIERON LAS MARIPOSAS\u201d"}]},{"@type":"WebSite","@id":"https:\/\/sergiolapegue.com\/site\/#website","url":"https:\/\/sergiolapegue.com\/site\/","name":"Sergio Lapegue","description":"Periodista y conductor de radio y televisi\u00f3n argentino, nacido el 6 de septiembre de 1964.","publisher":{"@id":"https:\/\/sergiolapegue.com\/site\/#\/schema\/person\/083aeceeb0734cd166779ea6c0551a37"},"potentialAction":[{"@type":"SearchAction","target":{"@type":"EntryPoint","urlTemplate":"https:\/\/sergiolapegue.com\/site\/?s={search_term_string}"},"query-input":{"@type":"PropertyValueSpecification","valueRequired":true,"valueName":"search_term_string"}}],"inLanguage":"es-AR"},{"@type":["Person","Organization"],"@id":"https:\/\/sergiolapegue.com\/site\/#\/schema\/person\/083aeceeb0734cd166779ea6c0551a37","name":"Sergio Lapegue","image":{"@type":"ImageObject","inLanguage":"es-AR","@id":"https:\/\/sergiolapegue.com\/site\/wp-content\/uploads\/2021\/04\/logo_header-1.png","url":"https:\/\/sergiolapegue.com\/site\/wp-content\/uploads\/2021\/04\/logo_header-1.png","contentUrl":"https:\/\/sergiolapegue.com\/site\/wp-content\/uploads\/2021\/04\/logo_header-1.png","width":272,"height":90,"caption":"Sergio Lapegue"},"logo":{"@id":"https:\/\/sergiolapegue.com\/site\/wp-content\/uploads\/2021\/04\/logo_header-1.png"},"sameAs":["https:\/\/facebook.com\/sergiolapegue","https:\/\/instagram.com\/sergiolapegue","https:\/\/x.com\/https:\/\/twitter.com\/sergiolapegue"]},{"@type":"Person","@id":"https:\/\/sergiolapegue.com\/site\/#\/schema\/person\/9198e7dbab43c6d74d0fd5399af7c3cd","name":"Daniel E. Monta\u00f1a","image":{"@type":"ImageObject","inLanguage":"es-AR","@id":"https:\/\/sergiolapegue.com\/site\/wp-content\/uploads\/2021\/04\/sl_avatar_Daniel-150x150.jpg","url":"https:\/\/sergiolapegue.com\/site\/wp-content\/uploads\/2021\/04\/sl_avatar_Daniel-150x150.jpg","contentUrl":"https:\/\/sergiolapegue.com\/site\/wp-content\/uploads\/2021\/04\/sl_avatar_Daniel-150x150.jpg","caption":"Daniel E. Monta\u00f1a"},"sameAs":["https:\/\/facebook.com\/danielernesto.montana","https:\/\/instagram.com\/daniel_montana1961","https:\/\/x.com\/https:\/\/twitter.com\/daner_004"],"url":"https:\/\/sergiolapegue.com\/site\/author\/daniel\/"}]}},"_links":{"self":[{"href":"https:\/\/sergiolapegue.com\/site\/wp-json\/wp\/v2\/posts\/32667","targetHints":{"allow":["GET"]}}],"collection":[{"href":"https:\/\/sergiolapegue.com\/site\/wp-json\/wp\/v2\/posts"}],"about":[{"href":"https:\/\/sergiolapegue.com\/site\/wp-json\/wp\/v2\/types\/post"}],"author":[{"embeddable":true,"href":"https:\/\/sergiolapegue.com\/site\/wp-json\/wp\/v2\/users\/3"}],"replies":[{"embeddable":true,"href":"https:\/\/sergiolapegue.com\/site\/wp-json\/wp\/v2\/comments?post=32667"}],"version-history":[{"count":1,"href":"https:\/\/sergiolapegue.com\/site\/wp-json\/wp\/v2\/posts\/32667\/revisions"}],"predecessor-version":[{"id":32671,"href":"https:\/\/sergiolapegue.com\/site\/wp-json\/wp\/v2\/posts\/32667\/revisions\/32671"}],"wp:featuredmedia":[{"embeddable":true,"href":"https:\/\/sergiolapegue.com\/site\/wp-json\/wp\/v2\/media\/32670"}],"wp:attachment":[{"href":"https:\/\/sergiolapegue.com\/site\/wp-json\/wp\/v2\/media?parent=32667"}],"wp:term":[{"taxonomy":"category","embeddable":true,"href":"https:\/\/sergiolapegue.com\/site\/wp-json\/wp\/v2\/categories?post=32667"},{"taxonomy":"post_tag","embeddable":true,"href":"https:\/\/sergiolapegue.com\/site\/wp-json\/wp\/v2\/tags?post=32667"}],"curies":[{"name":"wp","href":"https:\/\/api.w.org\/{rel}","templated":true}]}}