{"id":32660,"date":"2026-09-06T01:00:00","date_gmt":"2026-09-06T04:00:00","guid":{"rendered":"https:\/\/sergiolapegue.com\/site\/?p=32660"},"modified":"2026-09-05T01:31:48","modified_gmt":"2026-09-05T04:31:48","slug":"musicalmente-tuyos","status":"publish","type":"post","link":"https:\/\/sergiolapegue.com\/site\/2026\/09\/06\/musicalmente-tuyos\/","title":{"rendered":"\u201cMUSICALMENTE TUYOS\u201d"},"content":{"rendered":"\n<p class=\"wp-block-paragraph\">En una cartelera teatral que busca constantemente renovarse, &#8220;Musicalmente Tuyos&#8221;, la nueva y esperada creaci\u00f3n del galardonado autor, compositor y director Fernando Albinarrate, se presenta como una propuesta \u00fanica en su tipo: una comedia orquestal que rompe de manera absoluta con la solemnidad del concierto tradicional. La obra propone un singular y din\u00e1mico encuentro de lenguajes donde conviven sin prejuicios el recital, el concierto cl\u00e1sico, el music hall, el teatro musical, la canci\u00f3n popular y la variet\u00e9 de humor. Con un elenco estelar de primer nivel \u2014 Iride Mockert, Ivanna Rossi, Juli\u00e1n Pucheta y Mariano Mazzei \u2014 y una gran orquesta de 11 m\u00fasicos en vivo, esta propuesta fusiona humor, teatro y m\u00fasica de todos los tiempos. Las funciones ser\u00e1n todos los lunes a las 20:00 horas en el Teatro Picadero.<\/p>\n\n\n\n<figure class=\"wp-block-image size-full is-resized\"><img loading=\"lazy\" decoding=\"async\" width=\"1000\" height=\"1000\" src=\"https:\/\/sergiolapegue.com\/site\/wp-content\/uploads\/2026\/09\/Musicalmente-tuyos-Iride-Mockert.jpg\" alt=\"\" class=\"wp-image-32661\" style=\"width:1068px;height:auto\" srcset=\"https:\/\/sergiolapegue.com\/site\/wp-content\/uploads\/2026\/09\/Musicalmente-tuyos-Iride-Mockert.jpg 1000w, https:\/\/sergiolapegue.com\/site\/wp-content\/uploads\/2026\/09\/Musicalmente-tuyos-Iride-Mockert-150x150-1.jpg 150w, https:\/\/sergiolapegue.com\/site\/wp-content\/uploads\/2026\/09\/Musicalmente-tuyos-Iride-Mockert-300x300.jpg 300w, https:\/\/sergiolapegue.com\/site\/wp-content\/uploads\/2026\/09\/Musicalmente-tuyos-Iride-Mockert-60x60.jpg 60w, https:\/\/sergiolapegue.com\/site\/wp-content\/uploads\/2026\/09\/Musicalmente-tuyos-Iride-Mockert-768x768.jpg 768w, https:\/\/sergiolapegue.com\/site\/wp-content\/uploads\/2026\/09\/Musicalmente-tuyos-Iride-Mockert-324x324.jpg 324w, https:\/\/sergiolapegue.com\/site\/wp-content\/uploads\/2026\/09\/Musicalmente-tuyos-Iride-Mockert-360x360.jpg 360w, https:\/\/sergiolapegue.com\/site\/wp-content\/uploads\/2026\/09\/Musicalmente-tuyos-Iride-Mockert-696x696.jpg 696w\" sizes=\"auto, (max-width: 1000px) 100vw, 1000px\" \/><\/figure>\n\n\n\n<p class=\"wp-block-paragraph\"><strong>SINOPSIS<\/strong><\/p>\n\n\n\n<p class=\"wp-block-paragraph\">&#8220;Musicalmente Tuyos&#8221; es una comedia que fusiona teatro, m\u00fasica en vivo y humor en una propuesta original e inesperada. En escena, los actores cantan, interpretan y se mueven entre los atriles de una orquesta que tambi\u00e9n forma parte de la acci\u00f3n. Un concierto? Una obra teatral? Un music hall? Una variet\u00e9? Un poco de todo para crear algo distinto. Bach, Freddie Mercury, Beethoven, ABBA, Rossini, Village People, Strauss y Mariah Carey conviven en un universo esc\u00e9nico donde grandes obras dialogan con canciones populares y composiciones originales. Un espect\u00e1culo que sorprende, emociona y divierte, celebrando el poder de la m\u00fasica para unir g\u00e9neros, \u00e9pocas y personas. Porque la m\u00fasica es de todos, y para todos. Una experiencia \u00fanica para re\u00edr, emocionarse y redescubrir la m\u00fasica como nunca antes la viviste.&nbsp;<\/p>\n\n\n\n<figure class=\"wp-block-image size-full is-resized\"><img loading=\"lazy\" decoding=\"async\" width=\"1000\" height=\"1000\" src=\"https:\/\/sergiolapegue.com\/site\/wp-content\/uploads\/2026\/09\/Musicalmente-tuyos-Ivanna-Rossi.jpg\" alt=\"\" class=\"wp-image-32662\" style=\"width:1068px;height:auto\" srcset=\"https:\/\/sergiolapegue.com\/site\/wp-content\/uploads\/2026\/09\/Musicalmente-tuyos-Ivanna-Rossi.jpg 1000w, https:\/\/sergiolapegue.com\/site\/wp-content\/uploads\/2026\/09\/Musicalmente-tuyos-Ivanna-Rossi-150x150-1.jpg 150w, https:\/\/sergiolapegue.com\/site\/wp-content\/uploads\/2026\/09\/Musicalmente-tuyos-Ivanna-Rossi-300x300.jpg 300w, https:\/\/sergiolapegue.com\/site\/wp-content\/uploads\/2026\/09\/Musicalmente-tuyos-Ivanna-Rossi-768x768.jpg 768w, https:\/\/sergiolapegue.com\/site\/wp-content\/uploads\/2026\/09\/Musicalmente-tuyos-Ivanna-Rossi-60x60.jpg 60w, https:\/\/sergiolapegue.com\/site\/wp-content\/uploads\/2026\/09\/Musicalmente-tuyos-Ivanna-Rossi-324x324.jpg 324w, https:\/\/sergiolapegue.com\/site\/wp-content\/uploads\/2026\/09\/Musicalmente-tuyos-Ivanna-Rossi-696x696.jpg 696w, https:\/\/sergiolapegue.com\/site\/wp-content\/uploads\/2026\/09\/Musicalmente-tuyos-Ivanna-Rossi-360x360.jpg 360w\" sizes=\"auto, (max-width: 1000px) 100vw, 1000px\" \/><\/figure>\n\n\n\n<p class=\"wp-block-paragraph\"><strong>PALABRAS DEL AUTOR<\/strong><strong><\/strong><\/p>\n\n\n\n<p class=\"wp-block-paragraph\">\u201cSi cre\u00edste que ven\u00edas a un concierto\u2026 en fin, s\u00ed, un concierto es, pero la verdad es que parece m\u00e1s un recital. \u00a1Par\u00e1! No\u2026 es un music hall. Eso. Aunque, pens\u00e1ndolo bien, es un music hall m\u00e1s tirando a variet\u00e9 de humor musical. Pero no nos malentiendan: no deja de ser un concierto. No uno de esos conciertos cl\u00e1sicos tipo Teatro Col\u00f3n, porque tambi\u00e9n hay jazz, tangos, valses y m\u00fasica pop. No solo hacemos m\u00fasica: tambi\u00e9n hablamos de ella, contamos historias y proponemos una experiencia inmersiva. Si despu\u00e9s de esta explicaci\u00f3n no entendiste nada, es totalmente l\u00f3gico. La \u00fanica manera de entender Musicalmente tuyos es venir y pasar por la experiencia\u201d. <strong>&#8211; Fernando Albinarrate<\/strong><\/p>\n\n\n\n<figure class=\"wp-block-image size-full is-resized\"><img loading=\"lazy\" decoding=\"async\" width=\"1000\" height=\"1000\" src=\"https:\/\/sergiolapegue.com\/site\/wp-content\/uploads\/2026\/09\/Musicalmente-tuyos-Julian-Pucheta.jpg\" alt=\"\" class=\"wp-image-32663\" style=\"width:1068px;height:auto\" srcset=\"https:\/\/sergiolapegue.com\/site\/wp-content\/uploads\/2026\/09\/Musicalmente-tuyos-Julian-Pucheta.jpg 1000w, https:\/\/sergiolapegue.com\/site\/wp-content\/uploads\/2026\/09\/Musicalmente-tuyos-Julian-Pucheta-150x150-1.jpg 150w, https:\/\/sergiolapegue.com\/site\/wp-content\/uploads\/2026\/09\/Musicalmente-tuyos-Julian-Pucheta-300x300.jpg 300w, https:\/\/sergiolapegue.com\/site\/wp-content\/uploads\/2026\/09\/Musicalmente-tuyos-Julian-Pucheta-60x60.jpg 60w, https:\/\/sergiolapegue.com\/site\/wp-content\/uploads\/2026\/09\/Musicalmente-tuyos-Julian-Pucheta-768x768.jpg 768w, https:\/\/sergiolapegue.com\/site\/wp-content\/uploads\/2026\/09\/Musicalmente-tuyos-Julian-Pucheta-324x324.jpg 324w, https:\/\/sergiolapegue.com\/site\/wp-content\/uploads\/2026\/09\/Musicalmente-tuyos-Julian-Pucheta-360x360.jpg 360w, https:\/\/sergiolapegue.com\/site\/wp-content\/uploads\/2026\/09\/Musicalmente-tuyos-Julian-Pucheta-696x696.jpg 696w\" sizes=\"auto, (max-width: 1000px) 100vw, 1000px\" \/><\/figure>\n\n\n\n<p class=\"wp-block-paragraph\"><strong>FICHA T\u00c9CNICO ART\u00cdSTICA<\/strong><\/p>\n\n\n\n<p class=\"wp-block-paragraph\"><strong>Autor:<\/strong> Fernando Albinarrate&nbsp;<\/p>\n\n\n\n<p class=\"wp-block-paragraph\"><strong>Elenco:<\/strong> Iride Mockert, Ivanna Rossi, Juli\u00e1n Pucheta y Mariano Mazzei<\/p>\n\n\n\n<p class=\"wp-block-paragraph\"><strong>Letras:<\/strong> Fernando Albinarrate<\/p>\n\n\n\n<p class=\"wp-block-paragraph\"><strong>M\u00fasica original:<\/strong> Fernando Albinarrate<\/p>\n\n\n\n<p class=\"wp-block-paragraph\"><strong>Arreglos musicales y orquestaci\u00f3n:<\/strong> Gerardo Delgado<\/p>\n\n\n\n<p class=\"wp-block-paragraph\"><strong>Orquesta en vivo:<\/strong> Piano y teclados: Gerardo Delgado<\/p>\n\n\n\n<p class=\"wp-block-paragraph\">\u00a0\u00a0\u00a0\u00a0\u00a0\u00a0\u00a0\u00a0\u00a0\u00a0\u00a0\u00a0\u00a0\u00a0\u00a0\u00a0\u00a0\u00a0\u00a0\u00a0\u00a0\u00a0\u00a0\u00a0\u00a0\u00a0\u00a0\u00a0\u00a0 Bajo: Pablo Leone<\/p>\n\n\n\n<p class=\"wp-block-paragraph\">\u00a0\u00a0\u00a0\u00a0\u00a0\u00a0\u00a0\u00a0\u00a0\u00a0\u00a0\u00a0\u00a0\u00a0\u00a0\u00a0\u00a0\u00a0\u00a0\u00a0\u00a0\u00a0\u00a0\u00a0\u00a0\u00a0\u00a0\u00a0\u00a0\u00a0Flauta traversa: Samuel Valenzuela D\u00edaz<\/p>\n\n\n\n<p class=\"wp-block-paragraph\">\u00a0\u00a0\u00a0\u00a0\u00a0\u00a0\u00a0\u00a0\u00a0\u00a0\u00a0\u00a0\u00a0\u00a0\u00a0\u00a0\u00a0\u00a0\u00a0\u00a0\u00a0\u00a0\u00a0\u00a0\u00a0\u00a0\u00a0\u00a0\u00a0\u00a0Clarinete y saxo: Uriel Kaufman<\/p>\n\n\n\n<p class=\"wp-block-paragraph\">\u00a0\u00a0\u00a0\u00a0\u00a0\u00a0\u00a0\u00a0\u00a0\u00a0\u00a0\u00a0\u00a0\u00a0\u00a0\u00a0\u00a0\u00a0\u00a0\u00a0\u00a0\u00a0\u00a0\u00a0\u00a0\u00a0\u00a0\u00a0\u00a0 Trompeta y bandone\u00f3n: Joaqu\u00edn Rodrigo Isla<\/p>\n\n\n\n<p class=\"wp-block-paragraph\">\u00a0\u00a0\u00a0\u00a0\u00a0\u00a0\u00a0\u00a0\u00a0\u00a0\u00a0\u00a0\u00a0\u00a0\u00a0\u00a0\u00a0\u00a0\u00a0\u00a0\u00a0\u00a0\u00a0\u00a0\u00a0\u00a0\u00a0\u00a0\u00a0\u00a0Tromb\u00f3n: Ernesto Augusto Jos\u00e9<\/p>\n\n\n\n<p class=\"wp-block-paragraph\">\u00a0\u00a0\u00a0\u00a0\u00a0\u00a0\u00a0\u00a0\u00a0\u00a0\u00a0\u00a0\u00a0\u00a0\u00a0\u00a0\u00a0\u00a0\u00a0\u00a0\u00a0\u00a0\u00a0\u00a0\u00a0\u00a0\u00a0\u00a0\u00a0 \u00a0Percusi\u00f3n: Ariel Gonz\u00e1lez<\/p>\n\n\n\n<p class=\"wp-block-paragraph\">\u00a0\u00a0\u00a0\u00a0\u00a0\u00a0\u00a0\u00a0\u00a0\u00a0\u00a0\u00a0\u00a0\u00a0\u00a0\u00a0\u00a0\u00a0\u00a0\u00a0\u00a0\u00a0\u00a0\u00a0\u00a0\u00a0\u00a0\u00a0\u00a0\u00a0\u00a0Viola: Violeta Averbuj<\/p>\n\n\n\n<p class=\"wp-block-paragraph\">\u00a0\u00a0\u00a0\u00a0\u00a0\u00a0\u00a0\u00a0\u00a0\u00a0\u00a0\u00a0\u00a0\u00a0\u00a0\u00a0\u00a0\u00a0\u00a0\u00a0\u00a0\u00a0\u00a0\u00a0\u00a0\u00a0\u00a0\u00a0\u00a0\u00a0\u00a0Violonchelo: Jason Steven P\u00e9rez Cea<\/p>\n\n\n\n<p class=\"wp-block-paragraph\">\u00a0\u00a0\u00a0\u00a0\u00a0\u00a0\u00a0\u00a0\u00a0\u00a0\u00a0\u00a0\u00a0\u00a0\u00a0\u00a0\u00a0\u00a0\u00a0\u00a0\u00a0\u00a0\u00a0\u00a0\u00a0\u00a0\u00a0\u00a0\u00a0\u00a0\u00a0Violines: Alejandro \u00c1lvarez Fiore (concertino),\u00a0David Felipe Scarpetta y\u00a0Kevin Naranjo<\/p>\n\n\n\n<p class=\"wp-block-paragraph\"><strong>Direcci\u00f3n musical:<\/strong> Fernando Albinarrate<\/p>\n\n\n\n<p class=\"wp-block-paragraph\"><strong>Dise\u00f1o de luces:<\/strong> Gonzalo Dozo<\/p>\n\n\n\n<p class=\"wp-block-paragraph\"><strong>Dise\u00f1o de sonido:<\/strong> Ezequiel Kosiner Blanco<\/p>\n\n\n\n<p class=\"wp-block-paragraph\"><strong>Coreograf\u00eda:<\/strong> Ver\u00f3nica Pecollo<\/p>\n\n\n\n<p class=\"wp-block-paragraph\"><strong>Dise\u00f1o gr\u00e1fico:<\/strong> Jimena Schwarzbaum<\/p>\n\n\n\n<p class=\"wp-block-paragraph\"><strong>Prensa y comunicaci\u00f3n:<\/strong> BMZ Comunicaciones<\/p>\n\n\n\n<p class=\"wp-block-paragraph\"><strong>Direcci\u00f3n general:<\/strong> Fernando Albinarrate y Mar\u00eda Pascual<\/p>\n\n\n\n<p class=\"wp-block-paragraph\"><strong>Producci\u00f3n ejecutiva:<\/strong> Marina Calzado Linage, Amelita Silvera Reyes, Andrea Zanfranceschi y Hern\u00e1n Abalo<\/p>\n\n\n\n<p class=\"wp-block-paragraph\"><strong>Producci\u00f3n general:<\/strong> Marina Calzado Linage y Fernando Albinarrate<\/p>\n\n\n\n<p class=\"wp-block-paragraph\"><strong>Direcci\u00f3n:<\/strong> Fernando Albinarrate<\/p>\n\n\n\n<p class=\"wp-block-paragraph\"><strong>Instagram Oficial:<\/strong> @musicalmentetuyos<\/p>\n\n\n\n<p class=\"wp-block-paragraph\"><strong>Duraci\u00f3n:<\/strong> 100 minutos<\/p>\n\n\n\n<p class=\"wp-block-paragraph\"><strong>Clasificaci\u00f3n:<\/strong> Teatro \u2013 Presencial \u2013 Comedia musical \u2013 Apto todo p\u00fablico (+2)<\/p>\n\n\n\n<figure class=\"wp-block-image size-full is-resized\"><img loading=\"lazy\" decoding=\"async\" width=\"1000\" height=\"1000\" src=\"https:\/\/sergiolapegue.com\/site\/wp-content\/uploads\/2026\/09\/Musicalmente-tuyos-Mariano-Mazzei.jpg\" alt=\"\" class=\"wp-image-32664\" style=\"width:1068px;height:auto\" srcset=\"https:\/\/sergiolapegue.com\/site\/wp-content\/uploads\/2026\/09\/Musicalmente-tuyos-Mariano-Mazzei.jpg 1000w, https:\/\/sergiolapegue.com\/site\/wp-content\/uploads\/2026\/09\/Musicalmente-tuyos-Mariano-Mazzei-150x150-1.jpg 150w, https:\/\/sergiolapegue.com\/site\/wp-content\/uploads\/2026\/09\/Musicalmente-tuyos-Mariano-Mazzei-300x300.jpg 300w, https:\/\/sergiolapegue.com\/site\/wp-content\/uploads\/2026\/09\/Musicalmente-tuyos-Mariano-Mazzei-768x768.jpg 768w, https:\/\/sergiolapegue.com\/site\/wp-content\/uploads\/2026\/09\/Musicalmente-tuyos-Mariano-Mazzei-60x60.jpg 60w, https:\/\/sergiolapegue.com\/site\/wp-content\/uploads\/2026\/09\/Musicalmente-tuyos-Mariano-Mazzei-324x324.jpg 324w, https:\/\/sergiolapegue.com\/site\/wp-content\/uploads\/2026\/09\/Musicalmente-tuyos-Mariano-Mazzei-360x360.jpg 360w, https:\/\/sergiolapegue.com\/site\/wp-content\/uploads\/2026\/09\/Musicalmente-tuyos-Mariano-Mazzei-696x696.jpg 696w\" sizes=\"auto, (max-width: 1000px) 100vw, 1000px\" \/><\/figure>\n\n\n\n<p class=\"wp-block-paragraph\"><strong>TEATRO PICADERO<\/strong><strong><\/strong><\/p>\n\n\n\n<p class=\"wp-block-paragraph\">Pasaje Enrique Santos Disc\u00e9polo 1857 \u2013 Capital Federal \u2013 Buenos Aires \u2013 Argentina<\/p>\n\n\n\n<p class=\"wp-block-paragraph\">Tel\u00e9fono: 5199-5793<\/p>\n\n\n\n<p class=\"wp-block-paragraph\">Entradas: $ 50.000 \u2013 en boleter\u00eda del teatro o por Plateanet \u2013 Link:<\/p>\n\n\n\n<p class=\"wp-block-paragraph\"><a href=\"https:\/\/www.plateanet.com\/obra\/35143?obra=MUSICALMENTE%20TUYOS&amp;paso=inicio&amp;utm_source=email_marketing&amp;utm_admin=91599&amp;utm_medium=email&amp;utm_campaign=BMZ_COMUNICACIONES_RECOMENDACIONES_PARA_DISFRUTAR_DE_BUEN_TEATRO\">MUSICALMENTE TUYOS &#8211; Plateanet<\/a><\/p>\n\n\n\n<p class=\"wp-block-paragraph\">Funciones: Lunes 20:00 horas \u2013 Desde el 14\/09\/2026<\/p>\n\n\n\n<p class=\"wp-block-paragraph\">Gracias BMZ Comunicaciones por acercarnos la gacetilla de prensa del estreno de este espect\u00e1culo musical.<\/p>\n\n\n\n<p class=\"wp-block-paragraph\"><\/p>\n","protected":false},"excerpt":{"rendered":"<p>En una cartelera teatral que busca constantemente renovarse, &#8220;Musicalmente Tuyos&#8221;, la nueva y esperada creaci\u00f3n del galardonado autor, compositor y director Fernando Albinarrate, se presenta como una propuesta \u00fanica en su tipo: una comedia orquestal que rompe de manera absoluta con la solemnidad del concierto tradicional. La obra propone un singular y din\u00e1mico encuentro de [&hellip;]<\/p>\n","protected":false},"author":3,"featured_media":32665,"comment_status":"open","ping_status":"closed","sticky":false,"template":"","format":"standard","meta":{"footnotes":""},"categories":[34,56,35],"tags":[],"class_list":["post-32660","post","type-post","status-publish","format-standard","has-post-thumbnail","category-arte","category-musica","category-teatro"],"yoast_head":"<!-- This site is optimized with the Yoast SEO plugin v28.4 - https:\/\/yoast.com\/product\/yoast-seo-wordpress\/ -->\n<title>\u201cMUSICALMENTE TUYOS\u201d - Sergio Lapegue<\/title>\n<meta name=\"robots\" content=\"index, follow, max-snippet:-1, max-image-preview:large, max-video-preview:-1\" \/>\n<link rel=\"canonical\" href=\"https:\/\/sergiolapegue.com\/site\/2026\/09\/06\/musicalmente-tuyos\/\" \/>\n<meta property=\"og:locale\" content=\"es_ES\" \/>\n<meta property=\"og:type\" content=\"article\" \/>\n<meta property=\"og:title\" content=\"\u201cMUSICALMENTE TUYOS\u201d - Sergio Lapegue\" \/>\n<meta property=\"og:description\" content=\"En una cartelera teatral que busca constantemente renovarse, &#8220;Musicalmente Tuyos&#8221;, la nueva y esperada creaci\u00f3n del galardonado autor, compositor y director Fernando Albinarrate, se presenta como una propuesta \u00fanica en su tipo: una comedia orquestal que rompe de manera absoluta con la solemnidad del concierto tradicional. La obra propone un singular y din\u00e1mico encuentro de [&hellip;]\" \/>\n<meta property=\"og:url\" content=\"https:\/\/sergiolapegue.com\/site\/2026\/09\/06\/musicalmente-tuyos\/\" \/>\n<meta property=\"og:site_name\" content=\"Sergio Lapegue\" \/>\n<meta property=\"article:publisher\" content=\"https:\/\/facebook.com\/sergiolapegue\" \/>\n<meta property=\"article:author\" content=\"https:\/\/facebook.com\/danielernesto.montana\" \/>\n<meta property=\"article:published_time\" content=\"2026-09-06T04:00:00+00:00\" \/>\n<meta property=\"og:image\" content=\"https:\/\/sergiolapegue.com\/site\/wp-content\/uploads\/2026\/09\/Musicalmente-tuyos.jpg\" \/>\n\t<meta property=\"og:image:width\" content=\"1500\" \/>\n\t<meta property=\"og:image:height\" content=\"521\" \/>\n\t<meta property=\"og:image:type\" content=\"image\/jpeg\" \/>\n<meta name=\"author\" content=\"Daniel E. Monta\u00f1a\" \/>\n<meta name=\"twitter:card\" content=\"summary_large_image\" \/>\n<meta name=\"twitter:creator\" content=\"@https:\/\/twitter.com\/daner_004\" \/>\n<meta name=\"twitter:site\" content=\"@sergiolapegue\" \/>\n<meta name=\"twitter:label1\" content=\"Escrito por\" \/>\n\t<meta name=\"twitter:data1\" content=\"Daniel E. Monta\u00f1a\" \/>\n\t<meta name=\"twitter:label2\" content=\"Tiempo de lectura\" \/>\n\t<meta name=\"twitter:data2\" content=\"4 minutos\" \/>\n<script type=\"application\/ld+json\" class=\"yoast-schema-graph\">{\"@context\":\"https:\\\/\\\/schema.org\",\"@graph\":[{\"@type\":\"Article\",\"@id\":\"https:\\\/\\\/sergiolapegue.com\\\/site\\\/2026\\\/09\\\/06\\\/musicalmente-tuyos\\\/#article\",\"isPartOf\":{\"@id\":\"https:\\\/\\\/sergiolapegue.com\\\/site\\\/2026\\\/09\\\/06\\\/musicalmente-tuyos\\\/\"},\"author\":{\"name\":\"Daniel E. Monta\u00f1a\",\"@id\":\"https:\\\/\\\/sergiolapegue.com\\\/site\\\/#\\\/schema\\\/person\\\/9198e7dbab43c6d74d0fd5399af7c3cd\"},\"headline\":\"\u201cMUSICALMENTE TUYOS\u201d\",\"datePublished\":\"2026-09-06T04:00:00+00:00\",\"mainEntityOfPage\":{\"@id\":\"https:\\\/\\\/sergiolapegue.com\\\/site\\\/2026\\\/09\\\/06\\\/musicalmente-tuyos\\\/\"},\"wordCount\":642,\"commentCount\":0,\"publisher\":{\"@id\":\"https:\\\/\\\/sergiolapegue.com\\\/site\\\/#\\\/schema\\\/person\\\/083aeceeb0734cd166779ea6c0551a37\"},\"image\":{\"@id\":\"https:\\\/\\\/sergiolapegue.com\\\/site\\\/2026\\\/09\\\/06\\\/musicalmente-tuyos\\\/#primaryimage\"},\"thumbnailUrl\":\"https:\\\/\\\/sergiolapegue.com\\\/site\\\/wp-content\\\/uploads\\\/2026\\\/09\\\/Musicalmente-tuyos.jpg\",\"articleSection\":[\"Arte\",\"M\u00fasica\",\"Teatro\"],\"inLanguage\":\"es-AR\",\"potentialAction\":[{\"@type\":\"CommentAction\",\"name\":\"Comment\",\"target\":[\"https:\\\/\\\/sergiolapegue.com\\\/site\\\/2026\\\/09\\\/06\\\/musicalmente-tuyos\\\/#respond\"]}]},{\"@type\":\"WebPage\",\"@id\":\"https:\\\/\\\/sergiolapegue.com\\\/site\\\/2026\\\/09\\\/06\\\/musicalmente-tuyos\\\/\",\"url\":\"https:\\\/\\\/sergiolapegue.com\\\/site\\\/2026\\\/09\\\/06\\\/musicalmente-tuyos\\\/\",\"name\":\"\u201cMUSICALMENTE TUYOS\u201d - Sergio Lapegue\",\"isPartOf\":{\"@id\":\"https:\\\/\\\/sergiolapegue.com\\\/site\\\/#website\"},\"primaryImageOfPage\":{\"@id\":\"https:\\\/\\\/sergiolapegue.com\\\/site\\\/2026\\\/09\\\/06\\\/musicalmente-tuyos\\\/#primaryimage\"},\"image\":{\"@id\":\"https:\\\/\\\/sergiolapegue.com\\\/site\\\/2026\\\/09\\\/06\\\/musicalmente-tuyos\\\/#primaryimage\"},\"thumbnailUrl\":\"https:\\\/\\\/sergiolapegue.com\\\/site\\\/wp-content\\\/uploads\\\/2026\\\/09\\\/Musicalmente-tuyos.jpg\",\"datePublished\":\"2026-09-06T04:00:00+00:00\",\"breadcrumb\":{\"@id\":\"https:\\\/\\\/sergiolapegue.com\\\/site\\\/2026\\\/09\\\/06\\\/musicalmente-tuyos\\\/#breadcrumb\"},\"inLanguage\":\"es-AR\",\"potentialAction\":[{\"@type\":\"ReadAction\",\"target\":[\"https:\\\/\\\/sergiolapegue.com\\\/site\\\/2026\\\/09\\\/06\\\/musicalmente-tuyos\\\/\"]}]},{\"@type\":\"ImageObject\",\"inLanguage\":\"es-AR\",\"@id\":\"https:\\\/\\\/sergiolapegue.com\\\/site\\\/2026\\\/09\\\/06\\\/musicalmente-tuyos\\\/#primaryimage\",\"url\":\"https:\\\/\\\/sergiolapegue.com\\\/site\\\/wp-content\\\/uploads\\\/2026\\\/09\\\/Musicalmente-tuyos.jpg\",\"contentUrl\":\"https:\\\/\\\/sergiolapegue.com\\\/site\\\/wp-content\\\/uploads\\\/2026\\\/09\\\/Musicalmente-tuyos.jpg\",\"width\":1500,\"height\":521},{\"@type\":\"BreadcrumbList\",\"@id\":\"https:\\\/\\\/sergiolapegue.com\\\/site\\\/2026\\\/09\\\/06\\\/musicalmente-tuyos\\\/#breadcrumb\",\"itemListElement\":[{\"@type\":\"ListItem\",\"position\":1,\"name\":\"Inicio\",\"item\":\"https:\\\/\\\/sergiolapegue.com\\\/site\\\/\"},{\"@type\":\"ListItem\",\"position\":2,\"name\":\"\u201cMUSICALMENTE TUYOS\u201d\"}]},{\"@type\":\"WebSite\",\"@id\":\"https:\\\/\\\/sergiolapegue.com\\\/site\\\/#website\",\"url\":\"https:\\\/\\\/sergiolapegue.com\\\/site\\\/\",\"name\":\"Sergio Lapegue\",\"description\":\"Periodista y conductor de radio y televisi\u00f3n argentino, nacido el 6 de septiembre de 1964.\",\"publisher\":{\"@id\":\"https:\\\/\\\/sergiolapegue.com\\\/site\\\/#\\\/schema\\\/person\\\/083aeceeb0734cd166779ea6c0551a37\"},\"potentialAction\":[{\"@type\":\"SearchAction\",\"target\":{\"@type\":\"EntryPoint\",\"urlTemplate\":\"https:\\\/\\\/sergiolapegue.com\\\/site\\\/?s={search_term_string}\"},\"query-input\":{\"@type\":\"PropertyValueSpecification\",\"valueRequired\":true,\"valueName\":\"search_term_string\"}}],\"inLanguage\":\"es-AR\"},{\"@type\":[\"Person\",\"Organization\"],\"@id\":\"https:\\\/\\\/sergiolapegue.com\\\/site\\\/#\\\/schema\\\/person\\\/083aeceeb0734cd166779ea6c0551a37\",\"name\":\"Sergio Lapegue\",\"image\":{\"@type\":\"ImageObject\",\"inLanguage\":\"es-AR\",\"@id\":\"https:\\\/\\\/sergiolapegue.com\\\/site\\\/wp-content\\\/uploads\\\/2021\\\/04\\\/logo_header-1.png\",\"url\":\"https:\\\/\\\/sergiolapegue.com\\\/site\\\/wp-content\\\/uploads\\\/2021\\\/04\\\/logo_header-1.png\",\"contentUrl\":\"https:\\\/\\\/sergiolapegue.com\\\/site\\\/wp-content\\\/uploads\\\/2021\\\/04\\\/logo_header-1.png\",\"width\":272,\"height\":90,\"caption\":\"Sergio Lapegue\"},\"logo\":{\"@id\":\"https:\\\/\\\/sergiolapegue.com\\\/site\\\/wp-content\\\/uploads\\\/2021\\\/04\\\/logo_header-1.png\"},\"sameAs\":[\"https:\\\/\\\/facebook.com\\\/sergiolapegue\",\"https:\\\/\\\/instagram.com\\\/sergiolapegue\",\"https:\\\/\\\/x.com\\\/https:\\\/\\\/twitter.com\\\/sergiolapegue\"]},{\"@type\":\"Person\",\"@id\":\"https:\\\/\\\/sergiolapegue.com\\\/site\\\/#\\\/schema\\\/person\\\/9198e7dbab43c6d74d0fd5399af7c3cd\",\"name\":\"Daniel E. Monta\u00f1a\",\"image\":{\"@type\":\"ImageObject\",\"inLanguage\":\"es-AR\",\"@id\":\"https:\\\/\\\/sergiolapegue.com\\\/site\\\/wp-content\\\/uploads\\\/2021\\\/04\\\/sl_avatar_Daniel-150x150.jpg\",\"url\":\"https:\\\/\\\/sergiolapegue.com\\\/site\\\/wp-content\\\/uploads\\\/2021\\\/04\\\/sl_avatar_Daniel-150x150.jpg\",\"contentUrl\":\"https:\\\/\\\/sergiolapegue.com\\\/site\\\/wp-content\\\/uploads\\\/2021\\\/04\\\/sl_avatar_Daniel-150x150.jpg\",\"caption\":\"Daniel E. Monta\u00f1a\"},\"sameAs\":[\"https:\\\/\\\/facebook.com\\\/danielernesto.montana\",\"https:\\\/\\\/instagram.com\\\/daniel_montana1961\",\"https:\\\/\\\/x.com\\\/https:\\\/\\\/twitter.com\\\/daner_004\"],\"url\":\"https:\\\/\\\/sergiolapegue.com\\\/site\\\/author\\\/daniel\\\/\"}]}<\/script>\n<!-- \/ Yoast SEO plugin. -->","yoast_head_json":{"title":"\u201cMUSICALMENTE TUYOS\u201d - Sergio Lapegue","robots":{"index":"index","follow":"follow","max-snippet":"max-snippet:-1","max-image-preview":"max-image-preview:large","max-video-preview":"max-video-preview:-1"},"canonical":"https:\/\/sergiolapegue.com\/site\/2026\/09\/06\/musicalmente-tuyos\/","og_locale":"es_ES","og_type":"article","og_title":"\u201cMUSICALMENTE TUYOS\u201d - Sergio Lapegue","og_description":"En una cartelera teatral que busca constantemente renovarse, &#8220;Musicalmente Tuyos&#8221;, la nueva y esperada creaci\u00f3n del galardonado autor, compositor y director Fernando Albinarrate, se presenta como una propuesta \u00fanica en su tipo: una comedia orquestal que rompe de manera absoluta con la solemnidad del concierto tradicional. La obra propone un singular y din\u00e1mico encuentro de [&hellip;]","og_url":"https:\/\/sergiolapegue.com\/site\/2026\/09\/06\/musicalmente-tuyos\/","og_site_name":"Sergio Lapegue","article_publisher":"https:\/\/facebook.com\/sergiolapegue","article_author":"https:\/\/facebook.com\/danielernesto.montana","article_published_time":"2026-09-06T04:00:00+00:00","og_image":[{"width":1500,"height":521,"url":"https:\/\/sergiolapegue.com\/site\/wp-content\/uploads\/2026\/09\/Musicalmente-tuyos.jpg","type":"image\/jpeg"}],"author":"Daniel E. Monta\u00f1a","twitter_card":"summary_large_image","twitter_creator":"@https:\/\/twitter.com\/daner_004","twitter_site":"@sergiolapegue","twitter_misc":{"Escrito por":"Daniel E. Monta\u00f1a","Tiempo de lectura":"4 minutos"},"schema":{"@context":"https:\/\/schema.org","@graph":[{"@type":"Article","@id":"https:\/\/sergiolapegue.com\/site\/2026\/09\/06\/musicalmente-tuyos\/#article","isPartOf":{"@id":"https:\/\/sergiolapegue.com\/site\/2026\/09\/06\/musicalmente-tuyos\/"},"author":{"name":"Daniel E. Monta\u00f1a","@id":"https:\/\/sergiolapegue.com\/site\/#\/schema\/person\/9198e7dbab43c6d74d0fd5399af7c3cd"},"headline":"\u201cMUSICALMENTE TUYOS\u201d","datePublished":"2026-09-06T04:00:00+00:00","mainEntityOfPage":{"@id":"https:\/\/sergiolapegue.com\/site\/2026\/09\/06\/musicalmente-tuyos\/"},"wordCount":642,"commentCount":0,"publisher":{"@id":"https:\/\/sergiolapegue.com\/site\/#\/schema\/person\/083aeceeb0734cd166779ea6c0551a37"},"image":{"@id":"https:\/\/sergiolapegue.com\/site\/2026\/09\/06\/musicalmente-tuyos\/#primaryimage"},"thumbnailUrl":"https:\/\/sergiolapegue.com\/site\/wp-content\/uploads\/2026\/09\/Musicalmente-tuyos.jpg","articleSection":["Arte","M\u00fasica","Teatro"],"inLanguage":"es-AR","potentialAction":[{"@type":"CommentAction","name":"Comment","target":["https:\/\/sergiolapegue.com\/site\/2026\/09\/06\/musicalmente-tuyos\/#respond"]}]},{"@type":"WebPage","@id":"https:\/\/sergiolapegue.com\/site\/2026\/09\/06\/musicalmente-tuyos\/","url":"https:\/\/sergiolapegue.com\/site\/2026\/09\/06\/musicalmente-tuyos\/","name":"\u201cMUSICALMENTE TUYOS\u201d - Sergio Lapegue","isPartOf":{"@id":"https:\/\/sergiolapegue.com\/site\/#website"},"primaryImageOfPage":{"@id":"https:\/\/sergiolapegue.com\/site\/2026\/09\/06\/musicalmente-tuyos\/#primaryimage"},"image":{"@id":"https:\/\/sergiolapegue.com\/site\/2026\/09\/06\/musicalmente-tuyos\/#primaryimage"},"thumbnailUrl":"https:\/\/sergiolapegue.com\/site\/wp-content\/uploads\/2026\/09\/Musicalmente-tuyos.jpg","datePublished":"2026-09-06T04:00:00+00:00","breadcrumb":{"@id":"https:\/\/sergiolapegue.com\/site\/2026\/09\/06\/musicalmente-tuyos\/#breadcrumb"},"inLanguage":"es-AR","potentialAction":[{"@type":"ReadAction","target":["https:\/\/sergiolapegue.com\/site\/2026\/09\/06\/musicalmente-tuyos\/"]}]},{"@type":"ImageObject","inLanguage":"es-AR","@id":"https:\/\/sergiolapegue.com\/site\/2026\/09\/06\/musicalmente-tuyos\/#primaryimage","url":"https:\/\/sergiolapegue.com\/site\/wp-content\/uploads\/2026\/09\/Musicalmente-tuyos.jpg","contentUrl":"https:\/\/sergiolapegue.com\/site\/wp-content\/uploads\/2026\/09\/Musicalmente-tuyos.jpg","width":1500,"height":521},{"@type":"BreadcrumbList","@id":"https:\/\/sergiolapegue.com\/site\/2026\/09\/06\/musicalmente-tuyos\/#breadcrumb","itemListElement":[{"@type":"ListItem","position":1,"name":"Inicio","item":"https:\/\/sergiolapegue.com\/site\/"},{"@type":"ListItem","position":2,"name":"\u201cMUSICALMENTE TUYOS\u201d"}]},{"@type":"WebSite","@id":"https:\/\/sergiolapegue.com\/site\/#website","url":"https:\/\/sergiolapegue.com\/site\/","name":"Sergio Lapegue","description":"Periodista y conductor de radio y televisi\u00f3n argentino, nacido el 6 de septiembre de 1964.","publisher":{"@id":"https:\/\/sergiolapegue.com\/site\/#\/schema\/person\/083aeceeb0734cd166779ea6c0551a37"},"potentialAction":[{"@type":"SearchAction","target":{"@type":"EntryPoint","urlTemplate":"https:\/\/sergiolapegue.com\/site\/?s={search_term_string}"},"query-input":{"@type":"PropertyValueSpecification","valueRequired":true,"valueName":"search_term_string"}}],"inLanguage":"es-AR"},{"@type":["Person","Organization"],"@id":"https:\/\/sergiolapegue.com\/site\/#\/schema\/person\/083aeceeb0734cd166779ea6c0551a37","name":"Sergio Lapegue","image":{"@type":"ImageObject","inLanguage":"es-AR","@id":"https:\/\/sergiolapegue.com\/site\/wp-content\/uploads\/2021\/04\/logo_header-1.png","url":"https:\/\/sergiolapegue.com\/site\/wp-content\/uploads\/2021\/04\/logo_header-1.png","contentUrl":"https:\/\/sergiolapegue.com\/site\/wp-content\/uploads\/2021\/04\/logo_header-1.png","width":272,"height":90,"caption":"Sergio Lapegue"},"logo":{"@id":"https:\/\/sergiolapegue.com\/site\/wp-content\/uploads\/2021\/04\/logo_header-1.png"},"sameAs":["https:\/\/facebook.com\/sergiolapegue","https:\/\/instagram.com\/sergiolapegue","https:\/\/x.com\/https:\/\/twitter.com\/sergiolapegue"]},{"@type":"Person","@id":"https:\/\/sergiolapegue.com\/site\/#\/schema\/person\/9198e7dbab43c6d74d0fd5399af7c3cd","name":"Daniel E. Monta\u00f1a","image":{"@type":"ImageObject","inLanguage":"es-AR","@id":"https:\/\/sergiolapegue.com\/site\/wp-content\/uploads\/2021\/04\/sl_avatar_Daniel-150x150.jpg","url":"https:\/\/sergiolapegue.com\/site\/wp-content\/uploads\/2021\/04\/sl_avatar_Daniel-150x150.jpg","contentUrl":"https:\/\/sergiolapegue.com\/site\/wp-content\/uploads\/2021\/04\/sl_avatar_Daniel-150x150.jpg","caption":"Daniel E. Monta\u00f1a"},"sameAs":["https:\/\/facebook.com\/danielernesto.montana","https:\/\/instagram.com\/daniel_montana1961","https:\/\/x.com\/https:\/\/twitter.com\/daner_004"],"url":"https:\/\/sergiolapegue.com\/site\/author\/daniel\/"}]}},"_links":{"self":[{"href":"https:\/\/sergiolapegue.com\/site\/wp-json\/wp\/v2\/posts\/32660","targetHints":{"allow":["GET"]}}],"collection":[{"href":"https:\/\/sergiolapegue.com\/site\/wp-json\/wp\/v2\/posts"}],"about":[{"href":"https:\/\/sergiolapegue.com\/site\/wp-json\/wp\/v2\/types\/post"}],"author":[{"embeddable":true,"href":"https:\/\/sergiolapegue.com\/site\/wp-json\/wp\/v2\/users\/3"}],"replies":[{"embeddable":true,"href":"https:\/\/sergiolapegue.com\/site\/wp-json\/wp\/v2\/comments?post=32660"}],"version-history":[{"count":1,"href":"https:\/\/sergiolapegue.com\/site\/wp-json\/wp\/v2\/posts\/32660\/revisions"}],"predecessor-version":[{"id":32666,"href":"https:\/\/sergiolapegue.com\/site\/wp-json\/wp\/v2\/posts\/32660\/revisions\/32666"}],"wp:featuredmedia":[{"embeddable":true,"href":"https:\/\/sergiolapegue.com\/site\/wp-json\/wp\/v2\/media\/32665"}],"wp:attachment":[{"href":"https:\/\/sergiolapegue.com\/site\/wp-json\/wp\/v2\/media?parent=32660"}],"wp:term":[{"taxonomy":"category","embeddable":true,"href":"https:\/\/sergiolapegue.com\/site\/wp-json\/wp\/v2\/categories?post=32660"},{"taxonomy":"post_tag","embeddable":true,"href":"https:\/\/sergiolapegue.com\/site\/wp-json\/wp\/v2\/tags?post=32660"}],"curies":[{"name":"wp","href":"https:\/\/api.w.org\/{rel}","templated":true}]}}