{"id":32657,"date":"2026-09-05T19:00:00","date_gmt":"2026-09-05T22:00:00","guid":{"rendered":"https:\/\/sergiolapegue.com\/site\/?p=32657"},"modified":"2026-09-04T16:50:58","modified_gmt":"2026-09-04T19:50:58","slug":"se-conocieron-los-nominados-a-la-16-edicion-de-los-premios-hugo-al-teatro-musical","status":"publish","type":"post","link":"https:\/\/sergiolapegue.com\/site\/2026\/09\/05\/se-conocieron-los-nominados-a-la-16-edicion-de-los-premios-hugo-al-teatro-musical\/","title":{"rendered":"SE CONOCIERON LOS NOMINADOS A LA 16\u00b0 EDICI\u00d3N DE LOS PREMIOS HUGO AL TEATRO MUSICAL"},"content":{"rendered":"\n<p class=\"wp-block-paragraph\">La&nbsp;Asociaci\u00f3n Civil Premios Hugo&nbsp;anuncia oficialmente las nominaciones correspondientes a la 16\u00aa edici\u00f3n de los galardones que distinguen a lo mejor de la actividad del teatro musical en Argentina. Creados por Ricky Pashkus y Pablo Gorlero, estos premios celebran el talento, la creatividad y la excelencia de las producciones y artistas que enriquecen el g\u00e9nero.<\/p>\n\n\n\n<p class=\"wp-block-paragraph\">En esta nueva edici\u00f3n \u2014 que eval\u00faa el per\u00edodo comprendido entre el 1\u00ba de agosto de 2025 y el 31 de julio de 2026 \u2014 se entregar\u00e1n distinciones en&nbsp;43 categor\u00edas y 2 placas honor\u00edficas&nbsp;a la trayectoria. Entre las producciones con mayor cantidad de nominaciones se destacan&nbsp;Hairspray&nbsp;(16 nominaciones),&nbsp;Billy Elliot&nbsp;(15 nominaciones),&nbsp;Company&nbsp;(13 nominaciones),&nbsp;Invasiones I: No bombardeen Buenos Aires&nbsp;(11 nominaciones),&nbsp;El mago de Oz&nbsp;(10 nominaciones),&nbsp;Anastasia&nbsp;(8 nominaciones),&nbsp;Remigio Verdiales, un carpincho&nbsp;(7 nominaciones),&nbsp;Charlie y la f\u00e1brica de chocolate&nbsp;(6 nominaciones) y The \u00f3pera locos (6 nominaciones).<\/p>\n\n\n\n<p class=\"wp-block-paragraph\">La riqueza y diversidad cultural de la Argentina vuelven a ser protagonistas a trav\u00e9s de los&nbsp;Premios Hugo Federales. El reconocimiento en este segmento celebra la pasi\u00f3n, la descentralizaci\u00f3n de la escena art\u00edstica y el talento federal presente en sedes como C\u00f3rdoba, Gran Buenos Aires, La Plata, Mendoza, Mar del Plata, Rosario, Bah\u00eda Blanca, Tucum\u00e1n y San Juan.<\/p>\n\n\n\n<p class=\"wp-block-paragraph\">Esta 16\u00aa edici\u00f3n cuenta con el apoyo institucional de&nbsp;Buenos Aires Ciudad&nbsp;a trav\u00e9s de&nbsp;Mecenazgo Cultural&nbsp;\u2014 programa del Ministerio de Cultura de la Ciudad \u2014 y de la&nbsp;Fundaci\u00f3n Santander Argentina, reafirmando su compromiso con la cultura, la educaci\u00f3n y el fomento de las artes en el pa\u00eds.<\/p>\n\n\n\n<p class=\"wp-block-paragraph\">La Ceremonia de Premiaci\u00f3n se realizar\u00e1 el Lunes 14 de Septiembre en el Teatro Coliseo y la transmisi\u00f3n en vivo se podr\u00e1 ver a trav\u00e9s de la Televisi\u00f3n P\u00fablica. &nbsp;<\/p>\n\n\n\n<p class=\"wp-block-paragraph\"><strong>LISTADO COMPLETO DE NOMINACIONES<\/strong><\/p>\n\n\n\n<p class=\"wp-block-paragraph\"><strong>1 \u2013 MEJOR MUSICAL<\/strong><\/p>\n\n\n\n<p class=\"wp-block-paragraph\">Billy Elliot<\/p>\n\n\n\n<p class=\"wp-block-paragraph\">Company<br>Hairspray<\/p>\n\n\n\n<p class=\"wp-block-paragraph\"><strong>2 \u2013 MEJOR MUSIC HALL, CAF\u00c9 CONCERT Y\/O VARIET\u00c9 MUSICAL<\/strong><\/p>\n\n\n\n<p class=\"wp-block-paragraph\">El Simposio, nada se pierde todo se transforma<\/p>\n\n\n\n<p class=\"wp-block-paragraph\">The \u00f3pera locos<\/p>\n\n\n\n<p class=\"wp-block-paragraph\">VOXPOP, Desinteligencia Artificial<\/p>\n\n\n\n<p class=\"wp-block-paragraph\"><strong>3 \u2013 MEJOR MUSICAL OFF<\/strong><\/p>\n\n\n\n<p class=\"wp-block-paragraph\">Cuando dej\u00e9 de volar<\/p>\n\n\n\n<p class=\"wp-block-paragraph\">Espejos marcados<\/p>\n\n\n\n<p class=\"wp-block-paragraph\">\u00a1Hostias, Isabel!<\/p>\n\n\n\n<p class=\"wp-block-paragraph\">Kil\u00f3metros<br>La culpa es de la tierra<\/p>\n\n\n\n<p class=\"wp-block-paragraph\"><strong>4 \u2013 MEJOR DIRECCI\u00d3N GENERAL<\/strong><\/p>\n\n\n\n<p class=\"wp-block-paragraph\">Fer Dente (Company)<\/p>\n\n\n\n<p class=\"wp-block-paragraph\">Fer Dente (Hairspray)<\/p>\n\n\n\n<p class=\"wp-block-paragraph\">Rub\u00e9n Szuchmacher (Billy Elliot)<\/p>\n\n\n\n<p class=\"wp-block-paragraph\"><strong>5 \u2013 MEJOR COREOGRAF\u00cdA<\/strong><\/p>\n\n\n\n<p class=\"wp-block-paragraph\">Alejandro Ibarra (Anastasia)<\/p>\n\n\n\n<p class=\"wp-block-paragraph\">Anal\u00eda Gonz\u00e1lez (Annie)<\/p>\n\n\n\n<p class=\"wp-block-paragraph\">Vanesa Garc\u00eda Mill\u00e1n (Hairspray)<\/p>\n\n\n\n<p class=\"wp-block-paragraph\"><strong>6 \u2013 MEJOR DIRECCI\u00d3N MUSICAL<\/strong><\/p>\n\n\n\n<p class=\"wp-block-paragraph\">Dami\u00e1n Mahler (Company)<\/p>\n\n\n\n<p class=\"wp-block-paragraph\">Gaby Goldman (Billy Elliot)<\/p>\n\n\n\n<p class=\"wp-block-paragraph\">Javier L\u00f3pez Del Carril (Invasiones I: No bombardeen Buenos Aires)<\/p>\n\n\n\n<p class=\"wp-block-paragraph\"><strong>7 \u2013 MEJOR LIBRO DE MUSICAL ARGENTINO<\/strong><\/p>\n\n\n\n<p class=\"wp-block-paragraph\">Gustavo Lista (Memento mori, la forma del recuerdo)<\/p>\n\n\n\n<p class=\"wp-block-paragraph\">Luli Ingold (\u00a1Hostias, Isabel!)<\/p>\n\n\n\n<p class=\"wp-block-paragraph\">Ricardo Hornos (Invasiones I: No bombardeen Buenos Aires)<\/p>\n\n\n\n<p class=\"wp-block-paragraph\">Tom\u00e1s Caia (Espejos marcados)<\/p>\n\n\n\n<p class=\"wp-block-paragraph\"><strong>8 \u2013 MEJORES LETRAS DE MUSICAL ARGENTINO<\/strong><\/p>\n\n\n\n<p class=\"wp-block-paragraph\">Clara Christensen &#8211; Tom\u00e1s Caia (Espejos marcados)<\/p>\n\n\n\n<p class=\"wp-block-paragraph\">Leonardo Napoli &#8211; Lorena Lores (El h\u00e9roe)<\/p>\n\n\n\n<p class=\"wp-block-paragraph\">Mart\u00edn Bergman &#8211; Delfina Pallard\u00f3 (Kil\u00f3metros)<\/p>\n\n\n\n<p class=\"wp-block-paragraph\">Sonia Alem\u00e1n (G\u00fcena yunta)<\/p>\n\n\n\n<p class=\"wp-block-paragraph\">Villera Vip (Cruda, hija de los &#8217;90)&nbsp;<\/p>\n\n\n\n<p class=\"wp-block-paragraph\"><strong>9 \u2013 MEJOR ADAPTACI\u00d3N Y\/O TRADUCCI\u00d3N DE LIBRO Y LETRAS<\/strong><\/p>\n\n\n\n<p class=\"wp-block-paragraph\">Luis Alberto Rivera L\u00f3pez (La culpa es de la tierra)<\/p>\n\n\n\n<p class=\"wp-block-paragraph\">Marcelo Kotliar (Company)<\/p>\n\n\n\n<p class=\"wp-block-paragraph\">Ricardo Hornos (Invasiones I: No bombardeen Buenos Aires)<\/p>\n\n\n\n<p class=\"wp-block-paragraph\">Rub\u00e9n Szuchmacher &#8211; Lautaro Vilo (libro de Billy Elliot)<\/p>\n\n\n\n<p class=\"wp-block-paragraph\"><strong>10 &#8211; MEJOR M\u00daSICA ORIGINAL<\/strong><\/p>\n\n\n\n<p class=\"wp-block-paragraph\">Fernando Nazar (Cuando dej\u00e9 de volar)<\/p>\n\n\n\n<p class=\"wp-block-paragraph\">Mart\u00edn Bergman y Delfina Pallard\u00f3 (Kil\u00f3metros)<\/p>\n\n\n\n<p class=\"wp-block-paragraph\">Mart\u00edn Pinola (El h\u00e9roe)<\/p>\n\n\n\n<p class=\"wp-block-paragraph\">Naya Ledesma (La culpa es de la tierra)<\/p>\n\n\n\n<p class=\"wp-block-paragraph\">Nicol\u00e1s Manasseri (La \u00e9pica de lo desconocido)<\/p>\n\n\n\n<p class=\"wp-block-paragraph\"><strong>11 \u2013 MEJORES ARREGLOS MUSICALES<\/strong><\/p>\n\n\n\n<p class=\"wp-block-paragraph\">Ciertas Petunias (El Simposio, nada se pierde todo se transforma)<\/p>\n\n\n\n<p class=\"wp-block-paragraph\">Diego Vila (No me quieras tanto)<\/p>\n\n\n\n<p class=\"wp-block-paragraph\">Murci Bouscayrol &#8211; Ricardo Hornos (Invasiones I: No bombardeen Buenos Aires)<\/p>\n\n\n\n<p class=\"wp-block-paragraph\">Nicol\u00e1s Guerschberg (Astor, Piazzola eterno)<\/p>\n\n\n\n<p class=\"wp-block-paragraph\"><strong>12 \u2013 MEJOR ACTUACI\u00d3N PROTAG\u00d3NICA MASCULINA<\/strong><\/p>\n\n\n\n<p class=\"wp-block-paragraph\">Agust\u00edn \u201cRada\u201d Aristar\u00e1n (Charlie y la f\u00e1brica de chocolate)<\/p>\n\n\n\n<p class=\"wp-block-paragraph\">Campi (Pap\u00e1 por siempre)<\/p>\n\n\n\n<p class=\"wp-block-paragraph\">Fer Dente (Company)<\/p>\n\n\n\n<p class=\"wp-block-paragraph\">I\u00f1aki Aldao (Anastasia)<\/p>\n\n\n\n<p class=\"wp-block-paragraph\">Roberto Peloni (Casi normales inmersivo)<\/p>\n\n\n\n<p class=\"wp-block-paragraph\"><strong>13 \u2013 MEJOR ACTUACI\u00d3N PROTAG\u00d3NICA FEMENINA<\/strong><\/p>\n\n\n\n<p class=\"wp-block-paragraph\">Alejandra Perlusky (Billy Elliot)<\/p>\n\n\n\n<p class=\"wp-block-paragraph\">Elena Roger (Invasiones I: No bombardeen Buenos Aires)<\/p>\n\n\n\n<p class=\"wp-block-paragraph\">Julieta Nair Calvo (Annie)<\/p>\n\n\n\n<p class=\"wp-block-paragraph\">Mela Lenoir (Casi normales inmersivo)<\/p>\n\n\n\n<p class=\"wp-block-paragraph\"><strong>14 \u2013 MEJOR ACTUACI\u00d3N MASCULINA EN MUSIC HALL, CAF\u00c9 CONCERT y\/o VARIET\u00c9 MUSICAL<\/strong><\/p>\n\n\n\n<p class=\"wp-block-paragraph\">Duilio Smiraglia (The \u00f3pera locos)<\/p>\n\n\n\n<p class=\"wp-block-paragraph\">Juli\u00e1n Molinero (The \u00f3pera locos)<\/p>\n\n\n\n<p class=\"wp-block-paragraph\">Lucas Alv\u00e1n (The \u00f3pera locos)<\/p>\n\n\n\n<p class=\"wp-block-paragraph\">Mariano Barreiro (VOXPOP, Desinteligencia Artificial)<\/p>\n\n\n\n<p class=\"wp-block-paragraph\"><strong>15 \u2013 MEJOR ACTUACI\u00d3N FEMENINA EN MUSIC HALL, CAF\u00c9 CONCERT y\/o VARIET\u00c9 MUSICAL<\/strong><\/p>\n\n\n\n<p class=\"wp-block-paragraph\">Camila Campod\u00f3nico (El Simposio, nada se pierde todo se transforma)<\/p>\n\n\n\n<p class=\"wp-block-paragraph\">Constanza D\u00edaz Fal\u00fa (The \u00f3pera locos)<\/p>\n\n\n\n<p class=\"wp-block-paragraph\">Julia Calvo (Ellas son tango)<\/p>\n\n\n\n<p class=\"wp-block-paragraph\">Laura Pirruccio (The \u00f3pera locos)<\/p>\n\n\n\n<p class=\"wp-block-paragraph\"><strong>16 \u2013 MEJOR ACTUACI\u00d3N DE REPARTO MASCULINA<\/strong><\/p>\n\n\n\n<p class=\"wp-block-paragraph\">I\u00f1aki Agust\u00edn (Billy Elliot)<\/p>\n\n\n\n<p class=\"wp-block-paragraph\">Joaco Scotta (Hairspray)<\/p>\n\n\n\n<p class=\"wp-block-paragraph\">Pichu Straneo (Anastasia)<\/p>\n\n\n\n<p class=\"wp-block-paragraph\">Sacha Bercovich (Billy Elliot)<\/p>\n\n\n\n<p class=\"wp-block-paragraph\">Sebasti\u00e1n Almada (Charlie y la f\u00e1brica de chocolate)<\/p>\n\n\n\n<p class=\"wp-block-paragraph\"><strong>17 \u2013 MEJOR ACTUACI\u00d3N DE REPARTO FEMENINA<\/strong><\/p>\n\n\n\n<p class=\"wp-block-paragraph\">Alejandra Radano (Company)<\/p>\n\n\n\n<p class=\"wp-block-paragraph\">Carolina Mainero (Anastasia)<\/p>\n\n\n\n<p class=\"wp-block-paragraph\">Paula Chouhy (Hairspray)<\/p>\n\n\n\n<p class=\"wp-block-paragraph\">Sonia Savinell (Hairspray)<\/p>\n\n\n\n<p class=\"wp-block-paragraph\">Vane Butera (Company)<\/p>\n\n\n\n<p class=\"wp-block-paragraph\"><strong>18 &#8211; MEJOR INTERPRETACI\u00d3N MASCULINA EN ENSAMBLE<\/strong><\/p>\n\n\n\n<p class=\"wp-block-paragraph\">Fede Couts (Invasiones I: No bombardeen Buenos Aires)<\/p>\n\n\n\n<p class=\"wp-block-paragraph\">Mariano Taccagni (Billy Elliot)<\/p>\n\n\n\n<p class=\"wp-block-paragraph\">Sebasti\u00e1n Holz (Company)<\/p>\n\n\n\n<p class=\"wp-block-paragraph\"><strong>19 \u2013 MEJOR INTERPRETACI\u00d3N FEMENINA EN ENSAMBLE<\/strong><\/p>\n\n\n\n<p class=\"wp-block-paragraph\">Bel\u00e9n Cabrera (Hairspray)<\/p>\n\n\n\n<p class=\"wp-block-paragraph\">Denise Cotton (Company)<\/p>\n\n\n\n<p class=\"wp-block-paragraph\">Gabriela Bevacqua (Pap\u00e1 por siempre)<\/p>\n\n\n\n<p class=\"wp-block-paragraph\">Laura Silva (Company)<\/p>\n\n\n\n<p class=\"wp-block-paragraph\">Ver\u00f3nica Pacenza (Anastasia)<\/p>\n\n\n\n<p class=\"wp-block-paragraph\"><strong>20 \u2013 MEJOR DIRECCI\u00d3N VOCAL<\/strong><\/p>\n\n\n\n<p class=\"wp-block-paragraph\">Ana Carfi (Invasiones I: No bombardeen Buenos Aires)<\/p>\n\n\n\n<p class=\"wp-block-paragraph\">Eugenia Gil Rodr\u00edguez (Company)<\/p>\n\n\n\n<p class=\"wp-block-paragraph\">Gaby Goldman &#8211; Pilar Noseda (Billy Elliot)<\/p>\n\n\n\n<p class=\"wp-block-paragraph\">Juan Serruya &#8211; Mariano Barreiro (VOXPOP, Desinteligencia Artificial)<\/p>\n\n\n\n<p class=\"wp-block-paragraph\"><strong>21 \u2013 MEJOR PRODUCCI\u00d3N INTEGRAL<\/strong><\/p>\n\n\n\n<p class=\"wp-block-paragraph\">Club Media &#8211; Olga (Hairspray)<\/p>\n\n\n\n<p class=\"wp-block-paragraph\">Club Media &#8211; Complejo Teatral de Buenos Aires &#8211; Carlos Mentasti &#8211; Alephmedia (Invasiones I: No bombardeen Buenos Aires)<\/p>\n\n\n\n<p class=\"wp-block-paragraph\">Diego Romay &#8211; Omar Romay (Billy Elliot)<\/p>\n\n\n\n<p class=\"wp-block-paragraph\">MP &#8211; Ozono &#8211; Los Rottemberg (Charlie y la f\u00e1brica de chocolate)<\/p>\n\n\n\n<p class=\"wp-block-paragraph\"><strong>22 \u2013 REVELACI\u00d3N MASCULINA<\/strong><\/p>\n\n\n\n<p class=\"wp-block-paragraph\">Dami\u00e1n Betular (Hairspray)<\/p>\n\n\n\n<p class=\"wp-block-paragraph\">Ian Ferreira (Hairspray)<\/p>\n\n\n\n<p class=\"wp-block-paragraph\">Joaqu\u00edn Mondino Formichelli &#8211; Mateo Tognolotti &#8211; Fran Molozaj (Billy Elliot)<\/p>\n\n\n\n<p class=\"wp-block-paragraph\">Lautaro Muro L\u00f3pez &#8211; Machi Gulland &#8211; Fran Barrera Oro (Billy Elliot)<\/p>\n\n\n\n<p class=\"wp-block-paragraph\"><strong>23 \u2013 REVELACI\u00d3N FEMENINA<\/strong><\/p>\n\n\n\n<p class=\"wp-block-paragraph\">Bel\u00e9n Bilbao (Hairspray)<\/p>\n\n\n\n<p class=\"wp-block-paragraph\">Ema Gim\u00e9nez Zapiola (Casi normales inmersivo)<\/p>\n\n\n\n<p class=\"wp-block-paragraph\">Emma Garc\u00eda Torrecilla &#8211; Paloma Coso Ferro &#8211; Loana Mart\u00ednez (Annie)<\/p>\n\n\n\n<p class=\"wp-block-paragraph\">Minerva Casero (Anastasia)<\/p>\n\n\n\n<p class=\"wp-block-paragraph\"><strong>24 \u2013 MEJOR DISE\u00d1O DE VESTUARIO ORIGINAL<\/strong><\/p>\n\n\n\n<p class=\"wp-block-paragraph\">Gustavo Alderete para La Polilla (Hairspray)<\/p>\n\n\n\n<p class=\"wp-block-paragraph\">Romina Lanzillotta &#8211; Catalina Rodr\u00edguez Loredo (Charlie y la f\u00e1brica de chocolate)<\/p>\n\n\n\n<p class=\"wp-block-paragraph\">Stella Maris M\u00fcller (Anastasia)<\/p>\n\n\n\n<p class=\"wp-block-paragraph\"><strong>25 \u2013 MEJOR ESCENOGRAF\u00cdA Y\/O DISE\u00d1O AUDIOVISUAL ORIGINAL<\/strong><\/p>\n\n\n\n<p class=\"wp-block-paragraph\">Gonzalo C\u00f3rdoba Est\u00e9vez (Hairspray)<\/p>\n\n\n\n<p class=\"wp-block-paragraph\">Gonzalo C\u00f3rdoba Est\u00e9vez (Invasiones I: No bombardeen Buenos Aires)<\/p>\n\n\n\n<p class=\"wp-block-paragraph\">Jorge Ferrari (Billy Elliot)<\/p>\n\n\n\n<p class=\"wp-block-paragraph\">Jos\u00e9 Ponce Arag\u00f3n &#8211; Maxi Vecco (Charlie y la f\u00e1brica de chocolate)<\/p>\n\n\n\n<p class=\"wp-block-paragraph\"><strong>26- MEJOR CARACTERIZACI\u00d3N<\/strong><\/p>\n\n\n\n<p class=\"wp-block-paragraph\">Fabi\u00e1n Sigona (Pelucas de Hairspray)<\/p>\n\n\n\n<p class=\"wp-block-paragraph\">Feliciano San Rom\u00e1n (Pelucas de Anastasia)<\/p>\n\n\n\n<p class=\"wp-block-paragraph\">Germ\u00e1n P\u00e9rez (Caracterizaci\u00f3n de Mrs. Doubtfire en Pap\u00e1 por siempre)<\/p>\n\n\n\n<p class=\"wp-block-paragraph\"><strong>27 \u2013 MEJOR DISE\u00d1O DE LUCES ORIGINAL<\/strong><\/p>\n\n\n\n<p class=\"wp-block-paragraph\">Anteo Del Mastro &#8211; Sebasti\u00e1n Viola (Charlie y la f\u00e1brica de chocolate)<\/p>\n\n\n\n<p class=\"wp-block-paragraph\">David Seldes (Company)<\/p>\n\n\n\n<p class=\"wp-block-paragraph\">David Seldes (Hairspray)<\/p>\n\n\n\n<p class=\"wp-block-paragraph\">Gonzalo C\u00f3rdova (Billy Elliot)<\/p>\n\n\n\n<p class=\"wp-block-paragraph\">Mat\u00edas Send\u00f3n (Invasiones I: No bombardeen Buenos Aires)<\/p>\n\n\n\n<p class=\"wp-block-paragraph\"><strong>28 \u2013 MEJOR DISE\u00d1O DE SONIDO<\/strong><\/p>\n\n\n\n<p class=\"wp-block-paragraph\">Gast\u00f3n Briski (Billy Elliot)<\/p>\n\n\n\n<p class=\"wp-block-paragraph\">Gast\u00f3n Briski (Company)<\/p>\n\n\n\n<p class=\"wp-block-paragraph\">Gast\u00f3n Briski (Hairspray)<\/p>\n\n\n\n<p class=\"wp-block-paragraph\">Rodrigo Lavecchia (Invasiones I: No bombardeen Buenos Aires)<\/p>\n\n\n\n<p class=\"wp-block-paragraph\"><strong>29 \u2013 MEJOR ESPECT\u00c1CULO MUSICAL PARA UN SOLO INT\u00c9RPRETE<\/strong><\/p>\n\n\n\n<p class=\"wp-block-paragraph\">Canciones rescatadas, caf\u00e9 concert (Laura Manzini)<\/p>\n\n\n\n<p class=\"wp-block-paragraph\">Cruda, hija de los &#8217;90 (Nahir S\u00e1nchez Romero)<\/p>\n\n\n\n<p class=\"wp-block-paragraph\">Juan, estoy en la puerta, baj\u00e1 (Francisco Pesqueira)<\/p>\n\n\n\n<p class=\"wp-block-paragraph\">Memento mori, la forma del recuerdo (Fede Fedele)<\/p>\n\n\n\n<p class=\"wp-block-paragraph\">Para no caer &#8211; Vol. 1(Alejandro Tantani\u00e1n)<\/p>\n\n\n\n<p class=\"wp-block-paragraph\"><strong>30 \u2013 MEJOR DIRECCI\u00d3N EN MUSICAL OFF<\/strong><\/p>\n\n\n\n<p class=\"wp-block-paragraph\">Luli Ingold &#8211; Facu Rau (\u00a1Hostias, Isabel!)<\/p>\n\n\n\n<p class=\"wp-block-paragraph\">Gustavo Manzanal &#8211; Luis Alberto Rivera L\u00f3pez (La culpa es de la tierra)<\/p>\n\n\n\n<p class=\"wp-block-paragraph\">Lali Vidal (Memento mori, la forma del recuerdo)<\/p>\n\n\n\n<p class=\"wp-block-paragraph\">Mario Micheloni &#8211; Gonzalo Ortiz (Ride the Cyclone)<\/p>\n\n\n\n<p class=\"wp-block-paragraph\">Tom\u00e1s Ca\u00eda (Espejos marcados)<\/p>\n\n\n\n<p class=\"wp-block-paragraph\"><strong>31 \u2013 MEJOR INT\u00c9RPRETE MASCULINO EN MUSICAL OFF<\/strong><\/p>\n\n\n\n<p class=\"wp-block-paragraph\">Agust\u00edn Iannone (\u00a1Hostias, Isabel!)<\/p>\n\n\n\n<p class=\"wp-block-paragraph\">I\u00f1aki Crotto (Kil\u00f3metros)<\/p>\n\n\n\n<p class=\"wp-block-paragraph\">Jer\u00f3nimo Dodds (Cuando dej\u00e9 de volar)<\/p>\n\n\n\n<p class=\"wp-block-paragraph\"><strong>32 &#8211; MEJOR INT\u00c9RPRETE FEMENINA EN MUSICAL OFF<\/strong><\/p>\n\n\n\n<p class=\"wp-block-paragraph\">Azul Cabrera (Ride the Cyclone)<\/p>\n\n\n\n<p class=\"wp-block-paragraph\">Lola Sierra (Espejos marcados)<\/p>\n\n\n\n<p class=\"wp-block-paragraph\">M\u00f3nica Felippa (La culpa es de la tierra)<\/p>\n\n\n\n<p class=\"wp-block-paragraph\"><strong>33 &#8211; MEJOR MUSICAL INFANTIL Y\/O JUVENIL<\/strong><\/p>\n\n\n\n<p class=\"wp-block-paragraph\">El mago de Oz<\/p>\n\n\n\n<p class=\"wp-block-paragraph\">El salpic\u00f3n<\/p>\n\n\n\n<p class=\"wp-block-paragraph\">Migue y Lucy, una historia de rock<\/p>\n\n\n\n<p class=\"wp-block-paragraph\">Un superamigo imaginario<\/p>\n\n\n\n<p class=\"wp-block-paragraph\"><strong>34 &#8211; MEJOR DIRECCI\u00d3N EN MUSICAL INFANTIL Y\/O JUVENIL<\/strong><\/p>\n\n\n\n<p class=\"wp-block-paragraph\">Francisco Ruiz Barlett (Migue y Lucy, una historia de rock)<\/p>\n\n\n\n<p class=\"wp-block-paragraph\">H\u00e9ctor Presa (Un superamigo imaginario)<\/p>\n\n\n\n<p class=\"wp-block-paragraph\">Victoria Baldomir &#8211; Sabrina Zelaschi (El salpic\u00f3n)<\/p>\n\n\n\n<p class=\"wp-block-paragraph\"><strong>35 &#8211; MEJOR COREOGRAF\u00cdA EN MUSICAL INFANTIL Y\/O JUVENIL<\/strong><\/p>\n\n\n\n<p class=\"wp-block-paragraph\">Constanza Feldman (El salpic\u00f3n)<\/p>\n\n\n\n<p class=\"wp-block-paragraph\">Fede Fedele (Cosas chiquienormes)<\/p>\n\n\n\n<p class=\"wp-block-paragraph\">Marina Svartzman (Remigio Verdiales, un carpincho)<\/p>\n\n\n\n<p class=\"wp-block-paragraph\">Natalia Ferreira (El viaje de Teo y Nina por el zod\u00edaco)<\/p>\n\n\n\n<p class=\"wp-block-paragraph\">Sergio Villalba (Cuentos l\u00edricos. \u00bfSab\u00edas que el mar tiene coraz\u00f3n?)<\/p>\n\n\n\n<p class=\"wp-block-paragraph\">Vanesa Garc\u00eda Mill\u00e1n (El mago de Oz)<\/p>\n\n\n\n<p class=\"wp-block-paragraph\"><strong>36 &#8211; MEJOR LIBRO EN MUSICAL INFANTIL Y\/O JUVENIL<\/strong><\/p>\n\n\n\n<p class=\"wp-block-paragraph\">Francisco Ruiz Barlett (Migue y Lucy, una historia de rock)<\/p>\n\n\n\n<p class=\"wp-block-paragraph\">H\u00e9ctor Presa (Un superamigo imaginario)<\/p>\n\n\n\n<p class=\"wp-block-paragraph\">Maris\u00e9 Monteiro (El mago de Oz)<\/p>\n\n\n\n<p class=\"wp-block-paragraph\"><strong>37 &#8211; MEJORES LETRAS EN MUSICAL INFANTIL Y\/O JUVENIL<\/strong><\/p>\n\n\n\n<p class=\"wp-block-paragraph\">Francisco Ruiz Barlett (Migue y Lucy, una historia de rock)<\/p>\n\n\n\n<p class=\"wp-block-paragraph\">H\u00e9ctor Presa (Un superamigo imaginario)<\/p>\n\n\n\n<p class=\"wp-block-paragraph\">Maris\u00e9 Monteiro (El mago de Oz)<\/p>\n\n\n\n<p class=\"wp-block-paragraph\"><strong>38 &#8211; MEJOR M\u00daSICA ORIGINAL DE MUSICAL INFANTIL Y\/O JUVENIL<\/strong><\/p>\n\n\n\n<p class=\"wp-block-paragraph\">\u00c1ngel Mahler &#8211; Mart\u00edn Bianchedi (El mago de Oz)<\/p>\n\n\n\n<p class=\"wp-block-paragraph\">Fernando Nazar (Remigio Verdiales, un carpincho)<\/p>\n\n\n\n<p class=\"wp-block-paragraph\">Francisco Ruiz Barlett (Migue y Lucy, una historia de rock)<\/p>\n\n\n\n<p class=\"wp-block-paragraph\"><strong>39 &#8211; MEJOR ACTUACI\u00d3N FEMENINA EN MUSICAL INFANTIL Y\/O JUVENIL<\/strong><\/p>\n\n\n\n<p class=\"wp-block-paragraph\">Albana Fuentes (El mago de Oz)<\/p>\n\n\n\n<p class=\"wp-block-paragraph\">Ana Galati (Remigio Verdiales, un carpincho)<\/p>\n\n\n\n<p class=\"wp-block-paragraph\">Julia Morgado (El salpic\u00f3n)<\/p>\n\n\n\n<p class=\"wp-block-paragraph\"><strong>40 &#8211; MEJOR ACTUACI\u00d3N MASCULINA EN MUSICAL INFANTIL Y\/O JUVENIL<\/strong><\/p>\n\n\n\n<p class=\"wp-block-paragraph\">Emiliano Larea (El mago de Oz)<\/p>\n\n\n\n<p class=\"wp-block-paragraph\">Emmanuel Abbruzzese Motta (Remigio Verdiales, un carpincho)<\/p>\n\n\n\n<p class=\"wp-block-paragraph\">Mat\u00edas Acosta (Cosas chiquienormes)<\/p>\n\n\n\n<p class=\"wp-block-paragraph\"><strong>41 &#8211; MEJOR PRODUCCI\u00d3N EN MUSICAL INFANTIL Y\/O JUVENIL<\/strong><\/p>\n\n\n\n<p class=\"wp-block-paragraph\">Complejo Teatral de Buenos Aires &#8211; Grupo de Titiriteros del Teatro San Mart\u00edn (Remigio Verdiales, un carpincho)<\/p>\n\n\n\n<p class=\"wp-block-paragraph\">Instituto Superior de Arte del Teatro Col\u00f3n (Cuentos l\u00edricos. \u00bfSab\u00edas que el mar tiene coraz\u00f3n?)<\/p>\n\n\n\n<p class=\"wp-block-paragraph\">Teatro Nacional Cervantes (El mago de Oz)<\/p>\n\n\n\n<p class=\"wp-block-paragraph\"><strong>42 &#8211; MEJOR DISE\u00d1O DE ESCENOGRAF\u00cdA EN MUSICAL INFANTIL Y\/O JUVENIL<\/strong><\/p>\n\n\n\n<p class=\"wp-block-paragraph\">Giuliano Benedetti (Cosas chiquienormes)<\/p>\n\n\n\n<p class=\"wp-block-paragraph\">Giuliano Benedetti (El viaje de Teo y Nina por el zod\u00edaco)<\/p>\n\n\n\n<p class=\"wp-block-paragraph\">Gonzalo C\u00f3rdoba Est\u00e9vez (El mago de Oz)<\/p>\n\n\n\n<p class=\"wp-block-paragraph\">Marcelo Valiente (Manuelita, mi casa es el mundo)<\/p>\n\n\n\n<p class=\"wp-block-paragraph\">Micaela Sleigh (Remigio Verdiales, un carpincho)<\/p>\n\n\n\n<p class=\"wp-block-paragraph\"><strong>43 &#8211; MEJOR DISE\u00d1O DE VESTUARIO EN MUSICAL INFANTIL Y\/O JUVENIL<\/strong><\/p>\n\n\n\n<p class=\"wp-block-paragraph\">Javier Ponzio (Remigio Verdiales, un carpincho)<\/p>\n\n\n\n<p class=\"wp-block-paragraph\">Sandra Szwarcberg &#8211; Flavia Pereda (Manuelita, mi casa es el mundo)<\/p>\n\n\n\n<p class=\"wp-block-paragraph\">Sof\u00eda Di Nunzio (El mago de Oz)<\/p>\n\n\n\n<p class=\"wp-block-paragraph\"><strong>Sobre los Premios Hugo al Teatro Musical<\/strong><\/p>\n\n\n\n<p class=\"wp-block-paragraph\">Los Premios Hugo son una iniciativa creada por Ricky Pashkus y Pablo Gorlero con el fin de distinguir todos los rubros, categor\u00edas y especializaciones del teatro musical en nuestro pa\u00eds. Toman el nombre de Hugo Mid\u00f3n como un modelo a seguir y homenaje a uno de los maestros m\u00e1s importantes del g\u00e9nero. La Asociaci\u00f3n Civil Premios Hugo busca estimular todas las expresiones art\u00edsticas del sector, as\u00ed como fomentar procesos de formaci\u00f3n, perfeccionamiento e inserci\u00f3n laboral.<\/p>\n\n\n\n<p class=\"wp-block-paragraph\"><br><strong>Acerca de Fundaci\u00f3n Santander Argentina<\/strong><\/p>\n\n\n\n<p class=\"wp-block-paragraph\">La cultura forma parte del #CompromisoSantander con la sociedad. Desde 2019, Fundaci\u00f3n Santander promueve el crecimiento inclusivo y sostenible de la econom\u00eda creativa en la Argentina a trav\u00e9s de exhibiciones, formaci\u00f3n gratuita y el apoyo a m\u00e1s de 2000 iniciativas culturales, posicion\u00e1ndose como una plataforma de visibilidad para el talento nacional.<\/p>\n\n\n\n<p class=\"wp-block-paragraph\">Gracias Tommy Pashkus Agencia por acercarnos la gacetilla de prensa con toda la informaci\u00f3n de la entrega de los Premios Hugo en el Teatro Coliseo.<\/p>\n\n\n\n<p class=\"wp-block-paragraph\"><\/p>\n","protected":false},"excerpt":{"rendered":"<p>La&nbsp;Asociaci\u00f3n Civil Premios Hugo&nbsp;anuncia oficialmente las nominaciones correspondientes a la 16\u00aa edici\u00f3n de los galardones que distinguen a lo mejor de la actividad del teatro musical en Argentina. Creados por Ricky Pashkus y Pablo Gorlero, estos premios celebran el talento, la creatividad y la excelencia de las producciones y artistas que enriquecen el g\u00e9nero. En [&hellip;]<\/p>\n","protected":false},"author":3,"featured_media":32658,"comment_status":"open","ping_status":"closed","sticky":false,"template":"","format":"standard","meta":{"footnotes":""},"categories":[34,56,35],"tags":[],"class_list":["post-32657","post","type-post","status-publish","format-standard","has-post-thumbnail","category-arte","category-musica","category-teatro"],"yoast_head":"<!-- This site is optimized with the Yoast SEO plugin v28.4 - https:\/\/yoast.com\/product\/yoast-seo-wordpress\/ -->\n<title>SE CONOCIERON LOS NOMINADOS A LA 16\u00b0 EDICI\u00d3N DE LOS PREMIOS HUGO AL TEATRO MUSICAL - Sergio Lapegue<\/title>\n<meta name=\"robots\" content=\"index, follow, max-snippet:-1, max-image-preview:large, max-video-preview:-1\" \/>\n<link rel=\"canonical\" href=\"https:\/\/sergiolapegue.com\/site\/2026\/09\/05\/se-conocieron-los-nominados-a-la-16-edicion-de-los-premios-hugo-al-teatro-musical\/\" \/>\n<meta property=\"og:locale\" content=\"es_ES\" \/>\n<meta property=\"og:type\" content=\"article\" \/>\n<meta property=\"og:title\" content=\"SE CONOCIERON LOS NOMINADOS A LA 16\u00b0 EDICI\u00d3N DE LOS PREMIOS HUGO AL TEATRO MUSICAL - Sergio Lapegue\" \/>\n<meta property=\"og:description\" content=\"La&nbsp;Asociaci\u00f3n Civil Premios Hugo&nbsp;anuncia oficialmente las nominaciones correspondientes a la 16\u00aa edici\u00f3n de los galardones que distinguen a lo mejor de la actividad del teatro musical en Argentina. Creados por Ricky Pashkus y Pablo Gorlero, estos premios celebran el talento, la creatividad y la excelencia de las producciones y artistas que enriquecen el g\u00e9nero. En [&hellip;]\" \/>\n<meta property=\"og:url\" content=\"https:\/\/sergiolapegue.com\/site\/2026\/09\/05\/se-conocieron-los-nominados-a-la-16-edicion-de-los-premios-hugo-al-teatro-musical\/\" \/>\n<meta property=\"og:site_name\" content=\"Sergio Lapegue\" \/>\n<meta property=\"article:publisher\" content=\"https:\/\/facebook.com\/sergiolapegue\" \/>\n<meta property=\"article:author\" content=\"https:\/\/facebook.com\/danielernesto.montana\" \/>\n<meta property=\"article:published_time\" content=\"2026-09-05T22:00:00+00:00\" \/>\n<meta property=\"og:image\" content=\"https:\/\/sergiolapegue.com\/site\/wp-content\/uploads\/2026\/09\/Se-conocieron-los-nominados-Premios-Hugo.png\" \/>\n\t<meta property=\"og:image:width\" content=\"1351\" \/>\n\t<meta property=\"og:image:height\" content=\"500\" \/>\n\t<meta property=\"og:image:type\" content=\"image\/png\" \/>\n<meta name=\"author\" content=\"Daniel E. Monta\u00f1a\" \/>\n<meta name=\"twitter:card\" content=\"summary_large_image\" \/>\n<meta name=\"twitter:creator\" content=\"@https:\/\/twitter.com\/daner_004\" \/>\n<meta name=\"twitter:site\" content=\"@sergiolapegue\" \/>\n<meta name=\"twitter:label1\" content=\"Escrito por\" \/>\n\t<meta name=\"twitter:data1\" content=\"Daniel E. Monta\u00f1a\" \/>\n\t<meta name=\"twitter:label2\" content=\"Tiempo de lectura\" \/>\n\t<meta name=\"twitter:data2\" content=\"9 minutos\" \/>\n<script type=\"application\/ld+json\" class=\"yoast-schema-graph\">{\"@context\":\"https:\\\/\\\/schema.org\",\"@graph\":[{\"@type\":\"Article\",\"@id\":\"https:\\\/\\\/sergiolapegue.com\\\/site\\\/2026\\\/09\\\/05\\\/se-conocieron-los-nominados-a-la-16-edicion-de-los-premios-hugo-al-teatro-musical\\\/#article\",\"isPartOf\":{\"@id\":\"https:\\\/\\\/sergiolapegue.com\\\/site\\\/2026\\\/09\\\/05\\\/se-conocieron-los-nominados-a-la-16-edicion-de-los-premios-hugo-al-teatro-musical\\\/\"},\"author\":{\"name\":\"Daniel E. Monta\u00f1a\",\"@id\":\"https:\\\/\\\/sergiolapegue.com\\\/site\\\/#\\\/schema\\\/person\\\/9198e7dbab43c6d74d0fd5399af7c3cd\"},\"headline\":\"SE CONOCIERON LOS NOMINADOS A LA 16\u00b0 EDICI\u00d3N DE LOS PREMIOS HUGO AL TEATRO MUSICAL\",\"datePublished\":\"2026-09-05T22:00:00+00:00\",\"mainEntityOfPage\":{\"@id\":\"https:\\\/\\\/sergiolapegue.com\\\/site\\\/2026\\\/09\\\/05\\\/se-conocieron-los-nominados-a-la-16-edicion-de-los-premios-hugo-al-teatro-musical\\\/\"},\"wordCount\":1927,\"commentCount\":0,\"publisher\":{\"@id\":\"https:\\\/\\\/sergiolapegue.com\\\/site\\\/#\\\/schema\\\/person\\\/083aeceeb0734cd166779ea6c0551a37\"},\"image\":{\"@id\":\"https:\\\/\\\/sergiolapegue.com\\\/site\\\/2026\\\/09\\\/05\\\/se-conocieron-los-nominados-a-la-16-edicion-de-los-premios-hugo-al-teatro-musical\\\/#primaryimage\"},\"thumbnailUrl\":\"https:\\\/\\\/sergiolapegue.com\\\/site\\\/wp-content\\\/uploads\\\/2026\\\/09\\\/Se-conocieron-los-nominados-Premios-Hugo.png\",\"articleSection\":[\"Arte\",\"M\u00fasica\",\"Teatro\"],\"inLanguage\":\"es-AR\",\"potentialAction\":[{\"@type\":\"CommentAction\",\"name\":\"Comment\",\"target\":[\"https:\\\/\\\/sergiolapegue.com\\\/site\\\/2026\\\/09\\\/05\\\/se-conocieron-los-nominados-a-la-16-edicion-de-los-premios-hugo-al-teatro-musical\\\/#respond\"]}]},{\"@type\":\"WebPage\",\"@id\":\"https:\\\/\\\/sergiolapegue.com\\\/site\\\/2026\\\/09\\\/05\\\/se-conocieron-los-nominados-a-la-16-edicion-de-los-premios-hugo-al-teatro-musical\\\/\",\"url\":\"https:\\\/\\\/sergiolapegue.com\\\/site\\\/2026\\\/09\\\/05\\\/se-conocieron-los-nominados-a-la-16-edicion-de-los-premios-hugo-al-teatro-musical\\\/\",\"name\":\"SE CONOCIERON LOS NOMINADOS A LA 16\u00b0 EDICI\u00d3N DE LOS PREMIOS HUGO AL TEATRO MUSICAL - Sergio Lapegue\",\"isPartOf\":{\"@id\":\"https:\\\/\\\/sergiolapegue.com\\\/site\\\/#website\"},\"primaryImageOfPage\":{\"@id\":\"https:\\\/\\\/sergiolapegue.com\\\/site\\\/2026\\\/09\\\/05\\\/se-conocieron-los-nominados-a-la-16-edicion-de-los-premios-hugo-al-teatro-musical\\\/#primaryimage\"},\"image\":{\"@id\":\"https:\\\/\\\/sergiolapegue.com\\\/site\\\/2026\\\/09\\\/05\\\/se-conocieron-los-nominados-a-la-16-edicion-de-los-premios-hugo-al-teatro-musical\\\/#primaryimage\"},\"thumbnailUrl\":\"https:\\\/\\\/sergiolapegue.com\\\/site\\\/wp-content\\\/uploads\\\/2026\\\/09\\\/Se-conocieron-los-nominados-Premios-Hugo.png\",\"datePublished\":\"2026-09-05T22:00:00+00:00\",\"breadcrumb\":{\"@id\":\"https:\\\/\\\/sergiolapegue.com\\\/site\\\/2026\\\/09\\\/05\\\/se-conocieron-los-nominados-a-la-16-edicion-de-los-premios-hugo-al-teatro-musical\\\/#breadcrumb\"},\"inLanguage\":\"es-AR\",\"potentialAction\":[{\"@type\":\"ReadAction\",\"target\":[\"https:\\\/\\\/sergiolapegue.com\\\/site\\\/2026\\\/09\\\/05\\\/se-conocieron-los-nominados-a-la-16-edicion-de-los-premios-hugo-al-teatro-musical\\\/\"]}]},{\"@type\":\"ImageObject\",\"inLanguage\":\"es-AR\",\"@id\":\"https:\\\/\\\/sergiolapegue.com\\\/site\\\/2026\\\/09\\\/05\\\/se-conocieron-los-nominados-a-la-16-edicion-de-los-premios-hugo-al-teatro-musical\\\/#primaryimage\",\"url\":\"https:\\\/\\\/sergiolapegue.com\\\/site\\\/wp-content\\\/uploads\\\/2026\\\/09\\\/Se-conocieron-los-nominados-Premios-Hugo.png\",\"contentUrl\":\"https:\\\/\\\/sergiolapegue.com\\\/site\\\/wp-content\\\/uploads\\\/2026\\\/09\\\/Se-conocieron-los-nominados-Premios-Hugo.png\",\"width\":1351,\"height\":500},{\"@type\":\"BreadcrumbList\",\"@id\":\"https:\\\/\\\/sergiolapegue.com\\\/site\\\/2026\\\/09\\\/05\\\/se-conocieron-los-nominados-a-la-16-edicion-de-los-premios-hugo-al-teatro-musical\\\/#breadcrumb\",\"itemListElement\":[{\"@type\":\"ListItem\",\"position\":1,\"name\":\"Inicio\",\"item\":\"https:\\\/\\\/sergiolapegue.com\\\/site\\\/\"},{\"@type\":\"ListItem\",\"position\":2,\"name\":\"SE CONOCIERON LOS NOMINADOS A LA 16\u00b0 EDICI\u00d3N DE LOS PREMIOS HUGO AL TEATRO MUSICAL\"}]},{\"@type\":\"WebSite\",\"@id\":\"https:\\\/\\\/sergiolapegue.com\\\/site\\\/#website\",\"url\":\"https:\\\/\\\/sergiolapegue.com\\\/site\\\/\",\"name\":\"Sergio Lapegue\",\"description\":\"Periodista y conductor de radio y televisi\u00f3n argentino, nacido el 6 de septiembre de 1964.\",\"publisher\":{\"@id\":\"https:\\\/\\\/sergiolapegue.com\\\/site\\\/#\\\/schema\\\/person\\\/083aeceeb0734cd166779ea6c0551a37\"},\"potentialAction\":[{\"@type\":\"SearchAction\",\"target\":{\"@type\":\"EntryPoint\",\"urlTemplate\":\"https:\\\/\\\/sergiolapegue.com\\\/site\\\/?s={search_term_string}\"},\"query-input\":{\"@type\":\"PropertyValueSpecification\",\"valueRequired\":true,\"valueName\":\"search_term_string\"}}],\"inLanguage\":\"es-AR\"},{\"@type\":[\"Person\",\"Organization\"],\"@id\":\"https:\\\/\\\/sergiolapegue.com\\\/site\\\/#\\\/schema\\\/person\\\/083aeceeb0734cd166779ea6c0551a37\",\"name\":\"Sergio Lapegue\",\"image\":{\"@type\":\"ImageObject\",\"inLanguage\":\"es-AR\",\"@id\":\"https:\\\/\\\/sergiolapegue.com\\\/site\\\/wp-content\\\/uploads\\\/2021\\\/04\\\/logo_header-1.png\",\"url\":\"https:\\\/\\\/sergiolapegue.com\\\/site\\\/wp-content\\\/uploads\\\/2021\\\/04\\\/logo_header-1.png\",\"contentUrl\":\"https:\\\/\\\/sergiolapegue.com\\\/site\\\/wp-content\\\/uploads\\\/2021\\\/04\\\/logo_header-1.png\",\"width\":272,\"height\":90,\"caption\":\"Sergio Lapegue\"},\"logo\":{\"@id\":\"https:\\\/\\\/sergiolapegue.com\\\/site\\\/wp-content\\\/uploads\\\/2021\\\/04\\\/logo_header-1.png\"},\"sameAs\":[\"https:\\\/\\\/facebook.com\\\/sergiolapegue\",\"https:\\\/\\\/instagram.com\\\/sergiolapegue\",\"https:\\\/\\\/x.com\\\/https:\\\/\\\/twitter.com\\\/sergiolapegue\"]},{\"@type\":\"Person\",\"@id\":\"https:\\\/\\\/sergiolapegue.com\\\/site\\\/#\\\/schema\\\/person\\\/9198e7dbab43c6d74d0fd5399af7c3cd\",\"name\":\"Daniel E. Monta\u00f1a\",\"image\":{\"@type\":\"ImageObject\",\"inLanguage\":\"es-AR\",\"@id\":\"https:\\\/\\\/sergiolapegue.com\\\/site\\\/wp-content\\\/uploads\\\/2021\\\/04\\\/sl_avatar_Daniel-150x150.jpg\",\"url\":\"https:\\\/\\\/sergiolapegue.com\\\/site\\\/wp-content\\\/uploads\\\/2021\\\/04\\\/sl_avatar_Daniel-150x150.jpg\",\"contentUrl\":\"https:\\\/\\\/sergiolapegue.com\\\/site\\\/wp-content\\\/uploads\\\/2021\\\/04\\\/sl_avatar_Daniel-150x150.jpg\",\"caption\":\"Daniel E. Monta\u00f1a\"},\"sameAs\":[\"https:\\\/\\\/facebook.com\\\/danielernesto.montana\",\"https:\\\/\\\/instagram.com\\\/daniel_montana1961\",\"https:\\\/\\\/x.com\\\/https:\\\/\\\/twitter.com\\\/daner_004\"],\"url\":\"https:\\\/\\\/sergiolapegue.com\\\/site\\\/author\\\/daniel\\\/\"}]}<\/script>\n<!-- \/ Yoast SEO plugin. -->","yoast_head_json":{"title":"SE CONOCIERON LOS NOMINADOS A LA 16\u00b0 EDICI\u00d3N DE LOS PREMIOS HUGO AL TEATRO MUSICAL - Sergio Lapegue","robots":{"index":"index","follow":"follow","max-snippet":"max-snippet:-1","max-image-preview":"max-image-preview:large","max-video-preview":"max-video-preview:-1"},"canonical":"https:\/\/sergiolapegue.com\/site\/2026\/09\/05\/se-conocieron-los-nominados-a-la-16-edicion-de-los-premios-hugo-al-teatro-musical\/","og_locale":"es_ES","og_type":"article","og_title":"SE CONOCIERON LOS NOMINADOS A LA 16\u00b0 EDICI\u00d3N DE LOS PREMIOS HUGO AL TEATRO MUSICAL - Sergio Lapegue","og_description":"La&nbsp;Asociaci\u00f3n Civil Premios Hugo&nbsp;anuncia oficialmente las nominaciones correspondientes a la 16\u00aa edici\u00f3n de los galardones que distinguen a lo mejor de la actividad del teatro musical en Argentina. Creados por Ricky Pashkus y Pablo Gorlero, estos premios celebran el talento, la creatividad y la excelencia de las producciones y artistas que enriquecen el g\u00e9nero. En [&hellip;]","og_url":"https:\/\/sergiolapegue.com\/site\/2026\/09\/05\/se-conocieron-los-nominados-a-la-16-edicion-de-los-premios-hugo-al-teatro-musical\/","og_site_name":"Sergio Lapegue","article_publisher":"https:\/\/facebook.com\/sergiolapegue","article_author":"https:\/\/facebook.com\/danielernesto.montana","article_published_time":"2026-09-05T22:00:00+00:00","og_image":[{"width":1351,"height":500,"url":"https:\/\/sergiolapegue.com\/site\/wp-content\/uploads\/2026\/09\/Se-conocieron-los-nominados-Premios-Hugo.png","type":"image\/png"}],"author":"Daniel E. Monta\u00f1a","twitter_card":"summary_large_image","twitter_creator":"@https:\/\/twitter.com\/daner_004","twitter_site":"@sergiolapegue","twitter_misc":{"Escrito por":"Daniel E. Monta\u00f1a","Tiempo de lectura":"9 minutos"},"schema":{"@context":"https:\/\/schema.org","@graph":[{"@type":"Article","@id":"https:\/\/sergiolapegue.com\/site\/2026\/09\/05\/se-conocieron-los-nominados-a-la-16-edicion-de-los-premios-hugo-al-teatro-musical\/#article","isPartOf":{"@id":"https:\/\/sergiolapegue.com\/site\/2026\/09\/05\/se-conocieron-los-nominados-a-la-16-edicion-de-los-premios-hugo-al-teatro-musical\/"},"author":{"name":"Daniel E. Monta\u00f1a","@id":"https:\/\/sergiolapegue.com\/site\/#\/schema\/person\/9198e7dbab43c6d74d0fd5399af7c3cd"},"headline":"SE CONOCIERON LOS NOMINADOS A LA 16\u00b0 EDICI\u00d3N DE LOS PREMIOS HUGO AL TEATRO MUSICAL","datePublished":"2026-09-05T22:00:00+00:00","mainEntityOfPage":{"@id":"https:\/\/sergiolapegue.com\/site\/2026\/09\/05\/se-conocieron-los-nominados-a-la-16-edicion-de-los-premios-hugo-al-teatro-musical\/"},"wordCount":1927,"commentCount":0,"publisher":{"@id":"https:\/\/sergiolapegue.com\/site\/#\/schema\/person\/083aeceeb0734cd166779ea6c0551a37"},"image":{"@id":"https:\/\/sergiolapegue.com\/site\/2026\/09\/05\/se-conocieron-los-nominados-a-la-16-edicion-de-los-premios-hugo-al-teatro-musical\/#primaryimage"},"thumbnailUrl":"https:\/\/sergiolapegue.com\/site\/wp-content\/uploads\/2026\/09\/Se-conocieron-los-nominados-Premios-Hugo.png","articleSection":["Arte","M\u00fasica","Teatro"],"inLanguage":"es-AR","potentialAction":[{"@type":"CommentAction","name":"Comment","target":["https:\/\/sergiolapegue.com\/site\/2026\/09\/05\/se-conocieron-los-nominados-a-la-16-edicion-de-los-premios-hugo-al-teatro-musical\/#respond"]}]},{"@type":"WebPage","@id":"https:\/\/sergiolapegue.com\/site\/2026\/09\/05\/se-conocieron-los-nominados-a-la-16-edicion-de-los-premios-hugo-al-teatro-musical\/","url":"https:\/\/sergiolapegue.com\/site\/2026\/09\/05\/se-conocieron-los-nominados-a-la-16-edicion-de-los-premios-hugo-al-teatro-musical\/","name":"SE CONOCIERON LOS NOMINADOS A LA 16\u00b0 EDICI\u00d3N DE LOS PREMIOS HUGO AL TEATRO MUSICAL - Sergio Lapegue","isPartOf":{"@id":"https:\/\/sergiolapegue.com\/site\/#website"},"primaryImageOfPage":{"@id":"https:\/\/sergiolapegue.com\/site\/2026\/09\/05\/se-conocieron-los-nominados-a-la-16-edicion-de-los-premios-hugo-al-teatro-musical\/#primaryimage"},"image":{"@id":"https:\/\/sergiolapegue.com\/site\/2026\/09\/05\/se-conocieron-los-nominados-a-la-16-edicion-de-los-premios-hugo-al-teatro-musical\/#primaryimage"},"thumbnailUrl":"https:\/\/sergiolapegue.com\/site\/wp-content\/uploads\/2026\/09\/Se-conocieron-los-nominados-Premios-Hugo.png","datePublished":"2026-09-05T22:00:00+00:00","breadcrumb":{"@id":"https:\/\/sergiolapegue.com\/site\/2026\/09\/05\/se-conocieron-los-nominados-a-la-16-edicion-de-los-premios-hugo-al-teatro-musical\/#breadcrumb"},"inLanguage":"es-AR","potentialAction":[{"@type":"ReadAction","target":["https:\/\/sergiolapegue.com\/site\/2026\/09\/05\/se-conocieron-los-nominados-a-la-16-edicion-de-los-premios-hugo-al-teatro-musical\/"]}]},{"@type":"ImageObject","inLanguage":"es-AR","@id":"https:\/\/sergiolapegue.com\/site\/2026\/09\/05\/se-conocieron-los-nominados-a-la-16-edicion-de-los-premios-hugo-al-teatro-musical\/#primaryimage","url":"https:\/\/sergiolapegue.com\/site\/wp-content\/uploads\/2026\/09\/Se-conocieron-los-nominados-Premios-Hugo.png","contentUrl":"https:\/\/sergiolapegue.com\/site\/wp-content\/uploads\/2026\/09\/Se-conocieron-los-nominados-Premios-Hugo.png","width":1351,"height":500},{"@type":"BreadcrumbList","@id":"https:\/\/sergiolapegue.com\/site\/2026\/09\/05\/se-conocieron-los-nominados-a-la-16-edicion-de-los-premios-hugo-al-teatro-musical\/#breadcrumb","itemListElement":[{"@type":"ListItem","position":1,"name":"Inicio","item":"https:\/\/sergiolapegue.com\/site\/"},{"@type":"ListItem","position":2,"name":"SE CONOCIERON LOS NOMINADOS A LA 16\u00b0 EDICI\u00d3N DE LOS PREMIOS HUGO AL TEATRO MUSICAL"}]},{"@type":"WebSite","@id":"https:\/\/sergiolapegue.com\/site\/#website","url":"https:\/\/sergiolapegue.com\/site\/","name":"Sergio Lapegue","description":"Periodista y conductor de radio y televisi\u00f3n argentino, nacido el 6 de septiembre de 1964.","publisher":{"@id":"https:\/\/sergiolapegue.com\/site\/#\/schema\/person\/083aeceeb0734cd166779ea6c0551a37"},"potentialAction":[{"@type":"SearchAction","target":{"@type":"EntryPoint","urlTemplate":"https:\/\/sergiolapegue.com\/site\/?s={search_term_string}"},"query-input":{"@type":"PropertyValueSpecification","valueRequired":true,"valueName":"search_term_string"}}],"inLanguage":"es-AR"},{"@type":["Person","Organization"],"@id":"https:\/\/sergiolapegue.com\/site\/#\/schema\/person\/083aeceeb0734cd166779ea6c0551a37","name":"Sergio Lapegue","image":{"@type":"ImageObject","inLanguage":"es-AR","@id":"https:\/\/sergiolapegue.com\/site\/wp-content\/uploads\/2021\/04\/logo_header-1.png","url":"https:\/\/sergiolapegue.com\/site\/wp-content\/uploads\/2021\/04\/logo_header-1.png","contentUrl":"https:\/\/sergiolapegue.com\/site\/wp-content\/uploads\/2021\/04\/logo_header-1.png","width":272,"height":90,"caption":"Sergio Lapegue"},"logo":{"@id":"https:\/\/sergiolapegue.com\/site\/wp-content\/uploads\/2021\/04\/logo_header-1.png"},"sameAs":["https:\/\/facebook.com\/sergiolapegue","https:\/\/instagram.com\/sergiolapegue","https:\/\/x.com\/https:\/\/twitter.com\/sergiolapegue"]},{"@type":"Person","@id":"https:\/\/sergiolapegue.com\/site\/#\/schema\/person\/9198e7dbab43c6d74d0fd5399af7c3cd","name":"Daniel E. Monta\u00f1a","image":{"@type":"ImageObject","inLanguage":"es-AR","@id":"https:\/\/sergiolapegue.com\/site\/wp-content\/uploads\/2021\/04\/sl_avatar_Daniel-150x150.jpg","url":"https:\/\/sergiolapegue.com\/site\/wp-content\/uploads\/2021\/04\/sl_avatar_Daniel-150x150.jpg","contentUrl":"https:\/\/sergiolapegue.com\/site\/wp-content\/uploads\/2021\/04\/sl_avatar_Daniel-150x150.jpg","caption":"Daniel E. Monta\u00f1a"},"sameAs":["https:\/\/facebook.com\/danielernesto.montana","https:\/\/instagram.com\/daniel_montana1961","https:\/\/x.com\/https:\/\/twitter.com\/daner_004"],"url":"https:\/\/sergiolapegue.com\/site\/author\/daniel\/"}]}},"_links":{"self":[{"href":"https:\/\/sergiolapegue.com\/site\/wp-json\/wp\/v2\/posts\/32657","targetHints":{"allow":["GET"]}}],"collection":[{"href":"https:\/\/sergiolapegue.com\/site\/wp-json\/wp\/v2\/posts"}],"about":[{"href":"https:\/\/sergiolapegue.com\/site\/wp-json\/wp\/v2\/types\/post"}],"author":[{"embeddable":true,"href":"https:\/\/sergiolapegue.com\/site\/wp-json\/wp\/v2\/users\/3"}],"replies":[{"embeddable":true,"href":"https:\/\/sergiolapegue.com\/site\/wp-json\/wp\/v2\/comments?post=32657"}],"version-history":[{"count":1,"href":"https:\/\/sergiolapegue.com\/site\/wp-json\/wp\/v2\/posts\/32657\/revisions"}],"predecessor-version":[{"id":32659,"href":"https:\/\/sergiolapegue.com\/site\/wp-json\/wp\/v2\/posts\/32657\/revisions\/32659"}],"wp:featuredmedia":[{"embeddable":true,"href":"https:\/\/sergiolapegue.com\/site\/wp-json\/wp\/v2\/media\/32658"}],"wp:attachment":[{"href":"https:\/\/sergiolapegue.com\/site\/wp-json\/wp\/v2\/media?parent=32657"}],"wp:term":[{"taxonomy":"category","embeddable":true,"href":"https:\/\/sergiolapegue.com\/site\/wp-json\/wp\/v2\/categories?post=32657"},{"taxonomy":"post_tag","embeddable":true,"href":"https:\/\/sergiolapegue.com\/site\/wp-json\/wp\/v2\/tags?post=32657"}],"curies":[{"name":"wp","href":"https:\/\/api.w.org\/{rel}","templated":true}]}}