{"id":32650,"date":"2026-09-05T07:00:00","date_gmt":"2026-09-05T10:00:00","guid":{"rendered":"https:\/\/sergiolapegue.com\/site\/?p=32650"},"modified":"2026-09-04T16:39:05","modified_gmt":"2026-09-04T19:39:05","slug":"remilgada-fantasia","status":"publish","type":"post","link":"https:\/\/sergiolapegue.com\/site\/2026\/09\/05\/remilgada-fantasia\/","title":{"rendered":"\u201cREMILGADA FANTAS\u00cdA\u201d"},"content":{"rendered":"\n<p class=\"wp-block-paragraph\">Sube nuevamente a escena \u201cRemilgada Fantas\u00eda\u201d, con dramaturgia y direcci\u00f3n de Carolina Mazzaferro, m\u00fasica en escena a cargo de Marcos Perrone y el elenco esta integrado por Fabi\u00e1n Calixto, Joaqu\u00edn Sesma, Julieta Timossi, Maite Rodr\u00edguez Chietino.<\/p>\n\n\n\n<p class=\"wp-block-paragraph\">La obra se presentar\u00e1 los domingos 13 y 27 de septiembre a las 17:00 horas en Mosc\u00fa Teatro.<\/p>\n\n\n\n<p class=\"wp-block-paragraph\">Este espect\u00e1culo ha resultado ganador del 13\u00ba Premio ARTEI a la producci\u00f3n de teatro independiente 2025.<\/p>\n\n\n\n<p class=\"wp-block-paragraph\">Asimismo, gan\u00f3 una menci\u00f3n en el 5\u00b0 Premio Est\u00edmulo a la Escritura Todos los Tiempos el Tiempo de 2024.<\/p>\n\n\n\n<figure class=\"wp-block-image size-full is-resized\"><img loading=\"lazy\" decoding=\"async\" width=\"1000\" height=\"668\" src=\"https:\/\/sergiolapegue.com\/site\/wp-content\/uploads\/2026\/09\/Remilgada-fantasia-1.jpg\" alt=\"\" class=\"wp-image-32652\" style=\"width:1068px;height:auto\" srcset=\"https:\/\/sergiolapegue.com\/site\/wp-content\/uploads\/2026\/09\/Remilgada-fantasia-1.jpg 1000w, https:\/\/sergiolapegue.com\/site\/wp-content\/uploads\/2026\/09\/Remilgada-fantasia-1-300x200.jpg 300w, https:\/\/sergiolapegue.com\/site\/wp-content\/uploads\/2026\/09\/Remilgada-fantasia-1-768x513.jpg 768w, https:\/\/sergiolapegue.com\/site\/wp-content\/uploads\/2026\/09\/Remilgada-fantasia-1-323x216.jpg 323w, https:\/\/sergiolapegue.com\/site\/wp-content\/uploads\/2026\/09\/Remilgada-fantasia-1-695x464.jpg 695w\" sizes=\"auto, (max-width: 1000px) 100vw, 1000px\" \/><\/figure>\n\n\n\n<p class=\"wp-block-paragraph\"><strong>SINOPSIS<\/strong><\/p>\n\n\n\n<p class=\"wp-block-paragraph\">Graham y Libi, dos pat\u00e9ticas hermanas literatas retra\u00eddas en la soledad de su saavedrina mansioneta, deben recorrer la Buenos Aires de principios de siglo XX para sacar de la c\u00e1rcel a Atilio, el amante de Graham. En la traves\u00eda citadina una decena de personajotes se apersonan abrillantados ante el t\u00e1ndem.<\/p>\n\n\n\n<p class=\"wp-block-paragraph\">Remilgada fantas\u00eda o De la abrillantada traves\u00eda de dos pat\u00e9ticas hermanas que troc\u00f3 en l\u00edrica prosa y amorosa andanza es una comedia escrita entre sonetos, d\u00e9cimas, romances, di\u00e1logos y narraciones. Una obra sobre un amor marica o un amor heterosexual o un amor de hermanas. Tal vez, tambi\u00e9n, sobre el amor a la literatura o a una ciudad que ya no existe. O tal vez sobre todo esto y nada a la vez.<\/p>\n\n\n\n<figure class=\"wp-block-image size-full is-resized\"><img loading=\"lazy\" decoding=\"async\" width=\"1000\" height=\"668\" src=\"https:\/\/sergiolapegue.com\/site\/wp-content\/uploads\/2026\/09\/Remilgada-fantasia-2.jpg\" alt=\"\" class=\"wp-image-32653\" style=\"width:1068px;height:auto\" srcset=\"https:\/\/sergiolapegue.com\/site\/wp-content\/uploads\/2026\/09\/Remilgada-fantasia-2.jpg 1000w, https:\/\/sergiolapegue.com\/site\/wp-content\/uploads\/2026\/09\/Remilgada-fantasia-2-300x200.jpg 300w, https:\/\/sergiolapegue.com\/site\/wp-content\/uploads\/2026\/09\/Remilgada-fantasia-2-768x513.jpg 768w, https:\/\/sergiolapegue.com\/site\/wp-content\/uploads\/2026\/09\/Remilgada-fantasia-2-323x216.jpg 323w, https:\/\/sergiolapegue.com\/site\/wp-content\/uploads\/2026\/09\/Remilgada-fantasia-2-695x464.jpg 695w\" sizes=\"auto, (max-width: 1000px) 100vw, 1000px\" \/><\/figure>\n\n\n\n<p class=\"wp-block-paragraph\"><strong>FICHA T\u00c9CNICO ART\u00cdSTICA<\/strong><\/p>\n\n\n\n<p class=\"wp-block-paragraph\">Dramaturgia: Carolina Mazzaferro<\/p>\n\n\n\n<p class=\"wp-block-paragraph\">Elenco: Fabi\u00e1n Calixto, Joaqu\u00edn Sesma, Julieta Timossi, Maite Rodr\u00edguez Chietino<\/p>\n\n\n\n<p class=\"wp-block-paragraph\">Dise\u00f1o de escenograf\u00eda: Camila Gastaldi<\/p>\n\n\n\n<p class=\"wp-block-paragraph\">Dise\u00f1o de vestuario: Paula Ameri<\/p>\n\n\n\n<p class=\"wp-block-paragraph\">Dise\u00f1o de iluminaci\u00f3n: L\u00eda Bianchi<\/p>\n\n\n\n<p class=\"wp-block-paragraph\">Ilustraciones: Augusto Di Pietro<\/p>\n\n\n\n<p class=\"wp-block-paragraph\">Fotos: Tom\u00e1s Garc\u00eda M\u00e9ndez<\/p>\n\n\n\n<p class=\"wp-block-paragraph\">Maquillaje: Nayla Ledwitch<\/p>\n\n\n\n<p class=\"wp-block-paragraph\">M\u00fasico en escena: Marcos Perrone<\/p>\n\n\n\n<p class=\"wp-block-paragraph\">M\u00fasica original: Tom\u00e1s Stagnaro<\/p>\n\n\n\n<p class=\"wp-block-paragraph\">Asistencia de direcci\u00f3n: Nayla Ledwitch<\/p>\n\n\n\n<p class=\"wp-block-paragraph\">Co-producci\u00f3n: Mosc\u00fa Teatro<\/p>\n\n\n\n<p class=\"wp-block-paragraph\">Direcci\u00f3n: Carolina Mazzaferro<\/p>\n\n\n\n<p class=\"wp-block-paragraph\">Duraci\u00f3n: 90 minutos<\/p>\n\n\n\n<p class=\"wp-block-paragraph\">Clasificaciones: Teatro \u2013 Presencial \u2013 Adultos<\/p>\n\n\n\n<figure class=\"wp-block-image size-full is-resized\"><img loading=\"lazy\" decoding=\"async\" width=\"1000\" height=\"668\" src=\"https:\/\/sergiolapegue.com\/site\/wp-content\/uploads\/2026\/09\/Remilgada-fantasia-3.jpg\" alt=\"\" class=\"wp-image-32654\" style=\"width:1068px;height:auto\" srcset=\"https:\/\/sergiolapegue.com\/site\/wp-content\/uploads\/2026\/09\/Remilgada-fantasia-3.jpg 1000w, https:\/\/sergiolapegue.com\/site\/wp-content\/uploads\/2026\/09\/Remilgada-fantasia-3-300x200.jpg 300w, https:\/\/sergiolapegue.com\/site\/wp-content\/uploads\/2026\/09\/Remilgada-fantasia-3-768x513.jpg 768w, https:\/\/sergiolapegue.com\/site\/wp-content\/uploads\/2026\/09\/Remilgada-fantasia-3-323x216.jpg 323w, https:\/\/sergiolapegue.com\/site\/wp-content\/uploads\/2026\/09\/Remilgada-fantasia-3-695x464.jpg 695w\" sizes=\"auto, (max-width: 1000px) 100vw, 1000px\" \/><\/figure>\n\n\n\n<p class=\"wp-block-paragraph\"><strong>MOSC\u00da TEATRO<\/strong><\/p>\n\n\n\n<p class=\"wp-block-paragraph\">Ram\u00edrez de Velasco 535 \u2013 Capital Federal \u2013 Buenos Aires \u2013 Argentina<\/p>\n\n\n\n<p class=\"wp-block-paragraph\">Tel\u00e9fono: 11 4424-4618<\/p>\n\n\n\n<p class=\"wp-block-paragraph\">Web: <a href=\"http:\/\/www.moscuteatro.com.ar\">http:\/\/www.moscuteatro.com.ar<\/a><\/p>\n\n\n\n<p class=\"wp-block-paragraph\">Entradas: $ 28.000 \u2013 en boleter\u00eda del teatro o por Alternativa Teatral \u2013 Link:<\/p>\n\n\n\n<p class=\"wp-block-paragraph\"><a href=\"https:\/\/publico.alternativateatral.com\/entradas100064-remilgada-fantasia?o=14\">Entradas para Remilgada fantas\u00eda en MOSC\u00da TEATRO &#8211; Alternativa Teatral<\/a><\/p>\n\n\n\n<p class=\"wp-block-paragraph\">Funciones: Domingos 13 y 27 de Septiembre \u2013 17:00 horas<\/p>\n\n\n\n<p class=\"wp-block-paragraph\"><strong>SOBRE CAROLINA MAZZAFERRO<\/strong><\/p>\n\n\n\n<figure class=\"wp-block-image size-full is-resized\"><img loading=\"lazy\" decoding=\"async\" width=\"1000\" height=\"981\" src=\"https:\/\/sergiolapegue.com\/site\/wp-content\/uploads\/2026\/09\/Remilgada-fantasia-Carolina-Mazzaferro.jpg\" alt=\"\" class=\"wp-image-32651\" style=\"width:435px;height:auto\" srcset=\"https:\/\/sergiolapegue.com\/site\/wp-content\/uploads\/2026\/09\/Remilgada-fantasia-Carolina-Mazzaferro.jpg 1000w, https:\/\/sergiolapegue.com\/site\/wp-content\/uploads\/2026\/09\/Remilgada-fantasia-Carolina-Mazzaferro-300x294.jpg 300w, https:\/\/sergiolapegue.com\/site\/wp-content\/uploads\/2026\/09\/Remilgada-fantasia-Carolina-Mazzaferro-61x60.jpg 61w, https:\/\/sergiolapegue.com\/site\/wp-content\/uploads\/2026\/09\/Remilgada-fantasia-Carolina-Mazzaferro-152x149.jpg 152w, https:\/\/sergiolapegue.com\/site\/wp-content\/uploads\/2026\/09\/Remilgada-fantasia-Carolina-Mazzaferro-768x753.jpg 768w, https:\/\/sergiolapegue.com\/site\/wp-content\/uploads\/2026\/09\/Remilgada-fantasia-Carolina-Mazzaferro-323x317.jpg 323w, https:\/\/sergiolapegue.com\/site\/wp-content\/uploads\/2026\/09\/Remilgada-fantasia-Carolina-Mazzaferro-366x359.jpg 366w, https:\/\/sergiolapegue.com\/site\/wp-content\/uploads\/2026\/09\/Remilgada-fantasia-Carolina-Mazzaferro-695x682.jpg 695w\" sizes=\"auto, (max-width: 1000px) 100vw, 1000px\" \/><\/figure>\n\n\n\n<p class=\"wp-block-paragraph\">Es dramaturga y directora. Licenciada en Actuaci\u00f3n por la Universidad Nacional de las Artes y diplomada en Dramaturgia por el Centro Cultural Paco Urondo de la Facultad de Filosof\u00eda y Letras de la Universidad de Buenos Aires. Su obra Lengua, lengua, lengua (Abasto Social Club, 2025; Espacio Callej\u00f3n, 2024; Centro Cultural Rojas, 2023) obtuvo el 14\u00b0 Primer Premio Germ\u00e1n Rozenmacher de Nueva Dramaturgia, estren\u00f3 bajo su direcci\u00f3n en FIBA 2023 y se public\u00f3 por EUDEBA en una edici\u00f3n cuatriling\u00fce. Su obra Remilgada fantas\u00eda gan\u00f3 el Premio ARTEI 2025 a la Producci\u00f3n del Teatro Independiente y obtuvo una menci\u00f3n en el 5\u00b0 Premio Est\u00edmulo a la Escritura Todos los Tiempos el Tiempo organizado por Fundaci\u00f3n PROA, Fundaci\u00f3n Bunge y Born y el Diario La Naci\u00f3n. Dicta clases de dramaturgia desde 2023.<\/p>\n","protected":false},"excerpt":{"rendered":"<p>Sube nuevamente a escena \u201cRemilgada Fantas\u00eda\u201d, con dramaturgia y direcci\u00f3n de Carolina Mazzaferro, m\u00fasica en escena a cargo de Marcos Perrone y el elenco esta integrado por Fabi\u00e1n Calixto, Joaqu\u00edn Sesma, Julieta Timossi, Maite Rodr\u00edguez Chietino. La obra se presentar\u00e1 los domingos 13 y 27 de septiembre a las 17:00 horas en Mosc\u00fa Teatro. Este [&hellip;]<\/p>\n","protected":false},"author":3,"featured_media":32655,"comment_status":"open","ping_status":"closed","sticky":false,"template":"","format":"standard","meta":{"footnotes":""},"categories":[34,35],"tags":[],"class_list":["post-32650","post","type-post","status-publish","format-standard","has-post-thumbnail","category-arte","category-teatro"],"yoast_head":"<!-- This site is optimized with the Yoast SEO plugin v28.4 - https:\/\/yoast.com\/product\/yoast-seo-wordpress\/ -->\n<title>\u201cREMILGADA FANTAS\u00cdA\u201d - Sergio Lapegue<\/title>\n<meta name=\"robots\" content=\"index, follow, max-snippet:-1, max-image-preview:large, max-video-preview:-1\" \/>\n<link rel=\"canonical\" href=\"https:\/\/sergiolapegue.com\/site\/2026\/09\/05\/remilgada-fantasia\/\" \/>\n<meta property=\"og:locale\" content=\"es_ES\" \/>\n<meta property=\"og:type\" content=\"article\" \/>\n<meta property=\"og:title\" content=\"\u201cREMILGADA FANTAS\u00cdA\u201d - Sergio Lapegue\" \/>\n<meta property=\"og:description\" content=\"Sube nuevamente a escena \u201cRemilgada Fantas\u00eda\u201d, con dramaturgia y direcci\u00f3n de Carolina Mazzaferro, m\u00fasica en escena a cargo de Marcos Perrone y el elenco esta integrado por Fabi\u00e1n Calixto, Joaqu\u00edn Sesma, Julieta Timossi, Maite Rodr\u00edguez Chietino. La obra se presentar\u00e1 los domingos 13 y 27 de septiembre a las 17:00 horas en Mosc\u00fa Teatro. Este [&hellip;]\" \/>\n<meta property=\"og:url\" content=\"https:\/\/sergiolapegue.com\/site\/2026\/09\/05\/remilgada-fantasia\/\" \/>\n<meta property=\"og:site_name\" content=\"Sergio Lapegue\" \/>\n<meta property=\"article:publisher\" content=\"https:\/\/facebook.com\/sergiolapegue\" \/>\n<meta property=\"article:author\" content=\"https:\/\/facebook.com\/danielernesto.montana\" \/>\n<meta property=\"article:published_time\" content=\"2026-09-05T10:00:00+00:00\" \/>\n<meta property=\"og:image\" content=\"https:\/\/sergiolapegue.com\/site\/wp-content\/uploads\/2026\/09\/Remilgada-fantasia.png\" \/>\n\t<meta property=\"og:image:width\" content=\"1000\" \/>\n\t<meta property=\"og:image:height\" content=\"1250\" \/>\n\t<meta property=\"og:image:type\" content=\"image\/png\" \/>\n<meta name=\"author\" content=\"Daniel E. Monta\u00f1a\" \/>\n<meta name=\"twitter:card\" content=\"summary_large_image\" \/>\n<meta name=\"twitter:creator\" content=\"@https:\/\/twitter.com\/daner_004\" \/>\n<meta name=\"twitter:site\" content=\"@sergiolapegue\" \/>\n<meta name=\"twitter:label1\" content=\"Escrito por\" \/>\n\t<meta name=\"twitter:data1\" content=\"Daniel E. Monta\u00f1a\" \/>\n\t<meta name=\"twitter:label2\" content=\"Tiempo de lectura\" \/>\n\t<meta name=\"twitter:data2\" content=\"4 minutos\" \/>\n<script type=\"application\/ld+json\" class=\"yoast-schema-graph\">{\"@context\":\"https:\\\/\\\/schema.org\",\"@graph\":[{\"@type\":\"Article\",\"@id\":\"https:\\\/\\\/sergiolapegue.com\\\/site\\\/2026\\\/09\\\/05\\\/remilgada-fantasia\\\/#article\",\"isPartOf\":{\"@id\":\"https:\\\/\\\/sergiolapegue.com\\\/site\\\/2026\\\/09\\\/05\\\/remilgada-fantasia\\\/\"},\"author\":{\"name\":\"Daniel E. Monta\u00f1a\",\"@id\":\"https:\\\/\\\/sergiolapegue.com\\\/site\\\/#\\\/schema\\\/person\\\/9198e7dbab43c6d74d0fd5399af7c3cd\"},\"headline\":\"\u201cREMILGADA FANTAS\u00cdA\u201d\",\"datePublished\":\"2026-09-05T10:00:00+00:00\",\"mainEntityOfPage\":{\"@id\":\"https:\\\/\\\/sergiolapegue.com\\\/site\\\/2026\\\/09\\\/05\\\/remilgada-fantasia\\\/\"},\"wordCount\":507,\"commentCount\":0,\"publisher\":{\"@id\":\"https:\\\/\\\/sergiolapegue.com\\\/site\\\/#\\\/schema\\\/person\\\/083aeceeb0734cd166779ea6c0551a37\"},\"image\":{\"@id\":\"https:\\\/\\\/sergiolapegue.com\\\/site\\\/2026\\\/09\\\/05\\\/remilgada-fantasia\\\/#primaryimage\"},\"thumbnailUrl\":\"https:\\\/\\\/sergiolapegue.com\\\/site\\\/wp-content\\\/uploads\\\/2026\\\/09\\\/Remilgada-fantasia.png\",\"articleSection\":[\"Arte\",\"Teatro\"],\"inLanguage\":\"es-AR\",\"potentialAction\":[{\"@type\":\"CommentAction\",\"name\":\"Comment\",\"target\":[\"https:\\\/\\\/sergiolapegue.com\\\/site\\\/2026\\\/09\\\/05\\\/remilgada-fantasia\\\/#respond\"]}]},{\"@type\":\"WebPage\",\"@id\":\"https:\\\/\\\/sergiolapegue.com\\\/site\\\/2026\\\/09\\\/05\\\/remilgada-fantasia\\\/\",\"url\":\"https:\\\/\\\/sergiolapegue.com\\\/site\\\/2026\\\/09\\\/05\\\/remilgada-fantasia\\\/\",\"name\":\"\u201cREMILGADA FANTAS\u00cdA\u201d - Sergio Lapegue\",\"isPartOf\":{\"@id\":\"https:\\\/\\\/sergiolapegue.com\\\/site\\\/#website\"},\"primaryImageOfPage\":{\"@id\":\"https:\\\/\\\/sergiolapegue.com\\\/site\\\/2026\\\/09\\\/05\\\/remilgada-fantasia\\\/#primaryimage\"},\"image\":{\"@id\":\"https:\\\/\\\/sergiolapegue.com\\\/site\\\/2026\\\/09\\\/05\\\/remilgada-fantasia\\\/#primaryimage\"},\"thumbnailUrl\":\"https:\\\/\\\/sergiolapegue.com\\\/site\\\/wp-content\\\/uploads\\\/2026\\\/09\\\/Remilgada-fantasia.png\",\"datePublished\":\"2026-09-05T10:00:00+00:00\",\"breadcrumb\":{\"@id\":\"https:\\\/\\\/sergiolapegue.com\\\/site\\\/2026\\\/09\\\/05\\\/remilgada-fantasia\\\/#breadcrumb\"},\"inLanguage\":\"es-AR\",\"potentialAction\":[{\"@type\":\"ReadAction\",\"target\":[\"https:\\\/\\\/sergiolapegue.com\\\/site\\\/2026\\\/09\\\/05\\\/remilgada-fantasia\\\/\"]}]},{\"@type\":\"ImageObject\",\"inLanguage\":\"es-AR\",\"@id\":\"https:\\\/\\\/sergiolapegue.com\\\/site\\\/2026\\\/09\\\/05\\\/remilgada-fantasia\\\/#primaryimage\",\"url\":\"https:\\\/\\\/sergiolapegue.com\\\/site\\\/wp-content\\\/uploads\\\/2026\\\/09\\\/Remilgada-fantasia.png\",\"contentUrl\":\"https:\\\/\\\/sergiolapegue.com\\\/site\\\/wp-content\\\/uploads\\\/2026\\\/09\\\/Remilgada-fantasia.png\",\"width\":1000,\"height\":1250},{\"@type\":\"BreadcrumbList\",\"@id\":\"https:\\\/\\\/sergiolapegue.com\\\/site\\\/2026\\\/09\\\/05\\\/remilgada-fantasia\\\/#breadcrumb\",\"itemListElement\":[{\"@type\":\"ListItem\",\"position\":1,\"name\":\"Inicio\",\"item\":\"https:\\\/\\\/sergiolapegue.com\\\/site\\\/\"},{\"@type\":\"ListItem\",\"position\":2,\"name\":\"\u201cREMILGADA FANTAS\u00cdA\u201d\"}]},{\"@type\":\"WebSite\",\"@id\":\"https:\\\/\\\/sergiolapegue.com\\\/site\\\/#website\",\"url\":\"https:\\\/\\\/sergiolapegue.com\\\/site\\\/\",\"name\":\"Sergio Lapegue\",\"description\":\"Periodista y conductor de radio y televisi\u00f3n argentino, nacido el 6 de septiembre de 1964.\",\"publisher\":{\"@id\":\"https:\\\/\\\/sergiolapegue.com\\\/site\\\/#\\\/schema\\\/person\\\/083aeceeb0734cd166779ea6c0551a37\"},\"potentialAction\":[{\"@type\":\"SearchAction\",\"target\":{\"@type\":\"EntryPoint\",\"urlTemplate\":\"https:\\\/\\\/sergiolapegue.com\\\/site\\\/?s={search_term_string}\"},\"query-input\":{\"@type\":\"PropertyValueSpecification\",\"valueRequired\":true,\"valueName\":\"search_term_string\"}}],\"inLanguage\":\"es-AR\"},{\"@type\":[\"Person\",\"Organization\"],\"@id\":\"https:\\\/\\\/sergiolapegue.com\\\/site\\\/#\\\/schema\\\/person\\\/083aeceeb0734cd166779ea6c0551a37\",\"name\":\"Sergio Lapegue\",\"image\":{\"@type\":\"ImageObject\",\"inLanguage\":\"es-AR\",\"@id\":\"https:\\\/\\\/sergiolapegue.com\\\/site\\\/wp-content\\\/uploads\\\/2021\\\/04\\\/logo_header-1.png\",\"url\":\"https:\\\/\\\/sergiolapegue.com\\\/site\\\/wp-content\\\/uploads\\\/2021\\\/04\\\/logo_header-1.png\",\"contentUrl\":\"https:\\\/\\\/sergiolapegue.com\\\/site\\\/wp-content\\\/uploads\\\/2021\\\/04\\\/logo_header-1.png\",\"width\":272,\"height\":90,\"caption\":\"Sergio Lapegue\"},\"logo\":{\"@id\":\"https:\\\/\\\/sergiolapegue.com\\\/site\\\/wp-content\\\/uploads\\\/2021\\\/04\\\/logo_header-1.png\"},\"sameAs\":[\"https:\\\/\\\/facebook.com\\\/sergiolapegue\",\"https:\\\/\\\/instagram.com\\\/sergiolapegue\",\"https:\\\/\\\/x.com\\\/https:\\\/\\\/twitter.com\\\/sergiolapegue\"]},{\"@type\":\"Person\",\"@id\":\"https:\\\/\\\/sergiolapegue.com\\\/site\\\/#\\\/schema\\\/person\\\/9198e7dbab43c6d74d0fd5399af7c3cd\",\"name\":\"Daniel E. Monta\u00f1a\",\"image\":{\"@type\":\"ImageObject\",\"inLanguage\":\"es-AR\",\"@id\":\"https:\\\/\\\/sergiolapegue.com\\\/site\\\/wp-content\\\/uploads\\\/2021\\\/04\\\/sl_avatar_Daniel-150x150.jpg\",\"url\":\"https:\\\/\\\/sergiolapegue.com\\\/site\\\/wp-content\\\/uploads\\\/2021\\\/04\\\/sl_avatar_Daniel-150x150.jpg\",\"contentUrl\":\"https:\\\/\\\/sergiolapegue.com\\\/site\\\/wp-content\\\/uploads\\\/2021\\\/04\\\/sl_avatar_Daniel-150x150.jpg\",\"caption\":\"Daniel E. Monta\u00f1a\"},\"sameAs\":[\"https:\\\/\\\/facebook.com\\\/danielernesto.montana\",\"https:\\\/\\\/instagram.com\\\/daniel_montana1961\",\"https:\\\/\\\/x.com\\\/https:\\\/\\\/twitter.com\\\/daner_004\"],\"url\":\"https:\\\/\\\/sergiolapegue.com\\\/site\\\/author\\\/daniel\\\/\"}]}<\/script>\n<!-- \/ Yoast SEO plugin. -->","yoast_head_json":{"title":"\u201cREMILGADA FANTAS\u00cdA\u201d - Sergio Lapegue","robots":{"index":"index","follow":"follow","max-snippet":"max-snippet:-1","max-image-preview":"max-image-preview:large","max-video-preview":"max-video-preview:-1"},"canonical":"https:\/\/sergiolapegue.com\/site\/2026\/09\/05\/remilgada-fantasia\/","og_locale":"es_ES","og_type":"article","og_title":"\u201cREMILGADA FANTAS\u00cdA\u201d - Sergio Lapegue","og_description":"Sube nuevamente a escena \u201cRemilgada Fantas\u00eda\u201d, con dramaturgia y direcci\u00f3n de Carolina Mazzaferro, m\u00fasica en escena a cargo de Marcos Perrone y el elenco esta integrado por Fabi\u00e1n Calixto, Joaqu\u00edn Sesma, Julieta Timossi, Maite Rodr\u00edguez Chietino. La obra se presentar\u00e1 los domingos 13 y 27 de septiembre a las 17:00 horas en Mosc\u00fa Teatro. Este [&hellip;]","og_url":"https:\/\/sergiolapegue.com\/site\/2026\/09\/05\/remilgada-fantasia\/","og_site_name":"Sergio Lapegue","article_publisher":"https:\/\/facebook.com\/sergiolapegue","article_author":"https:\/\/facebook.com\/danielernesto.montana","article_published_time":"2026-09-05T10:00:00+00:00","og_image":[{"width":1000,"height":1250,"url":"https:\/\/sergiolapegue.com\/site\/wp-content\/uploads\/2026\/09\/Remilgada-fantasia.png","type":"image\/png"}],"author":"Daniel E. Monta\u00f1a","twitter_card":"summary_large_image","twitter_creator":"@https:\/\/twitter.com\/daner_004","twitter_site":"@sergiolapegue","twitter_misc":{"Escrito por":"Daniel E. Monta\u00f1a","Tiempo de lectura":"4 minutos"},"schema":{"@context":"https:\/\/schema.org","@graph":[{"@type":"Article","@id":"https:\/\/sergiolapegue.com\/site\/2026\/09\/05\/remilgada-fantasia\/#article","isPartOf":{"@id":"https:\/\/sergiolapegue.com\/site\/2026\/09\/05\/remilgada-fantasia\/"},"author":{"name":"Daniel E. Monta\u00f1a","@id":"https:\/\/sergiolapegue.com\/site\/#\/schema\/person\/9198e7dbab43c6d74d0fd5399af7c3cd"},"headline":"\u201cREMILGADA FANTAS\u00cdA\u201d","datePublished":"2026-09-05T10:00:00+00:00","mainEntityOfPage":{"@id":"https:\/\/sergiolapegue.com\/site\/2026\/09\/05\/remilgada-fantasia\/"},"wordCount":507,"commentCount":0,"publisher":{"@id":"https:\/\/sergiolapegue.com\/site\/#\/schema\/person\/083aeceeb0734cd166779ea6c0551a37"},"image":{"@id":"https:\/\/sergiolapegue.com\/site\/2026\/09\/05\/remilgada-fantasia\/#primaryimage"},"thumbnailUrl":"https:\/\/sergiolapegue.com\/site\/wp-content\/uploads\/2026\/09\/Remilgada-fantasia.png","articleSection":["Arte","Teatro"],"inLanguage":"es-AR","potentialAction":[{"@type":"CommentAction","name":"Comment","target":["https:\/\/sergiolapegue.com\/site\/2026\/09\/05\/remilgada-fantasia\/#respond"]}]},{"@type":"WebPage","@id":"https:\/\/sergiolapegue.com\/site\/2026\/09\/05\/remilgada-fantasia\/","url":"https:\/\/sergiolapegue.com\/site\/2026\/09\/05\/remilgada-fantasia\/","name":"\u201cREMILGADA FANTAS\u00cdA\u201d - Sergio Lapegue","isPartOf":{"@id":"https:\/\/sergiolapegue.com\/site\/#website"},"primaryImageOfPage":{"@id":"https:\/\/sergiolapegue.com\/site\/2026\/09\/05\/remilgada-fantasia\/#primaryimage"},"image":{"@id":"https:\/\/sergiolapegue.com\/site\/2026\/09\/05\/remilgada-fantasia\/#primaryimage"},"thumbnailUrl":"https:\/\/sergiolapegue.com\/site\/wp-content\/uploads\/2026\/09\/Remilgada-fantasia.png","datePublished":"2026-09-05T10:00:00+00:00","breadcrumb":{"@id":"https:\/\/sergiolapegue.com\/site\/2026\/09\/05\/remilgada-fantasia\/#breadcrumb"},"inLanguage":"es-AR","potentialAction":[{"@type":"ReadAction","target":["https:\/\/sergiolapegue.com\/site\/2026\/09\/05\/remilgada-fantasia\/"]}]},{"@type":"ImageObject","inLanguage":"es-AR","@id":"https:\/\/sergiolapegue.com\/site\/2026\/09\/05\/remilgada-fantasia\/#primaryimage","url":"https:\/\/sergiolapegue.com\/site\/wp-content\/uploads\/2026\/09\/Remilgada-fantasia.png","contentUrl":"https:\/\/sergiolapegue.com\/site\/wp-content\/uploads\/2026\/09\/Remilgada-fantasia.png","width":1000,"height":1250},{"@type":"BreadcrumbList","@id":"https:\/\/sergiolapegue.com\/site\/2026\/09\/05\/remilgada-fantasia\/#breadcrumb","itemListElement":[{"@type":"ListItem","position":1,"name":"Inicio","item":"https:\/\/sergiolapegue.com\/site\/"},{"@type":"ListItem","position":2,"name":"\u201cREMILGADA FANTAS\u00cdA\u201d"}]},{"@type":"WebSite","@id":"https:\/\/sergiolapegue.com\/site\/#website","url":"https:\/\/sergiolapegue.com\/site\/","name":"Sergio Lapegue","description":"Periodista y conductor de radio y televisi\u00f3n argentino, nacido el 6 de septiembre de 1964.","publisher":{"@id":"https:\/\/sergiolapegue.com\/site\/#\/schema\/person\/083aeceeb0734cd166779ea6c0551a37"},"potentialAction":[{"@type":"SearchAction","target":{"@type":"EntryPoint","urlTemplate":"https:\/\/sergiolapegue.com\/site\/?s={search_term_string}"},"query-input":{"@type":"PropertyValueSpecification","valueRequired":true,"valueName":"search_term_string"}}],"inLanguage":"es-AR"},{"@type":["Person","Organization"],"@id":"https:\/\/sergiolapegue.com\/site\/#\/schema\/person\/083aeceeb0734cd166779ea6c0551a37","name":"Sergio Lapegue","image":{"@type":"ImageObject","inLanguage":"es-AR","@id":"https:\/\/sergiolapegue.com\/site\/wp-content\/uploads\/2021\/04\/logo_header-1.png","url":"https:\/\/sergiolapegue.com\/site\/wp-content\/uploads\/2021\/04\/logo_header-1.png","contentUrl":"https:\/\/sergiolapegue.com\/site\/wp-content\/uploads\/2021\/04\/logo_header-1.png","width":272,"height":90,"caption":"Sergio Lapegue"},"logo":{"@id":"https:\/\/sergiolapegue.com\/site\/wp-content\/uploads\/2021\/04\/logo_header-1.png"},"sameAs":["https:\/\/facebook.com\/sergiolapegue","https:\/\/instagram.com\/sergiolapegue","https:\/\/x.com\/https:\/\/twitter.com\/sergiolapegue"]},{"@type":"Person","@id":"https:\/\/sergiolapegue.com\/site\/#\/schema\/person\/9198e7dbab43c6d74d0fd5399af7c3cd","name":"Daniel E. Monta\u00f1a","image":{"@type":"ImageObject","inLanguage":"es-AR","@id":"https:\/\/sergiolapegue.com\/site\/wp-content\/uploads\/2021\/04\/sl_avatar_Daniel-150x150.jpg","url":"https:\/\/sergiolapegue.com\/site\/wp-content\/uploads\/2021\/04\/sl_avatar_Daniel-150x150.jpg","contentUrl":"https:\/\/sergiolapegue.com\/site\/wp-content\/uploads\/2021\/04\/sl_avatar_Daniel-150x150.jpg","caption":"Daniel E. Monta\u00f1a"},"sameAs":["https:\/\/facebook.com\/danielernesto.montana","https:\/\/instagram.com\/daniel_montana1961","https:\/\/x.com\/https:\/\/twitter.com\/daner_004"],"url":"https:\/\/sergiolapegue.com\/site\/author\/daniel\/"}]}},"_links":{"self":[{"href":"https:\/\/sergiolapegue.com\/site\/wp-json\/wp\/v2\/posts\/32650","targetHints":{"allow":["GET"]}}],"collection":[{"href":"https:\/\/sergiolapegue.com\/site\/wp-json\/wp\/v2\/posts"}],"about":[{"href":"https:\/\/sergiolapegue.com\/site\/wp-json\/wp\/v2\/types\/post"}],"author":[{"embeddable":true,"href":"https:\/\/sergiolapegue.com\/site\/wp-json\/wp\/v2\/users\/3"}],"replies":[{"embeddable":true,"href":"https:\/\/sergiolapegue.com\/site\/wp-json\/wp\/v2\/comments?post=32650"}],"version-history":[{"count":1,"href":"https:\/\/sergiolapegue.com\/site\/wp-json\/wp\/v2\/posts\/32650\/revisions"}],"predecessor-version":[{"id":32656,"href":"https:\/\/sergiolapegue.com\/site\/wp-json\/wp\/v2\/posts\/32650\/revisions\/32656"}],"wp:featuredmedia":[{"embeddable":true,"href":"https:\/\/sergiolapegue.com\/site\/wp-json\/wp\/v2\/media\/32655"}],"wp:attachment":[{"href":"https:\/\/sergiolapegue.com\/site\/wp-json\/wp\/v2\/media?parent=32650"}],"wp:term":[{"taxonomy":"category","embeddable":true,"href":"https:\/\/sergiolapegue.com\/site\/wp-json\/wp\/v2\/categories?post=32650"},{"taxonomy":"post_tag","embeddable":true,"href":"https:\/\/sergiolapegue.com\/site\/wp-json\/wp\/v2\/tags?post=32650"}],"curies":[{"name":"wp","href":"https:\/\/api.w.org\/{rel}","templated":true}]}}