{"id":32640,"date":"2026-09-04T19:00:00","date_gmt":"2026-09-04T22:00:00","guid":{"rendered":"https:\/\/sergiolapegue.com\/site\/?p=32640"},"modified":"2026-09-04T03:25:38","modified_gmt":"2026-09-04T06:25:38","slug":"alicia-llega-en-septiembre-al-teatro-azul","status":"publish","type":"post","link":"https:\/\/sergiolapegue.com\/site\/2026\/09\/04\/alicia-llega-en-septiembre-al-teatro-azul\/","title":{"rendered":"\u201cALICIA\u201d LLEGA EN SEPTIEMBRE AL TEATRO AZUL"},"content":{"rendered":"\n<p class=\"wp-block-paragraph\">Patria Esc\u00e9nica presenta \u201cALICIA\u201d , con dramaturgia y direcci\u00f3n de Kike Giungi, una relectura ir\u00f3nica, cruda y coral del cl\u00e1sico de Lewis Carroll ambientada en un barrio atravesado por el hambre, el poder y la desigualdad. La obra cuenta con las actuaciones de Diego Albornoz, Glenda Aramburu, Luc\u00eda Calvo, Eliana Catena, Felipe Duque, In\u00e9s Fern\u00e1ndez Cabral, Ana Paula Garc\u00eda Giacosa, Mar\u00eda Paula Milanesio, Mat\u00edas Panaro, Eduardo Piris y Federico Veltri.<\/p>\n\n\n\n<p class=\"wp-block-paragraph\">Las funciones ser\u00e1n los d\u00edas s\u00e1bados 12, 19 y 26 de septiembre a las 22:30 horas, en el Teatro Azul.<\/p>\n\n\n\n<figure class=\"wp-block-image size-large is-resized\"><img loading=\"lazy\" decoding=\"async\" width=\"1024\" height=\"452\" src=\"https:\/\/sergiolapegue.com\/site\/wp-content\/uploads\/2026\/09\/Alicia-llega-al-teatro-azul-1-1024x452.jpg\" alt=\"\" class=\"wp-image-32643\" style=\"width:1068px;height:auto\" srcset=\"https:\/\/sergiolapegue.com\/site\/wp-content\/uploads\/2026\/09\/Alicia-llega-al-teatro-azul-1-1024x452.jpg 1024w, https:\/\/sergiolapegue.com\/site\/wp-content\/uploads\/2026\/09\/Alicia-llega-al-teatro-azul-1-300x133.jpg 300w, https:\/\/sergiolapegue.com\/site\/wp-content\/uploads\/2026\/09\/Alicia-llega-al-teatro-azul-1-767x339.jpg 767w, https:\/\/sergiolapegue.com\/site\/wp-content\/uploads\/2026\/09\/Alicia-llega-al-teatro-azul-1-1536x679.jpg 1536w, https:\/\/sergiolapegue.com\/site\/wp-content\/uploads\/2026\/09\/Alicia-llega-al-teatro-azul-1-324x143.jpg 324w, https:\/\/sergiolapegue.com\/site\/wp-content\/uploads\/2026\/09\/Alicia-llega-al-teatro-azul-1-695x307.jpg 695w, https:\/\/sergiolapegue.com\/site\/wp-content\/uploads\/2026\/09\/Alicia-llega-al-teatro-azul-1-1066x471.jpg 1066w, https:\/\/sergiolapegue.com\/site\/wp-content\/uploads\/2026\/09\/Alicia-llega-al-teatro-azul-1.jpg 1892w\" sizes=\"auto, (max-width: 1024px) 100vw, 1024px\" \/><\/figure>\n\n\n\n<p class=\"wp-block-paragraph\"><strong>SINOPSIS<\/strong><\/p>\n\n\n\n<p class=\"wp-block-paragraph\">Alicia nace en el coraz\u00f3n de la marginalidad. Tiene hambre. Su amigo, el Conejo, es acusado de robar las sobras de un banquete real para llevarle algo de comer. La Reina ruge: &#8220;\u00a1Tr\u00e1iganme sus cabezas!&#8221;, y arranca una cacer\u00eda despiadada en un barrio que ella quiere arrasar para sus negocios personales. Alicia y el Conejo escapan a las alcantarillas, un inframundo poblado por personajes tan absurdos como peligrosos: una Oruga dealer, un Gato proxeneta y un coro de Sombrereros que se evaden de la realidad entre la paranoia y el t\u00e9 con masas. Esta obra es una versi\u00f3n grotesca y muy argentina del cl\u00e1sico de Lewis Carroll sobre el poder, la marginalidad y la desaparici\u00f3n forzada. Alicia quiere despertar. Nadie le ha dicho a\u00fan que esto no es un sue\u00f1o, que esto no es un cuento.<\/p>\n\n\n\n<figure class=\"wp-block-image size-large is-resized\"><img loading=\"lazy\" decoding=\"async\" width=\"1024\" height=\"455\" src=\"https:\/\/sergiolapegue.com\/site\/wp-content\/uploads\/2026\/09\/Alicia-llega-al-teatro-azul-2-1024x455.jpg\" alt=\"\" class=\"wp-image-32644\" style=\"width:1068px;height:auto\" srcset=\"https:\/\/sergiolapegue.com\/site\/wp-content\/uploads\/2026\/09\/Alicia-llega-al-teatro-azul-2-1024x455.jpg 1024w, https:\/\/sergiolapegue.com\/site\/wp-content\/uploads\/2026\/09\/Alicia-llega-al-teatro-azul-2-300x133.jpg 300w, https:\/\/sergiolapegue.com\/site\/wp-content\/uploads\/2026\/09\/Alicia-llega-al-teatro-azul-2-767x341.jpg 767w, https:\/\/sergiolapegue.com\/site\/wp-content\/uploads\/2026\/09\/Alicia-llega-al-teatro-azul-2-1536x683.jpg 1536w, https:\/\/sergiolapegue.com\/site\/wp-content\/uploads\/2026\/09\/Alicia-llega-al-teatro-azul-2-324x144.jpg 324w, https:\/\/sergiolapegue.com\/site\/wp-content\/uploads\/2026\/09\/Alicia-llega-al-teatro-azul-2-695x309.jpg 695w, https:\/\/sergiolapegue.com\/site\/wp-content\/uploads\/2026\/09\/Alicia-llega-al-teatro-azul-2-1066x474.jpg 1066w, https:\/\/sergiolapegue.com\/site\/wp-content\/uploads\/2026\/09\/Alicia-llega-al-teatro-azul-2.jpg 1901w\" sizes=\"auto, (max-width: 1024px) 100vw, 1024px\" \/><\/figure>\n\n\n\n<p class=\"wp-block-paragraph\"><strong>SOBRE LA PROPUESTA<\/strong><\/p>\n\n\n\n<p class=\"wp-block-paragraph\">Alicia crece en la calle, hace changas junto a su amigo el Conejo y aprende r\u00e1pido las reglas de un mundo que reparte el hambre de manera desigual. Cuando la Reina anuncia la eliminaci\u00f3n de la villa donde vive para construir un helipuerto privado, se desata una persecuci\u00f3n violenta contra sus habitantes. A medida que la obra avanza, una pregunta empieza a hacerse cada vez m\u00e1s filosa: \u00bfqui\u00e9n decide qui\u00e9n puede seguir teniendo hambre, y qui\u00e9n no? Alicia construye su clima esc\u00e9nico desde una est\u00e9tica expresionista: humo, luces que distorsionan el espacio y una banda sonora que envuelve la acci\u00f3n en un clima on\u00edrico sostenido, donde la vigilia y la pesadilla no siempre se distinguen. Todo el elenco permanece en escena desde el ingreso del p\u00fablico, en un estado de espera que se resignifica en personajes m\u00faltiples a medida que avanza la obra. El texto alterna la crudeza del lenguaje popular con estructuras de rima y verso, en di\u00e1logo directo con el original de Lewis Carroll, mientras un coro de Liebres narra, canta y en ciertos momentos rompe la ficci\u00f3n para interpelar directamente al p\u00fablico. Escrita y dirigida por Kike Giungi, Alicia reversiona el cl\u00e1sico de Lewis Carroll para construir una f\u00e1bula pol\u00edtica y visualmente hipn\u00f3tica sobre el poder, la marginalidad y la desaparici\u00f3n forzada, en la que el pa\u00eds de las maravillas es, en realidad, el patio de atr\u00e1s de un mundo quebrado.<\/p>\n\n\n\n<figure class=\"wp-block-image size-large is-resized\"><img loading=\"lazy\" decoding=\"async\" width=\"1024\" height=\"453\" src=\"https:\/\/sergiolapegue.com\/site\/wp-content\/uploads\/2026\/09\/Alicia-llega-al-teatro-azul-3-1024x453.jpg\" alt=\"\" class=\"wp-image-32645\" style=\"width:1068px;height:auto\" srcset=\"https:\/\/sergiolapegue.com\/site\/wp-content\/uploads\/2026\/09\/Alicia-llega-al-teatro-azul-3-1024x453.jpg 1024w, https:\/\/sergiolapegue.com\/site\/wp-content\/uploads\/2026\/09\/Alicia-llega-al-teatro-azul-3-300x133.jpg 300w, https:\/\/sergiolapegue.com\/site\/wp-content\/uploads\/2026\/09\/Alicia-llega-al-teatro-azul-3-766x339.jpg 766w, https:\/\/sergiolapegue.com\/site\/wp-content\/uploads\/2026\/09\/Alicia-llega-al-teatro-azul-3-1536x680.jpg 1536w, https:\/\/sergiolapegue.com\/site\/wp-content\/uploads\/2026\/09\/Alicia-llega-al-teatro-azul-3-323x143.jpg 323w, https:\/\/sergiolapegue.com\/site\/wp-content\/uploads\/2026\/09\/Alicia-llega-al-teatro-azul-3-696x308.jpg 696w, https:\/\/sergiolapegue.com\/site\/wp-content\/uploads\/2026\/09\/Alicia-llega-al-teatro-azul-3-1066x472.jpg 1066w, https:\/\/sergiolapegue.com\/site\/wp-content\/uploads\/2026\/09\/Alicia-llega-al-teatro-azul-3.jpg 1900w\" sizes=\"auto, (max-width: 1024px) 100vw, 1024px\" \/><\/figure>\n\n\n\n<p class=\"wp-block-paragraph\"><strong>FICHA T\u00c9CNICA ACTORAL<\/strong><\/p>\n\n\n\n<p class=\"wp-block-paragraph\"><strong>Dramaturgia:<\/strong> Kike Giungi<\/p>\n\n\n\n<p class=\"wp-block-paragraph\"><strong>Act\u00faan:<\/strong> Diego Albornoz, Glenda Aramburu, Luc\u00eda Calvo, Eliana Catena, Felipe Duque, In\u00e9s Fern\u00e1ndez Cabral, Ana Paula Garc\u00eda Giacosa, Mar\u00eda Paula Milanesio, Mat\u00edas Panaro, Eduardo Piris y Federico Veltri<\/p>\n\n\n\n<p class=\"wp-block-paragraph\"><strong>Vestuario:<\/strong> Estefan\u00eda Paiz<\/p>\n\n\n\n<p class=\"wp-block-paragraph\"><strong>Escenograf\u00eda:<\/strong> Jerem\u00edas Gallardo<\/p>\n\n\n\n<p class=\"wp-block-paragraph\"><strong>Fotograf\u00eda:<\/strong> Gabriela G\u00f3mez<\/p>\n\n\n\n<p class=\"wp-block-paragraph\"><strong>Dise\u00f1o gr\u00e1fico:<\/strong> Manuel Ag\u00fcero Aliaga<\/p>\n\n\n\n<p class=\"wp-block-paragraph\"><strong>Asistencia de producci\u00f3n:<\/strong> Eliana Catena<\/p>\n\n\n\n<p class=\"wp-block-paragraph\"><strong>Asistencia de direcci\u00f3n:<\/strong> Eduardo Piris<\/p>\n\n\n\n<p class=\"wp-block-paragraph\"><strong>Puesta en escena:<\/strong> Kike Giungi<\/p>\n\n\n\n<p class=\"wp-block-paragraph\"><strong>Producci\u00f3n ejecutiva:<\/strong> Glenda Aramburu<\/p>\n\n\n\n<p class=\"wp-block-paragraph\"><strong>Direcci\u00f3n general:<\/strong> Kike Giungi<\/p>\n\n\n\n<p class=\"wp-block-paragraph\"><strong>Duraci\u00f3n:<\/strong> 60 minutos<\/p>\n\n\n\n<p class=\"wp-block-paragraph\"><strong>Clasificaci\u00f3n:<\/strong> Teatro \u2013 Presencial \u2013 Apto para mayores de 12 a\u00f1os<\/p>\n\n\n\n<figure class=\"wp-block-image size-large is-resized\"><img loading=\"lazy\" decoding=\"async\" width=\"1024\" height=\"437\" src=\"https:\/\/sergiolapegue.com\/site\/wp-content\/uploads\/2026\/09\/Alicia-llega-al-teatro-azul-4-1024x437.jpg\" alt=\"\" class=\"wp-image-32646\" style=\"width:1068px;height:auto\" srcset=\"https:\/\/sergiolapegue.com\/site\/wp-content\/uploads\/2026\/09\/Alicia-llega-al-teatro-azul-4-1024x437.jpg 1024w, https:\/\/sergiolapegue.com\/site\/wp-content\/uploads\/2026\/09\/Alicia-llega-al-teatro-azul-4-300x128.jpg 300w, https:\/\/sergiolapegue.com\/site\/wp-content\/uploads\/2026\/09\/Alicia-llega-al-teatro-azul-4-767x327.jpg 767w, https:\/\/sergiolapegue.com\/site\/wp-content\/uploads\/2026\/09\/Alicia-llega-al-teatro-azul-4-324x138.jpg 324w, https:\/\/sergiolapegue.com\/site\/wp-content\/uploads\/2026\/09\/Alicia-llega-al-teatro-azul-4-1536x655.jpg 1536w, https:\/\/sergiolapegue.com\/site\/wp-content\/uploads\/2026\/09\/Alicia-llega-al-teatro-azul-4-694x296.jpg 694w, https:\/\/sergiolapegue.com\/site\/wp-content\/uploads\/2026\/09\/Alicia-llega-al-teatro-azul-4-1067x455.jpg 1067w, https:\/\/sergiolapegue.com\/site\/wp-content\/uploads\/2026\/09\/Alicia-llega-al-teatro-azul-4.jpg 1897w\" sizes=\"auto, (max-width: 1024px) 100vw, 1024px\" \/><\/figure>\n\n\n\n<p class=\"wp-block-paragraph\"><strong>TEATRO AZUL<\/strong><\/p>\n\n\n\n<p class=\"wp-block-paragraph\">Av. Corrientes 5965 \u2013 Capital Federal \u2013 Buenos Aires \u2013 Argentina<\/p>\n\n\n\n<p class=\"wp-block-paragraph\">Tel\u00e9fono: 11 5 005 6054<\/p>\n\n\n\n<p class=\"wp-block-paragraph\">Entradas: $ 25.000 \u2013 en boleter\u00eda del teatro o por Alternativa Teatral \u2013 Link:<\/p>\n\n\n\n<p class=\"wp-block-paragraph\"><a href=\"https:\/\/publico.alternativateatral.com\/entradas102476-alicia?o=14\">Entradas para Alicia en TEATRO AZUL &#8211; Alternativa Teatral<\/a><\/p>\n\n\n\n<p class=\"wp-block-paragraph\">Funciones: S\u00e1bados 22:30 horas \u2013 Del 12\/09\/2026 al 26\/09\/2026<\/p>\n\n\n\n<p class=\"wp-block-paragraph\">Gracias Glenda Aramburu por hacernos llegar la gacetilla de prensa del estreno de este espect\u00e1culo.<\/p>\n\n\n\n<p class=\"wp-block-paragraph\"><strong>SOBRE PATRIA ESC\u00c9NICA<\/strong><\/p>\n\n\n\n<figure class=\"wp-block-image size-full is-resized\"><img loading=\"lazy\" decoding=\"async\" width=\"1000\" height=\"794\" src=\"https:\/\/sergiolapegue.com\/site\/wp-content\/uploads\/2026\/09\/Alicia-llega-al-teatro-azul-Patria-escenica.jpg\" alt=\"\" class=\"wp-image-32642\" style=\"width:430px;height:auto\" srcset=\"https:\/\/sergiolapegue.com\/site\/wp-content\/uploads\/2026\/09\/Alicia-llega-al-teatro-azul-Patria-escenica.jpg 1000w, https:\/\/sergiolapegue.com\/site\/wp-content\/uploads\/2026\/09\/Alicia-llega-al-teatro-azul-Patria-escenica-300x238.jpg 300w, https:\/\/sergiolapegue.com\/site\/wp-content\/uploads\/2026\/09\/Alicia-llega-al-teatro-azul-Patria-escenica-767x609.jpg 767w, https:\/\/sergiolapegue.com\/site\/wp-content\/uploads\/2026\/09\/Alicia-llega-al-teatro-azul-Patria-escenica-188x149.jpg 188w, https:\/\/sergiolapegue.com\/site\/wp-content\/uploads\/2026\/09\/Alicia-llega-al-teatro-azul-Patria-escenica-75x59.jpg 75w, https:\/\/sergiolapegue.com\/site\/wp-content\/uploads\/2026\/09\/Alicia-llega-al-teatro-azul-Patria-escenica-453x360.jpg 453w, https:\/\/sergiolapegue.com\/site\/wp-content\/uploads\/2026\/09\/Alicia-llega-al-teatro-azul-Patria-escenica-324x257.jpg 324w, https:\/\/sergiolapegue.com\/site\/wp-content\/uploads\/2026\/09\/Alicia-llega-al-teatro-azul-Patria-escenica-695x552.jpg 695w\" sizes=\"auto, (max-width: 1000px) 100vw, 1000px\" \/><\/figure>\n\n\n\n<p class=\"wp-block-paragraph\">Patria Esc\u00e9nica es un colectivo art\u00edstico dedicado al teatro hist\u00f3rico y pol\u00edtico, integrado por artistas de Buenos Aires y C\u00f3rdoba. Sus producciones \u2014entre ellas \u201c1955 Per\u00f3n\u201d, \u201cYo, Eva Per\u00f3n\u201d y \u201cAlicia\u201d\u2014 buscan una reconstrucci\u00f3n cr\u00edtica del pasado y el presente argentino, y reafirman la importancia de la memoria colectiva.<\/p>\n\n\n\n<p class=\"wp-block-paragraph\"><strong>Instagram:<\/strong> @patriaescenica<\/p>\n\n\n\n<p class=\"wp-block-paragraph\"><strong>SOBRE KIKE GIUNGI<\/strong><\/p>\n\n\n\n<figure class=\"wp-block-image size-full is-resized\"><img loading=\"lazy\" decoding=\"async\" width=\"1000\" height=\"701\" src=\"https:\/\/sergiolapegue.com\/site\/wp-content\/uploads\/2026\/09\/Alicia-llega-al-teatro-azul-Kike-Giungi.jpg\" alt=\"\" class=\"wp-image-32641\" style=\"width:435px;height:auto\" srcset=\"https:\/\/sergiolapegue.com\/site\/wp-content\/uploads\/2026\/09\/Alicia-llega-al-teatro-azul-Kike-Giungi.jpg 1000w, https:\/\/sergiolapegue.com\/site\/wp-content\/uploads\/2026\/09\/Alicia-llega-al-teatro-azul-Kike-Giungi-300x210.jpg 300w, https:\/\/sergiolapegue.com\/site\/wp-content\/uploads\/2026\/09\/Alicia-llega-al-teatro-azul-Kike-Giungi-767x538.jpg 767w, https:\/\/sergiolapegue.com\/site\/wp-content\/uploads\/2026\/09\/Alicia-llega-al-teatro-azul-Kike-Giungi-213x149.jpg 213w, https:\/\/sergiolapegue.com\/site\/wp-content\/uploads\/2026\/09\/Alicia-llega-al-teatro-azul-Kike-Giungi-324x227.jpg 324w, https:\/\/sergiolapegue.com\/site\/wp-content\/uploads\/2026\/09\/Alicia-llega-al-teatro-azul-Kike-Giungi-695x487.jpg 695w\" sizes=\"auto, (max-width: 1000px) 100vw, 1000px\" \/><\/figure>\n\n\n\n<p class=\"wp-block-paragraph\">Kike Giungi es egresado de la Facultad de Artes de la Universidad Nacional de C\u00f3rdoba. Se form\u00f3 con maestros nacionales e internacionales y ha dirigido y escrito m\u00e1s de 30 obras teatrales, entre ellas \u201cYo, Eva Per\u00f3n\u201d, \u201cLa Congregaci\u00f3n\u201d, \u201cCall Center\u201d, \u201c1955\u201d y \u201cUnderground Shakespeare\u201d. Fue coordinador del Encuentro Nacional de Teatro en la provincia de C\u00f3rdoba, integr\u00f3 el Circuito Sur de Teatro, la Coordinadora Teatral y el Consejo de C\u00f3rdoba del Instituto Nacional del Teatro, y se desempe\u00f1\u00f3 como docente universitario en la UNC y la UPC. Actualmente dirige Elencos Concertados y Patria Esc\u00e9nica, es formador actoral, socio de Argentores y de la Asociaci\u00f3n Argentina de Actores.<\/p>\n\n\n\n<p class=\"wp-block-paragraph\"><strong>Instagram:<\/strong> @kikegiungi<\/p>\n","protected":false},"excerpt":{"rendered":"<p>Patria Esc\u00e9nica presenta \u201cALICIA\u201d , con dramaturgia y direcci\u00f3n de Kike Giungi, una relectura ir\u00f3nica, cruda y coral del cl\u00e1sico de Lewis Carroll ambientada en un barrio atravesado por el hambre, el poder y la desigualdad. La obra cuenta con las actuaciones de Diego Albornoz, Glenda Aramburu, Luc\u00eda Calvo, Eliana Catena, Felipe Duque, In\u00e9s Fern\u00e1ndez [&hellip;]<\/p>\n","protected":false},"author":3,"featured_media":32647,"comment_status":"open","ping_status":"closed","sticky":false,"template":"","format":"standard","meta":{"footnotes":""},"categories":[34,35],"tags":[],"class_list":["post-32640","post","type-post","status-publish","format-standard","has-post-thumbnail","category-arte","category-teatro"],"yoast_head":"<!-- This site is optimized with the Yoast SEO plugin v28.4 - https:\/\/yoast.com\/product\/yoast-seo-wordpress\/ -->\n<title>\u201cALICIA\u201d LLEGA EN SEPTIEMBRE AL TEATRO AZUL - Sergio Lapegue<\/title>\n<meta name=\"robots\" content=\"index, follow, max-snippet:-1, max-image-preview:large, max-video-preview:-1\" \/>\n<link rel=\"canonical\" href=\"https:\/\/sergiolapegue.com\/site\/2026\/09\/04\/alicia-llega-en-septiembre-al-teatro-azul\/\" \/>\n<meta property=\"og:locale\" content=\"es_ES\" \/>\n<meta property=\"og:type\" content=\"article\" \/>\n<meta property=\"og:title\" content=\"\u201cALICIA\u201d LLEGA EN SEPTIEMBRE AL TEATRO AZUL - Sergio Lapegue\" \/>\n<meta property=\"og:description\" content=\"Patria Esc\u00e9nica presenta \u201cALICIA\u201d , con dramaturgia y direcci\u00f3n de Kike Giungi, una relectura ir\u00f3nica, cruda y coral del cl\u00e1sico de Lewis Carroll ambientada en un barrio atravesado por el hambre, el poder y la desigualdad. La obra cuenta con las actuaciones de Diego Albornoz, Glenda Aramburu, Luc\u00eda Calvo, Eliana Catena, Felipe Duque, In\u00e9s Fern\u00e1ndez [&hellip;]\" \/>\n<meta property=\"og:url\" content=\"https:\/\/sergiolapegue.com\/site\/2026\/09\/04\/alicia-llega-en-septiembre-al-teatro-azul\/\" \/>\n<meta property=\"og:site_name\" content=\"Sergio Lapegue\" \/>\n<meta property=\"article:publisher\" content=\"https:\/\/facebook.com\/sergiolapegue\" \/>\n<meta property=\"article:author\" content=\"https:\/\/facebook.com\/danielernesto.montana\" \/>\n<meta property=\"article:published_time\" content=\"2026-09-04T22:00:00+00:00\" \/>\n<meta property=\"og:image\" content=\"https:\/\/sergiolapegue.com\/site\/wp-content\/uploads\/2026\/09\/Alicia-llega-al-teatro-azul.jpg\" \/>\n\t<meta property=\"og:image:width\" content=\"1000\" \/>\n\t<meta property=\"og:image:height\" content=\"1302\" \/>\n\t<meta property=\"og:image:type\" content=\"image\/jpeg\" \/>\n<meta name=\"author\" content=\"Daniel E. Monta\u00f1a\" \/>\n<meta name=\"twitter:card\" content=\"summary_large_image\" \/>\n<meta name=\"twitter:creator\" content=\"@https:\/\/twitter.com\/daner_004\" \/>\n<meta name=\"twitter:site\" content=\"@sergiolapegue\" \/>\n<meta name=\"twitter:label1\" content=\"Escrito por\" \/>\n\t<meta name=\"twitter:data1\" content=\"Daniel E. Monta\u00f1a\" \/>\n\t<meta name=\"twitter:label2\" content=\"Tiempo de lectura\" \/>\n\t<meta name=\"twitter:data2\" content=\"5 minutos\" \/>\n<script type=\"application\/ld+json\" class=\"yoast-schema-graph\">{\"@context\":\"https:\\\/\\\/schema.org\",\"@graph\":[{\"@type\":\"Article\",\"@id\":\"https:\\\/\\\/sergiolapegue.com\\\/site\\\/2026\\\/09\\\/04\\\/alicia-llega-en-septiembre-al-teatro-azul\\\/#article\",\"isPartOf\":{\"@id\":\"https:\\\/\\\/sergiolapegue.com\\\/site\\\/2026\\\/09\\\/04\\\/alicia-llega-en-septiembre-al-teatro-azul\\\/\"},\"author\":{\"name\":\"Daniel E. Monta\u00f1a\",\"@id\":\"https:\\\/\\\/sergiolapegue.com\\\/site\\\/#\\\/schema\\\/person\\\/9198e7dbab43c6d74d0fd5399af7c3cd\"},\"headline\":\"\u201cALICIA\u201d LLEGA EN SEPTIEMBRE AL TEATRO AZUL\",\"datePublished\":\"2026-09-04T22:00:00+00:00\",\"mainEntityOfPage\":{\"@id\":\"https:\\\/\\\/sergiolapegue.com\\\/site\\\/2026\\\/09\\\/04\\\/alicia-llega-en-septiembre-al-teatro-azul\\\/\"},\"wordCount\":849,\"commentCount\":0,\"publisher\":{\"@id\":\"https:\\\/\\\/sergiolapegue.com\\\/site\\\/#\\\/schema\\\/person\\\/083aeceeb0734cd166779ea6c0551a37\"},\"image\":{\"@id\":\"https:\\\/\\\/sergiolapegue.com\\\/site\\\/2026\\\/09\\\/04\\\/alicia-llega-en-septiembre-al-teatro-azul\\\/#primaryimage\"},\"thumbnailUrl\":\"https:\\\/\\\/sergiolapegue.com\\\/site\\\/wp-content\\\/uploads\\\/2026\\\/09\\\/Alicia-llega-al-teatro-azul.jpg\",\"articleSection\":[\"Arte\",\"Teatro\"],\"inLanguage\":\"es-AR\",\"potentialAction\":[{\"@type\":\"CommentAction\",\"name\":\"Comment\",\"target\":[\"https:\\\/\\\/sergiolapegue.com\\\/site\\\/2026\\\/09\\\/04\\\/alicia-llega-en-septiembre-al-teatro-azul\\\/#respond\"]}]},{\"@type\":\"WebPage\",\"@id\":\"https:\\\/\\\/sergiolapegue.com\\\/site\\\/2026\\\/09\\\/04\\\/alicia-llega-en-septiembre-al-teatro-azul\\\/\",\"url\":\"https:\\\/\\\/sergiolapegue.com\\\/site\\\/2026\\\/09\\\/04\\\/alicia-llega-en-septiembre-al-teatro-azul\\\/\",\"name\":\"\u201cALICIA\u201d LLEGA EN SEPTIEMBRE AL TEATRO AZUL - Sergio Lapegue\",\"isPartOf\":{\"@id\":\"https:\\\/\\\/sergiolapegue.com\\\/site\\\/#website\"},\"primaryImageOfPage\":{\"@id\":\"https:\\\/\\\/sergiolapegue.com\\\/site\\\/2026\\\/09\\\/04\\\/alicia-llega-en-septiembre-al-teatro-azul\\\/#primaryimage\"},\"image\":{\"@id\":\"https:\\\/\\\/sergiolapegue.com\\\/site\\\/2026\\\/09\\\/04\\\/alicia-llega-en-septiembre-al-teatro-azul\\\/#primaryimage\"},\"thumbnailUrl\":\"https:\\\/\\\/sergiolapegue.com\\\/site\\\/wp-content\\\/uploads\\\/2026\\\/09\\\/Alicia-llega-al-teatro-azul.jpg\",\"datePublished\":\"2026-09-04T22:00:00+00:00\",\"breadcrumb\":{\"@id\":\"https:\\\/\\\/sergiolapegue.com\\\/site\\\/2026\\\/09\\\/04\\\/alicia-llega-en-septiembre-al-teatro-azul\\\/#breadcrumb\"},\"inLanguage\":\"es-AR\",\"potentialAction\":[{\"@type\":\"ReadAction\",\"target\":[\"https:\\\/\\\/sergiolapegue.com\\\/site\\\/2026\\\/09\\\/04\\\/alicia-llega-en-septiembre-al-teatro-azul\\\/\"]}]},{\"@type\":\"ImageObject\",\"inLanguage\":\"es-AR\",\"@id\":\"https:\\\/\\\/sergiolapegue.com\\\/site\\\/2026\\\/09\\\/04\\\/alicia-llega-en-septiembre-al-teatro-azul\\\/#primaryimage\",\"url\":\"https:\\\/\\\/sergiolapegue.com\\\/site\\\/wp-content\\\/uploads\\\/2026\\\/09\\\/Alicia-llega-al-teatro-azul.jpg\",\"contentUrl\":\"https:\\\/\\\/sergiolapegue.com\\\/site\\\/wp-content\\\/uploads\\\/2026\\\/09\\\/Alicia-llega-al-teatro-azul.jpg\",\"width\":1000,\"height\":1302},{\"@type\":\"BreadcrumbList\",\"@id\":\"https:\\\/\\\/sergiolapegue.com\\\/site\\\/2026\\\/09\\\/04\\\/alicia-llega-en-septiembre-al-teatro-azul\\\/#breadcrumb\",\"itemListElement\":[{\"@type\":\"ListItem\",\"position\":1,\"name\":\"Inicio\",\"item\":\"https:\\\/\\\/sergiolapegue.com\\\/site\\\/\"},{\"@type\":\"ListItem\",\"position\":2,\"name\":\"\u201cALICIA\u201d LLEGA EN SEPTIEMBRE AL TEATRO AZUL\"}]},{\"@type\":\"WebSite\",\"@id\":\"https:\\\/\\\/sergiolapegue.com\\\/site\\\/#website\",\"url\":\"https:\\\/\\\/sergiolapegue.com\\\/site\\\/\",\"name\":\"Sergio Lapegue\",\"description\":\"Periodista y conductor de radio y televisi\u00f3n argentino, nacido el 6 de septiembre de 1964.\",\"publisher\":{\"@id\":\"https:\\\/\\\/sergiolapegue.com\\\/site\\\/#\\\/schema\\\/person\\\/083aeceeb0734cd166779ea6c0551a37\"},\"potentialAction\":[{\"@type\":\"SearchAction\",\"target\":{\"@type\":\"EntryPoint\",\"urlTemplate\":\"https:\\\/\\\/sergiolapegue.com\\\/site\\\/?s={search_term_string}\"},\"query-input\":{\"@type\":\"PropertyValueSpecification\",\"valueRequired\":true,\"valueName\":\"search_term_string\"}}],\"inLanguage\":\"es-AR\"},{\"@type\":[\"Person\",\"Organization\"],\"@id\":\"https:\\\/\\\/sergiolapegue.com\\\/site\\\/#\\\/schema\\\/person\\\/083aeceeb0734cd166779ea6c0551a37\",\"name\":\"Sergio Lapegue\",\"image\":{\"@type\":\"ImageObject\",\"inLanguage\":\"es-AR\",\"@id\":\"https:\\\/\\\/sergiolapegue.com\\\/site\\\/wp-content\\\/uploads\\\/2021\\\/04\\\/logo_header-1.png\",\"url\":\"https:\\\/\\\/sergiolapegue.com\\\/site\\\/wp-content\\\/uploads\\\/2021\\\/04\\\/logo_header-1.png\",\"contentUrl\":\"https:\\\/\\\/sergiolapegue.com\\\/site\\\/wp-content\\\/uploads\\\/2021\\\/04\\\/logo_header-1.png\",\"width\":272,\"height\":90,\"caption\":\"Sergio Lapegue\"},\"logo\":{\"@id\":\"https:\\\/\\\/sergiolapegue.com\\\/site\\\/wp-content\\\/uploads\\\/2021\\\/04\\\/logo_header-1.png\"},\"sameAs\":[\"https:\\\/\\\/facebook.com\\\/sergiolapegue\",\"https:\\\/\\\/instagram.com\\\/sergiolapegue\",\"https:\\\/\\\/x.com\\\/https:\\\/\\\/twitter.com\\\/sergiolapegue\"]},{\"@type\":\"Person\",\"@id\":\"https:\\\/\\\/sergiolapegue.com\\\/site\\\/#\\\/schema\\\/person\\\/9198e7dbab43c6d74d0fd5399af7c3cd\",\"name\":\"Daniel E. Monta\u00f1a\",\"image\":{\"@type\":\"ImageObject\",\"inLanguage\":\"es-AR\",\"@id\":\"https:\\\/\\\/sergiolapegue.com\\\/site\\\/wp-content\\\/uploads\\\/2021\\\/04\\\/sl_avatar_Daniel-150x150.jpg\",\"url\":\"https:\\\/\\\/sergiolapegue.com\\\/site\\\/wp-content\\\/uploads\\\/2021\\\/04\\\/sl_avatar_Daniel-150x150.jpg\",\"contentUrl\":\"https:\\\/\\\/sergiolapegue.com\\\/site\\\/wp-content\\\/uploads\\\/2021\\\/04\\\/sl_avatar_Daniel-150x150.jpg\",\"caption\":\"Daniel E. Monta\u00f1a\"},\"sameAs\":[\"https:\\\/\\\/facebook.com\\\/danielernesto.montana\",\"https:\\\/\\\/instagram.com\\\/daniel_montana1961\",\"https:\\\/\\\/x.com\\\/https:\\\/\\\/twitter.com\\\/daner_004\"],\"url\":\"https:\\\/\\\/sergiolapegue.com\\\/site\\\/author\\\/daniel\\\/\"}]}<\/script>\n<!-- \/ Yoast SEO plugin. -->","yoast_head_json":{"title":"\u201cALICIA\u201d LLEGA EN SEPTIEMBRE AL TEATRO AZUL - Sergio Lapegue","robots":{"index":"index","follow":"follow","max-snippet":"max-snippet:-1","max-image-preview":"max-image-preview:large","max-video-preview":"max-video-preview:-1"},"canonical":"https:\/\/sergiolapegue.com\/site\/2026\/09\/04\/alicia-llega-en-septiembre-al-teatro-azul\/","og_locale":"es_ES","og_type":"article","og_title":"\u201cALICIA\u201d LLEGA EN SEPTIEMBRE AL TEATRO AZUL - Sergio Lapegue","og_description":"Patria Esc\u00e9nica presenta \u201cALICIA\u201d , con dramaturgia y direcci\u00f3n de Kike Giungi, una relectura ir\u00f3nica, cruda y coral del cl\u00e1sico de Lewis Carroll ambientada en un barrio atravesado por el hambre, el poder y la desigualdad. La obra cuenta con las actuaciones de Diego Albornoz, Glenda Aramburu, Luc\u00eda Calvo, Eliana Catena, Felipe Duque, In\u00e9s Fern\u00e1ndez [&hellip;]","og_url":"https:\/\/sergiolapegue.com\/site\/2026\/09\/04\/alicia-llega-en-septiembre-al-teatro-azul\/","og_site_name":"Sergio Lapegue","article_publisher":"https:\/\/facebook.com\/sergiolapegue","article_author":"https:\/\/facebook.com\/danielernesto.montana","article_published_time":"2026-09-04T22:00:00+00:00","og_image":[{"width":1000,"height":1302,"url":"https:\/\/sergiolapegue.com\/site\/wp-content\/uploads\/2026\/09\/Alicia-llega-al-teatro-azul.jpg","type":"image\/jpeg"}],"author":"Daniel E. Monta\u00f1a","twitter_card":"summary_large_image","twitter_creator":"@https:\/\/twitter.com\/daner_004","twitter_site":"@sergiolapegue","twitter_misc":{"Escrito por":"Daniel E. Monta\u00f1a","Tiempo de lectura":"5 minutos"},"schema":{"@context":"https:\/\/schema.org","@graph":[{"@type":"Article","@id":"https:\/\/sergiolapegue.com\/site\/2026\/09\/04\/alicia-llega-en-septiembre-al-teatro-azul\/#article","isPartOf":{"@id":"https:\/\/sergiolapegue.com\/site\/2026\/09\/04\/alicia-llega-en-septiembre-al-teatro-azul\/"},"author":{"name":"Daniel E. Monta\u00f1a","@id":"https:\/\/sergiolapegue.com\/site\/#\/schema\/person\/9198e7dbab43c6d74d0fd5399af7c3cd"},"headline":"\u201cALICIA\u201d LLEGA EN SEPTIEMBRE AL TEATRO AZUL","datePublished":"2026-09-04T22:00:00+00:00","mainEntityOfPage":{"@id":"https:\/\/sergiolapegue.com\/site\/2026\/09\/04\/alicia-llega-en-septiembre-al-teatro-azul\/"},"wordCount":849,"commentCount":0,"publisher":{"@id":"https:\/\/sergiolapegue.com\/site\/#\/schema\/person\/083aeceeb0734cd166779ea6c0551a37"},"image":{"@id":"https:\/\/sergiolapegue.com\/site\/2026\/09\/04\/alicia-llega-en-septiembre-al-teatro-azul\/#primaryimage"},"thumbnailUrl":"https:\/\/sergiolapegue.com\/site\/wp-content\/uploads\/2026\/09\/Alicia-llega-al-teatro-azul.jpg","articleSection":["Arte","Teatro"],"inLanguage":"es-AR","potentialAction":[{"@type":"CommentAction","name":"Comment","target":["https:\/\/sergiolapegue.com\/site\/2026\/09\/04\/alicia-llega-en-septiembre-al-teatro-azul\/#respond"]}]},{"@type":"WebPage","@id":"https:\/\/sergiolapegue.com\/site\/2026\/09\/04\/alicia-llega-en-septiembre-al-teatro-azul\/","url":"https:\/\/sergiolapegue.com\/site\/2026\/09\/04\/alicia-llega-en-septiembre-al-teatro-azul\/","name":"\u201cALICIA\u201d LLEGA EN SEPTIEMBRE AL TEATRO AZUL - Sergio Lapegue","isPartOf":{"@id":"https:\/\/sergiolapegue.com\/site\/#website"},"primaryImageOfPage":{"@id":"https:\/\/sergiolapegue.com\/site\/2026\/09\/04\/alicia-llega-en-septiembre-al-teatro-azul\/#primaryimage"},"image":{"@id":"https:\/\/sergiolapegue.com\/site\/2026\/09\/04\/alicia-llega-en-septiembre-al-teatro-azul\/#primaryimage"},"thumbnailUrl":"https:\/\/sergiolapegue.com\/site\/wp-content\/uploads\/2026\/09\/Alicia-llega-al-teatro-azul.jpg","datePublished":"2026-09-04T22:00:00+00:00","breadcrumb":{"@id":"https:\/\/sergiolapegue.com\/site\/2026\/09\/04\/alicia-llega-en-septiembre-al-teatro-azul\/#breadcrumb"},"inLanguage":"es-AR","potentialAction":[{"@type":"ReadAction","target":["https:\/\/sergiolapegue.com\/site\/2026\/09\/04\/alicia-llega-en-septiembre-al-teatro-azul\/"]}]},{"@type":"ImageObject","inLanguage":"es-AR","@id":"https:\/\/sergiolapegue.com\/site\/2026\/09\/04\/alicia-llega-en-septiembre-al-teatro-azul\/#primaryimage","url":"https:\/\/sergiolapegue.com\/site\/wp-content\/uploads\/2026\/09\/Alicia-llega-al-teatro-azul.jpg","contentUrl":"https:\/\/sergiolapegue.com\/site\/wp-content\/uploads\/2026\/09\/Alicia-llega-al-teatro-azul.jpg","width":1000,"height":1302},{"@type":"BreadcrumbList","@id":"https:\/\/sergiolapegue.com\/site\/2026\/09\/04\/alicia-llega-en-septiembre-al-teatro-azul\/#breadcrumb","itemListElement":[{"@type":"ListItem","position":1,"name":"Inicio","item":"https:\/\/sergiolapegue.com\/site\/"},{"@type":"ListItem","position":2,"name":"\u201cALICIA\u201d LLEGA EN SEPTIEMBRE AL TEATRO AZUL"}]},{"@type":"WebSite","@id":"https:\/\/sergiolapegue.com\/site\/#website","url":"https:\/\/sergiolapegue.com\/site\/","name":"Sergio Lapegue","description":"Periodista y conductor de radio y televisi\u00f3n argentino, nacido el 6 de septiembre de 1964.","publisher":{"@id":"https:\/\/sergiolapegue.com\/site\/#\/schema\/person\/083aeceeb0734cd166779ea6c0551a37"},"potentialAction":[{"@type":"SearchAction","target":{"@type":"EntryPoint","urlTemplate":"https:\/\/sergiolapegue.com\/site\/?s={search_term_string}"},"query-input":{"@type":"PropertyValueSpecification","valueRequired":true,"valueName":"search_term_string"}}],"inLanguage":"es-AR"},{"@type":["Person","Organization"],"@id":"https:\/\/sergiolapegue.com\/site\/#\/schema\/person\/083aeceeb0734cd166779ea6c0551a37","name":"Sergio Lapegue","image":{"@type":"ImageObject","inLanguage":"es-AR","@id":"https:\/\/sergiolapegue.com\/site\/wp-content\/uploads\/2021\/04\/logo_header-1.png","url":"https:\/\/sergiolapegue.com\/site\/wp-content\/uploads\/2021\/04\/logo_header-1.png","contentUrl":"https:\/\/sergiolapegue.com\/site\/wp-content\/uploads\/2021\/04\/logo_header-1.png","width":272,"height":90,"caption":"Sergio Lapegue"},"logo":{"@id":"https:\/\/sergiolapegue.com\/site\/wp-content\/uploads\/2021\/04\/logo_header-1.png"},"sameAs":["https:\/\/facebook.com\/sergiolapegue","https:\/\/instagram.com\/sergiolapegue","https:\/\/x.com\/https:\/\/twitter.com\/sergiolapegue"]},{"@type":"Person","@id":"https:\/\/sergiolapegue.com\/site\/#\/schema\/person\/9198e7dbab43c6d74d0fd5399af7c3cd","name":"Daniel E. Monta\u00f1a","image":{"@type":"ImageObject","inLanguage":"es-AR","@id":"https:\/\/sergiolapegue.com\/site\/wp-content\/uploads\/2021\/04\/sl_avatar_Daniel-150x150.jpg","url":"https:\/\/sergiolapegue.com\/site\/wp-content\/uploads\/2021\/04\/sl_avatar_Daniel-150x150.jpg","contentUrl":"https:\/\/sergiolapegue.com\/site\/wp-content\/uploads\/2021\/04\/sl_avatar_Daniel-150x150.jpg","caption":"Daniel E. Monta\u00f1a"},"sameAs":["https:\/\/facebook.com\/danielernesto.montana","https:\/\/instagram.com\/daniel_montana1961","https:\/\/x.com\/https:\/\/twitter.com\/daner_004"],"url":"https:\/\/sergiolapegue.com\/site\/author\/daniel\/"}]}},"_links":{"self":[{"href":"https:\/\/sergiolapegue.com\/site\/wp-json\/wp\/v2\/posts\/32640","targetHints":{"allow":["GET"]}}],"collection":[{"href":"https:\/\/sergiolapegue.com\/site\/wp-json\/wp\/v2\/posts"}],"about":[{"href":"https:\/\/sergiolapegue.com\/site\/wp-json\/wp\/v2\/types\/post"}],"author":[{"embeddable":true,"href":"https:\/\/sergiolapegue.com\/site\/wp-json\/wp\/v2\/users\/3"}],"replies":[{"embeddable":true,"href":"https:\/\/sergiolapegue.com\/site\/wp-json\/wp\/v2\/comments?post=32640"}],"version-history":[{"count":1,"href":"https:\/\/sergiolapegue.com\/site\/wp-json\/wp\/v2\/posts\/32640\/revisions"}],"predecessor-version":[{"id":32648,"href":"https:\/\/sergiolapegue.com\/site\/wp-json\/wp\/v2\/posts\/32640\/revisions\/32648"}],"wp:featuredmedia":[{"embeddable":true,"href":"https:\/\/sergiolapegue.com\/site\/wp-json\/wp\/v2\/media\/32647"}],"wp:attachment":[{"href":"https:\/\/sergiolapegue.com\/site\/wp-json\/wp\/v2\/media?parent=32640"}],"wp:term":[{"taxonomy":"category","embeddable":true,"href":"https:\/\/sergiolapegue.com\/site\/wp-json\/wp\/v2\/categories?post=32640"},{"taxonomy":"post_tag","embeddable":true,"href":"https:\/\/sergiolapegue.com\/site\/wp-json\/wp\/v2\/tags?post=32640"}],"curies":[{"name":"wp","href":"https:\/\/api.w.org\/{rel}","templated":true}]}}