{"id":32627,"date":"2026-09-04T13:00:00","date_gmt":"2026-09-04T16:00:00","guid":{"rendered":"https:\/\/sergiolapegue.com\/site\/?p=32627"},"modified":"2026-09-03T18:23:18","modified_gmt":"2026-09-03T21:23:18","slug":"la-llamada-regreso-al-teatro-astros","status":"publish","type":"post","link":"https:\/\/sergiolapegue.com\/site\/2026\/09\/04\/la-llamada-regreso-al-teatro-astros\/","title":{"rendered":"\u201cLA LLAMADA\u201d REGRESO AL TEATRO ASTROS"},"content":{"rendered":"\n<p class=\"wp-block-paragraph\">Despu\u00e9s de conquistar al p\u00fablico argentino y convertirse en uno de los grandes \u00e9xitos teatrales de la temporada, tanto en Buenos Aires como en Mar del Plata, \u201cLa Llamada\u201d,&nbsp;el multipremiado musical creado por Los Javis (Javier Ambrossi y Javier Calvo),&nbsp;regresa a Buenos Aires para una temporada especial de solo 12 funciones.&nbsp;A partir del&nbsp;mi\u00e9rcoles 9 de septiembre, todos los mi\u00e9rcoles a las&nbsp;20:30 horas, hasta el 28 de octubre, el&nbsp;Teatro Astros&nbsp;recibir\u00e1 nuevamente esta historia que combina humor, m\u00fasica, espiritualidad y transformaci\u00f3n. El elenco re\u00fane a&nbsp;Leti Siciliani, Juli Castro, C\u00e9sar \u201cBanana\u201d Pueyrred\u00f3n, Evitta Luna y Momi Giardina, quien compartir\u00e1 escenario por primera vez con su hija Juli Castro. La direcci\u00f3n est\u00e1 a cargo de&nbsp;Juanse Rausch.<\/p>\n\n\n\n<figure class=\"wp-block-image size-large is-resized\"><img loading=\"lazy\" decoding=\"async\" width=\"819\" height=\"1024\" src=\"https:\/\/sergiolapegue.com\/site\/wp-content\/uploads\/2026\/09\/La-llamada-1-819x1024.jpg\" alt=\"\" class=\"wp-image-32628\" style=\"width:1068px;height:auto\" srcset=\"https:\/\/sergiolapegue.com\/site\/wp-content\/uploads\/2026\/09\/La-llamada-1-819x1024.jpg 819w, https:\/\/sergiolapegue.com\/site\/wp-content\/uploads\/2026\/09\/La-llamada-1-240x300.jpg 240w, https:\/\/sergiolapegue.com\/site\/wp-content\/uploads\/2026\/09\/La-llamada-1-768x960.jpg 768w, https:\/\/sergiolapegue.com\/site\/wp-content\/uploads\/2026\/09\/La-llamada-1-320x400.jpg 320w, https:\/\/sergiolapegue.com\/site\/wp-content\/uploads\/2026\/09\/La-llamada-1-696x870.jpg 696w, https:\/\/sergiolapegue.com\/site\/wp-content\/uploads\/2026\/09\/La-llamada-1.jpg 1000w\" sizes=\"auto, (max-width: 819px) 100vw, 819px\" \/><\/figure>\n\n\n\n<p class=\"wp-block-paragraph\"><strong>SOBRE LA OBRA<\/strong><\/p>\n\n\n\n<p class=\"wp-block-paragraph\">\u201cLa Llamada\u201d&nbsp;cuenta una historia atravesada por la fe, los v\u00ednculos y el descubrimiento personal, donde lo inesperado irrumpe para transformar la vida de sus protagonistas. Con una combinaci\u00f3n de humor y emoci\u00f3n, la obra construye un universo en el que la espiritualidad convive con la m\u00fasica y los deseos de cada personaje, en una historia que logr\u00f3 conquistar al p\u00fablico en distintas partes del mundo. Uno de los grandes sellos de esta producci\u00f3n es la&nbsp;m\u00fasica en vivo, que atraviesa toda la propuesta con un repertorio que combina canciones originales de la obra, himnos de&nbsp;Whitney Houston, el pop de&nbsp;Six Sex, canciones lit\u00fargicas y el ya cl\u00e1sico&nbsp;\u201cCuando amas a alguien\u201d, de C\u00e9sar \u201cBanana\u201d Pueyrred\u00f3n, incorporado especialmente para la versi\u00f3n argentina. A esto se suma la mirada de Juanse Rausch, autor y director de&nbsp;\u201cSaraos Uranistas\u201d&nbsp;y&nbsp;\u201cLas Adoro\u201d, quien imprime una perspectiva fresca y contempor\u00e1nea que potencia el humor, la emoci\u00f3n y la fuerza musical del espect\u00e1culo. \u00d3pera prima de&nbsp;Los Javis, \u201cLa Llamada\u201d marc\u00f3 el comienzo de una de las carreras creativas m\u00e1s influyentes del audiovisual espa\u00f1ol. Javier Ambrossi y Javier Calvo continuaron luego con t\u00edtulos como&nbsp;\u201cPaquita Salas\u201d, \u201cVeneno\u201d y \u201cLa Mes\u00edas\u201d, consolidando una trayectoria que recientemente alcanz\u00f3 reconocimiento internacional con el&nbsp;Premio a la Mejor Direcci\u00f3n en el Festival de Cannes&nbsp;por su nueva pel\u00edcula, \u201cLa bola negra\u201d. Ahora, la obra que dio inicio a ese recorrido vuelve a Buenos Aires para una temporada limitada de 12 funciones.<\/p>\n\n\n\n<figure class=\"wp-block-image size-large is-resized\"><img loading=\"lazy\" decoding=\"async\" width=\"1024\" height=\"455\" src=\"https:\/\/sergiolapegue.com\/site\/wp-content\/uploads\/2026\/09\/La-llamada-2-1024x455.jpg\" alt=\"\" class=\"wp-image-32629\" style=\"width:1068px;height:auto\" srcset=\"https:\/\/sergiolapegue.com\/site\/wp-content\/uploads\/2026\/09\/La-llamada-2-1024x455.jpg 1024w, https:\/\/sergiolapegue.com\/site\/wp-content\/uploads\/2026\/09\/La-llamada-2-300x133.jpg 300w, https:\/\/sergiolapegue.com\/site\/wp-content\/uploads\/2026\/09\/La-llamada-2-767x341.jpg 767w, https:\/\/sergiolapegue.com\/site\/wp-content\/uploads\/2026\/09\/La-llamada-2-1536x683.jpg 1536w, https:\/\/sergiolapegue.com\/site\/wp-content\/uploads\/2026\/09\/La-llamada-2-324x144.jpg 324w, https:\/\/sergiolapegue.com\/site\/wp-content\/uploads\/2026\/09\/La-llamada-2-695x309.jpg 695w, https:\/\/sergiolapegue.com\/site\/wp-content\/uploads\/2026\/09\/La-llamada-2-1066x474.jpg 1066w, https:\/\/sergiolapegue.com\/site\/wp-content\/uploads\/2026\/09\/La-llamada-2.jpg 1901w\" sizes=\"auto, (max-width: 1024px) 100vw, 1024px\" \/><\/figure>\n\n\n\n<p class=\"wp-block-paragraph\"><strong>FICHA T\u00c9CNICA<\/strong><\/p>\n\n\n\n<p class=\"wp-block-paragraph\"><strong>Libro:&nbsp;<\/strong>Javier Ambrossi y Javier Calvo<\/p>\n\n\n\n<p class=\"wp-block-paragraph\"><strong>Elenco:<\/strong>&nbsp;Leti Siciliani, Evitta Luna, Juli Castro, Momi Giardina y C\u00e9sar &#8220;Banana&#8221; Pueyrred\u00f3n<\/p>\n\n\n\n<p class=\"wp-block-paragraph\"><strong>M\u00fasicos en vivo<\/strong>: Gaspar Scabuzzo, Roberto Saver y Ezequiel Giraldez<\/p>\n\n\n\n<p class=\"wp-block-paragraph\"><strong>Direcci\u00f3n musical:<\/strong>&nbsp;Gaspar Scabuzzo<\/p>\n\n\n\n<p class=\"wp-block-paragraph\"><strong>Coreograf\u00eda:<\/strong>&nbsp;Martu Loyato<\/p>\n\n\n\n<p class=\"wp-block-paragraph\"><strong>Dise\u00f1o de iluminaci\u00f3n:<\/strong>&nbsp;Facundo David<\/p>\n\n\n\n<p class=\"wp-block-paragraph\"><strong>Dise\u00f1o de escenograf\u00eda:<\/strong>&nbsp;Tati Mladineo y Luli Peralta Bo<\/p>\n\n\n\n<p class=\"wp-block-paragraph\"><strong>Dise\u00f1o de sonido:<\/strong>&nbsp;Nahuel Delgado<\/p>\n\n\n\n<p class=\"wp-block-paragraph\"><strong>Vestuario original:<\/strong>&nbsp;Javier Ponzio<\/p>\n\n\n\n<p class=\"wp-block-paragraph\"><strong>Vestuario alternativo:<\/strong>&nbsp;La Polilla<\/p>\n\n\n\n<p class=\"wp-block-paragraph\"><strong>Vestidores:<\/strong>&nbsp;Lucas Varela, Gisel Varela<\/p>\n\n\n\n<p class=\"wp-block-paragraph\"><strong>Asistencia de escenario:<\/strong>&nbsp;Luli Benvenaste<\/p>\n\n\n\n<p class=\"wp-block-paragraph\"><strong>Identidad visual:<\/strong>&nbsp;DRAMA (@drama.com.ar)<\/p>\n\n\n\n<p class=\"wp-block-paragraph\"><strong>Fotograf\u00eda:<\/strong>&nbsp;Nacho Lunadei<\/p>\n\n\n\n<p class=\"wp-block-paragraph\"><strong>Prensa:<\/strong>&nbsp;Kevin Melgar &amp; Francis Salazar<\/p>\n\n\n\n<p class=\"wp-block-paragraph\"><strong>Producci\u00f3n general:<\/strong>&nbsp;Pablo del Campo, Estanislao Otero Valdez, CC Konex<\/p>\n\n\n\n<p class=\"wp-block-paragraph\"><strong>Asistencia de direcci\u00f3n:<\/strong>&nbsp;Lul\u00fa Trotta y Mora Monteleone<\/p>\n\n\n\n<p class=\"wp-block-paragraph\"><strong>Direcci\u00f3n general:<\/strong>&nbsp;Juanse Rausch<\/p>\n\n\n\n<p class=\"wp-block-paragraph\"><strong>Instagram:<\/strong> @lallamada_ar<\/p>\n\n\n\n<figure class=\"wp-block-image size-large is-resized\"><img loading=\"lazy\" decoding=\"async\" width=\"1024\" height=\"458\" src=\"https:\/\/sergiolapegue.com\/site\/wp-content\/uploads\/2026\/09\/La-llamada-3-1024x458.jpg\" alt=\"\" class=\"wp-image-32630\" style=\"width:1068px;height:auto\" srcset=\"https:\/\/sergiolapegue.com\/site\/wp-content\/uploads\/2026\/09\/La-llamada-3-1024x458.jpg 1024w, https:\/\/sergiolapegue.com\/site\/wp-content\/uploads\/2026\/09\/La-llamada-3-300x134.jpg 300w, https:\/\/sergiolapegue.com\/site\/wp-content\/uploads\/2026\/09\/La-llamada-3-767x343.jpg 767w, https:\/\/sergiolapegue.com\/site\/wp-content\/uploads\/2026\/09\/La-llamada-3-1536x687.jpg 1536w, https:\/\/sergiolapegue.com\/site\/wp-content\/uploads\/2026\/09\/La-llamada-3-322x144.jpg 322w, https:\/\/sergiolapegue.com\/site\/wp-content\/uploads\/2026\/09\/La-llamada-3-695x311.jpg 695w, https:\/\/sergiolapegue.com\/site\/wp-content\/uploads\/2026\/09\/La-llamada-3-1067x477.jpg 1067w, https:\/\/sergiolapegue.com\/site\/wp-content\/uploads\/2026\/09\/La-llamada-3.jpg 1896w\" sizes=\"auto, (max-width: 1024px) 100vw, 1024px\" \/><\/figure>\n\n\n\n<p class=\"wp-block-paragraph\"><strong>TEATRO ASTROS<\/strong><\/p>\n\n\n\n<p class=\"wp-block-paragraph\">Av. Corrientes 746 \u2013 Capital Federal \u2013 Buenos Aires \u2013 Argentina<\/p>\n\n\n\n<p class=\"wp-block-paragraph\">Tel\u00e9fono: 11 4325-9991<\/p>\n\n\n\n<p class=\"wp-block-paragraph\">Entradas: Desde $ 50.000 \u2013 en boleter\u00eda del teatro o por Entrada Uno \u2013 Link:<\/p>\n\n\n\n<p class=\"wp-block-paragraph\"><a href=\"https:\/\/www.entradauno.com\/landing\/la-llamada-astros?idEspectaculoCartel=17248&amp;cHashValidacion=3605cf2644e6e7ee23fff7635cc236153c6fea6e\">Entrada Uno<\/a><\/p>\n\n\n\n<p class=\"wp-block-paragraph\">Funciones: Mi\u00e9rcoles 20:30 horas \u2013 Del 09\/09\/2026 al 28\/10\/2026<\/p>\n\n\n\n<p class=\"wp-block-paragraph\"><strong>Importante:<\/strong><\/p>\n\n\n\n<p class=\"wp-block-paragraph\">Acceso para personas con movilidad reducida<\/p>\n\n\n\n<p class=\"wp-block-paragraph\">El Teatro Astros cuenta con acceso por ascensor y rampas.<\/p>\n\n\n\n<p class=\"wp-block-paragraph\">Entradas con CUD<\/p>\n\n\n\n<p class=\"wp-block-paragraph\">Las personas que presenten el Certificado \u00danico de Discapacidad (CUD) acceden a un\u00a050% de descuento\u00a0en la entrada. El mismo beneficio se aplica a un acompa\u00f1ante. Este descuento debe gestionarse exclusivamente en la boleter\u00eda del teatro, presentando el CUD vigente al momento de la compra.<\/p>\n\n\n\n<p class=\"wp-block-paragraph\">Gracias Kevin Melgar &amp; Francis Salazar por acercarnos la gacetilla del reestreno de este sensacional espect\u00e1culo.<\/p>\n\n\n\n<p class=\"wp-block-paragraph\"><\/p>\n","protected":false},"excerpt":{"rendered":"<p>Despu\u00e9s de conquistar al p\u00fablico argentino y convertirse en uno de los grandes \u00e9xitos teatrales de la temporada, tanto en Buenos Aires como en Mar del Plata, \u201cLa Llamada\u201d,&nbsp;el multipremiado musical creado por Los Javis (Javier Ambrossi y Javier Calvo),&nbsp;regresa a Buenos Aires para una temporada especial de solo 12 funciones.&nbsp;A partir del&nbsp;mi\u00e9rcoles 9 de [&hellip;]<\/p>\n","protected":false},"author":3,"featured_media":32631,"comment_status":"open","ping_status":"closed","sticky":false,"template":"","format":"standard","meta":{"footnotes":""},"categories":[34,35],"tags":[],"class_list":["post-32627","post","type-post","status-publish","format-standard","has-post-thumbnail","category-arte","category-teatro"],"yoast_head":"<!-- This site is optimized with the Yoast SEO plugin v28.4 - https:\/\/yoast.com\/product\/yoast-seo-wordpress\/ -->\n<title>\u201cLA LLAMADA\u201d REGRESO AL TEATRO ASTROS - Sergio Lapegue<\/title>\n<meta name=\"robots\" content=\"index, follow, max-snippet:-1, max-image-preview:large, max-video-preview:-1\" \/>\n<link rel=\"canonical\" href=\"https:\/\/sergiolapegue.com\/site\/2026\/09\/04\/la-llamada-regreso-al-teatro-astros\/\" \/>\n<meta property=\"og:locale\" content=\"es_ES\" \/>\n<meta property=\"og:type\" content=\"article\" \/>\n<meta property=\"og:title\" content=\"\u201cLA LLAMADA\u201d REGRESO AL TEATRO ASTROS - Sergio Lapegue\" \/>\n<meta property=\"og:description\" content=\"Despu\u00e9s de conquistar al p\u00fablico argentino y convertirse en uno de los grandes \u00e9xitos teatrales de la temporada, tanto en Buenos Aires como en Mar del Plata, \u201cLa Llamada\u201d,&nbsp;el multipremiado musical creado por Los Javis (Javier Ambrossi y Javier Calvo),&nbsp;regresa a Buenos Aires para una temporada especial de solo 12 funciones.&nbsp;A partir del&nbsp;mi\u00e9rcoles 9 de [&hellip;]\" \/>\n<meta property=\"og:url\" content=\"https:\/\/sergiolapegue.com\/site\/2026\/09\/04\/la-llamada-regreso-al-teatro-astros\/\" \/>\n<meta property=\"og:site_name\" content=\"Sergio Lapegue\" \/>\n<meta property=\"article:publisher\" content=\"https:\/\/facebook.com\/sergiolapegue\" \/>\n<meta property=\"article:author\" content=\"https:\/\/facebook.com\/danielernesto.montana\" \/>\n<meta property=\"article:published_time\" content=\"2026-09-04T16:00:00+00:00\" \/>\n<meta property=\"og:image\" content=\"https:\/\/sergiolapegue.com\/site\/wp-content\/uploads\/2026\/09\/La-llamada.jpg\" \/>\n\t<meta property=\"og:image:width\" content=\"1000\" \/>\n\t<meta property=\"og:image:height\" content=\"1250\" \/>\n\t<meta property=\"og:image:type\" content=\"image\/jpeg\" \/>\n<meta name=\"author\" content=\"Daniel E. Monta\u00f1a\" \/>\n<meta name=\"twitter:card\" content=\"summary_large_image\" \/>\n<meta name=\"twitter:creator\" content=\"@https:\/\/twitter.com\/daner_004\" \/>\n<meta name=\"twitter:site\" content=\"@sergiolapegue\" \/>\n<meta name=\"twitter:label1\" content=\"Escrito por\" \/>\n\t<meta name=\"twitter:data1\" content=\"Daniel E. Monta\u00f1a\" \/>\n\t<meta name=\"twitter:label2\" content=\"Tiempo de lectura\" \/>\n\t<meta name=\"twitter:data2\" content=\"4 minutos\" \/>\n<script type=\"application\/ld+json\" class=\"yoast-schema-graph\">{\"@context\":\"https:\\\/\\\/schema.org\",\"@graph\":[{\"@type\":\"Article\",\"@id\":\"https:\\\/\\\/sergiolapegue.com\\\/site\\\/2026\\\/09\\\/04\\\/la-llamada-regreso-al-teatro-astros\\\/#article\",\"isPartOf\":{\"@id\":\"https:\\\/\\\/sergiolapegue.com\\\/site\\\/2026\\\/09\\\/04\\\/la-llamada-regreso-al-teatro-astros\\\/\"},\"author\":{\"name\":\"Daniel E. Monta\u00f1a\",\"@id\":\"https:\\\/\\\/sergiolapegue.com\\\/site\\\/#\\\/schema\\\/person\\\/9198e7dbab43c6d74d0fd5399af7c3cd\"},\"headline\":\"\u201cLA LLAMADA\u201d REGRESO AL TEATRO ASTROS\",\"datePublished\":\"2026-09-04T16:00:00+00:00\",\"mainEntityOfPage\":{\"@id\":\"https:\\\/\\\/sergiolapegue.com\\\/site\\\/2026\\\/09\\\/04\\\/la-llamada-regreso-al-teatro-astros\\\/\"},\"wordCount\":684,\"commentCount\":0,\"publisher\":{\"@id\":\"https:\\\/\\\/sergiolapegue.com\\\/site\\\/#\\\/schema\\\/person\\\/083aeceeb0734cd166779ea6c0551a37\"},\"image\":{\"@id\":\"https:\\\/\\\/sergiolapegue.com\\\/site\\\/2026\\\/09\\\/04\\\/la-llamada-regreso-al-teatro-astros\\\/#primaryimage\"},\"thumbnailUrl\":\"https:\\\/\\\/sergiolapegue.com\\\/site\\\/wp-content\\\/uploads\\\/2026\\\/09\\\/La-llamada.jpg\",\"articleSection\":[\"Arte\",\"Teatro\"],\"inLanguage\":\"es-AR\",\"potentialAction\":[{\"@type\":\"CommentAction\",\"name\":\"Comment\",\"target\":[\"https:\\\/\\\/sergiolapegue.com\\\/site\\\/2026\\\/09\\\/04\\\/la-llamada-regreso-al-teatro-astros\\\/#respond\"]}]},{\"@type\":\"WebPage\",\"@id\":\"https:\\\/\\\/sergiolapegue.com\\\/site\\\/2026\\\/09\\\/04\\\/la-llamada-regreso-al-teatro-astros\\\/\",\"url\":\"https:\\\/\\\/sergiolapegue.com\\\/site\\\/2026\\\/09\\\/04\\\/la-llamada-regreso-al-teatro-astros\\\/\",\"name\":\"\u201cLA LLAMADA\u201d REGRESO AL TEATRO ASTROS - Sergio Lapegue\",\"isPartOf\":{\"@id\":\"https:\\\/\\\/sergiolapegue.com\\\/site\\\/#website\"},\"primaryImageOfPage\":{\"@id\":\"https:\\\/\\\/sergiolapegue.com\\\/site\\\/2026\\\/09\\\/04\\\/la-llamada-regreso-al-teatro-astros\\\/#primaryimage\"},\"image\":{\"@id\":\"https:\\\/\\\/sergiolapegue.com\\\/site\\\/2026\\\/09\\\/04\\\/la-llamada-regreso-al-teatro-astros\\\/#primaryimage\"},\"thumbnailUrl\":\"https:\\\/\\\/sergiolapegue.com\\\/site\\\/wp-content\\\/uploads\\\/2026\\\/09\\\/La-llamada.jpg\",\"datePublished\":\"2026-09-04T16:00:00+00:00\",\"breadcrumb\":{\"@id\":\"https:\\\/\\\/sergiolapegue.com\\\/site\\\/2026\\\/09\\\/04\\\/la-llamada-regreso-al-teatro-astros\\\/#breadcrumb\"},\"inLanguage\":\"es-AR\",\"potentialAction\":[{\"@type\":\"ReadAction\",\"target\":[\"https:\\\/\\\/sergiolapegue.com\\\/site\\\/2026\\\/09\\\/04\\\/la-llamada-regreso-al-teatro-astros\\\/\"]}]},{\"@type\":\"ImageObject\",\"inLanguage\":\"es-AR\",\"@id\":\"https:\\\/\\\/sergiolapegue.com\\\/site\\\/2026\\\/09\\\/04\\\/la-llamada-regreso-al-teatro-astros\\\/#primaryimage\",\"url\":\"https:\\\/\\\/sergiolapegue.com\\\/site\\\/wp-content\\\/uploads\\\/2026\\\/09\\\/La-llamada.jpg\",\"contentUrl\":\"https:\\\/\\\/sergiolapegue.com\\\/site\\\/wp-content\\\/uploads\\\/2026\\\/09\\\/La-llamada.jpg\",\"width\":1000,\"height\":1250},{\"@type\":\"BreadcrumbList\",\"@id\":\"https:\\\/\\\/sergiolapegue.com\\\/site\\\/2026\\\/09\\\/04\\\/la-llamada-regreso-al-teatro-astros\\\/#breadcrumb\",\"itemListElement\":[{\"@type\":\"ListItem\",\"position\":1,\"name\":\"Inicio\",\"item\":\"https:\\\/\\\/sergiolapegue.com\\\/site\\\/\"},{\"@type\":\"ListItem\",\"position\":2,\"name\":\"\u201cLA LLAMADA\u201d REGRESO AL TEATRO ASTROS\"}]},{\"@type\":\"WebSite\",\"@id\":\"https:\\\/\\\/sergiolapegue.com\\\/site\\\/#website\",\"url\":\"https:\\\/\\\/sergiolapegue.com\\\/site\\\/\",\"name\":\"Sergio Lapegue\",\"description\":\"Periodista y conductor de radio y televisi\u00f3n argentino, nacido el 6 de septiembre de 1964.\",\"publisher\":{\"@id\":\"https:\\\/\\\/sergiolapegue.com\\\/site\\\/#\\\/schema\\\/person\\\/083aeceeb0734cd166779ea6c0551a37\"},\"potentialAction\":[{\"@type\":\"SearchAction\",\"target\":{\"@type\":\"EntryPoint\",\"urlTemplate\":\"https:\\\/\\\/sergiolapegue.com\\\/site\\\/?s={search_term_string}\"},\"query-input\":{\"@type\":\"PropertyValueSpecification\",\"valueRequired\":true,\"valueName\":\"search_term_string\"}}],\"inLanguage\":\"es-AR\"},{\"@type\":[\"Person\",\"Organization\"],\"@id\":\"https:\\\/\\\/sergiolapegue.com\\\/site\\\/#\\\/schema\\\/person\\\/083aeceeb0734cd166779ea6c0551a37\",\"name\":\"Sergio Lapegue\",\"image\":{\"@type\":\"ImageObject\",\"inLanguage\":\"es-AR\",\"@id\":\"https:\\\/\\\/sergiolapegue.com\\\/site\\\/wp-content\\\/uploads\\\/2021\\\/04\\\/logo_header-1.png\",\"url\":\"https:\\\/\\\/sergiolapegue.com\\\/site\\\/wp-content\\\/uploads\\\/2021\\\/04\\\/logo_header-1.png\",\"contentUrl\":\"https:\\\/\\\/sergiolapegue.com\\\/site\\\/wp-content\\\/uploads\\\/2021\\\/04\\\/logo_header-1.png\",\"width\":272,\"height\":90,\"caption\":\"Sergio Lapegue\"},\"logo\":{\"@id\":\"https:\\\/\\\/sergiolapegue.com\\\/site\\\/wp-content\\\/uploads\\\/2021\\\/04\\\/logo_header-1.png\"},\"sameAs\":[\"https:\\\/\\\/facebook.com\\\/sergiolapegue\",\"https:\\\/\\\/instagram.com\\\/sergiolapegue\",\"https:\\\/\\\/x.com\\\/https:\\\/\\\/twitter.com\\\/sergiolapegue\"]},{\"@type\":\"Person\",\"@id\":\"https:\\\/\\\/sergiolapegue.com\\\/site\\\/#\\\/schema\\\/person\\\/9198e7dbab43c6d74d0fd5399af7c3cd\",\"name\":\"Daniel E. Monta\u00f1a\",\"image\":{\"@type\":\"ImageObject\",\"inLanguage\":\"es-AR\",\"@id\":\"https:\\\/\\\/sergiolapegue.com\\\/site\\\/wp-content\\\/uploads\\\/2021\\\/04\\\/sl_avatar_Daniel-150x150.jpg\",\"url\":\"https:\\\/\\\/sergiolapegue.com\\\/site\\\/wp-content\\\/uploads\\\/2021\\\/04\\\/sl_avatar_Daniel-150x150.jpg\",\"contentUrl\":\"https:\\\/\\\/sergiolapegue.com\\\/site\\\/wp-content\\\/uploads\\\/2021\\\/04\\\/sl_avatar_Daniel-150x150.jpg\",\"caption\":\"Daniel E. Monta\u00f1a\"},\"sameAs\":[\"https:\\\/\\\/facebook.com\\\/danielernesto.montana\",\"https:\\\/\\\/instagram.com\\\/daniel_montana1961\",\"https:\\\/\\\/x.com\\\/https:\\\/\\\/twitter.com\\\/daner_004\"],\"url\":\"https:\\\/\\\/sergiolapegue.com\\\/site\\\/author\\\/daniel\\\/\"}]}<\/script>\n<!-- \/ Yoast SEO plugin. -->","yoast_head_json":{"title":"\u201cLA LLAMADA\u201d REGRESO AL TEATRO ASTROS - Sergio Lapegue","robots":{"index":"index","follow":"follow","max-snippet":"max-snippet:-1","max-image-preview":"max-image-preview:large","max-video-preview":"max-video-preview:-1"},"canonical":"https:\/\/sergiolapegue.com\/site\/2026\/09\/04\/la-llamada-regreso-al-teatro-astros\/","og_locale":"es_ES","og_type":"article","og_title":"\u201cLA LLAMADA\u201d REGRESO AL TEATRO ASTROS - Sergio Lapegue","og_description":"Despu\u00e9s de conquistar al p\u00fablico argentino y convertirse en uno de los grandes \u00e9xitos teatrales de la temporada, tanto en Buenos Aires como en Mar del Plata, \u201cLa Llamada\u201d,&nbsp;el multipremiado musical creado por Los Javis (Javier Ambrossi y Javier Calvo),&nbsp;regresa a Buenos Aires para una temporada especial de solo 12 funciones.&nbsp;A partir del&nbsp;mi\u00e9rcoles 9 de [&hellip;]","og_url":"https:\/\/sergiolapegue.com\/site\/2026\/09\/04\/la-llamada-regreso-al-teatro-astros\/","og_site_name":"Sergio Lapegue","article_publisher":"https:\/\/facebook.com\/sergiolapegue","article_author":"https:\/\/facebook.com\/danielernesto.montana","article_published_time":"2026-09-04T16:00:00+00:00","og_image":[{"width":1000,"height":1250,"url":"https:\/\/sergiolapegue.com\/site\/wp-content\/uploads\/2026\/09\/La-llamada.jpg","type":"image\/jpeg"}],"author":"Daniel E. Monta\u00f1a","twitter_card":"summary_large_image","twitter_creator":"@https:\/\/twitter.com\/daner_004","twitter_site":"@sergiolapegue","twitter_misc":{"Escrito por":"Daniel E. Monta\u00f1a","Tiempo de lectura":"4 minutos"},"schema":{"@context":"https:\/\/schema.org","@graph":[{"@type":"Article","@id":"https:\/\/sergiolapegue.com\/site\/2026\/09\/04\/la-llamada-regreso-al-teatro-astros\/#article","isPartOf":{"@id":"https:\/\/sergiolapegue.com\/site\/2026\/09\/04\/la-llamada-regreso-al-teatro-astros\/"},"author":{"name":"Daniel E. Monta\u00f1a","@id":"https:\/\/sergiolapegue.com\/site\/#\/schema\/person\/9198e7dbab43c6d74d0fd5399af7c3cd"},"headline":"\u201cLA LLAMADA\u201d REGRESO AL TEATRO ASTROS","datePublished":"2026-09-04T16:00:00+00:00","mainEntityOfPage":{"@id":"https:\/\/sergiolapegue.com\/site\/2026\/09\/04\/la-llamada-regreso-al-teatro-astros\/"},"wordCount":684,"commentCount":0,"publisher":{"@id":"https:\/\/sergiolapegue.com\/site\/#\/schema\/person\/083aeceeb0734cd166779ea6c0551a37"},"image":{"@id":"https:\/\/sergiolapegue.com\/site\/2026\/09\/04\/la-llamada-regreso-al-teatro-astros\/#primaryimage"},"thumbnailUrl":"https:\/\/sergiolapegue.com\/site\/wp-content\/uploads\/2026\/09\/La-llamada.jpg","articleSection":["Arte","Teatro"],"inLanguage":"es-AR","potentialAction":[{"@type":"CommentAction","name":"Comment","target":["https:\/\/sergiolapegue.com\/site\/2026\/09\/04\/la-llamada-regreso-al-teatro-astros\/#respond"]}]},{"@type":"WebPage","@id":"https:\/\/sergiolapegue.com\/site\/2026\/09\/04\/la-llamada-regreso-al-teatro-astros\/","url":"https:\/\/sergiolapegue.com\/site\/2026\/09\/04\/la-llamada-regreso-al-teatro-astros\/","name":"\u201cLA LLAMADA\u201d REGRESO AL TEATRO ASTROS - Sergio Lapegue","isPartOf":{"@id":"https:\/\/sergiolapegue.com\/site\/#website"},"primaryImageOfPage":{"@id":"https:\/\/sergiolapegue.com\/site\/2026\/09\/04\/la-llamada-regreso-al-teatro-astros\/#primaryimage"},"image":{"@id":"https:\/\/sergiolapegue.com\/site\/2026\/09\/04\/la-llamada-regreso-al-teatro-astros\/#primaryimage"},"thumbnailUrl":"https:\/\/sergiolapegue.com\/site\/wp-content\/uploads\/2026\/09\/La-llamada.jpg","datePublished":"2026-09-04T16:00:00+00:00","breadcrumb":{"@id":"https:\/\/sergiolapegue.com\/site\/2026\/09\/04\/la-llamada-regreso-al-teatro-astros\/#breadcrumb"},"inLanguage":"es-AR","potentialAction":[{"@type":"ReadAction","target":["https:\/\/sergiolapegue.com\/site\/2026\/09\/04\/la-llamada-regreso-al-teatro-astros\/"]}]},{"@type":"ImageObject","inLanguage":"es-AR","@id":"https:\/\/sergiolapegue.com\/site\/2026\/09\/04\/la-llamada-regreso-al-teatro-astros\/#primaryimage","url":"https:\/\/sergiolapegue.com\/site\/wp-content\/uploads\/2026\/09\/La-llamada.jpg","contentUrl":"https:\/\/sergiolapegue.com\/site\/wp-content\/uploads\/2026\/09\/La-llamada.jpg","width":1000,"height":1250},{"@type":"BreadcrumbList","@id":"https:\/\/sergiolapegue.com\/site\/2026\/09\/04\/la-llamada-regreso-al-teatro-astros\/#breadcrumb","itemListElement":[{"@type":"ListItem","position":1,"name":"Inicio","item":"https:\/\/sergiolapegue.com\/site\/"},{"@type":"ListItem","position":2,"name":"\u201cLA LLAMADA\u201d REGRESO AL TEATRO ASTROS"}]},{"@type":"WebSite","@id":"https:\/\/sergiolapegue.com\/site\/#website","url":"https:\/\/sergiolapegue.com\/site\/","name":"Sergio Lapegue","description":"Periodista y conductor de radio y televisi\u00f3n argentino, nacido el 6 de septiembre de 1964.","publisher":{"@id":"https:\/\/sergiolapegue.com\/site\/#\/schema\/person\/083aeceeb0734cd166779ea6c0551a37"},"potentialAction":[{"@type":"SearchAction","target":{"@type":"EntryPoint","urlTemplate":"https:\/\/sergiolapegue.com\/site\/?s={search_term_string}"},"query-input":{"@type":"PropertyValueSpecification","valueRequired":true,"valueName":"search_term_string"}}],"inLanguage":"es-AR"},{"@type":["Person","Organization"],"@id":"https:\/\/sergiolapegue.com\/site\/#\/schema\/person\/083aeceeb0734cd166779ea6c0551a37","name":"Sergio Lapegue","image":{"@type":"ImageObject","inLanguage":"es-AR","@id":"https:\/\/sergiolapegue.com\/site\/wp-content\/uploads\/2021\/04\/logo_header-1.png","url":"https:\/\/sergiolapegue.com\/site\/wp-content\/uploads\/2021\/04\/logo_header-1.png","contentUrl":"https:\/\/sergiolapegue.com\/site\/wp-content\/uploads\/2021\/04\/logo_header-1.png","width":272,"height":90,"caption":"Sergio Lapegue"},"logo":{"@id":"https:\/\/sergiolapegue.com\/site\/wp-content\/uploads\/2021\/04\/logo_header-1.png"},"sameAs":["https:\/\/facebook.com\/sergiolapegue","https:\/\/instagram.com\/sergiolapegue","https:\/\/x.com\/https:\/\/twitter.com\/sergiolapegue"]},{"@type":"Person","@id":"https:\/\/sergiolapegue.com\/site\/#\/schema\/person\/9198e7dbab43c6d74d0fd5399af7c3cd","name":"Daniel E. Monta\u00f1a","image":{"@type":"ImageObject","inLanguage":"es-AR","@id":"https:\/\/sergiolapegue.com\/site\/wp-content\/uploads\/2021\/04\/sl_avatar_Daniel-150x150.jpg","url":"https:\/\/sergiolapegue.com\/site\/wp-content\/uploads\/2021\/04\/sl_avatar_Daniel-150x150.jpg","contentUrl":"https:\/\/sergiolapegue.com\/site\/wp-content\/uploads\/2021\/04\/sl_avatar_Daniel-150x150.jpg","caption":"Daniel E. Monta\u00f1a"},"sameAs":["https:\/\/facebook.com\/danielernesto.montana","https:\/\/instagram.com\/daniel_montana1961","https:\/\/x.com\/https:\/\/twitter.com\/daner_004"],"url":"https:\/\/sergiolapegue.com\/site\/author\/daniel\/"}]}},"_links":{"self":[{"href":"https:\/\/sergiolapegue.com\/site\/wp-json\/wp\/v2\/posts\/32627","targetHints":{"allow":["GET"]}}],"collection":[{"href":"https:\/\/sergiolapegue.com\/site\/wp-json\/wp\/v2\/posts"}],"about":[{"href":"https:\/\/sergiolapegue.com\/site\/wp-json\/wp\/v2\/types\/post"}],"author":[{"embeddable":true,"href":"https:\/\/sergiolapegue.com\/site\/wp-json\/wp\/v2\/users\/3"}],"replies":[{"embeddable":true,"href":"https:\/\/sergiolapegue.com\/site\/wp-json\/wp\/v2\/comments?post=32627"}],"version-history":[{"count":1,"href":"https:\/\/sergiolapegue.com\/site\/wp-json\/wp\/v2\/posts\/32627\/revisions"}],"predecessor-version":[{"id":32632,"href":"https:\/\/sergiolapegue.com\/site\/wp-json\/wp\/v2\/posts\/32627\/revisions\/32632"}],"wp:featuredmedia":[{"embeddable":true,"href":"https:\/\/sergiolapegue.com\/site\/wp-json\/wp\/v2\/media\/32631"}],"wp:attachment":[{"href":"https:\/\/sergiolapegue.com\/site\/wp-json\/wp\/v2\/media?parent=32627"}],"wp:term":[{"taxonomy":"category","embeddable":true,"href":"https:\/\/sergiolapegue.com\/site\/wp-json\/wp\/v2\/categories?post=32627"},{"taxonomy":"post_tag","embeddable":true,"href":"https:\/\/sergiolapegue.com\/site\/wp-json\/wp\/v2\/tags?post=32627"}],"curies":[{"name":"wp","href":"https:\/\/api.w.org\/{rel}","templated":true}]}}