{"id":32621,"date":"2026-09-04T07:00:00","date_gmt":"2026-09-04T10:00:00","guid":{"rendered":"https:\/\/sergiolapegue.com\/site\/?p=32621"},"modified":"2026-09-03T18:17:00","modified_gmt":"2026-09-03T21:17:00","slug":"mandy-lerouge-se-presenta-en-la-alianza-francesa-de-buenos-aires","status":"publish","type":"post","link":"https:\/\/sergiolapegue.com\/site\/2026\/09\/04\/mandy-lerouge-se-presenta-en-la-alianza-francesa-de-buenos-aires\/","title":{"rendered":"MANDY LEROUGE SE PRESENTA EN LA ALIANZA FRANCESA DE BUENOS AIRES"},"content":{"rendered":"\n<p class=\"wp-block-paragraph\">Mandy Lerouge, ya se encuentra en Buenos Aires para una presentaci\u00f3n musical y para una proyecci\u00f3n y posterior conversaci\u00f3n con su p\u00fablico sobre sus dos cortos: La Madrugada y Del Cerro. Mandy lleg\u00f3 con varias novedades&nbsp; a Argentina; inicialmente para participar como invitada de la gira que realiz\u00f3 con Fleurs Noires, la orquesta franco-argentina de tango contempor\u00e1neo conformada \u00edntegramente por mujeres. La tourn\u00e9e pas\u00f3 con gran \u00e9xito por diferentes ciudades de Argentina: Bs As, San Pedro, La Plata, Rosario y tambi\u00e9n incluy\u00f3 el pa\u00eds vecino, Montevideo, Uruguay. Desde 2024 Mandy viene compartiendo numerosos conciertos en Francia con Fleurs Noires, adem\u00e1s de una gira por Brasil. Y en unos meses viajar\u00e1n a Finlandia y luego continuar\u00e1n por Suecia hacia finales de 2026. La segunda novedad es una nueva creaci\u00f3n en Francia, el espect\u00e1culo denominado &#8220;La tarde&#8221;.&nbsp; En esta oportunidad ser\u00e1 Mandy quien invite a Fleurs Noires. Mandy le encarg\u00f3 a Andrea Marsili, directora de la agrupaci\u00f3n, arreglos especialmente escritos para orquesta sobre obras de Antoinette P\u00e9pin (Pablo del Cerro), que ser\u00e1n interpretadas por Fleurs Noires. Esta creaci\u00f3n prolonga su trabajo de investigaci\u00f3n sobre esta compositora francesa que, bajo el seud\u00f3nimo de Pablo del Cerro, escribi\u00f3 algunas de las obras m\u00e1s emblem\u00e1ticas de Atahualpa Yupanqui, permaneciendo durante d\u00e9cadas en su sombra.<\/p>\n\n\n\n<figure class=\"wp-block-image size-full is-resized\"><img loading=\"lazy\" decoding=\"async\" width=\"1000\" height=\"1000\" src=\"https:\/\/sergiolapegue.com\/site\/wp-content\/uploads\/2026\/09\/Mandy-Lerouge-2.jpg\" alt=\"\" class=\"wp-image-32623\" style=\"width:1068px;height:auto\" srcset=\"https:\/\/sergiolapegue.com\/site\/wp-content\/uploads\/2026\/09\/Mandy-Lerouge-2.jpg 1000w, https:\/\/sergiolapegue.com\/site\/wp-content\/uploads\/2026\/09\/Mandy-Lerouge-2-300x300.jpg 300w, https:\/\/sergiolapegue.com\/site\/wp-content\/uploads\/2026\/09\/Mandy-Lerouge-2-150x150-1.jpg 150w, https:\/\/sergiolapegue.com\/site\/wp-content\/uploads\/2026\/09\/Mandy-Lerouge-2-60x60.jpg 60w, https:\/\/sergiolapegue.com\/site\/wp-content\/uploads\/2026\/09\/Mandy-Lerouge-2-768x768.jpg 768w, https:\/\/sergiolapegue.com\/site\/wp-content\/uploads\/2026\/09\/Mandy-Lerouge-2-324x324.jpg 324w, https:\/\/sergiolapegue.com\/site\/wp-content\/uploads\/2026\/09\/Mandy-Lerouge-2-360x360.jpg 360w, https:\/\/sergiolapegue.com\/site\/wp-content\/uploads\/2026\/09\/Mandy-Lerouge-2-696x696.jpg 696w\" sizes=\"auto, (max-width: 1000px) 100vw, 1000px\" \/><\/figure>\n\n\n\n<p class=\"wp-block-paragraph\">La tercera novedad es que actualmente est\u00e1 escribiendo una serie de podcasts de docuficci\u00f3n en la que va a contar los m\u00e1s de cuatro a\u00f1os de investigaci\u00f3n que lleva realizando entre Francia y Argentina tras las huellas de Antoinette P\u00e9pin. Como ex periodista de radio e ingeniera de sonido, este formato se impuso casi naturalmente para dar vida a los numerosos testimonios, archivos sonoros y encuentros que Mandy fue recopilando durante todos estos a\u00f1os de investigaci\u00f3n. Este proyecto fue seleccionado por el incubador de medios MarsMediaLab, en Marsella (Francia), donde recibi\u00f3 el Gran Premio del Jurado: Premio especial \u201cCoup de C\u0153ur\u201d. Despu\u00e9s del \u00e1lbum Del Cerro, que tuvo una gran repercusi\u00f3n en Francia y gir\u00f3 por todo el pa\u00eds, este nuevo proyecto prolonga la investigaci\u00f3n desde un enfoque narrativo. Tanto el trabajo musical como la investigaci\u00f3n fueron destacados por medios nacionales franceses como Le Monde, France Inter, T\u00e9l\u00e9rama, RFI y TV5Monde. Al finalizar la gira continuar\u00e1 adem\u00e1s esta investigaci\u00f3n en Argentina con varios encuentros que se ir\u00e1n sumando en torno al proyecto. Ya pas\u00f3 por el Centro Cultural Agua Escondida, la Casa Museo Atahualpa Yupanqui en Cerro Colorado donde tuvo un c\u00e1lido encuentro con el p\u00fablico y con Roberto &#8220;Coya&#8221; Chavero con quien contin\u00faa la labor de investigaci\u00f3n mencionada antes. Este viernes es el turno del encuentro de Mandy con su p\u00fablico en la Alianza Francesa a las 19:00 horas.<\/p>\n\n\n\n<figure class=\"wp-block-image size-full is-resized\"><img loading=\"lazy\" decoding=\"async\" width=\"1000\" height=\"1000\" src=\"https:\/\/sergiolapegue.com\/site\/wp-content\/uploads\/2026\/09\/Mandy-Lerouge-3.jpg\" alt=\"\" class=\"wp-image-32624\" style=\"width:1068px;height:auto\" srcset=\"https:\/\/sergiolapegue.com\/site\/wp-content\/uploads\/2026\/09\/Mandy-Lerouge-3.jpg 1000w, https:\/\/sergiolapegue.com\/site\/wp-content\/uploads\/2026\/09\/Mandy-Lerouge-3-150x150-1.jpg 150w, https:\/\/sergiolapegue.com\/site\/wp-content\/uploads\/2026\/09\/Mandy-Lerouge-3-300x300.jpg 300w, https:\/\/sergiolapegue.com\/site\/wp-content\/uploads\/2026\/09\/Mandy-Lerouge-3-768x768.jpg 768w, https:\/\/sergiolapegue.com\/site\/wp-content\/uploads\/2026\/09\/Mandy-Lerouge-3-60x60.jpg 60w, https:\/\/sergiolapegue.com\/site\/wp-content\/uploads\/2026\/09\/Mandy-Lerouge-3-324x324.jpg 324w, https:\/\/sergiolapegue.com\/site\/wp-content\/uploads\/2026\/09\/Mandy-Lerouge-3-360x360.jpg 360w, https:\/\/sergiolapegue.com\/site\/wp-content\/uploads\/2026\/09\/Mandy-Lerouge-3-696x696.jpg 696w\" sizes=\"auto, (max-width: 1000px) 100vw, 1000px\" \/><\/figure>\n\n\n\n<p class=\"wp-block-paragraph\"><strong>ALIANZA FRANCESA<\/strong><\/p>\n\n\n\n<p class=\"wp-block-paragraph\">Av. C\u00f3rdoba 946 \u2013 Capital Federal \u2013 Buenos Aires \u2013 Argentina<\/p>\n\n\n\n<p class=\"wp-block-paragraph\">Tel\u00e9fono: 4322-0068<\/p>\n\n\n\n<p class=\"wp-block-paragraph\">Entradas: Libre y gratuita<\/p>\n\n\n\n<p class=\"wp-block-paragraph\">Funci\u00f3n: Viernes 04 de Septiembre \u2013 19:00 horas<\/p>\n\n\n\n<p class=\"wp-block-paragraph\">Gracias Claudina S\u00e1nchez por acercarnos la gacetilla de prensa de la presentaci\u00f3n de Mandy Lerouge en la Alianza Francesa.<\/p>\n\n\n\n<figure class=\"wp-block-image size-full is-resized\"><img loading=\"lazy\" decoding=\"async\" width=\"1000\" height=\"1000\" src=\"https:\/\/sergiolapegue.com\/site\/wp-content\/uploads\/2026\/09\/Mandy-Lerouge-5.jpg\" alt=\"\" class=\"wp-image-32622\" style=\"width:431px;height:auto\" srcset=\"https:\/\/sergiolapegue.com\/site\/wp-content\/uploads\/2026\/09\/Mandy-Lerouge-5.jpg 1000w, https:\/\/sergiolapegue.com\/site\/wp-content\/uploads\/2026\/09\/Mandy-Lerouge-5-150x150-1.jpg 150w, https:\/\/sergiolapegue.com\/site\/wp-content\/uploads\/2026\/09\/Mandy-Lerouge-5-300x300.jpg 300w, https:\/\/sergiolapegue.com\/site\/wp-content\/uploads\/2026\/09\/Mandy-Lerouge-5-768x768.jpg 768w, https:\/\/sergiolapegue.com\/site\/wp-content\/uploads\/2026\/09\/Mandy-Lerouge-5-60x60.jpg 60w, https:\/\/sergiolapegue.com\/site\/wp-content\/uploads\/2026\/09\/Mandy-Lerouge-5-324x324.jpg 324w, https:\/\/sergiolapegue.com\/site\/wp-content\/uploads\/2026\/09\/Mandy-Lerouge-5-360x360.jpg 360w, https:\/\/sergiolapegue.com\/site\/wp-content\/uploads\/2026\/09\/Mandy-Lerouge-5-696x696.jpg 696w\" sizes=\"auto, (max-width: 1000px) 100vw, 1000px\" \/><\/figure>\n\n\n\n<p class=\"wp-block-paragraph\"><strong>SOBRE MANDY LEROUGE \u2013 CANTANTE Y VIAJERA<\/strong><\/p>\n\n\n\n<p class=\"wp-block-paragraph\">\u00ab En la voz profunda de Mandy Lerouge, la inmensidad se vuelve un cobijo, y las noches fr\u00edas se iluminan bajo las estrellas. \u00bb Anne-Berthod \u2013 T\u00e9l\u00e9rama (TTT)<\/p>\n\n\n\n<p class=\"wp-block-paragraph\">\u00ab Inteligente, sincero y hermoso. Mandy Lerouge interpreta con una voz sensual, magn\u00e9tica. Un viaje maravilloso. \u00bb Nad\u00e8ge Dubessay \u2013 L\u2019Humanit\u00e9 Dimanche<\/p>\n\n\n\n<p class=\"wp-block-paragraph\">\u00ab Un verdadero descubrimiento y una historia incre\u00edble. Su voz es magn\u00e9tica. \u00bb<\/p>\n\n\n\n<p class=\"wp-block-paragraph\">Eric Bureau \u2013 Le Parisien<\/p>\n\n\n\n<p class=\"wp-block-paragraph\"><strong>Mandy Lerouge<\/strong> <strong>es un claro en el paisaje, a menudo turbulento, de la globalizaci\u00f3n<\/strong><\/p>\n\n\n\n<p class=\"wp-block-paragraph\">Hija del mestizaje, nacida de un padre malgache y de una madre francesa, y criada en las luces de las monta\u00f1as de los Altos Alpes, su carrera art\u00edstica pronto la llev\u00f3 a viajar por encima de cumbres y oc\u00e9anos. En 2014, se (re)descubri\u00f3 en la inmensidad natural y cultural de la Argentina. Desde entonces, Mandy se entreg\u00f3 en cuerpo y alma al surco ya profundo de estas m\u00fasicas populares y criollas, en el cruce de identidades ind\u00edgenas y europeas. Con su talento art\u00edstico y su personalidad luminosa, no tard\u00f3 en dejar su propia huella\u2026 Jinete desde su m\u00e1s tierna infancia, Mandy Lerouge sabe desde entonces que para viajar lejos es esencial estar en sinton\u00eda con la montura, con el entorno y consigo misma. \u00a1La armon\u00eda nace de la escucha y del movimiento! Nada sorprende, entonces, que se haya sentido plena en la tierra de los gauchos\u2026 \u201cLa Roja\u201d, como la llaman con cari\u00f1o sus maestros y fans argentinos, supo construir su carrera sobre bases s\u00f3lidas. Adem\u00e1s de una experiencia en el periodismo \u2014 para afilar a\u00fan m\u00e1s su insondable curiosidad y poner a prueba su facilidad para el v\u00ednculo humano \u2014, tambi\u00e9n curs\u00f3 estudios de ingenier\u00eda de sonido\u2026 \u00a1Para comprender mejor los engranajes de este aspecto esencial de la m\u00fasica y perfeccionar su o\u00eddo! Una experiencia que le ser\u00eda sumamente valiosa al momento de encontrarse con aut\u00e9nticos brujos del sonido en sus estudios, como sucedi\u00f3 en su primer disco junto a G\u00e9rard de Haro, en el santuario de La Buissonne, o m\u00e1s recientemente con Philippe Teissier du Cros y Fran\u00e7ois Fanelli\u2026 No es de extra\u00f1ar que Mandy Lerouge tambi\u00e9n haya desarrollado a toda velocidad sus talentos de cantante y m\u00fasica, abriendo bien grandes los o\u00eddos y el coraz\u00f3n a quienes quisieron transmitirle. Flirte\u00f3 un tiempo con el jazz y el trip hop\u2026 \u00a1Para encenderse finalmente al contacto de las m\u00fasicas argentinas! Como un presagio, la primera canci\u00f3n que escribi\u00f3 a los 19 a\u00f1os para otro artista, Social Mask de Alif Tree, fue elegida para la primera temporada de la exitosa serie Emily in Paris\u2026 \u00a1Un primer puente entre mundos muy distantes! Desde su base en Marsella (Francia), Mandy fue desarrollando su proyecto no s\u00f3lo como artista sino tambi\u00e9n como una verdadera emprendedora. Estructur\u00f3 sus actividades con rigor y determinaci\u00f3n creando la Compa\u00f1\u00eda Le Fil Rouge en 2018, para producir sus giras y dos discos de manera independiente, impulsada por una comunidad de fans y de socios. En el plano art\u00edstico, conquist\u00f3 a figuras destacadas de las m\u00fasicas francesa y argentina: Chango Spasiuk, Ra\u00fal Barboza, Melingo, Lalo Zanelli, Minino Garay, Andr\u00e9 Manoukian, Vincent Segal, y m\u00e1s recientemente Nicolas Repac, Arthur H\u2026 \u00a1Cu\u00e1ntas hadas magn\u00edficas inclinadas sobre su cuna! As\u00ed, a partir de 2020, Mandy Lerouge logr\u00f3 que su primer disco La Madrugada fuera coronado por el \u00e9xito p\u00fablico y cr\u00edtico. Ese t\u00e9rmino designa el amanecer, ese tiempo de despertar del mundo que abre el campo de lo posible\u2026 para su canto. Por rutas y senderos argentinos, en colectivo o a caballo, Mandy inici\u00f3 su exploraci\u00f3n sensible del Norte del pa\u00eds, tierra de guaran\u00edes, quechuas y gauchos. Con cuaderno y grabador en mano, recorri\u00f3 con avidez este nuevo territorio, multiplicando los encuentros para poner en resonancia las joyas del repertorio popular con las historias pasadas y presentes que las acompa\u00f1an. Este primer \u00e1lbum est\u00e1 a la altura del personaje de la joven artista: luminoso y profundo. Despu\u00e9s de esa madrugada prometedora, Mandy continu\u00f3 su viaje por las culturas y los paisajes escarpados del Noroeste argentino. En ese recorrido, mientras el sol estaba en lo alto, bebi\u00f3 de una nueva fuente de inspiraci\u00f3n: el legendario compositor e int\u00e9rprete Atahualpa Yupanqui (1908-1992). Hijo del mestizaje, nacido de un padre quechua y una madre vasca, y que encontr\u00f3 refugio y serenidad en las luces de las sierras cordobesas\u2026 \u00bfNo les recuerda a alguien? Su nuevo \u00e1lbum Del Cerro nace de un paisaje f\u00edsico y musical, y encuentra su t\u00edtulo en una revelaci\u00f3n: cerca de un centenar de obras del poeta Yupanqui est\u00e1n firmadas junto a un tal Pablo Del Cerro. Un nombre misterioso para un compositor tan influyente como discreto en la historia de la m\u00fasica argentina\u2026 Mandy Lerouge hace entonces un descubrimiento vertiginoso: este compositor argentino es en realidad una compositora\u2026 francesa, otra hija del mestizaje: \u00a1Antoinette P\u00e9pin (1908-1990)!<\/p>\n\n\n\n<p class=\"wp-block-paragraph\">Mandy se embarca entonces en una aventura incre\u00edble. Durante cuatro a\u00f1os, lleva adelante una verdadera y profunda investigaci\u00f3n musical entre Francia y su pa\u00eds de adopci\u00f3n: un trabajo minucioso y generoso, especialmente en el pueblo de Cerro Colorado, a 900 km de Buenos Aires, donde encuentra a Roberto Chavero, hijo de Atahualpa Yupanqui y Antoinette P\u00e9pin. Este heredero, intrigado por la pasi\u00f3n y el aura de Mandy, le permite un acceso privilegiado a la casa y a los archivos de Antoinette P\u00e9pin\u2026 Cuadernos, manuscritos, partituras\u2026 \u00a1Incluso le conf\u00eda la apertura de cajas olvidadas desde la muerte de su madre! Mandy descubre all\u00ed, entre otras cosas, una obra in\u00e9dita e inconclusa de esta inmensa compositora\u2026 Este trabajo de recopilaci\u00f3n, investigaci\u00f3n y reinterpretaci\u00f3n permitir\u00e1 poner en luz este matrimonio musical desconocido y resaltar la importancia de la obra de Antoinette P\u00e9pin. La nueva mirada de Mandy sobre estas obras constituye la totalidad del repertorio de su nuevo \u00e1lbum Del Cerro, un disco realizado por el talentoso y prol\u00edfico \u201cmarabut del sonido\u201d Nicolas Repac (Label No Format, Arthur H, Alain Bashung\u2026). M\u00e1s que un realizador, Nicolas Repac se convirti\u00f3 r\u00e1pidamente en un gu\u00eda que acompa\u00f1\u00f3 \u2014 y luego dej\u00f3 avanzar \u2014 a la artista por caminos a\u00fan inexplorados, musical y vocalmente. Es el gran creador de un espacio imaginario donde Mandy y Antoinette pueden moverse juntas, entre mundos, pa\u00edses y \u00e9pocas. Su aporte de samples y texturas permite que composiciones y arreglos ya deslumbrantes rocen lo sublime. Un homenaje magn\u00edfico, de artistas del mundo moderno, a esta personalidad extraordinaria que hab\u00eda elegido permanecer en la sombra\u2026<\/p>\n","protected":false},"excerpt":{"rendered":"<p>Mandy Lerouge, ya se encuentra en Buenos Aires para una presentaci\u00f3n musical y para una proyecci\u00f3n y posterior conversaci\u00f3n con su p\u00fablico sobre sus dos cortos: La Madrugada y Del Cerro. Mandy lleg\u00f3 con varias novedades&nbsp; a Argentina; inicialmente para participar como invitada de la gira que realiz\u00f3 con Fleurs Noires, la orquesta franco-argentina de [&hellip;]<\/p>\n","protected":false},"author":3,"featured_media":32625,"comment_status":"open","ping_status":"closed","sticky":false,"template":"","format":"standard","meta":{"footnotes":""},"categories":[34,56],"tags":[],"class_list":["post-32621","post","type-post","status-publish","format-standard","has-post-thumbnail","category-arte","category-musica"],"yoast_head":"<!-- This site is optimized with the Yoast SEO plugin v28.4 - https:\/\/yoast.com\/product\/yoast-seo-wordpress\/ -->\n<title>MANDY LEROUGE SE PRESENTA EN LA ALIANZA FRANCESA DE BUENOS AIRES - Sergio Lapegue<\/title>\n<meta name=\"robots\" content=\"index, follow, max-snippet:-1, max-image-preview:large, max-video-preview:-1\" \/>\n<link rel=\"canonical\" href=\"https:\/\/sergiolapegue.com\/site\/2026\/09\/04\/mandy-lerouge-se-presenta-en-la-alianza-francesa-de-buenos-aires\/\" \/>\n<meta property=\"og:locale\" content=\"es_ES\" \/>\n<meta property=\"og:type\" content=\"article\" \/>\n<meta property=\"og:title\" content=\"MANDY LEROUGE SE PRESENTA EN LA ALIANZA FRANCESA DE BUENOS AIRES - Sergio Lapegue\" \/>\n<meta property=\"og:description\" content=\"Mandy Lerouge, ya se encuentra en Buenos Aires para una presentaci\u00f3n musical y para una proyecci\u00f3n y posterior conversaci\u00f3n con su p\u00fablico sobre sus dos cortos: La Madrugada y Del Cerro. Mandy lleg\u00f3 con varias novedades&nbsp; a Argentina; inicialmente para participar como invitada de la gira que realiz\u00f3 con Fleurs Noires, la orquesta franco-argentina de [&hellip;]\" \/>\n<meta property=\"og:url\" content=\"https:\/\/sergiolapegue.com\/site\/2026\/09\/04\/mandy-lerouge-se-presenta-en-la-alianza-francesa-de-buenos-aires\/\" \/>\n<meta property=\"og:site_name\" content=\"Sergio Lapegue\" \/>\n<meta property=\"article:publisher\" content=\"https:\/\/facebook.com\/sergiolapegue\" \/>\n<meta property=\"article:author\" content=\"https:\/\/facebook.com\/danielernesto.montana\" \/>\n<meta property=\"article:published_time\" content=\"2026-09-04T10:00:00+00:00\" \/>\n<meta property=\"og:image\" content=\"https:\/\/sergiolapegue.com\/site\/wp-content\/uploads\/2026\/09\/Mandy-Lerouge.jpg\" \/>\n\t<meta property=\"og:image:width\" content=\"1000\" \/>\n\t<meta property=\"og:image:height\" content=\"1000\" \/>\n\t<meta property=\"og:image:type\" content=\"image\/jpeg\" \/>\n<meta name=\"author\" content=\"Daniel E. Monta\u00f1a\" \/>\n<meta name=\"twitter:card\" content=\"summary_large_image\" \/>\n<meta name=\"twitter:creator\" content=\"@https:\/\/twitter.com\/daner_004\" \/>\n<meta name=\"twitter:site\" content=\"@sergiolapegue\" \/>\n<meta name=\"twitter:label1\" content=\"Escrito por\" \/>\n\t<meta name=\"twitter:data1\" content=\"Daniel E. Monta\u00f1a\" \/>\n\t<meta name=\"twitter:label2\" content=\"Tiempo de lectura\" \/>\n\t<meta name=\"twitter:data2\" content=\"8 minutos\" \/>\n<script type=\"application\/ld+json\" class=\"yoast-schema-graph\">{\"@context\":\"https:\\\/\\\/schema.org\",\"@graph\":[{\"@type\":\"Article\",\"@id\":\"https:\\\/\\\/sergiolapegue.com\\\/site\\\/2026\\\/09\\\/04\\\/mandy-lerouge-se-presenta-en-la-alianza-francesa-de-buenos-aires\\\/#article\",\"isPartOf\":{\"@id\":\"https:\\\/\\\/sergiolapegue.com\\\/site\\\/2026\\\/09\\\/04\\\/mandy-lerouge-se-presenta-en-la-alianza-francesa-de-buenos-aires\\\/\"},\"author\":{\"name\":\"Daniel E. Monta\u00f1a\",\"@id\":\"https:\\\/\\\/sergiolapegue.com\\\/site\\\/#\\\/schema\\\/person\\\/9198e7dbab43c6d74d0fd5399af7c3cd\"},\"headline\":\"MANDY LEROUGE SE PRESENTA EN LA ALIANZA FRANCESA DE BUENOS AIRES\",\"datePublished\":\"2026-09-04T10:00:00+00:00\",\"mainEntityOfPage\":{\"@id\":\"https:\\\/\\\/sergiolapegue.com\\\/site\\\/2026\\\/09\\\/04\\\/mandy-lerouge-se-presenta-en-la-alianza-francesa-de-buenos-aires\\\/\"},\"wordCount\":1677,\"commentCount\":0,\"publisher\":{\"@id\":\"https:\\\/\\\/sergiolapegue.com\\\/site\\\/#\\\/schema\\\/person\\\/083aeceeb0734cd166779ea6c0551a37\"},\"image\":{\"@id\":\"https:\\\/\\\/sergiolapegue.com\\\/site\\\/2026\\\/09\\\/04\\\/mandy-lerouge-se-presenta-en-la-alianza-francesa-de-buenos-aires\\\/#primaryimage\"},\"thumbnailUrl\":\"https:\\\/\\\/sergiolapegue.com\\\/site\\\/wp-content\\\/uploads\\\/2026\\\/09\\\/Mandy-Lerouge.jpg\",\"articleSection\":[\"Arte\",\"M\u00fasica\"],\"inLanguage\":\"es-AR\",\"potentialAction\":[{\"@type\":\"CommentAction\",\"name\":\"Comment\",\"target\":[\"https:\\\/\\\/sergiolapegue.com\\\/site\\\/2026\\\/09\\\/04\\\/mandy-lerouge-se-presenta-en-la-alianza-francesa-de-buenos-aires\\\/#respond\"]}]},{\"@type\":\"WebPage\",\"@id\":\"https:\\\/\\\/sergiolapegue.com\\\/site\\\/2026\\\/09\\\/04\\\/mandy-lerouge-se-presenta-en-la-alianza-francesa-de-buenos-aires\\\/\",\"url\":\"https:\\\/\\\/sergiolapegue.com\\\/site\\\/2026\\\/09\\\/04\\\/mandy-lerouge-se-presenta-en-la-alianza-francesa-de-buenos-aires\\\/\",\"name\":\"MANDY LEROUGE SE PRESENTA EN LA ALIANZA FRANCESA DE BUENOS AIRES - Sergio Lapegue\",\"isPartOf\":{\"@id\":\"https:\\\/\\\/sergiolapegue.com\\\/site\\\/#website\"},\"primaryImageOfPage\":{\"@id\":\"https:\\\/\\\/sergiolapegue.com\\\/site\\\/2026\\\/09\\\/04\\\/mandy-lerouge-se-presenta-en-la-alianza-francesa-de-buenos-aires\\\/#primaryimage\"},\"image\":{\"@id\":\"https:\\\/\\\/sergiolapegue.com\\\/site\\\/2026\\\/09\\\/04\\\/mandy-lerouge-se-presenta-en-la-alianza-francesa-de-buenos-aires\\\/#primaryimage\"},\"thumbnailUrl\":\"https:\\\/\\\/sergiolapegue.com\\\/site\\\/wp-content\\\/uploads\\\/2026\\\/09\\\/Mandy-Lerouge.jpg\",\"datePublished\":\"2026-09-04T10:00:00+00:00\",\"breadcrumb\":{\"@id\":\"https:\\\/\\\/sergiolapegue.com\\\/site\\\/2026\\\/09\\\/04\\\/mandy-lerouge-se-presenta-en-la-alianza-francesa-de-buenos-aires\\\/#breadcrumb\"},\"inLanguage\":\"es-AR\",\"potentialAction\":[{\"@type\":\"ReadAction\",\"target\":[\"https:\\\/\\\/sergiolapegue.com\\\/site\\\/2026\\\/09\\\/04\\\/mandy-lerouge-se-presenta-en-la-alianza-francesa-de-buenos-aires\\\/\"]}]},{\"@type\":\"ImageObject\",\"inLanguage\":\"es-AR\",\"@id\":\"https:\\\/\\\/sergiolapegue.com\\\/site\\\/2026\\\/09\\\/04\\\/mandy-lerouge-se-presenta-en-la-alianza-francesa-de-buenos-aires\\\/#primaryimage\",\"url\":\"https:\\\/\\\/sergiolapegue.com\\\/site\\\/wp-content\\\/uploads\\\/2026\\\/09\\\/Mandy-Lerouge.jpg\",\"contentUrl\":\"https:\\\/\\\/sergiolapegue.com\\\/site\\\/wp-content\\\/uploads\\\/2026\\\/09\\\/Mandy-Lerouge.jpg\",\"width\":1000,\"height\":1000},{\"@type\":\"BreadcrumbList\",\"@id\":\"https:\\\/\\\/sergiolapegue.com\\\/site\\\/2026\\\/09\\\/04\\\/mandy-lerouge-se-presenta-en-la-alianza-francesa-de-buenos-aires\\\/#breadcrumb\",\"itemListElement\":[{\"@type\":\"ListItem\",\"position\":1,\"name\":\"Inicio\",\"item\":\"https:\\\/\\\/sergiolapegue.com\\\/site\\\/\"},{\"@type\":\"ListItem\",\"position\":2,\"name\":\"MANDY LEROUGE SE PRESENTA EN LA ALIANZA FRANCESA DE BUENOS AIRES\"}]},{\"@type\":\"WebSite\",\"@id\":\"https:\\\/\\\/sergiolapegue.com\\\/site\\\/#website\",\"url\":\"https:\\\/\\\/sergiolapegue.com\\\/site\\\/\",\"name\":\"Sergio Lapegue\",\"description\":\"Periodista y conductor de radio y televisi\u00f3n argentino, nacido el 6 de septiembre de 1964.\",\"publisher\":{\"@id\":\"https:\\\/\\\/sergiolapegue.com\\\/site\\\/#\\\/schema\\\/person\\\/083aeceeb0734cd166779ea6c0551a37\"},\"potentialAction\":[{\"@type\":\"SearchAction\",\"target\":{\"@type\":\"EntryPoint\",\"urlTemplate\":\"https:\\\/\\\/sergiolapegue.com\\\/site\\\/?s={search_term_string}\"},\"query-input\":{\"@type\":\"PropertyValueSpecification\",\"valueRequired\":true,\"valueName\":\"search_term_string\"}}],\"inLanguage\":\"es-AR\"},{\"@type\":[\"Person\",\"Organization\"],\"@id\":\"https:\\\/\\\/sergiolapegue.com\\\/site\\\/#\\\/schema\\\/person\\\/083aeceeb0734cd166779ea6c0551a37\",\"name\":\"Sergio Lapegue\",\"image\":{\"@type\":\"ImageObject\",\"inLanguage\":\"es-AR\",\"@id\":\"https:\\\/\\\/sergiolapegue.com\\\/site\\\/wp-content\\\/uploads\\\/2021\\\/04\\\/logo_header-1.png\",\"url\":\"https:\\\/\\\/sergiolapegue.com\\\/site\\\/wp-content\\\/uploads\\\/2021\\\/04\\\/logo_header-1.png\",\"contentUrl\":\"https:\\\/\\\/sergiolapegue.com\\\/site\\\/wp-content\\\/uploads\\\/2021\\\/04\\\/logo_header-1.png\",\"width\":272,\"height\":90,\"caption\":\"Sergio Lapegue\"},\"logo\":{\"@id\":\"https:\\\/\\\/sergiolapegue.com\\\/site\\\/wp-content\\\/uploads\\\/2021\\\/04\\\/logo_header-1.png\"},\"sameAs\":[\"https:\\\/\\\/facebook.com\\\/sergiolapegue\",\"https:\\\/\\\/instagram.com\\\/sergiolapegue\",\"https:\\\/\\\/x.com\\\/https:\\\/\\\/twitter.com\\\/sergiolapegue\"]},{\"@type\":\"Person\",\"@id\":\"https:\\\/\\\/sergiolapegue.com\\\/site\\\/#\\\/schema\\\/person\\\/9198e7dbab43c6d74d0fd5399af7c3cd\",\"name\":\"Daniel E. Monta\u00f1a\",\"image\":{\"@type\":\"ImageObject\",\"inLanguage\":\"es-AR\",\"@id\":\"https:\\\/\\\/sergiolapegue.com\\\/site\\\/wp-content\\\/uploads\\\/2021\\\/04\\\/sl_avatar_Daniel-150x150.jpg\",\"url\":\"https:\\\/\\\/sergiolapegue.com\\\/site\\\/wp-content\\\/uploads\\\/2021\\\/04\\\/sl_avatar_Daniel-150x150.jpg\",\"contentUrl\":\"https:\\\/\\\/sergiolapegue.com\\\/site\\\/wp-content\\\/uploads\\\/2021\\\/04\\\/sl_avatar_Daniel-150x150.jpg\",\"caption\":\"Daniel E. Monta\u00f1a\"},\"sameAs\":[\"https:\\\/\\\/facebook.com\\\/danielernesto.montana\",\"https:\\\/\\\/instagram.com\\\/daniel_montana1961\",\"https:\\\/\\\/x.com\\\/https:\\\/\\\/twitter.com\\\/daner_004\"],\"url\":\"https:\\\/\\\/sergiolapegue.com\\\/site\\\/author\\\/daniel\\\/\"}]}<\/script>\n<!-- \/ Yoast SEO plugin. -->","yoast_head_json":{"title":"MANDY LEROUGE SE PRESENTA EN LA ALIANZA FRANCESA DE BUENOS AIRES - Sergio Lapegue","robots":{"index":"index","follow":"follow","max-snippet":"max-snippet:-1","max-image-preview":"max-image-preview:large","max-video-preview":"max-video-preview:-1"},"canonical":"https:\/\/sergiolapegue.com\/site\/2026\/09\/04\/mandy-lerouge-se-presenta-en-la-alianza-francesa-de-buenos-aires\/","og_locale":"es_ES","og_type":"article","og_title":"MANDY LEROUGE SE PRESENTA EN LA ALIANZA FRANCESA DE BUENOS AIRES - Sergio Lapegue","og_description":"Mandy Lerouge, ya se encuentra en Buenos Aires para una presentaci\u00f3n musical y para una proyecci\u00f3n y posterior conversaci\u00f3n con su p\u00fablico sobre sus dos cortos: La Madrugada y Del Cerro. Mandy lleg\u00f3 con varias novedades&nbsp; a Argentina; inicialmente para participar como invitada de la gira que realiz\u00f3 con Fleurs Noires, la orquesta franco-argentina de [&hellip;]","og_url":"https:\/\/sergiolapegue.com\/site\/2026\/09\/04\/mandy-lerouge-se-presenta-en-la-alianza-francesa-de-buenos-aires\/","og_site_name":"Sergio Lapegue","article_publisher":"https:\/\/facebook.com\/sergiolapegue","article_author":"https:\/\/facebook.com\/danielernesto.montana","article_published_time":"2026-09-04T10:00:00+00:00","og_image":[{"width":1000,"height":1000,"url":"https:\/\/sergiolapegue.com\/site\/wp-content\/uploads\/2026\/09\/Mandy-Lerouge.jpg","type":"image\/jpeg"}],"author":"Daniel E. Monta\u00f1a","twitter_card":"summary_large_image","twitter_creator":"@https:\/\/twitter.com\/daner_004","twitter_site":"@sergiolapegue","twitter_misc":{"Escrito por":"Daniel E. Monta\u00f1a","Tiempo de lectura":"8 minutos"},"schema":{"@context":"https:\/\/schema.org","@graph":[{"@type":"Article","@id":"https:\/\/sergiolapegue.com\/site\/2026\/09\/04\/mandy-lerouge-se-presenta-en-la-alianza-francesa-de-buenos-aires\/#article","isPartOf":{"@id":"https:\/\/sergiolapegue.com\/site\/2026\/09\/04\/mandy-lerouge-se-presenta-en-la-alianza-francesa-de-buenos-aires\/"},"author":{"name":"Daniel E. Monta\u00f1a","@id":"https:\/\/sergiolapegue.com\/site\/#\/schema\/person\/9198e7dbab43c6d74d0fd5399af7c3cd"},"headline":"MANDY LEROUGE SE PRESENTA EN LA ALIANZA FRANCESA DE BUENOS AIRES","datePublished":"2026-09-04T10:00:00+00:00","mainEntityOfPage":{"@id":"https:\/\/sergiolapegue.com\/site\/2026\/09\/04\/mandy-lerouge-se-presenta-en-la-alianza-francesa-de-buenos-aires\/"},"wordCount":1677,"commentCount":0,"publisher":{"@id":"https:\/\/sergiolapegue.com\/site\/#\/schema\/person\/083aeceeb0734cd166779ea6c0551a37"},"image":{"@id":"https:\/\/sergiolapegue.com\/site\/2026\/09\/04\/mandy-lerouge-se-presenta-en-la-alianza-francesa-de-buenos-aires\/#primaryimage"},"thumbnailUrl":"https:\/\/sergiolapegue.com\/site\/wp-content\/uploads\/2026\/09\/Mandy-Lerouge.jpg","articleSection":["Arte","M\u00fasica"],"inLanguage":"es-AR","potentialAction":[{"@type":"CommentAction","name":"Comment","target":["https:\/\/sergiolapegue.com\/site\/2026\/09\/04\/mandy-lerouge-se-presenta-en-la-alianza-francesa-de-buenos-aires\/#respond"]}]},{"@type":"WebPage","@id":"https:\/\/sergiolapegue.com\/site\/2026\/09\/04\/mandy-lerouge-se-presenta-en-la-alianza-francesa-de-buenos-aires\/","url":"https:\/\/sergiolapegue.com\/site\/2026\/09\/04\/mandy-lerouge-se-presenta-en-la-alianza-francesa-de-buenos-aires\/","name":"MANDY LEROUGE SE PRESENTA EN LA ALIANZA FRANCESA DE BUENOS AIRES - Sergio Lapegue","isPartOf":{"@id":"https:\/\/sergiolapegue.com\/site\/#website"},"primaryImageOfPage":{"@id":"https:\/\/sergiolapegue.com\/site\/2026\/09\/04\/mandy-lerouge-se-presenta-en-la-alianza-francesa-de-buenos-aires\/#primaryimage"},"image":{"@id":"https:\/\/sergiolapegue.com\/site\/2026\/09\/04\/mandy-lerouge-se-presenta-en-la-alianza-francesa-de-buenos-aires\/#primaryimage"},"thumbnailUrl":"https:\/\/sergiolapegue.com\/site\/wp-content\/uploads\/2026\/09\/Mandy-Lerouge.jpg","datePublished":"2026-09-04T10:00:00+00:00","breadcrumb":{"@id":"https:\/\/sergiolapegue.com\/site\/2026\/09\/04\/mandy-lerouge-se-presenta-en-la-alianza-francesa-de-buenos-aires\/#breadcrumb"},"inLanguage":"es-AR","potentialAction":[{"@type":"ReadAction","target":["https:\/\/sergiolapegue.com\/site\/2026\/09\/04\/mandy-lerouge-se-presenta-en-la-alianza-francesa-de-buenos-aires\/"]}]},{"@type":"ImageObject","inLanguage":"es-AR","@id":"https:\/\/sergiolapegue.com\/site\/2026\/09\/04\/mandy-lerouge-se-presenta-en-la-alianza-francesa-de-buenos-aires\/#primaryimage","url":"https:\/\/sergiolapegue.com\/site\/wp-content\/uploads\/2026\/09\/Mandy-Lerouge.jpg","contentUrl":"https:\/\/sergiolapegue.com\/site\/wp-content\/uploads\/2026\/09\/Mandy-Lerouge.jpg","width":1000,"height":1000},{"@type":"BreadcrumbList","@id":"https:\/\/sergiolapegue.com\/site\/2026\/09\/04\/mandy-lerouge-se-presenta-en-la-alianza-francesa-de-buenos-aires\/#breadcrumb","itemListElement":[{"@type":"ListItem","position":1,"name":"Inicio","item":"https:\/\/sergiolapegue.com\/site\/"},{"@type":"ListItem","position":2,"name":"MANDY LEROUGE SE PRESENTA EN LA ALIANZA FRANCESA DE BUENOS AIRES"}]},{"@type":"WebSite","@id":"https:\/\/sergiolapegue.com\/site\/#website","url":"https:\/\/sergiolapegue.com\/site\/","name":"Sergio Lapegue","description":"Periodista y conductor de radio y televisi\u00f3n argentino, nacido el 6 de septiembre de 1964.","publisher":{"@id":"https:\/\/sergiolapegue.com\/site\/#\/schema\/person\/083aeceeb0734cd166779ea6c0551a37"},"potentialAction":[{"@type":"SearchAction","target":{"@type":"EntryPoint","urlTemplate":"https:\/\/sergiolapegue.com\/site\/?s={search_term_string}"},"query-input":{"@type":"PropertyValueSpecification","valueRequired":true,"valueName":"search_term_string"}}],"inLanguage":"es-AR"},{"@type":["Person","Organization"],"@id":"https:\/\/sergiolapegue.com\/site\/#\/schema\/person\/083aeceeb0734cd166779ea6c0551a37","name":"Sergio Lapegue","image":{"@type":"ImageObject","inLanguage":"es-AR","@id":"https:\/\/sergiolapegue.com\/site\/wp-content\/uploads\/2021\/04\/logo_header-1.png","url":"https:\/\/sergiolapegue.com\/site\/wp-content\/uploads\/2021\/04\/logo_header-1.png","contentUrl":"https:\/\/sergiolapegue.com\/site\/wp-content\/uploads\/2021\/04\/logo_header-1.png","width":272,"height":90,"caption":"Sergio Lapegue"},"logo":{"@id":"https:\/\/sergiolapegue.com\/site\/wp-content\/uploads\/2021\/04\/logo_header-1.png"},"sameAs":["https:\/\/facebook.com\/sergiolapegue","https:\/\/instagram.com\/sergiolapegue","https:\/\/x.com\/https:\/\/twitter.com\/sergiolapegue"]},{"@type":"Person","@id":"https:\/\/sergiolapegue.com\/site\/#\/schema\/person\/9198e7dbab43c6d74d0fd5399af7c3cd","name":"Daniel E. Monta\u00f1a","image":{"@type":"ImageObject","inLanguage":"es-AR","@id":"https:\/\/sergiolapegue.com\/site\/wp-content\/uploads\/2021\/04\/sl_avatar_Daniel-150x150.jpg","url":"https:\/\/sergiolapegue.com\/site\/wp-content\/uploads\/2021\/04\/sl_avatar_Daniel-150x150.jpg","contentUrl":"https:\/\/sergiolapegue.com\/site\/wp-content\/uploads\/2021\/04\/sl_avatar_Daniel-150x150.jpg","caption":"Daniel E. Monta\u00f1a"},"sameAs":["https:\/\/facebook.com\/danielernesto.montana","https:\/\/instagram.com\/daniel_montana1961","https:\/\/x.com\/https:\/\/twitter.com\/daner_004"],"url":"https:\/\/sergiolapegue.com\/site\/author\/daniel\/"}]}},"_links":{"self":[{"href":"https:\/\/sergiolapegue.com\/site\/wp-json\/wp\/v2\/posts\/32621","targetHints":{"allow":["GET"]}}],"collection":[{"href":"https:\/\/sergiolapegue.com\/site\/wp-json\/wp\/v2\/posts"}],"about":[{"href":"https:\/\/sergiolapegue.com\/site\/wp-json\/wp\/v2\/types\/post"}],"author":[{"embeddable":true,"href":"https:\/\/sergiolapegue.com\/site\/wp-json\/wp\/v2\/users\/3"}],"replies":[{"embeddable":true,"href":"https:\/\/sergiolapegue.com\/site\/wp-json\/wp\/v2\/comments?post=32621"}],"version-history":[{"count":1,"href":"https:\/\/sergiolapegue.com\/site\/wp-json\/wp\/v2\/posts\/32621\/revisions"}],"predecessor-version":[{"id":32626,"href":"https:\/\/sergiolapegue.com\/site\/wp-json\/wp\/v2\/posts\/32621\/revisions\/32626"}],"wp:featuredmedia":[{"embeddable":true,"href":"https:\/\/sergiolapegue.com\/site\/wp-json\/wp\/v2\/media\/32625"}],"wp:attachment":[{"href":"https:\/\/sergiolapegue.com\/site\/wp-json\/wp\/v2\/media?parent=32621"}],"wp:term":[{"taxonomy":"category","embeddable":true,"href":"https:\/\/sergiolapegue.com\/site\/wp-json\/wp\/v2\/categories?post=32621"},{"taxonomy":"post_tag","embeddable":true,"href":"https:\/\/sergiolapegue.com\/site\/wp-json\/wp\/v2\/tags?post=32621"}],"curies":[{"name":"wp","href":"https:\/\/api.w.org\/{rel}","templated":true}]}}