{"id":32615,"date":"2026-09-04T01:00:00","date_gmt":"2026-09-04T04:00:00","guid":{"rendered":"https:\/\/sergiolapegue.com\/site\/?p=32615"},"modified":"2026-09-03T17:51:44","modified_gmt":"2026-09-03T20:51:44","slug":"extrano-juguete-llega-a-la-carpinteria-teatro","status":"publish","type":"post","link":"https:\/\/sergiolapegue.com\/site\/2026\/09\/04\/extrano-juguete-llega-a-la-carpinteria-teatro\/","title":{"rendered":"\u201cEXTRANO JUGUETE\u201d LLEGA A LA CARPINTER\u00cdA TEATRO"},"content":{"rendered":"\n<p class=\"wp-block-paragraph\">El s\u00e1bado 12 de septiembre se estrena&nbsp;\u201cExtra\u00f1o juguete\u201d, de Susana Torres Molina. La obra es interpretada por Melina Figueiras, Maru Betania Pacin y Santiago Almada Luyden y dirigida por Vanesa Ryk.&nbsp;<\/p>\n\n\n\n<p class=\"wp-block-paragraph\">Las funciones se llevar\u00e1n a cabo los s\u00e1bados 12, 19 y 26 de septiembre y los s\u00e1bados de octubre a las 17:30 horas, en La Carpinter\u00eda Teatro.<\/p>\n\n\n\n<figure class=\"wp-block-image size-large is-resized\"><img loading=\"lazy\" decoding=\"async\" width=\"819\" height=\"1024\" src=\"https:\/\/sergiolapegue.com\/site\/wp-content\/uploads\/2026\/09\/Extrano-juguete-en-La-Carpinteria-1-819x1024.jpg\" alt=\"\" class=\"wp-image-32616\" style=\"width:1068px;height:auto\" srcset=\"https:\/\/sergiolapegue.com\/site\/wp-content\/uploads\/2026\/09\/Extrano-juguete-en-La-Carpinteria-1-819x1024.jpg 819w, https:\/\/sergiolapegue.com\/site\/wp-content\/uploads\/2026\/09\/Extrano-juguete-en-La-Carpinteria-1-240x300.jpg 240w, https:\/\/sergiolapegue.com\/site\/wp-content\/uploads\/2026\/09\/Extrano-juguete-en-La-Carpinteria-1-768x960.jpg 768w, https:\/\/sergiolapegue.com\/site\/wp-content\/uploads\/2026\/09\/Extrano-juguete-en-La-Carpinteria-1-320x400.jpg 320w, https:\/\/sergiolapegue.com\/site\/wp-content\/uploads\/2026\/09\/Extrano-juguete-en-La-Carpinteria-1-696x870.jpg 696w, https:\/\/sergiolapegue.com\/site\/wp-content\/uploads\/2026\/09\/Extrano-juguete-en-La-Carpinteria-1.jpg 1000w\" sizes=\"auto, (max-width: 819px) 100vw, 819px\" \/><\/figure>\n\n\n\n<p class=\"wp-block-paragraph\"><strong>SOBRE LA OBRA<\/strong><\/p>\n\n\n\n<p class=\"wp-block-paragraph\">Extra\u00f1o juguete, de Susana Torres Molina, nos introduce en el universo perturbador de Ang\u00e9lica y Perla, dos hermanas que viven aisladas en un mundo donde lo real y lo imaginado se confunden. La llegada de Maggi, un enigm\u00e1tico vendedor ambulante, quiebra esta inmovilidad y desata un din\u00e1mico juego de seducci\u00f3n, poder y manipulaci\u00f3n. A medida que el encuentro avanza, los roles se invierten y el humor absurdo de la superficie da paso a una trama oscura donde lo cotidiano se vuelve amenaza. Bajo una apariencia farsesca, la obra expone c\u00f3mo el deseo puede ser trampa y mecanismo de dominaci\u00f3n, enfrent\u00e1ndonos a una verdad inquietante: ning\u00fan v\u00ednculo valioso prospera cuando est\u00e1 fundado en la explotaci\u00f3n del otro.<\/p>\n\n\n\n<figure class=\"wp-block-image size-large is-resized\"><img loading=\"lazy\" decoding=\"async\" width=\"1024\" height=\"456\" src=\"https:\/\/sergiolapegue.com\/site\/wp-content\/uploads\/2026\/09\/Extrano-juguete-en-La-Carpinteria-2-1024x456.jpg\" alt=\"\" class=\"wp-image-32617\" style=\"aspect-ratio:2.245652322171452;width:1068px;height:auto\" srcset=\"https:\/\/sergiolapegue.com\/site\/wp-content\/uploads\/2026\/09\/Extrano-juguete-en-La-Carpinteria-2-1024x456.jpg 1024w, https:\/\/sergiolapegue.com\/site\/wp-content\/uploads\/2026\/09\/Extrano-juguete-en-La-Carpinteria-2-300x134.jpg 300w, https:\/\/sergiolapegue.com\/site\/wp-content\/uploads\/2026\/09\/Extrano-juguete-en-La-Carpinteria-2-768x342.jpg 768w, https:\/\/sergiolapegue.com\/site\/wp-content\/uploads\/2026\/09\/Extrano-juguete-en-La-Carpinteria-2-1536x684.jpg 1536w, https:\/\/sergiolapegue.com\/site\/wp-content\/uploads\/2026\/09\/Extrano-juguete-en-La-Carpinteria-2-323x144.jpg 323w, https:\/\/sergiolapegue.com\/site\/wp-content\/uploads\/2026\/09\/Extrano-juguete-en-La-Carpinteria-2-695x310.jpg 695w, https:\/\/sergiolapegue.com\/site\/wp-content\/uploads\/2026\/09\/Extrano-juguete-en-La-Carpinteria-2-1066x475.jpg 1066w, https:\/\/sergiolapegue.com\/site\/wp-content\/uploads\/2026\/09\/Extrano-juguete-en-La-Carpinteria-2.jpg 1901w\" sizes=\"auto, (max-width: 1024px) 100vw, 1024px\" \/><\/figure>\n\n\n\n<p class=\"wp-block-paragraph\"><strong>FICHA T\u00c9CNICO ART\u00cdSTICA<\/strong><\/p>\n\n\n\n<p class=\"wp-block-paragraph\"><strong>Dramaturgia:<\/strong>&nbsp;Susana Torres Molina<\/p>\n\n\n\n<p class=\"wp-block-paragraph\"><strong>Elenco:<\/strong> Melina Figueiras \u2013 como Ang\u00e9lica<\/p>\n\n\n\n<p class=\"wp-block-paragraph\">\u00a0\u00a0\u00a0\u00a0\u00a0\u00a0\u00a0\u00a0\u00a0\u00a0\u00a0 \u00a0Maru Betania Pacin \u2013 como Perla<\/p>\n\n\n\n<p class=\"wp-block-paragraph\">\u00a0\u00a0\u00a0\u00a0\u00a0\u00a0\u00a0\u00a0\u00a0\u00a0\u00a0\u00a0\u00a0Santiago Almada Luyden \u2013 como Maggi<\/p>\n\n\n\n<p class=\"wp-block-paragraph\"><strong>Vestuario:<\/strong>&nbsp;Cooperativa Bit\u00e1cora<\/p>\n\n\n\n<p class=\"wp-block-paragraph\"><strong>Escenograf\u00eda:<\/strong>&nbsp;Cooperativa Bit\u00e1cora<\/p>\n\n\n\n<p class=\"wp-block-paragraph\"><strong>Dise\u00f1o de iluminaci\u00f3n:<\/strong>&nbsp;Facundo Cohen<\/p>\n\n\n\n<p class=\"wp-block-paragraph\"><strong>Dise\u00f1o Gr\u00e1fico:<\/strong>&nbsp;Maru Betania y Vanesa Ryk<\/p>\n\n\n\n<p class=\"wp-block-paragraph\"><strong>Fotograf\u00eda:<\/strong>&nbsp;Otro Encuadre<\/p>\n\n\n\n<p class=\"wp-block-paragraph\"><strong>Asistente de direcci\u00f3n:<\/strong>&nbsp;Anouk Hildebrandt Vargas<\/p>\n\n\n\n<p class=\"wp-block-paragraph\"><strong>Producci\u00f3n:<\/strong>&nbsp;Cooperativa Bit\u00e1cora<\/p>\n\n\n\n<p class=\"wp-block-paragraph\"><strong>Direcci\u00f3n:<\/strong>&nbsp;Vanesa Ryk<\/p>\n\n\n\n<p class=\"wp-block-paragraph\"><strong>Instagram:<\/strong> <a href=\"https:\/\/91599.clicks.dattanet.com\/track\/click?u=4259853&amp;p=39313539393a313132393a313031313a303a31313a30&amp;s=eb1c8102119f25c5ab0384e41fb0651a&amp;m=30218\" target=\"_blank\" rel=\"noopener\">@extranojugueteobra<\/a><\/p>\n\n\n\n<p class=\"wp-block-paragraph\"><strong>Duraci\u00f3n:<\/strong> 70 minutos<\/p>\n\n\n\n<p class=\"wp-block-paragraph\"><strong>Clasificaci\u00f3n:<\/strong> Teatro \u2013 Presencial \u2013 Adultos<\/p>\n\n\n\n<figure class=\"wp-block-image size-full is-resized\"><img loading=\"lazy\" decoding=\"async\" width=\"1000\" height=\"1000\" src=\"https:\/\/sergiolapegue.com\/site\/wp-content\/uploads\/2026\/09\/Extrano-juguete-en-La-Carpinteria-3.jpg\" alt=\"\" class=\"wp-image-32618\" style=\"width:1068px;height:auto\" srcset=\"https:\/\/sergiolapegue.com\/site\/wp-content\/uploads\/2026\/09\/Extrano-juguete-en-La-Carpinteria-3.jpg 1000w, https:\/\/sergiolapegue.com\/site\/wp-content\/uploads\/2026\/09\/Extrano-juguete-en-La-Carpinteria-3-300x300.jpg 300w, https:\/\/sergiolapegue.com\/site\/wp-content\/uploads\/2026\/09\/Extrano-juguete-en-La-Carpinteria-3-150x150-1.jpg 150w, https:\/\/sergiolapegue.com\/site\/wp-content\/uploads\/2026\/09\/Extrano-juguete-en-La-Carpinteria-3-60x60.jpg 60w, https:\/\/sergiolapegue.com\/site\/wp-content\/uploads\/2026\/09\/Extrano-juguete-en-La-Carpinteria-3-768x768.jpg 768w, https:\/\/sergiolapegue.com\/site\/wp-content\/uploads\/2026\/09\/Extrano-juguete-en-La-Carpinteria-3-360x360.jpg 360w, https:\/\/sergiolapegue.com\/site\/wp-content\/uploads\/2026\/09\/Extrano-juguete-en-La-Carpinteria-3-324x324.jpg 324w, https:\/\/sergiolapegue.com\/site\/wp-content\/uploads\/2026\/09\/Extrano-juguete-en-La-Carpinteria-3-696x696.jpg 696w\" sizes=\"auto, (max-width: 1000px) 100vw, 1000px\" \/><\/figure>\n\n\n\n<p class=\"wp-block-paragraph\"><strong>LA CARPINTER\u00cdA TEATRO<\/strong><\/p>\n\n\n\n<p class=\"wp-block-paragraph\">Jean Jaures 858 \u2013 Capital Federal \u2013 Buenos Aires \u2013 Argentina<\/p>\n\n\n\n<p class=\"wp-block-paragraph\">Tel\u00e9fono: 4964-2499<\/p>\n\n\n\n<p class=\"wp-block-paragraph\">Entradas: $ 23.000 \u2013 en boleter\u00eda del teatro o por Alternativa Teatral \u2013 Link:<\/p>\n\n\n\n<p class=\"wp-block-paragraph\"><a href=\"https:\/\/publico.alternativateatral.com\/entradas102307-extrano-juguete?o=14\">Entradas para Extra\u00f1o juguete en LA CARPINTER\u00cdA &#8211; Alternativa Teatral<\/a><\/p>\n\n\n\n<p class=\"wp-block-paragraph\">Funciones:&nbsp; 17:30 horas \u2013 12, 19 y 26 de Septiembre<\/p>\n\n\n\n<p class=\"wp-block-paragraph\">\u00a0\u00a0\u00a0\u00a0\u00a0\u00a0\u00a0\u00a0\u00a0\u00a0\u00a0\u00a0\u00a0\u00a0\u00a0\u00a0\u00a0 17:30 horas \u2013 Del 03\/10\/2026 al 31\/10\/2026<\/p>\n\n\n\n<p class=\"wp-block-paragraph\">Gracias BMZ Comunicaciones por acercarnos la gacetilla de prensa del estreno de &nbsp;este espect\u00e1culo.<\/p>\n\n\n\n<p class=\"wp-block-paragraph\"><\/p>\n","protected":false},"excerpt":{"rendered":"<p>El s\u00e1bado 12 de septiembre se estrena&nbsp;\u201cExtra\u00f1o juguete\u201d, de Susana Torres Molina. La obra es interpretada por Melina Figueiras, Maru Betania Pacin y Santiago Almada Luyden y dirigida por Vanesa Ryk.&nbsp; Las funciones se llevar\u00e1n a cabo los s\u00e1bados 12, 19 y 26 de septiembre y los s\u00e1bados de octubre a las 17:30 horas, en [&hellip;]<\/p>\n","protected":false},"author":3,"featured_media":32619,"comment_status":"open","ping_status":"closed","sticky":false,"template":"","format":"standard","meta":{"footnotes":""},"categories":[34,35],"tags":[],"class_list":["post-32615","post","type-post","status-publish","format-standard","has-post-thumbnail","category-arte","category-teatro"],"yoast_head":"<!-- This site is optimized with the Yoast SEO plugin v28.4 - https:\/\/yoast.com\/product\/yoast-seo-wordpress\/ -->\n<title>\u201cEXTRANO JUGUETE\u201d LLEGA A LA CARPINTER\u00cdA TEATRO - Sergio Lapegue<\/title>\n<meta name=\"robots\" content=\"index, follow, max-snippet:-1, max-image-preview:large, max-video-preview:-1\" \/>\n<link rel=\"canonical\" href=\"https:\/\/sergiolapegue.com\/site\/2026\/09\/04\/extrano-juguete-llega-a-la-carpinteria-teatro\/\" \/>\n<meta property=\"og:locale\" content=\"es_ES\" \/>\n<meta property=\"og:type\" content=\"article\" \/>\n<meta property=\"og:title\" content=\"\u201cEXTRANO JUGUETE\u201d LLEGA A LA CARPINTER\u00cdA TEATRO - Sergio Lapegue\" \/>\n<meta property=\"og:description\" content=\"El s\u00e1bado 12 de septiembre se estrena&nbsp;\u201cExtra\u00f1o juguete\u201d, de Susana Torres Molina. La obra es interpretada por Melina Figueiras, Maru Betania Pacin y Santiago Almada Luyden y dirigida por Vanesa Ryk.&nbsp; Las funciones se llevar\u00e1n a cabo los s\u00e1bados 12, 19 y 26 de septiembre y los s\u00e1bados de octubre a las 17:30 horas, en [&hellip;]\" \/>\n<meta property=\"og:url\" content=\"https:\/\/sergiolapegue.com\/site\/2026\/09\/04\/extrano-juguete-llega-a-la-carpinteria-teatro\/\" \/>\n<meta property=\"og:site_name\" content=\"Sergio Lapegue\" \/>\n<meta property=\"article:publisher\" content=\"https:\/\/facebook.com\/sergiolapegue\" \/>\n<meta property=\"article:author\" content=\"https:\/\/facebook.com\/danielernesto.montana\" \/>\n<meta property=\"article:published_time\" content=\"2026-09-04T04:00:00+00:00\" \/>\n<meta property=\"og:image\" content=\"https:\/\/sergiolapegue.com\/site\/wp-content\/uploads\/2026\/09\/Extrano-juguete-en-La-Carpinteria.jpg\" \/>\n\t<meta property=\"og:image:width\" content=\"1000\" \/>\n\t<meta property=\"og:image:height\" content=\"1250\" \/>\n\t<meta property=\"og:image:type\" content=\"image\/jpeg\" \/>\n<meta name=\"author\" content=\"Daniel E. Monta\u00f1a\" \/>\n<meta name=\"twitter:card\" content=\"summary_large_image\" \/>\n<meta name=\"twitter:creator\" content=\"@https:\/\/twitter.com\/daner_004\" \/>\n<meta name=\"twitter:site\" content=\"@sergiolapegue\" \/>\n<meta name=\"twitter:label1\" content=\"Escrito por\" \/>\n\t<meta name=\"twitter:data1\" content=\"Daniel E. Monta\u00f1a\" \/>\n\t<meta name=\"twitter:label2\" content=\"Tiempo de lectura\" \/>\n\t<meta name=\"twitter:data2\" content=\"3 minutos\" \/>\n<script type=\"application\/ld+json\" class=\"yoast-schema-graph\">{\"@context\":\"https:\\\/\\\/schema.org\",\"@graph\":[{\"@type\":\"Article\",\"@id\":\"https:\\\/\\\/sergiolapegue.com\\\/site\\\/2026\\\/09\\\/04\\\/extrano-juguete-llega-a-la-carpinteria-teatro\\\/#article\",\"isPartOf\":{\"@id\":\"https:\\\/\\\/sergiolapegue.com\\\/site\\\/2026\\\/09\\\/04\\\/extrano-juguete-llega-a-la-carpinteria-teatro\\\/\"},\"author\":{\"name\":\"Daniel E. Monta\u00f1a\",\"@id\":\"https:\\\/\\\/sergiolapegue.com\\\/site\\\/#\\\/schema\\\/person\\\/9198e7dbab43c6d74d0fd5399af7c3cd\"},\"headline\":\"\u201cEXTRANO JUGUETE\u201d LLEGA A LA CARPINTER\u00cdA TEATRO\",\"datePublished\":\"2026-09-04T04:00:00+00:00\",\"mainEntityOfPage\":{\"@id\":\"https:\\\/\\\/sergiolapegue.com\\\/site\\\/2026\\\/09\\\/04\\\/extrano-juguete-llega-a-la-carpinteria-teatro\\\/\"},\"wordCount\":352,\"commentCount\":0,\"publisher\":{\"@id\":\"https:\\\/\\\/sergiolapegue.com\\\/site\\\/#\\\/schema\\\/person\\\/083aeceeb0734cd166779ea6c0551a37\"},\"image\":{\"@id\":\"https:\\\/\\\/sergiolapegue.com\\\/site\\\/2026\\\/09\\\/04\\\/extrano-juguete-llega-a-la-carpinteria-teatro\\\/#primaryimage\"},\"thumbnailUrl\":\"https:\\\/\\\/sergiolapegue.com\\\/site\\\/wp-content\\\/uploads\\\/2026\\\/09\\\/Extrano-juguete-en-La-Carpinteria.jpg\",\"articleSection\":[\"Arte\",\"Teatro\"],\"inLanguage\":\"es-AR\",\"potentialAction\":[{\"@type\":\"CommentAction\",\"name\":\"Comment\",\"target\":[\"https:\\\/\\\/sergiolapegue.com\\\/site\\\/2026\\\/09\\\/04\\\/extrano-juguete-llega-a-la-carpinteria-teatro\\\/#respond\"]}]},{\"@type\":\"WebPage\",\"@id\":\"https:\\\/\\\/sergiolapegue.com\\\/site\\\/2026\\\/09\\\/04\\\/extrano-juguete-llega-a-la-carpinteria-teatro\\\/\",\"url\":\"https:\\\/\\\/sergiolapegue.com\\\/site\\\/2026\\\/09\\\/04\\\/extrano-juguete-llega-a-la-carpinteria-teatro\\\/\",\"name\":\"\u201cEXTRANO JUGUETE\u201d LLEGA A LA CARPINTER\u00cdA TEATRO - Sergio Lapegue\",\"isPartOf\":{\"@id\":\"https:\\\/\\\/sergiolapegue.com\\\/site\\\/#website\"},\"primaryImageOfPage\":{\"@id\":\"https:\\\/\\\/sergiolapegue.com\\\/site\\\/2026\\\/09\\\/04\\\/extrano-juguete-llega-a-la-carpinteria-teatro\\\/#primaryimage\"},\"image\":{\"@id\":\"https:\\\/\\\/sergiolapegue.com\\\/site\\\/2026\\\/09\\\/04\\\/extrano-juguete-llega-a-la-carpinteria-teatro\\\/#primaryimage\"},\"thumbnailUrl\":\"https:\\\/\\\/sergiolapegue.com\\\/site\\\/wp-content\\\/uploads\\\/2026\\\/09\\\/Extrano-juguete-en-La-Carpinteria.jpg\",\"datePublished\":\"2026-09-04T04:00:00+00:00\",\"breadcrumb\":{\"@id\":\"https:\\\/\\\/sergiolapegue.com\\\/site\\\/2026\\\/09\\\/04\\\/extrano-juguete-llega-a-la-carpinteria-teatro\\\/#breadcrumb\"},\"inLanguage\":\"es-AR\",\"potentialAction\":[{\"@type\":\"ReadAction\",\"target\":[\"https:\\\/\\\/sergiolapegue.com\\\/site\\\/2026\\\/09\\\/04\\\/extrano-juguete-llega-a-la-carpinteria-teatro\\\/\"]}]},{\"@type\":\"ImageObject\",\"inLanguage\":\"es-AR\",\"@id\":\"https:\\\/\\\/sergiolapegue.com\\\/site\\\/2026\\\/09\\\/04\\\/extrano-juguete-llega-a-la-carpinteria-teatro\\\/#primaryimage\",\"url\":\"https:\\\/\\\/sergiolapegue.com\\\/site\\\/wp-content\\\/uploads\\\/2026\\\/09\\\/Extrano-juguete-en-La-Carpinteria.jpg\",\"contentUrl\":\"https:\\\/\\\/sergiolapegue.com\\\/site\\\/wp-content\\\/uploads\\\/2026\\\/09\\\/Extrano-juguete-en-La-Carpinteria.jpg\",\"width\":1000,\"height\":1250},{\"@type\":\"BreadcrumbList\",\"@id\":\"https:\\\/\\\/sergiolapegue.com\\\/site\\\/2026\\\/09\\\/04\\\/extrano-juguete-llega-a-la-carpinteria-teatro\\\/#breadcrumb\",\"itemListElement\":[{\"@type\":\"ListItem\",\"position\":1,\"name\":\"Inicio\",\"item\":\"https:\\\/\\\/sergiolapegue.com\\\/site\\\/\"},{\"@type\":\"ListItem\",\"position\":2,\"name\":\"\u201cEXTRANO JUGUETE\u201d LLEGA A LA CARPINTER\u00cdA TEATRO\"}]},{\"@type\":\"WebSite\",\"@id\":\"https:\\\/\\\/sergiolapegue.com\\\/site\\\/#website\",\"url\":\"https:\\\/\\\/sergiolapegue.com\\\/site\\\/\",\"name\":\"Sergio Lapegue\",\"description\":\"Periodista y conductor de radio y televisi\u00f3n argentino, nacido el 6 de septiembre de 1964.\",\"publisher\":{\"@id\":\"https:\\\/\\\/sergiolapegue.com\\\/site\\\/#\\\/schema\\\/person\\\/083aeceeb0734cd166779ea6c0551a37\"},\"potentialAction\":[{\"@type\":\"SearchAction\",\"target\":{\"@type\":\"EntryPoint\",\"urlTemplate\":\"https:\\\/\\\/sergiolapegue.com\\\/site\\\/?s={search_term_string}\"},\"query-input\":{\"@type\":\"PropertyValueSpecification\",\"valueRequired\":true,\"valueName\":\"search_term_string\"}}],\"inLanguage\":\"es-AR\"},{\"@type\":[\"Person\",\"Organization\"],\"@id\":\"https:\\\/\\\/sergiolapegue.com\\\/site\\\/#\\\/schema\\\/person\\\/083aeceeb0734cd166779ea6c0551a37\",\"name\":\"Sergio Lapegue\",\"image\":{\"@type\":\"ImageObject\",\"inLanguage\":\"es-AR\",\"@id\":\"https:\\\/\\\/sergiolapegue.com\\\/site\\\/wp-content\\\/uploads\\\/2021\\\/04\\\/logo_header-1.png\",\"url\":\"https:\\\/\\\/sergiolapegue.com\\\/site\\\/wp-content\\\/uploads\\\/2021\\\/04\\\/logo_header-1.png\",\"contentUrl\":\"https:\\\/\\\/sergiolapegue.com\\\/site\\\/wp-content\\\/uploads\\\/2021\\\/04\\\/logo_header-1.png\",\"width\":272,\"height\":90,\"caption\":\"Sergio Lapegue\"},\"logo\":{\"@id\":\"https:\\\/\\\/sergiolapegue.com\\\/site\\\/wp-content\\\/uploads\\\/2021\\\/04\\\/logo_header-1.png\"},\"sameAs\":[\"https:\\\/\\\/facebook.com\\\/sergiolapegue\",\"https:\\\/\\\/instagram.com\\\/sergiolapegue\",\"https:\\\/\\\/x.com\\\/https:\\\/\\\/twitter.com\\\/sergiolapegue\"]},{\"@type\":\"Person\",\"@id\":\"https:\\\/\\\/sergiolapegue.com\\\/site\\\/#\\\/schema\\\/person\\\/9198e7dbab43c6d74d0fd5399af7c3cd\",\"name\":\"Daniel E. Monta\u00f1a\",\"image\":{\"@type\":\"ImageObject\",\"inLanguage\":\"es-AR\",\"@id\":\"https:\\\/\\\/sergiolapegue.com\\\/site\\\/wp-content\\\/uploads\\\/2021\\\/04\\\/sl_avatar_Daniel-150x150.jpg\",\"url\":\"https:\\\/\\\/sergiolapegue.com\\\/site\\\/wp-content\\\/uploads\\\/2021\\\/04\\\/sl_avatar_Daniel-150x150.jpg\",\"contentUrl\":\"https:\\\/\\\/sergiolapegue.com\\\/site\\\/wp-content\\\/uploads\\\/2021\\\/04\\\/sl_avatar_Daniel-150x150.jpg\",\"caption\":\"Daniel E. Monta\u00f1a\"},\"sameAs\":[\"https:\\\/\\\/facebook.com\\\/danielernesto.montana\",\"https:\\\/\\\/instagram.com\\\/daniel_montana1961\",\"https:\\\/\\\/x.com\\\/https:\\\/\\\/twitter.com\\\/daner_004\"],\"url\":\"https:\\\/\\\/sergiolapegue.com\\\/site\\\/author\\\/daniel\\\/\"}]}<\/script>\n<!-- \/ Yoast SEO plugin. -->","yoast_head_json":{"title":"\u201cEXTRANO JUGUETE\u201d LLEGA A LA CARPINTER\u00cdA TEATRO - Sergio Lapegue","robots":{"index":"index","follow":"follow","max-snippet":"max-snippet:-1","max-image-preview":"max-image-preview:large","max-video-preview":"max-video-preview:-1"},"canonical":"https:\/\/sergiolapegue.com\/site\/2026\/09\/04\/extrano-juguete-llega-a-la-carpinteria-teatro\/","og_locale":"es_ES","og_type":"article","og_title":"\u201cEXTRANO JUGUETE\u201d LLEGA A LA CARPINTER\u00cdA TEATRO - Sergio Lapegue","og_description":"El s\u00e1bado 12 de septiembre se estrena&nbsp;\u201cExtra\u00f1o juguete\u201d, de Susana Torres Molina. La obra es interpretada por Melina Figueiras, Maru Betania Pacin y Santiago Almada Luyden y dirigida por Vanesa Ryk.&nbsp; Las funciones se llevar\u00e1n a cabo los s\u00e1bados 12, 19 y 26 de septiembre y los s\u00e1bados de octubre a las 17:30 horas, en [&hellip;]","og_url":"https:\/\/sergiolapegue.com\/site\/2026\/09\/04\/extrano-juguete-llega-a-la-carpinteria-teatro\/","og_site_name":"Sergio Lapegue","article_publisher":"https:\/\/facebook.com\/sergiolapegue","article_author":"https:\/\/facebook.com\/danielernesto.montana","article_published_time":"2026-09-04T04:00:00+00:00","og_image":[{"width":1000,"height":1250,"url":"https:\/\/sergiolapegue.com\/site\/wp-content\/uploads\/2026\/09\/Extrano-juguete-en-La-Carpinteria.jpg","type":"image\/jpeg"}],"author":"Daniel E. Monta\u00f1a","twitter_card":"summary_large_image","twitter_creator":"@https:\/\/twitter.com\/daner_004","twitter_site":"@sergiolapegue","twitter_misc":{"Escrito por":"Daniel E. Monta\u00f1a","Tiempo de lectura":"3 minutos"},"schema":{"@context":"https:\/\/schema.org","@graph":[{"@type":"Article","@id":"https:\/\/sergiolapegue.com\/site\/2026\/09\/04\/extrano-juguete-llega-a-la-carpinteria-teatro\/#article","isPartOf":{"@id":"https:\/\/sergiolapegue.com\/site\/2026\/09\/04\/extrano-juguete-llega-a-la-carpinteria-teatro\/"},"author":{"name":"Daniel E. Monta\u00f1a","@id":"https:\/\/sergiolapegue.com\/site\/#\/schema\/person\/9198e7dbab43c6d74d0fd5399af7c3cd"},"headline":"\u201cEXTRANO JUGUETE\u201d LLEGA A LA CARPINTER\u00cdA TEATRO","datePublished":"2026-09-04T04:00:00+00:00","mainEntityOfPage":{"@id":"https:\/\/sergiolapegue.com\/site\/2026\/09\/04\/extrano-juguete-llega-a-la-carpinteria-teatro\/"},"wordCount":352,"commentCount":0,"publisher":{"@id":"https:\/\/sergiolapegue.com\/site\/#\/schema\/person\/083aeceeb0734cd166779ea6c0551a37"},"image":{"@id":"https:\/\/sergiolapegue.com\/site\/2026\/09\/04\/extrano-juguete-llega-a-la-carpinteria-teatro\/#primaryimage"},"thumbnailUrl":"https:\/\/sergiolapegue.com\/site\/wp-content\/uploads\/2026\/09\/Extrano-juguete-en-La-Carpinteria.jpg","articleSection":["Arte","Teatro"],"inLanguage":"es-AR","potentialAction":[{"@type":"CommentAction","name":"Comment","target":["https:\/\/sergiolapegue.com\/site\/2026\/09\/04\/extrano-juguete-llega-a-la-carpinteria-teatro\/#respond"]}]},{"@type":"WebPage","@id":"https:\/\/sergiolapegue.com\/site\/2026\/09\/04\/extrano-juguete-llega-a-la-carpinteria-teatro\/","url":"https:\/\/sergiolapegue.com\/site\/2026\/09\/04\/extrano-juguete-llega-a-la-carpinteria-teatro\/","name":"\u201cEXTRANO JUGUETE\u201d LLEGA A LA CARPINTER\u00cdA TEATRO - Sergio Lapegue","isPartOf":{"@id":"https:\/\/sergiolapegue.com\/site\/#website"},"primaryImageOfPage":{"@id":"https:\/\/sergiolapegue.com\/site\/2026\/09\/04\/extrano-juguete-llega-a-la-carpinteria-teatro\/#primaryimage"},"image":{"@id":"https:\/\/sergiolapegue.com\/site\/2026\/09\/04\/extrano-juguete-llega-a-la-carpinteria-teatro\/#primaryimage"},"thumbnailUrl":"https:\/\/sergiolapegue.com\/site\/wp-content\/uploads\/2026\/09\/Extrano-juguete-en-La-Carpinteria.jpg","datePublished":"2026-09-04T04:00:00+00:00","breadcrumb":{"@id":"https:\/\/sergiolapegue.com\/site\/2026\/09\/04\/extrano-juguete-llega-a-la-carpinteria-teatro\/#breadcrumb"},"inLanguage":"es-AR","potentialAction":[{"@type":"ReadAction","target":["https:\/\/sergiolapegue.com\/site\/2026\/09\/04\/extrano-juguete-llega-a-la-carpinteria-teatro\/"]}]},{"@type":"ImageObject","inLanguage":"es-AR","@id":"https:\/\/sergiolapegue.com\/site\/2026\/09\/04\/extrano-juguete-llega-a-la-carpinteria-teatro\/#primaryimage","url":"https:\/\/sergiolapegue.com\/site\/wp-content\/uploads\/2026\/09\/Extrano-juguete-en-La-Carpinteria.jpg","contentUrl":"https:\/\/sergiolapegue.com\/site\/wp-content\/uploads\/2026\/09\/Extrano-juguete-en-La-Carpinteria.jpg","width":1000,"height":1250},{"@type":"BreadcrumbList","@id":"https:\/\/sergiolapegue.com\/site\/2026\/09\/04\/extrano-juguete-llega-a-la-carpinteria-teatro\/#breadcrumb","itemListElement":[{"@type":"ListItem","position":1,"name":"Inicio","item":"https:\/\/sergiolapegue.com\/site\/"},{"@type":"ListItem","position":2,"name":"\u201cEXTRANO JUGUETE\u201d LLEGA A LA CARPINTER\u00cdA TEATRO"}]},{"@type":"WebSite","@id":"https:\/\/sergiolapegue.com\/site\/#website","url":"https:\/\/sergiolapegue.com\/site\/","name":"Sergio Lapegue","description":"Periodista y conductor de radio y televisi\u00f3n argentino, nacido el 6 de septiembre de 1964.","publisher":{"@id":"https:\/\/sergiolapegue.com\/site\/#\/schema\/person\/083aeceeb0734cd166779ea6c0551a37"},"potentialAction":[{"@type":"SearchAction","target":{"@type":"EntryPoint","urlTemplate":"https:\/\/sergiolapegue.com\/site\/?s={search_term_string}"},"query-input":{"@type":"PropertyValueSpecification","valueRequired":true,"valueName":"search_term_string"}}],"inLanguage":"es-AR"},{"@type":["Person","Organization"],"@id":"https:\/\/sergiolapegue.com\/site\/#\/schema\/person\/083aeceeb0734cd166779ea6c0551a37","name":"Sergio Lapegue","image":{"@type":"ImageObject","inLanguage":"es-AR","@id":"https:\/\/sergiolapegue.com\/site\/wp-content\/uploads\/2021\/04\/logo_header-1.png","url":"https:\/\/sergiolapegue.com\/site\/wp-content\/uploads\/2021\/04\/logo_header-1.png","contentUrl":"https:\/\/sergiolapegue.com\/site\/wp-content\/uploads\/2021\/04\/logo_header-1.png","width":272,"height":90,"caption":"Sergio Lapegue"},"logo":{"@id":"https:\/\/sergiolapegue.com\/site\/wp-content\/uploads\/2021\/04\/logo_header-1.png"},"sameAs":["https:\/\/facebook.com\/sergiolapegue","https:\/\/instagram.com\/sergiolapegue","https:\/\/x.com\/https:\/\/twitter.com\/sergiolapegue"]},{"@type":"Person","@id":"https:\/\/sergiolapegue.com\/site\/#\/schema\/person\/9198e7dbab43c6d74d0fd5399af7c3cd","name":"Daniel E. Monta\u00f1a","image":{"@type":"ImageObject","inLanguage":"es-AR","@id":"https:\/\/sergiolapegue.com\/site\/wp-content\/uploads\/2021\/04\/sl_avatar_Daniel-150x150.jpg","url":"https:\/\/sergiolapegue.com\/site\/wp-content\/uploads\/2021\/04\/sl_avatar_Daniel-150x150.jpg","contentUrl":"https:\/\/sergiolapegue.com\/site\/wp-content\/uploads\/2021\/04\/sl_avatar_Daniel-150x150.jpg","caption":"Daniel E. Monta\u00f1a"},"sameAs":["https:\/\/facebook.com\/danielernesto.montana","https:\/\/instagram.com\/daniel_montana1961","https:\/\/x.com\/https:\/\/twitter.com\/daner_004"],"url":"https:\/\/sergiolapegue.com\/site\/author\/daniel\/"}]}},"_links":{"self":[{"href":"https:\/\/sergiolapegue.com\/site\/wp-json\/wp\/v2\/posts\/32615","targetHints":{"allow":["GET"]}}],"collection":[{"href":"https:\/\/sergiolapegue.com\/site\/wp-json\/wp\/v2\/posts"}],"about":[{"href":"https:\/\/sergiolapegue.com\/site\/wp-json\/wp\/v2\/types\/post"}],"author":[{"embeddable":true,"href":"https:\/\/sergiolapegue.com\/site\/wp-json\/wp\/v2\/users\/3"}],"replies":[{"embeddable":true,"href":"https:\/\/sergiolapegue.com\/site\/wp-json\/wp\/v2\/comments?post=32615"}],"version-history":[{"count":1,"href":"https:\/\/sergiolapegue.com\/site\/wp-json\/wp\/v2\/posts\/32615\/revisions"}],"predecessor-version":[{"id":32620,"href":"https:\/\/sergiolapegue.com\/site\/wp-json\/wp\/v2\/posts\/32615\/revisions\/32620"}],"wp:featuredmedia":[{"embeddable":true,"href":"https:\/\/sergiolapegue.com\/site\/wp-json\/wp\/v2\/media\/32619"}],"wp:attachment":[{"href":"https:\/\/sergiolapegue.com\/site\/wp-json\/wp\/v2\/media?parent=32615"}],"wp:term":[{"taxonomy":"category","embeddable":true,"href":"https:\/\/sergiolapegue.com\/site\/wp-json\/wp\/v2\/categories?post=32615"},{"taxonomy":"post_tag","embeddable":true,"href":"https:\/\/sergiolapegue.com\/site\/wp-json\/wp\/v2\/tags?post=32615"}],"curies":[{"name":"wp","href":"https:\/\/api.w.org\/{rel}","templated":true}]}}