{"id":32590,"date":"2026-09-02T12:35:07","date_gmt":"2026-09-02T15:35:07","guid":{"rendered":"https:\/\/sergiolapegue.com\/site\/?p=32590"},"modified":"2026-09-02T12:35:09","modified_gmt":"2026-09-02T15:35:09","slug":"hit-astral-de-la-semana-marte-en-geminis","status":"publish","type":"post","link":"https:\/\/sergiolapegue.com\/site\/2026\/09\/02\/hit-astral-de-la-semana-marte-en-geminis\/","title":{"rendered":"HIT ASTRAL DE LA SEMANA: MARTE en G\u00c9MINIS"},"content":{"rendered":"\n<p class=\"wp-block-paragraph\">Esta semana vamos a tener una poderosa corriente energ\u00e9tica entre la Luna, Urano y Plut\u00f3n, que puede cambiar nuestra manera de pensar los v\u00ednculos.<\/p>\n\n\n\n<p class=\"wp-block-paragraph\">La Luna que representa nuestro mundo emocional se va a encontrar con Urano que nos introduce a lo inesperado, a romper patrones y entrar en nuevas posibilidades, y Plut\u00f3n, aportar\u00e1 lo suyo, para transformar lo que no nos hace bien.<\/p>\n\n\n\n<p class=\"wp-block-paragraph\">Por eso ser\u00e1 una buena semana para hablar de eso que ven\u00edamos masticando en silencio y no sab\u00edamos bien c\u00f3mo encararlo.&nbsp;<\/p>\n\n\n\n<p class=\"wp-block-paragraph\">Es ideal para tener charlas sinceras con familiares o amigos.<\/p>\n\n\n\n<p class=\"wp-block-paragraph\">Tambi\u00e9n para escribir y ordenar pensamientos.&nbsp;<\/p>\n\n\n\n<p class=\"wp-block-paragraph\">Eso s\u00ed, evitemos sobre analizar los sentimientos.<\/p>\n\n\n\n<p class=\"wp-block-paragraph\"><strong>SIGNOS DESTACADOS DE LA SEMANA:<\/strong> Los signos de aire ser\u00e1n los m\u00e1s beneficiados por este tr\u00edgono que les dar\u00e1 la confianza que necesitan para resolver problemas cotidianos. Los signos de fuego podr\u00e1n recibir tambi\u00e9n buenas noticias y verse envueltos en situaciones que descomprimen tensiones emocionales.<\/p>\n\n\n\n<p class=\"wp-block-paragraph\"><strong>FRASE GU\u00cdA PARA ESTA SEMANA:<\/strong> &nbsp;\u201cDejo que la mente gu\u00ede al coraz\u00f3n.\u201d<\/p>\n\n\n\n<p class=\"wp-block-paragraph\"><strong>ARCANO ALIADO DEL TAROT:<\/strong>&nbsp;<\/p>\n\n\n\n<p class=\"wp-block-paragraph\"><strong>REINA DE ESPADAS<\/strong> \/ Esta carta te pide apertura emocional pero claridad mental, que los sentimientos no nublen tus decisiones, mejor que colaboren para que hagas buenas elecciones.<\/p>\n\n\n<div class=\"wp-block-image\">\n<figure class=\"aligncenter size-large\"><img loading=\"lazy\" decoding=\"async\" width=\"765\" height=\"1024\" src=\"https:\/\/sergiolapegue.com\/site\/wp-content\/uploads\/2026\/09\/2-1-765x1024.jpg\" alt=\"\" class=\"wp-image-32591\" srcset=\"https:\/\/sergiolapegue.com\/site\/wp-content\/uploads\/2026\/09\/2-1-765x1024.jpg 765w, https:\/\/sergiolapegue.com\/site\/wp-content\/uploads\/2026\/09\/2-1-224x300.jpg 224w, https:\/\/sergiolapegue.com\/site\/wp-content\/uploads\/2026\/09\/2-1-767x1027.jpg 767w, https:\/\/sergiolapegue.com\/site\/wp-content\/uploads\/2026\/09\/2-1-298x399.jpg 298w, https:\/\/sergiolapegue.com\/site\/wp-content\/uploads\/2026\/09\/2-1-696x931.jpg 696w, https:\/\/sergiolapegue.com\/site\/wp-content\/uploads\/2026\/09\/2-1-1068x1429.jpg 1068w, https:\/\/sergiolapegue.com\/site\/wp-content\/uploads\/2026\/09\/2-1.jpg 1088w\" sizes=\"auto, (max-width: 765px) 100vw, 765px\" \/><\/figure>\n<\/div>\n\n\n<p class=\"wp-block-paragraph\"><strong>\ud83d\udd25SIGNOS DE FUEGO #ARIES #LEO #SAGITARIO<\/strong><\/p>\n\n\n\n<p class=\"wp-block-paragraph\">El tr\u00edgono de Aire puede estimular la mente.<\/p>\n\n\n\n<p class=\"wp-block-paragraph\">Pueden descubrir que ya es tiempo de cambiar de opini\u00f3n.<\/p>\n\n\n\n<p class=\"wp-block-paragraph\">Tambi\u00e9n ser\u00e1 una excelente semana para comunicar proyectos.<\/p>\n\n\n\n<p class=\"wp-block-paragraph\">Posibilidad de ir mucho m\u00e1s libres y livianos en los vinculos.<\/p>\n\n\n\n<p class=\"wp-block-paragraph\"><strong>\ud83c\udf31SIGNOS DE TIERRA #TAURO #VIRGO #CAPRICORNIO<\/strong><\/p>\n\n\n\n<p class=\"wp-block-paragraph\">Se sienten m\u00e1s livianos.&nbsp;<\/p>\n\n\n\n<p class=\"wp-block-paragraph\">La semana puede traer soluciones m\u00e1gicas.<\/p>\n\n\n\n<p class=\"wp-block-paragraph\">Una herramienta tecnol\u00f3gica o una nueva organizaci\u00f3n del trabajo mueve h\u00e1bitos estancados.<\/p>\n\n\n\n<p class=\"wp-block-paragraph\">Denle atenci\u00f3n al descanso, no necesitan resolver todo ya.<\/p>\n\n\n\n<p class=\"wp-block-paragraph\"><strong>\ud83c\udf2c\ufe0fSIGNOS DE AIRE #G\u00c9MINIS #LIBRA #ACUARIO<\/strong><\/p>\n\n\n\n<p class=\"wp-block-paragraph\">Sienten pasar una corriente el\u00e9ctrica creativa.<\/p>\n\n\n\n<p class=\"wp-block-paragraph\">Los proyectos se dan r\u00e1pidamente.&nbsp;<\/p>\n\n\n\n<p class=\"wp-block-paragraph\">Es tiempo de mostrarse de otra forma.<\/p>\n\n\n\n<p class=\"wp-block-paragraph\">Gran momento de reinvenci\u00f3n personal.<\/p>\n\n\n\n<p class=\"wp-block-paragraph\"><strong>\ud83c\udf0a SIGNOS DE AGUA #C\u00c1NCER #ESCORPIO #PISCIS<\/strong><\/p>\n\n\n\n<p class=\"wp-block-paragraph\">Algo que ven\u00edan sintiendo encuentra su explicaci\u00f3n.<\/p>\n\n\n\n<p class=\"wp-block-paragraph\">Algo los libera del pesimismo.<\/p>\n\n\n\n<p class=\"wp-block-paragraph\">Pueden observar lo que sienten sin quedarse atrapados ah\u00ed.<\/p>\n\n\n\n<p class=\"wp-block-paragraph\">Surgen sue\u00f1os, recuerdos e intuiciones que traen con mucha data.<\/p>\n\n\n\n<p class=\"wp-block-paragraph\">Aprovechenla!<\/p>\n","protected":false},"excerpt":{"rendered":"<p>Esta semana vamos a tener una poderosa corriente energ\u00e9tica entre la Luna, Urano y Plut\u00f3n, que puede cambiar nuestra manera de pensar los v\u00ednculos. La Luna que representa nuestro mundo emocional se va a encontrar con Urano que nos introduce a lo inesperado, a romper patrones y entrar en nuevas posibilidades, y Plut\u00f3n, aportar\u00e1 lo [&hellip;]<\/p>\n","protected":false},"author":9,"featured_media":32592,"comment_status":"closed","ping_status":"closed","sticky":false,"template":"","format":"standard","meta":{"footnotes":""},"categories":[2901],"tags":[2910,3516,3050,3020,2920],"class_list":["post-32590","post","type-post","status-publish","format-standard","has-post-thumbnail","category-astrotarot","tag-arcano","tag-geminis","tag-horoscopo","tag-marte","tag-signo"],"yoast_head":"<!-- This site is optimized with the Yoast SEO plugin v28.4 - https:\/\/yoast.com\/product\/yoast-seo-wordpress\/ -->\n<title>HIT ASTRAL DE LA SEMANA: MARTE en G\u00c9MINIS - Sergio Lapegue<\/title>\n<meta name=\"robots\" content=\"index, follow, max-snippet:-1, max-image-preview:large, max-video-preview:-1\" \/>\n<link rel=\"canonical\" href=\"https:\/\/sergiolapegue.com\/site\/2026\/09\/02\/hit-astral-de-la-semana-marte-en-geminis\/\" \/>\n<meta property=\"og:locale\" content=\"es_ES\" \/>\n<meta property=\"og:type\" content=\"article\" \/>\n<meta property=\"og:title\" content=\"HIT ASTRAL DE LA SEMANA: MARTE en G\u00c9MINIS - Sergio Lapegue\" \/>\n<meta property=\"og:description\" content=\"Esta semana vamos a tener una poderosa corriente energ\u00e9tica entre la Luna, Urano y Plut\u00f3n, que puede cambiar nuestra manera de pensar los v\u00ednculos. La Luna que representa nuestro mundo emocional se va a encontrar con Urano que nos introduce a lo inesperado, a romper patrones y entrar en nuevas posibilidades, y Plut\u00f3n, aportar\u00e1 lo [&hellip;]\" \/>\n<meta property=\"og:url\" content=\"https:\/\/sergiolapegue.com\/site\/2026\/09\/02\/hit-astral-de-la-semana-marte-en-geminis\/\" \/>\n<meta property=\"og:site_name\" content=\"Sergio Lapegue\" \/>\n<meta property=\"article:publisher\" content=\"https:\/\/facebook.com\/sergiolapegue\" \/>\n<meta property=\"article:published_time\" content=\"2026-09-02T15:35:07+00:00\" \/>\n<meta property=\"article:modified_time\" content=\"2026-09-02T15:35:09+00:00\" \/>\n<meta property=\"og:image\" content=\"https:\/\/sergiolapegue.com\/site\/wp-content\/uploads\/2026\/09\/1-1.jpg\" \/>\n\t<meta property=\"og:image:width\" content=\"1088\" \/>\n\t<meta property=\"og:image:height\" content=\"1456\" \/>\n\t<meta property=\"og:image:type\" content=\"image\/jpeg\" \/>\n<meta name=\"author\" content=\"Victoria Garc\u00eda Garcilazo\" \/>\n<meta name=\"twitter:card\" content=\"summary_large_image\" \/>\n<meta name=\"twitter:site\" content=\"@sergiolapegue\" \/>\n<meta name=\"twitter:label1\" content=\"Escrito por\" \/>\n\t<meta name=\"twitter:data1\" content=\"Victoria Garc\u00eda Garcilazo\" \/>\n\t<meta name=\"twitter:label2\" content=\"Tiempo de lectura\" \/>\n\t<meta name=\"twitter:data2\" content=\"2 minutos\" \/>\n<script type=\"application\/ld+json\" class=\"yoast-schema-graph\">{\"@context\":\"https:\\\/\\\/schema.org\",\"@graph\":[{\"@type\":\"Article\",\"@id\":\"https:\\\/\\\/sergiolapegue.com\\\/site\\\/2026\\\/09\\\/02\\\/hit-astral-de-la-semana-marte-en-geminis\\\/#article\",\"isPartOf\":{\"@id\":\"https:\\\/\\\/sergiolapegue.com\\\/site\\\/2026\\\/09\\\/02\\\/hit-astral-de-la-semana-marte-en-geminis\\\/\"},\"author\":{\"name\":\"Victoria Garc\u00eda Garcilazo\",\"@id\":\"https:\\\/\\\/sergiolapegue.com\\\/site\\\/#\\\/schema\\\/person\\\/038a19a76176d528a1a27ac17e18af68\"},\"headline\":\"HIT ASTRAL DE LA SEMANA: MARTE en G\u00c9MINIS\",\"datePublished\":\"2026-09-02T15:35:07+00:00\",\"dateModified\":\"2026-09-02T15:35:09+00:00\",\"mainEntityOfPage\":{\"@id\":\"https:\\\/\\\/sergiolapegue.com\\\/site\\\/2026\\\/09\\\/02\\\/hit-astral-de-la-semana-marte-en-geminis\\\/\"},\"wordCount\":392,\"publisher\":{\"@id\":\"https:\\\/\\\/sergiolapegue.com\\\/site\\\/#\\\/schema\\\/person\\\/083aeceeb0734cd166779ea6c0551a37\"},\"image\":{\"@id\":\"https:\\\/\\\/sergiolapegue.com\\\/site\\\/2026\\\/09\\\/02\\\/hit-astral-de-la-semana-marte-en-geminis\\\/#primaryimage\"},\"thumbnailUrl\":\"https:\\\/\\\/sergiolapegue.com\\\/site\\\/wp-content\\\/uploads\\\/2026\\\/09\\\/1-1.jpg\",\"keywords\":[\"arcano\",\"geminis\",\"horoscopo\",\"marte\",\"signo\"],\"articleSection\":[\"Astrotarot\"],\"inLanguage\":\"es-AR\"},{\"@type\":\"WebPage\",\"@id\":\"https:\\\/\\\/sergiolapegue.com\\\/site\\\/2026\\\/09\\\/02\\\/hit-astral-de-la-semana-marte-en-geminis\\\/\",\"url\":\"https:\\\/\\\/sergiolapegue.com\\\/site\\\/2026\\\/09\\\/02\\\/hit-astral-de-la-semana-marte-en-geminis\\\/\",\"name\":\"HIT ASTRAL DE LA SEMANA: MARTE en G\u00c9MINIS - Sergio Lapegue\",\"isPartOf\":{\"@id\":\"https:\\\/\\\/sergiolapegue.com\\\/site\\\/#website\"},\"primaryImageOfPage\":{\"@id\":\"https:\\\/\\\/sergiolapegue.com\\\/site\\\/2026\\\/09\\\/02\\\/hit-astral-de-la-semana-marte-en-geminis\\\/#primaryimage\"},\"image\":{\"@id\":\"https:\\\/\\\/sergiolapegue.com\\\/site\\\/2026\\\/09\\\/02\\\/hit-astral-de-la-semana-marte-en-geminis\\\/#primaryimage\"},\"thumbnailUrl\":\"https:\\\/\\\/sergiolapegue.com\\\/site\\\/wp-content\\\/uploads\\\/2026\\\/09\\\/1-1.jpg\",\"datePublished\":\"2026-09-02T15:35:07+00:00\",\"dateModified\":\"2026-09-02T15:35:09+00:00\",\"breadcrumb\":{\"@id\":\"https:\\\/\\\/sergiolapegue.com\\\/site\\\/2026\\\/09\\\/02\\\/hit-astral-de-la-semana-marte-en-geminis\\\/#breadcrumb\"},\"inLanguage\":\"es-AR\",\"potentialAction\":[{\"@type\":\"ReadAction\",\"target\":[\"https:\\\/\\\/sergiolapegue.com\\\/site\\\/2026\\\/09\\\/02\\\/hit-astral-de-la-semana-marte-en-geminis\\\/\"]}]},{\"@type\":\"ImageObject\",\"inLanguage\":\"es-AR\",\"@id\":\"https:\\\/\\\/sergiolapegue.com\\\/site\\\/2026\\\/09\\\/02\\\/hit-astral-de-la-semana-marte-en-geminis\\\/#primaryimage\",\"url\":\"https:\\\/\\\/sergiolapegue.com\\\/site\\\/wp-content\\\/uploads\\\/2026\\\/09\\\/1-1.jpg\",\"contentUrl\":\"https:\\\/\\\/sergiolapegue.com\\\/site\\\/wp-content\\\/uploads\\\/2026\\\/09\\\/1-1.jpg\",\"width\":1088,\"height\":1456},{\"@type\":\"BreadcrumbList\",\"@id\":\"https:\\\/\\\/sergiolapegue.com\\\/site\\\/2026\\\/09\\\/02\\\/hit-astral-de-la-semana-marte-en-geminis\\\/#breadcrumb\",\"itemListElement\":[{\"@type\":\"ListItem\",\"position\":1,\"name\":\"Inicio\",\"item\":\"https:\\\/\\\/sergiolapegue.com\\\/site\\\/\"},{\"@type\":\"ListItem\",\"position\":2,\"name\":\"HIT ASTRAL DE LA SEMANA: MARTE en G\u00c9MINIS\"}]},{\"@type\":\"WebSite\",\"@id\":\"https:\\\/\\\/sergiolapegue.com\\\/site\\\/#website\",\"url\":\"https:\\\/\\\/sergiolapegue.com\\\/site\\\/\",\"name\":\"Sergio Lapegue\",\"description\":\"Periodista y conductor de radio y televisi\u00f3n argentino, nacido el 6 de septiembre de 1964.\",\"publisher\":{\"@id\":\"https:\\\/\\\/sergiolapegue.com\\\/site\\\/#\\\/schema\\\/person\\\/083aeceeb0734cd166779ea6c0551a37\"},\"potentialAction\":[{\"@type\":\"SearchAction\",\"target\":{\"@type\":\"EntryPoint\",\"urlTemplate\":\"https:\\\/\\\/sergiolapegue.com\\\/site\\\/?s={search_term_string}\"},\"query-input\":{\"@type\":\"PropertyValueSpecification\",\"valueRequired\":true,\"valueName\":\"search_term_string\"}}],\"inLanguage\":\"es-AR\"},{\"@type\":[\"Person\",\"Organization\"],\"@id\":\"https:\\\/\\\/sergiolapegue.com\\\/site\\\/#\\\/schema\\\/person\\\/083aeceeb0734cd166779ea6c0551a37\",\"name\":\"Sergio Lapegue\",\"image\":{\"@type\":\"ImageObject\",\"inLanguage\":\"es-AR\",\"@id\":\"https:\\\/\\\/sergiolapegue.com\\\/site\\\/wp-content\\\/uploads\\\/2021\\\/04\\\/logo_header-1.png\",\"url\":\"https:\\\/\\\/sergiolapegue.com\\\/site\\\/wp-content\\\/uploads\\\/2021\\\/04\\\/logo_header-1.png\",\"contentUrl\":\"https:\\\/\\\/sergiolapegue.com\\\/site\\\/wp-content\\\/uploads\\\/2021\\\/04\\\/logo_header-1.png\",\"width\":272,\"height\":90,\"caption\":\"Sergio Lapegue\"},\"logo\":{\"@id\":\"https:\\\/\\\/sergiolapegue.com\\\/site\\\/wp-content\\\/uploads\\\/2021\\\/04\\\/logo_header-1.png\"},\"sameAs\":[\"https:\\\/\\\/facebook.com\\\/sergiolapegue\",\"https:\\\/\\\/instagram.com\\\/sergiolapegue\",\"https:\\\/\\\/x.com\\\/https:\\\/\\\/twitter.com\\\/sergiolapegue\"]},{\"@type\":\"Person\",\"@id\":\"https:\\\/\\\/sergiolapegue.com\\\/site\\\/#\\\/schema\\\/person\\\/038a19a76176d528a1a27ac17e18af68\",\"name\":\"Victoria Garc\u00eda Garcilazo\",\"image\":{\"@type\":\"ImageObject\",\"inLanguage\":\"es-AR\",\"@id\":\"https:\\\/\\\/sergiolapegue.com\\\/site\\\/wp-content\\\/uploads\\\/2025\\\/12\\\/victoriaGarciaGarcilazo-150x150.jpg\",\"url\":\"https:\\\/\\\/sergiolapegue.com\\\/site\\\/wp-content\\\/uploads\\\/2025\\\/12\\\/victoriaGarciaGarcilazo-150x150.jpg\",\"contentUrl\":\"https:\\\/\\\/sergiolapegue.com\\\/site\\\/wp-content\\\/uploads\\\/2025\\\/12\\\/victoriaGarciaGarcilazo-150x150.jpg\",\"caption\":\"Victoria Garc\u00eda Garcilazo\"},\"sameAs\":[\"https:\\\/\\\/lavictoriadevenus.com\\\/\",\"https:\\\/\\\/www.instagram.com\\\/lavictoriadevenus\\\/\",\"https:\\\/\\\/www.youtube.com\\\/channel\\\/UCPAWzfQij6wJRHSTN5wi3Mg\"],\"url\":\"https:\\\/\\\/sergiolapegue.com\\\/site\\\/author\\\/victoria\\\/\"}]}<\/script>\n<!-- \/ Yoast SEO plugin. -->","yoast_head_json":{"title":"HIT ASTRAL DE LA SEMANA: MARTE en G\u00c9MINIS - Sergio Lapegue","robots":{"index":"index","follow":"follow","max-snippet":"max-snippet:-1","max-image-preview":"max-image-preview:large","max-video-preview":"max-video-preview:-1"},"canonical":"https:\/\/sergiolapegue.com\/site\/2026\/09\/02\/hit-astral-de-la-semana-marte-en-geminis\/","og_locale":"es_ES","og_type":"article","og_title":"HIT ASTRAL DE LA SEMANA: MARTE en G\u00c9MINIS - Sergio Lapegue","og_description":"Esta semana vamos a tener una poderosa corriente energ\u00e9tica entre la Luna, Urano y Plut\u00f3n, que puede cambiar nuestra manera de pensar los v\u00ednculos. La Luna que representa nuestro mundo emocional se va a encontrar con Urano que nos introduce a lo inesperado, a romper patrones y entrar en nuevas posibilidades, y Plut\u00f3n, aportar\u00e1 lo [&hellip;]","og_url":"https:\/\/sergiolapegue.com\/site\/2026\/09\/02\/hit-astral-de-la-semana-marte-en-geminis\/","og_site_name":"Sergio Lapegue","article_publisher":"https:\/\/facebook.com\/sergiolapegue","article_published_time":"2026-09-02T15:35:07+00:00","article_modified_time":"2026-09-02T15:35:09+00:00","og_image":[{"width":1088,"height":1456,"url":"https:\/\/sergiolapegue.com\/site\/wp-content\/uploads\/2026\/09\/1-1.jpg","type":"image\/jpeg"}],"author":"Victoria Garc\u00eda Garcilazo","twitter_card":"summary_large_image","twitter_site":"@sergiolapegue","twitter_misc":{"Escrito por":"Victoria Garc\u00eda Garcilazo","Tiempo de lectura":"2 minutos"},"schema":{"@context":"https:\/\/schema.org","@graph":[{"@type":"Article","@id":"https:\/\/sergiolapegue.com\/site\/2026\/09\/02\/hit-astral-de-la-semana-marte-en-geminis\/#article","isPartOf":{"@id":"https:\/\/sergiolapegue.com\/site\/2026\/09\/02\/hit-astral-de-la-semana-marte-en-geminis\/"},"author":{"name":"Victoria Garc\u00eda Garcilazo","@id":"https:\/\/sergiolapegue.com\/site\/#\/schema\/person\/038a19a76176d528a1a27ac17e18af68"},"headline":"HIT ASTRAL DE LA SEMANA: MARTE en G\u00c9MINIS","datePublished":"2026-09-02T15:35:07+00:00","dateModified":"2026-09-02T15:35:09+00:00","mainEntityOfPage":{"@id":"https:\/\/sergiolapegue.com\/site\/2026\/09\/02\/hit-astral-de-la-semana-marte-en-geminis\/"},"wordCount":392,"publisher":{"@id":"https:\/\/sergiolapegue.com\/site\/#\/schema\/person\/083aeceeb0734cd166779ea6c0551a37"},"image":{"@id":"https:\/\/sergiolapegue.com\/site\/2026\/09\/02\/hit-astral-de-la-semana-marte-en-geminis\/#primaryimage"},"thumbnailUrl":"https:\/\/sergiolapegue.com\/site\/wp-content\/uploads\/2026\/09\/1-1.jpg","keywords":["arcano","geminis","horoscopo","marte","signo"],"articleSection":["Astrotarot"],"inLanguage":"es-AR"},{"@type":"WebPage","@id":"https:\/\/sergiolapegue.com\/site\/2026\/09\/02\/hit-astral-de-la-semana-marte-en-geminis\/","url":"https:\/\/sergiolapegue.com\/site\/2026\/09\/02\/hit-astral-de-la-semana-marte-en-geminis\/","name":"HIT ASTRAL DE LA SEMANA: MARTE en G\u00c9MINIS - Sergio Lapegue","isPartOf":{"@id":"https:\/\/sergiolapegue.com\/site\/#website"},"primaryImageOfPage":{"@id":"https:\/\/sergiolapegue.com\/site\/2026\/09\/02\/hit-astral-de-la-semana-marte-en-geminis\/#primaryimage"},"image":{"@id":"https:\/\/sergiolapegue.com\/site\/2026\/09\/02\/hit-astral-de-la-semana-marte-en-geminis\/#primaryimage"},"thumbnailUrl":"https:\/\/sergiolapegue.com\/site\/wp-content\/uploads\/2026\/09\/1-1.jpg","datePublished":"2026-09-02T15:35:07+00:00","dateModified":"2026-09-02T15:35:09+00:00","breadcrumb":{"@id":"https:\/\/sergiolapegue.com\/site\/2026\/09\/02\/hit-astral-de-la-semana-marte-en-geminis\/#breadcrumb"},"inLanguage":"es-AR","potentialAction":[{"@type":"ReadAction","target":["https:\/\/sergiolapegue.com\/site\/2026\/09\/02\/hit-astral-de-la-semana-marte-en-geminis\/"]}]},{"@type":"ImageObject","inLanguage":"es-AR","@id":"https:\/\/sergiolapegue.com\/site\/2026\/09\/02\/hit-astral-de-la-semana-marte-en-geminis\/#primaryimage","url":"https:\/\/sergiolapegue.com\/site\/wp-content\/uploads\/2026\/09\/1-1.jpg","contentUrl":"https:\/\/sergiolapegue.com\/site\/wp-content\/uploads\/2026\/09\/1-1.jpg","width":1088,"height":1456},{"@type":"BreadcrumbList","@id":"https:\/\/sergiolapegue.com\/site\/2026\/09\/02\/hit-astral-de-la-semana-marte-en-geminis\/#breadcrumb","itemListElement":[{"@type":"ListItem","position":1,"name":"Inicio","item":"https:\/\/sergiolapegue.com\/site\/"},{"@type":"ListItem","position":2,"name":"HIT ASTRAL DE LA SEMANA: MARTE en G\u00c9MINIS"}]},{"@type":"WebSite","@id":"https:\/\/sergiolapegue.com\/site\/#website","url":"https:\/\/sergiolapegue.com\/site\/","name":"Sergio Lapegue","description":"Periodista y conductor de radio y televisi\u00f3n argentino, nacido el 6 de septiembre de 1964.","publisher":{"@id":"https:\/\/sergiolapegue.com\/site\/#\/schema\/person\/083aeceeb0734cd166779ea6c0551a37"},"potentialAction":[{"@type":"SearchAction","target":{"@type":"EntryPoint","urlTemplate":"https:\/\/sergiolapegue.com\/site\/?s={search_term_string}"},"query-input":{"@type":"PropertyValueSpecification","valueRequired":true,"valueName":"search_term_string"}}],"inLanguage":"es-AR"},{"@type":["Person","Organization"],"@id":"https:\/\/sergiolapegue.com\/site\/#\/schema\/person\/083aeceeb0734cd166779ea6c0551a37","name":"Sergio Lapegue","image":{"@type":"ImageObject","inLanguage":"es-AR","@id":"https:\/\/sergiolapegue.com\/site\/wp-content\/uploads\/2021\/04\/logo_header-1.png","url":"https:\/\/sergiolapegue.com\/site\/wp-content\/uploads\/2021\/04\/logo_header-1.png","contentUrl":"https:\/\/sergiolapegue.com\/site\/wp-content\/uploads\/2021\/04\/logo_header-1.png","width":272,"height":90,"caption":"Sergio Lapegue"},"logo":{"@id":"https:\/\/sergiolapegue.com\/site\/wp-content\/uploads\/2021\/04\/logo_header-1.png"},"sameAs":["https:\/\/facebook.com\/sergiolapegue","https:\/\/instagram.com\/sergiolapegue","https:\/\/x.com\/https:\/\/twitter.com\/sergiolapegue"]},{"@type":"Person","@id":"https:\/\/sergiolapegue.com\/site\/#\/schema\/person\/038a19a76176d528a1a27ac17e18af68","name":"Victoria Garc\u00eda Garcilazo","image":{"@type":"ImageObject","inLanguage":"es-AR","@id":"https:\/\/sergiolapegue.com\/site\/wp-content\/uploads\/2025\/12\/victoriaGarciaGarcilazo-150x150.jpg","url":"https:\/\/sergiolapegue.com\/site\/wp-content\/uploads\/2025\/12\/victoriaGarciaGarcilazo-150x150.jpg","contentUrl":"https:\/\/sergiolapegue.com\/site\/wp-content\/uploads\/2025\/12\/victoriaGarciaGarcilazo-150x150.jpg","caption":"Victoria Garc\u00eda Garcilazo"},"sameAs":["https:\/\/lavictoriadevenus.com\/","https:\/\/www.instagram.com\/lavictoriadevenus\/","https:\/\/www.youtube.com\/channel\/UCPAWzfQij6wJRHSTN5wi3Mg"],"url":"https:\/\/sergiolapegue.com\/site\/author\/victoria\/"}]}},"_links":{"self":[{"href":"https:\/\/sergiolapegue.com\/site\/wp-json\/wp\/v2\/posts\/32590","targetHints":{"allow":["GET"]}}],"collection":[{"href":"https:\/\/sergiolapegue.com\/site\/wp-json\/wp\/v2\/posts"}],"about":[{"href":"https:\/\/sergiolapegue.com\/site\/wp-json\/wp\/v2\/types\/post"}],"author":[{"embeddable":true,"href":"https:\/\/sergiolapegue.com\/site\/wp-json\/wp\/v2\/users\/9"}],"replies":[{"embeddable":true,"href":"https:\/\/sergiolapegue.com\/site\/wp-json\/wp\/v2\/comments?post=32590"}],"version-history":[{"count":1,"href":"https:\/\/sergiolapegue.com\/site\/wp-json\/wp\/v2\/posts\/32590\/revisions"}],"predecessor-version":[{"id":32593,"href":"https:\/\/sergiolapegue.com\/site\/wp-json\/wp\/v2\/posts\/32590\/revisions\/32593"}],"wp:featuredmedia":[{"embeddable":true,"href":"https:\/\/sergiolapegue.com\/site\/wp-json\/wp\/v2\/media\/32592"}],"wp:attachment":[{"href":"https:\/\/sergiolapegue.com\/site\/wp-json\/wp\/v2\/media?parent=32590"}],"wp:term":[{"taxonomy":"category","embeddable":true,"href":"https:\/\/sergiolapegue.com\/site\/wp-json\/wp\/v2\/categories?post=32590"},{"taxonomy":"post_tag","embeddable":true,"href":"https:\/\/sergiolapegue.com\/site\/wp-json\/wp\/v2\/tags?post=32590"}],"curies":[{"name":"wp","href":"https:\/\/api.w.org\/{rel}","templated":true}]}}