{"id":32584,"date":"2026-09-03T17:00:00","date_gmt":"2026-09-03T20:00:00","guid":{"rendered":"https:\/\/sergiolapegue.com\/site\/?p=32584"},"modified":"2026-09-02T05:27:37","modified_gmt":"2026-09-02T08:27:37","slug":"vimos-rendirse-a-los-ingleses","status":"publish","type":"post","link":"https:\/\/sergiolapegue.com\/site\/2026\/09\/03\/vimos-rendirse-a-los-ingleses\/","title":{"rendered":"\u201cVIMOS RENDIRSE A LOS INGLESES\u201d"},"content":{"rendered":"\n<p class=\"wp-block-paragraph\">La obra \u201cVimos rendirse a los ingleses\u201d, con autor\u00eda y direcci\u00f3n de David Bogado se presentar\u00e1 los d\u00edas 12 y 19 de septiembre a las 21:00 horas, en Sarandiarte Espacio Cultural. Cuenta con las grandes actuaciones de Gonzalo Almada, Diego Feijo, Germ\u00e1n G\u00f3mez y Ezequiel Guerrini. Las entradas se pueden conseguir en la boleter\u00eda del teatro o por Alternativa Teatral.<\/p>\n\n\n\n<p class=\"wp-block-paragraph\"><strong>SINOPSIS<\/strong><\/p>\n\n\n\n<p class=\"wp-block-paragraph\">Una revista encontrada al azar en una librer\u00eda porte\u00f1a se convierte en detonante de una investigaci\u00f3n esc\u00e9nica sobre la memoria, la verdad y la construcci\u00f3n de los relatos nacionales. En su tapa, una frase en letras may\u00fasculas resuena como eco del pasado: \u201cVimos rendirse a los ingleses\u201d. Desde ese hallazgo, un autor se sienta frente a su escritorio y comienza a escribir, intentando desentra\u00f1ar qu\u00e9 hay detr\u00e1s de esa imagen triunfalista que marc\u00f3 el inicio de la Guerra de Malvinas. A medida que avanza su escritura, las voces de un fot\u00f3grafo, un combatiente y un general irrumpen en escena. Sus relatos se entrelazan, se contradicen y se contaminan entre s\u00ed, revelando las fisuras entre la \u00e9pica oficial y la experiencia humana del conflicto. La obra transita entre el documento y la ficci\u00f3n, entre la reconstrucci\u00f3n hist\u00f3rica y la puesta en crisis del propio acto de narrar. Vimos rendirse a los ingleses propone un di\u00e1logo entre pasado y presente, entre el relato medi\u00e1tico y la voz de los que vivieron la guerra. En ese cruce de tiempos y miradas, la obra busca devolver humanidad a los cuerpos que la historia convirti\u00f3 en s\u00edmbolos o en silencio. Expone las tensiones entre verdad y propaganda, h\u00e9roes y v\u00edctimas, memoria y olvido. Una obra que interroga el relato oficial y pregunta, con dolor y lucidez: \u00bfqui\u00e9n cuenta la historia y a qu\u00e9 precio se construye la patria?<\/p>\n\n\n\n<figure class=\"wp-block-image size-full is-resized\"><img loading=\"lazy\" decoding=\"async\" width=\"1000\" height=\"1000\" src=\"https:\/\/sergiolapegue.com\/site\/wp-content\/uploads\/2026\/09\/Vimos-rendirse-a-los-ingleses-2.jpg\" alt=\"\" class=\"wp-image-32585\" style=\"width:1068px;height:auto\" srcset=\"https:\/\/sergiolapegue.com\/site\/wp-content\/uploads\/2026\/09\/Vimos-rendirse-a-los-ingleses-2.jpg 1000w, https:\/\/sergiolapegue.com\/site\/wp-content\/uploads\/2026\/09\/Vimos-rendirse-a-los-ingleses-2-150x150-1.jpg 150w, https:\/\/sergiolapegue.com\/site\/wp-content\/uploads\/2026\/09\/Vimos-rendirse-a-los-ingleses-2-300x300.jpg 300w, https:\/\/sergiolapegue.com\/site\/wp-content\/uploads\/2026\/09\/Vimos-rendirse-a-los-ingleses-2-60x60.jpg 60w, https:\/\/sergiolapegue.com\/site\/wp-content\/uploads\/2026\/09\/Vimos-rendirse-a-los-ingleses-2-768x768.jpg 768w, https:\/\/sergiolapegue.com\/site\/wp-content\/uploads\/2026\/09\/Vimos-rendirse-a-los-ingleses-2-324x324.jpg 324w, https:\/\/sergiolapegue.com\/site\/wp-content\/uploads\/2026\/09\/Vimos-rendirse-a-los-ingleses-2-360x360.jpg 360w, https:\/\/sergiolapegue.com\/site\/wp-content\/uploads\/2026\/09\/Vimos-rendirse-a-los-ingleses-2-696x696.jpg 696w\" sizes=\"auto, (max-width: 1000px) 100vw, 1000px\" \/><\/figure>\n\n\n\n<p class=\"wp-block-paragraph\"><strong>FICHA T\u00c9CNICO ART\u00cdSTICA<\/strong><\/p>\n\n\n\n<p class=\"wp-block-paragraph\"><strong>Dramaturgia:<\/strong> David Bogado<\/p>\n\n\n\n<p class=\"wp-block-paragraph\"><strong>Int\u00e9rpretes:<\/strong> Gonzalo Almada \u2013 Diego Feijo \u2013 Germ\u00e1n G\u00f3mez \u2013 Ezequiel Guerrini<\/p>\n\n\n\n<p class=\"wp-block-paragraph\"><strong>Dise\u00f1o de vestuario:<\/strong> Creaci\u00f3n Colectiva<\/p>\n\n\n\n<p class=\"wp-block-paragraph\"><strong>Dise\u00f1o de iluminaci\u00f3n:<\/strong> Machi \u2013 David Bogado \u2013 Daniela Mor\u00e1n<\/p>\n\n\n\n<p class=\"wp-block-paragraph\"><strong>Dise\u00f1o sonoro:<\/strong> David Bogado<\/p>\n\n\n\n<p class=\"wp-block-paragraph\"><strong>Mapping:<\/strong> Daniela Mor\u00e1n<\/p>\n\n\n\n<p class=\"wp-block-paragraph\"><strong>Dise\u00f1o de espacio:<\/strong> David Bogado<\/p>\n\n\n\n<p class=\"wp-block-paragraph\"><strong>Fotograf\u00eda:<\/strong> Daniela Mor\u00e1n<\/p>\n\n\n\n<p class=\"wp-block-paragraph\"><strong>Dise\u00f1o gr\u00e1fico:<\/strong> Daniela Mor\u00e1n<\/p>\n\n\n\n<p class=\"wp-block-paragraph\"><strong>Puesta en escena:<\/strong> David Bogado<\/p>\n\n\n\n<p class=\"wp-block-paragraph\"><strong>Producci\u00f3n:<\/strong> Sarandiarte<\/p>\n\n\n\n<p class=\"wp-block-paragraph\"><strong>Direcci\u00f3n:<\/strong> David Bogado<\/p>\n\n\n\n<p class=\"wp-block-paragraph\"><strong>Instagram:<\/strong> @vimosrendirsealosingleses<\/p>\n\n\n\n<p class=\"wp-block-paragraph\"><strong>Duraci\u00f3n:<\/strong> 70 minutos<\/p>\n\n\n\n<p class=\"wp-block-paragraph\"><strong>Clasificaci\u00f3n:<\/strong> Teatro \u2013 Presencial \u2013 Adultos<\/p>\n\n\n\n<figure class=\"wp-block-image size-full is-resized\"><img loading=\"lazy\" decoding=\"async\" width=\"1000\" height=\"1000\" src=\"https:\/\/sergiolapegue.com\/site\/wp-content\/uploads\/2026\/09\/Vimos-rendirse-a-los-ingleses-1.jpg\" alt=\"\" class=\"wp-image-32586\" style=\"width:1068px;height:auto\" srcset=\"https:\/\/sergiolapegue.com\/site\/wp-content\/uploads\/2026\/09\/Vimos-rendirse-a-los-ingleses-1.jpg 1000w, https:\/\/sergiolapegue.com\/site\/wp-content\/uploads\/2026\/09\/Vimos-rendirse-a-los-ingleses-1-300x300.jpg 300w, https:\/\/sergiolapegue.com\/site\/wp-content\/uploads\/2026\/09\/Vimos-rendirse-a-los-ingleses-1-150x150-1.jpg 150w, https:\/\/sergiolapegue.com\/site\/wp-content\/uploads\/2026\/09\/Vimos-rendirse-a-los-ingleses-1-60x60.jpg 60w, https:\/\/sergiolapegue.com\/site\/wp-content\/uploads\/2026\/09\/Vimos-rendirse-a-los-ingleses-1-768x768.jpg 768w, https:\/\/sergiolapegue.com\/site\/wp-content\/uploads\/2026\/09\/Vimos-rendirse-a-los-ingleses-1-324x324.jpg 324w, https:\/\/sergiolapegue.com\/site\/wp-content\/uploads\/2026\/09\/Vimos-rendirse-a-los-ingleses-1-360x360.jpg 360w, https:\/\/sergiolapegue.com\/site\/wp-content\/uploads\/2026\/09\/Vimos-rendirse-a-los-ingleses-1-696x696.jpg 696w\" sizes=\"auto, (max-width: 1000px) 100vw, 1000px\" \/><\/figure>\n\n\n\n<p class=\"wp-block-paragraph\"><strong>SARANDIARTE ESPACIO CULTURAL<\/strong><\/p>\n\n\n\n<p class=\"wp-block-paragraph\">Salto 63 \u2013 Sarand\u00ed \u2013 Buenos Aires \u2013 Argentina<\/p>\n\n\n\n<p class=\"wp-block-paragraph\">Tel\u00e9fono: 11 5 930 3984<\/p>\n\n\n\n<p class=\"wp-block-paragraph\">Entradas: $ 5.000 \u2013 en boleter\u00eda del teatro o por Alternativa Teatral \u2013 Link:<\/p>\n\n\n\n<p class=\"wp-block-paragraph\"><a href=\"https:\/\/publico.alternativateatral.com\/entradas102438-vimos-rendirse-a-los-ingleses?o=14\">Entradas para Vimos rendirse a los ingleses en SARANDIARTE &#8211; Alternativa Teatral<\/a><\/p>\n\n\n\n<p class=\"wp-block-paragraph\">Funciones: 12 y 19 de Septiembre \u2013 21:00 horas<\/p>\n\n\n\n<p class=\"wp-block-paragraph\">Gracias a todo el equipo de \u201cVimos rendirse a los ingleses\u201d por hacernos llegar la gacetilla de prensa de este espect\u00e1culo.<\/p>\n\n\n\n<p class=\"wp-block-paragraph\"><strong>SOBRE EL AUTOR Y DIRECTOR<\/strong><\/p>\n\n\n\n<figure class=\"wp-block-image size-full is-resized\"><img loading=\"lazy\" decoding=\"async\" width=\"1000\" height=\"996\" src=\"https:\/\/sergiolapegue.com\/site\/wp-content\/uploads\/2026\/09\/Vimos-rendirse-a-los-ingleses-David-Bogado.jpg\" alt=\"\" class=\"wp-image-32587\" style=\"width:429px;height:auto\" srcset=\"https:\/\/sergiolapegue.com\/site\/wp-content\/uploads\/2026\/09\/Vimos-rendirse-a-los-ingleses-David-Bogado.jpg 1000w, https:\/\/sergiolapegue.com\/site\/wp-content\/uploads\/2026\/09\/Vimos-rendirse-a-los-ingleses-David-Bogado-150x149.jpg 150w, https:\/\/sergiolapegue.com\/site\/wp-content\/uploads\/2026\/09\/Vimos-rendirse-a-los-ingleses-David-Bogado-60x60.jpg 60w, https:\/\/sergiolapegue.com\/site\/wp-content\/uploads\/2026\/09\/Vimos-rendirse-a-los-ingleses-David-Bogado-767x764.jpg 767w, https:\/\/sergiolapegue.com\/site\/wp-content\/uploads\/2026\/09\/Vimos-rendirse-a-los-ingleses-David-Bogado-300x299.jpg 300w, https:\/\/sergiolapegue.com\/site\/wp-content\/uploads\/2026\/09\/Vimos-rendirse-a-los-ingleses-David-Bogado-323x322.jpg 323w, https:\/\/sergiolapegue.com\/site\/wp-content\/uploads\/2026\/09\/Vimos-rendirse-a-los-ingleses-David-Bogado-696x693.jpg 696w, https:\/\/sergiolapegue.com\/site\/wp-content\/uploads\/2026\/09\/Vimos-rendirse-a-los-ingleses-David-Bogado-361x360.jpg 361w\" sizes=\"auto, (max-width: 1000px) 100vw, 1000px\" \/><\/figure>\n\n\n\n<p class=\"wp-block-paragraph\"><strong>David Bogado<\/strong>\u00a0Es egresado de la carrera\u00a0Puesta en Escena en la EMAD. Se form\u00f3 en Direcci\u00f3n y Puesta en escena con Julio Molina, Eduardo Pavelic, Andr\u00e9s Bazzalo, Tatiana Santana, Luis Cano, Andr\u00e9s Binetti, Ciro Zorzoli, Mariela Asensio y Pilar Ruiz. Dramaturgia con Gabriel Fern\u00e1ndez Chapo y H\u00e9ctor Levy-Daniel. Iluminaci\u00f3n con Soledad Ianni, Leandra Rodr\u00edguez, Agnese Lozupone y Alejandro Leroux. Completa su formaci\u00f3n en lo te\u00f3rico con Daniel Prieto, Julio Corigliano, Eduardo Segal, Estela Castronuovo, Cecilia Hopkins, Carlos Di Pasquo, Mariana Diaz, Natalia Sckolnik, Galo Ontivero, Andrea Marazzi, Laura Esterlino, Paula Travnik, Carlos Pelaez, Lorena Ballestero, Marcelo Valiente, Laura Poletti y Julieta Bottino. Ha finalizado su formaci\u00f3n como actor la\u00a0Escuela Municipal de Teatro de Lan\u00fas. Se form\u00f3 con Marcelo Xicarts, Marcelo Sanch\u00e9z, Walter Arce, Laura Garaglia, entre otros. Ha publicado su obra teatral\u00a0D\u00d1I\u00a0y\u00a0Vida D.\u00a0un libro de cuentos y poes\u00edas, con el que ha participado en diversos festivales. En el a\u00f1o 2014 forma su propia compa\u00f1\u00eda de teatro:\u00a0Clan Destino Teatro, ocupando los roles de dramaturgo y director hasta 2020, estrenando m\u00e1s de seis obras. En el 2016-2019 particip\u00f3, junto a un grupo de escritores, en la revista\u00a0Losotro.\u00a0En el 2017 crea\u00a0Monstra, una editorial independiente y autogestiva que se dedic\u00f3 a publicar obras de Teatro y Poes\u00eda de autores emergentes hasta el a\u00f1o 2020. Sus \u00faltimos trabajos como\u00a0director\u00a0han sido:\u00a0Telara\u00f1as de Eduardo Pavlovsky<em>,<\/em>\u00a0realizando dos temporadas en\u00a0\u00c1rea 623 y formando parte del\u00a0Festival Internacional de Buenos Aires\u00a0(FIBA 2023).\u00a0Necesidad de amar por encima de la apropiaci\u00f3n marginal,\u00a0un biodrama de Ayel\u00e9n Galech (Actualmente en cartel).\u00a0Also sprach el se\u00f1or N\u00fa\u00f1ez, versi\u00f3n libre del cuento de\u00a0Abelardo Castillo, realizando funciones en el\u00a0Teatro Gargant\u00faa y\u00a0en el\u00a0Teatro Tadr\u00f3n. Como\u00a0dramaturgo\u00a0ha estrenado:\u00a0Mis amigos saben, realizando tres temporadas en\u00a0El M\u00e9todo Kair\u00f3s Teatro, El Astrolabio Teatro y Animal Teatro. La memoria de las palabras,\u00a0realizando funciones en el\u00a0Del borde Espacio Teatral, Espacio 33 y\u00a0actualmente en cartel. Pobre Argentino Pobre y D\u00d1I,\u00a0ambas obras entrenadas en\u00a0Espacio Gad\u00ed. Como actor, sus \u00faltimos trabajos han sido:\u00a0La escondida<em>, dirigida por Nicol\u00e1s Cesare\u00a0<\/em>(actualmente en cartel)<em>,<\/em>\u00a0Morir de Sergi Berbel,\u00a0bajo la direcci\u00f3n de Elvira Tanferna.\u00a0Convicciones, obra basada en mon\u00f3logos de\u00a0Enrique Santos Disc\u00e9polo y su &#8220;mordisquito&#8221;,\u00a0bajo la direcci\u00f3n de W. Arce.\u00a0Hamlet<em>,\u00a0<\/em>adaptaci\u00f3n y direcci\u00f3n de Gustavo Roca. Actualmente se encuentra dando\u00a0seminarios de actuaci\u00f3n y puesta en escena en\u00a0Sarandiarte Espacio Cultural\u00a0y\u00a0La Usina de Barracas. Ha creado el\u00a0Ciclo Historias Vivas, un elenco teatral que gira por diversos espacios interpretando obras bajo la tem\u00e1tica\u00a0Memoria, Verdad y Justicia. Es\u00a0docente de teatro en las\u00a0Cl\u00ednica Psiqui\u00e1trica CEPSA y COMAVE, ubicadas en la localidad de Avellaneda, y en la\u00a0Cl\u00ednica Psiqui\u00e1trica San Mart\u00edn, en la localidad de Berazategui. Realiza encuentros bimestrales dictando\u00a0talleres de escritura y literatura en el Servicio Penitenciario Unidad N\u00b054 de Florencio Varela. A su vez,\u00a0conduce\u00a0tres programas de radio:\u00a0Futuro Recuerdo\u00a0por Radio A, un programa semanal de entrevistas y humor pol\u00edtico,\u00a0Los Invisibles por Radio C\u00edtrica y<em>\u00a0<\/em>Entre las Nubes\u00a0por Radio Espacio FM. 98.7, programas con m\u00e1s de cien emisiones, realizado con pacientes de las Cl\u00ednicas Psiqui\u00e1tricas. <strong>Instagram:<\/strong> @historiasvivas<\/p>\n\n\n\n<p class=\"wp-block-paragraph\"><\/p>\n","protected":false},"excerpt":{"rendered":"<p>La obra \u201cVimos rendirse a los ingleses\u201d, con autor\u00eda y direcci\u00f3n de David Bogado se presentar\u00e1 los d\u00edas 12 y 19 de septiembre a las 21:00 horas, en Sarandiarte Espacio Cultural. Cuenta con las grandes actuaciones de Gonzalo Almada, Diego Feijo, Germ\u00e1n G\u00f3mez y Ezequiel Guerrini. Las entradas se pueden conseguir en la boleter\u00eda del [&hellip;]<\/p>\n","protected":false},"author":3,"featured_media":32588,"comment_status":"open","ping_status":"closed","sticky":false,"template":"","format":"standard","meta":{"footnotes":""},"categories":[34,35],"tags":[],"class_list":["post-32584","post","type-post","status-publish","format-standard","has-post-thumbnail","category-arte","category-teatro"],"yoast_head":"<!-- This site is optimized with the Yoast SEO plugin v28.4 - https:\/\/yoast.com\/product\/yoast-seo-wordpress\/ -->\n<title>\u201cVIMOS RENDIRSE A LOS INGLESES\u201d - Sergio Lapegue<\/title>\n<meta name=\"robots\" content=\"index, follow, max-snippet:-1, max-image-preview:large, max-video-preview:-1\" \/>\n<link rel=\"canonical\" href=\"https:\/\/sergiolapegue.com\/site\/2026\/09\/03\/vimos-rendirse-a-los-ingleses\/\" \/>\n<meta property=\"og:locale\" content=\"es_ES\" \/>\n<meta property=\"og:type\" content=\"article\" \/>\n<meta property=\"og:title\" content=\"\u201cVIMOS RENDIRSE A LOS INGLESES\u201d - Sergio Lapegue\" \/>\n<meta property=\"og:description\" content=\"La obra \u201cVimos rendirse a los ingleses\u201d, con autor\u00eda y direcci\u00f3n de David Bogado se presentar\u00e1 los d\u00edas 12 y 19 de septiembre a las 21:00 horas, en Sarandiarte Espacio Cultural. Cuenta con las grandes actuaciones de Gonzalo Almada, Diego Feijo, Germ\u00e1n G\u00f3mez y Ezequiel Guerrini. Las entradas se pueden conseguir en la boleter\u00eda del [&hellip;]\" \/>\n<meta property=\"og:url\" content=\"https:\/\/sergiolapegue.com\/site\/2026\/09\/03\/vimos-rendirse-a-los-ingleses\/\" \/>\n<meta property=\"og:site_name\" content=\"Sergio Lapegue\" \/>\n<meta property=\"article:publisher\" content=\"https:\/\/facebook.com\/sergiolapegue\" \/>\n<meta property=\"article:author\" content=\"https:\/\/facebook.com\/danielernesto.montana\" \/>\n<meta property=\"article:published_time\" content=\"2026-09-03T20:00:00+00:00\" \/>\n<meta property=\"og:image\" content=\"https:\/\/sergiolapegue.com\/site\/wp-content\/uploads\/2026\/09\/Vimos-rendirse-a-los-ingleses.jpg\" \/>\n\t<meta property=\"og:image:width\" content=\"1000\" \/>\n\t<meta property=\"og:image:height\" content=\"1333\" \/>\n\t<meta property=\"og:image:type\" content=\"image\/jpeg\" \/>\n<meta name=\"author\" content=\"Daniel E. Monta\u00f1a\" \/>\n<meta name=\"twitter:card\" content=\"summary_large_image\" \/>\n<meta name=\"twitter:creator\" content=\"@https:\/\/twitter.com\/daner_004\" \/>\n<meta name=\"twitter:site\" content=\"@sergiolapegue\" \/>\n<meta name=\"twitter:label1\" content=\"Escrito por\" \/>\n\t<meta name=\"twitter:data1\" content=\"Daniel E. Monta\u00f1a\" \/>\n\t<meta name=\"twitter:label2\" content=\"Tiempo de lectura\" \/>\n\t<meta name=\"twitter:data2\" content=\"6 minutos\" \/>\n<script type=\"application\/ld+json\" class=\"yoast-schema-graph\">{\"@context\":\"https:\\\/\\\/schema.org\",\"@graph\":[{\"@type\":\"Article\",\"@id\":\"https:\\\/\\\/sergiolapegue.com\\\/site\\\/2026\\\/09\\\/03\\\/vimos-rendirse-a-los-ingleses\\\/#article\",\"isPartOf\":{\"@id\":\"https:\\\/\\\/sergiolapegue.com\\\/site\\\/2026\\\/09\\\/03\\\/vimos-rendirse-a-los-ingleses\\\/\"},\"author\":{\"name\":\"Daniel E. Monta\u00f1a\",\"@id\":\"https:\\\/\\\/sergiolapegue.com\\\/site\\\/#\\\/schema\\\/person\\\/9198e7dbab43c6d74d0fd5399af7c3cd\"},\"headline\":\"\u201cVIMOS RENDIRSE A LOS INGLESES\u201d\",\"datePublished\":\"2026-09-03T20:00:00+00:00\",\"mainEntityOfPage\":{\"@id\":\"https:\\\/\\\/sergiolapegue.com\\\/site\\\/2026\\\/09\\\/03\\\/vimos-rendirse-a-los-ingleses\\\/\"},\"wordCount\":1043,\"commentCount\":0,\"publisher\":{\"@id\":\"https:\\\/\\\/sergiolapegue.com\\\/site\\\/#\\\/schema\\\/person\\\/083aeceeb0734cd166779ea6c0551a37\"},\"image\":{\"@id\":\"https:\\\/\\\/sergiolapegue.com\\\/site\\\/2026\\\/09\\\/03\\\/vimos-rendirse-a-los-ingleses\\\/#primaryimage\"},\"thumbnailUrl\":\"https:\\\/\\\/sergiolapegue.com\\\/site\\\/wp-content\\\/uploads\\\/2026\\\/09\\\/Vimos-rendirse-a-los-ingleses.jpg\",\"articleSection\":[\"Arte\",\"Teatro\"],\"inLanguage\":\"es-AR\",\"potentialAction\":[{\"@type\":\"CommentAction\",\"name\":\"Comment\",\"target\":[\"https:\\\/\\\/sergiolapegue.com\\\/site\\\/2026\\\/09\\\/03\\\/vimos-rendirse-a-los-ingleses\\\/#respond\"]}]},{\"@type\":\"WebPage\",\"@id\":\"https:\\\/\\\/sergiolapegue.com\\\/site\\\/2026\\\/09\\\/03\\\/vimos-rendirse-a-los-ingleses\\\/\",\"url\":\"https:\\\/\\\/sergiolapegue.com\\\/site\\\/2026\\\/09\\\/03\\\/vimos-rendirse-a-los-ingleses\\\/\",\"name\":\"\u201cVIMOS RENDIRSE A LOS INGLESES\u201d - Sergio Lapegue\",\"isPartOf\":{\"@id\":\"https:\\\/\\\/sergiolapegue.com\\\/site\\\/#website\"},\"primaryImageOfPage\":{\"@id\":\"https:\\\/\\\/sergiolapegue.com\\\/site\\\/2026\\\/09\\\/03\\\/vimos-rendirse-a-los-ingleses\\\/#primaryimage\"},\"image\":{\"@id\":\"https:\\\/\\\/sergiolapegue.com\\\/site\\\/2026\\\/09\\\/03\\\/vimos-rendirse-a-los-ingleses\\\/#primaryimage\"},\"thumbnailUrl\":\"https:\\\/\\\/sergiolapegue.com\\\/site\\\/wp-content\\\/uploads\\\/2026\\\/09\\\/Vimos-rendirse-a-los-ingleses.jpg\",\"datePublished\":\"2026-09-03T20:00:00+00:00\",\"breadcrumb\":{\"@id\":\"https:\\\/\\\/sergiolapegue.com\\\/site\\\/2026\\\/09\\\/03\\\/vimos-rendirse-a-los-ingleses\\\/#breadcrumb\"},\"inLanguage\":\"es-AR\",\"potentialAction\":[{\"@type\":\"ReadAction\",\"target\":[\"https:\\\/\\\/sergiolapegue.com\\\/site\\\/2026\\\/09\\\/03\\\/vimos-rendirse-a-los-ingleses\\\/\"]}]},{\"@type\":\"ImageObject\",\"inLanguage\":\"es-AR\",\"@id\":\"https:\\\/\\\/sergiolapegue.com\\\/site\\\/2026\\\/09\\\/03\\\/vimos-rendirse-a-los-ingleses\\\/#primaryimage\",\"url\":\"https:\\\/\\\/sergiolapegue.com\\\/site\\\/wp-content\\\/uploads\\\/2026\\\/09\\\/Vimos-rendirse-a-los-ingleses.jpg\",\"contentUrl\":\"https:\\\/\\\/sergiolapegue.com\\\/site\\\/wp-content\\\/uploads\\\/2026\\\/09\\\/Vimos-rendirse-a-los-ingleses.jpg\",\"width\":1000,\"height\":1333},{\"@type\":\"BreadcrumbList\",\"@id\":\"https:\\\/\\\/sergiolapegue.com\\\/site\\\/2026\\\/09\\\/03\\\/vimos-rendirse-a-los-ingleses\\\/#breadcrumb\",\"itemListElement\":[{\"@type\":\"ListItem\",\"position\":1,\"name\":\"Inicio\",\"item\":\"https:\\\/\\\/sergiolapegue.com\\\/site\\\/\"},{\"@type\":\"ListItem\",\"position\":2,\"name\":\"\u201cVIMOS RENDIRSE A LOS INGLESES\u201d\"}]},{\"@type\":\"WebSite\",\"@id\":\"https:\\\/\\\/sergiolapegue.com\\\/site\\\/#website\",\"url\":\"https:\\\/\\\/sergiolapegue.com\\\/site\\\/\",\"name\":\"Sergio Lapegue\",\"description\":\"Periodista y conductor de radio y televisi\u00f3n argentino, nacido el 6 de septiembre de 1964.\",\"publisher\":{\"@id\":\"https:\\\/\\\/sergiolapegue.com\\\/site\\\/#\\\/schema\\\/person\\\/083aeceeb0734cd166779ea6c0551a37\"},\"potentialAction\":[{\"@type\":\"SearchAction\",\"target\":{\"@type\":\"EntryPoint\",\"urlTemplate\":\"https:\\\/\\\/sergiolapegue.com\\\/site\\\/?s={search_term_string}\"},\"query-input\":{\"@type\":\"PropertyValueSpecification\",\"valueRequired\":true,\"valueName\":\"search_term_string\"}}],\"inLanguage\":\"es-AR\"},{\"@type\":[\"Person\",\"Organization\"],\"@id\":\"https:\\\/\\\/sergiolapegue.com\\\/site\\\/#\\\/schema\\\/person\\\/083aeceeb0734cd166779ea6c0551a37\",\"name\":\"Sergio Lapegue\",\"image\":{\"@type\":\"ImageObject\",\"inLanguage\":\"es-AR\",\"@id\":\"https:\\\/\\\/sergiolapegue.com\\\/site\\\/wp-content\\\/uploads\\\/2021\\\/04\\\/logo_header-1.png\",\"url\":\"https:\\\/\\\/sergiolapegue.com\\\/site\\\/wp-content\\\/uploads\\\/2021\\\/04\\\/logo_header-1.png\",\"contentUrl\":\"https:\\\/\\\/sergiolapegue.com\\\/site\\\/wp-content\\\/uploads\\\/2021\\\/04\\\/logo_header-1.png\",\"width\":272,\"height\":90,\"caption\":\"Sergio Lapegue\"},\"logo\":{\"@id\":\"https:\\\/\\\/sergiolapegue.com\\\/site\\\/wp-content\\\/uploads\\\/2021\\\/04\\\/logo_header-1.png\"},\"sameAs\":[\"https:\\\/\\\/facebook.com\\\/sergiolapegue\",\"https:\\\/\\\/instagram.com\\\/sergiolapegue\",\"https:\\\/\\\/x.com\\\/https:\\\/\\\/twitter.com\\\/sergiolapegue\"]},{\"@type\":\"Person\",\"@id\":\"https:\\\/\\\/sergiolapegue.com\\\/site\\\/#\\\/schema\\\/person\\\/9198e7dbab43c6d74d0fd5399af7c3cd\",\"name\":\"Daniel E. Monta\u00f1a\",\"image\":{\"@type\":\"ImageObject\",\"inLanguage\":\"es-AR\",\"@id\":\"https:\\\/\\\/sergiolapegue.com\\\/site\\\/wp-content\\\/uploads\\\/2021\\\/04\\\/sl_avatar_Daniel-150x150.jpg\",\"url\":\"https:\\\/\\\/sergiolapegue.com\\\/site\\\/wp-content\\\/uploads\\\/2021\\\/04\\\/sl_avatar_Daniel-150x150.jpg\",\"contentUrl\":\"https:\\\/\\\/sergiolapegue.com\\\/site\\\/wp-content\\\/uploads\\\/2021\\\/04\\\/sl_avatar_Daniel-150x150.jpg\",\"caption\":\"Daniel E. Monta\u00f1a\"},\"sameAs\":[\"https:\\\/\\\/facebook.com\\\/danielernesto.montana\",\"https:\\\/\\\/instagram.com\\\/daniel_montana1961\",\"https:\\\/\\\/x.com\\\/https:\\\/\\\/twitter.com\\\/daner_004\"],\"url\":\"https:\\\/\\\/sergiolapegue.com\\\/site\\\/author\\\/daniel\\\/\"}]}<\/script>\n<!-- \/ Yoast SEO plugin. -->","yoast_head_json":{"title":"\u201cVIMOS RENDIRSE A LOS INGLESES\u201d - Sergio Lapegue","robots":{"index":"index","follow":"follow","max-snippet":"max-snippet:-1","max-image-preview":"max-image-preview:large","max-video-preview":"max-video-preview:-1"},"canonical":"https:\/\/sergiolapegue.com\/site\/2026\/09\/03\/vimos-rendirse-a-los-ingleses\/","og_locale":"es_ES","og_type":"article","og_title":"\u201cVIMOS RENDIRSE A LOS INGLESES\u201d - Sergio Lapegue","og_description":"La obra \u201cVimos rendirse a los ingleses\u201d, con autor\u00eda y direcci\u00f3n de David Bogado se presentar\u00e1 los d\u00edas 12 y 19 de septiembre a las 21:00 horas, en Sarandiarte Espacio Cultural. Cuenta con las grandes actuaciones de Gonzalo Almada, Diego Feijo, Germ\u00e1n G\u00f3mez y Ezequiel Guerrini. Las entradas se pueden conseguir en la boleter\u00eda del [&hellip;]","og_url":"https:\/\/sergiolapegue.com\/site\/2026\/09\/03\/vimos-rendirse-a-los-ingleses\/","og_site_name":"Sergio Lapegue","article_publisher":"https:\/\/facebook.com\/sergiolapegue","article_author":"https:\/\/facebook.com\/danielernesto.montana","article_published_time":"2026-09-03T20:00:00+00:00","og_image":[{"width":1000,"height":1333,"url":"https:\/\/sergiolapegue.com\/site\/wp-content\/uploads\/2026\/09\/Vimos-rendirse-a-los-ingleses.jpg","type":"image\/jpeg"}],"author":"Daniel E. Monta\u00f1a","twitter_card":"summary_large_image","twitter_creator":"@https:\/\/twitter.com\/daner_004","twitter_site":"@sergiolapegue","twitter_misc":{"Escrito por":"Daniel E. Monta\u00f1a","Tiempo de lectura":"6 minutos"},"schema":{"@context":"https:\/\/schema.org","@graph":[{"@type":"Article","@id":"https:\/\/sergiolapegue.com\/site\/2026\/09\/03\/vimos-rendirse-a-los-ingleses\/#article","isPartOf":{"@id":"https:\/\/sergiolapegue.com\/site\/2026\/09\/03\/vimos-rendirse-a-los-ingleses\/"},"author":{"name":"Daniel E. Monta\u00f1a","@id":"https:\/\/sergiolapegue.com\/site\/#\/schema\/person\/9198e7dbab43c6d74d0fd5399af7c3cd"},"headline":"\u201cVIMOS RENDIRSE A LOS INGLESES\u201d","datePublished":"2026-09-03T20:00:00+00:00","mainEntityOfPage":{"@id":"https:\/\/sergiolapegue.com\/site\/2026\/09\/03\/vimos-rendirse-a-los-ingleses\/"},"wordCount":1043,"commentCount":0,"publisher":{"@id":"https:\/\/sergiolapegue.com\/site\/#\/schema\/person\/083aeceeb0734cd166779ea6c0551a37"},"image":{"@id":"https:\/\/sergiolapegue.com\/site\/2026\/09\/03\/vimos-rendirse-a-los-ingleses\/#primaryimage"},"thumbnailUrl":"https:\/\/sergiolapegue.com\/site\/wp-content\/uploads\/2026\/09\/Vimos-rendirse-a-los-ingleses.jpg","articleSection":["Arte","Teatro"],"inLanguage":"es-AR","potentialAction":[{"@type":"CommentAction","name":"Comment","target":["https:\/\/sergiolapegue.com\/site\/2026\/09\/03\/vimos-rendirse-a-los-ingleses\/#respond"]}]},{"@type":"WebPage","@id":"https:\/\/sergiolapegue.com\/site\/2026\/09\/03\/vimos-rendirse-a-los-ingleses\/","url":"https:\/\/sergiolapegue.com\/site\/2026\/09\/03\/vimos-rendirse-a-los-ingleses\/","name":"\u201cVIMOS RENDIRSE A LOS INGLESES\u201d - Sergio Lapegue","isPartOf":{"@id":"https:\/\/sergiolapegue.com\/site\/#website"},"primaryImageOfPage":{"@id":"https:\/\/sergiolapegue.com\/site\/2026\/09\/03\/vimos-rendirse-a-los-ingleses\/#primaryimage"},"image":{"@id":"https:\/\/sergiolapegue.com\/site\/2026\/09\/03\/vimos-rendirse-a-los-ingleses\/#primaryimage"},"thumbnailUrl":"https:\/\/sergiolapegue.com\/site\/wp-content\/uploads\/2026\/09\/Vimos-rendirse-a-los-ingleses.jpg","datePublished":"2026-09-03T20:00:00+00:00","breadcrumb":{"@id":"https:\/\/sergiolapegue.com\/site\/2026\/09\/03\/vimos-rendirse-a-los-ingleses\/#breadcrumb"},"inLanguage":"es-AR","potentialAction":[{"@type":"ReadAction","target":["https:\/\/sergiolapegue.com\/site\/2026\/09\/03\/vimos-rendirse-a-los-ingleses\/"]}]},{"@type":"ImageObject","inLanguage":"es-AR","@id":"https:\/\/sergiolapegue.com\/site\/2026\/09\/03\/vimos-rendirse-a-los-ingleses\/#primaryimage","url":"https:\/\/sergiolapegue.com\/site\/wp-content\/uploads\/2026\/09\/Vimos-rendirse-a-los-ingleses.jpg","contentUrl":"https:\/\/sergiolapegue.com\/site\/wp-content\/uploads\/2026\/09\/Vimos-rendirse-a-los-ingleses.jpg","width":1000,"height":1333},{"@type":"BreadcrumbList","@id":"https:\/\/sergiolapegue.com\/site\/2026\/09\/03\/vimos-rendirse-a-los-ingleses\/#breadcrumb","itemListElement":[{"@type":"ListItem","position":1,"name":"Inicio","item":"https:\/\/sergiolapegue.com\/site\/"},{"@type":"ListItem","position":2,"name":"\u201cVIMOS RENDIRSE A LOS INGLESES\u201d"}]},{"@type":"WebSite","@id":"https:\/\/sergiolapegue.com\/site\/#website","url":"https:\/\/sergiolapegue.com\/site\/","name":"Sergio Lapegue","description":"Periodista y conductor de radio y televisi\u00f3n argentino, nacido el 6 de septiembre de 1964.","publisher":{"@id":"https:\/\/sergiolapegue.com\/site\/#\/schema\/person\/083aeceeb0734cd166779ea6c0551a37"},"potentialAction":[{"@type":"SearchAction","target":{"@type":"EntryPoint","urlTemplate":"https:\/\/sergiolapegue.com\/site\/?s={search_term_string}"},"query-input":{"@type":"PropertyValueSpecification","valueRequired":true,"valueName":"search_term_string"}}],"inLanguage":"es-AR"},{"@type":["Person","Organization"],"@id":"https:\/\/sergiolapegue.com\/site\/#\/schema\/person\/083aeceeb0734cd166779ea6c0551a37","name":"Sergio Lapegue","image":{"@type":"ImageObject","inLanguage":"es-AR","@id":"https:\/\/sergiolapegue.com\/site\/wp-content\/uploads\/2021\/04\/logo_header-1.png","url":"https:\/\/sergiolapegue.com\/site\/wp-content\/uploads\/2021\/04\/logo_header-1.png","contentUrl":"https:\/\/sergiolapegue.com\/site\/wp-content\/uploads\/2021\/04\/logo_header-1.png","width":272,"height":90,"caption":"Sergio Lapegue"},"logo":{"@id":"https:\/\/sergiolapegue.com\/site\/wp-content\/uploads\/2021\/04\/logo_header-1.png"},"sameAs":["https:\/\/facebook.com\/sergiolapegue","https:\/\/instagram.com\/sergiolapegue","https:\/\/x.com\/https:\/\/twitter.com\/sergiolapegue"]},{"@type":"Person","@id":"https:\/\/sergiolapegue.com\/site\/#\/schema\/person\/9198e7dbab43c6d74d0fd5399af7c3cd","name":"Daniel E. Monta\u00f1a","image":{"@type":"ImageObject","inLanguage":"es-AR","@id":"https:\/\/sergiolapegue.com\/site\/wp-content\/uploads\/2021\/04\/sl_avatar_Daniel-150x150.jpg","url":"https:\/\/sergiolapegue.com\/site\/wp-content\/uploads\/2021\/04\/sl_avatar_Daniel-150x150.jpg","contentUrl":"https:\/\/sergiolapegue.com\/site\/wp-content\/uploads\/2021\/04\/sl_avatar_Daniel-150x150.jpg","caption":"Daniel E. Monta\u00f1a"},"sameAs":["https:\/\/facebook.com\/danielernesto.montana","https:\/\/instagram.com\/daniel_montana1961","https:\/\/x.com\/https:\/\/twitter.com\/daner_004"],"url":"https:\/\/sergiolapegue.com\/site\/author\/daniel\/"}]}},"_links":{"self":[{"href":"https:\/\/sergiolapegue.com\/site\/wp-json\/wp\/v2\/posts\/32584","targetHints":{"allow":["GET"]}}],"collection":[{"href":"https:\/\/sergiolapegue.com\/site\/wp-json\/wp\/v2\/posts"}],"about":[{"href":"https:\/\/sergiolapegue.com\/site\/wp-json\/wp\/v2\/types\/post"}],"author":[{"embeddable":true,"href":"https:\/\/sergiolapegue.com\/site\/wp-json\/wp\/v2\/users\/3"}],"replies":[{"embeddable":true,"href":"https:\/\/sergiolapegue.com\/site\/wp-json\/wp\/v2\/comments?post=32584"}],"version-history":[{"count":1,"href":"https:\/\/sergiolapegue.com\/site\/wp-json\/wp\/v2\/posts\/32584\/revisions"}],"predecessor-version":[{"id":32589,"href":"https:\/\/sergiolapegue.com\/site\/wp-json\/wp\/v2\/posts\/32584\/revisions\/32589"}],"wp:featuredmedia":[{"embeddable":true,"href":"https:\/\/sergiolapegue.com\/site\/wp-json\/wp\/v2\/media\/32588"}],"wp:attachment":[{"href":"https:\/\/sergiolapegue.com\/site\/wp-json\/wp\/v2\/media?parent=32584"}],"wp:term":[{"taxonomy":"category","embeddable":true,"href":"https:\/\/sergiolapegue.com\/site\/wp-json\/wp\/v2\/categories?post=32584"},{"taxonomy":"post_tag","embeddable":true,"href":"https:\/\/sergiolapegue.com\/site\/wp-json\/wp\/v2\/tags?post=32584"}],"curies":[{"name":"wp","href":"https:\/\/api.w.org\/{rel}","templated":true}]}}