{"id":32578,"date":"2026-09-03T09:00:00","date_gmt":"2026-09-03T12:00:00","guid":{"rendered":"https:\/\/sergiolapegue.com\/site\/?p=32578"},"modified":"2026-09-02T05:08:42","modified_gmt":"2026-09-02T08:08:42","slug":"mi-joven-vida-tiene-un-final-2","status":"publish","type":"post","link":"https:\/\/sergiolapegue.com\/site\/2026\/09\/03\/mi-joven-vida-tiene-un-final-2\/","title":{"rendered":"\u201cMI JOVEN VIDA TIENE UN FINAL\u201d"},"content":{"rendered":"\n<p class=\"wp-block-paragraph\">\u201cMi joven vida tiene un final\u201d, con dramaturgia y direcci\u00f3n de Pablo Rotemberg llega al Centro Cultural Borges, Sala Astor Piazzolla, con las actuaciones deValent\u00edn Caringella, Ezequiel Posse y Pablo Rotemberg.<\/p>\n\n\n\n<p class=\"wp-block-paragraph\">Pablo Rotemberg&nbsp;es director, core\u00f3grafo, m\u00fasico y docente. Egresado de la Universidad del Cine y del Conservatorio Nacional de M\u00fasica Carlos L\u00f3pez Buchardo. Es titular de C\u00e1tedra en la Universidad Nacional de las Artes. Sus obras se han presentado en Europa y Latinoam\u00e9rica.<\/p>\n\n\n\n<p class=\"wp-block-paragraph\">Ser\u00e1n solo 8 \u00fanicas funciones con entrada libre y gratuita los d\u00edas 12, 13, 16, 19, 20, 23, 26 y 27 de septiembre a las 20:00 horas.<\/p>\n\n\n\n<p class=\"wp-block-paragraph\">Este espect\u00e1culo cuenta con el subsidio del Instituto Prodanza.<\/p>\n\n\n\n<p class=\"wp-block-paragraph\">Pablo Rotemberg es Norma Desmond, la m\u00edtica protagonista de Sunset Boulevard, la pel\u00edcula dirigida por Billy Wilder en 1950. Es una Norma transfigurada, la excusa perfecta para desarrollar ciertos clich\u00e9s: la negaci\u00f3n del paso del tiempo, el horror ante el deterioro del cuerpo, las formas que reviste la locura y, sobre todo, la fascinaci\u00f3n por el fin, el crep\u00fasculo y la muerte.<\/p>\n\n\n\n<figure class=\"wp-block-image size-full is-resized\"><img loading=\"lazy\" decoding=\"async\" width=\"1000\" height=\"632\" src=\"https:\/\/sergiolapegue.com\/site\/wp-content\/uploads\/2026\/09\/Mi-joven-vida-tiene-un-final-1.jpg\" alt=\"\" class=\"wp-image-32579\" style=\"width:1068px;height:auto\" srcset=\"https:\/\/sergiolapegue.com\/site\/wp-content\/uploads\/2026\/09\/Mi-joven-vida-tiene-un-final-1.jpg 1000w, https:\/\/sergiolapegue.com\/site\/wp-content\/uploads\/2026\/09\/Mi-joven-vida-tiene-un-final-1-300x190.jpg 300w, https:\/\/sergiolapegue.com\/site\/wp-content\/uploads\/2026\/09\/Mi-joven-vida-tiene-un-final-1-767x485.jpg 767w, https:\/\/sergiolapegue.com\/site\/wp-content\/uploads\/2026\/09\/Mi-joven-vida-tiene-un-final-1-323x204.jpg 323w, https:\/\/sergiolapegue.com\/site\/wp-content\/uploads\/2026\/09\/Mi-joven-vida-tiene-un-final-1-695x439.jpg 695w\" sizes=\"auto, (max-width: 1000px) 100vw, 1000px\" \/><\/figure>\n\n\n\n<p class=\"wp-block-paragraph\"><strong>SOBRE LA OBRA<\/strong><\/p>\n\n\n\n<p class=\"wp-block-paragraph\">El proyecto&nbsp;Mi joven vida tiene un final&nbsp;se centra en una propuesta esc\u00e9nica de car\u00e1cter h\u00edbrida, en la cual se desarrolla un universo ficcional donde la danza, el teatro, la m\u00fasica, el cine y hasta la filosof\u00eda, se entrelazan. La propuesta se inscribe en una l\u00ednea de investigaci\u00f3n art\u00edstica\/est\u00e9tica e ideol\u00f3gica que trae a escena la inquietud humana sobre el tiempo. Desde este marco, y ante la necesidad de investigar la resistencia carnal frente a una sociedad contempor\u00e1nea signada por el descarte corporal y el culto a lo nuevo, se traza un movimiento pendular entre el pasado y el futuro, la vida y la muerte. Este concepto se articula en la obra mediante el personaje cinematogr\u00e1fico de Norma Desmond, m\u00edtica protagonista de &#8220;Sunset Boulevard&#8221;, la pel\u00edcula dirigida por Billy Wilder en 1950. En la obra, este personaje adquiere un plano simb\u00f3lico que expresa, al menos, dos significados a la vez: Norma Desmond, actriz de cine mudo, personaje hist\u00f3rico real interpretado por Gloria Swanson a quien en la transici\u00f3n del cine mudo al sonoro, fue descartada de manera violenta por la nueva industria cinematogr\u00e1fica es, a su vez, el propio Pablo Rotemberg, int\u00e9rprete, core\u00f3grafo y m\u00fasico con amplia trayectoria y antecedentes de gran impacto en la escena nacional e internacional. La propuesta indaga en sentimientos \u00edntimos como el horror ante el deterioro del cuerpo, la negaci\u00f3n del paso del tiempo y la violencia impl\u00edcita en el acto de desechar lo que ya no se considera joven. El proyecto de Rotemberg utiliza la mutabilidad de la piel y la escenificaci\u00f3n de un cuerpo al l\u00edmite para cuestionar la aceleraci\u00f3n de un tiempo que ya no es medido por la experiencia carnal generando una resistencia del tiempo y del espacio.<\/p>\n\n\n\n<figure class=\"wp-block-image size-full is-resized\"><img loading=\"lazy\" decoding=\"async\" width=\"1000\" height=\"667\" src=\"https:\/\/sergiolapegue.com\/site\/wp-content\/uploads\/2026\/09\/Mi-joven-vida-tiene-un-final-3.jpg\" alt=\"\" class=\"wp-image-32580\" style=\"width:1068px;height:auto\" srcset=\"https:\/\/sergiolapegue.com\/site\/wp-content\/uploads\/2026\/09\/Mi-joven-vida-tiene-un-final-3.jpg 1000w, https:\/\/sergiolapegue.com\/site\/wp-content\/uploads\/2026\/09\/Mi-joven-vida-tiene-un-final-3-300x200.jpg 300w, https:\/\/sergiolapegue.com\/site\/wp-content\/uploads\/2026\/09\/Mi-joven-vida-tiene-un-final-3-768x512.jpg 768w, https:\/\/sergiolapegue.com\/site\/wp-content\/uploads\/2026\/09\/Mi-joven-vida-tiene-un-final-3-324x216.jpg 324w, https:\/\/sergiolapegue.com\/site\/wp-content\/uploads\/2026\/09\/Mi-joven-vida-tiene-un-final-3-696x464.jpg 696w\" sizes=\"auto, (max-width: 1000px) 100vw, 1000px\" \/><\/figure>\n\n\n\n<p class=\"wp-block-paragraph\"><strong>FICHA T\u00c9CNICO ART\u00cdSTICA<\/strong><\/p>\n\n\n\n<p class=\"wp-block-paragraph\"><strong>Dramaturgia:&nbsp;<\/strong>Pablo Rotemberg<\/p>\n\n\n\n<p class=\"wp-block-paragraph\"><strong>Performers:&nbsp;<\/strong>Valent\u00edn Caringella, Ezequiel Posse, Pablo Rotemberg<\/p>\n\n\n\n<p class=\"wp-block-paragraph\"><strong>Dise\u00f1o de iluminaci\u00f3n:&nbsp;<\/strong>Fernando Berreta<\/p>\n\n\n\n<p class=\"wp-block-paragraph\"><strong>Dise\u00f1o sonoro:&nbsp;<\/strong>Mat\u00edas Coulasso, Pablo Rotemberg<\/p>\n\n\n\n<p class=\"wp-block-paragraph\"><strong>Dise\u00f1o de vestuario:&nbsp;<\/strong>Ivi Zima<\/p>\n\n\n\n<p class=\"wp-block-paragraph\"><strong>Coach actoral:&nbsp;<\/strong>Valeria Grossi<\/p>\n\n\n\n<p class=\"wp-block-paragraph\"><strong>Entrenamiento vocal:&nbsp;<\/strong>Silvia Juan Bennazar<\/p>\n\n\n\n<p class=\"wp-block-paragraph\"><strong>Fotograf\u00eda:&nbsp;<\/strong>Luc\u00eda Guti\u00e9rrez, NINIO RAYO, Paola Evelina<\/p>\n\n\n\n<p class=\"wp-block-paragraph\"><strong>Comunicaci\u00f3n y prensa:&nbsp;<\/strong>Mutuverr\u00eda PR<\/p>\n\n\n\n<p class=\"wp-block-paragraph\"><strong>Asistencia coreogr\u00e1fica:&nbsp;<\/strong>Candela Mosquera<\/p>\n\n\n\n<p class=\"wp-block-paragraph\"><strong>Asistencia de direcci\u00f3n:&nbsp;<\/strong>Roc\u00edo Alagastino, Carolina Bergero<\/p>\n\n\n\n<p class=\"wp-block-paragraph\"><strong>Colaboraci\u00f3n art\u00edstica:&nbsp;<\/strong>Carla Di Grazia<\/p>\n\n\n\n<p class=\"wp-block-paragraph\"><strong>Direcci\u00f3n:&nbsp;<\/strong>Pablo Rotemberg<\/p>\n\n\n\n<p class=\"wp-block-paragraph\"><strong>Duraci\u00f3n:<\/strong> 55 minutos<\/p>\n\n\n\n<p class=\"wp-block-paragraph\"><strong>Agradecimientos:&nbsp;<\/strong>Eddy Garc\u00eda, Ana Pellegrini, Santiago Torricelli, Carola Yulita, Ciro Zorzoli, Adriana Barenstein, Alberto Negr\u00edn, Centro Cultural Borges.<\/p>\n\n\n\n<figure class=\"wp-block-image size-full is-resized\"><img loading=\"lazy\" decoding=\"async\" width=\"1000\" height=\"635\" src=\"https:\/\/sergiolapegue.com\/site\/wp-content\/uploads\/2026\/09\/Mi-joven-vida-tiene-un-final-4.jpg\" alt=\"\" class=\"wp-image-32581\" style=\"width:1068px;height:auto\" srcset=\"https:\/\/sergiolapegue.com\/site\/wp-content\/uploads\/2026\/09\/Mi-joven-vida-tiene-un-final-4.jpg 1000w, https:\/\/sergiolapegue.com\/site\/wp-content\/uploads\/2026\/09\/Mi-joven-vida-tiene-un-final-4-300x191.jpg 300w, https:\/\/sergiolapegue.com\/site\/wp-content\/uploads\/2026\/09\/Mi-joven-vida-tiene-un-final-4-767x487.jpg 767w, https:\/\/sergiolapegue.com\/site\/wp-content\/uploads\/2026\/09\/Mi-joven-vida-tiene-un-final-4-323x205.jpg 323w, https:\/\/sergiolapegue.com\/site\/wp-content\/uploads\/2026\/09\/Mi-joven-vida-tiene-un-final-4-694x441.jpg 694w\" sizes=\"auto, (max-width: 1000px) 100vw, 1000px\" \/><\/figure>\n\n\n\n<p class=\"wp-block-paragraph\"><strong>CENTRO CULTURAL BORGES \u2013 SALA ASTOR PIAZZOLLA<\/strong><\/p>\n\n\n\n<p class=\"wp-block-paragraph\">Viamonte 525 \u2013 Capital Federal \u2013 Buenos Aires \u2013 Argentina<\/p>\n\n\n\n<p class=\"wp-block-paragraph\">Web: <a href=\"https:\/\/centroculturalborges.gob.ar\">https:\/\/centroculturalborges.gob.ar<\/a><\/p>\n\n\n\n<p class=\"wp-block-paragraph\">Entradas: Libre y gratuita. Las mismas se retiran desde una hora antes de cada funci\u00f3n en Informes (primer piso) y se entregan hasta dos entradas por persona. El ingreso a la sala es por orden de llegada.<\/p>\n\n\n\n<p class=\"wp-block-paragraph\">Funciones: S\u00e1bados 12, 19 y 26 de Septiembre \u2013 20:00 horas<\/p>\n\n\n\n<p class=\"wp-block-paragraph\">\u00a0\u00a0\u00a0\u00a0\u00a0\u00a0\u00a0\u00a0\u00a0\u00a0\u00a0\u00a0\u00a0\u00a0\u00a0\u00a0\u00a0Domingos 13, 20 y 27 de Septiembre \u2013 20:00 horas<\/p>\n\n\n\n<p class=\"wp-block-paragraph\">\u00a0\u00a0\u00a0\u00a0\u00a0\u00a0\u00a0\u00a0\u00a0\u00a0\u00a0\u00a0\u00a0\u00a0\u00a0\u00a0\u00a0Mi\u00e9rcoles 16 y 23 de Septiembre \u2013 20:00 horas<\/p>\n\n\n\n<p class=\"wp-block-paragraph\">Gracias Mutuverr\u00eda PR por enviarnos la gacetilla de prensa de este espect\u00e1culo.<\/p>\n\n\n\n<p class=\"wp-block-paragraph\"><\/p>\n","protected":false},"excerpt":{"rendered":"<p>\u201cMi joven vida tiene un final\u201d, con dramaturgia y direcci\u00f3n de Pablo Rotemberg llega al Centro Cultural Borges, Sala Astor Piazzolla, con las actuaciones deValent\u00edn Caringella, Ezequiel Posse y Pablo Rotemberg. Pablo Rotemberg&nbsp;es director, core\u00f3grafo, m\u00fasico y docente. Egresado de la Universidad del Cine y del Conservatorio Nacional de M\u00fasica Carlos L\u00f3pez Buchardo. Es titular [&hellip;]<\/p>\n","protected":false},"author":3,"featured_media":32582,"comment_status":"open","ping_status":"closed","sticky":false,"template":"","format":"standard","meta":{"footnotes":""},"categories":[34,35],"tags":[],"class_list":["post-32578","post","type-post","status-publish","format-standard","has-post-thumbnail","category-arte","category-teatro"],"yoast_head":"<!-- This site is optimized with the Yoast SEO plugin v28.4 - https:\/\/yoast.com\/product\/yoast-seo-wordpress\/ -->\n<title>\u201cMI JOVEN VIDA TIENE UN FINAL\u201d - Sergio Lapegue<\/title>\n<meta name=\"robots\" content=\"index, follow, max-snippet:-1, max-image-preview:large, max-video-preview:-1\" \/>\n<link rel=\"canonical\" href=\"https:\/\/sergiolapegue.com\/site\/2026\/09\/03\/mi-joven-vida-tiene-un-final-2\/\" \/>\n<meta property=\"og:locale\" content=\"es_ES\" \/>\n<meta property=\"og:type\" content=\"article\" \/>\n<meta property=\"og:title\" content=\"\u201cMI JOVEN VIDA TIENE UN FINAL\u201d - Sergio Lapegue\" \/>\n<meta property=\"og:description\" content=\"\u201cMi joven vida tiene un final\u201d, con dramaturgia y direcci\u00f3n de Pablo Rotemberg llega al Centro Cultural Borges, Sala Astor Piazzolla, con las actuaciones deValent\u00edn Caringella, Ezequiel Posse y Pablo Rotemberg. Pablo Rotemberg&nbsp;es director, core\u00f3grafo, m\u00fasico y docente. Egresado de la Universidad del Cine y del Conservatorio Nacional de M\u00fasica Carlos L\u00f3pez Buchardo. Es titular [&hellip;]\" \/>\n<meta property=\"og:url\" content=\"https:\/\/sergiolapegue.com\/site\/2026\/09\/03\/mi-joven-vida-tiene-un-final-2\/\" \/>\n<meta property=\"og:site_name\" content=\"Sergio Lapegue\" \/>\n<meta property=\"article:publisher\" content=\"https:\/\/facebook.com\/sergiolapegue\" \/>\n<meta property=\"article:author\" content=\"https:\/\/facebook.com\/danielernesto.montana\" \/>\n<meta property=\"article:published_time\" content=\"2026-09-03T12:00:00+00:00\" \/>\n<meta property=\"og:image\" content=\"https:\/\/sergiolapegue.com\/site\/wp-content\/uploads\/2026\/09\/Mi-joven-vida-tiene-un-final.png\" \/>\n\t<meta property=\"og:image:width\" content=\"1000\" \/>\n\t<meta property=\"og:image:height\" content=\"557\" \/>\n\t<meta property=\"og:image:type\" content=\"image\/png\" \/>\n<meta name=\"author\" content=\"Daniel E. Monta\u00f1a\" \/>\n<meta name=\"twitter:card\" content=\"summary_large_image\" \/>\n<meta name=\"twitter:creator\" content=\"@https:\/\/twitter.com\/daner_004\" \/>\n<meta name=\"twitter:site\" content=\"@sergiolapegue\" \/>\n<meta name=\"twitter:label1\" content=\"Escrito por\" \/>\n\t<meta name=\"twitter:data1\" content=\"Daniel E. Monta\u00f1a\" \/>\n\t<meta name=\"twitter:label2\" content=\"Tiempo de lectura\" \/>\n\t<meta name=\"twitter:data2\" content=\"4 minutos\" \/>\n<script type=\"application\/ld+json\" class=\"yoast-schema-graph\">{\"@context\":\"https:\\\/\\\/schema.org\",\"@graph\":[{\"@type\":\"Article\",\"@id\":\"https:\\\/\\\/sergiolapegue.com\\\/site\\\/2026\\\/09\\\/03\\\/mi-joven-vida-tiene-un-final-2\\\/#article\",\"isPartOf\":{\"@id\":\"https:\\\/\\\/sergiolapegue.com\\\/site\\\/2026\\\/09\\\/03\\\/mi-joven-vida-tiene-un-final-2\\\/\"},\"author\":{\"name\":\"Daniel E. Monta\u00f1a\",\"@id\":\"https:\\\/\\\/sergiolapegue.com\\\/site\\\/#\\\/schema\\\/person\\\/9198e7dbab43c6d74d0fd5399af7c3cd\"},\"headline\":\"\u201cMI JOVEN VIDA TIENE UN FINAL\u201d\",\"datePublished\":\"2026-09-03T12:00:00+00:00\",\"mainEntityOfPage\":{\"@id\":\"https:\\\/\\\/sergiolapegue.com\\\/site\\\/2026\\\/09\\\/03\\\/mi-joven-vida-tiene-un-final-2\\\/\"},\"wordCount\":716,\"commentCount\":0,\"publisher\":{\"@id\":\"https:\\\/\\\/sergiolapegue.com\\\/site\\\/#\\\/schema\\\/person\\\/083aeceeb0734cd166779ea6c0551a37\"},\"image\":{\"@id\":\"https:\\\/\\\/sergiolapegue.com\\\/site\\\/2026\\\/09\\\/03\\\/mi-joven-vida-tiene-un-final-2\\\/#primaryimage\"},\"thumbnailUrl\":\"https:\\\/\\\/sergiolapegue.com\\\/site\\\/wp-content\\\/uploads\\\/2026\\\/09\\\/Mi-joven-vida-tiene-un-final.png\",\"articleSection\":[\"Arte\",\"Teatro\"],\"inLanguage\":\"es-AR\",\"potentialAction\":[{\"@type\":\"CommentAction\",\"name\":\"Comment\",\"target\":[\"https:\\\/\\\/sergiolapegue.com\\\/site\\\/2026\\\/09\\\/03\\\/mi-joven-vida-tiene-un-final-2\\\/#respond\"]}]},{\"@type\":\"WebPage\",\"@id\":\"https:\\\/\\\/sergiolapegue.com\\\/site\\\/2026\\\/09\\\/03\\\/mi-joven-vida-tiene-un-final-2\\\/\",\"url\":\"https:\\\/\\\/sergiolapegue.com\\\/site\\\/2026\\\/09\\\/03\\\/mi-joven-vida-tiene-un-final-2\\\/\",\"name\":\"\u201cMI JOVEN VIDA TIENE UN FINAL\u201d - Sergio Lapegue\",\"isPartOf\":{\"@id\":\"https:\\\/\\\/sergiolapegue.com\\\/site\\\/#website\"},\"primaryImageOfPage\":{\"@id\":\"https:\\\/\\\/sergiolapegue.com\\\/site\\\/2026\\\/09\\\/03\\\/mi-joven-vida-tiene-un-final-2\\\/#primaryimage\"},\"image\":{\"@id\":\"https:\\\/\\\/sergiolapegue.com\\\/site\\\/2026\\\/09\\\/03\\\/mi-joven-vida-tiene-un-final-2\\\/#primaryimage\"},\"thumbnailUrl\":\"https:\\\/\\\/sergiolapegue.com\\\/site\\\/wp-content\\\/uploads\\\/2026\\\/09\\\/Mi-joven-vida-tiene-un-final.png\",\"datePublished\":\"2026-09-03T12:00:00+00:00\",\"breadcrumb\":{\"@id\":\"https:\\\/\\\/sergiolapegue.com\\\/site\\\/2026\\\/09\\\/03\\\/mi-joven-vida-tiene-un-final-2\\\/#breadcrumb\"},\"inLanguage\":\"es-AR\",\"potentialAction\":[{\"@type\":\"ReadAction\",\"target\":[\"https:\\\/\\\/sergiolapegue.com\\\/site\\\/2026\\\/09\\\/03\\\/mi-joven-vida-tiene-un-final-2\\\/\"]}]},{\"@type\":\"ImageObject\",\"inLanguage\":\"es-AR\",\"@id\":\"https:\\\/\\\/sergiolapegue.com\\\/site\\\/2026\\\/09\\\/03\\\/mi-joven-vida-tiene-un-final-2\\\/#primaryimage\",\"url\":\"https:\\\/\\\/sergiolapegue.com\\\/site\\\/wp-content\\\/uploads\\\/2026\\\/09\\\/Mi-joven-vida-tiene-un-final.png\",\"contentUrl\":\"https:\\\/\\\/sergiolapegue.com\\\/site\\\/wp-content\\\/uploads\\\/2026\\\/09\\\/Mi-joven-vida-tiene-un-final.png\",\"width\":1000,\"height\":557},{\"@type\":\"BreadcrumbList\",\"@id\":\"https:\\\/\\\/sergiolapegue.com\\\/site\\\/2026\\\/09\\\/03\\\/mi-joven-vida-tiene-un-final-2\\\/#breadcrumb\",\"itemListElement\":[{\"@type\":\"ListItem\",\"position\":1,\"name\":\"Inicio\",\"item\":\"https:\\\/\\\/sergiolapegue.com\\\/site\\\/\"},{\"@type\":\"ListItem\",\"position\":2,\"name\":\"\u201cMI JOVEN VIDA TIENE UN FINAL\u201d\"}]},{\"@type\":\"WebSite\",\"@id\":\"https:\\\/\\\/sergiolapegue.com\\\/site\\\/#website\",\"url\":\"https:\\\/\\\/sergiolapegue.com\\\/site\\\/\",\"name\":\"Sergio Lapegue\",\"description\":\"Periodista y conductor de radio y televisi\u00f3n argentino, nacido el 6 de septiembre de 1964.\",\"publisher\":{\"@id\":\"https:\\\/\\\/sergiolapegue.com\\\/site\\\/#\\\/schema\\\/person\\\/083aeceeb0734cd166779ea6c0551a37\"},\"potentialAction\":[{\"@type\":\"SearchAction\",\"target\":{\"@type\":\"EntryPoint\",\"urlTemplate\":\"https:\\\/\\\/sergiolapegue.com\\\/site\\\/?s={search_term_string}\"},\"query-input\":{\"@type\":\"PropertyValueSpecification\",\"valueRequired\":true,\"valueName\":\"search_term_string\"}}],\"inLanguage\":\"es-AR\"},{\"@type\":[\"Person\",\"Organization\"],\"@id\":\"https:\\\/\\\/sergiolapegue.com\\\/site\\\/#\\\/schema\\\/person\\\/083aeceeb0734cd166779ea6c0551a37\",\"name\":\"Sergio Lapegue\",\"image\":{\"@type\":\"ImageObject\",\"inLanguage\":\"es-AR\",\"@id\":\"https:\\\/\\\/sergiolapegue.com\\\/site\\\/wp-content\\\/uploads\\\/2021\\\/04\\\/logo_header-1.png\",\"url\":\"https:\\\/\\\/sergiolapegue.com\\\/site\\\/wp-content\\\/uploads\\\/2021\\\/04\\\/logo_header-1.png\",\"contentUrl\":\"https:\\\/\\\/sergiolapegue.com\\\/site\\\/wp-content\\\/uploads\\\/2021\\\/04\\\/logo_header-1.png\",\"width\":272,\"height\":90,\"caption\":\"Sergio Lapegue\"},\"logo\":{\"@id\":\"https:\\\/\\\/sergiolapegue.com\\\/site\\\/wp-content\\\/uploads\\\/2021\\\/04\\\/logo_header-1.png\"},\"sameAs\":[\"https:\\\/\\\/facebook.com\\\/sergiolapegue\",\"https:\\\/\\\/instagram.com\\\/sergiolapegue\",\"https:\\\/\\\/x.com\\\/https:\\\/\\\/twitter.com\\\/sergiolapegue\"]},{\"@type\":\"Person\",\"@id\":\"https:\\\/\\\/sergiolapegue.com\\\/site\\\/#\\\/schema\\\/person\\\/9198e7dbab43c6d74d0fd5399af7c3cd\",\"name\":\"Daniel E. Monta\u00f1a\",\"image\":{\"@type\":\"ImageObject\",\"inLanguage\":\"es-AR\",\"@id\":\"https:\\\/\\\/sergiolapegue.com\\\/site\\\/wp-content\\\/uploads\\\/2021\\\/04\\\/sl_avatar_Daniel-150x150.jpg\",\"url\":\"https:\\\/\\\/sergiolapegue.com\\\/site\\\/wp-content\\\/uploads\\\/2021\\\/04\\\/sl_avatar_Daniel-150x150.jpg\",\"contentUrl\":\"https:\\\/\\\/sergiolapegue.com\\\/site\\\/wp-content\\\/uploads\\\/2021\\\/04\\\/sl_avatar_Daniel-150x150.jpg\",\"caption\":\"Daniel E. Monta\u00f1a\"},\"sameAs\":[\"https:\\\/\\\/facebook.com\\\/danielernesto.montana\",\"https:\\\/\\\/instagram.com\\\/daniel_montana1961\",\"https:\\\/\\\/x.com\\\/https:\\\/\\\/twitter.com\\\/daner_004\"],\"url\":\"https:\\\/\\\/sergiolapegue.com\\\/site\\\/author\\\/daniel\\\/\"}]}<\/script>\n<!-- \/ Yoast SEO plugin. -->","yoast_head_json":{"title":"\u201cMI JOVEN VIDA TIENE UN FINAL\u201d - Sergio Lapegue","robots":{"index":"index","follow":"follow","max-snippet":"max-snippet:-1","max-image-preview":"max-image-preview:large","max-video-preview":"max-video-preview:-1"},"canonical":"https:\/\/sergiolapegue.com\/site\/2026\/09\/03\/mi-joven-vida-tiene-un-final-2\/","og_locale":"es_ES","og_type":"article","og_title":"\u201cMI JOVEN VIDA TIENE UN FINAL\u201d - Sergio Lapegue","og_description":"\u201cMi joven vida tiene un final\u201d, con dramaturgia y direcci\u00f3n de Pablo Rotemberg llega al Centro Cultural Borges, Sala Astor Piazzolla, con las actuaciones deValent\u00edn Caringella, Ezequiel Posse y Pablo Rotemberg. Pablo Rotemberg&nbsp;es director, core\u00f3grafo, m\u00fasico y docente. Egresado de la Universidad del Cine y del Conservatorio Nacional de M\u00fasica Carlos L\u00f3pez Buchardo. Es titular [&hellip;]","og_url":"https:\/\/sergiolapegue.com\/site\/2026\/09\/03\/mi-joven-vida-tiene-un-final-2\/","og_site_name":"Sergio Lapegue","article_publisher":"https:\/\/facebook.com\/sergiolapegue","article_author":"https:\/\/facebook.com\/danielernesto.montana","article_published_time":"2026-09-03T12:00:00+00:00","og_image":[{"width":1000,"height":557,"url":"https:\/\/sergiolapegue.com\/site\/wp-content\/uploads\/2026\/09\/Mi-joven-vida-tiene-un-final.png","type":"image\/png"}],"author":"Daniel E. Monta\u00f1a","twitter_card":"summary_large_image","twitter_creator":"@https:\/\/twitter.com\/daner_004","twitter_site":"@sergiolapegue","twitter_misc":{"Escrito por":"Daniel E. Monta\u00f1a","Tiempo de lectura":"4 minutos"},"schema":{"@context":"https:\/\/schema.org","@graph":[{"@type":"Article","@id":"https:\/\/sergiolapegue.com\/site\/2026\/09\/03\/mi-joven-vida-tiene-un-final-2\/#article","isPartOf":{"@id":"https:\/\/sergiolapegue.com\/site\/2026\/09\/03\/mi-joven-vida-tiene-un-final-2\/"},"author":{"name":"Daniel E. Monta\u00f1a","@id":"https:\/\/sergiolapegue.com\/site\/#\/schema\/person\/9198e7dbab43c6d74d0fd5399af7c3cd"},"headline":"\u201cMI JOVEN VIDA TIENE UN FINAL\u201d","datePublished":"2026-09-03T12:00:00+00:00","mainEntityOfPage":{"@id":"https:\/\/sergiolapegue.com\/site\/2026\/09\/03\/mi-joven-vida-tiene-un-final-2\/"},"wordCount":716,"commentCount":0,"publisher":{"@id":"https:\/\/sergiolapegue.com\/site\/#\/schema\/person\/083aeceeb0734cd166779ea6c0551a37"},"image":{"@id":"https:\/\/sergiolapegue.com\/site\/2026\/09\/03\/mi-joven-vida-tiene-un-final-2\/#primaryimage"},"thumbnailUrl":"https:\/\/sergiolapegue.com\/site\/wp-content\/uploads\/2026\/09\/Mi-joven-vida-tiene-un-final.png","articleSection":["Arte","Teatro"],"inLanguage":"es-AR","potentialAction":[{"@type":"CommentAction","name":"Comment","target":["https:\/\/sergiolapegue.com\/site\/2026\/09\/03\/mi-joven-vida-tiene-un-final-2\/#respond"]}]},{"@type":"WebPage","@id":"https:\/\/sergiolapegue.com\/site\/2026\/09\/03\/mi-joven-vida-tiene-un-final-2\/","url":"https:\/\/sergiolapegue.com\/site\/2026\/09\/03\/mi-joven-vida-tiene-un-final-2\/","name":"\u201cMI JOVEN VIDA TIENE UN FINAL\u201d - Sergio Lapegue","isPartOf":{"@id":"https:\/\/sergiolapegue.com\/site\/#website"},"primaryImageOfPage":{"@id":"https:\/\/sergiolapegue.com\/site\/2026\/09\/03\/mi-joven-vida-tiene-un-final-2\/#primaryimage"},"image":{"@id":"https:\/\/sergiolapegue.com\/site\/2026\/09\/03\/mi-joven-vida-tiene-un-final-2\/#primaryimage"},"thumbnailUrl":"https:\/\/sergiolapegue.com\/site\/wp-content\/uploads\/2026\/09\/Mi-joven-vida-tiene-un-final.png","datePublished":"2026-09-03T12:00:00+00:00","breadcrumb":{"@id":"https:\/\/sergiolapegue.com\/site\/2026\/09\/03\/mi-joven-vida-tiene-un-final-2\/#breadcrumb"},"inLanguage":"es-AR","potentialAction":[{"@type":"ReadAction","target":["https:\/\/sergiolapegue.com\/site\/2026\/09\/03\/mi-joven-vida-tiene-un-final-2\/"]}]},{"@type":"ImageObject","inLanguage":"es-AR","@id":"https:\/\/sergiolapegue.com\/site\/2026\/09\/03\/mi-joven-vida-tiene-un-final-2\/#primaryimage","url":"https:\/\/sergiolapegue.com\/site\/wp-content\/uploads\/2026\/09\/Mi-joven-vida-tiene-un-final.png","contentUrl":"https:\/\/sergiolapegue.com\/site\/wp-content\/uploads\/2026\/09\/Mi-joven-vida-tiene-un-final.png","width":1000,"height":557},{"@type":"BreadcrumbList","@id":"https:\/\/sergiolapegue.com\/site\/2026\/09\/03\/mi-joven-vida-tiene-un-final-2\/#breadcrumb","itemListElement":[{"@type":"ListItem","position":1,"name":"Inicio","item":"https:\/\/sergiolapegue.com\/site\/"},{"@type":"ListItem","position":2,"name":"\u201cMI JOVEN VIDA TIENE UN FINAL\u201d"}]},{"@type":"WebSite","@id":"https:\/\/sergiolapegue.com\/site\/#website","url":"https:\/\/sergiolapegue.com\/site\/","name":"Sergio Lapegue","description":"Periodista y conductor de radio y televisi\u00f3n argentino, nacido el 6 de septiembre de 1964.","publisher":{"@id":"https:\/\/sergiolapegue.com\/site\/#\/schema\/person\/083aeceeb0734cd166779ea6c0551a37"},"potentialAction":[{"@type":"SearchAction","target":{"@type":"EntryPoint","urlTemplate":"https:\/\/sergiolapegue.com\/site\/?s={search_term_string}"},"query-input":{"@type":"PropertyValueSpecification","valueRequired":true,"valueName":"search_term_string"}}],"inLanguage":"es-AR"},{"@type":["Person","Organization"],"@id":"https:\/\/sergiolapegue.com\/site\/#\/schema\/person\/083aeceeb0734cd166779ea6c0551a37","name":"Sergio Lapegue","image":{"@type":"ImageObject","inLanguage":"es-AR","@id":"https:\/\/sergiolapegue.com\/site\/wp-content\/uploads\/2021\/04\/logo_header-1.png","url":"https:\/\/sergiolapegue.com\/site\/wp-content\/uploads\/2021\/04\/logo_header-1.png","contentUrl":"https:\/\/sergiolapegue.com\/site\/wp-content\/uploads\/2021\/04\/logo_header-1.png","width":272,"height":90,"caption":"Sergio Lapegue"},"logo":{"@id":"https:\/\/sergiolapegue.com\/site\/wp-content\/uploads\/2021\/04\/logo_header-1.png"},"sameAs":["https:\/\/facebook.com\/sergiolapegue","https:\/\/instagram.com\/sergiolapegue","https:\/\/x.com\/https:\/\/twitter.com\/sergiolapegue"]},{"@type":"Person","@id":"https:\/\/sergiolapegue.com\/site\/#\/schema\/person\/9198e7dbab43c6d74d0fd5399af7c3cd","name":"Daniel E. Monta\u00f1a","image":{"@type":"ImageObject","inLanguage":"es-AR","@id":"https:\/\/sergiolapegue.com\/site\/wp-content\/uploads\/2021\/04\/sl_avatar_Daniel-150x150.jpg","url":"https:\/\/sergiolapegue.com\/site\/wp-content\/uploads\/2021\/04\/sl_avatar_Daniel-150x150.jpg","contentUrl":"https:\/\/sergiolapegue.com\/site\/wp-content\/uploads\/2021\/04\/sl_avatar_Daniel-150x150.jpg","caption":"Daniel E. Monta\u00f1a"},"sameAs":["https:\/\/facebook.com\/danielernesto.montana","https:\/\/instagram.com\/daniel_montana1961","https:\/\/x.com\/https:\/\/twitter.com\/daner_004"],"url":"https:\/\/sergiolapegue.com\/site\/author\/daniel\/"}]}},"_links":{"self":[{"href":"https:\/\/sergiolapegue.com\/site\/wp-json\/wp\/v2\/posts\/32578","targetHints":{"allow":["GET"]}}],"collection":[{"href":"https:\/\/sergiolapegue.com\/site\/wp-json\/wp\/v2\/posts"}],"about":[{"href":"https:\/\/sergiolapegue.com\/site\/wp-json\/wp\/v2\/types\/post"}],"author":[{"embeddable":true,"href":"https:\/\/sergiolapegue.com\/site\/wp-json\/wp\/v2\/users\/3"}],"replies":[{"embeddable":true,"href":"https:\/\/sergiolapegue.com\/site\/wp-json\/wp\/v2\/comments?post=32578"}],"version-history":[{"count":1,"href":"https:\/\/sergiolapegue.com\/site\/wp-json\/wp\/v2\/posts\/32578\/revisions"}],"predecessor-version":[{"id":32583,"href":"https:\/\/sergiolapegue.com\/site\/wp-json\/wp\/v2\/posts\/32578\/revisions\/32583"}],"wp:featuredmedia":[{"embeddable":true,"href":"https:\/\/sergiolapegue.com\/site\/wp-json\/wp\/v2\/media\/32582"}],"wp:attachment":[{"href":"https:\/\/sergiolapegue.com\/site\/wp-json\/wp\/v2\/media?parent=32578"}],"wp:term":[{"taxonomy":"category","embeddable":true,"href":"https:\/\/sergiolapegue.com\/site\/wp-json\/wp\/v2\/categories?post=32578"},{"taxonomy":"post_tag","embeddable":true,"href":"https:\/\/sergiolapegue.com\/site\/wp-json\/wp\/v2\/tags?post=32578"}],"curies":[{"name":"wp","href":"https:\/\/api.w.org\/{rel}","templated":true}]}}