{"id":32569,"date":"2026-09-02T09:00:00","date_gmt":"2026-09-02T12:00:00","guid":{"rendered":"https:\/\/sergiolapegue.com\/site\/?p=32569"},"modified":"2026-09-01T18:35:11","modified_gmt":"2026-09-01T21:35:11","slug":"tres-palidas-hermanas","status":"publish","type":"post","link":"https:\/\/sergiolapegue.com\/site\/2026\/09\/02\/tres-palidas-hermanas\/","title":{"rendered":"\u201cTRES P\u00c1LIDAS HERMANAS\u201d"},"content":{"rendered":"\n<p class=\"wp-block-paragraph\">El\u00a0lunes 7 de septiembre a las 20:30 horas\u00a0en la antigua\u00a0casona Mili\u00f3n, tendr\u00e1 su estreno: \u201cTres p\u00e1lidas hermanas\u201d, un\u00a0<em>site specific<\/em>\u00a0en tono de comedia delirante con autor\u00eda\u00a0de Sebasti\u00e1n Su\u00f1\u00e9y las actuaciones\u00a0de\u00a0Mar\u00eda Rosa Frega,\u00a0Francisco Gonz\u00e1lez Gil,\u00a0Javier Marra,\u00a0Santiago Otero Ramos y Nacho P\u00e9rez.\u00a0<\/p>\n\n\n\n<p class=\"wp-block-paragraph\">La obra cuenta con\u00a0\u00a0la\u00a0direcci\u00f3n de Tatiana Santana<strong>\u00a0<\/strong>(&#8220;Le frig\u00f3&#8221;, &#8220;Mar\u00eda, es Callas&#8221;, &#8220;Cachafaz&#8221;, &#8220;La patria al hombro&#8221;) y la producci\u00f3n de Alg\u00e1n Producci\u00f3n esc\u00e9nica. Ser\u00e1n solamente 8 \u00fanicas funciones.<\/p>\n\n\n\n<figure class=\"wp-block-image size-large is-resized\"><img loading=\"lazy\" decoding=\"async\" width=\"931\" height=\"1024\" src=\"https:\/\/sergiolapegue.com\/site\/wp-content\/uploads\/2026\/09\/Tres-palidas-hermanas-1-931x1024.jpg\" alt=\"\" class=\"wp-image-32570\" style=\"width:1068px;height:auto\" srcset=\"https:\/\/sergiolapegue.com\/site\/wp-content\/uploads\/2026\/09\/Tres-palidas-hermanas-1-931x1024.jpg 931w, https:\/\/sergiolapegue.com\/site\/wp-content\/uploads\/2026\/09\/Tres-palidas-hermanas-1-273x300.jpg 273w, https:\/\/sergiolapegue.com\/site\/wp-content\/uploads\/2026\/09\/Tres-palidas-hermanas-1-767x844.jpg 767w, https:\/\/sergiolapegue.com\/site\/wp-content\/uploads\/2026\/09\/Tres-palidas-hermanas-1-695x765.jpg 695w, https:\/\/sergiolapegue.com\/site\/wp-content\/uploads\/2026\/09\/Tres-palidas-hermanas-1.jpg 1000w\" sizes=\"auto, (max-width: 931px) 100vw, 931px\" \/><\/figure>\n\n\n\n<p class=\"wp-block-paragraph\"><strong>SINOPSIS<\/strong><strong><\/strong><\/p>\n\n\n\n<p class=\"wp-block-paragraph\">Titina, Marosa y Urania son las tres p\u00e1lidas hermanas que habitan la casona de la calle Paran\u00e1. A diario sostienen sus rutinas m\u00e1s all\u00e1 de lo que suceda afuera, en eso que llamamos realidad. Titina intenta hacer un regio flan. Marosa lucha con Aurora, la vaca, que deber\u00eda darles leche pero parece rehusarse. Urania recibe mensajes que ser\u00e1n presagios de alg\u00fan pasado &#8211; o de un futuro. Damiana, la mucama cama adentro, las asiste y las padece. Un pianista se adentra en el caser\u00f3n y comienza a alterar el fr\u00e1gil equilibrio de sus habitantes. La m\u00fasica y el verso har\u00e1n lo suyo.<\/p>\n\n\n\n<p class=\"wp-block-paragraph\">Dos tiempos conviven: el de las hermanas, detenido en sus propias reglas, y el del pianista, incierto. Estos tiempos, antag\u00f3nicos y distantes, se confunden, se encuentran, se alteran. Por toda la casa, acompa\u00f1aremos a estos personajes mientras los secretos salen a la luz y entre todas, construyen su hermoso, delirante y familiar presente.<\/p>\n\n\n\n<figure class=\"wp-block-image size-large is-resized\"><img loading=\"lazy\" decoding=\"async\" width=\"1024\" height=\"453\" src=\"https:\/\/sergiolapegue.com\/site\/wp-content\/uploads\/2026\/09\/Tres-palidas-hermanas-3-1024x453.jpg\" alt=\"\" class=\"wp-image-32571\" style=\"width:1068px;height:auto\" srcset=\"https:\/\/sergiolapegue.com\/site\/wp-content\/uploads\/2026\/09\/Tres-palidas-hermanas-3-1024x453.jpg 1024w, https:\/\/sergiolapegue.com\/site\/wp-content\/uploads\/2026\/09\/Tres-palidas-hermanas-3-300x133.jpg 300w, https:\/\/sergiolapegue.com\/site\/wp-content\/uploads\/2026\/09\/Tres-palidas-hermanas-3-766x339.jpg 766w, https:\/\/sergiolapegue.com\/site\/wp-content\/uploads\/2026\/09\/Tres-palidas-hermanas-3-1536x680.jpg 1536w, https:\/\/sergiolapegue.com\/site\/wp-content\/uploads\/2026\/09\/Tres-palidas-hermanas-3-323x143.jpg 323w, https:\/\/sergiolapegue.com\/site\/wp-content\/uploads\/2026\/09\/Tres-palidas-hermanas-3-696x308.jpg 696w, https:\/\/sergiolapegue.com\/site\/wp-content\/uploads\/2026\/09\/Tres-palidas-hermanas-3-1066x472.jpg 1066w, https:\/\/sergiolapegue.com\/site\/wp-content\/uploads\/2026\/09\/Tres-palidas-hermanas-3.jpg 1900w\" sizes=\"auto, (max-width: 1024px) 100vw, 1024px\" \/><\/figure>\n\n\n\n<p class=\"wp-block-paragraph\"><strong>PLABRAS DE LA DIRECTORA<\/strong><strong><\/strong><\/p>\n\n\n\n<p class=\"wp-block-paragraph\">\u201cTres p\u00e1lidas hermanas es una experiencia. Una obra creada para habitar y disfrutar la hermosa casona de Mili\u00f3n, inspirada en su historia y en sus fantasmas. Una obra atravesada por la m\u00fasica, el humor, la poes\u00eda y el delirio. En palabras de las hermanas: una obra bien porte\u00f1a, bien argenta\u201d <strong>\u2013 Tatiana Santana<\/strong><\/p>\n\n\n\n<figure class=\"wp-block-image size-large is-resized\"><img loading=\"lazy\" decoding=\"async\" width=\"1024\" height=\"453\" src=\"https:\/\/sergiolapegue.com\/site\/wp-content\/uploads\/2026\/09\/Tres-palidas-hermanas-4-1024x453.jpg\" alt=\"\" class=\"wp-image-32572\" style=\"width:1068px;height:auto\" srcset=\"https:\/\/sergiolapegue.com\/site\/wp-content\/uploads\/2026\/09\/Tres-palidas-hermanas-4-1024x453.jpg 1024w, https:\/\/sergiolapegue.com\/site\/wp-content\/uploads\/2026\/09\/Tres-palidas-hermanas-4-300x133.jpg 300w, https:\/\/sergiolapegue.com\/site\/wp-content\/uploads\/2026\/09\/Tres-palidas-hermanas-4-766x339.jpg 766w, https:\/\/sergiolapegue.com\/site\/wp-content\/uploads\/2026\/09\/Tres-palidas-hermanas-4-1536x680.jpg 1536w, https:\/\/sergiolapegue.com\/site\/wp-content\/uploads\/2026\/09\/Tres-palidas-hermanas-4-323x143.jpg 323w, https:\/\/sergiolapegue.com\/site\/wp-content\/uploads\/2026\/09\/Tres-palidas-hermanas-4-694x307.jpg 694w, https:\/\/sergiolapegue.com\/site\/wp-content\/uploads\/2026\/09\/Tres-palidas-hermanas-4-1067x472.jpg 1067w, https:\/\/sergiolapegue.com\/site\/wp-content\/uploads\/2026\/09\/Tres-palidas-hermanas-4.jpg 1894w\" sizes=\"auto, (max-width: 1024px) 100vw, 1024px\" \/><\/figure>\n\n\n\n<p class=\"wp-block-paragraph\"><strong>FICHA T\u00c9CNICO ART\u00cdSTICA<\/strong><\/p>\n\n\n\n<p class=\"wp-block-paragraph\"><strong>Autor:<\/strong>&nbsp;Sebasti\u00e1n Su\u00f1\u00e9<\/p>\n\n\n\n<p class=\"wp-block-paragraph\"><strong>Act\u00faan:<\/strong>&nbsp;Mar\u00eda Rosa Frega, Francisco Gonz\u00e1lez Gil, Javier Marra, Santiago Otero Ramos y Nacho P\u00e9rez Cort\u00e9s<\/p>\n\n\n\n<p class=\"wp-block-paragraph\"><strong>Piano:<\/strong>&nbsp;Santiago Otero Ramos<\/p>\n\n\n\n<p class=\"wp-block-paragraph\"><strong>Arreglos musicales:<\/strong>&nbsp;Santiago Otero Ramos<\/p>\n\n\n\n<p class=\"wp-block-paragraph\"><strong>Coreograf\u00eda:<\/strong>&nbsp;Valeria Narvaez<\/p>\n\n\n\n<p class=\"wp-block-paragraph\"><strong>Dise\u00f1o de vestuario:<\/strong>&nbsp;Uriel Cistaro<\/p>\n\n\n\n<p class=\"wp-block-paragraph\"><strong>Caracterizaci\u00f3n:<\/strong>&nbsp;Uriel Cistaro<\/p>\n\n\n\n<p class=\"wp-block-paragraph\"><strong>Dise\u00f1o de maquillaje:&nbsp;<\/strong>Adam Efron<\/p>\n\n\n\n<p class=\"wp-block-paragraph\"><strong>Dise\u00f1o de iluminaci\u00f3n:&nbsp;<\/strong>Magdalena Berretta Miguez<\/p>\n\n\n\n<p class=\"wp-block-paragraph\"><strong>Dise\u00f1o gr\u00e1fico:&nbsp;<\/strong>Nacho Albani<\/p>\n\n\n\n<p class=\"wp-block-paragraph\"><strong>Realizaci\u00f3n de vestuario:&nbsp;<\/strong>Juan Pomilio y Guadalupe Jaurena<\/p>\n\n\n\n<p class=\"wp-block-paragraph\"><strong>Fotograf\u00eda:<\/strong>&nbsp;Juan Pablo Calderone<\/p>\n\n\n\n<p class=\"wp-block-paragraph\"><strong>Comunicaci\u00f3n digital:&nbsp;<\/strong>TUCO Audiovisual<\/p>\n\n\n\n<p class=\"wp-block-paragraph\"><strong>Prensa:<\/strong>&nbsp;Prens\u00f3polis<\/p>\n\n\n\n<p class=\"wp-block-paragraph\"><strong>Producci\u00f3n ejecutiva:<\/strong>&nbsp;Mar\u00eda Eva Moreno, Marianela Dollera Albarrac\u00edn<\/p>\n\n\n\n<p class=\"wp-block-paragraph\"><strong>Coordinaci\u00f3n de producci\u00f3n:<\/strong>&nbsp;Ra\u00fal S. Alg\u00e1n<\/p>\n\n\n\n<p class=\"wp-block-paragraph\"><strong>Direcci\u00f3n:<\/strong>&nbsp;Tatiana Santana&nbsp;<\/p>\n\n\n\n<p class=\"wp-block-paragraph\"><strong>Duraci\u00f3n:<\/strong>&nbsp;60 minutos<\/p>\n\n\n\n<p class=\"wp-block-paragraph\"><strong>Clasificaci\u00f3n:<\/strong>&nbsp;Teatro \u2013 Presencial \u2013 Apto+ 13 a\u00f1os.<\/p>\n\n\n\n<figure class=\"wp-block-image size-large is-resized\"><img loading=\"lazy\" decoding=\"async\" width=\"928\" height=\"1024\" src=\"https:\/\/sergiolapegue.com\/site\/wp-content\/uploads\/2026\/09\/Tres-palidas-hermanas-2-928x1024.jpg\" alt=\"\" class=\"wp-image-32573\" style=\"width:1068px;height:auto\" srcset=\"https:\/\/sergiolapegue.com\/site\/wp-content\/uploads\/2026\/09\/Tres-palidas-hermanas-2-928x1024.jpg 928w, https:\/\/sergiolapegue.com\/site\/wp-content\/uploads\/2026\/09\/Tres-palidas-hermanas-2-272x300.jpg 272w, https:\/\/sergiolapegue.com\/site\/wp-content\/uploads\/2026\/09\/Tres-palidas-hermanas-2-768x847.jpg 768w, https:\/\/sergiolapegue.com\/site\/wp-content\/uploads\/2026\/09\/Tres-palidas-hermanas-2-695x767.jpg 695w, https:\/\/sergiolapegue.com\/site\/wp-content\/uploads\/2026\/09\/Tres-palidas-hermanas-2.jpg 1000w\" sizes=\"auto, (max-width: 928px) 100vw, 928px\" \/><\/figure>\n\n\n\n<p class=\"wp-block-paragraph\"><strong>MILI\u00d3N<\/strong><strong><\/strong><\/p>\n\n\n\n<p class=\"wp-block-paragraph\">Parana 1048 \u2013 Capital Federal \u2013 Buenos Aires \u2013 Argentina<\/p>\n\n\n\n<p class=\"wp-block-paragraph\">Tel\u00e9fono: 4815-9925<\/p>\n\n\n\n<p class=\"wp-block-paragraph\">Entradas: General $ 25.000 \/ con consumici\u00f3n $ 35.000 \u2013 en boleter\u00eda del teatro o por Alternativa Teatral \u2013 Link:<\/p>\n\n\n\n<p class=\"wp-block-paragraph\"><a href=\"https:\/\/publico.alternativateatral.com\/entradas102540-tres-palidas-hermanas?o=14\">Entradas para Tres P\u00e1lidas Hermanas en MILION &#8211; Alternativa Teatral<\/a><\/p>\n\n\n\n<p class=\"wp-block-paragraph\">Funciones: Lunes 20:30 horas \u2013 Del 07\/09\/2026 al 26\/10\/2026<\/p>\n\n\n\n<p class=\"wp-block-paragraph\"><strong>Importante:<\/strong> El acceso es por escaleras<\/p>\n\n\n\n<p class=\"wp-block-paragraph\">Gracias Alejandra P\u00eda Nicolosi de Prens\u00f3polis Comunicaci\u00f3n y Prensa por acercarnos la gacetilla de prensa del estreno de este espect\u00e1culo. <\/p>\n\n\n\n<p class=\"wp-block-paragraph\"><strong>SOBRE TATIANA SANTANA \u2013 DIRECTORA<\/strong><\/p>\n\n\n\n<figure class=\"wp-block-image size-full is-resized\"><img loading=\"lazy\" decoding=\"async\" width=\"1000\" height=\"1000\" src=\"https:\/\/sergiolapegue.com\/site\/wp-content\/uploads\/2026\/09\/Tres-palidas-hermanas-Tatiana-Santana.jpg\" alt=\"\" class=\"wp-image-32574\" style=\"width:432px;height:auto\" srcset=\"https:\/\/sergiolapegue.com\/site\/wp-content\/uploads\/2026\/09\/Tres-palidas-hermanas-Tatiana-Santana.jpg 1000w, https:\/\/sergiolapegue.com\/site\/wp-content\/uploads\/2026\/09\/Tres-palidas-hermanas-Tatiana-Santana-150x150-1.jpg 150w, https:\/\/sergiolapegue.com\/site\/wp-content\/uploads\/2026\/09\/Tres-palidas-hermanas-Tatiana-Santana-768x768.jpg 768w, https:\/\/sergiolapegue.com\/site\/wp-content\/uploads\/2026\/09\/Tres-palidas-hermanas-Tatiana-Santana-300x300.jpg 300w, https:\/\/sergiolapegue.com\/site\/wp-content\/uploads\/2026\/09\/Tres-palidas-hermanas-Tatiana-Santana-60x60.jpg 60w, https:\/\/sergiolapegue.com\/site\/wp-content\/uploads\/2026\/09\/Tres-palidas-hermanas-Tatiana-Santana-324x324.jpg 324w, https:\/\/sergiolapegue.com\/site\/wp-content\/uploads\/2026\/09\/Tres-palidas-hermanas-Tatiana-Santana-360x360.jpg 360w, https:\/\/sergiolapegue.com\/site\/wp-content\/uploads\/2026\/09\/Tres-palidas-hermanas-Tatiana-Santana-696x696.jpg 696w\" sizes=\"auto, (max-width: 1000px) 100vw, 1000px\" \/><\/figure>\n\n\n\n<p class=\"wp-block-paragraph\">Es\u00a0actriz, directora, productora y docente.\u00a0Estudi\u00f3 actuaci\u00f3n en Andamio 90 y Timbre 4. Egres\u00f3 con el\u00a0mejor promedio de la Carrera de Direcci\u00f3n en EMAD, Caba, y obtuvo la\u00a0Beca Podest\u00e1. Es docente en EMAD, UNRAF y FJB, directora, y productora de m\u00fasica y teatro.\u00a0<\/p>\n\n\n\n<p class=\"wp-block-paragraph\">Por obras como &#8220;Cachafaz&#8221;, &#8220;La patria al hombro&#8221;, &#8220;Mar\u00eda, es Callas&#8221;, gan\u00f3\u00a0Premios Mar\u00eda Guerrero,\u00a0Trinidad Guevara, Artei\u00a0y\u00a0Hugo. Tambi\u00e9n recibi\u00f3 nominaciones a los\u00a0Florencio S\u00e1nchez,\u00a0Luisa Vehil,\u00a0ACE,\u00a0Teatro del\u00a0mundo,\u00a0Mundo T,\u00a0Estrella de Mar y Mart\u00edn Fierro de Teatro.<\/p>\n\n\n\n<p class=\"wp-block-paragraph\">Entre sus \u00faltimos espect\u00e1culos se encuentran: &#8220;Un grito en la voz&#8221; (coescrita con Pedro Fr\u00edas Yuber), &#8220;Los c\u00f3micos del camino&#8221; (Comedia Mun. de Bah\u00eda Blanca), &#8220;Peque\u00f1o William&#8221; de A. Tursi y &#8220;Le Frig\u00f3&#8221; de Copi. Particip\u00f3 de\u00a0festivales nacionales e internacionales.\u00a0Mont\u00f3 materiales de su autor\u00eda y tiene previstos pr\u00f3ximos estrenos.<\/p>\n\n\n\n<p class=\"wp-block-paragraph\"><strong>SOBRE SEBASTI\u00c1N SU\u00d1\u00c9 &#8211; ACTOR<\/strong><\/p>\n\n\n\n<figure class=\"wp-block-image size-full is-resized\"><img loading=\"lazy\" decoding=\"async\" width=\"1000\" height=\"1000\" src=\"https:\/\/sergiolapegue.com\/site\/wp-content\/uploads\/2026\/09\/Tres-palidas-hermanas-Sebastian-Sune.jpg\" alt=\"\" class=\"wp-image-32575\" style=\"width:433px;height:auto\" srcset=\"https:\/\/sergiolapegue.com\/site\/wp-content\/uploads\/2026\/09\/Tres-palidas-hermanas-Sebastian-Sune.jpg 1000w, https:\/\/sergiolapegue.com\/site\/wp-content\/uploads\/2026\/09\/Tres-palidas-hermanas-Sebastian-Sune-150x150-1.jpg 150w, https:\/\/sergiolapegue.com\/site\/wp-content\/uploads\/2026\/09\/Tres-palidas-hermanas-Sebastian-Sune-300x300.jpg 300w, https:\/\/sergiolapegue.com\/site\/wp-content\/uploads\/2026\/09\/Tres-palidas-hermanas-Sebastian-Sune-60x60.jpg 60w, https:\/\/sergiolapegue.com\/site\/wp-content\/uploads\/2026\/09\/Tres-palidas-hermanas-Sebastian-Sune-768x768.jpg 768w, https:\/\/sergiolapegue.com\/site\/wp-content\/uploads\/2026\/09\/Tres-palidas-hermanas-Sebastian-Sune-324x324.jpg 324w, https:\/\/sergiolapegue.com\/site\/wp-content\/uploads\/2026\/09\/Tres-palidas-hermanas-Sebastian-Sune-360x360.jpg 360w, https:\/\/sergiolapegue.com\/site\/wp-content\/uploads\/2026\/09\/Tres-palidas-hermanas-Sebastian-Sune-696x696.jpg 696w\" sizes=\"auto, (max-width: 1000px) 100vw, 1000px\" \/><\/figure>\n\n\n\n<p class=\"wp-block-paragraph\">Naci\u00f3 en R\u00edo Cuarto en 1981 y se form\u00f3 como actor en la Escuela Metropolitana de Arte Dram\u00e1tico (EMAD), donde egres\u00f3 en 2003 con la\u00a0Beca Podest\u00e1.\u00a0Desde 2018 es Mag\u00edster en Creaci\u00f3n Literaria por la Universidad Pompeu Fabra de Barcelona. Como\u00a0actor\u00a0trabaj\u00f3 en el Teatro General San Mart\u00edn, Teatro Nacional Cervantes, Teatro Maipo y Luna Park, entre otros, en obras como &#8220;Las mujeres sabias&#8221;, &#8220;El perro del hortelano&#8221;, &#8220;Las mil y una noches&#8221; y &#8220;La resistible ascensi\u00f3n de Arturo Ui&#8221;. Particip\u00f3 en\u00a0televisi\u00f3n en &#8220;Farsantes&#8221;, &#8220;Guapas&#8221;, &#8220;Si me volviera a enamorar&#8221; y &#8220;ATAV 2&#8221;, adem\u00e1s de una decena de pel\u00edculas y m\u00e1s de 30 publicidades. Como\u00a0autor y director estren\u00f3 m\u00e1s de veinte obras, entre ellas &#8220;Sector Peluquer\u00eda&#8221; (nominada a los Premios Florencio S\u00e1nchez), &#8220;Por H o por B&#8221; protagonizada por Diego Peretti, y &#8220;Cataratas&#8221;, distinguida y publicada por el Instituto Nacional del Teatro. En teatro musical escribi\u00f3 &#8220;Can\u00edbal&#8221;, ganadora de tres Premios Hugo, &#8220;\u00a1Viva la vida!&#8221; y &#8220;Las olvidadas de Jack&#8221;, nominada a los Premios Hugo. En 2023 recibi\u00f3 el\u00a0Premio Trinidad Guevara a Mejor Autor\u00a0por &#8220;Una obra para m\u00ed&#8221; y public\u00f3 su primera novela,\u00a0<em>Bonita Luxemburgo.<\/em>\u00a0En 2024 fue\u00a0nominado a los\u00a0Premios ACE\u00a0como Mejor Actor Protag\u00f3nico en Drama por &#8220;Matar a un elefante&#8221;; en 2025 y 2026 protagoniz\u00f3 &#8220;La Revista del Cervantes&#8221; como Enrique Pinti, rol por el que fue\u00a0nominado a los Premios Hugo\u00a0como Mejor Actor Protag\u00f3nico en Musical.<\/p>\n\n\n\n<p class=\"wp-block-paragraph\"><\/p>\n","protected":false},"excerpt":{"rendered":"<p>El\u00a0lunes 7 de septiembre a las 20:30 horas\u00a0en la antigua\u00a0casona Mili\u00f3n, tendr\u00e1 su estreno: \u201cTres p\u00e1lidas hermanas\u201d, un\u00a0site specific\u00a0en tono de comedia delirante con autor\u00eda\u00a0de Sebasti\u00e1n Su\u00f1\u00e9y las actuaciones\u00a0de\u00a0Mar\u00eda Rosa Frega,\u00a0Francisco Gonz\u00e1lez Gil,\u00a0Javier Marra,\u00a0Santiago Otero Ramos y Nacho P\u00e9rez.\u00a0 La obra cuenta con\u00a0\u00a0la\u00a0direcci\u00f3n de Tatiana Santana\u00a0(&#8220;Le frig\u00f3&#8221;, &#8220;Mar\u00eda, es Callas&#8221;, &#8220;Cachafaz&#8221;, &#8220;La patria al hombro&#8221;) [&hellip;]<\/p>\n","protected":false},"author":3,"featured_media":32576,"comment_status":"open","ping_status":"closed","sticky":false,"template":"","format":"standard","meta":{"footnotes":""},"categories":[34,35],"tags":[],"class_list":["post-32569","post","type-post","status-publish","format-standard","has-post-thumbnail","category-arte","category-teatro"],"yoast_head":"<!-- This site is optimized with the Yoast SEO plugin v28.4 - https:\/\/yoast.com\/product\/yoast-seo-wordpress\/ -->\n<title>\u201cTRES P\u00c1LIDAS HERMANAS\u201d - Sergio Lapegue<\/title>\n<meta name=\"robots\" content=\"index, follow, max-snippet:-1, max-image-preview:large, max-video-preview:-1\" \/>\n<link rel=\"canonical\" href=\"https:\/\/sergiolapegue.com\/site\/2026\/09\/02\/tres-palidas-hermanas\/\" \/>\n<meta property=\"og:locale\" content=\"es_ES\" \/>\n<meta property=\"og:type\" content=\"article\" \/>\n<meta property=\"og:title\" content=\"\u201cTRES P\u00c1LIDAS HERMANAS\u201d - Sergio Lapegue\" \/>\n<meta property=\"og:description\" content=\"El\u00a0lunes 7 de septiembre a las 20:30 horas\u00a0en la antigua\u00a0casona Mili\u00f3n, tendr\u00e1 su estreno: \u201cTres p\u00e1lidas hermanas\u201d, un\u00a0site specific\u00a0en tono de comedia delirante con autor\u00eda\u00a0de Sebasti\u00e1n Su\u00f1\u00e9y las actuaciones\u00a0de\u00a0Mar\u00eda Rosa Frega,\u00a0Francisco Gonz\u00e1lez Gil,\u00a0Javier Marra,\u00a0Santiago Otero Ramos y Nacho P\u00e9rez.\u00a0 La obra cuenta con\u00a0\u00a0la\u00a0direcci\u00f3n de Tatiana Santana\u00a0(&#8220;Le frig\u00f3&#8221;, &#8220;Mar\u00eda, es Callas&#8221;, &#8220;Cachafaz&#8221;, &#8220;La patria al hombro&#8221;) [&hellip;]\" \/>\n<meta property=\"og:url\" content=\"https:\/\/sergiolapegue.com\/site\/2026\/09\/02\/tres-palidas-hermanas\/\" \/>\n<meta property=\"og:site_name\" content=\"Sergio Lapegue\" \/>\n<meta property=\"article:publisher\" content=\"https:\/\/facebook.com\/sergiolapegue\" \/>\n<meta property=\"article:author\" content=\"https:\/\/facebook.com\/danielernesto.montana\" \/>\n<meta property=\"article:published_time\" content=\"2026-09-02T12:00:00+00:00\" \/>\n<meta property=\"og:image\" content=\"https:\/\/sergiolapegue.com\/site\/wp-content\/uploads\/2026\/09\/Tres-palidas-hermanas-819x1024.png\" \/>\n\t<meta property=\"og:image:width\" content=\"819\" \/>\n\t<meta property=\"og:image:height\" content=\"1024\" \/>\n\t<meta property=\"og:image:type\" content=\"image\/png\" \/>\n<meta name=\"author\" content=\"Daniel E. Monta\u00f1a\" \/>\n<meta name=\"twitter:card\" content=\"summary_large_image\" \/>\n<meta name=\"twitter:creator\" content=\"@https:\/\/twitter.com\/daner_004\" \/>\n<meta name=\"twitter:site\" content=\"@sergiolapegue\" \/>\n<meta name=\"twitter:label1\" content=\"Escrito por\" \/>\n\t<meta name=\"twitter:data1\" content=\"Daniel E. Monta\u00f1a\" \/>\n\t<meta name=\"twitter:label2\" content=\"Tiempo de lectura\" \/>\n\t<meta name=\"twitter:data2\" content=\"6 minutos\" \/>\n<script type=\"application\/ld+json\" class=\"yoast-schema-graph\">{\"@context\":\"https:\\\/\\\/schema.org\",\"@graph\":[{\"@type\":\"Article\",\"@id\":\"https:\\\/\\\/sergiolapegue.com\\\/site\\\/2026\\\/09\\\/02\\\/tres-palidas-hermanas\\\/#article\",\"isPartOf\":{\"@id\":\"https:\\\/\\\/sergiolapegue.com\\\/site\\\/2026\\\/09\\\/02\\\/tres-palidas-hermanas\\\/\"},\"author\":{\"name\":\"Daniel E. Monta\u00f1a\",\"@id\":\"https:\\\/\\\/sergiolapegue.com\\\/site\\\/#\\\/schema\\\/person\\\/9198e7dbab43c6d74d0fd5399af7c3cd\"},\"headline\":\"\u201cTRES P\u00c1LIDAS HERMANAS\u201d\",\"datePublished\":\"2026-09-02T12:00:00+00:00\",\"mainEntityOfPage\":{\"@id\":\"https:\\\/\\\/sergiolapegue.com\\\/site\\\/2026\\\/09\\\/02\\\/tres-palidas-hermanas\\\/\"},\"wordCount\":955,\"commentCount\":0,\"publisher\":{\"@id\":\"https:\\\/\\\/sergiolapegue.com\\\/site\\\/#\\\/schema\\\/person\\\/083aeceeb0734cd166779ea6c0551a37\"},\"image\":{\"@id\":\"https:\\\/\\\/sergiolapegue.com\\\/site\\\/2026\\\/09\\\/02\\\/tres-palidas-hermanas\\\/#primaryimage\"},\"thumbnailUrl\":\"https:\\\/\\\/sergiolapegue.com\\\/site\\\/wp-content\\\/uploads\\\/2026\\\/09\\\/Tres-palidas-hermanas.png\",\"articleSection\":[\"Arte\",\"Teatro\"],\"inLanguage\":\"es-AR\",\"potentialAction\":[{\"@type\":\"CommentAction\",\"name\":\"Comment\",\"target\":[\"https:\\\/\\\/sergiolapegue.com\\\/site\\\/2026\\\/09\\\/02\\\/tres-palidas-hermanas\\\/#respond\"]}]},{\"@type\":\"WebPage\",\"@id\":\"https:\\\/\\\/sergiolapegue.com\\\/site\\\/2026\\\/09\\\/02\\\/tres-palidas-hermanas\\\/\",\"url\":\"https:\\\/\\\/sergiolapegue.com\\\/site\\\/2026\\\/09\\\/02\\\/tres-palidas-hermanas\\\/\",\"name\":\"\u201cTRES P\u00c1LIDAS HERMANAS\u201d - Sergio Lapegue\",\"isPartOf\":{\"@id\":\"https:\\\/\\\/sergiolapegue.com\\\/site\\\/#website\"},\"primaryImageOfPage\":{\"@id\":\"https:\\\/\\\/sergiolapegue.com\\\/site\\\/2026\\\/09\\\/02\\\/tres-palidas-hermanas\\\/#primaryimage\"},\"image\":{\"@id\":\"https:\\\/\\\/sergiolapegue.com\\\/site\\\/2026\\\/09\\\/02\\\/tres-palidas-hermanas\\\/#primaryimage\"},\"thumbnailUrl\":\"https:\\\/\\\/sergiolapegue.com\\\/site\\\/wp-content\\\/uploads\\\/2026\\\/09\\\/Tres-palidas-hermanas.png\",\"datePublished\":\"2026-09-02T12:00:00+00:00\",\"breadcrumb\":{\"@id\":\"https:\\\/\\\/sergiolapegue.com\\\/site\\\/2026\\\/09\\\/02\\\/tres-palidas-hermanas\\\/#breadcrumb\"},\"inLanguage\":\"es-AR\",\"potentialAction\":[{\"@type\":\"ReadAction\",\"target\":[\"https:\\\/\\\/sergiolapegue.com\\\/site\\\/2026\\\/09\\\/02\\\/tres-palidas-hermanas\\\/\"]}]},{\"@type\":\"ImageObject\",\"inLanguage\":\"es-AR\",\"@id\":\"https:\\\/\\\/sergiolapegue.com\\\/site\\\/2026\\\/09\\\/02\\\/tres-palidas-hermanas\\\/#primaryimage\",\"url\":\"https:\\\/\\\/sergiolapegue.com\\\/site\\\/wp-content\\\/uploads\\\/2026\\\/09\\\/Tres-palidas-hermanas.png\",\"contentUrl\":\"https:\\\/\\\/sergiolapegue.com\\\/site\\\/wp-content\\\/uploads\\\/2026\\\/09\\\/Tres-palidas-hermanas.png\",\"width\":1000,\"height\":1250},{\"@type\":\"BreadcrumbList\",\"@id\":\"https:\\\/\\\/sergiolapegue.com\\\/site\\\/2026\\\/09\\\/02\\\/tres-palidas-hermanas\\\/#breadcrumb\",\"itemListElement\":[{\"@type\":\"ListItem\",\"position\":1,\"name\":\"Inicio\",\"item\":\"https:\\\/\\\/sergiolapegue.com\\\/site\\\/\"},{\"@type\":\"ListItem\",\"position\":2,\"name\":\"\u201cTRES P\u00c1LIDAS HERMANAS\u201d\"}]},{\"@type\":\"WebSite\",\"@id\":\"https:\\\/\\\/sergiolapegue.com\\\/site\\\/#website\",\"url\":\"https:\\\/\\\/sergiolapegue.com\\\/site\\\/\",\"name\":\"Sergio Lapegue\",\"description\":\"Periodista y conductor de radio y televisi\u00f3n argentino, nacido el 6 de septiembre de 1964.\",\"publisher\":{\"@id\":\"https:\\\/\\\/sergiolapegue.com\\\/site\\\/#\\\/schema\\\/person\\\/083aeceeb0734cd166779ea6c0551a37\"},\"potentialAction\":[{\"@type\":\"SearchAction\",\"target\":{\"@type\":\"EntryPoint\",\"urlTemplate\":\"https:\\\/\\\/sergiolapegue.com\\\/site\\\/?s={search_term_string}\"},\"query-input\":{\"@type\":\"PropertyValueSpecification\",\"valueRequired\":true,\"valueName\":\"search_term_string\"}}],\"inLanguage\":\"es-AR\"},{\"@type\":[\"Person\",\"Organization\"],\"@id\":\"https:\\\/\\\/sergiolapegue.com\\\/site\\\/#\\\/schema\\\/person\\\/083aeceeb0734cd166779ea6c0551a37\",\"name\":\"Sergio Lapegue\",\"image\":{\"@type\":\"ImageObject\",\"inLanguage\":\"es-AR\",\"@id\":\"https:\\\/\\\/sergiolapegue.com\\\/site\\\/wp-content\\\/uploads\\\/2021\\\/04\\\/logo_header-1.png\",\"url\":\"https:\\\/\\\/sergiolapegue.com\\\/site\\\/wp-content\\\/uploads\\\/2021\\\/04\\\/logo_header-1.png\",\"contentUrl\":\"https:\\\/\\\/sergiolapegue.com\\\/site\\\/wp-content\\\/uploads\\\/2021\\\/04\\\/logo_header-1.png\",\"width\":272,\"height\":90,\"caption\":\"Sergio Lapegue\"},\"logo\":{\"@id\":\"https:\\\/\\\/sergiolapegue.com\\\/site\\\/wp-content\\\/uploads\\\/2021\\\/04\\\/logo_header-1.png\"},\"sameAs\":[\"https:\\\/\\\/facebook.com\\\/sergiolapegue\",\"https:\\\/\\\/instagram.com\\\/sergiolapegue\",\"https:\\\/\\\/x.com\\\/https:\\\/\\\/twitter.com\\\/sergiolapegue\"]},{\"@type\":\"Person\",\"@id\":\"https:\\\/\\\/sergiolapegue.com\\\/site\\\/#\\\/schema\\\/person\\\/9198e7dbab43c6d74d0fd5399af7c3cd\",\"name\":\"Daniel E. Monta\u00f1a\",\"image\":{\"@type\":\"ImageObject\",\"inLanguage\":\"es-AR\",\"@id\":\"https:\\\/\\\/sergiolapegue.com\\\/site\\\/wp-content\\\/uploads\\\/2021\\\/04\\\/sl_avatar_Daniel-150x150.jpg\",\"url\":\"https:\\\/\\\/sergiolapegue.com\\\/site\\\/wp-content\\\/uploads\\\/2021\\\/04\\\/sl_avatar_Daniel-150x150.jpg\",\"contentUrl\":\"https:\\\/\\\/sergiolapegue.com\\\/site\\\/wp-content\\\/uploads\\\/2021\\\/04\\\/sl_avatar_Daniel-150x150.jpg\",\"caption\":\"Daniel E. Monta\u00f1a\"},\"sameAs\":[\"https:\\\/\\\/facebook.com\\\/danielernesto.montana\",\"https:\\\/\\\/instagram.com\\\/daniel_montana1961\",\"https:\\\/\\\/x.com\\\/https:\\\/\\\/twitter.com\\\/daner_004\"],\"url\":\"https:\\\/\\\/sergiolapegue.com\\\/site\\\/author\\\/daniel\\\/\"}]}<\/script>\n<!-- \/ Yoast SEO plugin. -->","yoast_head_json":{"title":"\u201cTRES P\u00c1LIDAS HERMANAS\u201d - Sergio Lapegue","robots":{"index":"index","follow":"follow","max-snippet":"max-snippet:-1","max-image-preview":"max-image-preview:large","max-video-preview":"max-video-preview:-1"},"canonical":"https:\/\/sergiolapegue.com\/site\/2026\/09\/02\/tres-palidas-hermanas\/","og_locale":"es_ES","og_type":"article","og_title":"\u201cTRES P\u00c1LIDAS HERMANAS\u201d - Sergio Lapegue","og_description":"El\u00a0lunes 7 de septiembre a las 20:30 horas\u00a0en la antigua\u00a0casona Mili\u00f3n, tendr\u00e1 su estreno: \u201cTres p\u00e1lidas hermanas\u201d, un\u00a0site specific\u00a0en tono de comedia delirante con autor\u00eda\u00a0de Sebasti\u00e1n Su\u00f1\u00e9y las actuaciones\u00a0de\u00a0Mar\u00eda Rosa Frega,\u00a0Francisco Gonz\u00e1lez Gil,\u00a0Javier Marra,\u00a0Santiago Otero Ramos y Nacho P\u00e9rez.\u00a0 La obra cuenta con\u00a0\u00a0la\u00a0direcci\u00f3n de Tatiana Santana\u00a0(&#8220;Le frig\u00f3&#8221;, &#8220;Mar\u00eda, es Callas&#8221;, &#8220;Cachafaz&#8221;, &#8220;La patria al hombro&#8221;) [&hellip;]","og_url":"https:\/\/sergiolapegue.com\/site\/2026\/09\/02\/tres-palidas-hermanas\/","og_site_name":"Sergio Lapegue","article_publisher":"https:\/\/facebook.com\/sergiolapegue","article_author":"https:\/\/facebook.com\/danielernesto.montana","article_published_time":"2026-09-02T12:00:00+00:00","og_image":[{"width":819,"height":1024,"url":"https:\/\/sergiolapegue.com\/site\/wp-content\/uploads\/2026\/09\/Tres-palidas-hermanas-819x1024.png","type":"image\/png"}],"author":"Daniel E. Monta\u00f1a","twitter_card":"summary_large_image","twitter_creator":"@https:\/\/twitter.com\/daner_004","twitter_site":"@sergiolapegue","twitter_misc":{"Escrito por":"Daniel E. Monta\u00f1a","Tiempo de lectura":"6 minutos"},"schema":{"@context":"https:\/\/schema.org","@graph":[{"@type":"Article","@id":"https:\/\/sergiolapegue.com\/site\/2026\/09\/02\/tres-palidas-hermanas\/#article","isPartOf":{"@id":"https:\/\/sergiolapegue.com\/site\/2026\/09\/02\/tres-palidas-hermanas\/"},"author":{"name":"Daniel E. Monta\u00f1a","@id":"https:\/\/sergiolapegue.com\/site\/#\/schema\/person\/9198e7dbab43c6d74d0fd5399af7c3cd"},"headline":"\u201cTRES P\u00c1LIDAS HERMANAS\u201d","datePublished":"2026-09-02T12:00:00+00:00","mainEntityOfPage":{"@id":"https:\/\/sergiolapegue.com\/site\/2026\/09\/02\/tres-palidas-hermanas\/"},"wordCount":955,"commentCount":0,"publisher":{"@id":"https:\/\/sergiolapegue.com\/site\/#\/schema\/person\/083aeceeb0734cd166779ea6c0551a37"},"image":{"@id":"https:\/\/sergiolapegue.com\/site\/2026\/09\/02\/tres-palidas-hermanas\/#primaryimage"},"thumbnailUrl":"https:\/\/sergiolapegue.com\/site\/wp-content\/uploads\/2026\/09\/Tres-palidas-hermanas.png","articleSection":["Arte","Teatro"],"inLanguage":"es-AR","potentialAction":[{"@type":"CommentAction","name":"Comment","target":["https:\/\/sergiolapegue.com\/site\/2026\/09\/02\/tres-palidas-hermanas\/#respond"]}]},{"@type":"WebPage","@id":"https:\/\/sergiolapegue.com\/site\/2026\/09\/02\/tres-palidas-hermanas\/","url":"https:\/\/sergiolapegue.com\/site\/2026\/09\/02\/tres-palidas-hermanas\/","name":"\u201cTRES P\u00c1LIDAS HERMANAS\u201d - Sergio Lapegue","isPartOf":{"@id":"https:\/\/sergiolapegue.com\/site\/#website"},"primaryImageOfPage":{"@id":"https:\/\/sergiolapegue.com\/site\/2026\/09\/02\/tres-palidas-hermanas\/#primaryimage"},"image":{"@id":"https:\/\/sergiolapegue.com\/site\/2026\/09\/02\/tres-palidas-hermanas\/#primaryimage"},"thumbnailUrl":"https:\/\/sergiolapegue.com\/site\/wp-content\/uploads\/2026\/09\/Tres-palidas-hermanas.png","datePublished":"2026-09-02T12:00:00+00:00","breadcrumb":{"@id":"https:\/\/sergiolapegue.com\/site\/2026\/09\/02\/tres-palidas-hermanas\/#breadcrumb"},"inLanguage":"es-AR","potentialAction":[{"@type":"ReadAction","target":["https:\/\/sergiolapegue.com\/site\/2026\/09\/02\/tres-palidas-hermanas\/"]}]},{"@type":"ImageObject","inLanguage":"es-AR","@id":"https:\/\/sergiolapegue.com\/site\/2026\/09\/02\/tres-palidas-hermanas\/#primaryimage","url":"https:\/\/sergiolapegue.com\/site\/wp-content\/uploads\/2026\/09\/Tres-palidas-hermanas.png","contentUrl":"https:\/\/sergiolapegue.com\/site\/wp-content\/uploads\/2026\/09\/Tres-palidas-hermanas.png","width":1000,"height":1250},{"@type":"BreadcrumbList","@id":"https:\/\/sergiolapegue.com\/site\/2026\/09\/02\/tres-palidas-hermanas\/#breadcrumb","itemListElement":[{"@type":"ListItem","position":1,"name":"Inicio","item":"https:\/\/sergiolapegue.com\/site\/"},{"@type":"ListItem","position":2,"name":"\u201cTRES P\u00c1LIDAS HERMANAS\u201d"}]},{"@type":"WebSite","@id":"https:\/\/sergiolapegue.com\/site\/#website","url":"https:\/\/sergiolapegue.com\/site\/","name":"Sergio Lapegue","description":"Periodista y conductor de radio y televisi\u00f3n argentino, nacido el 6 de septiembre de 1964.","publisher":{"@id":"https:\/\/sergiolapegue.com\/site\/#\/schema\/person\/083aeceeb0734cd166779ea6c0551a37"},"potentialAction":[{"@type":"SearchAction","target":{"@type":"EntryPoint","urlTemplate":"https:\/\/sergiolapegue.com\/site\/?s={search_term_string}"},"query-input":{"@type":"PropertyValueSpecification","valueRequired":true,"valueName":"search_term_string"}}],"inLanguage":"es-AR"},{"@type":["Person","Organization"],"@id":"https:\/\/sergiolapegue.com\/site\/#\/schema\/person\/083aeceeb0734cd166779ea6c0551a37","name":"Sergio Lapegue","image":{"@type":"ImageObject","inLanguage":"es-AR","@id":"https:\/\/sergiolapegue.com\/site\/wp-content\/uploads\/2021\/04\/logo_header-1.png","url":"https:\/\/sergiolapegue.com\/site\/wp-content\/uploads\/2021\/04\/logo_header-1.png","contentUrl":"https:\/\/sergiolapegue.com\/site\/wp-content\/uploads\/2021\/04\/logo_header-1.png","width":272,"height":90,"caption":"Sergio Lapegue"},"logo":{"@id":"https:\/\/sergiolapegue.com\/site\/wp-content\/uploads\/2021\/04\/logo_header-1.png"},"sameAs":["https:\/\/facebook.com\/sergiolapegue","https:\/\/instagram.com\/sergiolapegue","https:\/\/x.com\/https:\/\/twitter.com\/sergiolapegue"]},{"@type":"Person","@id":"https:\/\/sergiolapegue.com\/site\/#\/schema\/person\/9198e7dbab43c6d74d0fd5399af7c3cd","name":"Daniel E. Monta\u00f1a","image":{"@type":"ImageObject","inLanguage":"es-AR","@id":"https:\/\/sergiolapegue.com\/site\/wp-content\/uploads\/2021\/04\/sl_avatar_Daniel-150x150.jpg","url":"https:\/\/sergiolapegue.com\/site\/wp-content\/uploads\/2021\/04\/sl_avatar_Daniel-150x150.jpg","contentUrl":"https:\/\/sergiolapegue.com\/site\/wp-content\/uploads\/2021\/04\/sl_avatar_Daniel-150x150.jpg","caption":"Daniel E. Monta\u00f1a"},"sameAs":["https:\/\/facebook.com\/danielernesto.montana","https:\/\/instagram.com\/daniel_montana1961","https:\/\/x.com\/https:\/\/twitter.com\/daner_004"],"url":"https:\/\/sergiolapegue.com\/site\/author\/daniel\/"}]}},"_links":{"self":[{"href":"https:\/\/sergiolapegue.com\/site\/wp-json\/wp\/v2\/posts\/32569","targetHints":{"allow":["GET"]}}],"collection":[{"href":"https:\/\/sergiolapegue.com\/site\/wp-json\/wp\/v2\/posts"}],"about":[{"href":"https:\/\/sergiolapegue.com\/site\/wp-json\/wp\/v2\/types\/post"}],"author":[{"embeddable":true,"href":"https:\/\/sergiolapegue.com\/site\/wp-json\/wp\/v2\/users\/3"}],"replies":[{"embeddable":true,"href":"https:\/\/sergiolapegue.com\/site\/wp-json\/wp\/v2\/comments?post=32569"}],"version-history":[{"count":1,"href":"https:\/\/sergiolapegue.com\/site\/wp-json\/wp\/v2\/posts\/32569\/revisions"}],"predecessor-version":[{"id":32577,"href":"https:\/\/sergiolapegue.com\/site\/wp-json\/wp\/v2\/posts\/32569\/revisions\/32577"}],"wp:featuredmedia":[{"embeddable":true,"href":"https:\/\/sergiolapegue.com\/site\/wp-json\/wp\/v2\/media\/32576"}],"wp:attachment":[{"href":"https:\/\/sergiolapegue.com\/site\/wp-json\/wp\/v2\/media?parent=32569"}],"wp:term":[{"taxonomy":"category","embeddable":true,"href":"https:\/\/sergiolapegue.com\/site\/wp-json\/wp\/v2\/categories?post=32569"},{"taxonomy":"post_tag","embeddable":true,"href":"https:\/\/sergiolapegue.com\/site\/wp-json\/wp\/v2\/tags?post=32569"}],"curies":[{"name":"wp","href":"https:\/\/api.w.org\/{rel}","templated":true}]}}