{"id":32560,"date":"2026-09-03T01:00:00","date_gmt":"2026-09-03T04:00:00","guid":{"rendered":"https:\/\/sergiolapegue.com\/site\/?p=32560"},"modified":"2026-09-01T18:24:07","modified_gmt":"2026-09-01T21:24:07","slug":"duo-de-camara","status":"publish","type":"post","link":"https:\/\/sergiolapegue.com\/site\/2026\/09\/03\/duo-de-camara\/","title":{"rendered":"\u201cD\u00daO DE C\u00c1MARA\u201d"},"content":{"rendered":"\n<p class=\"wp-block-paragraph\">\u201cD\u00fao de c\u00e1mara\u201d es un drama sat\u00edrico, con dramaturgia, direcci\u00f3n e interpretaci\u00f3n de Luciano Cazaux, quien junto a la actriz Majo Benitez Coll protagonizan esta obra. Las funciones tendr\u00e1n lugar los d\u00edas s\u00e1bados a las 18:00 horas en el Teatro El Popular.<\/p>\n\n\n\n<p class=\"wp-block-paragraph\"><strong>SINOPSIS<\/strong><\/p>\n\n\n\n<p class=\"wp-block-paragraph\">La historia transcurre a las cuatro de la ma\u00f1ana en el living de un matrimonio de clase media acomodada. Manuel (de unos 60 a\u00f1os) y Mar\u00eda regresan de una gala elegante donde \u00e9l ha recibido un importante premio profesional. Sin embargo, la euforia inicial se transforma r\u00e1pidamente en una intensa y c\u00e1ustica discusi\u00f3n a puerta cerrada. La tensi\u00f3n estalla a partir de desacuerdos superficiales \u2014 como el lugar adecuado para colocar la estatuilla o las man\u00edas de orden de Mar\u00eda \u2014, pero escalan hacia un desmontaje profundo de su relaci\u00f3n de 25 a\u00f1os de casados. Manuel, consumido por una crisis existencial y la angustia por el paso del tiempo, empieza a cuestionar la falsedad de sus vidas, las convenciones sociales e incluso la falta de pasi\u00f3n en su matrimonio, pero termina derrumb\u00e1ndose y admitiendo que en realidad todo su problema es que el premio recibido no es suyo, sino de un empleado con el que Mar\u00eda supuestamente lo enga\u00f1a, a quien le rob\u00f3 las ideas y el proyecto por falta de talento propio. Su verdadero terror es el chantaje o la ruina si su empleado decide hablar. Luego, tras destruir objetos de valor sentimental en la discusi\u00f3n, Mar\u00eda propone un plan: orquestar una situaci\u00f3n para &#8220;enganchar&#8221; a Diguglielmo (el empleado en cuesti\u00f3n) en el trabajo in fraganti. De este modo, en lugar de despedirlo, Manuel podr\u00e1 chantajearlo laboralmente, someterlo y seguir explotando su talento sin pagarle m\u00e1s ni temer sus denuncias.<\/p>\n\n\n\n<figure class=\"wp-block-image size-full is-resized\"><img loading=\"lazy\" decoding=\"async\" width=\"1000\" height=\"668\" src=\"https:\/\/sergiolapegue.com\/site\/wp-content\/uploads\/2026\/09\/Duo-de-camara-1.jpg\" alt=\"\" class=\"wp-image-32561\" style=\"width:1068px;height:auto\" srcset=\"https:\/\/sergiolapegue.com\/site\/wp-content\/uploads\/2026\/09\/Duo-de-camara-1.jpg 1000w, https:\/\/sergiolapegue.com\/site\/wp-content\/uploads\/2026\/09\/Duo-de-camara-1-300x200.jpg 300w, https:\/\/sergiolapegue.com\/site\/wp-content\/uploads\/2026\/09\/Duo-de-camara-1-768x513.jpg 768w, https:\/\/sergiolapegue.com\/site\/wp-content\/uploads\/2026\/09\/Duo-de-camara-1-323x216.jpg 323w, https:\/\/sergiolapegue.com\/site\/wp-content\/uploads\/2026\/09\/Duo-de-camara-1-695x464.jpg 695w\" sizes=\"auto, (max-width: 1000px) 100vw, 1000px\" \/><\/figure>\n\n\n\n<p class=\"wp-block-paragraph\"><strong>FICHA T\u00c9CNICO ART\u00cdSTICA<\/strong><\/p>\n\n\n\n<p class=\"wp-block-paragraph\"><strong>Autor\u00eda:<\/strong> Luciano Cazaux &nbsp;<\/p>\n\n\n\n<p class=\"wp-block-paragraph\"><strong>Act\u00faan:&nbsp;<\/strong>Majo Benitez Coll \u2013 Luciano Cazaux<\/p>\n\n\n\n<p class=\"wp-block-paragraph\"><strong>Puesta de luces:&nbsp;<\/strong>Sof\u00eda Maluf \u2013 Luciano Cazaux<\/p>\n\n\n\n<p class=\"wp-block-paragraph\"><strong>Fotograf\u00eda:&nbsp;<\/strong>Mat\u00edas Otta<\/p>\n\n\n\n<p class=\"wp-block-paragraph\"><strong>Dise\u00f1o gr\u00e1fico:&nbsp;<\/strong>Paula \u00c1lvarez<\/p>\n\n\n\n<p class=\"wp-block-paragraph\"><strong>Prensa:<\/strong>&nbsp;Natalia Bocca<\/p>\n\n\n\n<p class=\"wp-block-paragraph\"><strong>Asistencia de producci\u00f3n:&nbsp;<\/strong>Alejandra \u00c1lvarez<\/p>\n\n\n\n<p class=\"wp-block-paragraph\"><strong>Asistencia de direcci\u00f3n:&nbsp;<\/strong>Sof\u00eda Maluf<\/p>\n\n\n\n<p class=\"wp-block-paragraph\"><strong>Direcci\u00f3n:&nbsp;<\/strong>Luciano Cazaux<\/p>\n\n\n\n<p class=\"wp-block-paragraph\"><strong>Duraci\u00f3n:<\/strong> 60 minutos<\/p>\n\n\n\n<p class=\"wp-block-paragraph\"><strong>Clasificaci\u00f3n:<\/strong> Teatro \u2013 Presencial \u2013 Adultos<\/p>\n\n\n\n<figure class=\"wp-block-image size-full is-resized\"><img loading=\"lazy\" decoding=\"async\" width=\"1000\" height=\"667\" src=\"https:\/\/sergiolapegue.com\/site\/wp-content\/uploads\/2026\/09\/Duo-de-camara-2.jpg\" alt=\"\" class=\"wp-image-32562\" style=\"width:1068px;height:auto\" srcset=\"https:\/\/sergiolapegue.com\/site\/wp-content\/uploads\/2026\/09\/Duo-de-camara-2.jpg 1000w, https:\/\/sergiolapegue.com\/site\/wp-content\/uploads\/2026\/09\/Duo-de-camara-2-300x200.jpg 300w, https:\/\/sergiolapegue.com\/site\/wp-content\/uploads\/2026\/09\/Duo-de-camara-2-768x512.jpg 768w, https:\/\/sergiolapegue.com\/site\/wp-content\/uploads\/2026\/09\/Duo-de-camara-2-324x216.jpg 324w, https:\/\/sergiolapegue.com\/site\/wp-content\/uploads\/2026\/09\/Duo-de-camara-2-696x464.jpg 696w\" sizes=\"auto, (max-width: 1000px) 100vw, 1000px\" \/><\/figure>\n\n\n\n<p class=\"wp-block-paragraph\"><strong>TEATRO EL POPULAR<\/strong><strong><\/strong><\/p>\n\n\n\n<p class=\"wp-block-paragraph\">Chile 2080 \u2013 Capital Federal \u2013 Buenos Aires \u2013 Argentina<\/p>\n\n\n\n<p class=\"wp-block-paragraph\">Tel\u00e9fono: 011 2493-2323<\/p>\n\n\n\n<p class=\"wp-block-paragraph\">Entradas: $ 20.000 \u2013 en boleter\u00eda del teatro o por Alternativa Teatral \u2013 Link:<\/p>\n\n\n\n<p class=\"wp-block-paragraph\"><a href=\"https:\/\/publico.alternativateatral.com\/entradas102654-duo-de-camara-de-luciano-cazaux?o=14\">Entradas para D\u00fao de c\u00e1mara de Luciano Cazaux en TEATRO EL POPULAR &#8211; Alternativa Teatral<\/a><\/p>\n\n\n\n<p class=\"wp-block-paragraph\">Funciones: S\u00e1bados 18:00 horas \u2013 Desde el 12\/09\/2026<\/p>\n\n\n\n<p class=\"wp-block-paragraph\">Gracias Natalia Bocca por acercarnos la gacetilla de prensa del estreno de este espect\u00e1culo.<\/p>\n\n\n\n<p class=\"wp-block-paragraph\"><strong>SOBRE EL&nbsp;ACTOR, DRAMATURGO y DIRECTOR<\/strong><\/p>\n\n\n\n<figure class=\"wp-block-image size-full is-resized\"><img loading=\"lazy\" decoding=\"async\" width=\"1000\" height=\"1000\" src=\"https:\/\/sergiolapegue.com\/site\/wp-content\/uploads\/2026\/09\/Duo-de-camara-Luciano-Cazaux.jpg\" alt=\"\" class=\"wp-image-32563\" style=\"width:438px;height:auto\" srcset=\"https:\/\/sergiolapegue.com\/site\/wp-content\/uploads\/2026\/09\/Duo-de-camara-Luciano-Cazaux.jpg 1000w, https:\/\/sergiolapegue.com\/site\/wp-content\/uploads\/2026\/09\/Duo-de-camara-Luciano-Cazaux-150x150-1.jpg 150w, https:\/\/sergiolapegue.com\/site\/wp-content\/uploads\/2026\/09\/Duo-de-camara-Luciano-Cazaux-300x300.jpg 300w, https:\/\/sergiolapegue.com\/site\/wp-content\/uploads\/2026\/09\/Duo-de-camara-Luciano-Cazaux-768x768.jpg 768w, https:\/\/sergiolapegue.com\/site\/wp-content\/uploads\/2026\/09\/Duo-de-camara-Luciano-Cazaux-324x324.jpg 324w, https:\/\/sergiolapegue.com\/site\/wp-content\/uploads\/2026\/09\/Duo-de-camara-Luciano-Cazaux-60x60.jpg 60w, https:\/\/sergiolapegue.com\/site\/wp-content\/uploads\/2026\/09\/Duo-de-camara-Luciano-Cazaux-360x360.jpg 360w, https:\/\/sergiolapegue.com\/site\/wp-content\/uploads\/2026\/09\/Duo-de-camara-Luciano-Cazaux-696x696.jpg 696w\" sizes=\"auto, (max-width: 1000px) 100vw, 1000px\" \/><\/figure>\n\n\n\n<p class=\"wp-block-paragraph\">Luciano Cazaux es docente, actor, director y dramaturgo.<\/p>\n\n\n\n<p class=\"wp-block-paragraph\"><strong>TRABAJOS EN TV:<\/strong><\/p>\n\n\n\n<p class=\"wp-block-paragraph\">Los \u00e1ngeles no lloran, Campeones, Mamitas, Verdad consecuencia, Poliladron, La 1-5\/18, Botineras, Mujeres de nadie,&nbsp;Los&nbsp;protectores, Golpe al coraz\u00f3n, Cartoneros, Loco por&nbsp;vos,&nbsp;Los ricos no piden permiso, Historias del Coraz\u00f3n, En&nbsp;terapia, Lobo, Botineras, Todos contra Juan, Herencia de amor,&nbsp;22 El Loco, Culpables, Primicias, Los&nbsp;Buscas, Gasoleros, Cebollitas,&nbsp;entre otras.<\/p>\n\n\n\n<p class=\"wp-block-paragraph\"><strong>EN CINE:<\/strong><\/p>\n\n\n\n<p class=\"wp-block-paragraph\">La odisea de los giles, Granizo, P\u00e1jaros negros, El t\u00fanel de los huesos, Regresados, Infancia clandestina, Felicidades, Buenos Aires me mata, Bajo bandera.<\/p>\n\n\n\n<p class=\"wp-block-paragraph\"><strong>PREMIOS:<\/strong><\/p>\n\n\n\n<p class=\"wp-block-paragraph\"><strong>2025:&nbsp;<\/strong>Menci\u00f3n Especial por Todos mis destinos (poemario)<strong>&nbsp;Argentina, Letras del arrozal, Entre R\u00edos.&nbsp;<\/strong>Viejo ni\u00f1o (poema) publicaci\u00f3n; concurso<strong>&nbsp;Atrapar el viento, Madrid, Espa\u00f1a<\/strong>. Un tren de mi\u00e9rcoles (cuento) Menci\u00f3n del jurado; concurso&nbsp;<strong>Dulce L, Pinamar<\/strong>. Jurado del concurso de relatos breves&nbsp;<strong>COMICOM, Miramar.<\/strong><\/p>\n\n\n\n<p class=\"wp-block-paragraph\"><strong>2024:&nbsp;<\/strong>Malos pensamientos (cuento), menci\u00f3n especial en la&nbsp;<strong>Feria del Libro de Moreno. 2023:&nbsp;<\/strong>Auto publicaci\u00f3n de la novela&nbsp;<strong>La ni\u00f1a que caminaba descalza; Autores de Argentina<\/strong>.<\/p>\n\n\n\n<p class=\"wp-block-paragraph\"><strong>Ganador premio ACE 1999 por Bang bang y somos historia.<\/strong><\/p>\n\n\n\n<p class=\"wp-block-paragraph\">Adapt\u00f3 y produjo Eva y Victoria, Dir: Oscar Barney Finn; adapt\u00f3 E d\u00eda que Nietzsche Llor\u00f3, Dir: L\u00eda Jel\u00edn; adapt\u00f3 el anatomista Dir: Jos\u00e9 M. Muscari<\/p>\n\n\n\n<p class=\"wp-block-paragraph\"><strong>Otros trabajos:<\/strong><\/p>\n\n\n\n<p class=\"wp-block-paragraph\">Director&nbsp;de&nbsp;casting&nbsp;para&nbsp;comerciales&nbsp;desde&nbsp;diciembre&nbsp;de&nbsp;1998 a 2009.<\/p>\n\n\n\n<p class=\"wp-block-paragraph\">Director de actores en comerciales.<\/p>\n\n\n\n<p class=\"wp-block-paragraph\"><\/p>\n","protected":false},"excerpt":{"rendered":"<p>\u201cD\u00fao de c\u00e1mara\u201d es un drama sat\u00edrico, con dramaturgia, direcci\u00f3n e interpretaci\u00f3n de Luciano Cazaux, quien junto a la actriz Majo Benitez Coll protagonizan esta obra. Las funciones tendr\u00e1n lugar los d\u00edas s\u00e1bados a las 18:00 horas en el Teatro El Popular. SINOPSIS La historia transcurre a las cuatro de la ma\u00f1ana en el living [&hellip;]<\/p>\n","protected":false},"author":3,"featured_media":32564,"comment_status":"open","ping_status":"closed","sticky":false,"template":"","format":"standard","meta":{"footnotes":""},"categories":[34,35],"tags":[],"class_list":["post-32560","post","type-post","status-publish","format-standard","has-post-thumbnail","category-arte","category-teatro"],"yoast_head":"<!-- This site is optimized with the Yoast SEO plugin v28.4 - https:\/\/yoast.com\/product\/yoast-seo-wordpress\/ -->\n<title>\u201cD\u00daO DE C\u00c1MARA\u201d - Sergio Lapegue<\/title>\n<meta name=\"robots\" content=\"index, follow, max-snippet:-1, max-image-preview:large, max-video-preview:-1\" \/>\n<link rel=\"canonical\" href=\"https:\/\/sergiolapegue.com\/site\/2026\/09\/03\/duo-de-camara\/\" \/>\n<meta property=\"og:locale\" content=\"es_ES\" \/>\n<meta property=\"og:type\" content=\"article\" \/>\n<meta property=\"og:title\" content=\"\u201cD\u00daO DE C\u00c1MARA\u201d - Sergio Lapegue\" \/>\n<meta property=\"og:description\" content=\"\u201cD\u00fao de c\u00e1mara\u201d es un drama sat\u00edrico, con dramaturgia, direcci\u00f3n e interpretaci\u00f3n de Luciano Cazaux, quien junto a la actriz Majo Benitez Coll protagonizan esta obra. Las funciones tendr\u00e1n lugar los d\u00edas s\u00e1bados a las 18:00 horas en el Teatro El Popular. SINOPSIS La historia transcurre a las cuatro de la ma\u00f1ana en el living [&hellip;]\" \/>\n<meta property=\"og:url\" content=\"https:\/\/sergiolapegue.com\/site\/2026\/09\/03\/duo-de-camara\/\" \/>\n<meta property=\"og:site_name\" content=\"Sergio Lapegue\" \/>\n<meta property=\"article:publisher\" content=\"https:\/\/facebook.com\/sergiolapegue\" \/>\n<meta property=\"article:author\" content=\"https:\/\/facebook.com\/danielernesto.montana\" \/>\n<meta property=\"article:published_time\" content=\"2026-09-03T04:00:00+00:00\" \/>\n<meta property=\"og:image\" content=\"https:\/\/sergiolapegue.com\/site\/wp-content\/uploads\/2026\/09\/Duo-de-camara.jpg\" \/>\n\t<meta property=\"og:image:width\" content=\"1000\" \/>\n\t<meta property=\"og:image:height\" content=\"1315\" \/>\n\t<meta property=\"og:image:type\" content=\"image\/jpeg\" \/>\n<meta name=\"author\" content=\"Daniel E. Monta\u00f1a\" \/>\n<meta name=\"twitter:card\" content=\"summary_large_image\" \/>\n<meta name=\"twitter:creator\" content=\"@https:\/\/twitter.com\/daner_004\" \/>\n<meta name=\"twitter:site\" content=\"@sergiolapegue\" \/>\n<meta name=\"twitter:label1\" content=\"Escrito por\" \/>\n\t<meta name=\"twitter:data1\" content=\"Daniel E. Monta\u00f1a\" \/>\n\t<meta name=\"twitter:label2\" content=\"Tiempo de lectura\" \/>\n\t<meta name=\"twitter:data2\" content=\"4 minutos\" \/>\n<script type=\"application\/ld+json\" class=\"yoast-schema-graph\">{\"@context\":\"https:\\\/\\\/schema.org\",\"@graph\":[{\"@type\":\"Article\",\"@id\":\"https:\\\/\\\/sergiolapegue.com\\\/site\\\/2026\\\/09\\\/03\\\/duo-de-camara\\\/#article\",\"isPartOf\":{\"@id\":\"https:\\\/\\\/sergiolapegue.com\\\/site\\\/2026\\\/09\\\/03\\\/duo-de-camara\\\/\"},\"author\":{\"name\":\"Daniel E. Monta\u00f1a\",\"@id\":\"https:\\\/\\\/sergiolapegue.com\\\/site\\\/#\\\/schema\\\/person\\\/9198e7dbab43c6d74d0fd5399af7c3cd\"},\"headline\":\"\u201cD\u00daO DE C\u00c1MARA\u201d\",\"datePublished\":\"2026-09-03T04:00:00+00:00\",\"mainEntityOfPage\":{\"@id\":\"https:\\\/\\\/sergiolapegue.com\\\/site\\\/2026\\\/09\\\/03\\\/duo-de-camara\\\/\"},\"wordCount\":703,\"commentCount\":0,\"publisher\":{\"@id\":\"https:\\\/\\\/sergiolapegue.com\\\/site\\\/#\\\/schema\\\/person\\\/083aeceeb0734cd166779ea6c0551a37\"},\"image\":{\"@id\":\"https:\\\/\\\/sergiolapegue.com\\\/site\\\/2026\\\/09\\\/03\\\/duo-de-camara\\\/#primaryimage\"},\"thumbnailUrl\":\"https:\\\/\\\/sergiolapegue.com\\\/site\\\/wp-content\\\/uploads\\\/2026\\\/09\\\/Duo-de-camara.jpg\",\"articleSection\":[\"Arte\",\"Teatro\"],\"inLanguage\":\"es-AR\",\"potentialAction\":[{\"@type\":\"CommentAction\",\"name\":\"Comment\",\"target\":[\"https:\\\/\\\/sergiolapegue.com\\\/site\\\/2026\\\/09\\\/03\\\/duo-de-camara\\\/#respond\"]}]},{\"@type\":\"WebPage\",\"@id\":\"https:\\\/\\\/sergiolapegue.com\\\/site\\\/2026\\\/09\\\/03\\\/duo-de-camara\\\/\",\"url\":\"https:\\\/\\\/sergiolapegue.com\\\/site\\\/2026\\\/09\\\/03\\\/duo-de-camara\\\/\",\"name\":\"\u201cD\u00daO DE C\u00c1MARA\u201d - Sergio Lapegue\",\"isPartOf\":{\"@id\":\"https:\\\/\\\/sergiolapegue.com\\\/site\\\/#website\"},\"primaryImageOfPage\":{\"@id\":\"https:\\\/\\\/sergiolapegue.com\\\/site\\\/2026\\\/09\\\/03\\\/duo-de-camara\\\/#primaryimage\"},\"image\":{\"@id\":\"https:\\\/\\\/sergiolapegue.com\\\/site\\\/2026\\\/09\\\/03\\\/duo-de-camara\\\/#primaryimage\"},\"thumbnailUrl\":\"https:\\\/\\\/sergiolapegue.com\\\/site\\\/wp-content\\\/uploads\\\/2026\\\/09\\\/Duo-de-camara.jpg\",\"datePublished\":\"2026-09-03T04:00:00+00:00\",\"breadcrumb\":{\"@id\":\"https:\\\/\\\/sergiolapegue.com\\\/site\\\/2026\\\/09\\\/03\\\/duo-de-camara\\\/#breadcrumb\"},\"inLanguage\":\"es-AR\",\"potentialAction\":[{\"@type\":\"ReadAction\",\"target\":[\"https:\\\/\\\/sergiolapegue.com\\\/site\\\/2026\\\/09\\\/03\\\/duo-de-camara\\\/\"]}]},{\"@type\":\"ImageObject\",\"inLanguage\":\"es-AR\",\"@id\":\"https:\\\/\\\/sergiolapegue.com\\\/site\\\/2026\\\/09\\\/03\\\/duo-de-camara\\\/#primaryimage\",\"url\":\"https:\\\/\\\/sergiolapegue.com\\\/site\\\/wp-content\\\/uploads\\\/2026\\\/09\\\/Duo-de-camara.jpg\",\"contentUrl\":\"https:\\\/\\\/sergiolapegue.com\\\/site\\\/wp-content\\\/uploads\\\/2026\\\/09\\\/Duo-de-camara.jpg\",\"width\":1000,\"height\":1315},{\"@type\":\"BreadcrumbList\",\"@id\":\"https:\\\/\\\/sergiolapegue.com\\\/site\\\/2026\\\/09\\\/03\\\/duo-de-camara\\\/#breadcrumb\",\"itemListElement\":[{\"@type\":\"ListItem\",\"position\":1,\"name\":\"Inicio\",\"item\":\"https:\\\/\\\/sergiolapegue.com\\\/site\\\/\"},{\"@type\":\"ListItem\",\"position\":2,\"name\":\"\u201cD\u00daO DE C\u00c1MARA\u201d\"}]},{\"@type\":\"WebSite\",\"@id\":\"https:\\\/\\\/sergiolapegue.com\\\/site\\\/#website\",\"url\":\"https:\\\/\\\/sergiolapegue.com\\\/site\\\/\",\"name\":\"Sergio Lapegue\",\"description\":\"Periodista y conductor de radio y televisi\u00f3n argentino, nacido el 6 de septiembre de 1964.\",\"publisher\":{\"@id\":\"https:\\\/\\\/sergiolapegue.com\\\/site\\\/#\\\/schema\\\/person\\\/083aeceeb0734cd166779ea6c0551a37\"},\"potentialAction\":[{\"@type\":\"SearchAction\",\"target\":{\"@type\":\"EntryPoint\",\"urlTemplate\":\"https:\\\/\\\/sergiolapegue.com\\\/site\\\/?s={search_term_string}\"},\"query-input\":{\"@type\":\"PropertyValueSpecification\",\"valueRequired\":true,\"valueName\":\"search_term_string\"}}],\"inLanguage\":\"es-AR\"},{\"@type\":[\"Person\",\"Organization\"],\"@id\":\"https:\\\/\\\/sergiolapegue.com\\\/site\\\/#\\\/schema\\\/person\\\/083aeceeb0734cd166779ea6c0551a37\",\"name\":\"Sergio Lapegue\",\"image\":{\"@type\":\"ImageObject\",\"inLanguage\":\"es-AR\",\"@id\":\"https:\\\/\\\/sergiolapegue.com\\\/site\\\/wp-content\\\/uploads\\\/2021\\\/04\\\/logo_header-1.png\",\"url\":\"https:\\\/\\\/sergiolapegue.com\\\/site\\\/wp-content\\\/uploads\\\/2021\\\/04\\\/logo_header-1.png\",\"contentUrl\":\"https:\\\/\\\/sergiolapegue.com\\\/site\\\/wp-content\\\/uploads\\\/2021\\\/04\\\/logo_header-1.png\",\"width\":272,\"height\":90,\"caption\":\"Sergio Lapegue\"},\"logo\":{\"@id\":\"https:\\\/\\\/sergiolapegue.com\\\/site\\\/wp-content\\\/uploads\\\/2021\\\/04\\\/logo_header-1.png\"},\"sameAs\":[\"https:\\\/\\\/facebook.com\\\/sergiolapegue\",\"https:\\\/\\\/instagram.com\\\/sergiolapegue\",\"https:\\\/\\\/x.com\\\/https:\\\/\\\/twitter.com\\\/sergiolapegue\"]},{\"@type\":\"Person\",\"@id\":\"https:\\\/\\\/sergiolapegue.com\\\/site\\\/#\\\/schema\\\/person\\\/9198e7dbab43c6d74d0fd5399af7c3cd\",\"name\":\"Daniel E. Monta\u00f1a\",\"image\":{\"@type\":\"ImageObject\",\"inLanguage\":\"es-AR\",\"@id\":\"https:\\\/\\\/sergiolapegue.com\\\/site\\\/wp-content\\\/uploads\\\/2021\\\/04\\\/sl_avatar_Daniel-150x150.jpg\",\"url\":\"https:\\\/\\\/sergiolapegue.com\\\/site\\\/wp-content\\\/uploads\\\/2021\\\/04\\\/sl_avatar_Daniel-150x150.jpg\",\"contentUrl\":\"https:\\\/\\\/sergiolapegue.com\\\/site\\\/wp-content\\\/uploads\\\/2021\\\/04\\\/sl_avatar_Daniel-150x150.jpg\",\"caption\":\"Daniel E. Monta\u00f1a\"},\"sameAs\":[\"https:\\\/\\\/facebook.com\\\/danielernesto.montana\",\"https:\\\/\\\/instagram.com\\\/daniel_montana1961\",\"https:\\\/\\\/x.com\\\/https:\\\/\\\/twitter.com\\\/daner_004\"],\"url\":\"https:\\\/\\\/sergiolapegue.com\\\/site\\\/author\\\/daniel\\\/\"}]}<\/script>\n<!-- \/ Yoast SEO plugin. -->","yoast_head_json":{"title":"\u201cD\u00daO DE C\u00c1MARA\u201d - Sergio Lapegue","robots":{"index":"index","follow":"follow","max-snippet":"max-snippet:-1","max-image-preview":"max-image-preview:large","max-video-preview":"max-video-preview:-1"},"canonical":"https:\/\/sergiolapegue.com\/site\/2026\/09\/03\/duo-de-camara\/","og_locale":"es_ES","og_type":"article","og_title":"\u201cD\u00daO DE C\u00c1MARA\u201d - Sergio Lapegue","og_description":"\u201cD\u00fao de c\u00e1mara\u201d es un drama sat\u00edrico, con dramaturgia, direcci\u00f3n e interpretaci\u00f3n de Luciano Cazaux, quien junto a la actriz Majo Benitez Coll protagonizan esta obra. Las funciones tendr\u00e1n lugar los d\u00edas s\u00e1bados a las 18:00 horas en el Teatro El Popular. SINOPSIS La historia transcurre a las cuatro de la ma\u00f1ana en el living [&hellip;]","og_url":"https:\/\/sergiolapegue.com\/site\/2026\/09\/03\/duo-de-camara\/","og_site_name":"Sergio Lapegue","article_publisher":"https:\/\/facebook.com\/sergiolapegue","article_author":"https:\/\/facebook.com\/danielernesto.montana","article_published_time":"2026-09-03T04:00:00+00:00","og_image":[{"width":1000,"height":1315,"url":"https:\/\/sergiolapegue.com\/site\/wp-content\/uploads\/2026\/09\/Duo-de-camara.jpg","type":"image\/jpeg"}],"author":"Daniel E. Monta\u00f1a","twitter_card":"summary_large_image","twitter_creator":"@https:\/\/twitter.com\/daner_004","twitter_site":"@sergiolapegue","twitter_misc":{"Escrito por":"Daniel E. Monta\u00f1a","Tiempo de lectura":"4 minutos"},"schema":{"@context":"https:\/\/schema.org","@graph":[{"@type":"Article","@id":"https:\/\/sergiolapegue.com\/site\/2026\/09\/03\/duo-de-camara\/#article","isPartOf":{"@id":"https:\/\/sergiolapegue.com\/site\/2026\/09\/03\/duo-de-camara\/"},"author":{"name":"Daniel E. Monta\u00f1a","@id":"https:\/\/sergiolapegue.com\/site\/#\/schema\/person\/9198e7dbab43c6d74d0fd5399af7c3cd"},"headline":"\u201cD\u00daO DE C\u00c1MARA\u201d","datePublished":"2026-09-03T04:00:00+00:00","mainEntityOfPage":{"@id":"https:\/\/sergiolapegue.com\/site\/2026\/09\/03\/duo-de-camara\/"},"wordCount":703,"commentCount":0,"publisher":{"@id":"https:\/\/sergiolapegue.com\/site\/#\/schema\/person\/083aeceeb0734cd166779ea6c0551a37"},"image":{"@id":"https:\/\/sergiolapegue.com\/site\/2026\/09\/03\/duo-de-camara\/#primaryimage"},"thumbnailUrl":"https:\/\/sergiolapegue.com\/site\/wp-content\/uploads\/2026\/09\/Duo-de-camara.jpg","articleSection":["Arte","Teatro"],"inLanguage":"es-AR","potentialAction":[{"@type":"CommentAction","name":"Comment","target":["https:\/\/sergiolapegue.com\/site\/2026\/09\/03\/duo-de-camara\/#respond"]}]},{"@type":"WebPage","@id":"https:\/\/sergiolapegue.com\/site\/2026\/09\/03\/duo-de-camara\/","url":"https:\/\/sergiolapegue.com\/site\/2026\/09\/03\/duo-de-camara\/","name":"\u201cD\u00daO DE C\u00c1MARA\u201d - Sergio Lapegue","isPartOf":{"@id":"https:\/\/sergiolapegue.com\/site\/#website"},"primaryImageOfPage":{"@id":"https:\/\/sergiolapegue.com\/site\/2026\/09\/03\/duo-de-camara\/#primaryimage"},"image":{"@id":"https:\/\/sergiolapegue.com\/site\/2026\/09\/03\/duo-de-camara\/#primaryimage"},"thumbnailUrl":"https:\/\/sergiolapegue.com\/site\/wp-content\/uploads\/2026\/09\/Duo-de-camara.jpg","datePublished":"2026-09-03T04:00:00+00:00","breadcrumb":{"@id":"https:\/\/sergiolapegue.com\/site\/2026\/09\/03\/duo-de-camara\/#breadcrumb"},"inLanguage":"es-AR","potentialAction":[{"@type":"ReadAction","target":["https:\/\/sergiolapegue.com\/site\/2026\/09\/03\/duo-de-camara\/"]}]},{"@type":"ImageObject","inLanguage":"es-AR","@id":"https:\/\/sergiolapegue.com\/site\/2026\/09\/03\/duo-de-camara\/#primaryimage","url":"https:\/\/sergiolapegue.com\/site\/wp-content\/uploads\/2026\/09\/Duo-de-camara.jpg","contentUrl":"https:\/\/sergiolapegue.com\/site\/wp-content\/uploads\/2026\/09\/Duo-de-camara.jpg","width":1000,"height":1315},{"@type":"BreadcrumbList","@id":"https:\/\/sergiolapegue.com\/site\/2026\/09\/03\/duo-de-camara\/#breadcrumb","itemListElement":[{"@type":"ListItem","position":1,"name":"Inicio","item":"https:\/\/sergiolapegue.com\/site\/"},{"@type":"ListItem","position":2,"name":"\u201cD\u00daO DE C\u00c1MARA\u201d"}]},{"@type":"WebSite","@id":"https:\/\/sergiolapegue.com\/site\/#website","url":"https:\/\/sergiolapegue.com\/site\/","name":"Sergio Lapegue","description":"Periodista y conductor de radio y televisi\u00f3n argentino, nacido el 6 de septiembre de 1964.","publisher":{"@id":"https:\/\/sergiolapegue.com\/site\/#\/schema\/person\/083aeceeb0734cd166779ea6c0551a37"},"potentialAction":[{"@type":"SearchAction","target":{"@type":"EntryPoint","urlTemplate":"https:\/\/sergiolapegue.com\/site\/?s={search_term_string}"},"query-input":{"@type":"PropertyValueSpecification","valueRequired":true,"valueName":"search_term_string"}}],"inLanguage":"es-AR"},{"@type":["Person","Organization"],"@id":"https:\/\/sergiolapegue.com\/site\/#\/schema\/person\/083aeceeb0734cd166779ea6c0551a37","name":"Sergio Lapegue","image":{"@type":"ImageObject","inLanguage":"es-AR","@id":"https:\/\/sergiolapegue.com\/site\/wp-content\/uploads\/2021\/04\/logo_header-1.png","url":"https:\/\/sergiolapegue.com\/site\/wp-content\/uploads\/2021\/04\/logo_header-1.png","contentUrl":"https:\/\/sergiolapegue.com\/site\/wp-content\/uploads\/2021\/04\/logo_header-1.png","width":272,"height":90,"caption":"Sergio Lapegue"},"logo":{"@id":"https:\/\/sergiolapegue.com\/site\/wp-content\/uploads\/2021\/04\/logo_header-1.png"},"sameAs":["https:\/\/facebook.com\/sergiolapegue","https:\/\/instagram.com\/sergiolapegue","https:\/\/x.com\/https:\/\/twitter.com\/sergiolapegue"]},{"@type":"Person","@id":"https:\/\/sergiolapegue.com\/site\/#\/schema\/person\/9198e7dbab43c6d74d0fd5399af7c3cd","name":"Daniel E. Monta\u00f1a","image":{"@type":"ImageObject","inLanguage":"es-AR","@id":"https:\/\/sergiolapegue.com\/site\/wp-content\/uploads\/2021\/04\/sl_avatar_Daniel-150x150.jpg","url":"https:\/\/sergiolapegue.com\/site\/wp-content\/uploads\/2021\/04\/sl_avatar_Daniel-150x150.jpg","contentUrl":"https:\/\/sergiolapegue.com\/site\/wp-content\/uploads\/2021\/04\/sl_avatar_Daniel-150x150.jpg","caption":"Daniel E. Monta\u00f1a"},"sameAs":["https:\/\/facebook.com\/danielernesto.montana","https:\/\/instagram.com\/daniel_montana1961","https:\/\/x.com\/https:\/\/twitter.com\/daner_004"],"url":"https:\/\/sergiolapegue.com\/site\/author\/daniel\/"}]}},"_links":{"self":[{"href":"https:\/\/sergiolapegue.com\/site\/wp-json\/wp\/v2\/posts\/32560","targetHints":{"allow":["GET"]}}],"collection":[{"href":"https:\/\/sergiolapegue.com\/site\/wp-json\/wp\/v2\/posts"}],"about":[{"href":"https:\/\/sergiolapegue.com\/site\/wp-json\/wp\/v2\/types\/post"}],"author":[{"embeddable":true,"href":"https:\/\/sergiolapegue.com\/site\/wp-json\/wp\/v2\/users\/3"}],"replies":[{"embeddable":true,"href":"https:\/\/sergiolapegue.com\/site\/wp-json\/wp\/v2\/comments?post=32560"}],"version-history":[{"count":1,"href":"https:\/\/sergiolapegue.com\/site\/wp-json\/wp\/v2\/posts\/32560\/revisions"}],"predecessor-version":[{"id":32565,"href":"https:\/\/sergiolapegue.com\/site\/wp-json\/wp\/v2\/posts\/32560\/revisions\/32565"}],"wp:featuredmedia":[{"embeddable":true,"href":"https:\/\/sergiolapegue.com\/site\/wp-json\/wp\/v2\/media\/32564"}],"wp:attachment":[{"href":"https:\/\/sergiolapegue.com\/site\/wp-json\/wp\/v2\/media?parent=32560"}],"wp:term":[{"taxonomy":"category","embeddable":true,"href":"https:\/\/sergiolapegue.com\/site\/wp-json\/wp\/v2\/categories?post=32560"},{"taxonomy":"post_tag","embeddable":true,"href":"https:\/\/sergiolapegue.com\/site\/wp-json\/wp\/v2\/tags?post=32560"}],"curies":[{"name":"wp","href":"https:\/\/api.w.org\/{rel}","templated":true}]}}