{"id":32552,"date":"2026-09-01T09:00:00","date_gmt":"2026-09-01T12:00:00","guid":{"rendered":"https:\/\/sergiolapegue.com\/site\/?p=32552"},"modified":"2026-09-01T00:45:26","modified_gmt":"2026-09-01T03:45:26","slug":"no-mataras-del-otro-lado-2","status":"publish","type":"post","link":"https:\/\/sergiolapegue.com\/site\/2026\/09\/01\/no-mataras-del-otro-lado-2\/","title":{"rendered":"NO MATAR\u00c1S (DEL OTRO LADO)"},"content":{"rendered":"\n<p class=\"wp-block-paragraph\">Llega la segunda temporada de \u201cNo Matar\u00e1s (del otro lado), con autor\u00eda de Osvaldo Peluffo y Ver\u00f3nika Ayanz Peluffo, las actuaciones de Juan Pablo Rebuffi, Ver\u00f3nika Ayanz Peluffo, Germ\u00e1n Tirini, Florencia Rey, Daiana Fossati, Ian Mignone y Sofia Ojeda, bajo la direcci\u00f3n de Osvaldo Peluffo. Basada en hechos reales y tomando como modelos los testimonios de diversos actores de la \u00e9poca, \u201cNo Matar\u00e1s (del otro lado)\u201d, es un espect\u00e1culo bio dram\u00e1tico que toma como punto de partida las cartas de Oscar Del Barco. Las funciones ser\u00e1n los d\u00edas viernes de septiembre y octubre a las 21:00 horas, en Muy Teatro, a partir del 4 de septiembre.<\/p>\n\n\n\n<figure class=\"wp-block-image size-full is-resized\"><img loading=\"lazy\" decoding=\"async\" width=\"1000\" height=\"719\" src=\"https:\/\/sergiolapegue.com\/site\/wp-content\/uploads\/2026\/09\/No-mataras-1.jpg\" alt=\"\" class=\"wp-image-32553\" style=\"width:1068px;height:auto\" srcset=\"https:\/\/sergiolapegue.com\/site\/wp-content\/uploads\/2026\/09\/No-mataras-1.jpg 1000w, https:\/\/sergiolapegue.com\/site\/wp-content\/uploads\/2026\/09\/No-mataras-1-300x216.jpg 300w, https:\/\/sergiolapegue.com\/site\/wp-content\/uploads\/2026\/09\/No-mataras-1-80x59.jpg 80w, https:\/\/sergiolapegue.com\/site\/wp-content\/uploads\/2026\/09\/No-mataras-1-208x149.jpg 208w, https:\/\/sergiolapegue.com\/site\/wp-content\/uploads\/2026\/09\/No-mataras-1-768x552.jpg 768w, https:\/\/sergiolapegue.com\/site\/wp-content\/uploads\/2026\/09\/No-mataras-1-323x232.jpg 323w, https:\/\/sergiolapegue.com\/site\/wp-content\/uploads\/2026\/09\/No-mataras-1-695x500.jpg 695w\" sizes=\"auto, (max-width: 1000px) 100vw, 1000px\" \/><\/figure>\n\n\n\n<p class=\"wp-block-paragraph\"><strong>SINOPSIS<\/strong><strong><\/strong><\/p>\n\n\n\n<p class=\"wp-block-paragraph\">\u201cNo Matar\u00e1s&nbsp;(del otro lado)\u201d cuenta la historia de un militante montonero que recuerda el atentado al jefe de la Polic\u00eda Federal, Ces\u00e1reo Cardozo, en los a\u00f1os 70. Sus familiares y compa\u00f1eros de militancia lo acompa\u00f1an en una noche de locura y muerte.<\/p>\n\n\n\n<p class=\"wp-block-paragraph\">Este espect\u00e1culo, es el segundo de \u201cLa trilog\u00eda argentina\u201d que comenz\u00f3 con \u201cRavioles\u201d y cuenta la tragedia de nuestro pa\u00eds en los a\u00f1os 70. \u201cNo matar\u00e1s (del otro lado)\u201d es una parte de nuestra historia que nadie se atrevi\u00f3 a contar (hasta ahora).<br>\u201cNo es lo mismo la historia que las memorias que se fueron construyendo sobre esta historia.\u201d \u2013 Hern\u00e1n Confino.<\/p>\n\n\n\n<figure class=\"wp-block-image size-large is-resized\"><img loading=\"lazy\" decoding=\"async\" width=\"1024\" height=\"455\" src=\"https:\/\/sergiolapegue.com\/site\/wp-content\/uploads\/2026\/09\/No-mataras-2-1024x455.jpg\" alt=\"\" class=\"wp-image-32554\" style=\"width:1068px;height:auto\" srcset=\"https:\/\/sergiolapegue.com\/site\/wp-content\/uploads\/2026\/09\/No-mataras-2-1024x455.jpg 1024w, https:\/\/sergiolapegue.com\/site\/wp-content\/uploads\/2026\/09\/No-mataras-2-300x133.jpg 300w, https:\/\/sergiolapegue.com\/site\/wp-content\/uploads\/2026\/09\/No-mataras-2-767x341.jpg 767w, https:\/\/sergiolapegue.com\/site\/wp-content\/uploads\/2026\/09\/No-mataras-2-1536x683.jpg 1536w, https:\/\/sergiolapegue.com\/site\/wp-content\/uploads\/2026\/09\/No-mataras-2-324x144.jpg 324w, https:\/\/sergiolapegue.com\/site\/wp-content\/uploads\/2026\/09\/No-mataras-2-1066x474.jpg 1066w, https:\/\/sergiolapegue.com\/site\/wp-content\/uploads\/2026\/09\/No-mataras-2-695x309.jpg 695w, https:\/\/sergiolapegue.com\/site\/wp-content\/uploads\/2026\/09\/No-mataras-2.jpg 1900w\" sizes=\"auto, (max-width: 1024px) 100vw, 1024px\" \/><\/figure>\n\n\n\n<p class=\"wp-block-paragraph\"><strong>FICHA T\u00c9CNICO ART\u00cdSTICA<\/strong><\/p>\n\n\n\n<p class=\"wp-block-paragraph\"><strong>Autores:&nbsp;<\/strong>Osvaldo Peluffo \u2013 Ver\u00f3nika Ayanz Peluffo<\/p>\n\n\n\n<p class=\"wp-block-paragraph\"><strong>Elenco:<\/strong> Juan Pablo Rebuffi \u2013 Ver\u00f3nika Ayanz Peluffo \u2013 Germ\u00e1n Tirini \u2013 Florencia Rey \u2013 Daiana Fossati \u2013 Ian Mignone \u2013 Sofia Ojeda<\/p>\n\n\n\n<p class=\"wp-block-paragraph\"><strong>Dise\u00f1o de vestuario:<\/strong>&nbsp;Ver\u00f3nika Ayanz Peluffo<\/p>\n\n\n\n<p class=\"wp-block-paragraph\"><strong>Dise\u00f1o de escenograf\u00eda:<\/strong>&nbsp;Ver\u00f3nika Ayanz Peluffo<\/p>\n\n\n\n<p class=\"wp-block-paragraph\"><strong>Dise\u00f1o de luces:<\/strong>&nbsp;Osvaldo Peluffo<\/p>\n\n\n\n<p class=\"wp-block-paragraph\"><strong>Selecci\u00f3n musical:<\/strong>&nbsp;Osvaldo Peluffo<\/p>\n\n\n\n<p class=\"wp-block-paragraph\"><strong>Realizaci\u00f3n de banda sonora:<\/strong>&nbsp;Rion Maret<\/p>\n\n\n\n<p class=\"wp-block-paragraph\"><strong>Fotograf\u00eda:<\/strong>&nbsp;Julia Gel<\/p>\n\n\n\n<p class=\"wp-block-paragraph\"><strong>Dise\u00f1o de gr\u00e1fico:<\/strong>&nbsp;Florencia Rey<\/p>\n\n\n\n<p class=\"wp-block-paragraph\"><strong>RRSS:<\/strong>&nbsp;Florencia Rey<\/p>\n\n\n\n<p class=\"wp-block-paragraph\"><strong>Prensa:<\/strong>&nbsp;Natalia Bocca<\/p>\n\n\n\n<p class=\"wp-block-paragraph\"><strong>Puesta en escena:<\/strong>&nbsp;Osvaldo Peluffo<\/p>\n\n\n\n<p class=\"wp-block-paragraph\"><strong>Asistencia t\u00e9cnica:<\/strong>&nbsp;Rion Maret<\/p>\n\n\n\n<p class=\"wp-block-paragraph\"><strong>Asistente general:<\/strong>&nbsp;Clara Ponsetti<\/p>\n\n\n\n<p class=\"wp-block-paragraph\"><strong>Asistente de direcci\u00f3n:<\/strong>&nbsp;Florencia Rey<\/p>\n\n\n\n<p class=\"wp-block-paragraph\"><strong>Producci\u00f3n ejecutiva:<\/strong>&nbsp;Ver\u00f3nika Ayanz Peluffo<\/p>\n\n\n\n<p class=\"wp-block-paragraph\"><strong>Producci\u00f3n General:<\/strong>&nbsp;Compa\u00f1\u00eda F\u00e5r\u00f6<\/p>\n\n\n\n<p class=\"wp-block-paragraph\"><strong>Direcci\u00f3n de actores:<\/strong>&nbsp;Osvaldo Peluffo<\/p>\n\n\n\n<p class=\"wp-block-paragraph\"><strong>Direcci\u00f3n general:<\/strong>&nbsp;Osvaldo Peluffo<\/p>\n\n\n\n<p class=\"wp-block-paragraph\"><strong>Duraci\u00f3n:&nbsp;<\/strong>90&nbsp;minutos<\/p>\n\n\n\n<p class=\"wp-block-paragraph\"><strong>Clasificaci\u00f3n:<\/strong> Teatro \u2013 Presencial \u2013 Adultos<\/p>\n\n\n\n<figure class=\"wp-block-image size-large is-resized\"><img loading=\"lazy\" decoding=\"async\" width=\"1024\" height=\"384\" src=\"https:\/\/sergiolapegue.com\/site\/wp-content\/uploads\/2026\/09\/No-mataras-3-1024x384.jpg\" alt=\"\" class=\"wp-image-32555\" style=\"width:1068px;height:auto\" srcset=\"https:\/\/sergiolapegue.com\/site\/wp-content\/uploads\/2026\/09\/No-mataras-3-1024x384.jpg 1024w, https:\/\/sergiolapegue.com\/site\/wp-content\/uploads\/2026\/09\/No-mataras-3-766x287.jpg 766w, https:\/\/sergiolapegue.com\/site\/wp-content\/uploads\/2026\/09\/No-mataras-3-300x112.jpg 300w, https:\/\/sergiolapegue.com\/site\/wp-content\/uploads\/2026\/09\/No-mataras-3-1536x575.jpg 1536w, https:\/\/sergiolapegue.com\/site\/wp-content\/uploads\/2026\/09\/No-mataras-3-323x121.jpg 323w, https:\/\/sergiolapegue.com\/site\/wp-content\/uploads\/2026\/09\/No-mataras-3-694x260.jpg 694w, https:\/\/sergiolapegue.com\/site\/wp-content\/uploads\/2026\/09\/No-mataras-3-1068x400.jpg 1068w, https:\/\/sergiolapegue.com\/site\/wp-content\/uploads\/2026\/09\/No-mataras-3.jpg 1869w\" sizes=\"auto, (max-width: 1024px) 100vw, 1024px\" \/><\/figure>\n\n\n\n<p class=\"wp-block-paragraph\"><strong>MUY TEATRO<\/strong><strong><\/strong><\/p>\n\n\n\n<p class=\"wp-block-paragraph\">Humahuaca 4310 \u2013 Capital Federal \u2013 Buenos Aires \u2013 Argentina<\/p>\n\n\n\n<p class=\"wp-block-paragraph\">Tel\u00e9fono: 11 5 160 2179 \/ 11 6 468 1426<\/p>\n\n\n\n<p class=\"wp-block-paragraph\">Entradas: $ 23.000 \u2013 en boleter\u00eda del teatro o por Alternativa Teatral \u2013 Link:<\/p>\n\n\n\n<p class=\"wp-block-paragraph\"><a href=\"https:\/\/publico.alternativateatral.com\/entradas94662-no-mataras-del-otro-lado?o=14\">Entradas para No matar\u00e1s (del otro lado) en MUY TEATRO &#8211; Alternativa Teatral<\/a><\/p>\n\n\n\n<p class=\"wp-block-paragraph\">Funciones: Viernes 21:00 horas \u2013 Del 04\/09\/2026 al 23\/10\/2026 &nbsp;<\/p>\n\n\n\n<p class=\"wp-block-paragraph\">Gracias Natalia Bocca por enviarnos la gacetilla de prensa del reestreno de este espect\u00e1culo.<\/p>\n\n\n\n<p class=\"wp-block-paragraph\"><strong>SOBRE&nbsp;LA DRAMATURGA y ACTRIZ<\/strong><\/p>\n\n\n\n<figure class=\"wp-block-image size-full is-resized\"><img loading=\"lazy\" decoding=\"async\" width=\"1000\" height=\"700\" src=\"https:\/\/sergiolapegue.com\/site\/wp-content\/uploads\/2026\/09\/No-mataras-Veronika-Ayanz-Peluffo.jpg\" alt=\"\" class=\"wp-image-32556\" style=\"width:430px;height:auto\" srcset=\"https:\/\/sergiolapegue.com\/site\/wp-content\/uploads\/2026\/09\/No-mataras-Veronika-Ayanz-Peluffo.jpg 1000w, https:\/\/sergiolapegue.com\/site\/wp-content\/uploads\/2026\/09\/No-mataras-Veronika-Ayanz-Peluffo-300x210.jpg 300w, https:\/\/sergiolapegue.com\/site\/wp-content\/uploads\/2026\/09\/No-mataras-Veronika-Ayanz-Peluffo-767x537.jpg 767w, https:\/\/sergiolapegue.com\/site\/wp-content\/uploads\/2026\/09\/No-mataras-Veronika-Ayanz-Peluffo-214x150.jpg 214w, https:\/\/sergiolapegue.com\/site\/wp-content\/uploads\/2026\/09\/No-mataras-Veronika-Ayanz-Peluffo-323x226.jpg 323w, https:\/\/sergiolapegue.com\/site\/wp-content\/uploads\/2026\/09\/No-mataras-Veronika-Ayanz-Peluffo-696x487.jpg 696w\" sizes=\"auto, (max-width: 1000px) 100vw, 1000px\" \/><\/figure>\n\n\n\n<p class=\"wp-block-paragraph\">Ver\u00f3nika Ayanz Peluffo<\/p>\n\n\n\n<p class=\"wp-block-paragraph\">Recibe el Premio Mejor Actriz por &#8220;La se\u00f1ora Macbeth&#8221; en el Festival Internacional&#8221; Muestra de teatro Ciudad de Denia&#8221; en Alicante, Espa\u00f1a, 2019. Junto a Osvaldo Peluffo recogen tambi\u00e9n el galard\u00f3n de reconocimiento a la trayectoria, para la Compa\u00f1\u00eda Faro, ese mismo a\u00f1o.\u00a0<\/p>\n\n\n\n<p class=\"wp-block-paragraph\">A su vez como autores de &#8220;Andr\u00f3mina\u201d, fragmentos de un insoportable deseo&#8221; son nominados\u00a0 por \u00a0Argentores en 2010 a la mejor producci\u00f3n autoral.\u00a0<\/p>\n\n\n\n<p class=\"wp-block-paragraph\">En 2018 estrenan en Medell\u00edn, Colombia, &#8220;La se\u00f1ora Macbeth&#8221; en el marco del festival internacional &#8220;Fiesta de las artes esc\u00e9nicas&#8221; d\u00f3nde son considerados el mejor espect\u00e1culo del festival.&nbsp;<\/p>\n\n\n\n<p class=\"wp-block-paragraph\"><strong>SOBRE&nbsp;EL DRAMATURGO y DIRECTOR<\/strong><\/p>\n\n\n\n<figure class=\"wp-block-image size-full is-resized\"><img loading=\"lazy\" decoding=\"async\" width=\"1000\" height=\"700\" src=\"https:\/\/sergiolapegue.com\/site\/wp-content\/uploads\/2026\/09\/No-mataras-Osvaldo-Peluffo.jpg\" alt=\"\" class=\"wp-image-32557\" style=\"width:433px;height:auto\" srcset=\"https:\/\/sergiolapegue.com\/site\/wp-content\/uploads\/2026\/09\/No-mataras-Osvaldo-Peluffo.jpg 1000w, https:\/\/sergiolapegue.com\/site\/wp-content\/uploads\/2026\/09\/No-mataras-Osvaldo-Peluffo-300x210.jpg 300w, https:\/\/sergiolapegue.com\/site\/wp-content\/uploads\/2026\/09\/No-mataras-Osvaldo-Peluffo-767x537.jpg 767w, https:\/\/sergiolapegue.com\/site\/wp-content\/uploads\/2026\/09\/No-mataras-Osvaldo-Peluffo-214x150.jpg 214w, https:\/\/sergiolapegue.com\/site\/wp-content\/uploads\/2026\/09\/No-mataras-Osvaldo-Peluffo-323x226.jpg 323w, https:\/\/sergiolapegue.com\/site\/wp-content\/uploads\/2026\/09\/No-mataras-Osvaldo-Peluffo-696x487.jpg 696w\" sizes=\"auto, (max-width: 1000px) 100vw, 1000px\" \/><\/figure>\n\n\n\n<p class=\"wp-block-paragraph\">Osvaldo Peluffo,&nbsp;autor, director, actor y docente<\/p>\n\n\n\n<p class=\"wp-block-paragraph\">COMO DIRECTOR<\/p>\n\n\n\n<p class=\"wp-block-paragraph\">En el a\u00f1o 2007, funda junto a su esposa&nbsp;Ver\u00f3nika Ayanz Peluffo, la \u201cCOMPA\u00d1IA F\u00c5R\u00d6\u201d en el marco de la cual dirige m\u00e1s de una decena de piezas como \u201cC\u00e1mara lenta\u201d, \u201cMemorias del consuelo\u201d, \u201cRavioles\u201d, \u201cLa se\u00f1ora &nbsp;Macbeth\u201d, \u201cEl camarote\u201d, \u201cTrampa\u201d, \u201cEl lugar\u201d, \u201cDamas negras\u201d, \u201cFabrica de chicas\u201d, \u201cDestino Praga, estaci\u00f3n Paris\u201d y pr\u00f3ximamente \u201cNO matar\u00e1s\u201d entre otras.<\/p>\n\n\n\n<p class=\"wp-block-paragraph\">Ha presentado espect\u00e1culos de su propia dramaturgia y de grandes autores, entre los que se destacan los cl\u00e1sicos:&nbsp;George Orwell, W. Shakespeare, Roma Mahieu, A. Chejov, Oscar Viale, Tato Pavlovsky, Carlos Gorostiza, Griselda Gambaro. El espect\u00e1culo&nbsp;\u201cAndr\u00f3mina, fragmentos de un insoportable deseo\u201d&nbsp;que escribe junto a su mujer, fue nominado al&nbsp;Premio Argentores&nbsp;(A\u00f1o 2010)&nbsp;y cont\u00f3 con el apoyo de la Embajada de Argentina en Madrid.&nbsp;<\/p>\n\n\n\n<p class=\"wp-block-paragraph\">Particip\u00f3 durante dos a\u00f1os consecutivos en el ciclo Teatro x la identidad. Algunos de los teatros que albergaron sus espect\u00e1culos son (entre otros):&nbsp;La Comedia, Chacarerean, Beckett, Fundaci\u00f3n Teatro del Sur, Pan y Arte, Tadr\u00f3n Teatro, Espacio Callej\u00f3n, La mueca, Taller del&nbsp;\u00c1ngel, El Damero, Losada, Belisario, Teatro Payr\u00f3 de Banfield, Teatro Coliseo de Lomas de Zamora y Banfield Teatro Ensamble. &nbsp;<\/p>\n\n\n\n<p class=\"wp-block-paragraph\">COMO ACTOR<\/p>\n\n\n\n<p class=\"wp-block-paragraph\">Su trayectoria como actor re\u00fane m\u00e1s de 50 espect\u00e1culos, interpretando autores tales como: &nbsp;W. Shakespeare, Tennessee Williams, Fray Mocho, Clifford Odetts, Pam Gems, Jean Anohuill, Atilio Betti, Mar\u00eda<\/p>\n\n\n\n<p class=\"wp-block-paragraph\">Elena Walsh, Tato Pavlovsky, Juan Cruz Varela, Juan Jos\u00e9 Campanella y Fernando Castets, Mane Bernardo y Sara Bianchi, Michel Azama, Amadeo Vives, Carlos Mathus, Tullio Stella y Alberto F\u00e9lix Alberto;&nbsp;siendo dirigido por grandes&nbsp;maestros&nbsp;tales como: Santiago Doria, Man\u00e9 Bernardo, Sara Bianchi, Julio Ordano, Eduardo Lamoglia, Rodolfo Graziano, V\u00e1zquez Freijo, Carlos Mathus, Omar Pini, Alberto F\u00e9lix Alberto, Gina Piccirilli y Pino Siano&nbsp;en las&nbsp;siguientes&nbsp;salas&nbsp;(entre otras):&nbsp;Teatro Nacional Cervantes, Teatro Municipal General San Mart\u00edn, Centro Cultural General San Mart\u00edn, Manzana de las Luces, Blanca Podest\u00e1, Astral, Popular, Empire, Tabar\u00eds, Ift, Teatro de San Telmo, Taller de Garibaldi, La Gran Aldea, Fundaci\u00f3n Teatro del Sur.&nbsp;Trabaj\u00f3 en televisi\u00f3n y cine, participando en \u201cVictoria 392\u201d, la primera pel\u00edcula&nbsp;de J.J. Campanella.&nbsp;<\/p>\n\n\n\n<p class=\"wp-block-paragraph\">COMO DOCENTE<\/p>\n\n\n\n<p class=\"wp-block-paragraph\">Desde el a\u00f1o 2000 dicta clases en el Centro Cultural General San Mart\u00edn y en su Estudio de Formaci\u00f3n Art\u00edstica.<\/p>\n\n\n\n<p class=\"wp-block-paragraph\">Fue docente de actuaci\u00f3n en la&nbsp;Escuela Municipal de Danzas Cl\u00e1sicas de Lomas de Zamora&nbsp;durante 10 a\u00f1os (bajo la direcci\u00f3n de&nbsp;Raquel Rosetti)&nbsp;y&nbsp;Regente de la Escuela Municipal de Arte dram\u00e1tico de Lomas de Zamora&nbsp;durante 4 a\u00f1os. Desde 1997 realiza espect\u00e1culos con sus alumnos en teatros independientes de Capital Federal y en teatros municipales del Gran Buenos Aires.<\/p>\n\n\n\n<p class=\"wp-block-paragraph\">Realiz\u00f3 su primer&nbsp;largometraje sobre la Guerra de Malvinas&nbsp;y tres&nbsp;miniseries webs.<\/p>\n\n\n\n<p class=\"wp-block-paragraph\">PREMIOS<\/p>\n\n\n\n<p class=\"wp-block-paragraph\">En 2019 como cofundador de la COMPA\u00d1\u00cdA FARO y director de \u201cLa se\u00f1ora Macbeth\u201d obra donde Veka Ayanz Peluffo recibe el premio a Mejor actriz, recibe el Premio \u201cMejor Compa\u00f1\u00eda\u201d en el&nbsp;Festival internacional Mostra de Teatre Ciutat de D\u00e9nia.<\/p>\n\n\n\n<p class=\"wp-block-paragraph\">En los 90, particip\u00f3 como director durante dos a\u00f1os consecutivos en Torneos Juveniles Bonaerenses, quedando finalista por \u201cEl Jurado\u201d y recibiendo una Menci\u00f3n Especial por \u201cCrianzas\u201d.<\/p>\n\n\n\n<p class=\"wp-block-paragraph\">Como actor recibe el Premio \u201cCarbonell\u201d por \u201cMejor Actor Extranjero\u201d (Estados Unidos) y \u201cPremio Tuyu\u201d por \u201cRevelaci\u00f3n\u201d.<\/p>\n\n\n\n<p class=\"wp-block-paragraph\"><\/p>\n","protected":false},"excerpt":{"rendered":"<p>Llega la segunda temporada de \u201cNo Matar\u00e1s (del otro lado), con autor\u00eda de Osvaldo Peluffo y Ver\u00f3nika Ayanz Peluffo, las actuaciones de Juan Pablo Rebuffi, Ver\u00f3nika Ayanz Peluffo, Germ\u00e1n Tirini, Florencia Rey, Daiana Fossati, Ian Mignone y Sofia Ojeda, bajo la direcci\u00f3n de Osvaldo Peluffo. Basada en hechos reales y tomando como modelos los testimonios [&hellip;]<\/p>\n","protected":false},"author":3,"featured_media":32558,"comment_status":"open","ping_status":"closed","sticky":false,"template":"","format":"standard","meta":{"footnotes":""},"categories":[34,35],"tags":[],"class_list":["post-32552","post","type-post","status-publish","format-standard","has-post-thumbnail","category-arte","category-teatro"],"yoast_head":"<!-- This site is optimized with the Yoast SEO plugin v28.4 - https:\/\/yoast.com\/product\/yoast-seo-wordpress\/ -->\n<title>NO MATAR\u00c1S (DEL OTRO LADO) - Sergio Lapegue<\/title>\n<meta name=\"robots\" content=\"index, follow, max-snippet:-1, max-image-preview:large, max-video-preview:-1\" \/>\n<link rel=\"canonical\" href=\"https:\/\/sergiolapegue.com\/site\/2026\/09\/01\/no-mataras-del-otro-lado-2\/\" \/>\n<meta property=\"og:locale\" content=\"es_ES\" \/>\n<meta property=\"og:type\" content=\"article\" \/>\n<meta property=\"og:title\" content=\"NO MATAR\u00c1S (DEL OTRO LADO) - Sergio Lapegue\" \/>\n<meta property=\"og:description\" content=\"Llega la segunda temporada de \u201cNo Matar\u00e1s (del otro lado), con autor\u00eda de Osvaldo Peluffo y Ver\u00f3nika Ayanz Peluffo, las actuaciones de Juan Pablo Rebuffi, Ver\u00f3nika Ayanz Peluffo, Germ\u00e1n Tirini, Florencia Rey, Daiana Fossati, Ian Mignone y Sofia Ojeda, bajo la direcci\u00f3n de Osvaldo Peluffo. Basada en hechos reales y tomando como modelos los testimonios [&hellip;]\" \/>\n<meta property=\"og:url\" content=\"https:\/\/sergiolapegue.com\/site\/2026\/09\/01\/no-mataras-del-otro-lado-2\/\" \/>\n<meta property=\"og:site_name\" content=\"Sergio Lapegue\" \/>\n<meta property=\"article:publisher\" content=\"https:\/\/facebook.com\/sergiolapegue\" \/>\n<meta property=\"article:author\" content=\"https:\/\/facebook.com\/danielernesto.montana\" \/>\n<meta property=\"article:published_time\" content=\"2026-09-01T12:00:00+00:00\" \/>\n<meta property=\"og:image\" content=\"https:\/\/sergiolapegue.com\/site\/wp-content\/uploads\/2026\/09\/No-mataras.jpg\" \/>\n\t<meta property=\"og:image:width\" content=\"1000\" \/>\n\t<meta property=\"og:image:height\" content=\"1414\" \/>\n\t<meta property=\"og:image:type\" content=\"image\/jpeg\" \/>\n<meta name=\"author\" content=\"Daniel E. Monta\u00f1a\" \/>\n<meta name=\"twitter:card\" content=\"summary_large_image\" \/>\n<meta name=\"twitter:creator\" content=\"@https:\/\/twitter.com\/daner_004\" \/>\n<meta name=\"twitter:site\" content=\"@sergiolapegue\" \/>\n<meta name=\"twitter:label1\" content=\"Escrito por\" \/>\n\t<meta name=\"twitter:data1\" content=\"Daniel E. Monta\u00f1a\" \/>\n\t<meta name=\"twitter:label2\" content=\"Tiempo de lectura\" \/>\n\t<meta name=\"twitter:data2\" content=\"6 minutos\" \/>\n<script type=\"application\/ld+json\" class=\"yoast-schema-graph\">{\"@context\":\"https:\\\/\\\/schema.org\",\"@graph\":[{\"@type\":\"Article\",\"@id\":\"https:\\\/\\\/sergiolapegue.com\\\/site\\\/2026\\\/09\\\/01\\\/no-mataras-del-otro-lado-2\\\/#article\",\"isPartOf\":{\"@id\":\"https:\\\/\\\/sergiolapegue.com\\\/site\\\/2026\\\/09\\\/01\\\/no-mataras-del-otro-lado-2\\\/\"},\"author\":{\"name\":\"Daniel E. Monta\u00f1a\",\"@id\":\"https:\\\/\\\/sergiolapegue.com\\\/site\\\/#\\\/schema\\\/person\\\/9198e7dbab43c6d74d0fd5399af7c3cd\"},\"headline\":\"NO MATAR\u00c1S (DEL OTRO LADO)\",\"datePublished\":\"2026-09-01T12:00:00+00:00\",\"mainEntityOfPage\":{\"@id\":\"https:\\\/\\\/sergiolapegue.com\\\/site\\\/2026\\\/09\\\/01\\\/no-mataras-del-otro-lado-2\\\/\"},\"wordCount\":1174,\"commentCount\":0,\"publisher\":{\"@id\":\"https:\\\/\\\/sergiolapegue.com\\\/site\\\/#\\\/schema\\\/person\\\/083aeceeb0734cd166779ea6c0551a37\"},\"image\":{\"@id\":\"https:\\\/\\\/sergiolapegue.com\\\/site\\\/2026\\\/09\\\/01\\\/no-mataras-del-otro-lado-2\\\/#primaryimage\"},\"thumbnailUrl\":\"https:\\\/\\\/sergiolapegue.com\\\/site\\\/wp-content\\\/uploads\\\/2026\\\/09\\\/No-mataras.jpg\",\"articleSection\":[\"Arte\",\"Teatro\"],\"inLanguage\":\"es-AR\",\"potentialAction\":[{\"@type\":\"CommentAction\",\"name\":\"Comment\",\"target\":[\"https:\\\/\\\/sergiolapegue.com\\\/site\\\/2026\\\/09\\\/01\\\/no-mataras-del-otro-lado-2\\\/#respond\"]}]},{\"@type\":\"WebPage\",\"@id\":\"https:\\\/\\\/sergiolapegue.com\\\/site\\\/2026\\\/09\\\/01\\\/no-mataras-del-otro-lado-2\\\/\",\"url\":\"https:\\\/\\\/sergiolapegue.com\\\/site\\\/2026\\\/09\\\/01\\\/no-mataras-del-otro-lado-2\\\/\",\"name\":\"NO MATAR\u00c1S (DEL OTRO LADO) - Sergio Lapegue\",\"isPartOf\":{\"@id\":\"https:\\\/\\\/sergiolapegue.com\\\/site\\\/#website\"},\"primaryImageOfPage\":{\"@id\":\"https:\\\/\\\/sergiolapegue.com\\\/site\\\/2026\\\/09\\\/01\\\/no-mataras-del-otro-lado-2\\\/#primaryimage\"},\"image\":{\"@id\":\"https:\\\/\\\/sergiolapegue.com\\\/site\\\/2026\\\/09\\\/01\\\/no-mataras-del-otro-lado-2\\\/#primaryimage\"},\"thumbnailUrl\":\"https:\\\/\\\/sergiolapegue.com\\\/site\\\/wp-content\\\/uploads\\\/2026\\\/09\\\/No-mataras.jpg\",\"datePublished\":\"2026-09-01T12:00:00+00:00\",\"breadcrumb\":{\"@id\":\"https:\\\/\\\/sergiolapegue.com\\\/site\\\/2026\\\/09\\\/01\\\/no-mataras-del-otro-lado-2\\\/#breadcrumb\"},\"inLanguage\":\"es-AR\",\"potentialAction\":[{\"@type\":\"ReadAction\",\"target\":[\"https:\\\/\\\/sergiolapegue.com\\\/site\\\/2026\\\/09\\\/01\\\/no-mataras-del-otro-lado-2\\\/\"]}]},{\"@type\":\"ImageObject\",\"inLanguage\":\"es-AR\",\"@id\":\"https:\\\/\\\/sergiolapegue.com\\\/site\\\/2026\\\/09\\\/01\\\/no-mataras-del-otro-lado-2\\\/#primaryimage\",\"url\":\"https:\\\/\\\/sergiolapegue.com\\\/site\\\/wp-content\\\/uploads\\\/2026\\\/09\\\/No-mataras.jpg\",\"contentUrl\":\"https:\\\/\\\/sergiolapegue.com\\\/site\\\/wp-content\\\/uploads\\\/2026\\\/09\\\/No-mataras.jpg\",\"width\":1000,\"height\":1414},{\"@type\":\"BreadcrumbList\",\"@id\":\"https:\\\/\\\/sergiolapegue.com\\\/site\\\/2026\\\/09\\\/01\\\/no-mataras-del-otro-lado-2\\\/#breadcrumb\",\"itemListElement\":[{\"@type\":\"ListItem\",\"position\":1,\"name\":\"Inicio\",\"item\":\"https:\\\/\\\/sergiolapegue.com\\\/site\\\/\"},{\"@type\":\"ListItem\",\"position\":2,\"name\":\"NO MATAR\u00c1S (DEL OTRO LADO)\"}]},{\"@type\":\"WebSite\",\"@id\":\"https:\\\/\\\/sergiolapegue.com\\\/site\\\/#website\",\"url\":\"https:\\\/\\\/sergiolapegue.com\\\/site\\\/\",\"name\":\"Sergio Lapegue\",\"description\":\"Periodista y conductor de radio y televisi\u00f3n argentino, nacido el 6 de septiembre de 1964.\",\"publisher\":{\"@id\":\"https:\\\/\\\/sergiolapegue.com\\\/site\\\/#\\\/schema\\\/person\\\/083aeceeb0734cd166779ea6c0551a37\"},\"potentialAction\":[{\"@type\":\"SearchAction\",\"target\":{\"@type\":\"EntryPoint\",\"urlTemplate\":\"https:\\\/\\\/sergiolapegue.com\\\/site\\\/?s={search_term_string}\"},\"query-input\":{\"@type\":\"PropertyValueSpecification\",\"valueRequired\":true,\"valueName\":\"search_term_string\"}}],\"inLanguage\":\"es-AR\"},{\"@type\":[\"Person\",\"Organization\"],\"@id\":\"https:\\\/\\\/sergiolapegue.com\\\/site\\\/#\\\/schema\\\/person\\\/083aeceeb0734cd166779ea6c0551a37\",\"name\":\"Sergio Lapegue\",\"image\":{\"@type\":\"ImageObject\",\"inLanguage\":\"es-AR\",\"@id\":\"https:\\\/\\\/sergiolapegue.com\\\/site\\\/wp-content\\\/uploads\\\/2021\\\/04\\\/logo_header-1.png\",\"url\":\"https:\\\/\\\/sergiolapegue.com\\\/site\\\/wp-content\\\/uploads\\\/2021\\\/04\\\/logo_header-1.png\",\"contentUrl\":\"https:\\\/\\\/sergiolapegue.com\\\/site\\\/wp-content\\\/uploads\\\/2021\\\/04\\\/logo_header-1.png\",\"width\":272,\"height\":90,\"caption\":\"Sergio Lapegue\"},\"logo\":{\"@id\":\"https:\\\/\\\/sergiolapegue.com\\\/site\\\/wp-content\\\/uploads\\\/2021\\\/04\\\/logo_header-1.png\"},\"sameAs\":[\"https:\\\/\\\/facebook.com\\\/sergiolapegue\",\"https:\\\/\\\/instagram.com\\\/sergiolapegue\",\"https:\\\/\\\/x.com\\\/https:\\\/\\\/twitter.com\\\/sergiolapegue\"]},{\"@type\":\"Person\",\"@id\":\"https:\\\/\\\/sergiolapegue.com\\\/site\\\/#\\\/schema\\\/person\\\/9198e7dbab43c6d74d0fd5399af7c3cd\",\"name\":\"Daniel E. Monta\u00f1a\",\"image\":{\"@type\":\"ImageObject\",\"inLanguage\":\"es-AR\",\"@id\":\"https:\\\/\\\/sergiolapegue.com\\\/site\\\/wp-content\\\/uploads\\\/2021\\\/04\\\/sl_avatar_Daniel-150x150.jpg\",\"url\":\"https:\\\/\\\/sergiolapegue.com\\\/site\\\/wp-content\\\/uploads\\\/2021\\\/04\\\/sl_avatar_Daniel-150x150.jpg\",\"contentUrl\":\"https:\\\/\\\/sergiolapegue.com\\\/site\\\/wp-content\\\/uploads\\\/2021\\\/04\\\/sl_avatar_Daniel-150x150.jpg\",\"caption\":\"Daniel E. Monta\u00f1a\"},\"sameAs\":[\"https:\\\/\\\/facebook.com\\\/danielernesto.montana\",\"https:\\\/\\\/instagram.com\\\/daniel_montana1961\",\"https:\\\/\\\/x.com\\\/https:\\\/\\\/twitter.com\\\/daner_004\"],\"url\":\"https:\\\/\\\/sergiolapegue.com\\\/site\\\/author\\\/daniel\\\/\"}]}<\/script>\n<!-- \/ Yoast SEO plugin. -->","yoast_head_json":{"title":"NO MATAR\u00c1S (DEL OTRO LADO) - Sergio Lapegue","robots":{"index":"index","follow":"follow","max-snippet":"max-snippet:-1","max-image-preview":"max-image-preview:large","max-video-preview":"max-video-preview:-1"},"canonical":"https:\/\/sergiolapegue.com\/site\/2026\/09\/01\/no-mataras-del-otro-lado-2\/","og_locale":"es_ES","og_type":"article","og_title":"NO MATAR\u00c1S (DEL OTRO LADO) - Sergio Lapegue","og_description":"Llega la segunda temporada de \u201cNo Matar\u00e1s (del otro lado), con autor\u00eda de Osvaldo Peluffo y Ver\u00f3nika Ayanz Peluffo, las actuaciones de Juan Pablo Rebuffi, Ver\u00f3nika Ayanz Peluffo, Germ\u00e1n Tirini, Florencia Rey, Daiana Fossati, Ian Mignone y Sofia Ojeda, bajo la direcci\u00f3n de Osvaldo Peluffo. Basada en hechos reales y tomando como modelos los testimonios [&hellip;]","og_url":"https:\/\/sergiolapegue.com\/site\/2026\/09\/01\/no-mataras-del-otro-lado-2\/","og_site_name":"Sergio Lapegue","article_publisher":"https:\/\/facebook.com\/sergiolapegue","article_author":"https:\/\/facebook.com\/danielernesto.montana","article_published_time":"2026-09-01T12:00:00+00:00","og_image":[{"width":1000,"height":1414,"url":"https:\/\/sergiolapegue.com\/site\/wp-content\/uploads\/2026\/09\/No-mataras.jpg","type":"image\/jpeg"}],"author":"Daniel E. Monta\u00f1a","twitter_card":"summary_large_image","twitter_creator":"@https:\/\/twitter.com\/daner_004","twitter_site":"@sergiolapegue","twitter_misc":{"Escrito por":"Daniel E. Monta\u00f1a","Tiempo de lectura":"6 minutos"},"schema":{"@context":"https:\/\/schema.org","@graph":[{"@type":"Article","@id":"https:\/\/sergiolapegue.com\/site\/2026\/09\/01\/no-mataras-del-otro-lado-2\/#article","isPartOf":{"@id":"https:\/\/sergiolapegue.com\/site\/2026\/09\/01\/no-mataras-del-otro-lado-2\/"},"author":{"name":"Daniel E. Monta\u00f1a","@id":"https:\/\/sergiolapegue.com\/site\/#\/schema\/person\/9198e7dbab43c6d74d0fd5399af7c3cd"},"headline":"NO MATAR\u00c1S (DEL OTRO LADO)","datePublished":"2026-09-01T12:00:00+00:00","mainEntityOfPage":{"@id":"https:\/\/sergiolapegue.com\/site\/2026\/09\/01\/no-mataras-del-otro-lado-2\/"},"wordCount":1174,"commentCount":0,"publisher":{"@id":"https:\/\/sergiolapegue.com\/site\/#\/schema\/person\/083aeceeb0734cd166779ea6c0551a37"},"image":{"@id":"https:\/\/sergiolapegue.com\/site\/2026\/09\/01\/no-mataras-del-otro-lado-2\/#primaryimage"},"thumbnailUrl":"https:\/\/sergiolapegue.com\/site\/wp-content\/uploads\/2026\/09\/No-mataras.jpg","articleSection":["Arte","Teatro"],"inLanguage":"es-AR","potentialAction":[{"@type":"CommentAction","name":"Comment","target":["https:\/\/sergiolapegue.com\/site\/2026\/09\/01\/no-mataras-del-otro-lado-2\/#respond"]}]},{"@type":"WebPage","@id":"https:\/\/sergiolapegue.com\/site\/2026\/09\/01\/no-mataras-del-otro-lado-2\/","url":"https:\/\/sergiolapegue.com\/site\/2026\/09\/01\/no-mataras-del-otro-lado-2\/","name":"NO MATAR\u00c1S (DEL OTRO LADO) - Sergio Lapegue","isPartOf":{"@id":"https:\/\/sergiolapegue.com\/site\/#website"},"primaryImageOfPage":{"@id":"https:\/\/sergiolapegue.com\/site\/2026\/09\/01\/no-mataras-del-otro-lado-2\/#primaryimage"},"image":{"@id":"https:\/\/sergiolapegue.com\/site\/2026\/09\/01\/no-mataras-del-otro-lado-2\/#primaryimage"},"thumbnailUrl":"https:\/\/sergiolapegue.com\/site\/wp-content\/uploads\/2026\/09\/No-mataras.jpg","datePublished":"2026-09-01T12:00:00+00:00","breadcrumb":{"@id":"https:\/\/sergiolapegue.com\/site\/2026\/09\/01\/no-mataras-del-otro-lado-2\/#breadcrumb"},"inLanguage":"es-AR","potentialAction":[{"@type":"ReadAction","target":["https:\/\/sergiolapegue.com\/site\/2026\/09\/01\/no-mataras-del-otro-lado-2\/"]}]},{"@type":"ImageObject","inLanguage":"es-AR","@id":"https:\/\/sergiolapegue.com\/site\/2026\/09\/01\/no-mataras-del-otro-lado-2\/#primaryimage","url":"https:\/\/sergiolapegue.com\/site\/wp-content\/uploads\/2026\/09\/No-mataras.jpg","contentUrl":"https:\/\/sergiolapegue.com\/site\/wp-content\/uploads\/2026\/09\/No-mataras.jpg","width":1000,"height":1414},{"@type":"BreadcrumbList","@id":"https:\/\/sergiolapegue.com\/site\/2026\/09\/01\/no-mataras-del-otro-lado-2\/#breadcrumb","itemListElement":[{"@type":"ListItem","position":1,"name":"Inicio","item":"https:\/\/sergiolapegue.com\/site\/"},{"@type":"ListItem","position":2,"name":"NO MATAR\u00c1S (DEL OTRO LADO)"}]},{"@type":"WebSite","@id":"https:\/\/sergiolapegue.com\/site\/#website","url":"https:\/\/sergiolapegue.com\/site\/","name":"Sergio Lapegue","description":"Periodista y conductor de radio y televisi\u00f3n argentino, nacido el 6 de septiembre de 1964.","publisher":{"@id":"https:\/\/sergiolapegue.com\/site\/#\/schema\/person\/083aeceeb0734cd166779ea6c0551a37"},"potentialAction":[{"@type":"SearchAction","target":{"@type":"EntryPoint","urlTemplate":"https:\/\/sergiolapegue.com\/site\/?s={search_term_string}"},"query-input":{"@type":"PropertyValueSpecification","valueRequired":true,"valueName":"search_term_string"}}],"inLanguage":"es-AR"},{"@type":["Person","Organization"],"@id":"https:\/\/sergiolapegue.com\/site\/#\/schema\/person\/083aeceeb0734cd166779ea6c0551a37","name":"Sergio Lapegue","image":{"@type":"ImageObject","inLanguage":"es-AR","@id":"https:\/\/sergiolapegue.com\/site\/wp-content\/uploads\/2021\/04\/logo_header-1.png","url":"https:\/\/sergiolapegue.com\/site\/wp-content\/uploads\/2021\/04\/logo_header-1.png","contentUrl":"https:\/\/sergiolapegue.com\/site\/wp-content\/uploads\/2021\/04\/logo_header-1.png","width":272,"height":90,"caption":"Sergio Lapegue"},"logo":{"@id":"https:\/\/sergiolapegue.com\/site\/wp-content\/uploads\/2021\/04\/logo_header-1.png"},"sameAs":["https:\/\/facebook.com\/sergiolapegue","https:\/\/instagram.com\/sergiolapegue","https:\/\/x.com\/https:\/\/twitter.com\/sergiolapegue"]},{"@type":"Person","@id":"https:\/\/sergiolapegue.com\/site\/#\/schema\/person\/9198e7dbab43c6d74d0fd5399af7c3cd","name":"Daniel E. Monta\u00f1a","image":{"@type":"ImageObject","inLanguage":"es-AR","@id":"https:\/\/sergiolapegue.com\/site\/wp-content\/uploads\/2021\/04\/sl_avatar_Daniel-150x150.jpg","url":"https:\/\/sergiolapegue.com\/site\/wp-content\/uploads\/2021\/04\/sl_avatar_Daniel-150x150.jpg","contentUrl":"https:\/\/sergiolapegue.com\/site\/wp-content\/uploads\/2021\/04\/sl_avatar_Daniel-150x150.jpg","caption":"Daniel E. Monta\u00f1a"},"sameAs":["https:\/\/facebook.com\/danielernesto.montana","https:\/\/instagram.com\/daniel_montana1961","https:\/\/x.com\/https:\/\/twitter.com\/daner_004"],"url":"https:\/\/sergiolapegue.com\/site\/author\/daniel\/"}]}},"_links":{"self":[{"href":"https:\/\/sergiolapegue.com\/site\/wp-json\/wp\/v2\/posts\/32552","targetHints":{"allow":["GET"]}}],"collection":[{"href":"https:\/\/sergiolapegue.com\/site\/wp-json\/wp\/v2\/posts"}],"about":[{"href":"https:\/\/sergiolapegue.com\/site\/wp-json\/wp\/v2\/types\/post"}],"author":[{"embeddable":true,"href":"https:\/\/sergiolapegue.com\/site\/wp-json\/wp\/v2\/users\/3"}],"replies":[{"embeddable":true,"href":"https:\/\/sergiolapegue.com\/site\/wp-json\/wp\/v2\/comments?post=32552"}],"version-history":[{"count":1,"href":"https:\/\/sergiolapegue.com\/site\/wp-json\/wp\/v2\/posts\/32552\/revisions"}],"predecessor-version":[{"id":32559,"href":"https:\/\/sergiolapegue.com\/site\/wp-json\/wp\/v2\/posts\/32552\/revisions\/32559"}],"wp:featuredmedia":[{"embeddable":true,"href":"https:\/\/sergiolapegue.com\/site\/wp-json\/wp\/v2\/media\/32558"}],"wp:attachment":[{"href":"https:\/\/sergiolapegue.com\/site\/wp-json\/wp\/v2\/media?parent=32552"}],"wp:term":[{"taxonomy":"category","embeddable":true,"href":"https:\/\/sergiolapegue.com\/site\/wp-json\/wp\/v2\/categories?post=32552"},{"taxonomy":"post_tag","embeddable":true,"href":"https:\/\/sergiolapegue.com\/site\/wp-json\/wp\/v2\/tags?post=32552"}],"curies":[{"name":"wp","href":"https:\/\/api.w.org\/{rel}","templated":true}]}}