{"id":32546,"date":"2026-09-02T01:00:00","date_gmt":"2026-09-02T04:00:00","guid":{"rendered":"https:\/\/sergiolapegue.com\/site\/?p=32546"},"modified":"2026-09-01T00:51:24","modified_gmt":"2026-09-01T03:51:24","slug":"margarita-pla-presenta-su-tercer-album-de-estudio-casi-irreal","status":"publish","type":"post","link":"https:\/\/sergiolapegue.com\/site\/2026\/09\/02\/margarita-pla-presenta-su-tercer-album-de-estudio-casi-irreal\/","title":{"rendered":"MARGARITA PLA PRESENTA SU TERCER \u00c1LBUM DE ESTUDIO \u201cCASI IRREAL\u201d"},"content":{"rendered":"\n<p class=\"wp-block-paragraph\">Despu\u00e9s de dos a\u00f1os sin lanzar m\u00fasica, Margarita Pla regresa con Casi Irreal, el primer adelanto de su tercer \u00e1lbum de estudio.<\/p>\n\n\n\n<p class=\"wp-block-paragraph\">Nacida de una necesidad personal, la canci\u00f3n abre una nueva etapa creativa&nbsp;y anticipa el universo de su tercer \u00e1lbum de estudio.<\/p>\n\n\n\n<p class=\"wp-block-paragraph\">Con esta composici\u00f3n, Margarita nos introduce en una melod\u00eda pop donde lejos de encasillarse&nbsp; deja entreabierta una puerta hacia sonidos desconocidos con preguntas que nos interpelan:<\/p>\n\n\n\n<p class=\"wp-block-paragraph\">\u00bfQu\u00e9 se siente cu\u00e1ndo no se sabe qu\u00e9 es lo que sientes?<\/p>\n\n\n\n<p class=\"wp-block-paragraph\">El lanzamiento est\u00e1 acompa\u00f1ado por su primer videoclip profesional, un proyecto que representa un paso importante en la evoluci\u00f3n de su propuesta audiovisual.<\/p>\n\n\n\n<figure class=\"wp-block-image size-full is-resized\"><img loading=\"lazy\" decoding=\"async\" width=\"1000\" height=\"1000\" src=\"https:\/\/sergiolapegue.com\/site\/wp-content\/uploads\/2026\/08\/Margarita-Pla-1.jpg\" alt=\"\" class=\"wp-image-32548\" style=\"width:1068px;height:auto\" srcset=\"https:\/\/sergiolapegue.com\/site\/wp-content\/uploads\/2026\/08\/Margarita-Pla-1.jpg 1000w, https:\/\/sergiolapegue.com\/site\/wp-content\/uploads\/2026\/08\/Margarita-Pla-1-150x150-1.jpg 150w, https:\/\/sergiolapegue.com\/site\/wp-content\/uploads\/2026\/08\/Margarita-Pla-1-300x300.jpg 300w, https:\/\/sergiolapegue.com\/site\/wp-content\/uploads\/2026\/08\/Margarita-Pla-1-60x60.jpg 60w, https:\/\/sergiolapegue.com\/site\/wp-content\/uploads\/2026\/08\/Margarita-Pla-1-768x768.jpg 768w, https:\/\/sergiolapegue.com\/site\/wp-content\/uploads\/2026\/08\/Margarita-Pla-1-324x324.jpg 324w, https:\/\/sergiolapegue.com\/site\/wp-content\/uploads\/2026\/08\/Margarita-Pla-1-360x360.jpg 360w, https:\/\/sergiolapegue.com\/site\/wp-content\/uploads\/2026\/08\/Margarita-Pla-1-696x696.jpg 696w\" sizes=\"auto, (max-width: 1000px) 100vw, 1000px\" \/><\/figure>\n\n\n\n<p class=\"wp-block-paragraph\"><strong>FICHA T\u00c9CNICA<\/strong><\/p>\n\n\n\n<p class=\"wp-block-paragraph\"><strong>M\u00fasica y letra<\/strong>: Margarita Pla<\/p>\n\n\n\n<p class=\"wp-block-paragraph\"><strong>Producci\u00f3n musical<\/strong>: Santiago Barrio<\/p>\n\n\n\n<p class=\"wp-block-paragraph\"><strong>M\u00e1ster<\/strong>: Candelaria Wienert<\/p>\n\n\n\n<p class=\"wp-block-paragraph\"><strong>Producci\u00f3n Videoclip<\/strong>: Wow producciones<\/p>\n\n\n\n<p class=\"wp-block-paragraph\"><strong>Direcci\u00f3n<\/strong>: Valentina Sosa<\/p>\n\n\n\n<p class=\"wp-block-paragraph\"><strong>Asistente de direcci\u00f3n<\/strong>: Sissela Vergara<\/p>\n\n\n\n<p class=\"wp-block-paragraph\"><strong>Producci\u00f3n<\/strong>: Martina Zottola Cabrera<\/p>\n\n\n\n<p class=\"wp-block-paragraph\"><strong>Asistente de producci\u00f3n<\/strong>: Sissela Vergara<\/p>\n\n\n\n<p class=\"wp-block-paragraph\"><strong>Direcci\u00f3n de fotograf\u00eda<\/strong>: Alan Salguero<\/p>\n\n\n\n<p class=\"wp-block-paragraph\"><strong>C\u00e1mara<\/strong>: Mat\u00edas Rojas<\/p>\n\n\n\n<p class=\"wp-block-paragraph\"><strong>Grip<\/strong>: Mirena Altuna<\/p>\n\n\n\n<p class=\"wp-block-paragraph\"><strong>C\u00e1mara fija<\/strong>: Sof\u00eda Agn\u00e9s Buenamais\u00f3n<\/p>\n\n\n\n<p class=\"wp-block-paragraph\"><strong>Direcci\u00f3n de arte<\/strong>: Marina Rojas<\/p>\n\n\n\n<p class=\"wp-block-paragraph\"><strong>Montaje<\/strong>: Alan Salguero<\/p>\n\n\n\n<p class=\"wp-block-paragraph\"><strong>Dise\u00f1o de cr\u00e9ditos<\/strong>: Carolina Pereira Gomes<\/p>\n\n\n\n<p class=\"wp-block-paragraph\"><strong>Duraci\u00f3n:<\/strong> 90 minutos<\/p>\n\n\n\n<figure class=\"wp-block-image size-full is-resized\"><img loading=\"lazy\" decoding=\"async\" width=\"1000\" height=\"1000\" src=\"https:\/\/sergiolapegue.com\/site\/wp-content\/uploads\/2026\/08\/Margarita-Pla-2.jpg\" alt=\"\" class=\"wp-image-32549\" style=\"width:1068px;height:auto\" srcset=\"https:\/\/sergiolapegue.com\/site\/wp-content\/uploads\/2026\/08\/Margarita-Pla-2.jpg 1000w, https:\/\/sergiolapegue.com\/site\/wp-content\/uploads\/2026\/08\/Margarita-Pla-2-300x300.jpg 300w, https:\/\/sergiolapegue.com\/site\/wp-content\/uploads\/2026\/08\/Margarita-Pla-2-150x150-1.jpg 150w, https:\/\/sergiolapegue.com\/site\/wp-content\/uploads\/2026\/08\/Margarita-Pla-2-768x768.jpg 768w, https:\/\/sergiolapegue.com\/site\/wp-content\/uploads\/2026\/08\/Margarita-Pla-2-60x60.jpg 60w, https:\/\/sergiolapegue.com\/site\/wp-content\/uploads\/2026\/08\/Margarita-Pla-2-324x324.jpg 324w, https:\/\/sergiolapegue.com\/site\/wp-content\/uploads\/2026\/08\/Margarita-Pla-2-360x360.jpg 360w, https:\/\/sergiolapegue.com\/site\/wp-content\/uploads\/2026\/08\/Margarita-Pla-2-696x696.jpg 696w\" sizes=\"auto, (max-width: 1000px) 100vw, 1000px\" \/><\/figure>\n\n\n\n<p class=\"wp-block-paragraph\"><strong>TEATRO BORDER<\/strong><\/p>\n\n\n\n<p class=\"wp-block-paragraph\">Godoy Cruz 1838 \u2013 Capital Federal \u2013 Buenos Aires \u2013 Argentina<\/p>\n\n\n\n<p class=\"wp-block-paragraph\">Tel\u00e9fono: 5236-6183<\/p>\n\n\n\n<p class=\"wp-block-paragraph\">WhatsApp: 11 3 587 1812<\/p>\n\n\n\n<p class=\"wp-block-paragraph\">Entradas: $ 20.000 \u2013 en boleter\u00eda del teatro o a trav\u00e9s de su web \u2013 Link:<\/p>\n\n\n\n<p class=\"wp-block-paragraph\"><a href=\"https:\/\/www.border.com.ar\/programacion\/comprar\/casi-irreal\">border.com.ar\/programacion\/comprar\/casi-irreal<\/a><\/p>\n\n\n\n<p class=\"wp-block-paragraph\">Funci\u00f3n: Jueves 10 de Septiembre \u2013 20:30 horas<\/p>\n\n\n\n<p class=\"wp-block-paragraph\">Gracias Claudina S\u00e1nchez Prensa y Comunicaci\u00f3n por hacernos llegar la gacetilla de prensa del lanzamiento del nuevo \u00e1lbum de Margarita Pla.<\/p>\n\n\n\n<figure class=\"wp-block-image size-full is-resized\"><img loading=\"lazy\" decoding=\"async\" width=\"1000\" height=\"1000\" src=\"https:\/\/sergiolapegue.com\/site\/wp-content\/uploads\/2026\/08\/Margarita-Pla-3.jpg\" alt=\"\" class=\"wp-image-32547\" style=\"width:432px;height:auto\" srcset=\"https:\/\/sergiolapegue.com\/site\/wp-content\/uploads\/2026\/08\/Margarita-Pla-3.jpg 1000w, https:\/\/sergiolapegue.com\/site\/wp-content\/uploads\/2026\/08\/Margarita-Pla-3-150x150-1.jpg 150w, https:\/\/sergiolapegue.com\/site\/wp-content\/uploads\/2026\/08\/Margarita-Pla-3-300x300.jpg 300w, https:\/\/sergiolapegue.com\/site\/wp-content\/uploads\/2026\/08\/Margarita-Pla-3-768x768.jpg 768w, https:\/\/sergiolapegue.com\/site\/wp-content\/uploads\/2026\/08\/Margarita-Pla-3-60x60.jpg 60w, https:\/\/sergiolapegue.com\/site\/wp-content\/uploads\/2026\/08\/Margarita-Pla-3-324x324.jpg 324w, https:\/\/sergiolapegue.com\/site\/wp-content\/uploads\/2026\/08\/Margarita-Pla-3-360x360.jpg 360w, https:\/\/sergiolapegue.com\/site\/wp-content\/uploads\/2026\/08\/Margarita-Pla-3-696x696.jpg 696w\" sizes=\"auto, (max-width: 1000px) 100vw, 1000px\" \/><\/figure>\n\n\n\n<p class=\"wp-block-paragraph\"><strong>SOBRE MARGARITA PLA<\/strong><\/p>\n\n\n\n<p class=\"wp-block-paragraph\">Comenz\u00f3 su v\u00ednculo con el arte desde muy peque\u00f1a, impulsada por la influencia de una familia profundamente art\u00edstica. Desde sus primeros a\u00f1os se form\u00f3 en canto y danza, participando tanto de clases particulares como grupales.<\/p>\n\n\n\n<p class=\"wp-block-paragraph\">En 2017 comenz\u00f3 a producir y desarrollar su propia m\u00fasica, mientras cursaba la carrera de M\u00fasica Cinematogr\u00e1fica en la Universidad Cat\u00f3lica Argentina, de la cual se gradu\u00f3 en 2023.<\/p>\n\n\n\n<p class=\"wp-block-paragraph\">A lo largo de su trayectoria public\u00f3 dos \u00e1lbumes, Respirar de nuevo y A trav\u00e9s del cristal; el EP Confesiones de oto\u00f1o; y distintos singles que acompa\u00f1aron la evoluci\u00f3n de su identidad musical. A lo largo de su recorrido, Margarita fue tejiendo lazos con distintos referentes de la escena local como Adri\u00e1n Berra, Fernando Laprida (de Silvestre y la Naranja), Angie Cadenas y Silvina Moreno, con quienes comparti\u00f3 proyectos, escenarios y espacios creativos.<\/p>\n\n\n\n<p class=\"wp-block-paragraph\">En julio de 2026 lanz\u00f3 Casi Irreal, acompa\u00f1ado por su primer videoclip profesional.<\/p>\n\n\n\n<p class=\"wp-block-paragraph\">Este lanzamiento marca el comienzo de una nueva etapa art\u00edstica y el primer paso hacia su tercer \u00e1lbum de estudio, en el que se encuentra trabajando actualmente. Paralelamente, contin\u00faa ampliando su formaci\u00f3n musical en el Conservatorio, donde cursa la carrera de Direcci\u00f3n Coral.<\/p>\n\n\n\n<p class=\"wp-block-paragraph\"><strong>Redes:<\/strong><\/p>\n\n\n\n<p class=\"wp-block-paragraph\"><strong>Instagram:<\/strong> @margaritapla_<\/p>\n\n\n\n<p class=\"wp-block-paragraph\"><strong>Spotify:<\/strong> Margarita Pla<\/p>\n","protected":false},"excerpt":{"rendered":"<p>Despu\u00e9s de dos a\u00f1os sin lanzar m\u00fasica, Margarita Pla regresa con Casi Irreal, el primer adelanto de su tercer \u00e1lbum de estudio. Nacida de una necesidad personal, la canci\u00f3n abre una nueva etapa creativa&nbsp;y anticipa el universo de su tercer \u00e1lbum de estudio. Con esta composici\u00f3n, Margarita nos introduce en una melod\u00eda pop donde lejos [&hellip;]<\/p>\n","protected":false},"author":3,"featured_media":32550,"comment_status":"open","ping_status":"closed","sticky":false,"template":"","format":"standard","meta":{"footnotes":""},"categories":[34,56],"tags":[],"class_list":["post-32546","post","type-post","status-publish","format-standard","has-post-thumbnail","category-arte","category-musica"],"yoast_head":"<!-- This site is optimized with the Yoast SEO plugin v28.4 - https:\/\/yoast.com\/product\/yoast-seo-wordpress\/ -->\n<title>MARGARITA PLA PRESENTA SU TERCER \u00c1LBUM DE ESTUDIO \u201cCASI IRREAL\u201d - Sergio Lapegue<\/title>\n<meta name=\"robots\" content=\"index, follow, max-snippet:-1, max-image-preview:large, max-video-preview:-1\" \/>\n<link rel=\"canonical\" href=\"https:\/\/sergiolapegue.com\/site\/2026\/09\/02\/margarita-pla-presenta-su-tercer-album-de-estudio-casi-irreal\/\" \/>\n<meta property=\"og:locale\" content=\"es_ES\" \/>\n<meta property=\"og:type\" content=\"article\" \/>\n<meta property=\"og:title\" content=\"MARGARITA PLA PRESENTA SU TERCER \u00c1LBUM DE ESTUDIO \u201cCASI IRREAL\u201d - Sergio Lapegue\" \/>\n<meta property=\"og:description\" content=\"Despu\u00e9s de dos a\u00f1os sin lanzar m\u00fasica, Margarita Pla regresa con Casi Irreal, el primer adelanto de su tercer \u00e1lbum de estudio. Nacida de una necesidad personal, la canci\u00f3n abre una nueva etapa creativa&nbsp;y anticipa el universo de su tercer \u00e1lbum de estudio. Con esta composici\u00f3n, Margarita nos introduce en una melod\u00eda pop donde lejos [&hellip;]\" \/>\n<meta property=\"og:url\" content=\"https:\/\/sergiolapegue.com\/site\/2026\/09\/02\/margarita-pla-presenta-su-tercer-album-de-estudio-casi-irreal\/\" \/>\n<meta property=\"og:site_name\" content=\"Sergio Lapegue\" \/>\n<meta property=\"article:publisher\" content=\"https:\/\/facebook.com\/sergiolapegue\" \/>\n<meta property=\"article:author\" content=\"https:\/\/facebook.com\/danielernesto.montana\" \/>\n<meta property=\"article:published_time\" content=\"2026-09-02T04:00:00+00:00\" \/>\n<meta property=\"og:image\" content=\"https:\/\/sergiolapegue.com\/site\/wp-content\/uploads\/2026\/08\/Margarita-Pla.jpg\" \/>\n\t<meta property=\"og:image:width\" content=\"1000\" \/>\n\t<meta property=\"og:image:height\" content=\"1275\" \/>\n\t<meta property=\"og:image:type\" content=\"image\/jpeg\" \/>\n<meta name=\"author\" content=\"Daniel E. Monta\u00f1a\" \/>\n<meta name=\"twitter:card\" content=\"summary_large_image\" \/>\n<meta name=\"twitter:creator\" content=\"@https:\/\/twitter.com\/daner_004\" \/>\n<meta name=\"twitter:site\" content=\"@sergiolapegue\" \/>\n<meta name=\"twitter:label1\" content=\"Escrito por\" \/>\n\t<meta name=\"twitter:data1\" content=\"Daniel E. Monta\u00f1a\" \/>\n\t<meta name=\"twitter:label2\" content=\"Tiempo de lectura\" \/>\n\t<meta name=\"twitter:data2\" content=\"3 minutos\" \/>\n<script type=\"application\/ld+json\" class=\"yoast-schema-graph\">{\"@context\":\"https:\\\/\\\/schema.org\",\"@graph\":[{\"@type\":\"Article\",\"@id\":\"https:\\\/\\\/sergiolapegue.com\\\/site\\\/2026\\\/09\\\/02\\\/margarita-pla-presenta-su-tercer-album-de-estudio-casi-irreal\\\/#article\",\"isPartOf\":{\"@id\":\"https:\\\/\\\/sergiolapegue.com\\\/site\\\/2026\\\/09\\\/02\\\/margarita-pla-presenta-su-tercer-album-de-estudio-casi-irreal\\\/\"},\"author\":{\"name\":\"Daniel E. Monta\u00f1a\",\"@id\":\"https:\\\/\\\/sergiolapegue.com\\\/site\\\/#\\\/schema\\\/person\\\/9198e7dbab43c6d74d0fd5399af7c3cd\"},\"headline\":\"MARGARITA PLA PRESENTA SU TERCER \u00c1LBUM DE ESTUDIO \u201cCASI IRREAL\u201d\",\"datePublished\":\"2026-09-02T04:00:00+00:00\",\"mainEntityOfPage\":{\"@id\":\"https:\\\/\\\/sergiolapegue.com\\\/site\\\/2026\\\/09\\\/02\\\/margarita-pla-presenta-su-tercer-album-de-estudio-casi-irreal\\\/\"},\"wordCount\":493,\"commentCount\":0,\"publisher\":{\"@id\":\"https:\\\/\\\/sergiolapegue.com\\\/site\\\/#\\\/schema\\\/person\\\/083aeceeb0734cd166779ea6c0551a37\"},\"image\":{\"@id\":\"https:\\\/\\\/sergiolapegue.com\\\/site\\\/2026\\\/09\\\/02\\\/margarita-pla-presenta-su-tercer-album-de-estudio-casi-irreal\\\/#primaryimage\"},\"thumbnailUrl\":\"https:\\\/\\\/sergiolapegue.com\\\/site\\\/wp-content\\\/uploads\\\/2026\\\/08\\\/Margarita-Pla.jpg\",\"articleSection\":[\"Arte\",\"M\u00fasica\"],\"inLanguage\":\"es-AR\",\"potentialAction\":[{\"@type\":\"CommentAction\",\"name\":\"Comment\",\"target\":[\"https:\\\/\\\/sergiolapegue.com\\\/site\\\/2026\\\/09\\\/02\\\/margarita-pla-presenta-su-tercer-album-de-estudio-casi-irreal\\\/#respond\"]}]},{\"@type\":\"WebPage\",\"@id\":\"https:\\\/\\\/sergiolapegue.com\\\/site\\\/2026\\\/09\\\/02\\\/margarita-pla-presenta-su-tercer-album-de-estudio-casi-irreal\\\/\",\"url\":\"https:\\\/\\\/sergiolapegue.com\\\/site\\\/2026\\\/09\\\/02\\\/margarita-pla-presenta-su-tercer-album-de-estudio-casi-irreal\\\/\",\"name\":\"MARGARITA PLA PRESENTA SU TERCER \u00c1LBUM DE ESTUDIO \u201cCASI IRREAL\u201d - Sergio Lapegue\",\"isPartOf\":{\"@id\":\"https:\\\/\\\/sergiolapegue.com\\\/site\\\/#website\"},\"primaryImageOfPage\":{\"@id\":\"https:\\\/\\\/sergiolapegue.com\\\/site\\\/2026\\\/09\\\/02\\\/margarita-pla-presenta-su-tercer-album-de-estudio-casi-irreal\\\/#primaryimage\"},\"image\":{\"@id\":\"https:\\\/\\\/sergiolapegue.com\\\/site\\\/2026\\\/09\\\/02\\\/margarita-pla-presenta-su-tercer-album-de-estudio-casi-irreal\\\/#primaryimage\"},\"thumbnailUrl\":\"https:\\\/\\\/sergiolapegue.com\\\/site\\\/wp-content\\\/uploads\\\/2026\\\/08\\\/Margarita-Pla.jpg\",\"datePublished\":\"2026-09-02T04:00:00+00:00\",\"breadcrumb\":{\"@id\":\"https:\\\/\\\/sergiolapegue.com\\\/site\\\/2026\\\/09\\\/02\\\/margarita-pla-presenta-su-tercer-album-de-estudio-casi-irreal\\\/#breadcrumb\"},\"inLanguage\":\"es-AR\",\"potentialAction\":[{\"@type\":\"ReadAction\",\"target\":[\"https:\\\/\\\/sergiolapegue.com\\\/site\\\/2026\\\/09\\\/02\\\/margarita-pla-presenta-su-tercer-album-de-estudio-casi-irreal\\\/\"]}]},{\"@type\":\"ImageObject\",\"inLanguage\":\"es-AR\",\"@id\":\"https:\\\/\\\/sergiolapegue.com\\\/site\\\/2026\\\/09\\\/02\\\/margarita-pla-presenta-su-tercer-album-de-estudio-casi-irreal\\\/#primaryimage\",\"url\":\"https:\\\/\\\/sergiolapegue.com\\\/site\\\/wp-content\\\/uploads\\\/2026\\\/08\\\/Margarita-Pla.jpg\",\"contentUrl\":\"https:\\\/\\\/sergiolapegue.com\\\/site\\\/wp-content\\\/uploads\\\/2026\\\/08\\\/Margarita-Pla.jpg\",\"width\":1000,\"height\":1275},{\"@type\":\"BreadcrumbList\",\"@id\":\"https:\\\/\\\/sergiolapegue.com\\\/site\\\/2026\\\/09\\\/02\\\/margarita-pla-presenta-su-tercer-album-de-estudio-casi-irreal\\\/#breadcrumb\",\"itemListElement\":[{\"@type\":\"ListItem\",\"position\":1,\"name\":\"Inicio\",\"item\":\"https:\\\/\\\/sergiolapegue.com\\\/site\\\/\"},{\"@type\":\"ListItem\",\"position\":2,\"name\":\"MARGARITA PLA PRESENTA SU TERCER \u00c1LBUM DE ESTUDIO \u201cCASI IRREAL\u201d\"}]},{\"@type\":\"WebSite\",\"@id\":\"https:\\\/\\\/sergiolapegue.com\\\/site\\\/#website\",\"url\":\"https:\\\/\\\/sergiolapegue.com\\\/site\\\/\",\"name\":\"Sergio Lapegue\",\"description\":\"Periodista y conductor de radio y televisi\u00f3n argentino, nacido el 6 de septiembre de 1964.\",\"publisher\":{\"@id\":\"https:\\\/\\\/sergiolapegue.com\\\/site\\\/#\\\/schema\\\/person\\\/083aeceeb0734cd166779ea6c0551a37\"},\"potentialAction\":[{\"@type\":\"SearchAction\",\"target\":{\"@type\":\"EntryPoint\",\"urlTemplate\":\"https:\\\/\\\/sergiolapegue.com\\\/site\\\/?s={search_term_string}\"},\"query-input\":{\"@type\":\"PropertyValueSpecification\",\"valueRequired\":true,\"valueName\":\"search_term_string\"}}],\"inLanguage\":\"es-AR\"},{\"@type\":[\"Person\",\"Organization\"],\"@id\":\"https:\\\/\\\/sergiolapegue.com\\\/site\\\/#\\\/schema\\\/person\\\/083aeceeb0734cd166779ea6c0551a37\",\"name\":\"Sergio Lapegue\",\"image\":{\"@type\":\"ImageObject\",\"inLanguage\":\"es-AR\",\"@id\":\"https:\\\/\\\/sergiolapegue.com\\\/site\\\/wp-content\\\/uploads\\\/2021\\\/04\\\/logo_header-1.png\",\"url\":\"https:\\\/\\\/sergiolapegue.com\\\/site\\\/wp-content\\\/uploads\\\/2021\\\/04\\\/logo_header-1.png\",\"contentUrl\":\"https:\\\/\\\/sergiolapegue.com\\\/site\\\/wp-content\\\/uploads\\\/2021\\\/04\\\/logo_header-1.png\",\"width\":272,\"height\":90,\"caption\":\"Sergio Lapegue\"},\"logo\":{\"@id\":\"https:\\\/\\\/sergiolapegue.com\\\/site\\\/wp-content\\\/uploads\\\/2021\\\/04\\\/logo_header-1.png\"},\"sameAs\":[\"https:\\\/\\\/facebook.com\\\/sergiolapegue\",\"https:\\\/\\\/instagram.com\\\/sergiolapegue\",\"https:\\\/\\\/x.com\\\/https:\\\/\\\/twitter.com\\\/sergiolapegue\"]},{\"@type\":\"Person\",\"@id\":\"https:\\\/\\\/sergiolapegue.com\\\/site\\\/#\\\/schema\\\/person\\\/9198e7dbab43c6d74d0fd5399af7c3cd\",\"name\":\"Daniel E. Monta\u00f1a\",\"image\":{\"@type\":\"ImageObject\",\"inLanguage\":\"es-AR\",\"@id\":\"https:\\\/\\\/sergiolapegue.com\\\/site\\\/wp-content\\\/uploads\\\/2021\\\/04\\\/sl_avatar_Daniel-150x150.jpg\",\"url\":\"https:\\\/\\\/sergiolapegue.com\\\/site\\\/wp-content\\\/uploads\\\/2021\\\/04\\\/sl_avatar_Daniel-150x150.jpg\",\"contentUrl\":\"https:\\\/\\\/sergiolapegue.com\\\/site\\\/wp-content\\\/uploads\\\/2021\\\/04\\\/sl_avatar_Daniel-150x150.jpg\",\"caption\":\"Daniel E. Monta\u00f1a\"},\"sameAs\":[\"https:\\\/\\\/facebook.com\\\/danielernesto.montana\",\"https:\\\/\\\/instagram.com\\\/daniel_montana1961\",\"https:\\\/\\\/x.com\\\/https:\\\/\\\/twitter.com\\\/daner_004\"],\"url\":\"https:\\\/\\\/sergiolapegue.com\\\/site\\\/author\\\/daniel\\\/\"}]}<\/script>\n<!-- \/ Yoast SEO plugin. -->","yoast_head_json":{"title":"MARGARITA PLA PRESENTA SU TERCER \u00c1LBUM DE ESTUDIO \u201cCASI IRREAL\u201d - Sergio Lapegue","robots":{"index":"index","follow":"follow","max-snippet":"max-snippet:-1","max-image-preview":"max-image-preview:large","max-video-preview":"max-video-preview:-1"},"canonical":"https:\/\/sergiolapegue.com\/site\/2026\/09\/02\/margarita-pla-presenta-su-tercer-album-de-estudio-casi-irreal\/","og_locale":"es_ES","og_type":"article","og_title":"MARGARITA PLA PRESENTA SU TERCER \u00c1LBUM DE ESTUDIO \u201cCASI IRREAL\u201d - Sergio Lapegue","og_description":"Despu\u00e9s de dos a\u00f1os sin lanzar m\u00fasica, Margarita Pla regresa con Casi Irreal, el primer adelanto de su tercer \u00e1lbum de estudio. Nacida de una necesidad personal, la canci\u00f3n abre una nueva etapa creativa&nbsp;y anticipa el universo de su tercer \u00e1lbum de estudio. Con esta composici\u00f3n, Margarita nos introduce en una melod\u00eda pop donde lejos [&hellip;]","og_url":"https:\/\/sergiolapegue.com\/site\/2026\/09\/02\/margarita-pla-presenta-su-tercer-album-de-estudio-casi-irreal\/","og_site_name":"Sergio Lapegue","article_publisher":"https:\/\/facebook.com\/sergiolapegue","article_author":"https:\/\/facebook.com\/danielernesto.montana","article_published_time":"2026-09-02T04:00:00+00:00","og_image":[{"width":1000,"height":1275,"url":"https:\/\/sergiolapegue.com\/site\/wp-content\/uploads\/2026\/08\/Margarita-Pla.jpg","type":"image\/jpeg"}],"author":"Daniel E. Monta\u00f1a","twitter_card":"summary_large_image","twitter_creator":"@https:\/\/twitter.com\/daner_004","twitter_site":"@sergiolapegue","twitter_misc":{"Escrito por":"Daniel E. Monta\u00f1a","Tiempo de lectura":"3 minutos"},"schema":{"@context":"https:\/\/schema.org","@graph":[{"@type":"Article","@id":"https:\/\/sergiolapegue.com\/site\/2026\/09\/02\/margarita-pla-presenta-su-tercer-album-de-estudio-casi-irreal\/#article","isPartOf":{"@id":"https:\/\/sergiolapegue.com\/site\/2026\/09\/02\/margarita-pla-presenta-su-tercer-album-de-estudio-casi-irreal\/"},"author":{"name":"Daniel E. Monta\u00f1a","@id":"https:\/\/sergiolapegue.com\/site\/#\/schema\/person\/9198e7dbab43c6d74d0fd5399af7c3cd"},"headline":"MARGARITA PLA PRESENTA SU TERCER \u00c1LBUM DE ESTUDIO \u201cCASI IRREAL\u201d","datePublished":"2026-09-02T04:00:00+00:00","mainEntityOfPage":{"@id":"https:\/\/sergiolapegue.com\/site\/2026\/09\/02\/margarita-pla-presenta-su-tercer-album-de-estudio-casi-irreal\/"},"wordCount":493,"commentCount":0,"publisher":{"@id":"https:\/\/sergiolapegue.com\/site\/#\/schema\/person\/083aeceeb0734cd166779ea6c0551a37"},"image":{"@id":"https:\/\/sergiolapegue.com\/site\/2026\/09\/02\/margarita-pla-presenta-su-tercer-album-de-estudio-casi-irreal\/#primaryimage"},"thumbnailUrl":"https:\/\/sergiolapegue.com\/site\/wp-content\/uploads\/2026\/08\/Margarita-Pla.jpg","articleSection":["Arte","M\u00fasica"],"inLanguage":"es-AR","potentialAction":[{"@type":"CommentAction","name":"Comment","target":["https:\/\/sergiolapegue.com\/site\/2026\/09\/02\/margarita-pla-presenta-su-tercer-album-de-estudio-casi-irreal\/#respond"]}]},{"@type":"WebPage","@id":"https:\/\/sergiolapegue.com\/site\/2026\/09\/02\/margarita-pla-presenta-su-tercer-album-de-estudio-casi-irreal\/","url":"https:\/\/sergiolapegue.com\/site\/2026\/09\/02\/margarita-pla-presenta-su-tercer-album-de-estudio-casi-irreal\/","name":"MARGARITA PLA PRESENTA SU TERCER \u00c1LBUM DE ESTUDIO \u201cCASI IRREAL\u201d - Sergio Lapegue","isPartOf":{"@id":"https:\/\/sergiolapegue.com\/site\/#website"},"primaryImageOfPage":{"@id":"https:\/\/sergiolapegue.com\/site\/2026\/09\/02\/margarita-pla-presenta-su-tercer-album-de-estudio-casi-irreal\/#primaryimage"},"image":{"@id":"https:\/\/sergiolapegue.com\/site\/2026\/09\/02\/margarita-pla-presenta-su-tercer-album-de-estudio-casi-irreal\/#primaryimage"},"thumbnailUrl":"https:\/\/sergiolapegue.com\/site\/wp-content\/uploads\/2026\/08\/Margarita-Pla.jpg","datePublished":"2026-09-02T04:00:00+00:00","breadcrumb":{"@id":"https:\/\/sergiolapegue.com\/site\/2026\/09\/02\/margarita-pla-presenta-su-tercer-album-de-estudio-casi-irreal\/#breadcrumb"},"inLanguage":"es-AR","potentialAction":[{"@type":"ReadAction","target":["https:\/\/sergiolapegue.com\/site\/2026\/09\/02\/margarita-pla-presenta-su-tercer-album-de-estudio-casi-irreal\/"]}]},{"@type":"ImageObject","inLanguage":"es-AR","@id":"https:\/\/sergiolapegue.com\/site\/2026\/09\/02\/margarita-pla-presenta-su-tercer-album-de-estudio-casi-irreal\/#primaryimage","url":"https:\/\/sergiolapegue.com\/site\/wp-content\/uploads\/2026\/08\/Margarita-Pla.jpg","contentUrl":"https:\/\/sergiolapegue.com\/site\/wp-content\/uploads\/2026\/08\/Margarita-Pla.jpg","width":1000,"height":1275},{"@type":"BreadcrumbList","@id":"https:\/\/sergiolapegue.com\/site\/2026\/09\/02\/margarita-pla-presenta-su-tercer-album-de-estudio-casi-irreal\/#breadcrumb","itemListElement":[{"@type":"ListItem","position":1,"name":"Inicio","item":"https:\/\/sergiolapegue.com\/site\/"},{"@type":"ListItem","position":2,"name":"MARGARITA PLA PRESENTA SU TERCER \u00c1LBUM DE ESTUDIO \u201cCASI IRREAL\u201d"}]},{"@type":"WebSite","@id":"https:\/\/sergiolapegue.com\/site\/#website","url":"https:\/\/sergiolapegue.com\/site\/","name":"Sergio Lapegue","description":"Periodista y conductor de radio y televisi\u00f3n argentino, nacido el 6 de septiembre de 1964.","publisher":{"@id":"https:\/\/sergiolapegue.com\/site\/#\/schema\/person\/083aeceeb0734cd166779ea6c0551a37"},"potentialAction":[{"@type":"SearchAction","target":{"@type":"EntryPoint","urlTemplate":"https:\/\/sergiolapegue.com\/site\/?s={search_term_string}"},"query-input":{"@type":"PropertyValueSpecification","valueRequired":true,"valueName":"search_term_string"}}],"inLanguage":"es-AR"},{"@type":["Person","Organization"],"@id":"https:\/\/sergiolapegue.com\/site\/#\/schema\/person\/083aeceeb0734cd166779ea6c0551a37","name":"Sergio Lapegue","image":{"@type":"ImageObject","inLanguage":"es-AR","@id":"https:\/\/sergiolapegue.com\/site\/wp-content\/uploads\/2021\/04\/logo_header-1.png","url":"https:\/\/sergiolapegue.com\/site\/wp-content\/uploads\/2021\/04\/logo_header-1.png","contentUrl":"https:\/\/sergiolapegue.com\/site\/wp-content\/uploads\/2021\/04\/logo_header-1.png","width":272,"height":90,"caption":"Sergio Lapegue"},"logo":{"@id":"https:\/\/sergiolapegue.com\/site\/wp-content\/uploads\/2021\/04\/logo_header-1.png"},"sameAs":["https:\/\/facebook.com\/sergiolapegue","https:\/\/instagram.com\/sergiolapegue","https:\/\/x.com\/https:\/\/twitter.com\/sergiolapegue"]},{"@type":"Person","@id":"https:\/\/sergiolapegue.com\/site\/#\/schema\/person\/9198e7dbab43c6d74d0fd5399af7c3cd","name":"Daniel E. Monta\u00f1a","image":{"@type":"ImageObject","inLanguage":"es-AR","@id":"https:\/\/sergiolapegue.com\/site\/wp-content\/uploads\/2021\/04\/sl_avatar_Daniel-150x150.jpg","url":"https:\/\/sergiolapegue.com\/site\/wp-content\/uploads\/2021\/04\/sl_avatar_Daniel-150x150.jpg","contentUrl":"https:\/\/sergiolapegue.com\/site\/wp-content\/uploads\/2021\/04\/sl_avatar_Daniel-150x150.jpg","caption":"Daniel E. Monta\u00f1a"},"sameAs":["https:\/\/facebook.com\/danielernesto.montana","https:\/\/instagram.com\/daniel_montana1961","https:\/\/x.com\/https:\/\/twitter.com\/daner_004"],"url":"https:\/\/sergiolapegue.com\/site\/author\/daniel\/"}]}},"_links":{"self":[{"href":"https:\/\/sergiolapegue.com\/site\/wp-json\/wp\/v2\/posts\/32546","targetHints":{"allow":["GET"]}}],"collection":[{"href":"https:\/\/sergiolapegue.com\/site\/wp-json\/wp\/v2\/posts"}],"about":[{"href":"https:\/\/sergiolapegue.com\/site\/wp-json\/wp\/v2\/types\/post"}],"author":[{"embeddable":true,"href":"https:\/\/sergiolapegue.com\/site\/wp-json\/wp\/v2\/users\/3"}],"replies":[{"embeddable":true,"href":"https:\/\/sergiolapegue.com\/site\/wp-json\/wp\/v2\/comments?post=32546"}],"version-history":[{"count":1,"href":"https:\/\/sergiolapegue.com\/site\/wp-json\/wp\/v2\/posts\/32546\/revisions"}],"predecessor-version":[{"id":32551,"href":"https:\/\/sergiolapegue.com\/site\/wp-json\/wp\/v2\/posts\/32546\/revisions\/32551"}],"wp:featuredmedia":[{"embeddable":true,"href":"https:\/\/sergiolapegue.com\/site\/wp-json\/wp\/v2\/media\/32550"}],"wp:attachment":[{"href":"https:\/\/sergiolapegue.com\/site\/wp-json\/wp\/v2\/media?parent=32546"}],"wp:term":[{"taxonomy":"category","embeddable":true,"href":"https:\/\/sergiolapegue.com\/site\/wp-json\/wp\/v2\/categories?post=32546"},{"taxonomy":"post_tag","embeddable":true,"href":"https:\/\/sergiolapegue.com\/site\/wp-json\/wp\/v2\/tags?post=32546"}],"curies":[{"name":"wp","href":"https:\/\/api.w.org\/{rel}","templated":true}]}}