{"id":32531,"date":"2026-08-31T10:43:08","date_gmt":"2026-08-31T13:43:08","guid":{"rendered":"https:\/\/sergiolapegue.com\/site\/?p=32531"},"modified":"2026-08-31T10:43:09","modified_gmt":"2026-08-31T13:43:09","slug":"hipolito-yrigoyen-y-alsina-de-antiguos-caminos-de-tierra-a-las-avenidas-de-lomas","status":"publish","type":"post","link":"https:\/\/sergiolapegue.com\/site\/2026\/08\/31\/hipolito-yrigoyen-y-alsina-de-antiguos-caminos-de-tierra-a-las-avenidas-de-lomas\/","title":{"rendered":"Hip\u00f3lito Yrigoyen y Alsina: de antiguos caminos de tierra a las avenidas de Lomas"},"content":{"rendered":"\n<p class=\"wp-block-paragraph\">Hay calles que son mucho m\u00e1s que una v\u00eda para llegar de un lugar a otro.&nbsp;<a href=\"https:\/\/launion.com.ar\/lomas\" target=\"_blank\" rel=\"noopener\">En&nbsp;<strong>Lomas de Zamora<\/strong>,&nbsp;<\/a>dos de ellas concentran buena parte de la historia de la zona:&nbsp;<strong>Hip\u00f3lito Yrigoyen y Alsina<\/strong>&nbsp;(o Almirante Brown).&nbsp;Pero antes de convertirse en las arterias de tr\u00e1nsito que conocemos hoy, fueron caminos de tierra, senderos de carretas y antiguos recorridos que conectaban Buenos Aires con los pueblos del sur.<\/p>\n\n\n\n<p class=\"wp-block-paragraph\">Para encontrar su origen hay que viajar hasta el siglo XVII. En aquella \u00e9poca, atravesar el Riachuelo hacia el sur de la Capital implicaba utilizar canoas. Uno de los cruces m\u00e1s conocidos era el Paso de Pedro Salazar, denominado as\u00ed por un vecino que ten\u00eda una chacra en las inmediaciones.<\/p>\n\n\n\n<p class=\"wp-block-paragraph\">En 1653, el Cabildo regul\u00f3 oficialmente el servicio de canoas para facilitar el paso de los habitantes. As\u00ed naci\u00f3 el denominado \u201cPaso de las Canoas\u201d, antecedente del primer puente construido sobre el Riachuelo. Casi un siglo y medio despu\u00e9s, en 1791, se inaugur\u00f3 el puente levantado por Juan Guti\u00e9rrez G\u00e1lvez, que qued\u00f3 bautizado con su apellido.<\/p>\n\n\n\n<p class=\"wp-block-paragraph\">El cruce era arancelado y, desde all\u00ed, comenzaba el antiguo Camino Real: la actual avenida H. Yrigoyen, que se internaba hacia el sur bonaerense como un camino de tierra. Por aquellos a\u00f1os tambi\u00e9n tom\u00f3 forma otro recorrido fundamental.<\/p>\n\n\n\n<h2 class=\"wp-block-heading\">Lomas de Zamora, la primera posta<\/h2>\n\n\n\n<p class=\"wp-block-paragraph\">A la altura de lo que hoy es el puente carretero de Remedios de Escalada se abr\u00eda el Camino de las Carretas, que con el tiempo se convertir\u00eda en la avenida Alsina y llegar\u00eda hasta Chascom\u00fas.&nbsp;En ese extenso trayecto, Lomas de Zamora aparec\u00eda como la primera posta, ubicada donde actualmente funciona la cabecera de la L\u00ednea 266, frente a la estaci\u00f3n ferroviaria.<\/p>\n\n\n\n<p class=\"wp-block-paragraph\">La zona tambi\u00e9n conserva una huella de aquella \u00e9poca en una antigua casona colonial construida en 1840. El edificio, ubicado sobre Almirante Brown, contin\u00faa en pie y desde 1938 alberga la Biblioteca Popular Jos\u00e9 Mar\u00eda Guti\u00e9rrez. El paisaje cambi\u00f3 radicalmente durante el siglo XX.<\/p>\n\n\n\n<p class=\"wp-block-paragraph\">En los a\u00f1os 50, Alsina todav\u00eda luc\u00eda un boulevard con palmeras y canteros. Pero el crecimiento del tr\u00e1nsito fue desplazando a las carretas y los carruajes para dar paso a autom\u00f3viles, colectivos y camiones. El boulevard y el empedrado terminaron desapareciendo, y entre fines de los 60 y comienzos de los 70 la avenida fue ensanchada y asfaltada.<\/p>\n\n\n\n<h2 class=\"wp-block-heading\">La evoluci\u00f3n de Hip\u00f3lito Yrigoyen<\/h2>\n\n\n\n<p class=\"wp-block-paragraph\">La historia de Hip\u00f3lito Yrigoyen tuvo un recorrido similar.&nbsp;Antes fue avenida General Rodr\u00edguez y durante mucho tiempo se la conoci\u00f3 como Pav\u00f3n, por su nacimiento en Avellaneda.&nbsp;Aquella antigua v\u00eda del Camino Real comunicaba Buenos Aires con San Vicente y, con el paso de los a\u00f1os, termin\u00f3 atravesando distintas localidades del Gran Buenos Aires.<\/p>\n\n\n\n<p class=\"wp-block-paragraph\">Hoy, en unos 50 kil\u00f3metros, el recorrido cambia varias veces de denominaci\u00f3n: Pav\u00f3n (extraoficialmente), Hip\u00f3lito Yrigoyen y las rutas 205 y 210. Un mismo eje que, desde los tiempos de las carretas, sigui\u00f3 acompa\u00f1ando la transformaci\u00f3n del sur bonaerense. \u00a1Hasta la semana que viene, amigos!<\/p>\n\n\n\n<p class=\"wp-block-paragraph\"><strong><em><a href=\"https:\/\/launion.com.ar\/lomas-zamora\/hipolito-yrigoyen-y-alsina-antiguos-caminos-tierra-las-avenidas-lomas-n5445458\" data-type=\"link\" data-id=\"https:\/\/launion.com.ar\/lomas-zamora\/hipolito-yrigoyen-y-alsina-antiguos-caminos-tierra-las-avenidas-lomas-n5445458\" target=\"_blank\" rel=\"noreferrer noopener\">Art\u00edculo publicado en el diario La Uni\u00f3n.-<\/a><\/em><\/strong><\/p>\n","protected":false},"excerpt":{"rendered":"<p>Hay calles que son mucho m\u00e1s que una v\u00eda para llegar de un lugar a otro.&nbsp;En&nbsp;Lomas de Zamora,&nbsp;dos de ellas concentran buena parte de la historia de la zona:&nbsp;Hip\u00f3lito Yrigoyen y Alsina&nbsp;(o Almirante Brown).&nbsp;Pero antes de convertirse en las arterias de tr\u00e1nsito que conocemos hoy, fueron caminos de tierra, senderos de carretas y antiguos recorridos [&hellip;]<\/p>\n","protected":false},"author":6,"featured_media":32532,"comment_status":"closed","ping_status":"closed","sticky":false,"template":"","format":"standard","meta":{"footnotes":""},"categories":[1276],"tags":[2203,4981,1323,1277],"class_list":["post-32531","post","type-post","status-publish","format-standard","has-post-thumbnail","category-de-puno-y-letra-lomas-de-zamora","tag-avenida-alsina","tag-avenida-hipolito-yrigoyen","tag-la-union","tag-lomas-de-zamora"],"yoast_head":"<!-- This site is optimized with the Yoast SEO plugin v28.3 - https:\/\/yoast.com\/product\/yoast-seo-wordpress\/ -->\n<title>Hip\u00f3lito Yrigoyen y Alsina: de antiguos caminos de tierra a las avenidas de Lomas - Sergio Lapegue<\/title>\n<meta name=\"description\" content=\"Antes de convertirse en lo que hoy son H. Yrigoyen y Alsina, fueron senderos de carretas que deb\u00edan ir de Buenos Aires a los pueblos del sur.\" \/>\n<meta name=\"robots\" content=\"index, follow, max-snippet:-1, max-image-preview:large, max-video-preview:-1\" \/>\n<link rel=\"canonical\" href=\"https:\/\/sergiolapegue.com\/site\/2026\/08\/31\/hipolito-yrigoyen-y-alsina-de-antiguos-caminos-de-tierra-a-las-avenidas-de-lomas\/\" \/>\n<meta property=\"og:locale\" content=\"es_ES\" \/>\n<meta property=\"og:type\" content=\"article\" \/>\n<meta property=\"og:title\" content=\"Hip\u00f3lito Yrigoyen y Alsina: de antiguos caminos de tierra a las avenidas de Lomas - Sergio Lapegue\" \/>\n<meta property=\"og:description\" content=\"Antes de convertirse en lo que hoy son H. Yrigoyen y Alsina, fueron senderos de carretas que deb\u00edan ir de Buenos Aires a los pueblos del sur.\" \/>\n<meta property=\"og:url\" content=\"https:\/\/sergiolapegue.com\/site\/2026\/08\/31\/hipolito-yrigoyen-y-alsina-de-antiguos-caminos-de-tierra-a-las-avenidas-de-lomas\/\" \/>\n<meta property=\"og:site_name\" content=\"Sergio Lapegue\" \/>\n<meta property=\"article:publisher\" content=\"https:\/\/facebook.com\/sergiolapegue\" \/>\n<meta property=\"article:author\" content=\"https:\/\/facebook.com\/sergiolapegue\" \/>\n<meta property=\"article:published_time\" content=\"2026-08-31T13:43:08+00:00\" \/>\n<meta property=\"article:modified_time\" content=\"2026-08-31T13:43:09+00:00\" \/>\n<meta property=\"og:image\" content=\"https:\/\/sergiolapegue.com\/site\/wp-content\/uploads\/2026\/08\/syq8auevg_1256x620.webp\" \/>\n\t<meta property=\"og:image:width\" content=\"728\" \/>\n\t<meta property=\"og:image:height\" content=\"467\" \/>\n\t<meta property=\"og:image:type\" content=\"image\/webp\" \/>\n<meta name=\"author\" content=\"Sergio Lapegue\" \/>\n<meta name=\"twitter:card\" content=\"summary_large_image\" \/>\n<meta name=\"twitter:creator\" content=\"@https:\/\/twitter.com\/sergiolapegue\" \/>\n<meta name=\"twitter:site\" content=\"@sergiolapegue\" \/>\n<meta name=\"twitter:label1\" content=\"Escrito por\" \/>\n\t<meta name=\"twitter:data1\" content=\"Sergio Lapegue\" \/>\n\t<meta name=\"twitter:label2\" content=\"Tiempo de lectura\" \/>\n\t<meta name=\"twitter:data2\" content=\"3 minutos\" \/>\n<script type=\"application\/ld+json\" class=\"yoast-schema-graph\">{\"@context\":\"https:\\\/\\\/schema.org\",\"@graph\":[{\"@type\":\"Article\",\"@id\":\"https:\\\/\\\/sergiolapegue.com\\\/site\\\/2026\\\/08\\\/31\\\/hipolito-yrigoyen-y-alsina-de-antiguos-caminos-de-tierra-a-las-avenidas-de-lomas\\\/#article\",\"isPartOf\":{\"@id\":\"https:\\\/\\\/sergiolapegue.com\\\/site\\\/2026\\\/08\\\/31\\\/hipolito-yrigoyen-y-alsina-de-antiguos-caminos-de-tierra-a-las-avenidas-de-lomas\\\/\"},\"author\":{\"name\":\"Sergio Lapegue\",\"@id\":\"https:\\\/\\\/sergiolapegue.com\\\/site\\\/#\\\/schema\\\/person\\\/083aeceeb0734cd166779ea6c0551a37\"},\"headline\":\"Hip\u00f3lito Yrigoyen y Alsina: de antiguos caminos de tierra a las avenidas de Lomas\",\"datePublished\":\"2026-08-31T13:43:08+00:00\",\"dateModified\":\"2026-08-31T13:43:09+00:00\",\"mainEntityOfPage\":{\"@id\":\"https:\\\/\\\/sergiolapegue.com\\\/site\\\/2026\\\/08\\\/31\\\/hipolito-yrigoyen-y-alsina-de-antiguos-caminos-de-tierra-a-las-avenidas-de-lomas\\\/\"},\"wordCount\":552,\"publisher\":{\"@id\":\"https:\\\/\\\/sergiolapegue.com\\\/site\\\/#\\\/schema\\\/person\\\/083aeceeb0734cd166779ea6c0551a37\"},\"image\":{\"@id\":\"https:\\\/\\\/sergiolapegue.com\\\/site\\\/2026\\\/08\\\/31\\\/hipolito-yrigoyen-y-alsina-de-antiguos-caminos-de-tierra-a-las-avenidas-de-lomas\\\/#primaryimage\"},\"thumbnailUrl\":\"https:\\\/\\\/sergiolapegue.com\\\/site\\\/wp-content\\\/uploads\\\/2026\\\/08\\\/syq8auevg_1256x620.webp\",\"keywords\":[\"Avenida Alsina\",\"Avenida Hip\u00f3lito Yrigoyen\",\"La Uni\u00f3n\",\"Lomas de Zamora\"],\"articleSection\":[\"De Pu\u00f1o y Letra Lomas de Zamora\"],\"inLanguage\":\"es-AR\"},{\"@type\":\"WebPage\",\"@id\":\"https:\\\/\\\/sergiolapegue.com\\\/site\\\/2026\\\/08\\\/31\\\/hipolito-yrigoyen-y-alsina-de-antiguos-caminos-de-tierra-a-las-avenidas-de-lomas\\\/\",\"url\":\"https:\\\/\\\/sergiolapegue.com\\\/site\\\/2026\\\/08\\\/31\\\/hipolito-yrigoyen-y-alsina-de-antiguos-caminos-de-tierra-a-las-avenidas-de-lomas\\\/\",\"name\":\"Hip\u00f3lito Yrigoyen y Alsina: de antiguos caminos de tierra a las avenidas de Lomas - Sergio Lapegue\",\"isPartOf\":{\"@id\":\"https:\\\/\\\/sergiolapegue.com\\\/site\\\/#website\"},\"primaryImageOfPage\":{\"@id\":\"https:\\\/\\\/sergiolapegue.com\\\/site\\\/2026\\\/08\\\/31\\\/hipolito-yrigoyen-y-alsina-de-antiguos-caminos-de-tierra-a-las-avenidas-de-lomas\\\/#primaryimage\"},\"image\":{\"@id\":\"https:\\\/\\\/sergiolapegue.com\\\/site\\\/2026\\\/08\\\/31\\\/hipolito-yrigoyen-y-alsina-de-antiguos-caminos-de-tierra-a-las-avenidas-de-lomas\\\/#primaryimage\"},\"thumbnailUrl\":\"https:\\\/\\\/sergiolapegue.com\\\/site\\\/wp-content\\\/uploads\\\/2026\\\/08\\\/syq8auevg_1256x620.webp\",\"datePublished\":\"2026-08-31T13:43:08+00:00\",\"dateModified\":\"2026-08-31T13:43:09+00:00\",\"description\":\"Antes de convertirse en lo que hoy son H. Yrigoyen y Alsina, fueron senderos de carretas que deb\u00edan ir de Buenos Aires a los pueblos del sur.\",\"breadcrumb\":{\"@id\":\"https:\\\/\\\/sergiolapegue.com\\\/site\\\/2026\\\/08\\\/31\\\/hipolito-yrigoyen-y-alsina-de-antiguos-caminos-de-tierra-a-las-avenidas-de-lomas\\\/#breadcrumb\"},\"inLanguage\":\"es-AR\",\"potentialAction\":[{\"@type\":\"ReadAction\",\"target\":[\"https:\\\/\\\/sergiolapegue.com\\\/site\\\/2026\\\/08\\\/31\\\/hipolito-yrigoyen-y-alsina-de-antiguos-caminos-de-tierra-a-las-avenidas-de-lomas\\\/\"]}]},{\"@type\":\"ImageObject\",\"inLanguage\":\"es-AR\",\"@id\":\"https:\\\/\\\/sergiolapegue.com\\\/site\\\/2026\\\/08\\\/31\\\/hipolito-yrigoyen-y-alsina-de-antiguos-caminos-de-tierra-a-las-avenidas-de-lomas\\\/#primaryimage\",\"url\":\"https:\\\/\\\/sergiolapegue.com\\\/site\\\/wp-content\\\/uploads\\\/2026\\\/08\\\/syq8auevg_1256x620.webp\",\"contentUrl\":\"https:\\\/\\\/sergiolapegue.com\\\/site\\\/wp-content\\\/uploads\\\/2026\\\/08\\\/syq8auevg_1256x620.webp\",\"width\":728,\"height\":467},{\"@type\":\"BreadcrumbList\",\"@id\":\"https:\\\/\\\/sergiolapegue.com\\\/site\\\/2026\\\/08\\\/31\\\/hipolito-yrigoyen-y-alsina-de-antiguos-caminos-de-tierra-a-las-avenidas-de-lomas\\\/#breadcrumb\",\"itemListElement\":[{\"@type\":\"ListItem\",\"position\":1,\"name\":\"Inicio\",\"item\":\"https:\\\/\\\/sergiolapegue.com\\\/site\\\/\"},{\"@type\":\"ListItem\",\"position\":2,\"name\":\"Hip\u00f3lito Yrigoyen y Alsina: de antiguos caminos de tierra a las avenidas de Lomas\"}]},{\"@type\":\"WebSite\",\"@id\":\"https:\\\/\\\/sergiolapegue.com\\\/site\\\/#website\",\"url\":\"https:\\\/\\\/sergiolapegue.com\\\/site\\\/\",\"name\":\"Sergio Lapegue\",\"description\":\"Periodista y conductor de radio y televisi\u00f3n argentino, nacido el 6 de septiembre de 1964.\",\"publisher\":{\"@id\":\"https:\\\/\\\/sergiolapegue.com\\\/site\\\/#\\\/schema\\\/person\\\/083aeceeb0734cd166779ea6c0551a37\"},\"potentialAction\":[{\"@type\":\"SearchAction\",\"target\":{\"@type\":\"EntryPoint\",\"urlTemplate\":\"https:\\\/\\\/sergiolapegue.com\\\/site\\\/?s={search_term_string}\"},\"query-input\":{\"@type\":\"PropertyValueSpecification\",\"valueRequired\":true,\"valueName\":\"search_term_string\"}}],\"inLanguage\":\"es-AR\"},{\"@type\":[\"Person\",\"Organization\"],\"@id\":\"https:\\\/\\\/sergiolapegue.com\\\/site\\\/#\\\/schema\\\/person\\\/083aeceeb0734cd166779ea6c0551a37\",\"name\":\"Sergio Lapegue\",\"image\":{\"@type\":\"ImageObject\",\"inLanguage\":\"es-AR\",\"@id\":\"https:\\\/\\\/sergiolapegue.com\\\/site\\\/wp-content\\\/uploads\\\/2021\\\/04\\\/logo_header-1.png\",\"url\":\"https:\\\/\\\/sergiolapegue.com\\\/site\\\/wp-content\\\/uploads\\\/2021\\\/04\\\/logo_header-1.png\",\"contentUrl\":\"https:\\\/\\\/sergiolapegue.com\\\/site\\\/wp-content\\\/uploads\\\/2021\\\/04\\\/logo_header-1.png\",\"width\":272,\"height\":90,\"caption\":\"Sergio Lapegue\"},\"logo\":{\"@id\":\"https:\\\/\\\/sergiolapegue.com\\\/site\\\/wp-content\\\/uploads\\\/2021\\\/04\\\/logo_header-1.png\"},\"sameAs\":[\"https:\\\/\\\/facebook.com\\\/sergiolapegue\",\"https:\\\/\\\/instagram.com\\\/sergiolapegue\",\"https:\\\/\\\/x.com\\\/https:\\\/\\\/twitter.com\\\/sergiolapegue\"],\"url\":\"https:\\\/\\\/sergiolapegue.com\\\/site\\\/author\\\/sergio\\\/\"}]}<\/script>\n<!-- \/ Yoast SEO plugin. -->","yoast_head_json":{"title":"Hip\u00f3lito Yrigoyen y Alsina: de antiguos caminos de tierra a las avenidas de Lomas - Sergio Lapegue","description":"Antes de convertirse en lo que hoy son H. Yrigoyen y Alsina, fueron senderos de carretas que deb\u00edan ir de Buenos Aires a los pueblos del sur.","robots":{"index":"index","follow":"follow","max-snippet":"max-snippet:-1","max-image-preview":"max-image-preview:large","max-video-preview":"max-video-preview:-1"},"canonical":"https:\/\/sergiolapegue.com\/site\/2026\/08\/31\/hipolito-yrigoyen-y-alsina-de-antiguos-caminos-de-tierra-a-las-avenidas-de-lomas\/","og_locale":"es_ES","og_type":"article","og_title":"Hip\u00f3lito Yrigoyen y Alsina: de antiguos caminos de tierra a las avenidas de Lomas - Sergio Lapegue","og_description":"Antes de convertirse en lo que hoy son H. Yrigoyen y Alsina, fueron senderos de carretas que deb\u00edan ir de Buenos Aires a los pueblos del sur.","og_url":"https:\/\/sergiolapegue.com\/site\/2026\/08\/31\/hipolito-yrigoyen-y-alsina-de-antiguos-caminos-de-tierra-a-las-avenidas-de-lomas\/","og_site_name":"Sergio Lapegue","article_publisher":"https:\/\/facebook.com\/sergiolapegue","article_author":"https:\/\/facebook.com\/sergiolapegue","article_published_time":"2026-08-31T13:43:08+00:00","article_modified_time":"2026-08-31T13:43:09+00:00","og_image":[{"width":728,"height":467,"url":"https:\/\/sergiolapegue.com\/site\/wp-content\/uploads\/2026\/08\/syq8auevg_1256x620.webp","type":"image\/webp"}],"author":"Sergio Lapegue","twitter_card":"summary_large_image","twitter_creator":"@https:\/\/twitter.com\/sergiolapegue","twitter_site":"@sergiolapegue","twitter_misc":{"Escrito por":"Sergio Lapegue","Tiempo de lectura":"3 minutos"},"schema":{"@context":"https:\/\/schema.org","@graph":[{"@type":"Article","@id":"https:\/\/sergiolapegue.com\/site\/2026\/08\/31\/hipolito-yrigoyen-y-alsina-de-antiguos-caminos-de-tierra-a-las-avenidas-de-lomas\/#article","isPartOf":{"@id":"https:\/\/sergiolapegue.com\/site\/2026\/08\/31\/hipolito-yrigoyen-y-alsina-de-antiguos-caminos-de-tierra-a-las-avenidas-de-lomas\/"},"author":{"name":"Sergio Lapegue","@id":"https:\/\/sergiolapegue.com\/site\/#\/schema\/person\/083aeceeb0734cd166779ea6c0551a37"},"headline":"Hip\u00f3lito Yrigoyen y Alsina: de antiguos caminos de tierra a las avenidas de Lomas","datePublished":"2026-08-31T13:43:08+00:00","dateModified":"2026-08-31T13:43:09+00:00","mainEntityOfPage":{"@id":"https:\/\/sergiolapegue.com\/site\/2026\/08\/31\/hipolito-yrigoyen-y-alsina-de-antiguos-caminos-de-tierra-a-las-avenidas-de-lomas\/"},"wordCount":552,"publisher":{"@id":"https:\/\/sergiolapegue.com\/site\/#\/schema\/person\/083aeceeb0734cd166779ea6c0551a37"},"image":{"@id":"https:\/\/sergiolapegue.com\/site\/2026\/08\/31\/hipolito-yrigoyen-y-alsina-de-antiguos-caminos-de-tierra-a-las-avenidas-de-lomas\/#primaryimage"},"thumbnailUrl":"https:\/\/sergiolapegue.com\/site\/wp-content\/uploads\/2026\/08\/syq8auevg_1256x620.webp","keywords":["Avenida Alsina","Avenida Hip\u00f3lito Yrigoyen","La Uni\u00f3n","Lomas de Zamora"],"articleSection":["De Pu\u00f1o y Letra Lomas de Zamora"],"inLanguage":"es-AR"},{"@type":"WebPage","@id":"https:\/\/sergiolapegue.com\/site\/2026\/08\/31\/hipolito-yrigoyen-y-alsina-de-antiguos-caminos-de-tierra-a-las-avenidas-de-lomas\/","url":"https:\/\/sergiolapegue.com\/site\/2026\/08\/31\/hipolito-yrigoyen-y-alsina-de-antiguos-caminos-de-tierra-a-las-avenidas-de-lomas\/","name":"Hip\u00f3lito Yrigoyen y Alsina: de antiguos caminos de tierra a las avenidas de Lomas - Sergio Lapegue","isPartOf":{"@id":"https:\/\/sergiolapegue.com\/site\/#website"},"primaryImageOfPage":{"@id":"https:\/\/sergiolapegue.com\/site\/2026\/08\/31\/hipolito-yrigoyen-y-alsina-de-antiguos-caminos-de-tierra-a-las-avenidas-de-lomas\/#primaryimage"},"image":{"@id":"https:\/\/sergiolapegue.com\/site\/2026\/08\/31\/hipolito-yrigoyen-y-alsina-de-antiguos-caminos-de-tierra-a-las-avenidas-de-lomas\/#primaryimage"},"thumbnailUrl":"https:\/\/sergiolapegue.com\/site\/wp-content\/uploads\/2026\/08\/syq8auevg_1256x620.webp","datePublished":"2026-08-31T13:43:08+00:00","dateModified":"2026-08-31T13:43:09+00:00","description":"Antes de convertirse en lo que hoy son H. Yrigoyen y Alsina, fueron senderos de carretas que deb\u00edan ir de Buenos Aires a los pueblos del sur.","breadcrumb":{"@id":"https:\/\/sergiolapegue.com\/site\/2026\/08\/31\/hipolito-yrigoyen-y-alsina-de-antiguos-caminos-de-tierra-a-las-avenidas-de-lomas\/#breadcrumb"},"inLanguage":"es-AR","potentialAction":[{"@type":"ReadAction","target":["https:\/\/sergiolapegue.com\/site\/2026\/08\/31\/hipolito-yrigoyen-y-alsina-de-antiguos-caminos-de-tierra-a-las-avenidas-de-lomas\/"]}]},{"@type":"ImageObject","inLanguage":"es-AR","@id":"https:\/\/sergiolapegue.com\/site\/2026\/08\/31\/hipolito-yrigoyen-y-alsina-de-antiguos-caminos-de-tierra-a-las-avenidas-de-lomas\/#primaryimage","url":"https:\/\/sergiolapegue.com\/site\/wp-content\/uploads\/2026\/08\/syq8auevg_1256x620.webp","contentUrl":"https:\/\/sergiolapegue.com\/site\/wp-content\/uploads\/2026\/08\/syq8auevg_1256x620.webp","width":728,"height":467},{"@type":"BreadcrumbList","@id":"https:\/\/sergiolapegue.com\/site\/2026\/08\/31\/hipolito-yrigoyen-y-alsina-de-antiguos-caminos-de-tierra-a-las-avenidas-de-lomas\/#breadcrumb","itemListElement":[{"@type":"ListItem","position":1,"name":"Inicio","item":"https:\/\/sergiolapegue.com\/site\/"},{"@type":"ListItem","position":2,"name":"Hip\u00f3lito Yrigoyen y Alsina: de antiguos caminos de tierra a las avenidas de Lomas"}]},{"@type":"WebSite","@id":"https:\/\/sergiolapegue.com\/site\/#website","url":"https:\/\/sergiolapegue.com\/site\/","name":"Sergio Lapegue","description":"Periodista y conductor de radio y televisi\u00f3n argentino, nacido el 6 de septiembre de 1964.","publisher":{"@id":"https:\/\/sergiolapegue.com\/site\/#\/schema\/person\/083aeceeb0734cd166779ea6c0551a37"},"potentialAction":[{"@type":"SearchAction","target":{"@type":"EntryPoint","urlTemplate":"https:\/\/sergiolapegue.com\/site\/?s={search_term_string}"},"query-input":{"@type":"PropertyValueSpecification","valueRequired":true,"valueName":"search_term_string"}}],"inLanguage":"es-AR"},{"@type":["Person","Organization"],"@id":"https:\/\/sergiolapegue.com\/site\/#\/schema\/person\/083aeceeb0734cd166779ea6c0551a37","name":"Sergio Lapegue","image":{"@type":"ImageObject","inLanguage":"es-AR","@id":"https:\/\/sergiolapegue.com\/site\/wp-content\/uploads\/2021\/04\/logo_header-1.png","url":"https:\/\/sergiolapegue.com\/site\/wp-content\/uploads\/2021\/04\/logo_header-1.png","contentUrl":"https:\/\/sergiolapegue.com\/site\/wp-content\/uploads\/2021\/04\/logo_header-1.png","width":272,"height":90,"caption":"Sergio Lapegue"},"logo":{"@id":"https:\/\/sergiolapegue.com\/site\/wp-content\/uploads\/2021\/04\/logo_header-1.png"},"sameAs":["https:\/\/facebook.com\/sergiolapegue","https:\/\/instagram.com\/sergiolapegue","https:\/\/x.com\/https:\/\/twitter.com\/sergiolapegue"],"url":"https:\/\/sergiolapegue.com\/site\/author\/sergio\/"}]}},"_links":{"self":[{"href":"https:\/\/sergiolapegue.com\/site\/wp-json\/wp\/v2\/posts\/32531","targetHints":{"allow":["GET"]}}],"collection":[{"href":"https:\/\/sergiolapegue.com\/site\/wp-json\/wp\/v2\/posts"}],"about":[{"href":"https:\/\/sergiolapegue.com\/site\/wp-json\/wp\/v2\/types\/post"}],"author":[{"embeddable":true,"href":"https:\/\/sergiolapegue.com\/site\/wp-json\/wp\/v2\/users\/6"}],"replies":[{"embeddable":true,"href":"https:\/\/sergiolapegue.com\/site\/wp-json\/wp\/v2\/comments?post=32531"}],"version-history":[{"count":1,"href":"https:\/\/sergiolapegue.com\/site\/wp-json\/wp\/v2\/posts\/32531\/revisions"}],"predecessor-version":[{"id":32533,"href":"https:\/\/sergiolapegue.com\/site\/wp-json\/wp\/v2\/posts\/32531\/revisions\/32533"}],"wp:featuredmedia":[{"embeddable":true,"href":"https:\/\/sergiolapegue.com\/site\/wp-json\/wp\/v2\/media\/32532"}],"wp:attachment":[{"href":"https:\/\/sergiolapegue.com\/site\/wp-json\/wp\/v2\/media?parent=32531"}],"wp:term":[{"taxonomy":"category","embeddable":true,"href":"https:\/\/sergiolapegue.com\/site\/wp-json\/wp\/v2\/categories?post=32531"},{"taxonomy":"post_tag","embeddable":true,"href":"https:\/\/sergiolapegue.com\/site\/wp-json\/wp\/v2\/tags?post=32531"}],"curies":[{"name":"wp","href":"https:\/\/api.w.org\/{rel}","templated":true}]}}