{"id":32528,"date":"2026-09-02T17:00:00","date_gmt":"2026-09-02T20:00:00","guid":{"rendered":"https:\/\/sergiolapegue.com\/site\/?p=32528"},"modified":"2026-09-01T18:25:14","modified_gmt":"2026-09-01T21:25:14","slug":"festival-el-movimiento-que-insiste-organizado-por-doce-veinticuatro-y-madres-de-plaza-de-mayo-linea-fundadora","status":"publish","type":"post","link":"https:\/\/sergiolapegue.com\/site\/2026\/09\/02\/festival-el-movimiento-que-insiste-organizado-por-doce-veinticuatro-y-madres-de-plaza-de-mayo-linea-fundadora\/","title":{"rendered":"FESTIVAL: \u201cEL MOVIMIENTO QUE INSISTE\u201d ORGANIZADO POR DOCE VEINTICUATRO Y MADRES DE PLAZA DE MAYO \u2013 L\u00cdNEA FUNDADORA"},"content":{"rendered":"\n<p class=\"wp-block-paragraph\">En mayo de 2026, a 50 a\u00f1os del golpe, 49 a\u00f1os de Madres de Plaza de Mayo y a diez a\u00f1os de su creaci\u00f3n, la plataforma de investigaci\u00f3n y creaci\u00f3n art\u00edstica&nbsp;Doce Veinticuatro lanz\u00f3 el Festival&nbsp;\u201cEl movimiento que insiste\u201d&nbsp;\u00edntegramente junto a Madres de Plaza de Mayo \u2013 L\u00ednea Fundadora, en la Casa Nuestros Hijos, la Vida y la Esperanza.<\/p>\n\n\n\n<p class=\"wp-block-paragraph\">Durante&nbsp;septiembre y octubre,&nbsp;dando continuidad a la&nbsp;programaci\u00f3n extendida&nbsp;que estaba prevista, el Festival presenta nuevos laboratorios, talleres y espect\u00e1culos, con entrada libre y gratuita. En la primera etapa se desarrollaron m\u00e1s de 20 actividades art\u00edsticas,&nbsp;se cont\u00f3 con la participaci\u00f3n de m\u00e1s de 200 personas en los laboratorios, m\u00e1s de 1200 asistentes, y una amplia cobertura y repercusi\u00f3n en los medios.<\/p>\n\n\n\n<p class=\"wp-block-paragraph\">Esta etapa del Festival&nbsp;\u201cEl movimiento que insiste\u201d,sensibilizada por la&nbsp;irreparable p\u00e9rdida de Taty Almeida,&nbsp;invita a profundizar los lazos entre pr\u00e1ctica art\u00edstica y Derechos Humanos para seguir construyendo colectivamente una memoria activa del presente. Dice&nbsp;Catalina Lescano, Directora art\u00edstica de Doce Veinticuatro: \u201cTal como le prometimos a Taty, seguimos llenando la Casa de Danza, Teatro y Performance, para encontrarnos a militar la memoria activa bailando, conjurando, imaginando el mundo que queremos habitar\u201d.<\/p>\n\n\n\n<p class=\"wp-block-paragraph\">Durante&nbsp;septiembre y octubre,&nbsp;el Festival&nbsp;\u201cEl movimiento que insiste\u201d&nbsp;pone el foco en &nbsp;el cuerpo como territorio de memoria, resistencia y transformaci\u00f3n, y en la imaginaci\u00f3n como pr\u00e1ctica pol\u00edtica capaz de ensayar otras formas de narrar, percibir y construir lo com\u00fan. En esta etapa de la programaci\u00f3n participar\u00e1n de&nbsp;Diana Szeinblum, Jazmin Tesone, Grupo Corina Wilson, Cecilia Gr\u00fcner, Ana Laura L\u00f3pez, Flopa Lestani, Maia Mazzarella, Cecilia Benavidez, Brai Kobla, Jimena Garc\u00eda Blaya, Grupo NEEELI, Jorge Thefs, Laurent Tropikalia Labeija, Fiordi Bakeneko Labeija, Laura Figueiras y Carla R\u00edmola.<\/p>\n\n\n\n<p class=\"wp-block-paragraph\">Sabrina Osowski, Coordinadora general de Casa Nuestros Hijos, sostiene:&nbsp;\u201cDesde Madres de Plaza de Mayo \u2013 L\u00ednea Fundadora celebramos este encuentro con Doce Veinticuatro en esta Casa que, con esfuerzo, amor y trabajo colectivo, hemos recuperado para mantenerla viva y abierta como espacio de memoria, pensamiento y acci\u00f3n. Nos alegra profundamente que nuevas generaciones tomen la posta y la pongan en movimiento, haciendo de este espacio un lugar donde el arte, la palabra y el cuerpo puedan desplegarse\u201d.<\/p>\n\n\n\n<p class=\"wp-block-paragraph\"><strong>FICHA T\u00c9CNIO ART\u00cdSTICA<\/strong><\/p>\n\n\n\n<p class=\"wp-block-paragraph\"><strong>DOCE VEINTICUATRO:<\/strong><\/p>\n\n\n\n<p class=\"wp-block-paragraph\"><strong>Direcci\u00f3n General Doce Veinticuatro:&nbsp;<\/strong>Catalina Lescano, Leandro Moro, Efe Akabani, Marcio Barcel\u00f3 Mannelli<\/p>\n\n\n\n<p class=\"wp-block-paragraph\"><strong>Direcci\u00f3n art\u00edstica y Curadur\u00eda:&nbsp;<\/strong>Catalina Lescano<\/p>\n\n\n\n<p class=\"wp-block-paragraph\"><strong>Producci\u00f3n:&nbsp;<\/strong>Constanza Zarnitzer, Lu Tomas<\/p>\n\n\n\n<p class=\"wp-block-paragraph\"><strong>Prensa:&nbsp;<\/strong>Prens\u00f3polis<\/p>\n\n\n\n<p class=\"wp-block-paragraph\"><strong>Comunicaci\u00f3n:&nbsp;<\/strong>Efe Akabani, Constanza Zarnitzer, Jon Kluk y Artefacto Productora<\/p>\n\n\n\n<p class=\"wp-block-paragraph\"><strong>Agradecimientos<\/strong>: Mariano Rapetti, Punto Estudio<\/p>\n\n\n\n<p class=\"wp-block-paragraph\"><strong>Instagram:<\/strong> @doceveinticuatro<\/p>\n\n\n\n<p class=\"wp-block-paragraph\"><strong>MADRES DE PLAZA DE MAYO \u2013 L\u00cdNEA FUNDADORA<\/strong><\/p>\n\n\n\n<p class=\"wp-block-paragraph\"><strong>Presidenta:&nbsp;<\/strong>Taty Almeida<\/p>\n\n\n\n<p class=\"wp-block-paragraph\"><strong>Directora Casa nuestros hijos, la vida y la esperanza:&nbsp;<\/strong>Paula Maroni<\/p>\n\n\n\n<p class=\"wp-block-paragraph\"><strong>Coordinaci\u00f3n general Casa nuestros hijos la vida y la esperanza:&nbsp;<\/strong>Sabrina Osowski<\/p>\n\n\n\n<p class=\"wp-block-paragraph\"><strong>Coordinadora de educaci\u00f3n:&nbsp;<\/strong>Cristina G\u00f3mez Giusto<\/p>\n\n\n\n<p class=\"wp-block-paragraph\"><strong>Escuela Popular de M\u00fasica:&nbsp;<\/strong>F\u00e1tima Cabrera<\/p>\n\n\n\n<p class=\"wp-block-paragraph\"><strong>Artes Visuales:&nbsp;<\/strong>Lorena Fabrizia Bossi<\/p>\n\n\n\n<p class=\"wp-block-paragraph\"><strong>Comunicaci\u00f3n<\/strong>: Lola Suarez I&nbsp;<\/p>\n\n\n\n<p class=\"wp-block-paragraph\"><strong>Equipo Educaci\u00f3n: &nbsp;<\/strong>Augusto Carlucci, Daniela Der Torossian, Violeta Gimpelewicz, Soledad Saad,&nbsp;<\/p>\n\n\n\n<p class=\"wp-block-paragraph\">Vanesa Figueredo<\/p>\n\n\n\n<p class=\"wp-block-paragraph\"><strong>T\u00e9cnica:&nbsp;<\/strong>Agust\u00edn Ravetino<\/p>\n\n\n\n<p class=\"wp-block-paragraph\"><strong>Mantenimiento:&nbsp;<\/strong>Franco Beccaccini<\/p>\n\n\n\n<p class=\"wp-block-paragraph\"><strong>Instagram:<\/strong> @madresplazademayo.lf<\/p>\n\n\n\n<p class=\"wp-block-paragraph\">La programaci\u00f3n extendida de&nbsp;\u201cEl movimiento que insiste\u201d&nbsp;se desarrollar\u00e1 seg\u00fan este cronograma de actividades:<\/p>\n\n\n\n<p class=\"wp-block-paragraph\"><strong>S\u00c1BADO 12 DE SEPTIEMBRE<\/strong><\/p>\n\n\n\n<p class=\"wp-block-paragraph\"><strong>15:00 horas \u2013 Instrumento para estrellar<\/strong><\/p>\n\n\n\n<p class=\"wp-block-paragraph\">Laboratorio por Diana Szeinblum y Jazmin Tesone<\/p>\n\n\n\n<p class=\"wp-block-paragraph\"><strong>17:00 horas \u2013&nbsp;Ilusiones Perceptivas<\/strong><\/p>\n\n\n\n<p class=\"wp-block-paragraph\">Bardo sensorial sobre accesibilidad y artes esc\u00e9nicas por Grupo Corina Wilson<\/p>\n\n\n\n<p class=\"wp-block-paragraph\"><strong>19:30 horas \u2013 La Teor\u00eda de la Bolsa de Ficci\u00f3n&nbsp;<\/strong><\/p>\n\n\n\n<p class=\"wp-block-paragraph\">Obra\/Performance por Cecilia Gr\u00fcner y Ana Laura L\u00f3pez<\/p>\n\n\n\n<p class=\"wp-block-paragraph\"><strong>S\u00c1BADO 19 DE SEPTIEMBRE<\/strong><strong><\/strong><\/p>\n\n\n\n<p class=\"wp-block-paragraph\"><strong>15:00 horas \u2013 Terreiros de Resistencia. Identidad, Danza y Derechos Humanos<\/strong><\/p>\n\n\n\n<p class=\"wp-block-paragraph\">Laboratorio por Maia Mazzarella y Cecilia Benavidez<\/p>\n\n\n\n<p class=\"wp-block-paragraph\"><strong>17:00 horas \u2013 Operaci\u00f3n de Rescate<\/strong><\/p>\n\n\n\n<p class=\"wp-block-paragraph\">Laboratorio de exploraci\u00f3n dramat\u00fargica por Brai Kobla<\/p>\n\n\n\n<p class=\"wp-block-paragraph\"><strong>19:30 horas \u2013 CUERPO ETC<\/strong><\/p>\n\n\n\n<p class=\"wp-block-paragraph\">Obra\/Performance por Jimena Garc\u00eda Blaya<\/p>\n\n\n\n<p class=\"wp-block-paragraph\"><strong>S\u00c1BADO 03 DE OCTUBRE<\/strong><\/p>\n\n\n\n<p class=\"wp-block-paragraph\"><strong>14:00 horas \u2013 El uso fantasioso del tiempo<\/strong><\/p>\n\n\n\n<p class=\"wp-block-paragraph\">Laboratorio por Grupo NEEELI<\/p>\n\n\n\n<p class=\"wp-block-paragraph\"><strong>17:00 horas&nbsp;\u2013<\/strong>&nbsp;<strong>Apertura de Residencia<\/strong><\/p>\n\n\n\n<p class=\"wp-block-paragraph\"><strong>Yo beber\u00e9 tus l\u00e1grimas&nbsp;<\/strong>(notas para encontrarnos porque no nos van a matar ahora)&nbsp;de Jorge Thefs.<\/p>\n\n\n\n<p class=\"wp-block-paragraph\"><strong>18:30 horas \u2013 Momento Kiki<\/strong><\/p>\n\n\n\n<p class=\"wp-block-paragraph\">Performance participativa por Laurent Tropikalia Labeija y Fiordi Bakeneko Labeija<\/p>\n\n\n\n<p class=\"wp-block-paragraph\"><strong>ANTICIPO CIERRE DEL FESTIVAL: S\u00c1BADO 12 DE DICIEMBRE<\/strong><strong><\/strong><\/p>\n\n\n\n<p class=\"wp-block-paragraph\"><strong>16:00 horas \u2013 Apertura Residencia&nbsp;<\/strong><\/p>\n\n\n\n<p class=\"wp-block-paragraph\"><strong>Un lugar del porvenir<\/strong>&nbsp;por Laura Figueiras y Carla R\u00edmola<\/p>\n\n\n\n<p class=\"wp-block-paragraph\"><strong>17:00 horas \u2013&nbsp;<\/strong>Presentaci\u00f3n de libro y muestra&nbsp;10 a\u00f1os de Doce Veinticuatro. Brindis de cierre<\/p>\n\n\n\n<p class=\"wp-block-paragraph\"><strong>CASA NUESTROS HIJOS, LA VIDA Y LA ESPERANZA \u2013 ESPACIO MEMORIA Y DERECHOS HUMANOS (EX ESMA)<\/strong><\/p>\n\n\n\n<p class=\"wp-block-paragraph\">Av. Del Libertador 8151 \u2013 Capital Federal \u2013 Buenos Aires \u2013 Argentina<\/p>\n\n\n\n<p class=\"wp-block-paragraph\">Tel\u00e9fono: 4702-7777<\/p>\n\n\n\n<p class=\"wp-block-paragraph\">Entradas: Libre y gratuita (cupos limitados) <\/p>\n\n\n\n<p class=\"wp-block-paragraph\">               La participaci\u00f3n en laboratorios requiere de inscripci\u00f3n previa \u2013 Link: <a href=\"https:\/\/doceveinticuatro.com\/laboratorios-2\/\">Laboratorios &#8211; doceveinticuatro.com<\/a><\/p>\n\n\n\n<p class=\"wp-block-paragraph\">Gracias Alejandra P\u00eda Nicolosi de Prens\u00f3polis Comunicaci\u00f3n y Prensa por hacernos llegar la gacetilla de prensa de este Festival.<\/p>\n\n\n\n<p class=\"wp-block-paragraph\"><\/p>\n","protected":false},"excerpt":{"rendered":"<p>En mayo de 2026, a 50 a\u00f1os del golpe, 49 a\u00f1os de Madres de Plaza de Mayo y a diez a\u00f1os de su creaci\u00f3n, la plataforma de investigaci\u00f3n y creaci\u00f3n art\u00edstica&nbsp;Doce Veinticuatro lanz\u00f3 el Festival&nbsp;\u201cEl movimiento que insiste\u201d&nbsp;\u00edntegramente junto a Madres de Plaza de Mayo \u2013 L\u00ednea Fundadora, en la Casa Nuestros Hijos, la Vida [&hellip;]<\/p>\n","protected":false},"author":3,"featured_media":32529,"comment_status":"open","ping_status":"closed","sticky":false,"template":"","format":"standard","meta":{"footnotes":""},"categories":[34,35],"tags":[],"class_list":["post-32528","post","type-post","status-publish","format-standard","has-post-thumbnail","category-arte","category-teatro"],"yoast_head":"<!-- This site is optimized with the Yoast SEO plugin v28.4 - https:\/\/yoast.com\/product\/yoast-seo-wordpress\/ -->\n<title>FESTIVAL: \u201cEL MOVIMIENTO QUE INSISTE\u201d ORGANIZADO POR DOCE VEINTICUATRO Y MADRES DE PLAZA DE MAYO \u2013 L\u00cdNEA FUNDADORA - Sergio Lapegue<\/title>\n<meta name=\"robots\" content=\"index, follow, max-snippet:-1, max-image-preview:large, max-video-preview:-1\" \/>\n<link rel=\"canonical\" href=\"https:\/\/sergiolapegue.com\/site\/2026\/09\/02\/festival-el-movimiento-que-insiste-organizado-por-doce-veinticuatro-y-madres-de-plaza-de-mayo-linea-fundadora\/\" \/>\n<meta property=\"og:locale\" content=\"es_ES\" \/>\n<meta property=\"og:type\" content=\"article\" \/>\n<meta property=\"og:title\" content=\"FESTIVAL: \u201cEL MOVIMIENTO QUE INSISTE\u201d ORGANIZADO POR DOCE VEINTICUATRO Y MADRES DE PLAZA DE MAYO \u2013 L\u00cdNEA FUNDADORA - Sergio Lapegue\" \/>\n<meta property=\"og:description\" content=\"En mayo de 2026, a 50 a\u00f1os del golpe, 49 a\u00f1os de Madres de Plaza de Mayo y a diez a\u00f1os de su creaci\u00f3n, la plataforma de investigaci\u00f3n y creaci\u00f3n art\u00edstica&nbsp;Doce Veinticuatro lanz\u00f3 el Festival&nbsp;\u201cEl movimiento que insiste\u201d&nbsp;\u00edntegramente junto a Madres de Plaza de Mayo \u2013 L\u00ednea Fundadora, en la Casa Nuestros Hijos, la Vida [&hellip;]\" \/>\n<meta property=\"og:url\" content=\"https:\/\/sergiolapegue.com\/site\/2026\/09\/02\/festival-el-movimiento-que-insiste-organizado-por-doce-veinticuatro-y-madres-de-plaza-de-mayo-linea-fundadora\/\" \/>\n<meta property=\"og:site_name\" content=\"Sergio Lapegue\" \/>\n<meta property=\"article:publisher\" content=\"https:\/\/facebook.com\/sergiolapegue\" \/>\n<meta property=\"article:author\" content=\"https:\/\/facebook.com\/danielernesto.montana\" \/>\n<meta property=\"article:published_time\" content=\"2026-09-02T20:00:00+00:00\" \/>\n<meta property=\"og:image\" content=\"https:\/\/sergiolapegue.com\/site\/wp-content\/uploads\/2026\/08\/Festival-El-Movimiento-que-Insiste.png\" \/>\n\t<meta property=\"og:image:width\" content=\"2229\" \/>\n\t<meta property=\"og:image:height\" content=\"550\" \/>\n\t<meta property=\"og:image:type\" content=\"image\/png\" \/>\n<meta name=\"author\" content=\"Daniel E. Monta\u00f1a\" \/>\n<meta name=\"twitter:card\" content=\"summary_large_image\" \/>\n<meta name=\"twitter:creator\" content=\"@https:\/\/twitter.com\/daner_004\" \/>\n<meta name=\"twitter:site\" content=\"@sergiolapegue\" \/>\n<meta name=\"twitter:label1\" content=\"Escrito por\" \/>\n\t<meta name=\"twitter:data1\" content=\"Daniel E. Monta\u00f1a\" \/>\n\t<meta name=\"twitter:label2\" content=\"Tiempo de lectura\" \/>\n\t<meta name=\"twitter:data2\" content=\"4 minutos\" \/>\n<script type=\"application\/ld+json\" class=\"yoast-schema-graph\">{\"@context\":\"https:\\\/\\\/schema.org\",\"@graph\":[{\"@type\":\"Article\",\"@id\":\"https:\\\/\\\/sergiolapegue.com\\\/site\\\/2026\\\/09\\\/02\\\/festival-el-movimiento-que-insiste-organizado-por-doce-veinticuatro-y-madres-de-plaza-de-mayo-linea-fundadora\\\/#article\",\"isPartOf\":{\"@id\":\"https:\\\/\\\/sergiolapegue.com\\\/site\\\/2026\\\/09\\\/02\\\/festival-el-movimiento-que-insiste-organizado-por-doce-veinticuatro-y-madres-de-plaza-de-mayo-linea-fundadora\\\/\"},\"author\":{\"name\":\"Daniel E. Monta\u00f1a\",\"@id\":\"https:\\\/\\\/sergiolapegue.com\\\/site\\\/#\\\/schema\\\/person\\\/9198e7dbab43c6d74d0fd5399af7c3cd\"},\"headline\":\"FESTIVAL: \u201cEL MOVIMIENTO QUE INSISTE\u201d ORGANIZADO POR DOCE VEINTICUATRO Y MADRES DE PLAZA DE MAYO \u2013 L\u00cdNEA FUNDADORA\",\"datePublished\":\"2026-09-02T20:00:00+00:00\",\"mainEntityOfPage\":{\"@id\":\"https:\\\/\\\/sergiolapegue.com\\\/site\\\/2026\\\/09\\\/02\\\/festival-el-movimiento-que-insiste-organizado-por-doce-veinticuatro-y-madres-de-plaza-de-mayo-linea-fundadora\\\/\"},\"wordCount\":864,\"commentCount\":0,\"publisher\":{\"@id\":\"https:\\\/\\\/sergiolapegue.com\\\/site\\\/#\\\/schema\\\/person\\\/083aeceeb0734cd166779ea6c0551a37\"},\"image\":{\"@id\":\"https:\\\/\\\/sergiolapegue.com\\\/site\\\/2026\\\/09\\\/02\\\/festival-el-movimiento-que-insiste-organizado-por-doce-veinticuatro-y-madres-de-plaza-de-mayo-linea-fundadora\\\/#primaryimage\"},\"thumbnailUrl\":\"https:\\\/\\\/sergiolapegue.com\\\/site\\\/wp-content\\\/uploads\\\/2026\\\/08\\\/Festival-El-Movimiento-que-Insiste.png\",\"articleSection\":[\"Arte\",\"Teatro\"],\"inLanguage\":\"es-AR\",\"potentialAction\":[{\"@type\":\"CommentAction\",\"name\":\"Comment\",\"target\":[\"https:\\\/\\\/sergiolapegue.com\\\/site\\\/2026\\\/09\\\/02\\\/festival-el-movimiento-que-insiste-organizado-por-doce-veinticuatro-y-madres-de-plaza-de-mayo-linea-fundadora\\\/#respond\"]}]},{\"@type\":\"WebPage\",\"@id\":\"https:\\\/\\\/sergiolapegue.com\\\/site\\\/2026\\\/09\\\/02\\\/festival-el-movimiento-que-insiste-organizado-por-doce-veinticuatro-y-madres-de-plaza-de-mayo-linea-fundadora\\\/\",\"url\":\"https:\\\/\\\/sergiolapegue.com\\\/site\\\/2026\\\/09\\\/02\\\/festival-el-movimiento-que-insiste-organizado-por-doce-veinticuatro-y-madres-de-plaza-de-mayo-linea-fundadora\\\/\",\"name\":\"FESTIVAL: \u201cEL MOVIMIENTO QUE INSISTE\u201d ORGANIZADO POR DOCE VEINTICUATRO Y MADRES DE PLAZA DE MAYO \u2013 L\u00cdNEA FUNDADORA - Sergio Lapegue\",\"isPartOf\":{\"@id\":\"https:\\\/\\\/sergiolapegue.com\\\/site\\\/#website\"},\"primaryImageOfPage\":{\"@id\":\"https:\\\/\\\/sergiolapegue.com\\\/site\\\/2026\\\/09\\\/02\\\/festival-el-movimiento-que-insiste-organizado-por-doce-veinticuatro-y-madres-de-plaza-de-mayo-linea-fundadora\\\/#primaryimage\"},\"image\":{\"@id\":\"https:\\\/\\\/sergiolapegue.com\\\/site\\\/2026\\\/09\\\/02\\\/festival-el-movimiento-que-insiste-organizado-por-doce-veinticuatro-y-madres-de-plaza-de-mayo-linea-fundadora\\\/#primaryimage\"},\"thumbnailUrl\":\"https:\\\/\\\/sergiolapegue.com\\\/site\\\/wp-content\\\/uploads\\\/2026\\\/08\\\/Festival-El-Movimiento-que-Insiste.png\",\"datePublished\":\"2026-09-02T20:00:00+00:00\",\"breadcrumb\":{\"@id\":\"https:\\\/\\\/sergiolapegue.com\\\/site\\\/2026\\\/09\\\/02\\\/festival-el-movimiento-que-insiste-organizado-por-doce-veinticuatro-y-madres-de-plaza-de-mayo-linea-fundadora\\\/#breadcrumb\"},\"inLanguage\":\"es-AR\",\"potentialAction\":[{\"@type\":\"ReadAction\",\"target\":[\"https:\\\/\\\/sergiolapegue.com\\\/site\\\/2026\\\/09\\\/02\\\/festival-el-movimiento-que-insiste-organizado-por-doce-veinticuatro-y-madres-de-plaza-de-mayo-linea-fundadora\\\/\"]}]},{\"@type\":\"ImageObject\",\"inLanguage\":\"es-AR\",\"@id\":\"https:\\\/\\\/sergiolapegue.com\\\/site\\\/2026\\\/09\\\/02\\\/festival-el-movimiento-que-insiste-organizado-por-doce-veinticuatro-y-madres-de-plaza-de-mayo-linea-fundadora\\\/#primaryimage\",\"url\":\"https:\\\/\\\/sergiolapegue.com\\\/site\\\/wp-content\\\/uploads\\\/2026\\\/08\\\/Festival-El-Movimiento-que-Insiste.png\",\"contentUrl\":\"https:\\\/\\\/sergiolapegue.com\\\/site\\\/wp-content\\\/uploads\\\/2026\\\/08\\\/Festival-El-Movimiento-que-Insiste.png\",\"width\":2229,\"height\":550},{\"@type\":\"BreadcrumbList\",\"@id\":\"https:\\\/\\\/sergiolapegue.com\\\/site\\\/2026\\\/09\\\/02\\\/festival-el-movimiento-que-insiste-organizado-por-doce-veinticuatro-y-madres-de-plaza-de-mayo-linea-fundadora\\\/#breadcrumb\",\"itemListElement\":[{\"@type\":\"ListItem\",\"position\":1,\"name\":\"Inicio\",\"item\":\"https:\\\/\\\/sergiolapegue.com\\\/site\\\/\"},{\"@type\":\"ListItem\",\"position\":2,\"name\":\"FESTIVAL: \u201cEL MOVIMIENTO QUE INSISTE\u201d ORGANIZADO POR DOCE VEINTICUATRO Y MADRES DE PLAZA DE MAYO \u2013 L\u00cdNEA FUNDADORA\"}]},{\"@type\":\"WebSite\",\"@id\":\"https:\\\/\\\/sergiolapegue.com\\\/site\\\/#website\",\"url\":\"https:\\\/\\\/sergiolapegue.com\\\/site\\\/\",\"name\":\"Sergio Lapegue\",\"description\":\"Periodista y conductor de radio y televisi\u00f3n argentino, nacido el 6 de septiembre de 1964.\",\"publisher\":{\"@id\":\"https:\\\/\\\/sergiolapegue.com\\\/site\\\/#\\\/schema\\\/person\\\/083aeceeb0734cd166779ea6c0551a37\"},\"potentialAction\":[{\"@type\":\"SearchAction\",\"target\":{\"@type\":\"EntryPoint\",\"urlTemplate\":\"https:\\\/\\\/sergiolapegue.com\\\/site\\\/?s={search_term_string}\"},\"query-input\":{\"@type\":\"PropertyValueSpecification\",\"valueRequired\":true,\"valueName\":\"search_term_string\"}}],\"inLanguage\":\"es-AR\"},{\"@type\":[\"Person\",\"Organization\"],\"@id\":\"https:\\\/\\\/sergiolapegue.com\\\/site\\\/#\\\/schema\\\/person\\\/083aeceeb0734cd166779ea6c0551a37\",\"name\":\"Sergio Lapegue\",\"image\":{\"@type\":\"ImageObject\",\"inLanguage\":\"es-AR\",\"@id\":\"https:\\\/\\\/sergiolapegue.com\\\/site\\\/wp-content\\\/uploads\\\/2021\\\/04\\\/logo_header-1.png\",\"url\":\"https:\\\/\\\/sergiolapegue.com\\\/site\\\/wp-content\\\/uploads\\\/2021\\\/04\\\/logo_header-1.png\",\"contentUrl\":\"https:\\\/\\\/sergiolapegue.com\\\/site\\\/wp-content\\\/uploads\\\/2021\\\/04\\\/logo_header-1.png\",\"width\":272,\"height\":90,\"caption\":\"Sergio Lapegue\"},\"logo\":{\"@id\":\"https:\\\/\\\/sergiolapegue.com\\\/site\\\/wp-content\\\/uploads\\\/2021\\\/04\\\/logo_header-1.png\"},\"sameAs\":[\"https:\\\/\\\/facebook.com\\\/sergiolapegue\",\"https:\\\/\\\/instagram.com\\\/sergiolapegue\",\"https:\\\/\\\/x.com\\\/https:\\\/\\\/twitter.com\\\/sergiolapegue\"]},{\"@type\":\"Person\",\"@id\":\"https:\\\/\\\/sergiolapegue.com\\\/site\\\/#\\\/schema\\\/person\\\/9198e7dbab43c6d74d0fd5399af7c3cd\",\"name\":\"Daniel E. Monta\u00f1a\",\"image\":{\"@type\":\"ImageObject\",\"inLanguage\":\"es-AR\",\"@id\":\"https:\\\/\\\/sergiolapegue.com\\\/site\\\/wp-content\\\/uploads\\\/2021\\\/04\\\/sl_avatar_Daniel-150x150.jpg\",\"url\":\"https:\\\/\\\/sergiolapegue.com\\\/site\\\/wp-content\\\/uploads\\\/2021\\\/04\\\/sl_avatar_Daniel-150x150.jpg\",\"contentUrl\":\"https:\\\/\\\/sergiolapegue.com\\\/site\\\/wp-content\\\/uploads\\\/2021\\\/04\\\/sl_avatar_Daniel-150x150.jpg\",\"caption\":\"Daniel E. Monta\u00f1a\"},\"sameAs\":[\"https:\\\/\\\/facebook.com\\\/danielernesto.montana\",\"https:\\\/\\\/instagram.com\\\/daniel_montana1961\",\"https:\\\/\\\/x.com\\\/https:\\\/\\\/twitter.com\\\/daner_004\"],\"url\":\"https:\\\/\\\/sergiolapegue.com\\\/site\\\/author\\\/daniel\\\/\"}]}<\/script>\n<!-- \/ Yoast SEO plugin. -->","yoast_head_json":{"title":"FESTIVAL: \u201cEL MOVIMIENTO QUE INSISTE\u201d ORGANIZADO POR DOCE VEINTICUATRO Y MADRES DE PLAZA DE MAYO \u2013 L\u00cdNEA FUNDADORA - Sergio Lapegue","robots":{"index":"index","follow":"follow","max-snippet":"max-snippet:-1","max-image-preview":"max-image-preview:large","max-video-preview":"max-video-preview:-1"},"canonical":"https:\/\/sergiolapegue.com\/site\/2026\/09\/02\/festival-el-movimiento-que-insiste-organizado-por-doce-veinticuatro-y-madres-de-plaza-de-mayo-linea-fundadora\/","og_locale":"es_ES","og_type":"article","og_title":"FESTIVAL: \u201cEL MOVIMIENTO QUE INSISTE\u201d ORGANIZADO POR DOCE VEINTICUATRO Y MADRES DE PLAZA DE MAYO \u2013 L\u00cdNEA FUNDADORA - Sergio Lapegue","og_description":"En mayo de 2026, a 50 a\u00f1os del golpe, 49 a\u00f1os de Madres de Plaza de Mayo y a diez a\u00f1os de su creaci\u00f3n, la plataforma de investigaci\u00f3n y creaci\u00f3n art\u00edstica&nbsp;Doce Veinticuatro lanz\u00f3 el Festival&nbsp;\u201cEl movimiento que insiste\u201d&nbsp;\u00edntegramente junto a Madres de Plaza de Mayo \u2013 L\u00ednea Fundadora, en la Casa Nuestros Hijos, la Vida [&hellip;]","og_url":"https:\/\/sergiolapegue.com\/site\/2026\/09\/02\/festival-el-movimiento-que-insiste-organizado-por-doce-veinticuatro-y-madres-de-plaza-de-mayo-linea-fundadora\/","og_site_name":"Sergio Lapegue","article_publisher":"https:\/\/facebook.com\/sergiolapegue","article_author":"https:\/\/facebook.com\/danielernesto.montana","article_published_time":"2026-09-02T20:00:00+00:00","og_image":[{"width":2229,"height":550,"url":"https:\/\/sergiolapegue.com\/site\/wp-content\/uploads\/2026\/08\/Festival-El-Movimiento-que-Insiste.png","type":"image\/png"}],"author":"Daniel E. Monta\u00f1a","twitter_card":"summary_large_image","twitter_creator":"@https:\/\/twitter.com\/daner_004","twitter_site":"@sergiolapegue","twitter_misc":{"Escrito por":"Daniel E. Monta\u00f1a","Tiempo de lectura":"4 minutos"},"schema":{"@context":"https:\/\/schema.org","@graph":[{"@type":"Article","@id":"https:\/\/sergiolapegue.com\/site\/2026\/09\/02\/festival-el-movimiento-que-insiste-organizado-por-doce-veinticuatro-y-madres-de-plaza-de-mayo-linea-fundadora\/#article","isPartOf":{"@id":"https:\/\/sergiolapegue.com\/site\/2026\/09\/02\/festival-el-movimiento-que-insiste-organizado-por-doce-veinticuatro-y-madres-de-plaza-de-mayo-linea-fundadora\/"},"author":{"name":"Daniel E. Monta\u00f1a","@id":"https:\/\/sergiolapegue.com\/site\/#\/schema\/person\/9198e7dbab43c6d74d0fd5399af7c3cd"},"headline":"FESTIVAL: \u201cEL MOVIMIENTO QUE INSISTE\u201d ORGANIZADO POR DOCE VEINTICUATRO Y MADRES DE PLAZA DE MAYO \u2013 L\u00cdNEA FUNDADORA","datePublished":"2026-09-02T20:00:00+00:00","mainEntityOfPage":{"@id":"https:\/\/sergiolapegue.com\/site\/2026\/09\/02\/festival-el-movimiento-que-insiste-organizado-por-doce-veinticuatro-y-madres-de-plaza-de-mayo-linea-fundadora\/"},"wordCount":864,"commentCount":0,"publisher":{"@id":"https:\/\/sergiolapegue.com\/site\/#\/schema\/person\/083aeceeb0734cd166779ea6c0551a37"},"image":{"@id":"https:\/\/sergiolapegue.com\/site\/2026\/09\/02\/festival-el-movimiento-que-insiste-organizado-por-doce-veinticuatro-y-madres-de-plaza-de-mayo-linea-fundadora\/#primaryimage"},"thumbnailUrl":"https:\/\/sergiolapegue.com\/site\/wp-content\/uploads\/2026\/08\/Festival-El-Movimiento-que-Insiste.png","articleSection":["Arte","Teatro"],"inLanguage":"es-AR","potentialAction":[{"@type":"CommentAction","name":"Comment","target":["https:\/\/sergiolapegue.com\/site\/2026\/09\/02\/festival-el-movimiento-que-insiste-organizado-por-doce-veinticuatro-y-madres-de-plaza-de-mayo-linea-fundadora\/#respond"]}]},{"@type":"WebPage","@id":"https:\/\/sergiolapegue.com\/site\/2026\/09\/02\/festival-el-movimiento-que-insiste-organizado-por-doce-veinticuatro-y-madres-de-plaza-de-mayo-linea-fundadora\/","url":"https:\/\/sergiolapegue.com\/site\/2026\/09\/02\/festival-el-movimiento-que-insiste-organizado-por-doce-veinticuatro-y-madres-de-plaza-de-mayo-linea-fundadora\/","name":"FESTIVAL: \u201cEL MOVIMIENTO QUE INSISTE\u201d ORGANIZADO POR DOCE VEINTICUATRO Y MADRES DE PLAZA DE MAYO \u2013 L\u00cdNEA FUNDADORA - Sergio Lapegue","isPartOf":{"@id":"https:\/\/sergiolapegue.com\/site\/#website"},"primaryImageOfPage":{"@id":"https:\/\/sergiolapegue.com\/site\/2026\/09\/02\/festival-el-movimiento-que-insiste-organizado-por-doce-veinticuatro-y-madres-de-plaza-de-mayo-linea-fundadora\/#primaryimage"},"image":{"@id":"https:\/\/sergiolapegue.com\/site\/2026\/09\/02\/festival-el-movimiento-que-insiste-organizado-por-doce-veinticuatro-y-madres-de-plaza-de-mayo-linea-fundadora\/#primaryimage"},"thumbnailUrl":"https:\/\/sergiolapegue.com\/site\/wp-content\/uploads\/2026\/08\/Festival-El-Movimiento-que-Insiste.png","datePublished":"2026-09-02T20:00:00+00:00","breadcrumb":{"@id":"https:\/\/sergiolapegue.com\/site\/2026\/09\/02\/festival-el-movimiento-que-insiste-organizado-por-doce-veinticuatro-y-madres-de-plaza-de-mayo-linea-fundadora\/#breadcrumb"},"inLanguage":"es-AR","potentialAction":[{"@type":"ReadAction","target":["https:\/\/sergiolapegue.com\/site\/2026\/09\/02\/festival-el-movimiento-que-insiste-organizado-por-doce-veinticuatro-y-madres-de-plaza-de-mayo-linea-fundadora\/"]}]},{"@type":"ImageObject","inLanguage":"es-AR","@id":"https:\/\/sergiolapegue.com\/site\/2026\/09\/02\/festival-el-movimiento-que-insiste-organizado-por-doce-veinticuatro-y-madres-de-plaza-de-mayo-linea-fundadora\/#primaryimage","url":"https:\/\/sergiolapegue.com\/site\/wp-content\/uploads\/2026\/08\/Festival-El-Movimiento-que-Insiste.png","contentUrl":"https:\/\/sergiolapegue.com\/site\/wp-content\/uploads\/2026\/08\/Festival-El-Movimiento-que-Insiste.png","width":2229,"height":550},{"@type":"BreadcrumbList","@id":"https:\/\/sergiolapegue.com\/site\/2026\/09\/02\/festival-el-movimiento-que-insiste-organizado-por-doce-veinticuatro-y-madres-de-plaza-de-mayo-linea-fundadora\/#breadcrumb","itemListElement":[{"@type":"ListItem","position":1,"name":"Inicio","item":"https:\/\/sergiolapegue.com\/site\/"},{"@type":"ListItem","position":2,"name":"FESTIVAL: \u201cEL MOVIMIENTO QUE INSISTE\u201d ORGANIZADO POR DOCE VEINTICUATRO Y MADRES DE PLAZA DE MAYO \u2013 L\u00cdNEA FUNDADORA"}]},{"@type":"WebSite","@id":"https:\/\/sergiolapegue.com\/site\/#website","url":"https:\/\/sergiolapegue.com\/site\/","name":"Sergio Lapegue","description":"Periodista y conductor de radio y televisi\u00f3n argentino, nacido el 6 de septiembre de 1964.","publisher":{"@id":"https:\/\/sergiolapegue.com\/site\/#\/schema\/person\/083aeceeb0734cd166779ea6c0551a37"},"potentialAction":[{"@type":"SearchAction","target":{"@type":"EntryPoint","urlTemplate":"https:\/\/sergiolapegue.com\/site\/?s={search_term_string}"},"query-input":{"@type":"PropertyValueSpecification","valueRequired":true,"valueName":"search_term_string"}}],"inLanguage":"es-AR"},{"@type":["Person","Organization"],"@id":"https:\/\/sergiolapegue.com\/site\/#\/schema\/person\/083aeceeb0734cd166779ea6c0551a37","name":"Sergio Lapegue","image":{"@type":"ImageObject","inLanguage":"es-AR","@id":"https:\/\/sergiolapegue.com\/site\/wp-content\/uploads\/2021\/04\/logo_header-1.png","url":"https:\/\/sergiolapegue.com\/site\/wp-content\/uploads\/2021\/04\/logo_header-1.png","contentUrl":"https:\/\/sergiolapegue.com\/site\/wp-content\/uploads\/2021\/04\/logo_header-1.png","width":272,"height":90,"caption":"Sergio Lapegue"},"logo":{"@id":"https:\/\/sergiolapegue.com\/site\/wp-content\/uploads\/2021\/04\/logo_header-1.png"},"sameAs":["https:\/\/facebook.com\/sergiolapegue","https:\/\/instagram.com\/sergiolapegue","https:\/\/x.com\/https:\/\/twitter.com\/sergiolapegue"]},{"@type":"Person","@id":"https:\/\/sergiolapegue.com\/site\/#\/schema\/person\/9198e7dbab43c6d74d0fd5399af7c3cd","name":"Daniel E. Monta\u00f1a","image":{"@type":"ImageObject","inLanguage":"es-AR","@id":"https:\/\/sergiolapegue.com\/site\/wp-content\/uploads\/2021\/04\/sl_avatar_Daniel-150x150.jpg","url":"https:\/\/sergiolapegue.com\/site\/wp-content\/uploads\/2021\/04\/sl_avatar_Daniel-150x150.jpg","contentUrl":"https:\/\/sergiolapegue.com\/site\/wp-content\/uploads\/2021\/04\/sl_avatar_Daniel-150x150.jpg","caption":"Daniel E. Monta\u00f1a"},"sameAs":["https:\/\/facebook.com\/danielernesto.montana","https:\/\/instagram.com\/daniel_montana1961","https:\/\/x.com\/https:\/\/twitter.com\/daner_004"],"url":"https:\/\/sergiolapegue.com\/site\/author\/daniel\/"}]}},"_links":{"self":[{"href":"https:\/\/sergiolapegue.com\/site\/wp-json\/wp\/v2\/posts\/32528","targetHints":{"allow":["GET"]}}],"collection":[{"href":"https:\/\/sergiolapegue.com\/site\/wp-json\/wp\/v2\/posts"}],"about":[{"href":"https:\/\/sergiolapegue.com\/site\/wp-json\/wp\/v2\/types\/post"}],"author":[{"embeddable":true,"href":"https:\/\/sergiolapegue.com\/site\/wp-json\/wp\/v2\/users\/3"}],"replies":[{"embeddable":true,"href":"https:\/\/sergiolapegue.com\/site\/wp-json\/wp\/v2\/comments?post=32528"}],"version-history":[{"count":1,"href":"https:\/\/sergiolapegue.com\/site\/wp-json\/wp\/v2\/posts\/32528\/revisions"}],"predecessor-version":[{"id":32530,"href":"https:\/\/sergiolapegue.com\/site\/wp-json\/wp\/v2\/posts\/32528\/revisions\/32530"}],"wp:featuredmedia":[{"embeddable":true,"href":"https:\/\/sergiolapegue.com\/site\/wp-json\/wp\/v2\/media\/32529"}],"wp:attachment":[{"href":"https:\/\/sergiolapegue.com\/site\/wp-json\/wp\/v2\/media?parent=32528"}],"wp:term":[{"taxonomy":"category","embeddable":true,"href":"https:\/\/sergiolapegue.com\/site\/wp-json\/wp\/v2\/categories?post=32528"},{"taxonomy":"post_tag","embeddable":true,"href":"https:\/\/sergiolapegue.com\/site\/wp-json\/wp\/v2\/tags?post=32528"}],"curies":[{"name":"wp","href":"https:\/\/api.w.org\/{rel}","templated":true}]}}