{"id":32521,"date":"2026-09-01T01:00:00","date_gmt":"2026-09-01T04:00:00","guid":{"rendered":"https:\/\/sergiolapegue.com\/site\/?p=32521"},"modified":"2026-08-30T18:42:44","modified_gmt":"2026-08-30T21:42:44","slug":"fragmentos-del-caos-2","status":"publish","type":"post","link":"https:\/\/sergiolapegue.com\/site\/2026\/09\/01\/fragmentos-del-caos-2\/","title":{"rendered":"\u201cFRAGMENTOS DEL CAOS\u201d"},"content":{"rendered":"\n<p class=\"wp-block-paragraph\">Regresa solo por 4 \u00fanicas funciones al Teatro El Popular \u201cFragmentos del Caos\u201d, los d\u00edas viernes a las 20:30 horas, la m\u00fasica original de la obra es de Rony Keselman, la direcci\u00f3n esta a cargo de Leandro Rosati y cuenta con las grandes actuaciones de Florencia Morales, Dalila Real, Leandro Rosati y Marcela Trajtenberg<\/p>\n\n\n\n<p class=\"wp-block-paragraph\"><strong>SINOPSIS<\/strong><\/p>\n\n\n\n<p class=\"wp-block-paragraph\">El tiempo se ha roto y por las fisuras emerge lo que estuvo soterrado, creciendo, aliment\u00e1ndose del odio, la ambici\u00f3n, la codicia, hasta finalmente encaramarse en el poder.<br>Dos actrices y un actor son los pasajeros de este delirante viaje por el tiempo.<br>Un extra\u00f1o concurso de televisi\u00f3n trafica con \u00f3rganos humanos. Una productora art\u00edstica contrata escenas musicales con el mensaje de los vencedores. Una radio clandestina informa sobre la b\u00fasqueda de un director que desaparece en un futuro dist\u00f3pico<br>Pasado, presente y futuro se entrelazan para dar lugar a la deriva de estos personajes que a\u00fan sin certezas siguen, deseando, haciendo y proyectando.<br>Todos los recursos del teatro musical, puestos al servicio de abordar \u00e9sta tem\u00e1tica actual tan dram\u00e1tica desde el humor, que tiene la virtud de poner la distancia necesaria para poder disfrutarlo y reflexionar acerca de la \u00e9poca que nos toca vivir.<\/p>\n\n\n\n<figure class=\"wp-block-image size-full is-resized\"><img loading=\"lazy\" decoding=\"async\" width=\"1000\" height=\"1000\" src=\"https:\/\/sergiolapegue.com\/site\/wp-content\/uploads\/2026\/08\/Fragmentos-del-caos-1.jpg\" alt=\"\" class=\"wp-image-32523\" style=\"width:1068px;height:auto\" srcset=\"https:\/\/sergiolapegue.com\/site\/wp-content\/uploads\/2026\/08\/Fragmentos-del-caos-1.jpg 1000w, https:\/\/sergiolapegue.com\/site\/wp-content\/uploads\/2026\/08\/Fragmentos-del-caos-1-150x150-1.jpg 150w, https:\/\/sergiolapegue.com\/site\/wp-content\/uploads\/2026\/08\/Fragmentos-del-caos-1-300x300.jpg 300w, https:\/\/sergiolapegue.com\/site\/wp-content\/uploads\/2026\/08\/Fragmentos-del-caos-1-60x60.jpg 60w, https:\/\/sergiolapegue.com\/site\/wp-content\/uploads\/2026\/08\/Fragmentos-del-caos-1-768x768.jpg 768w, https:\/\/sergiolapegue.com\/site\/wp-content\/uploads\/2026\/08\/Fragmentos-del-caos-1-324x324.jpg 324w, https:\/\/sergiolapegue.com\/site\/wp-content\/uploads\/2026\/08\/Fragmentos-del-caos-1-360x360.jpg 360w, https:\/\/sergiolapegue.com\/site\/wp-content\/uploads\/2026\/08\/Fragmentos-del-caos-1-696x696.jpg 696w\" sizes=\"auto, (max-width: 1000px) 100vw, 1000px\" \/><\/figure>\n\n\n\n<p class=\"wp-block-paragraph\"><strong>FICHA T\u00c9CNICO ART\u00cdSTICA<\/strong><\/p>\n\n\n\n<p class=\"wp-block-paragraph\"><strong>Act\u00faan:<\/strong> Florencia Morales \u2013 Dalila Real \u2013 Leandro Rosati \u2013 Marcela Trajtenberg<\/p>\n\n\n\n<p class=\"wp-block-paragraph\"><strong>Vestuario:<\/strong> Los CometaBr\u00e1s<\/p>\n\n\n\n<p class=\"wp-block-paragraph\"><strong>Escenograf\u00eda:<\/strong> Valeria Abuin<\/p>\n\n\n\n<p class=\"wp-block-paragraph\"><strong>Dise\u00f1o de luces:<\/strong> Leandra Rodr\u00edguez<\/p>\n\n\n\n<p class=\"wp-block-paragraph\"><strong>M\u00fasica original:<\/strong> Rony Keselman<\/p>\n\n\n\n<p class=\"wp-block-paragraph\"><strong>Animaci\u00f3n:<\/strong> Pablo Pereyra<\/p>\n\n\n\n<p class=\"wp-block-paragraph\"><strong>T\u00e9cnico de grabaci\u00f3n:<\/strong> Federico Alberetti<\/p>\n\n\n\n<p class=\"wp-block-paragraph\"><strong>T\u00e9cnico de sonido:<\/strong> Sebasti\u00e1n Vische<\/p>\n\n\n\n<p class=\"wp-block-paragraph\"><strong>Efectos sonoros:<\/strong> Rony Keselman<\/p>\n\n\n\n<p class=\"wp-block-paragraph\"><strong>Video:<\/strong> Pablo Pereyra<\/p>\n\n\n\n<p class=\"wp-block-paragraph\"><strong>Gr\u00e1fica:<\/strong> Ver\u00f3nica Costa<\/p>\n\n\n\n<p class=\"wp-block-paragraph\"><strong>Redes sociales:<\/strong> Paula Vautier<\/p>\n\n\n\n<p class=\"wp-block-paragraph\"><strong>Coreograf\u00eda:<\/strong> Marcela Trajtenberg<\/p>\n\n\n\n<p class=\"wp-block-paragraph\"><strong>Supervisi\u00f3n vocal:<\/strong> Dalila Real<\/p>\n\n\n\n<p class=\"wp-block-paragraph\"><strong>Prensa:<\/strong> Adriana Schottlender<\/p>\n\n\n\n<p class=\"wp-block-paragraph\"><strong>Asistencia de escenas:<\/strong> Florencia Morales<\/p>\n\n\n\n<p class=\"wp-block-paragraph\"><strong>Puesta en escena:<\/strong> Leandro Rosati<\/p>\n\n\n\n<p class=\"wp-block-paragraph\"><strong>Direcci\u00f3n de actores:<\/strong> Dami\u00e1n Calvo \u2013 Teresa L\u00f3pez<\/p>\n\n\n\n<p class=\"wp-block-paragraph\"><strong>Direcci\u00f3n general:<\/strong> Leandro Rosati<\/p>\n\n\n\n<p class=\"wp-block-paragraph\"><strong>Instagram:<\/strong> @fragmentosdel.caos<\/p>\n\n\n\n<p class=\"wp-block-paragraph\"><strong>Duraci\u00f3n:<\/strong> 60 minutos<\/p>\n\n\n\n<p class=\"wp-block-paragraph\"><strong>Clasificaci\u00f3n:<\/strong> Teatro \u2013 Presencial \u2013 Adultos<\/p>\n\n\n\n<figure class=\"wp-block-image size-full is-resized\"><img loading=\"lazy\" decoding=\"async\" width=\"1000\" height=\"1000\" src=\"https:\/\/sergiolapegue.com\/site\/wp-content\/uploads\/2026\/08\/Fragmentos-del-caos-2.jpg\" alt=\"\" class=\"wp-image-32522\" style=\"width:1068px;height:auto\" srcset=\"https:\/\/sergiolapegue.com\/site\/wp-content\/uploads\/2026\/08\/Fragmentos-del-caos-2.jpg 1000w, https:\/\/sergiolapegue.com\/site\/wp-content\/uploads\/2026\/08\/Fragmentos-del-caos-2-150x150-1.jpg 150w, https:\/\/sergiolapegue.com\/site\/wp-content\/uploads\/2026\/08\/Fragmentos-del-caos-2-300x300.jpg 300w, https:\/\/sergiolapegue.com\/site\/wp-content\/uploads\/2026\/08\/Fragmentos-del-caos-2-60x60.jpg 60w, https:\/\/sergiolapegue.com\/site\/wp-content\/uploads\/2026\/08\/Fragmentos-del-caos-2-768x768.jpg 768w, https:\/\/sergiolapegue.com\/site\/wp-content\/uploads\/2026\/08\/Fragmentos-del-caos-2-324x324.jpg 324w, https:\/\/sergiolapegue.com\/site\/wp-content\/uploads\/2026\/08\/Fragmentos-del-caos-2-360x360.jpg 360w, https:\/\/sergiolapegue.com\/site\/wp-content\/uploads\/2026\/08\/Fragmentos-del-caos-2-696x696.jpg 696w\" sizes=\"auto, (max-width: 1000px) 100vw, 1000px\" \/><\/figure>\n\n\n\n<p class=\"wp-block-paragraph\"><strong>TEATRO EL POPULAR<\/strong><\/p>\n\n\n\n<p class=\"wp-block-paragraph\">Chile 2080 \u2013 Capital Federal \u2013 Buenos Aires \u2013 Argentina<\/p>\n\n\n\n<p class=\"wp-block-paragraph\">Entradas: A la gorra<\/p>\n\n\n\n<p class=\"wp-block-paragraph\">Funciones: Viernes 20:30 horas \u2013 Del 11\/09\/2026 al 02\/10\/2026<\/p>\n","protected":false},"excerpt":{"rendered":"<p>Regresa solo por 4 \u00fanicas funciones al Teatro El Popular \u201cFragmentos del Caos\u201d, los d\u00edas viernes a las 20:30 horas, la m\u00fasica original de la obra es de Rony Keselman, la direcci\u00f3n esta a cargo de Leandro Rosati y cuenta con las grandes actuaciones de Florencia Morales, Dalila Real, Leandro Rosati y Marcela Trajtenberg SINOPSIS [&hellip;]<\/p>\n","protected":false},"author":3,"featured_media":32524,"comment_status":"open","ping_status":"closed","sticky":false,"template":"","format":"standard","meta":{"footnotes":""},"categories":[34,35],"tags":[],"class_list":["post-32521","post","type-post","status-publish","format-standard","has-post-thumbnail","category-arte","category-teatro"],"yoast_head":"<!-- This site is optimized with the Yoast SEO plugin v28.3 - https:\/\/yoast.com\/product\/yoast-seo-wordpress\/ -->\n<title>\u201cFRAGMENTOS DEL CAOS\u201d - Sergio Lapegue<\/title>\n<meta name=\"robots\" content=\"index, follow, max-snippet:-1, max-image-preview:large, max-video-preview:-1\" \/>\n<link rel=\"canonical\" href=\"https:\/\/sergiolapegue.com\/site\/2026\/09\/01\/fragmentos-del-caos-2\/\" \/>\n<meta property=\"og:locale\" content=\"es_ES\" \/>\n<meta property=\"og:type\" content=\"article\" \/>\n<meta property=\"og:title\" content=\"\u201cFRAGMENTOS DEL CAOS\u201d - Sergio Lapegue\" \/>\n<meta property=\"og:description\" content=\"Regresa solo por 4 \u00fanicas funciones al Teatro El Popular \u201cFragmentos del Caos\u201d, los d\u00edas viernes a las 20:30 horas, la m\u00fasica original de la obra es de Rony Keselman, la direcci\u00f3n esta a cargo de Leandro Rosati y cuenta con las grandes actuaciones de Florencia Morales, Dalila Real, Leandro Rosati y Marcela Trajtenberg SINOPSIS [&hellip;]\" \/>\n<meta property=\"og:url\" content=\"https:\/\/sergiolapegue.com\/site\/2026\/09\/01\/fragmentos-del-caos-2\/\" \/>\n<meta property=\"og:site_name\" content=\"Sergio Lapegue\" \/>\n<meta property=\"article:publisher\" content=\"https:\/\/facebook.com\/sergiolapegue\" \/>\n<meta property=\"article:author\" content=\"https:\/\/facebook.com\/danielernesto.montana\" \/>\n<meta property=\"article:published_time\" content=\"2026-09-01T04:00:00+00:00\" \/>\n<meta property=\"og:image\" content=\"https:\/\/sergiolapegue.com\/site\/wp-content\/uploads\/2026\/08\/Fragmentos-del-caos-rotated.jpg\" \/>\n\t<meta property=\"og:image:width\" content=\"1000\" \/>\n\t<meta property=\"og:image:height\" content=\"1002\" \/>\n\t<meta property=\"og:image:type\" content=\"image\/jpeg\" \/>\n<meta name=\"author\" content=\"Daniel E. Monta\u00f1a\" \/>\n<meta name=\"twitter:card\" content=\"summary_large_image\" \/>\n<meta name=\"twitter:creator\" content=\"@https:\/\/twitter.com\/daner_004\" \/>\n<meta name=\"twitter:site\" content=\"@sergiolapegue\" \/>\n<meta name=\"twitter:label1\" content=\"Escrito por\" \/>\n\t<meta name=\"twitter:data1\" content=\"Daniel E. Monta\u00f1a\" \/>\n\t<meta name=\"twitter:label2\" content=\"Tiempo de lectura\" \/>\n\t<meta name=\"twitter:data2\" content=\"3 minutos\" \/>\n<script type=\"application\/ld+json\" class=\"yoast-schema-graph\">{\"@context\":\"https:\\\/\\\/schema.org\",\"@graph\":[{\"@type\":\"Article\",\"@id\":\"https:\\\/\\\/sergiolapegue.com\\\/site\\\/2026\\\/09\\\/01\\\/fragmentos-del-caos-2\\\/#article\",\"isPartOf\":{\"@id\":\"https:\\\/\\\/sergiolapegue.com\\\/site\\\/2026\\\/09\\\/01\\\/fragmentos-del-caos-2\\\/\"},\"author\":{\"name\":\"Daniel E. Monta\u00f1a\",\"@id\":\"https:\\\/\\\/sergiolapegue.com\\\/site\\\/#\\\/schema\\\/person\\\/9198e7dbab43c6d74d0fd5399af7c3cd\"},\"headline\":\"\u201cFRAGMENTOS DEL CAOS\u201d\",\"datePublished\":\"2026-09-01T04:00:00+00:00\",\"mainEntityOfPage\":{\"@id\":\"https:\\\/\\\/sergiolapegue.com\\\/site\\\/2026\\\/09\\\/01\\\/fragmentos-del-caos-2\\\/\"},\"wordCount\":348,\"commentCount\":0,\"publisher\":{\"@id\":\"https:\\\/\\\/sergiolapegue.com\\\/site\\\/#\\\/schema\\\/person\\\/083aeceeb0734cd166779ea6c0551a37\"},\"image\":{\"@id\":\"https:\\\/\\\/sergiolapegue.com\\\/site\\\/2026\\\/09\\\/01\\\/fragmentos-del-caos-2\\\/#primaryimage\"},\"thumbnailUrl\":\"https:\\\/\\\/sergiolapegue.com\\\/site\\\/wp-content\\\/uploads\\\/2026\\\/08\\\/Fragmentos-del-caos-rotated.jpg\",\"articleSection\":[\"Arte\",\"Teatro\"],\"inLanguage\":\"es-AR\",\"potentialAction\":[{\"@type\":\"CommentAction\",\"name\":\"Comment\",\"target\":[\"https:\\\/\\\/sergiolapegue.com\\\/site\\\/2026\\\/09\\\/01\\\/fragmentos-del-caos-2\\\/#respond\"]}]},{\"@type\":\"WebPage\",\"@id\":\"https:\\\/\\\/sergiolapegue.com\\\/site\\\/2026\\\/09\\\/01\\\/fragmentos-del-caos-2\\\/\",\"url\":\"https:\\\/\\\/sergiolapegue.com\\\/site\\\/2026\\\/09\\\/01\\\/fragmentos-del-caos-2\\\/\",\"name\":\"\u201cFRAGMENTOS DEL CAOS\u201d - Sergio Lapegue\",\"isPartOf\":{\"@id\":\"https:\\\/\\\/sergiolapegue.com\\\/site\\\/#website\"},\"primaryImageOfPage\":{\"@id\":\"https:\\\/\\\/sergiolapegue.com\\\/site\\\/2026\\\/09\\\/01\\\/fragmentos-del-caos-2\\\/#primaryimage\"},\"image\":{\"@id\":\"https:\\\/\\\/sergiolapegue.com\\\/site\\\/2026\\\/09\\\/01\\\/fragmentos-del-caos-2\\\/#primaryimage\"},\"thumbnailUrl\":\"https:\\\/\\\/sergiolapegue.com\\\/site\\\/wp-content\\\/uploads\\\/2026\\\/08\\\/Fragmentos-del-caos-rotated.jpg\",\"datePublished\":\"2026-09-01T04:00:00+00:00\",\"breadcrumb\":{\"@id\":\"https:\\\/\\\/sergiolapegue.com\\\/site\\\/2026\\\/09\\\/01\\\/fragmentos-del-caos-2\\\/#breadcrumb\"},\"inLanguage\":\"es-AR\",\"potentialAction\":[{\"@type\":\"ReadAction\",\"target\":[\"https:\\\/\\\/sergiolapegue.com\\\/site\\\/2026\\\/09\\\/01\\\/fragmentos-del-caos-2\\\/\"]}]},{\"@type\":\"ImageObject\",\"inLanguage\":\"es-AR\",\"@id\":\"https:\\\/\\\/sergiolapegue.com\\\/site\\\/2026\\\/09\\\/01\\\/fragmentos-del-caos-2\\\/#primaryimage\",\"url\":\"https:\\\/\\\/sergiolapegue.com\\\/site\\\/wp-content\\\/uploads\\\/2026\\\/08\\\/Fragmentos-del-caos-rotated.jpg\",\"contentUrl\":\"https:\\\/\\\/sergiolapegue.com\\\/site\\\/wp-content\\\/uploads\\\/2026\\\/08\\\/Fragmentos-del-caos-rotated.jpg\",\"width\":1000,\"height\":1002},{\"@type\":\"BreadcrumbList\",\"@id\":\"https:\\\/\\\/sergiolapegue.com\\\/site\\\/2026\\\/09\\\/01\\\/fragmentos-del-caos-2\\\/#breadcrumb\",\"itemListElement\":[{\"@type\":\"ListItem\",\"position\":1,\"name\":\"Inicio\",\"item\":\"https:\\\/\\\/sergiolapegue.com\\\/site\\\/\"},{\"@type\":\"ListItem\",\"position\":2,\"name\":\"\u201cFRAGMENTOS DEL CAOS\u201d\"}]},{\"@type\":\"WebSite\",\"@id\":\"https:\\\/\\\/sergiolapegue.com\\\/site\\\/#website\",\"url\":\"https:\\\/\\\/sergiolapegue.com\\\/site\\\/\",\"name\":\"Sergio Lapegue\",\"description\":\"Periodista y conductor de radio y televisi\u00f3n argentino, nacido el 6 de septiembre de 1964.\",\"publisher\":{\"@id\":\"https:\\\/\\\/sergiolapegue.com\\\/site\\\/#\\\/schema\\\/person\\\/083aeceeb0734cd166779ea6c0551a37\"},\"potentialAction\":[{\"@type\":\"SearchAction\",\"target\":{\"@type\":\"EntryPoint\",\"urlTemplate\":\"https:\\\/\\\/sergiolapegue.com\\\/site\\\/?s={search_term_string}\"},\"query-input\":{\"@type\":\"PropertyValueSpecification\",\"valueRequired\":true,\"valueName\":\"search_term_string\"}}],\"inLanguage\":\"es-AR\"},{\"@type\":[\"Person\",\"Organization\"],\"@id\":\"https:\\\/\\\/sergiolapegue.com\\\/site\\\/#\\\/schema\\\/person\\\/083aeceeb0734cd166779ea6c0551a37\",\"name\":\"Sergio Lapegue\",\"image\":{\"@type\":\"ImageObject\",\"inLanguage\":\"es-AR\",\"@id\":\"https:\\\/\\\/sergiolapegue.com\\\/site\\\/wp-content\\\/uploads\\\/2021\\\/04\\\/logo_header-1.png\",\"url\":\"https:\\\/\\\/sergiolapegue.com\\\/site\\\/wp-content\\\/uploads\\\/2021\\\/04\\\/logo_header-1.png\",\"contentUrl\":\"https:\\\/\\\/sergiolapegue.com\\\/site\\\/wp-content\\\/uploads\\\/2021\\\/04\\\/logo_header-1.png\",\"width\":272,\"height\":90,\"caption\":\"Sergio Lapegue\"},\"logo\":{\"@id\":\"https:\\\/\\\/sergiolapegue.com\\\/site\\\/wp-content\\\/uploads\\\/2021\\\/04\\\/logo_header-1.png\"},\"sameAs\":[\"https:\\\/\\\/facebook.com\\\/sergiolapegue\",\"https:\\\/\\\/instagram.com\\\/sergiolapegue\",\"https:\\\/\\\/x.com\\\/https:\\\/\\\/twitter.com\\\/sergiolapegue\"]},{\"@type\":\"Person\",\"@id\":\"https:\\\/\\\/sergiolapegue.com\\\/site\\\/#\\\/schema\\\/person\\\/9198e7dbab43c6d74d0fd5399af7c3cd\",\"name\":\"Daniel E. Monta\u00f1a\",\"image\":{\"@type\":\"ImageObject\",\"inLanguage\":\"es-AR\",\"@id\":\"https:\\\/\\\/sergiolapegue.com\\\/site\\\/wp-content\\\/uploads\\\/2021\\\/04\\\/sl_avatar_Daniel-150x150.jpg\",\"url\":\"https:\\\/\\\/sergiolapegue.com\\\/site\\\/wp-content\\\/uploads\\\/2021\\\/04\\\/sl_avatar_Daniel-150x150.jpg\",\"contentUrl\":\"https:\\\/\\\/sergiolapegue.com\\\/site\\\/wp-content\\\/uploads\\\/2021\\\/04\\\/sl_avatar_Daniel-150x150.jpg\",\"caption\":\"Daniel E. Monta\u00f1a\"},\"sameAs\":[\"https:\\\/\\\/facebook.com\\\/danielernesto.montana\",\"https:\\\/\\\/instagram.com\\\/daniel_montana1961\",\"https:\\\/\\\/x.com\\\/https:\\\/\\\/twitter.com\\\/daner_004\"],\"url\":\"https:\\\/\\\/sergiolapegue.com\\\/site\\\/author\\\/daniel\\\/\"}]}<\/script>\n<!-- \/ Yoast SEO plugin. -->","yoast_head_json":{"title":"\u201cFRAGMENTOS DEL CAOS\u201d - Sergio Lapegue","robots":{"index":"index","follow":"follow","max-snippet":"max-snippet:-1","max-image-preview":"max-image-preview:large","max-video-preview":"max-video-preview:-1"},"canonical":"https:\/\/sergiolapegue.com\/site\/2026\/09\/01\/fragmentos-del-caos-2\/","og_locale":"es_ES","og_type":"article","og_title":"\u201cFRAGMENTOS DEL CAOS\u201d - Sergio Lapegue","og_description":"Regresa solo por 4 \u00fanicas funciones al Teatro El Popular \u201cFragmentos del Caos\u201d, los d\u00edas viernes a las 20:30 horas, la m\u00fasica original de la obra es de Rony Keselman, la direcci\u00f3n esta a cargo de Leandro Rosati y cuenta con las grandes actuaciones de Florencia Morales, Dalila Real, Leandro Rosati y Marcela Trajtenberg SINOPSIS [&hellip;]","og_url":"https:\/\/sergiolapegue.com\/site\/2026\/09\/01\/fragmentos-del-caos-2\/","og_site_name":"Sergio Lapegue","article_publisher":"https:\/\/facebook.com\/sergiolapegue","article_author":"https:\/\/facebook.com\/danielernesto.montana","article_published_time":"2026-09-01T04:00:00+00:00","og_image":[{"width":1000,"height":1002,"url":"https:\/\/sergiolapegue.com\/site\/wp-content\/uploads\/2026\/08\/Fragmentos-del-caos-rotated.jpg","type":"image\/jpeg"}],"author":"Daniel E. Monta\u00f1a","twitter_card":"summary_large_image","twitter_creator":"@https:\/\/twitter.com\/daner_004","twitter_site":"@sergiolapegue","twitter_misc":{"Escrito por":"Daniel E. Monta\u00f1a","Tiempo de lectura":"3 minutos"},"schema":{"@context":"https:\/\/schema.org","@graph":[{"@type":"Article","@id":"https:\/\/sergiolapegue.com\/site\/2026\/09\/01\/fragmentos-del-caos-2\/#article","isPartOf":{"@id":"https:\/\/sergiolapegue.com\/site\/2026\/09\/01\/fragmentos-del-caos-2\/"},"author":{"name":"Daniel E. Monta\u00f1a","@id":"https:\/\/sergiolapegue.com\/site\/#\/schema\/person\/9198e7dbab43c6d74d0fd5399af7c3cd"},"headline":"\u201cFRAGMENTOS DEL CAOS\u201d","datePublished":"2026-09-01T04:00:00+00:00","mainEntityOfPage":{"@id":"https:\/\/sergiolapegue.com\/site\/2026\/09\/01\/fragmentos-del-caos-2\/"},"wordCount":348,"commentCount":0,"publisher":{"@id":"https:\/\/sergiolapegue.com\/site\/#\/schema\/person\/083aeceeb0734cd166779ea6c0551a37"},"image":{"@id":"https:\/\/sergiolapegue.com\/site\/2026\/09\/01\/fragmentos-del-caos-2\/#primaryimage"},"thumbnailUrl":"https:\/\/sergiolapegue.com\/site\/wp-content\/uploads\/2026\/08\/Fragmentos-del-caos-rotated.jpg","articleSection":["Arte","Teatro"],"inLanguage":"es-AR","potentialAction":[{"@type":"CommentAction","name":"Comment","target":["https:\/\/sergiolapegue.com\/site\/2026\/09\/01\/fragmentos-del-caos-2\/#respond"]}]},{"@type":"WebPage","@id":"https:\/\/sergiolapegue.com\/site\/2026\/09\/01\/fragmentos-del-caos-2\/","url":"https:\/\/sergiolapegue.com\/site\/2026\/09\/01\/fragmentos-del-caos-2\/","name":"\u201cFRAGMENTOS DEL CAOS\u201d - Sergio Lapegue","isPartOf":{"@id":"https:\/\/sergiolapegue.com\/site\/#website"},"primaryImageOfPage":{"@id":"https:\/\/sergiolapegue.com\/site\/2026\/09\/01\/fragmentos-del-caos-2\/#primaryimage"},"image":{"@id":"https:\/\/sergiolapegue.com\/site\/2026\/09\/01\/fragmentos-del-caos-2\/#primaryimage"},"thumbnailUrl":"https:\/\/sergiolapegue.com\/site\/wp-content\/uploads\/2026\/08\/Fragmentos-del-caos-rotated.jpg","datePublished":"2026-09-01T04:00:00+00:00","breadcrumb":{"@id":"https:\/\/sergiolapegue.com\/site\/2026\/09\/01\/fragmentos-del-caos-2\/#breadcrumb"},"inLanguage":"es-AR","potentialAction":[{"@type":"ReadAction","target":["https:\/\/sergiolapegue.com\/site\/2026\/09\/01\/fragmentos-del-caos-2\/"]}]},{"@type":"ImageObject","inLanguage":"es-AR","@id":"https:\/\/sergiolapegue.com\/site\/2026\/09\/01\/fragmentos-del-caos-2\/#primaryimage","url":"https:\/\/sergiolapegue.com\/site\/wp-content\/uploads\/2026\/08\/Fragmentos-del-caos-rotated.jpg","contentUrl":"https:\/\/sergiolapegue.com\/site\/wp-content\/uploads\/2026\/08\/Fragmentos-del-caos-rotated.jpg","width":1000,"height":1002},{"@type":"BreadcrumbList","@id":"https:\/\/sergiolapegue.com\/site\/2026\/09\/01\/fragmentos-del-caos-2\/#breadcrumb","itemListElement":[{"@type":"ListItem","position":1,"name":"Inicio","item":"https:\/\/sergiolapegue.com\/site\/"},{"@type":"ListItem","position":2,"name":"\u201cFRAGMENTOS DEL CAOS\u201d"}]},{"@type":"WebSite","@id":"https:\/\/sergiolapegue.com\/site\/#website","url":"https:\/\/sergiolapegue.com\/site\/","name":"Sergio Lapegue","description":"Periodista y conductor de radio y televisi\u00f3n argentino, nacido el 6 de septiembre de 1964.","publisher":{"@id":"https:\/\/sergiolapegue.com\/site\/#\/schema\/person\/083aeceeb0734cd166779ea6c0551a37"},"potentialAction":[{"@type":"SearchAction","target":{"@type":"EntryPoint","urlTemplate":"https:\/\/sergiolapegue.com\/site\/?s={search_term_string}"},"query-input":{"@type":"PropertyValueSpecification","valueRequired":true,"valueName":"search_term_string"}}],"inLanguage":"es-AR"},{"@type":["Person","Organization"],"@id":"https:\/\/sergiolapegue.com\/site\/#\/schema\/person\/083aeceeb0734cd166779ea6c0551a37","name":"Sergio Lapegue","image":{"@type":"ImageObject","inLanguage":"es-AR","@id":"https:\/\/sergiolapegue.com\/site\/wp-content\/uploads\/2021\/04\/logo_header-1.png","url":"https:\/\/sergiolapegue.com\/site\/wp-content\/uploads\/2021\/04\/logo_header-1.png","contentUrl":"https:\/\/sergiolapegue.com\/site\/wp-content\/uploads\/2021\/04\/logo_header-1.png","width":272,"height":90,"caption":"Sergio Lapegue"},"logo":{"@id":"https:\/\/sergiolapegue.com\/site\/wp-content\/uploads\/2021\/04\/logo_header-1.png"},"sameAs":["https:\/\/facebook.com\/sergiolapegue","https:\/\/instagram.com\/sergiolapegue","https:\/\/x.com\/https:\/\/twitter.com\/sergiolapegue"]},{"@type":"Person","@id":"https:\/\/sergiolapegue.com\/site\/#\/schema\/person\/9198e7dbab43c6d74d0fd5399af7c3cd","name":"Daniel E. Monta\u00f1a","image":{"@type":"ImageObject","inLanguage":"es-AR","@id":"https:\/\/sergiolapegue.com\/site\/wp-content\/uploads\/2021\/04\/sl_avatar_Daniel-150x150.jpg","url":"https:\/\/sergiolapegue.com\/site\/wp-content\/uploads\/2021\/04\/sl_avatar_Daniel-150x150.jpg","contentUrl":"https:\/\/sergiolapegue.com\/site\/wp-content\/uploads\/2021\/04\/sl_avatar_Daniel-150x150.jpg","caption":"Daniel E. Monta\u00f1a"},"sameAs":["https:\/\/facebook.com\/danielernesto.montana","https:\/\/instagram.com\/daniel_montana1961","https:\/\/x.com\/https:\/\/twitter.com\/daner_004"],"url":"https:\/\/sergiolapegue.com\/site\/author\/daniel\/"}]}},"_links":{"self":[{"href":"https:\/\/sergiolapegue.com\/site\/wp-json\/wp\/v2\/posts\/32521","targetHints":{"allow":["GET"]}}],"collection":[{"href":"https:\/\/sergiolapegue.com\/site\/wp-json\/wp\/v2\/posts"}],"about":[{"href":"https:\/\/sergiolapegue.com\/site\/wp-json\/wp\/v2\/types\/post"}],"author":[{"embeddable":true,"href":"https:\/\/sergiolapegue.com\/site\/wp-json\/wp\/v2\/users\/3"}],"replies":[{"embeddable":true,"href":"https:\/\/sergiolapegue.com\/site\/wp-json\/wp\/v2\/comments?post=32521"}],"version-history":[{"count":1,"href":"https:\/\/sergiolapegue.com\/site\/wp-json\/wp\/v2\/posts\/32521\/revisions"}],"predecessor-version":[{"id":32525,"href":"https:\/\/sergiolapegue.com\/site\/wp-json\/wp\/v2\/posts\/32521\/revisions\/32525"}],"wp:featuredmedia":[{"embeddable":true,"href":"https:\/\/sergiolapegue.com\/site\/wp-json\/wp\/v2\/media\/32524"}],"wp:attachment":[{"href":"https:\/\/sergiolapegue.com\/site\/wp-json\/wp\/v2\/media?parent=32521"}],"wp:term":[{"taxonomy":"category","embeddable":true,"href":"https:\/\/sergiolapegue.com\/site\/wp-json\/wp\/v2\/categories?post=32521"},{"taxonomy":"post_tag","embeddable":true,"href":"https:\/\/sergiolapegue.com\/site\/wp-json\/wp\/v2\/tags?post=32521"}],"curies":[{"name":"wp","href":"https:\/\/api.w.org\/{rel}","templated":true}]}}