{"id":32515,"date":"2026-08-31T17:00:00","date_gmt":"2026-08-31T20:00:00","guid":{"rendered":"https:\/\/sergiolapegue.com\/site\/?p=32515"},"modified":"2026-08-30T05:23:36","modified_gmt":"2026-08-30T08:23:36","slug":"acto-ilusion-o-catastrofe","status":"publish","type":"post","link":"https:\/\/sergiolapegue.com\/site\/2026\/08\/31\/acto-ilusion-o-catastrofe\/","title":{"rendered":"\u201cACTO (ILUSI\u00d3N O CAT\u00c1STROFE)\u201d"},"content":{"rendered":"\n<p class=\"wp-block-paragraph\">\u201cActo (Ilusi\u00f3n \u2013 Cat\u00e1strofe), es una obra de la dramaturga y directora Flor Micha, con las actuaciones de Marcelo Goobar, Pablo Kusnetzoff y Emanuel Zaldua, con m\u00fasica original de Juan Barone y cuenta con las voces en off de Amadeo Azrak, Osqui Guzm\u00e1n, Gaspar Mart\u00edn Dal\u00ed, Julio Resich, Irene Sexer y Martin Tecchi.<\/p>\n\n\n\n<p class=\"wp-block-paragraph\">Las funciones ser\u00e1n los d\u00edas viernes a las 20:30 horas, en Timbre 4.<\/p>\n\n\n\n<p class=\"wp-block-paragraph\"><strong>SINOPSIS<\/strong><\/p>\n\n\n\n<p class=\"wp-block-paragraph\">Persiguiendo sus propias huellas, tres magos regresan al origen de todo: el instante exacto en que fueron heridos de magia para siempre.<\/p>\n\n\n\n<p class=\"wp-block-paragraph\">El camar\u00edn ser\u00e1 el \u00fanico territorio posible para descifrar los secretos de esta especie que resiste su extinci\u00f3n en ese &#8220;no lugar&#8221; suspendido entre la escena y la vida.<\/p>\n\n\n\n<p class=\"wp-block-paragraph\">\u201cActo\u201d&nbsp;es magia y teatro, pero tambi\u00e9n una invitaci\u00f3n a la fantas\u00eda como impulso y destino; como forma de encarnar lo que nos mueve.<\/p>\n\n\n\n<figure class=\"wp-block-image size-full is-resized\"><img loading=\"lazy\" decoding=\"async\" width=\"1000\" height=\"707\" src=\"https:\/\/sergiolapegue.com\/site\/wp-content\/uploads\/2026\/08\/Acto-ilusion-o-catastrofe-1.jpg\" alt=\"\" class=\"wp-image-32517\" style=\"width:1068px;height:auto\" srcset=\"https:\/\/sergiolapegue.com\/site\/wp-content\/uploads\/2026\/08\/Acto-ilusion-o-catastrofe-1.jpg 1000w, https:\/\/sergiolapegue.com\/site\/wp-content\/uploads\/2026\/08\/Acto-ilusion-o-catastrofe-1-300x212.jpg 300w, https:\/\/sergiolapegue.com\/site\/wp-content\/uploads\/2026\/08\/Acto-ilusion-o-catastrofe-1-767x542.jpg 767w, https:\/\/sergiolapegue.com\/site\/wp-content\/uploads\/2026\/08\/Acto-ilusion-o-catastrofe-1-212x150.jpg 212w, https:\/\/sergiolapegue.com\/site\/wp-content\/uploads\/2026\/08\/Acto-ilusion-o-catastrofe-1-324x229.jpg 324w, https:\/\/sergiolapegue.com\/site\/wp-content\/uploads\/2026\/08\/Acto-ilusion-o-catastrofe-1-695x491.jpg 695w\" sizes=\"auto, (max-width: 1000px) 100vw, 1000px\" \/><\/figure>\n\n\n\n<p class=\"wp-block-paragraph\"><strong>FICHA T\u00c9CNICO ART\u00cdSTICA<\/strong><\/p>\n\n\n\n<p class=\"wp-block-paragraph\"><strong>Dramaturgia:<\/strong> Flor Micha<\/p>\n\n\n\n<p class=\"wp-block-paragraph\"><strong>Act\u00faan:<\/strong> Marcelo Goobar \u2013 Pablo Kusnetzoff \u2013 Emanuel Zaldua<\/p>\n\n\n\n<p class=\"wp-block-paragraph\"><strong>Voz en Off:<\/strong> Amadeo Azrak \u2013 Osqui Guzm\u00e1n \u2013 Gaspar Mart\u00edn Dal\u00ed \u2013 Julio Resich \u2013 Irene Sexer \u2013 Martin Tecchi<\/p>\n\n\n\n<p class=\"wp-block-paragraph\"><strong>Dise\u00f1o de vestuario:<\/strong> Mariana Seropian<\/p>\n\n\n\n<p class=\"wp-block-paragraph\"><strong>Dise\u00f1o de espacio:<\/strong> Mirella Hoijman<\/p>\n\n\n\n<p class=\"wp-block-paragraph\"><strong>Dise\u00f1o sonoro:<\/strong> Juan Barone<\/p>\n\n\n\n<p class=\"wp-block-paragraph\"><strong>Realizaci\u00f3n de escenograf\u00eda:<\/strong> David D\u0092orazio<\/p>\n\n\n\n<p class=\"wp-block-paragraph\"><strong>Realizaci\u00f3n digital:<\/strong> Rafa Casares<\/p>\n\n\n\n<p class=\"wp-block-paragraph\"><strong>M\u00fasica original:<\/strong> Juan Barone<\/p>\n\n\n\n<p class=\"wp-block-paragraph\"><strong>Dise\u00f1o de iluminaci\u00f3n:<\/strong> Gonzalo Berdes &nbsp;&nbsp;<\/p>\n\n\n\n<p class=\"wp-block-paragraph\"><strong>Fotograf\u00eda:<\/strong> Hern\u00e1n Paulos<\/p>\n\n\n\n<p class=\"wp-block-paragraph\"><strong>Dise\u00f1o gr\u00e1fico:<\/strong> Javier Jacob<\/p>\n\n\n\n<p class=\"wp-block-paragraph\"><strong>Asesoramiento coreogr\u00e1fico:<\/strong> Florencia Montaldo<\/p>\n\n\n\n<p class=\"wp-block-paragraph\"><strong>Asistencia de direcci\u00f3n:<\/strong> Emiliano Calogero<\/p>\n\n\n\n<p class=\"wp-block-paragraph\"><strong>Asistencia de escenas:<\/strong> Tomas Meliche<\/p>\n\n\n\n<p class=\"wp-block-paragraph\"><strong>Producci\u00f3n ejecutiva:<\/strong> Gabo Baigorria<\/p>\n\n\n\n<p class=\"wp-block-paragraph\"><strong>Co-producci\u00f3n:<\/strong> El Grito<\/p>\n\n\n\n<p class=\"wp-block-paragraph\"><strong>Direcci\u00f3n:<\/strong> Flor Micha<\/p>\n\n\n\n<p class=\"wp-block-paragraph\"><strong>Agradecimientos:<\/strong> Semba \u2013 Timbre 4 \u2013 Fernando Arsenian \u2013 Amadeo Azrak Julio Resich \u2013 Guillermo Berthold \u2013 Rafael Casares \u2013 Henry Evans \u2013 Juan Pablo G\u00f3mez \u2013 Osqui Guzm\u00e1n \u2013 Jua Pablo Iba\u00f1ez \u2013 Mauricio Kartun \u2013 Martin Lavini \u2013 Gaspar Mart\u00edn Dal\u00ed \u2013 A nuestras familias \u2013 Rodrigo Romano \u2013 Fernando Rosen \u2013 Irene Sexer \u2013 Guillermo Tallon \u2013 Martin Tecchi \u2013 Gilda Zukerfeld<\/p>\n\n\n\n<p class=\"wp-block-paragraph\"><strong>Duraci\u00f3n:<\/strong> 70 minutos<\/p>\n\n\n\n<p class=\"wp-block-paragraph\"><strong>Clasificaci\u00f3n:<\/strong> Teatro \u2013 Presencial \u2013 Adultos<\/p>\n\n\n\n<figure class=\"wp-block-image size-full is-resized\"><img loading=\"lazy\" decoding=\"async\" width=\"1000\" height=\"994\" src=\"https:\/\/sergiolapegue.com\/site\/wp-content\/uploads\/2026\/08\/0-Timbre-4.jpg\" alt=\"\" class=\"wp-image-32519\" style=\"width:433px;height:auto\" srcset=\"https:\/\/sergiolapegue.com\/site\/wp-content\/uploads\/2026\/08\/0-Timbre-4.jpg 1000w, https:\/\/sergiolapegue.com\/site\/wp-content\/uploads\/2026\/08\/0-Timbre-4-150x149.jpg 150w, https:\/\/sergiolapegue.com\/site\/wp-content\/uploads\/2026\/08\/0-Timbre-4-300x298.jpg 300w, https:\/\/sergiolapegue.com\/site\/wp-content\/uploads\/2026\/08\/0-Timbre-4-768x763.jpg 768w, https:\/\/sergiolapegue.com\/site\/wp-content\/uploads\/2026\/08\/0-Timbre-4-324x322.jpg 324w, https:\/\/sergiolapegue.com\/site\/wp-content\/uploads\/2026\/08\/0-Timbre-4-60x60.jpg 60w, https:\/\/sergiolapegue.com\/site\/wp-content\/uploads\/2026\/08\/0-Timbre-4-362x360.jpg 362w, https:\/\/sergiolapegue.com\/site\/wp-content\/uploads\/2026\/08\/0-Timbre-4-695x691.jpg 695w\" sizes=\"auto, (max-width: 1000px) 100vw, 1000px\" \/><\/figure>\n\n\n\n<p class=\"wp-block-paragraph\"><strong>TIMBRE 4<\/strong><\/p>\n\n\n\n<p class=\"wp-block-paragraph\">M\u00e9xico 3554 \u2013 Capital Federal \u2013 Buenos Aires \u2013 Argentina<\/p>\n\n\n\n<p class=\"wp-block-paragraph\">Tel\u00e9fono: 4931-9077 (escuela)<\/p>\n\n\n\n<p class=\"wp-block-paragraph\">Entradas: $ 20.000 \u2013 en boleter\u00eda del teatro o por Alternativa Teatral \u2013 Link:<\/p>\n\n\n\n<p class=\"wp-block-paragraph\"><a href=\"https:\/\/publico.alternativateatral.com\/entradas102408-acto-ilusion-o-catastrofe?o=14&amp;c=mailchimp&amp;m=e\">Entradas para ACTO (ilusi\u00f3n o cat\u00e1strofe) en TIMBRE 4 &#8211; Alternativa Teatral<\/a><\/p>\n\n\n\n<p class=\"wp-block-paragraph\">Funciones: Viernes 20:30 horas \u2013 Del 11\/09\/2026 al 25\/09\/2026<\/p>\n\n\n\n<p class=\"wp-block-paragraph\"><strong>SOBRE LA DIRECTORA<\/strong><\/p>\n\n\n\n<p class=\"wp-block-paragraph\">Flor Micha es actriz, directora y creadora esc\u00e9nica. Egresada de la Diplomatura en Artes Circenses de la UNSAM. Trabaja en el cruce entre teatro, circo y m\u00fasica. Sus obras exploran las tensiones entre el cuerpo esc\u00e9nico, los objetos y el tiempo, abordando temas tan \u00edntimos como sociales, desde una perspectiva po\u00e9tica. Fue int\u00e9rprete de los espect\u00e1culos &#8220;Tiempos que corren&#8221;, &#8220;Sanos y Salvos&#8221; y &#8220;Leonardo TP N\u00b01&#8221;, dirigidos por Gerardo Hochman. Integr\u00f3 los elencos de las obras de C\u00e9sar Brie: &#8220;Karamazov&#8221;, &#8220;La Voluntad&#8221;, &#8220;El para\u00edso perdido&#8221; y &#8220;\u00bfMe dec\u00eds de ma\u00f1ana?&#8221;. De esta \u00faltima es tambi\u00e9n coautora del texto. Obtuvo los premios Teatro de Mundo y Luisa Vehil en los rubros mejor actriz y actriz revelaci\u00f3n por &#8220;La Voluntad&#8221; y &#8220;El Para\u00edso Perdido&#8221;. Es directora y coautora junto a Gabi Parigi del unipersonal &#8220;Consagrada, el fracaso del \u00e9xito&#8221;. Es codirectora de &#8220;Entre tus siestas&#8221;, de Brenda Howlin, y tambi\u00e9n realiz\u00f3 el dise\u00f1o de movimiento y objetos. Es directora de &#8220;\u00bfCu\u00e1ndo empieza el olvido?&#8221;, una pieza de circo y danza, cocreada junto a D\u00fao al Vacio.<\/p>\n\n\n\n<p class=\"wp-block-paragraph\"><\/p>\n","protected":false},"excerpt":{"rendered":"<p>\u201cActo (Ilusi\u00f3n \u2013 Cat\u00e1strofe), es una obra de la dramaturga y directora Flor Micha, con las actuaciones de Marcelo Goobar, Pablo Kusnetzoff y Emanuel Zaldua, con m\u00fasica original de Juan Barone y cuenta con las voces en off de Amadeo Azrak, Osqui Guzm\u00e1n, Gaspar Mart\u00edn Dal\u00ed, Julio Resich, Irene Sexer y Martin Tecchi. Las funciones [&hellip;]<\/p>\n","protected":false},"author":3,"featured_media":32516,"comment_status":"open","ping_status":"closed","sticky":false,"template":"","format":"standard","meta":{"footnotes":""},"categories":[34,35],"tags":[],"class_list":["post-32515","post","type-post","status-publish","format-standard","has-post-thumbnail","category-arte","category-teatro"],"yoast_head":"<!-- This site is optimized with the Yoast SEO plugin v28.3 - https:\/\/yoast.com\/product\/yoast-seo-wordpress\/ -->\n<title>\u201cACTO (ILUSI\u00d3N O CAT\u00c1STROFE)\u201d - Sergio Lapegue<\/title>\n<meta name=\"robots\" content=\"index, follow, max-snippet:-1, max-image-preview:large, max-video-preview:-1\" \/>\n<link rel=\"canonical\" href=\"https:\/\/sergiolapegue.com\/site\/2026\/08\/31\/acto-ilusion-o-catastrofe\/\" \/>\n<meta property=\"og:locale\" content=\"es_ES\" \/>\n<meta property=\"og:type\" content=\"article\" \/>\n<meta property=\"og:title\" content=\"\u201cACTO (ILUSI\u00d3N O CAT\u00c1STROFE)\u201d - Sergio Lapegue\" \/>\n<meta property=\"og:description\" content=\"\u201cActo (Ilusi\u00f3n \u2013 Cat\u00e1strofe), es una obra de la dramaturga y directora Flor Micha, con las actuaciones de Marcelo Goobar, Pablo Kusnetzoff y Emanuel Zaldua, con m\u00fasica original de Juan Barone y cuenta con las voces en off de Amadeo Azrak, Osqui Guzm\u00e1n, Gaspar Mart\u00edn Dal\u00ed, Julio Resich, Irene Sexer y Martin Tecchi. Las funciones [&hellip;]\" \/>\n<meta property=\"og:url\" content=\"https:\/\/sergiolapegue.com\/site\/2026\/08\/31\/acto-ilusion-o-catastrofe\/\" \/>\n<meta property=\"og:site_name\" content=\"Sergio Lapegue\" \/>\n<meta property=\"article:publisher\" content=\"https:\/\/facebook.com\/sergiolapegue\" \/>\n<meta property=\"article:author\" content=\"https:\/\/facebook.com\/danielernesto.montana\" \/>\n<meta property=\"article:published_time\" content=\"2026-08-31T20:00:00+00:00\" \/>\n<meta property=\"og:image\" content=\"https:\/\/sergiolapegue.com\/site\/wp-content\/uploads\/2026\/08\/Acto-ilusion-o-catastrofe.jpg\" \/>\n\t<meta property=\"og:image:width\" content=\"1000\" \/>\n\t<meta property=\"og:image:height\" content=\"1500\" \/>\n\t<meta property=\"og:image:type\" content=\"image\/jpeg\" \/>\n<meta name=\"author\" content=\"Daniel E. Monta\u00f1a\" \/>\n<meta name=\"twitter:card\" content=\"summary_large_image\" \/>\n<meta name=\"twitter:creator\" content=\"@https:\/\/twitter.com\/daner_004\" \/>\n<meta name=\"twitter:site\" content=\"@sergiolapegue\" \/>\n<meta name=\"twitter:label1\" content=\"Escrito por\" \/>\n\t<meta name=\"twitter:data1\" content=\"Daniel E. Monta\u00f1a\" \/>\n\t<meta name=\"twitter:label2\" content=\"Tiempo de lectura\" \/>\n\t<meta name=\"twitter:data2\" content=\"3 minutos\" \/>\n<script type=\"application\/ld+json\" class=\"yoast-schema-graph\">{\"@context\":\"https:\\\/\\\/schema.org\",\"@graph\":[{\"@type\":\"Article\",\"@id\":\"https:\\\/\\\/sergiolapegue.com\\\/site\\\/2026\\\/08\\\/31\\\/acto-ilusion-o-catastrofe\\\/#article\",\"isPartOf\":{\"@id\":\"https:\\\/\\\/sergiolapegue.com\\\/site\\\/2026\\\/08\\\/31\\\/acto-ilusion-o-catastrofe\\\/\"},\"author\":{\"name\":\"Daniel E. Monta\u00f1a\",\"@id\":\"https:\\\/\\\/sergiolapegue.com\\\/site\\\/#\\\/schema\\\/person\\\/9198e7dbab43c6d74d0fd5399af7c3cd\"},\"headline\":\"\u201cACTO (ILUSI\u00d3N O CAT\u00c1STROFE)\u201d\",\"datePublished\":\"2026-08-31T20:00:00+00:00\",\"mainEntityOfPage\":{\"@id\":\"https:\\\/\\\/sergiolapegue.com\\\/site\\\/2026\\\/08\\\/31\\\/acto-ilusion-o-catastrofe\\\/\"},\"wordCount\":568,\"commentCount\":0,\"publisher\":{\"@id\":\"https:\\\/\\\/sergiolapegue.com\\\/site\\\/#\\\/schema\\\/person\\\/083aeceeb0734cd166779ea6c0551a37\"},\"image\":{\"@id\":\"https:\\\/\\\/sergiolapegue.com\\\/site\\\/2026\\\/08\\\/31\\\/acto-ilusion-o-catastrofe\\\/#primaryimage\"},\"thumbnailUrl\":\"https:\\\/\\\/sergiolapegue.com\\\/site\\\/wp-content\\\/uploads\\\/2026\\\/08\\\/Acto-ilusion-o-catastrofe.jpg\",\"articleSection\":[\"Arte\",\"Teatro\"],\"inLanguage\":\"es-AR\",\"potentialAction\":[{\"@type\":\"CommentAction\",\"name\":\"Comment\",\"target\":[\"https:\\\/\\\/sergiolapegue.com\\\/site\\\/2026\\\/08\\\/31\\\/acto-ilusion-o-catastrofe\\\/#respond\"]}]},{\"@type\":\"WebPage\",\"@id\":\"https:\\\/\\\/sergiolapegue.com\\\/site\\\/2026\\\/08\\\/31\\\/acto-ilusion-o-catastrofe\\\/\",\"url\":\"https:\\\/\\\/sergiolapegue.com\\\/site\\\/2026\\\/08\\\/31\\\/acto-ilusion-o-catastrofe\\\/\",\"name\":\"\u201cACTO (ILUSI\u00d3N O CAT\u00c1STROFE)\u201d - Sergio Lapegue\",\"isPartOf\":{\"@id\":\"https:\\\/\\\/sergiolapegue.com\\\/site\\\/#website\"},\"primaryImageOfPage\":{\"@id\":\"https:\\\/\\\/sergiolapegue.com\\\/site\\\/2026\\\/08\\\/31\\\/acto-ilusion-o-catastrofe\\\/#primaryimage\"},\"image\":{\"@id\":\"https:\\\/\\\/sergiolapegue.com\\\/site\\\/2026\\\/08\\\/31\\\/acto-ilusion-o-catastrofe\\\/#primaryimage\"},\"thumbnailUrl\":\"https:\\\/\\\/sergiolapegue.com\\\/site\\\/wp-content\\\/uploads\\\/2026\\\/08\\\/Acto-ilusion-o-catastrofe.jpg\",\"datePublished\":\"2026-08-31T20:00:00+00:00\",\"breadcrumb\":{\"@id\":\"https:\\\/\\\/sergiolapegue.com\\\/site\\\/2026\\\/08\\\/31\\\/acto-ilusion-o-catastrofe\\\/#breadcrumb\"},\"inLanguage\":\"es-AR\",\"potentialAction\":[{\"@type\":\"ReadAction\",\"target\":[\"https:\\\/\\\/sergiolapegue.com\\\/site\\\/2026\\\/08\\\/31\\\/acto-ilusion-o-catastrofe\\\/\"]}]},{\"@type\":\"ImageObject\",\"inLanguage\":\"es-AR\",\"@id\":\"https:\\\/\\\/sergiolapegue.com\\\/site\\\/2026\\\/08\\\/31\\\/acto-ilusion-o-catastrofe\\\/#primaryimage\",\"url\":\"https:\\\/\\\/sergiolapegue.com\\\/site\\\/wp-content\\\/uploads\\\/2026\\\/08\\\/Acto-ilusion-o-catastrofe.jpg\",\"contentUrl\":\"https:\\\/\\\/sergiolapegue.com\\\/site\\\/wp-content\\\/uploads\\\/2026\\\/08\\\/Acto-ilusion-o-catastrofe.jpg\",\"width\":1000,\"height\":1500},{\"@type\":\"BreadcrumbList\",\"@id\":\"https:\\\/\\\/sergiolapegue.com\\\/site\\\/2026\\\/08\\\/31\\\/acto-ilusion-o-catastrofe\\\/#breadcrumb\",\"itemListElement\":[{\"@type\":\"ListItem\",\"position\":1,\"name\":\"Inicio\",\"item\":\"https:\\\/\\\/sergiolapegue.com\\\/site\\\/\"},{\"@type\":\"ListItem\",\"position\":2,\"name\":\"\u201cACTO (ILUSI\u00d3N O CAT\u00c1STROFE)\u201d\"}]},{\"@type\":\"WebSite\",\"@id\":\"https:\\\/\\\/sergiolapegue.com\\\/site\\\/#website\",\"url\":\"https:\\\/\\\/sergiolapegue.com\\\/site\\\/\",\"name\":\"Sergio Lapegue\",\"description\":\"Periodista y conductor de radio y televisi\u00f3n argentino, nacido el 6 de septiembre de 1964.\",\"publisher\":{\"@id\":\"https:\\\/\\\/sergiolapegue.com\\\/site\\\/#\\\/schema\\\/person\\\/083aeceeb0734cd166779ea6c0551a37\"},\"potentialAction\":[{\"@type\":\"SearchAction\",\"target\":{\"@type\":\"EntryPoint\",\"urlTemplate\":\"https:\\\/\\\/sergiolapegue.com\\\/site\\\/?s={search_term_string}\"},\"query-input\":{\"@type\":\"PropertyValueSpecification\",\"valueRequired\":true,\"valueName\":\"search_term_string\"}}],\"inLanguage\":\"es-AR\"},{\"@type\":[\"Person\",\"Organization\"],\"@id\":\"https:\\\/\\\/sergiolapegue.com\\\/site\\\/#\\\/schema\\\/person\\\/083aeceeb0734cd166779ea6c0551a37\",\"name\":\"Sergio Lapegue\",\"image\":{\"@type\":\"ImageObject\",\"inLanguage\":\"es-AR\",\"@id\":\"https:\\\/\\\/sergiolapegue.com\\\/site\\\/wp-content\\\/uploads\\\/2021\\\/04\\\/logo_header-1.png\",\"url\":\"https:\\\/\\\/sergiolapegue.com\\\/site\\\/wp-content\\\/uploads\\\/2021\\\/04\\\/logo_header-1.png\",\"contentUrl\":\"https:\\\/\\\/sergiolapegue.com\\\/site\\\/wp-content\\\/uploads\\\/2021\\\/04\\\/logo_header-1.png\",\"width\":272,\"height\":90,\"caption\":\"Sergio Lapegue\"},\"logo\":{\"@id\":\"https:\\\/\\\/sergiolapegue.com\\\/site\\\/wp-content\\\/uploads\\\/2021\\\/04\\\/logo_header-1.png\"},\"sameAs\":[\"https:\\\/\\\/facebook.com\\\/sergiolapegue\",\"https:\\\/\\\/instagram.com\\\/sergiolapegue\",\"https:\\\/\\\/x.com\\\/https:\\\/\\\/twitter.com\\\/sergiolapegue\"]},{\"@type\":\"Person\",\"@id\":\"https:\\\/\\\/sergiolapegue.com\\\/site\\\/#\\\/schema\\\/person\\\/9198e7dbab43c6d74d0fd5399af7c3cd\",\"name\":\"Daniel E. Monta\u00f1a\",\"image\":{\"@type\":\"ImageObject\",\"inLanguage\":\"es-AR\",\"@id\":\"https:\\\/\\\/sergiolapegue.com\\\/site\\\/wp-content\\\/uploads\\\/2021\\\/04\\\/sl_avatar_Daniel-150x150.jpg\",\"url\":\"https:\\\/\\\/sergiolapegue.com\\\/site\\\/wp-content\\\/uploads\\\/2021\\\/04\\\/sl_avatar_Daniel-150x150.jpg\",\"contentUrl\":\"https:\\\/\\\/sergiolapegue.com\\\/site\\\/wp-content\\\/uploads\\\/2021\\\/04\\\/sl_avatar_Daniel-150x150.jpg\",\"caption\":\"Daniel E. Monta\u00f1a\"},\"sameAs\":[\"https:\\\/\\\/facebook.com\\\/danielernesto.montana\",\"https:\\\/\\\/instagram.com\\\/daniel_montana1961\",\"https:\\\/\\\/x.com\\\/https:\\\/\\\/twitter.com\\\/daner_004\"],\"url\":\"https:\\\/\\\/sergiolapegue.com\\\/site\\\/author\\\/daniel\\\/\"}]}<\/script>\n<!-- \/ Yoast SEO plugin. -->","yoast_head_json":{"title":"\u201cACTO (ILUSI\u00d3N O CAT\u00c1STROFE)\u201d - Sergio Lapegue","robots":{"index":"index","follow":"follow","max-snippet":"max-snippet:-1","max-image-preview":"max-image-preview:large","max-video-preview":"max-video-preview:-1"},"canonical":"https:\/\/sergiolapegue.com\/site\/2026\/08\/31\/acto-ilusion-o-catastrofe\/","og_locale":"es_ES","og_type":"article","og_title":"\u201cACTO (ILUSI\u00d3N O CAT\u00c1STROFE)\u201d - Sergio Lapegue","og_description":"\u201cActo (Ilusi\u00f3n \u2013 Cat\u00e1strofe), es una obra de la dramaturga y directora Flor Micha, con las actuaciones de Marcelo Goobar, Pablo Kusnetzoff y Emanuel Zaldua, con m\u00fasica original de Juan Barone y cuenta con las voces en off de Amadeo Azrak, Osqui Guzm\u00e1n, Gaspar Mart\u00edn Dal\u00ed, Julio Resich, Irene Sexer y Martin Tecchi. Las funciones [&hellip;]","og_url":"https:\/\/sergiolapegue.com\/site\/2026\/08\/31\/acto-ilusion-o-catastrofe\/","og_site_name":"Sergio Lapegue","article_publisher":"https:\/\/facebook.com\/sergiolapegue","article_author":"https:\/\/facebook.com\/danielernesto.montana","article_published_time":"2026-08-31T20:00:00+00:00","og_image":[{"width":1000,"height":1500,"url":"https:\/\/sergiolapegue.com\/site\/wp-content\/uploads\/2026\/08\/Acto-ilusion-o-catastrofe.jpg","type":"image\/jpeg"}],"author":"Daniel E. Monta\u00f1a","twitter_card":"summary_large_image","twitter_creator":"@https:\/\/twitter.com\/daner_004","twitter_site":"@sergiolapegue","twitter_misc":{"Escrito por":"Daniel E. Monta\u00f1a","Tiempo de lectura":"3 minutos"},"schema":{"@context":"https:\/\/schema.org","@graph":[{"@type":"Article","@id":"https:\/\/sergiolapegue.com\/site\/2026\/08\/31\/acto-ilusion-o-catastrofe\/#article","isPartOf":{"@id":"https:\/\/sergiolapegue.com\/site\/2026\/08\/31\/acto-ilusion-o-catastrofe\/"},"author":{"name":"Daniel E. Monta\u00f1a","@id":"https:\/\/sergiolapegue.com\/site\/#\/schema\/person\/9198e7dbab43c6d74d0fd5399af7c3cd"},"headline":"\u201cACTO (ILUSI\u00d3N O CAT\u00c1STROFE)\u201d","datePublished":"2026-08-31T20:00:00+00:00","mainEntityOfPage":{"@id":"https:\/\/sergiolapegue.com\/site\/2026\/08\/31\/acto-ilusion-o-catastrofe\/"},"wordCount":568,"commentCount":0,"publisher":{"@id":"https:\/\/sergiolapegue.com\/site\/#\/schema\/person\/083aeceeb0734cd166779ea6c0551a37"},"image":{"@id":"https:\/\/sergiolapegue.com\/site\/2026\/08\/31\/acto-ilusion-o-catastrofe\/#primaryimage"},"thumbnailUrl":"https:\/\/sergiolapegue.com\/site\/wp-content\/uploads\/2026\/08\/Acto-ilusion-o-catastrofe.jpg","articleSection":["Arte","Teatro"],"inLanguage":"es-AR","potentialAction":[{"@type":"CommentAction","name":"Comment","target":["https:\/\/sergiolapegue.com\/site\/2026\/08\/31\/acto-ilusion-o-catastrofe\/#respond"]}]},{"@type":"WebPage","@id":"https:\/\/sergiolapegue.com\/site\/2026\/08\/31\/acto-ilusion-o-catastrofe\/","url":"https:\/\/sergiolapegue.com\/site\/2026\/08\/31\/acto-ilusion-o-catastrofe\/","name":"\u201cACTO (ILUSI\u00d3N O CAT\u00c1STROFE)\u201d - Sergio Lapegue","isPartOf":{"@id":"https:\/\/sergiolapegue.com\/site\/#website"},"primaryImageOfPage":{"@id":"https:\/\/sergiolapegue.com\/site\/2026\/08\/31\/acto-ilusion-o-catastrofe\/#primaryimage"},"image":{"@id":"https:\/\/sergiolapegue.com\/site\/2026\/08\/31\/acto-ilusion-o-catastrofe\/#primaryimage"},"thumbnailUrl":"https:\/\/sergiolapegue.com\/site\/wp-content\/uploads\/2026\/08\/Acto-ilusion-o-catastrofe.jpg","datePublished":"2026-08-31T20:00:00+00:00","breadcrumb":{"@id":"https:\/\/sergiolapegue.com\/site\/2026\/08\/31\/acto-ilusion-o-catastrofe\/#breadcrumb"},"inLanguage":"es-AR","potentialAction":[{"@type":"ReadAction","target":["https:\/\/sergiolapegue.com\/site\/2026\/08\/31\/acto-ilusion-o-catastrofe\/"]}]},{"@type":"ImageObject","inLanguage":"es-AR","@id":"https:\/\/sergiolapegue.com\/site\/2026\/08\/31\/acto-ilusion-o-catastrofe\/#primaryimage","url":"https:\/\/sergiolapegue.com\/site\/wp-content\/uploads\/2026\/08\/Acto-ilusion-o-catastrofe.jpg","contentUrl":"https:\/\/sergiolapegue.com\/site\/wp-content\/uploads\/2026\/08\/Acto-ilusion-o-catastrofe.jpg","width":1000,"height":1500},{"@type":"BreadcrumbList","@id":"https:\/\/sergiolapegue.com\/site\/2026\/08\/31\/acto-ilusion-o-catastrofe\/#breadcrumb","itemListElement":[{"@type":"ListItem","position":1,"name":"Inicio","item":"https:\/\/sergiolapegue.com\/site\/"},{"@type":"ListItem","position":2,"name":"\u201cACTO (ILUSI\u00d3N O CAT\u00c1STROFE)\u201d"}]},{"@type":"WebSite","@id":"https:\/\/sergiolapegue.com\/site\/#website","url":"https:\/\/sergiolapegue.com\/site\/","name":"Sergio Lapegue","description":"Periodista y conductor de radio y televisi\u00f3n argentino, nacido el 6 de septiembre de 1964.","publisher":{"@id":"https:\/\/sergiolapegue.com\/site\/#\/schema\/person\/083aeceeb0734cd166779ea6c0551a37"},"potentialAction":[{"@type":"SearchAction","target":{"@type":"EntryPoint","urlTemplate":"https:\/\/sergiolapegue.com\/site\/?s={search_term_string}"},"query-input":{"@type":"PropertyValueSpecification","valueRequired":true,"valueName":"search_term_string"}}],"inLanguage":"es-AR"},{"@type":["Person","Organization"],"@id":"https:\/\/sergiolapegue.com\/site\/#\/schema\/person\/083aeceeb0734cd166779ea6c0551a37","name":"Sergio Lapegue","image":{"@type":"ImageObject","inLanguage":"es-AR","@id":"https:\/\/sergiolapegue.com\/site\/wp-content\/uploads\/2021\/04\/logo_header-1.png","url":"https:\/\/sergiolapegue.com\/site\/wp-content\/uploads\/2021\/04\/logo_header-1.png","contentUrl":"https:\/\/sergiolapegue.com\/site\/wp-content\/uploads\/2021\/04\/logo_header-1.png","width":272,"height":90,"caption":"Sergio Lapegue"},"logo":{"@id":"https:\/\/sergiolapegue.com\/site\/wp-content\/uploads\/2021\/04\/logo_header-1.png"},"sameAs":["https:\/\/facebook.com\/sergiolapegue","https:\/\/instagram.com\/sergiolapegue","https:\/\/x.com\/https:\/\/twitter.com\/sergiolapegue"]},{"@type":"Person","@id":"https:\/\/sergiolapegue.com\/site\/#\/schema\/person\/9198e7dbab43c6d74d0fd5399af7c3cd","name":"Daniel E. Monta\u00f1a","image":{"@type":"ImageObject","inLanguage":"es-AR","@id":"https:\/\/sergiolapegue.com\/site\/wp-content\/uploads\/2021\/04\/sl_avatar_Daniel-150x150.jpg","url":"https:\/\/sergiolapegue.com\/site\/wp-content\/uploads\/2021\/04\/sl_avatar_Daniel-150x150.jpg","contentUrl":"https:\/\/sergiolapegue.com\/site\/wp-content\/uploads\/2021\/04\/sl_avatar_Daniel-150x150.jpg","caption":"Daniel E. Monta\u00f1a"},"sameAs":["https:\/\/facebook.com\/danielernesto.montana","https:\/\/instagram.com\/daniel_montana1961","https:\/\/x.com\/https:\/\/twitter.com\/daner_004"],"url":"https:\/\/sergiolapegue.com\/site\/author\/daniel\/"}]}},"_links":{"self":[{"href":"https:\/\/sergiolapegue.com\/site\/wp-json\/wp\/v2\/posts\/32515","targetHints":{"allow":["GET"]}}],"collection":[{"href":"https:\/\/sergiolapegue.com\/site\/wp-json\/wp\/v2\/posts"}],"about":[{"href":"https:\/\/sergiolapegue.com\/site\/wp-json\/wp\/v2\/types\/post"}],"author":[{"embeddable":true,"href":"https:\/\/sergiolapegue.com\/site\/wp-json\/wp\/v2\/users\/3"}],"replies":[{"embeddable":true,"href":"https:\/\/sergiolapegue.com\/site\/wp-json\/wp\/v2\/comments?post=32515"}],"version-history":[{"count":2,"href":"https:\/\/sergiolapegue.com\/site\/wp-json\/wp\/v2\/posts\/32515\/revisions"}],"predecessor-version":[{"id":32520,"href":"https:\/\/sergiolapegue.com\/site\/wp-json\/wp\/v2\/posts\/32515\/revisions\/32520"}],"wp:featuredmedia":[{"embeddable":true,"href":"https:\/\/sergiolapegue.com\/site\/wp-json\/wp\/v2\/media\/32516"}],"wp:attachment":[{"href":"https:\/\/sergiolapegue.com\/site\/wp-json\/wp\/v2\/media?parent=32515"}],"wp:term":[{"taxonomy":"category","embeddable":true,"href":"https:\/\/sergiolapegue.com\/site\/wp-json\/wp\/v2\/categories?post=32515"},{"taxonomy":"post_tag","embeddable":true,"href":"https:\/\/sergiolapegue.com\/site\/wp-json\/wp\/v2\/tags?post=32515"}],"curies":[{"name":"wp","href":"https:\/\/api.w.org\/{rel}","templated":true}]}}