{"id":32498,"date":"2026-08-31T09:00:00","date_gmt":"2026-08-31T12:00:00","guid":{"rendered":"https:\/\/sergiolapegue.com\/site\/?p=32498"},"modified":"2026-08-30T04:38:12","modified_gmt":"2026-08-30T07:38:12","slug":"la-compania-corporica-presenta-s-e-r-solo-escenas-random","status":"publish","type":"post","link":"https:\/\/sergiolapegue.com\/site\/2026\/08\/31\/la-compania-corporica-presenta-s-e-r-solo-escenas-random\/","title":{"rendered":"LA COMPA\u00d1\u00cdA CORPORICA PRESENTA \u201cS.E.R. (SOLO ESCENAS RANDOM)\u201d"},"content":{"rendered":"\n<p class=\"wp-block-paragraph\">En el marco de la celebraci\u00f3n por los 10 a\u00f1os de la Compa\u00f1\u00eda CorporiCa, la misma presenta S.E.R (Solo Escenas Random), una versi\u00f3n posible de la obra \u201cA puerta Cerrada\u201d de Jean Paul Sartre. Este proyecto cuenta con el apoyo del Fondo de Fomento de las Artes Esc\u00e9nicas de San Mart\u00edn y del Instituto Nacional del Teatro.<\/p>\n\n\n\n<p class=\"wp-block-paragraph\">Obra ganadora del Premio Argentores 2025.<\/p>\n\n\n\n<p class=\"wp-block-paragraph\">Al finalizar la funci\u00f3n de estreno en CABA el d\u00eda 10 de septiembre, se realizar\u00e1 una mesa de reflexi\u00f3n en torno a los hibridajes de los lenguajes esc\u00e9nicos contempor\u00e1neos, con invitados especiales.<\/p>\n\n\n\n<p class=\"wp-block-paragraph\">La puesta en escena linda con un borde de ficci\u00f3n-realidad, fluyendo el clima por situaciones como conferencia perform\u00e1tica, escena teatral y experimento cient\u00edfico-social. Elaborada a &nbsp;partir de la fusi\u00f3n de &nbsp;lenguajes de la danza y del Teatro, con captura y edici\u00f3n de c\u00e1maras en vivo, y un entramado audiovisual y sonoro singular con m\u00faltiples dimensiones y escenas simult\u00e1neas.<\/p>\n\n\n\n<figure class=\"wp-block-image size-full is-resized\"><img loading=\"lazy\" decoding=\"async\" width=\"1000\" height=\"750\" src=\"https:\/\/sergiolapegue.com\/site\/wp-content\/uploads\/2026\/08\/La-compania-corporica-presenta-SER-1.jpg\" alt=\"\" class=\"wp-image-32499\" style=\"width:1068px;height:auto\" srcset=\"https:\/\/sergiolapegue.com\/site\/wp-content\/uploads\/2026\/08\/La-compania-corporica-presenta-SER-1.jpg 1000w, https:\/\/sergiolapegue.com\/site\/wp-content\/uploads\/2026\/08\/La-compania-corporica-presenta-SER-1-300x225.jpg 300w, https:\/\/sergiolapegue.com\/site\/wp-content\/uploads\/2026\/08\/La-compania-corporica-presenta-SER-1-80x60.jpg 80w, https:\/\/sergiolapegue.com\/site\/wp-content\/uploads\/2026\/08\/La-compania-corporica-presenta-SER-1-768x576.jpg 768w, https:\/\/sergiolapegue.com\/site\/wp-content\/uploads\/2026\/08\/La-compania-corporica-presenta-SER-1-200x150.jpg 200w, https:\/\/sergiolapegue.com\/site\/wp-content\/uploads\/2026\/08\/La-compania-corporica-presenta-SER-1-324x243.jpg 324w, https:\/\/sergiolapegue.com\/site\/wp-content\/uploads\/2026\/08\/La-compania-corporica-presenta-SER-1-480x360.jpg 480w, https:\/\/sergiolapegue.com\/site\/wp-content\/uploads\/2026\/08\/La-compania-corporica-presenta-SER-1-696x522.jpg 696w\" sizes=\"auto, (max-width: 1000px) 100vw, 1000px\" \/><\/figure>\n\n\n\n<p class=\"wp-block-paragraph\"><strong>SOBRE LA OBRA<\/strong><\/p>\n\n\n\n<p class=\"wp-block-paragraph\">S.E.R (Solo Escenas Random)&nbsp;es una pieza coreogr\u00e1fica que toma la obra teatral \u201cA Puertas Cerradas\u201d de Jean Paul Sartre como disparador. Una habitaci\u00f3n, 3 sillas y 3 personajes purgando una vida que va apareciendo a medida que el tiempo pasa y cada uno de ellos se ve en la mirada de los otros, el \u00fanico espejo donde verse a s\u00ed mismos. Garcin, Ines y Estelle se mantendr\u00e1n en un espacio cuasi irreal y on\u00edrico. La mirada, La imagen, la mec\u00e1nica y movimiento de los ojos, ser\u00e1n elementos fundamentales para desarrollar la dificultad de SER sin una imagen propia reflejada, SER solo en los ojos de los otros, SER condicionado por un espacio restringido, SER por fuera de la l\u00f3gica del tiempo espacio, SER como resultado de una sucesi\u00f3n de acontecimientos previos, SER que prefiere el encierro azaroso a la libertad incierta, SER que no puede encarnar la NADA.<\/p>\n\n\n\n<p class=\"wp-block-paragraph\">Los personajes son llevados a esta habitaci\u00f3n por una camarera parca, de respuestas m\u00ednimas, ella es la fusi\u00f3n de una carcelera, controladora de acciones, eslab\u00f3n de una cadena de poder que desconoce, y una bailarina con un cuerpo fragmentado y desorganizado, con aires absurdos a mujer de los a\u00f1os 50 en Francia. Esta doble identidad busca expresar la escisi\u00f3n psicol\u00f3gica de estos sujetos que sirven al poder sin cuestionar, a la vez que forman parte de la misma poblaci\u00f3n a la que someten. A trav\u00e9s de este personaje se revive la atm\u00f3sfera que dio origen al texto original en la que conviven la crudeza de la guerra junto al glamour de la sensualidad de la noche parisina y sus personajes. &nbsp;Se trabaja con piezas hist\u00f3ricas audiovisuales de la \u00e9poca que van apareciendo en un televisor que la camarera mira en su cuarto. Entre ellas destacamos la pieza de Schoemberg \u201cUn sobreviviente de Varsovia\u201d.<\/p>\n\n\n\n<p class=\"wp-block-paragraph\">En ese mismo televisor controla a los seres de la habitaci\u00f3n cerrada a trav\u00e9s de c\u00e1maras web instaladas y con trasmisi\u00f3n en vivo. &nbsp;Un quinto personaje, \u201cla narradora\u201d, ser\u00e1 quien haga puente entre ese mundo y el de los espectadores, quienes habr\u00e1n sido convocados desde el inicio a formar parte de un experimento. Respirar, percibir y pensar , son parte de las acciones que la narradora invita a cada espectador a realizar en momentos claves, formando parte de la trama de la obra. Ser\u00e1 el espectador desde su mirada, desde su percepci\u00f3n que tendr\u00e1 la posibilidad de hacer un registro tangente de su participaci\u00f3n activa en este experimento a trav\u00e9s de un sistema de encuesta que le permitir\u00e1 volcar su experiencia dentro de esta obra.<\/p>\n\n\n\n<figure class=\"wp-block-image size-full is-resized\"><img loading=\"lazy\" decoding=\"async\" width=\"1000\" height=\"750\" src=\"https:\/\/sergiolapegue.com\/site\/wp-content\/uploads\/2026\/08\/La-compania-corporica-presenta-SER-2.jpg\" alt=\"\" class=\"wp-image-32500\" style=\"width:1068px;height:auto\" srcset=\"https:\/\/sergiolapegue.com\/site\/wp-content\/uploads\/2026\/08\/La-compania-corporica-presenta-SER-2.jpg 1000w, https:\/\/sergiolapegue.com\/site\/wp-content\/uploads\/2026\/08\/La-compania-corporica-presenta-SER-2-300x225.jpg 300w, https:\/\/sergiolapegue.com\/site\/wp-content\/uploads\/2026\/08\/La-compania-corporica-presenta-SER-2-200x150.jpg 200w, https:\/\/sergiolapegue.com\/site\/wp-content\/uploads\/2026\/08\/La-compania-corporica-presenta-SER-2-768x576.jpg 768w, https:\/\/sergiolapegue.com\/site\/wp-content\/uploads\/2026\/08\/La-compania-corporica-presenta-SER-2-80x60.jpg 80w, https:\/\/sergiolapegue.com\/site\/wp-content\/uploads\/2026\/08\/La-compania-corporica-presenta-SER-2-324x243.jpg 324w, https:\/\/sergiolapegue.com\/site\/wp-content\/uploads\/2026\/08\/La-compania-corporica-presenta-SER-2-480x360.jpg 480w, https:\/\/sergiolapegue.com\/site\/wp-content\/uploads\/2026\/08\/La-compania-corporica-presenta-SER-2-696x522.jpg 696w\" sizes=\"auto, (max-width: 1000px) 100vw, 1000px\" \/><\/figure>\n\n\n\n<p class=\"wp-block-paragraph\"><strong>FICHA&nbsp;T\u00c9CNICO ART\u00cdSTICA<\/strong><\/p>\n\n\n\n<p class=\"wp-block-paragraph\"><strong>Sobre textos de:<\/strong> Jean Paul Sartre<\/p>\n\n\n\n<p class=\"wp-block-paragraph\"><strong>Idea y dramaturgia:&nbsp;<\/strong>Liliana Tasso<\/p>\n\n\n\n<p class=\"wp-block-paragraph\"><strong>Int\u00e9rpretes:&nbsp;<\/strong>M\u00f3nica Ayala, Mar\u00eda Luz Lassalle, Paula Muller, Elisa Delgado, Manuela Caviglia<\/p>\n\n\n\n<p class=\"wp-block-paragraph\"><strong>M\u00fasica original:&nbsp;<\/strong>Fabi\u00e1n Kesler<\/p>\n\n\n\n<p class=\"wp-block-paragraph\"><strong>Dise\u00f1o sonoro:&nbsp;<\/strong>Fabi\u00e1n Kesler<\/p>\n\n\n\n<p class=\"wp-block-paragraph\"><strong>Coreograf\u00eda:&nbsp;<\/strong>Liliana Tasso<\/p>\n\n\n\n<p class=\"wp-block-paragraph\"><strong>Multimedia:&nbsp;<\/strong>Federico Videla<\/p>\n\n\n\n<p class=\"wp-block-paragraph\"><strong>Gesti\u00f3n:&nbsp;<\/strong>Elisa Delgado \u2013 Mar\u00eda Luz Lassalle<\/p>\n\n\n\n<p class=\"wp-block-paragraph\"><strong>Comunicaci\u00f3n y prensa:&nbsp;<\/strong>Mutuverr\u00eda PR<\/p>\n\n\n\n<p class=\"wp-block-paragraph\"><strong>Producci\u00f3n:<\/strong> Elisa Delgado \u2013 S.E.R (Solo Escenas Random) \u2013 Luz Lassalle<\/p>\n\n\n\n<p class=\"wp-block-paragraph\"><strong>Direcci\u00f3n:&nbsp;<\/strong>Liliana Tasso<\/p>\n\n\n\n<p class=\"wp-block-paragraph\"><strong>Instagram:<\/strong>&nbsp;<a href=\"https:\/\/lt.mydplr.com\/07ba7ed0bd741259453e7a704d307a9e-dd7d42da5e81f2eaf3e1c63c2fecd0cb\" target=\"_blank\" rel=\"noopener\">@corporica.cc<\/a><\/p>\n\n\n\n<p class=\"wp-block-paragraph\"><strong>Duraci\u00f3n:<\/strong> 60 minutos<\/p>\n\n\n\n<p class=\"wp-block-paragraph\"><strong>Clasificaci\u00f3n:<\/strong> Teatro \u2013 Presencial \u2013 Adultos \u2013 Performance \u2013 Danza<\/p>\n\n\n\n<figure class=\"wp-block-image size-full is-resized\"><img loading=\"lazy\" decoding=\"async\" width=\"1000\" height=\"750\" src=\"https:\/\/sergiolapegue.com\/site\/wp-content\/uploads\/2026\/08\/La-compania-corporica-presenta-SER-3.jpg\" alt=\"\" class=\"wp-image-32501\" style=\"width:1068px;height:auto\" srcset=\"https:\/\/sergiolapegue.com\/site\/wp-content\/uploads\/2026\/08\/La-compania-corporica-presenta-SER-3.jpg 1000w, https:\/\/sergiolapegue.com\/site\/wp-content\/uploads\/2026\/08\/La-compania-corporica-presenta-SER-3-300x225.jpg 300w, https:\/\/sergiolapegue.com\/site\/wp-content\/uploads\/2026\/08\/La-compania-corporica-presenta-SER-3-200x150.jpg 200w, https:\/\/sergiolapegue.com\/site\/wp-content\/uploads\/2026\/08\/La-compania-corporica-presenta-SER-3-80x60.jpg 80w, https:\/\/sergiolapegue.com\/site\/wp-content\/uploads\/2026\/08\/La-compania-corporica-presenta-SER-3-768x576.jpg 768w, https:\/\/sergiolapegue.com\/site\/wp-content\/uploads\/2026\/08\/La-compania-corporica-presenta-SER-3-324x243.jpg 324w, https:\/\/sergiolapegue.com\/site\/wp-content\/uploads\/2026\/08\/La-compania-corporica-presenta-SER-3-480x360.jpg 480w, https:\/\/sergiolapegue.com\/site\/wp-content\/uploads\/2026\/08\/La-compania-corporica-presenta-SER-3-696x522.jpg 696w\" sizes=\"auto, (max-width: 1000px) 100vw, 1000px\" \/><\/figure>\n\n\n\n<p class=\"wp-block-paragraph\"><strong>CENTRO CULTURAL DE LA COOPERACI\u00d3N<\/strong><\/p>\n\n\n\n<p class=\"wp-block-paragraph\">Av. Corrientes 1543 \u2013 Capital Federal \u2013 Buenos Aires \u2013 Argentina<\/p>\n\n\n\n<p class=\"wp-block-paragraph\">Tel\u00e9fono: 6091-7000 (int. 8313)<\/p>\n\n\n\n<p class=\"wp-block-paragraph\">Web: <a href=\"http:\/\/www.centrocultural.coop\">http:\/\/www.centrocultural.coop<\/a><\/p>\n\n\n\n<p class=\"wp-block-paragraph\">Entradas: $ 20.000 \u2013 en boleter\u00eda del teatro o por Alternativa Teatral \u2013 Link:<\/p>\n\n\n\n<p class=\"wp-block-paragraph\"><a href=\"https:\/\/publico.alternativateatral.com\/entradas95045-ser-solo-escenas-random?o=14\">Entradas para S.E.R. (Solo Escenas Random) en CENTRO CULTURAL DE LA COOPERACI\u00d3N &#8211; Alternativa Teatral<\/a><\/p>\n\n\n\n<p class=\"wp-block-paragraph\">Funciones: Jueves 20:30 horas \u2013 Del 10\/09\/2026 al 24\/09\/2026 &nbsp;&nbsp;<\/p>\n\n\n\n<p class=\"wp-block-paragraph\">Gracias Mutuverr\u00eda PR por acercarnos la gacetilla de prensa de este espect\u00e1culo.<\/p>\n\n\n\n<p class=\"wp-block-paragraph\"><strong>SOBRE&nbsp;LILIANA Y CORPORICA<\/strong><strong><\/strong><\/p>\n\n\n\n<figure class=\"wp-block-image size-full is-resized\"><img loading=\"lazy\" decoding=\"async\" width=\"1000\" height=\"1005\" src=\"https:\/\/sergiolapegue.com\/site\/wp-content\/uploads\/2026\/08\/La-compania-corporica-presenta-SER-Liliana-Tasso.jpg\" alt=\"\" class=\"wp-image-32502\" style=\"width:436px;height:auto\" srcset=\"https:\/\/sergiolapegue.com\/site\/wp-content\/uploads\/2026\/08\/La-compania-corporica-presenta-SER-Liliana-Tasso.jpg 1000w, https:\/\/sergiolapegue.com\/site\/wp-content\/uploads\/2026\/08\/La-compania-corporica-presenta-SER-Liliana-Tasso-299x300.jpg 299w, https:\/\/sergiolapegue.com\/site\/wp-content\/uploads\/2026\/08\/La-compania-corporica-presenta-SER-Liliana-Tasso-150x150.jpg 150w, https:\/\/sergiolapegue.com\/site\/wp-content\/uploads\/2026\/08\/La-compania-corporica-presenta-SER-Liliana-Tasso-767x771.jpg 767w, https:\/\/sergiolapegue.com\/site\/wp-content\/uploads\/2026\/08\/La-compania-corporica-presenta-SER-Liliana-Tasso-695x698.jpg 695w\" sizes=\"auto, (max-width: 1000px) 100vw, 1000px\" \/><\/figure>\n\n\n\n<p class=\"wp-block-paragraph\"><strong>Liliana Tasso<\/strong>&nbsp;es bailarina, core\u00f3grafa, investigadora, gestora cultural, Licenciada en Psicolog\u00eda (UBA). Se especializa en Rel\u00e9ase y Composici\u00f3n en la Universidad de Duke de EE UU y en Berl\u00edn. Sus obras participan en Festivales como Festival de Danza Contempor\u00e1nea de la ciudad, Ciudanza, FIBA, ADF (EE UU), y otros en Brasil, Espa\u00f1a, Grecia, Berl\u00edn, Stuttgart. Jurado en la Fiesta Nacional del Teatro 2017 y 2018. Jurado de Tesis UNA y UNSAM Realiza la primera experiencia argentina de obras conectadas online en simult\u00e1neo con IEES (Buenos Aires-Barcelona) con el apoyo de IBERESCENA. Trabaja en la investigaci\u00f3n de la danza, el cuerpo en cruce con nuevas tecnolog\u00edas. Entre sus obras: CorporiCa, VIVAS (Stuttgart) &nbsp;Careborg Buenos Aires-Berl\u00edn, Escaleras Interactivas, Alicia RESPIRA (en conexi\u00f3n virtual Nueva York), IN Shared Spaces Argentina-Austria, aRRaSStra, Flotar\u00e1s, Causal. Recibe apoyos de IBERESCENA, GOETHE, INT, Prodanza, Uni\u00f3n Europea, CPTI, Mecenazgo Cultural, Fondo Metropolitano, otros. Distinguida con menci\u00f3n especial mejor direcci\u00f3n esc\u00e9nica en las Fiestas Nacionales del teatro en su obra CorporiCa ganadora de las Fiestas Regionales 2023.Trabaja en el Proyecto VIVAS Alemania con el apoyo de la Union Europea Stuttgart 2023. Participa de Tanz in August Berl\u00edn 2023. En 2024 Estrena la obra IN THE BODIES en el Centro Cultural San Martin con gira Europea en los meses de enero y febrero 2025.<\/p>\n\n\n\n<figure class=\"wp-block-image size-full is-resized\"><img loading=\"lazy\" decoding=\"async\" width=\"1000\" height=\"341\" src=\"https:\/\/sergiolapegue.com\/site\/wp-content\/uploads\/2026\/08\/La-compania-corporica-presenta-SER-Compania-Corporica.jpg\" alt=\"\" class=\"wp-image-32503\" style=\"width:437px;height:auto\" srcset=\"https:\/\/sergiolapegue.com\/site\/wp-content\/uploads\/2026\/08\/La-compania-corporica-presenta-SER-Compania-Corporica.jpg 1000w, https:\/\/sergiolapegue.com\/site\/wp-content\/uploads\/2026\/08\/La-compania-corporica-presenta-SER-Compania-Corporica-300x102.jpg 300w, https:\/\/sergiolapegue.com\/site\/wp-content\/uploads\/2026\/08\/La-compania-corporica-presenta-SER-Compania-Corporica-765x261.jpg 765w, https:\/\/sergiolapegue.com\/site\/wp-content\/uploads\/2026\/08\/La-compania-corporica-presenta-SER-Compania-Corporica-323x110.jpg 323w, https:\/\/sergiolapegue.com\/site\/wp-content\/uploads\/2026\/08\/La-compania-corporica-presenta-SER-Compania-Corporica-695x237.jpg 695w\" sizes=\"auto, (max-width: 1000px) 100vw, 1000px\" \/><\/figure>\n\n\n\n<p class=\"wp-block-paragraph\"><strong>La compa\u00f1\u00eda CorporiCa&nbsp;<\/strong>se conforma en el 2016 con el estreno de su primera obra &#8220;Rapsodia Coreogr\u00e1fica&#8221;. Desde entonces ha generado diversas obras, instalaciones perform\u00e1ticas, talleres y seminarios compositivos. Est\u00e1 conformada por artistas formados en t\u00e9cnicas esc\u00e9nicas contempor\u00e1neas y desarrollan contenido en torno a la fusi\u00f3n de lenguajes, explorando el cruce entre arte, g\u00e9nero y tecnolog\u00eda. A lo largo de su trayectoria ha obtenido m\u00faltiples premios, distinciones y apoyos. Su \u00faltimo estreno S.E.R (Solo Escenas Random) es ganador del premio \u201cDe la m\u00fasica y la coreograf\u00eda en la escena\u201d otorgado por Argentores 2025. Cuenta con el apoyo del Fondo de Fomento de las Artes Esc\u00e9nicas de San Mart\u00edn y del Instituto Nacional del Teatro. Su obra hom\u00f3nima, CorporiCa, estrenada en 2019, cuenta con el apoyo de PRODANZA, de IMPULSAR MICA. Ministerio de Cultura de la Naci\u00f3n y fue la ganadora del Concurso de la Fiesta Regional de Teatro Independiente, regi\u00f3n 2 del CPTI 2023. Su instalaci\u00f3n perform\u00e1tica Instrucciones para subir una escalera ha participado de numerosos festivales entre ellos Ciudanza y FIBA.<\/p>\n\n\n\n<p class=\"wp-block-paragraph\"><\/p>\n","protected":false},"excerpt":{"rendered":"<p>En el marco de la celebraci\u00f3n por los 10 a\u00f1os de la Compa\u00f1\u00eda CorporiCa, la misma presenta S.E.R (Solo Escenas Random), una versi\u00f3n posible de la obra \u201cA puerta Cerrada\u201d de Jean Paul Sartre. Este proyecto cuenta con el apoyo del Fondo de Fomento de las Artes Esc\u00e9nicas de San Mart\u00edn y del Instituto Nacional [&hellip;]<\/p>\n","protected":false},"author":3,"featured_media":32504,"comment_status":"open","ping_status":"closed","sticky":false,"template":"","format":"standard","meta":{"footnotes":""},"categories":[34,35],"tags":[],"class_list":["post-32498","post","type-post","status-publish","format-standard","has-post-thumbnail","category-arte","category-teatro"],"yoast_head":"<!-- This site is optimized with the Yoast SEO plugin v28.3 - https:\/\/yoast.com\/product\/yoast-seo-wordpress\/ -->\n<title>LA COMPA\u00d1\u00cdA CORPORICA PRESENTA \u201cS.E.R. (SOLO ESCENAS RANDOM)\u201d - Sergio Lapegue<\/title>\n<meta name=\"robots\" content=\"index, follow, max-snippet:-1, max-image-preview:large, max-video-preview:-1\" \/>\n<link rel=\"canonical\" href=\"https:\/\/sergiolapegue.com\/site\/2026\/08\/31\/la-compania-corporica-presenta-s-e-r-solo-escenas-random\/\" \/>\n<meta property=\"og:locale\" content=\"es_ES\" \/>\n<meta property=\"og:type\" content=\"article\" \/>\n<meta property=\"og:title\" content=\"LA COMPA\u00d1\u00cdA CORPORICA PRESENTA \u201cS.E.R. (SOLO ESCENAS RANDOM)\u201d - Sergio Lapegue\" \/>\n<meta property=\"og:description\" content=\"En el marco de la celebraci\u00f3n por los 10 a\u00f1os de la Compa\u00f1\u00eda CorporiCa, la misma presenta S.E.R (Solo Escenas Random), una versi\u00f3n posible de la obra \u201cA puerta Cerrada\u201d de Jean Paul Sartre. Este proyecto cuenta con el apoyo del Fondo de Fomento de las Artes Esc\u00e9nicas de San Mart\u00edn y del Instituto Nacional [&hellip;]\" \/>\n<meta property=\"og:url\" content=\"https:\/\/sergiolapegue.com\/site\/2026\/08\/31\/la-compania-corporica-presenta-s-e-r-solo-escenas-random\/\" \/>\n<meta property=\"og:site_name\" content=\"Sergio Lapegue\" \/>\n<meta property=\"article:publisher\" content=\"https:\/\/facebook.com\/sergiolapegue\" \/>\n<meta property=\"article:author\" content=\"https:\/\/facebook.com\/danielernesto.montana\" \/>\n<meta property=\"article:published_time\" content=\"2026-08-31T12:00:00+00:00\" \/>\n<meta property=\"og:image\" content=\"https:\/\/sergiolapegue.com\/site\/wp-content\/uploads\/2026\/08\/La-compania-corporica-presenta-SER.jpg\" \/>\n\t<meta property=\"og:image:width\" content=\"1000\" \/>\n\t<meta property=\"og:image:height\" content=\"1040\" \/>\n\t<meta property=\"og:image:type\" content=\"image\/jpeg\" \/>\n<meta name=\"author\" content=\"Daniel E. Monta\u00f1a\" \/>\n<meta name=\"twitter:card\" content=\"summary_large_image\" \/>\n<meta name=\"twitter:creator\" content=\"@https:\/\/twitter.com\/daner_004\" \/>\n<meta name=\"twitter:site\" content=\"@sergiolapegue\" \/>\n<meta name=\"twitter:label1\" content=\"Escrito por\" \/>\n\t<meta name=\"twitter:data1\" content=\"Daniel E. Monta\u00f1a\" \/>\n\t<meta name=\"twitter:label2\" content=\"Tiempo de lectura\" \/>\n\t<meta name=\"twitter:data2\" content=\"7 minutos\" \/>\n<script type=\"application\/ld+json\" class=\"yoast-schema-graph\">{\"@context\":\"https:\\\/\\\/schema.org\",\"@graph\":[{\"@type\":\"Article\",\"@id\":\"https:\\\/\\\/sergiolapegue.com\\\/site\\\/2026\\\/08\\\/31\\\/la-compania-corporica-presenta-s-e-r-solo-escenas-random\\\/#article\",\"isPartOf\":{\"@id\":\"https:\\\/\\\/sergiolapegue.com\\\/site\\\/2026\\\/08\\\/31\\\/la-compania-corporica-presenta-s-e-r-solo-escenas-random\\\/\"},\"author\":{\"name\":\"Daniel E. Monta\u00f1a\",\"@id\":\"https:\\\/\\\/sergiolapegue.com\\\/site\\\/#\\\/schema\\\/person\\\/9198e7dbab43c6d74d0fd5399af7c3cd\"},\"headline\":\"LA COMPA\u00d1\u00cdA CORPORICA PRESENTA \u201cS.E.R. (SOLO ESCENAS RANDOM)\u201d\",\"datePublished\":\"2026-08-31T12:00:00+00:00\",\"mainEntityOfPage\":{\"@id\":\"https:\\\/\\\/sergiolapegue.com\\\/site\\\/2026\\\/08\\\/31\\\/la-compania-corporica-presenta-s-e-r-solo-escenas-random\\\/\"},\"wordCount\":1242,\"commentCount\":0,\"publisher\":{\"@id\":\"https:\\\/\\\/sergiolapegue.com\\\/site\\\/#\\\/schema\\\/person\\\/083aeceeb0734cd166779ea6c0551a37\"},\"image\":{\"@id\":\"https:\\\/\\\/sergiolapegue.com\\\/site\\\/2026\\\/08\\\/31\\\/la-compania-corporica-presenta-s-e-r-solo-escenas-random\\\/#primaryimage\"},\"thumbnailUrl\":\"https:\\\/\\\/sergiolapegue.com\\\/site\\\/wp-content\\\/uploads\\\/2026\\\/08\\\/La-compania-corporica-presenta-SER.jpg\",\"articleSection\":[\"Arte\",\"Teatro\"],\"inLanguage\":\"es-AR\",\"potentialAction\":[{\"@type\":\"CommentAction\",\"name\":\"Comment\",\"target\":[\"https:\\\/\\\/sergiolapegue.com\\\/site\\\/2026\\\/08\\\/31\\\/la-compania-corporica-presenta-s-e-r-solo-escenas-random\\\/#respond\"]}]},{\"@type\":\"WebPage\",\"@id\":\"https:\\\/\\\/sergiolapegue.com\\\/site\\\/2026\\\/08\\\/31\\\/la-compania-corporica-presenta-s-e-r-solo-escenas-random\\\/\",\"url\":\"https:\\\/\\\/sergiolapegue.com\\\/site\\\/2026\\\/08\\\/31\\\/la-compania-corporica-presenta-s-e-r-solo-escenas-random\\\/\",\"name\":\"LA COMPA\u00d1\u00cdA CORPORICA PRESENTA \u201cS.E.R. (SOLO ESCENAS RANDOM)\u201d - Sergio Lapegue\",\"isPartOf\":{\"@id\":\"https:\\\/\\\/sergiolapegue.com\\\/site\\\/#website\"},\"primaryImageOfPage\":{\"@id\":\"https:\\\/\\\/sergiolapegue.com\\\/site\\\/2026\\\/08\\\/31\\\/la-compania-corporica-presenta-s-e-r-solo-escenas-random\\\/#primaryimage\"},\"image\":{\"@id\":\"https:\\\/\\\/sergiolapegue.com\\\/site\\\/2026\\\/08\\\/31\\\/la-compania-corporica-presenta-s-e-r-solo-escenas-random\\\/#primaryimage\"},\"thumbnailUrl\":\"https:\\\/\\\/sergiolapegue.com\\\/site\\\/wp-content\\\/uploads\\\/2026\\\/08\\\/La-compania-corporica-presenta-SER.jpg\",\"datePublished\":\"2026-08-31T12:00:00+00:00\",\"breadcrumb\":{\"@id\":\"https:\\\/\\\/sergiolapegue.com\\\/site\\\/2026\\\/08\\\/31\\\/la-compania-corporica-presenta-s-e-r-solo-escenas-random\\\/#breadcrumb\"},\"inLanguage\":\"es-AR\",\"potentialAction\":[{\"@type\":\"ReadAction\",\"target\":[\"https:\\\/\\\/sergiolapegue.com\\\/site\\\/2026\\\/08\\\/31\\\/la-compania-corporica-presenta-s-e-r-solo-escenas-random\\\/\"]}]},{\"@type\":\"ImageObject\",\"inLanguage\":\"es-AR\",\"@id\":\"https:\\\/\\\/sergiolapegue.com\\\/site\\\/2026\\\/08\\\/31\\\/la-compania-corporica-presenta-s-e-r-solo-escenas-random\\\/#primaryimage\",\"url\":\"https:\\\/\\\/sergiolapegue.com\\\/site\\\/wp-content\\\/uploads\\\/2026\\\/08\\\/La-compania-corporica-presenta-SER.jpg\",\"contentUrl\":\"https:\\\/\\\/sergiolapegue.com\\\/site\\\/wp-content\\\/uploads\\\/2026\\\/08\\\/La-compania-corporica-presenta-SER.jpg\",\"width\":1000,\"height\":1040},{\"@type\":\"BreadcrumbList\",\"@id\":\"https:\\\/\\\/sergiolapegue.com\\\/site\\\/2026\\\/08\\\/31\\\/la-compania-corporica-presenta-s-e-r-solo-escenas-random\\\/#breadcrumb\",\"itemListElement\":[{\"@type\":\"ListItem\",\"position\":1,\"name\":\"Inicio\",\"item\":\"https:\\\/\\\/sergiolapegue.com\\\/site\\\/\"},{\"@type\":\"ListItem\",\"position\":2,\"name\":\"LA COMPA\u00d1\u00cdA CORPORICA PRESENTA \u201cS.E.R. (SOLO ESCENAS RANDOM)\u201d\"}]},{\"@type\":\"WebSite\",\"@id\":\"https:\\\/\\\/sergiolapegue.com\\\/site\\\/#website\",\"url\":\"https:\\\/\\\/sergiolapegue.com\\\/site\\\/\",\"name\":\"Sergio Lapegue\",\"description\":\"Periodista y conductor de radio y televisi\u00f3n argentino, nacido el 6 de septiembre de 1964.\",\"publisher\":{\"@id\":\"https:\\\/\\\/sergiolapegue.com\\\/site\\\/#\\\/schema\\\/person\\\/083aeceeb0734cd166779ea6c0551a37\"},\"potentialAction\":[{\"@type\":\"SearchAction\",\"target\":{\"@type\":\"EntryPoint\",\"urlTemplate\":\"https:\\\/\\\/sergiolapegue.com\\\/site\\\/?s={search_term_string}\"},\"query-input\":{\"@type\":\"PropertyValueSpecification\",\"valueRequired\":true,\"valueName\":\"search_term_string\"}}],\"inLanguage\":\"es-AR\"},{\"@type\":[\"Person\",\"Organization\"],\"@id\":\"https:\\\/\\\/sergiolapegue.com\\\/site\\\/#\\\/schema\\\/person\\\/083aeceeb0734cd166779ea6c0551a37\",\"name\":\"Sergio Lapegue\",\"image\":{\"@type\":\"ImageObject\",\"inLanguage\":\"es-AR\",\"@id\":\"https:\\\/\\\/sergiolapegue.com\\\/site\\\/wp-content\\\/uploads\\\/2021\\\/04\\\/logo_header-1.png\",\"url\":\"https:\\\/\\\/sergiolapegue.com\\\/site\\\/wp-content\\\/uploads\\\/2021\\\/04\\\/logo_header-1.png\",\"contentUrl\":\"https:\\\/\\\/sergiolapegue.com\\\/site\\\/wp-content\\\/uploads\\\/2021\\\/04\\\/logo_header-1.png\",\"width\":272,\"height\":90,\"caption\":\"Sergio Lapegue\"},\"logo\":{\"@id\":\"https:\\\/\\\/sergiolapegue.com\\\/site\\\/wp-content\\\/uploads\\\/2021\\\/04\\\/logo_header-1.png\"},\"sameAs\":[\"https:\\\/\\\/facebook.com\\\/sergiolapegue\",\"https:\\\/\\\/instagram.com\\\/sergiolapegue\",\"https:\\\/\\\/x.com\\\/https:\\\/\\\/twitter.com\\\/sergiolapegue\"]},{\"@type\":\"Person\",\"@id\":\"https:\\\/\\\/sergiolapegue.com\\\/site\\\/#\\\/schema\\\/person\\\/9198e7dbab43c6d74d0fd5399af7c3cd\",\"name\":\"Daniel E. Monta\u00f1a\",\"image\":{\"@type\":\"ImageObject\",\"inLanguage\":\"es-AR\",\"@id\":\"https:\\\/\\\/sergiolapegue.com\\\/site\\\/wp-content\\\/uploads\\\/2021\\\/04\\\/sl_avatar_Daniel-150x150.jpg\",\"url\":\"https:\\\/\\\/sergiolapegue.com\\\/site\\\/wp-content\\\/uploads\\\/2021\\\/04\\\/sl_avatar_Daniel-150x150.jpg\",\"contentUrl\":\"https:\\\/\\\/sergiolapegue.com\\\/site\\\/wp-content\\\/uploads\\\/2021\\\/04\\\/sl_avatar_Daniel-150x150.jpg\",\"caption\":\"Daniel E. Monta\u00f1a\"},\"sameAs\":[\"https:\\\/\\\/facebook.com\\\/danielernesto.montana\",\"https:\\\/\\\/instagram.com\\\/daniel_montana1961\",\"https:\\\/\\\/x.com\\\/https:\\\/\\\/twitter.com\\\/daner_004\"],\"url\":\"https:\\\/\\\/sergiolapegue.com\\\/site\\\/author\\\/daniel\\\/\"}]}<\/script>\n<!-- \/ Yoast SEO plugin. -->","yoast_head_json":{"title":"LA COMPA\u00d1\u00cdA CORPORICA PRESENTA \u201cS.E.R. (SOLO ESCENAS RANDOM)\u201d - Sergio Lapegue","robots":{"index":"index","follow":"follow","max-snippet":"max-snippet:-1","max-image-preview":"max-image-preview:large","max-video-preview":"max-video-preview:-1"},"canonical":"https:\/\/sergiolapegue.com\/site\/2026\/08\/31\/la-compania-corporica-presenta-s-e-r-solo-escenas-random\/","og_locale":"es_ES","og_type":"article","og_title":"LA COMPA\u00d1\u00cdA CORPORICA PRESENTA \u201cS.E.R. (SOLO ESCENAS RANDOM)\u201d - Sergio Lapegue","og_description":"En el marco de la celebraci\u00f3n por los 10 a\u00f1os de la Compa\u00f1\u00eda CorporiCa, la misma presenta S.E.R (Solo Escenas Random), una versi\u00f3n posible de la obra \u201cA puerta Cerrada\u201d de Jean Paul Sartre. Este proyecto cuenta con el apoyo del Fondo de Fomento de las Artes Esc\u00e9nicas de San Mart\u00edn y del Instituto Nacional [&hellip;]","og_url":"https:\/\/sergiolapegue.com\/site\/2026\/08\/31\/la-compania-corporica-presenta-s-e-r-solo-escenas-random\/","og_site_name":"Sergio Lapegue","article_publisher":"https:\/\/facebook.com\/sergiolapegue","article_author":"https:\/\/facebook.com\/danielernesto.montana","article_published_time":"2026-08-31T12:00:00+00:00","og_image":[{"width":1000,"height":1040,"url":"https:\/\/sergiolapegue.com\/site\/wp-content\/uploads\/2026\/08\/La-compania-corporica-presenta-SER.jpg","type":"image\/jpeg"}],"author":"Daniel E. Monta\u00f1a","twitter_card":"summary_large_image","twitter_creator":"@https:\/\/twitter.com\/daner_004","twitter_site":"@sergiolapegue","twitter_misc":{"Escrito por":"Daniel E. Monta\u00f1a","Tiempo de lectura":"7 minutos"},"schema":{"@context":"https:\/\/schema.org","@graph":[{"@type":"Article","@id":"https:\/\/sergiolapegue.com\/site\/2026\/08\/31\/la-compania-corporica-presenta-s-e-r-solo-escenas-random\/#article","isPartOf":{"@id":"https:\/\/sergiolapegue.com\/site\/2026\/08\/31\/la-compania-corporica-presenta-s-e-r-solo-escenas-random\/"},"author":{"name":"Daniel E. Monta\u00f1a","@id":"https:\/\/sergiolapegue.com\/site\/#\/schema\/person\/9198e7dbab43c6d74d0fd5399af7c3cd"},"headline":"LA COMPA\u00d1\u00cdA CORPORICA PRESENTA \u201cS.E.R. (SOLO ESCENAS RANDOM)\u201d","datePublished":"2026-08-31T12:00:00+00:00","mainEntityOfPage":{"@id":"https:\/\/sergiolapegue.com\/site\/2026\/08\/31\/la-compania-corporica-presenta-s-e-r-solo-escenas-random\/"},"wordCount":1242,"commentCount":0,"publisher":{"@id":"https:\/\/sergiolapegue.com\/site\/#\/schema\/person\/083aeceeb0734cd166779ea6c0551a37"},"image":{"@id":"https:\/\/sergiolapegue.com\/site\/2026\/08\/31\/la-compania-corporica-presenta-s-e-r-solo-escenas-random\/#primaryimage"},"thumbnailUrl":"https:\/\/sergiolapegue.com\/site\/wp-content\/uploads\/2026\/08\/La-compania-corporica-presenta-SER.jpg","articleSection":["Arte","Teatro"],"inLanguage":"es-AR","potentialAction":[{"@type":"CommentAction","name":"Comment","target":["https:\/\/sergiolapegue.com\/site\/2026\/08\/31\/la-compania-corporica-presenta-s-e-r-solo-escenas-random\/#respond"]}]},{"@type":"WebPage","@id":"https:\/\/sergiolapegue.com\/site\/2026\/08\/31\/la-compania-corporica-presenta-s-e-r-solo-escenas-random\/","url":"https:\/\/sergiolapegue.com\/site\/2026\/08\/31\/la-compania-corporica-presenta-s-e-r-solo-escenas-random\/","name":"LA COMPA\u00d1\u00cdA CORPORICA PRESENTA \u201cS.E.R. (SOLO ESCENAS RANDOM)\u201d - Sergio Lapegue","isPartOf":{"@id":"https:\/\/sergiolapegue.com\/site\/#website"},"primaryImageOfPage":{"@id":"https:\/\/sergiolapegue.com\/site\/2026\/08\/31\/la-compania-corporica-presenta-s-e-r-solo-escenas-random\/#primaryimage"},"image":{"@id":"https:\/\/sergiolapegue.com\/site\/2026\/08\/31\/la-compania-corporica-presenta-s-e-r-solo-escenas-random\/#primaryimage"},"thumbnailUrl":"https:\/\/sergiolapegue.com\/site\/wp-content\/uploads\/2026\/08\/La-compania-corporica-presenta-SER.jpg","datePublished":"2026-08-31T12:00:00+00:00","breadcrumb":{"@id":"https:\/\/sergiolapegue.com\/site\/2026\/08\/31\/la-compania-corporica-presenta-s-e-r-solo-escenas-random\/#breadcrumb"},"inLanguage":"es-AR","potentialAction":[{"@type":"ReadAction","target":["https:\/\/sergiolapegue.com\/site\/2026\/08\/31\/la-compania-corporica-presenta-s-e-r-solo-escenas-random\/"]}]},{"@type":"ImageObject","inLanguage":"es-AR","@id":"https:\/\/sergiolapegue.com\/site\/2026\/08\/31\/la-compania-corporica-presenta-s-e-r-solo-escenas-random\/#primaryimage","url":"https:\/\/sergiolapegue.com\/site\/wp-content\/uploads\/2026\/08\/La-compania-corporica-presenta-SER.jpg","contentUrl":"https:\/\/sergiolapegue.com\/site\/wp-content\/uploads\/2026\/08\/La-compania-corporica-presenta-SER.jpg","width":1000,"height":1040},{"@type":"BreadcrumbList","@id":"https:\/\/sergiolapegue.com\/site\/2026\/08\/31\/la-compania-corporica-presenta-s-e-r-solo-escenas-random\/#breadcrumb","itemListElement":[{"@type":"ListItem","position":1,"name":"Inicio","item":"https:\/\/sergiolapegue.com\/site\/"},{"@type":"ListItem","position":2,"name":"LA COMPA\u00d1\u00cdA CORPORICA PRESENTA \u201cS.E.R. (SOLO ESCENAS RANDOM)\u201d"}]},{"@type":"WebSite","@id":"https:\/\/sergiolapegue.com\/site\/#website","url":"https:\/\/sergiolapegue.com\/site\/","name":"Sergio Lapegue","description":"Periodista y conductor de radio y televisi\u00f3n argentino, nacido el 6 de septiembre de 1964.","publisher":{"@id":"https:\/\/sergiolapegue.com\/site\/#\/schema\/person\/083aeceeb0734cd166779ea6c0551a37"},"potentialAction":[{"@type":"SearchAction","target":{"@type":"EntryPoint","urlTemplate":"https:\/\/sergiolapegue.com\/site\/?s={search_term_string}"},"query-input":{"@type":"PropertyValueSpecification","valueRequired":true,"valueName":"search_term_string"}}],"inLanguage":"es-AR"},{"@type":["Person","Organization"],"@id":"https:\/\/sergiolapegue.com\/site\/#\/schema\/person\/083aeceeb0734cd166779ea6c0551a37","name":"Sergio Lapegue","image":{"@type":"ImageObject","inLanguage":"es-AR","@id":"https:\/\/sergiolapegue.com\/site\/wp-content\/uploads\/2021\/04\/logo_header-1.png","url":"https:\/\/sergiolapegue.com\/site\/wp-content\/uploads\/2021\/04\/logo_header-1.png","contentUrl":"https:\/\/sergiolapegue.com\/site\/wp-content\/uploads\/2021\/04\/logo_header-1.png","width":272,"height":90,"caption":"Sergio Lapegue"},"logo":{"@id":"https:\/\/sergiolapegue.com\/site\/wp-content\/uploads\/2021\/04\/logo_header-1.png"},"sameAs":["https:\/\/facebook.com\/sergiolapegue","https:\/\/instagram.com\/sergiolapegue","https:\/\/x.com\/https:\/\/twitter.com\/sergiolapegue"]},{"@type":"Person","@id":"https:\/\/sergiolapegue.com\/site\/#\/schema\/person\/9198e7dbab43c6d74d0fd5399af7c3cd","name":"Daniel E. Monta\u00f1a","image":{"@type":"ImageObject","inLanguage":"es-AR","@id":"https:\/\/sergiolapegue.com\/site\/wp-content\/uploads\/2021\/04\/sl_avatar_Daniel-150x150.jpg","url":"https:\/\/sergiolapegue.com\/site\/wp-content\/uploads\/2021\/04\/sl_avatar_Daniel-150x150.jpg","contentUrl":"https:\/\/sergiolapegue.com\/site\/wp-content\/uploads\/2021\/04\/sl_avatar_Daniel-150x150.jpg","caption":"Daniel E. Monta\u00f1a"},"sameAs":["https:\/\/facebook.com\/danielernesto.montana","https:\/\/instagram.com\/daniel_montana1961","https:\/\/x.com\/https:\/\/twitter.com\/daner_004"],"url":"https:\/\/sergiolapegue.com\/site\/author\/daniel\/"}]}},"_links":{"self":[{"href":"https:\/\/sergiolapegue.com\/site\/wp-json\/wp\/v2\/posts\/32498","targetHints":{"allow":["GET"]}}],"collection":[{"href":"https:\/\/sergiolapegue.com\/site\/wp-json\/wp\/v2\/posts"}],"about":[{"href":"https:\/\/sergiolapegue.com\/site\/wp-json\/wp\/v2\/types\/post"}],"author":[{"embeddable":true,"href":"https:\/\/sergiolapegue.com\/site\/wp-json\/wp\/v2\/users\/3"}],"replies":[{"embeddable":true,"href":"https:\/\/sergiolapegue.com\/site\/wp-json\/wp\/v2\/comments?post=32498"}],"version-history":[{"count":1,"href":"https:\/\/sergiolapegue.com\/site\/wp-json\/wp\/v2\/posts\/32498\/revisions"}],"predecessor-version":[{"id":32505,"href":"https:\/\/sergiolapegue.com\/site\/wp-json\/wp\/v2\/posts\/32498\/revisions\/32505"}],"wp:featuredmedia":[{"embeddable":true,"href":"https:\/\/sergiolapegue.com\/site\/wp-json\/wp\/v2\/media\/32504"}],"wp:attachment":[{"href":"https:\/\/sergiolapegue.com\/site\/wp-json\/wp\/v2\/media?parent=32498"}],"wp:term":[{"taxonomy":"category","embeddable":true,"href":"https:\/\/sergiolapegue.com\/site\/wp-json\/wp\/v2\/categories?post=32498"},{"taxonomy":"post_tag","embeddable":true,"href":"https:\/\/sergiolapegue.com\/site\/wp-json\/wp\/v2\/tags?post=32498"}],"curies":[{"name":"wp","href":"https:\/\/api.w.org\/{rel}","templated":true}]}}