{"id":32492,"date":"2026-08-31T01:00:00","date_gmt":"2026-08-31T04:00:00","guid":{"rendered":"https:\/\/sergiolapegue.com\/site\/?p=32492"},"modified":"2026-08-30T04:39:11","modified_gmt":"2026-08-30T07:39:11","slug":"la-profecia-del-albergue-un-thriller-musical-de-comedia-negra-llega-al-paseo-la-plaza","status":"publish","type":"post","link":"https:\/\/sergiolapegue.com\/site\/2026\/08\/31\/la-profecia-del-albergue-un-thriller-musical-de-comedia-negra-llega-al-paseo-la-plaza\/","title":{"rendered":"\u201cLA PROFEC\u00cdA DEL ALBERGUE\u201d, UN THRILLER MUSICAL DE COMEDIA NEGRA LLEGA AL PASEO LA PLAZA"},"content":{"rendered":"\n<p class=\"wp-block-paragraph\">Con producci\u00f3n de PHEPAND\u00da en septiembre estrena \u201cLa profec\u00eda del albergue\u201d, un thriller musical de comedia negra y absurdo, con banda en vivo. Una nueva apuesta de los creadores de \u201cEl Funeral de los Objetos\u201d, Nicol\u00e1s Manasseri y Fernanda Provenzano. A partir de jueves 10 de septiembre, llega a la cartelera porte\u00f1a esta nueva propuesta de teatro musical, al escenario de la Sala Picasso del Paseo La Plaza por 6 \u00fanicas funciones<strong>.<\/strong> Componen el elenco los talentosos Renzo Morelli, Fernanda Provenzano, Nicol\u00e1s Manasseri, Manuela Per\u00edn, Eugenia Fern\u00e1ndez y Mar\u00edas Acosta.\u00a0<\/p>\n\n\n\n<p class=\"wp-block-paragraph\">Con un estilo muy marcado, \u201cLa Profec\u00eda del Albergue\u201d escrita y dirigida por Manasseri, impondr\u00e1 un nuevo g\u00e9nero en teatro musical como el \u201cWhodunnit?\u201d cercano a aquellos cl\u00e1sicos de la literatura como las novelas de Agatha Christie, y tantas otras de misterio y suspenso, pero esta vez narrados desde la l\u00f3gica del teatro musical argentino con toques de humor negro y con el sello distintivo de la dupla impuesto en el c\u00f3digo, est\u00e9tica y el ritmo esc\u00e9nico. La escenograf\u00eda minuciosa, insinuando un vetusto albergue, el dise\u00f1o de vestuario, pensado en cada detalle, sumado a la iluminaci\u00f3n buscar\u00e1n generar el clima adecuado para introducir al p\u00fablico r\u00e1pidamente en el g\u00e9nero. Sumado a estos elementos de est\u00e9tica definida, fundamentales en cada puesta en escena del colectivo PHEPAND\u00da, la obra contar\u00e1 con la tercera pata fundamental de los musicales, la m\u00fasica en vivo con una banda (piano, violoncello, bater\u00eda y percusi\u00f3n) dirigida por Facundo Cicciu, generando todos los condimentos para sumergir al espectador en el misterio, el suspenso y el humor, hasta que la narrativa devele las verdades ocultas. En este albergue todos son sospechosos, hasta que se demuestre lo contrario.<\/p>\n\n\n\n<figure class=\"wp-block-image size-large is-resized\"><img loading=\"lazy\" decoding=\"async\" width=\"1024\" height=\"453\" src=\"https:\/\/sergiolapegue.com\/site\/wp-content\/uploads\/2026\/08\/La-profecia-del-albergue-1-1024x453.jpg\" alt=\"\" class=\"wp-image-32493\" style=\"aspect-ratio:2.2605417204087708;width:1068px;height:auto\" srcset=\"https:\/\/sergiolapegue.com\/site\/wp-content\/uploads\/2026\/08\/La-profecia-del-albergue-1-1024x453.jpg 1024w, https:\/\/sergiolapegue.com\/site\/wp-content\/uploads\/2026\/08\/La-profecia-del-albergue-1-300x133.jpg 300w, https:\/\/sergiolapegue.com\/site\/wp-content\/uploads\/2026\/08\/La-profecia-del-albergue-1-766x339.jpg 766w, https:\/\/sergiolapegue.com\/site\/wp-content\/uploads\/2026\/08\/La-profecia-del-albergue-1-1536x680.jpg 1536w, https:\/\/sergiolapegue.com\/site\/wp-content\/uploads\/2026\/08\/La-profecia-del-albergue-1-323x143.jpg 323w, https:\/\/sergiolapegue.com\/site\/wp-content\/uploads\/2026\/08\/La-profecia-del-albergue-1-696x308.jpg 696w, https:\/\/sergiolapegue.com\/site\/wp-content\/uploads\/2026\/08\/La-profecia-del-albergue-1-1066x472.jpg 1066w, https:\/\/sergiolapegue.com\/site\/wp-content\/uploads\/2026\/08\/La-profecia-del-albergue-1.jpg 1900w\" sizes=\"auto, (max-width: 1024px) 100vw, 1024px\" \/><\/figure>\n\n\n\n<p class=\"wp-block-paragraph\"><strong>SINOPSIS<\/strong><\/p>\n\n\n\n<p class=\"wp-block-paragraph\">En un peque\u00f1o pueblo alejado en la provincia de Santa Fe, un grupo de personas se dan cita en un antiguo albergue apartado y muy particular junto a un lago escondido, que se transformar\u00e1 en el escenario perfecto para el comienzo de una serie de eventos tan extra\u00f1os como absurdos y divertidos.<\/p>\n\n\n\n<p class=\"wp-block-paragraph\">Inspirada en las novelas de g\u00e9nero \u201c\u00bfQui\u00e9n es el Asesino?\u201d \u201cWhodunnit?\u201d, La obra busca sumergir al espectador en un mundo donde el enga\u00f1o se hace arte, en donde el humor y la intriga se hacen due\u00f1os de la escena, acompa\u00f1ados por la parte musical y banda en vivo que terminar\u00e1n de dar forma al relato siendo condimentos fundamentales para sumergir el espectador en la historia.<\/p>\n\n\n\n<p class=\"wp-block-paragraph\">Un Thriller musical \u2013 6 sospechosos \u2013 una profec\u00eda y un asesino entre nosotros<\/p>\n\n\n\n<p class=\"wp-block-paragraph\">\u00bfAcaso el arte del enga\u00f1o es un arte?<\/p>\n\n\n\n<p class=\"wp-block-paragraph\">\u00bfAcaso el arte es un enga\u00f1o?<\/p>\n\n\n\n<figure class=\"wp-block-image size-large is-resized\"><img loading=\"lazy\" decoding=\"async\" width=\"1024\" height=\"453\" src=\"https:\/\/sergiolapegue.com\/site\/wp-content\/uploads\/2026\/08\/La-profecia-del-albergue-2-1024x453.jpg\" alt=\"\" class=\"wp-image-32494\" style=\"width:1068px;height:auto\" srcset=\"https:\/\/sergiolapegue.com\/site\/wp-content\/uploads\/2026\/08\/La-profecia-del-albergue-2-1024x453.jpg 1024w, https:\/\/sergiolapegue.com\/site\/wp-content\/uploads\/2026\/08\/La-profecia-del-albergue-2-300x133.jpg 300w, https:\/\/sergiolapegue.com\/site\/wp-content\/uploads\/2026\/08\/La-profecia-del-albergue-2-766x339.jpg 766w, https:\/\/sergiolapegue.com\/site\/wp-content\/uploads\/2026\/08\/La-profecia-del-albergue-2-1536x680.jpg 1536w, https:\/\/sergiolapegue.com\/site\/wp-content\/uploads\/2026\/08\/La-profecia-del-albergue-2-323x143.jpg 323w, https:\/\/sergiolapegue.com\/site\/wp-content\/uploads\/2026\/08\/La-profecia-del-albergue-2-694x307.jpg 694w, https:\/\/sergiolapegue.com\/site\/wp-content\/uploads\/2026\/08\/La-profecia-del-albergue-2-1067x472.jpg 1067w, https:\/\/sergiolapegue.com\/site\/wp-content\/uploads\/2026\/08\/La-profecia-del-albergue-2.jpg 1901w\" sizes=\"auto, (max-width: 1024px) 100vw, 1024px\" \/><\/figure>\n\n\n\n<p class=\"wp-block-paragraph\"><strong>FICHA T\u00c9CNICO ART\u00cdSTICA<\/strong><strong><\/strong><\/p>\n\n\n\n<p class=\"wp-block-paragraph\"><strong>Idea original:<\/strong> Nicol\u00e1s Manasseri y Fernanda Provenzano<\/p>\n\n\n\n<p class=\"wp-block-paragraph\"><strong>Libro:<\/strong> Nicol\u00e1s Manasseri<\/p>\n\n\n\n<p class=\"wp-block-paragraph\"><strong>Elenco:<\/strong> Nicol\u00e1s Manasseri es \u201cPolansky\u201d<\/p>\n\n\n\n<p class=\"wp-block-paragraph\">\u00a0\u00a0\u00a0\u00a0\u00a0 \u00a0\u00a0\u00a0\u00a0\u00a0\u00a0\u00a0Renzo Morelli es \u201cSonssini\u201d<\/p>\n\n\n\n<p class=\"wp-block-paragraph\">\u00a0\u00a0\u00a0\u00a0\u00a0\u00a0\u00a0 \u00a0\u00a0\u00a0\u00a0\u00a0Fernanda Provenzano es \u201cLa Joven Mujer\u201d<\/p>\n\n\n\n<p class=\"wp-block-paragraph\">\u00a0\u00a0\u00a0\u00a0\u00a0\u00a0\u00a0\u00a0\u00a0 \u00a0\u00a0\u00a0Manuela Per\u00edn \u201cLa Dama de los Naipes\u201d<\/p>\n\n\n\n<p class=\"wp-block-paragraph\">\u00a0\u00a0\u00a0\u00a0\u00a0\u00a0\u00a0\u00a0\u00a0 \u00a0\u00a0\u00a0Eugenia Fern\u00e1ndez es \u201cLa Mujer de verde ingl\u00e9s\u201d<\/p>\n\n\n\n<p class=\"wp-block-paragraph\">\u00a0\u00a0\u00a0\u00a0\u00a0\u00a0\u00a0\u00a0\u00a0 \u00a0\u00a0\u00a0Mat\u00edas Acosta \u201cEl Joven de Lentes\u201d<\/p>\n\n\n\n<p class=\"wp-block-paragraph\"><strong>M\u00fasicos:<\/strong> Piano Conductor: Facundo Cicciu<\/p>\n\n\n\n<p class=\"wp-block-paragraph\">\u00a0\u00a0\u00a0\u00a0\u00a0\u00a0\u00a0\u00a0\u00a0\u00a0 \u00a0\u00a0\u00a0\u00a0Violoncello: Nicol\u00e1s String<\/p>\n\n\n\n<p class=\"wp-block-paragraph\">\u00a0\u00a0\u00a0\u00a0\u00a0\u00a0\u00a0\u00a0\u00a0\u00a0\u00a0\u00a0 \u00a0\u00a0Bater\u00eda y Percusi\u00f3n: Ilan Feinmann<\/p>\n\n\n\n<p class=\"wp-block-paragraph\"><strong>Letra de canciones:<\/strong> Manasseri \u2013 Provenzano<\/p>\n\n\n\n<p class=\"wp-block-paragraph\"><strong>M\u00fasica original:<\/strong> Manasseri \u2013 Provenzano<\/p>\n\n\n\n<p class=\"wp-block-paragraph\"><strong>Orquestaci\u00f3n y Arreglos musicales:<\/strong> Facundo Cicciu<\/p>\n\n\n\n<p class=\"wp-block-paragraph\"><strong>Arreglos vocales:<\/strong> Manasseri \u2013 Provenzano<\/p>\n\n\n\n<p class=\"wp-block-paragraph\"><strong>Direcci\u00f3n musical:<\/strong> Facundo Cicciu<\/p>\n\n\n\n<p class=\"wp-block-paragraph\"><strong>Dise\u00f1o y realizaci\u00f3n de Vestuario:<\/strong> La costurera Teatro<\/p>\n\n\n\n<p class=\"wp-block-paragraph\"><strong>Dise\u00f1o de escenograf\u00eda:<\/strong> PHEPAND\u00da<\/p>\n\n\n\n<p class=\"wp-block-paragraph\"><strong>Realizaci\u00f3n de escenograf\u00eda:<\/strong> Pepe Iwaniw \u2013 Ezequiel Lugo<\/p>\n\n\n\n<p class=\"wp-block-paragraph\"><strong>Dise\u00f1o de iluminaci\u00f3n:<\/strong> Manasseri \u2013 Provenzano<\/p>\n\n\n\n<p class=\"wp-block-paragraph\"><strong>Dise\u00f1o gr\u00e1fico:<\/strong> Mariano Morelli<\/p>\n\n\n\n<p class=\"wp-block-paragraph\"><strong>Dise\u00f1o de sonido y OP:<\/strong> Andr\u00e9s Mundaca<\/p>\n\n\n\n<p class=\"wp-block-paragraph\"><strong>Stage de cabina:<\/strong> Valentina Cavicchia<\/p>\n\n\n\n<p class=\"wp-block-paragraph\"><strong>Stage manager escenario:<\/strong> Nacho Mart\u00ednez Ale<\/p>\n\n\n\n<p class=\"wp-block-paragraph\"><strong>Contenido audiovisual:<\/strong> Guadalupe Fiora<\/p>\n\n\n\n<p class=\"wp-block-paragraph\"><strong>Coreograf\u00edas:<\/strong> Fernanda Provenzano<\/p>\n\n\n\n<p class=\"wp-block-paragraph\"><strong>Redes:<\/strong> Provenzano \u2013 Cavicchia \u2013 Fiora<\/p>\n\n\n\n<p class=\"wp-block-paragraph\"><strong>Direcci\u00f3n de actores:<\/strong> Nicol\u00e1s Manasseri<\/p>\n\n\n\n<p class=\"wp-block-paragraph\"><strong>Puesta en escena:<\/strong> Nicol\u00e1s Manasseri<\/p>\n\n\n\n<p class=\"wp-block-paragraph\"><strong>Prensa y comunicaci\u00f3n:<\/strong> Max Czajkowski<\/p>\n\n\n\n<p class=\"wp-block-paragraph\"><strong>Asistente de direcci\u00f3n:<\/strong> Valentina Cavicchia<\/p>\n\n\n\n<p class=\"wp-block-paragraph\"><strong>Producci\u00f3n comercial:<\/strong> Daniela Schwarzstein<\/p>\n\n\n\n<p class=\"wp-block-paragraph\"><strong>Direcci\u00f3n General:<\/strong> Nicol\u00e1s Manasseri<\/p>\n\n\n\n<p class=\"wp-block-paragraph\"><strong>Instagram:<\/strong> @laprofeciadelalbergue<\/p>\n\n\n\n<p class=\"wp-block-paragraph\"><strong>Duraci\u00f3n:<\/strong> 90 minutos<\/p>\n\n\n\n<p class=\"wp-block-paragraph\"><strong>Clasificaci\u00f3n:<\/strong> Teatro \u2013 Presencial \u2013 Apto todo p\u00fablico \u2013 Comedia musical<\/p>\n\n\n\n<figure class=\"wp-block-image size-full is-resized\"><img loading=\"lazy\" decoding=\"async\" width=\"1000\" height=\"902\" src=\"https:\/\/sergiolapegue.com\/site\/wp-content\/uploads\/2026\/08\/La-profecia-del-albergue-3.png\" alt=\"\" class=\"wp-image-32495\" style=\"width:1068px;height:auto\" srcset=\"https:\/\/sergiolapegue.com\/site\/wp-content\/uploads\/2026\/08\/La-profecia-del-albergue-3.png 1000w, https:\/\/sergiolapegue.com\/site\/wp-content\/uploads\/2026\/08\/La-profecia-del-albergue-3-300x271.png 300w, https:\/\/sergiolapegue.com\/site\/wp-content\/uploads\/2026\/08\/La-profecia-del-albergue-3-66x60.png 66w, https:\/\/sergiolapegue.com\/site\/wp-content\/uploads\/2026\/08\/La-profecia-del-albergue-3-166x150.png 166w, https:\/\/sergiolapegue.com\/site\/wp-content\/uploads\/2026\/08\/La-profecia-del-albergue-3-324x292.png 324w, https:\/\/sergiolapegue.com\/site\/wp-content\/uploads\/2026\/08\/La-profecia-del-albergue-3-399x360.png 399w, https:\/\/sergiolapegue.com\/site\/wp-content\/uploads\/2026\/08\/La-profecia-del-albergue-3-767x692.png 767w, https:\/\/sergiolapegue.com\/site\/wp-content\/uploads\/2026\/08\/La-profecia-del-albergue-3-695x627.png 695w\" sizes=\"auto, (max-width: 1000px) 100vw, 1000px\" \/><\/figure>\n\n\n\n<p class=\"wp-block-paragraph\"><strong>PASEO LA PLAZA \u2013 SALA PICASSO<\/strong><strong><\/strong><\/p>\n\n\n\n<p class=\"wp-block-paragraph\">Av. Corrientes 1660 \u2013 Capital Federal \u2013 Buenos Aires \u2013 Argentina<\/p>\n\n\n\n<p class=\"wp-block-paragraph\">Tel\u00e9fono: 6320-5300<\/p>\n\n\n\n<p class=\"wp-block-paragraph\">Entradas: Desde $ 41.000 hasta $ 43.000 \u2013 en boleter\u00eda del teatro o por Plateanet \u2013 Link: <a href=\"https:\/\/www.plateanet.com\/obra\/35127?obra=LA%20PROFECIA%20DEL%20ALBERGUE&amp;paso=inicio&amp;utm_source=ig&amp;utm_medium=social&amp;utm_content=link_in_bio&amp;fbclid=PAcGRvZgJleHRuA2FlbQIxMQBzcnRjBmFwcF9pZA85MzY2MTk3NDMzOTI0NTkAAacp5KqMqZ15udQbJqHqkiman07s_n68LlexGgDEx9n4X0DIrzdO7wCBDrL-bg_aem_ND3myXNm5VCQzz096IEwFA\">LA PROFECIA DEL ALBERGUE &#8211; Plateanet<\/a><\/p>\n\n\n\n<p class=\"wp-block-paragraph\">Funciones: Jueves 10 y 24 de septiembre \u2013 20:00 horas<\/p>\n\n\n\n<p class=\"wp-block-paragraph\">\u00a0\u00a0\u00a0\u00a0\u00a0\u00a0\u00a0\u00a0\u00a0\u00a0\u00a0\u00a0\u00a0\u00a0 \u00a0 Jueves 08 y 22 de Octubre \u2013 20:00 horas<\/p>\n\n\n\n<p class=\"wp-block-paragraph\">\u00a0\u00a0\u00a0\u00a0\u00a0\u00a0\u00a0\u00a0\u00a0\u00a0\u00a0\u00a0\u00a0\u00a0\u00a0\u00a0 Jueves 05 y 19 de Noviembre \u2013 20:00 horas<\/p>\n\n\n\n<p class=\"wp-block-paragraph\">Gracias Max Czajkowski Prensa y comunicaci\u00f3n por acercarnos la gacetilla de prensa del estreno de este espect\u00e1culo.<\/p>\n\n\n\n<p class=\"wp-block-paragraph\"><\/p>\n","protected":false},"excerpt":{"rendered":"<p>Con producci\u00f3n de PHEPAND\u00da en septiembre estrena \u201cLa profec\u00eda del albergue\u201d, un thriller musical de comedia negra y absurdo, con banda en vivo. Una nueva apuesta de los creadores de \u201cEl Funeral de los Objetos\u201d, Nicol\u00e1s Manasseri y Fernanda Provenzano. A partir de jueves 10 de septiembre, llega a la cartelera porte\u00f1a esta nueva propuesta [&hellip;]<\/p>\n","protected":false},"author":3,"featured_media":32496,"comment_status":"open","ping_status":"closed","sticky":false,"template":"","format":"standard","meta":{"footnotes":""},"categories":[34,35],"tags":[],"class_list":["post-32492","post","type-post","status-publish","format-standard","has-post-thumbnail","category-arte","category-teatro"],"yoast_head":"<!-- This site is optimized with the Yoast SEO plugin v28.3 - https:\/\/yoast.com\/product\/yoast-seo-wordpress\/ -->\n<title>\u201cLA PROFEC\u00cdA DEL ALBERGUE\u201d, UN THRILLER MUSICAL DE COMEDIA NEGRA LLEGA AL PASEO LA PLAZA - Sergio Lapegue<\/title>\n<meta name=\"robots\" content=\"index, follow, max-snippet:-1, max-image-preview:large, max-video-preview:-1\" \/>\n<link rel=\"canonical\" href=\"https:\/\/sergiolapegue.com\/site\/2026\/08\/31\/la-profecia-del-albergue-un-thriller-musical-de-comedia-negra-llega-al-paseo-la-plaza\/\" \/>\n<meta property=\"og:locale\" content=\"es_ES\" \/>\n<meta property=\"og:type\" content=\"article\" \/>\n<meta property=\"og:title\" content=\"\u201cLA PROFEC\u00cdA DEL ALBERGUE\u201d, UN THRILLER MUSICAL DE COMEDIA NEGRA LLEGA AL PASEO LA PLAZA - Sergio Lapegue\" \/>\n<meta property=\"og:description\" content=\"Con producci\u00f3n de PHEPAND\u00da en septiembre estrena \u201cLa profec\u00eda del albergue\u201d, un thriller musical de comedia negra y absurdo, con banda en vivo. Una nueva apuesta de los creadores de \u201cEl Funeral de los Objetos\u201d, Nicol\u00e1s Manasseri y Fernanda Provenzano. A partir de jueves 10 de septiembre, llega a la cartelera porte\u00f1a esta nueva propuesta [&hellip;]\" \/>\n<meta property=\"og:url\" content=\"https:\/\/sergiolapegue.com\/site\/2026\/08\/31\/la-profecia-del-albergue-un-thriller-musical-de-comedia-negra-llega-al-paseo-la-plaza\/\" \/>\n<meta property=\"og:site_name\" content=\"Sergio Lapegue\" \/>\n<meta property=\"article:publisher\" content=\"https:\/\/facebook.com\/sergiolapegue\" \/>\n<meta property=\"article:author\" content=\"https:\/\/facebook.com\/danielernesto.montana\" \/>\n<meta property=\"article:published_time\" content=\"2026-08-31T04:00:00+00:00\" \/>\n<meta property=\"og:image\" content=\"https:\/\/sergiolapegue.com\/site\/wp-content\/uploads\/2026\/08\/La-profecia-del-albergue.jpg\" \/>\n\t<meta property=\"og:image:width\" content=\"1000\" \/>\n\t<meta property=\"og:image:height\" content=\"1250\" \/>\n\t<meta property=\"og:image:type\" content=\"image\/jpeg\" \/>\n<meta name=\"author\" content=\"Daniel E. Monta\u00f1a\" \/>\n<meta name=\"twitter:card\" content=\"summary_large_image\" \/>\n<meta name=\"twitter:creator\" content=\"@https:\/\/twitter.com\/daner_004\" \/>\n<meta name=\"twitter:site\" content=\"@sergiolapegue\" \/>\n<meta name=\"twitter:label1\" content=\"Escrito por\" \/>\n\t<meta name=\"twitter:data1\" content=\"Daniel E. Monta\u00f1a\" \/>\n\t<meta name=\"twitter:label2\" content=\"Tiempo de lectura\" \/>\n\t<meta name=\"twitter:data2\" content=\"4 minutos\" \/>\n<script type=\"application\/ld+json\" class=\"yoast-schema-graph\">{\"@context\":\"https:\\\/\\\/schema.org\",\"@graph\":[{\"@type\":\"Article\",\"@id\":\"https:\\\/\\\/sergiolapegue.com\\\/site\\\/2026\\\/08\\\/31\\\/la-profecia-del-albergue-un-thriller-musical-de-comedia-negra-llega-al-paseo-la-plaza\\\/#article\",\"isPartOf\":{\"@id\":\"https:\\\/\\\/sergiolapegue.com\\\/site\\\/2026\\\/08\\\/31\\\/la-profecia-del-albergue-un-thriller-musical-de-comedia-negra-llega-al-paseo-la-plaza\\\/\"},\"author\":{\"name\":\"Daniel E. Monta\u00f1a\",\"@id\":\"https:\\\/\\\/sergiolapegue.com\\\/site\\\/#\\\/schema\\\/person\\\/9198e7dbab43c6d74d0fd5399af7c3cd\"},\"headline\":\"\u201cLA PROFEC\u00cdA DEL ALBERGUE\u201d, UN THRILLER MUSICAL DE COMEDIA NEGRA LLEGA AL PASEO LA PLAZA\",\"datePublished\":\"2026-08-31T04:00:00+00:00\",\"mainEntityOfPage\":{\"@id\":\"https:\\\/\\\/sergiolapegue.com\\\/site\\\/2026\\\/08\\\/31\\\/la-profecia-del-albergue-un-thriller-musical-de-comedia-negra-llega-al-paseo-la-plaza\\\/\"},\"wordCount\":763,\"commentCount\":0,\"publisher\":{\"@id\":\"https:\\\/\\\/sergiolapegue.com\\\/site\\\/#\\\/schema\\\/person\\\/083aeceeb0734cd166779ea6c0551a37\"},\"image\":{\"@id\":\"https:\\\/\\\/sergiolapegue.com\\\/site\\\/2026\\\/08\\\/31\\\/la-profecia-del-albergue-un-thriller-musical-de-comedia-negra-llega-al-paseo-la-plaza\\\/#primaryimage\"},\"thumbnailUrl\":\"https:\\\/\\\/sergiolapegue.com\\\/site\\\/wp-content\\\/uploads\\\/2026\\\/08\\\/La-profecia-del-albergue.jpg\",\"articleSection\":[\"Arte\",\"Teatro\"],\"inLanguage\":\"es-AR\",\"potentialAction\":[{\"@type\":\"CommentAction\",\"name\":\"Comment\",\"target\":[\"https:\\\/\\\/sergiolapegue.com\\\/site\\\/2026\\\/08\\\/31\\\/la-profecia-del-albergue-un-thriller-musical-de-comedia-negra-llega-al-paseo-la-plaza\\\/#respond\"]}]},{\"@type\":\"WebPage\",\"@id\":\"https:\\\/\\\/sergiolapegue.com\\\/site\\\/2026\\\/08\\\/31\\\/la-profecia-del-albergue-un-thriller-musical-de-comedia-negra-llega-al-paseo-la-plaza\\\/\",\"url\":\"https:\\\/\\\/sergiolapegue.com\\\/site\\\/2026\\\/08\\\/31\\\/la-profecia-del-albergue-un-thriller-musical-de-comedia-negra-llega-al-paseo-la-plaza\\\/\",\"name\":\"\u201cLA PROFEC\u00cdA DEL ALBERGUE\u201d, UN THRILLER MUSICAL DE COMEDIA NEGRA LLEGA AL PASEO LA PLAZA - Sergio Lapegue\",\"isPartOf\":{\"@id\":\"https:\\\/\\\/sergiolapegue.com\\\/site\\\/#website\"},\"primaryImageOfPage\":{\"@id\":\"https:\\\/\\\/sergiolapegue.com\\\/site\\\/2026\\\/08\\\/31\\\/la-profecia-del-albergue-un-thriller-musical-de-comedia-negra-llega-al-paseo-la-plaza\\\/#primaryimage\"},\"image\":{\"@id\":\"https:\\\/\\\/sergiolapegue.com\\\/site\\\/2026\\\/08\\\/31\\\/la-profecia-del-albergue-un-thriller-musical-de-comedia-negra-llega-al-paseo-la-plaza\\\/#primaryimage\"},\"thumbnailUrl\":\"https:\\\/\\\/sergiolapegue.com\\\/site\\\/wp-content\\\/uploads\\\/2026\\\/08\\\/La-profecia-del-albergue.jpg\",\"datePublished\":\"2026-08-31T04:00:00+00:00\",\"breadcrumb\":{\"@id\":\"https:\\\/\\\/sergiolapegue.com\\\/site\\\/2026\\\/08\\\/31\\\/la-profecia-del-albergue-un-thriller-musical-de-comedia-negra-llega-al-paseo-la-plaza\\\/#breadcrumb\"},\"inLanguage\":\"es-AR\",\"potentialAction\":[{\"@type\":\"ReadAction\",\"target\":[\"https:\\\/\\\/sergiolapegue.com\\\/site\\\/2026\\\/08\\\/31\\\/la-profecia-del-albergue-un-thriller-musical-de-comedia-negra-llega-al-paseo-la-plaza\\\/\"]}]},{\"@type\":\"ImageObject\",\"inLanguage\":\"es-AR\",\"@id\":\"https:\\\/\\\/sergiolapegue.com\\\/site\\\/2026\\\/08\\\/31\\\/la-profecia-del-albergue-un-thriller-musical-de-comedia-negra-llega-al-paseo-la-plaza\\\/#primaryimage\",\"url\":\"https:\\\/\\\/sergiolapegue.com\\\/site\\\/wp-content\\\/uploads\\\/2026\\\/08\\\/La-profecia-del-albergue.jpg\",\"contentUrl\":\"https:\\\/\\\/sergiolapegue.com\\\/site\\\/wp-content\\\/uploads\\\/2026\\\/08\\\/La-profecia-del-albergue.jpg\",\"width\":1000,\"height\":1250},{\"@type\":\"BreadcrumbList\",\"@id\":\"https:\\\/\\\/sergiolapegue.com\\\/site\\\/2026\\\/08\\\/31\\\/la-profecia-del-albergue-un-thriller-musical-de-comedia-negra-llega-al-paseo-la-plaza\\\/#breadcrumb\",\"itemListElement\":[{\"@type\":\"ListItem\",\"position\":1,\"name\":\"Inicio\",\"item\":\"https:\\\/\\\/sergiolapegue.com\\\/site\\\/\"},{\"@type\":\"ListItem\",\"position\":2,\"name\":\"\u201cLA PROFEC\u00cdA DEL ALBERGUE\u201d, UN THRILLER MUSICAL DE COMEDIA NEGRA LLEGA AL PASEO LA PLAZA\"}]},{\"@type\":\"WebSite\",\"@id\":\"https:\\\/\\\/sergiolapegue.com\\\/site\\\/#website\",\"url\":\"https:\\\/\\\/sergiolapegue.com\\\/site\\\/\",\"name\":\"Sergio Lapegue\",\"description\":\"Periodista y conductor de radio y televisi\u00f3n argentino, nacido el 6 de septiembre de 1964.\",\"publisher\":{\"@id\":\"https:\\\/\\\/sergiolapegue.com\\\/site\\\/#\\\/schema\\\/person\\\/083aeceeb0734cd166779ea6c0551a37\"},\"potentialAction\":[{\"@type\":\"SearchAction\",\"target\":{\"@type\":\"EntryPoint\",\"urlTemplate\":\"https:\\\/\\\/sergiolapegue.com\\\/site\\\/?s={search_term_string}\"},\"query-input\":{\"@type\":\"PropertyValueSpecification\",\"valueRequired\":true,\"valueName\":\"search_term_string\"}}],\"inLanguage\":\"es-AR\"},{\"@type\":[\"Person\",\"Organization\"],\"@id\":\"https:\\\/\\\/sergiolapegue.com\\\/site\\\/#\\\/schema\\\/person\\\/083aeceeb0734cd166779ea6c0551a37\",\"name\":\"Sergio Lapegue\",\"image\":{\"@type\":\"ImageObject\",\"inLanguage\":\"es-AR\",\"@id\":\"https:\\\/\\\/sergiolapegue.com\\\/site\\\/wp-content\\\/uploads\\\/2021\\\/04\\\/logo_header-1.png\",\"url\":\"https:\\\/\\\/sergiolapegue.com\\\/site\\\/wp-content\\\/uploads\\\/2021\\\/04\\\/logo_header-1.png\",\"contentUrl\":\"https:\\\/\\\/sergiolapegue.com\\\/site\\\/wp-content\\\/uploads\\\/2021\\\/04\\\/logo_header-1.png\",\"width\":272,\"height\":90,\"caption\":\"Sergio Lapegue\"},\"logo\":{\"@id\":\"https:\\\/\\\/sergiolapegue.com\\\/site\\\/wp-content\\\/uploads\\\/2021\\\/04\\\/logo_header-1.png\"},\"sameAs\":[\"https:\\\/\\\/facebook.com\\\/sergiolapegue\",\"https:\\\/\\\/instagram.com\\\/sergiolapegue\",\"https:\\\/\\\/x.com\\\/https:\\\/\\\/twitter.com\\\/sergiolapegue\"]},{\"@type\":\"Person\",\"@id\":\"https:\\\/\\\/sergiolapegue.com\\\/site\\\/#\\\/schema\\\/person\\\/9198e7dbab43c6d74d0fd5399af7c3cd\",\"name\":\"Daniel E. Monta\u00f1a\",\"image\":{\"@type\":\"ImageObject\",\"inLanguage\":\"es-AR\",\"@id\":\"https:\\\/\\\/sergiolapegue.com\\\/site\\\/wp-content\\\/uploads\\\/2021\\\/04\\\/sl_avatar_Daniel-150x150.jpg\",\"url\":\"https:\\\/\\\/sergiolapegue.com\\\/site\\\/wp-content\\\/uploads\\\/2021\\\/04\\\/sl_avatar_Daniel-150x150.jpg\",\"contentUrl\":\"https:\\\/\\\/sergiolapegue.com\\\/site\\\/wp-content\\\/uploads\\\/2021\\\/04\\\/sl_avatar_Daniel-150x150.jpg\",\"caption\":\"Daniel E. Monta\u00f1a\"},\"sameAs\":[\"https:\\\/\\\/facebook.com\\\/danielernesto.montana\",\"https:\\\/\\\/instagram.com\\\/daniel_montana1961\",\"https:\\\/\\\/x.com\\\/https:\\\/\\\/twitter.com\\\/daner_004\"],\"url\":\"https:\\\/\\\/sergiolapegue.com\\\/site\\\/author\\\/daniel\\\/\"}]}<\/script>\n<!-- \/ Yoast SEO plugin. -->","yoast_head_json":{"title":"\u201cLA PROFEC\u00cdA DEL ALBERGUE\u201d, UN THRILLER MUSICAL DE COMEDIA NEGRA LLEGA AL PASEO LA PLAZA - Sergio Lapegue","robots":{"index":"index","follow":"follow","max-snippet":"max-snippet:-1","max-image-preview":"max-image-preview:large","max-video-preview":"max-video-preview:-1"},"canonical":"https:\/\/sergiolapegue.com\/site\/2026\/08\/31\/la-profecia-del-albergue-un-thriller-musical-de-comedia-negra-llega-al-paseo-la-plaza\/","og_locale":"es_ES","og_type":"article","og_title":"\u201cLA PROFEC\u00cdA DEL ALBERGUE\u201d, UN THRILLER MUSICAL DE COMEDIA NEGRA LLEGA AL PASEO LA PLAZA - Sergio Lapegue","og_description":"Con producci\u00f3n de PHEPAND\u00da en septiembre estrena \u201cLa profec\u00eda del albergue\u201d, un thriller musical de comedia negra y absurdo, con banda en vivo. Una nueva apuesta de los creadores de \u201cEl Funeral de los Objetos\u201d, Nicol\u00e1s Manasseri y Fernanda Provenzano. A partir de jueves 10 de septiembre, llega a la cartelera porte\u00f1a esta nueva propuesta [&hellip;]","og_url":"https:\/\/sergiolapegue.com\/site\/2026\/08\/31\/la-profecia-del-albergue-un-thriller-musical-de-comedia-negra-llega-al-paseo-la-plaza\/","og_site_name":"Sergio Lapegue","article_publisher":"https:\/\/facebook.com\/sergiolapegue","article_author":"https:\/\/facebook.com\/danielernesto.montana","article_published_time":"2026-08-31T04:00:00+00:00","og_image":[{"width":1000,"height":1250,"url":"https:\/\/sergiolapegue.com\/site\/wp-content\/uploads\/2026\/08\/La-profecia-del-albergue.jpg","type":"image\/jpeg"}],"author":"Daniel E. Monta\u00f1a","twitter_card":"summary_large_image","twitter_creator":"@https:\/\/twitter.com\/daner_004","twitter_site":"@sergiolapegue","twitter_misc":{"Escrito por":"Daniel E. Monta\u00f1a","Tiempo de lectura":"4 minutos"},"schema":{"@context":"https:\/\/schema.org","@graph":[{"@type":"Article","@id":"https:\/\/sergiolapegue.com\/site\/2026\/08\/31\/la-profecia-del-albergue-un-thriller-musical-de-comedia-negra-llega-al-paseo-la-plaza\/#article","isPartOf":{"@id":"https:\/\/sergiolapegue.com\/site\/2026\/08\/31\/la-profecia-del-albergue-un-thriller-musical-de-comedia-negra-llega-al-paseo-la-plaza\/"},"author":{"name":"Daniel E. Monta\u00f1a","@id":"https:\/\/sergiolapegue.com\/site\/#\/schema\/person\/9198e7dbab43c6d74d0fd5399af7c3cd"},"headline":"\u201cLA PROFEC\u00cdA DEL ALBERGUE\u201d, UN THRILLER MUSICAL DE COMEDIA NEGRA LLEGA AL PASEO LA PLAZA","datePublished":"2026-08-31T04:00:00+00:00","mainEntityOfPage":{"@id":"https:\/\/sergiolapegue.com\/site\/2026\/08\/31\/la-profecia-del-albergue-un-thriller-musical-de-comedia-negra-llega-al-paseo-la-plaza\/"},"wordCount":763,"commentCount":0,"publisher":{"@id":"https:\/\/sergiolapegue.com\/site\/#\/schema\/person\/083aeceeb0734cd166779ea6c0551a37"},"image":{"@id":"https:\/\/sergiolapegue.com\/site\/2026\/08\/31\/la-profecia-del-albergue-un-thriller-musical-de-comedia-negra-llega-al-paseo-la-plaza\/#primaryimage"},"thumbnailUrl":"https:\/\/sergiolapegue.com\/site\/wp-content\/uploads\/2026\/08\/La-profecia-del-albergue.jpg","articleSection":["Arte","Teatro"],"inLanguage":"es-AR","potentialAction":[{"@type":"CommentAction","name":"Comment","target":["https:\/\/sergiolapegue.com\/site\/2026\/08\/31\/la-profecia-del-albergue-un-thriller-musical-de-comedia-negra-llega-al-paseo-la-plaza\/#respond"]}]},{"@type":"WebPage","@id":"https:\/\/sergiolapegue.com\/site\/2026\/08\/31\/la-profecia-del-albergue-un-thriller-musical-de-comedia-negra-llega-al-paseo-la-plaza\/","url":"https:\/\/sergiolapegue.com\/site\/2026\/08\/31\/la-profecia-del-albergue-un-thriller-musical-de-comedia-negra-llega-al-paseo-la-plaza\/","name":"\u201cLA PROFEC\u00cdA DEL ALBERGUE\u201d, UN THRILLER MUSICAL DE COMEDIA NEGRA LLEGA AL PASEO LA PLAZA - Sergio Lapegue","isPartOf":{"@id":"https:\/\/sergiolapegue.com\/site\/#website"},"primaryImageOfPage":{"@id":"https:\/\/sergiolapegue.com\/site\/2026\/08\/31\/la-profecia-del-albergue-un-thriller-musical-de-comedia-negra-llega-al-paseo-la-plaza\/#primaryimage"},"image":{"@id":"https:\/\/sergiolapegue.com\/site\/2026\/08\/31\/la-profecia-del-albergue-un-thriller-musical-de-comedia-negra-llega-al-paseo-la-plaza\/#primaryimage"},"thumbnailUrl":"https:\/\/sergiolapegue.com\/site\/wp-content\/uploads\/2026\/08\/La-profecia-del-albergue.jpg","datePublished":"2026-08-31T04:00:00+00:00","breadcrumb":{"@id":"https:\/\/sergiolapegue.com\/site\/2026\/08\/31\/la-profecia-del-albergue-un-thriller-musical-de-comedia-negra-llega-al-paseo-la-plaza\/#breadcrumb"},"inLanguage":"es-AR","potentialAction":[{"@type":"ReadAction","target":["https:\/\/sergiolapegue.com\/site\/2026\/08\/31\/la-profecia-del-albergue-un-thriller-musical-de-comedia-negra-llega-al-paseo-la-plaza\/"]}]},{"@type":"ImageObject","inLanguage":"es-AR","@id":"https:\/\/sergiolapegue.com\/site\/2026\/08\/31\/la-profecia-del-albergue-un-thriller-musical-de-comedia-negra-llega-al-paseo-la-plaza\/#primaryimage","url":"https:\/\/sergiolapegue.com\/site\/wp-content\/uploads\/2026\/08\/La-profecia-del-albergue.jpg","contentUrl":"https:\/\/sergiolapegue.com\/site\/wp-content\/uploads\/2026\/08\/La-profecia-del-albergue.jpg","width":1000,"height":1250},{"@type":"BreadcrumbList","@id":"https:\/\/sergiolapegue.com\/site\/2026\/08\/31\/la-profecia-del-albergue-un-thriller-musical-de-comedia-negra-llega-al-paseo-la-plaza\/#breadcrumb","itemListElement":[{"@type":"ListItem","position":1,"name":"Inicio","item":"https:\/\/sergiolapegue.com\/site\/"},{"@type":"ListItem","position":2,"name":"\u201cLA PROFEC\u00cdA DEL ALBERGUE\u201d, UN THRILLER MUSICAL DE COMEDIA NEGRA LLEGA AL PASEO LA PLAZA"}]},{"@type":"WebSite","@id":"https:\/\/sergiolapegue.com\/site\/#website","url":"https:\/\/sergiolapegue.com\/site\/","name":"Sergio Lapegue","description":"Periodista y conductor de radio y televisi\u00f3n argentino, nacido el 6 de septiembre de 1964.","publisher":{"@id":"https:\/\/sergiolapegue.com\/site\/#\/schema\/person\/083aeceeb0734cd166779ea6c0551a37"},"potentialAction":[{"@type":"SearchAction","target":{"@type":"EntryPoint","urlTemplate":"https:\/\/sergiolapegue.com\/site\/?s={search_term_string}"},"query-input":{"@type":"PropertyValueSpecification","valueRequired":true,"valueName":"search_term_string"}}],"inLanguage":"es-AR"},{"@type":["Person","Organization"],"@id":"https:\/\/sergiolapegue.com\/site\/#\/schema\/person\/083aeceeb0734cd166779ea6c0551a37","name":"Sergio Lapegue","image":{"@type":"ImageObject","inLanguage":"es-AR","@id":"https:\/\/sergiolapegue.com\/site\/wp-content\/uploads\/2021\/04\/logo_header-1.png","url":"https:\/\/sergiolapegue.com\/site\/wp-content\/uploads\/2021\/04\/logo_header-1.png","contentUrl":"https:\/\/sergiolapegue.com\/site\/wp-content\/uploads\/2021\/04\/logo_header-1.png","width":272,"height":90,"caption":"Sergio Lapegue"},"logo":{"@id":"https:\/\/sergiolapegue.com\/site\/wp-content\/uploads\/2021\/04\/logo_header-1.png"},"sameAs":["https:\/\/facebook.com\/sergiolapegue","https:\/\/instagram.com\/sergiolapegue","https:\/\/x.com\/https:\/\/twitter.com\/sergiolapegue"]},{"@type":"Person","@id":"https:\/\/sergiolapegue.com\/site\/#\/schema\/person\/9198e7dbab43c6d74d0fd5399af7c3cd","name":"Daniel E. Monta\u00f1a","image":{"@type":"ImageObject","inLanguage":"es-AR","@id":"https:\/\/sergiolapegue.com\/site\/wp-content\/uploads\/2021\/04\/sl_avatar_Daniel-150x150.jpg","url":"https:\/\/sergiolapegue.com\/site\/wp-content\/uploads\/2021\/04\/sl_avatar_Daniel-150x150.jpg","contentUrl":"https:\/\/sergiolapegue.com\/site\/wp-content\/uploads\/2021\/04\/sl_avatar_Daniel-150x150.jpg","caption":"Daniel E. Monta\u00f1a"},"sameAs":["https:\/\/facebook.com\/danielernesto.montana","https:\/\/instagram.com\/daniel_montana1961","https:\/\/x.com\/https:\/\/twitter.com\/daner_004"],"url":"https:\/\/sergiolapegue.com\/site\/author\/daniel\/"}]}},"_links":{"self":[{"href":"https:\/\/sergiolapegue.com\/site\/wp-json\/wp\/v2\/posts\/32492","targetHints":{"allow":["GET"]}}],"collection":[{"href":"https:\/\/sergiolapegue.com\/site\/wp-json\/wp\/v2\/posts"}],"about":[{"href":"https:\/\/sergiolapegue.com\/site\/wp-json\/wp\/v2\/types\/post"}],"author":[{"embeddable":true,"href":"https:\/\/sergiolapegue.com\/site\/wp-json\/wp\/v2\/users\/3"}],"replies":[{"embeddable":true,"href":"https:\/\/sergiolapegue.com\/site\/wp-json\/wp\/v2\/comments?post=32492"}],"version-history":[{"count":1,"href":"https:\/\/sergiolapegue.com\/site\/wp-json\/wp\/v2\/posts\/32492\/revisions"}],"predecessor-version":[{"id":32497,"href":"https:\/\/sergiolapegue.com\/site\/wp-json\/wp\/v2\/posts\/32492\/revisions\/32497"}],"wp:featuredmedia":[{"embeddable":true,"href":"https:\/\/sergiolapegue.com\/site\/wp-json\/wp\/v2\/media\/32496"}],"wp:attachment":[{"href":"https:\/\/sergiolapegue.com\/site\/wp-json\/wp\/v2\/media?parent=32492"}],"wp:term":[{"taxonomy":"category","embeddable":true,"href":"https:\/\/sergiolapegue.com\/site\/wp-json\/wp\/v2\/categories?post=32492"},{"taxonomy":"post_tag","embeddable":true,"href":"https:\/\/sergiolapegue.com\/site\/wp-json\/wp\/v2\/tags?post=32492"}],"curies":[{"name":"wp","href":"https:\/\/api.w.org\/{rel}","templated":true}]}}