{"id":30038,"date":"2026-05-03T01:00:00","date_gmt":"2026-05-03T04:00:00","guid":{"rendered":"https:\/\/sergiolapegue.com\/site\/?p=30038"},"modified":"2026-05-01T17:29:21","modified_gmt":"2026-05-01T20:29:21","slug":"silvia-freire-presenta-su-nuevo-libro-estoicada","status":"publish","type":"post","link":"https:\/\/sergiolapegue.com\/site\/2026\/05\/03\/silvia-freire-presenta-su-nuevo-libro-estoicada\/","title":{"rendered":"SILVIA FREIRE PRESENTA SU NUEVO LIBRO \u201cESTOICADA\u201d"},"content":{"rendered":"\n<p>Despu\u00e9s de firmar su ciudadan\u00eda italiana y recorrer Europa en motor home, Silvia Freire regresa a la Feria Internacional del Libro de Buenos Aires con una novedad editorial.<\/p>\n\n\n\n<p>Silvia Freire, la reconocida escritora y conferencista, vuelve al ruedo con una propuesta bien a su estilo. Luego de firmar su ciudadan\u00eda italiana y recorrer Europa en motor home, regresa a la Argentina para presentar su nuevo libro: \u201cEstoicada\u201d, que nace desde la experiencia m\u00e1s cruda y que presentar\u00e1 el 10 de mayo en el marco de la 50\u00aa edici\u00f3n de la Feria Internacional del Libro.<\/p>\n\n\n\n<p>Despu\u00e9s de m\u00e1s de cuatro d\u00e9cadas en medios de comunicaci\u00f3n, m\u00e1s de cuarenta libros publicados y una trayectoria consolidada como conferencista, la autora decidi\u00f3 escribir desde otro lugar: el hueso.<\/p>\n\n\n\n<figure class=\"wp-block-image size-full\"><img loading=\"lazy\" decoding=\"async\" width=\"1000\" height=\"1000\" src=\"https:\/\/sergiolapegue.com\/site\/wp-content\/uploads\/2026\/05\/Silvia-Freire-presenta-su-nuevo-libro-estoicada-2.jpg\" alt=\"\" class=\"wp-image-30040\" srcset=\"https:\/\/sergiolapegue.com\/site\/wp-content\/uploads\/2026\/05\/Silvia-Freire-presenta-su-nuevo-libro-estoicada-2.jpg 1000w, https:\/\/sergiolapegue.com\/site\/wp-content\/uploads\/2026\/05\/Silvia-Freire-presenta-su-nuevo-libro-estoicada-2-300x300.jpg 300w, https:\/\/sergiolapegue.com\/site\/wp-content\/uploads\/2026\/05\/Silvia-Freire-presenta-su-nuevo-libro-estoicada-2-150x150.jpg 150w, https:\/\/sergiolapegue.com\/site\/wp-content\/uploads\/2026\/05\/Silvia-Freire-presenta-su-nuevo-libro-estoicada-2-768x768.jpg 768w, https:\/\/sergiolapegue.com\/site\/wp-content\/uploads\/2026\/05\/Silvia-Freire-presenta-su-nuevo-libro-estoicada-2-420x420.jpg 420w, https:\/\/sergiolapegue.com\/site\/wp-content\/uploads\/2026\/05\/Silvia-Freire-presenta-su-nuevo-libro-estoicada-2-696x696.jpg 696w\" sizes=\"auto, (max-width: 1000px) 100vw, 1000px\" \/><\/figure>\n\n\n\n<p>Tras la muerte de su marido, Silvia planific\u00f3 su a\u00f1o de duelo con conciencia y tom\u00f3 una decisi\u00f3n inesperada: compr\u00f3 una motor home y sali\u00f3 a la ruta. No para escapar, sino para seguir viva. Emprendi\u00f3 un viaje recorriendo toda la Argentina, ofreciendo charlas motivacionales en el marco de lo que llam\u00f3&nbsp;Tour Resiliente. Luego se propuso un desaf\u00edo mayor y ampli\u00f3 la aventura a otro continente: se fue a Europa. Desde hace a\u00f1os su vida transcurre en diferentes ciudades del mundo, donde brinda charlas motivacionales y mentor\u00edas personalizadas. La conferencista, adem\u00e1s, se mantiene muy activa en sus redes sociales, donde comparte sus experiencias cotidianas con m\u00e1s de&nbsp;140.000 seguidores&nbsp;que acompa\u00f1an su recorrido.<\/p>\n\n\n\n<p>Ahora regresa nuevamente a la Argentina con una misi\u00f3n muy especial: presentar su nuevo libro. En \u201cEstoicada\u201d, editado por&nbsp;Del Nuevo Extremo, Silvia propone una lectura contempor\u00e1nea del estoicismo aplicada a la vida cotidiana. No habla de resignaci\u00f3n ni de frases motivacionales vac\u00edas. Habla de entrenamiento mental. De distinguir entre dolor y sufrimiento. De recuperar soberan\u00eda interior cuando la vida cambia de formato.<\/p>\n\n\n\n<p>\u201cDurante a\u00f1os me dec\u00edan: \u2018qu\u00e9 f\u00e1cil es hablar de felicidad\u2026 te quiero ver si se te muere alguien\u2019. La vida me dio esa prueba. Y no vengo a hacerme la fuerte: vengo a contar lo que aprend\u00ed. El dolor es inevitable. Pero el sufrimiento, cuando se vuelve casa, nos roba la vida. Yo no me salv\u00e9 por negaci\u00f3n. Me salv\u00e9 por movimiento. El pensamiento estoico no te endurece: te ordena. Te pregunta \u2018\u00bfqu\u00e9 depende de m\u00ed hoy?\u2019 y te devuelve el volante.\u201d, confes\u00f3 emocionada por su regreso al pa\u00eds.<\/p>\n\n\n\n<figure class=\"wp-block-image size-full\"><img loading=\"lazy\" decoding=\"async\" width=\"1000\" height=\"1000\" src=\"https:\/\/sergiolapegue.com\/site\/wp-content\/uploads\/2026\/05\/Silvia-Freire-presenta-su-nuevo-libro-estoicada-3.jpg\" alt=\"\" class=\"wp-image-30041\" srcset=\"https:\/\/sergiolapegue.com\/site\/wp-content\/uploads\/2026\/05\/Silvia-Freire-presenta-su-nuevo-libro-estoicada-3.jpg 1000w, https:\/\/sergiolapegue.com\/site\/wp-content\/uploads\/2026\/05\/Silvia-Freire-presenta-su-nuevo-libro-estoicada-3-300x300.jpg 300w, https:\/\/sergiolapegue.com\/site\/wp-content\/uploads\/2026\/05\/Silvia-Freire-presenta-su-nuevo-libro-estoicada-3-150x150.jpg 150w, https:\/\/sergiolapegue.com\/site\/wp-content\/uploads\/2026\/05\/Silvia-Freire-presenta-su-nuevo-libro-estoicada-3-768x768.jpg 768w, https:\/\/sergiolapegue.com\/site\/wp-content\/uploads\/2026\/05\/Silvia-Freire-presenta-su-nuevo-libro-estoicada-3-420x420.jpg 420w, https:\/\/sergiolapegue.com\/site\/wp-content\/uploads\/2026\/05\/Silvia-Freire-presenta-su-nuevo-libro-estoicada-3-696x696.jpg 696w\" sizes=\"auto, (max-width: 1000px) 100vw, 1000px\" \/><\/figure>\n\n\n\n<p>La premisa central del libro es clara:&nbsp;no podemos controlar lo que sucede, pero s\u00ed podemos decidir c\u00f3mo lo pensamos.<\/p>\n\n\n\n<p>\u201cDurante a\u00f1os habl\u00e9 de emociones. Hoy quiero hablar de pensamiento. Porque el pensamiento mal entrenado fabrica sufrimiento. Y el pensamiento entrenado construye libertad.\u201d<\/p>\n\n\n\n<p>Silvia Freire vuelve a la editorial donde comenz\u00f3 su carrera para presentar una obra que condensa experiencia, filosof\u00eda y vida real. \u201cEstoicada\u201d&nbsp;no es un manual de autoayuda. Es una forma de pensar cuando todo tiembla. Es la s\u00edntesis de una mujer que aprendi\u00f3 a no pelear con lo inevitable y a intervenir donde s\u00ed tiene poder.<\/p>\n\n\n\n<p>De esa experiencia naci\u00f3 tambi\u00e9n&nbsp;Mundo Freire&nbsp;(Youtube), su programa de turismo ancestral, donde el viaje se transform\u00f3 en pr\u00e1ctica emocional y resiliencia en movimiento. En tiempos de ansiedad colectiva, aceleraci\u00f3n y sobrecarga emocional, el libro ofrece un mapa interno: menos reacci\u00f3n, m\u00e1s elecci\u00f3n; menos dramatizaci\u00f3n, m\u00e1s conciencia.<\/p>\n\n\n\n<p>La presentaci\u00f3n se realizar\u00e1 el&nbsp;10 de mayo en la Feria Internacional del Libro de Buenos Aires, en el stand de la editorial&nbsp;Del Nuevo Extremo, donde Silvia firmar\u00e1 ejemplares y compartir\u00e1 con el p\u00fablico esta nueva etapa de su recorrido.<\/p>\n\n\n\n<figure class=\"wp-block-image size-full\"><img loading=\"lazy\" decoding=\"async\" width=\"1000\" height=\"667\" src=\"https:\/\/sergiolapegue.com\/site\/wp-content\/uploads\/2026\/05\/Silvia-Freire-presenta-su-nuevo-libro-estoicada-1.png\" alt=\"\" class=\"wp-image-30039\" srcset=\"https:\/\/sergiolapegue.com\/site\/wp-content\/uploads\/2026\/05\/Silvia-Freire-presenta-su-nuevo-libro-estoicada-1.png 1000w, https:\/\/sergiolapegue.com\/site\/wp-content\/uploads\/2026\/05\/Silvia-Freire-presenta-su-nuevo-libro-estoicada-1-300x200.png 300w, https:\/\/sergiolapegue.com\/site\/wp-content\/uploads\/2026\/05\/Silvia-Freire-presenta-su-nuevo-libro-estoicada-1-768x512.png 768w, https:\/\/sergiolapegue.com\/site\/wp-content\/uploads\/2026\/05\/Silvia-Freire-presenta-su-nuevo-libro-estoicada-1-630x420.png 630w, https:\/\/sergiolapegue.com\/site\/wp-content\/uploads\/2026\/05\/Silvia-Freire-presenta-su-nuevo-libro-estoicada-1-696x464.png 696w\" sizes=\"auto, (max-width: 1000px) 100vw, 1000px\" \/><\/figure>\n\n\n\n<p><strong>SOBRE SILVIA FREIRE<\/strong><\/p>\n\n\n\n<p>Naci\u00f3 en Buenos Aires, Argentina, y desde joven mostr\u00f3 un gran inter\u00e9s por el estudio de la mente humana y el bienestar emocional. Se gradu\u00f3 como psic\u00f3loga en la Universidad de Buenos Aires y posteriormente realiz\u00f3 una maestr\u00eda en Programaci\u00f3n Neuroling\u00fc\u00edstica.<\/p>\n\n\n\n<p>A lo largo de su carrera, Silvia Freire ha desarrollado una metodolog\u00eda propia basada en la integraci\u00f3n de diferentes disciplinas como la psicolog\u00eda, la neurociencia y la espiritualidad.<\/p>\n\n\n\n<p>La psic\u00f3loga tiene m\u00e1s de 30 a\u00f1os de experiencia en medios de comunicaci\u00f3n y un total de 44 a\u00f1os en la literatura.<\/p>\n\n\n\n<p>Es por ello que entre sus libros m\u00e1s famosos se encuentran \u2018Relaci\u00f3nArte: el arte de las relaciones\u2019 y \u2018Resiliente: Descubre la fortaleza interior para transformar tu vida\u2019.<\/p>\n\n\n\n<p>A lo largo de su vida la psic\u00f3loga ha desarrollado su propia metodolog\u00eda para comprender e integrar la neurociencia, psicolog\u00eda y la espiritualidad.<\/p>\n\n\n\n<p>Seg\u00fan sus propias palabras lo que busca es ayudar a las personas a encontrarse a s\u00ed mismas y liberarlas de sus limitaciones personales.<\/p>\n\n\n\n<p>Con su metodolog\u00eda propia, Silvia Freire ha logrado ayudar a miles de personas a liberarse de creencias limitantes y a conectar con su verdadero ser para vivir una vida plena y feliz. Su trabajo ha sido reconocido en numerosas ocasiones y su legado perdurar\u00e1 en las ense\u00f1anzas y herramientas que ha brindado a lo largo de su carrera.<\/p>\n\n\n\n<p>Gracias Max Czajkowski por enviarnos la gacetilla de prensa con toda la informaci\u00f3n del nuevo libro que presenta Silvia Freire.<\/p>\n\n\n\n<p><\/p>\n","protected":false},"excerpt":{"rendered":"<p>Despu\u00e9s de firmar su ciudadan\u00eda italiana y recorrer Europa en motor home, Silvia Freire regresa a la Feria Internacional del Libro de Buenos Aires con una novedad editorial. Silvia Freire, la reconocida escritora y conferencista, vuelve al ruedo con una propuesta bien a su estilo. Luego de firmar su ciudadan\u00eda italiana y recorrer Europa en [&hellip;]<\/p>\n","protected":false},"author":3,"featured_media":30042,"comment_status":"open","ping_status":"closed","sticky":false,"template":"","format":"standard","meta":{"footnotes":""},"categories":[34,37],"tags":[],"class_list":{"0":"post-30038","1":"post","2":"type-post","3":"status-publish","4":"format-standard","5":"has-post-thumbnail","7":"category-arte","8":"category-libros"},"yoast_head":"<!-- This site is optimized with the Yoast SEO plugin v27.5 - https:\/\/yoast.com\/product\/yoast-seo-wordpress\/ -->\n<title>SILVIA FREIRE PRESENTA SU NUEVO LIBRO \u201cESTOICADA\u201d - Sergio Lapegue<\/title>\n<meta name=\"robots\" content=\"index, follow, max-snippet:-1, max-image-preview:large, max-video-preview:-1\" \/>\n<link rel=\"canonical\" href=\"https:\/\/sergiolapegue.com\/site\/2026\/05\/03\/silvia-freire-presenta-su-nuevo-libro-estoicada\/\" \/>\n<meta property=\"og:locale\" content=\"es_ES\" \/>\n<meta property=\"og:type\" content=\"article\" \/>\n<meta property=\"og:title\" content=\"SILVIA FREIRE PRESENTA SU NUEVO LIBRO \u201cESTOICADA\u201d - Sergio Lapegue\" \/>\n<meta property=\"og:description\" content=\"Despu\u00e9s de firmar su ciudadan\u00eda italiana y recorrer Europa en motor home, Silvia Freire regresa a la Feria Internacional del Libro de Buenos Aires con una novedad editorial. Silvia Freire, la reconocida escritora y conferencista, vuelve al ruedo con una propuesta bien a su estilo. Luego de firmar su ciudadan\u00eda italiana y recorrer Europa en [&hellip;]\" \/>\n<meta property=\"og:url\" content=\"https:\/\/sergiolapegue.com\/site\/2026\/05\/03\/silvia-freire-presenta-su-nuevo-libro-estoicada\/\" \/>\n<meta property=\"og:site_name\" content=\"Sergio Lapegue\" \/>\n<meta property=\"article:publisher\" content=\"https:\/\/facebook.com\/sergiolapegue\" \/>\n<meta property=\"article:author\" content=\"https:\/\/facebook.com\/danielernesto.montana\" \/>\n<meta property=\"article:published_time\" content=\"2026-05-03T04:00:00+00:00\" \/>\n<meta property=\"og:image\" content=\"https:\/\/sergiolapegue.com\/site\/wp-content\/uploads\/2026\/05\/Silvia-Freire-presenta-su-nuevo-libro-estoicada.png\" \/>\n\t<meta property=\"og:image:width\" content=\"1000\" \/>\n\t<meta property=\"og:image:height\" content=\"667\" \/>\n\t<meta property=\"og:image:type\" content=\"image\/png\" \/>\n<meta name=\"author\" content=\"Daniel E. Monta\u00f1a\" \/>\n<meta name=\"twitter:card\" content=\"summary_large_image\" \/>\n<meta name=\"twitter:creator\" content=\"@https:\/\/twitter.com\/daner_004\" \/>\n<meta name=\"twitter:site\" content=\"@sergiolapegue\" \/>\n<meta name=\"twitter:label1\" content=\"Escrito por\" \/>\n\t<meta name=\"twitter:data1\" content=\"Daniel E. Monta\u00f1a\" \/>\n\t<meta name=\"twitter:label2\" content=\"Tiempo de lectura\" \/>\n\t<meta name=\"twitter:data2\" content=\"5 minutos\" \/>\n<script type=\"application\/ld+json\" class=\"yoast-schema-graph\">{\"@context\":\"https:\\\/\\\/schema.org\",\"@graph\":[{\"@type\":\"Article\",\"@id\":\"https:\\\/\\\/sergiolapegue.com\\\/site\\\/2026\\\/05\\\/03\\\/silvia-freire-presenta-su-nuevo-libro-estoicada\\\/#article\",\"isPartOf\":{\"@id\":\"https:\\\/\\\/sergiolapegue.com\\\/site\\\/2026\\\/05\\\/03\\\/silvia-freire-presenta-su-nuevo-libro-estoicada\\\/\"},\"author\":{\"name\":\"Daniel E. Monta\u00f1a\",\"@id\":\"https:\\\/\\\/sergiolapegue.com\\\/site\\\/#\\\/schema\\\/person\\\/9198e7dbab43c6d74d0fd5399af7c3cd\"},\"headline\":\"SILVIA FREIRE PRESENTA SU NUEVO LIBRO \u201cESTOICADA\u201d\",\"datePublished\":\"2026-05-03T04:00:00+00:00\",\"mainEntityOfPage\":{\"@id\":\"https:\\\/\\\/sergiolapegue.com\\\/site\\\/2026\\\/05\\\/03\\\/silvia-freire-presenta-su-nuevo-libro-estoicada\\\/\"},\"wordCount\":899,\"commentCount\":0,\"publisher\":{\"@id\":\"https:\\\/\\\/sergiolapegue.com\\\/site\\\/#\\\/schema\\\/person\\\/083aeceeb0734cd166779ea6c0551a37\"},\"image\":{\"@id\":\"https:\\\/\\\/sergiolapegue.com\\\/site\\\/2026\\\/05\\\/03\\\/silvia-freire-presenta-su-nuevo-libro-estoicada\\\/#primaryimage\"},\"thumbnailUrl\":\"https:\\\/\\\/sergiolapegue.com\\\/site\\\/wp-content\\\/uploads\\\/2026\\\/05\\\/Silvia-Freire-presenta-su-nuevo-libro-estoicada.png\",\"articleSection\":[\"Arte\",\"Libros\"],\"inLanguage\":\"es-AR\",\"potentialAction\":[{\"@type\":\"CommentAction\",\"name\":\"Comment\",\"target\":[\"https:\\\/\\\/sergiolapegue.com\\\/site\\\/2026\\\/05\\\/03\\\/silvia-freire-presenta-su-nuevo-libro-estoicada\\\/#respond\"]}]},{\"@type\":\"WebPage\",\"@id\":\"https:\\\/\\\/sergiolapegue.com\\\/site\\\/2026\\\/05\\\/03\\\/silvia-freire-presenta-su-nuevo-libro-estoicada\\\/\",\"url\":\"https:\\\/\\\/sergiolapegue.com\\\/site\\\/2026\\\/05\\\/03\\\/silvia-freire-presenta-su-nuevo-libro-estoicada\\\/\",\"name\":\"SILVIA FREIRE PRESENTA SU NUEVO LIBRO \u201cESTOICADA\u201d - Sergio Lapegue\",\"isPartOf\":{\"@id\":\"https:\\\/\\\/sergiolapegue.com\\\/site\\\/#website\"},\"primaryImageOfPage\":{\"@id\":\"https:\\\/\\\/sergiolapegue.com\\\/site\\\/2026\\\/05\\\/03\\\/silvia-freire-presenta-su-nuevo-libro-estoicada\\\/#primaryimage\"},\"image\":{\"@id\":\"https:\\\/\\\/sergiolapegue.com\\\/site\\\/2026\\\/05\\\/03\\\/silvia-freire-presenta-su-nuevo-libro-estoicada\\\/#primaryimage\"},\"thumbnailUrl\":\"https:\\\/\\\/sergiolapegue.com\\\/site\\\/wp-content\\\/uploads\\\/2026\\\/05\\\/Silvia-Freire-presenta-su-nuevo-libro-estoicada.png\",\"datePublished\":\"2026-05-03T04:00:00+00:00\",\"breadcrumb\":{\"@id\":\"https:\\\/\\\/sergiolapegue.com\\\/site\\\/2026\\\/05\\\/03\\\/silvia-freire-presenta-su-nuevo-libro-estoicada\\\/#breadcrumb\"},\"inLanguage\":\"es-AR\",\"potentialAction\":[{\"@type\":\"ReadAction\",\"target\":[\"https:\\\/\\\/sergiolapegue.com\\\/site\\\/2026\\\/05\\\/03\\\/silvia-freire-presenta-su-nuevo-libro-estoicada\\\/\"]}]},{\"@type\":\"ImageObject\",\"inLanguage\":\"es-AR\",\"@id\":\"https:\\\/\\\/sergiolapegue.com\\\/site\\\/2026\\\/05\\\/03\\\/silvia-freire-presenta-su-nuevo-libro-estoicada\\\/#primaryimage\",\"url\":\"https:\\\/\\\/sergiolapegue.com\\\/site\\\/wp-content\\\/uploads\\\/2026\\\/05\\\/Silvia-Freire-presenta-su-nuevo-libro-estoicada.png\",\"contentUrl\":\"https:\\\/\\\/sergiolapegue.com\\\/site\\\/wp-content\\\/uploads\\\/2026\\\/05\\\/Silvia-Freire-presenta-su-nuevo-libro-estoicada.png\",\"width\":1000,\"height\":667},{\"@type\":\"BreadcrumbList\",\"@id\":\"https:\\\/\\\/sergiolapegue.com\\\/site\\\/2026\\\/05\\\/03\\\/silvia-freire-presenta-su-nuevo-libro-estoicada\\\/#breadcrumb\",\"itemListElement\":[{\"@type\":\"ListItem\",\"position\":1,\"name\":\"Inicio\",\"item\":\"https:\\\/\\\/sergiolapegue.com\\\/site\\\/\"},{\"@type\":\"ListItem\",\"position\":2,\"name\":\"SILVIA FREIRE PRESENTA SU NUEVO LIBRO \u201cESTOICADA\u201d\"}]},{\"@type\":\"WebSite\",\"@id\":\"https:\\\/\\\/sergiolapegue.com\\\/site\\\/#website\",\"url\":\"https:\\\/\\\/sergiolapegue.com\\\/site\\\/\",\"name\":\"Sergio Lapegue\",\"description\":\"Periodista\",\"publisher\":{\"@id\":\"https:\\\/\\\/sergiolapegue.com\\\/site\\\/#\\\/schema\\\/person\\\/083aeceeb0734cd166779ea6c0551a37\"},\"potentialAction\":[{\"@type\":\"SearchAction\",\"target\":{\"@type\":\"EntryPoint\",\"urlTemplate\":\"https:\\\/\\\/sergiolapegue.com\\\/site\\\/?s={search_term_string}\"},\"query-input\":{\"@type\":\"PropertyValueSpecification\",\"valueRequired\":true,\"valueName\":\"search_term_string\"}}],\"inLanguage\":\"es-AR\"},{\"@type\":[\"Person\",\"Organization\"],\"@id\":\"https:\\\/\\\/sergiolapegue.com\\\/site\\\/#\\\/schema\\\/person\\\/083aeceeb0734cd166779ea6c0551a37\",\"name\":\"Sergio Lapegue\",\"image\":{\"@type\":\"ImageObject\",\"inLanguage\":\"es-AR\",\"@id\":\"https:\\\/\\\/sergiolapegue.com\\\/site\\\/wp-content\\\/uploads\\\/2021\\\/04\\\/logo_header-1.png\",\"url\":\"https:\\\/\\\/sergiolapegue.com\\\/site\\\/wp-content\\\/uploads\\\/2021\\\/04\\\/logo_header-1.png\",\"contentUrl\":\"https:\\\/\\\/sergiolapegue.com\\\/site\\\/wp-content\\\/uploads\\\/2021\\\/04\\\/logo_header-1.png\",\"width\":272,\"height\":90,\"caption\":\"Sergio Lapegue\"},\"logo\":{\"@id\":\"https:\\\/\\\/sergiolapegue.com\\\/site\\\/wp-content\\\/uploads\\\/2021\\\/04\\\/logo_header-1.png\"},\"sameAs\":[\"https:\\\/\\\/facebook.com\\\/sergiolapegue\",\"https:\\\/\\\/instagram.com\\\/sergiolapegue\",\"https:\\\/\\\/x.com\\\/https:\\\/\\\/twitter.com\\\/sergiolapegue\"]},{\"@type\":\"Person\",\"@id\":\"https:\\\/\\\/sergiolapegue.com\\\/site\\\/#\\\/schema\\\/person\\\/9198e7dbab43c6d74d0fd5399af7c3cd\",\"name\":\"Daniel E. Monta\u00f1a\",\"image\":{\"@type\":\"ImageObject\",\"inLanguage\":\"es-AR\",\"@id\":\"https:\\\/\\\/sergiolapegue.com\\\/site\\\/wp-content\\\/uploads\\\/2021\\\/04\\\/sl_avatar_Daniel-150x150.jpg\",\"url\":\"https:\\\/\\\/sergiolapegue.com\\\/site\\\/wp-content\\\/uploads\\\/2021\\\/04\\\/sl_avatar_Daniel-150x150.jpg\",\"contentUrl\":\"https:\\\/\\\/sergiolapegue.com\\\/site\\\/wp-content\\\/uploads\\\/2021\\\/04\\\/sl_avatar_Daniel-150x150.jpg\",\"caption\":\"Daniel E. Monta\u00f1a\"},\"sameAs\":[\"https:\\\/\\\/facebook.com\\\/danielernesto.montana\",\"https:\\\/\\\/instagram.com\\\/daniel_montana1961\",\"https:\\\/\\\/x.com\\\/https:\\\/\\\/twitter.com\\\/daner_004\"],\"url\":\"https:\\\/\\\/sergiolapegue.com\\\/site\\\/author\\\/daniel\\\/\"}]}<\/script>\n<!-- \/ Yoast SEO plugin. -->","yoast_head_json":{"title":"SILVIA FREIRE PRESENTA SU NUEVO LIBRO \u201cESTOICADA\u201d - Sergio Lapegue","robots":{"index":"index","follow":"follow","max-snippet":"max-snippet:-1","max-image-preview":"max-image-preview:large","max-video-preview":"max-video-preview:-1"},"canonical":"https:\/\/sergiolapegue.com\/site\/2026\/05\/03\/silvia-freire-presenta-su-nuevo-libro-estoicada\/","og_locale":"es_ES","og_type":"article","og_title":"SILVIA FREIRE PRESENTA SU NUEVO LIBRO \u201cESTOICADA\u201d - Sergio Lapegue","og_description":"Despu\u00e9s de firmar su ciudadan\u00eda italiana y recorrer Europa en motor home, Silvia Freire regresa a la Feria Internacional del Libro de Buenos Aires con una novedad editorial. Silvia Freire, la reconocida escritora y conferencista, vuelve al ruedo con una propuesta bien a su estilo. Luego de firmar su ciudadan\u00eda italiana y recorrer Europa en [&hellip;]","og_url":"https:\/\/sergiolapegue.com\/site\/2026\/05\/03\/silvia-freire-presenta-su-nuevo-libro-estoicada\/","og_site_name":"Sergio Lapegue","article_publisher":"https:\/\/facebook.com\/sergiolapegue","article_author":"https:\/\/facebook.com\/danielernesto.montana","article_published_time":"2026-05-03T04:00:00+00:00","og_image":[{"width":1000,"height":667,"url":"https:\/\/sergiolapegue.com\/site\/wp-content\/uploads\/2026\/05\/Silvia-Freire-presenta-su-nuevo-libro-estoicada.png","type":"image\/png"}],"author":"Daniel E. Monta\u00f1a","twitter_card":"summary_large_image","twitter_creator":"@https:\/\/twitter.com\/daner_004","twitter_site":"@sergiolapegue","twitter_misc":{"Escrito por":"Daniel E. Monta\u00f1a","Tiempo de lectura":"5 minutos"},"schema":{"@context":"https:\/\/schema.org","@graph":[{"@type":"Article","@id":"https:\/\/sergiolapegue.com\/site\/2026\/05\/03\/silvia-freire-presenta-su-nuevo-libro-estoicada\/#article","isPartOf":{"@id":"https:\/\/sergiolapegue.com\/site\/2026\/05\/03\/silvia-freire-presenta-su-nuevo-libro-estoicada\/"},"author":{"name":"Daniel E. Monta\u00f1a","@id":"https:\/\/sergiolapegue.com\/site\/#\/schema\/person\/9198e7dbab43c6d74d0fd5399af7c3cd"},"headline":"SILVIA FREIRE PRESENTA SU NUEVO LIBRO \u201cESTOICADA\u201d","datePublished":"2026-05-03T04:00:00+00:00","mainEntityOfPage":{"@id":"https:\/\/sergiolapegue.com\/site\/2026\/05\/03\/silvia-freire-presenta-su-nuevo-libro-estoicada\/"},"wordCount":899,"commentCount":0,"publisher":{"@id":"https:\/\/sergiolapegue.com\/site\/#\/schema\/person\/083aeceeb0734cd166779ea6c0551a37"},"image":{"@id":"https:\/\/sergiolapegue.com\/site\/2026\/05\/03\/silvia-freire-presenta-su-nuevo-libro-estoicada\/#primaryimage"},"thumbnailUrl":"https:\/\/sergiolapegue.com\/site\/wp-content\/uploads\/2026\/05\/Silvia-Freire-presenta-su-nuevo-libro-estoicada.png","articleSection":["Arte","Libros"],"inLanguage":"es-AR","potentialAction":[{"@type":"CommentAction","name":"Comment","target":["https:\/\/sergiolapegue.com\/site\/2026\/05\/03\/silvia-freire-presenta-su-nuevo-libro-estoicada\/#respond"]}]},{"@type":"WebPage","@id":"https:\/\/sergiolapegue.com\/site\/2026\/05\/03\/silvia-freire-presenta-su-nuevo-libro-estoicada\/","url":"https:\/\/sergiolapegue.com\/site\/2026\/05\/03\/silvia-freire-presenta-su-nuevo-libro-estoicada\/","name":"SILVIA FREIRE PRESENTA SU NUEVO LIBRO \u201cESTOICADA\u201d - Sergio Lapegue","isPartOf":{"@id":"https:\/\/sergiolapegue.com\/site\/#website"},"primaryImageOfPage":{"@id":"https:\/\/sergiolapegue.com\/site\/2026\/05\/03\/silvia-freire-presenta-su-nuevo-libro-estoicada\/#primaryimage"},"image":{"@id":"https:\/\/sergiolapegue.com\/site\/2026\/05\/03\/silvia-freire-presenta-su-nuevo-libro-estoicada\/#primaryimage"},"thumbnailUrl":"https:\/\/sergiolapegue.com\/site\/wp-content\/uploads\/2026\/05\/Silvia-Freire-presenta-su-nuevo-libro-estoicada.png","datePublished":"2026-05-03T04:00:00+00:00","breadcrumb":{"@id":"https:\/\/sergiolapegue.com\/site\/2026\/05\/03\/silvia-freire-presenta-su-nuevo-libro-estoicada\/#breadcrumb"},"inLanguage":"es-AR","potentialAction":[{"@type":"ReadAction","target":["https:\/\/sergiolapegue.com\/site\/2026\/05\/03\/silvia-freire-presenta-su-nuevo-libro-estoicada\/"]}]},{"@type":"ImageObject","inLanguage":"es-AR","@id":"https:\/\/sergiolapegue.com\/site\/2026\/05\/03\/silvia-freire-presenta-su-nuevo-libro-estoicada\/#primaryimage","url":"https:\/\/sergiolapegue.com\/site\/wp-content\/uploads\/2026\/05\/Silvia-Freire-presenta-su-nuevo-libro-estoicada.png","contentUrl":"https:\/\/sergiolapegue.com\/site\/wp-content\/uploads\/2026\/05\/Silvia-Freire-presenta-su-nuevo-libro-estoicada.png","width":1000,"height":667},{"@type":"BreadcrumbList","@id":"https:\/\/sergiolapegue.com\/site\/2026\/05\/03\/silvia-freire-presenta-su-nuevo-libro-estoicada\/#breadcrumb","itemListElement":[{"@type":"ListItem","position":1,"name":"Inicio","item":"https:\/\/sergiolapegue.com\/site\/"},{"@type":"ListItem","position":2,"name":"SILVIA FREIRE PRESENTA SU NUEVO LIBRO \u201cESTOICADA\u201d"}]},{"@type":"WebSite","@id":"https:\/\/sergiolapegue.com\/site\/#website","url":"https:\/\/sergiolapegue.com\/site\/","name":"Sergio Lapegue","description":"Periodista","publisher":{"@id":"https:\/\/sergiolapegue.com\/site\/#\/schema\/person\/083aeceeb0734cd166779ea6c0551a37"},"potentialAction":[{"@type":"SearchAction","target":{"@type":"EntryPoint","urlTemplate":"https:\/\/sergiolapegue.com\/site\/?s={search_term_string}"},"query-input":{"@type":"PropertyValueSpecification","valueRequired":true,"valueName":"search_term_string"}}],"inLanguage":"es-AR"},{"@type":["Person","Organization"],"@id":"https:\/\/sergiolapegue.com\/site\/#\/schema\/person\/083aeceeb0734cd166779ea6c0551a37","name":"Sergio Lapegue","image":{"@type":"ImageObject","inLanguage":"es-AR","@id":"https:\/\/sergiolapegue.com\/site\/wp-content\/uploads\/2021\/04\/logo_header-1.png","url":"https:\/\/sergiolapegue.com\/site\/wp-content\/uploads\/2021\/04\/logo_header-1.png","contentUrl":"https:\/\/sergiolapegue.com\/site\/wp-content\/uploads\/2021\/04\/logo_header-1.png","width":272,"height":90,"caption":"Sergio Lapegue"},"logo":{"@id":"https:\/\/sergiolapegue.com\/site\/wp-content\/uploads\/2021\/04\/logo_header-1.png"},"sameAs":["https:\/\/facebook.com\/sergiolapegue","https:\/\/instagram.com\/sergiolapegue","https:\/\/x.com\/https:\/\/twitter.com\/sergiolapegue"]},{"@type":"Person","@id":"https:\/\/sergiolapegue.com\/site\/#\/schema\/person\/9198e7dbab43c6d74d0fd5399af7c3cd","name":"Daniel E. Monta\u00f1a","image":{"@type":"ImageObject","inLanguage":"es-AR","@id":"https:\/\/sergiolapegue.com\/site\/wp-content\/uploads\/2021\/04\/sl_avatar_Daniel-150x150.jpg","url":"https:\/\/sergiolapegue.com\/site\/wp-content\/uploads\/2021\/04\/sl_avatar_Daniel-150x150.jpg","contentUrl":"https:\/\/sergiolapegue.com\/site\/wp-content\/uploads\/2021\/04\/sl_avatar_Daniel-150x150.jpg","caption":"Daniel E. Monta\u00f1a"},"sameAs":["https:\/\/facebook.com\/danielernesto.montana","https:\/\/instagram.com\/daniel_montana1961","https:\/\/x.com\/https:\/\/twitter.com\/daner_004"],"url":"https:\/\/sergiolapegue.com\/site\/author\/daniel\/"}]}},"_links":{"self":[{"href":"https:\/\/sergiolapegue.com\/site\/wp-json\/wp\/v2\/posts\/30038","targetHints":{"allow":["GET"]}}],"collection":[{"href":"https:\/\/sergiolapegue.com\/site\/wp-json\/wp\/v2\/posts"}],"about":[{"href":"https:\/\/sergiolapegue.com\/site\/wp-json\/wp\/v2\/types\/post"}],"author":[{"embeddable":true,"href":"https:\/\/sergiolapegue.com\/site\/wp-json\/wp\/v2\/users\/3"}],"replies":[{"embeddable":true,"href":"https:\/\/sergiolapegue.com\/site\/wp-json\/wp\/v2\/comments?post=30038"}],"version-history":[{"count":1,"href":"https:\/\/sergiolapegue.com\/site\/wp-json\/wp\/v2\/posts\/30038\/revisions"}],"predecessor-version":[{"id":30043,"href":"https:\/\/sergiolapegue.com\/site\/wp-json\/wp\/v2\/posts\/30038\/revisions\/30043"}],"wp:featuredmedia":[{"embeddable":true,"href":"https:\/\/sergiolapegue.com\/site\/wp-json\/wp\/v2\/media\/30042"}],"wp:attachment":[{"href":"https:\/\/sergiolapegue.com\/site\/wp-json\/wp\/v2\/media?parent=30038"}],"wp:term":[{"taxonomy":"category","embeddable":true,"href":"https:\/\/sergiolapegue.com\/site\/wp-json\/wp\/v2\/categories?post=30038"},{"taxonomy":"post_tag","embeddable":true,"href":"https:\/\/sergiolapegue.com\/site\/wp-json\/wp\/v2\/tags?post=30038"}],"curies":[{"name":"wp","href":"https:\/\/api.w.org\/{rel}","templated":true}]}}