{"id":30030,"date":"2026-05-02T17:00:00","date_gmt":"2026-05-02T20:00:00","guid":{"rendered":"https:\/\/sergiolapegue.com\/site\/?p=30030"},"modified":"2026-05-01T17:30:18","modified_gmt":"2026-05-01T20:30:18","slug":"waminix-vuelve-a-timbre-4","status":"publish","type":"post","link":"https:\/\/sergiolapegue.com\/site\/2026\/05\/02\/waminix-vuelve-a-timbre-4\/","title":{"rendered":"\u201cWAMINIX\u201d VUELVE A TIMBRE 4"},"content":{"rendered":"\n<p>Vuelve &#8220;Waminix&#8221;, un espect\u00e1culo de circo contempor\u00e1neo producido por Proyecto Migra, con dramaturgia de Creaci\u00f3n Colectiva, bajo la direcci\u00f3n de Leticia Gonz\u00e1lez de Lellis y Osqui Guzm\u00e1n y las actuaciones deLeticia Vetrano, Sof\u00eda Ivy, Paz Cogorno, V\u00edctor Mi\u00f1\u00f3n, Jonathan Uriarte y Mariano Carneiro.<\/p>\n\n\n\n<p>La obra se presentar\u00e1 los d\u00edas domingos a las 16:00 horas, en el Teatro Timbre 4.<\/p>\n\n\n\n<figure class=\"wp-block-image size-full\"><img loading=\"lazy\" decoding=\"async\" width=\"1000\" height=\"668\" src=\"https:\/\/sergiolapegue.com\/site\/wp-content\/uploads\/2026\/05\/Waminix-vuelve-a-timbre-4-1.jpg\" alt=\"\" class=\"wp-image-30031\" srcset=\"https:\/\/sergiolapegue.com\/site\/wp-content\/uploads\/2026\/05\/Waminix-vuelve-a-timbre-4-1.jpg 1000w, https:\/\/sergiolapegue.com\/site\/wp-content\/uploads\/2026\/05\/Waminix-vuelve-a-timbre-4-1-300x200.jpg 300w, https:\/\/sergiolapegue.com\/site\/wp-content\/uploads\/2026\/05\/Waminix-vuelve-a-timbre-4-1-768x513.jpg 768w, https:\/\/sergiolapegue.com\/site\/wp-content\/uploads\/2026\/05\/Waminix-vuelve-a-timbre-4-1-629x420.jpg 629w, https:\/\/sergiolapegue.com\/site\/wp-content\/uploads\/2026\/05\/Waminix-vuelve-a-timbre-4-1-696x465.jpg 696w\" sizes=\"auto, (max-width: 1000px) 100vw, 1000px\" \/><\/figure>\n\n\n\n<p><strong>SINOPSIS<\/strong><\/p>\n\n\n\n<p>En un futuro distante y sombr\u00edo, el mundo est\u00e1 gobernado por los cabeza de tacho. La comunidad Waminix, un grupo de payasos mutantes, conforman la resistencia. Sus recursos naturales son la escasa memoria de ciertos rituales. La tiran\u00eda de los cabeza de tacho se ha vuelto insoportable y Waminix tendr\u00e1 que enfrentarlos para poder sobrevivir.<\/p>\n\n\n\n<p>Un espect\u00e1culo donde el circo\/teatro, como g\u00e9neros siameses, se acusan, se mezclan y se abrazan, para invitarlos a ver c\u00f3mo en Waminix, estos payasos salvan el mundo a pura risa, destrezas y poes\u00eda.<\/p>\n\n\n\n<figure class=\"wp-block-image size-full\"><img loading=\"lazy\" decoding=\"async\" width=\"1000\" height=\"563\" src=\"https:\/\/sergiolapegue.com\/site\/wp-content\/uploads\/2026\/05\/Waminix-vuelve-a-timbre-4-2.jpg\" alt=\"\" class=\"wp-image-30032\" srcset=\"https:\/\/sergiolapegue.com\/site\/wp-content\/uploads\/2026\/05\/Waminix-vuelve-a-timbre-4-2.jpg 1000w, https:\/\/sergiolapegue.com\/site\/wp-content\/uploads\/2026\/05\/Waminix-vuelve-a-timbre-4-2-300x169.jpg 300w, https:\/\/sergiolapegue.com\/site\/wp-content\/uploads\/2026\/05\/Waminix-vuelve-a-timbre-4-2-768x432.jpg 768w, https:\/\/sergiolapegue.com\/site\/wp-content\/uploads\/2026\/05\/Waminix-vuelve-a-timbre-4-2-746x420.jpg 746w, https:\/\/sergiolapegue.com\/site\/wp-content\/uploads\/2026\/05\/Waminix-vuelve-a-timbre-4-2-696x392.jpg 696w\" sizes=\"auto, (max-width: 1000px) 100vw, 1000px\" \/><\/figure>\n\n\n\n<p><strong>FICHA T\u00c9CNICO ART\u00cdSTICA<\/strong><\/p>\n\n\n\n<p><strong>Dramaturgia:&nbsp;<\/strong>Creaci\u00f3n colectiva<\/p>\n\n\n\n<p><strong>Elenco:&nbsp;<\/strong>Leticia Vetrano, Sof\u00eda Ivy, Paz Cogorno, V\u00edctor Mi\u00f1\u00f3n, Jonathan Uriarte, Mariano Carneiro<\/p>\n\n\n\n<p><strong>Dise\u00f1o de vestuario:&nbsp;<\/strong>Jorge L\u00f3pez<\/p>\n\n\n\n<p><strong>Dise\u00f1o de escenograf\u00eda:&nbsp;<\/strong>Proyecto Migra, Duilio Della Pittima<\/p>\n\n\n\n<p><strong>Realizaci\u00f3n de estructura y escenograf\u00eda:&nbsp;<\/strong>Duilio Della Pittima<\/p>\n\n\n\n<p><strong>Dise\u00f1o marioneta:&nbsp;<\/strong>Alfredo Uriarte<\/p>\n\n\n\n<p><strong>Realizaci\u00f3n marioneta:&nbsp;<\/strong>Johnatan Uriarte, V\u00edctor Mi\u00f1\u00f3n<\/p>\n\n\n\n<p><strong>M\u00fasica original:&nbsp;<\/strong>Tom\u00e1s Rodr\u00edguez<\/p>\n\n\n\n<p><strong>Composici\u00f3n de letras:&nbsp;<\/strong>Paz Cogorno<\/p>\n\n\n\n<p><strong>Dise\u00f1o lum\u00ednico:&nbsp;<\/strong>Adri\u00e1n Cintioli<\/p>\n\n\n\n<p><strong>T\u00e9cnica de sonido y asistencia:&nbsp;<\/strong>Natalia Caggiano<\/p>\n\n\n\n<p><strong>Identidad y dise\u00f1o gr\u00e1fico:&nbsp;<\/strong>LIMA<\/p>\n\n\n\n<p><strong>Redes:&nbsp;<\/strong>Florencia Valeri<\/p>\n\n\n\n<p><strong>Fotograf\u00eda:&nbsp;<\/strong>Pablo M<\/p>\n\n\n\n<p><strong>Comunicaci\u00f3n y prensa:&nbsp;<\/strong>Mutuverr\u00eda PR<\/p>\n\n\n\n<p><strong>Producci\u00f3n general:&nbsp;<\/strong>Proyecto Migra<\/p>\n\n\n\n<p><strong>Producci\u00f3n ejecutiva:<\/strong>&nbsp;Proyecto Migra<\/p>\n\n\n\n<p><strong>Direcci\u00f3n:&nbsp;<\/strong>Leticia Gonz\u00e1lez De Lellis, Osqui Guzm\u00e1n<\/p>\n\n\n\n<p><strong>Duraci\u00f3n:<\/strong> 80 minutos<\/p>\n\n\n\n<p><strong>Clasificaci\u00f3n:<\/strong> Teatro \u2013 Presencial \u2013 Infantiles \u2013 Circo<\/p>\n\n\n\n<p><strong>Participaciones<\/strong><\/p>\n\n\n\n<p><strong>#<\/strong> Este espect\u00e1culo form\u00f3 parte del evento: Festival Internacional de Circo Independiente 2023<\/p>\n\n\n\n<p><strong>#<\/strong> Este espect\u00e1culo form\u00f3 parte del evento: Super Vacaciones de Invierno 2025<\/p>\n\n\n\n<figure class=\"wp-block-image size-full\"><img loading=\"lazy\" decoding=\"async\" width=\"1000\" height=\"668\" src=\"https:\/\/sergiolapegue.com\/site\/wp-content\/uploads\/2026\/05\/Waminix-vuelve-a-timbre-4-3.jpg\" alt=\"\" class=\"wp-image-30033\" srcset=\"https:\/\/sergiolapegue.com\/site\/wp-content\/uploads\/2026\/05\/Waminix-vuelve-a-timbre-4-3.jpg 1000w, https:\/\/sergiolapegue.com\/site\/wp-content\/uploads\/2026\/05\/Waminix-vuelve-a-timbre-4-3-300x200.jpg 300w, https:\/\/sergiolapegue.com\/site\/wp-content\/uploads\/2026\/05\/Waminix-vuelve-a-timbre-4-3-768x513.jpg 768w, https:\/\/sergiolapegue.com\/site\/wp-content\/uploads\/2026\/05\/Waminix-vuelve-a-timbre-4-3-629x420.jpg 629w, https:\/\/sergiolapegue.com\/site\/wp-content\/uploads\/2026\/05\/Waminix-vuelve-a-timbre-4-3-696x465.jpg 696w\" sizes=\"auto, (max-width: 1000px) 100vw, 1000px\" \/><\/figure>\n\n\n\n<p><strong>TIMBRE 4<\/strong><\/p>\n\n\n\n<p>M\u00e9xico 3554 \u2013 Capital Federal \u2013 Buenos Aires \u2013 Argentina<\/p>\n\n\n\n<p>Tel\u00e9fono: 4931-9077 (escuela)<\/p>\n\n\n\n<p>Entradas: $ 20.000 \u2013 en boleter\u00eda del teatro o por Alternativa Teatral \u2013 Link:<\/p>\n\n\n\n<p><a href=\"https:\/\/publico.alternativateatral.com\/entradas86178-waminix?o=14\">Entradas para Waminix en TIMBRE 4 &#8211; Alternativa Teatral<\/a><\/p>\n\n\n\n<p>Funciones: Domingos 16:00 horas \u2013 Del 10\/05\/2026 al 28\/06\/2026<\/p>\n\n\n\n<p>Gracias Mutuverr\u00eda PR por hacernos llegar la gacetilla de prensa de la nueva temporada de este espect\u00e1culo.<\/p>\n\n\n\n<figure class=\"wp-block-image size-full is-resized\"><img loading=\"lazy\" decoding=\"async\" width=\"1000\" height=\"664\" src=\"https:\/\/sergiolapegue.com\/site\/wp-content\/uploads\/2026\/05\/Waminix-vuelve-a-timbre-4-4.png\" alt=\"\" class=\"wp-image-30035\" style=\"aspect-ratio:1.4144544646259367;width:332px;height:auto\" srcset=\"https:\/\/sergiolapegue.com\/site\/wp-content\/uploads\/2026\/05\/Waminix-vuelve-a-timbre-4-4.png 1000w, https:\/\/sergiolapegue.com\/site\/wp-content\/uploads\/2026\/05\/Waminix-vuelve-a-timbre-4-4-300x199.png 300w, https:\/\/sergiolapegue.com\/site\/wp-content\/uploads\/2026\/05\/Waminix-vuelve-a-timbre-4-4-768x510.png 768w, https:\/\/sergiolapegue.com\/site\/wp-content\/uploads\/2026\/05\/Waminix-vuelve-a-timbre-4-4-633x420.png 633w, https:\/\/sergiolapegue.com\/site\/wp-content\/uploads\/2026\/05\/Waminix-vuelve-a-timbre-4-4-696x462.png 696w\" sizes=\"auto, (max-width: 1000px) 100vw, 1000px\" \/><\/figure>\n\n\n\n<p><strong>SOBRE PROYECTO MIGRA<\/strong><\/p>\n\n\n\n<p>Proyecto MIGRA&nbsp;es una plataforma fundada en 2015, especializada en circo contempor\u00e1neo con una fuerte impronta teatral. En el transcurso de estos a\u00f1os se han constituido como un referente en Argentina y Am\u00e9rica Latina por la calidad y singularidad de sus propuestas. La compa\u00f1\u00eda se compone de un equipo de artistas, productores y t\u00e9cnicos que impulsan las propuestas de la plataforma: espect\u00e1culos, F.I.Ci.Co &#8211; Formaci\u00f3n Integral de Circo Contempor\u00e1neo, Enlace &#8211; Residencia de Creaci\u00f3n para Artistas Profesionales, carpa-teatro propia con capacidad para 200 espectadores, el Festival Internacional de Circo Independiente, entre otras propuestas.<\/p>\n\n\n\n<p>M\u00e1s de 85.000 espectadores asistieron a los espect\u00e1culos, carpa-teatro y festivales organizados por MIGRA; y m\u00e1s de 600 alumnos y artistas residentes fueron parte de FICICO y ENLACE. Asimismo, a lo largo de esta d\u00e9cada MIGRA realiz\u00f3 coproducciones y giras en Francia, B\u00e9lgica, Espa\u00f1a, Uruguay, Brasil, Canad\u00e1, Chile e Italia.&nbsp;Algunas de las creaciones de estos diez a\u00f1os son: Un Domingo, Waminix y Bruto. Hotel Monday es su nueva obra de teatro total.&nbsp;Adem\u00e1s, los miembros de la compa\u00f1\u00eda impulsan obras personales que Migra acompa\u00f1a como cartelera asociada: Velar la noche (de Sof\u00eda Galliano y Gabi Parigi), Soy (de Paz Cogorno), Rodamundos (de V\u00edctor&nbsp;Mi\u00f1\u00f3n&nbsp;y Jonathan Uriarte), Ginger &amp; Monique (de Paz Cogorno y Leticia Vetrano), La Ceremonia (de Tom\u00e1s Soko), Fuera (de Leticia Vetrano) y Consagrada, el fracaso del \u00e9xito (de Gabi Parigi).<\/p>\n\n\n\n<p>Proyecto MIGRA\u00a0est\u00e1 conformado por Florencia Valeri (acr\u00f3bata, bailarina, actriz y docente), Tom\u00e1s Soko (actor, malabarista, director, docente y productor), Gabi Parigi (acr\u00f3bata, actriz, docente y directora art\u00edstica), Sof\u00eda Galliano (acr\u00f3bata a\u00e9rea, actriz, bailarina y docente), Leticia Vetrano (actriz, payasa, directora, docente y productora), Jonathan Uriarte (actor, acr\u00f3bata, docente y rigger), Paz Cogorno (actriz, comediante, productora y docente) y V\u00edctor Mi\u00f1\u00f3n (acr\u00f3bata, titiritero, docente y productor).<\/p>\n\n\n\n<p><\/p>\n","protected":false},"excerpt":{"rendered":"<p>Vuelve &#8220;Waminix&#8221;, un espect\u00e1culo de circo contempor\u00e1neo producido por Proyecto Migra, con dramaturgia de Creaci\u00f3n Colectiva, bajo la direcci\u00f3n de Leticia Gonz\u00e1lez de Lellis y Osqui Guzm\u00e1n y las actuaciones deLeticia Vetrano, Sof\u00eda Ivy, Paz Cogorno, V\u00edctor Mi\u00f1\u00f3n, Jonathan Uriarte y Mariano Carneiro. La obra se presentar\u00e1 los d\u00edas domingos a las 16:00 horas, en [&hellip;]<\/p>\n","protected":false},"author":3,"featured_media":30036,"comment_status":"open","ping_status":"closed","sticky":false,"template":"","format":"standard","meta":{"footnotes":""},"categories":[34,35],"tags":[],"class_list":{"0":"post-30030","1":"post","2":"type-post","3":"status-publish","4":"format-standard","5":"has-post-thumbnail","7":"category-arte","8":"category-teatro"},"yoast_head":"<!-- This site is optimized with the Yoast SEO plugin v27.5 - https:\/\/yoast.com\/product\/yoast-seo-wordpress\/ -->\n<title>\u201cWAMINIX\u201d VUELVE A TIMBRE 4 - Sergio Lapegue<\/title>\n<meta name=\"robots\" content=\"index, follow, max-snippet:-1, max-image-preview:large, max-video-preview:-1\" \/>\n<link rel=\"canonical\" href=\"https:\/\/sergiolapegue.com\/site\/2026\/05\/02\/waminix-vuelve-a-timbre-4\/\" \/>\n<meta property=\"og:locale\" content=\"es_ES\" \/>\n<meta property=\"og:type\" content=\"article\" \/>\n<meta property=\"og:title\" content=\"\u201cWAMINIX\u201d VUELVE A TIMBRE 4 - Sergio Lapegue\" \/>\n<meta property=\"og:description\" content=\"Vuelve &#8220;Waminix&#8221;, un espect\u00e1culo de circo contempor\u00e1neo producido por Proyecto Migra, con dramaturgia de Creaci\u00f3n Colectiva, bajo la direcci\u00f3n de Leticia Gonz\u00e1lez de Lellis y Osqui Guzm\u00e1n y las actuaciones deLeticia Vetrano, Sof\u00eda Ivy, Paz Cogorno, V\u00edctor Mi\u00f1\u00f3n, Jonathan Uriarte y Mariano Carneiro. La obra se presentar\u00e1 los d\u00edas domingos a las 16:00 horas, en [&hellip;]\" \/>\n<meta property=\"og:url\" content=\"https:\/\/sergiolapegue.com\/site\/2026\/05\/02\/waminix-vuelve-a-timbre-4\/\" \/>\n<meta property=\"og:site_name\" content=\"Sergio Lapegue\" \/>\n<meta property=\"article:publisher\" content=\"https:\/\/facebook.com\/sergiolapegue\" \/>\n<meta property=\"article:author\" content=\"https:\/\/facebook.com\/danielernesto.montana\" \/>\n<meta property=\"article:published_time\" content=\"2026-05-02T20:00:00+00:00\" \/>\n<meta property=\"og:image\" content=\"https:\/\/sergiolapegue.com\/site\/wp-content\/uploads\/2026\/05\/Waminix-vuelve-a-timbre-4.jpg\" \/>\n\t<meta property=\"og:image:width\" content=\"1000\" \/>\n\t<meta property=\"og:image:height\" content=\"668\" \/>\n\t<meta property=\"og:image:type\" content=\"image\/jpeg\" \/>\n<meta name=\"author\" content=\"Daniel E. Monta\u00f1a\" \/>\n<meta name=\"twitter:card\" content=\"summary_large_image\" \/>\n<meta name=\"twitter:creator\" content=\"@https:\/\/twitter.com\/daner_004\" \/>\n<meta name=\"twitter:site\" content=\"@sergiolapegue\" \/>\n<meta name=\"twitter:label1\" content=\"Escrito por\" \/>\n\t<meta name=\"twitter:data1\" content=\"Daniel E. Monta\u00f1a\" \/>\n\t<meta name=\"twitter:label2\" content=\"Tiempo de lectura\" \/>\n\t<meta name=\"twitter:data2\" content=\"4 minutos\" \/>\n<script type=\"application\/ld+json\" class=\"yoast-schema-graph\">{\"@context\":\"https:\\\/\\\/schema.org\",\"@graph\":[{\"@type\":\"Article\",\"@id\":\"https:\\\/\\\/sergiolapegue.com\\\/site\\\/2026\\\/05\\\/02\\\/waminix-vuelve-a-timbre-4\\\/#article\",\"isPartOf\":{\"@id\":\"https:\\\/\\\/sergiolapegue.com\\\/site\\\/2026\\\/05\\\/02\\\/waminix-vuelve-a-timbre-4\\\/\"},\"author\":{\"name\":\"Daniel E. Monta\u00f1a\",\"@id\":\"https:\\\/\\\/sergiolapegue.com\\\/site\\\/#\\\/schema\\\/person\\\/9198e7dbab43c6d74d0fd5399af7c3cd\"},\"headline\":\"\u201cWAMINIX\u201d VUELVE A TIMBRE 4\",\"datePublished\":\"2026-05-02T20:00:00+00:00\",\"mainEntityOfPage\":{\"@id\":\"https:\\\/\\\/sergiolapegue.com\\\/site\\\/2026\\\/05\\\/02\\\/waminix-vuelve-a-timbre-4\\\/\"},\"wordCount\":743,\"commentCount\":0,\"publisher\":{\"@id\":\"https:\\\/\\\/sergiolapegue.com\\\/site\\\/#\\\/schema\\\/person\\\/083aeceeb0734cd166779ea6c0551a37\"},\"image\":{\"@id\":\"https:\\\/\\\/sergiolapegue.com\\\/site\\\/2026\\\/05\\\/02\\\/waminix-vuelve-a-timbre-4\\\/#primaryimage\"},\"thumbnailUrl\":\"https:\\\/\\\/sergiolapegue.com\\\/site\\\/wp-content\\\/uploads\\\/2026\\\/05\\\/Waminix-vuelve-a-timbre-4.jpg\",\"articleSection\":[\"Arte\",\"Teatro\"],\"inLanguage\":\"es-AR\",\"potentialAction\":[{\"@type\":\"CommentAction\",\"name\":\"Comment\",\"target\":[\"https:\\\/\\\/sergiolapegue.com\\\/site\\\/2026\\\/05\\\/02\\\/waminix-vuelve-a-timbre-4\\\/#respond\"]}]},{\"@type\":\"WebPage\",\"@id\":\"https:\\\/\\\/sergiolapegue.com\\\/site\\\/2026\\\/05\\\/02\\\/waminix-vuelve-a-timbre-4\\\/\",\"url\":\"https:\\\/\\\/sergiolapegue.com\\\/site\\\/2026\\\/05\\\/02\\\/waminix-vuelve-a-timbre-4\\\/\",\"name\":\"\u201cWAMINIX\u201d VUELVE A TIMBRE 4 - Sergio Lapegue\",\"isPartOf\":{\"@id\":\"https:\\\/\\\/sergiolapegue.com\\\/site\\\/#website\"},\"primaryImageOfPage\":{\"@id\":\"https:\\\/\\\/sergiolapegue.com\\\/site\\\/2026\\\/05\\\/02\\\/waminix-vuelve-a-timbre-4\\\/#primaryimage\"},\"image\":{\"@id\":\"https:\\\/\\\/sergiolapegue.com\\\/site\\\/2026\\\/05\\\/02\\\/waminix-vuelve-a-timbre-4\\\/#primaryimage\"},\"thumbnailUrl\":\"https:\\\/\\\/sergiolapegue.com\\\/site\\\/wp-content\\\/uploads\\\/2026\\\/05\\\/Waminix-vuelve-a-timbre-4.jpg\",\"datePublished\":\"2026-05-02T20:00:00+00:00\",\"breadcrumb\":{\"@id\":\"https:\\\/\\\/sergiolapegue.com\\\/site\\\/2026\\\/05\\\/02\\\/waminix-vuelve-a-timbre-4\\\/#breadcrumb\"},\"inLanguage\":\"es-AR\",\"potentialAction\":[{\"@type\":\"ReadAction\",\"target\":[\"https:\\\/\\\/sergiolapegue.com\\\/site\\\/2026\\\/05\\\/02\\\/waminix-vuelve-a-timbre-4\\\/\"]}]},{\"@type\":\"ImageObject\",\"inLanguage\":\"es-AR\",\"@id\":\"https:\\\/\\\/sergiolapegue.com\\\/site\\\/2026\\\/05\\\/02\\\/waminix-vuelve-a-timbre-4\\\/#primaryimage\",\"url\":\"https:\\\/\\\/sergiolapegue.com\\\/site\\\/wp-content\\\/uploads\\\/2026\\\/05\\\/Waminix-vuelve-a-timbre-4.jpg\",\"contentUrl\":\"https:\\\/\\\/sergiolapegue.com\\\/site\\\/wp-content\\\/uploads\\\/2026\\\/05\\\/Waminix-vuelve-a-timbre-4.jpg\",\"width\":1000,\"height\":668},{\"@type\":\"BreadcrumbList\",\"@id\":\"https:\\\/\\\/sergiolapegue.com\\\/site\\\/2026\\\/05\\\/02\\\/waminix-vuelve-a-timbre-4\\\/#breadcrumb\",\"itemListElement\":[{\"@type\":\"ListItem\",\"position\":1,\"name\":\"Inicio\",\"item\":\"https:\\\/\\\/sergiolapegue.com\\\/site\\\/\"},{\"@type\":\"ListItem\",\"position\":2,\"name\":\"\u201cWAMINIX\u201d VUELVE A TIMBRE 4\"}]},{\"@type\":\"WebSite\",\"@id\":\"https:\\\/\\\/sergiolapegue.com\\\/site\\\/#website\",\"url\":\"https:\\\/\\\/sergiolapegue.com\\\/site\\\/\",\"name\":\"Sergio Lapegue\",\"description\":\"Periodista\",\"publisher\":{\"@id\":\"https:\\\/\\\/sergiolapegue.com\\\/site\\\/#\\\/schema\\\/person\\\/083aeceeb0734cd166779ea6c0551a37\"},\"potentialAction\":[{\"@type\":\"SearchAction\",\"target\":{\"@type\":\"EntryPoint\",\"urlTemplate\":\"https:\\\/\\\/sergiolapegue.com\\\/site\\\/?s={search_term_string}\"},\"query-input\":{\"@type\":\"PropertyValueSpecification\",\"valueRequired\":true,\"valueName\":\"search_term_string\"}}],\"inLanguage\":\"es-AR\"},{\"@type\":[\"Person\",\"Organization\"],\"@id\":\"https:\\\/\\\/sergiolapegue.com\\\/site\\\/#\\\/schema\\\/person\\\/083aeceeb0734cd166779ea6c0551a37\",\"name\":\"Sergio Lapegue\",\"image\":{\"@type\":\"ImageObject\",\"inLanguage\":\"es-AR\",\"@id\":\"https:\\\/\\\/sergiolapegue.com\\\/site\\\/wp-content\\\/uploads\\\/2021\\\/04\\\/logo_header-1.png\",\"url\":\"https:\\\/\\\/sergiolapegue.com\\\/site\\\/wp-content\\\/uploads\\\/2021\\\/04\\\/logo_header-1.png\",\"contentUrl\":\"https:\\\/\\\/sergiolapegue.com\\\/site\\\/wp-content\\\/uploads\\\/2021\\\/04\\\/logo_header-1.png\",\"width\":272,\"height\":90,\"caption\":\"Sergio Lapegue\"},\"logo\":{\"@id\":\"https:\\\/\\\/sergiolapegue.com\\\/site\\\/wp-content\\\/uploads\\\/2021\\\/04\\\/logo_header-1.png\"},\"sameAs\":[\"https:\\\/\\\/facebook.com\\\/sergiolapegue\",\"https:\\\/\\\/instagram.com\\\/sergiolapegue\",\"https:\\\/\\\/x.com\\\/https:\\\/\\\/twitter.com\\\/sergiolapegue\"]},{\"@type\":\"Person\",\"@id\":\"https:\\\/\\\/sergiolapegue.com\\\/site\\\/#\\\/schema\\\/person\\\/9198e7dbab43c6d74d0fd5399af7c3cd\",\"name\":\"Daniel E. Monta\u00f1a\",\"image\":{\"@type\":\"ImageObject\",\"inLanguage\":\"es-AR\",\"@id\":\"https:\\\/\\\/sergiolapegue.com\\\/site\\\/wp-content\\\/uploads\\\/2021\\\/04\\\/sl_avatar_Daniel-150x150.jpg\",\"url\":\"https:\\\/\\\/sergiolapegue.com\\\/site\\\/wp-content\\\/uploads\\\/2021\\\/04\\\/sl_avatar_Daniel-150x150.jpg\",\"contentUrl\":\"https:\\\/\\\/sergiolapegue.com\\\/site\\\/wp-content\\\/uploads\\\/2021\\\/04\\\/sl_avatar_Daniel-150x150.jpg\",\"caption\":\"Daniel E. Monta\u00f1a\"},\"sameAs\":[\"https:\\\/\\\/facebook.com\\\/danielernesto.montana\",\"https:\\\/\\\/instagram.com\\\/daniel_montana1961\",\"https:\\\/\\\/x.com\\\/https:\\\/\\\/twitter.com\\\/daner_004\"],\"url\":\"https:\\\/\\\/sergiolapegue.com\\\/site\\\/author\\\/daniel\\\/\"}]}<\/script>\n<!-- \/ Yoast SEO plugin. -->","yoast_head_json":{"title":"\u201cWAMINIX\u201d VUELVE A TIMBRE 4 - Sergio Lapegue","robots":{"index":"index","follow":"follow","max-snippet":"max-snippet:-1","max-image-preview":"max-image-preview:large","max-video-preview":"max-video-preview:-1"},"canonical":"https:\/\/sergiolapegue.com\/site\/2026\/05\/02\/waminix-vuelve-a-timbre-4\/","og_locale":"es_ES","og_type":"article","og_title":"\u201cWAMINIX\u201d VUELVE A TIMBRE 4 - Sergio Lapegue","og_description":"Vuelve &#8220;Waminix&#8221;, un espect\u00e1culo de circo contempor\u00e1neo producido por Proyecto Migra, con dramaturgia de Creaci\u00f3n Colectiva, bajo la direcci\u00f3n de Leticia Gonz\u00e1lez de Lellis y Osqui Guzm\u00e1n y las actuaciones deLeticia Vetrano, Sof\u00eda Ivy, Paz Cogorno, V\u00edctor Mi\u00f1\u00f3n, Jonathan Uriarte y Mariano Carneiro. La obra se presentar\u00e1 los d\u00edas domingos a las 16:00 horas, en [&hellip;]","og_url":"https:\/\/sergiolapegue.com\/site\/2026\/05\/02\/waminix-vuelve-a-timbre-4\/","og_site_name":"Sergio Lapegue","article_publisher":"https:\/\/facebook.com\/sergiolapegue","article_author":"https:\/\/facebook.com\/danielernesto.montana","article_published_time":"2026-05-02T20:00:00+00:00","og_image":[{"width":1000,"height":668,"url":"https:\/\/sergiolapegue.com\/site\/wp-content\/uploads\/2026\/05\/Waminix-vuelve-a-timbre-4.jpg","type":"image\/jpeg"}],"author":"Daniel E. Monta\u00f1a","twitter_card":"summary_large_image","twitter_creator":"@https:\/\/twitter.com\/daner_004","twitter_site":"@sergiolapegue","twitter_misc":{"Escrito por":"Daniel E. Monta\u00f1a","Tiempo de lectura":"4 minutos"},"schema":{"@context":"https:\/\/schema.org","@graph":[{"@type":"Article","@id":"https:\/\/sergiolapegue.com\/site\/2026\/05\/02\/waminix-vuelve-a-timbre-4\/#article","isPartOf":{"@id":"https:\/\/sergiolapegue.com\/site\/2026\/05\/02\/waminix-vuelve-a-timbre-4\/"},"author":{"name":"Daniel E. Monta\u00f1a","@id":"https:\/\/sergiolapegue.com\/site\/#\/schema\/person\/9198e7dbab43c6d74d0fd5399af7c3cd"},"headline":"\u201cWAMINIX\u201d VUELVE A TIMBRE 4","datePublished":"2026-05-02T20:00:00+00:00","mainEntityOfPage":{"@id":"https:\/\/sergiolapegue.com\/site\/2026\/05\/02\/waminix-vuelve-a-timbre-4\/"},"wordCount":743,"commentCount":0,"publisher":{"@id":"https:\/\/sergiolapegue.com\/site\/#\/schema\/person\/083aeceeb0734cd166779ea6c0551a37"},"image":{"@id":"https:\/\/sergiolapegue.com\/site\/2026\/05\/02\/waminix-vuelve-a-timbre-4\/#primaryimage"},"thumbnailUrl":"https:\/\/sergiolapegue.com\/site\/wp-content\/uploads\/2026\/05\/Waminix-vuelve-a-timbre-4.jpg","articleSection":["Arte","Teatro"],"inLanguage":"es-AR","potentialAction":[{"@type":"CommentAction","name":"Comment","target":["https:\/\/sergiolapegue.com\/site\/2026\/05\/02\/waminix-vuelve-a-timbre-4\/#respond"]}]},{"@type":"WebPage","@id":"https:\/\/sergiolapegue.com\/site\/2026\/05\/02\/waminix-vuelve-a-timbre-4\/","url":"https:\/\/sergiolapegue.com\/site\/2026\/05\/02\/waminix-vuelve-a-timbre-4\/","name":"\u201cWAMINIX\u201d VUELVE A TIMBRE 4 - Sergio Lapegue","isPartOf":{"@id":"https:\/\/sergiolapegue.com\/site\/#website"},"primaryImageOfPage":{"@id":"https:\/\/sergiolapegue.com\/site\/2026\/05\/02\/waminix-vuelve-a-timbre-4\/#primaryimage"},"image":{"@id":"https:\/\/sergiolapegue.com\/site\/2026\/05\/02\/waminix-vuelve-a-timbre-4\/#primaryimage"},"thumbnailUrl":"https:\/\/sergiolapegue.com\/site\/wp-content\/uploads\/2026\/05\/Waminix-vuelve-a-timbre-4.jpg","datePublished":"2026-05-02T20:00:00+00:00","breadcrumb":{"@id":"https:\/\/sergiolapegue.com\/site\/2026\/05\/02\/waminix-vuelve-a-timbre-4\/#breadcrumb"},"inLanguage":"es-AR","potentialAction":[{"@type":"ReadAction","target":["https:\/\/sergiolapegue.com\/site\/2026\/05\/02\/waminix-vuelve-a-timbre-4\/"]}]},{"@type":"ImageObject","inLanguage":"es-AR","@id":"https:\/\/sergiolapegue.com\/site\/2026\/05\/02\/waminix-vuelve-a-timbre-4\/#primaryimage","url":"https:\/\/sergiolapegue.com\/site\/wp-content\/uploads\/2026\/05\/Waminix-vuelve-a-timbre-4.jpg","contentUrl":"https:\/\/sergiolapegue.com\/site\/wp-content\/uploads\/2026\/05\/Waminix-vuelve-a-timbre-4.jpg","width":1000,"height":668},{"@type":"BreadcrumbList","@id":"https:\/\/sergiolapegue.com\/site\/2026\/05\/02\/waminix-vuelve-a-timbre-4\/#breadcrumb","itemListElement":[{"@type":"ListItem","position":1,"name":"Inicio","item":"https:\/\/sergiolapegue.com\/site\/"},{"@type":"ListItem","position":2,"name":"\u201cWAMINIX\u201d VUELVE A TIMBRE 4"}]},{"@type":"WebSite","@id":"https:\/\/sergiolapegue.com\/site\/#website","url":"https:\/\/sergiolapegue.com\/site\/","name":"Sergio Lapegue","description":"Periodista","publisher":{"@id":"https:\/\/sergiolapegue.com\/site\/#\/schema\/person\/083aeceeb0734cd166779ea6c0551a37"},"potentialAction":[{"@type":"SearchAction","target":{"@type":"EntryPoint","urlTemplate":"https:\/\/sergiolapegue.com\/site\/?s={search_term_string}"},"query-input":{"@type":"PropertyValueSpecification","valueRequired":true,"valueName":"search_term_string"}}],"inLanguage":"es-AR"},{"@type":["Person","Organization"],"@id":"https:\/\/sergiolapegue.com\/site\/#\/schema\/person\/083aeceeb0734cd166779ea6c0551a37","name":"Sergio Lapegue","image":{"@type":"ImageObject","inLanguage":"es-AR","@id":"https:\/\/sergiolapegue.com\/site\/wp-content\/uploads\/2021\/04\/logo_header-1.png","url":"https:\/\/sergiolapegue.com\/site\/wp-content\/uploads\/2021\/04\/logo_header-1.png","contentUrl":"https:\/\/sergiolapegue.com\/site\/wp-content\/uploads\/2021\/04\/logo_header-1.png","width":272,"height":90,"caption":"Sergio Lapegue"},"logo":{"@id":"https:\/\/sergiolapegue.com\/site\/wp-content\/uploads\/2021\/04\/logo_header-1.png"},"sameAs":["https:\/\/facebook.com\/sergiolapegue","https:\/\/instagram.com\/sergiolapegue","https:\/\/x.com\/https:\/\/twitter.com\/sergiolapegue"]},{"@type":"Person","@id":"https:\/\/sergiolapegue.com\/site\/#\/schema\/person\/9198e7dbab43c6d74d0fd5399af7c3cd","name":"Daniel E. Monta\u00f1a","image":{"@type":"ImageObject","inLanguage":"es-AR","@id":"https:\/\/sergiolapegue.com\/site\/wp-content\/uploads\/2021\/04\/sl_avatar_Daniel-150x150.jpg","url":"https:\/\/sergiolapegue.com\/site\/wp-content\/uploads\/2021\/04\/sl_avatar_Daniel-150x150.jpg","contentUrl":"https:\/\/sergiolapegue.com\/site\/wp-content\/uploads\/2021\/04\/sl_avatar_Daniel-150x150.jpg","caption":"Daniel E. Monta\u00f1a"},"sameAs":["https:\/\/facebook.com\/danielernesto.montana","https:\/\/instagram.com\/daniel_montana1961","https:\/\/x.com\/https:\/\/twitter.com\/daner_004"],"url":"https:\/\/sergiolapegue.com\/site\/author\/daniel\/"}]}},"_links":{"self":[{"href":"https:\/\/sergiolapegue.com\/site\/wp-json\/wp\/v2\/posts\/30030","targetHints":{"allow":["GET"]}}],"collection":[{"href":"https:\/\/sergiolapegue.com\/site\/wp-json\/wp\/v2\/posts"}],"about":[{"href":"https:\/\/sergiolapegue.com\/site\/wp-json\/wp\/v2\/types\/post"}],"author":[{"embeddable":true,"href":"https:\/\/sergiolapegue.com\/site\/wp-json\/wp\/v2\/users\/3"}],"replies":[{"embeddable":true,"href":"https:\/\/sergiolapegue.com\/site\/wp-json\/wp\/v2\/comments?post=30030"}],"version-history":[{"count":1,"href":"https:\/\/sergiolapegue.com\/site\/wp-json\/wp\/v2\/posts\/30030\/revisions"}],"predecessor-version":[{"id":30037,"href":"https:\/\/sergiolapegue.com\/site\/wp-json\/wp\/v2\/posts\/30030\/revisions\/30037"}],"wp:featuredmedia":[{"embeddable":true,"href":"https:\/\/sergiolapegue.com\/site\/wp-json\/wp\/v2\/media\/30036"}],"wp:attachment":[{"href":"https:\/\/sergiolapegue.com\/site\/wp-json\/wp\/v2\/media?parent=30030"}],"wp:term":[{"taxonomy":"category","embeddable":true,"href":"https:\/\/sergiolapegue.com\/site\/wp-json\/wp\/v2\/categories?post=30030"},{"taxonomy":"post_tag","embeddable":true,"href":"https:\/\/sergiolapegue.com\/site\/wp-json\/wp\/v2\/tags?post=30030"}],"curies":[{"name":"wp","href":"https:\/\/api.w.org\/{rel}","templated":true}]}}