{"id":30017,"date":"2026-05-01T17:00:00","date_gmt":"2026-05-01T20:00:00","guid":{"rendered":"https:\/\/sergiolapegue.com\/site\/?p=30017"},"modified":"2026-04-30T03:05:08","modified_gmt":"2026-04-30T06:05:08","slug":"sahara-el-musical","status":"publish","type":"post","link":"https:\/\/sergiolapegue.com\/site\/2026\/05\/01\/sahara-el-musical\/","title":{"rendered":"\u201cSAHARA, EL MUSICAL\u201d"},"content":{"rendered":"\n<p>En mayo, en la Sala Argentina, se presenta \u201cSahara, El musical\u201d, de Albano Jofr\u00e9, basado en la vida real de Antoine de Saint-Exup\u00e9ry.<\/p>\n\n\n\n<p>Con direcci\u00f3n general de Sergio Lombardo y un destacado elenco en escena, Gonzalo Cano, Hernan Kufert, Albano Jofre, Jonathan Duarte, Federico Sorrentino, Javier Hermida y Andr\u00e9s Vaca, la obra pone el foco en el modo en que la experiencia de Saint-Exup\u00e9ry en la aeron\u00e1utica en la Segunda Guerra Mundial y el accidente sufrido en el desierto del Sahara, inspiraron su obra \u201cEl Principito\u201d.<\/p>\n\n\n\n<p>\u201cSahara, El musical\u201d invita a reflexionar sobre el camino para cumplir sue\u00f1os y para transitar la vocaci\u00f3n pese a los mandatos de los sacrificios. Tambi\u00e9n habla sobre la importancia de la amistad, de las relaciones humanas y de la muerte como una instancia m\u00e1s de la vida.<\/p>\n\n\n\n<figure class=\"wp-block-image size-full\"><img loading=\"lazy\" decoding=\"async\" width=\"1000\" height=\"667\" src=\"https:\/\/sergiolapegue.com\/site\/wp-content\/uploads\/2026\/04\/Sahara-el-musical-1.jpg\" alt=\"\" class=\"wp-image-30018\" srcset=\"https:\/\/sergiolapegue.com\/site\/wp-content\/uploads\/2026\/04\/Sahara-el-musical-1.jpg 1000w, https:\/\/sergiolapegue.com\/site\/wp-content\/uploads\/2026\/04\/Sahara-el-musical-1-300x200.jpg 300w, https:\/\/sergiolapegue.com\/site\/wp-content\/uploads\/2026\/04\/Sahara-el-musical-1-768x512.jpg 768w, https:\/\/sergiolapegue.com\/site\/wp-content\/uploads\/2026\/04\/Sahara-el-musical-1-630x420.jpg 630w, https:\/\/sergiolapegue.com\/site\/wp-content\/uploads\/2026\/04\/Sahara-el-musical-1-696x464.jpg 696w\" sizes=\"auto, (max-width: 1000px) 100vw, 1000px\" \/><\/figure>\n\n\n\n<p><strong>SINOPSIS<\/strong><strong><\/strong><\/p>\n\n\n\n<p>Llega al Palacio Libertad, &#8220;Sahara&#8221;, una odisea musical sobre Saint-Exup\u00e9ry. A trav\u00e9s de una puesta en escena ambiciosa, dirigida por Sergio Lombardo, el compositor Albano Jofr\u00e9 presenta &#8220;Sahara&#8221;, un musical basado en hechos reales que explora los a\u00f1os m\u00e1s intensos del aviador Antoine de Saint-Exup\u00e9ry. La obra desglosa c\u00f3mo la soledad del Sahara y la crudeza de la guerra se transformaron en la ternura universal de El Principito. A trav\u00e9s de una partitura original, el musical aborda los grandes dilemas de la existencia: el costo de cumplir los objetivos, la red de contenci\u00f3n que ofrece la amistad y la aceptaci\u00f3n de la muerte como parte del camino. Una propuesta indispensable para quienes buscan teatro que emocione y haga pensar.<\/p>\n\n\n\n<figure class=\"wp-block-image size-full\"><img loading=\"lazy\" decoding=\"async\" width=\"1000\" height=\"667\" src=\"https:\/\/sergiolapegue.com\/site\/wp-content\/uploads\/2026\/04\/Sahara-el-musical-3.jpg\" alt=\"\" class=\"wp-image-30019\" srcset=\"https:\/\/sergiolapegue.com\/site\/wp-content\/uploads\/2026\/04\/Sahara-el-musical-3.jpg 1000w, https:\/\/sergiolapegue.com\/site\/wp-content\/uploads\/2026\/04\/Sahara-el-musical-3-300x200.jpg 300w, https:\/\/sergiolapegue.com\/site\/wp-content\/uploads\/2026\/04\/Sahara-el-musical-3-768x512.jpg 768w, https:\/\/sergiolapegue.com\/site\/wp-content\/uploads\/2026\/04\/Sahara-el-musical-3-630x420.jpg 630w, https:\/\/sergiolapegue.com\/site\/wp-content\/uploads\/2026\/04\/Sahara-el-musical-3-696x464.jpg 696w\" sizes=\"auto, (max-width: 1000px) 100vw, 1000px\" \/><\/figure>\n\n\n\n<p><strong>FICHA T\u00c9CNICO ART\u00cdSTICA<\/strong><\/p>\n\n\n\n<p><strong>Libro Original:<\/strong> Albano Jofr\u00e9<\/p>\n\n\n\n<p><strong>Elenco:<\/strong> Gonzalo Cano \u2013 en el papel de Antoine de Saint-Exup\u00e9ry<strong><\/strong><\/p>\n\n\n\n<p>\u00a0\u00a0\u00a0\u00a0\u00a0\u00a0\u00a0\u00a0\u00a0\u00a0\u00a0\u00a0 Hern\u00e1n Kufert \u2013 en el papel de Prevot<\/p>\n\n\n\n<p>\u00a0\u00a0\u00a0\u00a0\u00a0\u00a0\u00a0\u00a0\u00a0\u00a0\u00a0\u00a0 Albano Jofre \u2013 en el papel de Mermoz<\/p>\n\n\n\n<p>\u00a0\u00a0\u00a0\u00a0\u00a0\u00a0\u00a0\u00a0\u00a0\u00a0\u00a0\u00a0 Jonathan Duarte \u2013 en el papel de Sargento\u00a0<\/p>\n\n\n\n<p>\u00a0\u00a0\u00a0\u00a0\u00a0\u00a0\u00a0\u00a0\u00a0\u00a0 \u00a0\u00a0Federico Sorrentino \u2013 en el papel de Guillaumet<\/p>\n\n\n\n<p>\u00a0\u00a0\u00a0\u00a0\u00a0\u00a0\u00a0\u00a0\u00a0\u00a0\u00a0\u00a0 Javier Hermida \u2013 en el papel del Director Aeropostal<\/p>\n\n\n\n<p>\u00a0\u00a0\u00a0\u00a0\u00a0\u00a0\u00a0\u00a0\u00a0\u00a0\u00a0\u00a0 Andr\u00e9s Vaca \u2013 en los papeles de Padre Antoine \/ Le\u00f3n Werth<\/p>\n\n\n\n<p><strong>Dise\u00f1o de Escenograf\u00eda:<\/strong> Wilfredo Parra<\/p>\n\n\n\n<p><strong>Realizaci\u00f3n de Escenograf\u00eda:<\/strong> Wilfredo Parra<\/p>\n\n\n\n<p><strong>Dise\u00f1o de Vestuario:<\/strong> Yanina Poggi<\/p>\n\n\n\n<p><strong>Realizaci\u00f3n de Vestuario:<\/strong> Yanina Poggi<\/p>\n\n\n\n<p><strong>Fotograf\u00eda:<\/strong> @sofimariscal.ph y @fiorellaromay<\/p>\n\n\n\n<p><strong>Dise\u00f1o Gr\u00e1fico:<\/strong> Agustin Inanonne<\/p>\n\n\n\n<p><strong>Redes Sociales:<\/strong> Agustin Inanonne<\/p>\n\n\n\n<p><strong>M\u00fasica:<\/strong> Albano Jofr\u00e9<\/p>\n\n\n\n<p><strong>Producci\u00f3n Musical:<\/strong> Ariel Goitia<\/p>\n\n\n\n<p><strong>Direcci\u00f3n Vocal:<\/strong> Albano Jofr\u00e9&nbsp;<\/p>\n\n\n\n<p><strong>Prensa y Difusi\u00f3n:<\/strong> Caro Arellano. Expansi\u00f3n Teatral<\/p>\n\n\n\n<p><strong>Asistente de producci\u00f3n:<\/strong> Juli\u00e1n Molinero&nbsp;&nbsp;&nbsp;&nbsp;&nbsp;&nbsp;&nbsp;&nbsp;&nbsp;&nbsp;&nbsp;<\/p>\n\n\n\n<p><strong>Producci\u00f3n General:<\/strong> Pura Acci\u00f3n Producciones&nbsp;<\/p>\n\n\n\n<p><strong>Producci\u00f3n Ejecutiva:<\/strong> Norma Valenzuela&nbsp;<\/p>\n\n\n\n<p><strong>Direcci\u00f3n General:<\/strong> Sergio Lombardo<\/p>\n\n\n\n<figure class=\"wp-block-image size-full\"><img loading=\"lazy\" decoding=\"async\" width=\"1000\" height=\"667\" src=\"https:\/\/sergiolapegue.com\/site\/wp-content\/uploads\/2026\/04\/Sahara-el-musical-5.jpg\" alt=\"\" class=\"wp-image-30020\" srcset=\"https:\/\/sergiolapegue.com\/site\/wp-content\/uploads\/2026\/04\/Sahara-el-musical-5.jpg 1000w, https:\/\/sergiolapegue.com\/site\/wp-content\/uploads\/2026\/04\/Sahara-el-musical-5-300x200.jpg 300w, https:\/\/sergiolapegue.com\/site\/wp-content\/uploads\/2026\/04\/Sahara-el-musical-5-768x512.jpg 768w, https:\/\/sergiolapegue.com\/site\/wp-content\/uploads\/2026\/04\/Sahara-el-musical-5-630x420.jpg 630w, https:\/\/sergiolapegue.com\/site\/wp-content\/uploads\/2026\/04\/Sahara-el-musical-5-696x464.jpg 696w\" sizes=\"auto, (max-width: 1000px) 100vw, 1000px\" \/><\/figure>\n\n\n\n<p><strong>PALACIO LIBERTAD \u2013 SALA ARGENTINA<\/strong><\/p>\n\n\n\n<p>Sarmiento 151 \u2013 Capital Federal \u2013 Buenos Aires \u2013 Argentina<\/p>\n\n\n\n<p>Entrada: Gratuita, el p\u00fablico retira sus entradas 2 horas antes en los mostradores del Palacio Libertad. Son Cupos Limitados<\/p>\n\n\n\n<p>Funciones: S\u00e1bado 09 de Mayo \u2013 20:00 horas<\/p>\n\n\n\n<p>\u00a0\u00a0\u00a0\u00a0\u00a0\u00a0\u00a0\u00a0\u00a0\u00a0\u00a0\u00a0\u00a0\u00a0\u00a0\u00a0 Domingo 10 de Mayo \u2013 19:00 horas<\/p>\n\n\n\n<p>Puedes escuchar la m\u00fasica en Spotify:<\/p>\n\n\n\n<figure class=\"wp-block-embed is-type-rich is-provider-spotify wp-block-embed-spotify wp-embed-aspect-21-9 wp-has-aspect-ratio\"><div class=\"wp-block-embed__wrapper\">\n<iframe title=\"Spotify Embed: Sahara\" style=\"border-radius: 12px\" width=\"100%\" height=\"352\" frameborder=\"0\" allowfullscreen allow=\"autoplay; clipboard-write; encrypted-media; fullscreen; picture-in-picture\" loading=\"lazy\" src=\"https:\/\/open.spotify.com\/embed\/album\/5MkBOoarXZ0TYWQhh6cV5O?si=9PqkT0T6QEelCUUqyg2Ydw&amp;utm_source=oembed\"><\/iframe>\n<\/div><\/figure>\n\n\n\n<p>Gracias Caro Arellano, Agente de Prensa de Expansi\u00f3n Teatral por acercarnos la gacetilla de prensa de este maravilloso espect\u00e1culo.<\/p>\n\n\n\n<p><\/p>\n","protected":false},"excerpt":{"rendered":"<p>En mayo, en la Sala Argentina, se presenta \u201cSahara, El musical\u201d, de Albano Jofr\u00e9, basado en la vida real de Antoine de Saint-Exup\u00e9ry. Con direcci\u00f3n general de Sergio Lombardo y un destacado elenco en escena, Gonzalo Cano, Hernan Kufert, Albano Jofre, Jonathan Duarte, Federico Sorrentino, Javier Hermida y Andr\u00e9s Vaca, la obra pone el foco [&hellip;]<\/p>\n","protected":false},"author":3,"featured_media":30021,"comment_status":"open","ping_status":"closed","sticky":false,"template":"","format":"standard","meta":{"footnotes":""},"categories":[34,35],"tags":[],"class_list":{"0":"post-30017","1":"post","2":"type-post","3":"status-publish","4":"format-standard","5":"has-post-thumbnail","7":"category-arte","8":"category-teatro"},"yoast_head":"<!-- This site is optimized with the Yoast SEO plugin v27.5 - https:\/\/yoast.com\/product\/yoast-seo-wordpress\/ -->\n<title>\u201cSAHARA, EL MUSICAL\u201d - Sergio Lapegue<\/title>\n<meta name=\"robots\" content=\"index, follow, max-snippet:-1, max-image-preview:large, max-video-preview:-1\" \/>\n<link rel=\"canonical\" href=\"https:\/\/sergiolapegue.com\/site\/2026\/05\/01\/sahara-el-musical\/\" \/>\n<meta property=\"og:locale\" content=\"es_ES\" \/>\n<meta property=\"og:type\" content=\"article\" \/>\n<meta property=\"og:title\" content=\"\u201cSAHARA, EL MUSICAL\u201d - Sergio Lapegue\" \/>\n<meta property=\"og:description\" content=\"En mayo, en la Sala Argentina, se presenta \u201cSahara, El musical\u201d, de Albano Jofr\u00e9, basado en la vida real de Antoine de Saint-Exup\u00e9ry. Con direcci\u00f3n general de Sergio Lombardo y un destacado elenco en escena, Gonzalo Cano, Hernan Kufert, Albano Jofre, Jonathan Duarte, Federico Sorrentino, Javier Hermida y Andr\u00e9s Vaca, la obra pone el foco [&hellip;]\" \/>\n<meta property=\"og:url\" content=\"https:\/\/sergiolapegue.com\/site\/2026\/05\/01\/sahara-el-musical\/\" \/>\n<meta property=\"og:site_name\" content=\"Sergio Lapegue\" \/>\n<meta property=\"article:publisher\" content=\"https:\/\/facebook.com\/sergiolapegue\" \/>\n<meta property=\"article:author\" content=\"https:\/\/facebook.com\/danielernesto.montana\" \/>\n<meta property=\"article:published_time\" content=\"2026-05-01T20:00:00+00:00\" \/>\n<meta property=\"og:image\" content=\"https:\/\/sergiolapegue.com\/site\/wp-content\/uploads\/2026\/04\/Sahara-el-musical.jpg\" \/>\n\t<meta property=\"og:image:width\" content=\"1000\" \/>\n\t<meta property=\"og:image:height\" content=\"741\" \/>\n\t<meta property=\"og:image:type\" content=\"image\/jpeg\" \/>\n<meta name=\"author\" content=\"Daniel E. Monta\u00f1a\" \/>\n<meta name=\"twitter:card\" content=\"summary_large_image\" \/>\n<meta name=\"twitter:creator\" content=\"@https:\/\/twitter.com\/daner_004\" \/>\n<meta name=\"twitter:site\" content=\"@sergiolapegue\" \/>\n<meta name=\"twitter:label1\" content=\"Escrito por\" \/>\n\t<meta name=\"twitter:data1\" content=\"Daniel E. Monta\u00f1a\" \/>\n\t<meta name=\"twitter:label2\" content=\"Tiempo de lectura\" \/>\n\t<meta name=\"twitter:data2\" content=\"3 minutos\" \/>\n<script type=\"application\/ld+json\" class=\"yoast-schema-graph\">{\"@context\":\"https:\\\/\\\/schema.org\",\"@graph\":[{\"@type\":\"Article\",\"@id\":\"https:\\\/\\\/sergiolapegue.com\\\/site\\\/2026\\\/05\\\/01\\\/sahara-el-musical\\\/#article\",\"isPartOf\":{\"@id\":\"https:\\\/\\\/sergiolapegue.com\\\/site\\\/2026\\\/05\\\/01\\\/sahara-el-musical\\\/\"},\"author\":{\"name\":\"Daniel E. Monta\u00f1a\",\"@id\":\"https:\\\/\\\/sergiolapegue.com\\\/site\\\/#\\\/schema\\\/person\\\/9198e7dbab43c6d74d0fd5399af7c3cd\"},\"headline\":\"\u201cSAHARA, EL MUSICAL\u201d\",\"datePublished\":\"2026-05-01T20:00:00+00:00\",\"mainEntityOfPage\":{\"@id\":\"https:\\\/\\\/sergiolapegue.com\\\/site\\\/2026\\\/05\\\/01\\\/sahara-el-musical\\\/\"},\"wordCount\":527,\"commentCount\":0,\"publisher\":{\"@id\":\"https:\\\/\\\/sergiolapegue.com\\\/site\\\/#\\\/schema\\\/person\\\/083aeceeb0734cd166779ea6c0551a37\"},\"image\":{\"@id\":\"https:\\\/\\\/sergiolapegue.com\\\/site\\\/2026\\\/05\\\/01\\\/sahara-el-musical\\\/#primaryimage\"},\"thumbnailUrl\":\"https:\\\/\\\/sergiolapegue.com\\\/site\\\/wp-content\\\/uploads\\\/2026\\\/04\\\/Sahara-el-musical.jpg\",\"articleSection\":[\"Arte\",\"Teatro\"],\"inLanguage\":\"es-AR\",\"potentialAction\":[{\"@type\":\"CommentAction\",\"name\":\"Comment\",\"target\":[\"https:\\\/\\\/sergiolapegue.com\\\/site\\\/2026\\\/05\\\/01\\\/sahara-el-musical\\\/#respond\"]}]},{\"@type\":\"WebPage\",\"@id\":\"https:\\\/\\\/sergiolapegue.com\\\/site\\\/2026\\\/05\\\/01\\\/sahara-el-musical\\\/\",\"url\":\"https:\\\/\\\/sergiolapegue.com\\\/site\\\/2026\\\/05\\\/01\\\/sahara-el-musical\\\/\",\"name\":\"\u201cSAHARA, EL MUSICAL\u201d - Sergio Lapegue\",\"isPartOf\":{\"@id\":\"https:\\\/\\\/sergiolapegue.com\\\/site\\\/#website\"},\"primaryImageOfPage\":{\"@id\":\"https:\\\/\\\/sergiolapegue.com\\\/site\\\/2026\\\/05\\\/01\\\/sahara-el-musical\\\/#primaryimage\"},\"image\":{\"@id\":\"https:\\\/\\\/sergiolapegue.com\\\/site\\\/2026\\\/05\\\/01\\\/sahara-el-musical\\\/#primaryimage\"},\"thumbnailUrl\":\"https:\\\/\\\/sergiolapegue.com\\\/site\\\/wp-content\\\/uploads\\\/2026\\\/04\\\/Sahara-el-musical.jpg\",\"datePublished\":\"2026-05-01T20:00:00+00:00\",\"breadcrumb\":{\"@id\":\"https:\\\/\\\/sergiolapegue.com\\\/site\\\/2026\\\/05\\\/01\\\/sahara-el-musical\\\/#breadcrumb\"},\"inLanguage\":\"es-AR\",\"potentialAction\":[{\"@type\":\"ReadAction\",\"target\":[\"https:\\\/\\\/sergiolapegue.com\\\/site\\\/2026\\\/05\\\/01\\\/sahara-el-musical\\\/\"]}]},{\"@type\":\"ImageObject\",\"inLanguage\":\"es-AR\",\"@id\":\"https:\\\/\\\/sergiolapegue.com\\\/site\\\/2026\\\/05\\\/01\\\/sahara-el-musical\\\/#primaryimage\",\"url\":\"https:\\\/\\\/sergiolapegue.com\\\/site\\\/wp-content\\\/uploads\\\/2026\\\/04\\\/Sahara-el-musical.jpg\",\"contentUrl\":\"https:\\\/\\\/sergiolapegue.com\\\/site\\\/wp-content\\\/uploads\\\/2026\\\/04\\\/Sahara-el-musical.jpg\",\"width\":1000,\"height\":741},{\"@type\":\"BreadcrumbList\",\"@id\":\"https:\\\/\\\/sergiolapegue.com\\\/site\\\/2026\\\/05\\\/01\\\/sahara-el-musical\\\/#breadcrumb\",\"itemListElement\":[{\"@type\":\"ListItem\",\"position\":1,\"name\":\"Inicio\",\"item\":\"https:\\\/\\\/sergiolapegue.com\\\/site\\\/\"},{\"@type\":\"ListItem\",\"position\":2,\"name\":\"\u201cSAHARA, EL MUSICAL\u201d\"}]},{\"@type\":\"WebSite\",\"@id\":\"https:\\\/\\\/sergiolapegue.com\\\/site\\\/#website\",\"url\":\"https:\\\/\\\/sergiolapegue.com\\\/site\\\/\",\"name\":\"Sergio Lapegue\",\"description\":\"Periodista\",\"publisher\":{\"@id\":\"https:\\\/\\\/sergiolapegue.com\\\/site\\\/#\\\/schema\\\/person\\\/083aeceeb0734cd166779ea6c0551a37\"},\"potentialAction\":[{\"@type\":\"SearchAction\",\"target\":{\"@type\":\"EntryPoint\",\"urlTemplate\":\"https:\\\/\\\/sergiolapegue.com\\\/site\\\/?s={search_term_string}\"},\"query-input\":{\"@type\":\"PropertyValueSpecification\",\"valueRequired\":true,\"valueName\":\"search_term_string\"}}],\"inLanguage\":\"es-AR\"},{\"@type\":[\"Person\",\"Organization\"],\"@id\":\"https:\\\/\\\/sergiolapegue.com\\\/site\\\/#\\\/schema\\\/person\\\/083aeceeb0734cd166779ea6c0551a37\",\"name\":\"Sergio Lapegue\",\"image\":{\"@type\":\"ImageObject\",\"inLanguage\":\"es-AR\",\"@id\":\"https:\\\/\\\/sergiolapegue.com\\\/site\\\/wp-content\\\/uploads\\\/2021\\\/04\\\/logo_header-1.png\",\"url\":\"https:\\\/\\\/sergiolapegue.com\\\/site\\\/wp-content\\\/uploads\\\/2021\\\/04\\\/logo_header-1.png\",\"contentUrl\":\"https:\\\/\\\/sergiolapegue.com\\\/site\\\/wp-content\\\/uploads\\\/2021\\\/04\\\/logo_header-1.png\",\"width\":272,\"height\":90,\"caption\":\"Sergio Lapegue\"},\"logo\":{\"@id\":\"https:\\\/\\\/sergiolapegue.com\\\/site\\\/wp-content\\\/uploads\\\/2021\\\/04\\\/logo_header-1.png\"},\"sameAs\":[\"https:\\\/\\\/facebook.com\\\/sergiolapegue\",\"https:\\\/\\\/instagram.com\\\/sergiolapegue\",\"https:\\\/\\\/x.com\\\/https:\\\/\\\/twitter.com\\\/sergiolapegue\"]},{\"@type\":\"Person\",\"@id\":\"https:\\\/\\\/sergiolapegue.com\\\/site\\\/#\\\/schema\\\/person\\\/9198e7dbab43c6d74d0fd5399af7c3cd\",\"name\":\"Daniel E. Monta\u00f1a\",\"image\":{\"@type\":\"ImageObject\",\"inLanguage\":\"es-AR\",\"@id\":\"https:\\\/\\\/sergiolapegue.com\\\/site\\\/wp-content\\\/uploads\\\/2021\\\/04\\\/sl_avatar_Daniel-150x150.jpg\",\"url\":\"https:\\\/\\\/sergiolapegue.com\\\/site\\\/wp-content\\\/uploads\\\/2021\\\/04\\\/sl_avatar_Daniel-150x150.jpg\",\"contentUrl\":\"https:\\\/\\\/sergiolapegue.com\\\/site\\\/wp-content\\\/uploads\\\/2021\\\/04\\\/sl_avatar_Daniel-150x150.jpg\",\"caption\":\"Daniel E. Monta\u00f1a\"},\"sameAs\":[\"https:\\\/\\\/facebook.com\\\/danielernesto.montana\",\"https:\\\/\\\/instagram.com\\\/daniel_montana1961\",\"https:\\\/\\\/x.com\\\/https:\\\/\\\/twitter.com\\\/daner_004\"],\"url\":\"https:\\\/\\\/sergiolapegue.com\\\/site\\\/author\\\/daniel\\\/\"}]}<\/script>\n<!-- \/ Yoast SEO plugin. -->","yoast_head_json":{"title":"\u201cSAHARA, EL MUSICAL\u201d - Sergio Lapegue","robots":{"index":"index","follow":"follow","max-snippet":"max-snippet:-1","max-image-preview":"max-image-preview:large","max-video-preview":"max-video-preview:-1"},"canonical":"https:\/\/sergiolapegue.com\/site\/2026\/05\/01\/sahara-el-musical\/","og_locale":"es_ES","og_type":"article","og_title":"\u201cSAHARA, EL MUSICAL\u201d - Sergio Lapegue","og_description":"En mayo, en la Sala Argentina, se presenta \u201cSahara, El musical\u201d, de Albano Jofr\u00e9, basado en la vida real de Antoine de Saint-Exup\u00e9ry. Con direcci\u00f3n general de Sergio Lombardo y un destacado elenco en escena, Gonzalo Cano, Hernan Kufert, Albano Jofre, Jonathan Duarte, Federico Sorrentino, Javier Hermida y Andr\u00e9s Vaca, la obra pone el foco [&hellip;]","og_url":"https:\/\/sergiolapegue.com\/site\/2026\/05\/01\/sahara-el-musical\/","og_site_name":"Sergio Lapegue","article_publisher":"https:\/\/facebook.com\/sergiolapegue","article_author":"https:\/\/facebook.com\/danielernesto.montana","article_published_time":"2026-05-01T20:00:00+00:00","og_image":[{"width":1000,"height":741,"url":"https:\/\/sergiolapegue.com\/site\/wp-content\/uploads\/2026\/04\/Sahara-el-musical.jpg","type":"image\/jpeg"}],"author":"Daniel E. Monta\u00f1a","twitter_card":"summary_large_image","twitter_creator":"@https:\/\/twitter.com\/daner_004","twitter_site":"@sergiolapegue","twitter_misc":{"Escrito por":"Daniel E. Monta\u00f1a","Tiempo de lectura":"3 minutos"},"schema":{"@context":"https:\/\/schema.org","@graph":[{"@type":"Article","@id":"https:\/\/sergiolapegue.com\/site\/2026\/05\/01\/sahara-el-musical\/#article","isPartOf":{"@id":"https:\/\/sergiolapegue.com\/site\/2026\/05\/01\/sahara-el-musical\/"},"author":{"name":"Daniel E. Monta\u00f1a","@id":"https:\/\/sergiolapegue.com\/site\/#\/schema\/person\/9198e7dbab43c6d74d0fd5399af7c3cd"},"headline":"\u201cSAHARA, EL MUSICAL\u201d","datePublished":"2026-05-01T20:00:00+00:00","mainEntityOfPage":{"@id":"https:\/\/sergiolapegue.com\/site\/2026\/05\/01\/sahara-el-musical\/"},"wordCount":527,"commentCount":0,"publisher":{"@id":"https:\/\/sergiolapegue.com\/site\/#\/schema\/person\/083aeceeb0734cd166779ea6c0551a37"},"image":{"@id":"https:\/\/sergiolapegue.com\/site\/2026\/05\/01\/sahara-el-musical\/#primaryimage"},"thumbnailUrl":"https:\/\/sergiolapegue.com\/site\/wp-content\/uploads\/2026\/04\/Sahara-el-musical.jpg","articleSection":["Arte","Teatro"],"inLanguage":"es-AR","potentialAction":[{"@type":"CommentAction","name":"Comment","target":["https:\/\/sergiolapegue.com\/site\/2026\/05\/01\/sahara-el-musical\/#respond"]}]},{"@type":"WebPage","@id":"https:\/\/sergiolapegue.com\/site\/2026\/05\/01\/sahara-el-musical\/","url":"https:\/\/sergiolapegue.com\/site\/2026\/05\/01\/sahara-el-musical\/","name":"\u201cSAHARA, EL MUSICAL\u201d - Sergio Lapegue","isPartOf":{"@id":"https:\/\/sergiolapegue.com\/site\/#website"},"primaryImageOfPage":{"@id":"https:\/\/sergiolapegue.com\/site\/2026\/05\/01\/sahara-el-musical\/#primaryimage"},"image":{"@id":"https:\/\/sergiolapegue.com\/site\/2026\/05\/01\/sahara-el-musical\/#primaryimage"},"thumbnailUrl":"https:\/\/sergiolapegue.com\/site\/wp-content\/uploads\/2026\/04\/Sahara-el-musical.jpg","datePublished":"2026-05-01T20:00:00+00:00","breadcrumb":{"@id":"https:\/\/sergiolapegue.com\/site\/2026\/05\/01\/sahara-el-musical\/#breadcrumb"},"inLanguage":"es-AR","potentialAction":[{"@type":"ReadAction","target":["https:\/\/sergiolapegue.com\/site\/2026\/05\/01\/sahara-el-musical\/"]}]},{"@type":"ImageObject","inLanguage":"es-AR","@id":"https:\/\/sergiolapegue.com\/site\/2026\/05\/01\/sahara-el-musical\/#primaryimage","url":"https:\/\/sergiolapegue.com\/site\/wp-content\/uploads\/2026\/04\/Sahara-el-musical.jpg","contentUrl":"https:\/\/sergiolapegue.com\/site\/wp-content\/uploads\/2026\/04\/Sahara-el-musical.jpg","width":1000,"height":741},{"@type":"BreadcrumbList","@id":"https:\/\/sergiolapegue.com\/site\/2026\/05\/01\/sahara-el-musical\/#breadcrumb","itemListElement":[{"@type":"ListItem","position":1,"name":"Inicio","item":"https:\/\/sergiolapegue.com\/site\/"},{"@type":"ListItem","position":2,"name":"\u201cSAHARA, EL MUSICAL\u201d"}]},{"@type":"WebSite","@id":"https:\/\/sergiolapegue.com\/site\/#website","url":"https:\/\/sergiolapegue.com\/site\/","name":"Sergio Lapegue","description":"Periodista","publisher":{"@id":"https:\/\/sergiolapegue.com\/site\/#\/schema\/person\/083aeceeb0734cd166779ea6c0551a37"},"potentialAction":[{"@type":"SearchAction","target":{"@type":"EntryPoint","urlTemplate":"https:\/\/sergiolapegue.com\/site\/?s={search_term_string}"},"query-input":{"@type":"PropertyValueSpecification","valueRequired":true,"valueName":"search_term_string"}}],"inLanguage":"es-AR"},{"@type":["Person","Organization"],"@id":"https:\/\/sergiolapegue.com\/site\/#\/schema\/person\/083aeceeb0734cd166779ea6c0551a37","name":"Sergio Lapegue","image":{"@type":"ImageObject","inLanguage":"es-AR","@id":"https:\/\/sergiolapegue.com\/site\/wp-content\/uploads\/2021\/04\/logo_header-1.png","url":"https:\/\/sergiolapegue.com\/site\/wp-content\/uploads\/2021\/04\/logo_header-1.png","contentUrl":"https:\/\/sergiolapegue.com\/site\/wp-content\/uploads\/2021\/04\/logo_header-1.png","width":272,"height":90,"caption":"Sergio Lapegue"},"logo":{"@id":"https:\/\/sergiolapegue.com\/site\/wp-content\/uploads\/2021\/04\/logo_header-1.png"},"sameAs":["https:\/\/facebook.com\/sergiolapegue","https:\/\/instagram.com\/sergiolapegue","https:\/\/x.com\/https:\/\/twitter.com\/sergiolapegue"]},{"@type":"Person","@id":"https:\/\/sergiolapegue.com\/site\/#\/schema\/person\/9198e7dbab43c6d74d0fd5399af7c3cd","name":"Daniel E. Monta\u00f1a","image":{"@type":"ImageObject","inLanguage":"es-AR","@id":"https:\/\/sergiolapegue.com\/site\/wp-content\/uploads\/2021\/04\/sl_avatar_Daniel-150x150.jpg","url":"https:\/\/sergiolapegue.com\/site\/wp-content\/uploads\/2021\/04\/sl_avatar_Daniel-150x150.jpg","contentUrl":"https:\/\/sergiolapegue.com\/site\/wp-content\/uploads\/2021\/04\/sl_avatar_Daniel-150x150.jpg","caption":"Daniel E. Monta\u00f1a"},"sameAs":["https:\/\/facebook.com\/danielernesto.montana","https:\/\/instagram.com\/daniel_montana1961","https:\/\/x.com\/https:\/\/twitter.com\/daner_004"],"url":"https:\/\/sergiolapegue.com\/site\/author\/daniel\/"}]}},"_links":{"self":[{"href":"https:\/\/sergiolapegue.com\/site\/wp-json\/wp\/v2\/posts\/30017","targetHints":{"allow":["GET"]}}],"collection":[{"href":"https:\/\/sergiolapegue.com\/site\/wp-json\/wp\/v2\/posts"}],"about":[{"href":"https:\/\/sergiolapegue.com\/site\/wp-json\/wp\/v2\/types\/post"}],"author":[{"embeddable":true,"href":"https:\/\/sergiolapegue.com\/site\/wp-json\/wp\/v2\/users\/3"}],"replies":[{"embeddable":true,"href":"https:\/\/sergiolapegue.com\/site\/wp-json\/wp\/v2\/comments?post=30017"}],"version-history":[{"count":1,"href":"https:\/\/sergiolapegue.com\/site\/wp-json\/wp\/v2\/posts\/30017\/revisions"}],"predecessor-version":[{"id":30022,"href":"https:\/\/sergiolapegue.com\/site\/wp-json\/wp\/v2\/posts\/30017\/revisions\/30022"}],"wp:featuredmedia":[{"embeddable":true,"href":"https:\/\/sergiolapegue.com\/site\/wp-json\/wp\/v2\/media\/30021"}],"wp:attachment":[{"href":"https:\/\/sergiolapegue.com\/site\/wp-json\/wp\/v2\/media?parent=30017"}],"wp:term":[{"taxonomy":"category","embeddable":true,"href":"https:\/\/sergiolapegue.com\/site\/wp-json\/wp\/v2\/categories?post=30017"},{"taxonomy":"post_tag","embeddable":true,"href":"https:\/\/sergiolapegue.com\/site\/wp-json\/wp\/v2\/tags?post=30017"}],"curies":[{"name":"wp","href":"https:\/\/api.w.org\/{rel}","templated":true}]}}