{"id":30011,"date":"2026-05-01T09:00:00","date_gmt":"2026-05-01T12:00:00","guid":{"rendered":"https:\/\/sergiolapegue.com\/site\/?p=30011"},"modified":"2026-04-30T02:53:13","modified_gmt":"2026-04-30T05:53:13","slug":"mariu-fernandez-se-presenta-en-bebop-club-con-su-espectaculo-amy-classics-and-me","status":"publish","type":"post","link":"https:\/\/sergiolapegue.com\/site\/2026\/05\/01\/mariu-fernandez-se-presenta-en-bebop-club-con-su-espectaculo-amy-classics-and-me\/","title":{"rendered":"MARI\u00da FERN\u00c1NDEZ SE PRESENTA EN BEBOP CLUB CON SU ESPECT\u00c1CULO \u201cAMY, CLASSICS AND ME\u201d"},"content":{"rendered":"\n<p>El pr\u00f3ximo s\u00e1bado&nbsp;09 de mayo, Mari\u00fa Fern\u00e1ndez,&nbsp;reconocida por su talento como actriz, cantante, bailarina y compositora, presenta su espect\u00e1culo&nbsp;Amy, Classics and Me&nbsp;en&nbsp;Bebop Club.<\/p>\n\n\n\n<p>Con una trayectoria destacada en teatro musical y un fuerte v\u00ednculo con la obra de&nbsp;Amy Winehouse,&nbsp;Mari\u00fa Fern\u00e1ndez&nbsp;ofrece un show que combina la esencia de la ic\u00f3nica cantante brit\u00e1nica con un recorrido por su propia historia art\u00edstica.&nbsp;<\/p>\n\n\n\n<p>Acompa\u00f1ada por una big band de talentosos m\u00fasicos, encabezada por&nbsp;Nicolas Radicchi, en los arreglos, bajo y direcci\u00f3n musical, la artista promete una noche \u00fanica de emociones y m\u00fasica en vivo.<\/p>\n\n\n\n<p>Mari\u00fa salt\u00f3 a la fama con su interpretaci\u00f3n en&nbsp;Yo no soy Amy, un homenaje a Winehouse que marc\u00f3 un antes y un despu\u00e9s en su carrera. En esta propuesta, no s\u00f3lo revive grandes cl\u00e1sicos como&nbsp;Back to Black, sino que tambi\u00e9n presenta versiones de otros temas emblem\u00e1ticos como&nbsp;Billie Jean&nbsp;y&nbsp;Fanky, junto con composiciones propias como \u201cAc\u00e1 no pasa nada\u201d, \u201c Perdida en vos\u201d y su m\u00e1s reciente lanzamiento, \u201cPerd\u00f3name\u201d.<\/p>\n\n\n\n<figure class=\"wp-block-image size-full\"><img loading=\"lazy\" decoding=\"async\" width=\"1000\" height=\"667\" src=\"https:\/\/sergiolapegue.com\/site\/wp-content\/uploads\/2026\/04\/Mariu-Fernandez-en-Bebop-Club-1.jpg\" alt=\"\" class=\"wp-image-30014\" srcset=\"https:\/\/sergiolapegue.com\/site\/wp-content\/uploads\/2026\/04\/Mariu-Fernandez-en-Bebop-Club-1.jpg 1000w, https:\/\/sergiolapegue.com\/site\/wp-content\/uploads\/2026\/04\/Mariu-Fernandez-en-Bebop-Club-1-300x200.jpg 300w, https:\/\/sergiolapegue.com\/site\/wp-content\/uploads\/2026\/04\/Mariu-Fernandez-en-Bebop-Club-1-768x512.jpg 768w, https:\/\/sergiolapegue.com\/site\/wp-content\/uploads\/2026\/04\/Mariu-Fernandez-en-Bebop-Club-1-630x420.jpg 630w, https:\/\/sergiolapegue.com\/site\/wp-content\/uploads\/2026\/04\/Mariu-Fernandez-en-Bebop-Club-1-696x464.jpg 696w\" sizes=\"auto, (max-width: 1000px) 100vw, 1000px\" \/><\/figure>\n\n\n\n<p>Con una impronta personal,&nbsp;Mari\u00fa Fern\u00e1ndez&nbsp;se aleja de la imitaci\u00f3n para ofrecer una interpretaci\u00f3n aut\u00e9ntica y conmovedora. Su conexi\u00f3n con la m\u00fasica de&nbsp;Winehouse&nbsp;la llev\u00f3 a construir un espect\u00e1culo que trasciende el tributo y se convierte en una experiencia de arte y emoci\u00f3n.<\/p>\n\n\n\n<p>Adem\u00e1s de su \u00e9xito en el teatro musical con obras como&nbsp;Los Productores,&nbsp;Sweet Charity,&nbsp;Rent,&nbsp;Tango Feroz,&nbsp;Por Amor a Sandro,&nbsp;El Pasajero,&nbsp;Shrek&nbsp;y&nbsp;A Chorus Line, Mari\u00fa tambi\u00e9n ha brillado en la pantalla grande con su participaci\u00f3n en&nbsp;El amor menos pensado, junto a Ricardo Dar\u00edn y Mercedes Mor\u00e1n. Y fue parte del prestigioso ciclo&nbsp;Discos esenciales&nbsp;el agosto pasado, siendo una de las int\u00e9rpretes de&nbsp;Soy lo que soy de Sandra Mihanovich&nbsp;en la Ballena Azul del CCK.<\/p>\n\n\n\n<p>Su versatilidad y pasi\u00f3n por la m\u00fasica la han consolidado como una de las artistas m\u00e1s destacadas de la escena argentina.<\/p>\n\n\n\n<p>Amy, Classics and Me&nbsp;es un espect\u00e1culo de 75 minutos, que refleja el recorrido de una artista que ha sabido abrirse camino en la industria con talento, esfuerzo y autenticidad. Una noche imperdible para los amantes de la m\u00fasica y el legado de Amy Winehouse.<\/p>\n\n\n\n<p><strong>Plataformas Mari\u00fa Fern\u00e1ndez&nbsp;<\/strong><\/p>\n\n\n\n<p><a href=\"https:\/\/91599.clicks.dattanet.com\/track\/click?u=3610389&amp;p=39313539393a313034383a3933353a303a31373a30&amp;s=87c5ddda73e1cc4b2a7e6be37798f56c&amp;m=30218\" target=\"_blank\" rel=\"noreferrer noopener\">Instagram&nbsp;<\/a><strong>|<\/strong>&nbsp;<a href=\"https:\/\/91599.clicks.dattanet.com\/track\/click?u=3610390&amp;p=39313539393a313034383a3933353a303a31383a30&amp;s=87c5ddda73e1cc4b2a7e6be37798f56c&amp;m=30218\" target=\"_blank\" rel=\"noreferrer noopener\">Spotify<\/a>&nbsp;<strong>|<\/strong>&nbsp;<a href=\"https:\/\/91599.clicks.dattanet.com\/track\/click?u=3610391&amp;p=39313539393a313034383a3933353a303a31393a30&amp;s=87c5ddda73e1cc4b2a7e6be37798f56c&amp;m=30218\" target=\"_blank\" rel=\"noreferrer noopener\">Youtube<\/a>&nbsp;<\/p>\n\n\n\n<figure class=\"wp-block-image size-full\"><img loading=\"lazy\" decoding=\"async\" width=\"1000\" height=\"667\" src=\"https:\/\/sergiolapegue.com\/site\/wp-content\/uploads\/2026\/04\/Mariu-Fernandez-en-Bebop-Club-2.jpg\" alt=\"\" class=\"wp-image-30012\" srcset=\"https:\/\/sergiolapegue.com\/site\/wp-content\/uploads\/2026\/04\/Mariu-Fernandez-en-Bebop-Club-2.jpg 1000w, https:\/\/sergiolapegue.com\/site\/wp-content\/uploads\/2026\/04\/Mariu-Fernandez-en-Bebop-Club-2-300x200.jpg 300w, https:\/\/sergiolapegue.com\/site\/wp-content\/uploads\/2026\/04\/Mariu-Fernandez-en-Bebop-Club-2-768x512.jpg 768w, https:\/\/sergiolapegue.com\/site\/wp-content\/uploads\/2026\/04\/Mariu-Fernandez-en-Bebop-Club-2-630x420.jpg 630w, https:\/\/sergiolapegue.com\/site\/wp-content\/uploads\/2026\/04\/Mariu-Fernandez-en-Bebop-Club-2-696x464.jpg 696w\" sizes=\"auto, (max-width: 1000px) 100vw, 1000px\" \/><\/figure>\n\n\n\n<p><strong>FICHA T\u00c9CNICO ART\u00cdSTICA<\/strong><\/p>\n\n\n\n<p><strong>Idea original:<\/strong>&nbsp;Mari\u00fa Fern\u00e1ndez<\/p>\n\n\n\n<p><strong>Voz Lead:<\/strong> Mari\u00fa Fern\u00e1ndez&nbsp;<\/p>\n\n\n\n<p><strong>Big Band: <\/strong>Nicol\u00e1s Radicchi&nbsp;\u2013 en Bajo<\/p>\n\n\n\n<p>\u00a0\u00a0\u00a0\u00a0\u00a0\u00a0\u00a0\u00a0\u00a0\u00a0\u00a0 \u00a0\u00a0\u00a0\u00a0 Mat\u00edas Bahillo\u00a0\u2013 en Trompeta<\/p>\n\n\n\n<p>\u00a0\u00a0\u00a0\u00a0\u00a0\u00a0\u00a0\u00a0\u00a0\u00a0\u00a0\u00a0\u00a0\u00a0\u00a0\u00a0\u00a0Joaqu\u00edn Bonazzola\u00a0\u2013 en Bater\u00eda<\/p>\n\n\n\n<p>\u00a0\u00a0\u00a0\u00a0\u00a0\u00a0\u00a0 \u00a0\u00a0\u00a0\u00a0\u00a0\u00a0\u00a0\u00a0\u00a0Francisco Megna \u2013 en Guitarra<\/p>\n\n\n\n<p>\u00a0\u00a0\u00a0\u00a0\u00a0\u00a0\u00a0\u00a0\u00a0\u00a0\u00a0\u00a0\u00a0\u00a0\u00a0\u00a0 Adri\u00e1n P\u00e9rez Dorna\u00a0\u2013 en Saxo<\/p>\n\n\n\n<p>\u00a0\u00a0\u00a0 \u00a0\u00a0\u00a0\u00a0\u00a0\u00a0\u00a0\u00a0\u00a0\u00a0\u00a0\u00a0\u00a0Mat\u00edas Dabanch\u00a0\u2013 en Teclados<\/p>\n\n\n\n<p><strong>Coros:&nbsp;<\/strong>Camila Castagna y Flow Gate\u00f1o<\/p>\n\n\n\n<p><strong>Arreglos musicales:&nbsp;<\/strong>Nicol\u00e1s Radicchi&nbsp;<\/p>\n\n\n\n<p><strong>Asistente de banda y CM:<\/strong>&nbsp;Mar\u00eda Pia Casanova<\/p>\n\n\n\n<p><strong>Prensa:<\/strong> BMZ Comunicaciones<\/p>\n\n\n\n<p><strong>Direcci\u00f3n Musical:&nbsp;<\/strong>Nicol\u00e1s Radicchi&nbsp;<\/p>\n\n\n\n<p><strong>Direcci\u00f3n General<\/strong>: Mari\u00fa Fern\u00e1ndez&nbsp;<\/p>\n\n\n\n<figure class=\"wp-block-image size-full\"><img loading=\"lazy\" decoding=\"async\" width=\"1000\" height=\"667\" src=\"https:\/\/sergiolapegue.com\/site\/wp-content\/uploads\/2026\/04\/Mariu-Fernandez-en-Bebop-Club-3.jpg\" alt=\"\" class=\"wp-image-30013\" srcset=\"https:\/\/sergiolapegue.com\/site\/wp-content\/uploads\/2026\/04\/Mariu-Fernandez-en-Bebop-Club-3.jpg 1000w, https:\/\/sergiolapegue.com\/site\/wp-content\/uploads\/2026\/04\/Mariu-Fernandez-en-Bebop-Club-3-300x200.jpg 300w, https:\/\/sergiolapegue.com\/site\/wp-content\/uploads\/2026\/04\/Mariu-Fernandez-en-Bebop-Club-3-768x512.jpg 768w, https:\/\/sergiolapegue.com\/site\/wp-content\/uploads\/2026\/04\/Mariu-Fernandez-en-Bebop-Club-3-630x420.jpg 630w, https:\/\/sergiolapegue.com\/site\/wp-content\/uploads\/2026\/04\/Mariu-Fernandez-en-Bebop-Club-3-696x464.jpg 696w\" sizes=\"auto, (max-width: 1000px) 100vw, 1000px\" \/><\/figure>\n\n\n\n<p><strong>BEBOP CLUB<\/strong><\/p>\n\n\n\n<p>Uriarte 1658 \u2013 Capital Federal \u2013 Buenos Aires \u2013 Argentina<\/p>\n\n\n\n<p>Tel\u00e9fono: 11 2 585 3515<\/p>\n\n\n\n<p>Entradas: Desde $ 15.000 hasta $ 30.000 \u2013 a trav\u00e9s de Passline \u2013 Link:<\/p>\n\n\n\n<p><a href=\"https:\/\/www.passline.com\/eventos-ficha-dvm\/mariu-fernandez-amy-classics-me-09052026?utm_source=email_marketing&amp;utm_admin=91599&amp;utm_medium=email&amp;utm_campaign=MARIU_FERNANDEZ_PRESENTA_AMY_CLASSICS_AND_ME_EN_BEBOP_CLUB\">Passline &#8211; Mari\u00fa Fern\u00e1ndez | Amy, Classics &amp; Me | 09\/05\/2026<\/a><\/p>\n\n\n\n<p>Funci\u00f3n: S\u00e1bado 09 de Mayo \u2013 22:30 horas<\/p>\n\n\n\n<p>Gracias Marcelo Boccia de BMZ Comunicaciones por acercarnos la gacetilla de prensa de la talentosa Mari\u00fa Fern\u00e1ndez.&nbsp;<\/p>\n\n\n\n<p><\/p>\n","protected":false},"excerpt":{"rendered":"<p>El pr\u00f3ximo s\u00e1bado&nbsp;09 de mayo, Mari\u00fa Fern\u00e1ndez,&nbsp;reconocida por su talento como actriz, cantante, bailarina y compositora, presenta su espect\u00e1culo&nbsp;Amy, Classics and Me&nbsp;en&nbsp;Bebop Club. Con una trayectoria destacada en teatro musical y un fuerte v\u00ednculo con la obra de&nbsp;Amy Winehouse,&nbsp;Mari\u00fa Fern\u00e1ndez&nbsp;ofrece un show que combina la esencia de la ic\u00f3nica cantante brit\u00e1nica con un recorrido por [&hellip;]<\/p>\n","protected":false},"author":3,"featured_media":30015,"comment_status":"open","ping_status":"closed","sticky":false,"template":"","format":"standard","meta":{"footnotes":""},"categories":[34,56],"tags":[],"class_list":{"0":"post-30011","1":"post","2":"type-post","3":"status-publish","4":"format-standard","5":"has-post-thumbnail","7":"category-arte","8":"category-musica"},"yoast_head":"<!-- This site is optimized with the Yoast SEO plugin v27.5 - https:\/\/yoast.com\/product\/yoast-seo-wordpress\/ -->\n<title>MARI\u00da FERN\u00c1NDEZ SE PRESENTA EN BEBOP CLUB CON SU ESPECT\u00c1CULO \u201cAMY, CLASSICS AND ME\u201d - Sergio Lapegue<\/title>\n<meta name=\"robots\" content=\"index, follow, max-snippet:-1, max-image-preview:large, max-video-preview:-1\" \/>\n<link rel=\"canonical\" href=\"https:\/\/sergiolapegue.com\/site\/2026\/05\/01\/mariu-fernandez-se-presenta-en-bebop-club-con-su-espectaculo-amy-classics-and-me\/\" \/>\n<meta property=\"og:locale\" content=\"es_ES\" \/>\n<meta property=\"og:type\" content=\"article\" \/>\n<meta property=\"og:title\" content=\"MARI\u00da FERN\u00c1NDEZ SE PRESENTA EN BEBOP CLUB CON SU ESPECT\u00c1CULO \u201cAMY, CLASSICS AND ME\u201d - Sergio Lapegue\" \/>\n<meta property=\"og:description\" content=\"El pr\u00f3ximo s\u00e1bado&nbsp;09 de mayo, Mari\u00fa Fern\u00e1ndez,&nbsp;reconocida por su talento como actriz, cantante, bailarina y compositora, presenta su espect\u00e1culo&nbsp;Amy, Classics and Me&nbsp;en&nbsp;Bebop Club. Con una trayectoria destacada en teatro musical y un fuerte v\u00ednculo con la obra de&nbsp;Amy Winehouse,&nbsp;Mari\u00fa Fern\u00e1ndez&nbsp;ofrece un show que combina la esencia de la ic\u00f3nica cantante brit\u00e1nica con un recorrido por [&hellip;]\" \/>\n<meta property=\"og:url\" content=\"https:\/\/sergiolapegue.com\/site\/2026\/05\/01\/mariu-fernandez-se-presenta-en-bebop-club-con-su-espectaculo-amy-classics-and-me\/\" \/>\n<meta property=\"og:site_name\" content=\"Sergio Lapegue\" \/>\n<meta property=\"article:publisher\" content=\"https:\/\/facebook.com\/sergiolapegue\" \/>\n<meta property=\"article:author\" content=\"https:\/\/facebook.com\/danielernesto.montana\" \/>\n<meta property=\"article:published_time\" content=\"2026-05-01T12:00:00+00:00\" \/>\n<meta property=\"og:image\" content=\"https:\/\/sergiolapegue.com\/site\/wp-content\/uploads\/2026\/04\/Mariu-Fernandez-en-Bebop-Club.jpg\" \/>\n\t<meta property=\"og:image:width\" content=\"1000\" \/>\n\t<meta property=\"og:image:height\" content=\"1000\" \/>\n\t<meta property=\"og:image:type\" content=\"image\/jpeg\" \/>\n<meta name=\"author\" content=\"Daniel E. Monta\u00f1a\" \/>\n<meta name=\"twitter:card\" content=\"summary_large_image\" \/>\n<meta name=\"twitter:creator\" content=\"@https:\/\/twitter.com\/daner_004\" \/>\n<meta name=\"twitter:site\" content=\"@sergiolapegue\" \/>\n<meta name=\"twitter:label1\" content=\"Escrito por\" \/>\n\t<meta name=\"twitter:data1\" content=\"Daniel E. Monta\u00f1a\" \/>\n\t<meta name=\"twitter:label2\" content=\"Tiempo de lectura\" \/>\n\t<meta name=\"twitter:data2\" content=\"4 minutos\" \/>\n<script type=\"application\/ld+json\" class=\"yoast-schema-graph\">{\"@context\":\"https:\\\/\\\/schema.org\",\"@graph\":[{\"@type\":\"Article\",\"@id\":\"https:\\\/\\\/sergiolapegue.com\\\/site\\\/2026\\\/05\\\/01\\\/mariu-fernandez-se-presenta-en-bebop-club-con-su-espectaculo-amy-classics-and-me\\\/#article\",\"isPartOf\":{\"@id\":\"https:\\\/\\\/sergiolapegue.com\\\/site\\\/2026\\\/05\\\/01\\\/mariu-fernandez-se-presenta-en-bebop-club-con-su-espectaculo-amy-classics-and-me\\\/\"},\"author\":{\"name\":\"Daniel E. Monta\u00f1a\",\"@id\":\"https:\\\/\\\/sergiolapegue.com\\\/site\\\/#\\\/schema\\\/person\\\/9198e7dbab43c6d74d0fd5399af7c3cd\"},\"headline\":\"MARI\u00da FERN\u00c1NDEZ SE PRESENTA EN BEBOP CLUB CON SU ESPECT\u00c1CULO \u201cAMY, CLASSICS AND ME\u201d\",\"datePublished\":\"2026-05-01T12:00:00+00:00\",\"mainEntityOfPage\":{\"@id\":\"https:\\\/\\\/sergiolapegue.com\\\/site\\\/2026\\\/05\\\/01\\\/mariu-fernandez-se-presenta-en-bebop-club-con-su-espectaculo-amy-classics-and-me\\\/\"},\"wordCount\":612,\"commentCount\":0,\"publisher\":{\"@id\":\"https:\\\/\\\/sergiolapegue.com\\\/site\\\/#\\\/schema\\\/person\\\/083aeceeb0734cd166779ea6c0551a37\"},\"image\":{\"@id\":\"https:\\\/\\\/sergiolapegue.com\\\/site\\\/2026\\\/05\\\/01\\\/mariu-fernandez-se-presenta-en-bebop-club-con-su-espectaculo-amy-classics-and-me\\\/#primaryimage\"},\"thumbnailUrl\":\"https:\\\/\\\/sergiolapegue.com\\\/site\\\/wp-content\\\/uploads\\\/2026\\\/04\\\/Mariu-Fernandez-en-Bebop-Club.jpg\",\"articleSection\":[\"Arte\",\"M\u00fasica\"],\"inLanguage\":\"es-AR\",\"potentialAction\":[{\"@type\":\"CommentAction\",\"name\":\"Comment\",\"target\":[\"https:\\\/\\\/sergiolapegue.com\\\/site\\\/2026\\\/05\\\/01\\\/mariu-fernandez-se-presenta-en-bebop-club-con-su-espectaculo-amy-classics-and-me\\\/#respond\"]}]},{\"@type\":\"WebPage\",\"@id\":\"https:\\\/\\\/sergiolapegue.com\\\/site\\\/2026\\\/05\\\/01\\\/mariu-fernandez-se-presenta-en-bebop-club-con-su-espectaculo-amy-classics-and-me\\\/\",\"url\":\"https:\\\/\\\/sergiolapegue.com\\\/site\\\/2026\\\/05\\\/01\\\/mariu-fernandez-se-presenta-en-bebop-club-con-su-espectaculo-amy-classics-and-me\\\/\",\"name\":\"MARI\u00da FERN\u00c1NDEZ SE PRESENTA EN BEBOP CLUB CON SU ESPECT\u00c1CULO \u201cAMY, CLASSICS AND ME\u201d - Sergio Lapegue\",\"isPartOf\":{\"@id\":\"https:\\\/\\\/sergiolapegue.com\\\/site\\\/#website\"},\"primaryImageOfPage\":{\"@id\":\"https:\\\/\\\/sergiolapegue.com\\\/site\\\/2026\\\/05\\\/01\\\/mariu-fernandez-se-presenta-en-bebop-club-con-su-espectaculo-amy-classics-and-me\\\/#primaryimage\"},\"image\":{\"@id\":\"https:\\\/\\\/sergiolapegue.com\\\/site\\\/2026\\\/05\\\/01\\\/mariu-fernandez-se-presenta-en-bebop-club-con-su-espectaculo-amy-classics-and-me\\\/#primaryimage\"},\"thumbnailUrl\":\"https:\\\/\\\/sergiolapegue.com\\\/site\\\/wp-content\\\/uploads\\\/2026\\\/04\\\/Mariu-Fernandez-en-Bebop-Club.jpg\",\"datePublished\":\"2026-05-01T12:00:00+00:00\",\"breadcrumb\":{\"@id\":\"https:\\\/\\\/sergiolapegue.com\\\/site\\\/2026\\\/05\\\/01\\\/mariu-fernandez-se-presenta-en-bebop-club-con-su-espectaculo-amy-classics-and-me\\\/#breadcrumb\"},\"inLanguage\":\"es-AR\",\"potentialAction\":[{\"@type\":\"ReadAction\",\"target\":[\"https:\\\/\\\/sergiolapegue.com\\\/site\\\/2026\\\/05\\\/01\\\/mariu-fernandez-se-presenta-en-bebop-club-con-su-espectaculo-amy-classics-and-me\\\/\"]}]},{\"@type\":\"ImageObject\",\"inLanguage\":\"es-AR\",\"@id\":\"https:\\\/\\\/sergiolapegue.com\\\/site\\\/2026\\\/05\\\/01\\\/mariu-fernandez-se-presenta-en-bebop-club-con-su-espectaculo-amy-classics-and-me\\\/#primaryimage\",\"url\":\"https:\\\/\\\/sergiolapegue.com\\\/site\\\/wp-content\\\/uploads\\\/2026\\\/04\\\/Mariu-Fernandez-en-Bebop-Club.jpg\",\"contentUrl\":\"https:\\\/\\\/sergiolapegue.com\\\/site\\\/wp-content\\\/uploads\\\/2026\\\/04\\\/Mariu-Fernandez-en-Bebop-Club.jpg\",\"width\":1000,\"height\":1000},{\"@type\":\"BreadcrumbList\",\"@id\":\"https:\\\/\\\/sergiolapegue.com\\\/site\\\/2026\\\/05\\\/01\\\/mariu-fernandez-se-presenta-en-bebop-club-con-su-espectaculo-amy-classics-and-me\\\/#breadcrumb\",\"itemListElement\":[{\"@type\":\"ListItem\",\"position\":1,\"name\":\"Inicio\",\"item\":\"https:\\\/\\\/sergiolapegue.com\\\/site\\\/\"},{\"@type\":\"ListItem\",\"position\":2,\"name\":\"MARI\u00da FERN\u00c1NDEZ SE PRESENTA EN BEBOP CLUB CON SU ESPECT\u00c1CULO \u201cAMY, CLASSICS AND ME\u201d\"}]},{\"@type\":\"WebSite\",\"@id\":\"https:\\\/\\\/sergiolapegue.com\\\/site\\\/#website\",\"url\":\"https:\\\/\\\/sergiolapegue.com\\\/site\\\/\",\"name\":\"Sergio Lapegue\",\"description\":\"Periodista\",\"publisher\":{\"@id\":\"https:\\\/\\\/sergiolapegue.com\\\/site\\\/#\\\/schema\\\/person\\\/083aeceeb0734cd166779ea6c0551a37\"},\"potentialAction\":[{\"@type\":\"SearchAction\",\"target\":{\"@type\":\"EntryPoint\",\"urlTemplate\":\"https:\\\/\\\/sergiolapegue.com\\\/site\\\/?s={search_term_string}\"},\"query-input\":{\"@type\":\"PropertyValueSpecification\",\"valueRequired\":true,\"valueName\":\"search_term_string\"}}],\"inLanguage\":\"es-AR\"},{\"@type\":[\"Person\",\"Organization\"],\"@id\":\"https:\\\/\\\/sergiolapegue.com\\\/site\\\/#\\\/schema\\\/person\\\/083aeceeb0734cd166779ea6c0551a37\",\"name\":\"Sergio Lapegue\",\"image\":{\"@type\":\"ImageObject\",\"inLanguage\":\"es-AR\",\"@id\":\"https:\\\/\\\/sergiolapegue.com\\\/site\\\/wp-content\\\/uploads\\\/2021\\\/04\\\/logo_header-1.png\",\"url\":\"https:\\\/\\\/sergiolapegue.com\\\/site\\\/wp-content\\\/uploads\\\/2021\\\/04\\\/logo_header-1.png\",\"contentUrl\":\"https:\\\/\\\/sergiolapegue.com\\\/site\\\/wp-content\\\/uploads\\\/2021\\\/04\\\/logo_header-1.png\",\"width\":272,\"height\":90,\"caption\":\"Sergio Lapegue\"},\"logo\":{\"@id\":\"https:\\\/\\\/sergiolapegue.com\\\/site\\\/wp-content\\\/uploads\\\/2021\\\/04\\\/logo_header-1.png\"},\"sameAs\":[\"https:\\\/\\\/facebook.com\\\/sergiolapegue\",\"https:\\\/\\\/instagram.com\\\/sergiolapegue\",\"https:\\\/\\\/x.com\\\/https:\\\/\\\/twitter.com\\\/sergiolapegue\"]},{\"@type\":\"Person\",\"@id\":\"https:\\\/\\\/sergiolapegue.com\\\/site\\\/#\\\/schema\\\/person\\\/9198e7dbab43c6d74d0fd5399af7c3cd\",\"name\":\"Daniel E. Monta\u00f1a\",\"image\":{\"@type\":\"ImageObject\",\"inLanguage\":\"es-AR\",\"@id\":\"https:\\\/\\\/sergiolapegue.com\\\/site\\\/wp-content\\\/uploads\\\/2021\\\/04\\\/sl_avatar_Daniel-150x150.jpg\",\"url\":\"https:\\\/\\\/sergiolapegue.com\\\/site\\\/wp-content\\\/uploads\\\/2021\\\/04\\\/sl_avatar_Daniel-150x150.jpg\",\"contentUrl\":\"https:\\\/\\\/sergiolapegue.com\\\/site\\\/wp-content\\\/uploads\\\/2021\\\/04\\\/sl_avatar_Daniel-150x150.jpg\",\"caption\":\"Daniel E. Monta\u00f1a\"},\"sameAs\":[\"https:\\\/\\\/facebook.com\\\/danielernesto.montana\",\"https:\\\/\\\/instagram.com\\\/daniel_montana1961\",\"https:\\\/\\\/x.com\\\/https:\\\/\\\/twitter.com\\\/daner_004\"],\"url\":\"https:\\\/\\\/sergiolapegue.com\\\/site\\\/author\\\/daniel\\\/\"}]}<\/script>\n<!-- \/ Yoast SEO plugin. -->","yoast_head_json":{"title":"MARI\u00da FERN\u00c1NDEZ SE PRESENTA EN BEBOP CLUB CON SU ESPECT\u00c1CULO \u201cAMY, CLASSICS AND ME\u201d - Sergio Lapegue","robots":{"index":"index","follow":"follow","max-snippet":"max-snippet:-1","max-image-preview":"max-image-preview:large","max-video-preview":"max-video-preview:-1"},"canonical":"https:\/\/sergiolapegue.com\/site\/2026\/05\/01\/mariu-fernandez-se-presenta-en-bebop-club-con-su-espectaculo-amy-classics-and-me\/","og_locale":"es_ES","og_type":"article","og_title":"MARI\u00da FERN\u00c1NDEZ SE PRESENTA EN BEBOP CLUB CON SU ESPECT\u00c1CULO \u201cAMY, CLASSICS AND ME\u201d - Sergio Lapegue","og_description":"El pr\u00f3ximo s\u00e1bado&nbsp;09 de mayo, Mari\u00fa Fern\u00e1ndez,&nbsp;reconocida por su talento como actriz, cantante, bailarina y compositora, presenta su espect\u00e1culo&nbsp;Amy, Classics and Me&nbsp;en&nbsp;Bebop Club. Con una trayectoria destacada en teatro musical y un fuerte v\u00ednculo con la obra de&nbsp;Amy Winehouse,&nbsp;Mari\u00fa Fern\u00e1ndez&nbsp;ofrece un show que combina la esencia de la ic\u00f3nica cantante brit\u00e1nica con un recorrido por [&hellip;]","og_url":"https:\/\/sergiolapegue.com\/site\/2026\/05\/01\/mariu-fernandez-se-presenta-en-bebop-club-con-su-espectaculo-amy-classics-and-me\/","og_site_name":"Sergio Lapegue","article_publisher":"https:\/\/facebook.com\/sergiolapegue","article_author":"https:\/\/facebook.com\/danielernesto.montana","article_published_time":"2026-05-01T12:00:00+00:00","og_image":[{"width":1000,"height":1000,"url":"https:\/\/sergiolapegue.com\/site\/wp-content\/uploads\/2026\/04\/Mariu-Fernandez-en-Bebop-Club.jpg","type":"image\/jpeg"}],"author":"Daniel E. Monta\u00f1a","twitter_card":"summary_large_image","twitter_creator":"@https:\/\/twitter.com\/daner_004","twitter_site":"@sergiolapegue","twitter_misc":{"Escrito por":"Daniel E. Monta\u00f1a","Tiempo de lectura":"4 minutos"},"schema":{"@context":"https:\/\/schema.org","@graph":[{"@type":"Article","@id":"https:\/\/sergiolapegue.com\/site\/2026\/05\/01\/mariu-fernandez-se-presenta-en-bebop-club-con-su-espectaculo-amy-classics-and-me\/#article","isPartOf":{"@id":"https:\/\/sergiolapegue.com\/site\/2026\/05\/01\/mariu-fernandez-se-presenta-en-bebop-club-con-su-espectaculo-amy-classics-and-me\/"},"author":{"name":"Daniel E. Monta\u00f1a","@id":"https:\/\/sergiolapegue.com\/site\/#\/schema\/person\/9198e7dbab43c6d74d0fd5399af7c3cd"},"headline":"MARI\u00da FERN\u00c1NDEZ SE PRESENTA EN BEBOP CLUB CON SU ESPECT\u00c1CULO \u201cAMY, CLASSICS AND ME\u201d","datePublished":"2026-05-01T12:00:00+00:00","mainEntityOfPage":{"@id":"https:\/\/sergiolapegue.com\/site\/2026\/05\/01\/mariu-fernandez-se-presenta-en-bebop-club-con-su-espectaculo-amy-classics-and-me\/"},"wordCount":612,"commentCount":0,"publisher":{"@id":"https:\/\/sergiolapegue.com\/site\/#\/schema\/person\/083aeceeb0734cd166779ea6c0551a37"},"image":{"@id":"https:\/\/sergiolapegue.com\/site\/2026\/05\/01\/mariu-fernandez-se-presenta-en-bebop-club-con-su-espectaculo-amy-classics-and-me\/#primaryimage"},"thumbnailUrl":"https:\/\/sergiolapegue.com\/site\/wp-content\/uploads\/2026\/04\/Mariu-Fernandez-en-Bebop-Club.jpg","articleSection":["Arte","M\u00fasica"],"inLanguage":"es-AR","potentialAction":[{"@type":"CommentAction","name":"Comment","target":["https:\/\/sergiolapegue.com\/site\/2026\/05\/01\/mariu-fernandez-se-presenta-en-bebop-club-con-su-espectaculo-amy-classics-and-me\/#respond"]}]},{"@type":"WebPage","@id":"https:\/\/sergiolapegue.com\/site\/2026\/05\/01\/mariu-fernandez-se-presenta-en-bebop-club-con-su-espectaculo-amy-classics-and-me\/","url":"https:\/\/sergiolapegue.com\/site\/2026\/05\/01\/mariu-fernandez-se-presenta-en-bebop-club-con-su-espectaculo-amy-classics-and-me\/","name":"MARI\u00da FERN\u00c1NDEZ SE PRESENTA EN BEBOP CLUB CON SU ESPECT\u00c1CULO \u201cAMY, CLASSICS AND ME\u201d - Sergio Lapegue","isPartOf":{"@id":"https:\/\/sergiolapegue.com\/site\/#website"},"primaryImageOfPage":{"@id":"https:\/\/sergiolapegue.com\/site\/2026\/05\/01\/mariu-fernandez-se-presenta-en-bebop-club-con-su-espectaculo-amy-classics-and-me\/#primaryimage"},"image":{"@id":"https:\/\/sergiolapegue.com\/site\/2026\/05\/01\/mariu-fernandez-se-presenta-en-bebop-club-con-su-espectaculo-amy-classics-and-me\/#primaryimage"},"thumbnailUrl":"https:\/\/sergiolapegue.com\/site\/wp-content\/uploads\/2026\/04\/Mariu-Fernandez-en-Bebop-Club.jpg","datePublished":"2026-05-01T12:00:00+00:00","breadcrumb":{"@id":"https:\/\/sergiolapegue.com\/site\/2026\/05\/01\/mariu-fernandez-se-presenta-en-bebop-club-con-su-espectaculo-amy-classics-and-me\/#breadcrumb"},"inLanguage":"es-AR","potentialAction":[{"@type":"ReadAction","target":["https:\/\/sergiolapegue.com\/site\/2026\/05\/01\/mariu-fernandez-se-presenta-en-bebop-club-con-su-espectaculo-amy-classics-and-me\/"]}]},{"@type":"ImageObject","inLanguage":"es-AR","@id":"https:\/\/sergiolapegue.com\/site\/2026\/05\/01\/mariu-fernandez-se-presenta-en-bebop-club-con-su-espectaculo-amy-classics-and-me\/#primaryimage","url":"https:\/\/sergiolapegue.com\/site\/wp-content\/uploads\/2026\/04\/Mariu-Fernandez-en-Bebop-Club.jpg","contentUrl":"https:\/\/sergiolapegue.com\/site\/wp-content\/uploads\/2026\/04\/Mariu-Fernandez-en-Bebop-Club.jpg","width":1000,"height":1000},{"@type":"BreadcrumbList","@id":"https:\/\/sergiolapegue.com\/site\/2026\/05\/01\/mariu-fernandez-se-presenta-en-bebop-club-con-su-espectaculo-amy-classics-and-me\/#breadcrumb","itemListElement":[{"@type":"ListItem","position":1,"name":"Inicio","item":"https:\/\/sergiolapegue.com\/site\/"},{"@type":"ListItem","position":2,"name":"MARI\u00da FERN\u00c1NDEZ SE PRESENTA EN BEBOP CLUB CON SU ESPECT\u00c1CULO \u201cAMY, CLASSICS AND ME\u201d"}]},{"@type":"WebSite","@id":"https:\/\/sergiolapegue.com\/site\/#website","url":"https:\/\/sergiolapegue.com\/site\/","name":"Sergio Lapegue","description":"Periodista","publisher":{"@id":"https:\/\/sergiolapegue.com\/site\/#\/schema\/person\/083aeceeb0734cd166779ea6c0551a37"},"potentialAction":[{"@type":"SearchAction","target":{"@type":"EntryPoint","urlTemplate":"https:\/\/sergiolapegue.com\/site\/?s={search_term_string}"},"query-input":{"@type":"PropertyValueSpecification","valueRequired":true,"valueName":"search_term_string"}}],"inLanguage":"es-AR"},{"@type":["Person","Organization"],"@id":"https:\/\/sergiolapegue.com\/site\/#\/schema\/person\/083aeceeb0734cd166779ea6c0551a37","name":"Sergio Lapegue","image":{"@type":"ImageObject","inLanguage":"es-AR","@id":"https:\/\/sergiolapegue.com\/site\/wp-content\/uploads\/2021\/04\/logo_header-1.png","url":"https:\/\/sergiolapegue.com\/site\/wp-content\/uploads\/2021\/04\/logo_header-1.png","contentUrl":"https:\/\/sergiolapegue.com\/site\/wp-content\/uploads\/2021\/04\/logo_header-1.png","width":272,"height":90,"caption":"Sergio Lapegue"},"logo":{"@id":"https:\/\/sergiolapegue.com\/site\/wp-content\/uploads\/2021\/04\/logo_header-1.png"},"sameAs":["https:\/\/facebook.com\/sergiolapegue","https:\/\/instagram.com\/sergiolapegue","https:\/\/x.com\/https:\/\/twitter.com\/sergiolapegue"]},{"@type":"Person","@id":"https:\/\/sergiolapegue.com\/site\/#\/schema\/person\/9198e7dbab43c6d74d0fd5399af7c3cd","name":"Daniel E. Monta\u00f1a","image":{"@type":"ImageObject","inLanguage":"es-AR","@id":"https:\/\/sergiolapegue.com\/site\/wp-content\/uploads\/2021\/04\/sl_avatar_Daniel-150x150.jpg","url":"https:\/\/sergiolapegue.com\/site\/wp-content\/uploads\/2021\/04\/sl_avatar_Daniel-150x150.jpg","contentUrl":"https:\/\/sergiolapegue.com\/site\/wp-content\/uploads\/2021\/04\/sl_avatar_Daniel-150x150.jpg","caption":"Daniel E. Monta\u00f1a"},"sameAs":["https:\/\/facebook.com\/danielernesto.montana","https:\/\/instagram.com\/daniel_montana1961","https:\/\/x.com\/https:\/\/twitter.com\/daner_004"],"url":"https:\/\/sergiolapegue.com\/site\/author\/daniel\/"}]}},"_links":{"self":[{"href":"https:\/\/sergiolapegue.com\/site\/wp-json\/wp\/v2\/posts\/30011","targetHints":{"allow":["GET"]}}],"collection":[{"href":"https:\/\/sergiolapegue.com\/site\/wp-json\/wp\/v2\/posts"}],"about":[{"href":"https:\/\/sergiolapegue.com\/site\/wp-json\/wp\/v2\/types\/post"}],"author":[{"embeddable":true,"href":"https:\/\/sergiolapegue.com\/site\/wp-json\/wp\/v2\/users\/3"}],"replies":[{"embeddable":true,"href":"https:\/\/sergiolapegue.com\/site\/wp-json\/wp\/v2\/comments?post=30011"}],"version-history":[{"count":1,"href":"https:\/\/sergiolapegue.com\/site\/wp-json\/wp\/v2\/posts\/30011\/revisions"}],"predecessor-version":[{"id":30016,"href":"https:\/\/sergiolapegue.com\/site\/wp-json\/wp\/v2\/posts\/30011\/revisions\/30016"}],"wp:featuredmedia":[{"embeddable":true,"href":"https:\/\/sergiolapegue.com\/site\/wp-json\/wp\/v2\/media\/30015"}],"wp:attachment":[{"href":"https:\/\/sergiolapegue.com\/site\/wp-json\/wp\/v2\/media?parent=30011"}],"wp:term":[{"taxonomy":"category","embeddable":true,"href":"https:\/\/sergiolapegue.com\/site\/wp-json\/wp\/v2\/categories?post=30011"},{"taxonomy":"post_tag","embeddable":true,"href":"https:\/\/sergiolapegue.com\/site\/wp-json\/wp\/v2\/tags?post=30011"}],"curies":[{"name":"wp","href":"https:\/\/api.w.org\/{rel}","templated":true}]}}