{"id":29999,"date":"2026-04-30T17:00:00","date_gmt":"2026-04-30T20:00:00","guid":{"rendered":"https:\/\/sergiolapegue.com\/site\/?p=29999"},"modified":"2026-04-30T00:52:06","modified_gmt":"2026-04-30T03:52:06","slug":"y-si-la-lluvia-nos-deja","status":"publish","type":"post","link":"https:\/\/sergiolapegue.com\/site\/2026\/04\/30\/y-si-la-lluvia-nos-deja\/","title":{"rendered":"\u201cY SI LA LLUVIA NOS DEJA\u2026\u201d"},"content":{"rendered":"\n<p>\u201cY si la lluvia nos deja\u201d&nbsp;es un drama intimista que se adentra en las grietas de una familia atravesada por el silencio, el dolor y los secretos no dichos. Con una puesta que utiliza la lluvia como un elemento dram\u00e1tico central \u2014 un aislamiento que obliga a los personajes a quitarse las m\u00e1scaras \u2014, la obra invita al espectador a preguntarse si es posible soltar el pasado cuando a\u00fan reclama justicia.<\/p>\n\n\n\n<p>La obra est\u00e1 escrita y dirigida por&nbsp;Cristian Ruibal y con un elenco que o est\u00e1 integrado por&nbsp;Florencia Bartolacci, Marcelo Ergas, Cristian Ruibal y Victoria Alessandra Spano, quienes construyen una experiencia esc\u00e9nica intensa donde la emoci\u00f3n y el conflicto se sostienen en cada instante.<\/p>\n\n\n\n<p>Se presentar\u00e1 los&nbsp;jueves a las 20:30 horas&nbsp;a partir del 7 de mayo&nbsp;en&nbsp;Fandango Teatro.<\/p>\n\n\n\n<figure class=\"wp-block-image size-full\"><img loading=\"lazy\" decoding=\"async\" width=\"1000\" height=\"667\" src=\"https:\/\/sergiolapegue.com\/site\/wp-content\/uploads\/2026\/04\/Y-si-la-lluvia-nos-deja-1.jpg\" alt=\"\" class=\"wp-image-30000\" srcset=\"https:\/\/sergiolapegue.com\/site\/wp-content\/uploads\/2026\/04\/Y-si-la-lluvia-nos-deja-1.jpg 1000w, https:\/\/sergiolapegue.com\/site\/wp-content\/uploads\/2026\/04\/Y-si-la-lluvia-nos-deja-1-300x200.jpg 300w, https:\/\/sergiolapegue.com\/site\/wp-content\/uploads\/2026\/04\/Y-si-la-lluvia-nos-deja-1-768x512.jpg 768w, https:\/\/sergiolapegue.com\/site\/wp-content\/uploads\/2026\/04\/Y-si-la-lluvia-nos-deja-1-630x420.jpg 630w, https:\/\/sergiolapegue.com\/site\/wp-content\/uploads\/2026\/04\/Y-si-la-lluvia-nos-deja-1-696x464.jpg 696w\" sizes=\"auto, (max-width: 1000px) 100vw, 1000px\" \/><\/figure>\n\n\n\n<p><strong>SINOPSIS<\/strong><\/p>\n\n\n\n<p>La historia sit\u00faa al espectador en una casa de campo abandonada, en medio de una tormenta implacable. All\u00ed, tres hermanos \u2014Horacio, Guillermo y Luciana\u2014 se ven obligados a refugiarse mientras trasladan las cenizas de su madre. Lo que comienza como una pausa obligada por el clima se transforma en un encierro cargado de tensi\u00f3n, reproches y verdades postergadas.<\/p>\n\n\n\n<p>La obra propone una exploraci\u00f3n sobre las marcas que dejan los secretos, el peso del pasado y la dificultad de reconstruir los v\u00ednculos cuando el dolor a\u00fan no ha sido nombrado. A trav\u00e9s de una atm\u00f3sfera cargada y di\u00e1logos punzantes, pone en escena temas como el duelo, la salud mental, el abuso silenciado y las complejas din\u00e1micas familiares.<\/p>\n\n\n\n<figure class=\"wp-block-image size-full\"><img loading=\"lazy\" decoding=\"async\" width=\"1000\" height=\"499\" src=\"https:\/\/sergiolapegue.com\/site\/wp-content\/uploads\/2026\/04\/Y-si-la-lluvia-nos-deja-2.jpg\" alt=\"\" class=\"wp-image-30001\" srcset=\"https:\/\/sergiolapegue.com\/site\/wp-content\/uploads\/2026\/04\/Y-si-la-lluvia-nos-deja-2.jpg 1000w, https:\/\/sergiolapegue.com\/site\/wp-content\/uploads\/2026\/04\/Y-si-la-lluvia-nos-deja-2-300x150.jpg 300w, https:\/\/sergiolapegue.com\/site\/wp-content\/uploads\/2026\/04\/Y-si-la-lluvia-nos-deja-2-768x383.jpg 768w, https:\/\/sergiolapegue.com\/site\/wp-content\/uploads\/2026\/04\/Y-si-la-lluvia-nos-deja-2-842x420.jpg 842w, https:\/\/sergiolapegue.com\/site\/wp-content\/uploads\/2026\/04\/Y-si-la-lluvia-nos-deja-2-696x347.jpg 696w\" sizes=\"auto, (max-width: 1000px) 100vw, 1000px\" \/><\/figure>\n\n\n\n<p><strong>FICHA T\u00c9CNICO ART\u00cdSTICA<\/strong><\/p>\n\n\n\n<p><strong>Dramaturgia:<\/strong>&nbsp;Cristian Ruibal<\/p>\n\n\n\n<p><strong>Elenco:&nbsp;<\/strong>Florencia Bartolacci,&nbsp;Marcelo Ergas,&nbsp;Cristian Ruibal,&nbsp;Victoria Alessandra Spano<\/p>\n\n\n\n<p><strong>Dise\u00f1o de escenograf\u00eda:&nbsp;<\/strong>Pablo Ubillas<\/p>\n\n\n\n<p><strong>Direcci\u00f3n coreogr\u00e1fica:&nbsp;<\/strong>Sof\u00eda Nogues<\/p>\n\n\n\n<p><strong>Dise\u00f1o sonoro:<\/strong>&nbsp;Byron Donoso Danyan<\/p>\n\n\n\n<p><strong>Dise\u00f1o de iluminaci\u00f3n:<\/strong>&nbsp;Lilian Tupac Latriglia<\/p>\n\n\n\n<p><strong>Redes sociales:&nbsp;<\/strong>Victoria Alessandra Spano<\/p>\n\n\n\n<p><strong>Prensa:&nbsp;<\/strong>Kevin Melgar<\/p>\n\n\n\n<p><strong>Asistencia de direcci\u00f3n:<\/strong>&nbsp;Bian Riveros<\/p>\n\n\n\n<p><strong>Producci\u00f3n:&nbsp;<\/strong>Roxana D\u00edaz<\/p>\n\n\n\n<p><strong>Direcci\u00f3n:<\/strong>&nbsp;Cristian Ruibal<\/p>\n\n\n\n<p><strong>Instagram:<\/strong> @ysilalluvia<\/p>\n\n\n\n<p><strong>Clasificaci\u00f3n:<\/strong> Teatro \u2013 Presencial \u2013 Adultos<\/p>\n\n\n\n<figure class=\"wp-block-image size-full\"><img loading=\"lazy\" decoding=\"async\" width=\"1000\" height=\"673\" src=\"https:\/\/sergiolapegue.com\/site\/wp-content\/uploads\/2026\/04\/Y-si-la-lluvia-nos-deja-3.jpg\" alt=\"\" class=\"wp-image-30002\" srcset=\"https:\/\/sergiolapegue.com\/site\/wp-content\/uploads\/2026\/04\/Y-si-la-lluvia-nos-deja-3.jpg 1000w, https:\/\/sergiolapegue.com\/site\/wp-content\/uploads\/2026\/04\/Y-si-la-lluvia-nos-deja-3-300x202.jpg 300w, https:\/\/sergiolapegue.com\/site\/wp-content\/uploads\/2026\/04\/Y-si-la-lluvia-nos-deja-3-768x517.jpg 768w, https:\/\/sergiolapegue.com\/site\/wp-content\/uploads\/2026\/04\/Y-si-la-lluvia-nos-deja-3-624x420.jpg 624w, https:\/\/sergiolapegue.com\/site\/wp-content\/uploads\/2026\/04\/Y-si-la-lluvia-nos-deja-3-696x468.jpg 696w\" sizes=\"auto, (max-width: 1000px) 100vw, 1000px\" \/><\/figure>\n\n\n\n<p><strong>FANDANGO TEATRO<\/strong><\/p>\n\n\n\n<p>Luis Viale 108 \u2013 Capital Federal \u2013 Buenos Aires \u2013 Argentina<\/p>\n\n\n\n<p>Entradas: $ 22.000 \u2013 en boleter\u00eda del teatro o por Alternativa Teatral \u2013 Link:<\/p>\n\n\n\n<p><a href=\"https:\/\/publico.alternativateatral.com\/entradas99775-y-si-la-lluvia-nos-deja?o=14\">Entradas para Y si la lluvia nos deja en FANDANGO TEATRO &#8211; Alternativa Teatral<\/a><\/p>\n\n\n\n<p>Funciones: Jueves 20:30 horas \u2013 Del 07\/05\/2026 al 25\/06\/2026<\/p>\n\n\n\n<p>Gracias Kevin Melgar Prensa por enviarnos la gacetilla de prensa del estreno de este espect\u00e1culo.<\/p>\n\n\n\n<p><\/p>\n","protected":false},"excerpt":{"rendered":"<p>\u201cY si la lluvia nos deja\u201d&nbsp;es un drama intimista que se adentra en las grietas de una familia atravesada por el silencio, el dolor y los secretos no dichos. Con una puesta que utiliza la lluvia como un elemento dram\u00e1tico central \u2014 un aislamiento que obliga a los personajes a quitarse las m\u00e1scaras \u2014, la [&hellip;]<\/p>\n","protected":false},"author":3,"featured_media":30003,"comment_status":"open","ping_status":"closed","sticky":false,"template":"","format":"standard","meta":{"footnotes":""},"categories":[34,35],"tags":[],"class_list":{"0":"post-29999","1":"post","2":"type-post","3":"status-publish","4":"format-standard","5":"has-post-thumbnail","7":"category-arte","8":"category-teatro"},"yoast_head":"<!-- This site is optimized with the Yoast SEO plugin v27.5 - https:\/\/yoast.com\/product\/yoast-seo-wordpress\/ -->\n<title>\u201cY SI LA LLUVIA NOS DEJA\u2026\u201d - Sergio Lapegue<\/title>\n<meta name=\"robots\" content=\"index, follow, max-snippet:-1, max-image-preview:large, max-video-preview:-1\" \/>\n<link rel=\"canonical\" href=\"https:\/\/sergiolapegue.com\/site\/2026\/04\/30\/y-si-la-lluvia-nos-deja\/\" \/>\n<meta property=\"og:locale\" content=\"es_ES\" \/>\n<meta property=\"og:type\" content=\"article\" \/>\n<meta property=\"og:title\" content=\"\u201cY SI LA LLUVIA NOS DEJA\u2026\u201d - Sergio Lapegue\" \/>\n<meta property=\"og:description\" content=\"\u201cY si la lluvia nos deja\u201d&nbsp;es un drama intimista que se adentra en las grietas de una familia atravesada por el silencio, el dolor y los secretos no dichos. Con una puesta que utiliza la lluvia como un elemento dram\u00e1tico central \u2014 un aislamiento que obliga a los personajes a quitarse las m\u00e1scaras \u2014, la [&hellip;]\" \/>\n<meta property=\"og:url\" content=\"https:\/\/sergiolapegue.com\/site\/2026\/04\/30\/y-si-la-lluvia-nos-deja\/\" \/>\n<meta property=\"og:site_name\" content=\"Sergio Lapegue\" \/>\n<meta property=\"article:publisher\" content=\"https:\/\/facebook.com\/sergiolapegue\" \/>\n<meta property=\"article:author\" content=\"https:\/\/facebook.com\/danielernesto.montana\" \/>\n<meta property=\"article:published_time\" content=\"2026-04-30T20:00:00+00:00\" \/>\n<meta property=\"og:image\" content=\"https:\/\/sergiolapegue.com\/site\/wp-content\/uploads\/2026\/04\/Y-si-la-lluvia-nos-deja.jpg\" \/>\n\t<meta property=\"og:image:width\" content=\"1000\" \/>\n\t<meta property=\"og:image:height\" content=\"1444\" \/>\n\t<meta property=\"og:image:type\" content=\"image\/jpeg\" \/>\n<meta name=\"author\" content=\"Daniel E. Monta\u00f1a\" \/>\n<meta name=\"twitter:card\" content=\"summary_large_image\" \/>\n<meta name=\"twitter:creator\" content=\"@https:\/\/twitter.com\/daner_004\" \/>\n<meta name=\"twitter:site\" content=\"@sergiolapegue\" \/>\n<meta name=\"twitter:label1\" content=\"Escrito por\" \/>\n\t<meta name=\"twitter:data1\" content=\"Daniel E. Monta\u00f1a\" \/>\n\t<meta name=\"twitter:label2\" content=\"Tiempo de lectura\" \/>\n\t<meta name=\"twitter:data2\" content=\"3 minutos\" \/>\n<script type=\"application\/ld+json\" class=\"yoast-schema-graph\">{\"@context\":\"https:\\\/\\\/schema.org\",\"@graph\":[{\"@type\":\"Article\",\"@id\":\"https:\\\/\\\/sergiolapegue.com\\\/site\\\/2026\\\/04\\\/30\\\/y-si-la-lluvia-nos-deja\\\/#article\",\"isPartOf\":{\"@id\":\"https:\\\/\\\/sergiolapegue.com\\\/site\\\/2026\\\/04\\\/30\\\/y-si-la-lluvia-nos-deja\\\/\"},\"author\":{\"name\":\"Daniel E. Monta\u00f1a\",\"@id\":\"https:\\\/\\\/sergiolapegue.com\\\/site\\\/#\\\/schema\\\/person\\\/9198e7dbab43c6d74d0fd5399af7c3cd\"},\"headline\":\"\u201cY SI LA LLUVIA NOS DEJA\u2026\u201d\",\"datePublished\":\"2026-04-30T20:00:00+00:00\",\"mainEntityOfPage\":{\"@id\":\"https:\\\/\\\/sergiolapegue.com\\\/site\\\/2026\\\/04\\\/30\\\/y-si-la-lluvia-nos-deja\\\/\"},\"wordCount\":419,\"commentCount\":0,\"publisher\":{\"@id\":\"https:\\\/\\\/sergiolapegue.com\\\/site\\\/#\\\/schema\\\/person\\\/083aeceeb0734cd166779ea6c0551a37\"},\"image\":{\"@id\":\"https:\\\/\\\/sergiolapegue.com\\\/site\\\/2026\\\/04\\\/30\\\/y-si-la-lluvia-nos-deja\\\/#primaryimage\"},\"thumbnailUrl\":\"https:\\\/\\\/sergiolapegue.com\\\/site\\\/wp-content\\\/uploads\\\/2026\\\/04\\\/Y-si-la-lluvia-nos-deja.jpg\",\"articleSection\":[\"Arte\",\"Teatro\"],\"inLanguage\":\"es-AR\",\"potentialAction\":[{\"@type\":\"CommentAction\",\"name\":\"Comment\",\"target\":[\"https:\\\/\\\/sergiolapegue.com\\\/site\\\/2026\\\/04\\\/30\\\/y-si-la-lluvia-nos-deja\\\/#respond\"]}]},{\"@type\":\"WebPage\",\"@id\":\"https:\\\/\\\/sergiolapegue.com\\\/site\\\/2026\\\/04\\\/30\\\/y-si-la-lluvia-nos-deja\\\/\",\"url\":\"https:\\\/\\\/sergiolapegue.com\\\/site\\\/2026\\\/04\\\/30\\\/y-si-la-lluvia-nos-deja\\\/\",\"name\":\"\u201cY SI LA LLUVIA NOS DEJA\u2026\u201d - Sergio Lapegue\",\"isPartOf\":{\"@id\":\"https:\\\/\\\/sergiolapegue.com\\\/site\\\/#website\"},\"primaryImageOfPage\":{\"@id\":\"https:\\\/\\\/sergiolapegue.com\\\/site\\\/2026\\\/04\\\/30\\\/y-si-la-lluvia-nos-deja\\\/#primaryimage\"},\"image\":{\"@id\":\"https:\\\/\\\/sergiolapegue.com\\\/site\\\/2026\\\/04\\\/30\\\/y-si-la-lluvia-nos-deja\\\/#primaryimage\"},\"thumbnailUrl\":\"https:\\\/\\\/sergiolapegue.com\\\/site\\\/wp-content\\\/uploads\\\/2026\\\/04\\\/Y-si-la-lluvia-nos-deja.jpg\",\"datePublished\":\"2026-04-30T20:00:00+00:00\",\"breadcrumb\":{\"@id\":\"https:\\\/\\\/sergiolapegue.com\\\/site\\\/2026\\\/04\\\/30\\\/y-si-la-lluvia-nos-deja\\\/#breadcrumb\"},\"inLanguage\":\"es-AR\",\"potentialAction\":[{\"@type\":\"ReadAction\",\"target\":[\"https:\\\/\\\/sergiolapegue.com\\\/site\\\/2026\\\/04\\\/30\\\/y-si-la-lluvia-nos-deja\\\/\"]}]},{\"@type\":\"ImageObject\",\"inLanguage\":\"es-AR\",\"@id\":\"https:\\\/\\\/sergiolapegue.com\\\/site\\\/2026\\\/04\\\/30\\\/y-si-la-lluvia-nos-deja\\\/#primaryimage\",\"url\":\"https:\\\/\\\/sergiolapegue.com\\\/site\\\/wp-content\\\/uploads\\\/2026\\\/04\\\/Y-si-la-lluvia-nos-deja.jpg\",\"contentUrl\":\"https:\\\/\\\/sergiolapegue.com\\\/site\\\/wp-content\\\/uploads\\\/2026\\\/04\\\/Y-si-la-lluvia-nos-deja.jpg\",\"width\":1000,\"height\":1444},{\"@type\":\"BreadcrumbList\",\"@id\":\"https:\\\/\\\/sergiolapegue.com\\\/site\\\/2026\\\/04\\\/30\\\/y-si-la-lluvia-nos-deja\\\/#breadcrumb\",\"itemListElement\":[{\"@type\":\"ListItem\",\"position\":1,\"name\":\"Inicio\",\"item\":\"https:\\\/\\\/sergiolapegue.com\\\/site\\\/\"},{\"@type\":\"ListItem\",\"position\":2,\"name\":\"\u201cY SI LA LLUVIA NOS DEJA\u2026\u201d\"}]},{\"@type\":\"WebSite\",\"@id\":\"https:\\\/\\\/sergiolapegue.com\\\/site\\\/#website\",\"url\":\"https:\\\/\\\/sergiolapegue.com\\\/site\\\/\",\"name\":\"Sergio Lapegue\",\"description\":\"Periodista\",\"publisher\":{\"@id\":\"https:\\\/\\\/sergiolapegue.com\\\/site\\\/#\\\/schema\\\/person\\\/083aeceeb0734cd166779ea6c0551a37\"},\"potentialAction\":[{\"@type\":\"SearchAction\",\"target\":{\"@type\":\"EntryPoint\",\"urlTemplate\":\"https:\\\/\\\/sergiolapegue.com\\\/site\\\/?s={search_term_string}\"},\"query-input\":{\"@type\":\"PropertyValueSpecification\",\"valueRequired\":true,\"valueName\":\"search_term_string\"}}],\"inLanguage\":\"es-AR\"},{\"@type\":[\"Person\",\"Organization\"],\"@id\":\"https:\\\/\\\/sergiolapegue.com\\\/site\\\/#\\\/schema\\\/person\\\/083aeceeb0734cd166779ea6c0551a37\",\"name\":\"Sergio Lapegue\",\"image\":{\"@type\":\"ImageObject\",\"inLanguage\":\"es-AR\",\"@id\":\"https:\\\/\\\/sergiolapegue.com\\\/site\\\/wp-content\\\/uploads\\\/2021\\\/04\\\/logo_header-1.png\",\"url\":\"https:\\\/\\\/sergiolapegue.com\\\/site\\\/wp-content\\\/uploads\\\/2021\\\/04\\\/logo_header-1.png\",\"contentUrl\":\"https:\\\/\\\/sergiolapegue.com\\\/site\\\/wp-content\\\/uploads\\\/2021\\\/04\\\/logo_header-1.png\",\"width\":272,\"height\":90,\"caption\":\"Sergio Lapegue\"},\"logo\":{\"@id\":\"https:\\\/\\\/sergiolapegue.com\\\/site\\\/wp-content\\\/uploads\\\/2021\\\/04\\\/logo_header-1.png\"},\"sameAs\":[\"https:\\\/\\\/facebook.com\\\/sergiolapegue\",\"https:\\\/\\\/instagram.com\\\/sergiolapegue\",\"https:\\\/\\\/x.com\\\/https:\\\/\\\/twitter.com\\\/sergiolapegue\"]},{\"@type\":\"Person\",\"@id\":\"https:\\\/\\\/sergiolapegue.com\\\/site\\\/#\\\/schema\\\/person\\\/9198e7dbab43c6d74d0fd5399af7c3cd\",\"name\":\"Daniel E. Monta\u00f1a\",\"image\":{\"@type\":\"ImageObject\",\"inLanguage\":\"es-AR\",\"@id\":\"https:\\\/\\\/sergiolapegue.com\\\/site\\\/wp-content\\\/uploads\\\/2021\\\/04\\\/sl_avatar_Daniel-150x150.jpg\",\"url\":\"https:\\\/\\\/sergiolapegue.com\\\/site\\\/wp-content\\\/uploads\\\/2021\\\/04\\\/sl_avatar_Daniel-150x150.jpg\",\"contentUrl\":\"https:\\\/\\\/sergiolapegue.com\\\/site\\\/wp-content\\\/uploads\\\/2021\\\/04\\\/sl_avatar_Daniel-150x150.jpg\",\"caption\":\"Daniel E. Monta\u00f1a\"},\"sameAs\":[\"https:\\\/\\\/facebook.com\\\/danielernesto.montana\",\"https:\\\/\\\/instagram.com\\\/daniel_montana1961\",\"https:\\\/\\\/x.com\\\/https:\\\/\\\/twitter.com\\\/daner_004\"],\"url\":\"https:\\\/\\\/sergiolapegue.com\\\/site\\\/author\\\/daniel\\\/\"}]}<\/script>\n<!-- \/ Yoast SEO plugin. -->","yoast_head_json":{"title":"\u201cY SI LA LLUVIA NOS DEJA\u2026\u201d - Sergio Lapegue","robots":{"index":"index","follow":"follow","max-snippet":"max-snippet:-1","max-image-preview":"max-image-preview:large","max-video-preview":"max-video-preview:-1"},"canonical":"https:\/\/sergiolapegue.com\/site\/2026\/04\/30\/y-si-la-lluvia-nos-deja\/","og_locale":"es_ES","og_type":"article","og_title":"\u201cY SI LA LLUVIA NOS DEJA\u2026\u201d - Sergio Lapegue","og_description":"\u201cY si la lluvia nos deja\u201d&nbsp;es un drama intimista que se adentra en las grietas de una familia atravesada por el silencio, el dolor y los secretos no dichos. Con una puesta que utiliza la lluvia como un elemento dram\u00e1tico central \u2014 un aislamiento que obliga a los personajes a quitarse las m\u00e1scaras \u2014, la [&hellip;]","og_url":"https:\/\/sergiolapegue.com\/site\/2026\/04\/30\/y-si-la-lluvia-nos-deja\/","og_site_name":"Sergio Lapegue","article_publisher":"https:\/\/facebook.com\/sergiolapegue","article_author":"https:\/\/facebook.com\/danielernesto.montana","article_published_time":"2026-04-30T20:00:00+00:00","og_image":[{"width":1000,"height":1444,"url":"https:\/\/sergiolapegue.com\/site\/wp-content\/uploads\/2026\/04\/Y-si-la-lluvia-nos-deja.jpg","type":"image\/jpeg"}],"author":"Daniel E. Monta\u00f1a","twitter_card":"summary_large_image","twitter_creator":"@https:\/\/twitter.com\/daner_004","twitter_site":"@sergiolapegue","twitter_misc":{"Escrito por":"Daniel E. Monta\u00f1a","Tiempo de lectura":"3 minutos"},"schema":{"@context":"https:\/\/schema.org","@graph":[{"@type":"Article","@id":"https:\/\/sergiolapegue.com\/site\/2026\/04\/30\/y-si-la-lluvia-nos-deja\/#article","isPartOf":{"@id":"https:\/\/sergiolapegue.com\/site\/2026\/04\/30\/y-si-la-lluvia-nos-deja\/"},"author":{"name":"Daniel E. Monta\u00f1a","@id":"https:\/\/sergiolapegue.com\/site\/#\/schema\/person\/9198e7dbab43c6d74d0fd5399af7c3cd"},"headline":"\u201cY SI LA LLUVIA NOS DEJA\u2026\u201d","datePublished":"2026-04-30T20:00:00+00:00","mainEntityOfPage":{"@id":"https:\/\/sergiolapegue.com\/site\/2026\/04\/30\/y-si-la-lluvia-nos-deja\/"},"wordCount":419,"commentCount":0,"publisher":{"@id":"https:\/\/sergiolapegue.com\/site\/#\/schema\/person\/083aeceeb0734cd166779ea6c0551a37"},"image":{"@id":"https:\/\/sergiolapegue.com\/site\/2026\/04\/30\/y-si-la-lluvia-nos-deja\/#primaryimage"},"thumbnailUrl":"https:\/\/sergiolapegue.com\/site\/wp-content\/uploads\/2026\/04\/Y-si-la-lluvia-nos-deja.jpg","articleSection":["Arte","Teatro"],"inLanguage":"es-AR","potentialAction":[{"@type":"CommentAction","name":"Comment","target":["https:\/\/sergiolapegue.com\/site\/2026\/04\/30\/y-si-la-lluvia-nos-deja\/#respond"]}]},{"@type":"WebPage","@id":"https:\/\/sergiolapegue.com\/site\/2026\/04\/30\/y-si-la-lluvia-nos-deja\/","url":"https:\/\/sergiolapegue.com\/site\/2026\/04\/30\/y-si-la-lluvia-nos-deja\/","name":"\u201cY SI LA LLUVIA NOS DEJA\u2026\u201d - Sergio Lapegue","isPartOf":{"@id":"https:\/\/sergiolapegue.com\/site\/#website"},"primaryImageOfPage":{"@id":"https:\/\/sergiolapegue.com\/site\/2026\/04\/30\/y-si-la-lluvia-nos-deja\/#primaryimage"},"image":{"@id":"https:\/\/sergiolapegue.com\/site\/2026\/04\/30\/y-si-la-lluvia-nos-deja\/#primaryimage"},"thumbnailUrl":"https:\/\/sergiolapegue.com\/site\/wp-content\/uploads\/2026\/04\/Y-si-la-lluvia-nos-deja.jpg","datePublished":"2026-04-30T20:00:00+00:00","breadcrumb":{"@id":"https:\/\/sergiolapegue.com\/site\/2026\/04\/30\/y-si-la-lluvia-nos-deja\/#breadcrumb"},"inLanguage":"es-AR","potentialAction":[{"@type":"ReadAction","target":["https:\/\/sergiolapegue.com\/site\/2026\/04\/30\/y-si-la-lluvia-nos-deja\/"]}]},{"@type":"ImageObject","inLanguage":"es-AR","@id":"https:\/\/sergiolapegue.com\/site\/2026\/04\/30\/y-si-la-lluvia-nos-deja\/#primaryimage","url":"https:\/\/sergiolapegue.com\/site\/wp-content\/uploads\/2026\/04\/Y-si-la-lluvia-nos-deja.jpg","contentUrl":"https:\/\/sergiolapegue.com\/site\/wp-content\/uploads\/2026\/04\/Y-si-la-lluvia-nos-deja.jpg","width":1000,"height":1444},{"@type":"BreadcrumbList","@id":"https:\/\/sergiolapegue.com\/site\/2026\/04\/30\/y-si-la-lluvia-nos-deja\/#breadcrumb","itemListElement":[{"@type":"ListItem","position":1,"name":"Inicio","item":"https:\/\/sergiolapegue.com\/site\/"},{"@type":"ListItem","position":2,"name":"\u201cY SI LA LLUVIA NOS DEJA\u2026\u201d"}]},{"@type":"WebSite","@id":"https:\/\/sergiolapegue.com\/site\/#website","url":"https:\/\/sergiolapegue.com\/site\/","name":"Sergio Lapegue","description":"Periodista","publisher":{"@id":"https:\/\/sergiolapegue.com\/site\/#\/schema\/person\/083aeceeb0734cd166779ea6c0551a37"},"potentialAction":[{"@type":"SearchAction","target":{"@type":"EntryPoint","urlTemplate":"https:\/\/sergiolapegue.com\/site\/?s={search_term_string}"},"query-input":{"@type":"PropertyValueSpecification","valueRequired":true,"valueName":"search_term_string"}}],"inLanguage":"es-AR"},{"@type":["Person","Organization"],"@id":"https:\/\/sergiolapegue.com\/site\/#\/schema\/person\/083aeceeb0734cd166779ea6c0551a37","name":"Sergio Lapegue","image":{"@type":"ImageObject","inLanguage":"es-AR","@id":"https:\/\/sergiolapegue.com\/site\/wp-content\/uploads\/2021\/04\/logo_header-1.png","url":"https:\/\/sergiolapegue.com\/site\/wp-content\/uploads\/2021\/04\/logo_header-1.png","contentUrl":"https:\/\/sergiolapegue.com\/site\/wp-content\/uploads\/2021\/04\/logo_header-1.png","width":272,"height":90,"caption":"Sergio Lapegue"},"logo":{"@id":"https:\/\/sergiolapegue.com\/site\/wp-content\/uploads\/2021\/04\/logo_header-1.png"},"sameAs":["https:\/\/facebook.com\/sergiolapegue","https:\/\/instagram.com\/sergiolapegue","https:\/\/x.com\/https:\/\/twitter.com\/sergiolapegue"]},{"@type":"Person","@id":"https:\/\/sergiolapegue.com\/site\/#\/schema\/person\/9198e7dbab43c6d74d0fd5399af7c3cd","name":"Daniel E. Monta\u00f1a","image":{"@type":"ImageObject","inLanguage":"es-AR","@id":"https:\/\/sergiolapegue.com\/site\/wp-content\/uploads\/2021\/04\/sl_avatar_Daniel-150x150.jpg","url":"https:\/\/sergiolapegue.com\/site\/wp-content\/uploads\/2021\/04\/sl_avatar_Daniel-150x150.jpg","contentUrl":"https:\/\/sergiolapegue.com\/site\/wp-content\/uploads\/2021\/04\/sl_avatar_Daniel-150x150.jpg","caption":"Daniel E. Monta\u00f1a"},"sameAs":["https:\/\/facebook.com\/danielernesto.montana","https:\/\/instagram.com\/daniel_montana1961","https:\/\/x.com\/https:\/\/twitter.com\/daner_004"],"url":"https:\/\/sergiolapegue.com\/site\/author\/daniel\/"}]}},"_links":{"self":[{"href":"https:\/\/sergiolapegue.com\/site\/wp-json\/wp\/v2\/posts\/29999","targetHints":{"allow":["GET"]}}],"collection":[{"href":"https:\/\/sergiolapegue.com\/site\/wp-json\/wp\/v2\/posts"}],"about":[{"href":"https:\/\/sergiolapegue.com\/site\/wp-json\/wp\/v2\/types\/post"}],"author":[{"embeddable":true,"href":"https:\/\/sergiolapegue.com\/site\/wp-json\/wp\/v2\/users\/3"}],"replies":[{"embeddable":true,"href":"https:\/\/sergiolapegue.com\/site\/wp-json\/wp\/v2\/comments?post=29999"}],"version-history":[{"count":1,"href":"https:\/\/sergiolapegue.com\/site\/wp-json\/wp\/v2\/posts\/29999\/revisions"}],"predecessor-version":[{"id":30004,"href":"https:\/\/sergiolapegue.com\/site\/wp-json\/wp\/v2\/posts\/29999\/revisions\/30004"}],"wp:featuredmedia":[{"embeddable":true,"href":"https:\/\/sergiolapegue.com\/site\/wp-json\/wp\/v2\/media\/30003"}],"wp:attachment":[{"href":"https:\/\/sergiolapegue.com\/site\/wp-json\/wp\/v2\/media?parent=29999"}],"wp:term":[{"taxonomy":"category","embeddable":true,"href":"https:\/\/sergiolapegue.com\/site\/wp-json\/wp\/v2\/categories?post=29999"},{"taxonomy":"post_tag","embeddable":true,"href":"https:\/\/sergiolapegue.com\/site\/wp-json\/wp\/v2\/tags?post=29999"}],"curies":[{"name":"wp","href":"https:\/\/api.w.org\/{rel}","templated":true}]}}