{"id":29986,"date":"2026-04-30T01:00:00","date_gmt":"2026-04-30T04:00:00","guid":{"rendered":"https:\/\/sergiolapegue.com\/site\/?p=29986"},"modified":"2026-04-30T00:33:32","modified_gmt":"2026-04-30T03:33:32","slug":"prohibido-subir-al-altillo","status":"publish","type":"post","link":"https:\/\/sergiolapegue.com\/site\/2026\/04\/30\/prohibido-subir-al-altillo\/","title":{"rendered":"\u201cPROHIBIDO SUBIR AL ALTILLO\u201d"},"content":{"rendered":"\n<p>Prohibido subir al altillo&nbsp;es una comedia negra vibrante que sumerge al espectador en un universo cargado de tensi\u00f3n, misterio y v\u00ednculos al l\u00edmite. La&nbsp; obra est\u00e1 escrita por&nbsp;Ana Celentano, dirigida por&nbsp;Silvana Amaro, cuenta con las actuaciones de Helena Hendler, Juana Quintela, Ana Castro, Federica Simone, Agust\u00edn Furio, Salvador Petrucelli y Ennio Morriconi, quienes encarnan a este grupo de j\u00f3venes atrapados en una experiencia que transformar\u00e1 sus v\u00ednculos para siempre y las voces en off de Daniel Hendler, Franco Host Venturi Pais.<\/p>\n\n\n\n<p>Con di\u00e1logos \u00e1giles y un tono que oscila entre el humor negro y el thriller, la pieza propone una mirada sobre la adolescencia, el deseo y la construcci\u00f3n de identidad en situaciones extremas, llevando a sus personajes al l\u00edmite de sus propios demonios internos.<\/p>\n\n\n\n<p>La obra se va a presentar todos los&nbsp;s\u00e1bados de mayo y junio a las 21:00 horas en \u00c1rea 623.<\/p>\n\n\n\n<figure class=\"wp-block-image size-full\"><img loading=\"lazy\" decoding=\"async\" width=\"1000\" height=\"751\" src=\"https:\/\/sergiolapegue.com\/site\/wp-content\/uploads\/2026\/04\/Prohibido-subir-al-altillo-1.jpg\" alt=\"\" class=\"wp-image-29987\" srcset=\"https:\/\/sergiolapegue.com\/site\/wp-content\/uploads\/2026\/04\/Prohibido-subir-al-altillo-1.jpg 1000w, https:\/\/sergiolapegue.com\/site\/wp-content\/uploads\/2026\/04\/Prohibido-subir-al-altillo-1-300x225.jpg 300w, https:\/\/sergiolapegue.com\/site\/wp-content\/uploads\/2026\/04\/Prohibido-subir-al-altillo-1-768x577.jpg 768w, https:\/\/sergiolapegue.com\/site\/wp-content\/uploads\/2026\/04\/Prohibido-subir-al-altillo-1-559x420.jpg 559w, https:\/\/sergiolapegue.com\/site\/wp-content\/uploads\/2026\/04\/Prohibido-subir-al-altillo-1-80x60.jpg 80w, https:\/\/sergiolapegue.com\/site\/wp-content\/uploads\/2026\/04\/Prohibido-subir-al-altillo-1-696x523.jpg 696w\" sizes=\"auto, (max-width: 1000px) 100vw, 1000px\" \/><\/figure>\n\n\n\n<p><strong>SINOPSIS<\/strong><\/p>\n\n\n\n<p>La historia sigue a siete adolescentes que llegan entusiasmados a una casa de fin de semana en la isla Macedonio con la intenci\u00f3n de relajarse. Sin embargo, apenas se instalan, una densa nube t\u00f3xica desciende sobre el lugar, imponiendo una cuarentena estricta y dej\u00e1ndolos completamente aislados. Atrapados en ese espacio, deber\u00e1n enfrentarse al hambre, el insomnio, comportamientos extra\u00f1os y una creciente sensaci\u00f3n de peligro.<\/p>\n\n\n\n<p>En ese contexto, el altillo prohibido se convierte en el centro de todas las tensiones. Asociado a una historia oscura y a objetos que parecen despertar ecos del pasado, ese espacio clausurado comienza a operar como detonante de miedos, deseos y secretos. Entre confesiones veladas, v\u00ednculos cruzados y una convivencia cada vez m\u00e1s asfixiante, la obra construye un clima donde lo psicol\u00f3gico y lo fant\u00e1stico se entrelazan.<\/p>\n\n\n\n<figure class=\"wp-block-image size-full\"><img loading=\"lazy\" decoding=\"async\" width=\"1000\" height=\"751\" src=\"https:\/\/sergiolapegue.com\/site\/wp-content\/uploads\/2026\/04\/Prohibido-subir-al-altillo-2.jpg\" alt=\"\" class=\"wp-image-29988\" srcset=\"https:\/\/sergiolapegue.com\/site\/wp-content\/uploads\/2026\/04\/Prohibido-subir-al-altillo-2.jpg 1000w, https:\/\/sergiolapegue.com\/site\/wp-content\/uploads\/2026\/04\/Prohibido-subir-al-altillo-2-300x225.jpg 300w, https:\/\/sergiolapegue.com\/site\/wp-content\/uploads\/2026\/04\/Prohibido-subir-al-altillo-2-768x577.jpg 768w, https:\/\/sergiolapegue.com\/site\/wp-content\/uploads\/2026\/04\/Prohibido-subir-al-altillo-2-559x420.jpg 559w, https:\/\/sergiolapegue.com\/site\/wp-content\/uploads\/2026\/04\/Prohibido-subir-al-altillo-2-80x60.jpg 80w, https:\/\/sergiolapegue.com\/site\/wp-content\/uploads\/2026\/04\/Prohibido-subir-al-altillo-2-696x523.jpg 696w\" sizes=\"auto, (max-width: 1000px) 100vw, 1000px\" \/><\/figure>\n\n\n\n<p><strong>FICHA T\u00c9CNICO ART\u00cdSTICA<\/strong><\/p>\n\n\n\n<p><strong>Dramaturgia:&nbsp;<\/strong>Ana Celentano<\/p>\n\n\n\n<p><strong>Elenco:\u00a0<\/strong>Helena Hendler,\u00a0Juana Qu\u00edntela,\u00a0Ana Castro,\u00a0Federica Simone,\u00a0Agust\u00edn Furio,\u00a0Salvador Petrucelli y\u00a0Ennio Morriconi.<\/p>\n\n\n\n<p><strong>Voces en off:\u00a0<\/strong>Daniel Hendler, Franco Host Venturi Pa\u00eds<\/p>\n\n\n\n<p><strong>Escenograf\u00eda:&nbsp;<\/strong>Anal\u00eda Aramburu<\/p>\n\n\n\n<p><strong>Vestuario:&nbsp;<\/strong>Lorena D\u00edaz<\/p>\n\n\n\n<p><strong>Prensa:&nbsp;<\/strong>Kevin Melgar<\/p>\n\n\n\n<p><strong>Asistencia de direcci\u00f3n:<\/strong>&nbsp;Agustina Ancella<\/p>\n\n\n\n<p><strong>Direcci\u00f3n:<\/strong>&nbsp;Silvana Amaro<\/p>\n\n\n\n<p><strong>Instagram:<\/strong> @prohibidosubiralaltillo<\/p>\n\n\n\n<p><strong>Duraci\u00f3n:<\/strong> 75 minutos<\/p>\n\n\n\n<p><strong>Clasificaci\u00f3n:<\/strong> Teatro \u2013 Presencial \u2013 Adultos<\/p>\n\n\n\n<figure class=\"wp-block-image size-full\"><img loading=\"lazy\" decoding=\"async\" width=\"1000\" height=\"853\" src=\"https:\/\/sergiolapegue.com\/site\/wp-content\/uploads\/2026\/04\/Prohibido-subir-al-altillo-4.jpg\" alt=\"\" class=\"wp-image-29989\" srcset=\"https:\/\/sergiolapegue.com\/site\/wp-content\/uploads\/2026\/04\/Prohibido-subir-al-altillo-4.jpg 1000w, https:\/\/sergiolapegue.com\/site\/wp-content\/uploads\/2026\/04\/Prohibido-subir-al-altillo-4-300x256.jpg 300w, https:\/\/sergiolapegue.com\/site\/wp-content\/uploads\/2026\/04\/Prohibido-subir-al-altillo-4-768x655.jpg 768w, https:\/\/sergiolapegue.com\/site\/wp-content\/uploads\/2026\/04\/Prohibido-subir-al-altillo-4-492x420.jpg 492w, https:\/\/sergiolapegue.com\/site\/wp-content\/uploads\/2026\/04\/Prohibido-subir-al-altillo-4-696x594.jpg 696w\" sizes=\"auto, (max-width: 1000px) 100vw, 1000px\" \/><\/figure>\n\n\n\n<p><strong>\u00c1REA 623<\/strong><\/p>\n\n\n\n<p>Pasco 623 \u2013 Capital Federal \u2013 Buenos Aires \u2013 Argentina<\/p>\n\n\n\n<p>Tel\u00e9fono: 011 6719-0057<\/p>\n\n\n\n<p>Entradas: $ 22.000 \u2013 en boleter\u00eda del teatro o por Alternativa Teatral \u2013 Link:<\/p>\n\n\n\n<p><a href=\"https:\/\/publico.alternativateatral.com\/entradas100514-prohibido-subir-al-altillo?o=14&amp;utm_source=ig&amp;utm_medium=social&amp;utm_content=link_in_bio&amp;fbclid=PAZXh0bgNhZW0CMTEAc3J0YwZhcHBfaWQMMjU2MjgxMDQwNTU4AAGn8m3D1seV07KV1NmSPGZMAkD2u0B4vaoYw6gZMVWw-W3M_S8-xj2SOHtBUX8_aem_RZmuLqFWr0ixRHu6FS7x4Q\">Entradas para Prohibido subir al altillo en AREA 623 &#8211; Alternativa Teatral<\/a><\/p>\n\n\n\n<p>Funciones: S\u00e1bados 21:00 horas \u2013 Del 02\/05\/2026 al 27\/06\/2026<\/p>\n\n\n\n<p>Gracias Kevin Melgar Prensa por hacernos llegar la gacetilla de prensa del estreno de este espect\u00e1culo.<\/p>\n\n\n\n<p><\/p>\n","protected":false},"excerpt":{"rendered":"<p>Prohibido subir al altillo&nbsp;es una comedia negra vibrante que sumerge al espectador en un universo cargado de tensi\u00f3n, misterio y v\u00ednculos al l\u00edmite. La&nbsp; obra est\u00e1 escrita por&nbsp;Ana Celentano, dirigida por&nbsp;Silvana Amaro, cuenta con las actuaciones de Helena Hendler, Juana Quintela, Ana Castro, Federica Simone, Agust\u00edn Furio, Salvador Petrucelli y Ennio Morriconi, quienes encarnan a [&hellip;]<\/p>\n","protected":false},"author":3,"featured_media":29990,"comment_status":"open","ping_status":"closed","sticky":false,"template":"","format":"standard","meta":{"footnotes":""},"categories":[34,35],"tags":[],"class_list":{"0":"post-29986","1":"post","2":"type-post","3":"status-publish","4":"format-standard","5":"has-post-thumbnail","7":"category-arte","8":"category-teatro"},"yoast_head":"<!-- This site is optimized with the Yoast SEO plugin v27.5 - https:\/\/yoast.com\/product\/yoast-seo-wordpress\/ -->\n<title>\u201cPROHIBIDO SUBIR AL ALTILLO\u201d - Sergio Lapegue<\/title>\n<meta name=\"robots\" content=\"index, follow, max-snippet:-1, max-image-preview:large, max-video-preview:-1\" \/>\n<link rel=\"canonical\" href=\"https:\/\/sergiolapegue.com\/site\/2026\/04\/30\/prohibido-subir-al-altillo\/\" \/>\n<meta property=\"og:locale\" content=\"es_ES\" \/>\n<meta property=\"og:type\" content=\"article\" \/>\n<meta property=\"og:title\" content=\"\u201cPROHIBIDO SUBIR AL ALTILLO\u201d - Sergio Lapegue\" \/>\n<meta property=\"og:description\" content=\"Prohibido subir al altillo&nbsp;es una comedia negra vibrante que sumerge al espectador en un universo cargado de tensi\u00f3n, misterio y v\u00ednculos al l\u00edmite. La&nbsp; obra est\u00e1 escrita por&nbsp;Ana Celentano, dirigida por&nbsp;Silvana Amaro, cuenta con las actuaciones de Helena Hendler, Juana Quintela, Ana Castro, Federica Simone, Agust\u00edn Furio, Salvador Petrucelli y Ennio Morriconi, quienes encarnan a [&hellip;]\" \/>\n<meta property=\"og:url\" content=\"https:\/\/sergiolapegue.com\/site\/2026\/04\/30\/prohibido-subir-al-altillo\/\" \/>\n<meta property=\"og:site_name\" content=\"Sergio Lapegue\" \/>\n<meta property=\"article:publisher\" content=\"https:\/\/facebook.com\/sergiolapegue\" \/>\n<meta property=\"article:author\" content=\"https:\/\/facebook.com\/danielernesto.montana\" \/>\n<meta property=\"article:published_time\" content=\"2026-04-30T04:00:00+00:00\" \/>\n<meta property=\"og:image\" content=\"https:\/\/sergiolapegue.com\/site\/wp-content\/uploads\/2026\/04\/Prohibido-subir-al-altillo.jpg\" \/>\n\t<meta property=\"og:image:width\" content=\"1000\" \/>\n\t<meta property=\"og:image:height\" content=\"1415\" \/>\n\t<meta property=\"og:image:type\" content=\"image\/jpeg\" \/>\n<meta name=\"author\" content=\"Daniel E. Monta\u00f1a\" \/>\n<meta name=\"twitter:card\" content=\"summary_large_image\" \/>\n<meta name=\"twitter:creator\" content=\"@https:\/\/twitter.com\/daner_004\" \/>\n<meta name=\"twitter:site\" content=\"@sergiolapegue\" \/>\n<meta name=\"twitter:label1\" content=\"Escrito por\" \/>\n\t<meta name=\"twitter:data1\" content=\"Daniel E. Monta\u00f1a\" \/>\n\t<meta name=\"twitter:label2\" content=\"Tiempo de lectura\" \/>\n\t<meta name=\"twitter:data2\" content=\"3 minutos\" \/>\n<script type=\"application\/ld+json\" class=\"yoast-schema-graph\">{\"@context\":\"https:\\\/\\\/schema.org\",\"@graph\":[{\"@type\":\"Article\",\"@id\":\"https:\\\/\\\/sergiolapegue.com\\\/site\\\/2026\\\/04\\\/30\\\/prohibido-subir-al-altillo\\\/#article\",\"isPartOf\":{\"@id\":\"https:\\\/\\\/sergiolapegue.com\\\/site\\\/2026\\\/04\\\/30\\\/prohibido-subir-al-altillo\\\/\"},\"author\":{\"name\":\"Daniel E. Monta\u00f1a\",\"@id\":\"https:\\\/\\\/sergiolapegue.com\\\/site\\\/#\\\/schema\\\/person\\\/9198e7dbab43c6d74d0fd5399af7c3cd\"},\"headline\":\"\u201cPROHIBIDO SUBIR AL ALTILLO\u201d\",\"datePublished\":\"2026-04-30T04:00:00+00:00\",\"mainEntityOfPage\":{\"@id\":\"https:\\\/\\\/sergiolapegue.com\\\/site\\\/2026\\\/04\\\/30\\\/prohibido-subir-al-altillo\\\/\"},\"wordCount\":436,\"commentCount\":0,\"publisher\":{\"@id\":\"https:\\\/\\\/sergiolapegue.com\\\/site\\\/#\\\/schema\\\/person\\\/083aeceeb0734cd166779ea6c0551a37\"},\"image\":{\"@id\":\"https:\\\/\\\/sergiolapegue.com\\\/site\\\/2026\\\/04\\\/30\\\/prohibido-subir-al-altillo\\\/#primaryimage\"},\"thumbnailUrl\":\"https:\\\/\\\/sergiolapegue.com\\\/site\\\/wp-content\\\/uploads\\\/2026\\\/04\\\/Prohibido-subir-al-altillo.jpg\",\"articleSection\":[\"Arte\",\"Teatro\"],\"inLanguage\":\"es-AR\",\"potentialAction\":[{\"@type\":\"CommentAction\",\"name\":\"Comment\",\"target\":[\"https:\\\/\\\/sergiolapegue.com\\\/site\\\/2026\\\/04\\\/30\\\/prohibido-subir-al-altillo\\\/#respond\"]}]},{\"@type\":\"WebPage\",\"@id\":\"https:\\\/\\\/sergiolapegue.com\\\/site\\\/2026\\\/04\\\/30\\\/prohibido-subir-al-altillo\\\/\",\"url\":\"https:\\\/\\\/sergiolapegue.com\\\/site\\\/2026\\\/04\\\/30\\\/prohibido-subir-al-altillo\\\/\",\"name\":\"\u201cPROHIBIDO SUBIR AL ALTILLO\u201d - Sergio Lapegue\",\"isPartOf\":{\"@id\":\"https:\\\/\\\/sergiolapegue.com\\\/site\\\/#website\"},\"primaryImageOfPage\":{\"@id\":\"https:\\\/\\\/sergiolapegue.com\\\/site\\\/2026\\\/04\\\/30\\\/prohibido-subir-al-altillo\\\/#primaryimage\"},\"image\":{\"@id\":\"https:\\\/\\\/sergiolapegue.com\\\/site\\\/2026\\\/04\\\/30\\\/prohibido-subir-al-altillo\\\/#primaryimage\"},\"thumbnailUrl\":\"https:\\\/\\\/sergiolapegue.com\\\/site\\\/wp-content\\\/uploads\\\/2026\\\/04\\\/Prohibido-subir-al-altillo.jpg\",\"datePublished\":\"2026-04-30T04:00:00+00:00\",\"breadcrumb\":{\"@id\":\"https:\\\/\\\/sergiolapegue.com\\\/site\\\/2026\\\/04\\\/30\\\/prohibido-subir-al-altillo\\\/#breadcrumb\"},\"inLanguage\":\"es-AR\",\"potentialAction\":[{\"@type\":\"ReadAction\",\"target\":[\"https:\\\/\\\/sergiolapegue.com\\\/site\\\/2026\\\/04\\\/30\\\/prohibido-subir-al-altillo\\\/\"]}]},{\"@type\":\"ImageObject\",\"inLanguage\":\"es-AR\",\"@id\":\"https:\\\/\\\/sergiolapegue.com\\\/site\\\/2026\\\/04\\\/30\\\/prohibido-subir-al-altillo\\\/#primaryimage\",\"url\":\"https:\\\/\\\/sergiolapegue.com\\\/site\\\/wp-content\\\/uploads\\\/2026\\\/04\\\/Prohibido-subir-al-altillo.jpg\",\"contentUrl\":\"https:\\\/\\\/sergiolapegue.com\\\/site\\\/wp-content\\\/uploads\\\/2026\\\/04\\\/Prohibido-subir-al-altillo.jpg\",\"width\":1000,\"height\":1415},{\"@type\":\"BreadcrumbList\",\"@id\":\"https:\\\/\\\/sergiolapegue.com\\\/site\\\/2026\\\/04\\\/30\\\/prohibido-subir-al-altillo\\\/#breadcrumb\",\"itemListElement\":[{\"@type\":\"ListItem\",\"position\":1,\"name\":\"Inicio\",\"item\":\"https:\\\/\\\/sergiolapegue.com\\\/site\\\/\"},{\"@type\":\"ListItem\",\"position\":2,\"name\":\"\u201cPROHIBIDO SUBIR AL ALTILLO\u201d\"}]},{\"@type\":\"WebSite\",\"@id\":\"https:\\\/\\\/sergiolapegue.com\\\/site\\\/#website\",\"url\":\"https:\\\/\\\/sergiolapegue.com\\\/site\\\/\",\"name\":\"Sergio Lapegue\",\"description\":\"Periodista\",\"publisher\":{\"@id\":\"https:\\\/\\\/sergiolapegue.com\\\/site\\\/#\\\/schema\\\/person\\\/083aeceeb0734cd166779ea6c0551a37\"},\"potentialAction\":[{\"@type\":\"SearchAction\",\"target\":{\"@type\":\"EntryPoint\",\"urlTemplate\":\"https:\\\/\\\/sergiolapegue.com\\\/site\\\/?s={search_term_string}\"},\"query-input\":{\"@type\":\"PropertyValueSpecification\",\"valueRequired\":true,\"valueName\":\"search_term_string\"}}],\"inLanguage\":\"es-AR\"},{\"@type\":[\"Person\",\"Organization\"],\"@id\":\"https:\\\/\\\/sergiolapegue.com\\\/site\\\/#\\\/schema\\\/person\\\/083aeceeb0734cd166779ea6c0551a37\",\"name\":\"Sergio Lapegue\",\"image\":{\"@type\":\"ImageObject\",\"inLanguage\":\"es-AR\",\"@id\":\"https:\\\/\\\/sergiolapegue.com\\\/site\\\/wp-content\\\/uploads\\\/2021\\\/04\\\/logo_header-1.png\",\"url\":\"https:\\\/\\\/sergiolapegue.com\\\/site\\\/wp-content\\\/uploads\\\/2021\\\/04\\\/logo_header-1.png\",\"contentUrl\":\"https:\\\/\\\/sergiolapegue.com\\\/site\\\/wp-content\\\/uploads\\\/2021\\\/04\\\/logo_header-1.png\",\"width\":272,\"height\":90,\"caption\":\"Sergio Lapegue\"},\"logo\":{\"@id\":\"https:\\\/\\\/sergiolapegue.com\\\/site\\\/wp-content\\\/uploads\\\/2021\\\/04\\\/logo_header-1.png\"},\"sameAs\":[\"https:\\\/\\\/facebook.com\\\/sergiolapegue\",\"https:\\\/\\\/instagram.com\\\/sergiolapegue\",\"https:\\\/\\\/x.com\\\/https:\\\/\\\/twitter.com\\\/sergiolapegue\"]},{\"@type\":\"Person\",\"@id\":\"https:\\\/\\\/sergiolapegue.com\\\/site\\\/#\\\/schema\\\/person\\\/9198e7dbab43c6d74d0fd5399af7c3cd\",\"name\":\"Daniel E. Monta\u00f1a\",\"image\":{\"@type\":\"ImageObject\",\"inLanguage\":\"es-AR\",\"@id\":\"https:\\\/\\\/sergiolapegue.com\\\/site\\\/wp-content\\\/uploads\\\/2021\\\/04\\\/sl_avatar_Daniel-150x150.jpg\",\"url\":\"https:\\\/\\\/sergiolapegue.com\\\/site\\\/wp-content\\\/uploads\\\/2021\\\/04\\\/sl_avatar_Daniel-150x150.jpg\",\"contentUrl\":\"https:\\\/\\\/sergiolapegue.com\\\/site\\\/wp-content\\\/uploads\\\/2021\\\/04\\\/sl_avatar_Daniel-150x150.jpg\",\"caption\":\"Daniel E. Monta\u00f1a\"},\"sameAs\":[\"https:\\\/\\\/facebook.com\\\/danielernesto.montana\",\"https:\\\/\\\/instagram.com\\\/daniel_montana1961\",\"https:\\\/\\\/x.com\\\/https:\\\/\\\/twitter.com\\\/daner_004\"],\"url\":\"https:\\\/\\\/sergiolapegue.com\\\/site\\\/author\\\/daniel\\\/\"}]}<\/script>\n<!-- \/ Yoast SEO plugin. -->","yoast_head_json":{"title":"\u201cPROHIBIDO SUBIR AL ALTILLO\u201d - Sergio Lapegue","robots":{"index":"index","follow":"follow","max-snippet":"max-snippet:-1","max-image-preview":"max-image-preview:large","max-video-preview":"max-video-preview:-1"},"canonical":"https:\/\/sergiolapegue.com\/site\/2026\/04\/30\/prohibido-subir-al-altillo\/","og_locale":"es_ES","og_type":"article","og_title":"\u201cPROHIBIDO SUBIR AL ALTILLO\u201d - Sergio Lapegue","og_description":"Prohibido subir al altillo&nbsp;es una comedia negra vibrante que sumerge al espectador en un universo cargado de tensi\u00f3n, misterio y v\u00ednculos al l\u00edmite. La&nbsp; obra est\u00e1 escrita por&nbsp;Ana Celentano, dirigida por&nbsp;Silvana Amaro, cuenta con las actuaciones de Helena Hendler, Juana Quintela, Ana Castro, Federica Simone, Agust\u00edn Furio, Salvador Petrucelli y Ennio Morriconi, quienes encarnan a [&hellip;]","og_url":"https:\/\/sergiolapegue.com\/site\/2026\/04\/30\/prohibido-subir-al-altillo\/","og_site_name":"Sergio Lapegue","article_publisher":"https:\/\/facebook.com\/sergiolapegue","article_author":"https:\/\/facebook.com\/danielernesto.montana","article_published_time":"2026-04-30T04:00:00+00:00","og_image":[{"width":1000,"height":1415,"url":"https:\/\/sergiolapegue.com\/site\/wp-content\/uploads\/2026\/04\/Prohibido-subir-al-altillo.jpg","type":"image\/jpeg"}],"author":"Daniel E. Monta\u00f1a","twitter_card":"summary_large_image","twitter_creator":"@https:\/\/twitter.com\/daner_004","twitter_site":"@sergiolapegue","twitter_misc":{"Escrito por":"Daniel E. Monta\u00f1a","Tiempo de lectura":"3 minutos"},"schema":{"@context":"https:\/\/schema.org","@graph":[{"@type":"Article","@id":"https:\/\/sergiolapegue.com\/site\/2026\/04\/30\/prohibido-subir-al-altillo\/#article","isPartOf":{"@id":"https:\/\/sergiolapegue.com\/site\/2026\/04\/30\/prohibido-subir-al-altillo\/"},"author":{"name":"Daniel E. Monta\u00f1a","@id":"https:\/\/sergiolapegue.com\/site\/#\/schema\/person\/9198e7dbab43c6d74d0fd5399af7c3cd"},"headline":"\u201cPROHIBIDO SUBIR AL ALTILLO\u201d","datePublished":"2026-04-30T04:00:00+00:00","mainEntityOfPage":{"@id":"https:\/\/sergiolapegue.com\/site\/2026\/04\/30\/prohibido-subir-al-altillo\/"},"wordCount":436,"commentCount":0,"publisher":{"@id":"https:\/\/sergiolapegue.com\/site\/#\/schema\/person\/083aeceeb0734cd166779ea6c0551a37"},"image":{"@id":"https:\/\/sergiolapegue.com\/site\/2026\/04\/30\/prohibido-subir-al-altillo\/#primaryimage"},"thumbnailUrl":"https:\/\/sergiolapegue.com\/site\/wp-content\/uploads\/2026\/04\/Prohibido-subir-al-altillo.jpg","articleSection":["Arte","Teatro"],"inLanguage":"es-AR","potentialAction":[{"@type":"CommentAction","name":"Comment","target":["https:\/\/sergiolapegue.com\/site\/2026\/04\/30\/prohibido-subir-al-altillo\/#respond"]}]},{"@type":"WebPage","@id":"https:\/\/sergiolapegue.com\/site\/2026\/04\/30\/prohibido-subir-al-altillo\/","url":"https:\/\/sergiolapegue.com\/site\/2026\/04\/30\/prohibido-subir-al-altillo\/","name":"\u201cPROHIBIDO SUBIR AL ALTILLO\u201d - Sergio Lapegue","isPartOf":{"@id":"https:\/\/sergiolapegue.com\/site\/#website"},"primaryImageOfPage":{"@id":"https:\/\/sergiolapegue.com\/site\/2026\/04\/30\/prohibido-subir-al-altillo\/#primaryimage"},"image":{"@id":"https:\/\/sergiolapegue.com\/site\/2026\/04\/30\/prohibido-subir-al-altillo\/#primaryimage"},"thumbnailUrl":"https:\/\/sergiolapegue.com\/site\/wp-content\/uploads\/2026\/04\/Prohibido-subir-al-altillo.jpg","datePublished":"2026-04-30T04:00:00+00:00","breadcrumb":{"@id":"https:\/\/sergiolapegue.com\/site\/2026\/04\/30\/prohibido-subir-al-altillo\/#breadcrumb"},"inLanguage":"es-AR","potentialAction":[{"@type":"ReadAction","target":["https:\/\/sergiolapegue.com\/site\/2026\/04\/30\/prohibido-subir-al-altillo\/"]}]},{"@type":"ImageObject","inLanguage":"es-AR","@id":"https:\/\/sergiolapegue.com\/site\/2026\/04\/30\/prohibido-subir-al-altillo\/#primaryimage","url":"https:\/\/sergiolapegue.com\/site\/wp-content\/uploads\/2026\/04\/Prohibido-subir-al-altillo.jpg","contentUrl":"https:\/\/sergiolapegue.com\/site\/wp-content\/uploads\/2026\/04\/Prohibido-subir-al-altillo.jpg","width":1000,"height":1415},{"@type":"BreadcrumbList","@id":"https:\/\/sergiolapegue.com\/site\/2026\/04\/30\/prohibido-subir-al-altillo\/#breadcrumb","itemListElement":[{"@type":"ListItem","position":1,"name":"Inicio","item":"https:\/\/sergiolapegue.com\/site\/"},{"@type":"ListItem","position":2,"name":"\u201cPROHIBIDO SUBIR AL ALTILLO\u201d"}]},{"@type":"WebSite","@id":"https:\/\/sergiolapegue.com\/site\/#website","url":"https:\/\/sergiolapegue.com\/site\/","name":"Sergio Lapegue","description":"Periodista","publisher":{"@id":"https:\/\/sergiolapegue.com\/site\/#\/schema\/person\/083aeceeb0734cd166779ea6c0551a37"},"potentialAction":[{"@type":"SearchAction","target":{"@type":"EntryPoint","urlTemplate":"https:\/\/sergiolapegue.com\/site\/?s={search_term_string}"},"query-input":{"@type":"PropertyValueSpecification","valueRequired":true,"valueName":"search_term_string"}}],"inLanguage":"es-AR"},{"@type":["Person","Organization"],"@id":"https:\/\/sergiolapegue.com\/site\/#\/schema\/person\/083aeceeb0734cd166779ea6c0551a37","name":"Sergio Lapegue","image":{"@type":"ImageObject","inLanguage":"es-AR","@id":"https:\/\/sergiolapegue.com\/site\/wp-content\/uploads\/2021\/04\/logo_header-1.png","url":"https:\/\/sergiolapegue.com\/site\/wp-content\/uploads\/2021\/04\/logo_header-1.png","contentUrl":"https:\/\/sergiolapegue.com\/site\/wp-content\/uploads\/2021\/04\/logo_header-1.png","width":272,"height":90,"caption":"Sergio Lapegue"},"logo":{"@id":"https:\/\/sergiolapegue.com\/site\/wp-content\/uploads\/2021\/04\/logo_header-1.png"},"sameAs":["https:\/\/facebook.com\/sergiolapegue","https:\/\/instagram.com\/sergiolapegue","https:\/\/x.com\/https:\/\/twitter.com\/sergiolapegue"]},{"@type":"Person","@id":"https:\/\/sergiolapegue.com\/site\/#\/schema\/person\/9198e7dbab43c6d74d0fd5399af7c3cd","name":"Daniel E. Monta\u00f1a","image":{"@type":"ImageObject","inLanguage":"es-AR","@id":"https:\/\/sergiolapegue.com\/site\/wp-content\/uploads\/2021\/04\/sl_avatar_Daniel-150x150.jpg","url":"https:\/\/sergiolapegue.com\/site\/wp-content\/uploads\/2021\/04\/sl_avatar_Daniel-150x150.jpg","contentUrl":"https:\/\/sergiolapegue.com\/site\/wp-content\/uploads\/2021\/04\/sl_avatar_Daniel-150x150.jpg","caption":"Daniel E. Monta\u00f1a"},"sameAs":["https:\/\/facebook.com\/danielernesto.montana","https:\/\/instagram.com\/daniel_montana1961","https:\/\/x.com\/https:\/\/twitter.com\/daner_004"],"url":"https:\/\/sergiolapegue.com\/site\/author\/daniel\/"}]}},"_links":{"self":[{"href":"https:\/\/sergiolapegue.com\/site\/wp-json\/wp\/v2\/posts\/29986","targetHints":{"allow":["GET"]}}],"collection":[{"href":"https:\/\/sergiolapegue.com\/site\/wp-json\/wp\/v2\/posts"}],"about":[{"href":"https:\/\/sergiolapegue.com\/site\/wp-json\/wp\/v2\/types\/post"}],"author":[{"embeddable":true,"href":"https:\/\/sergiolapegue.com\/site\/wp-json\/wp\/v2\/users\/3"}],"replies":[{"embeddable":true,"href":"https:\/\/sergiolapegue.com\/site\/wp-json\/wp\/v2\/comments?post=29986"}],"version-history":[{"count":1,"href":"https:\/\/sergiolapegue.com\/site\/wp-json\/wp\/v2\/posts\/29986\/revisions"}],"predecessor-version":[{"id":29991,"href":"https:\/\/sergiolapegue.com\/site\/wp-json\/wp\/v2\/posts\/29986\/revisions\/29991"}],"wp:featuredmedia":[{"embeddable":true,"href":"https:\/\/sergiolapegue.com\/site\/wp-json\/wp\/v2\/media\/29990"}],"wp:attachment":[{"href":"https:\/\/sergiolapegue.com\/site\/wp-json\/wp\/v2\/media?parent=29986"}],"wp:term":[{"taxonomy":"category","embeddable":true,"href":"https:\/\/sergiolapegue.com\/site\/wp-json\/wp\/v2\/categories?post=29986"},{"taxonomy":"post_tag","embeddable":true,"href":"https:\/\/sergiolapegue.com\/site\/wp-json\/wp\/v2\/tags?post=29986"}],"curies":[{"name":"wp","href":"https:\/\/api.w.org\/{rel}","templated":true}]}}