{"id":29948,"date":"2026-04-29T01:00:00","date_gmt":"2026-04-29T04:00:00","guid":{"rendered":"https:\/\/sergiolapegue.com\/site\/?p=29948"},"modified":"2026-04-28T19:27:26","modified_gmt":"2026-04-28T22:27:26","slug":"el-bramido-del-ciervo-de-nacho-larranaga-en-la-feria-del-libro","status":"publish","type":"post","link":"https:\/\/sergiolapegue.com\/site\/2026\/04\/29\/el-bramido-del-ciervo-de-nacho-larranaga-en-la-feria-del-libro\/","title":{"rendered":"\u201cEL BRAMIDO DEL CIERVO\u201d, DE NACHO LARRA\u00d1AGA EN LA FERIA DEL LIBRO"},"content":{"rendered":"\n<p>El escritor&nbsp;Nacho Larra\u00f1aga&nbsp;present\u00f3 su cuarta novela,&nbsp;\u201cEl bramido del ciervo\u201d (Metr\u00f3polis Libros)&nbsp;el pasado 21 de abril en la&nbsp;Biblioteca Nacional Mariano Moreno&nbsp;(Auditorio Borges) con la lectura perform\u00e1tica de las actrices Juanita, Albina, Carolina, Fern\u00e1ndez, Roberta, Castro y Jessica M\u00e1s que conmovieron al auditorio. Adem\u00e1s, se hicieron presentes la agregada cultural de la Embajada Italiana, Marianna Caputo y Teresa Di Meo, encargada del Stand de Italia de la Feria Internacional del libro.<\/p>\n\n\n\n<p>Tras este exitoso lanzamiento,&nbsp;El bramido del ciervo&nbsp;tendr\u00e1 una nueva presentaci\u00f3n en el marco de la&nbsp;50\u00aa Feria Internacional del Libro de Buenos Aires.&nbsp;La cita ser\u00e1 el mi\u00e9rcoles&nbsp;29 de abril a las 18:15 horas en el Stand 1010 \u2013 Pabell\u00f3n Verde de Editorial Galerna.&nbsp;La actividad incluir\u00e1 la lectura de fragmentos de la obra y firma de ejemplares.<\/p>\n\n\n\n<figure class=\"wp-block-image size-full\"><img loading=\"lazy\" decoding=\"async\" width=\"1000\" height=\"651\" src=\"https:\/\/sergiolapegue.com\/site\/wp-content\/uploads\/2026\/04\/El-bramido-del-ciervo-1.png\" alt=\"\" class=\"wp-image-29949\" srcset=\"https:\/\/sergiolapegue.com\/site\/wp-content\/uploads\/2026\/04\/El-bramido-del-ciervo-1.png 1000w, https:\/\/sergiolapegue.com\/site\/wp-content\/uploads\/2026\/04\/El-bramido-del-ciervo-1-300x195.png 300w, https:\/\/sergiolapegue.com\/site\/wp-content\/uploads\/2026\/04\/El-bramido-del-ciervo-1-768x500.png 768w, https:\/\/sergiolapegue.com\/site\/wp-content\/uploads\/2026\/04\/El-bramido-del-ciervo-1-645x420.png 645w, https:\/\/sergiolapegue.com\/site\/wp-content\/uploads\/2026\/04\/El-bramido-del-ciervo-1-696x453.png 696w\" sizes=\"auto, (max-width: 1000px) 100vw, 1000px\" \/><\/figure>\n\n\n\n<p>Nacho Larra\u00f1aga&nbsp;presenta su primera novela hist\u00f3rica,&nbsp;\u201cEl bramido del ciervo\u201d, ambientada en 1943, en plena Segunda Guerra Mundial. Delia Anfossi es arrancada de su vida y empujada a sobrevivir. Una historia marcada por la violencia, el exilio y el amor. De la Resistencia Italiana a su desembarco en Am\u00e9rica.&nbsp;Bajo otros nombres, cruzando oc\u00e9anos, intentando empezar de nuevo una y otra vez, Delia, construye distintas vidas. Pero hay algo que nunca cambia: el pasado siempre encuentra la forma de regresar.<\/p>\n\n\n\n<p>\u201cEsta intrigante historia lleg\u00f3 a m\u00ed y sent\u00ed la necesidad de escribirla. La cabeza de Delia Anfossi, m\u00e1s conocida como la troia (\u2018la zorra\u2019) o \u2018la carnicera de fascistas\u2019, ten\u00eda un precio muy alto, pero su paradero segu\u00eda siendo una inc\u00f3gnita. Algunas mujeres no nacen hero\u00ednas: la historia las obliga a serlo.\u201d Nacho Larra\u00f1aga.<\/p>\n\n\n\n<p>Asimismo, la obra cuenta con el&nbsp;apoyo de la Embajada de Italia en Argentina, que destac\u00f3 el valor cultural e hist\u00f3rico de su publicaci\u00f3n.<\/p>\n\n\n\n<figure class=\"wp-block-image size-full\"><img loading=\"lazy\" decoding=\"async\" width=\"1000\" height=\"667\" src=\"https:\/\/sergiolapegue.com\/site\/wp-content\/uploads\/2026\/04\/El-bramido-del-ciervo-2.jpg\" alt=\"\" class=\"wp-image-29950\" srcset=\"https:\/\/sergiolapegue.com\/site\/wp-content\/uploads\/2026\/04\/El-bramido-del-ciervo-2.jpg 1000w, https:\/\/sergiolapegue.com\/site\/wp-content\/uploads\/2026\/04\/El-bramido-del-ciervo-2-300x200.jpg 300w, https:\/\/sergiolapegue.com\/site\/wp-content\/uploads\/2026\/04\/El-bramido-del-ciervo-2-768x512.jpg 768w, https:\/\/sergiolapegue.com\/site\/wp-content\/uploads\/2026\/04\/El-bramido-del-ciervo-2-630x420.jpg 630w, https:\/\/sergiolapegue.com\/site\/wp-content\/uploads\/2026\/04\/El-bramido-del-ciervo-2-696x464.jpg 696w\" sizes=\"auto, (max-width: 1000px) 100vw, 1000px\" \/><\/figure>\n\n\n\n<p><strong>SINOPSIS<\/strong><\/p>\n\n\n\n<p>El bramido del ciervo&nbsp;es una novela hist\u00f3rica que comienza en 1943, en plena Segunda Guerra Mundial. All\u00ed, la joven napolitana Delia Anfossi, de 16 a\u00f1os, se une a la resistencia partisana en un intento de sobrevivir, luego de ser capturada y separada de su familia durante la invasi\u00f3n nazi en Italia. Su valent\u00eda y habilidades la convierten en una hero\u00edna local, pero tambi\u00e9n en el blanco de los fascistas que buscan venganza incluso despu\u00e9s de terminada la guerra.<\/p>\n\n\n\n<p>Para escapar de su pasado, Delia aborda un transatl\u00e1ntico rumbo a Nueva York, donde reconstruye su vida y encuentra el amor. Sin embargo, cuando las circunstancias vuelven a complicarse, huye nuevamente, esta vez a bordo de un carguero que la lleva a recorrer el mundo. Finalmente, encuentra refugio en Ensenada Baja, donde forma una familia e intenta dejar atr\u00e1s sus recuerdos. Pero el pasado siempre encuentra la manera de alcanzar a quienes huyen, y Delia deber\u00e1 enfrentar, una vez m\u00e1s, los fantasmas que cre\u00eda enterrados.<\/p>\n\n\n\n<p>La edici\u00f3n propone adem\u00e1s una experiencia sensorial para el lector: el libro se entrega en una caja especial que contiene objetos vinculados directamente con la trama. Cada elemento fue seleccionado para ampliar la experiencia de lectura y conectar al p\u00fablico con el universo de la novela m\u00e1s all\u00e1 de las palabras.<\/p>\n\n\n\n<figure class=\"wp-block-image size-full\"><img loading=\"lazy\" decoding=\"async\" width=\"1000\" height=\"667\" src=\"https:\/\/sergiolapegue.com\/site\/wp-content\/uploads\/2026\/04\/El-bramido-del-ciervo-4.jpg\" alt=\"\" class=\"wp-image-29951\" srcset=\"https:\/\/sergiolapegue.com\/site\/wp-content\/uploads\/2026\/04\/El-bramido-del-ciervo-4.jpg 1000w, https:\/\/sergiolapegue.com\/site\/wp-content\/uploads\/2026\/04\/El-bramido-del-ciervo-4-300x200.jpg 300w, https:\/\/sergiolapegue.com\/site\/wp-content\/uploads\/2026\/04\/El-bramido-del-ciervo-4-768x512.jpg 768w, https:\/\/sergiolapegue.com\/site\/wp-content\/uploads\/2026\/04\/El-bramido-del-ciervo-4-630x420.jpg 630w, https:\/\/sergiolapegue.com\/site\/wp-content\/uploads\/2026\/04\/El-bramido-del-ciervo-4-696x464.jpg 696w\" sizes=\"auto, (max-width: 1000px) 100vw, 1000px\" \/><\/figure>\n\n\n\n<p><strong>FERIA DEL LIBRO \u2013 PABELL\u00d3N VERDE \u2013 STAND 1010<\/strong><\/p>\n\n\n\n<p>Av. Santa Fe 4201 \u2013 Capital Federal \u2013 Buenos Aires \u2013 Argentina<\/p>\n\n\n\n<p>Presentaci\u00f3n: Mi\u00e9rcoles 29 de Abril \u2013 18:15 horas<\/p>\n\n\n\n<p>Gracias M\u00e1s Prensa por hacernos llegar la gacetilla de prensa de la presentaci\u00f3n del libro de Nacho Larra\u00f1aga en la Feria del Libro.<\/p>\n\n\n\n<p><strong>SOBRE NACHO LARRA\u00d1AGA<\/strong><\/p>\n\n\n\n<figure class=\"wp-block-image size-full is-resized\"><img loading=\"lazy\" decoding=\"async\" width=\"1000\" height=\"891\" src=\"https:\/\/sergiolapegue.com\/site\/wp-content\/uploads\/2026\/04\/El-bramido-del-ciervo-Nacho-Larranaga.png\" alt=\"\" class=\"wp-image-29952\" style=\"aspect-ratio:1.1223543640395082;width:333px;height:auto\" srcset=\"https:\/\/sergiolapegue.com\/site\/wp-content\/uploads\/2026\/04\/El-bramido-del-ciervo-Nacho-Larranaga.png 1000w, https:\/\/sergiolapegue.com\/site\/wp-content\/uploads\/2026\/04\/El-bramido-del-ciervo-Nacho-Larranaga-300x267.png 300w, https:\/\/sergiolapegue.com\/site\/wp-content\/uploads\/2026\/04\/El-bramido-del-ciervo-Nacho-Larranaga-768x684.png 768w, https:\/\/sergiolapegue.com\/site\/wp-content\/uploads\/2026\/04\/El-bramido-del-ciervo-Nacho-Larranaga-471x420.png 471w, https:\/\/sergiolapegue.com\/site\/wp-content\/uploads\/2026\/04\/El-bramido-del-ciervo-Nacho-Larranaga-696x620.png 696w\" sizes=\"auto, (max-width: 1000px) 100vw, 1000px\" \/><\/figure>\n\n\n\n<p>Naci\u00f3 en Carmen de Patagones, en 1973. Es egresado de la Escuela de Teatro de La Plata. Vivi\u00f3 en M\u00e9xico entre 1997 y 2014, donde particip\u00f3 en proyectos teatrales, cinematogr\u00e1ficos y televisivos. Incursion\u00f3 en la m\u00fasica con el d\u00fao Miel Caliente, y edit\u00f3 dos discos como cantante y autor. Compuso letras para artistas consagrados. Bajo el seud\u00f3nimo de Mubieli, realiz\u00f3 obras pl\u00e1sticas que fueron expuestas en Am\u00e9rica y Europa. Es creador y coordinador del proyecto literario y solidario Pueblos rotos, que incluye a 43 grandes artistas argentinos. En 2017 public\u00f3 su primera novela, Nash. Su segunda novela, El espejo del lago est\u00e1 en proceso de adaptaci\u00f3n para serie televisiva. En 2023 &nbsp;El sendero de los conejos Blancos (Metr\u00f3polis Libros). El pr\u00f3ximo 29 de abril 2026 presenta su cuarto libro y primera novela hist\u00f3rica \u201cEl bramido del ciervo&#8221; en la 50\u00aa Feria Internacional del Libro.<\/p>\n\n\n\n<p><\/p>\n","protected":false},"excerpt":{"rendered":"<p>El escritor&nbsp;Nacho Larra\u00f1aga&nbsp;present\u00f3 su cuarta novela,&nbsp;\u201cEl bramido del ciervo\u201d (Metr\u00f3polis Libros)&nbsp;el pasado 21 de abril en la&nbsp;Biblioteca Nacional Mariano Moreno&nbsp;(Auditorio Borges) con la lectura perform\u00e1tica de las actrices Juanita, Albina, Carolina, Fern\u00e1ndez, Roberta, Castro y Jessica M\u00e1s que conmovieron al auditorio. Adem\u00e1s, se hicieron presentes la agregada cultural de la Embajada Italiana, Marianna Caputo y [&hellip;]<\/p>\n","protected":false},"author":3,"featured_media":29953,"comment_status":"open","ping_status":"closed","sticky":false,"template":"","format":"standard","meta":{"footnotes":""},"categories":[34,37],"tags":[],"class_list":{"0":"post-29948","1":"post","2":"type-post","3":"status-publish","4":"format-standard","5":"has-post-thumbnail","7":"category-arte","8":"category-libros"},"yoast_head":"<!-- This site is optimized with the Yoast SEO plugin v27.5 - https:\/\/yoast.com\/product\/yoast-seo-wordpress\/ -->\n<title>\u201cEL BRAMIDO DEL CIERVO\u201d, DE NACHO LARRA\u00d1AGA EN LA FERIA DEL LIBRO - Sergio Lapegue<\/title>\n<meta name=\"robots\" content=\"index, follow, max-snippet:-1, max-image-preview:large, max-video-preview:-1\" \/>\n<link rel=\"canonical\" href=\"https:\/\/sergiolapegue.com\/site\/2026\/04\/29\/el-bramido-del-ciervo-de-nacho-larranaga-en-la-feria-del-libro\/\" \/>\n<meta property=\"og:locale\" content=\"es_ES\" \/>\n<meta property=\"og:type\" content=\"article\" \/>\n<meta property=\"og:title\" content=\"\u201cEL BRAMIDO DEL CIERVO\u201d, DE NACHO LARRA\u00d1AGA EN LA FERIA DEL LIBRO - Sergio Lapegue\" \/>\n<meta property=\"og:description\" content=\"El escritor&nbsp;Nacho Larra\u00f1aga&nbsp;present\u00f3 su cuarta novela,&nbsp;\u201cEl bramido del ciervo\u201d (Metr\u00f3polis Libros)&nbsp;el pasado 21 de abril en la&nbsp;Biblioteca Nacional Mariano Moreno&nbsp;(Auditorio Borges) con la lectura perform\u00e1tica de las actrices Juanita, Albina, Carolina, Fern\u00e1ndez, Roberta, Castro y Jessica M\u00e1s que conmovieron al auditorio. Adem\u00e1s, se hicieron presentes la agregada cultural de la Embajada Italiana, Marianna Caputo y [&hellip;]\" \/>\n<meta property=\"og:url\" content=\"https:\/\/sergiolapegue.com\/site\/2026\/04\/29\/el-bramido-del-ciervo-de-nacho-larranaga-en-la-feria-del-libro\/\" \/>\n<meta property=\"og:site_name\" content=\"Sergio Lapegue\" \/>\n<meta property=\"article:publisher\" content=\"https:\/\/facebook.com\/sergiolapegue\" \/>\n<meta property=\"article:author\" content=\"https:\/\/facebook.com\/danielernesto.montana\" \/>\n<meta property=\"article:published_time\" content=\"2026-04-29T04:00:00+00:00\" \/>\n<meta property=\"og:image\" content=\"https:\/\/sergiolapegue.com\/site\/wp-content\/uploads\/2026\/04\/El-bramido-del-ciervo.png\" \/>\n\t<meta property=\"og:image:width\" content=\"1000\" \/>\n\t<meta property=\"og:image:height\" content=\"1321\" \/>\n\t<meta property=\"og:image:type\" content=\"image\/png\" \/>\n<meta name=\"author\" content=\"Daniel E. Monta\u00f1a\" \/>\n<meta name=\"twitter:card\" content=\"summary_large_image\" \/>\n<meta name=\"twitter:creator\" content=\"@https:\/\/twitter.com\/daner_004\" \/>\n<meta name=\"twitter:site\" content=\"@sergiolapegue\" \/>\n<meta name=\"twitter:label1\" content=\"Escrito por\" \/>\n\t<meta name=\"twitter:data1\" content=\"Daniel E. Monta\u00f1a\" \/>\n\t<meta name=\"twitter:label2\" content=\"Tiempo de lectura\" \/>\n\t<meta name=\"twitter:data2\" content=\"5 minutos\" \/>\n<script type=\"application\/ld+json\" class=\"yoast-schema-graph\">{\"@context\":\"https:\\\/\\\/schema.org\",\"@graph\":[{\"@type\":\"Article\",\"@id\":\"https:\\\/\\\/sergiolapegue.com\\\/site\\\/2026\\\/04\\\/29\\\/el-bramido-del-ciervo-de-nacho-larranaga-en-la-feria-del-libro\\\/#article\",\"isPartOf\":{\"@id\":\"https:\\\/\\\/sergiolapegue.com\\\/site\\\/2026\\\/04\\\/29\\\/el-bramido-del-ciervo-de-nacho-larranaga-en-la-feria-del-libro\\\/\"},\"author\":{\"name\":\"Daniel E. Monta\u00f1a\",\"@id\":\"https:\\\/\\\/sergiolapegue.com\\\/site\\\/#\\\/schema\\\/person\\\/9198e7dbab43c6d74d0fd5399af7c3cd\"},\"headline\":\"\u201cEL BRAMIDO DEL CIERVO\u201d, DE NACHO LARRA\u00d1AGA EN LA FERIA DEL LIBRO\",\"datePublished\":\"2026-04-29T04:00:00+00:00\",\"mainEntityOfPage\":{\"@id\":\"https:\\\/\\\/sergiolapegue.com\\\/site\\\/2026\\\/04\\\/29\\\/el-bramido-del-ciervo-de-nacho-larranaga-en-la-feria-del-libro\\\/\"},\"wordCount\":767,\"commentCount\":0,\"publisher\":{\"@id\":\"https:\\\/\\\/sergiolapegue.com\\\/site\\\/#\\\/schema\\\/person\\\/083aeceeb0734cd166779ea6c0551a37\"},\"image\":{\"@id\":\"https:\\\/\\\/sergiolapegue.com\\\/site\\\/2026\\\/04\\\/29\\\/el-bramido-del-ciervo-de-nacho-larranaga-en-la-feria-del-libro\\\/#primaryimage\"},\"thumbnailUrl\":\"https:\\\/\\\/sergiolapegue.com\\\/site\\\/wp-content\\\/uploads\\\/2026\\\/04\\\/El-bramido-del-ciervo.png\",\"articleSection\":[\"Arte\",\"Libros\"],\"inLanguage\":\"es-AR\",\"potentialAction\":[{\"@type\":\"CommentAction\",\"name\":\"Comment\",\"target\":[\"https:\\\/\\\/sergiolapegue.com\\\/site\\\/2026\\\/04\\\/29\\\/el-bramido-del-ciervo-de-nacho-larranaga-en-la-feria-del-libro\\\/#respond\"]}]},{\"@type\":\"WebPage\",\"@id\":\"https:\\\/\\\/sergiolapegue.com\\\/site\\\/2026\\\/04\\\/29\\\/el-bramido-del-ciervo-de-nacho-larranaga-en-la-feria-del-libro\\\/\",\"url\":\"https:\\\/\\\/sergiolapegue.com\\\/site\\\/2026\\\/04\\\/29\\\/el-bramido-del-ciervo-de-nacho-larranaga-en-la-feria-del-libro\\\/\",\"name\":\"\u201cEL BRAMIDO DEL CIERVO\u201d, DE NACHO LARRA\u00d1AGA EN LA FERIA DEL LIBRO - Sergio Lapegue\",\"isPartOf\":{\"@id\":\"https:\\\/\\\/sergiolapegue.com\\\/site\\\/#website\"},\"primaryImageOfPage\":{\"@id\":\"https:\\\/\\\/sergiolapegue.com\\\/site\\\/2026\\\/04\\\/29\\\/el-bramido-del-ciervo-de-nacho-larranaga-en-la-feria-del-libro\\\/#primaryimage\"},\"image\":{\"@id\":\"https:\\\/\\\/sergiolapegue.com\\\/site\\\/2026\\\/04\\\/29\\\/el-bramido-del-ciervo-de-nacho-larranaga-en-la-feria-del-libro\\\/#primaryimage\"},\"thumbnailUrl\":\"https:\\\/\\\/sergiolapegue.com\\\/site\\\/wp-content\\\/uploads\\\/2026\\\/04\\\/El-bramido-del-ciervo.png\",\"datePublished\":\"2026-04-29T04:00:00+00:00\",\"breadcrumb\":{\"@id\":\"https:\\\/\\\/sergiolapegue.com\\\/site\\\/2026\\\/04\\\/29\\\/el-bramido-del-ciervo-de-nacho-larranaga-en-la-feria-del-libro\\\/#breadcrumb\"},\"inLanguage\":\"es-AR\",\"potentialAction\":[{\"@type\":\"ReadAction\",\"target\":[\"https:\\\/\\\/sergiolapegue.com\\\/site\\\/2026\\\/04\\\/29\\\/el-bramido-del-ciervo-de-nacho-larranaga-en-la-feria-del-libro\\\/\"]}]},{\"@type\":\"ImageObject\",\"inLanguage\":\"es-AR\",\"@id\":\"https:\\\/\\\/sergiolapegue.com\\\/site\\\/2026\\\/04\\\/29\\\/el-bramido-del-ciervo-de-nacho-larranaga-en-la-feria-del-libro\\\/#primaryimage\",\"url\":\"https:\\\/\\\/sergiolapegue.com\\\/site\\\/wp-content\\\/uploads\\\/2026\\\/04\\\/El-bramido-del-ciervo.png\",\"contentUrl\":\"https:\\\/\\\/sergiolapegue.com\\\/site\\\/wp-content\\\/uploads\\\/2026\\\/04\\\/El-bramido-del-ciervo.png\",\"width\":1000,\"height\":1321},{\"@type\":\"BreadcrumbList\",\"@id\":\"https:\\\/\\\/sergiolapegue.com\\\/site\\\/2026\\\/04\\\/29\\\/el-bramido-del-ciervo-de-nacho-larranaga-en-la-feria-del-libro\\\/#breadcrumb\",\"itemListElement\":[{\"@type\":\"ListItem\",\"position\":1,\"name\":\"Inicio\",\"item\":\"https:\\\/\\\/sergiolapegue.com\\\/site\\\/\"},{\"@type\":\"ListItem\",\"position\":2,\"name\":\"\u201cEL BRAMIDO DEL CIERVO\u201d, DE NACHO LARRA\u00d1AGA EN LA FERIA DEL LIBRO\"}]},{\"@type\":\"WebSite\",\"@id\":\"https:\\\/\\\/sergiolapegue.com\\\/site\\\/#website\",\"url\":\"https:\\\/\\\/sergiolapegue.com\\\/site\\\/\",\"name\":\"Sergio Lapegue\",\"description\":\"Periodista\",\"publisher\":{\"@id\":\"https:\\\/\\\/sergiolapegue.com\\\/site\\\/#\\\/schema\\\/person\\\/083aeceeb0734cd166779ea6c0551a37\"},\"potentialAction\":[{\"@type\":\"SearchAction\",\"target\":{\"@type\":\"EntryPoint\",\"urlTemplate\":\"https:\\\/\\\/sergiolapegue.com\\\/site\\\/?s={search_term_string}\"},\"query-input\":{\"@type\":\"PropertyValueSpecification\",\"valueRequired\":true,\"valueName\":\"search_term_string\"}}],\"inLanguage\":\"es-AR\"},{\"@type\":[\"Person\",\"Organization\"],\"@id\":\"https:\\\/\\\/sergiolapegue.com\\\/site\\\/#\\\/schema\\\/person\\\/083aeceeb0734cd166779ea6c0551a37\",\"name\":\"Sergio Lapegue\",\"image\":{\"@type\":\"ImageObject\",\"inLanguage\":\"es-AR\",\"@id\":\"https:\\\/\\\/sergiolapegue.com\\\/site\\\/wp-content\\\/uploads\\\/2021\\\/04\\\/logo_header-1.png\",\"url\":\"https:\\\/\\\/sergiolapegue.com\\\/site\\\/wp-content\\\/uploads\\\/2021\\\/04\\\/logo_header-1.png\",\"contentUrl\":\"https:\\\/\\\/sergiolapegue.com\\\/site\\\/wp-content\\\/uploads\\\/2021\\\/04\\\/logo_header-1.png\",\"width\":272,\"height\":90,\"caption\":\"Sergio Lapegue\"},\"logo\":{\"@id\":\"https:\\\/\\\/sergiolapegue.com\\\/site\\\/wp-content\\\/uploads\\\/2021\\\/04\\\/logo_header-1.png\"},\"sameAs\":[\"https:\\\/\\\/facebook.com\\\/sergiolapegue\",\"https:\\\/\\\/instagram.com\\\/sergiolapegue\",\"https:\\\/\\\/x.com\\\/https:\\\/\\\/twitter.com\\\/sergiolapegue\"]},{\"@type\":\"Person\",\"@id\":\"https:\\\/\\\/sergiolapegue.com\\\/site\\\/#\\\/schema\\\/person\\\/9198e7dbab43c6d74d0fd5399af7c3cd\",\"name\":\"Daniel E. Monta\u00f1a\",\"image\":{\"@type\":\"ImageObject\",\"inLanguage\":\"es-AR\",\"@id\":\"https:\\\/\\\/sergiolapegue.com\\\/site\\\/wp-content\\\/uploads\\\/2021\\\/04\\\/sl_avatar_Daniel-150x150.jpg\",\"url\":\"https:\\\/\\\/sergiolapegue.com\\\/site\\\/wp-content\\\/uploads\\\/2021\\\/04\\\/sl_avatar_Daniel-150x150.jpg\",\"contentUrl\":\"https:\\\/\\\/sergiolapegue.com\\\/site\\\/wp-content\\\/uploads\\\/2021\\\/04\\\/sl_avatar_Daniel-150x150.jpg\",\"caption\":\"Daniel E. Monta\u00f1a\"},\"sameAs\":[\"https:\\\/\\\/facebook.com\\\/danielernesto.montana\",\"https:\\\/\\\/instagram.com\\\/daniel_montana1961\",\"https:\\\/\\\/x.com\\\/https:\\\/\\\/twitter.com\\\/daner_004\"],\"url\":\"https:\\\/\\\/sergiolapegue.com\\\/site\\\/author\\\/daniel\\\/\"}]}<\/script>\n<!-- \/ Yoast SEO plugin. -->","yoast_head_json":{"title":"\u201cEL BRAMIDO DEL CIERVO\u201d, DE NACHO LARRA\u00d1AGA EN LA FERIA DEL LIBRO - Sergio Lapegue","robots":{"index":"index","follow":"follow","max-snippet":"max-snippet:-1","max-image-preview":"max-image-preview:large","max-video-preview":"max-video-preview:-1"},"canonical":"https:\/\/sergiolapegue.com\/site\/2026\/04\/29\/el-bramido-del-ciervo-de-nacho-larranaga-en-la-feria-del-libro\/","og_locale":"es_ES","og_type":"article","og_title":"\u201cEL BRAMIDO DEL CIERVO\u201d, DE NACHO LARRA\u00d1AGA EN LA FERIA DEL LIBRO - Sergio Lapegue","og_description":"El escritor&nbsp;Nacho Larra\u00f1aga&nbsp;present\u00f3 su cuarta novela,&nbsp;\u201cEl bramido del ciervo\u201d (Metr\u00f3polis Libros)&nbsp;el pasado 21 de abril en la&nbsp;Biblioteca Nacional Mariano Moreno&nbsp;(Auditorio Borges) con la lectura perform\u00e1tica de las actrices Juanita, Albina, Carolina, Fern\u00e1ndez, Roberta, Castro y Jessica M\u00e1s que conmovieron al auditorio. Adem\u00e1s, se hicieron presentes la agregada cultural de la Embajada Italiana, Marianna Caputo y [&hellip;]","og_url":"https:\/\/sergiolapegue.com\/site\/2026\/04\/29\/el-bramido-del-ciervo-de-nacho-larranaga-en-la-feria-del-libro\/","og_site_name":"Sergio Lapegue","article_publisher":"https:\/\/facebook.com\/sergiolapegue","article_author":"https:\/\/facebook.com\/danielernesto.montana","article_published_time":"2026-04-29T04:00:00+00:00","og_image":[{"width":1000,"height":1321,"url":"https:\/\/sergiolapegue.com\/site\/wp-content\/uploads\/2026\/04\/El-bramido-del-ciervo.png","type":"image\/png"}],"author":"Daniel E. Monta\u00f1a","twitter_card":"summary_large_image","twitter_creator":"@https:\/\/twitter.com\/daner_004","twitter_site":"@sergiolapegue","twitter_misc":{"Escrito por":"Daniel E. Monta\u00f1a","Tiempo de lectura":"5 minutos"},"schema":{"@context":"https:\/\/schema.org","@graph":[{"@type":"Article","@id":"https:\/\/sergiolapegue.com\/site\/2026\/04\/29\/el-bramido-del-ciervo-de-nacho-larranaga-en-la-feria-del-libro\/#article","isPartOf":{"@id":"https:\/\/sergiolapegue.com\/site\/2026\/04\/29\/el-bramido-del-ciervo-de-nacho-larranaga-en-la-feria-del-libro\/"},"author":{"name":"Daniel E. Monta\u00f1a","@id":"https:\/\/sergiolapegue.com\/site\/#\/schema\/person\/9198e7dbab43c6d74d0fd5399af7c3cd"},"headline":"\u201cEL BRAMIDO DEL CIERVO\u201d, DE NACHO LARRA\u00d1AGA EN LA FERIA DEL LIBRO","datePublished":"2026-04-29T04:00:00+00:00","mainEntityOfPage":{"@id":"https:\/\/sergiolapegue.com\/site\/2026\/04\/29\/el-bramido-del-ciervo-de-nacho-larranaga-en-la-feria-del-libro\/"},"wordCount":767,"commentCount":0,"publisher":{"@id":"https:\/\/sergiolapegue.com\/site\/#\/schema\/person\/083aeceeb0734cd166779ea6c0551a37"},"image":{"@id":"https:\/\/sergiolapegue.com\/site\/2026\/04\/29\/el-bramido-del-ciervo-de-nacho-larranaga-en-la-feria-del-libro\/#primaryimage"},"thumbnailUrl":"https:\/\/sergiolapegue.com\/site\/wp-content\/uploads\/2026\/04\/El-bramido-del-ciervo.png","articleSection":["Arte","Libros"],"inLanguage":"es-AR","potentialAction":[{"@type":"CommentAction","name":"Comment","target":["https:\/\/sergiolapegue.com\/site\/2026\/04\/29\/el-bramido-del-ciervo-de-nacho-larranaga-en-la-feria-del-libro\/#respond"]}]},{"@type":"WebPage","@id":"https:\/\/sergiolapegue.com\/site\/2026\/04\/29\/el-bramido-del-ciervo-de-nacho-larranaga-en-la-feria-del-libro\/","url":"https:\/\/sergiolapegue.com\/site\/2026\/04\/29\/el-bramido-del-ciervo-de-nacho-larranaga-en-la-feria-del-libro\/","name":"\u201cEL BRAMIDO DEL CIERVO\u201d, DE NACHO LARRA\u00d1AGA EN LA FERIA DEL LIBRO - Sergio Lapegue","isPartOf":{"@id":"https:\/\/sergiolapegue.com\/site\/#website"},"primaryImageOfPage":{"@id":"https:\/\/sergiolapegue.com\/site\/2026\/04\/29\/el-bramido-del-ciervo-de-nacho-larranaga-en-la-feria-del-libro\/#primaryimage"},"image":{"@id":"https:\/\/sergiolapegue.com\/site\/2026\/04\/29\/el-bramido-del-ciervo-de-nacho-larranaga-en-la-feria-del-libro\/#primaryimage"},"thumbnailUrl":"https:\/\/sergiolapegue.com\/site\/wp-content\/uploads\/2026\/04\/El-bramido-del-ciervo.png","datePublished":"2026-04-29T04:00:00+00:00","breadcrumb":{"@id":"https:\/\/sergiolapegue.com\/site\/2026\/04\/29\/el-bramido-del-ciervo-de-nacho-larranaga-en-la-feria-del-libro\/#breadcrumb"},"inLanguage":"es-AR","potentialAction":[{"@type":"ReadAction","target":["https:\/\/sergiolapegue.com\/site\/2026\/04\/29\/el-bramido-del-ciervo-de-nacho-larranaga-en-la-feria-del-libro\/"]}]},{"@type":"ImageObject","inLanguage":"es-AR","@id":"https:\/\/sergiolapegue.com\/site\/2026\/04\/29\/el-bramido-del-ciervo-de-nacho-larranaga-en-la-feria-del-libro\/#primaryimage","url":"https:\/\/sergiolapegue.com\/site\/wp-content\/uploads\/2026\/04\/El-bramido-del-ciervo.png","contentUrl":"https:\/\/sergiolapegue.com\/site\/wp-content\/uploads\/2026\/04\/El-bramido-del-ciervo.png","width":1000,"height":1321},{"@type":"BreadcrumbList","@id":"https:\/\/sergiolapegue.com\/site\/2026\/04\/29\/el-bramido-del-ciervo-de-nacho-larranaga-en-la-feria-del-libro\/#breadcrumb","itemListElement":[{"@type":"ListItem","position":1,"name":"Inicio","item":"https:\/\/sergiolapegue.com\/site\/"},{"@type":"ListItem","position":2,"name":"\u201cEL BRAMIDO DEL CIERVO\u201d, DE NACHO LARRA\u00d1AGA EN LA FERIA DEL LIBRO"}]},{"@type":"WebSite","@id":"https:\/\/sergiolapegue.com\/site\/#website","url":"https:\/\/sergiolapegue.com\/site\/","name":"Sergio Lapegue","description":"Periodista","publisher":{"@id":"https:\/\/sergiolapegue.com\/site\/#\/schema\/person\/083aeceeb0734cd166779ea6c0551a37"},"potentialAction":[{"@type":"SearchAction","target":{"@type":"EntryPoint","urlTemplate":"https:\/\/sergiolapegue.com\/site\/?s={search_term_string}"},"query-input":{"@type":"PropertyValueSpecification","valueRequired":true,"valueName":"search_term_string"}}],"inLanguage":"es-AR"},{"@type":["Person","Organization"],"@id":"https:\/\/sergiolapegue.com\/site\/#\/schema\/person\/083aeceeb0734cd166779ea6c0551a37","name":"Sergio Lapegue","image":{"@type":"ImageObject","inLanguage":"es-AR","@id":"https:\/\/sergiolapegue.com\/site\/wp-content\/uploads\/2021\/04\/logo_header-1.png","url":"https:\/\/sergiolapegue.com\/site\/wp-content\/uploads\/2021\/04\/logo_header-1.png","contentUrl":"https:\/\/sergiolapegue.com\/site\/wp-content\/uploads\/2021\/04\/logo_header-1.png","width":272,"height":90,"caption":"Sergio Lapegue"},"logo":{"@id":"https:\/\/sergiolapegue.com\/site\/wp-content\/uploads\/2021\/04\/logo_header-1.png"},"sameAs":["https:\/\/facebook.com\/sergiolapegue","https:\/\/instagram.com\/sergiolapegue","https:\/\/x.com\/https:\/\/twitter.com\/sergiolapegue"]},{"@type":"Person","@id":"https:\/\/sergiolapegue.com\/site\/#\/schema\/person\/9198e7dbab43c6d74d0fd5399af7c3cd","name":"Daniel E. Monta\u00f1a","image":{"@type":"ImageObject","inLanguage":"es-AR","@id":"https:\/\/sergiolapegue.com\/site\/wp-content\/uploads\/2021\/04\/sl_avatar_Daniel-150x150.jpg","url":"https:\/\/sergiolapegue.com\/site\/wp-content\/uploads\/2021\/04\/sl_avatar_Daniel-150x150.jpg","contentUrl":"https:\/\/sergiolapegue.com\/site\/wp-content\/uploads\/2021\/04\/sl_avatar_Daniel-150x150.jpg","caption":"Daniel E. Monta\u00f1a"},"sameAs":["https:\/\/facebook.com\/danielernesto.montana","https:\/\/instagram.com\/daniel_montana1961","https:\/\/x.com\/https:\/\/twitter.com\/daner_004"],"url":"https:\/\/sergiolapegue.com\/site\/author\/daniel\/"}]}},"_links":{"self":[{"href":"https:\/\/sergiolapegue.com\/site\/wp-json\/wp\/v2\/posts\/29948","targetHints":{"allow":["GET"]}}],"collection":[{"href":"https:\/\/sergiolapegue.com\/site\/wp-json\/wp\/v2\/posts"}],"about":[{"href":"https:\/\/sergiolapegue.com\/site\/wp-json\/wp\/v2\/types\/post"}],"author":[{"embeddable":true,"href":"https:\/\/sergiolapegue.com\/site\/wp-json\/wp\/v2\/users\/3"}],"replies":[{"embeddable":true,"href":"https:\/\/sergiolapegue.com\/site\/wp-json\/wp\/v2\/comments?post=29948"}],"version-history":[{"count":1,"href":"https:\/\/sergiolapegue.com\/site\/wp-json\/wp\/v2\/posts\/29948\/revisions"}],"predecessor-version":[{"id":29954,"href":"https:\/\/sergiolapegue.com\/site\/wp-json\/wp\/v2\/posts\/29948\/revisions\/29954"}],"wp:featuredmedia":[{"embeddable":true,"href":"https:\/\/sergiolapegue.com\/site\/wp-json\/wp\/v2\/media\/29953"}],"wp:attachment":[{"href":"https:\/\/sergiolapegue.com\/site\/wp-json\/wp\/v2\/media?parent=29948"}],"wp:term":[{"taxonomy":"category","embeddable":true,"href":"https:\/\/sergiolapegue.com\/site\/wp-json\/wp\/v2\/categories?post=29948"},{"taxonomy":"post_tag","embeddable":true,"href":"https:\/\/sergiolapegue.com\/site\/wp-json\/wp\/v2\/tags?post=29948"}],"curies":[{"name":"wp","href":"https:\/\/api.w.org\/{rel}","templated":true}]}}