{"id":29932,"date":"2026-04-29T09:09:00","date_gmt":"2026-04-29T12:09:00","guid":{"rendered":"https:\/\/sergiolapegue.com\/site\/?p=29932"},"modified":"2026-04-28T17:17:37","modified_gmt":"2026-04-28T20:17:37","slug":"3-de-mayo-dia-de-la-milanesa","status":"publish","type":"post","link":"https:\/\/sergiolapegue.com\/site\/2026\/04\/29\/3-de-mayo-dia-de-la-milanesa\/","title":{"rendered":"3 de mayo \u201cD\u00eda de la Milanesa\u201d"},"content":{"rendered":"\n<p>El D\u00eda de la Milanesa se celebra el 3 de mayo y como bien se sabe, existen much\u00edsimas variantes a la hora de degustar este plato \u00fanico y elegido por millones de argentinos. La fecha no recuerda nada en particular, fue elegida de forma azarosa por sus fan\u00e1ticos a trav\u00e9s de una campa\u00f1a en redes sociales promovida en 2011. A trav\u00e9s de Facebook se vot\u00f3 y qued\u00f3 elegido el 3 de mayo como el D\u00eda Nacional de la Milanesa.<\/p>\n\n\n\n<p>Existe todo tipo de milanesas en nuestro pa\u00eds, las ya tradicionales (las normalmente de carne vacuna, rebozadas, que se cocinan frito o al horno) , de pollo, pescado, de verduras, de soja y se le suman todo tipo de tama\u00f1os para las mismas y diversos acompa\u00f1amientos.<\/p>\n\n\n\n<p><strong>Para este d\u00eda te recomendamos dos cl\u00e1sicos porte\u00f1os para degustar este exquisito plato y adem\u00e1s sumamos una receta&nbsp;<\/strong><\/p>\n\n\n\n<p><strong>Pepito bodeg\u00f3n porte\u00f1o:<\/strong><\/p>\n\n\n\n<figure class=\"wp-block-image size-full\"><img loading=\"lazy\" decoding=\"async\" width=\"720\" height=\"480\" src=\"https:\/\/sergiolapegue.com\/site\/wp-content\/uploads\/2026\/04\/image-1.jpeg\" alt=\"\" class=\"wp-image-29933\" srcset=\"https:\/\/sergiolapegue.com\/site\/wp-content\/uploads\/2026\/04\/image-1.jpeg 720w, https:\/\/sergiolapegue.com\/site\/wp-content\/uploads\/2026\/04\/image-1-300x200.jpeg 300w, https:\/\/sergiolapegue.com\/site\/wp-content\/uploads\/2026\/04\/image-1-630x420.jpeg 630w, https:\/\/sergiolapegue.com\/site\/wp-content\/uploads\/2026\/04\/image-1-696x464.jpeg 696w\" sizes=\"auto, (max-width: 720px) 100vw, 720px\" \/><\/figure>\n\n\n\n<p><strong>Pepito,<\/strong> es uno de los bodegones m\u00e1s antiguos de la ciudad de Buenos Aires. Un cl\u00e1sico porte\u00f1o, ubicado en una esquina privilegiada, sobre la calle Montevideo a metros de la concurrida avenida Corrientes. El <strong>bodeg\u00f3n, <\/strong>se destaca como un cl\u00e1sico de microcentro y uno de los restaurantes emblema para visitar en la Ciudad de Buenos Aires, <a href=\"https:\/\/www.cronista.com\/tools\/redirect.php?t=3&amp;i=878878&amp;s=03beec0414d9f22eaf0fd9156af22a0f\">&nbsp;<\/a>ya sea por sus precios, propuesta y ubicaci\u00f3n.<\/p>\n\n\n\n<p>Con <strong>porciones abundantes<\/strong>, se destacan sus once opciones de milanesas con los&nbsp; tama\u00f1os S, M y L , todas para compartir.&nbsp; Las milas: Simple, Simple con fritas a caballo, Fugazzeta, Napolitana, Completa, Porte\u00f1a, Argenta, Americana , Pampeana, la cl\u00e1sica Maryland y la especialidad de la casa la milanesa, Pepito 1950 que viene con huevo, panceta, queso azul y papas rejilla.<\/p>\n\n\n\n<p>En redes&nbsp; sociales se puede encontrar como <a href=\"https:\/\/www.instagram.com\/pepitobodegon\/\"><strong><em>&nbsp;<\/em><\/strong><strong><em>@pepitobodegon<\/em><\/strong><\/a>,<strong> <\/strong>Montevideo 383, abierto de 12 a 1 am<\/p>\n\n\n\n<figure class=\"wp-block-image size-large\"><img loading=\"lazy\" decoding=\"async\" width=\"768\" height=\"1024\" src=\"https:\/\/sergiolapegue.com\/site\/wp-content\/uploads\/2026\/04\/image-2-768x1024.png\" alt=\"\" class=\"wp-image-29936\" srcset=\"https:\/\/sergiolapegue.com\/site\/wp-content\/uploads\/2026\/04\/image-2-768x1024.png 768w, https:\/\/sergiolapegue.com\/site\/wp-content\/uploads\/2026\/04\/image-2-225x300.png 225w, https:\/\/sergiolapegue.com\/site\/wp-content\/uploads\/2026\/04\/image-2-1152x1536.png 1152w, https:\/\/sergiolapegue.com\/site\/wp-content\/uploads\/2026\/04\/image-2-315x420.png 315w, https:\/\/sergiolapegue.com\/site\/wp-content\/uploads\/2026\/04\/image-2-696x928.png 696w, https:\/\/sergiolapegue.com\/site\/wp-content\/uploads\/2026\/04\/image-2-1068x1424.png 1068w, https:\/\/sergiolapegue.com\/site\/wp-content\/uploads\/2026\/04\/image-2.png 1200w\" sizes=\"auto, (max-width: 768px) 100vw, 768px\" \/><\/figure>\n\n\n\n<figure class=\"wp-block-image size-large\"><img loading=\"lazy\" decoding=\"async\" width=\"1024\" height=\"682\" src=\"https:\/\/sergiolapegue.com\/site\/wp-content\/uploads\/2026\/04\/image-1-1024x682.png\" alt=\"\" class=\"wp-image-29935\" srcset=\"https:\/\/sergiolapegue.com\/site\/wp-content\/uploads\/2026\/04\/image-1-1024x682.png 1024w, https:\/\/sergiolapegue.com\/site\/wp-content\/uploads\/2026\/04\/image-1-300x200.png 300w, https:\/\/sergiolapegue.com\/site\/wp-content\/uploads\/2026\/04\/image-1-768x512.png 768w, https:\/\/sergiolapegue.com\/site\/wp-content\/uploads\/2026\/04\/image-1-630x420.png 630w, https:\/\/sergiolapegue.com\/site\/wp-content\/uploads\/2026\/04\/image-1-696x464.png 696w, https:\/\/sergiolapegue.com\/site\/wp-content\/uploads\/2026\/04\/image-1-1068x712.png 1068w, https:\/\/sergiolapegue.com\/site\/wp-content\/uploads\/2026\/04\/image-1.png 1280w\" sizes=\"auto, (max-width: 1024px) 100vw, 1024px\" \/><\/figure>\n\n\n\n<p><strong>OLIVERA, EL BODEG\u00d3N&nbsp;<\/strong><\/p>\n\n\n\n<p>Ubicado en el barrio de Parque Avellaneda en una&nbsp; esquina con m\u00e1s de 80 a\u00f1os de existencia , el orgulloso cocinero del bodeg\u00f3n Leo D\u00edaz afirma que el bodeg\u00f3n,&nbsp; tiene la mejor tortilla del condado.<\/p>\n\n\n\n<p>La esquina que surgi\u00f3 como un cafet\u00edn de inmigrantes espa\u00f1oles. Hoy le rinde culto a la mejor cocina porte\u00f1a: genuina, generosa y a buen precio.<\/p>\n\n\n\n<p>El bodeg\u00f3n tiene 6 tipos de milanesas, la m\u00e1s reciente incorporaci\u00f3n es la Mila de ternera con \u00f1oquis, pero hay para todos los gustos , de Berenjena , napo, cl\u00e1sica, entre otras. TODAS SON PARA COMPARTIR Y VIENEN CON GUARNICI\u00d3N.<\/p>\n\n\n\n<p>\u00a0<strong>Olivera, el bodeg\u00f3n. <\/strong>Abre de mi\u00e9rcoles a domingo, de 12 del mediod\u00eda hasta la 1 de la ma\u00f1ana. Populacha abre sus puertas a las 19 horas, los s\u00e1bados el cierre se puede extender. Av. Olivera 901. Instagram: <a href=\"https:\/\/www.instagram.com\/olivera.ar\/\" type=\"link\" id=\"https:\/\/www.instagram.com\/olivera.ar\/\" target=\"_blank\" rel=\"noreferrer noopener\">@olivera.ar<\/a>\u00a0<\/p>\n\n\n\n<p>Receta MIlanesa a la Napolita de Pepito. Chef Daniel Coceres<\/p>\n\n\n\n<figure class=\"wp-block-image size-large\"><img loading=\"lazy\" decoding=\"async\" width=\"1024\" height=\"675\" src=\"https:\/\/sergiolapegue.com\/site\/wp-content\/uploads\/2026\/04\/image-2-1024x675.jpeg\" alt=\"\" class=\"wp-image-29934\" srcset=\"https:\/\/sergiolapegue.com\/site\/wp-content\/uploads\/2026\/04\/image-2-1024x675.jpeg 1024w, https:\/\/sergiolapegue.com\/site\/wp-content\/uploads\/2026\/04\/image-2-300x198.jpeg 300w, https:\/\/sergiolapegue.com\/site\/wp-content\/uploads\/2026\/04\/image-2-768x506.jpeg 768w, https:\/\/sergiolapegue.com\/site\/wp-content\/uploads\/2026\/04\/image-2-1536x1012.jpeg 1536w, https:\/\/sergiolapegue.com\/site\/wp-content\/uploads\/2026\/04\/image-2-638x420.jpeg 638w, https:\/\/sergiolapegue.com\/site\/wp-content\/uploads\/2026\/04\/image-2-696x458.jpeg 696w, https:\/\/sergiolapegue.com\/site\/wp-content\/uploads\/2026\/04\/image-2-1068x704.jpeg 1068w, https:\/\/sergiolapegue.com\/site\/wp-content\/uploads\/2026\/04\/image-2.jpeg 1600w\" sizes=\"auto, (max-width: 1024px) 100vw, 1024px\" \/><\/figure>\n\n\n\n<ul class=\"wp-block-list\">\n<li>Tiempo de cocci\u00f3n: 40 min<\/li>\n\n\n\n<li>Tiempo de preparaci\u00f3n: 30 min<\/li>\n\n\n\n<li>Porciones: 2<\/li>\n<\/ul>\n\n\n\n<h4 class=\"wp-block-heading\"><strong>Para las milanesas<\/strong><\/h4>\n\n\n\n<ul class=\"wp-block-list\">\n<li>Nalga feteada,1\u00a0<\/li>\n\n\n\n<li>Huevo, 2<\/li>\n\n\n\n<li>Perejil fresco, 1 cucharada<\/li>\n\n\n\n<li>Ajo, 1 diente<\/li>\n\n\n\n<li>Sal, gusto<\/li>\n\n\n\n<li>Pimienta, a gusto<\/li>\n\n\n\n<li>Aceite, c\/n para freir<\/li>\n\n\n\n<li>Pan rallado, 1 k<\/li>\n<\/ul>\n\n\n\n<h4 class=\"wp-block-heading\"><strong>Para la cobertura<\/strong><\/h4>\n\n\n\n<ul class=\"wp-block-list\">\n<li>Laurel fresco, 2 hojas<\/li>\n\n\n\n<li>Jam\u00f3n cocido, 150 g<\/li>\n\n\n\n<li>Queso muzzarella, 150 g<\/li>\n\n\n\n<li>Pur\u00e9 de tomate, 1 lata<\/li>\n\n\n\n<li>Cebolla, 1<\/li>\n\n\n\n<li>Ajo, 2 dientes<\/li>\n\n\n\n<li>Aceite, c\/n<\/li>\n\n\n\n<li>Sal, a gusto<\/li>\n<\/ul>\n\n\n\n<h3 class=\"wp-block-heading\"><strong>Preparaci\u00f3n<\/strong><\/h3>\n\n\n\n<ul class=\"wp-block-list\">\n<li>La proporci\u00f3n ideal, para preparar 8 milanesas consiste en mezclar en un bol 2 huevos batidos con una cucharada de perejil fresco picado, un diente de ajo picado, unas gotitas de lim\u00f3n para tiernizar la carne, sal y pimienta a gusto.<\/li>\n\n\n\n<li>Para que la carne se impregne mejor, introducirla en la marinada y dejarla descansar en la heladera durante por lo menos media hora.<\/li>\n\n\n\n<li>Durante 12 minutos en el horno a 180\u00b0, col\u00f3calas en una asadera humedecida con una pel\u00edcula de aceite mezcla o de girasol y darlas vuelta una vez para que se cocinen parejo.<\/li>\n\n\n\n<li>Calentar el aceite a 180\u00b0 para que las milanesas te salgan ni muy grasosas, ni tampoco quemadas. El secreto para saber si la temperatura es la correcta, tir\u00e1 un pedacito de pan en la sart\u00e9n, y si sube r\u00e1pido y se tuesta en 30 segundos, es se\u00f1al de que est\u00e1 listo. No necesit\u00e1s un litro de aceite mezcla o de girasol para fre\u00edr tus milanesas; con que la cantidad que uses sea del grosor de la milanesa (sin que la cubra) alcanza, siempre que las cocines vuelta y vuelta.<\/li>\n\n\n\n<li>Hacer la napolitana. Lo primero que vamos a hacer una vez que tengamos nuestras milanesas hechas (o compradas) es meterlas al horno 180\u00ba hasta que est\u00e9n bastante cocidas. Tambi\u00e9n las pueden fre\u00edr si as\u00ed lo desean. Procuren hacerlo con abundante aceite en la sart\u00e9n y tengan en cuenta que est\u00e9 bien caliente antes de meter las milanesas. Es m\u00e1s que nada para que \u00e9stas no absorban aceite de m\u00e1s. Una vez que las tenemos cocidas, las reservamos.<\/li>\n\n\n\n<li>Preparar la salsa de tomate. Picamos el ajo y la cebolla. Calentamos una olla con aceite, ponemos el ajo y la cebolla dentro y esperamos que la cebolla se transparente. Despu\u00e9s, agregamos el pur\u00e9 de tomate y las dos hojas de laurel, deje cocinar por alrededor de 20 minutos. Agregamos sal y pimienta a gusto.<\/li>\n\n\n\n<li>Armado de la milanesa. Vamos a colocar primero, por encima de nuestra milanesa, la salsa que acabamos de hacer. Luego, colocamos unas fetas de jam\u00f3n cocido Finalmente, por encima, ponemos nuestro queso. As\u00ed, las vamos a llevar al horno 180\u00ba hasta que se derrita el queso y chorree por los costados generando el efecto m\u00e1s hermoso y tentador del universo. Al sacarlas podemos tirar por encima unas pizcas de or\u00e9gano y \u00a1listo!<\/li>\n<\/ul>\n\n\n\n<p><strong>Si las milanesas te salieron secas hac\u00e9 milanesas a la napolitana.<\/strong> No te desesperes: con que les pongas por encima un par de cucharadas de salsa de tomate, unas fetas de queso fresco, jam\u00f3n y un pu\u00f1ado de or\u00e9gano, las llev\u00e1s un rato al horno hasta que el queso se derrita y las recuper\u00e1s transform\u00e1ndose unas exquisitas <strong>milanesas a la napolitana. <\/strong>Tambi\u00e9n te pueden salir espectaculares, y m\u00e1s livianas con esta receta desde cero. El que te da el secreto para hacer la <strong>milanesa napolitana<\/strong> es Daniel Coceres del cl\u00e1sico porte\u00f1o que cumpli\u00f3 74 a\u00f1os.<\/p>\n\n\n\n<h2 class=\"wp-block-heading\">Tips para cocinar las milanesas a la napolitana perfectas<\/h2>\n\n\n\n<ul class=\"wp-block-list\">\n<li>Entre cada una de las milanesas que cocines, sac\u00e1 los restos de pan rallado que queden en la sart\u00e9n, para evitar que se quemen y afecten el sabor de la milanesa napolitana.<\/li>\n\n\n\n<li>Serv\u00ed las milanesas a la napolitana junto con una guarnici\u00f3n de papas fritas.<\/li>\n<\/ul>\n","protected":false},"excerpt":{"rendered":"<p>El D\u00eda de la Milanesa se celebra el 3 de mayo y como bien se sabe, existen much\u00edsimas variantes a la hora de degustar este plato \u00fanico y elegido por millones de argentinos. La fecha no recuerda nada en particular, fue elegida de forma azarosa por sus fan\u00e1ticos a trav\u00e9s de una campa\u00f1a en redes [&hellip;]<\/p>\n","protected":false},"author":4,"featured_media":0,"comment_status":"closed","ping_status":"closed","sticky":false,"template":"","format":"standard","meta":{"footnotes":""},"categories":[3775],"tags":[1536,4187,2498,4277,4278,4276,4787,2377,4788],"class_list":{"0":"post-29932","1":"post","2":"type-post","3":"status-publish","4":"format-standard","6":"category-breuvage","7":"tag-almuerzo","8":"tag-bodegon","9":"tag-cena","10":"tag-frita","11":"tag-horno","12":"tag-milanesa","13":"tag-papas-fritas","14":"tag-plato","15":"tag-pure"},"yoast_head":"<!-- This site is optimized with the Yoast SEO plugin v27.5 - https:\/\/yoast.com\/product\/yoast-seo-wordpress\/ -->\n<title>3 de mayo \u201cD\u00eda de la Milanesa\u201d - Sergio Lapegue<\/title>\n<meta name=\"robots\" content=\"index, follow, max-snippet:-1, max-image-preview:large, max-video-preview:-1\" \/>\n<link rel=\"canonical\" href=\"https:\/\/sergiolapegue.com\/site\/2026\/04\/29\/3-de-mayo-dia-de-la-milanesa\/\" \/>\n<meta property=\"og:locale\" content=\"es_ES\" \/>\n<meta property=\"og:type\" content=\"article\" \/>\n<meta property=\"og:title\" content=\"3 de mayo \u201cD\u00eda de la Milanesa\u201d - Sergio Lapegue\" \/>\n<meta property=\"og:description\" content=\"El D\u00eda de la Milanesa se celebra el 3 de mayo y como bien se sabe, existen much\u00edsimas variantes a la hora de degustar este plato \u00fanico y elegido por millones de argentinos. La fecha no recuerda nada en particular, fue elegida de forma azarosa por sus fan\u00e1ticos a trav\u00e9s de una campa\u00f1a en redes [&hellip;]\" \/>\n<meta property=\"og:url\" content=\"https:\/\/sergiolapegue.com\/site\/2026\/04\/29\/3-de-mayo-dia-de-la-milanesa\/\" \/>\n<meta property=\"og:site_name\" content=\"Sergio Lapegue\" \/>\n<meta property=\"article:publisher\" content=\"https:\/\/facebook.com\/sergiolapegue\" \/>\n<meta property=\"article:published_time\" content=\"2026-04-29T12:09:00+00:00\" \/>\n<meta property=\"og:image\" content=\"https:\/\/sergiolapegue.com\/site\/wp-content\/uploads\/2026\/04\/image-1.jpeg\" \/>\n\t<meta property=\"og:image:width\" content=\"720\" \/>\n\t<meta property=\"og:image:height\" content=\"480\" \/>\n\t<meta property=\"og:image:type\" content=\"image\/jpeg\" \/>\n<meta name=\"author\" content=\"Leonardo Monta\u00f1a\" \/>\n<meta name=\"twitter:card\" content=\"summary_large_image\" \/>\n<meta name=\"twitter:creator\" content=\"@https:\/\/twitter.com\/soytoto81\" \/>\n<meta name=\"twitter:site\" content=\"@sergiolapegue\" \/>\n<meta name=\"twitter:label1\" content=\"Escrito por\" \/>\n\t<meta name=\"twitter:data1\" content=\"Leonardo Monta\u00f1a\" \/>\n\t<meta name=\"twitter:label2\" content=\"Tiempo de lectura\" \/>\n\t<meta name=\"twitter:data2\" content=\"6 minutos\" \/>\n<script type=\"application\/ld+json\" class=\"yoast-schema-graph\">{\"@context\":\"https:\\\/\\\/schema.org\",\"@graph\":[{\"@type\":\"Article\",\"@id\":\"https:\\\/\\\/sergiolapegue.com\\\/site\\\/2026\\\/04\\\/29\\\/3-de-mayo-dia-de-la-milanesa\\\/#article\",\"isPartOf\":{\"@id\":\"https:\\\/\\\/sergiolapegue.com\\\/site\\\/2026\\\/04\\\/29\\\/3-de-mayo-dia-de-la-milanesa\\\/\"},\"author\":{\"name\":\"Leonardo Monta\u00f1a\",\"@id\":\"https:\\\/\\\/sergiolapegue.com\\\/site\\\/#\\\/schema\\\/person\\\/00adf937d010c7f79a180dc4916a40e0\"},\"headline\":\"3 de mayo \u201cD\u00eda de la Milanesa\u201d\",\"datePublished\":\"2026-04-29T12:09:00+00:00\",\"mainEntityOfPage\":{\"@id\":\"https:\\\/\\\/sergiolapegue.com\\\/site\\\/2026\\\/04\\\/29\\\/3-de-mayo-dia-de-la-milanesa\\\/\"},\"wordCount\":1102,\"publisher\":{\"@id\":\"https:\\\/\\\/sergiolapegue.com\\\/site\\\/#\\\/schema\\\/person\\\/083aeceeb0734cd166779ea6c0551a37\"},\"image\":{\"@id\":\"https:\\\/\\\/sergiolapegue.com\\\/site\\\/2026\\\/04\\\/29\\\/3-de-mayo-dia-de-la-milanesa\\\/#primaryimage\"},\"thumbnailUrl\":\"https:\\\/\\\/sergiolapegue.com\\\/site\\\/wp-content\\\/uploads\\\/2026\\\/04\\\/image-1.jpeg\",\"keywords\":[\"almuerzo\",\"bodegon\",\"cena\",\"frita\",\"horno\",\"milanesa\",\"papas fritas\",\"plato\",\"pure\"],\"articleSection\":[\"Breuvage\"],\"inLanguage\":\"es-AR\"},{\"@type\":\"WebPage\",\"@id\":\"https:\\\/\\\/sergiolapegue.com\\\/site\\\/2026\\\/04\\\/29\\\/3-de-mayo-dia-de-la-milanesa\\\/\",\"url\":\"https:\\\/\\\/sergiolapegue.com\\\/site\\\/2026\\\/04\\\/29\\\/3-de-mayo-dia-de-la-milanesa\\\/\",\"name\":\"3 de mayo \u201cD\u00eda de la Milanesa\u201d - Sergio Lapegue\",\"isPartOf\":{\"@id\":\"https:\\\/\\\/sergiolapegue.com\\\/site\\\/#website\"},\"primaryImageOfPage\":{\"@id\":\"https:\\\/\\\/sergiolapegue.com\\\/site\\\/2026\\\/04\\\/29\\\/3-de-mayo-dia-de-la-milanesa\\\/#primaryimage\"},\"image\":{\"@id\":\"https:\\\/\\\/sergiolapegue.com\\\/site\\\/2026\\\/04\\\/29\\\/3-de-mayo-dia-de-la-milanesa\\\/#primaryimage\"},\"thumbnailUrl\":\"https:\\\/\\\/sergiolapegue.com\\\/site\\\/wp-content\\\/uploads\\\/2026\\\/04\\\/image-1.jpeg\",\"datePublished\":\"2026-04-29T12:09:00+00:00\",\"breadcrumb\":{\"@id\":\"https:\\\/\\\/sergiolapegue.com\\\/site\\\/2026\\\/04\\\/29\\\/3-de-mayo-dia-de-la-milanesa\\\/#breadcrumb\"},\"inLanguage\":\"es-AR\",\"potentialAction\":[{\"@type\":\"ReadAction\",\"target\":[\"https:\\\/\\\/sergiolapegue.com\\\/site\\\/2026\\\/04\\\/29\\\/3-de-mayo-dia-de-la-milanesa\\\/\"]}]},{\"@type\":\"ImageObject\",\"inLanguage\":\"es-AR\",\"@id\":\"https:\\\/\\\/sergiolapegue.com\\\/site\\\/2026\\\/04\\\/29\\\/3-de-mayo-dia-de-la-milanesa\\\/#primaryimage\",\"url\":\"https:\\\/\\\/sergiolapegue.com\\\/site\\\/wp-content\\\/uploads\\\/2026\\\/04\\\/image-1.jpeg\",\"contentUrl\":\"https:\\\/\\\/sergiolapegue.com\\\/site\\\/wp-content\\\/uploads\\\/2026\\\/04\\\/image-1.jpeg\",\"width\":720,\"height\":480},{\"@type\":\"BreadcrumbList\",\"@id\":\"https:\\\/\\\/sergiolapegue.com\\\/site\\\/2026\\\/04\\\/29\\\/3-de-mayo-dia-de-la-milanesa\\\/#breadcrumb\",\"itemListElement\":[{\"@type\":\"ListItem\",\"position\":1,\"name\":\"Inicio\",\"item\":\"https:\\\/\\\/sergiolapegue.com\\\/site\\\/\"},{\"@type\":\"ListItem\",\"position\":2,\"name\":\"3 de mayo \u201cD\u00eda de la Milanesa\u201d\"}]},{\"@type\":\"WebSite\",\"@id\":\"https:\\\/\\\/sergiolapegue.com\\\/site\\\/#website\",\"url\":\"https:\\\/\\\/sergiolapegue.com\\\/site\\\/\",\"name\":\"Sergio Lapegue\",\"description\":\"Periodista\",\"publisher\":{\"@id\":\"https:\\\/\\\/sergiolapegue.com\\\/site\\\/#\\\/schema\\\/person\\\/083aeceeb0734cd166779ea6c0551a37\"},\"potentialAction\":[{\"@type\":\"SearchAction\",\"target\":{\"@type\":\"EntryPoint\",\"urlTemplate\":\"https:\\\/\\\/sergiolapegue.com\\\/site\\\/?s={search_term_string}\"},\"query-input\":{\"@type\":\"PropertyValueSpecification\",\"valueRequired\":true,\"valueName\":\"search_term_string\"}}],\"inLanguage\":\"es-AR\"},{\"@type\":[\"Person\",\"Organization\"],\"@id\":\"https:\\\/\\\/sergiolapegue.com\\\/site\\\/#\\\/schema\\\/person\\\/083aeceeb0734cd166779ea6c0551a37\",\"name\":\"Sergio Lapegue\",\"image\":{\"@type\":\"ImageObject\",\"inLanguage\":\"es-AR\",\"@id\":\"https:\\\/\\\/sergiolapegue.com\\\/site\\\/wp-content\\\/uploads\\\/2021\\\/04\\\/logo_header-1.png\",\"url\":\"https:\\\/\\\/sergiolapegue.com\\\/site\\\/wp-content\\\/uploads\\\/2021\\\/04\\\/logo_header-1.png\",\"contentUrl\":\"https:\\\/\\\/sergiolapegue.com\\\/site\\\/wp-content\\\/uploads\\\/2021\\\/04\\\/logo_header-1.png\",\"width\":272,\"height\":90,\"caption\":\"Sergio Lapegue\"},\"logo\":{\"@id\":\"https:\\\/\\\/sergiolapegue.com\\\/site\\\/wp-content\\\/uploads\\\/2021\\\/04\\\/logo_header-1.png\"},\"sameAs\":[\"https:\\\/\\\/facebook.com\\\/sergiolapegue\",\"https:\\\/\\\/instagram.com\\\/sergiolapegue\",\"https:\\\/\\\/x.com\\\/https:\\\/\\\/twitter.com\\\/sergiolapegue\"]},{\"@type\":\"Person\",\"@id\":\"https:\\\/\\\/sergiolapegue.com\\\/site\\\/#\\\/schema\\\/person\\\/00adf937d010c7f79a180dc4916a40e0\",\"name\":\"Leonardo Monta\u00f1a\",\"image\":{\"@type\":\"ImageObject\",\"inLanguage\":\"es-AR\",\"@id\":\"https:\\\/\\\/sergiolapegue.com\\\/site\\\/wp-content\\\/uploads\\\/2021\\\/04\\\/sl_avatar_Leonardo-150x150.jpg\",\"url\":\"https:\\\/\\\/sergiolapegue.com\\\/site\\\/wp-content\\\/uploads\\\/2021\\\/04\\\/sl_avatar_Leonardo-150x150.jpg\",\"contentUrl\":\"https:\\\/\\\/sergiolapegue.com\\\/site\\\/wp-content\\\/uploads\\\/2021\\\/04\\\/sl_avatar_Leonardo-150x150.jpg\",\"caption\":\"Leonardo Monta\u00f1a\"},\"sameAs\":[\"https:\\\/\\\/x.com\\\/https:\\\/\\\/twitter.com\\\/soytoto81\"],\"url\":\"https:\\\/\\\/sergiolapegue.com\\\/site\\\/author\\\/leonardo\\\/\"}]}<\/script>\n<!-- \/ Yoast SEO plugin. -->","yoast_head_json":{"title":"3 de mayo \u201cD\u00eda de la Milanesa\u201d - Sergio Lapegue","robots":{"index":"index","follow":"follow","max-snippet":"max-snippet:-1","max-image-preview":"max-image-preview:large","max-video-preview":"max-video-preview:-1"},"canonical":"https:\/\/sergiolapegue.com\/site\/2026\/04\/29\/3-de-mayo-dia-de-la-milanesa\/","og_locale":"es_ES","og_type":"article","og_title":"3 de mayo \u201cD\u00eda de la Milanesa\u201d - Sergio Lapegue","og_description":"El D\u00eda de la Milanesa se celebra el 3 de mayo y como bien se sabe, existen much\u00edsimas variantes a la hora de degustar este plato \u00fanico y elegido por millones de argentinos. La fecha no recuerda nada en particular, fue elegida de forma azarosa por sus fan\u00e1ticos a trav\u00e9s de una campa\u00f1a en redes [&hellip;]","og_url":"https:\/\/sergiolapegue.com\/site\/2026\/04\/29\/3-de-mayo-dia-de-la-milanesa\/","og_site_name":"Sergio Lapegue","article_publisher":"https:\/\/facebook.com\/sergiolapegue","article_published_time":"2026-04-29T12:09:00+00:00","og_image":[{"width":720,"height":480,"url":"https:\/\/sergiolapegue.com\/site\/wp-content\/uploads\/2026\/04\/image-1.jpeg","type":"image\/jpeg"}],"author":"Leonardo Monta\u00f1a","twitter_card":"summary_large_image","twitter_creator":"@https:\/\/twitter.com\/soytoto81","twitter_site":"@sergiolapegue","twitter_misc":{"Escrito por":"Leonardo Monta\u00f1a","Tiempo de lectura":"6 minutos"},"schema":{"@context":"https:\/\/schema.org","@graph":[{"@type":"Article","@id":"https:\/\/sergiolapegue.com\/site\/2026\/04\/29\/3-de-mayo-dia-de-la-milanesa\/#article","isPartOf":{"@id":"https:\/\/sergiolapegue.com\/site\/2026\/04\/29\/3-de-mayo-dia-de-la-milanesa\/"},"author":{"name":"Leonardo Monta\u00f1a","@id":"https:\/\/sergiolapegue.com\/site\/#\/schema\/person\/00adf937d010c7f79a180dc4916a40e0"},"headline":"3 de mayo \u201cD\u00eda de la Milanesa\u201d","datePublished":"2026-04-29T12:09:00+00:00","mainEntityOfPage":{"@id":"https:\/\/sergiolapegue.com\/site\/2026\/04\/29\/3-de-mayo-dia-de-la-milanesa\/"},"wordCount":1102,"publisher":{"@id":"https:\/\/sergiolapegue.com\/site\/#\/schema\/person\/083aeceeb0734cd166779ea6c0551a37"},"image":{"@id":"https:\/\/sergiolapegue.com\/site\/2026\/04\/29\/3-de-mayo-dia-de-la-milanesa\/#primaryimage"},"thumbnailUrl":"https:\/\/sergiolapegue.com\/site\/wp-content\/uploads\/2026\/04\/image-1.jpeg","keywords":["almuerzo","bodegon","cena","frita","horno","milanesa","papas fritas","plato","pure"],"articleSection":["Breuvage"],"inLanguage":"es-AR"},{"@type":"WebPage","@id":"https:\/\/sergiolapegue.com\/site\/2026\/04\/29\/3-de-mayo-dia-de-la-milanesa\/","url":"https:\/\/sergiolapegue.com\/site\/2026\/04\/29\/3-de-mayo-dia-de-la-milanesa\/","name":"3 de mayo \u201cD\u00eda de la Milanesa\u201d - Sergio Lapegue","isPartOf":{"@id":"https:\/\/sergiolapegue.com\/site\/#website"},"primaryImageOfPage":{"@id":"https:\/\/sergiolapegue.com\/site\/2026\/04\/29\/3-de-mayo-dia-de-la-milanesa\/#primaryimage"},"image":{"@id":"https:\/\/sergiolapegue.com\/site\/2026\/04\/29\/3-de-mayo-dia-de-la-milanesa\/#primaryimage"},"thumbnailUrl":"https:\/\/sergiolapegue.com\/site\/wp-content\/uploads\/2026\/04\/image-1.jpeg","datePublished":"2026-04-29T12:09:00+00:00","breadcrumb":{"@id":"https:\/\/sergiolapegue.com\/site\/2026\/04\/29\/3-de-mayo-dia-de-la-milanesa\/#breadcrumb"},"inLanguage":"es-AR","potentialAction":[{"@type":"ReadAction","target":["https:\/\/sergiolapegue.com\/site\/2026\/04\/29\/3-de-mayo-dia-de-la-milanesa\/"]}]},{"@type":"ImageObject","inLanguage":"es-AR","@id":"https:\/\/sergiolapegue.com\/site\/2026\/04\/29\/3-de-mayo-dia-de-la-milanesa\/#primaryimage","url":"https:\/\/sergiolapegue.com\/site\/wp-content\/uploads\/2026\/04\/image-1.jpeg","contentUrl":"https:\/\/sergiolapegue.com\/site\/wp-content\/uploads\/2026\/04\/image-1.jpeg","width":720,"height":480},{"@type":"BreadcrumbList","@id":"https:\/\/sergiolapegue.com\/site\/2026\/04\/29\/3-de-mayo-dia-de-la-milanesa\/#breadcrumb","itemListElement":[{"@type":"ListItem","position":1,"name":"Inicio","item":"https:\/\/sergiolapegue.com\/site\/"},{"@type":"ListItem","position":2,"name":"3 de mayo \u201cD\u00eda de la Milanesa\u201d"}]},{"@type":"WebSite","@id":"https:\/\/sergiolapegue.com\/site\/#website","url":"https:\/\/sergiolapegue.com\/site\/","name":"Sergio Lapegue","description":"Periodista","publisher":{"@id":"https:\/\/sergiolapegue.com\/site\/#\/schema\/person\/083aeceeb0734cd166779ea6c0551a37"},"potentialAction":[{"@type":"SearchAction","target":{"@type":"EntryPoint","urlTemplate":"https:\/\/sergiolapegue.com\/site\/?s={search_term_string}"},"query-input":{"@type":"PropertyValueSpecification","valueRequired":true,"valueName":"search_term_string"}}],"inLanguage":"es-AR"},{"@type":["Person","Organization"],"@id":"https:\/\/sergiolapegue.com\/site\/#\/schema\/person\/083aeceeb0734cd166779ea6c0551a37","name":"Sergio Lapegue","image":{"@type":"ImageObject","inLanguage":"es-AR","@id":"https:\/\/sergiolapegue.com\/site\/wp-content\/uploads\/2021\/04\/logo_header-1.png","url":"https:\/\/sergiolapegue.com\/site\/wp-content\/uploads\/2021\/04\/logo_header-1.png","contentUrl":"https:\/\/sergiolapegue.com\/site\/wp-content\/uploads\/2021\/04\/logo_header-1.png","width":272,"height":90,"caption":"Sergio Lapegue"},"logo":{"@id":"https:\/\/sergiolapegue.com\/site\/wp-content\/uploads\/2021\/04\/logo_header-1.png"},"sameAs":["https:\/\/facebook.com\/sergiolapegue","https:\/\/instagram.com\/sergiolapegue","https:\/\/x.com\/https:\/\/twitter.com\/sergiolapegue"]},{"@type":"Person","@id":"https:\/\/sergiolapegue.com\/site\/#\/schema\/person\/00adf937d010c7f79a180dc4916a40e0","name":"Leonardo Monta\u00f1a","image":{"@type":"ImageObject","inLanguage":"es-AR","@id":"https:\/\/sergiolapegue.com\/site\/wp-content\/uploads\/2021\/04\/sl_avatar_Leonardo-150x150.jpg","url":"https:\/\/sergiolapegue.com\/site\/wp-content\/uploads\/2021\/04\/sl_avatar_Leonardo-150x150.jpg","contentUrl":"https:\/\/sergiolapegue.com\/site\/wp-content\/uploads\/2021\/04\/sl_avatar_Leonardo-150x150.jpg","caption":"Leonardo Monta\u00f1a"},"sameAs":["https:\/\/x.com\/https:\/\/twitter.com\/soytoto81"],"url":"https:\/\/sergiolapegue.com\/site\/author\/leonardo\/"}]}},"_links":{"self":[{"href":"https:\/\/sergiolapegue.com\/site\/wp-json\/wp\/v2\/posts\/29932","targetHints":{"allow":["GET"]}}],"collection":[{"href":"https:\/\/sergiolapegue.com\/site\/wp-json\/wp\/v2\/posts"}],"about":[{"href":"https:\/\/sergiolapegue.com\/site\/wp-json\/wp\/v2\/types\/post"}],"author":[{"embeddable":true,"href":"https:\/\/sergiolapegue.com\/site\/wp-json\/wp\/v2\/users\/4"}],"replies":[{"embeddable":true,"href":"https:\/\/sergiolapegue.com\/site\/wp-json\/wp\/v2\/comments?post=29932"}],"version-history":[{"count":1,"href":"https:\/\/sergiolapegue.com\/site\/wp-json\/wp\/v2\/posts\/29932\/revisions"}],"predecessor-version":[{"id":29937,"href":"https:\/\/sergiolapegue.com\/site\/wp-json\/wp\/v2\/posts\/29932\/revisions\/29937"}],"wp:attachment":[{"href":"https:\/\/sergiolapegue.com\/site\/wp-json\/wp\/v2\/media?parent=29932"}],"wp:term":[{"taxonomy":"category","embeddable":true,"href":"https:\/\/sergiolapegue.com\/site\/wp-json\/wp\/v2\/categories?post=29932"},{"taxonomy":"post_tag","embeddable":true,"href":"https:\/\/sergiolapegue.com\/site\/wp-json\/wp\/v2\/tags?post=29932"}],"curies":[{"name":"wp","href":"https:\/\/api.w.org\/{rel}","templated":true}]}}