{"id":29926,"date":"2026-04-28T09:00:00","date_gmt":"2026-04-28T12:00:00","guid":{"rendered":"https:\/\/sergiolapegue.com\/site\/?p=29926"},"modified":"2026-04-28T00:40:09","modified_gmt":"2026-04-28T03:40:09","slug":"el-bien-mayor-un-musical-de-pablo-flores-torres","status":"publish","type":"post","link":"https:\/\/sergiolapegue.com\/site\/2026\/04\/28\/el-bien-mayor-un-musical-de-pablo-flores-torres\/","title":{"rendered":"\u201cEL BIEN MAYOR\u201d \u2013 UN MUSICAL DE PABLO FLORES TORRES"},"content":{"rendered":"\n<p>\u201cEl Bien Mayor\u201d&nbsp;llega al&nbsp;Teatro Regina&nbsp;en formato concierto con una propuesta musical intensa que combina emoci\u00f3n, narrativa y una mirada contempor\u00e1nea sobre los grandes dilemas humanos. Con&nbsp;autor\u00eda y direcci\u00f3n general de Pablo Flores Torres, la obra se presentar\u00e1 en funciones especiales&nbsp;el martes 5 de mayo a las 20:30 hs y los s\u00e1bados 9 y 23 de mayo a las 23:00 hs.&nbsp;Las entradas ya se pueden conseguir a trav\u00e9s de Entrada Uno.<\/p>\n\n\n\n<p>La historia explora la juventud de Albus, sus v\u00ednculos m\u00e1s profundos y las decisiones que marcar\u00e1n su destino. A trav\u00e9s de una partitura original y una dramaturgia cargada de tensi\u00f3n, la obra propone un recorrido que pone en juego temas como el poder, el amor y los l\u00edmites de aquello que creemos correcto, invitando al espectador a reflexionar sobre las consecuencias de nuestras elecciones.<\/p>\n\n\n\n<p>Tras su paso por ciudades como Barcelona y Lima,&nbsp;esta producci\u00f3n de autor\u00eda argentina se presenta en Buenos Aires en una versi\u00f3n donde la m\u00fasica y la interpretaci\u00f3n ocupan el centro de la escena, construyendo una experiencia \u00edntima y potente que conecta con el p\u00fablico desde lo emocional.<\/p>\n\n\n\n<p>El espect\u00e1culo cuenta con un elenco protag\u00f3nico integrado por&nbsp;Leandro R\u00edos, Sebasti\u00e1n Pozzi, Oriana Arce Montoiro, Pablo Ortiz, Marian V\u00e1zquez, Juanqui Fortuny, Alejo Mirayaga, Benjam\u00edn Nicoscia, Patricia Peries, Camila Calder\u00f3n, Sofi Jazm\u00edn y Mart\u00edn Maldonado, quienes dan vida a este universo con una impronta contempor\u00e1nea y expresiva; adem\u00e1s los acompa\u00f1a un coro de m\u00e1s de 50 artistas en escena.<\/p>\n\n\n\n<p>El equipo creativo se completa con coaching vocal de&nbsp;Florencia Grasso,&nbsp;producci\u00f3n ejecutiva y t\u00e9cnica de&nbsp;Lele Montero&nbsp;y&nbsp;Silvina Parodi,&nbsp;dise\u00f1o y realizaci\u00f3n de vestuario a cargo de&nbsp;Cecilia G\u00f3mez&nbsp;y dise\u00f1o gr\u00e1fico de&nbsp;Valentina Sproviero, consolidando una propuesta esc\u00e9nica que articula m\u00fasica, actuaci\u00f3n y est\u00e9tica en un mismo lenguaje.<\/p>\n\n\n\n<p><strong>FICHA T\u00c9CNICO ART\u00cdSTICA<\/strong><\/p>\n\n\n\n<p><strong>Autor\u00eda:&nbsp;<\/strong>Pablo Flores&nbsp;Torres&nbsp;<\/p>\n\n\n\n<p><strong>Elenco protag\u00f3nico:<\/strong>&nbsp;Leandro Rios &#8211; Sebasti\u00e1n Pozzi &#8211; Oriana Arce Montoiro &#8211; Pablo Ortiz &#8211; Marian V\u00e1zquez &#8211; Juanqui Fortuny &#8211; Alejo Mirayaga &#8211; Benjam\u00edn Nicoscia &#8211; Patricia Peries &#8211; Camila Calderon &#8211; Sofi Jazmin &#8211; Martin Maldonado<\/p>\n\n\n\n<p><strong>Dise\u00f1o Vestuario:&nbsp;<\/strong>Cecilia G\u00f3mez<\/p>\n\n\n\n<p><strong>Realizaci\u00f3n de Vestuario:&nbsp;<\/strong>Cecilia G\u00f3mez<\/p>\n\n\n\n<p><strong>Coach Vocal:&nbsp;<\/strong>Florencia Grasso<\/p>\n\n\n\n<p><strong>Dise\u00f1o Gr\u00e1fico:&nbsp;<\/strong>Valentina Sproviero<\/p>\n\n\n\n<p><strong>Prensa:&nbsp;<\/strong>Kevin Melgar<\/p>\n\n\n\n<p><strong>Producci\u00f3n T\u00e9cnica:&nbsp;<\/strong>Lele Montero &#8211; Silvina Parodi<\/p>\n\n\n\n<p><strong>Producci\u00f3n Ejecutiva:&nbsp;<\/strong>Lele Montero &#8211; Silvina Parodi<\/p>\n\n\n\n<p><strong>Direcci\u00f3n General:&nbsp;<\/strong>Pablo Flores&nbsp;Torres&nbsp;<\/p>\n\n\n\n<p><strong>TEATRO&nbsp;REGINA<\/strong><\/p>\n\n\n\n<p>Av. Sant Fe&nbsp;1235 \u2013 Capital Federal \u2013 Buenos Aires \u2013 Argentina<\/p>\n\n\n\n<p>Tel\u00e9fono: 11 15 2 510 1124<\/p>\n\n\n\n<p>Entradas: En boleter\u00eda del teatro o a trav\u00e9s de Entrada Uno<\/p>\n\n\n\n<p>Funciones: Martes 05 de Mayo \u2013 20:30 horas<\/p>\n\n\n\n<p>\u00a0\u00a0\u00a0\u00a0\u00a0\u00a0\u00a0\u00a0\u00a0\u00a0\u00a0\u00a0\u00a0 \u00a0\u00a0 S\u00e1bados 09 y 23 de Mayo \u2013 23:00 horas<\/p>\n\n\n\n<p>Gracias Kevin Melgar Prensa por hacernos llegar la gacetilla de prensa del estreno de este espect\u00e1culo.<\/p>\n\n\n\n<p><\/p>\n","protected":false},"excerpt":{"rendered":"<p>\u201cEl Bien Mayor\u201d&nbsp;llega al&nbsp;Teatro Regina&nbsp;en formato concierto con una propuesta musical intensa que combina emoci\u00f3n, narrativa y una mirada contempor\u00e1nea sobre los grandes dilemas humanos. Con&nbsp;autor\u00eda y direcci\u00f3n general de Pablo Flores Torres, la obra se presentar\u00e1 en funciones especiales&nbsp;el martes 5 de mayo a las 20:30 hs y los s\u00e1bados 9 y 23 de [&hellip;]<\/p>\n","protected":false},"author":3,"featured_media":29927,"comment_status":"open","ping_status":"closed","sticky":false,"template":"","format":"standard","meta":{"footnotes":""},"categories":[34,35],"tags":[],"class_list":{"0":"post-29926","1":"post","2":"type-post","3":"status-publish","4":"format-standard","5":"has-post-thumbnail","7":"category-arte","8":"category-teatro"},"yoast_head":"<!-- This site is optimized with the Yoast SEO plugin v27.4 - https:\/\/yoast.com\/product\/yoast-seo-wordpress\/ -->\n<title>\u201cEL BIEN MAYOR\u201d \u2013 UN MUSICAL DE PABLO FLORES TORRES - Sergio Lapegue<\/title>\n<meta name=\"robots\" content=\"index, follow, max-snippet:-1, max-image-preview:large, max-video-preview:-1\" \/>\n<link rel=\"canonical\" href=\"https:\/\/sergiolapegue.com\/site\/2026\/04\/28\/el-bien-mayor-un-musical-de-pablo-flores-torres\/\" \/>\n<meta property=\"og:locale\" content=\"es_ES\" \/>\n<meta property=\"og:type\" content=\"article\" \/>\n<meta property=\"og:title\" content=\"\u201cEL BIEN MAYOR\u201d \u2013 UN MUSICAL DE PABLO FLORES TORRES - Sergio Lapegue\" \/>\n<meta property=\"og:description\" content=\"\u201cEl Bien Mayor\u201d&nbsp;llega al&nbsp;Teatro Regina&nbsp;en formato concierto con una propuesta musical intensa que combina emoci\u00f3n, narrativa y una mirada contempor\u00e1nea sobre los grandes dilemas humanos. Con&nbsp;autor\u00eda y direcci\u00f3n general de Pablo Flores Torres, la obra se presentar\u00e1 en funciones especiales&nbsp;el martes 5 de mayo a las 20:30 hs y los s\u00e1bados 9 y 23 de [&hellip;]\" \/>\n<meta property=\"og:url\" content=\"https:\/\/sergiolapegue.com\/site\/2026\/04\/28\/el-bien-mayor-un-musical-de-pablo-flores-torres\/\" \/>\n<meta property=\"og:site_name\" content=\"Sergio Lapegue\" \/>\n<meta property=\"article:publisher\" content=\"https:\/\/facebook.com\/sergiolapegue\" \/>\n<meta property=\"article:author\" content=\"https:\/\/facebook.com\/danielernesto.montana\" \/>\n<meta property=\"article:published_time\" content=\"2026-04-28T12:00:00+00:00\" \/>\n<meta property=\"og:image\" content=\"https:\/\/sergiolapegue.com\/site\/wp-content\/uploads\/2026\/04\/El-bien-mayor.jpg\" \/>\n\t<meta property=\"og:image:width\" content=\"1000\" \/>\n\t<meta property=\"og:image:height\" content=\"1250\" \/>\n\t<meta property=\"og:image:type\" content=\"image\/jpeg\" \/>\n<meta name=\"author\" content=\"Daniel E. Monta\u00f1a\" \/>\n<meta name=\"twitter:card\" content=\"summary_large_image\" \/>\n<meta name=\"twitter:creator\" content=\"@https:\/\/twitter.com\/daner_004\" \/>\n<meta name=\"twitter:site\" content=\"@sergiolapegue\" \/>\n<meta name=\"twitter:label1\" content=\"Escrito por\" \/>\n\t<meta name=\"twitter:data1\" content=\"Daniel E. Monta\u00f1a\" \/>\n\t<meta name=\"twitter:label2\" content=\"Tiempo de lectura\" \/>\n\t<meta name=\"twitter:data2\" content=\"3 minutos\" \/>\n<script type=\"application\/ld+json\" class=\"yoast-schema-graph\">{\"@context\":\"https:\\\/\\\/schema.org\",\"@graph\":[{\"@type\":\"Article\",\"@id\":\"https:\\\/\\\/sergiolapegue.com\\\/site\\\/2026\\\/04\\\/28\\\/el-bien-mayor-un-musical-de-pablo-flores-torres\\\/#article\",\"isPartOf\":{\"@id\":\"https:\\\/\\\/sergiolapegue.com\\\/site\\\/2026\\\/04\\\/28\\\/el-bien-mayor-un-musical-de-pablo-flores-torres\\\/\"},\"author\":{\"name\":\"Daniel E. Monta\u00f1a\",\"@id\":\"https:\\\/\\\/sergiolapegue.com\\\/site\\\/#\\\/schema\\\/person\\\/9198e7dbab43c6d74d0fd5399af7c3cd\"},\"headline\":\"\u201cEL BIEN MAYOR\u201d \u2013 UN MUSICAL DE PABLO FLORES TORRES\",\"datePublished\":\"2026-04-28T12:00:00+00:00\",\"mainEntityOfPage\":{\"@id\":\"https:\\\/\\\/sergiolapegue.com\\\/site\\\/2026\\\/04\\\/28\\\/el-bien-mayor-un-musical-de-pablo-flores-torres\\\/\"},\"wordCount\":530,\"commentCount\":0,\"publisher\":{\"@id\":\"https:\\\/\\\/sergiolapegue.com\\\/site\\\/#\\\/schema\\\/person\\\/083aeceeb0734cd166779ea6c0551a37\"},\"image\":{\"@id\":\"https:\\\/\\\/sergiolapegue.com\\\/site\\\/2026\\\/04\\\/28\\\/el-bien-mayor-un-musical-de-pablo-flores-torres\\\/#primaryimage\"},\"thumbnailUrl\":\"https:\\\/\\\/sergiolapegue.com\\\/site\\\/wp-content\\\/uploads\\\/2026\\\/04\\\/El-bien-mayor.jpg\",\"articleSection\":[\"Arte\",\"Teatro\"],\"inLanguage\":\"es-AR\",\"potentialAction\":[{\"@type\":\"CommentAction\",\"name\":\"Comment\",\"target\":[\"https:\\\/\\\/sergiolapegue.com\\\/site\\\/2026\\\/04\\\/28\\\/el-bien-mayor-un-musical-de-pablo-flores-torres\\\/#respond\"]}]},{\"@type\":\"WebPage\",\"@id\":\"https:\\\/\\\/sergiolapegue.com\\\/site\\\/2026\\\/04\\\/28\\\/el-bien-mayor-un-musical-de-pablo-flores-torres\\\/\",\"url\":\"https:\\\/\\\/sergiolapegue.com\\\/site\\\/2026\\\/04\\\/28\\\/el-bien-mayor-un-musical-de-pablo-flores-torres\\\/\",\"name\":\"\u201cEL BIEN MAYOR\u201d \u2013 UN MUSICAL DE PABLO FLORES TORRES - Sergio Lapegue\",\"isPartOf\":{\"@id\":\"https:\\\/\\\/sergiolapegue.com\\\/site\\\/#website\"},\"primaryImageOfPage\":{\"@id\":\"https:\\\/\\\/sergiolapegue.com\\\/site\\\/2026\\\/04\\\/28\\\/el-bien-mayor-un-musical-de-pablo-flores-torres\\\/#primaryimage\"},\"image\":{\"@id\":\"https:\\\/\\\/sergiolapegue.com\\\/site\\\/2026\\\/04\\\/28\\\/el-bien-mayor-un-musical-de-pablo-flores-torres\\\/#primaryimage\"},\"thumbnailUrl\":\"https:\\\/\\\/sergiolapegue.com\\\/site\\\/wp-content\\\/uploads\\\/2026\\\/04\\\/El-bien-mayor.jpg\",\"datePublished\":\"2026-04-28T12:00:00+00:00\",\"breadcrumb\":{\"@id\":\"https:\\\/\\\/sergiolapegue.com\\\/site\\\/2026\\\/04\\\/28\\\/el-bien-mayor-un-musical-de-pablo-flores-torres\\\/#breadcrumb\"},\"inLanguage\":\"es-AR\",\"potentialAction\":[{\"@type\":\"ReadAction\",\"target\":[\"https:\\\/\\\/sergiolapegue.com\\\/site\\\/2026\\\/04\\\/28\\\/el-bien-mayor-un-musical-de-pablo-flores-torres\\\/\"]}]},{\"@type\":\"ImageObject\",\"inLanguage\":\"es-AR\",\"@id\":\"https:\\\/\\\/sergiolapegue.com\\\/site\\\/2026\\\/04\\\/28\\\/el-bien-mayor-un-musical-de-pablo-flores-torres\\\/#primaryimage\",\"url\":\"https:\\\/\\\/sergiolapegue.com\\\/site\\\/wp-content\\\/uploads\\\/2026\\\/04\\\/El-bien-mayor.jpg\",\"contentUrl\":\"https:\\\/\\\/sergiolapegue.com\\\/site\\\/wp-content\\\/uploads\\\/2026\\\/04\\\/El-bien-mayor.jpg\",\"width\":1000,\"height\":1250},{\"@type\":\"BreadcrumbList\",\"@id\":\"https:\\\/\\\/sergiolapegue.com\\\/site\\\/2026\\\/04\\\/28\\\/el-bien-mayor-un-musical-de-pablo-flores-torres\\\/#breadcrumb\",\"itemListElement\":[{\"@type\":\"ListItem\",\"position\":1,\"name\":\"Inicio\",\"item\":\"https:\\\/\\\/sergiolapegue.com\\\/site\\\/\"},{\"@type\":\"ListItem\",\"position\":2,\"name\":\"\u201cEL BIEN MAYOR\u201d \u2013 UN MUSICAL DE PABLO FLORES TORRES\"}]},{\"@type\":\"WebSite\",\"@id\":\"https:\\\/\\\/sergiolapegue.com\\\/site\\\/#website\",\"url\":\"https:\\\/\\\/sergiolapegue.com\\\/site\\\/\",\"name\":\"Sergio Lapegue\",\"description\":\"Periodista\",\"publisher\":{\"@id\":\"https:\\\/\\\/sergiolapegue.com\\\/site\\\/#\\\/schema\\\/person\\\/083aeceeb0734cd166779ea6c0551a37\"},\"potentialAction\":[{\"@type\":\"SearchAction\",\"target\":{\"@type\":\"EntryPoint\",\"urlTemplate\":\"https:\\\/\\\/sergiolapegue.com\\\/site\\\/?s={search_term_string}\"},\"query-input\":{\"@type\":\"PropertyValueSpecification\",\"valueRequired\":true,\"valueName\":\"search_term_string\"}}],\"inLanguage\":\"es-AR\"},{\"@type\":[\"Person\",\"Organization\"],\"@id\":\"https:\\\/\\\/sergiolapegue.com\\\/site\\\/#\\\/schema\\\/person\\\/083aeceeb0734cd166779ea6c0551a37\",\"name\":\"Sergio Lapegue\",\"image\":{\"@type\":\"ImageObject\",\"inLanguage\":\"es-AR\",\"@id\":\"https:\\\/\\\/sergiolapegue.com\\\/site\\\/wp-content\\\/uploads\\\/2021\\\/04\\\/logo_header-1.png\",\"url\":\"https:\\\/\\\/sergiolapegue.com\\\/site\\\/wp-content\\\/uploads\\\/2021\\\/04\\\/logo_header-1.png\",\"contentUrl\":\"https:\\\/\\\/sergiolapegue.com\\\/site\\\/wp-content\\\/uploads\\\/2021\\\/04\\\/logo_header-1.png\",\"width\":272,\"height\":90,\"caption\":\"Sergio Lapegue\"},\"logo\":{\"@id\":\"https:\\\/\\\/sergiolapegue.com\\\/site\\\/wp-content\\\/uploads\\\/2021\\\/04\\\/logo_header-1.png\"},\"sameAs\":[\"https:\\\/\\\/facebook.com\\\/sergiolapegue\",\"https:\\\/\\\/instagram.com\\\/sergiolapegue\",\"https:\\\/\\\/x.com\\\/https:\\\/\\\/twitter.com\\\/sergiolapegue\"]},{\"@type\":\"Person\",\"@id\":\"https:\\\/\\\/sergiolapegue.com\\\/site\\\/#\\\/schema\\\/person\\\/9198e7dbab43c6d74d0fd5399af7c3cd\",\"name\":\"Daniel E. Monta\u00f1a\",\"image\":{\"@type\":\"ImageObject\",\"inLanguage\":\"es-AR\",\"@id\":\"https:\\\/\\\/sergiolapegue.com\\\/site\\\/wp-content\\\/uploads\\\/2021\\\/04\\\/sl_avatar_Daniel-150x150.jpg\",\"url\":\"https:\\\/\\\/sergiolapegue.com\\\/site\\\/wp-content\\\/uploads\\\/2021\\\/04\\\/sl_avatar_Daniel-150x150.jpg\",\"contentUrl\":\"https:\\\/\\\/sergiolapegue.com\\\/site\\\/wp-content\\\/uploads\\\/2021\\\/04\\\/sl_avatar_Daniel-150x150.jpg\",\"caption\":\"Daniel E. Monta\u00f1a\"},\"sameAs\":[\"https:\\\/\\\/facebook.com\\\/danielernesto.montana\",\"https:\\\/\\\/instagram.com\\\/daniel_montana1961\",\"https:\\\/\\\/x.com\\\/https:\\\/\\\/twitter.com\\\/daner_004\"],\"url\":\"https:\\\/\\\/sergiolapegue.com\\\/site\\\/author\\\/daniel\\\/\"}]}<\/script>\n<!-- \/ Yoast SEO plugin. -->","yoast_head_json":{"title":"\u201cEL BIEN MAYOR\u201d \u2013 UN MUSICAL DE PABLO FLORES TORRES - Sergio Lapegue","robots":{"index":"index","follow":"follow","max-snippet":"max-snippet:-1","max-image-preview":"max-image-preview:large","max-video-preview":"max-video-preview:-1"},"canonical":"https:\/\/sergiolapegue.com\/site\/2026\/04\/28\/el-bien-mayor-un-musical-de-pablo-flores-torres\/","og_locale":"es_ES","og_type":"article","og_title":"\u201cEL BIEN MAYOR\u201d \u2013 UN MUSICAL DE PABLO FLORES TORRES - Sergio Lapegue","og_description":"\u201cEl Bien Mayor\u201d&nbsp;llega al&nbsp;Teatro Regina&nbsp;en formato concierto con una propuesta musical intensa que combina emoci\u00f3n, narrativa y una mirada contempor\u00e1nea sobre los grandes dilemas humanos. Con&nbsp;autor\u00eda y direcci\u00f3n general de Pablo Flores Torres, la obra se presentar\u00e1 en funciones especiales&nbsp;el martes 5 de mayo a las 20:30 hs y los s\u00e1bados 9 y 23 de [&hellip;]","og_url":"https:\/\/sergiolapegue.com\/site\/2026\/04\/28\/el-bien-mayor-un-musical-de-pablo-flores-torres\/","og_site_name":"Sergio Lapegue","article_publisher":"https:\/\/facebook.com\/sergiolapegue","article_author":"https:\/\/facebook.com\/danielernesto.montana","article_published_time":"2026-04-28T12:00:00+00:00","og_image":[{"width":1000,"height":1250,"url":"https:\/\/sergiolapegue.com\/site\/wp-content\/uploads\/2026\/04\/El-bien-mayor.jpg","type":"image\/jpeg"}],"author":"Daniel E. Monta\u00f1a","twitter_card":"summary_large_image","twitter_creator":"@https:\/\/twitter.com\/daner_004","twitter_site":"@sergiolapegue","twitter_misc":{"Escrito por":"Daniel E. Monta\u00f1a","Tiempo de lectura":"3 minutos"},"schema":{"@context":"https:\/\/schema.org","@graph":[{"@type":"Article","@id":"https:\/\/sergiolapegue.com\/site\/2026\/04\/28\/el-bien-mayor-un-musical-de-pablo-flores-torres\/#article","isPartOf":{"@id":"https:\/\/sergiolapegue.com\/site\/2026\/04\/28\/el-bien-mayor-un-musical-de-pablo-flores-torres\/"},"author":{"name":"Daniel E. Monta\u00f1a","@id":"https:\/\/sergiolapegue.com\/site\/#\/schema\/person\/9198e7dbab43c6d74d0fd5399af7c3cd"},"headline":"\u201cEL BIEN MAYOR\u201d \u2013 UN MUSICAL DE PABLO FLORES TORRES","datePublished":"2026-04-28T12:00:00+00:00","mainEntityOfPage":{"@id":"https:\/\/sergiolapegue.com\/site\/2026\/04\/28\/el-bien-mayor-un-musical-de-pablo-flores-torres\/"},"wordCount":530,"commentCount":0,"publisher":{"@id":"https:\/\/sergiolapegue.com\/site\/#\/schema\/person\/083aeceeb0734cd166779ea6c0551a37"},"image":{"@id":"https:\/\/sergiolapegue.com\/site\/2026\/04\/28\/el-bien-mayor-un-musical-de-pablo-flores-torres\/#primaryimage"},"thumbnailUrl":"https:\/\/sergiolapegue.com\/site\/wp-content\/uploads\/2026\/04\/El-bien-mayor.jpg","articleSection":["Arte","Teatro"],"inLanguage":"es-AR","potentialAction":[{"@type":"CommentAction","name":"Comment","target":["https:\/\/sergiolapegue.com\/site\/2026\/04\/28\/el-bien-mayor-un-musical-de-pablo-flores-torres\/#respond"]}]},{"@type":"WebPage","@id":"https:\/\/sergiolapegue.com\/site\/2026\/04\/28\/el-bien-mayor-un-musical-de-pablo-flores-torres\/","url":"https:\/\/sergiolapegue.com\/site\/2026\/04\/28\/el-bien-mayor-un-musical-de-pablo-flores-torres\/","name":"\u201cEL BIEN MAYOR\u201d \u2013 UN MUSICAL DE PABLO FLORES TORRES - Sergio Lapegue","isPartOf":{"@id":"https:\/\/sergiolapegue.com\/site\/#website"},"primaryImageOfPage":{"@id":"https:\/\/sergiolapegue.com\/site\/2026\/04\/28\/el-bien-mayor-un-musical-de-pablo-flores-torres\/#primaryimage"},"image":{"@id":"https:\/\/sergiolapegue.com\/site\/2026\/04\/28\/el-bien-mayor-un-musical-de-pablo-flores-torres\/#primaryimage"},"thumbnailUrl":"https:\/\/sergiolapegue.com\/site\/wp-content\/uploads\/2026\/04\/El-bien-mayor.jpg","datePublished":"2026-04-28T12:00:00+00:00","breadcrumb":{"@id":"https:\/\/sergiolapegue.com\/site\/2026\/04\/28\/el-bien-mayor-un-musical-de-pablo-flores-torres\/#breadcrumb"},"inLanguage":"es-AR","potentialAction":[{"@type":"ReadAction","target":["https:\/\/sergiolapegue.com\/site\/2026\/04\/28\/el-bien-mayor-un-musical-de-pablo-flores-torres\/"]}]},{"@type":"ImageObject","inLanguage":"es-AR","@id":"https:\/\/sergiolapegue.com\/site\/2026\/04\/28\/el-bien-mayor-un-musical-de-pablo-flores-torres\/#primaryimage","url":"https:\/\/sergiolapegue.com\/site\/wp-content\/uploads\/2026\/04\/El-bien-mayor.jpg","contentUrl":"https:\/\/sergiolapegue.com\/site\/wp-content\/uploads\/2026\/04\/El-bien-mayor.jpg","width":1000,"height":1250},{"@type":"BreadcrumbList","@id":"https:\/\/sergiolapegue.com\/site\/2026\/04\/28\/el-bien-mayor-un-musical-de-pablo-flores-torres\/#breadcrumb","itemListElement":[{"@type":"ListItem","position":1,"name":"Inicio","item":"https:\/\/sergiolapegue.com\/site\/"},{"@type":"ListItem","position":2,"name":"\u201cEL BIEN MAYOR\u201d \u2013 UN MUSICAL DE PABLO FLORES TORRES"}]},{"@type":"WebSite","@id":"https:\/\/sergiolapegue.com\/site\/#website","url":"https:\/\/sergiolapegue.com\/site\/","name":"Sergio Lapegue","description":"Periodista","publisher":{"@id":"https:\/\/sergiolapegue.com\/site\/#\/schema\/person\/083aeceeb0734cd166779ea6c0551a37"},"potentialAction":[{"@type":"SearchAction","target":{"@type":"EntryPoint","urlTemplate":"https:\/\/sergiolapegue.com\/site\/?s={search_term_string}"},"query-input":{"@type":"PropertyValueSpecification","valueRequired":true,"valueName":"search_term_string"}}],"inLanguage":"es-AR"},{"@type":["Person","Organization"],"@id":"https:\/\/sergiolapegue.com\/site\/#\/schema\/person\/083aeceeb0734cd166779ea6c0551a37","name":"Sergio Lapegue","image":{"@type":"ImageObject","inLanguage":"es-AR","@id":"https:\/\/sergiolapegue.com\/site\/wp-content\/uploads\/2021\/04\/logo_header-1.png","url":"https:\/\/sergiolapegue.com\/site\/wp-content\/uploads\/2021\/04\/logo_header-1.png","contentUrl":"https:\/\/sergiolapegue.com\/site\/wp-content\/uploads\/2021\/04\/logo_header-1.png","width":272,"height":90,"caption":"Sergio Lapegue"},"logo":{"@id":"https:\/\/sergiolapegue.com\/site\/wp-content\/uploads\/2021\/04\/logo_header-1.png"},"sameAs":["https:\/\/facebook.com\/sergiolapegue","https:\/\/instagram.com\/sergiolapegue","https:\/\/x.com\/https:\/\/twitter.com\/sergiolapegue"]},{"@type":"Person","@id":"https:\/\/sergiolapegue.com\/site\/#\/schema\/person\/9198e7dbab43c6d74d0fd5399af7c3cd","name":"Daniel E. Monta\u00f1a","image":{"@type":"ImageObject","inLanguage":"es-AR","@id":"https:\/\/sergiolapegue.com\/site\/wp-content\/uploads\/2021\/04\/sl_avatar_Daniel-150x150.jpg","url":"https:\/\/sergiolapegue.com\/site\/wp-content\/uploads\/2021\/04\/sl_avatar_Daniel-150x150.jpg","contentUrl":"https:\/\/sergiolapegue.com\/site\/wp-content\/uploads\/2021\/04\/sl_avatar_Daniel-150x150.jpg","caption":"Daniel E. Monta\u00f1a"},"sameAs":["https:\/\/facebook.com\/danielernesto.montana","https:\/\/instagram.com\/daniel_montana1961","https:\/\/x.com\/https:\/\/twitter.com\/daner_004"],"url":"https:\/\/sergiolapegue.com\/site\/author\/daniel\/"}]}},"_links":{"self":[{"href":"https:\/\/sergiolapegue.com\/site\/wp-json\/wp\/v2\/posts\/29926","targetHints":{"allow":["GET"]}}],"collection":[{"href":"https:\/\/sergiolapegue.com\/site\/wp-json\/wp\/v2\/posts"}],"about":[{"href":"https:\/\/sergiolapegue.com\/site\/wp-json\/wp\/v2\/types\/post"}],"author":[{"embeddable":true,"href":"https:\/\/sergiolapegue.com\/site\/wp-json\/wp\/v2\/users\/3"}],"replies":[{"embeddable":true,"href":"https:\/\/sergiolapegue.com\/site\/wp-json\/wp\/v2\/comments?post=29926"}],"version-history":[{"count":1,"href":"https:\/\/sergiolapegue.com\/site\/wp-json\/wp\/v2\/posts\/29926\/revisions"}],"predecessor-version":[{"id":29928,"href":"https:\/\/sergiolapegue.com\/site\/wp-json\/wp\/v2\/posts\/29926\/revisions\/29928"}],"wp:featuredmedia":[{"embeddable":true,"href":"https:\/\/sergiolapegue.com\/site\/wp-json\/wp\/v2\/media\/29927"}],"wp:attachment":[{"href":"https:\/\/sergiolapegue.com\/site\/wp-json\/wp\/v2\/media?parent=29926"}],"wp:term":[{"taxonomy":"category","embeddable":true,"href":"https:\/\/sergiolapegue.com\/site\/wp-json\/wp\/v2\/categories?post=29926"},{"taxonomy":"post_tag","embeddable":true,"href":"https:\/\/sergiolapegue.com\/site\/wp-json\/wp\/v2\/tags?post=29926"}],"curies":[{"name":"wp","href":"https:\/\/api.w.org\/{rel}","templated":true}]}}