{"id":29915,"date":"2026-04-27T10:00:43","date_gmt":"2026-04-27T13:00:43","guid":{"rendered":"https:\/\/sergiolapegue.com\/site\/?p=29915"},"modified":"2026-04-27T10:00:44","modified_gmt":"2026-04-27T13:00:44","slug":"el-apellido-que-une-la-historia-de-lomas-de-zamora-con-el-universo-de-jorge-luis-borges","status":"publish","type":"post","link":"https:\/\/sergiolapegue.com\/site\/2026\/04\/27\/el-apellido-que-une-la-historia-de-lomas-de-zamora-con-el-universo-de-jorge-luis-borges\/","title":{"rendered":"El apellido que une la historia de\u00a0Lomas de Zamora con el universo de Jorge Luis Borges"},"content":{"rendered":"\n<p id=\"p-1776982462167-95892\">5Un apellido, una esquina y una historia de cuchilleros: as\u00ed se cruzan Jorge Luis Borges y<a href=\"https:\/\/launion.com.ar\/lomas\" target=\"_blank\" rel=\"noreferrer noopener\">&nbsp;Lomas de Zamora<\/a>. Lo que sigue no es s\u00f3lo una an\u00e9cdota literaria, sino un recorrido por personajes de barrio que, de alg\u00fan modo, terminaron filtr\u00e1ndose en la imaginaci\u00f3n del autor.<\/p>\n\n\n\n<p id=\"p-1776982708465-96382\">Hay que retroceder hasta fines del siglo XIX. En Temperley, sobre el viejo Camino Real -la actual avenida Hip\u00f3lito Yrigoyen-, Evaristo Ramos se ocupaba de cobrar peaje a las carretas que circulaban por la zona. En su chacra naci\u00f3 Eustaquio Iberra, descendiente de una familia tradicional lomense.<\/p>\n\n\n\n<p id=\"p-1776982721628-36593\">Con el tiempo, Eustaquio se cas\u00f3 con Isabel Ramos, hija de aquel recaudador, y formaron una familia numerosa: seis hijos -Mar\u00eda Mercedes, Margarita, Francisco, Inocencio, Calixto y otro Eustaquio- que prolongaron el apellido en la zona. Pero el nombre que m\u00e1s resonaba en el pago era otro: Roberto Iberra, apodado el \u00d1ato.<\/p>\n\n\n\n<h2 class=\"wp-block-heading\" id=\"p-1776983131104-14172\">La visita de Jorge Luis Borges a Lomas de Zamora<\/h2>\n\n\n\n<p id=\"p-1776982730323-72993\">Due\u00f1o de un horno de ladrillos y de tierras heredadas, su fama creci\u00f3 en la d\u00e9cada del veinte. En Lomas, su figura se asociaba a la dureza y al coraje, rasgos que alimentaban el imaginario de guapos y orilleros tan caros a la literatura de Borges. Esos relatos llegaron a o\u00eddos del escritor.<\/p>\n\n\n\n<p id=\"p-1776982972796-58690\">Durante una visita a la Municipalidad de Lomas, Borges pidi\u00f3 conocer a Eustaquio. El encuentro se dio en la casona de la esquina rosada de S\u00e1enz y Azara. All\u00ed, el autor recorri\u00f3 con paso lento la galer\u00eda, apoy\u00f3 la mano sobre los muros antiguos y observ\u00f3 detalles de la construcci\u00f3n.<\/p>\n\n\n\n<p id=\"p-1776982734071-3679\">\u201cTiene rejas y arcos y carece de ochava\u201d, coment\u00f3, curioso por la antig\u00fcedad de la vivienda. Luego se sent\u00f3 a escuchar, con atenci\u00f3n, las historias del \u00d1ato. Con el tiempo, muchos interpretaron que de esa charla surgi\u00f3 una huella en su obra. En su poema&nbsp;<em>El Tango<\/em>, Borges escribe sobre un Iberra marcado por la fatalidad, capaz de matar a su propio hermano para saldar cuentas de sangre.<\/p>\n\n\n\n<h2 class=\"wp-block-heading\" id=\"p-1776983447569-90391\">La realidad del \u00d1ato<\/h2>\n\n\n\n<p id=\"p-1776982989758-81383\">La coincidencia no pas\u00f3 inadvertida. Sin embargo, la realidad del \u00d1ato parece haber sido menos extrema. Nunca mat\u00f3 a nadie. S\u00ed fue un hombre de car\u00e1cter fuerte, habituado a los conflictos: se lo ve\u00eda irrumpir en oficinas municipales, rebenque en mano, reclamando por lo que consideraba justo. Tambi\u00e9n protagoniz\u00f3 un tiroteo con la polic\u00eda y termin\u00f3 detenido junto a su compa\u00f1era.<\/p>\n\n\n\n<p id=\"p-1776982999238-93065\">Durante el traslado en tren hacia La Plata, aprovecharon una curva en Quilmes para pedir ir al ba\u00f1o, arrojarse por la ventanilla y escapar, donde los aguardaban dos c\u00f3mplices a caballo. Entre mito y verdad, la historia persiste. Y en ese cruce entre literatura y memoria barrial, el apellido Iberra qued\u00f3, para siempre, ligado a una de las plumas m\u00e1s grandes de la Argentina. \u00a1Hasta la semana que viene, amigos!<\/p>\n\n\n\n<p><strong><em><a href=\"https:\/\/launion.com.ar\/lomas-zamora\/el-apellido-que-une-la-historia-delomas-zamora-el-universo-jorge-luis-borges-n5441963\" id=\"https:\/\/launion.com.ar\/lomas-zamora\/el-apellido-que-une-la-historia-delomas-zamora-el-universo-jorge-luis-borges-n5441963\" target=\"_blank\" rel=\"noreferrer noopener\">Art\u00edculo publicado en el diario La Uni\u00f3n.-<\/a><\/em><\/strong><\/p>\n","protected":false},"excerpt":{"rendered":"<p>5Un apellido, una esquina y una historia de cuchilleros: as\u00ed se cruzan Jorge Luis Borges y&nbsp;Lomas de Zamora. Lo que sigue no es s\u00f3lo una an\u00e9cdota literaria, sino un recorrido por personajes de barrio que, de alg\u00fan modo, terminaron filtr\u00e1ndose en la imaginaci\u00f3n del autor. Hay que retroceder hasta fines del siglo XIX. En Temperley, [&hellip;]<\/p>\n","protected":false},"author":6,"featured_media":29916,"comment_status":"closed","ping_status":"closed","sticky":false,"template":"","format":"standard","meta":{"footnotes":""},"categories":[1276],"tags":[3541,1323,1277],"class_list":{"0":"post-29915","1":"post","2":"type-post","3":"status-publish","4":"format-standard","5":"has-post-thumbnail","7":"category-de-puno-y-letra-lomas-de-zamora","8":"tag-jorge-luis-borges","9":"tag-la-union","10":"tag-lomas-de-zamora"},"yoast_head":"<!-- This site is optimized with the Yoast SEO plugin v27.4 - https:\/\/yoast.com\/product\/yoast-seo-wordpress\/ -->\n<title>El apellido que une la historia de\u00a0Lomas de Zamora con el universo de Jorge Luis Borges - Sergio Lapegue<\/title>\n<meta name=\"description\" content=\"Un recorrido por personajes de barrio: los Iberra, la familia de malevos que inspir\u00f3 a Borges que terminaron filtr\u00e1ndose en su imaginaci\u00f3n.\" \/>\n<meta name=\"robots\" content=\"index, follow, max-snippet:-1, max-image-preview:large, max-video-preview:-1\" \/>\n<link rel=\"canonical\" href=\"https:\/\/sergiolapegue.com\/site\/2026\/04\/27\/el-apellido-que-une-la-historia-de-lomas-de-zamora-con-el-universo-de-jorge-luis-borges\/\" \/>\n<meta property=\"og:locale\" content=\"es_ES\" \/>\n<meta property=\"og:type\" content=\"article\" \/>\n<meta property=\"og:title\" content=\"El apellido que une la historia de\u00a0Lomas de Zamora con el universo de Jorge Luis Borges - Sergio Lapegue\" \/>\n<meta property=\"og:description\" content=\"Un recorrido por personajes de barrio: los Iberra, la familia de malevos que inspir\u00f3 a Borges que terminaron filtr\u00e1ndose en su imaginaci\u00f3n.\" \/>\n<meta property=\"og:url\" content=\"https:\/\/sergiolapegue.com\/site\/2026\/04\/27\/el-apellido-que-une-la-historia-de-lomas-de-zamora-con-el-universo-de-jorge-luis-borges\/\" \/>\n<meta property=\"og:site_name\" content=\"Sergio Lapegue\" \/>\n<meta property=\"article:publisher\" content=\"https:\/\/facebook.com\/sergiolapegue\" \/>\n<meta property=\"article:author\" content=\"https:\/\/facebook.com\/sergiolapegue\" \/>\n<meta property=\"article:published_time\" content=\"2026-04-27T13:00:43+00:00\" \/>\n<meta property=\"article:modified_time\" content=\"2026-04-27T13:00:44+00:00\" \/>\n<meta property=\"og:image\" content=\"https:\/\/sergiolapegue.com\/site\/wp-content\/uploads\/2026\/04\/20230514-jorge-luis-borges-clement-afp.webp\" \/>\n\t<meta property=\"og:image:width\" content=\"728\" \/>\n\t<meta property=\"og:image:height\" content=\"467\" \/>\n\t<meta property=\"og:image:type\" content=\"image\/webp\" \/>\n<meta name=\"author\" content=\"Sergio Lapegue\" \/>\n<meta name=\"twitter:card\" content=\"summary_large_image\" \/>\n<meta name=\"twitter:creator\" content=\"@https:\/\/twitter.com\/sergiolapegue\" \/>\n<meta name=\"twitter:site\" content=\"@sergiolapegue\" \/>\n<meta name=\"twitter:label1\" content=\"Escrito por\" \/>\n\t<meta name=\"twitter:data1\" content=\"Sergio Lapegue\" \/>\n\t<meta name=\"twitter:label2\" content=\"Tiempo de lectura\" \/>\n\t<meta name=\"twitter:data2\" content=\"3 minutos\" \/>\n<script type=\"application\/ld+json\" class=\"yoast-schema-graph\">{\"@context\":\"https:\\\/\\\/schema.org\",\"@graph\":[{\"@type\":\"Article\",\"@id\":\"https:\\\/\\\/sergiolapegue.com\\\/site\\\/2026\\\/04\\\/27\\\/el-apellido-que-une-la-historia-de-lomas-de-zamora-con-el-universo-de-jorge-luis-borges\\\/#article\",\"isPartOf\":{\"@id\":\"https:\\\/\\\/sergiolapegue.com\\\/site\\\/2026\\\/04\\\/27\\\/el-apellido-que-une-la-historia-de-lomas-de-zamora-con-el-universo-de-jorge-luis-borges\\\/\"},\"author\":{\"name\":\"Sergio Lapegue\",\"@id\":\"https:\\\/\\\/sergiolapegue.com\\\/site\\\/#\\\/schema\\\/person\\\/083aeceeb0734cd166779ea6c0551a37\"},\"headline\":\"El apellido que une la historia de\u00a0Lomas de Zamora con el universo de Jorge Luis Borges\",\"datePublished\":\"2026-04-27T13:00:43+00:00\",\"dateModified\":\"2026-04-27T13:00:44+00:00\",\"mainEntityOfPage\":{\"@id\":\"https:\\\/\\\/sergiolapegue.com\\\/site\\\/2026\\\/04\\\/27\\\/el-apellido-que-une-la-historia-de-lomas-de-zamora-con-el-universo-de-jorge-luis-borges\\\/\"},\"wordCount\":513,\"publisher\":{\"@id\":\"https:\\\/\\\/sergiolapegue.com\\\/site\\\/#\\\/schema\\\/person\\\/083aeceeb0734cd166779ea6c0551a37\"},\"image\":{\"@id\":\"https:\\\/\\\/sergiolapegue.com\\\/site\\\/2026\\\/04\\\/27\\\/el-apellido-que-une-la-historia-de-lomas-de-zamora-con-el-universo-de-jorge-luis-borges\\\/#primaryimage\"},\"thumbnailUrl\":\"https:\\\/\\\/sergiolapegue.com\\\/site\\\/wp-content\\\/uploads\\\/2026\\\/04\\\/20230514-jorge-luis-borges-clement-afp.webp\",\"keywords\":[\"Jorge Luis Borges\",\"La Uni\u00f3n\",\"Lomas de Zamora\"],\"articleSection\":[\"De Pu\u00f1o y Letra Lomas de Zamora\"],\"inLanguage\":\"es-AR\"},{\"@type\":\"WebPage\",\"@id\":\"https:\\\/\\\/sergiolapegue.com\\\/site\\\/2026\\\/04\\\/27\\\/el-apellido-que-une-la-historia-de-lomas-de-zamora-con-el-universo-de-jorge-luis-borges\\\/\",\"url\":\"https:\\\/\\\/sergiolapegue.com\\\/site\\\/2026\\\/04\\\/27\\\/el-apellido-que-une-la-historia-de-lomas-de-zamora-con-el-universo-de-jorge-luis-borges\\\/\",\"name\":\"El apellido que une la historia de\u00a0Lomas de Zamora con el universo de Jorge Luis Borges - Sergio Lapegue\",\"isPartOf\":{\"@id\":\"https:\\\/\\\/sergiolapegue.com\\\/site\\\/#website\"},\"primaryImageOfPage\":{\"@id\":\"https:\\\/\\\/sergiolapegue.com\\\/site\\\/2026\\\/04\\\/27\\\/el-apellido-que-une-la-historia-de-lomas-de-zamora-con-el-universo-de-jorge-luis-borges\\\/#primaryimage\"},\"image\":{\"@id\":\"https:\\\/\\\/sergiolapegue.com\\\/site\\\/2026\\\/04\\\/27\\\/el-apellido-que-une-la-historia-de-lomas-de-zamora-con-el-universo-de-jorge-luis-borges\\\/#primaryimage\"},\"thumbnailUrl\":\"https:\\\/\\\/sergiolapegue.com\\\/site\\\/wp-content\\\/uploads\\\/2026\\\/04\\\/20230514-jorge-luis-borges-clement-afp.webp\",\"datePublished\":\"2026-04-27T13:00:43+00:00\",\"dateModified\":\"2026-04-27T13:00:44+00:00\",\"description\":\"Un recorrido por personajes de barrio: los Iberra, la familia de malevos que inspir\u00f3 a Borges que terminaron filtr\u00e1ndose en su imaginaci\u00f3n.\",\"breadcrumb\":{\"@id\":\"https:\\\/\\\/sergiolapegue.com\\\/site\\\/2026\\\/04\\\/27\\\/el-apellido-que-une-la-historia-de-lomas-de-zamora-con-el-universo-de-jorge-luis-borges\\\/#breadcrumb\"},\"inLanguage\":\"es-AR\",\"potentialAction\":[{\"@type\":\"ReadAction\",\"target\":[\"https:\\\/\\\/sergiolapegue.com\\\/site\\\/2026\\\/04\\\/27\\\/el-apellido-que-une-la-historia-de-lomas-de-zamora-con-el-universo-de-jorge-luis-borges\\\/\"]}]},{\"@type\":\"ImageObject\",\"inLanguage\":\"es-AR\",\"@id\":\"https:\\\/\\\/sergiolapegue.com\\\/site\\\/2026\\\/04\\\/27\\\/el-apellido-que-une-la-historia-de-lomas-de-zamora-con-el-universo-de-jorge-luis-borges\\\/#primaryimage\",\"url\":\"https:\\\/\\\/sergiolapegue.com\\\/site\\\/wp-content\\\/uploads\\\/2026\\\/04\\\/20230514-jorge-luis-borges-clement-afp.webp\",\"contentUrl\":\"https:\\\/\\\/sergiolapegue.com\\\/site\\\/wp-content\\\/uploads\\\/2026\\\/04\\\/20230514-jorge-luis-borges-clement-afp.webp\",\"width\":728,\"height\":467},{\"@type\":\"BreadcrumbList\",\"@id\":\"https:\\\/\\\/sergiolapegue.com\\\/site\\\/2026\\\/04\\\/27\\\/el-apellido-que-une-la-historia-de-lomas-de-zamora-con-el-universo-de-jorge-luis-borges\\\/#breadcrumb\",\"itemListElement\":[{\"@type\":\"ListItem\",\"position\":1,\"name\":\"Inicio\",\"item\":\"https:\\\/\\\/sergiolapegue.com\\\/site\\\/\"},{\"@type\":\"ListItem\",\"position\":2,\"name\":\"El apellido que une la historia de\u00a0Lomas de Zamora con el universo de Jorge Luis Borges\"}]},{\"@type\":\"WebSite\",\"@id\":\"https:\\\/\\\/sergiolapegue.com\\\/site\\\/#website\",\"url\":\"https:\\\/\\\/sergiolapegue.com\\\/site\\\/\",\"name\":\"Sergio Lapegue\",\"description\":\"Periodista\",\"publisher\":{\"@id\":\"https:\\\/\\\/sergiolapegue.com\\\/site\\\/#\\\/schema\\\/person\\\/083aeceeb0734cd166779ea6c0551a37\"},\"potentialAction\":[{\"@type\":\"SearchAction\",\"target\":{\"@type\":\"EntryPoint\",\"urlTemplate\":\"https:\\\/\\\/sergiolapegue.com\\\/site\\\/?s={search_term_string}\"},\"query-input\":{\"@type\":\"PropertyValueSpecification\",\"valueRequired\":true,\"valueName\":\"search_term_string\"}}],\"inLanguage\":\"es-AR\"},{\"@type\":[\"Person\",\"Organization\"],\"@id\":\"https:\\\/\\\/sergiolapegue.com\\\/site\\\/#\\\/schema\\\/person\\\/083aeceeb0734cd166779ea6c0551a37\",\"name\":\"Sergio Lapegue\",\"image\":{\"@type\":\"ImageObject\",\"inLanguage\":\"es-AR\",\"@id\":\"https:\\\/\\\/sergiolapegue.com\\\/site\\\/wp-content\\\/uploads\\\/2021\\\/04\\\/logo_header-1.png\",\"url\":\"https:\\\/\\\/sergiolapegue.com\\\/site\\\/wp-content\\\/uploads\\\/2021\\\/04\\\/logo_header-1.png\",\"contentUrl\":\"https:\\\/\\\/sergiolapegue.com\\\/site\\\/wp-content\\\/uploads\\\/2021\\\/04\\\/logo_header-1.png\",\"width\":272,\"height\":90,\"caption\":\"Sergio Lapegue\"},\"logo\":{\"@id\":\"https:\\\/\\\/sergiolapegue.com\\\/site\\\/wp-content\\\/uploads\\\/2021\\\/04\\\/logo_header-1.png\"},\"sameAs\":[\"https:\\\/\\\/facebook.com\\\/sergiolapegue\",\"https:\\\/\\\/instagram.com\\\/sergiolapegue\",\"https:\\\/\\\/x.com\\\/https:\\\/\\\/twitter.com\\\/sergiolapegue\"],\"url\":\"https:\\\/\\\/sergiolapegue.com\\\/site\\\/author\\\/sergio\\\/\"}]}<\/script>\n<!-- \/ Yoast SEO plugin. -->","yoast_head_json":{"title":"El apellido que une la historia de\u00a0Lomas de Zamora con el universo de Jorge Luis Borges - Sergio Lapegue","description":"Un recorrido por personajes de barrio: los Iberra, la familia de malevos que inspir\u00f3 a Borges que terminaron filtr\u00e1ndose en su imaginaci\u00f3n.","robots":{"index":"index","follow":"follow","max-snippet":"max-snippet:-1","max-image-preview":"max-image-preview:large","max-video-preview":"max-video-preview:-1"},"canonical":"https:\/\/sergiolapegue.com\/site\/2026\/04\/27\/el-apellido-que-une-la-historia-de-lomas-de-zamora-con-el-universo-de-jorge-luis-borges\/","og_locale":"es_ES","og_type":"article","og_title":"El apellido que une la historia de\u00a0Lomas de Zamora con el universo de Jorge Luis Borges - Sergio Lapegue","og_description":"Un recorrido por personajes de barrio: los Iberra, la familia de malevos que inspir\u00f3 a Borges que terminaron filtr\u00e1ndose en su imaginaci\u00f3n.","og_url":"https:\/\/sergiolapegue.com\/site\/2026\/04\/27\/el-apellido-que-une-la-historia-de-lomas-de-zamora-con-el-universo-de-jorge-luis-borges\/","og_site_name":"Sergio Lapegue","article_publisher":"https:\/\/facebook.com\/sergiolapegue","article_author":"https:\/\/facebook.com\/sergiolapegue","article_published_time":"2026-04-27T13:00:43+00:00","article_modified_time":"2026-04-27T13:00:44+00:00","og_image":[{"width":728,"height":467,"url":"https:\/\/sergiolapegue.com\/site\/wp-content\/uploads\/2026\/04\/20230514-jorge-luis-borges-clement-afp.webp","type":"image\/webp"}],"author":"Sergio Lapegue","twitter_card":"summary_large_image","twitter_creator":"@https:\/\/twitter.com\/sergiolapegue","twitter_site":"@sergiolapegue","twitter_misc":{"Escrito por":"Sergio Lapegue","Tiempo de lectura":"3 minutos"},"schema":{"@context":"https:\/\/schema.org","@graph":[{"@type":"Article","@id":"https:\/\/sergiolapegue.com\/site\/2026\/04\/27\/el-apellido-que-une-la-historia-de-lomas-de-zamora-con-el-universo-de-jorge-luis-borges\/#article","isPartOf":{"@id":"https:\/\/sergiolapegue.com\/site\/2026\/04\/27\/el-apellido-que-une-la-historia-de-lomas-de-zamora-con-el-universo-de-jorge-luis-borges\/"},"author":{"name":"Sergio Lapegue","@id":"https:\/\/sergiolapegue.com\/site\/#\/schema\/person\/083aeceeb0734cd166779ea6c0551a37"},"headline":"El apellido que une la historia de\u00a0Lomas de Zamora con el universo de Jorge Luis Borges","datePublished":"2026-04-27T13:00:43+00:00","dateModified":"2026-04-27T13:00:44+00:00","mainEntityOfPage":{"@id":"https:\/\/sergiolapegue.com\/site\/2026\/04\/27\/el-apellido-que-une-la-historia-de-lomas-de-zamora-con-el-universo-de-jorge-luis-borges\/"},"wordCount":513,"publisher":{"@id":"https:\/\/sergiolapegue.com\/site\/#\/schema\/person\/083aeceeb0734cd166779ea6c0551a37"},"image":{"@id":"https:\/\/sergiolapegue.com\/site\/2026\/04\/27\/el-apellido-que-une-la-historia-de-lomas-de-zamora-con-el-universo-de-jorge-luis-borges\/#primaryimage"},"thumbnailUrl":"https:\/\/sergiolapegue.com\/site\/wp-content\/uploads\/2026\/04\/20230514-jorge-luis-borges-clement-afp.webp","keywords":["Jorge Luis Borges","La Uni\u00f3n","Lomas de Zamora"],"articleSection":["De Pu\u00f1o y Letra Lomas de Zamora"],"inLanguage":"es-AR"},{"@type":"WebPage","@id":"https:\/\/sergiolapegue.com\/site\/2026\/04\/27\/el-apellido-que-une-la-historia-de-lomas-de-zamora-con-el-universo-de-jorge-luis-borges\/","url":"https:\/\/sergiolapegue.com\/site\/2026\/04\/27\/el-apellido-que-une-la-historia-de-lomas-de-zamora-con-el-universo-de-jorge-luis-borges\/","name":"El apellido que une la historia de\u00a0Lomas de Zamora con el universo de Jorge Luis Borges - Sergio Lapegue","isPartOf":{"@id":"https:\/\/sergiolapegue.com\/site\/#website"},"primaryImageOfPage":{"@id":"https:\/\/sergiolapegue.com\/site\/2026\/04\/27\/el-apellido-que-une-la-historia-de-lomas-de-zamora-con-el-universo-de-jorge-luis-borges\/#primaryimage"},"image":{"@id":"https:\/\/sergiolapegue.com\/site\/2026\/04\/27\/el-apellido-que-une-la-historia-de-lomas-de-zamora-con-el-universo-de-jorge-luis-borges\/#primaryimage"},"thumbnailUrl":"https:\/\/sergiolapegue.com\/site\/wp-content\/uploads\/2026\/04\/20230514-jorge-luis-borges-clement-afp.webp","datePublished":"2026-04-27T13:00:43+00:00","dateModified":"2026-04-27T13:00:44+00:00","description":"Un recorrido por personajes de barrio: los Iberra, la familia de malevos que inspir\u00f3 a Borges que terminaron filtr\u00e1ndose en su imaginaci\u00f3n.","breadcrumb":{"@id":"https:\/\/sergiolapegue.com\/site\/2026\/04\/27\/el-apellido-que-une-la-historia-de-lomas-de-zamora-con-el-universo-de-jorge-luis-borges\/#breadcrumb"},"inLanguage":"es-AR","potentialAction":[{"@type":"ReadAction","target":["https:\/\/sergiolapegue.com\/site\/2026\/04\/27\/el-apellido-que-une-la-historia-de-lomas-de-zamora-con-el-universo-de-jorge-luis-borges\/"]}]},{"@type":"ImageObject","inLanguage":"es-AR","@id":"https:\/\/sergiolapegue.com\/site\/2026\/04\/27\/el-apellido-que-une-la-historia-de-lomas-de-zamora-con-el-universo-de-jorge-luis-borges\/#primaryimage","url":"https:\/\/sergiolapegue.com\/site\/wp-content\/uploads\/2026\/04\/20230514-jorge-luis-borges-clement-afp.webp","contentUrl":"https:\/\/sergiolapegue.com\/site\/wp-content\/uploads\/2026\/04\/20230514-jorge-luis-borges-clement-afp.webp","width":728,"height":467},{"@type":"BreadcrumbList","@id":"https:\/\/sergiolapegue.com\/site\/2026\/04\/27\/el-apellido-que-une-la-historia-de-lomas-de-zamora-con-el-universo-de-jorge-luis-borges\/#breadcrumb","itemListElement":[{"@type":"ListItem","position":1,"name":"Inicio","item":"https:\/\/sergiolapegue.com\/site\/"},{"@type":"ListItem","position":2,"name":"El apellido que une la historia de\u00a0Lomas de Zamora con el universo de Jorge Luis Borges"}]},{"@type":"WebSite","@id":"https:\/\/sergiolapegue.com\/site\/#website","url":"https:\/\/sergiolapegue.com\/site\/","name":"Sergio Lapegue","description":"Periodista","publisher":{"@id":"https:\/\/sergiolapegue.com\/site\/#\/schema\/person\/083aeceeb0734cd166779ea6c0551a37"},"potentialAction":[{"@type":"SearchAction","target":{"@type":"EntryPoint","urlTemplate":"https:\/\/sergiolapegue.com\/site\/?s={search_term_string}"},"query-input":{"@type":"PropertyValueSpecification","valueRequired":true,"valueName":"search_term_string"}}],"inLanguage":"es-AR"},{"@type":["Person","Organization"],"@id":"https:\/\/sergiolapegue.com\/site\/#\/schema\/person\/083aeceeb0734cd166779ea6c0551a37","name":"Sergio Lapegue","image":{"@type":"ImageObject","inLanguage":"es-AR","@id":"https:\/\/sergiolapegue.com\/site\/wp-content\/uploads\/2021\/04\/logo_header-1.png","url":"https:\/\/sergiolapegue.com\/site\/wp-content\/uploads\/2021\/04\/logo_header-1.png","contentUrl":"https:\/\/sergiolapegue.com\/site\/wp-content\/uploads\/2021\/04\/logo_header-1.png","width":272,"height":90,"caption":"Sergio Lapegue"},"logo":{"@id":"https:\/\/sergiolapegue.com\/site\/wp-content\/uploads\/2021\/04\/logo_header-1.png"},"sameAs":["https:\/\/facebook.com\/sergiolapegue","https:\/\/instagram.com\/sergiolapegue","https:\/\/x.com\/https:\/\/twitter.com\/sergiolapegue"],"url":"https:\/\/sergiolapegue.com\/site\/author\/sergio\/"}]}},"_links":{"self":[{"href":"https:\/\/sergiolapegue.com\/site\/wp-json\/wp\/v2\/posts\/29915","targetHints":{"allow":["GET"]}}],"collection":[{"href":"https:\/\/sergiolapegue.com\/site\/wp-json\/wp\/v2\/posts"}],"about":[{"href":"https:\/\/sergiolapegue.com\/site\/wp-json\/wp\/v2\/types\/post"}],"author":[{"embeddable":true,"href":"https:\/\/sergiolapegue.com\/site\/wp-json\/wp\/v2\/users\/6"}],"replies":[{"embeddable":true,"href":"https:\/\/sergiolapegue.com\/site\/wp-json\/wp\/v2\/comments?post=29915"}],"version-history":[{"count":1,"href":"https:\/\/sergiolapegue.com\/site\/wp-json\/wp\/v2\/posts\/29915\/revisions"}],"predecessor-version":[{"id":29917,"href":"https:\/\/sergiolapegue.com\/site\/wp-json\/wp\/v2\/posts\/29915\/revisions\/29917"}],"wp:featuredmedia":[{"embeddable":true,"href":"https:\/\/sergiolapegue.com\/site\/wp-json\/wp\/v2\/media\/29916"}],"wp:attachment":[{"href":"https:\/\/sergiolapegue.com\/site\/wp-json\/wp\/v2\/media?parent=29915"}],"wp:term":[{"taxonomy":"category","embeddable":true,"href":"https:\/\/sergiolapegue.com\/site\/wp-json\/wp\/v2\/categories?post=29915"},{"taxonomy":"post_tag","embeddable":true,"href":"https:\/\/sergiolapegue.com\/site\/wp-json\/wp\/v2\/tags?post=29915"}],"curies":[{"name":"wp","href":"https:\/\/api.w.org\/{rel}","templated":true}]}}