{"id":29905,"date":"2026-04-29T17:00:00","date_gmt":"2026-04-29T20:00:00","guid":{"rendered":"https:\/\/sergiolapegue.com\/site\/?p=29905"},"modified":"2026-04-28T19:18:52","modified_gmt":"2026-04-28T22:18:52","slug":"marunica-reportaje-a-una-pintora-espanola-2","status":"publish","type":"post","link":"https:\/\/sergiolapegue.com\/site\/2026\/04\/29\/marunica-reportaje-a-una-pintora-espanola-2\/","title":{"rendered":"\u201cMAR\u00daNICA \u2013 REPORTAJE A UNA PINTORA ESPA\u00d1OLA\u201d"},"content":{"rendered":"\n<p>Luego de una exitosa temporada en CABA y despu\u00e9s de realizar funciones en Madrid (Umbral de Primavera) y en Barcelona, (Teatro L\u2019Estranger), en ambos casos con elogiosos comentarios, vuelve \u201cMar\u00fanica\u201d, escrita e interpretada por Cecilia Hopkins y dirigida por Ana Alvarado, sobre la vida y obra de la artista espa\u00f1ola Maruja Mallo.<\/p>\n\n\n\n<p>Palabra, imagen y movimiento en un retrato vanguardista y contracultural.<\/p>\n\n\n\n<p>\u201cMar\u00fanica \u2013 reportaje a una pintora espa\u00f1ola\u201d,&nbsp;va al rescate de la vida y la obra de Maruja Mallo, marginada artista gallega del surrealismo,&nbsp;que desarroll\u00f3 una obra que supo atravesar diversos estilos a lo largo de su vida en Espa\u00f1a y en Argentina. La clave del sentido del espect\u00e1culo consiste en aludir al car\u00e1cter evanescente de la trascendencia art\u00edstica.<\/p>\n\n\n\n<p>Las funciones ser\u00e1n los S\u00e1bados a las 17:30 horas en \u00cdtaca Complejo Teatral.<\/p>\n\n\n\n<figure class=\"wp-block-image size-full\"><img loading=\"lazy\" decoding=\"async\" width=\"1000\" height=\"1000\" src=\"https:\/\/sergiolapegue.com\/site\/wp-content\/uploads\/2026\/04\/Marunica-1.jpg\" alt=\"\" class=\"wp-image-29908\" srcset=\"https:\/\/sergiolapegue.com\/site\/wp-content\/uploads\/2026\/04\/Marunica-1.jpg 1000w, https:\/\/sergiolapegue.com\/site\/wp-content\/uploads\/2026\/04\/Marunica-1-300x300.jpg 300w, https:\/\/sergiolapegue.com\/site\/wp-content\/uploads\/2026\/04\/Marunica-1-150x150.jpg 150w, https:\/\/sergiolapegue.com\/site\/wp-content\/uploads\/2026\/04\/Marunica-1-768x768.jpg 768w, https:\/\/sergiolapegue.com\/site\/wp-content\/uploads\/2026\/04\/Marunica-1-420x420.jpg 420w, https:\/\/sergiolapegue.com\/site\/wp-content\/uploads\/2026\/04\/Marunica-1-696x696.jpg 696w\" sizes=\"auto, (max-width: 1000px) 100vw, 1000px\" \/><\/figure>\n\n\n\n<p><strong>ACERCA DE LA OBRA<\/strong><\/p>\n\n\n\n<p>La pintora Maruja Mallo es representada en escena a partir de la creaci\u00f3n de dos momentos de su vida: la pintora en su juventud y en su vejez, acompa\u00f1ada en algunas situaciones por un t\u00edtere animado por la misma int\u00e9rprete. La puesta en escena de Ana Alvarado incluye aspectos visuales y multimediales creados por la artista Romina Larroca que permiten aportar a la escena una reflexi\u00f3n sobre la obra de la pintora y reflejar su trabajo como artista.<\/p>\n\n\n\n<figure class=\"wp-block-image size-full\"><img loading=\"lazy\" decoding=\"async\" width=\"1000\" height=\"1000\" src=\"https:\/\/sergiolapegue.com\/site\/wp-content\/uploads\/2026\/04\/Marunica-2.jpg\" alt=\"\" class=\"wp-image-29909\" srcset=\"https:\/\/sergiolapegue.com\/site\/wp-content\/uploads\/2026\/04\/Marunica-2.jpg 1000w, https:\/\/sergiolapegue.com\/site\/wp-content\/uploads\/2026\/04\/Marunica-2-300x300.jpg 300w, https:\/\/sergiolapegue.com\/site\/wp-content\/uploads\/2026\/04\/Marunica-2-150x150.jpg 150w, https:\/\/sergiolapegue.com\/site\/wp-content\/uploads\/2026\/04\/Marunica-2-768x768.jpg 768w, https:\/\/sergiolapegue.com\/site\/wp-content\/uploads\/2026\/04\/Marunica-2-420x420.jpg 420w, https:\/\/sergiolapegue.com\/site\/wp-content\/uploads\/2026\/04\/Marunica-2-696x696.jpg 696w\" sizes=\"auto, (max-width: 1000px) 100vw, 1000px\" \/><\/figure>\n\n\n\n<p><strong>ACERCA DE MARUJA MALLO (1902 \u2013 1995)<\/strong><\/p>\n\n\n\n<p>Conocida con el apodo de Mar\u00fanica, nacida en Viveiro, Galicia, Maruja Mallo desarroll\u00f3 su obra pict\u00f3rica en Espa\u00f1a y en Argentina, donde vivi\u00f3 m\u00e1s de 25 a\u00f1os. Aunque Maruja mantuvo un estrecho v\u00ednculo con los intelectuales y artistas de la Generaci\u00f3n del \u201927 -entre otros, Salvador Dal\u00ed, Garc\u00eda Lorca, Luis Bu\u00f1uel y Rafael Alberti- ella tuvo que esperar para ser reconocida como integrante de ese colectivo. Lo mismo sucedi\u00f3 con otras compa\u00f1eras suyas (poetas, pintoras, fot\u00f3grafas, traductoras) a quienes se las conoce con el nombre de \u201cLas Sinsombrero\u201d. Maruja Mallo, viaj\u00f3, dict\u00f3 conferencias, pint\u00f3, hizo collage, cer\u00e1mica, murales, dise\u00f1\u00f3 telas, objetos de decoraci\u00f3n, mobiliario, y encontr\u00f3 el modo de sobrevivir econ\u00f3micamente manteniendo su independencia personal.<\/p>\n\n\n\n<figure class=\"wp-block-image size-full\"><img loading=\"lazy\" decoding=\"async\" width=\"1000\" height=\"1000\" src=\"https:\/\/sergiolapegue.com\/site\/wp-content\/uploads\/2026\/04\/Marunica-3.jpg\" alt=\"\" class=\"wp-image-29910\" srcset=\"https:\/\/sergiolapegue.com\/site\/wp-content\/uploads\/2026\/04\/Marunica-3.jpg 1000w, https:\/\/sergiolapegue.com\/site\/wp-content\/uploads\/2026\/04\/Marunica-3-300x300.jpg 300w, https:\/\/sergiolapegue.com\/site\/wp-content\/uploads\/2026\/04\/Marunica-3-150x150.jpg 150w, https:\/\/sergiolapegue.com\/site\/wp-content\/uploads\/2026\/04\/Marunica-3-768x768.jpg 768w, https:\/\/sergiolapegue.com\/site\/wp-content\/uploads\/2026\/04\/Marunica-3-420x420.jpg 420w, https:\/\/sergiolapegue.com\/site\/wp-content\/uploads\/2026\/04\/Marunica-3-696x696.jpg 696w\" sizes=\"auto, (max-width: 1000px) 100vw, 1000px\" \/><\/figure>\n\n\n\n<p><strong>FICHA T\u00c9CNICO ART\u00cdSTICA<\/strong><\/p>\n\n\n\n<p><strong>Texto:<\/strong>&nbsp;Cecilia Hopkins<\/p>\n\n\n\n<p><strong>Actuaci\u00f3n:<\/strong>&nbsp;Cecilia Hopkins<\/p>\n\n\n\n<p><strong>Vestuario:<\/strong>&nbsp;Roxana Ciordia<\/p>\n\n\n\n<p><strong>Dise\u00f1o y realizaci\u00f3n de im\u00e1genes:<\/strong>&nbsp;Romina Larroca<\/p>\n\n\n\n<p><strong>Dise\u00f1o lum\u00ednico:<\/strong>&nbsp;Horacio Novelle<\/p>\n\n\n\n<p><strong>Dise\u00f1o y realizaci\u00f3n de t\u00edtere:<\/strong>&nbsp;Alejandra Farley<\/p>\n\n\n\n<p><strong>Dise\u00f1o y realizaci\u00f3n de utiler\u00eda para t\u00edtere:<\/strong>&nbsp;Rom\u00e1n Lamas<\/p>\n\n\n\n<p><strong>Edici\u00f3n de sonido:<\/strong>&nbsp;Nicol\u00e1s Cardoso<\/p>\n\n\n\n<p><strong>Fotograf\u00eda:<\/strong>&nbsp;Alicia Busso<\/p>\n\n\n\n<p><strong>Prensa:<\/strong>&nbsp;Valeria Franchi<\/p>\n\n\n\n<p><strong>Asistencia de direcci\u00f3n:<\/strong>&nbsp;Romina Larroca<\/p>\n\n\n\n<p><strong>Producci\u00f3n ejecutiva:<\/strong>&nbsp;Cristina Sisca<\/p>\n\n\n\n<p><strong>Direcci\u00f3n:<\/strong>&nbsp;Ana Alvarado<\/p>\n\n\n\n<p><strong>Instagram:<\/strong> @marunicateatro<\/p>\n\n\n\n<p><strong>Duraci\u00f3n:<\/strong>&nbsp;60 minutos<\/p>\n\n\n\n<p><strong>Clasificaci\u00f3n:<\/strong> Teatro \u2013 Presencial \u2013 Adultos<\/p>\n\n\n\n<figure class=\"wp-block-image size-full\"><img loading=\"lazy\" decoding=\"async\" width=\"1000\" height=\"1000\" src=\"https:\/\/sergiolapegue.com\/site\/wp-content\/uploads\/2026\/04\/Marunica-5.jpg\" alt=\"\" class=\"wp-image-29911\" srcset=\"https:\/\/sergiolapegue.com\/site\/wp-content\/uploads\/2026\/04\/Marunica-5.jpg 1000w, https:\/\/sergiolapegue.com\/site\/wp-content\/uploads\/2026\/04\/Marunica-5-300x300.jpg 300w, https:\/\/sergiolapegue.com\/site\/wp-content\/uploads\/2026\/04\/Marunica-5-150x150.jpg 150w, https:\/\/sergiolapegue.com\/site\/wp-content\/uploads\/2026\/04\/Marunica-5-768x768.jpg 768w, https:\/\/sergiolapegue.com\/site\/wp-content\/uploads\/2026\/04\/Marunica-5-420x420.jpg 420w, https:\/\/sergiolapegue.com\/site\/wp-content\/uploads\/2026\/04\/Marunica-5-696x696.jpg 696w\" sizes=\"auto, (max-width: 1000px) 100vw, 1000px\" \/><\/figure>\n\n\n\n<p><strong>\u00cdTACA COMPLEJO TEATRAL<\/strong><\/p>\n\n\n\n<p>Humahuaca 4027 \u2013 Capital Federal \u2013 Buenos Aires \u2013 Argentina<\/p>\n\n\n\n<p>Tel\u00e9fono: 7549-3926<\/p>\n\n\n\n<p>WhatsApp: 11 6 669 4027<\/p>\n\n\n\n<p>Entradas: $ 22.000 \u2013 en boleter\u00eda del teatro o por Alternativa Teatral \u2013 Link:<\/p>\n\n\n\n<p><a href=\"https:\/\/publico.alternativateatral.com\/entradas95892-marunica-reportaje-a-una-pintora-espanola?o=14\">Entradas para Mar\u00fanica &#8211; Reportaje a una pintora espa\u00f1ola en \u00cdTACA, COMPLEJO TEATRAL &#8211; Alternativa Teatral<\/a><\/p>\n\n\n\n<p>Funciones: S\u00e1bados 17:30 horas \u2013 Del 09\/05\/2026 al 27\/06\/2026<\/p>\n\n\n\n<p>Gracias Valeria Franchi por acercarnos la gacetilla de prensa del reestreno de este espect\u00e1culo.<\/p>\n\n\n\n<p><strong>SOBRE CECILIA HOPKINS<\/strong><\/p>\n\n\n\n<figure class=\"wp-block-image size-full is-resized\"><img loading=\"lazy\" decoding=\"async\" width=\"1000\" height=\"1000\" src=\"https:\/\/sergiolapegue.com\/site\/wp-content\/uploads\/2026\/04\/Marunica-Cecilia-Hopkins.jpg\" alt=\"\" class=\"wp-image-29907\" style=\"width:335px;height:auto\" srcset=\"https:\/\/sergiolapegue.com\/site\/wp-content\/uploads\/2026\/04\/Marunica-Cecilia-Hopkins.jpg 1000w, https:\/\/sergiolapegue.com\/site\/wp-content\/uploads\/2026\/04\/Marunica-Cecilia-Hopkins-300x300.jpg 300w, https:\/\/sergiolapegue.com\/site\/wp-content\/uploads\/2026\/04\/Marunica-Cecilia-Hopkins-150x150.jpg 150w, https:\/\/sergiolapegue.com\/site\/wp-content\/uploads\/2026\/04\/Marunica-Cecilia-Hopkins-768x768.jpg 768w, https:\/\/sergiolapegue.com\/site\/wp-content\/uploads\/2026\/04\/Marunica-Cecilia-Hopkins-420x420.jpg 420w, https:\/\/sergiolapegue.com\/site\/wp-content\/uploads\/2026\/04\/Marunica-Cecilia-Hopkins-696x696.jpg 696w\" sizes=\"auto, (max-width: 1000px) 100vw, 1000px\" \/><\/figure>\n\n\n\n<p>Es periodista y Licenciada en Letras por la Universidad de Buenos Aires. Desde 1997 desarrolla trabajos de investigaci\u00f3n en el campo de la Antropolog\u00eda Teatral. En Kerala, India, realiz\u00f3 estudios sobre la danza Kutiyattam y el teatro Kathakali. Tambi\u00e9n trabaj\u00f3 sobre las bases expresivas de la danza balinesa, el teatro cl\u00e1sico japon\u00e9s y la \u00f3pera china en el marco de la ISTA (International School Theatre Antropology).&nbsp; Actualmente trabaja sobre la base coreogr\u00e1fica de diversos bailes populares como base del entrenamiento f\u00edsico-gestual. Fue docente del IUNA (Artes del movimiento) y dict\u00f3&nbsp;las materias Antropolog\u00eda Teatral I y II y Sociedad, Arte y Espect\u00e1culo en la EMAD (Escuela Metropolitana de Arte Dram\u00e1tico) en la carrera de Puesta en Escena.&nbsp;Entre sus&nbsp;trabajos como int\u00e9rprete y directora&nbsp;se encuentran&nbsp;Gemma Suns (2013), sobre textos de Maxi Rodr\u00edguez, La cabeza de Acevedo (2014),&nbsp; Zona de oscuridad (2015) y Cielo con Diamantes (2019), de su autor\u00eda y La memoria de Federico (2016) estrenada en Espa\u00f1a con el apoyo de Iberescena. En 2023 estren\u00f3 como int\u00e9rprete La celebraci\u00f3n de Manuela S\u00e1enz, de Luis Z\u00fa\u00f1iga y el espect\u00e1culo de teatro danzado Popol Vuh, en co- direcci\u00f3n con Galo Bodoc.<\/p>\n\n\n\n<p><strong>SOBRE ANA ALVARADO<\/strong><\/p>\n\n\n\n<figure class=\"wp-block-image size-full is-resized\"><img loading=\"lazy\" decoding=\"async\" width=\"1000\" height=\"664\" src=\"https:\/\/sergiolapegue.com\/site\/wp-content\/uploads\/2026\/04\/Marunica-Ana-Alvarado.jpg\" alt=\"\" class=\"wp-image-29906\" style=\"aspect-ratio:1.506086015688396;width:333px;height:auto\" srcset=\"https:\/\/sergiolapegue.com\/site\/wp-content\/uploads\/2026\/04\/Marunica-Ana-Alvarado.jpg 1000w, https:\/\/sergiolapegue.com\/site\/wp-content\/uploads\/2026\/04\/Marunica-Ana-Alvarado-300x199.jpg 300w, https:\/\/sergiolapegue.com\/site\/wp-content\/uploads\/2026\/04\/Marunica-Ana-Alvarado-768x510.jpg 768w, https:\/\/sergiolapegue.com\/site\/wp-content\/uploads\/2026\/04\/Marunica-Ana-Alvarado-633x420.jpg 633w, https:\/\/sergiolapegue.com\/site\/wp-content\/uploads\/2026\/04\/Marunica-Ana-Alvarado-696x462.jpg 696w\" sizes=\"auto, (max-width: 1000px) 100vw, 1000px\" \/><\/figure>\n\n\n\n<p>Es directora y autora teatral. Dirige espect\u00e1culos para adultos. Escribe y dirige obras teatrales para ni\u00f1os. Su obra se caracteriza por la investigaci\u00f3n en el campo de la escena expandida y los cruces entre el teatro de actores, el de objetos y los nuevos medios. Docente en universidades nacionales. Dirige la carrera de posgrado Especializaci\u00f3n en Teatro de Objetos, Interactividad y Nuevos Medios, de la Universidad Nacional de las Artes. Form\u00f3 parte del cuerpo docente de la Licenciatura en Artes Esc\u00e9nicas de UNSAM. Argentina. Realiza permanentemente asistencias t\u00e9cnicas en el pa\u00eds y en el exterior. Colabora con sus art\u00edculos en publicaciones internacionales que tienen como material de investigaci\u00f3n fundamental al teatro objetual. Ha participado con las mismas en festivales y eventos, entre otros BAM de New York, Kunsten Festival Bruselas, Festival de oto\u00f1o de Madrid, Cervantino de M\u00e9xico, Porto Alegre em Cena,&nbsp;Theater der Welt&nbsp;de Berl\u00edn, Festival de Avignon , Melbourne Festival, Festival de Bogot\u00e1, Fest\u00edn de T\u00edteres de Guadalajara, Festival Iberoamericano de Teatro de Mar del Plata,&nbsp;entre&nbsp;otros.&nbsp; Integr\u00f3 y codirigi\u00f3 el grupo teatral El Perif\u00e9rico de Objetos. En forma individual y\/o grupal, ha ganado sucesivamente menciones y premios del Fondo Nacional de las Artes, Argentores, Ciudad de Buenos Aires, Konex, Teatro del Mundo, ACE, Mar\u00eda Guerrero, Primer Premio del Festival de Edimburgo, Javier Villafa\u00f1e, Atina, Alija, Teatro XXI, ARTEI, Festival Iberoamericano de Teatro Cumbre de las Am\u00e9ricas, Siripo de C\u00f3rdoba, entre otros.&nbsp;<\/p>\n","protected":false},"excerpt":{"rendered":"<p>Luego de una exitosa temporada en CABA y despu\u00e9s de realizar funciones en Madrid (Umbral de Primavera) y en Barcelona, (Teatro L\u2019Estranger), en ambos casos con elogiosos comentarios, vuelve \u201cMar\u00fanica\u201d, escrita e interpretada por Cecilia Hopkins y dirigida por Ana Alvarado, sobre la vida y obra de la artista espa\u00f1ola Maruja Mallo. Palabra, imagen y [&hellip;]<\/p>\n","protected":false},"author":3,"featured_media":29912,"comment_status":"open","ping_status":"closed","sticky":false,"template":"","format":"standard","meta":{"footnotes":""},"categories":[34,35],"tags":[],"class_list":{"0":"post-29905","1":"post","2":"type-post","3":"status-publish","4":"format-standard","5":"has-post-thumbnail","7":"category-arte","8":"category-teatro"},"yoast_head":"<!-- This site is optimized with the Yoast SEO plugin v27.5 - https:\/\/yoast.com\/product\/yoast-seo-wordpress\/ -->\n<title>\u201cMAR\u00daNICA \u2013 REPORTAJE A UNA PINTORA ESPA\u00d1OLA\u201d - Sergio Lapegue<\/title>\n<meta name=\"robots\" content=\"index, follow, max-snippet:-1, max-image-preview:large, max-video-preview:-1\" \/>\n<link rel=\"canonical\" href=\"https:\/\/sergiolapegue.com\/site\/2026\/04\/29\/marunica-reportaje-a-una-pintora-espanola-2\/\" \/>\n<meta property=\"og:locale\" content=\"es_ES\" \/>\n<meta property=\"og:type\" content=\"article\" \/>\n<meta property=\"og:title\" content=\"\u201cMAR\u00daNICA \u2013 REPORTAJE A UNA PINTORA ESPA\u00d1OLA\u201d - Sergio Lapegue\" \/>\n<meta property=\"og:description\" content=\"Luego de una exitosa temporada en CABA y despu\u00e9s de realizar funciones en Madrid (Umbral de Primavera) y en Barcelona, (Teatro L\u2019Estranger), en ambos casos con elogiosos comentarios, vuelve \u201cMar\u00fanica\u201d, escrita e interpretada por Cecilia Hopkins y dirigida por Ana Alvarado, sobre la vida y obra de la artista espa\u00f1ola Maruja Mallo. Palabra, imagen y [&hellip;]\" \/>\n<meta property=\"og:url\" content=\"https:\/\/sergiolapegue.com\/site\/2026\/04\/29\/marunica-reportaje-a-una-pintora-espanola-2\/\" \/>\n<meta property=\"og:site_name\" content=\"Sergio Lapegue\" \/>\n<meta property=\"article:publisher\" content=\"https:\/\/facebook.com\/sergiolapegue\" \/>\n<meta property=\"article:author\" content=\"https:\/\/facebook.com\/danielernesto.montana\" \/>\n<meta property=\"article:published_time\" content=\"2026-04-29T20:00:00+00:00\" \/>\n<meta property=\"og:image\" content=\"https:\/\/sergiolapegue.com\/site\/wp-content\/uploads\/2026\/04\/Marunica.jpg\" \/>\n\t<meta property=\"og:image:width\" content=\"1000\" \/>\n\t<meta property=\"og:image:height\" content=\"1000\" \/>\n\t<meta property=\"og:image:type\" content=\"image\/jpeg\" \/>\n<meta name=\"author\" content=\"Daniel E. Monta\u00f1a\" \/>\n<meta name=\"twitter:card\" content=\"summary_large_image\" \/>\n<meta name=\"twitter:creator\" content=\"@https:\/\/twitter.com\/daner_004\" \/>\n<meta name=\"twitter:site\" content=\"@sergiolapegue\" \/>\n<meta name=\"twitter:label1\" content=\"Escrito por\" \/>\n\t<meta name=\"twitter:data1\" content=\"Daniel E. Monta\u00f1a\" \/>\n\t<meta name=\"twitter:label2\" content=\"Tiempo de lectura\" \/>\n\t<meta name=\"twitter:data2\" content=\"6 minutos\" \/>\n<script type=\"application\/ld+json\" class=\"yoast-schema-graph\">{\"@context\":\"https:\\\/\\\/schema.org\",\"@graph\":[{\"@type\":\"Article\",\"@id\":\"https:\\\/\\\/sergiolapegue.com\\\/site\\\/2026\\\/04\\\/29\\\/marunica-reportaje-a-una-pintora-espanola-2\\\/#article\",\"isPartOf\":{\"@id\":\"https:\\\/\\\/sergiolapegue.com\\\/site\\\/2026\\\/04\\\/29\\\/marunica-reportaje-a-una-pintora-espanola-2\\\/\"},\"author\":{\"name\":\"Daniel E. Monta\u00f1a\",\"@id\":\"https:\\\/\\\/sergiolapegue.com\\\/site\\\/#\\\/schema\\\/person\\\/9198e7dbab43c6d74d0fd5399af7c3cd\"},\"headline\":\"\u201cMAR\u00daNICA \u2013 REPORTAJE A UNA PINTORA ESPA\u00d1OLA\u201d\",\"datePublished\":\"2026-04-29T20:00:00+00:00\",\"mainEntityOfPage\":{\"@id\":\"https:\\\/\\\/sergiolapegue.com\\\/site\\\/2026\\\/04\\\/29\\\/marunica-reportaje-a-una-pintora-espanola-2\\\/\"},\"wordCount\":1023,\"commentCount\":0,\"publisher\":{\"@id\":\"https:\\\/\\\/sergiolapegue.com\\\/site\\\/#\\\/schema\\\/person\\\/083aeceeb0734cd166779ea6c0551a37\"},\"image\":{\"@id\":\"https:\\\/\\\/sergiolapegue.com\\\/site\\\/2026\\\/04\\\/29\\\/marunica-reportaje-a-una-pintora-espanola-2\\\/#primaryimage\"},\"thumbnailUrl\":\"https:\\\/\\\/sergiolapegue.com\\\/site\\\/wp-content\\\/uploads\\\/2026\\\/04\\\/Marunica.jpg\",\"articleSection\":[\"Arte\",\"Teatro\"],\"inLanguage\":\"es-AR\",\"potentialAction\":[{\"@type\":\"CommentAction\",\"name\":\"Comment\",\"target\":[\"https:\\\/\\\/sergiolapegue.com\\\/site\\\/2026\\\/04\\\/29\\\/marunica-reportaje-a-una-pintora-espanola-2\\\/#respond\"]}]},{\"@type\":\"WebPage\",\"@id\":\"https:\\\/\\\/sergiolapegue.com\\\/site\\\/2026\\\/04\\\/29\\\/marunica-reportaje-a-una-pintora-espanola-2\\\/\",\"url\":\"https:\\\/\\\/sergiolapegue.com\\\/site\\\/2026\\\/04\\\/29\\\/marunica-reportaje-a-una-pintora-espanola-2\\\/\",\"name\":\"\u201cMAR\u00daNICA \u2013 REPORTAJE A UNA PINTORA ESPA\u00d1OLA\u201d - Sergio Lapegue\",\"isPartOf\":{\"@id\":\"https:\\\/\\\/sergiolapegue.com\\\/site\\\/#website\"},\"primaryImageOfPage\":{\"@id\":\"https:\\\/\\\/sergiolapegue.com\\\/site\\\/2026\\\/04\\\/29\\\/marunica-reportaje-a-una-pintora-espanola-2\\\/#primaryimage\"},\"image\":{\"@id\":\"https:\\\/\\\/sergiolapegue.com\\\/site\\\/2026\\\/04\\\/29\\\/marunica-reportaje-a-una-pintora-espanola-2\\\/#primaryimage\"},\"thumbnailUrl\":\"https:\\\/\\\/sergiolapegue.com\\\/site\\\/wp-content\\\/uploads\\\/2026\\\/04\\\/Marunica.jpg\",\"datePublished\":\"2026-04-29T20:00:00+00:00\",\"breadcrumb\":{\"@id\":\"https:\\\/\\\/sergiolapegue.com\\\/site\\\/2026\\\/04\\\/29\\\/marunica-reportaje-a-una-pintora-espanola-2\\\/#breadcrumb\"},\"inLanguage\":\"es-AR\",\"potentialAction\":[{\"@type\":\"ReadAction\",\"target\":[\"https:\\\/\\\/sergiolapegue.com\\\/site\\\/2026\\\/04\\\/29\\\/marunica-reportaje-a-una-pintora-espanola-2\\\/\"]}]},{\"@type\":\"ImageObject\",\"inLanguage\":\"es-AR\",\"@id\":\"https:\\\/\\\/sergiolapegue.com\\\/site\\\/2026\\\/04\\\/29\\\/marunica-reportaje-a-una-pintora-espanola-2\\\/#primaryimage\",\"url\":\"https:\\\/\\\/sergiolapegue.com\\\/site\\\/wp-content\\\/uploads\\\/2026\\\/04\\\/Marunica.jpg\",\"contentUrl\":\"https:\\\/\\\/sergiolapegue.com\\\/site\\\/wp-content\\\/uploads\\\/2026\\\/04\\\/Marunica.jpg\",\"width\":1000,\"height\":1000},{\"@type\":\"BreadcrumbList\",\"@id\":\"https:\\\/\\\/sergiolapegue.com\\\/site\\\/2026\\\/04\\\/29\\\/marunica-reportaje-a-una-pintora-espanola-2\\\/#breadcrumb\",\"itemListElement\":[{\"@type\":\"ListItem\",\"position\":1,\"name\":\"Inicio\",\"item\":\"https:\\\/\\\/sergiolapegue.com\\\/site\\\/\"},{\"@type\":\"ListItem\",\"position\":2,\"name\":\"\u201cMAR\u00daNICA \u2013 REPORTAJE A UNA PINTORA ESPA\u00d1OLA\u201d\"}]},{\"@type\":\"WebSite\",\"@id\":\"https:\\\/\\\/sergiolapegue.com\\\/site\\\/#website\",\"url\":\"https:\\\/\\\/sergiolapegue.com\\\/site\\\/\",\"name\":\"Sergio Lapegue\",\"description\":\"Periodista\",\"publisher\":{\"@id\":\"https:\\\/\\\/sergiolapegue.com\\\/site\\\/#\\\/schema\\\/person\\\/083aeceeb0734cd166779ea6c0551a37\"},\"potentialAction\":[{\"@type\":\"SearchAction\",\"target\":{\"@type\":\"EntryPoint\",\"urlTemplate\":\"https:\\\/\\\/sergiolapegue.com\\\/site\\\/?s={search_term_string}\"},\"query-input\":{\"@type\":\"PropertyValueSpecification\",\"valueRequired\":true,\"valueName\":\"search_term_string\"}}],\"inLanguage\":\"es-AR\"},{\"@type\":[\"Person\",\"Organization\"],\"@id\":\"https:\\\/\\\/sergiolapegue.com\\\/site\\\/#\\\/schema\\\/person\\\/083aeceeb0734cd166779ea6c0551a37\",\"name\":\"Sergio Lapegue\",\"image\":{\"@type\":\"ImageObject\",\"inLanguage\":\"es-AR\",\"@id\":\"https:\\\/\\\/sergiolapegue.com\\\/site\\\/wp-content\\\/uploads\\\/2021\\\/04\\\/logo_header-1.png\",\"url\":\"https:\\\/\\\/sergiolapegue.com\\\/site\\\/wp-content\\\/uploads\\\/2021\\\/04\\\/logo_header-1.png\",\"contentUrl\":\"https:\\\/\\\/sergiolapegue.com\\\/site\\\/wp-content\\\/uploads\\\/2021\\\/04\\\/logo_header-1.png\",\"width\":272,\"height\":90,\"caption\":\"Sergio Lapegue\"},\"logo\":{\"@id\":\"https:\\\/\\\/sergiolapegue.com\\\/site\\\/wp-content\\\/uploads\\\/2021\\\/04\\\/logo_header-1.png\"},\"sameAs\":[\"https:\\\/\\\/facebook.com\\\/sergiolapegue\",\"https:\\\/\\\/instagram.com\\\/sergiolapegue\",\"https:\\\/\\\/x.com\\\/https:\\\/\\\/twitter.com\\\/sergiolapegue\"]},{\"@type\":\"Person\",\"@id\":\"https:\\\/\\\/sergiolapegue.com\\\/site\\\/#\\\/schema\\\/person\\\/9198e7dbab43c6d74d0fd5399af7c3cd\",\"name\":\"Daniel E. Monta\u00f1a\",\"image\":{\"@type\":\"ImageObject\",\"inLanguage\":\"es-AR\",\"@id\":\"https:\\\/\\\/sergiolapegue.com\\\/site\\\/wp-content\\\/uploads\\\/2021\\\/04\\\/sl_avatar_Daniel-150x150.jpg\",\"url\":\"https:\\\/\\\/sergiolapegue.com\\\/site\\\/wp-content\\\/uploads\\\/2021\\\/04\\\/sl_avatar_Daniel-150x150.jpg\",\"contentUrl\":\"https:\\\/\\\/sergiolapegue.com\\\/site\\\/wp-content\\\/uploads\\\/2021\\\/04\\\/sl_avatar_Daniel-150x150.jpg\",\"caption\":\"Daniel E. Monta\u00f1a\"},\"sameAs\":[\"https:\\\/\\\/facebook.com\\\/danielernesto.montana\",\"https:\\\/\\\/instagram.com\\\/daniel_montana1961\",\"https:\\\/\\\/x.com\\\/https:\\\/\\\/twitter.com\\\/daner_004\"],\"url\":\"https:\\\/\\\/sergiolapegue.com\\\/site\\\/author\\\/daniel\\\/\"}]}<\/script>\n<!-- \/ Yoast SEO plugin. -->","yoast_head_json":{"title":"\u201cMAR\u00daNICA \u2013 REPORTAJE A UNA PINTORA ESPA\u00d1OLA\u201d - Sergio Lapegue","robots":{"index":"index","follow":"follow","max-snippet":"max-snippet:-1","max-image-preview":"max-image-preview:large","max-video-preview":"max-video-preview:-1"},"canonical":"https:\/\/sergiolapegue.com\/site\/2026\/04\/29\/marunica-reportaje-a-una-pintora-espanola-2\/","og_locale":"es_ES","og_type":"article","og_title":"\u201cMAR\u00daNICA \u2013 REPORTAJE A UNA PINTORA ESPA\u00d1OLA\u201d - Sergio Lapegue","og_description":"Luego de una exitosa temporada en CABA y despu\u00e9s de realizar funciones en Madrid (Umbral de Primavera) y en Barcelona, (Teatro L\u2019Estranger), en ambos casos con elogiosos comentarios, vuelve \u201cMar\u00fanica\u201d, escrita e interpretada por Cecilia Hopkins y dirigida por Ana Alvarado, sobre la vida y obra de la artista espa\u00f1ola Maruja Mallo. Palabra, imagen y [&hellip;]","og_url":"https:\/\/sergiolapegue.com\/site\/2026\/04\/29\/marunica-reportaje-a-una-pintora-espanola-2\/","og_site_name":"Sergio Lapegue","article_publisher":"https:\/\/facebook.com\/sergiolapegue","article_author":"https:\/\/facebook.com\/danielernesto.montana","article_published_time":"2026-04-29T20:00:00+00:00","og_image":[{"width":1000,"height":1000,"url":"https:\/\/sergiolapegue.com\/site\/wp-content\/uploads\/2026\/04\/Marunica.jpg","type":"image\/jpeg"}],"author":"Daniel E. Monta\u00f1a","twitter_card":"summary_large_image","twitter_creator":"@https:\/\/twitter.com\/daner_004","twitter_site":"@sergiolapegue","twitter_misc":{"Escrito por":"Daniel E. Monta\u00f1a","Tiempo de lectura":"6 minutos"},"schema":{"@context":"https:\/\/schema.org","@graph":[{"@type":"Article","@id":"https:\/\/sergiolapegue.com\/site\/2026\/04\/29\/marunica-reportaje-a-una-pintora-espanola-2\/#article","isPartOf":{"@id":"https:\/\/sergiolapegue.com\/site\/2026\/04\/29\/marunica-reportaje-a-una-pintora-espanola-2\/"},"author":{"name":"Daniel E. Monta\u00f1a","@id":"https:\/\/sergiolapegue.com\/site\/#\/schema\/person\/9198e7dbab43c6d74d0fd5399af7c3cd"},"headline":"\u201cMAR\u00daNICA \u2013 REPORTAJE A UNA PINTORA ESPA\u00d1OLA\u201d","datePublished":"2026-04-29T20:00:00+00:00","mainEntityOfPage":{"@id":"https:\/\/sergiolapegue.com\/site\/2026\/04\/29\/marunica-reportaje-a-una-pintora-espanola-2\/"},"wordCount":1023,"commentCount":0,"publisher":{"@id":"https:\/\/sergiolapegue.com\/site\/#\/schema\/person\/083aeceeb0734cd166779ea6c0551a37"},"image":{"@id":"https:\/\/sergiolapegue.com\/site\/2026\/04\/29\/marunica-reportaje-a-una-pintora-espanola-2\/#primaryimage"},"thumbnailUrl":"https:\/\/sergiolapegue.com\/site\/wp-content\/uploads\/2026\/04\/Marunica.jpg","articleSection":["Arte","Teatro"],"inLanguage":"es-AR","potentialAction":[{"@type":"CommentAction","name":"Comment","target":["https:\/\/sergiolapegue.com\/site\/2026\/04\/29\/marunica-reportaje-a-una-pintora-espanola-2\/#respond"]}]},{"@type":"WebPage","@id":"https:\/\/sergiolapegue.com\/site\/2026\/04\/29\/marunica-reportaje-a-una-pintora-espanola-2\/","url":"https:\/\/sergiolapegue.com\/site\/2026\/04\/29\/marunica-reportaje-a-una-pintora-espanola-2\/","name":"\u201cMAR\u00daNICA \u2013 REPORTAJE A UNA PINTORA ESPA\u00d1OLA\u201d - Sergio Lapegue","isPartOf":{"@id":"https:\/\/sergiolapegue.com\/site\/#website"},"primaryImageOfPage":{"@id":"https:\/\/sergiolapegue.com\/site\/2026\/04\/29\/marunica-reportaje-a-una-pintora-espanola-2\/#primaryimage"},"image":{"@id":"https:\/\/sergiolapegue.com\/site\/2026\/04\/29\/marunica-reportaje-a-una-pintora-espanola-2\/#primaryimage"},"thumbnailUrl":"https:\/\/sergiolapegue.com\/site\/wp-content\/uploads\/2026\/04\/Marunica.jpg","datePublished":"2026-04-29T20:00:00+00:00","breadcrumb":{"@id":"https:\/\/sergiolapegue.com\/site\/2026\/04\/29\/marunica-reportaje-a-una-pintora-espanola-2\/#breadcrumb"},"inLanguage":"es-AR","potentialAction":[{"@type":"ReadAction","target":["https:\/\/sergiolapegue.com\/site\/2026\/04\/29\/marunica-reportaje-a-una-pintora-espanola-2\/"]}]},{"@type":"ImageObject","inLanguage":"es-AR","@id":"https:\/\/sergiolapegue.com\/site\/2026\/04\/29\/marunica-reportaje-a-una-pintora-espanola-2\/#primaryimage","url":"https:\/\/sergiolapegue.com\/site\/wp-content\/uploads\/2026\/04\/Marunica.jpg","contentUrl":"https:\/\/sergiolapegue.com\/site\/wp-content\/uploads\/2026\/04\/Marunica.jpg","width":1000,"height":1000},{"@type":"BreadcrumbList","@id":"https:\/\/sergiolapegue.com\/site\/2026\/04\/29\/marunica-reportaje-a-una-pintora-espanola-2\/#breadcrumb","itemListElement":[{"@type":"ListItem","position":1,"name":"Inicio","item":"https:\/\/sergiolapegue.com\/site\/"},{"@type":"ListItem","position":2,"name":"\u201cMAR\u00daNICA \u2013 REPORTAJE A UNA PINTORA ESPA\u00d1OLA\u201d"}]},{"@type":"WebSite","@id":"https:\/\/sergiolapegue.com\/site\/#website","url":"https:\/\/sergiolapegue.com\/site\/","name":"Sergio Lapegue","description":"Periodista","publisher":{"@id":"https:\/\/sergiolapegue.com\/site\/#\/schema\/person\/083aeceeb0734cd166779ea6c0551a37"},"potentialAction":[{"@type":"SearchAction","target":{"@type":"EntryPoint","urlTemplate":"https:\/\/sergiolapegue.com\/site\/?s={search_term_string}"},"query-input":{"@type":"PropertyValueSpecification","valueRequired":true,"valueName":"search_term_string"}}],"inLanguage":"es-AR"},{"@type":["Person","Organization"],"@id":"https:\/\/sergiolapegue.com\/site\/#\/schema\/person\/083aeceeb0734cd166779ea6c0551a37","name":"Sergio Lapegue","image":{"@type":"ImageObject","inLanguage":"es-AR","@id":"https:\/\/sergiolapegue.com\/site\/wp-content\/uploads\/2021\/04\/logo_header-1.png","url":"https:\/\/sergiolapegue.com\/site\/wp-content\/uploads\/2021\/04\/logo_header-1.png","contentUrl":"https:\/\/sergiolapegue.com\/site\/wp-content\/uploads\/2021\/04\/logo_header-1.png","width":272,"height":90,"caption":"Sergio Lapegue"},"logo":{"@id":"https:\/\/sergiolapegue.com\/site\/wp-content\/uploads\/2021\/04\/logo_header-1.png"},"sameAs":["https:\/\/facebook.com\/sergiolapegue","https:\/\/instagram.com\/sergiolapegue","https:\/\/x.com\/https:\/\/twitter.com\/sergiolapegue"]},{"@type":"Person","@id":"https:\/\/sergiolapegue.com\/site\/#\/schema\/person\/9198e7dbab43c6d74d0fd5399af7c3cd","name":"Daniel E. Monta\u00f1a","image":{"@type":"ImageObject","inLanguage":"es-AR","@id":"https:\/\/sergiolapegue.com\/site\/wp-content\/uploads\/2021\/04\/sl_avatar_Daniel-150x150.jpg","url":"https:\/\/sergiolapegue.com\/site\/wp-content\/uploads\/2021\/04\/sl_avatar_Daniel-150x150.jpg","contentUrl":"https:\/\/sergiolapegue.com\/site\/wp-content\/uploads\/2021\/04\/sl_avatar_Daniel-150x150.jpg","caption":"Daniel E. Monta\u00f1a"},"sameAs":["https:\/\/facebook.com\/danielernesto.montana","https:\/\/instagram.com\/daniel_montana1961","https:\/\/x.com\/https:\/\/twitter.com\/daner_004"],"url":"https:\/\/sergiolapegue.com\/site\/author\/daniel\/"}]}},"_links":{"self":[{"href":"https:\/\/sergiolapegue.com\/site\/wp-json\/wp\/v2\/posts\/29905","targetHints":{"allow":["GET"]}}],"collection":[{"href":"https:\/\/sergiolapegue.com\/site\/wp-json\/wp\/v2\/posts"}],"about":[{"href":"https:\/\/sergiolapegue.com\/site\/wp-json\/wp\/v2\/types\/post"}],"author":[{"embeddable":true,"href":"https:\/\/sergiolapegue.com\/site\/wp-json\/wp\/v2\/users\/3"}],"replies":[{"embeddable":true,"href":"https:\/\/sergiolapegue.com\/site\/wp-json\/wp\/v2\/comments?post=29905"}],"version-history":[{"count":1,"href":"https:\/\/sergiolapegue.com\/site\/wp-json\/wp\/v2\/posts\/29905\/revisions"}],"predecessor-version":[{"id":29913,"href":"https:\/\/sergiolapegue.com\/site\/wp-json\/wp\/v2\/posts\/29905\/revisions\/29913"}],"wp:featuredmedia":[{"embeddable":true,"href":"https:\/\/sergiolapegue.com\/site\/wp-json\/wp\/v2\/media\/29912"}],"wp:attachment":[{"href":"https:\/\/sergiolapegue.com\/site\/wp-json\/wp\/v2\/media?parent=29905"}],"wp:term":[{"taxonomy":"category","embeddable":true,"href":"https:\/\/sergiolapegue.com\/site\/wp-json\/wp\/v2\/categories?post=29905"},{"taxonomy":"post_tag","embeddable":true,"href":"https:\/\/sergiolapegue.com\/site\/wp-json\/wp\/v2\/tags?post=29905"}],"curies":[{"name":"wp","href":"https:\/\/api.w.org\/{rel}","templated":true}]}}