{"id":29898,"date":"2026-04-29T09:00:00","date_gmt":"2026-04-29T12:00:00","guid":{"rendered":"https:\/\/sergiolapegue.com\/site\/?p=29898"},"modified":"2026-04-28T19:20:06","modified_gmt":"2026-04-28T22:20:06","slug":"titanic-el-musical","status":"publish","type":"post","link":"https:\/\/sergiolapegue.com\/site\/2026\/04\/29\/titanic-el-musical\/","title":{"rendered":"\u201cTITANIC, EL MUSICAL\u201d"},"content":{"rendered":"\n<p>El 9 de mayo de 2026 a las 20:30 horas se estrenar\u00e1 en el Teatro del Globo \u201cTitanic, El Musical\u201d, una obra original que revive la epopeya del transatl\u00e1ntico m\u00e1s emblem\u00e1tico del siglo XX desde una perspectiva centrada en la dimensi\u00f3n humana del acontecimiento. Lejos de limitarse a la reconstrucci\u00f3n hist\u00f3rica del desastre, la propuesta aborda la ambici\u00f3n, el amor y la tragedia como fuerzas que atraviesan a sus personajes y tensionan el relato, configurando una experiencia esc\u00e9nica que dialoga con el presente.<\/p>\n\n\n\n<p>La puesta en escena articula momentos de gran despliegue coral con instancias de intimidad emocional, generando un equilibrio entre \u00e9pica y sensibilidad. La m\u00fasica original, compuesta por Pablo Flores Torres, integra sonoridades que evocan la atm\u00f3sfera de principios del siglo XX y sostiene un trabajo vocal orientado a la expresividad dram\u00e1tica, donde los coros funcionan como narradores colectivos y como representaci\u00f3n simb\u00f3lica del esp\u00edritu de los pasajeros.<\/p>\n\n\n\n<figure class=\"wp-block-image size-large\"><img loading=\"lazy\" decoding=\"async\" width=\"1024\" height=\"441\" src=\"https:\/\/sergiolapegue.com\/site\/wp-content\/uploads\/2026\/04\/Titanic-el-musical-1-1024x441.jpg\" alt=\"\" class=\"wp-image-29902\" srcset=\"https:\/\/sergiolapegue.com\/site\/wp-content\/uploads\/2026\/04\/Titanic-el-musical-1-1024x441.jpg 1024w, https:\/\/sergiolapegue.com\/site\/wp-content\/uploads\/2026\/04\/Titanic-el-musical-1-300x129.jpg 300w, https:\/\/sergiolapegue.com\/site\/wp-content\/uploads\/2026\/04\/Titanic-el-musical-1-768x331.jpg 768w, https:\/\/sergiolapegue.com\/site\/wp-content\/uploads\/2026\/04\/Titanic-el-musical-1-1536x662.jpg 1536w, https:\/\/sergiolapegue.com\/site\/wp-content\/uploads\/2026\/04\/Titanic-el-musical-1-975x420.jpg 975w, https:\/\/sergiolapegue.com\/site\/wp-content\/uploads\/2026\/04\/Titanic-el-musical-1-696x300.jpg 696w, https:\/\/sergiolapegue.com\/site\/wp-content\/uploads\/2026\/04\/Titanic-el-musical-1-1068x460.jpg 1068w, https:\/\/sergiolapegue.com\/site\/wp-content\/uploads\/2026\/04\/Titanic-el-musical-1.jpg 1897w\" sizes=\"auto, (max-width: 1024px) 100vw, 1024px\" \/><\/figure>\n\n\n\n<p>La escenograf\u00eda combina practicables m\u00f3viles, estructuras fijas, paneles, iluminaci\u00f3n din\u00e1mica y recursos audiovisuales que construyen la sensaci\u00f3n de movimiento constante del barco y anticipan la inminencia de la tragedia. El vestuario respeta la fidelidad hist\u00f3rica y expone la estratificaci\u00f3n social a trav\u00e9s de la indumentaria, mientras que el dise\u00f1o lum\u00ednico alterna tonalidades c\u00e1lidas y doradas que evocan el lujo del transatl\u00e1ntico con matices fr\u00edos y azulados que anuncian la presencia del hielo y el desenlace inevitable.<\/p>\n\n\n\n<p>Con idea original de Rodrigo Sebasti\u00e1n Sarti, libro y letras de Noelia Gaspar Gandosi \u2014 quien comparte la direcci\u00f3n junto al propio Sarti \u2014, m\u00fasica y orquestaciones de Pablo Flores Torres, coreograf\u00eda de Gaspar Gandosi, dise\u00f1o de escenograf\u00eda de Vanesa Abramovich y realizaci\u00f3n de vestuario de Alejandra Jaimes, la producci\u00f3n de La Scala Musicales propone una mirada integral donde est\u00e9tica y dramaturgia convergen en una reflexi\u00f3n sobre la condici\u00f3n humana. La obra invita al p\u00fablico a reconsiderar el Titanic no solo como un acontecimiento hist\u00f3rico, sino como un s\u00edmbolo persistente de las tensiones entre ambici\u00f3n y compasi\u00f3n, progreso y desigualdad, poder y vulnerabilidad. Las entradas se encuentran disponibles a trav\u00e9s de Ticketek Argentina.<\/p>\n\n\n\n<figure class=\"wp-block-image size-full\"><img loading=\"lazy\" decoding=\"async\" width=\"1000\" height=\"871\" src=\"https:\/\/sergiolapegue.com\/site\/wp-content\/uploads\/2026\/04\/Titanic-el-musical-2.jpg\" alt=\"\" class=\"wp-image-29899\" srcset=\"https:\/\/sergiolapegue.com\/site\/wp-content\/uploads\/2026\/04\/Titanic-el-musical-2.jpg 1000w, https:\/\/sergiolapegue.com\/site\/wp-content\/uploads\/2026\/04\/Titanic-el-musical-2-300x261.jpg 300w, https:\/\/sergiolapegue.com\/site\/wp-content\/uploads\/2026\/04\/Titanic-el-musical-2-768x669.jpg 768w, https:\/\/sergiolapegue.com\/site\/wp-content\/uploads\/2026\/04\/Titanic-el-musical-2-482x420.jpg 482w, https:\/\/sergiolapegue.com\/site\/wp-content\/uploads\/2026\/04\/Titanic-el-musical-2-696x606.jpg 696w\" sizes=\"auto, (max-width: 1000px) 100vw, 1000px\" \/><\/figure>\n\n\n\n<p><strong>SINOPSIS<\/strong><\/p>\n\n\n\n<p>\u201cTitanic, El Musical\u201d, ambientada entre los astilleros de Belfast y las aguas heladas del Atl\u00e1ntico Norte, la historia revive la epopeya del transatl\u00e1ntico m\u00e1s famoso desde una mirada humana, atravesada por la ambici\u00f3n, el amor y la tragedia. La historia que persistir\u00e1 en el alma del mundo.<\/p>\n\n\n\n<p>La obra sigue las vidas entrelazadas de Violet Jessen, una joven camarera que anhela su libertad; Arthur Blackwood, un magnate impulsado por la venganza; y Henry Caldwell, un joven idealista que encarna la esperanza en un contexto marcado por profundas desigualdades sociales.<\/p>\n\n\n\n<p>A trav\u00e9s de ellos, el musical construye un microcosmos que refleja las jerarqu\u00edas, aspiraciones y contradicciones de su tiempo, proponiendo una lectura contempor\u00e1nea sobre la fragilidad de los sue\u00f1os cuando se enfrentan a la soberbia y al poder.<\/p>\n\n\n\n<p>El musical combina grandes escenas corales con momentos \u00edntimos, explorando la lucha entre la ambici\u00f3n y la compasi\u00f3n, y recordando que incluso en medio del desastre, el amor y la humanidad perduran.<\/p>\n\n\n\n<figure class=\"wp-block-image size-full\"><img loading=\"lazy\" decoding=\"async\" width=\"1000\" height=\"869\" src=\"https:\/\/sergiolapegue.com\/site\/wp-content\/uploads\/2026\/04\/Titanic-el-musical-3.jpg\" alt=\"\" class=\"wp-image-29900\" srcset=\"https:\/\/sergiolapegue.com\/site\/wp-content\/uploads\/2026\/04\/Titanic-el-musical-3.jpg 1000w, https:\/\/sergiolapegue.com\/site\/wp-content\/uploads\/2026\/04\/Titanic-el-musical-3-300x261.jpg 300w, https:\/\/sergiolapegue.com\/site\/wp-content\/uploads\/2026\/04\/Titanic-el-musical-3-768x667.jpg 768w, https:\/\/sergiolapegue.com\/site\/wp-content\/uploads\/2026\/04\/Titanic-el-musical-3-483x420.jpg 483w, https:\/\/sergiolapegue.com\/site\/wp-content\/uploads\/2026\/04\/Titanic-el-musical-3-696x605.jpg 696w\" sizes=\"auto, (max-width: 1000px) 100vw, 1000px\" \/><\/figure>\n\n\n\n<p><strong>FICHA T\u00c9CNICO ART\u00cdSTICA<\/strong><\/p>\n\n\n\n<p><strong>Idea original:<\/strong> Rodrigo Sebasti\u00e1n Sarti<\/p>\n\n\n\n<p><strong>Libro y letras:<\/strong> Noelia Gaspar Gandosi<\/p>\n\n\n\n<p><strong>Elenco:&nbsp;<\/strong>Antonella Villarino \u2013&nbsp;como Clara Wolf<\/p>\n\n\n\n<p>\u00a0\u00a0\u00a0\u00a0\u00a0\u00a0\u00a0\u00a0\u00a0\u00a0\u00a0\u00a0 Candela Abril Burgue\u00f1o \u2013\u00a0como La Condesa Eleonor Ravenscourt<\/p>\n\n\n\n<p>\u00a0\u00a0\u00a0\u00a0\u00a0\u00a0\u00a0\u00a0\u00a0\u00a0\u00a0\u00a0 Daniela Leonor Aranda \u2013\u00a0como Edith Fairweather<\/p>\n\n\n\n<p>\u00a0\u00a0\u00a0\u00a0\u00a0\u00a0\u00a0\u00a0\u00a0\u00a0\u00a0\u00a0 Daniela Marisol Maidana \u2013\u00a0como Elizabeth Rosenfeld<\/p>\n\n\n\n<p>\u00a0\u00a0\u00a0\u00a0\u00a0\u00a0\u00a0\u00a0\u00a0\u00a0\u00a0\u00a0 Ger\u00f3nimo David de la Cruz \u2013\u00a0como Thomas Andrews<\/p>\n\n\n\n<p>\u00a0\u00a0\u00a0\u00a0\u00a0\u00a0\u00a0\u00a0\u00a0\u00a0\u00a0\u00a0 Gisela Mariel Lastra \u2013 como Dorothy Langford \u00a0<\/p>\n\n\n\n<p>\u00a0\u00a0\u00a0\u00a0\u00a0\u00a0\u00a0\u00a0\u00a0\u00a0\u00a0\u00a0 Hannah Alexia Chumbita \u2013 como Lucille Hawthorne\u00a0<\/p>\n\n\n\n<p>\u00a0\u00a0\u00a0\u00a0\u00a0\u00a0\u00a0\u00a0\u00a0\u00a0\u00a0\u00a0 Isabella Estefan\u00eda Mauri \u2013 como Margaret Keane \u00a0<\/p>\n\n\n\n<p>\u00a0\u00a0\u00a0\u00a0\u00a0\u00a0\u00a0\u00a0\u00a0\u00a0\u00a0\u00a0 Jos\u00e9 Antonio Vallejos \u2013 como Arthur Blackwood\u00a0<\/p>\n\n\n\n<p>\u00a0\u00a0\u00a0\u00a0\u00a0\u00a0\u00a0\u00a0\u00a0\u00a0\u00a0\u00a0 L\u00e1zaro Valent\u00edn Benegas \u2013 como George Whitby\u00a0<\/p>\n\n\n\n<p>\u00a0\u00a0\u00a0\u00a0\u00a0\u00a0\u00a0\u00a0\u00a0\u00a0\u00a0\u00a0 Lidia Juana Molinari \u2013\u00a0como Georgina Madelaine<\/p>\n\n\n\n<p>\u00a0\u00a0\u00a0\u00a0\u00a0\u00a0\u00a0\u00a0\u00a0\u00a0\u00a0\u00a0 Luc\u00eda Victoria P\u00e9rez \u2013 como Evelyn Hartley \u00a0<\/p>\n\n\n\n<p>\u00a0\u00a0\u00a0\u00a0\u00a0\u00a0\u00a0\u00a0\u00a0\u00a0\u00a0\u00a0 Magali Ayel\u00e9n Larrauri \u2013 como Nora O\u2019Leary \u00a0<\/p>\n\n\n\n<p>\u00a0\u00a0\u00a0\u00a0\u00a0\u00a0\u00a0\u00a0\u00a0\u00a0\u00a0\u00a0 Mar\u00eda Paz Tuli\u00e1n \u2013 como Brigid O\u2019Shea<\/p>\n\n\n\n<p>\u00a0\u00a0\u00a0\u00a0\u00a0\u00a0\u00a0\u00a0\u00a0\u00a0\u00a0\u00a0 Marisol Vecchi \u2013 como Agnes Rowland<\/p>\n\n\n\n<p>\u00a0\u00a0\u00a0\u00a0\u00a0\u00a0\u00a0\u00a0\u00a0\u00a0\u00a0\u00a0 Martina Caracciolo \u2013\u00a0como Grace Milford<\/p>\n\n\n\n<p>\u00a0\u00a0\u00a0\u00a0\u00a0\u00a0\u00a0\u00a0\u00a0\u00a0\u00a0\u00a0 Melina Pilar Alejo \u2013 como Violet Jessen \u00a0<\/p>\n\n\n\n<p>\u00a0\u00a0\u00a0\u00a0\u00a0\u00a0\u00a0\u00a0\u00a0\u00a0\u00a0\u00a0 Miriam Judith Memmo \u2013 como Janet Anne Holt\u00a0<\/p>\n\n\n\n<p>\u00a0\u00a0\u00a0\u00a0\u00a0\u00a0\u00a0\u00a0\u00a0\u00a0\u00a0\u00a0 Nahuel M\u00e9ndez \u2013\u00a0como William Hardwich<\/p>\n\n\n\n<p>\u00a0\u00a0\u00a0\u00a0\u00a0\u00a0\u00a0\u00a0\u00a0\u00a0\u00a0\u00a0 Nair Antonella Nieva \u2013\u00a0como Annie McKenna<\/p>\n\n\n\n<p>\u00a0\u00a0\u00a0\u00a0\u00a0\u00a0\u00a0\u00a0\u00a0\u00a0\u00a0\u00a0 Noelia Gaspar Gandosi \u2013\u00a0como Mary Wide<\/p>\n\n\n\n<p>\u00a0\u00a0\u00a0\u00a0\u00a0\u00a0\u00a0\u00a0\u00a0\u00a0\u00a0\u00a0 Noelia Isabel Rodr\u00edguez \u2013 como Mary Callaghan\u00a0<\/p>\n\n\n\n<p>\u00a0\u00a0\u00a0\u00a0\u00a0\u00a0\u00a0\u00a0\u00a0\u00a0\u00a0\u00a0 Patricia Villalba \u2013 como Elsie Montclair<\/p>\n\n\n\n<p>\u00a0\u00a0\u00a0\u00a0\u00a0\u00a0\u00a0\u00a0\u00a0\u00a0\u00a0\u00a0 Patricio M\u00fcller \u2013\u00a0como Henry Caldwell<\/p>\n\n\n\n<p>\u00a0\u00a0\u00a0\u00a0\u00a0\u00a0\u00a0\u00a0\u00a0\u00a0\u00a0\u00a0 Rodrigo Sebasti\u00e1n Sarti \u2013\u00a0como Capit\u00e1n Smith<\/p>\n\n\n\n<p>\u00a0\u00a0\u00a0\u00a0\u00a0\u00a0\u00a0\u00a0\u00a0\u00a0\u00a0\u00a0 Romina Gisel Cavallaro \u2013 como Lady Ashcombe<\/p>\n\n\n\n<p>\u00a0\u00a0\u00a0\u00a0\u00a0\u00a0\u00a0\u00a0\u00a0\u00a0\u00a0\u00a0 Silvia Beatriz Vald\u00e9z \u2013 como Helen Charlotte Davenport<\/p>\n\n\n\n<p><strong>M\u00fasica original y orquestaciones:<\/strong> Pablo Flores Torres<\/p>\n\n\n\n<p><strong>Coreograf\u00eda:<\/strong> Noelia Gaspar Gandosi<\/p>\n\n\n\n<p><strong>Dise\u00f1o de escenograf\u00eda:<\/strong> Vanesa Abramovich<\/p>\n\n\n\n<p><strong>Realizaci\u00f3n de vestuario:<\/strong> Alejandra Jaimes<\/p>\n\n\n\n<p><strong>Prensa:<\/strong> Caro Arellano. Expansi\u00f3n Teatral<\/p>\n\n\n\n<p><strong>Producci\u00f3n:<\/strong> La Scala Musicales<\/p>\n\n\n\n<p><strong>Direcci\u00f3n:<\/strong> Noelia Gaspar Gandosi y Rodrigo Sebasti\u00e1n Sarti<\/p>\n\n\n\n<figure class=\"wp-block-image size-full\"><img loading=\"lazy\" decoding=\"async\" width=\"1000\" height=\"870\" src=\"https:\/\/sergiolapegue.com\/site\/wp-content\/uploads\/2026\/04\/Titanic-el-musical-4.jpg\" alt=\"\" class=\"wp-image-29901\" srcset=\"https:\/\/sergiolapegue.com\/site\/wp-content\/uploads\/2026\/04\/Titanic-el-musical-4.jpg 1000w, https:\/\/sergiolapegue.com\/site\/wp-content\/uploads\/2026\/04\/Titanic-el-musical-4-300x261.jpg 300w, https:\/\/sergiolapegue.com\/site\/wp-content\/uploads\/2026\/04\/Titanic-el-musical-4-768x668.jpg 768w, https:\/\/sergiolapegue.com\/site\/wp-content\/uploads\/2026\/04\/Titanic-el-musical-4-483x420.jpg 483w, https:\/\/sergiolapegue.com\/site\/wp-content\/uploads\/2026\/04\/Titanic-el-musical-4-696x606.jpg 696w\" sizes=\"auto, (max-width: 1000px) 100vw, 1000px\" \/><\/figure>\n\n\n\n<p><strong>TEATRO EL GLOBO<\/strong><\/p>\n\n\n\n<p>Marcelo T. de Alvear 1155 \u2013 Capital Federal \u2013 Buenos Aires \u2013 Argentina<\/p>\n\n\n\n<p>Tel\u00e9fono: 4816-1314<\/p>\n\n\n\n<p>Entradas: Desde $ 28.000 hasta $ 44.000 \u2013 en boleter\u00eda del teatro o por Ticketek \u2013 Link: <a href=\"https:\/\/www.ticketek.com.ar\/titanic\/teatro-del-globo\">https:\/\/www.ticketek.com.ar\/titanic\/teatro-del-globo<\/a>&nbsp;<\/p>\n\n\n\n<p>Funciones: S\u00e1bados 20:30 horas \u2013 Del 09\/05\/2026 al 16\/05\/2026 y el 30\/05\/2026<\/p>\n\n\n\n<p>Gracias Caro Arellano de Expansi\u00f3n Teatral por acercarnos la gacetilla de prensa del estreno de este gran musical.<\/p>\n\n\n\n<p><strong>SOBRE LA SCALA MUSICALES<\/strong><\/p>\n\n\n\n<p>La Scala Musicales es una compa\u00f1\u00eda dedicada a la producci\u00f3n de comedias musicales de alto nivel art\u00edstico y t\u00e9cnico. Desde la etapa de conceptualizaci\u00f3n hasta la realizaci\u00f3n esc\u00e9nica, cada instancia del proceso se aborda con una mirada integral y profesional, donde la precisi\u00f3n en los detalles y la coherencia est\u00e9tica son pilares fundamentales para garantizar espect\u00e1culos s\u00f3lidos, memorables y de calidad.<\/p>\n\n\n\n<p>En paralelo, Estudio La Scala funciona desde hace m\u00e1s de 18 a\u00f1os como un espacio de formaci\u00f3n y desarrollo, consolid\u00e1ndose como un verdadero semillero de talentos. All\u00ed, los estudiantes se forman de manera rigurosa, adquiriendo herramientas t\u00e9cnicas, disciplina esc\u00e9nica y experiencia pr\u00e1ctica que los prepara para afrontar con solvencia los desaf\u00edos del \u00e1mbito art\u00edstico profesional.<\/p>\n\n\n\n<p>En este marco de crecimiento sostenido y b\u00fasqueda constante de excelencia, La Scala Musicales asume el desaf\u00edo de llevar a escena Titanic, El Musical, una creaci\u00f3n de autor\u00eda propia, \u00edntegramente original tanto en su libro como en su m\u00fasica. La complejidad t\u00e9cnica y la profundidad emocional de esta obra evidencian la madurez art\u00edstica de la compa\u00f1\u00eda y su decisi\u00f3n de expandir sus l\u00edmites creativos.<\/p>\n\n\n\n<p>El proceso de producci\u00f3n involucra un trabajo minucioso en todas sus \u00e1reas: escenograf\u00eda, vestuario, iluminaci\u00f3n, m\u00fasica y dise\u00f1o sonoro, abordadas bajo la coordinaci\u00f3n de profesionales con experiencia, que gu\u00edan cada etapa con est\u00e1ndares de exigencia elevados. La meta no es \u00fanicamente recrear la majestuosidad del Titanic, sino traducir su dimensi\u00f3n simb\u00f3lica en una experiencia esc\u00e9nica potente, emotiva y contempor\u00e1nea.<\/p>\n\n\n\n<p>Con este proyecto, La Scala Musicales reafirma su vocaci\u00f3n de construir espect\u00e1culos de categor\u00eda profesional, comparables en calidad y ambici\u00f3n con producciones internacionales, manteniendo como ejes rectores la excelencia art\u00edstica, la innovaci\u00f3n permanente y la pasi\u00f3n por el teatro musical.<\/p>\n\n\n\n<p><\/p>\n","protected":false},"excerpt":{"rendered":"<p>El 9 de mayo de 2026 a las 20:30 horas se estrenar\u00e1 en el Teatro del Globo \u201cTitanic, El Musical\u201d, una obra original que revive la epopeya del transatl\u00e1ntico m\u00e1s emblem\u00e1tico del siglo XX desde una perspectiva centrada en la dimensi\u00f3n humana del acontecimiento. Lejos de limitarse a la reconstrucci\u00f3n hist\u00f3rica del desastre, la propuesta [&hellip;]<\/p>\n","protected":false},"author":3,"featured_media":29903,"comment_status":"open","ping_status":"closed","sticky":false,"template":"","format":"standard","meta":{"footnotes":""},"categories":[34,35],"tags":[],"class_list":{"0":"post-29898","1":"post","2":"type-post","3":"status-publish","4":"format-standard","5":"has-post-thumbnail","7":"category-arte","8":"category-teatro"},"yoast_head":"<!-- This site is optimized with the Yoast SEO plugin v27.5 - https:\/\/yoast.com\/product\/yoast-seo-wordpress\/ -->\n<title>\u201cTITANIC, EL MUSICAL\u201d - Sergio Lapegue<\/title>\n<meta name=\"robots\" content=\"index, follow, max-snippet:-1, max-image-preview:large, max-video-preview:-1\" \/>\n<link rel=\"canonical\" href=\"https:\/\/sergiolapegue.com\/site\/2026\/04\/29\/titanic-el-musical\/\" \/>\n<meta property=\"og:locale\" content=\"es_ES\" \/>\n<meta property=\"og:type\" content=\"article\" \/>\n<meta property=\"og:title\" content=\"\u201cTITANIC, EL MUSICAL\u201d - Sergio Lapegue\" \/>\n<meta property=\"og:description\" content=\"El 9 de mayo de 2026 a las 20:30 horas se estrenar\u00e1 en el Teatro del Globo \u201cTitanic, El Musical\u201d, una obra original que revive la epopeya del transatl\u00e1ntico m\u00e1s emblem\u00e1tico del siglo XX desde una perspectiva centrada en la dimensi\u00f3n humana del acontecimiento. Lejos de limitarse a la reconstrucci\u00f3n hist\u00f3rica del desastre, la propuesta [&hellip;]\" \/>\n<meta property=\"og:url\" content=\"https:\/\/sergiolapegue.com\/site\/2026\/04\/29\/titanic-el-musical\/\" \/>\n<meta property=\"og:site_name\" content=\"Sergio Lapegue\" \/>\n<meta property=\"article:publisher\" content=\"https:\/\/facebook.com\/sergiolapegue\" \/>\n<meta property=\"article:author\" content=\"https:\/\/facebook.com\/danielernesto.montana\" \/>\n<meta property=\"article:published_time\" content=\"2026-04-29T12:00:00+00:00\" \/>\n<meta property=\"og:image\" content=\"https:\/\/sergiolapegue.com\/site\/wp-content\/uploads\/2026\/04\/Titanic-el-musical.png\" \/>\n\t<meta property=\"og:image:width\" content=\"1000\" \/>\n\t<meta property=\"og:image:height\" content=\"1250\" \/>\n\t<meta property=\"og:image:type\" content=\"image\/png\" \/>\n<meta name=\"author\" content=\"Daniel E. Monta\u00f1a\" \/>\n<meta name=\"twitter:card\" content=\"summary_large_image\" \/>\n<meta name=\"twitter:creator\" content=\"@https:\/\/twitter.com\/daner_004\" \/>\n<meta name=\"twitter:site\" content=\"@sergiolapegue\" \/>\n<meta name=\"twitter:label1\" content=\"Escrito por\" \/>\n\t<meta name=\"twitter:data1\" content=\"Daniel E. Monta\u00f1a\" \/>\n\t<meta name=\"twitter:label2\" content=\"Tiempo de lectura\" \/>\n\t<meta name=\"twitter:data2\" content=\"6 minutos\" \/>\n<script type=\"application\/ld+json\" class=\"yoast-schema-graph\">{\"@context\":\"https:\\\/\\\/schema.org\",\"@graph\":[{\"@type\":\"Article\",\"@id\":\"https:\\\/\\\/sergiolapegue.com\\\/site\\\/2026\\\/04\\\/29\\\/titanic-el-musical\\\/#article\",\"isPartOf\":{\"@id\":\"https:\\\/\\\/sergiolapegue.com\\\/site\\\/2026\\\/04\\\/29\\\/titanic-el-musical\\\/\"},\"author\":{\"name\":\"Daniel E. Monta\u00f1a\",\"@id\":\"https:\\\/\\\/sergiolapegue.com\\\/site\\\/#\\\/schema\\\/person\\\/9198e7dbab43c6d74d0fd5399af7c3cd\"},\"headline\":\"\u201cTITANIC, EL MUSICAL\u201d\",\"datePublished\":\"2026-04-29T12:00:00+00:00\",\"mainEntityOfPage\":{\"@id\":\"https:\\\/\\\/sergiolapegue.com\\\/site\\\/2026\\\/04\\\/29\\\/titanic-el-musical\\\/\"},\"wordCount\":1191,\"commentCount\":0,\"publisher\":{\"@id\":\"https:\\\/\\\/sergiolapegue.com\\\/site\\\/#\\\/schema\\\/person\\\/083aeceeb0734cd166779ea6c0551a37\"},\"image\":{\"@id\":\"https:\\\/\\\/sergiolapegue.com\\\/site\\\/2026\\\/04\\\/29\\\/titanic-el-musical\\\/#primaryimage\"},\"thumbnailUrl\":\"https:\\\/\\\/sergiolapegue.com\\\/site\\\/wp-content\\\/uploads\\\/2026\\\/04\\\/Titanic-el-musical.png\",\"articleSection\":[\"Arte\",\"Teatro\"],\"inLanguage\":\"es-AR\",\"potentialAction\":[{\"@type\":\"CommentAction\",\"name\":\"Comment\",\"target\":[\"https:\\\/\\\/sergiolapegue.com\\\/site\\\/2026\\\/04\\\/29\\\/titanic-el-musical\\\/#respond\"]}]},{\"@type\":\"WebPage\",\"@id\":\"https:\\\/\\\/sergiolapegue.com\\\/site\\\/2026\\\/04\\\/29\\\/titanic-el-musical\\\/\",\"url\":\"https:\\\/\\\/sergiolapegue.com\\\/site\\\/2026\\\/04\\\/29\\\/titanic-el-musical\\\/\",\"name\":\"\u201cTITANIC, EL MUSICAL\u201d - Sergio Lapegue\",\"isPartOf\":{\"@id\":\"https:\\\/\\\/sergiolapegue.com\\\/site\\\/#website\"},\"primaryImageOfPage\":{\"@id\":\"https:\\\/\\\/sergiolapegue.com\\\/site\\\/2026\\\/04\\\/29\\\/titanic-el-musical\\\/#primaryimage\"},\"image\":{\"@id\":\"https:\\\/\\\/sergiolapegue.com\\\/site\\\/2026\\\/04\\\/29\\\/titanic-el-musical\\\/#primaryimage\"},\"thumbnailUrl\":\"https:\\\/\\\/sergiolapegue.com\\\/site\\\/wp-content\\\/uploads\\\/2026\\\/04\\\/Titanic-el-musical.png\",\"datePublished\":\"2026-04-29T12:00:00+00:00\",\"breadcrumb\":{\"@id\":\"https:\\\/\\\/sergiolapegue.com\\\/site\\\/2026\\\/04\\\/29\\\/titanic-el-musical\\\/#breadcrumb\"},\"inLanguage\":\"es-AR\",\"potentialAction\":[{\"@type\":\"ReadAction\",\"target\":[\"https:\\\/\\\/sergiolapegue.com\\\/site\\\/2026\\\/04\\\/29\\\/titanic-el-musical\\\/\"]}]},{\"@type\":\"ImageObject\",\"inLanguage\":\"es-AR\",\"@id\":\"https:\\\/\\\/sergiolapegue.com\\\/site\\\/2026\\\/04\\\/29\\\/titanic-el-musical\\\/#primaryimage\",\"url\":\"https:\\\/\\\/sergiolapegue.com\\\/site\\\/wp-content\\\/uploads\\\/2026\\\/04\\\/Titanic-el-musical.png\",\"contentUrl\":\"https:\\\/\\\/sergiolapegue.com\\\/site\\\/wp-content\\\/uploads\\\/2026\\\/04\\\/Titanic-el-musical.png\",\"width\":1000,\"height\":1250},{\"@type\":\"BreadcrumbList\",\"@id\":\"https:\\\/\\\/sergiolapegue.com\\\/site\\\/2026\\\/04\\\/29\\\/titanic-el-musical\\\/#breadcrumb\",\"itemListElement\":[{\"@type\":\"ListItem\",\"position\":1,\"name\":\"Inicio\",\"item\":\"https:\\\/\\\/sergiolapegue.com\\\/site\\\/\"},{\"@type\":\"ListItem\",\"position\":2,\"name\":\"\u201cTITANIC, EL MUSICAL\u201d\"}]},{\"@type\":\"WebSite\",\"@id\":\"https:\\\/\\\/sergiolapegue.com\\\/site\\\/#website\",\"url\":\"https:\\\/\\\/sergiolapegue.com\\\/site\\\/\",\"name\":\"Sergio Lapegue\",\"description\":\"Periodista\",\"publisher\":{\"@id\":\"https:\\\/\\\/sergiolapegue.com\\\/site\\\/#\\\/schema\\\/person\\\/083aeceeb0734cd166779ea6c0551a37\"},\"potentialAction\":[{\"@type\":\"SearchAction\",\"target\":{\"@type\":\"EntryPoint\",\"urlTemplate\":\"https:\\\/\\\/sergiolapegue.com\\\/site\\\/?s={search_term_string}\"},\"query-input\":{\"@type\":\"PropertyValueSpecification\",\"valueRequired\":true,\"valueName\":\"search_term_string\"}}],\"inLanguage\":\"es-AR\"},{\"@type\":[\"Person\",\"Organization\"],\"@id\":\"https:\\\/\\\/sergiolapegue.com\\\/site\\\/#\\\/schema\\\/person\\\/083aeceeb0734cd166779ea6c0551a37\",\"name\":\"Sergio Lapegue\",\"image\":{\"@type\":\"ImageObject\",\"inLanguage\":\"es-AR\",\"@id\":\"https:\\\/\\\/sergiolapegue.com\\\/site\\\/wp-content\\\/uploads\\\/2021\\\/04\\\/logo_header-1.png\",\"url\":\"https:\\\/\\\/sergiolapegue.com\\\/site\\\/wp-content\\\/uploads\\\/2021\\\/04\\\/logo_header-1.png\",\"contentUrl\":\"https:\\\/\\\/sergiolapegue.com\\\/site\\\/wp-content\\\/uploads\\\/2021\\\/04\\\/logo_header-1.png\",\"width\":272,\"height\":90,\"caption\":\"Sergio Lapegue\"},\"logo\":{\"@id\":\"https:\\\/\\\/sergiolapegue.com\\\/site\\\/wp-content\\\/uploads\\\/2021\\\/04\\\/logo_header-1.png\"},\"sameAs\":[\"https:\\\/\\\/facebook.com\\\/sergiolapegue\",\"https:\\\/\\\/instagram.com\\\/sergiolapegue\",\"https:\\\/\\\/x.com\\\/https:\\\/\\\/twitter.com\\\/sergiolapegue\"]},{\"@type\":\"Person\",\"@id\":\"https:\\\/\\\/sergiolapegue.com\\\/site\\\/#\\\/schema\\\/person\\\/9198e7dbab43c6d74d0fd5399af7c3cd\",\"name\":\"Daniel E. Monta\u00f1a\",\"image\":{\"@type\":\"ImageObject\",\"inLanguage\":\"es-AR\",\"@id\":\"https:\\\/\\\/sergiolapegue.com\\\/site\\\/wp-content\\\/uploads\\\/2021\\\/04\\\/sl_avatar_Daniel-150x150.jpg\",\"url\":\"https:\\\/\\\/sergiolapegue.com\\\/site\\\/wp-content\\\/uploads\\\/2021\\\/04\\\/sl_avatar_Daniel-150x150.jpg\",\"contentUrl\":\"https:\\\/\\\/sergiolapegue.com\\\/site\\\/wp-content\\\/uploads\\\/2021\\\/04\\\/sl_avatar_Daniel-150x150.jpg\",\"caption\":\"Daniel E. Monta\u00f1a\"},\"sameAs\":[\"https:\\\/\\\/facebook.com\\\/danielernesto.montana\",\"https:\\\/\\\/instagram.com\\\/daniel_montana1961\",\"https:\\\/\\\/x.com\\\/https:\\\/\\\/twitter.com\\\/daner_004\"],\"url\":\"https:\\\/\\\/sergiolapegue.com\\\/site\\\/author\\\/daniel\\\/\"}]}<\/script>\n<!-- \/ Yoast SEO plugin. -->","yoast_head_json":{"title":"\u201cTITANIC, EL MUSICAL\u201d - Sergio Lapegue","robots":{"index":"index","follow":"follow","max-snippet":"max-snippet:-1","max-image-preview":"max-image-preview:large","max-video-preview":"max-video-preview:-1"},"canonical":"https:\/\/sergiolapegue.com\/site\/2026\/04\/29\/titanic-el-musical\/","og_locale":"es_ES","og_type":"article","og_title":"\u201cTITANIC, EL MUSICAL\u201d - Sergio Lapegue","og_description":"El 9 de mayo de 2026 a las 20:30 horas se estrenar\u00e1 en el Teatro del Globo \u201cTitanic, El Musical\u201d, una obra original que revive la epopeya del transatl\u00e1ntico m\u00e1s emblem\u00e1tico del siglo XX desde una perspectiva centrada en la dimensi\u00f3n humana del acontecimiento. Lejos de limitarse a la reconstrucci\u00f3n hist\u00f3rica del desastre, la propuesta [&hellip;]","og_url":"https:\/\/sergiolapegue.com\/site\/2026\/04\/29\/titanic-el-musical\/","og_site_name":"Sergio Lapegue","article_publisher":"https:\/\/facebook.com\/sergiolapegue","article_author":"https:\/\/facebook.com\/danielernesto.montana","article_published_time":"2026-04-29T12:00:00+00:00","og_image":[{"width":1000,"height":1250,"url":"https:\/\/sergiolapegue.com\/site\/wp-content\/uploads\/2026\/04\/Titanic-el-musical.png","type":"image\/png"}],"author":"Daniel E. Monta\u00f1a","twitter_card":"summary_large_image","twitter_creator":"@https:\/\/twitter.com\/daner_004","twitter_site":"@sergiolapegue","twitter_misc":{"Escrito por":"Daniel E. Monta\u00f1a","Tiempo de lectura":"6 minutos"},"schema":{"@context":"https:\/\/schema.org","@graph":[{"@type":"Article","@id":"https:\/\/sergiolapegue.com\/site\/2026\/04\/29\/titanic-el-musical\/#article","isPartOf":{"@id":"https:\/\/sergiolapegue.com\/site\/2026\/04\/29\/titanic-el-musical\/"},"author":{"name":"Daniel E. Monta\u00f1a","@id":"https:\/\/sergiolapegue.com\/site\/#\/schema\/person\/9198e7dbab43c6d74d0fd5399af7c3cd"},"headline":"\u201cTITANIC, EL MUSICAL\u201d","datePublished":"2026-04-29T12:00:00+00:00","mainEntityOfPage":{"@id":"https:\/\/sergiolapegue.com\/site\/2026\/04\/29\/titanic-el-musical\/"},"wordCount":1191,"commentCount":0,"publisher":{"@id":"https:\/\/sergiolapegue.com\/site\/#\/schema\/person\/083aeceeb0734cd166779ea6c0551a37"},"image":{"@id":"https:\/\/sergiolapegue.com\/site\/2026\/04\/29\/titanic-el-musical\/#primaryimage"},"thumbnailUrl":"https:\/\/sergiolapegue.com\/site\/wp-content\/uploads\/2026\/04\/Titanic-el-musical.png","articleSection":["Arte","Teatro"],"inLanguage":"es-AR","potentialAction":[{"@type":"CommentAction","name":"Comment","target":["https:\/\/sergiolapegue.com\/site\/2026\/04\/29\/titanic-el-musical\/#respond"]}]},{"@type":"WebPage","@id":"https:\/\/sergiolapegue.com\/site\/2026\/04\/29\/titanic-el-musical\/","url":"https:\/\/sergiolapegue.com\/site\/2026\/04\/29\/titanic-el-musical\/","name":"\u201cTITANIC, EL MUSICAL\u201d - Sergio Lapegue","isPartOf":{"@id":"https:\/\/sergiolapegue.com\/site\/#website"},"primaryImageOfPage":{"@id":"https:\/\/sergiolapegue.com\/site\/2026\/04\/29\/titanic-el-musical\/#primaryimage"},"image":{"@id":"https:\/\/sergiolapegue.com\/site\/2026\/04\/29\/titanic-el-musical\/#primaryimage"},"thumbnailUrl":"https:\/\/sergiolapegue.com\/site\/wp-content\/uploads\/2026\/04\/Titanic-el-musical.png","datePublished":"2026-04-29T12:00:00+00:00","breadcrumb":{"@id":"https:\/\/sergiolapegue.com\/site\/2026\/04\/29\/titanic-el-musical\/#breadcrumb"},"inLanguage":"es-AR","potentialAction":[{"@type":"ReadAction","target":["https:\/\/sergiolapegue.com\/site\/2026\/04\/29\/titanic-el-musical\/"]}]},{"@type":"ImageObject","inLanguage":"es-AR","@id":"https:\/\/sergiolapegue.com\/site\/2026\/04\/29\/titanic-el-musical\/#primaryimage","url":"https:\/\/sergiolapegue.com\/site\/wp-content\/uploads\/2026\/04\/Titanic-el-musical.png","contentUrl":"https:\/\/sergiolapegue.com\/site\/wp-content\/uploads\/2026\/04\/Titanic-el-musical.png","width":1000,"height":1250},{"@type":"BreadcrumbList","@id":"https:\/\/sergiolapegue.com\/site\/2026\/04\/29\/titanic-el-musical\/#breadcrumb","itemListElement":[{"@type":"ListItem","position":1,"name":"Inicio","item":"https:\/\/sergiolapegue.com\/site\/"},{"@type":"ListItem","position":2,"name":"\u201cTITANIC, EL MUSICAL\u201d"}]},{"@type":"WebSite","@id":"https:\/\/sergiolapegue.com\/site\/#website","url":"https:\/\/sergiolapegue.com\/site\/","name":"Sergio Lapegue","description":"Periodista","publisher":{"@id":"https:\/\/sergiolapegue.com\/site\/#\/schema\/person\/083aeceeb0734cd166779ea6c0551a37"},"potentialAction":[{"@type":"SearchAction","target":{"@type":"EntryPoint","urlTemplate":"https:\/\/sergiolapegue.com\/site\/?s={search_term_string}"},"query-input":{"@type":"PropertyValueSpecification","valueRequired":true,"valueName":"search_term_string"}}],"inLanguage":"es-AR"},{"@type":["Person","Organization"],"@id":"https:\/\/sergiolapegue.com\/site\/#\/schema\/person\/083aeceeb0734cd166779ea6c0551a37","name":"Sergio Lapegue","image":{"@type":"ImageObject","inLanguage":"es-AR","@id":"https:\/\/sergiolapegue.com\/site\/wp-content\/uploads\/2021\/04\/logo_header-1.png","url":"https:\/\/sergiolapegue.com\/site\/wp-content\/uploads\/2021\/04\/logo_header-1.png","contentUrl":"https:\/\/sergiolapegue.com\/site\/wp-content\/uploads\/2021\/04\/logo_header-1.png","width":272,"height":90,"caption":"Sergio Lapegue"},"logo":{"@id":"https:\/\/sergiolapegue.com\/site\/wp-content\/uploads\/2021\/04\/logo_header-1.png"},"sameAs":["https:\/\/facebook.com\/sergiolapegue","https:\/\/instagram.com\/sergiolapegue","https:\/\/x.com\/https:\/\/twitter.com\/sergiolapegue"]},{"@type":"Person","@id":"https:\/\/sergiolapegue.com\/site\/#\/schema\/person\/9198e7dbab43c6d74d0fd5399af7c3cd","name":"Daniel E. Monta\u00f1a","image":{"@type":"ImageObject","inLanguage":"es-AR","@id":"https:\/\/sergiolapegue.com\/site\/wp-content\/uploads\/2021\/04\/sl_avatar_Daniel-150x150.jpg","url":"https:\/\/sergiolapegue.com\/site\/wp-content\/uploads\/2021\/04\/sl_avatar_Daniel-150x150.jpg","contentUrl":"https:\/\/sergiolapegue.com\/site\/wp-content\/uploads\/2021\/04\/sl_avatar_Daniel-150x150.jpg","caption":"Daniel E. Monta\u00f1a"},"sameAs":["https:\/\/facebook.com\/danielernesto.montana","https:\/\/instagram.com\/daniel_montana1961","https:\/\/x.com\/https:\/\/twitter.com\/daner_004"],"url":"https:\/\/sergiolapegue.com\/site\/author\/daniel\/"}]}},"_links":{"self":[{"href":"https:\/\/sergiolapegue.com\/site\/wp-json\/wp\/v2\/posts\/29898","targetHints":{"allow":["GET"]}}],"collection":[{"href":"https:\/\/sergiolapegue.com\/site\/wp-json\/wp\/v2\/posts"}],"about":[{"href":"https:\/\/sergiolapegue.com\/site\/wp-json\/wp\/v2\/types\/post"}],"author":[{"embeddable":true,"href":"https:\/\/sergiolapegue.com\/site\/wp-json\/wp\/v2\/users\/3"}],"replies":[{"embeddable":true,"href":"https:\/\/sergiolapegue.com\/site\/wp-json\/wp\/v2\/comments?post=29898"}],"version-history":[{"count":1,"href":"https:\/\/sergiolapegue.com\/site\/wp-json\/wp\/v2\/posts\/29898\/revisions"}],"predecessor-version":[{"id":29904,"href":"https:\/\/sergiolapegue.com\/site\/wp-json\/wp\/v2\/posts\/29898\/revisions\/29904"}],"wp:featuredmedia":[{"embeddable":true,"href":"https:\/\/sergiolapegue.com\/site\/wp-json\/wp\/v2\/media\/29903"}],"wp:attachment":[{"href":"https:\/\/sergiolapegue.com\/site\/wp-json\/wp\/v2\/media?parent=29898"}],"wp:term":[{"taxonomy":"category","embeddable":true,"href":"https:\/\/sergiolapegue.com\/site\/wp-json\/wp\/v2\/categories?post=29898"},{"taxonomy":"post_tag","embeddable":true,"href":"https:\/\/sergiolapegue.com\/site\/wp-json\/wp\/v2\/tags?post=29898"}],"curies":[{"name":"wp","href":"https:\/\/api.w.org\/{rel}","templated":true}]}}