{"id":29892,"date":"2026-04-27T01:00:00","date_gmt":"2026-04-27T04:00:00","guid":{"rendered":"https:\/\/sergiolapegue.com\/site\/?p=29892"},"modified":"2026-04-26T21:41:16","modified_gmt":"2026-04-27T00:41:16","slug":"florencia-ghio-presenta-su-novela-de-cuello-blanco","status":"publish","type":"post","link":"https:\/\/sergiolapegue.com\/site\/2026\/04\/27\/florencia-ghio-presenta-su-novela-de-cuello-blanco\/","title":{"rendered":"FLORENCIA GHIO PRESENTA SU NOVELA \u201cDE CUELLO BLANCO\u201d"},"content":{"rendered":"\n<p>El 29 de abril a las 16:00 horas, en la Feria del Libro, Sala Sarmiento \u2013 Pabell\u00f3n Blanco de la Exposici\u00f3n Rural Argentina, Florencia Ghio presenta su libro \u201cDe Cuello Blanco\u201d, adem\u00e1s se leer\u00e1n algunos fragmentos del libro y al finalizar la autora firmar\u00e1 ejemplares de su novela en el stand 628 \/ 630 del Pabell\u00f3n Azul. Y el 12 de mayo a las 18:30 horas, Florencia Ghio lo estar\u00e1 presentando en el Museo del Libro y de Lenguas, en ambas presentaciones la autora estar\u00e1 acompa\u00f1ada por&nbsp;Mariano C\u00faneo Libarona y Guillermo Coppola.<\/p>\n\n\n\n<p>El libro cuenta con 322 p\u00e1ginas y tiene un tama\u00f1o de 14,5 cm. x 22 cm.<\/p>\n\n\n\n<figure class=\"wp-block-image size-full\"><img loading=\"lazy\" decoding=\"async\" width=\"1000\" height=\"1016\" src=\"https:\/\/sergiolapegue.com\/site\/wp-content\/uploads\/2026\/04\/Florencia-Ghio-2.jpg\" alt=\"\" class=\"wp-image-29893\" srcset=\"https:\/\/sergiolapegue.com\/site\/wp-content\/uploads\/2026\/04\/Florencia-Ghio-2.jpg 1000w, https:\/\/sergiolapegue.com\/site\/wp-content\/uploads\/2026\/04\/Florencia-Ghio-2-295x300.jpg 295w, https:\/\/sergiolapegue.com\/site\/wp-content\/uploads\/2026\/04\/Florencia-Ghio-2-768x780.jpg 768w, https:\/\/sergiolapegue.com\/site\/wp-content\/uploads\/2026\/04\/Florencia-Ghio-2-413x420.jpg 413w, https:\/\/sergiolapegue.com\/site\/wp-content\/uploads\/2026\/04\/Florencia-Ghio-2-696x707.jpg 696w\" sizes=\"auto, (max-width: 1000px) 100vw, 1000px\" \/><\/figure>\n\n\n\n<p><strong>SOBRE LA NOVELA<\/strong><strong><\/strong><\/p>\n\n\n\n<p>Inspirada en uno de los esc\u00e1ndalos judiciales y medi\u00e1ticos m\u00e1s impactantes de la Argentina, esta novela recrea la trama detr\u00e1s de una causa armada para incriminar a Guillermo Coppola, el m\u00e1nager m\u00e1s famoso del pa\u00eds. Ambici\u00f3n pol\u00edtica, manipulaci\u00f3n del poder y una justicia dispuesta a cruzar todos los l\u00edmites se combinan en una historia donde nada es lo que parece.<\/p>\n\n\n\n<p>Con la complicidad de polic\u00edas corruptos y funcionarios seducidos por promesas de ascenso, un juez dise\u00f1a una \u201cmega causa\u201d destinada a fabricar culpables y a convertir a Coppola en el supuesto l\u00edder de una red de narcotr\u00e1fico. J\u00f3venes utilizadas, pruebas plantadas y un circo medi\u00e1tico que transforma el horror en espect\u00e1culo dejan al descubierto el costado m\u00e1s oscuro del sistema judicial.<\/p>\n\n\n\n<p>Narrada desde dos voces \u2014la del secretario encargado de sostener el juicio, un hombre al borde del colapso personal, y la del propio juez\u2014, la novela expone el costo humano del poder sin l\u00edmites. Con personajes ficticios y hechos reconocibles, plantea una pregunta inquietante: \u00bfqu\u00e9 sucede cuando la justicia se convierte en un show y nadie queda a salvo?<\/p>\n\n\n\n<figure class=\"wp-block-image size-large\"><img loading=\"lazy\" decoding=\"async\" width=\"1024\" height=\"714\" src=\"https:\/\/sergiolapegue.com\/site\/wp-content\/uploads\/2026\/04\/Florencia-Ghio-presenta-su-nuevo-libro-1-1024x714.jpg\" alt=\"\" class=\"wp-image-29894\" srcset=\"https:\/\/sergiolapegue.com\/site\/wp-content\/uploads\/2026\/04\/Florencia-Ghio-presenta-su-nuevo-libro-1-1024x714.jpg 1024w, https:\/\/sergiolapegue.com\/site\/wp-content\/uploads\/2026\/04\/Florencia-Ghio-presenta-su-nuevo-libro-1-300x209.jpg 300w, https:\/\/sergiolapegue.com\/site\/wp-content\/uploads\/2026\/04\/Florencia-Ghio-presenta-su-nuevo-libro-1-768x535.jpg 768w, https:\/\/sergiolapegue.com\/site\/wp-content\/uploads\/2026\/04\/Florencia-Ghio-presenta-su-nuevo-libro-1-602x420.jpg 602w, https:\/\/sergiolapegue.com\/site\/wp-content\/uploads\/2026\/04\/Florencia-Ghio-presenta-su-nuevo-libro-1-696x485.jpg 696w, https:\/\/sergiolapegue.com\/site\/wp-content\/uploads\/2026\/04\/Florencia-Ghio-presenta-su-nuevo-libro-1-1068x745.jpg 1068w, https:\/\/sergiolapegue.com\/site\/wp-content\/uploads\/2026\/04\/Florencia-Ghio-presenta-su-nuevo-libro-1.jpg 1281w\" sizes=\"auto, (max-width: 1024px) 100vw, 1024px\" \/><\/figure>\n\n\n\n<p><strong>LUGARES DE LA PRESENTACI\u00d3N DEL LIBRO<\/strong><strong><\/strong><\/p>\n\n\n\n<p><strong>FERIA DEL LIBRO \u2013 SALA SARMIENTO \u2013 PABELL\u00d3N BLANCO<\/strong><\/p>\n\n\n\n<p>Av. Santa Fe 4201 \u2013 Capital Federal \u2013 Buenos Aires \u2013 Argentina<\/p>\n\n\n\n<p>Presentaci\u00f3n: 29 de Abril \u2013 16:00 horas<\/p>\n\n\n\n<p><strong>MUSEO DEL LIBRO Y DE LA LENGUA <\/strong><strong><\/strong><\/p>\n\n\n\n<p>Av. Gral. Las Heras 2555 \u2013 Capital Federal \u2013 Buenos Aires \u2013 Argentina<\/p>\n\n\n\n<p>Presentaci\u00f3n: 12 de Mayo \u2013 18:30 horas<\/p>\n\n\n\n<p>Gracias Natalia Bocca por acercarnos la gacetilla de prensa de la presentaci\u00f3n del libro de Florencia Ghio.<\/p>\n\n\n\n<p><strong>SOBRE FLORENCIA GHIO <\/strong><strong><\/strong><\/p>\n\n\n\n<figure class=\"wp-block-image size-full is-resized\"><img loading=\"lazy\" decoding=\"async\" width=\"1000\" height=\"667\" src=\"https:\/\/sergiolapegue.com\/site\/wp-content\/uploads\/2026\/04\/Florencia-Ghio-1.jpg\" alt=\"\" class=\"wp-image-29895\" style=\"aspect-ratio:1.4992931672837428;width:336px;height:auto\" srcset=\"https:\/\/sergiolapegue.com\/site\/wp-content\/uploads\/2026\/04\/Florencia-Ghio-1.jpg 1000w, https:\/\/sergiolapegue.com\/site\/wp-content\/uploads\/2026\/04\/Florencia-Ghio-1-300x200.jpg 300w, https:\/\/sergiolapegue.com\/site\/wp-content\/uploads\/2026\/04\/Florencia-Ghio-1-768x512.jpg 768w, https:\/\/sergiolapegue.com\/site\/wp-content\/uploads\/2026\/04\/Florencia-Ghio-1-630x420.jpg 630w, https:\/\/sergiolapegue.com\/site\/wp-content\/uploads\/2026\/04\/Florencia-Ghio-1-696x464.jpg 696w\" sizes=\"auto, (max-width: 1000px) 100vw, 1000px\" \/><\/figure>\n\n\n\n<p>Naci\u00f3 en Buenos Aires, pero vivi\u00f3 durante su infancia y adolescencia en la provincia de Rio Negro.<\/p>\n\n\n\n<p>&nbsp;Se recibi\u00f3 de abogada en 2001 y realiz\u00f3 una maestr\u00eda en derecho penal y un posgrado en violencia familiar. Trabaja desde hace 28 a\u00f1os en la justicia nacional, siempre en el fuero penal, desempe\u00f1\u00e1ndose actualmente como Secretaria de un Tribunal Oral en lo Criminal Federal.<\/p>\n\n\n\n<p>Ejerci\u00f3 la docencia en numerosas universidades en c\u00e1tedras de Derecho Penal, Criminolog\u00eda y Filosof\u00eda del Derecho y actualmente da clases en la UBA, en la asignatura \u201cDelitos contra la integridad sexual\u201d.<\/p>\n\n\n\n<p>Ha publicado art\u00edculos de doctrina jur\u00eddica y tiene una extensa formaci\u00f3n en literatura.<br>Es autora de las novelas El Ciudadano (2016) y Aguas turbias (2024), y del libro de cuentos Amor Ciego y otros cuentos (2017). Sus obras recibieron elogiosas cr\u00edticas por parte de lectores, medios period\u00edsticos gr\u00e1ficos y radiales, adem\u00e1s de blogs especializados en literatura.<\/p>\n\n\n\n<p><strong>Instagram:<\/strong> @florencia.ghio&nbsp;<\/p>\n\n\n\n<p><\/p>\n","protected":false},"excerpt":{"rendered":"<p>El 29 de abril a las 16:00 horas, en la Feria del Libro, Sala Sarmiento \u2013 Pabell\u00f3n Blanco de la Exposici\u00f3n Rural Argentina, Florencia Ghio presenta su libro \u201cDe Cuello Blanco\u201d, adem\u00e1s se leer\u00e1n algunos fragmentos del libro y al finalizar la autora firmar\u00e1 ejemplares de su novela en el stand 628 \/ 630 del [&hellip;]<\/p>\n","protected":false},"author":3,"featured_media":29896,"comment_status":"open","ping_status":"closed","sticky":false,"template":"","format":"standard","meta":{"footnotes":""},"categories":[34,37],"tags":[],"class_list":{"0":"post-29892","1":"post","2":"type-post","3":"status-publish","4":"format-standard","5":"has-post-thumbnail","7":"category-arte","8":"category-libros"},"yoast_head":"<!-- This site is optimized with the Yoast SEO plugin v27.4 - https:\/\/yoast.com\/product\/yoast-seo-wordpress\/ -->\n<title>FLORENCIA GHIO PRESENTA SU NOVELA \u201cDE CUELLO BLANCO\u201d - Sergio Lapegue<\/title>\n<meta name=\"robots\" content=\"index, follow, max-snippet:-1, max-image-preview:large, max-video-preview:-1\" \/>\n<link rel=\"canonical\" href=\"https:\/\/sergiolapegue.com\/site\/2026\/04\/27\/florencia-ghio-presenta-su-novela-de-cuello-blanco\/\" \/>\n<meta property=\"og:locale\" content=\"es_ES\" \/>\n<meta property=\"og:type\" content=\"article\" \/>\n<meta property=\"og:title\" content=\"FLORENCIA GHIO PRESENTA SU NOVELA \u201cDE CUELLO BLANCO\u201d - Sergio Lapegue\" \/>\n<meta property=\"og:description\" content=\"El 29 de abril a las 16:00 horas, en la Feria del Libro, Sala Sarmiento \u2013 Pabell\u00f3n Blanco de la Exposici\u00f3n Rural Argentina, Florencia Ghio presenta su libro \u201cDe Cuello Blanco\u201d, adem\u00e1s se leer\u00e1n algunos fragmentos del libro y al finalizar la autora firmar\u00e1 ejemplares de su novela en el stand 628 \/ 630 del [&hellip;]\" \/>\n<meta property=\"og:url\" content=\"https:\/\/sergiolapegue.com\/site\/2026\/04\/27\/florencia-ghio-presenta-su-novela-de-cuello-blanco\/\" \/>\n<meta property=\"og:site_name\" content=\"Sergio Lapegue\" \/>\n<meta property=\"article:publisher\" content=\"https:\/\/facebook.com\/sergiolapegue\" \/>\n<meta property=\"article:author\" content=\"https:\/\/facebook.com\/danielernesto.montana\" \/>\n<meta property=\"article:published_time\" content=\"2026-04-27T04:00:00+00:00\" \/>\n<meta property=\"og:image\" content=\"https:\/\/sergiolapegue.com\/site\/wp-content\/uploads\/2026\/04\/Florencia-Ghio-presenta-su-nuevo-libro.jpg\" \/>\n\t<meta property=\"og:image:width\" content=\"1000\" \/>\n\t<meta property=\"og:image:height\" content=\"1432\" \/>\n\t<meta property=\"og:image:type\" content=\"image\/jpeg\" \/>\n<meta name=\"author\" content=\"Daniel E. Monta\u00f1a\" \/>\n<meta name=\"twitter:card\" content=\"summary_large_image\" \/>\n<meta name=\"twitter:creator\" content=\"@https:\/\/twitter.com\/daner_004\" \/>\n<meta name=\"twitter:site\" content=\"@sergiolapegue\" \/>\n<meta name=\"twitter:label1\" content=\"Escrito por\" \/>\n\t<meta name=\"twitter:data1\" content=\"Daniel E. Monta\u00f1a\" \/>\n\t<meta name=\"twitter:label2\" content=\"Tiempo de lectura\" \/>\n\t<meta name=\"twitter:data2\" content=\"4 minutos\" \/>\n<script type=\"application\/ld+json\" class=\"yoast-schema-graph\">{\"@context\":\"https:\\\/\\\/schema.org\",\"@graph\":[{\"@type\":\"Article\",\"@id\":\"https:\\\/\\\/sergiolapegue.com\\\/site\\\/2026\\\/04\\\/27\\\/florencia-ghio-presenta-su-novela-de-cuello-blanco\\\/#article\",\"isPartOf\":{\"@id\":\"https:\\\/\\\/sergiolapegue.com\\\/site\\\/2026\\\/04\\\/27\\\/florencia-ghio-presenta-su-novela-de-cuello-blanco\\\/\"},\"author\":{\"name\":\"Daniel E. Monta\u00f1a\",\"@id\":\"https:\\\/\\\/sergiolapegue.com\\\/site\\\/#\\\/schema\\\/person\\\/9198e7dbab43c6d74d0fd5399af7c3cd\"},\"headline\":\"FLORENCIA GHIO PRESENTA SU NOVELA \u201cDE CUELLO BLANCO\u201d\",\"datePublished\":\"2026-04-27T04:00:00+00:00\",\"mainEntityOfPage\":{\"@id\":\"https:\\\/\\\/sergiolapegue.com\\\/site\\\/2026\\\/04\\\/27\\\/florencia-ghio-presenta-su-novela-de-cuello-blanco\\\/\"},\"wordCount\":551,\"commentCount\":0,\"publisher\":{\"@id\":\"https:\\\/\\\/sergiolapegue.com\\\/site\\\/#\\\/schema\\\/person\\\/083aeceeb0734cd166779ea6c0551a37\"},\"image\":{\"@id\":\"https:\\\/\\\/sergiolapegue.com\\\/site\\\/2026\\\/04\\\/27\\\/florencia-ghio-presenta-su-novela-de-cuello-blanco\\\/#primaryimage\"},\"thumbnailUrl\":\"https:\\\/\\\/sergiolapegue.com\\\/site\\\/wp-content\\\/uploads\\\/2026\\\/04\\\/Florencia-Ghio-presenta-su-nuevo-libro.jpg\",\"articleSection\":[\"Arte\",\"Libros\"],\"inLanguage\":\"es-AR\",\"potentialAction\":[{\"@type\":\"CommentAction\",\"name\":\"Comment\",\"target\":[\"https:\\\/\\\/sergiolapegue.com\\\/site\\\/2026\\\/04\\\/27\\\/florencia-ghio-presenta-su-novela-de-cuello-blanco\\\/#respond\"]}]},{\"@type\":\"WebPage\",\"@id\":\"https:\\\/\\\/sergiolapegue.com\\\/site\\\/2026\\\/04\\\/27\\\/florencia-ghio-presenta-su-novela-de-cuello-blanco\\\/\",\"url\":\"https:\\\/\\\/sergiolapegue.com\\\/site\\\/2026\\\/04\\\/27\\\/florencia-ghio-presenta-su-novela-de-cuello-blanco\\\/\",\"name\":\"FLORENCIA GHIO PRESENTA SU NOVELA \u201cDE CUELLO BLANCO\u201d - Sergio Lapegue\",\"isPartOf\":{\"@id\":\"https:\\\/\\\/sergiolapegue.com\\\/site\\\/#website\"},\"primaryImageOfPage\":{\"@id\":\"https:\\\/\\\/sergiolapegue.com\\\/site\\\/2026\\\/04\\\/27\\\/florencia-ghio-presenta-su-novela-de-cuello-blanco\\\/#primaryimage\"},\"image\":{\"@id\":\"https:\\\/\\\/sergiolapegue.com\\\/site\\\/2026\\\/04\\\/27\\\/florencia-ghio-presenta-su-novela-de-cuello-blanco\\\/#primaryimage\"},\"thumbnailUrl\":\"https:\\\/\\\/sergiolapegue.com\\\/site\\\/wp-content\\\/uploads\\\/2026\\\/04\\\/Florencia-Ghio-presenta-su-nuevo-libro.jpg\",\"datePublished\":\"2026-04-27T04:00:00+00:00\",\"breadcrumb\":{\"@id\":\"https:\\\/\\\/sergiolapegue.com\\\/site\\\/2026\\\/04\\\/27\\\/florencia-ghio-presenta-su-novela-de-cuello-blanco\\\/#breadcrumb\"},\"inLanguage\":\"es-AR\",\"potentialAction\":[{\"@type\":\"ReadAction\",\"target\":[\"https:\\\/\\\/sergiolapegue.com\\\/site\\\/2026\\\/04\\\/27\\\/florencia-ghio-presenta-su-novela-de-cuello-blanco\\\/\"]}]},{\"@type\":\"ImageObject\",\"inLanguage\":\"es-AR\",\"@id\":\"https:\\\/\\\/sergiolapegue.com\\\/site\\\/2026\\\/04\\\/27\\\/florencia-ghio-presenta-su-novela-de-cuello-blanco\\\/#primaryimage\",\"url\":\"https:\\\/\\\/sergiolapegue.com\\\/site\\\/wp-content\\\/uploads\\\/2026\\\/04\\\/Florencia-Ghio-presenta-su-nuevo-libro.jpg\",\"contentUrl\":\"https:\\\/\\\/sergiolapegue.com\\\/site\\\/wp-content\\\/uploads\\\/2026\\\/04\\\/Florencia-Ghio-presenta-su-nuevo-libro.jpg\",\"width\":1000,\"height\":1432},{\"@type\":\"BreadcrumbList\",\"@id\":\"https:\\\/\\\/sergiolapegue.com\\\/site\\\/2026\\\/04\\\/27\\\/florencia-ghio-presenta-su-novela-de-cuello-blanco\\\/#breadcrumb\",\"itemListElement\":[{\"@type\":\"ListItem\",\"position\":1,\"name\":\"Inicio\",\"item\":\"https:\\\/\\\/sergiolapegue.com\\\/site\\\/\"},{\"@type\":\"ListItem\",\"position\":2,\"name\":\"FLORENCIA GHIO PRESENTA SU NOVELA \u201cDE CUELLO BLANCO\u201d\"}]},{\"@type\":\"WebSite\",\"@id\":\"https:\\\/\\\/sergiolapegue.com\\\/site\\\/#website\",\"url\":\"https:\\\/\\\/sergiolapegue.com\\\/site\\\/\",\"name\":\"Sergio Lapegue\",\"description\":\"Periodista\",\"publisher\":{\"@id\":\"https:\\\/\\\/sergiolapegue.com\\\/site\\\/#\\\/schema\\\/person\\\/083aeceeb0734cd166779ea6c0551a37\"},\"potentialAction\":[{\"@type\":\"SearchAction\",\"target\":{\"@type\":\"EntryPoint\",\"urlTemplate\":\"https:\\\/\\\/sergiolapegue.com\\\/site\\\/?s={search_term_string}\"},\"query-input\":{\"@type\":\"PropertyValueSpecification\",\"valueRequired\":true,\"valueName\":\"search_term_string\"}}],\"inLanguage\":\"es-AR\"},{\"@type\":[\"Person\",\"Organization\"],\"@id\":\"https:\\\/\\\/sergiolapegue.com\\\/site\\\/#\\\/schema\\\/person\\\/083aeceeb0734cd166779ea6c0551a37\",\"name\":\"Sergio Lapegue\",\"image\":{\"@type\":\"ImageObject\",\"inLanguage\":\"es-AR\",\"@id\":\"https:\\\/\\\/sergiolapegue.com\\\/site\\\/wp-content\\\/uploads\\\/2021\\\/04\\\/logo_header-1.png\",\"url\":\"https:\\\/\\\/sergiolapegue.com\\\/site\\\/wp-content\\\/uploads\\\/2021\\\/04\\\/logo_header-1.png\",\"contentUrl\":\"https:\\\/\\\/sergiolapegue.com\\\/site\\\/wp-content\\\/uploads\\\/2021\\\/04\\\/logo_header-1.png\",\"width\":272,\"height\":90,\"caption\":\"Sergio Lapegue\"},\"logo\":{\"@id\":\"https:\\\/\\\/sergiolapegue.com\\\/site\\\/wp-content\\\/uploads\\\/2021\\\/04\\\/logo_header-1.png\"},\"sameAs\":[\"https:\\\/\\\/facebook.com\\\/sergiolapegue\",\"https:\\\/\\\/instagram.com\\\/sergiolapegue\",\"https:\\\/\\\/x.com\\\/https:\\\/\\\/twitter.com\\\/sergiolapegue\"]},{\"@type\":\"Person\",\"@id\":\"https:\\\/\\\/sergiolapegue.com\\\/site\\\/#\\\/schema\\\/person\\\/9198e7dbab43c6d74d0fd5399af7c3cd\",\"name\":\"Daniel E. Monta\u00f1a\",\"image\":{\"@type\":\"ImageObject\",\"inLanguage\":\"es-AR\",\"@id\":\"https:\\\/\\\/sergiolapegue.com\\\/site\\\/wp-content\\\/uploads\\\/2021\\\/04\\\/sl_avatar_Daniel-150x150.jpg\",\"url\":\"https:\\\/\\\/sergiolapegue.com\\\/site\\\/wp-content\\\/uploads\\\/2021\\\/04\\\/sl_avatar_Daniel-150x150.jpg\",\"contentUrl\":\"https:\\\/\\\/sergiolapegue.com\\\/site\\\/wp-content\\\/uploads\\\/2021\\\/04\\\/sl_avatar_Daniel-150x150.jpg\",\"caption\":\"Daniel E. Monta\u00f1a\"},\"sameAs\":[\"https:\\\/\\\/facebook.com\\\/danielernesto.montana\",\"https:\\\/\\\/instagram.com\\\/daniel_montana1961\",\"https:\\\/\\\/x.com\\\/https:\\\/\\\/twitter.com\\\/daner_004\"],\"url\":\"https:\\\/\\\/sergiolapegue.com\\\/site\\\/author\\\/daniel\\\/\"}]}<\/script>\n<!-- \/ Yoast SEO plugin. -->","yoast_head_json":{"title":"FLORENCIA GHIO PRESENTA SU NOVELA \u201cDE CUELLO BLANCO\u201d - Sergio Lapegue","robots":{"index":"index","follow":"follow","max-snippet":"max-snippet:-1","max-image-preview":"max-image-preview:large","max-video-preview":"max-video-preview:-1"},"canonical":"https:\/\/sergiolapegue.com\/site\/2026\/04\/27\/florencia-ghio-presenta-su-novela-de-cuello-blanco\/","og_locale":"es_ES","og_type":"article","og_title":"FLORENCIA GHIO PRESENTA SU NOVELA \u201cDE CUELLO BLANCO\u201d - Sergio Lapegue","og_description":"El 29 de abril a las 16:00 horas, en la Feria del Libro, Sala Sarmiento \u2013 Pabell\u00f3n Blanco de la Exposici\u00f3n Rural Argentina, Florencia Ghio presenta su libro \u201cDe Cuello Blanco\u201d, adem\u00e1s se leer\u00e1n algunos fragmentos del libro y al finalizar la autora firmar\u00e1 ejemplares de su novela en el stand 628 \/ 630 del [&hellip;]","og_url":"https:\/\/sergiolapegue.com\/site\/2026\/04\/27\/florencia-ghio-presenta-su-novela-de-cuello-blanco\/","og_site_name":"Sergio Lapegue","article_publisher":"https:\/\/facebook.com\/sergiolapegue","article_author":"https:\/\/facebook.com\/danielernesto.montana","article_published_time":"2026-04-27T04:00:00+00:00","og_image":[{"width":1000,"height":1432,"url":"https:\/\/sergiolapegue.com\/site\/wp-content\/uploads\/2026\/04\/Florencia-Ghio-presenta-su-nuevo-libro.jpg","type":"image\/jpeg"}],"author":"Daniel E. Monta\u00f1a","twitter_card":"summary_large_image","twitter_creator":"@https:\/\/twitter.com\/daner_004","twitter_site":"@sergiolapegue","twitter_misc":{"Escrito por":"Daniel E. Monta\u00f1a","Tiempo de lectura":"4 minutos"},"schema":{"@context":"https:\/\/schema.org","@graph":[{"@type":"Article","@id":"https:\/\/sergiolapegue.com\/site\/2026\/04\/27\/florencia-ghio-presenta-su-novela-de-cuello-blanco\/#article","isPartOf":{"@id":"https:\/\/sergiolapegue.com\/site\/2026\/04\/27\/florencia-ghio-presenta-su-novela-de-cuello-blanco\/"},"author":{"name":"Daniel E. Monta\u00f1a","@id":"https:\/\/sergiolapegue.com\/site\/#\/schema\/person\/9198e7dbab43c6d74d0fd5399af7c3cd"},"headline":"FLORENCIA GHIO PRESENTA SU NOVELA \u201cDE CUELLO BLANCO\u201d","datePublished":"2026-04-27T04:00:00+00:00","mainEntityOfPage":{"@id":"https:\/\/sergiolapegue.com\/site\/2026\/04\/27\/florencia-ghio-presenta-su-novela-de-cuello-blanco\/"},"wordCount":551,"commentCount":0,"publisher":{"@id":"https:\/\/sergiolapegue.com\/site\/#\/schema\/person\/083aeceeb0734cd166779ea6c0551a37"},"image":{"@id":"https:\/\/sergiolapegue.com\/site\/2026\/04\/27\/florencia-ghio-presenta-su-novela-de-cuello-blanco\/#primaryimage"},"thumbnailUrl":"https:\/\/sergiolapegue.com\/site\/wp-content\/uploads\/2026\/04\/Florencia-Ghio-presenta-su-nuevo-libro.jpg","articleSection":["Arte","Libros"],"inLanguage":"es-AR","potentialAction":[{"@type":"CommentAction","name":"Comment","target":["https:\/\/sergiolapegue.com\/site\/2026\/04\/27\/florencia-ghio-presenta-su-novela-de-cuello-blanco\/#respond"]}]},{"@type":"WebPage","@id":"https:\/\/sergiolapegue.com\/site\/2026\/04\/27\/florencia-ghio-presenta-su-novela-de-cuello-blanco\/","url":"https:\/\/sergiolapegue.com\/site\/2026\/04\/27\/florencia-ghio-presenta-su-novela-de-cuello-blanco\/","name":"FLORENCIA GHIO PRESENTA SU NOVELA \u201cDE CUELLO BLANCO\u201d - Sergio Lapegue","isPartOf":{"@id":"https:\/\/sergiolapegue.com\/site\/#website"},"primaryImageOfPage":{"@id":"https:\/\/sergiolapegue.com\/site\/2026\/04\/27\/florencia-ghio-presenta-su-novela-de-cuello-blanco\/#primaryimage"},"image":{"@id":"https:\/\/sergiolapegue.com\/site\/2026\/04\/27\/florencia-ghio-presenta-su-novela-de-cuello-blanco\/#primaryimage"},"thumbnailUrl":"https:\/\/sergiolapegue.com\/site\/wp-content\/uploads\/2026\/04\/Florencia-Ghio-presenta-su-nuevo-libro.jpg","datePublished":"2026-04-27T04:00:00+00:00","breadcrumb":{"@id":"https:\/\/sergiolapegue.com\/site\/2026\/04\/27\/florencia-ghio-presenta-su-novela-de-cuello-blanco\/#breadcrumb"},"inLanguage":"es-AR","potentialAction":[{"@type":"ReadAction","target":["https:\/\/sergiolapegue.com\/site\/2026\/04\/27\/florencia-ghio-presenta-su-novela-de-cuello-blanco\/"]}]},{"@type":"ImageObject","inLanguage":"es-AR","@id":"https:\/\/sergiolapegue.com\/site\/2026\/04\/27\/florencia-ghio-presenta-su-novela-de-cuello-blanco\/#primaryimage","url":"https:\/\/sergiolapegue.com\/site\/wp-content\/uploads\/2026\/04\/Florencia-Ghio-presenta-su-nuevo-libro.jpg","contentUrl":"https:\/\/sergiolapegue.com\/site\/wp-content\/uploads\/2026\/04\/Florencia-Ghio-presenta-su-nuevo-libro.jpg","width":1000,"height":1432},{"@type":"BreadcrumbList","@id":"https:\/\/sergiolapegue.com\/site\/2026\/04\/27\/florencia-ghio-presenta-su-novela-de-cuello-blanco\/#breadcrumb","itemListElement":[{"@type":"ListItem","position":1,"name":"Inicio","item":"https:\/\/sergiolapegue.com\/site\/"},{"@type":"ListItem","position":2,"name":"FLORENCIA GHIO PRESENTA SU NOVELA \u201cDE CUELLO BLANCO\u201d"}]},{"@type":"WebSite","@id":"https:\/\/sergiolapegue.com\/site\/#website","url":"https:\/\/sergiolapegue.com\/site\/","name":"Sergio Lapegue","description":"Periodista","publisher":{"@id":"https:\/\/sergiolapegue.com\/site\/#\/schema\/person\/083aeceeb0734cd166779ea6c0551a37"},"potentialAction":[{"@type":"SearchAction","target":{"@type":"EntryPoint","urlTemplate":"https:\/\/sergiolapegue.com\/site\/?s={search_term_string}"},"query-input":{"@type":"PropertyValueSpecification","valueRequired":true,"valueName":"search_term_string"}}],"inLanguage":"es-AR"},{"@type":["Person","Organization"],"@id":"https:\/\/sergiolapegue.com\/site\/#\/schema\/person\/083aeceeb0734cd166779ea6c0551a37","name":"Sergio Lapegue","image":{"@type":"ImageObject","inLanguage":"es-AR","@id":"https:\/\/sergiolapegue.com\/site\/wp-content\/uploads\/2021\/04\/logo_header-1.png","url":"https:\/\/sergiolapegue.com\/site\/wp-content\/uploads\/2021\/04\/logo_header-1.png","contentUrl":"https:\/\/sergiolapegue.com\/site\/wp-content\/uploads\/2021\/04\/logo_header-1.png","width":272,"height":90,"caption":"Sergio Lapegue"},"logo":{"@id":"https:\/\/sergiolapegue.com\/site\/wp-content\/uploads\/2021\/04\/logo_header-1.png"},"sameAs":["https:\/\/facebook.com\/sergiolapegue","https:\/\/instagram.com\/sergiolapegue","https:\/\/x.com\/https:\/\/twitter.com\/sergiolapegue"]},{"@type":"Person","@id":"https:\/\/sergiolapegue.com\/site\/#\/schema\/person\/9198e7dbab43c6d74d0fd5399af7c3cd","name":"Daniel E. Monta\u00f1a","image":{"@type":"ImageObject","inLanguage":"es-AR","@id":"https:\/\/sergiolapegue.com\/site\/wp-content\/uploads\/2021\/04\/sl_avatar_Daniel-150x150.jpg","url":"https:\/\/sergiolapegue.com\/site\/wp-content\/uploads\/2021\/04\/sl_avatar_Daniel-150x150.jpg","contentUrl":"https:\/\/sergiolapegue.com\/site\/wp-content\/uploads\/2021\/04\/sl_avatar_Daniel-150x150.jpg","caption":"Daniel E. Monta\u00f1a"},"sameAs":["https:\/\/facebook.com\/danielernesto.montana","https:\/\/instagram.com\/daniel_montana1961","https:\/\/x.com\/https:\/\/twitter.com\/daner_004"],"url":"https:\/\/sergiolapegue.com\/site\/author\/daniel\/"}]}},"_links":{"self":[{"href":"https:\/\/sergiolapegue.com\/site\/wp-json\/wp\/v2\/posts\/29892","targetHints":{"allow":["GET"]}}],"collection":[{"href":"https:\/\/sergiolapegue.com\/site\/wp-json\/wp\/v2\/posts"}],"about":[{"href":"https:\/\/sergiolapegue.com\/site\/wp-json\/wp\/v2\/types\/post"}],"author":[{"embeddable":true,"href":"https:\/\/sergiolapegue.com\/site\/wp-json\/wp\/v2\/users\/3"}],"replies":[{"embeddable":true,"href":"https:\/\/sergiolapegue.com\/site\/wp-json\/wp\/v2\/comments?post=29892"}],"version-history":[{"count":1,"href":"https:\/\/sergiolapegue.com\/site\/wp-json\/wp\/v2\/posts\/29892\/revisions"}],"predecessor-version":[{"id":29897,"href":"https:\/\/sergiolapegue.com\/site\/wp-json\/wp\/v2\/posts\/29892\/revisions\/29897"}],"wp:featuredmedia":[{"embeddable":true,"href":"https:\/\/sergiolapegue.com\/site\/wp-json\/wp\/v2\/media\/29896"}],"wp:attachment":[{"href":"https:\/\/sergiolapegue.com\/site\/wp-json\/wp\/v2\/media?parent=29892"}],"wp:term":[{"taxonomy":"category","embeddable":true,"href":"https:\/\/sergiolapegue.com\/site\/wp-json\/wp\/v2\/categories?post=29892"},{"taxonomy":"post_tag","embeddable":true,"href":"https:\/\/sergiolapegue.com\/site\/wp-json\/wp\/v2\/tags?post=29892"}],"curies":[{"name":"wp","href":"https:\/\/api.w.org\/{rel}","templated":true}]}}