{"id":29885,"date":"2026-04-27T09:00:00","date_gmt":"2026-04-27T12:00:00","guid":{"rendered":"https:\/\/sergiolapegue.com\/site\/?p=29885"},"modified":"2026-04-26T21:36:49","modified_gmt":"2026-04-27T00:36:49","slug":"caricias-de-sergio-belbel","status":"publish","type":"post","link":"https:\/\/sergiolapegue.com\/site\/2026\/04\/27\/caricias-de-sergio-belbel\/","title":{"rendered":"\u201cCARICIAS\u201d \u2013 DE SERGIO BELBEL"},"content":{"rendered":"\n<p>El primer domingo de mayo sube a escena \u201cCaricias\u201d, de Sergio Belbel, sobre una versi\u00f3n de Andr\u00e9s Bazzalo, quien tambi\u00e9n dirige y cuenta con las actuaciones de Juli\u00e1n Chertkoff, Poppy Murray, Adriana Dicaprio, Paula Rubinsztein, Jorge Prado, Joaqu\u00edn Sequeira Vega, Mart\u00edn Dodera, Mariana Cinat,&nbsp;Daniel&nbsp;Alvaredo, Felipe Mariuzzi y Silvia Kalfaian.<\/p>\n\n\n\n<p>Las funciones tendr\u00e1n lugar los d\u00edas domingos de mayo y junio a las 20:00 horas, en El Port\u00f3n de S\u00e1nchez.<\/p>\n\n\n\n<figure class=\"wp-block-image size-full\"><img loading=\"lazy\" decoding=\"async\" width=\"1000\" height=\"667\" src=\"https:\/\/sergiolapegue.com\/site\/wp-content\/uploads\/2026\/04\/Caricias-1.jpg\" alt=\"\" class=\"wp-image-29886\" srcset=\"https:\/\/sergiolapegue.com\/site\/wp-content\/uploads\/2026\/04\/Caricias-1.jpg 1000w, https:\/\/sergiolapegue.com\/site\/wp-content\/uploads\/2026\/04\/Caricias-1-300x200.jpg 300w, https:\/\/sergiolapegue.com\/site\/wp-content\/uploads\/2026\/04\/Caricias-1-768x512.jpg 768w, https:\/\/sergiolapegue.com\/site\/wp-content\/uploads\/2026\/04\/Caricias-1-630x420.jpg 630w, https:\/\/sergiolapegue.com\/site\/wp-content\/uploads\/2026\/04\/Caricias-1-696x464.jpg 696w\" sizes=\"auto, (max-width: 1000px) 100vw, 1000px\" \/><\/figure>\n\n\n\n<p><strong>SINOPSIS<\/strong><\/p>\n\n\n\n<p>\u201cCaricias\u201d explora las complejidades y contradicciones de las relaciones humanas a trav\u00e9s de una estructura fragmentada y no lineal, una serie de escenas donde personajes de distintas edades y niveles sociales, en una gran urbe, intentan comunicarse, pero que s\u00f3lo consiguen un contacto superficial, doloroso o involuntariamente violento.<\/p>\n\n\n\n<figure class=\"wp-block-image size-large\"><img loading=\"lazy\" decoding=\"async\" width=\"1024\" height=\"455\" src=\"https:\/\/sergiolapegue.com\/site\/wp-content\/uploads\/2026\/04\/Caricias-2-1024x455.jpg\" alt=\"\" class=\"wp-image-29887\" srcset=\"https:\/\/sergiolapegue.com\/site\/wp-content\/uploads\/2026\/04\/Caricias-2-1024x455.jpg 1024w, https:\/\/sergiolapegue.com\/site\/wp-content\/uploads\/2026\/04\/Caricias-2-300x133.jpg 300w, https:\/\/sergiolapegue.com\/site\/wp-content\/uploads\/2026\/04\/Caricias-2-768x341.jpg 768w, https:\/\/sergiolapegue.com\/site\/wp-content\/uploads\/2026\/04\/Caricias-2-1536x682.jpg 1536w, https:\/\/sergiolapegue.com\/site\/wp-content\/uploads\/2026\/04\/Caricias-2-946x420.jpg 946w, https:\/\/sergiolapegue.com\/site\/wp-content\/uploads\/2026\/04\/Caricias-2-696x309.jpg 696w, https:\/\/sergiolapegue.com\/site\/wp-content\/uploads\/2026\/04\/Caricias-2-1068x474.jpg 1068w, https:\/\/sergiolapegue.com\/site\/wp-content\/uploads\/2026\/04\/Caricias-2.jpg 1897w\" sizes=\"auto, (max-width: 1024px) 100vw, 1024px\" \/><\/figure>\n\n\n\n<p><strong>FICHA T\u00c9CNICO ART\u00cdSTICA<\/strong><strong><\/strong><\/p>\n\n\n\n<p><strong>Autor:&nbsp;<\/strong>Sergi Belbel<\/p>\n\n\n\n<p><strong>Versi\u00f3n:&nbsp;<\/strong>Andr\u00e9s&nbsp;Bazzalo<\/p>\n\n\n\n<p><strong>Elenco por orden de aparici\u00f3n:&nbsp;<\/strong>Juli\u00e1n Chertkoff, Poppy Murray, Adriana Dicaprio, Paula Rubinsztein, Jorge Prado, Joaqu\u00edn Sequeira Vega, Mart\u00edn Dodera, Mariana Cinat,&nbsp;Daniel&nbsp;Alvaredo, Felipe Mariuzzi y Silvia Kalfaian.<\/p>\n\n\n\n<p><strong>Dise\u00f1o de vestuario:<\/strong> Adriana Dicaprio<\/p>\n\n\n\n<p><strong>Dise\u00f1o de escenograf\u00eda:<\/strong> Alejandro Mateo &nbsp;<\/p>\n\n\n\n<p><strong>Dise\u00f1o&nbsp;de&nbsp;luces:&nbsp;<\/strong>Soledad&nbsp;Ianni<\/p>\n\n\n\n<p><strong>Foto:&nbsp;<\/strong>Diego Astarita\/AFS<\/p>\n\n\n\n<p><strong>Gr\u00e1fica:<\/strong> Camilo Lowy<\/p>\n\n\n\n<p><strong>CM:<\/strong> Mutar Agencia Digital<\/p>\n\n\n\n<p><strong>Prensa:<\/strong> Natalia Bocca<\/p>\n\n\n\n<p><strong>Asistencia de direcci\u00f3n:<\/strong> Bris Hunglinger<\/p>\n\n\n\n<p><strong>Producci\u00f3n ejecutiva:<\/strong> Poppy Murray<\/p>\n\n\n\n<p><strong>Direcci\u00f3n&nbsp;general:&nbsp;<\/strong>Andr\u00e9s&nbsp;Bazzalo<\/p>\n\n\n\n<p><strong>Duraci\u00f3n:&nbsp;<\/strong>80&nbsp;minutos<\/p>\n\n\n\n<p><strong>Clasificaci\u00f3n:<\/strong> Teatro \u2013 Presencial \u2013 Adultos<\/p>\n\n\n\n<figure class=\"wp-block-image size-full\"><img loading=\"lazy\" decoding=\"async\" width=\"1000\" height=\"921\" src=\"https:\/\/sergiolapegue.com\/site\/wp-content\/uploads\/2026\/04\/Caricias-3.jpg\" alt=\"\" class=\"wp-image-29888\" srcset=\"https:\/\/sergiolapegue.com\/site\/wp-content\/uploads\/2026\/04\/Caricias-3.jpg 1000w, https:\/\/sergiolapegue.com\/site\/wp-content\/uploads\/2026\/04\/Caricias-3-300x276.jpg 300w, https:\/\/sergiolapegue.com\/site\/wp-content\/uploads\/2026\/04\/Caricias-3-768x707.jpg 768w, https:\/\/sergiolapegue.com\/site\/wp-content\/uploads\/2026\/04\/Caricias-3-456x420.jpg 456w, https:\/\/sergiolapegue.com\/site\/wp-content\/uploads\/2026\/04\/Caricias-3-696x641.jpg 696w\" sizes=\"auto, (max-width: 1000px) 100vw, 1000px\" \/><\/figure>\n\n\n\n<p><strong>EL PORT\u00d3N DE S\u00c1NCHEZ<\/strong><strong><\/strong><\/p>\n\n\n\n<p>S\u00e1nchez de Bustamante 1034 \u2013 Capital Federal \u2013 Buenos Aires \u2013 Argentina<\/p>\n\n\n\n<p>Tel\u00e9fono: 7528-8019<\/p>\n\n\n\n<p>Web: <a href=\"http:\/\/www.elportondesanchez.com.ar\/\">http:\/\/www.elportondesanchez.com.ar\/<\/a><\/p>\n\n\n\n<p>Entradas: $ 20.000 \u2013 en boleter\u00eda del teatro o por Alternativa Teatral \u2013 Link:<\/p>\n\n\n\n<p><a href=\"https:\/\/publico.alternativateatral.com\/entradas100603-caricias?o=14\">Entradas para Caricias en EL PORTON DE SANCHEZ &#8211; Alternativa Teatral<\/a><\/p>\n\n\n\n<p>Funciones: Domingos 20:00 horas \u2013 Del 03\/05\/2026 al &nbsp;28\/06\/2026<\/p>\n\n\n\n<p>Gracias Natalia Bocca por acercarnos la gacetilla de prensa del estreno de esta obra.<\/p>\n\n\n\n<p><strong>SOBRE EL DIRECTOR<\/strong><strong><\/strong><\/p>\n\n\n\n<figure class=\"wp-block-image size-full is-resized\"><img loading=\"lazy\" decoding=\"async\" width=\"1000\" height=\"998\" src=\"https:\/\/sergiolapegue.com\/site\/wp-content\/uploads\/2026\/04\/Caricias-Andres-Bazzalo.jpg\" alt=\"\" class=\"wp-image-29889\" style=\"aspect-ratio:1.0020245647185855;width:332px;height:auto\" srcset=\"https:\/\/sergiolapegue.com\/site\/wp-content\/uploads\/2026\/04\/Caricias-Andres-Bazzalo.jpg 1000w, https:\/\/sergiolapegue.com\/site\/wp-content\/uploads\/2026\/04\/Caricias-Andres-Bazzalo-300x300.jpg 300w, https:\/\/sergiolapegue.com\/site\/wp-content\/uploads\/2026\/04\/Caricias-Andres-Bazzalo-150x150.jpg 150w, https:\/\/sergiolapegue.com\/site\/wp-content\/uploads\/2026\/04\/Caricias-Andres-Bazzalo-768x766.jpg 768w, https:\/\/sergiolapegue.com\/site\/wp-content\/uploads\/2026\/04\/Caricias-Andres-Bazzalo-421x420.jpg 421w, https:\/\/sergiolapegue.com\/site\/wp-content\/uploads\/2026\/04\/Caricias-Andres-Bazzalo-696x695.jpg 696w\" sizes=\"auto, (max-width: 1000px) 100vw, 1000px\" \/><\/figure>\n\n\n\n<p>Andr\u00e9s Bazzalo es&nbsp;autor,&nbsp;director&nbsp;y&nbsp;profesor&nbsp;teatral.<\/p>\n\n\n\n<p>A lo largo de su carrera ha sido reconocido con los premios Estrella de Mar, Luisa Vehil, Trinidad Guevara; ACE, Mar\u00eda Guerrero, Teatro del Mundo, Teatro XXI (GETEA \u2013 UBA); Certamen Metropolitano de Espect\u00e1culos para Ni\u00f1os y nominaciones&nbsp;a&nbsp;los&nbsp;premios;&nbsp;Florencio&nbsp;S\u00e1nchez,&nbsp;Mar\u00eda Guerrero, Carlos, etc.<\/p>\n\n\n\n<p>Fue profesor Titular de Direcci\u00f3n de la Puesta en Escena II y Direcci\u00f3n de Actores II de la Carrera de Puesta en Escena y de Puesta en Escena del Profesorado en Teatro de la Escuela Metropolitana de Arte (EMAD), y Titular de Direcci\u00f3n Teatral II, en la Licenciatura en Direcci\u00f3n Esc\u00e9nica de la Universidad Nacional de las Artes (UNA).<\/p>\n\n\n\n<p>Ha dictado cursos de actuaci\u00f3n, de direcci\u00f3n teatral, de pedagog\u00eda teatral o seminarios en distintas instituciones de la ciudad (C.C. Rojas; E.N.A.D., E.M.A.D., Andamio, La Barraca, I.F.T.,&nbsp;etc.)&nbsp;y&nbsp;en&nbsp;distintas&nbsp;provincias&nbsp;del pa\u00eds y en el exterior. Ha sido profesor de Pr\u00e1ctica de la Ense\u00f1anza a Actores en la Carrera de Pedagog\u00eda Teatral de la Escuela Nacional de Arte Dram\u00e1tico desde 1993 al 2002, adem\u00e1s de haberse desempe\u00f1ado como Vice Director de la EMAD desde 1997 a diciembre del 2006.<\/p>\n\n\n\n<p><\/p>\n","protected":false},"excerpt":{"rendered":"<p>El primer domingo de mayo sube a escena \u201cCaricias\u201d, de Sergio Belbel, sobre una versi\u00f3n de Andr\u00e9s Bazzalo, quien tambi\u00e9n dirige y cuenta con las actuaciones de Juli\u00e1n Chertkoff, Poppy Murray, Adriana Dicaprio, Paula Rubinsztein, Jorge Prado, Joaqu\u00edn Sequeira Vega, Mart\u00edn Dodera, Mariana Cinat,&nbsp;Daniel&nbsp;Alvaredo, Felipe Mariuzzi y Silvia Kalfaian. Las funciones tendr\u00e1n lugar los d\u00edas [&hellip;]<\/p>\n","protected":false},"author":3,"featured_media":29890,"comment_status":"open","ping_status":"closed","sticky":false,"template":"","format":"standard","meta":{"footnotes":""},"categories":[34,35],"tags":[],"class_list":{"0":"post-29885","1":"post","2":"type-post","3":"status-publish","4":"format-standard","5":"has-post-thumbnail","7":"category-arte","8":"category-teatro"},"yoast_head":"<!-- This site is optimized with the Yoast SEO plugin v27.4 - https:\/\/yoast.com\/product\/yoast-seo-wordpress\/ -->\n<title>\u201cCARICIAS\u201d \u2013 DE SERGIO BELBEL - Sergio Lapegue<\/title>\n<meta name=\"robots\" content=\"index, follow, max-snippet:-1, max-image-preview:large, max-video-preview:-1\" \/>\n<link rel=\"canonical\" href=\"https:\/\/sergiolapegue.com\/site\/2026\/04\/27\/caricias-de-sergio-belbel\/\" \/>\n<meta property=\"og:locale\" content=\"es_ES\" \/>\n<meta property=\"og:type\" content=\"article\" \/>\n<meta property=\"og:title\" content=\"\u201cCARICIAS\u201d \u2013 DE SERGIO BELBEL - Sergio Lapegue\" \/>\n<meta property=\"og:description\" content=\"El primer domingo de mayo sube a escena \u201cCaricias\u201d, de Sergio Belbel, sobre una versi\u00f3n de Andr\u00e9s Bazzalo, quien tambi\u00e9n dirige y cuenta con las actuaciones de Juli\u00e1n Chertkoff, Poppy Murray, Adriana Dicaprio, Paula Rubinsztein, Jorge Prado, Joaqu\u00edn Sequeira Vega, Mart\u00edn Dodera, Mariana Cinat,&nbsp;Daniel&nbsp;Alvaredo, Felipe Mariuzzi y Silvia Kalfaian. Las funciones tendr\u00e1n lugar los d\u00edas [&hellip;]\" \/>\n<meta property=\"og:url\" content=\"https:\/\/sergiolapegue.com\/site\/2026\/04\/27\/caricias-de-sergio-belbel\/\" \/>\n<meta property=\"og:site_name\" content=\"Sergio Lapegue\" \/>\n<meta property=\"article:publisher\" content=\"https:\/\/facebook.com\/sergiolapegue\" \/>\n<meta property=\"article:author\" content=\"https:\/\/facebook.com\/danielernesto.montana\" \/>\n<meta property=\"article:published_time\" content=\"2026-04-27T12:00:00+00:00\" \/>\n<meta property=\"og:image\" content=\"https:\/\/sergiolapegue.com\/site\/wp-content\/uploads\/2026\/04\/Caricias.jpg\" \/>\n\t<meta property=\"og:image:width\" content=\"1000\" \/>\n\t<meta property=\"og:image:height\" content=\"1250\" \/>\n\t<meta property=\"og:image:type\" content=\"image\/jpeg\" \/>\n<meta name=\"author\" content=\"Daniel E. Monta\u00f1a\" \/>\n<meta name=\"twitter:card\" content=\"summary_large_image\" \/>\n<meta name=\"twitter:creator\" content=\"@https:\/\/twitter.com\/daner_004\" \/>\n<meta name=\"twitter:site\" content=\"@sergiolapegue\" \/>\n<meta name=\"twitter:label1\" content=\"Escrito por\" \/>\n\t<meta name=\"twitter:data1\" content=\"Daniel E. Monta\u00f1a\" \/>\n\t<meta name=\"twitter:label2\" content=\"Tiempo de lectura\" \/>\n\t<meta name=\"twitter:data2\" content=\"4 minutos\" \/>\n<script type=\"application\/ld+json\" class=\"yoast-schema-graph\">{\"@context\":\"https:\\\/\\\/schema.org\",\"@graph\":[{\"@type\":\"Article\",\"@id\":\"https:\\\/\\\/sergiolapegue.com\\\/site\\\/2026\\\/04\\\/27\\\/caricias-de-sergio-belbel\\\/#article\",\"isPartOf\":{\"@id\":\"https:\\\/\\\/sergiolapegue.com\\\/site\\\/2026\\\/04\\\/27\\\/caricias-de-sergio-belbel\\\/\"},\"author\":{\"name\":\"Daniel E. Monta\u00f1a\",\"@id\":\"https:\\\/\\\/sergiolapegue.com\\\/site\\\/#\\\/schema\\\/person\\\/9198e7dbab43c6d74d0fd5399af7c3cd\"},\"headline\":\"\u201cCARICIAS\u201d \u2013 DE SERGIO BELBEL\",\"datePublished\":\"2026-04-27T12:00:00+00:00\",\"mainEntityOfPage\":{\"@id\":\"https:\\\/\\\/sergiolapegue.com\\\/site\\\/2026\\\/04\\\/27\\\/caricias-de-sergio-belbel\\\/\"},\"wordCount\":565,\"commentCount\":0,\"publisher\":{\"@id\":\"https:\\\/\\\/sergiolapegue.com\\\/site\\\/#\\\/schema\\\/person\\\/083aeceeb0734cd166779ea6c0551a37\"},\"image\":{\"@id\":\"https:\\\/\\\/sergiolapegue.com\\\/site\\\/2026\\\/04\\\/27\\\/caricias-de-sergio-belbel\\\/#primaryimage\"},\"thumbnailUrl\":\"https:\\\/\\\/sergiolapegue.com\\\/site\\\/wp-content\\\/uploads\\\/2026\\\/04\\\/Caricias.jpg\",\"articleSection\":[\"Arte\",\"Teatro\"],\"inLanguage\":\"es-AR\",\"potentialAction\":[{\"@type\":\"CommentAction\",\"name\":\"Comment\",\"target\":[\"https:\\\/\\\/sergiolapegue.com\\\/site\\\/2026\\\/04\\\/27\\\/caricias-de-sergio-belbel\\\/#respond\"]}]},{\"@type\":\"WebPage\",\"@id\":\"https:\\\/\\\/sergiolapegue.com\\\/site\\\/2026\\\/04\\\/27\\\/caricias-de-sergio-belbel\\\/\",\"url\":\"https:\\\/\\\/sergiolapegue.com\\\/site\\\/2026\\\/04\\\/27\\\/caricias-de-sergio-belbel\\\/\",\"name\":\"\u201cCARICIAS\u201d \u2013 DE SERGIO BELBEL - Sergio Lapegue\",\"isPartOf\":{\"@id\":\"https:\\\/\\\/sergiolapegue.com\\\/site\\\/#website\"},\"primaryImageOfPage\":{\"@id\":\"https:\\\/\\\/sergiolapegue.com\\\/site\\\/2026\\\/04\\\/27\\\/caricias-de-sergio-belbel\\\/#primaryimage\"},\"image\":{\"@id\":\"https:\\\/\\\/sergiolapegue.com\\\/site\\\/2026\\\/04\\\/27\\\/caricias-de-sergio-belbel\\\/#primaryimage\"},\"thumbnailUrl\":\"https:\\\/\\\/sergiolapegue.com\\\/site\\\/wp-content\\\/uploads\\\/2026\\\/04\\\/Caricias.jpg\",\"datePublished\":\"2026-04-27T12:00:00+00:00\",\"breadcrumb\":{\"@id\":\"https:\\\/\\\/sergiolapegue.com\\\/site\\\/2026\\\/04\\\/27\\\/caricias-de-sergio-belbel\\\/#breadcrumb\"},\"inLanguage\":\"es-AR\",\"potentialAction\":[{\"@type\":\"ReadAction\",\"target\":[\"https:\\\/\\\/sergiolapegue.com\\\/site\\\/2026\\\/04\\\/27\\\/caricias-de-sergio-belbel\\\/\"]}]},{\"@type\":\"ImageObject\",\"inLanguage\":\"es-AR\",\"@id\":\"https:\\\/\\\/sergiolapegue.com\\\/site\\\/2026\\\/04\\\/27\\\/caricias-de-sergio-belbel\\\/#primaryimage\",\"url\":\"https:\\\/\\\/sergiolapegue.com\\\/site\\\/wp-content\\\/uploads\\\/2026\\\/04\\\/Caricias.jpg\",\"contentUrl\":\"https:\\\/\\\/sergiolapegue.com\\\/site\\\/wp-content\\\/uploads\\\/2026\\\/04\\\/Caricias.jpg\",\"width\":1000,\"height\":1250},{\"@type\":\"BreadcrumbList\",\"@id\":\"https:\\\/\\\/sergiolapegue.com\\\/site\\\/2026\\\/04\\\/27\\\/caricias-de-sergio-belbel\\\/#breadcrumb\",\"itemListElement\":[{\"@type\":\"ListItem\",\"position\":1,\"name\":\"Inicio\",\"item\":\"https:\\\/\\\/sergiolapegue.com\\\/site\\\/\"},{\"@type\":\"ListItem\",\"position\":2,\"name\":\"\u201cCARICIAS\u201d \u2013 DE SERGIO BELBEL\"}]},{\"@type\":\"WebSite\",\"@id\":\"https:\\\/\\\/sergiolapegue.com\\\/site\\\/#website\",\"url\":\"https:\\\/\\\/sergiolapegue.com\\\/site\\\/\",\"name\":\"Sergio Lapegue\",\"description\":\"Periodista\",\"publisher\":{\"@id\":\"https:\\\/\\\/sergiolapegue.com\\\/site\\\/#\\\/schema\\\/person\\\/083aeceeb0734cd166779ea6c0551a37\"},\"potentialAction\":[{\"@type\":\"SearchAction\",\"target\":{\"@type\":\"EntryPoint\",\"urlTemplate\":\"https:\\\/\\\/sergiolapegue.com\\\/site\\\/?s={search_term_string}\"},\"query-input\":{\"@type\":\"PropertyValueSpecification\",\"valueRequired\":true,\"valueName\":\"search_term_string\"}}],\"inLanguage\":\"es-AR\"},{\"@type\":[\"Person\",\"Organization\"],\"@id\":\"https:\\\/\\\/sergiolapegue.com\\\/site\\\/#\\\/schema\\\/person\\\/083aeceeb0734cd166779ea6c0551a37\",\"name\":\"Sergio Lapegue\",\"image\":{\"@type\":\"ImageObject\",\"inLanguage\":\"es-AR\",\"@id\":\"https:\\\/\\\/sergiolapegue.com\\\/site\\\/wp-content\\\/uploads\\\/2021\\\/04\\\/logo_header-1.png\",\"url\":\"https:\\\/\\\/sergiolapegue.com\\\/site\\\/wp-content\\\/uploads\\\/2021\\\/04\\\/logo_header-1.png\",\"contentUrl\":\"https:\\\/\\\/sergiolapegue.com\\\/site\\\/wp-content\\\/uploads\\\/2021\\\/04\\\/logo_header-1.png\",\"width\":272,\"height\":90,\"caption\":\"Sergio Lapegue\"},\"logo\":{\"@id\":\"https:\\\/\\\/sergiolapegue.com\\\/site\\\/wp-content\\\/uploads\\\/2021\\\/04\\\/logo_header-1.png\"},\"sameAs\":[\"https:\\\/\\\/facebook.com\\\/sergiolapegue\",\"https:\\\/\\\/instagram.com\\\/sergiolapegue\",\"https:\\\/\\\/x.com\\\/https:\\\/\\\/twitter.com\\\/sergiolapegue\"]},{\"@type\":\"Person\",\"@id\":\"https:\\\/\\\/sergiolapegue.com\\\/site\\\/#\\\/schema\\\/person\\\/9198e7dbab43c6d74d0fd5399af7c3cd\",\"name\":\"Daniel E. Monta\u00f1a\",\"image\":{\"@type\":\"ImageObject\",\"inLanguage\":\"es-AR\",\"@id\":\"https:\\\/\\\/sergiolapegue.com\\\/site\\\/wp-content\\\/uploads\\\/2021\\\/04\\\/sl_avatar_Daniel-150x150.jpg\",\"url\":\"https:\\\/\\\/sergiolapegue.com\\\/site\\\/wp-content\\\/uploads\\\/2021\\\/04\\\/sl_avatar_Daniel-150x150.jpg\",\"contentUrl\":\"https:\\\/\\\/sergiolapegue.com\\\/site\\\/wp-content\\\/uploads\\\/2021\\\/04\\\/sl_avatar_Daniel-150x150.jpg\",\"caption\":\"Daniel E. Monta\u00f1a\"},\"sameAs\":[\"https:\\\/\\\/facebook.com\\\/danielernesto.montana\",\"https:\\\/\\\/instagram.com\\\/daniel_montana1961\",\"https:\\\/\\\/x.com\\\/https:\\\/\\\/twitter.com\\\/daner_004\"],\"url\":\"https:\\\/\\\/sergiolapegue.com\\\/site\\\/author\\\/daniel\\\/\"}]}<\/script>\n<!-- \/ Yoast SEO plugin. -->","yoast_head_json":{"title":"\u201cCARICIAS\u201d \u2013 DE SERGIO BELBEL - Sergio Lapegue","robots":{"index":"index","follow":"follow","max-snippet":"max-snippet:-1","max-image-preview":"max-image-preview:large","max-video-preview":"max-video-preview:-1"},"canonical":"https:\/\/sergiolapegue.com\/site\/2026\/04\/27\/caricias-de-sergio-belbel\/","og_locale":"es_ES","og_type":"article","og_title":"\u201cCARICIAS\u201d \u2013 DE SERGIO BELBEL - Sergio Lapegue","og_description":"El primer domingo de mayo sube a escena \u201cCaricias\u201d, de Sergio Belbel, sobre una versi\u00f3n de Andr\u00e9s Bazzalo, quien tambi\u00e9n dirige y cuenta con las actuaciones de Juli\u00e1n Chertkoff, Poppy Murray, Adriana Dicaprio, Paula Rubinsztein, Jorge Prado, Joaqu\u00edn Sequeira Vega, Mart\u00edn Dodera, Mariana Cinat,&nbsp;Daniel&nbsp;Alvaredo, Felipe Mariuzzi y Silvia Kalfaian. Las funciones tendr\u00e1n lugar los d\u00edas [&hellip;]","og_url":"https:\/\/sergiolapegue.com\/site\/2026\/04\/27\/caricias-de-sergio-belbel\/","og_site_name":"Sergio Lapegue","article_publisher":"https:\/\/facebook.com\/sergiolapegue","article_author":"https:\/\/facebook.com\/danielernesto.montana","article_published_time":"2026-04-27T12:00:00+00:00","og_image":[{"width":1000,"height":1250,"url":"https:\/\/sergiolapegue.com\/site\/wp-content\/uploads\/2026\/04\/Caricias.jpg","type":"image\/jpeg"}],"author":"Daniel E. Monta\u00f1a","twitter_card":"summary_large_image","twitter_creator":"@https:\/\/twitter.com\/daner_004","twitter_site":"@sergiolapegue","twitter_misc":{"Escrito por":"Daniel E. Monta\u00f1a","Tiempo de lectura":"4 minutos"},"schema":{"@context":"https:\/\/schema.org","@graph":[{"@type":"Article","@id":"https:\/\/sergiolapegue.com\/site\/2026\/04\/27\/caricias-de-sergio-belbel\/#article","isPartOf":{"@id":"https:\/\/sergiolapegue.com\/site\/2026\/04\/27\/caricias-de-sergio-belbel\/"},"author":{"name":"Daniel E. Monta\u00f1a","@id":"https:\/\/sergiolapegue.com\/site\/#\/schema\/person\/9198e7dbab43c6d74d0fd5399af7c3cd"},"headline":"\u201cCARICIAS\u201d \u2013 DE SERGIO BELBEL","datePublished":"2026-04-27T12:00:00+00:00","mainEntityOfPage":{"@id":"https:\/\/sergiolapegue.com\/site\/2026\/04\/27\/caricias-de-sergio-belbel\/"},"wordCount":565,"commentCount":0,"publisher":{"@id":"https:\/\/sergiolapegue.com\/site\/#\/schema\/person\/083aeceeb0734cd166779ea6c0551a37"},"image":{"@id":"https:\/\/sergiolapegue.com\/site\/2026\/04\/27\/caricias-de-sergio-belbel\/#primaryimage"},"thumbnailUrl":"https:\/\/sergiolapegue.com\/site\/wp-content\/uploads\/2026\/04\/Caricias.jpg","articleSection":["Arte","Teatro"],"inLanguage":"es-AR","potentialAction":[{"@type":"CommentAction","name":"Comment","target":["https:\/\/sergiolapegue.com\/site\/2026\/04\/27\/caricias-de-sergio-belbel\/#respond"]}]},{"@type":"WebPage","@id":"https:\/\/sergiolapegue.com\/site\/2026\/04\/27\/caricias-de-sergio-belbel\/","url":"https:\/\/sergiolapegue.com\/site\/2026\/04\/27\/caricias-de-sergio-belbel\/","name":"\u201cCARICIAS\u201d \u2013 DE SERGIO BELBEL - Sergio Lapegue","isPartOf":{"@id":"https:\/\/sergiolapegue.com\/site\/#website"},"primaryImageOfPage":{"@id":"https:\/\/sergiolapegue.com\/site\/2026\/04\/27\/caricias-de-sergio-belbel\/#primaryimage"},"image":{"@id":"https:\/\/sergiolapegue.com\/site\/2026\/04\/27\/caricias-de-sergio-belbel\/#primaryimage"},"thumbnailUrl":"https:\/\/sergiolapegue.com\/site\/wp-content\/uploads\/2026\/04\/Caricias.jpg","datePublished":"2026-04-27T12:00:00+00:00","breadcrumb":{"@id":"https:\/\/sergiolapegue.com\/site\/2026\/04\/27\/caricias-de-sergio-belbel\/#breadcrumb"},"inLanguage":"es-AR","potentialAction":[{"@type":"ReadAction","target":["https:\/\/sergiolapegue.com\/site\/2026\/04\/27\/caricias-de-sergio-belbel\/"]}]},{"@type":"ImageObject","inLanguage":"es-AR","@id":"https:\/\/sergiolapegue.com\/site\/2026\/04\/27\/caricias-de-sergio-belbel\/#primaryimage","url":"https:\/\/sergiolapegue.com\/site\/wp-content\/uploads\/2026\/04\/Caricias.jpg","contentUrl":"https:\/\/sergiolapegue.com\/site\/wp-content\/uploads\/2026\/04\/Caricias.jpg","width":1000,"height":1250},{"@type":"BreadcrumbList","@id":"https:\/\/sergiolapegue.com\/site\/2026\/04\/27\/caricias-de-sergio-belbel\/#breadcrumb","itemListElement":[{"@type":"ListItem","position":1,"name":"Inicio","item":"https:\/\/sergiolapegue.com\/site\/"},{"@type":"ListItem","position":2,"name":"\u201cCARICIAS\u201d \u2013 DE SERGIO BELBEL"}]},{"@type":"WebSite","@id":"https:\/\/sergiolapegue.com\/site\/#website","url":"https:\/\/sergiolapegue.com\/site\/","name":"Sergio Lapegue","description":"Periodista","publisher":{"@id":"https:\/\/sergiolapegue.com\/site\/#\/schema\/person\/083aeceeb0734cd166779ea6c0551a37"},"potentialAction":[{"@type":"SearchAction","target":{"@type":"EntryPoint","urlTemplate":"https:\/\/sergiolapegue.com\/site\/?s={search_term_string}"},"query-input":{"@type":"PropertyValueSpecification","valueRequired":true,"valueName":"search_term_string"}}],"inLanguage":"es-AR"},{"@type":["Person","Organization"],"@id":"https:\/\/sergiolapegue.com\/site\/#\/schema\/person\/083aeceeb0734cd166779ea6c0551a37","name":"Sergio Lapegue","image":{"@type":"ImageObject","inLanguage":"es-AR","@id":"https:\/\/sergiolapegue.com\/site\/wp-content\/uploads\/2021\/04\/logo_header-1.png","url":"https:\/\/sergiolapegue.com\/site\/wp-content\/uploads\/2021\/04\/logo_header-1.png","contentUrl":"https:\/\/sergiolapegue.com\/site\/wp-content\/uploads\/2021\/04\/logo_header-1.png","width":272,"height":90,"caption":"Sergio Lapegue"},"logo":{"@id":"https:\/\/sergiolapegue.com\/site\/wp-content\/uploads\/2021\/04\/logo_header-1.png"},"sameAs":["https:\/\/facebook.com\/sergiolapegue","https:\/\/instagram.com\/sergiolapegue","https:\/\/x.com\/https:\/\/twitter.com\/sergiolapegue"]},{"@type":"Person","@id":"https:\/\/sergiolapegue.com\/site\/#\/schema\/person\/9198e7dbab43c6d74d0fd5399af7c3cd","name":"Daniel E. Monta\u00f1a","image":{"@type":"ImageObject","inLanguage":"es-AR","@id":"https:\/\/sergiolapegue.com\/site\/wp-content\/uploads\/2021\/04\/sl_avatar_Daniel-150x150.jpg","url":"https:\/\/sergiolapegue.com\/site\/wp-content\/uploads\/2021\/04\/sl_avatar_Daniel-150x150.jpg","contentUrl":"https:\/\/sergiolapegue.com\/site\/wp-content\/uploads\/2021\/04\/sl_avatar_Daniel-150x150.jpg","caption":"Daniel E. Monta\u00f1a"},"sameAs":["https:\/\/facebook.com\/danielernesto.montana","https:\/\/instagram.com\/daniel_montana1961","https:\/\/x.com\/https:\/\/twitter.com\/daner_004"],"url":"https:\/\/sergiolapegue.com\/site\/author\/daniel\/"}]}},"_links":{"self":[{"href":"https:\/\/sergiolapegue.com\/site\/wp-json\/wp\/v2\/posts\/29885","targetHints":{"allow":["GET"]}}],"collection":[{"href":"https:\/\/sergiolapegue.com\/site\/wp-json\/wp\/v2\/posts"}],"about":[{"href":"https:\/\/sergiolapegue.com\/site\/wp-json\/wp\/v2\/types\/post"}],"author":[{"embeddable":true,"href":"https:\/\/sergiolapegue.com\/site\/wp-json\/wp\/v2\/users\/3"}],"replies":[{"embeddable":true,"href":"https:\/\/sergiolapegue.com\/site\/wp-json\/wp\/v2\/comments?post=29885"}],"version-history":[{"count":1,"href":"https:\/\/sergiolapegue.com\/site\/wp-json\/wp\/v2\/posts\/29885\/revisions"}],"predecessor-version":[{"id":29891,"href":"https:\/\/sergiolapegue.com\/site\/wp-json\/wp\/v2\/posts\/29885\/revisions\/29891"}],"wp:featuredmedia":[{"embeddable":true,"href":"https:\/\/sergiolapegue.com\/site\/wp-json\/wp\/v2\/media\/29890"}],"wp:attachment":[{"href":"https:\/\/sergiolapegue.com\/site\/wp-json\/wp\/v2\/media?parent=29885"}],"wp:term":[{"taxonomy":"category","embeddable":true,"href":"https:\/\/sergiolapegue.com\/site\/wp-json\/wp\/v2\/categories?post=29885"},{"taxonomy":"post_tag","embeddable":true,"href":"https:\/\/sergiolapegue.com\/site\/wp-json\/wp\/v2\/tags?post=29885"}],"curies":[{"name":"wp","href":"https:\/\/api.w.org\/{rel}","templated":true}]}}