{"id":29876,"date":"2026-04-28T17:00:00","date_gmt":"2026-04-28T20:00:00","guid":{"rendered":"https:\/\/sergiolapegue.com\/site\/?p=29876"},"modified":"2026-04-28T00:25:06","modified_gmt":"2026-04-28T03:25:06","slug":"mi-cielo-en-el-fondo-del-aljibe","status":"publish","type":"post","link":"https:\/\/sergiolapegue.com\/site\/2026\/04\/28\/mi-cielo-en-el-fondo-del-aljibe\/","title":{"rendered":"\u201cMI CIELO EN EL FONDO DEL ALJIBE\u201d"},"content":{"rendered":"\n<p>En mayo llega el estreno de \u201cMi cielo en el fondo del aljibe\u201d, con dramaturgia de Gast\u00f3n Chamorro, direcci\u00f3n de Mariela Pizzo, la m\u00fasica original a cargo de Adolfo Soechting y las actuaciones de Manuel Ramos, Juan Ignacio Dericia, Agostina Innella y Pedro Risi.<\/p>\n\n\n\n<p>Las funciones tendr\u00e1n lugar los d\u00edas viernes de mayo y junio a las 19:30 horas en el Espacio Callej\u00f3n.<\/p>\n\n\n\n<figure class=\"wp-block-image size-full\"><img loading=\"lazy\" decoding=\"async\" width=\"1000\" height=\"697\" src=\"https:\/\/sergiolapegue.com\/site\/wp-content\/uploads\/2026\/04\/Mi-cielo-en-el-fondo-del-aljibe-1.jpg\" alt=\"\" class=\"wp-image-29881\" srcset=\"https:\/\/sergiolapegue.com\/site\/wp-content\/uploads\/2026\/04\/Mi-cielo-en-el-fondo-del-aljibe-1.jpg 1000w, https:\/\/sergiolapegue.com\/site\/wp-content\/uploads\/2026\/04\/Mi-cielo-en-el-fondo-del-aljibe-1-300x209.jpg 300w, https:\/\/sergiolapegue.com\/site\/wp-content\/uploads\/2026\/04\/Mi-cielo-en-el-fondo-del-aljibe-1-768x535.jpg 768w, https:\/\/sergiolapegue.com\/site\/wp-content\/uploads\/2026\/04\/Mi-cielo-en-el-fondo-del-aljibe-1-603x420.jpg 603w, https:\/\/sergiolapegue.com\/site\/wp-content\/uploads\/2026\/04\/Mi-cielo-en-el-fondo-del-aljibe-1-696x485.jpg 696w\" sizes=\"auto, (max-width: 1000px) 100vw, 1000px\" \/><\/figure>\n\n\n\n<p><strong>SINOPSIS<\/strong><strong><\/strong><\/p>\n\n\n\n<p>Durante una noche espesa del litoral argentino, dos hermanos intentan enterrar aquello que no puede ser dicho. La llegada de Carolina, una joven marcada por el abuso y el desarraigo, reabre una herida familiar que parec\u00eda cerrada.<\/p>\n\n\n\n<p>Entre la figura del padre-patr\u00f3n, el deseo prohibido y la memoria de una madre ausente, los personajes se enfrentan a la herencia de la violencia y a la imposibilidad de escapar de su origen.<\/p>\n\n\n\n<p>\u201cMi cielo en el fondo del aljibe\u201d&nbsp;es una tragedia rural po\u00e9tica donde la luna, la tierra y el agua se convierten en testigos mudos de aquello que se transmite de generaci\u00f3n en generaci\u00f3n.<\/p>\n\n\n\n<figure class=\"wp-block-image size-full\"><img loading=\"lazy\" decoding=\"async\" width=\"1000\" height=\"714\" src=\"https:\/\/sergiolapegue.com\/site\/wp-content\/uploads\/2026\/04\/Mi-cielo-en-el-fondo-del-aljibe-2.jpg\" alt=\"\" class=\"wp-image-29880\" srcset=\"https:\/\/sergiolapegue.com\/site\/wp-content\/uploads\/2026\/04\/Mi-cielo-en-el-fondo-del-aljibe-2.jpg 1000w, https:\/\/sergiolapegue.com\/site\/wp-content\/uploads\/2026\/04\/Mi-cielo-en-el-fondo-del-aljibe-2-300x214.jpg 300w, https:\/\/sergiolapegue.com\/site\/wp-content\/uploads\/2026\/04\/Mi-cielo-en-el-fondo-del-aljibe-2-768x548.jpg 768w, https:\/\/sergiolapegue.com\/site\/wp-content\/uploads\/2026\/04\/Mi-cielo-en-el-fondo-del-aljibe-2-588x420.jpg 588w, https:\/\/sergiolapegue.com\/site\/wp-content\/uploads\/2026\/04\/Mi-cielo-en-el-fondo-del-aljibe-2-696x497.jpg 696w\" sizes=\"auto, (max-width: 1000px) 100vw, 1000px\" \/><\/figure>\n\n\n\n<p><strong>FICHA T\u00c9CNICO ART\u00cdSTICA<\/strong><\/p>\n\n\n\n<p><strong>Dramaturgia:<\/strong> Gast\u00f3n Chamorro<\/p>\n\n\n\n<p><strong>Elenco:<\/strong> Manuel Ramos, Juan Ignacio Dericia, Agostina Innella, Pedro Risi<\/p>\n\n\n\n<p><strong>Dise\u00f1o de Vestuario:&nbsp;<\/strong>Gaston Chamorro y Mariela Pizzp<\/p>\n\n\n\n<p><strong>Dise\u00f1o de Escenograf\u00eda:<\/strong> Augusto Latorraca Escalante<\/p>\n\n\n\n<p><strong>M\u00fasica Original:<\/strong> Adolfo Soechting<\/p>\n\n\n\n<p><strong>Dise\u00f1o de Iluminaci\u00f3n:<\/strong> Ricardo Sica<\/p>\n\n\n\n<p><strong>Sonido:<\/strong> Adolfo Soechting<\/p>\n\n\n\n<p><strong>Instalaci\u00f3n Arte visual:<\/strong> Liuber Alfonso Basulto<\/p>\n\n\n\n<p><strong>Dise\u00f1o Gr\u00e1fico:<\/strong> Santiago Fraccarolli<\/p>\n\n\n\n<p><strong>Coreograf\u00eda:<\/strong>&nbsp;Sol P\u00e9rez<\/p>\n\n\n\n<p><strong>Prensa:<\/strong> Natalia Bocca<\/p>\n\n\n\n<p><strong>Asistencia de Direcci\u00f3n:<\/strong> Adriana Pulvirenti<\/p>\n\n\n\n<p><strong>Puesta en Escena:<\/strong> Gast\u00f3n Chamorro<\/p>\n\n\n\n<p><strong>Producci\u00f3n:<\/strong>&nbsp;Mariela Pizzo y Gaston Chamorro<\/p>\n\n\n\n<p><strong>Direcci\u00f3n:<\/strong> Mariela Pizzo<\/p>\n\n\n\n<p><strong>Duraci\u00f3n:<\/strong> 65 minutos<\/p>\n\n\n\n<p><strong>Clasificaci\u00f3n:<\/strong> Teatro \u2013 Presencial \u2013 Adultos<\/p>\n\n\n\n<figure class=\"wp-block-image size-full\"><img loading=\"lazy\" decoding=\"async\" width=\"1000\" height=\"639\" src=\"https:\/\/sergiolapegue.com\/site\/wp-content\/uploads\/2026\/04\/Mi-cielo-en-el-fondo-del-aljibe-3.jpg\" alt=\"\" class=\"wp-image-29879\" srcset=\"https:\/\/sergiolapegue.com\/site\/wp-content\/uploads\/2026\/04\/Mi-cielo-en-el-fondo-del-aljibe-3.jpg 1000w, https:\/\/sergiolapegue.com\/site\/wp-content\/uploads\/2026\/04\/Mi-cielo-en-el-fondo-del-aljibe-3-300x192.jpg 300w, https:\/\/sergiolapegue.com\/site\/wp-content\/uploads\/2026\/04\/Mi-cielo-en-el-fondo-del-aljibe-3-768x491.jpg 768w, https:\/\/sergiolapegue.com\/site\/wp-content\/uploads\/2026\/04\/Mi-cielo-en-el-fondo-del-aljibe-3-657x420.jpg 657w, https:\/\/sergiolapegue.com\/site\/wp-content\/uploads\/2026\/04\/Mi-cielo-en-el-fondo-del-aljibe-3-696x445.jpg 696w\" sizes=\"auto, (max-width: 1000px) 100vw, 1000px\" \/><\/figure>\n\n\n\n<p><strong>ESPACIO CALLEJ\u00d3N <\/strong><strong><\/strong><\/p>\n\n\n\n<p>Humahuaca 3759 \u2013 Capital Federal \u2013 Buenos Aires \u2013 Argentina<\/p>\n\n\n\n<p>Tel\u00e9fono: 4862-1167<\/p>\n\n\n\n<p>Entradas: $ 22.000 \u2013 en boleter\u00eda del teatro o por Alternativa Teatral \u2013 Link:<\/p>\n\n\n\n<p><a href=\"https:\/\/publico.alternativateatral.com\/entradas100562-mi-cielo-en-el-fondo-del-aljibe?o=14\">Entradas para Mi cielo en el fondo del aljibe en ESPACIO CALLEJ\u00d3N &#8211; Alternativa Teatral<\/a><\/p>\n\n\n\n<p>Funciones: Viernes 19:30 horas \u2013 Del 08\/05\/2026 al 26\/06\/2026<\/p>\n\n\n\n<p>Gracias Natalia Bocca por acercarnos la gacetilla de prensa del estreno de esta obra.<\/p>\n\n\n\n<p><strong>SOBRE GAST\u00d3N CHAMORRO<\/strong><strong><\/strong><\/p>\n\n\n\n<figure class=\"wp-block-image size-full is-resized\"><img loading=\"lazy\" decoding=\"async\" width=\"600\" height=\"526\" src=\"https:\/\/sergiolapegue.com\/site\/wp-content\/uploads\/2026\/04\/Mi-cielo-en-el-fondo-del-aljibe-Gaston-Chamorro.png\" alt=\"\" class=\"wp-image-29878\" style=\"width:335px;height:auto\" srcset=\"https:\/\/sergiolapegue.com\/site\/wp-content\/uploads\/2026\/04\/Mi-cielo-en-el-fondo-del-aljibe-Gaston-Chamorro.png 600w, https:\/\/sergiolapegue.com\/site\/wp-content\/uploads\/2026\/04\/Mi-cielo-en-el-fondo-del-aljibe-Gaston-Chamorro-300x263.png 300w, https:\/\/sergiolapegue.com\/site\/wp-content\/uploads\/2026\/04\/Mi-cielo-en-el-fondo-del-aljibe-Gaston-Chamorro-479x420.png 479w\" sizes=\"auto, (max-width: 600px) 100vw, 600px\" \/><\/figure>\n\n\n\n<p>Actor y dramaturgo. Desarroll\u00f3 su trabajo en teatro, cine, series y tv. Naci\u00f3 en Resistencia, Chaco.<\/p>\n\n\n\n<p>Su formaci\u00f3n fue junto a los siguientes docentes: Ra\u00fal Serrano (ETBA), Marcelo Savignone, Ricky Pashkus, Rafael Spregelburd, Manuel Vicente. (actuaci\u00f3n frente a c\u00e1mara).<\/p>\n\n\n\n<p>Recibido de la DIPLOMATURA EN ACTUACI\u00d3N EN MEDIOS AUDIOVISUALES en SAGAI en el a\u00f1o 2023 y la DIPLOMATURA EN DRAMATURGIA de la UBA en la sede de Paco Urondo.<\/p>\n\n\n\n<p>Experiencia laboral en el \u00e1mbito audiovisual: SIEMPRE VUELVEN (2025 Uruguay), NAHIR (2024 Amazon Prime), LA VOZ AUSENTE (2024 Disney+), MOSCAS (Espa\u00f1a), ARGENTINA 1985 (2023 Amazon Prime), 1976 (2023 Chile &#8211; Netflix),&nbsp;LOS MUFAS (2O24 Disney+), MENEM (2025 Amazon Prime), EL CHUECO- (2023 Disney+), EL \u00c1NGEL (2017) , EL CLAN (2014), entre otros.<\/p>\n\n\n\n<p>En cuanto al teatro, fue parte de los siguientes proyectos teatrales:&nbsp;<\/p>\n\n\n\n<p>USTED EST\u00c1 AQU\u00cd 10 A\u00d1OS (Million Bar), PARRANDERAS (2024 en Abasto Social Club &#8211; Giras por el interior con el apoyo del INT), 019\/2020 LOS DOBLAJISTAS (Microteatro),&nbsp;2013\/2016 USTED EST\u00c1 AQU\u00cd (Konex) 2016 BODA (Teatro Belisario) 2015 LA L\u00cdNEA DESPAREJA (C.C.Rojas) 2014 NORMAL (Teatro Belisario) 2017\/2018 RROM (Konex).<\/p>\n\n\n\n<p><strong>SOBRE MARIELA PIZZO<\/strong><strong><\/strong><\/p>\n\n\n\n<figure class=\"wp-block-image size-full is-resized\"><img loading=\"lazy\" decoding=\"async\" width=\"600\" height=\"571\" src=\"https:\/\/sergiolapegue.com\/site\/wp-content\/uploads\/2026\/04\/Mi-cielo-en-el-fondo-del-aljibe-Mariela-Pizzo.png\" alt=\"\" class=\"wp-image-29877\" style=\"width:335px;height:auto\" srcset=\"https:\/\/sergiolapegue.com\/site\/wp-content\/uploads\/2026\/04\/Mi-cielo-en-el-fondo-del-aljibe-Mariela-Pizzo.png 600w, https:\/\/sergiolapegue.com\/site\/wp-content\/uploads\/2026\/04\/Mi-cielo-en-el-fondo-del-aljibe-Mariela-Pizzo-300x286.png 300w, https:\/\/sergiolapegue.com\/site\/wp-content\/uploads\/2026\/04\/Mi-cielo-en-el-fondo-del-aljibe-Mariela-Pizzo-441x420.png 441w\" sizes=\"auto, (max-width: 600px) 100vw, 600px\" \/><\/figure>\n\n\n\n<p>Actriz, productora y directora. Con m\u00e1s de 20 a\u00f1os de trayectoria art\u00edstica en series, pel\u00edculas, novelas y obras teatrales.&nbsp;<\/p>\n\n\n\n<p>Se form\u00f3 de la mano del maestro Carlos Gandolfo. Luego recorri\u00f3 diferentes t\u00e9cnicas actorales junto a: Joy Morris, Norma Angeleri, Walter Rippel.<\/p>\n\n\n\n<p>Egresada de la primera cohorte de la carrera de Diplomatura en Actuaci\u00f3n para Medios Audiovisuales en Fundaci\u00f3n Sagai.<\/p>\n\n\n\n<p>Hace 2 a\u00f1os tambi\u00e9n da clases de actuaci\u00f3n frente a c\u00e1mara junto a la Directora de Casting Natalia Monteferrario.<\/p>\n\n\n\n<p>Algunos de sus trabajos audiovisuales m\u00e1s destacados fueron: CASI FAMILIA pel\u00edcula coproducci\u00f3n Brasil para Netflix, EL ENCARGADO 3 tercer temporada para Disney Plus, DISNEY BIA (2 temporadas para Disney Plus), EDHA una serie de Daniel Burman para Netflix, VLADIMIR una pel\u00edcula con apoyo del INCAA dirigida por Martin Riwnyj,\u00a0 AMOR LIVRE AMOR una pel\u00edcula con coproducci\u00f3n con Brasil, con la direcci\u00f3n de Flavio Federico y Mariana Pomponia, EL ROBO DEL SIGLO una pel\u00edcula dirigida por Ariel Winograd, y mis \u00faltimas participaciones en TV fueron EL PRIMERO DE NOSOTROS (para Telefe 2022) y ARGENTINA TIERRA DE AMOR Y VENGANZA 2 (tira de Polka 2023).<\/p>\n\n\n\n<p>\u00daltimos trabajos teatrales fueron: LA VIDA ARTIFICIAL dirigida y escrita por Romina Moretto en teatro \u00c1rea 623, ORINOCO&nbsp;dirigida por Ra\u00fal Mere\u00f1uk en el M\u00e9todo Kair\u00f3s,&nbsp; DOS DE DESAMOR&nbsp; dirigida por H\u00e9ctor Oliboni en el Teatro del Pueblo.<\/p>\n\n\n\n<p><\/p>\n","protected":false},"excerpt":{"rendered":"<p>En mayo llega el estreno de \u201cMi cielo en el fondo del aljibe\u201d, con dramaturgia de Gast\u00f3n Chamorro, direcci\u00f3n de Mariela Pizzo, la m\u00fasica original a cargo de Adolfo Soechting y las actuaciones de Manuel Ramos, Juan Ignacio Dericia, Agostina Innella y Pedro Risi. Las funciones tendr\u00e1n lugar los d\u00edas viernes de mayo y junio [&hellip;]<\/p>\n","protected":false},"author":3,"featured_media":29882,"comment_status":"open","ping_status":"closed","sticky":false,"template":"","format":"standard","meta":{"footnotes":""},"categories":[34,35],"tags":[],"class_list":{"0":"post-29876","1":"post","2":"type-post","3":"status-publish","4":"format-standard","5":"has-post-thumbnail","7":"category-arte","8":"category-teatro"},"yoast_head":"<!-- This site is optimized with the Yoast SEO plugin v27.5 - https:\/\/yoast.com\/product\/yoast-seo-wordpress\/ -->\n<title>\u201cMI CIELO EN EL FONDO DEL ALJIBE\u201d - Sergio Lapegue<\/title>\n<meta name=\"robots\" content=\"index, follow, max-snippet:-1, max-image-preview:large, max-video-preview:-1\" \/>\n<link rel=\"canonical\" href=\"https:\/\/sergiolapegue.com\/site\/2026\/04\/28\/mi-cielo-en-el-fondo-del-aljibe\/\" \/>\n<meta property=\"og:locale\" content=\"es_ES\" \/>\n<meta property=\"og:type\" content=\"article\" \/>\n<meta property=\"og:title\" content=\"\u201cMI CIELO EN EL FONDO DEL ALJIBE\u201d - Sergio Lapegue\" \/>\n<meta property=\"og:description\" content=\"En mayo llega el estreno de \u201cMi cielo en el fondo del aljibe\u201d, con dramaturgia de Gast\u00f3n Chamorro, direcci\u00f3n de Mariela Pizzo, la m\u00fasica original a cargo de Adolfo Soechting y las actuaciones de Manuel Ramos, Juan Ignacio Dericia, Agostina Innella y Pedro Risi. Las funciones tendr\u00e1n lugar los d\u00edas viernes de mayo y junio [&hellip;]\" \/>\n<meta property=\"og:url\" content=\"https:\/\/sergiolapegue.com\/site\/2026\/04\/28\/mi-cielo-en-el-fondo-del-aljibe\/\" \/>\n<meta property=\"og:site_name\" content=\"Sergio Lapegue\" \/>\n<meta property=\"article:publisher\" content=\"https:\/\/facebook.com\/sergiolapegue\" \/>\n<meta property=\"article:author\" content=\"https:\/\/facebook.com\/danielernesto.montana\" \/>\n<meta property=\"article:published_time\" content=\"2026-04-28T20:00:00+00:00\" \/>\n<meta property=\"og:image\" content=\"https:\/\/sergiolapegue.com\/site\/wp-content\/uploads\/2026\/04\/Mi-cielo-en-el-fondo-del-aljibe.jpg\" \/>\n\t<meta property=\"og:image:width\" content=\"1000\" \/>\n\t<meta property=\"og:image:height\" content=\"1415\" \/>\n\t<meta property=\"og:image:type\" content=\"image\/jpeg\" \/>\n<meta name=\"author\" content=\"Daniel E. Monta\u00f1a\" \/>\n<meta name=\"twitter:card\" content=\"summary_large_image\" \/>\n<meta name=\"twitter:creator\" content=\"@https:\/\/twitter.com\/daner_004\" \/>\n<meta name=\"twitter:site\" content=\"@sergiolapegue\" \/>\n<meta name=\"twitter:label1\" content=\"Escrito por\" \/>\n\t<meta name=\"twitter:data1\" content=\"Daniel E. Monta\u00f1a\" \/>\n\t<meta name=\"twitter:label2\" content=\"Tiempo de lectura\" \/>\n\t<meta name=\"twitter:data2\" content=\"5 minutos\" \/>\n<script type=\"application\/ld+json\" class=\"yoast-schema-graph\">{\"@context\":\"https:\\\/\\\/schema.org\",\"@graph\":[{\"@type\":\"Article\",\"@id\":\"https:\\\/\\\/sergiolapegue.com\\\/site\\\/2026\\\/04\\\/28\\\/mi-cielo-en-el-fondo-del-aljibe\\\/#article\",\"isPartOf\":{\"@id\":\"https:\\\/\\\/sergiolapegue.com\\\/site\\\/2026\\\/04\\\/28\\\/mi-cielo-en-el-fondo-del-aljibe\\\/\"},\"author\":{\"name\":\"Daniel E. Monta\u00f1a\",\"@id\":\"https:\\\/\\\/sergiolapegue.com\\\/site\\\/#\\\/schema\\\/person\\\/9198e7dbab43c6d74d0fd5399af7c3cd\"},\"headline\":\"\u201cMI CIELO EN EL FONDO DEL ALJIBE\u201d\",\"datePublished\":\"2026-04-28T20:00:00+00:00\",\"mainEntityOfPage\":{\"@id\":\"https:\\\/\\\/sergiolapegue.com\\\/site\\\/2026\\\/04\\\/28\\\/mi-cielo-en-el-fondo-del-aljibe\\\/\"},\"wordCount\":769,\"commentCount\":0,\"publisher\":{\"@id\":\"https:\\\/\\\/sergiolapegue.com\\\/site\\\/#\\\/schema\\\/person\\\/083aeceeb0734cd166779ea6c0551a37\"},\"image\":{\"@id\":\"https:\\\/\\\/sergiolapegue.com\\\/site\\\/2026\\\/04\\\/28\\\/mi-cielo-en-el-fondo-del-aljibe\\\/#primaryimage\"},\"thumbnailUrl\":\"https:\\\/\\\/sergiolapegue.com\\\/site\\\/wp-content\\\/uploads\\\/2026\\\/04\\\/Mi-cielo-en-el-fondo-del-aljibe.jpg\",\"articleSection\":[\"Arte\",\"Teatro\"],\"inLanguage\":\"es-AR\",\"potentialAction\":[{\"@type\":\"CommentAction\",\"name\":\"Comment\",\"target\":[\"https:\\\/\\\/sergiolapegue.com\\\/site\\\/2026\\\/04\\\/28\\\/mi-cielo-en-el-fondo-del-aljibe\\\/#respond\"]}]},{\"@type\":\"WebPage\",\"@id\":\"https:\\\/\\\/sergiolapegue.com\\\/site\\\/2026\\\/04\\\/28\\\/mi-cielo-en-el-fondo-del-aljibe\\\/\",\"url\":\"https:\\\/\\\/sergiolapegue.com\\\/site\\\/2026\\\/04\\\/28\\\/mi-cielo-en-el-fondo-del-aljibe\\\/\",\"name\":\"\u201cMI CIELO EN EL FONDO DEL ALJIBE\u201d - Sergio Lapegue\",\"isPartOf\":{\"@id\":\"https:\\\/\\\/sergiolapegue.com\\\/site\\\/#website\"},\"primaryImageOfPage\":{\"@id\":\"https:\\\/\\\/sergiolapegue.com\\\/site\\\/2026\\\/04\\\/28\\\/mi-cielo-en-el-fondo-del-aljibe\\\/#primaryimage\"},\"image\":{\"@id\":\"https:\\\/\\\/sergiolapegue.com\\\/site\\\/2026\\\/04\\\/28\\\/mi-cielo-en-el-fondo-del-aljibe\\\/#primaryimage\"},\"thumbnailUrl\":\"https:\\\/\\\/sergiolapegue.com\\\/site\\\/wp-content\\\/uploads\\\/2026\\\/04\\\/Mi-cielo-en-el-fondo-del-aljibe.jpg\",\"datePublished\":\"2026-04-28T20:00:00+00:00\",\"breadcrumb\":{\"@id\":\"https:\\\/\\\/sergiolapegue.com\\\/site\\\/2026\\\/04\\\/28\\\/mi-cielo-en-el-fondo-del-aljibe\\\/#breadcrumb\"},\"inLanguage\":\"es-AR\",\"potentialAction\":[{\"@type\":\"ReadAction\",\"target\":[\"https:\\\/\\\/sergiolapegue.com\\\/site\\\/2026\\\/04\\\/28\\\/mi-cielo-en-el-fondo-del-aljibe\\\/\"]}]},{\"@type\":\"ImageObject\",\"inLanguage\":\"es-AR\",\"@id\":\"https:\\\/\\\/sergiolapegue.com\\\/site\\\/2026\\\/04\\\/28\\\/mi-cielo-en-el-fondo-del-aljibe\\\/#primaryimage\",\"url\":\"https:\\\/\\\/sergiolapegue.com\\\/site\\\/wp-content\\\/uploads\\\/2026\\\/04\\\/Mi-cielo-en-el-fondo-del-aljibe.jpg\",\"contentUrl\":\"https:\\\/\\\/sergiolapegue.com\\\/site\\\/wp-content\\\/uploads\\\/2026\\\/04\\\/Mi-cielo-en-el-fondo-del-aljibe.jpg\",\"width\":1000,\"height\":1415},{\"@type\":\"BreadcrumbList\",\"@id\":\"https:\\\/\\\/sergiolapegue.com\\\/site\\\/2026\\\/04\\\/28\\\/mi-cielo-en-el-fondo-del-aljibe\\\/#breadcrumb\",\"itemListElement\":[{\"@type\":\"ListItem\",\"position\":1,\"name\":\"Inicio\",\"item\":\"https:\\\/\\\/sergiolapegue.com\\\/site\\\/\"},{\"@type\":\"ListItem\",\"position\":2,\"name\":\"\u201cMI CIELO EN EL FONDO DEL ALJIBE\u201d\"}]},{\"@type\":\"WebSite\",\"@id\":\"https:\\\/\\\/sergiolapegue.com\\\/site\\\/#website\",\"url\":\"https:\\\/\\\/sergiolapegue.com\\\/site\\\/\",\"name\":\"Sergio Lapegue\",\"description\":\"Periodista\",\"publisher\":{\"@id\":\"https:\\\/\\\/sergiolapegue.com\\\/site\\\/#\\\/schema\\\/person\\\/083aeceeb0734cd166779ea6c0551a37\"},\"potentialAction\":[{\"@type\":\"SearchAction\",\"target\":{\"@type\":\"EntryPoint\",\"urlTemplate\":\"https:\\\/\\\/sergiolapegue.com\\\/site\\\/?s={search_term_string}\"},\"query-input\":{\"@type\":\"PropertyValueSpecification\",\"valueRequired\":true,\"valueName\":\"search_term_string\"}}],\"inLanguage\":\"es-AR\"},{\"@type\":[\"Person\",\"Organization\"],\"@id\":\"https:\\\/\\\/sergiolapegue.com\\\/site\\\/#\\\/schema\\\/person\\\/083aeceeb0734cd166779ea6c0551a37\",\"name\":\"Sergio Lapegue\",\"image\":{\"@type\":\"ImageObject\",\"inLanguage\":\"es-AR\",\"@id\":\"https:\\\/\\\/sergiolapegue.com\\\/site\\\/wp-content\\\/uploads\\\/2021\\\/04\\\/logo_header-1.png\",\"url\":\"https:\\\/\\\/sergiolapegue.com\\\/site\\\/wp-content\\\/uploads\\\/2021\\\/04\\\/logo_header-1.png\",\"contentUrl\":\"https:\\\/\\\/sergiolapegue.com\\\/site\\\/wp-content\\\/uploads\\\/2021\\\/04\\\/logo_header-1.png\",\"width\":272,\"height\":90,\"caption\":\"Sergio Lapegue\"},\"logo\":{\"@id\":\"https:\\\/\\\/sergiolapegue.com\\\/site\\\/wp-content\\\/uploads\\\/2021\\\/04\\\/logo_header-1.png\"},\"sameAs\":[\"https:\\\/\\\/facebook.com\\\/sergiolapegue\",\"https:\\\/\\\/instagram.com\\\/sergiolapegue\",\"https:\\\/\\\/x.com\\\/https:\\\/\\\/twitter.com\\\/sergiolapegue\"]},{\"@type\":\"Person\",\"@id\":\"https:\\\/\\\/sergiolapegue.com\\\/site\\\/#\\\/schema\\\/person\\\/9198e7dbab43c6d74d0fd5399af7c3cd\",\"name\":\"Daniel E. Monta\u00f1a\",\"image\":{\"@type\":\"ImageObject\",\"inLanguage\":\"es-AR\",\"@id\":\"https:\\\/\\\/sergiolapegue.com\\\/site\\\/wp-content\\\/uploads\\\/2021\\\/04\\\/sl_avatar_Daniel-150x150.jpg\",\"url\":\"https:\\\/\\\/sergiolapegue.com\\\/site\\\/wp-content\\\/uploads\\\/2021\\\/04\\\/sl_avatar_Daniel-150x150.jpg\",\"contentUrl\":\"https:\\\/\\\/sergiolapegue.com\\\/site\\\/wp-content\\\/uploads\\\/2021\\\/04\\\/sl_avatar_Daniel-150x150.jpg\",\"caption\":\"Daniel E. Monta\u00f1a\"},\"sameAs\":[\"https:\\\/\\\/facebook.com\\\/danielernesto.montana\",\"https:\\\/\\\/instagram.com\\\/daniel_montana1961\",\"https:\\\/\\\/x.com\\\/https:\\\/\\\/twitter.com\\\/daner_004\"],\"url\":\"https:\\\/\\\/sergiolapegue.com\\\/site\\\/author\\\/daniel\\\/\"}]}<\/script>\n<!-- \/ Yoast SEO plugin. -->","yoast_head_json":{"title":"\u201cMI CIELO EN EL FONDO DEL ALJIBE\u201d - Sergio Lapegue","robots":{"index":"index","follow":"follow","max-snippet":"max-snippet:-1","max-image-preview":"max-image-preview:large","max-video-preview":"max-video-preview:-1"},"canonical":"https:\/\/sergiolapegue.com\/site\/2026\/04\/28\/mi-cielo-en-el-fondo-del-aljibe\/","og_locale":"es_ES","og_type":"article","og_title":"\u201cMI CIELO EN EL FONDO DEL ALJIBE\u201d - Sergio Lapegue","og_description":"En mayo llega el estreno de \u201cMi cielo en el fondo del aljibe\u201d, con dramaturgia de Gast\u00f3n Chamorro, direcci\u00f3n de Mariela Pizzo, la m\u00fasica original a cargo de Adolfo Soechting y las actuaciones de Manuel Ramos, Juan Ignacio Dericia, Agostina Innella y Pedro Risi. Las funciones tendr\u00e1n lugar los d\u00edas viernes de mayo y junio [&hellip;]","og_url":"https:\/\/sergiolapegue.com\/site\/2026\/04\/28\/mi-cielo-en-el-fondo-del-aljibe\/","og_site_name":"Sergio Lapegue","article_publisher":"https:\/\/facebook.com\/sergiolapegue","article_author":"https:\/\/facebook.com\/danielernesto.montana","article_published_time":"2026-04-28T20:00:00+00:00","og_image":[{"width":1000,"height":1415,"url":"https:\/\/sergiolapegue.com\/site\/wp-content\/uploads\/2026\/04\/Mi-cielo-en-el-fondo-del-aljibe.jpg","type":"image\/jpeg"}],"author":"Daniel E. Monta\u00f1a","twitter_card":"summary_large_image","twitter_creator":"@https:\/\/twitter.com\/daner_004","twitter_site":"@sergiolapegue","twitter_misc":{"Escrito por":"Daniel E. Monta\u00f1a","Tiempo de lectura":"5 minutos"},"schema":{"@context":"https:\/\/schema.org","@graph":[{"@type":"Article","@id":"https:\/\/sergiolapegue.com\/site\/2026\/04\/28\/mi-cielo-en-el-fondo-del-aljibe\/#article","isPartOf":{"@id":"https:\/\/sergiolapegue.com\/site\/2026\/04\/28\/mi-cielo-en-el-fondo-del-aljibe\/"},"author":{"name":"Daniel E. Monta\u00f1a","@id":"https:\/\/sergiolapegue.com\/site\/#\/schema\/person\/9198e7dbab43c6d74d0fd5399af7c3cd"},"headline":"\u201cMI CIELO EN EL FONDO DEL ALJIBE\u201d","datePublished":"2026-04-28T20:00:00+00:00","mainEntityOfPage":{"@id":"https:\/\/sergiolapegue.com\/site\/2026\/04\/28\/mi-cielo-en-el-fondo-del-aljibe\/"},"wordCount":769,"commentCount":0,"publisher":{"@id":"https:\/\/sergiolapegue.com\/site\/#\/schema\/person\/083aeceeb0734cd166779ea6c0551a37"},"image":{"@id":"https:\/\/sergiolapegue.com\/site\/2026\/04\/28\/mi-cielo-en-el-fondo-del-aljibe\/#primaryimage"},"thumbnailUrl":"https:\/\/sergiolapegue.com\/site\/wp-content\/uploads\/2026\/04\/Mi-cielo-en-el-fondo-del-aljibe.jpg","articleSection":["Arte","Teatro"],"inLanguage":"es-AR","potentialAction":[{"@type":"CommentAction","name":"Comment","target":["https:\/\/sergiolapegue.com\/site\/2026\/04\/28\/mi-cielo-en-el-fondo-del-aljibe\/#respond"]}]},{"@type":"WebPage","@id":"https:\/\/sergiolapegue.com\/site\/2026\/04\/28\/mi-cielo-en-el-fondo-del-aljibe\/","url":"https:\/\/sergiolapegue.com\/site\/2026\/04\/28\/mi-cielo-en-el-fondo-del-aljibe\/","name":"\u201cMI CIELO EN EL FONDO DEL ALJIBE\u201d - Sergio Lapegue","isPartOf":{"@id":"https:\/\/sergiolapegue.com\/site\/#website"},"primaryImageOfPage":{"@id":"https:\/\/sergiolapegue.com\/site\/2026\/04\/28\/mi-cielo-en-el-fondo-del-aljibe\/#primaryimage"},"image":{"@id":"https:\/\/sergiolapegue.com\/site\/2026\/04\/28\/mi-cielo-en-el-fondo-del-aljibe\/#primaryimage"},"thumbnailUrl":"https:\/\/sergiolapegue.com\/site\/wp-content\/uploads\/2026\/04\/Mi-cielo-en-el-fondo-del-aljibe.jpg","datePublished":"2026-04-28T20:00:00+00:00","breadcrumb":{"@id":"https:\/\/sergiolapegue.com\/site\/2026\/04\/28\/mi-cielo-en-el-fondo-del-aljibe\/#breadcrumb"},"inLanguage":"es-AR","potentialAction":[{"@type":"ReadAction","target":["https:\/\/sergiolapegue.com\/site\/2026\/04\/28\/mi-cielo-en-el-fondo-del-aljibe\/"]}]},{"@type":"ImageObject","inLanguage":"es-AR","@id":"https:\/\/sergiolapegue.com\/site\/2026\/04\/28\/mi-cielo-en-el-fondo-del-aljibe\/#primaryimage","url":"https:\/\/sergiolapegue.com\/site\/wp-content\/uploads\/2026\/04\/Mi-cielo-en-el-fondo-del-aljibe.jpg","contentUrl":"https:\/\/sergiolapegue.com\/site\/wp-content\/uploads\/2026\/04\/Mi-cielo-en-el-fondo-del-aljibe.jpg","width":1000,"height":1415},{"@type":"BreadcrumbList","@id":"https:\/\/sergiolapegue.com\/site\/2026\/04\/28\/mi-cielo-en-el-fondo-del-aljibe\/#breadcrumb","itemListElement":[{"@type":"ListItem","position":1,"name":"Inicio","item":"https:\/\/sergiolapegue.com\/site\/"},{"@type":"ListItem","position":2,"name":"\u201cMI CIELO EN EL FONDO DEL ALJIBE\u201d"}]},{"@type":"WebSite","@id":"https:\/\/sergiolapegue.com\/site\/#website","url":"https:\/\/sergiolapegue.com\/site\/","name":"Sergio Lapegue","description":"Periodista","publisher":{"@id":"https:\/\/sergiolapegue.com\/site\/#\/schema\/person\/083aeceeb0734cd166779ea6c0551a37"},"potentialAction":[{"@type":"SearchAction","target":{"@type":"EntryPoint","urlTemplate":"https:\/\/sergiolapegue.com\/site\/?s={search_term_string}"},"query-input":{"@type":"PropertyValueSpecification","valueRequired":true,"valueName":"search_term_string"}}],"inLanguage":"es-AR"},{"@type":["Person","Organization"],"@id":"https:\/\/sergiolapegue.com\/site\/#\/schema\/person\/083aeceeb0734cd166779ea6c0551a37","name":"Sergio Lapegue","image":{"@type":"ImageObject","inLanguage":"es-AR","@id":"https:\/\/sergiolapegue.com\/site\/wp-content\/uploads\/2021\/04\/logo_header-1.png","url":"https:\/\/sergiolapegue.com\/site\/wp-content\/uploads\/2021\/04\/logo_header-1.png","contentUrl":"https:\/\/sergiolapegue.com\/site\/wp-content\/uploads\/2021\/04\/logo_header-1.png","width":272,"height":90,"caption":"Sergio Lapegue"},"logo":{"@id":"https:\/\/sergiolapegue.com\/site\/wp-content\/uploads\/2021\/04\/logo_header-1.png"},"sameAs":["https:\/\/facebook.com\/sergiolapegue","https:\/\/instagram.com\/sergiolapegue","https:\/\/x.com\/https:\/\/twitter.com\/sergiolapegue"]},{"@type":"Person","@id":"https:\/\/sergiolapegue.com\/site\/#\/schema\/person\/9198e7dbab43c6d74d0fd5399af7c3cd","name":"Daniel E. Monta\u00f1a","image":{"@type":"ImageObject","inLanguage":"es-AR","@id":"https:\/\/sergiolapegue.com\/site\/wp-content\/uploads\/2021\/04\/sl_avatar_Daniel-150x150.jpg","url":"https:\/\/sergiolapegue.com\/site\/wp-content\/uploads\/2021\/04\/sl_avatar_Daniel-150x150.jpg","contentUrl":"https:\/\/sergiolapegue.com\/site\/wp-content\/uploads\/2021\/04\/sl_avatar_Daniel-150x150.jpg","caption":"Daniel E. Monta\u00f1a"},"sameAs":["https:\/\/facebook.com\/danielernesto.montana","https:\/\/instagram.com\/daniel_montana1961","https:\/\/x.com\/https:\/\/twitter.com\/daner_004"],"url":"https:\/\/sergiolapegue.com\/site\/author\/daniel\/"}]}},"_links":{"self":[{"href":"https:\/\/sergiolapegue.com\/site\/wp-json\/wp\/v2\/posts\/29876","targetHints":{"allow":["GET"]}}],"collection":[{"href":"https:\/\/sergiolapegue.com\/site\/wp-json\/wp\/v2\/posts"}],"about":[{"href":"https:\/\/sergiolapegue.com\/site\/wp-json\/wp\/v2\/types\/post"}],"author":[{"embeddable":true,"href":"https:\/\/sergiolapegue.com\/site\/wp-json\/wp\/v2\/users\/3"}],"replies":[{"embeddable":true,"href":"https:\/\/sergiolapegue.com\/site\/wp-json\/wp\/v2\/comments?post=29876"}],"version-history":[{"count":1,"href":"https:\/\/sergiolapegue.com\/site\/wp-json\/wp\/v2\/posts\/29876\/revisions"}],"predecessor-version":[{"id":29883,"href":"https:\/\/sergiolapegue.com\/site\/wp-json\/wp\/v2\/posts\/29876\/revisions\/29883"}],"wp:featuredmedia":[{"embeddable":true,"href":"https:\/\/sergiolapegue.com\/site\/wp-json\/wp\/v2\/media\/29882"}],"wp:attachment":[{"href":"https:\/\/sergiolapegue.com\/site\/wp-json\/wp\/v2\/media?parent=29876"}],"wp:term":[{"taxonomy":"category","embeddable":true,"href":"https:\/\/sergiolapegue.com\/site\/wp-json\/wp\/v2\/categories?post=29876"},{"taxonomy":"post_tag","embeddable":true,"href":"https:\/\/sergiolapegue.com\/site\/wp-json\/wp\/v2\/tags?post=29876"}],"curies":[{"name":"wp","href":"https:\/\/api.w.org\/{rel}","templated":true}]}}