{"id":29870,"date":"2026-04-27T17:00:00","date_gmt":"2026-04-27T20:00:00","guid":{"rendered":"https:\/\/sergiolapegue.com\/site\/?p=29870"},"modified":"2026-04-26T21:36:01","modified_gmt":"2026-04-27T00:36:01","slug":"pablo-cordonet-presenta-su-nuevo-espectaculo-vengo-de-los-80","status":"publish","type":"post","link":"https:\/\/sergiolapegue.com\/site\/2026\/04\/27\/pablo-cordonet-presenta-su-nuevo-espectaculo-vengo-de-los-80\/","title":{"rendered":"PABLO CORDONET PRESENTA SU NUEVO ESPECT\u00c1CULO \u201cVENGO DE LOS 80\u00b4\u201d"},"content":{"rendered":"\n<p>El actor, m\u00fasico y comediante&nbsp;Pablo Cordonet&nbsp;estrenar\u00e1 su nuevo espect\u00e1culo de humor&nbsp;Vengo de los 80\u2019s&nbsp;el&nbsp;s\u00e1bado 18 de abril a las 22:30 horas en el Teatro Premier, funci\u00f3n que ya se encuentra completamente agotada a un mes de su estreno.&nbsp;La segunda funci\u00f3n, programada para el s\u00e1bado 25 de abril, tambi\u00e9n agot\u00f3 sus localidades&nbsp;con anticipaci\u00f3n, consolidando un fuerte inter\u00e9s del p\u00fablico. Debido a esta gran demanda,&nbsp;se agrega una nueva fecha para el s\u00e1bado 9 de mayo, a las 22:30 horas.<\/p>\n\n\n\n<p>Vengo de los 80\u2019s&nbsp;es un viaje en el tiempo para reencontrarnos con nuestra esencia y con esa \u00e9poca en la que todo parec\u00eda tener otro sentido. Un espect\u00e1culo de humor en vivo que nos lleva directo a ese momento de nuestras vidas en el que parec\u00eda que todo era \u201cel futuro\u201d.<\/p>\n\n\n\n<p>La propuesta es una comedia entra\u00f1able, inteligente y con mucho ritmo. El show funciona como un mapa sentimental de una generaci\u00f3n, donde el humor aparece como una lupa para entender nuestros h\u00e1bitos actuales.<\/p>\n\n\n\n<figure class=\"wp-block-image size-full\"><img loading=\"lazy\" decoding=\"async\" width=\"1000\" height=\"667\" src=\"https:\/\/sergiolapegue.com\/site\/wp-content\/uploads\/2026\/04\/Pablo-Cordonet-presenta-su-nuevo-espectaculo-1.jpg\" alt=\"\" class=\"wp-image-29873\" srcset=\"https:\/\/sergiolapegue.com\/site\/wp-content\/uploads\/2026\/04\/Pablo-Cordonet-presenta-su-nuevo-espectaculo-1.jpg 1000w, https:\/\/sergiolapegue.com\/site\/wp-content\/uploads\/2026\/04\/Pablo-Cordonet-presenta-su-nuevo-espectaculo-1-300x200.jpg 300w, https:\/\/sergiolapegue.com\/site\/wp-content\/uploads\/2026\/04\/Pablo-Cordonet-presenta-su-nuevo-espectaculo-1-768x512.jpg 768w, https:\/\/sergiolapegue.com\/site\/wp-content\/uploads\/2026\/04\/Pablo-Cordonet-presenta-su-nuevo-espectaculo-1-630x420.jpg 630w, https:\/\/sergiolapegue.com\/site\/wp-content\/uploads\/2026\/04\/Pablo-Cordonet-presenta-su-nuevo-espectaculo-1-696x464.jpg 696w\" sizes=\"auto, (max-width: 1000px) 100vw, 1000px\" \/><\/figure>\n\n\n\n<p>Pablo Cordonet presenta as\u00ed su nuevo espect\u00e1culo, donde se despliega como actor, m\u00fasico y comediante, generando climas y momentos que no solo se disfrutan en el instante, sino que invitan a volver a vivirlos. Junto a su banda en vivo y con la m\u00fasica de esa d\u00e9cada como hilo conductor, el show sumerge al p\u00fablico en un recorrido emocional lleno de recuerdos y sensaciones.<\/p>\n\n\n\n<p>\u201cUna noche donde te vas a encontrar con tus viejos amores, tus objetos m\u00e1s preciados, las promesas de un futuro incierto y, sobre todo, con la inocencia de aquella \u00e9poca en donde todo nos pertenec\u00eda\u201d,&nbsp;dice Pablo Cordonet.<\/p>\n\n\n\n<p>Entre humor, nostalgia, transiciones y mirada cr\u00edtica, el espect\u00e1culo propone redescubrir una d\u00e9cada que marc\u00f3 a toda una generaci\u00f3n. La m\u00fasica, cuidadosamente seleccionada e interpretada en vivo, se convierte en la banda sonora de nuestras vidas: canciones que detonan recuerdos y construyen una narrativa que enlaza distintas \u00e9pocas.<\/p>\n\n\n\n<p>El espect\u00e1culo tambi\u00e9n&nbsp;recorrer\u00e1 el pa\u00eds con su versi\u00f3n \u201cVengo de los 80\u00b4s \u2013 Cassette\u201d&nbsp;en la que Pablo Cordonet en&nbsp;formato&nbsp;unipersonal, brindar\u00e1 su show con toda la energ\u00eda y el magnetismo que lo caracteriza.<\/p>\n\n\n\n<figure class=\"wp-block-image size-full\"><img loading=\"lazy\" decoding=\"async\" width=\"1000\" height=\"1000\" src=\"https:\/\/sergiolapegue.com\/site\/wp-content\/uploads\/2026\/04\/Pablo-Cordonet-presenta-su-nuevo-espectaculo-3.jpg\" alt=\"\" class=\"wp-image-29872\" srcset=\"https:\/\/sergiolapegue.com\/site\/wp-content\/uploads\/2026\/04\/Pablo-Cordonet-presenta-su-nuevo-espectaculo-3.jpg 1000w, https:\/\/sergiolapegue.com\/site\/wp-content\/uploads\/2026\/04\/Pablo-Cordonet-presenta-su-nuevo-espectaculo-3-300x300.jpg 300w, https:\/\/sergiolapegue.com\/site\/wp-content\/uploads\/2026\/04\/Pablo-Cordonet-presenta-su-nuevo-espectaculo-3-150x150.jpg 150w, https:\/\/sergiolapegue.com\/site\/wp-content\/uploads\/2026\/04\/Pablo-Cordonet-presenta-su-nuevo-espectaculo-3-768x768.jpg 768w, https:\/\/sergiolapegue.com\/site\/wp-content\/uploads\/2026\/04\/Pablo-Cordonet-presenta-su-nuevo-espectaculo-3-420x420.jpg 420w, https:\/\/sergiolapegue.com\/site\/wp-content\/uploads\/2026\/04\/Pablo-Cordonet-presenta-su-nuevo-espectaculo-3-696x696.jpg 696w\" sizes=\"auto, (max-width: 1000px) 100vw, 1000px\" \/><\/figure>\n\n\n\n<p><strong>FICHA T\u00c9CNICA<\/strong><\/p>\n\n\n\n<p><strong>Guion:<\/strong>&nbsp;Pablo Cordonet<\/p>\n\n\n\n<p><strong>Interprete:<\/strong> Pablo Cordonet<\/p>\n\n\n\n<p><strong>\u201cFaena\u00b4s Project\u201d son:<\/strong> Sabrina Ceballos \u2013 en voces<\/p>\n\n\n\n<p>\u00a0\u00a0\u00a0\u00a0\u00a0\u00a0\u00a0\u00a0\u00a0\u00a0\u00a0\u00a0\u00a0\u00a0\u00a0\u00a0\u00a0\u00a0\u00a0\u00a0\u00a0\u00a0\u00a0\u00a0\u00a0\u00a0\u00a0\u00a0\u00a0\u00a0\u00a0\u00a0\u00a0\u00a0\u00a0\u00a0\u00a0 Fabi\u00e1n Casuscelli \u2013 en bajo<\/p>\n\n\n\n<p>\u00a0\u00a0\u00a0\u00a0\u00a0\u00a0\u00a0\u00a0\u00a0\u00a0\u00a0\u00a0\u00a0\u00a0\u00a0\u00a0\u00a0\u00a0\u00a0\u00a0\u00a0\u00a0\u00a0\u00a0\u00a0\u00a0\u00a0\u00a0\u00a0\u00a0\u00a0\u00a0\u00a0\u00a0\u00a0\u00a0\u00a0 Mart\u00edn Robledo \u2013 en bater\u00eda<\/p>\n\n\n\n<p>\u00a0\u00a0\u00a0\u00a0\u00a0\u00a0\u00a0\u00a0\u00a0\u00a0\u00a0\u00a0\u00a0\u00a0\u00a0\u00a0\u00a0\u00a0\u00a0\u00a0\u00a0\u00a0\u00a0\u00a0\u00a0\u00a0\u00a0\u00a0\u00a0\u00a0\u00a0\u00a0\u00a0\u00a0\u00a0\u00a0\u00a0 Juan Pablo Minnetti \u2013 en guitarra<\/p>\n\n\n\n<p><strong>Dise\u00f1o gr\u00e1fico:&nbsp;<\/strong>Nacho Criscuolo<\/p>\n\n\n\n<p><strong>Fotograf\u00eda:<\/strong>&nbsp;Nacho Lunadei<\/p>\n\n\n\n<p><strong>Prensa:&nbsp;<\/strong>Kevin Melgar &#8211; Claudina S\u00e1nchez<\/p>\n\n\n\n<p><strong>Producci\u00f3n general:&nbsp;<\/strong>Produce Simple<\/p>\n\n\n\n<p><strong>Direcci\u00f3n:<\/strong>&nbsp;Pablo Cordonet<\/p>\n\n\n\n<p><strong>Instagram:<\/strong> @pablocordonet<\/p>\n\n\n\n<figure class=\"wp-block-image size-full\"><img loading=\"lazy\" decoding=\"async\" width=\"1000\" height=\"1000\" src=\"https:\/\/sergiolapegue.com\/site\/wp-content\/uploads\/2026\/04\/Pablo-Cordonet-presenta-su-nuevo-espectaculo-2.jpg\" alt=\"\" class=\"wp-image-29871\" srcset=\"https:\/\/sergiolapegue.com\/site\/wp-content\/uploads\/2026\/04\/Pablo-Cordonet-presenta-su-nuevo-espectaculo-2.jpg 1000w, https:\/\/sergiolapegue.com\/site\/wp-content\/uploads\/2026\/04\/Pablo-Cordonet-presenta-su-nuevo-espectaculo-2-300x300.jpg 300w, https:\/\/sergiolapegue.com\/site\/wp-content\/uploads\/2026\/04\/Pablo-Cordonet-presenta-su-nuevo-espectaculo-2-150x150.jpg 150w, https:\/\/sergiolapegue.com\/site\/wp-content\/uploads\/2026\/04\/Pablo-Cordonet-presenta-su-nuevo-espectaculo-2-768x768.jpg 768w, https:\/\/sergiolapegue.com\/site\/wp-content\/uploads\/2026\/04\/Pablo-Cordonet-presenta-su-nuevo-espectaculo-2-420x420.jpg 420w, https:\/\/sergiolapegue.com\/site\/wp-content\/uploads\/2026\/04\/Pablo-Cordonet-presenta-su-nuevo-espectaculo-2-696x696.jpg 696w\" sizes=\"auto, (max-width: 1000px) 100vw, 1000px\" \/><\/figure>\n\n\n\n<p><strong>TEATRO PREMIER<\/strong><\/p>\n\n\n\n<p>Av. Corrientes 1565 \u2013 Capital Federal \u2013 Buenos Aires \u2013 Argentina<\/p>\n\n\n\n<p>Tel\u00e9fono: 4374-2113<\/p>\n\n\n\n<p>Entradas: $ 30.000 \u2013 en boleter\u00eda del teatro o por Plateanet \u2013 Link:<\/p>\n\n\n\n<p><a href=\"https:\/\/www.plateanet.com\/obra\/34042?obra=VENGO-DE-LOS-80---PABLO-CORDONET&amp;paso=inicio\">VENGO DE LOS 80 &#8211; PABLO CORDONET &#8211; Plateanet<\/a><\/p>\n\n\n\n<p>Funciones: S\u00e1bado 09 de Mayo \u2013 22:30 horas<\/p>\n\n\n\n<p><strong>PR\u00d3XIMAS FUNCIONES<\/strong><\/p>\n\n\n\n<p><strong>MAYO<\/strong><br>Viernes 8 \u2013 Teatro Sociedad Italiana \u2013 San Miguel<\/p>\n\n\n\n<p>Viernes 15 \u2013 Sala Lavard\u00e9n \u2013 Rosario<\/p>\n\n\n\n<p>S\u00e1bado 23 \u2013 Teatro Maip\u00fa \u2013 Banfield<\/p>\n\n\n\n<p>S\u00e1bado 30 \u2013 Quality Teatro \u2013 C\u00f3rdoba \u2013 \u201cVengo de los 80\u00b4s \u2013 Cassette\u201d<\/p>\n\n\n\n<p>Domingo 31 \u2013 Elvis \u2013 R\u00edo Cuarto \u2013 \u201cVengo de los 80\u00b4s \u2013 Cassette\u201d<\/p>\n\n\n\n<p><strong>JUNIO<\/strong><br>Viernes 5 \u2013 Teatro El C\u00edrculo \u2013 Mendoza \u2013 \u201cVengo de los 80\u00b4s \u2013 Cassette\u201d<\/p>\n\n\n\n<p>S\u00e1bado 6 \u2013 Sala Z \u2013 San Juan \u2013 \u201cVengo de los 80\u00b4s \u2013 Cassette\u201d<\/p>\n\n\n\n<p>Domingo 7 \u2013 Sala Berta Vidal \u2013 San Luis \u2013 \u201cVengo de los 80\u00b4s \u2013 Cassette\u201d<\/p>\n\n\n\n<p>Viernes 12 \u2013 Teatro Stella Maris \u2013 San Isidro<\/p>\n\n\n\n<p>S\u00e1bado 13 \u2013 Teatro Premier \u2013 CABA<\/p>\n\n\n\n<p>S\u00e1bado 20 \u2013 Espacio Dal\u00ed \u2013 Monte Grande<\/p>\n\n\n\n<p>Viernes 26 \u2013 Teatro UOM \u2013 San Justo<\/p>\n\n\n\n<p><strong>JULIO<\/strong><br>Viernes 17 \u2013 Teatro Mor\u00f3n \u2013 Mor\u00f3n<\/p>\n\n\n\n<p>S\u00e1bado 25 \u2013 Teatro Premier \u2013 CABA<\/p>\n\n\n\n<p>Viernes 31 \u2013 Sala Mitre \u2013 Jujuy<\/p>\n\n\n\n<p><strong>AGOSTO<\/strong><br>S\u00e1bado 1 \u2013 La Usina \u2013 Salta<\/p>\n\n\n\n<p>Domingo 2 \u2013 CC Virla \u2013 Tucum\u00e1n<\/p>\n\n\n\n<p>Viernes 7 \u2013 Vorterix \u2013 Mar del Plata<\/p>\n\n\n\n<p>Viernes 21 \u2013 Teatro Helios \u2013 Palomar<\/p>\n\n\n\n<p>S\u00e1bado 22 \u2013 Teatro Premier \u2013 CABA<\/p>\n\n\n\n<p>Gracias Kevin Melgar Prensa por acercarnos la gacetilla de prensa de la gira que estar\u00e1 realizando Pablo Cordonet por nuestro pa\u00eds.<\/p>\n\n\n\n<p><\/p>\n","protected":false},"excerpt":{"rendered":"<p>El actor, m\u00fasico y comediante&nbsp;Pablo Cordonet&nbsp;estrenar\u00e1 su nuevo espect\u00e1culo de humor&nbsp;Vengo de los 80\u2019s&nbsp;el&nbsp;s\u00e1bado 18 de abril a las 22:30 horas en el Teatro Premier, funci\u00f3n que ya se encuentra completamente agotada a un mes de su estreno.&nbsp;La segunda funci\u00f3n, programada para el s\u00e1bado 25 de abril, tambi\u00e9n agot\u00f3 sus localidades&nbsp;con anticipaci\u00f3n, consolidando un fuerte [&hellip;]<\/p>\n","protected":false},"author":3,"featured_media":29874,"comment_status":"open","ping_status":"closed","sticky":false,"template":"","format":"standard","meta":{"footnotes":""},"categories":[34,35],"tags":[],"class_list":{"0":"post-29870","1":"post","2":"type-post","3":"status-publish","4":"format-standard","5":"has-post-thumbnail","7":"category-arte","8":"category-teatro"},"yoast_head":"<!-- This site is optimized with the Yoast SEO plugin v27.4 - https:\/\/yoast.com\/product\/yoast-seo-wordpress\/ -->\n<title>PABLO CORDONET PRESENTA SU NUEVO ESPECT\u00c1CULO \u201cVENGO DE LOS 80\u00b4\u201d - Sergio Lapegue<\/title>\n<meta name=\"robots\" content=\"index, follow, max-snippet:-1, max-image-preview:large, max-video-preview:-1\" \/>\n<link rel=\"canonical\" href=\"https:\/\/sergiolapegue.com\/site\/2026\/04\/27\/pablo-cordonet-presenta-su-nuevo-espectaculo-vengo-de-los-80\/\" \/>\n<meta property=\"og:locale\" content=\"es_ES\" \/>\n<meta property=\"og:type\" content=\"article\" \/>\n<meta property=\"og:title\" content=\"PABLO CORDONET PRESENTA SU NUEVO ESPECT\u00c1CULO \u201cVENGO DE LOS 80\u00b4\u201d - Sergio Lapegue\" \/>\n<meta property=\"og:description\" content=\"El actor, m\u00fasico y comediante&nbsp;Pablo Cordonet&nbsp;estrenar\u00e1 su nuevo espect\u00e1culo de humor&nbsp;Vengo de los 80\u2019s&nbsp;el&nbsp;s\u00e1bado 18 de abril a las 22:30 horas en el Teatro Premier, funci\u00f3n que ya se encuentra completamente agotada a un mes de su estreno.&nbsp;La segunda funci\u00f3n, programada para el s\u00e1bado 25 de abril, tambi\u00e9n agot\u00f3 sus localidades&nbsp;con anticipaci\u00f3n, consolidando un fuerte [&hellip;]\" \/>\n<meta property=\"og:url\" content=\"https:\/\/sergiolapegue.com\/site\/2026\/04\/27\/pablo-cordonet-presenta-su-nuevo-espectaculo-vengo-de-los-80\/\" \/>\n<meta property=\"og:site_name\" content=\"Sergio Lapegue\" \/>\n<meta property=\"article:publisher\" content=\"https:\/\/facebook.com\/sergiolapegue\" \/>\n<meta property=\"article:author\" content=\"https:\/\/facebook.com\/danielernesto.montana\" \/>\n<meta property=\"article:published_time\" content=\"2026-04-27T20:00:00+00:00\" \/>\n<meta property=\"og:image\" content=\"https:\/\/sergiolapegue.com\/site\/wp-content\/uploads\/2026\/04\/Pablo-Cordonet-presenta-su-nuevo-espectaculo.jpg\" \/>\n\t<meta property=\"og:image:width\" content=\"1000\" \/>\n\t<meta property=\"og:image:height\" content=\"1630\" \/>\n\t<meta property=\"og:image:type\" content=\"image\/jpeg\" \/>\n<meta name=\"author\" content=\"Daniel E. Monta\u00f1a\" \/>\n<meta name=\"twitter:card\" content=\"summary_large_image\" \/>\n<meta name=\"twitter:creator\" content=\"@https:\/\/twitter.com\/daner_004\" \/>\n<meta name=\"twitter:site\" content=\"@sergiolapegue\" \/>\n<meta name=\"twitter:label1\" content=\"Escrito por\" \/>\n\t<meta name=\"twitter:data1\" content=\"Daniel E. Monta\u00f1a\" \/>\n\t<meta name=\"twitter:label2\" content=\"Tiempo de lectura\" \/>\n\t<meta name=\"twitter:data2\" content=\"4 minutos\" \/>\n<script type=\"application\/ld+json\" class=\"yoast-schema-graph\">{\"@context\":\"https:\\\/\\\/schema.org\",\"@graph\":[{\"@type\":\"Article\",\"@id\":\"https:\\\/\\\/sergiolapegue.com\\\/site\\\/2026\\\/04\\\/27\\\/pablo-cordonet-presenta-su-nuevo-espectaculo-vengo-de-los-80\\\/#article\",\"isPartOf\":{\"@id\":\"https:\\\/\\\/sergiolapegue.com\\\/site\\\/2026\\\/04\\\/27\\\/pablo-cordonet-presenta-su-nuevo-espectaculo-vengo-de-los-80\\\/\"},\"author\":{\"name\":\"Daniel E. Monta\u00f1a\",\"@id\":\"https:\\\/\\\/sergiolapegue.com\\\/site\\\/#\\\/schema\\\/person\\\/9198e7dbab43c6d74d0fd5399af7c3cd\"},\"headline\":\"PABLO CORDONET PRESENTA SU NUEVO ESPECT\u00c1CULO \u201cVENGO DE LOS 80\u00b4\u201d\",\"datePublished\":\"2026-04-27T20:00:00+00:00\",\"mainEntityOfPage\":{\"@id\":\"https:\\\/\\\/sergiolapegue.com\\\/site\\\/2026\\\/04\\\/27\\\/pablo-cordonet-presenta-su-nuevo-espectaculo-vengo-de-los-80\\\/\"},\"wordCount\":671,\"commentCount\":0,\"publisher\":{\"@id\":\"https:\\\/\\\/sergiolapegue.com\\\/site\\\/#\\\/schema\\\/person\\\/083aeceeb0734cd166779ea6c0551a37\"},\"image\":{\"@id\":\"https:\\\/\\\/sergiolapegue.com\\\/site\\\/2026\\\/04\\\/27\\\/pablo-cordonet-presenta-su-nuevo-espectaculo-vengo-de-los-80\\\/#primaryimage\"},\"thumbnailUrl\":\"https:\\\/\\\/sergiolapegue.com\\\/site\\\/wp-content\\\/uploads\\\/2026\\\/04\\\/Pablo-Cordonet-presenta-su-nuevo-espectaculo.jpg\",\"articleSection\":[\"Arte\",\"Teatro\"],\"inLanguage\":\"es-AR\",\"potentialAction\":[{\"@type\":\"CommentAction\",\"name\":\"Comment\",\"target\":[\"https:\\\/\\\/sergiolapegue.com\\\/site\\\/2026\\\/04\\\/27\\\/pablo-cordonet-presenta-su-nuevo-espectaculo-vengo-de-los-80\\\/#respond\"]}]},{\"@type\":\"WebPage\",\"@id\":\"https:\\\/\\\/sergiolapegue.com\\\/site\\\/2026\\\/04\\\/27\\\/pablo-cordonet-presenta-su-nuevo-espectaculo-vengo-de-los-80\\\/\",\"url\":\"https:\\\/\\\/sergiolapegue.com\\\/site\\\/2026\\\/04\\\/27\\\/pablo-cordonet-presenta-su-nuevo-espectaculo-vengo-de-los-80\\\/\",\"name\":\"PABLO CORDONET PRESENTA SU NUEVO ESPECT\u00c1CULO \u201cVENGO DE LOS 80\u00b4\u201d - Sergio Lapegue\",\"isPartOf\":{\"@id\":\"https:\\\/\\\/sergiolapegue.com\\\/site\\\/#website\"},\"primaryImageOfPage\":{\"@id\":\"https:\\\/\\\/sergiolapegue.com\\\/site\\\/2026\\\/04\\\/27\\\/pablo-cordonet-presenta-su-nuevo-espectaculo-vengo-de-los-80\\\/#primaryimage\"},\"image\":{\"@id\":\"https:\\\/\\\/sergiolapegue.com\\\/site\\\/2026\\\/04\\\/27\\\/pablo-cordonet-presenta-su-nuevo-espectaculo-vengo-de-los-80\\\/#primaryimage\"},\"thumbnailUrl\":\"https:\\\/\\\/sergiolapegue.com\\\/site\\\/wp-content\\\/uploads\\\/2026\\\/04\\\/Pablo-Cordonet-presenta-su-nuevo-espectaculo.jpg\",\"datePublished\":\"2026-04-27T20:00:00+00:00\",\"breadcrumb\":{\"@id\":\"https:\\\/\\\/sergiolapegue.com\\\/site\\\/2026\\\/04\\\/27\\\/pablo-cordonet-presenta-su-nuevo-espectaculo-vengo-de-los-80\\\/#breadcrumb\"},\"inLanguage\":\"es-AR\",\"potentialAction\":[{\"@type\":\"ReadAction\",\"target\":[\"https:\\\/\\\/sergiolapegue.com\\\/site\\\/2026\\\/04\\\/27\\\/pablo-cordonet-presenta-su-nuevo-espectaculo-vengo-de-los-80\\\/\"]}]},{\"@type\":\"ImageObject\",\"inLanguage\":\"es-AR\",\"@id\":\"https:\\\/\\\/sergiolapegue.com\\\/site\\\/2026\\\/04\\\/27\\\/pablo-cordonet-presenta-su-nuevo-espectaculo-vengo-de-los-80\\\/#primaryimage\",\"url\":\"https:\\\/\\\/sergiolapegue.com\\\/site\\\/wp-content\\\/uploads\\\/2026\\\/04\\\/Pablo-Cordonet-presenta-su-nuevo-espectaculo.jpg\",\"contentUrl\":\"https:\\\/\\\/sergiolapegue.com\\\/site\\\/wp-content\\\/uploads\\\/2026\\\/04\\\/Pablo-Cordonet-presenta-su-nuevo-espectaculo.jpg\",\"width\":1000,\"height\":1630},{\"@type\":\"BreadcrumbList\",\"@id\":\"https:\\\/\\\/sergiolapegue.com\\\/site\\\/2026\\\/04\\\/27\\\/pablo-cordonet-presenta-su-nuevo-espectaculo-vengo-de-los-80\\\/#breadcrumb\",\"itemListElement\":[{\"@type\":\"ListItem\",\"position\":1,\"name\":\"Inicio\",\"item\":\"https:\\\/\\\/sergiolapegue.com\\\/site\\\/\"},{\"@type\":\"ListItem\",\"position\":2,\"name\":\"PABLO CORDONET PRESENTA SU NUEVO ESPECT\u00c1CULO \u201cVENGO DE LOS 80\u00b4\u201d\"}]},{\"@type\":\"WebSite\",\"@id\":\"https:\\\/\\\/sergiolapegue.com\\\/site\\\/#website\",\"url\":\"https:\\\/\\\/sergiolapegue.com\\\/site\\\/\",\"name\":\"Sergio Lapegue\",\"description\":\"Periodista\",\"publisher\":{\"@id\":\"https:\\\/\\\/sergiolapegue.com\\\/site\\\/#\\\/schema\\\/person\\\/083aeceeb0734cd166779ea6c0551a37\"},\"potentialAction\":[{\"@type\":\"SearchAction\",\"target\":{\"@type\":\"EntryPoint\",\"urlTemplate\":\"https:\\\/\\\/sergiolapegue.com\\\/site\\\/?s={search_term_string}\"},\"query-input\":{\"@type\":\"PropertyValueSpecification\",\"valueRequired\":true,\"valueName\":\"search_term_string\"}}],\"inLanguage\":\"es-AR\"},{\"@type\":[\"Person\",\"Organization\"],\"@id\":\"https:\\\/\\\/sergiolapegue.com\\\/site\\\/#\\\/schema\\\/person\\\/083aeceeb0734cd166779ea6c0551a37\",\"name\":\"Sergio Lapegue\",\"image\":{\"@type\":\"ImageObject\",\"inLanguage\":\"es-AR\",\"@id\":\"https:\\\/\\\/sergiolapegue.com\\\/site\\\/wp-content\\\/uploads\\\/2021\\\/04\\\/logo_header-1.png\",\"url\":\"https:\\\/\\\/sergiolapegue.com\\\/site\\\/wp-content\\\/uploads\\\/2021\\\/04\\\/logo_header-1.png\",\"contentUrl\":\"https:\\\/\\\/sergiolapegue.com\\\/site\\\/wp-content\\\/uploads\\\/2021\\\/04\\\/logo_header-1.png\",\"width\":272,\"height\":90,\"caption\":\"Sergio Lapegue\"},\"logo\":{\"@id\":\"https:\\\/\\\/sergiolapegue.com\\\/site\\\/wp-content\\\/uploads\\\/2021\\\/04\\\/logo_header-1.png\"},\"sameAs\":[\"https:\\\/\\\/facebook.com\\\/sergiolapegue\",\"https:\\\/\\\/instagram.com\\\/sergiolapegue\",\"https:\\\/\\\/x.com\\\/https:\\\/\\\/twitter.com\\\/sergiolapegue\"]},{\"@type\":\"Person\",\"@id\":\"https:\\\/\\\/sergiolapegue.com\\\/site\\\/#\\\/schema\\\/person\\\/9198e7dbab43c6d74d0fd5399af7c3cd\",\"name\":\"Daniel E. Monta\u00f1a\",\"image\":{\"@type\":\"ImageObject\",\"inLanguage\":\"es-AR\",\"@id\":\"https:\\\/\\\/sergiolapegue.com\\\/site\\\/wp-content\\\/uploads\\\/2021\\\/04\\\/sl_avatar_Daniel-150x150.jpg\",\"url\":\"https:\\\/\\\/sergiolapegue.com\\\/site\\\/wp-content\\\/uploads\\\/2021\\\/04\\\/sl_avatar_Daniel-150x150.jpg\",\"contentUrl\":\"https:\\\/\\\/sergiolapegue.com\\\/site\\\/wp-content\\\/uploads\\\/2021\\\/04\\\/sl_avatar_Daniel-150x150.jpg\",\"caption\":\"Daniel E. Monta\u00f1a\"},\"sameAs\":[\"https:\\\/\\\/facebook.com\\\/danielernesto.montana\",\"https:\\\/\\\/instagram.com\\\/daniel_montana1961\",\"https:\\\/\\\/x.com\\\/https:\\\/\\\/twitter.com\\\/daner_004\"],\"url\":\"https:\\\/\\\/sergiolapegue.com\\\/site\\\/author\\\/daniel\\\/\"}]}<\/script>\n<!-- \/ Yoast SEO plugin. -->","yoast_head_json":{"title":"PABLO CORDONET PRESENTA SU NUEVO ESPECT\u00c1CULO \u201cVENGO DE LOS 80\u00b4\u201d - Sergio Lapegue","robots":{"index":"index","follow":"follow","max-snippet":"max-snippet:-1","max-image-preview":"max-image-preview:large","max-video-preview":"max-video-preview:-1"},"canonical":"https:\/\/sergiolapegue.com\/site\/2026\/04\/27\/pablo-cordonet-presenta-su-nuevo-espectaculo-vengo-de-los-80\/","og_locale":"es_ES","og_type":"article","og_title":"PABLO CORDONET PRESENTA SU NUEVO ESPECT\u00c1CULO \u201cVENGO DE LOS 80\u00b4\u201d - Sergio Lapegue","og_description":"El actor, m\u00fasico y comediante&nbsp;Pablo Cordonet&nbsp;estrenar\u00e1 su nuevo espect\u00e1culo de humor&nbsp;Vengo de los 80\u2019s&nbsp;el&nbsp;s\u00e1bado 18 de abril a las 22:30 horas en el Teatro Premier, funci\u00f3n que ya se encuentra completamente agotada a un mes de su estreno.&nbsp;La segunda funci\u00f3n, programada para el s\u00e1bado 25 de abril, tambi\u00e9n agot\u00f3 sus localidades&nbsp;con anticipaci\u00f3n, consolidando un fuerte [&hellip;]","og_url":"https:\/\/sergiolapegue.com\/site\/2026\/04\/27\/pablo-cordonet-presenta-su-nuevo-espectaculo-vengo-de-los-80\/","og_site_name":"Sergio Lapegue","article_publisher":"https:\/\/facebook.com\/sergiolapegue","article_author":"https:\/\/facebook.com\/danielernesto.montana","article_published_time":"2026-04-27T20:00:00+00:00","og_image":[{"width":1000,"height":1630,"url":"https:\/\/sergiolapegue.com\/site\/wp-content\/uploads\/2026\/04\/Pablo-Cordonet-presenta-su-nuevo-espectaculo.jpg","type":"image\/jpeg"}],"author":"Daniel E. Monta\u00f1a","twitter_card":"summary_large_image","twitter_creator":"@https:\/\/twitter.com\/daner_004","twitter_site":"@sergiolapegue","twitter_misc":{"Escrito por":"Daniel E. Monta\u00f1a","Tiempo de lectura":"4 minutos"},"schema":{"@context":"https:\/\/schema.org","@graph":[{"@type":"Article","@id":"https:\/\/sergiolapegue.com\/site\/2026\/04\/27\/pablo-cordonet-presenta-su-nuevo-espectaculo-vengo-de-los-80\/#article","isPartOf":{"@id":"https:\/\/sergiolapegue.com\/site\/2026\/04\/27\/pablo-cordonet-presenta-su-nuevo-espectaculo-vengo-de-los-80\/"},"author":{"name":"Daniel E. Monta\u00f1a","@id":"https:\/\/sergiolapegue.com\/site\/#\/schema\/person\/9198e7dbab43c6d74d0fd5399af7c3cd"},"headline":"PABLO CORDONET PRESENTA SU NUEVO ESPECT\u00c1CULO \u201cVENGO DE LOS 80\u00b4\u201d","datePublished":"2026-04-27T20:00:00+00:00","mainEntityOfPage":{"@id":"https:\/\/sergiolapegue.com\/site\/2026\/04\/27\/pablo-cordonet-presenta-su-nuevo-espectaculo-vengo-de-los-80\/"},"wordCount":671,"commentCount":0,"publisher":{"@id":"https:\/\/sergiolapegue.com\/site\/#\/schema\/person\/083aeceeb0734cd166779ea6c0551a37"},"image":{"@id":"https:\/\/sergiolapegue.com\/site\/2026\/04\/27\/pablo-cordonet-presenta-su-nuevo-espectaculo-vengo-de-los-80\/#primaryimage"},"thumbnailUrl":"https:\/\/sergiolapegue.com\/site\/wp-content\/uploads\/2026\/04\/Pablo-Cordonet-presenta-su-nuevo-espectaculo.jpg","articleSection":["Arte","Teatro"],"inLanguage":"es-AR","potentialAction":[{"@type":"CommentAction","name":"Comment","target":["https:\/\/sergiolapegue.com\/site\/2026\/04\/27\/pablo-cordonet-presenta-su-nuevo-espectaculo-vengo-de-los-80\/#respond"]}]},{"@type":"WebPage","@id":"https:\/\/sergiolapegue.com\/site\/2026\/04\/27\/pablo-cordonet-presenta-su-nuevo-espectaculo-vengo-de-los-80\/","url":"https:\/\/sergiolapegue.com\/site\/2026\/04\/27\/pablo-cordonet-presenta-su-nuevo-espectaculo-vengo-de-los-80\/","name":"PABLO CORDONET PRESENTA SU NUEVO ESPECT\u00c1CULO \u201cVENGO DE LOS 80\u00b4\u201d - Sergio Lapegue","isPartOf":{"@id":"https:\/\/sergiolapegue.com\/site\/#website"},"primaryImageOfPage":{"@id":"https:\/\/sergiolapegue.com\/site\/2026\/04\/27\/pablo-cordonet-presenta-su-nuevo-espectaculo-vengo-de-los-80\/#primaryimage"},"image":{"@id":"https:\/\/sergiolapegue.com\/site\/2026\/04\/27\/pablo-cordonet-presenta-su-nuevo-espectaculo-vengo-de-los-80\/#primaryimage"},"thumbnailUrl":"https:\/\/sergiolapegue.com\/site\/wp-content\/uploads\/2026\/04\/Pablo-Cordonet-presenta-su-nuevo-espectaculo.jpg","datePublished":"2026-04-27T20:00:00+00:00","breadcrumb":{"@id":"https:\/\/sergiolapegue.com\/site\/2026\/04\/27\/pablo-cordonet-presenta-su-nuevo-espectaculo-vengo-de-los-80\/#breadcrumb"},"inLanguage":"es-AR","potentialAction":[{"@type":"ReadAction","target":["https:\/\/sergiolapegue.com\/site\/2026\/04\/27\/pablo-cordonet-presenta-su-nuevo-espectaculo-vengo-de-los-80\/"]}]},{"@type":"ImageObject","inLanguage":"es-AR","@id":"https:\/\/sergiolapegue.com\/site\/2026\/04\/27\/pablo-cordonet-presenta-su-nuevo-espectaculo-vengo-de-los-80\/#primaryimage","url":"https:\/\/sergiolapegue.com\/site\/wp-content\/uploads\/2026\/04\/Pablo-Cordonet-presenta-su-nuevo-espectaculo.jpg","contentUrl":"https:\/\/sergiolapegue.com\/site\/wp-content\/uploads\/2026\/04\/Pablo-Cordonet-presenta-su-nuevo-espectaculo.jpg","width":1000,"height":1630},{"@type":"BreadcrumbList","@id":"https:\/\/sergiolapegue.com\/site\/2026\/04\/27\/pablo-cordonet-presenta-su-nuevo-espectaculo-vengo-de-los-80\/#breadcrumb","itemListElement":[{"@type":"ListItem","position":1,"name":"Inicio","item":"https:\/\/sergiolapegue.com\/site\/"},{"@type":"ListItem","position":2,"name":"PABLO CORDONET PRESENTA SU NUEVO ESPECT\u00c1CULO \u201cVENGO DE LOS 80\u00b4\u201d"}]},{"@type":"WebSite","@id":"https:\/\/sergiolapegue.com\/site\/#website","url":"https:\/\/sergiolapegue.com\/site\/","name":"Sergio Lapegue","description":"Periodista","publisher":{"@id":"https:\/\/sergiolapegue.com\/site\/#\/schema\/person\/083aeceeb0734cd166779ea6c0551a37"},"potentialAction":[{"@type":"SearchAction","target":{"@type":"EntryPoint","urlTemplate":"https:\/\/sergiolapegue.com\/site\/?s={search_term_string}"},"query-input":{"@type":"PropertyValueSpecification","valueRequired":true,"valueName":"search_term_string"}}],"inLanguage":"es-AR"},{"@type":["Person","Organization"],"@id":"https:\/\/sergiolapegue.com\/site\/#\/schema\/person\/083aeceeb0734cd166779ea6c0551a37","name":"Sergio Lapegue","image":{"@type":"ImageObject","inLanguage":"es-AR","@id":"https:\/\/sergiolapegue.com\/site\/wp-content\/uploads\/2021\/04\/logo_header-1.png","url":"https:\/\/sergiolapegue.com\/site\/wp-content\/uploads\/2021\/04\/logo_header-1.png","contentUrl":"https:\/\/sergiolapegue.com\/site\/wp-content\/uploads\/2021\/04\/logo_header-1.png","width":272,"height":90,"caption":"Sergio Lapegue"},"logo":{"@id":"https:\/\/sergiolapegue.com\/site\/wp-content\/uploads\/2021\/04\/logo_header-1.png"},"sameAs":["https:\/\/facebook.com\/sergiolapegue","https:\/\/instagram.com\/sergiolapegue","https:\/\/x.com\/https:\/\/twitter.com\/sergiolapegue"]},{"@type":"Person","@id":"https:\/\/sergiolapegue.com\/site\/#\/schema\/person\/9198e7dbab43c6d74d0fd5399af7c3cd","name":"Daniel E. Monta\u00f1a","image":{"@type":"ImageObject","inLanguage":"es-AR","@id":"https:\/\/sergiolapegue.com\/site\/wp-content\/uploads\/2021\/04\/sl_avatar_Daniel-150x150.jpg","url":"https:\/\/sergiolapegue.com\/site\/wp-content\/uploads\/2021\/04\/sl_avatar_Daniel-150x150.jpg","contentUrl":"https:\/\/sergiolapegue.com\/site\/wp-content\/uploads\/2021\/04\/sl_avatar_Daniel-150x150.jpg","caption":"Daniel E. Monta\u00f1a"},"sameAs":["https:\/\/facebook.com\/danielernesto.montana","https:\/\/instagram.com\/daniel_montana1961","https:\/\/x.com\/https:\/\/twitter.com\/daner_004"],"url":"https:\/\/sergiolapegue.com\/site\/author\/daniel\/"}]}},"_links":{"self":[{"href":"https:\/\/sergiolapegue.com\/site\/wp-json\/wp\/v2\/posts\/29870","targetHints":{"allow":["GET"]}}],"collection":[{"href":"https:\/\/sergiolapegue.com\/site\/wp-json\/wp\/v2\/posts"}],"about":[{"href":"https:\/\/sergiolapegue.com\/site\/wp-json\/wp\/v2\/types\/post"}],"author":[{"embeddable":true,"href":"https:\/\/sergiolapegue.com\/site\/wp-json\/wp\/v2\/users\/3"}],"replies":[{"embeddable":true,"href":"https:\/\/sergiolapegue.com\/site\/wp-json\/wp\/v2\/comments?post=29870"}],"version-history":[{"count":1,"href":"https:\/\/sergiolapegue.com\/site\/wp-json\/wp\/v2\/posts\/29870\/revisions"}],"predecessor-version":[{"id":29875,"href":"https:\/\/sergiolapegue.com\/site\/wp-json\/wp\/v2\/posts\/29870\/revisions\/29875"}],"wp:featuredmedia":[{"embeddable":true,"href":"https:\/\/sergiolapegue.com\/site\/wp-json\/wp\/v2\/media\/29874"}],"wp:attachment":[{"href":"https:\/\/sergiolapegue.com\/site\/wp-json\/wp\/v2\/media?parent=29870"}],"wp:term":[{"taxonomy":"category","embeddable":true,"href":"https:\/\/sergiolapegue.com\/site\/wp-json\/wp\/v2\/categories?post=29870"},{"taxonomy":"post_tag","embeddable":true,"href":"https:\/\/sergiolapegue.com\/site\/wp-json\/wp\/v2\/tags?post=29870"}],"curies":[{"name":"wp","href":"https:\/\/api.w.org\/{rel}","templated":true}]}}