{"id":29850,"date":"2026-04-25T01:00:00","date_gmt":"2026-04-25T04:00:00","guid":{"rendered":"https:\/\/sergiolapegue.com\/site\/?p=29850"},"modified":"2026-04-24T20:55:26","modified_gmt":"2026-04-24T23:55:26","slug":"se-presenta-vinlandia-un-corto-argentino-de-ludmila-krugliansky-fainman","status":"publish","type":"post","link":"https:\/\/sergiolapegue.com\/site\/2026\/04\/25\/se-presenta-vinlandia-un-corto-argentino-de-ludmila-krugliansky-fainman\/","title":{"rendered":"SE PRESENTA \u201cVINLANDIA\u201d UN CORTO ARGENTINO DE LUDMILA KRUGLIANSKY FAINMAN"},"content":{"rendered":"\n<p>Vinlandia es el proyecto argentino de drama, con elementos de fantas\u00eda \u00e9pica, que marcar\u00e1 un antes y un despu\u00e9s en la industria audiovisual<\/p>\n\n\n\n<p>La directora y productora audiovisual&nbsp;Ludmila Krugliansky Fainman, con m\u00e1s de diez a\u00f1os de experiencia en producci\u00f3n y management audiovisual \u2014 incluyendo su paso por compa\u00f1\u00edas como Paramount y su actual desempe\u00f1o en Oliver Agency para Microsoft \u2014 presenta, a trav\u00e9s de su productora&nbsp;Lady Knaif, Vinlandia. Se trata de un short film de drama con elementos de fantas\u00eda \u00e9pica que da origen a un universo narrativo m\u00e1s amplio, concebido como una propiedad intelectual con proyecci\u00f3n hacia su desarrollo en formatos como&nbsp;series, pel\u00edculas y videojuegos.<\/p>\n\n\n\n<p>El corto funciona como el punto de partida de este universo \u2014 su \u201cbig bang\u201d \u2014 estableciendo las bases narrativas, visuales y simb\u00f3licas de un proyecto pensado desde su origen para expandirse.<\/p>\n\n\n\n<figure class=\"wp-block-image size-full\"><img loading=\"lazy\" decoding=\"async\" width=\"1000\" height=\"426\" src=\"https:\/\/sergiolapegue.com\/site\/wp-content\/uploads\/2026\/04\/Se-presenta-Vinlandia-1.jpg\" alt=\"\" class=\"wp-image-29851\" srcset=\"https:\/\/sergiolapegue.com\/site\/wp-content\/uploads\/2026\/04\/Se-presenta-Vinlandia-1.jpg 1000w, https:\/\/sergiolapegue.com\/site\/wp-content\/uploads\/2026\/04\/Se-presenta-Vinlandia-1-300x128.jpg 300w, https:\/\/sergiolapegue.com\/site\/wp-content\/uploads\/2026\/04\/Se-presenta-Vinlandia-1-768x327.jpg 768w, https:\/\/sergiolapegue.com\/site\/wp-content\/uploads\/2026\/04\/Se-presenta-Vinlandia-1-986x420.jpg 986w, https:\/\/sergiolapegue.com\/site\/wp-content\/uploads\/2026\/04\/Se-presenta-Vinlandia-1-696x296.jpg 696w\" sizes=\"auto, (max-width: 1000px) 100vw, 1000px\" \/><\/figure>\n\n\n\n<p>Rodado \u00edntegramente en la Patagonia argentina&nbsp;\u2014 en locaciones como Dina Huapi, Cerro Llao Llao, Bosque de Arrayanes y Lago Moreno \u2014, Vinlandia<strong>&nbsp;<\/strong>implic\u00f3 una producci\u00f3n de alta complejidad log\u00edstica, que incluy\u00f3 trabajo en entornos naturales, coordinaci\u00f3n t\u00e9cnica en exteriores, gesti\u00f3n con autoridades locales y un enfoque visual centrado en lo cinematogr\u00e1fico.<\/p>\n\n\n\n<p>Adem\u00e1s de dirigir y producir el proyecto,&nbsp;Krugliansky protagoniza&nbsp;Vinlandia, asumiendo un rol central frente a c\u00e1mara.<\/p>\n\n\n\n<p>El rodaje incluy\u00f3 pr\u00e1cticas como remo, trekking y adaptaci\u00f3n a las condiciones reales de las locaciones naturales, integrando cuerpo y narrativa en la construcci\u00f3n del personaje.&nbsp;<\/p>\n\n\n\n<p>Uno de los objetivos del proyecto&nbsp;es reavivar el g\u00e9nero en la regi\u00f3n, apostando por una narrativa con identidad propia y proyecci\u00f3n internacional.<\/p>\n\n\n\n<p>En su n\u00facleo tem\u00e1tico, Vinlandia, aborda el duelo, la p\u00e9rdida, la reinvenci\u00f3n y el renacimiento del ser humano, explorando una dimensi\u00f3n existencial que atraviesa todo el universo narrativo.<\/p>\n\n\n\n<figure class=\"wp-block-image size-full\"><img loading=\"lazy\" decoding=\"async\" width=\"1000\" height=\"426\" src=\"https:\/\/sergiolapegue.com\/site\/wp-content\/uploads\/2026\/04\/Se-presenta-Vinlandia-4.jpg\" alt=\"\" class=\"wp-image-29852\" srcset=\"https:\/\/sergiolapegue.com\/site\/wp-content\/uploads\/2026\/04\/Se-presenta-Vinlandia-4.jpg 1000w, https:\/\/sergiolapegue.com\/site\/wp-content\/uploads\/2026\/04\/Se-presenta-Vinlandia-4-300x128.jpg 300w, https:\/\/sergiolapegue.com\/site\/wp-content\/uploads\/2026\/04\/Se-presenta-Vinlandia-4-768x327.jpg 768w, https:\/\/sergiolapegue.com\/site\/wp-content\/uploads\/2026\/04\/Se-presenta-Vinlandia-4-986x420.jpg 986w, https:\/\/sergiolapegue.com\/site\/wp-content\/uploads\/2026\/04\/Se-presenta-Vinlandia-4-696x296.jpg 696w\" sizes=\"auto, (max-width: 1000px) 100vw, 1000px\" \/><\/figure>\n\n\n\n<p>Vinlandia se orienta a un p\u00fablico adulto, interesado en narrativas de escala dram\u00e1tica y \u00e9pica, con una impronta autoral. En t\u00e9rminos de tono, el proyecto se inscribe dentro de una l\u00ednea de producciones contempor\u00e1neas que combinan elementos de fantas\u00eda con una mirada existencial y simb\u00f3lica propia del ser humano.&nbsp;<\/p>\n\n\n\n<p>Como parte de su enfoque transmedia, Vinlandia&nbsp;integra una pieza musical original que expande el universo narrativo m\u00e1s all\u00e1 del formato audiovisual, incorporando una dimensi\u00f3n sonora que dialoga con la identidad del &nbsp;proyecto.<\/p>\n\n\n\n<p>Vinlandia tendr\u00e1 su&nbsp;exclusive premiere screening&nbsp;el s\u00e1bado 25 de abril en la ciudad de Buenos Aires, en un encuentro que reunir\u00e1 al equipo t\u00e9cnico y creativo del proyecto, junto a invitados del \u00e1mbito audiovisual y cultural.<\/p>\n\n\n\n<p>Durante el evento se realizar\u00e1 la primera proyecci\u00f3n oficial del short film, acompa\u00f1ado por material adicional del universo narrativo.<\/p>\n\n\n\n<figure class=\"wp-block-image size-full\"><img loading=\"lazy\" decoding=\"async\" width=\"1000\" height=\"563\" src=\"https:\/\/sergiolapegue.com\/site\/wp-content\/uploads\/2026\/04\/Se-presenta-Vinlandia-2.jpg\" alt=\"\" class=\"wp-image-29853\" srcset=\"https:\/\/sergiolapegue.com\/site\/wp-content\/uploads\/2026\/04\/Se-presenta-Vinlandia-2.jpg 1000w, https:\/\/sergiolapegue.com\/site\/wp-content\/uploads\/2026\/04\/Se-presenta-Vinlandia-2-300x169.jpg 300w, https:\/\/sergiolapegue.com\/site\/wp-content\/uploads\/2026\/04\/Se-presenta-Vinlandia-2-768x432.jpg 768w, https:\/\/sergiolapegue.com\/site\/wp-content\/uploads\/2026\/04\/Se-presenta-Vinlandia-2-746x420.jpg 746w, https:\/\/sergiolapegue.com\/site\/wp-content\/uploads\/2026\/04\/Se-presenta-Vinlandia-2-696x392.jpg 696w\" sizes=\"auto, (max-width: 1000px) 100vw, 1000px\" \/><\/figure>\n\n\n\n<p><strong>STAFF<\/strong><strong><br><\/strong><strong>Direcci\u00f3n de Fotograf\u00eda:<\/strong> Pedro Daverio y Marcos Daverio<\/p>\n\n\n\n<p><strong>Operaci\u00f3n de C\u00e1mara:<\/strong> Pedro Daverio y Marcos Daverio<\/p>\n\n\n\n<p><strong>Operaci\u00f3n de Drone:<\/strong> Luciano Terranegra<\/p>\n\n\n\n<p><strong>Asistente de C\u00e1mara:<\/strong> Magal\u00ed Lourdes Bonino Val<\/p>\n\n\n\n<p><strong>1er Asistente de Direcci\u00f3n:<\/strong> Juanzi Amaya<\/p>\n\n\n\n<p><strong>2da Asistente de Direcci\u00f3n y Asistente de Producci\u00f3n:<\/strong> Melina Mar<\/p>\n\n\n\n<p><strong>Efectos Especiales:<\/strong> Greta Resquin<\/p>\n\n\n\n<p><strong>Asistente de Rodaje:<\/strong> Iv\u00e1n Agilda<\/p>\n\n\n\n<p><strong>Maquillaje:<\/strong> Melina Mar<\/p>\n\n\n\n<p><strong>Prop Master:<\/strong> Facundo D. Benitez<\/p>\n\n\n\n<p><strong>Vestuario:<\/strong> Etifinart Argentina \u2013 Luz Sobradello<\/p>\n\n\n\n<figure class=\"wp-block-image size-full\"><img loading=\"lazy\" decoding=\"async\" width=\"1000\" height=\"426\" src=\"https:\/\/sergiolapegue.com\/site\/wp-content\/uploads\/2026\/04\/Se-presenta-Vinlandia-3.jpg\" alt=\"\" class=\"wp-image-29854\" srcset=\"https:\/\/sergiolapegue.com\/site\/wp-content\/uploads\/2026\/04\/Se-presenta-Vinlandia-3.jpg 1000w, https:\/\/sergiolapegue.com\/site\/wp-content\/uploads\/2026\/04\/Se-presenta-Vinlandia-3-300x128.jpg 300w, https:\/\/sergiolapegue.com\/site\/wp-content\/uploads\/2026\/04\/Se-presenta-Vinlandia-3-768x327.jpg 768w, https:\/\/sergiolapegue.com\/site\/wp-content\/uploads\/2026\/04\/Se-presenta-Vinlandia-3-986x420.jpg 986w, https:\/\/sergiolapegue.com\/site\/wp-content\/uploads\/2026\/04\/Se-presenta-Vinlandia-3-696x296.jpg 696w\" sizes=\"auto, (max-width: 1000px) 100vw, 1000px\" \/><\/figure>\n\n\n\n<p>Actualmente, Vinlandia se encuentra en etapa de desarrollo, avanzando en la escritura de su adaptaci\u00f3n a formato serie. En este contexto, el proyecto se encuentra en proceso de aplicaci\u00f3n a mercados internacionales como&nbsp;Iberseries &amp; Platino Industria 2026.<\/p>\n\n\n\n<p>Con una mirada autoral y estrat\u00e9gica,&nbsp;Ludmila Krugliansky Fainman&nbsp;impulsa a trav\u00e9s de Vinlandia una propuesta que combina desarrollo de propiedad intelectual, producci\u00f3n audiovisual y construcci\u00f3n de universos narrativos con potencial de expansi\u00f3n.<\/p>\n\n\n\n<p>\u201cLos mundos m\u00e1s grandes pueden nacer del coraje de una persona que decide creer en su visi\u00f3n\u201d.Krugliansky<\/p>\n\n\n\n<p><a href=\"http:\/\/www.ladyknaif.com\/\" target=\"_blank\" rel=\"noreferrer noopener\">www.ladyknaif.com<\/a><\/p>\n\n\n\n<p>@ladyknaif<\/p>\n\n\n\n<p>Gracias AGW Prensa y Desarrollo por enviarnos la gacetilla de prensa del proyecto audiovisual de Ludmila Krugliansky Fainman.<\/p>\n\n\n\n<p><\/p>\n\n\n\n<p><\/p>\n","protected":false},"excerpt":{"rendered":"<p>Vinlandia es el proyecto argentino de drama, con elementos de fantas\u00eda \u00e9pica, que marcar\u00e1 un antes y un despu\u00e9s en la industria audiovisual La directora y productora audiovisual&nbsp;Ludmila Krugliansky Fainman, con m\u00e1s de diez a\u00f1os de experiencia en producci\u00f3n y management audiovisual \u2014 incluyendo su paso por compa\u00f1\u00edas como Paramount y su actual desempe\u00f1o en [&hellip;]<\/p>\n","protected":false},"author":3,"featured_media":29855,"comment_status":"open","ping_status":"closed","sticky":false,"template":"","format":"standard","meta":{"footnotes":""},"categories":[34,36],"tags":[],"class_list":{"0":"post-29850","1":"post","2":"type-post","3":"status-publish","4":"format-standard","5":"has-post-thumbnail","7":"category-arte","8":"category-cine"},"yoast_head":"<!-- This site is optimized with the Yoast SEO plugin v27.4 - https:\/\/yoast.com\/product\/yoast-seo-wordpress\/ -->\n<title>SE PRESENTA \u201cVINLANDIA\u201d UN CORTO ARGENTINO DE LUDMILA KRUGLIANSKY FAINMAN - Sergio Lapegue<\/title>\n<meta name=\"robots\" content=\"index, follow, max-snippet:-1, max-image-preview:large, max-video-preview:-1\" \/>\n<link rel=\"canonical\" href=\"https:\/\/sergiolapegue.com\/site\/2026\/04\/25\/se-presenta-vinlandia-un-corto-argentino-de-ludmila-krugliansky-fainman\/\" \/>\n<meta property=\"og:locale\" content=\"es_ES\" \/>\n<meta property=\"og:type\" content=\"article\" \/>\n<meta property=\"og:title\" content=\"SE PRESENTA \u201cVINLANDIA\u201d UN CORTO ARGENTINO DE LUDMILA KRUGLIANSKY FAINMAN - Sergio Lapegue\" \/>\n<meta property=\"og:description\" content=\"Vinlandia es el proyecto argentino de drama, con elementos de fantas\u00eda \u00e9pica, que marcar\u00e1 un antes y un despu\u00e9s en la industria audiovisual La directora y productora audiovisual&nbsp;Ludmila Krugliansky Fainman, con m\u00e1s de diez a\u00f1os de experiencia en producci\u00f3n y management audiovisual \u2014 incluyendo su paso por compa\u00f1\u00edas como Paramount y su actual desempe\u00f1o en [&hellip;]\" \/>\n<meta property=\"og:url\" content=\"https:\/\/sergiolapegue.com\/site\/2026\/04\/25\/se-presenta-vinlandia-un-corto-argentino-de-ludmila-krugliansky-fainman\/\" \/>\n<meta property=\"og:site_name\" content=\"Sergio Lapegue\" \/>\n<meta property=\"article:publisher\" content=\"https:\/\/facebook.com\/sergiolapegue\" \/>\n<meta property=\"article:author\" content=\"https:\/\/facebook.com\/danielernesto.montana\" \/>\n<meta property=\"article:published_time\" content=\"2026-04-25T04:00:00+00:00\" \/>\n<meta property=\"og:image\" content=\"https:\/\/sergiolapegue.com\/site\/wp-content\/uploads\/2026\/04\/Se-presenta-Vinlandia.jpg\" \/>\n\t<meta property=\"og:image:width\" content=\"1000\" \/>\n\t<meta property=\"og:image:height\" content=\"563\" \/>\n\t<meta property=\"og:image:type\" content=\"image\/jpeg\" \/>\n<meta name=\"author\" content=\"Daniel E. Monta\u00f1a\" \/>\n<meta name=\"twitter:card\" content=\"summary_large_image\" \/>\n<meta name=\"twitter:creator\" content=\"@https:\/\/twitter.com\/daner_004\" \/>\n<meta name=\"twitter:site\" content=\"@sergiolapegue\" \/>\n<meta name=\"twitter:label1\" content=\"Escrito por\" \/>\n\t<meta name=\"twitter:data1\" content=\"Daniel E. Monta\u00f1a\" \/>\n\t<meta name=\"twitter:label2\" content=\"Tiempo de lectura\" \/>\n\t<meta name=\"twitter:data2\" content=\"4 minutos\" \/>\n<script type=\"application\/ld+json\" class=\"yoast-schema-graph\">{\"@context\":\"https:\\\/\\\/schema.org\",\"@graph\":[{\"@type\":\"Article\",\"@id\":\"https:\\\/\\\/sergiolapegue.com\\\/site\\\/2026\\\/04\\\/25\\\/se-presenta-vinlandia-un-corto-argentino-de-ludmila-krugliansky-fainman\\\/#article\",\"isPartOf\":{\"@id\":\"https:\\\/\\\/sergiolapegue.com\\\/site\\\/2026\\\/04\\\/25\\\/se-presenta-vinlandia-un-corto-argentino-de-ludmila-krugliansky-fainman\\\/\"},\"author\":{\"name\":\"Daniel E. Monta\u00f1a\",\"@id\":\"https:\\\/\\\/sergiolapegue.com\\\/site\\\/#\\\/schema\\\/person\\\/9198e7dbab43c6d74d0fd5399af7c3cd\"},\"headline\":\"SE PRESENTA \u201cVINLANDIA\u201d UN CORTO ARGENTINO DE LUDMILA KRUGLIANSKY FAINMAN\",\"datePublished\":\"2026-04-25T04:00:00+00:00\",\"mainEntityOfPage\":{\"@id\":\"https:\\\/\\\/sergiolapegue.com\\\/site\\\/2026\\\/04\\\/25\\\/se-presenta-vinlandia-un-corto-argentino-de-ludmila-krugliansky-fainman\\\/\"},\"wordCount\":686,\"commentCount\":0,\"publisher\":{\"@id\":\"https:\\\/\\\/sergiolapegue.com\\\/site\\\/#\\\/schema\\\/person\\\/083aeceeb0734cd166779ea6c0551a37\"},\"image\":{\"@id\":\"https:\\\/\\\/sergiolapegue.com\\\/site\\\/2026\\\/04\\\/25\\\/se-presenta-vinlandia-un-corto-argentino-de-ludmila-krugliansky-fainman\\\/#primaryimage\"},\"thumbnailUrl\":\"https:\\\/\\\/sergiolapegue.com\\\/site\\\/wp-content\\\/uploads\\\/2026\\\/04\\\/Se-presenta-Vinlandia.jpg\",\"articleSection\":[\"Arte\",\"Cine\"],\"inLanguage\":\"es-AR\",\"potentialAction\":[{\"@type\":\"CommentAction\",\"name\":\"Comment\",\"target\":[\"https:\\\/\\\/sergiolapegue.com\\\/site\\\/2026\\\/04\\\/25\\\/se-presenta-vinlandia-un-corto-argentino-de-ludmila-krugliansky-fainman\\\/#respond\"]}]},{\"@type\":\"WebPage\",\"@id\":\"https:\\\/\\\/sergiolapegue.com\\\/site\\\/2026\\\/04\\\/25\\\/se-presenta-vinlandia-un-corto-argentino-de-ludmila-krugliansky-fainman\\\/\",\"url\":\"https:\\\/\\\/sergiolapegue.com\\\/site\\\/2026\\\/04\\\/25\\\/se-presenta-vinlandia-un-corto-argentino-de-ludmila-krugliansky-fainman\\\/\",\"name\":\"SE PRESENTA \u201cVINLANDIA\u201d UN CORTO ARGENTINO DE LUDMILA KRUGLIANSKY FAINMAN - Sergio Lapegue\",\"isPartOf\":{\"@id\":\"https:\\\/\\\/sergiolapegue.com\\\/site\\\/#website\"},\"primaryImageOfPage\":{\"@id\":\"https:\\\/\\\/sergiolapegue.com\\\/site\\\/2026\\\/04\\\/25\\\/se-presenta-vinlandia-un-corto-argentino-de-ludmila-krugliansky-fainman\\\/#primaryimage\"},\"image\":{\"@id\":\"https:\\\/\\\/sergiolapegue.com\\\/site\\\/2026\\\/04\\\/25\\\/se-presenta-vinlandia-un-corto-argentino-de-ludmila-krugliansky-fainman\\\/#primaryimage\"},\"thumbnailUrl\":\"https:\\\/\\\/sergiolapegue.com\\\/site\\\/wp-content\\\/uploads\\\/2026\\\/04\\\/Se-presenta-Vinlandia.jpg\",\"datePublished\":\"2026-04-25T04:00:00+00:00\",\"breadcrumb\":{\"@id\":\"https:\\\/\\\/sergiolapegue.com\\\/site\\\/2026\\\/04\\\/25\\\/se-presenta-vinlandia-un-corto-argentino-de-ludmila-krugliansky-fainman\\\/#breadcrumb\"},\"inLanguage\":\"es-AR\",\"potentialAction\":[{\"@type\":\"ReadAction\",\"target\":[\"https:\\\/\\\/sergiolapegue.com\\\/site\\\/2026\\\/04\\\/25\\\/se-presenta-vinlandia-un-corto-argentino-de-ludmila-krugliansky-fainman\\\/\"]}]},{\"@type\":\"ImageObject\",\"inLanguage\":\"es-AR\",\"@id\":\"https:\\\/\\\/sergiolapegue.com\\\/site\\\/2026\\\/04\\\/25\\\/se-presenta-vinlandia-un-corto-argentino-de-ludmila-krugliansky-fainman\\\/#primaryimage\",\"url\":\"https:\\\/\\\/sergiolapegue.com\\\/site\\\/wp-content\\\/uploads\\\/2026\\\/04\\\/Se-presenta-Vinlandia.jpg\",\"contentUrl\":\"https:\\\/\\\/sergiolapegue.com\\\/site\\\/wp-content\\\/uploads\\\/2026\\\/04\\\/Se-presenta-Vinlandia.jpg\",\"width\":1000,\"height\":563},{\"@type\":\"BreadcrumbList\",\"@id\":\"https:\\\/\\\/sergiolapegue.com\\\/site\\\/2026\\\/04\\\/25\\\/se-presenta-vinlandia-un-corto-argentino-de-ludmila-krugliansky-fainman\\\/#breadcrumb\",\"itemListElement\":[{\"@type\":\"ListItem\",\"position\":1,\"name\":\"Inicio\",\"item\":\"https:\\\/\\\/sergiolapegue.com\\\/site\\\/\"},{\"@type\":\"ListItem\",\"position\":2,\"name\":\"SE PRESENTA \u201cVINLANDIA\u201d UN CORTO ARGENTINO DE LUDMILA KRUGLIANSKY FAINMAN\"}]},{\"@type\":\"WebSite\",\"@id\":\"https:\\\/\\\/sergiolapegue.com\\\/site\\\/#website\",\"url\":\"https:\\\/\\\/sergiolapegue.com\\\/site\\\/\",\"name\":\"Sergio Lapegue\",\"description\":\"Periodista\",\"publisher\":{\"@id\":\"https:\\\/\\\/sergiolapegue.com\\\/site\\\/#\\\/schema\\\/person\\\/083aeceeb0734cd166779ea6c0551a37\"},\"potentialAction\":[{\"@type\":\"SearchAction\",\"target\":{\"@type\":\"EntryPoint\",\"urlTemplate\":\"https:\\\/\\\/sergiolapegue.com\\\/site\\\/?s={search_term_string}\"},\"query-input\":{\"@type\":\"PropertyValueSpecification\",\"valueRequired\":true,\"valueName\":\"search_term_string\"}}],\"inLanguage\":\"es-AR\"},{\"@type\":[\"Person\",\"Organization\"],\"@id\":\"https:\\\/\\\/sergiolapegue.com\\\/site\\\/#\\\/schema\\\/person\\\/083aeceeb0734cd166779ea6c0551a37\",\"name\":\"Sergio Lapegue\",\"image\":{\"@type\":\"ImageObject\",\"inLanguage\":\"es-AR\",\"@id\":\"https:\\\/\\\/sergiolapegue.com\\\/site\\\/wp-content\\\/uploads\\\/2021\\\/04\\\/logo_header-1.png\",\"url\":\"https:\\\/\\\/sergiolapegue.com\\\/site\\\/wp-content\\\/uploads\\\/2021\\\/04\\\/logo_header-1.png\",\"contentUrl\":\"https:\\\/\\\/sergiolapegue.com\\\/site\\\/wp-content\\\/uploads\\\/2021\\\/04\\\/logo_header-1.png\",\"width\":272,\"height\":90,\"caption\":\"Sergio Lapegue\"},\"logo\":{\"@id\":\"https:\\\/\\\/sergiolapegue.com\\\/site\\\/wp-content\\\/uploads\\\/2021\\\/04\\\/logo_header-1.png\"},\"sameAs\":[\"https:\\\/\\\/facebook.com\\\/sergiolapegue\",\"https:\\\/\\\/instagram.com\\\/sergiolapegue\",\"https:\\\/\\\/x.com\\\/https:\\\/\\\/twitter.com\\\/sergiolapegue\"]},{\"@type\":\"Person\",\"@id\":\"https:\\\/\\\/sergiolapegue.com\\\/site\\\/#\\\/schema\\\/person\\\/9198e7dbab43c6d74d0fd5399af7c3cd\",\"name\":\"Daniel E. Monta\u00f1a\",\"image\":{\"@type\":\"ImageObject\",\"inLanguage\":\"es-AR\",\"@id\":\"https:\\\/\\\/sergiolapegue.com\\\/site\\\/wp-content\\\/uploads\\\/2021\\\/04\\\/sl_avatar_Daniel-150x150.jpg\",\"url\":\"https:\\\/\\\/sergiolapegue.com\\\/site\\\/wp-content\\\/uploads\\\/2021\\\/04\\\/sl_avatar_Daniel-150x150.jpg\",\"contentUrl\":\"https:\\\/\\\/sergiolapegue.com\\\/site\\\/wp-content\\\/uploads\\\/2021\\\/04\\\/sl_avatar_Daniel-150x150.jpg\",\"caption\":\"Daniel E. Monta\u00f1a\"},\"sameAs\":[\"https:\\\/\\\/facebook.com\\\/danielernesto.montana\",\"https:\\\/\\\/instagram.com\\\/daniel_montana1961\",\"https:\\\/\\\/x.com\\\/https:\\\/\\\/twitter.com\\\/daner_004\"],\"url\":\"https:\\\/\\\/sergiolapegue.com\\\/site\\\/author\\\/daniel\\\/\"}]}<\/script>\n<!-- \/ Yoast SEO plugin. -->","yoast_head_json":{"title":"SE PRESENTA \u201cVINLANDIA\u201d UN CORTO ARGENTINO DE LUDMILA KRUGLIANSKY FAINMAN - Sergio Lapegue","robots":{"index":"index","follow":"follow","max-snippet":"max-snippet:-1","max-image-preview":"max-image-preview:large","max-video-preview":"max-video-preview:-1"},"canonical":"https:\/\/sergiolapegue.com\/site\/2026\/04\/25\/se-presenta-vinlandia-un-corto-argentino-de-ludmila-krugliansky-fainman\/","og_locale":"es_ES","og_type":"article","og_title":"SE PRESENTA \u201cVINLANDIA\u201d UN CORTO ARGENTINO DE LUDMILA KRUGLIANSKY FAINMAN - Sergio Lapegue","og_description":"Vinlandia es el proyecto argentino de drama, con elementos de fantas\u00eda \u00e9pica, que marcar\u00e1 un antes y un despu\u00e9s en la industria audiovisual La directora y productora audiovisual&nbsp;Ludmila Krugliansky Fainman, con m\u00e1s de diez a\u00f1os de experiencia en producci\u00f3n y management audiovisual \u2014 incluyendo su paso por compa\u00f1\u00edas como Paramount y su actual desempe\u00f1o en [&hellip;]","og_url":"https:\/\/sergiolapegue.com\/site\/2026\/04\/25\/se-presenta-vinlandia-un-corto-argentino-de-ludmila-krugliansky-fainman\/","og_site_name":"Sergio Lapegue","article_publisher":"https:\/\/facebook.com\/sergiolapegue","article_author":"https:\/\/facebook.com\/danielernesto.montana","article_published_time":"2026-04-25T04:00:00+00:00","og_image":[{"width":1000,"height":563,"url":"https:\/\/sergiolapegue.com\/site\/wp-content\/uploads\/2026\/04\/Se-presenta-Vinlandia.jpg","type":"image\/jpeg"}],"author":"Daniel E. Monta\u00f1a","twitter_card":"summary_large_image","twitter_creator":"@https:\/\/twitter.com\/daner_004","twitter_site":"@sergiolapegue","twitter_misc":{"Escrito por":"Daniel E. Monta\u00f1a","Tiempo de lectura":"4 minutos"},"schema":{"@context":"https:\/\/schema.org","@graph":[{"@type":"Article","@id":"https:\/\/sergiolapegue.com\/site\/2026\/04\/25\/se-presenta-vinlandia-un-corto-argentino-de-ludmila-krugliansky-fainman\/#article","isPartOf":{"@id":"https:\/\/sergiolapegue.com\/site\/2026\/04\/25\/se-presenta-vinlandia-un-corto-argentino-de-ludmila-krugliansky-fainman\/"},"author":{"name":"Daniel E. Monta\u00f1a","@id":"https:\/\/sergiolapegue.com\/site\/#\/schema\/person\/9198e7dbab43c6d74d0fd5399af7c3cd"},"headline":"SE PRESENTA \u201cVINLANDIA\u201d UN CORTO ARGENTINO DE LUDMILA KRUGLIANSKY FAINMAN","datePublished":"2026-04-25T04:00:00+00:00","mainEntityOfPage":{"@id":"https:\/\/sergiolapegue.com\/site\/2026\/04\/25\/se-presenta-vinlandia-un-corto-argentino-de-ludmila-krugliansky-fainman\/"},"wordCount":686,"commentCount":0,"publisher":{"@id":"https:\/\/sergiolapegue.com\/site\/#\/schema\/person\/083aeceeb0734cd166779ea6c0551a37"},"image":{"@id":"https:\/\/sergiolapegue.com\/site\/2026\/04\/25\/se-presenta-vinlandia-un-corto-argentino-de-ludmila-krugliansky-fainman\/#primaryimage"},"thumbnailUrl":"https:\/\/sergiolapegue.com\/site\/wp-content\/uploads\/2026\/04\/Se-presenta-Vinlandia.jpg","articleSection":["Arte","Cine"],"inLanguage":"es-AR","potentialAction":[{"@type":"CommentAction","name":"Comment","target":["https:\/\/sergiolapegue.com\/site\/2026\/04\/25\/se-presenta-vinlandia-un-corto-argentino-de-ludmila-krugliansky-fainman\/#respond"]}]},{"@type":"WebPage","@id":"https:\/\/sergiolapegue.com\/site\/2026\/04\/25\/se-presenta-vinlandia-un-corto-argentino-de-ludmila-krugliansky-fainman\/","url":"https:\/\/sergiolapegue.com\/site\/2026\/04\/25\/se-presenta-vinlandia-un-corto-argentino-de-ludmila-krugliansky-fainman\/","name":"SE PRESENTA \u201cVINLANDIA\u201d UN CORTO ARGENTINO DE LUDMILA KRUGLIANSKY FAINMAN - Sergio Lapegue","isPartOf":{"@id":"https:\/\/sergiolapegue.com\/site\/#website"},"primaryImageOfPage":{"@id":"https:\/\/sergiolapegue.com\/site\/2026\/04\/25\/se-presenta-vinlandia-un-corto-argentino-de-ludmila-krugliansky-fainman\/#primaryimage"},"image":{"@id":"https:\/\/sergiolapegue.com\/site\/2026\/04\/25\/se-presenta-vinlandia-un-corto-argentino-de-ludmila-krugliansky-fainman\/#primaryimage"},"thumbnailUrl":"https:\/\/sergiolapegue.com\/site\/wp-content\/uploads\/2026\/04\/Se-presenta-Vinlandia.jpg","datePublished":"2026-04-25T04:00:00+00:00","breadcrumb":{"@id":"https:\/\/sergiolapegue.com\/site\/2026\/04\/25\/se-presenta-vinlandia-un-corto-argentino-de-ludmila-krugliansky-fainman\/#breadcrumb"},"inLanguage":"es-AR","potentialAction":[{"@type":"ReadAction","target":["https:\/\/sergiolapegue.com\/site\/2026\/04\/25\/se-presenta-vinlandia-un-corto-argentino-de-ludmila-krugliansky-fainman\/"]}]},{"@type":"ImageObject","inLanguage":"es-AR","@id":"https:\/\/sergiolapegue.com\/site\/2026\/04\/25\/se-presenta-vinlandia-un-corto-argentino-de-ludmila-krugliansky-fainman\/#primaryimage","url":"https:\/\/sergiolapegue.com\/site\/wp-content\/uploads\/2026\/04\/Se-presenta-Vinlandia.jpg","contentUrl":"https:\/\/sergiolapegue.com\/site\/wp-content\/uploads\/2026\/04\/Se-presenta-Vinlandia.jpg","width":1000,"height":563},{"@type":"BreadcrumbList","@id":"https:\/\/sergiolapegue.com\/site\/2026\/04\/25\/se-presenta-vinlandia-un-corto-argentino-de-ludmila-krugliansky-fainman\/#breadcrumb","itemListElement":[{"@type":"ListItem","position":1,"name":"Inicio","item":"https:\/\/sergiolapegue.com\/site\/"},{"@type":"ListItem","position":2,"name":"SE PRESENTA \u201cVINLANDIA\u201d UN CORTO ARGENTINO DE LUDMILA KRUGLIANSKY FAINMAN"}]},{"@type":"WebSite","@id":"https:\/\/sergiolapegue.com\/site\/#website","url":"https:\/\/sergiolapegue.com\/site\/","name":"Sergio Lapegue","description":"Periodista","publisher":{"@id":"https:\/\/sergiolapegue.com\/site\/#\/schema\/person\/083aeceeb0734cd166779ea6c0551a37"},"potentialAction":[{"@type":"SearchAction","target":{"@type":"EntryPoint","urlTemplate":"https:\/\/sergiolapegue.com\/site\/?s={search_term_string}"},"query-input":{"@type":"PropertyValueSpecification","valueRequired":true,"valueName":"search_term_string"}}],"inLanguage":"es-AR"},{"@type":["Person","Organization"],"@id":"https:\/\/sergiolapegue.com\/site\/#\/schema\/person\/083aeceeb0734cd166779ea6c0551a37","name":"Sergio Lapegue","image":{"@type":"ImageObject","inLanguage":"es-AR","@id":"https:\/\/sergiolapegue.com\/site\/wp-content\/uploads\/2021\/04\/logo_header-1.png","url":"https:\/\/sergiolapegue.com\/site\/wp-content\/uploads\/2021\/04\/logo_header-1.png","contentUrl":"https:\/\/sergiolapegue.com\/site\/wp-content\/uploads\/2021\/04\/logo_header-1.png","width":272,"height":90,"caption":"Sergio Lapegue"},"logo":{"@id":"https:\/\/sergiolapegue.com\/site\/wp-content\/uploads\/2021\/04\/logo_header-1.png"},"sameAs":["https:\/\/facebook.com\/sergiolapegue","https:\/\/instagram.com\/sergiolapegue","https:\/\/x.com\/https:\/\/twitter.com\/sergiolapegue"]},{"@type":"Person","@id":"https:\/\/sergiolapegue.com\/site\/#\/schema\/person\/9198e7dbab43c6d74d0fd5399af7c3cd","name":"Daniel E. Monta\u00f1a","image":{"@type":"ImageObject","inLanguage":"es-AR","@id":"https:\/\/sergiolapegue.com\/site\/wp-content\/uploads\/2021\/04\/sl_avatar_Daniel-150x150.jpg","url":"https:\/\/sergiolapegue.com\/site\/wp-content\/uploads\/2021\/04\/sl_avatar_Daniel-150x150.jpg","contentUrl":"https:\/\/sergiolapegue.com\/site\/wp-content\/uploads\/2021\/04\/sl_avatar_Daniel-150x150.jpg","caption":"Daniel E. Monta\u00f1a"},"sameAs":["https:\/\/facebook.com\/danielernesto.montana","https:\/\/instagram.com\/daniel_montana1961","https:\/\/x.com\/https:\/\/twitter.com\/daner_004"],"url":"https:\/\/sergiolapegue.com\/site\/author\/daniel\/"}]}},"_links":{"self":[{"href":"https:\/\/sergiolapegue.com\/site\/wp-json\/wp\/v2\/posts\/29850","targetHints":{"allow":["GET"]}}],"collection":[{"href":"https:\/\/sergiolapegue.com\/site\/wp-json\/wp\/v2\/posts"}],"about":[{"href":"https:\/\/sergiolapegue.com\/site\/wp-json\/wp\/v2\/types\/post"}],"author":[{"embeddable":true,"href":"https:\/\/sergiolapegue.com\/site\/wp-json\/wp\/v2\/users\/3"}],"replies":[{"embeddable":true,"href":"https:\/\/sergiolapegue.com\/site\/wp-json\/wp\/v2\/comments?post=29850"}],"version-history":[{"count":1,"href":"https:\/\/sergiolapegue.com\/site\/wp-json\/wp\/v2\/posts\/29850\/revisions"}],"predecessor-version":[{"id":29856,"href":"https:\/\/sergiolapegue.com\/site\/wp-json\/wp\/v2\/posts\/29850\/revisions\/29856"}],"wp:featuredmedia":[{"embeddable":true,"href":"https:\/\/sergiolapegue.com\/site\/wp-json\/wp\/v2\/media\/29855"}],"wp:attachment":[{"href":"https:\/\/sergiolapegue.com\/site\/wp-json\/wp\/v2\/media?parent=29850"}],"wp:term":[{"taxonomy":"category","embeddable":true,"href":"https:\/\/sergiolapegue.com\/site\/wp-json\/wp\/v2\/categories?post=29850"},{"taxonomy":"post_tag","embeddable":true,"href":"https:\/\/sergiolapegue.com\/site\/wp-json\/wp\/v2\/tags?post=29850"}],"curies":[{"name":"wp","href":"https:\/\/api.w.org\/{rel}","templated":true}]}}