{"id":29768,"date":"2026-04-27T09:17:00","date_gmt":"2026-04-27T12:17:00","guid":{"rendered":"https:\/\/sergiolapegue.com\/site\/?p=29768"},"modified":"2026-04-21T18:19:52","modified_gmt":"2026-04-21T21:19:52","slug":"hit-astral-de-la-semana-urano-ingresa-en-geminis","status":"publish","type":"post","link":"https:\/\/sergiolapegue.com\/site\/2026\/04\/27\/hit-astral-de-la-semana-urano-ingresa-en-geminis\/","title":{"rendered":"HIT ASTRAL DE LA SEMANA: URANO ingresa en G\u00c9MINIS"},"content":{"rendered":"\n<p>Esta semana llega el esperado ingreso de Urano en G\u00e9minis. Urano, el planeta de la innovaci\u00f3n y el despertar, deja a Tauro despu\u00e9s de 7 a\u00f1os y entra en el signo de la mente y la comunicaci\u00f3n.&nbsp;<\/p>\n\n\n\n<p>Esto puede marcar un cambio profundo en c\u00f3mo pensamos, hablamos, aprendemos y hasta nos vinculamos.<\/p>\n\n\n\n<p>A nivel cotidiano, puede sentirse como una aceleraci\u00f3n mental: m\u00e1s informaci\u00f3n, m\u00e1s est\u00edmulos pero tambi\u00e9n la forma en que usamos la tecnolog\u00eda, las redes sociales cambia y lo que hoy es tendencia, ma\u00f1ana puede quedar viejo<\/p>\n\n\n\n<p>En los pr\u00f3ximos a\u00f1os va a ser importante aprender a discernir informaci\u00f3n: no todo lo que circula es verdad.<\/p>\n\n\n\n<p>3 consejos para atravesar Urano en G\u00e9minis<\/p>\n\n\n\n<p>Entrenar el foco mental: eleg\u00ed qu\u00e9 consumir para no sobrecargarse<\/p>\n\n\n\n<p>Flexibilizar las ideas porque nada es absoluto<\/p>\n\n\n\n<p>Y sobre todo saber cu\u00e1ndo desconectarnos para poder equilibrar nuestra energ\u00eda con espacios reales sin tecnolog\u00eda.<\/p>\n\n\n\n<p><strong>SIGNOS DESTACADOS DE LA SEMANA: <\/strong>Los signos de aire son los que sentir\u00e1n un poco m\u00e1s este primer ingreso de Urano en G\u00e9minis. Especialmente los del primer decanato. Urano les puede traer una sensaci\u00f3n de movimiento, donde diferentes \u00e1reas de la vida pueden empezar a experimentar algunos cambios.<\/p>\n\n\n\n<p><strong>FRASE GU\u00cdA PARA ESTA SEMANA: <\/strong>&nbsp;\u201cMe vuelvo cada d\u00eda un poco m\u00e1s flexible.\u201d<\/p>\n\n\n\n<p><strong>ARCANO ALIADO DEL TAROT:<\/strong>&nbsp;<\/p>\n\n\n\n<p><strong>LA TORRE<\/strong>\/ Esta carta te pide salir de la zona de confort, de cualquier etiqueta o r\u00f3tulo demasiado r\u00edgido. Cuanto m\u00e1s liviano te sientas, m\u00e1s libre ser\u00e1s.<\/p>\n\n\n\n<figure class=\"wp-block-image size-large\"><img loading=\"lazy\" decoding=\"async\" width=\"765\" height=\"1024\" src=\"https:\/\/sergiolapegue.com\/site\/wp-content\/uploads\/2026\/04\/2-3-765x1024.jpg\" alt=\"\" class=\"wp-image-29769\" srcset=\"https:\/\/sergiolapegue.com\/site\/wp-content\/uploads\/2026\/04\/2-3-765x1024.jpg 765w, https:\/\/sergiolapegue.com\/site\/wp-content\/uploads\/2026\/04\/2-3-224x300.jpg 224w, https:\/\/sergiolapegue.com\/site\/wp-content\/uploads\/2026\/04\/2-3-768x1028.jpg 768w, https:\/\/sergiolapegue.com\/site\/wp-content\/uploads\/2026\/04\/2-3-314x420.jpg 314w, https:\/\/sergiolapegue.com\/site\/wp-content\/uploads\/2026\/04\/2-3-696x932.jpg 696w, https:\/\/sergiolapegue.com\/site\/wp-content\/uploads\/2026\/04\/2-3.jpg 1040w\" sizes=\"auto, (max-width: 765px) 100vw, 765px\" \/><\/figure>\n\n\n\n<p><strong>PREDICCIONES:<\/strong><\/p>\n\n\n\n<p><strong>\ud83d\udd25SIGNOS DE FUEGO #ARIES #LEO #SAGITARIO<\/strong><\/p>\n\n\n\n<p>La mente renace con ideas y proyectos.<\/p>\n\n\n\n<p>V\u00ednculos m\u00e1s libres y din\u00e1micos.&nbsp;<\/p>\n\n\n\n<p>Puede haber cambios en amistades&nbsp;<\/p>\n\n\n\n<p>Inicio de estudios que les abren otro panorama.<\/p>\n\n\n\n<p><strong>\ud83c\udf31SIGNOS DE TIERRA #TAURO #VIRGO #CAPRICORNIO<\/strong><\/p>\n\n\n\n<p>Pueden llegar cambios en la econom\u00eda.<\/p>\n\n\n\n<p>Nuevas formas de generar ingresos&nbsp;<\/p>\n\n\n\n<p>Mayor flexibilidad y organizaci\u00f3n para no caotizarse.<\/p>\n\n\n\n<p>Cuiden el sistema nervioso, aprendan a parar.<\/p>\n\n\n\n<p><strong>\ud83c\udf2c\ufe0fSIGNOS DE AIRE #G\u00c9MINIS #LIBRA #ACUARIO<\/strong><\/p>\n\n\n\n<p>Este es tu gran despertar para ustedes.&nbsp;<\/p>\n\n\n\n<p>Urano les activa una revoluci\u00f3n interior.<\/p>\n\n\n\n<p>No es hora de encajar, sino de ser ustedes mismos.<\/p>\n\n\n\n<p>Creatividad al 1000 por 10000.<\/p>\n\n\n\n<p><strong>\ud83c\udf0a SIGNOS DE AGUA #C\u00c1NCER #ESCORPIO #PISCIS<\/strong><\/p>\n\n\n\n<p>No se escapen de las emociones.<\/p>\n\n\n\n<p>Es importante seguir la intuici\u00f3n en todo momento.<\/p>\n\n\n\n<p>Tiempo de expansi\u00f3n espiritual.<\/p>\n\n\n\n<p>Y una sensaci\u00f3n de libertad maravillosa.<\/p>\n","protected":false},"excerpt":{"rendered":"<p>Esta semana llega el esperado ingreso de Urano en G\u00e9minis. Urano, el planeta de la innovaci\u00f3n y el despertar, deja a Tauro despu\u00e9s de 7 a\u00f1os y entra en el signo de la mente y la comunicaci\u00f3n.&nbsp; Esto puede marcar un cambio profundo en c\u00f3mo pensamos, hablamos, aprendemos y hasta nos vinculamos. A nivel cotidiano, [&hellip;]<\/p>\n","protected":false},"author":9,"featured_media":29770,"comment_status":"closed","ping_status":"closed","sticky":false,"template":"","format":"standard","meta":{"footnotes":""},"categories":[2901],"tags":[2910,149,3516,3050,2905,3441],"class_list":{"0":"post-29768","1":"post","2":"type-post","3":"status-publish","4":"format-standard","5":"has-post-thumbnail","7":"category-astrotarot","8":"tag-arcano","9":"tag-astro","10":"tag-geminis","11":"tag-horoscopo","12":"tag-tarot","13":"tag-urano"},"yoast_head":"<!-- This site is optimized with the Yoast SEO plugin v27.4 - https:\/\/yoast.com\/product\/yoast-seo-wordpress\/ -->\n<title>HIT ASTRAL DE LA SEMANA: URANO ingresa en G\u00c9MINIS - Sergio Lapegue<\/title>\n<meta name=\"robots\" content=\"index, follow, max-snippet:-1, max-image-preview:large, max-video-preview:-1\" \/>\n<link rel=\"canonical\" href=\"https:\/\/sergiolapegue.com\/site\/2026\/04\/27\/hit-astral-de-la-semana-urano-ingresa-en-geminis\/\" \/>\n<meta property=\"og:locale\" content=\"es_ES\" \/>\n<meta property=\"og:type\" content=\"article\" \/>\n<meta property=\"og:title\" content=\"HIT ASTRAL DE LA SEMANA: URANO ingresa en G\u00c9MINIS - Sergio Lapegue\" \/>\n<meta property=\"og:description\" content=\"Esta semana llega el esperado ingreso de Urano en G\u00e9minis. Urano, el planeta de la innovaci\u00f3n y el despertar, deja a Tauro despu\u00e9s de 7 a\u00f1os y entra en el signo de la mente y la comunicaci\u00f3n.&nbsp; Esto puede marcar un cambio profundo en c\u00f3mo pensamos, hablamos, aprendemos y hasta nos vinculamos. A nivel cotidiano, [&hellip;]\" \/>\n<meta property=\"og:url\" content=\"https:\/\/sergiolapegue.com\/site\/2026\/04\/27\/hit-astral-de-la-semana-urano-ingresa-en-geminis\/\" \/>\n<meta property=\"og:site_name\" content=\"Sergio Lapegue\" \/>\n<meta property=\"article:publisher\" content=\"https:\/\/facebook.com\/sergiolapegue\" \/>\n<meta property=\"article:published_time\" content=\"2026-04-27T12:17:00+00:00\" \/>\n<meta property=\"og:image\" content=\"https:\/\/sergiolapegue.com\/site\/wp-content\/uploads\/2026\/04\/1-3.jpg\" \/>\n\t<meta property=\"og:image:width\" content=\"1040\" \/>\n\t<meta property=\"og:image:height\" content=\"1392\" \/>\n\t<meta property=\"og:image:type\" content=\"image\/jpeg\" \/>\n<meta name=\"author\" content=\"Victoria Garc\u00eda Garcilazo\" \/>\n<meta name=\"twitter:card\" content=\"summary_large_image\" \/>\n<meta name=\"twitter:site\" content=\"@sergiolapegue\" \/>\n<meta name=\"twitter:label1\" content=\"Escrito por\" \/>\n\t<meta name=\"twitter:data1\" content=\"Victoria Garc\u00eda Garcilazo\" \/>\n\t<meta name=\"twitter:label2\" content=\"Tiempo de lectura\" \/>\n\t<meta name=\"twitter:data2\" content=\"3 minutos\" \/>\n<script type=\"application\/ld+json\" class=\"yoast-schema-graph\">{\"@context\":\"https:\\\/\\\/schema.org\",\"@graph\":[{\"@type\":\"Article\",\"@id\":\"https:\\\/\\\/sergiolapegue.com\\\/site\\\/2026\\\/04\\\/27\\\/hit-astral-de-la-semana-urano-ingresa-en-geminis\\\/#article\",\"isPartOf\":{\"@id\":\"https:\\\/\\\/sergiolapegue.com\\\/site\\\/2026\\\/04\\\/27\\\/hit-astral-de-la-semana-urano-ingresa-en-geminis\\\/\"},\"author\":{\"name\":\"Victoria Garc\u00eda Garcilazo\",\"@id\":\"https:\\\/\\\/sergiolapegue.com\\\/site\\\/#\\\/schema\\\/person\\\/038a19a76176d528a1a27ac17e18af68\"},\"headline\":\"HIT ASTRAL DE LA SEMANA: URANO ingresa en G\u00c9MINIS\",\"datePublished\":\"2026-04-27T12:17:00+00:00\",\"mainEntityOfPage\":{\"@id\":\"https:\\\/\\\/sergiolapegue.com\\\/site\\\/2026\\\/04\\\/27\\\/hit-astral-de-la-semana-urano-ingresa-en-geminis\\\/\"},\"wordCount\":423,\"publisher\":{\"@id\":\"https:\\\/\\\/sergiolapegue.com\\\/site\\\/#\\\/schema\\\/person\\\/083aeceeb0734cd166779ea6c0551a37\"},\"image\":{\"@id\":\"https:\\\/\\\/sergiolapegue.com\\\/site\\\/2026\\\/04\\\/27\\\/hit-astral-de-la-semana-urano-ingresa-en-geminis\\\/#primaryimage\"},\"thumbnailUrl\":\"https:\\\/\\\/sergiolapegue.com\\\/site\\\/wp-content\\\/uploads\\\/2026\\\/04\\\/1-3.jpg\",\"keywords\":[\"arcano\",\"astro\",\"geminis\",\"horoscopo\",\"tarot\",\"urano\"],\"articleSection\":[\"Astrotarot\"],\"inLanguage\":\"es-AR\"},{\"@type\":\"WebPage\",\"@id\":\"https:\\\/\\\/sergiolapegue.com\\\/site\\\/2026\\\/04\\\/27\\\/hit-astral-de-la-semana-urano-ingresa-en-geminis\\\/\",\"url\":\"https:\\\/\\\/sergiolapegue.com\\\/site\\\/2026\\\/04\\\/27\\\/hit-astral-de-la-semana-urano-ingresa-en-geminis\\\/\",\"name\":\"HIT ASTRAL DE LA SEMANA: URANO ingresa en G\u00c9MINIS - Sergio Lapegue\",\"isPartOf\":{\"@id\":\"https:\\\/\\\/sergiolapegue.com\\\/site\\\/#website\"},\"primaryImageOfPage\":{\"@id\":\"https:\\\/\\\/sergiolapegue.com\\\/site\\\/2026\\\/04\\\/27\\\/hit-astral-de-la-semana-urano-ingresa-en-geminis\\\/#primaryimage\"},\"image\":{\"@id\":\"https:\\\/\\\/sergiolapegue.com\\\/site\\\/2026\\\/04\\\/27\\\/hit-astral-de-la-semana-urano-ingresa-en-geminis\\\/#primaryimage\"},\"thumbnailUrl\":\"https:\\\/\\\/sergiolapegue.com\\\/site\\\/wp-content\\\/uploads\\\/2026\\\/04\\\/1-3.jpg\",\"datePublished\":\"2026-04-27T12:17:00+00:00\",\"breadcrumb\":{\"@id\":\"https:\\\/\\\/sergiolapegue.com\\\/site\\\/2026\\\/04\\\/27\\\/hit-astral-de-la-semana-urano-ingresa-en-geminis\\\/#breadcrumb\"},\"inLanguage\":\"es-AR\",\"potentialAction\":[{\"@type\":\"ReadAction\",\"target\":[\"https:\\\/\\\/sergiolapegue.com\\\/site\\\/2026\\\/04\\\/27\\\/hit-astral-de-la-semana-urano-ingresa-en-geminis\\\/\"]}]},{\"@type\":\"ImageObject\",\"inLanguage\":\"es-AR\",\"@id\":\"https:\\\/\\\/sergiolapegue.com\\\/site\\\/2026\\\/04\\\/27\\\/hit-astral-de-la-semana-urano-ingresa-en-geminis\\\/#primaryimage\",\"url\":\"https:\\\/\\\/sergiolapegue.com\\\/site\\\/wp-content\\\/uploads\\\/2026\\\/04\\\/1-3.jpg\",\"contentUrl\":\"https:\\\/\\\/sergiolapegue.com\\\/site\\\/wp-content\\\/uploads\\\/2026\\\/04\\\/1-3.jpg\",\"width\":1040,\"height\":1392},{\"@type\":\"BreadcrumbList\",\"@id\":\"https:\\\/\\\/sergiolapegue.com\\\/site\\\/2026\\\/04\\\/27\\\/hit-astral-de-la-semana-urano-ingresa-en-geminis\\\/#breadcrumb\",\"itemListElement\":[{\"@type\":\"ListItem\",\"position\":1,\"name\":\"Inicio\",\"item\":\"https:\\\/\\\/sergiolapegue.com\\\/site\\\/\"},{\"@type\":\"ListItem\",\"position\":2,\"name\":\"HIT ASTRAL DE LA SEMANA: URANO ingresa en G\u00c9MINIS\"}]},{\"@type\":\"WebSite\",\"@id\":\"https:\\\/\\\/sergiolapegue.com\\\/site\\\/#website\",\"url\":\"https:\\\/\\\/sergiolapegue.com\\\/site\\\/\",\"name\":\"Sergio Lapegue\",\"description\":\"Periodista\",\"publisher\":{\"@id\":\"https:\\\/\\\/sergiolapegue.com\\\/site\\\/#\\\/schema\\\/person\\\/083aeceeb0734cd166779ea6c0551a37\"},\"potentialAction\":[{\"@type\":\"SearchAction\",\"target\":{\"@type\":\"EntryPoint\",\"urlTemplate\":\"https:\\\/\\\/sergiolapegue.com\\\/site\\\/?s={search_term_string}\"},\"query-input\":{\"@type\":\"PropertyValueSpecification\",\"valueRequired\":true,\"valueName\":\"search_term_string\"}}],\"inLanguage\":\"es-AR\"},{\"@type\":[\"Person\",\"Organization\"],\"@id\":\"https:\\\/\\\/sergiolapegue.com\\\/site\\\/#\\\/schema\\\/person\\\/083aeceeb0734cd166779ea6c0551a37\",\"name\":\"Sergio Lapegue\",\"image\":{\"@type\":\"ImageObject\",\"inLanguage\":\"es-AR\",\"@id\":\"https:\\\/\\\/sergiolapegue.com\\\/site\\\/wp-content\\\/uploads\\\/2021\\\/04\\\/logo_header-1.png\",\"url\":\"https:\\\/\\\/sergiolapegue.com\\\/site\\\/wp-content\\\/uploads\\\/2021\\\/04\\\/logo_header-1.png\",\"contentUrl\":\"https:\\\/\\\/sergiolapegue.com\\\/site\\\/wp-content\\\/uploads\\\/2021\\\/04\\\/logo_header-1.png\",\"width\":272,\"height\":90,\"caption\":\"Sergio Lapegue\"},\"logo\":{\"@id\":\"https:\\\/\\\/sergiolapegue.com\\\/site\\\/wp-content\\\/uploads\\\/2021\\\/04\\\/logo_header-1.png\"},\"sameAs\":[\"https:\\\/\\\/facebook.com\\\/sergiolapegue\",\"https:\\\/\\\/instagram.com\\\/sergiolapegue\",\"https:\\\/\\\/x.com\\\/https:\\\/\\\/twitter.com\\\/sergiolapegue\"]},{\"@type\":\"Person\",\"@id\":\"https:\\\/\\\/sergiolapegue.com\\\/site\\\/#\\\/schema\\\/person\\\/038a19a76176d528a1a27ac17e18af68\",\"name\":\"Victoria Garc\u00eda Garcilazo\",\"image\":{\"@type\":\"ImageObject\",\"inLanguage\":\"es-AR\",\"@id\":\"https:\\\/\\\/sergiolapegue.com\\\/site\\\/wp-content\\\/uploads\\\/2025\\\/12\\\/victoriaGarciaGarcilazo-150x150.jpg\",\"url\":\"https:\\\/\\\/sergiolapegue.com\\\/site\\\/wp-content\\\/uploads\\\/2025\\\/12\\\/victoriaGarciaGarcilazo-150x150.jpg\",\"contentUrl\":\"https:\\\/\\\/sergiolapegue.com\\\/site\\\/wp-content\\\/uploads\\\/2025\\\/12\\\/victoriaGarciaGarcilazo-150x150.jpg\",\"caption\":\"Victoria Garc\u00eda Garcilazo\"},\"sameAs\":[\"https:\\\/\\\/lavictoriadevenus.com\\\/\",\"https:\\\/\\\/www.instagram.com\\\/lavictoriadevenus\\\/\",\"https:\\\/\\\/www.youtube.com\\\/channel\\\/UCPAWzfQij6wJRHSTN5wi3Mg\"],\"url\":\"https:\\\/\\\/sergiolapegue.com\\\/site\\\/author\\\/victoria\\\/\"}]}<\/script>\n<!-- \/ Yoast SEO plugin. -->","yoast_head_json":{"title":"HIT ASTRAL DE LA SEMANA: URANO ingresa en G\u00c9MINIS - Sergio Lapegue","robots":{"index":"index","follow":"follow","max-snippet":"max-snippet:-1","max-image-preview":"max-image-preview:large","max-video-preview":"max-video-preview:-1"},"canonical":"https:\/\/sergiolapegue.com\/site\/2026\/04\/27\/hit-astral-de-la-semana-urano-ingresa-en-geminis\/","og_locale":"es_ES","og_type":"article","og_title":"HIT ASTRAL DE LA SEMANA: URANO ingresa en G\u00c9MINIS - Sergio Lapegue","og_description":"Esta semana llega el esperado ingreso de Urano en G\u00e9minis. Urano, el planeta de la innovaci\u00f3n y el despertar, deja a Tauro despu\u00e9s de 7 a\u00f1os y entra en el signo de la mente y la comunicaci\u00f3n.&nbsp; Esto puede marcar un cambio profundo en c\u00f3mo pensamos, hablamos, aprendemos y hasta nos vinculamos. A nivel cotidiano, [&hellip;]","og_url":"https:\/\/sergiolapegue.com\/site\/2026\/04\/27\/hit-astral-de-la-semana-urano-ingresa-en-geminis\/","og_site_name":"Sergio Lapegue","article_publisher":"https:\/\/facebook.com\/sergiolapegue","article_published_time":"2026-04-27T12:17:00+00:00","og_image":[{"width":1040,"height":1392,"url":"https:\/\/sergiolapegue.com\/site\/wp-content\/uploads\/2026\/04\/1-3.jpg","type":"image\/jpeg"}],"author":"Victoria Garc\u00eda Garcilazo","twitter_card":"summary_large_image","twitter_site":"@sergiolapegue","twitter_misc":{"Escrito por":"Victoria Garc\u00eda Garcilazo","Tiempo de lectura":"3 minutos"},"schema":{"@context":"https:\/\/schema.org","@graph":[{"@type":"Article","@id":"https:\/\/sergiolapegue.com\/site\/2026\/04\/27\/hit-astral-de-la-semana-urano-ingresa-en-geminis\/#article","isPartOf":{"@id":"https:\/\/sergiolapegue.com\/site\/2026\/04\/27\/hit-astral-de-la-semana-urano-ingresa-en-geminis\/"},"author":{"name":"Victoria Garc\u00eda Garcilazo","@id":"https:\/\/sergiolapegue.com\/site\/#\/schema\/person\/038a19a76176d528a1a27ac17e18af68"},"headline":"HIT ASTRAL DE LA SEMANA: URANO ingresa en G\u00c9MINIS","datePublished":"2026-04-27T12:17:00+00:00","mainEntityOfPage":{"@id":"https:\/\/sergiolapegue.com\/site\/2026\/04\/27\/hit-astral-de-la-semana-urano-ingresa-en-geminis\/"},"wordCount":423,"publisher":{"@id":"https:\/\/sergiolapegue.com\/site\/#\/schema\/person\/083aeceeb0734cd166779ea6c0551a37"},"image":{"@id":"https:\/\/sergiolapegue.com\/site\/2026\/04\/27\/hit-astral-de-la-semana-urano-ingresa-en-geminis\/#primaryimage"},"thumbnailUrl":"https:\/\/sergiolapegue.com\/site\/wp-content\/uploads\/2026\/04\/1-3.jpg","keywords":["arcano","astro","geminis","horoscopo","tarot","urano"],"articleSection":["Astrotarot"],"inLanguage":"es-AR"},{"@type":"WebPage","@id":"https:\/\/sergiolapegue.com\/site\/2026\/04\/27\/hit-astral-de-la-semana-urano-ingresa-en-geminis\/","url":"https:\/\/sergiolapegue.com\/site\/2026\/04\/27\/hit-astral-de-la-semana-urano-ingresa-en-geminis\/","name":"HIT ASTRAL DE LA SEMANA: URANO ingresa en G\u00c9MINIS - Sergio Lapegue","isPartOf":{"@id":"https:\/\/sergiolapegue.com\/site\/#website"},"primaryImageOfPage":{"@id":"https:\/\/sergiolapegue.com\/site\/2026\/04\/27\/hit-astral-de-la-semana-urano-ingresa-en-geminis\/#primaryimage"},"image":{"@id":"https:\/\/sergiolapegue.com\/site\/2026\/04\/27\/hit-astral-de-la-semana-urano-ingresa-en-geminis\/#primaryimage"},"thumbnailUrl":"https:\/\/sergiolapegue.com\/site\/wp-content\/uploads\/2026\/04\/1-3.jpg","datePublished":"2026-04-27T12:17:00+00:00","breadcrumb":{"@id":"https:\/\/sergiolapegue.com\/site\/2026\/04\/27\/hit-astral-de-la-semana-urano-ingresa-en-geminis\/#breadcrumb"},"inLanguage":"es-AR","potentialAction":[{"@type":"ReadAction","target":["https:\/\/sergiolapegue.com\/site\/2026\/04\/27\/hit-astral-de-la-semana-urano-ingresa-en-geminis\/"]}]},{"@type":"ImageObject","inLanguage":"es-AR","@id":"https:\/\/sergiolapegue.com\/site\/2026\/04\/27\/hit-astral-de-la-semana-urano-ingresa-en-geminis\/#primaryimage","url":"https:\/\/sergiolapegue.com\/site\/wp-content\/uploads\/2026\/04\/1-3.jpg","contentUrl":"https:\/\/sergiolapegue.com\/site\/wp-content\/uploads\/2026\/04\/1-3.jpg","width":1040,"height":1392},{"@type":"BreadcrumbList","@id":"https:\/\/sergiolapegue.com\/site\/2026\/04\/27\/hit-astral-de-la-semana-urano-ingresa-en-geminis\/#breadcrumb","itemListElement":[{"@type":"ListItem","position":1,"name":"Inicio","item":"https:\/\/sergiolapegue.com\/site\/"},{"@type":"ListItem","position":2,"name":"HIT ASTRAL DE LA SEMANA: URANO ingresa en G\u00c9MINIS"}]},{"@type":"WebSite","@id":"https:\/\/sergiolapegue.com\/site\/#website","url":"https:\/\/sergiolapegue.com\/site\/","name":"Sergio Lapegue","description":"Periodista","publisher":{"@id":"https:\/\/sergiolapegue.com\/site\/#\/schema\/person\/083aeceeb0734cd166779ea6c0551a37"},"potentialAction":[{"@type":"SearchAction","target":{"@type":"EntryPoint","urlTemplate":"https:\/\/sergiolapegue.com\/site\/?s={search_term_string}"},"query-input":{"@type":"PropertyValueSpecification","valueRequired":true,"valueName":"search_term_string"}}],"inLanguage":"es-AR"},{"@type":["Person","Organization"],"@id":"https:\/\/sergiolapegue.com\/site\/#\/schema\/person\/083aeceeb0734cd166779ea6c0551a37","name":"Sergio Lapegue","image":{"@type":"ImageObject","inLanguage":"es-AR","@id":"https:\/\/sergiolapegue.com\/site\/wp-content\/uploads\/2021\/04\/logo_header-1.png","url":"https:\/\/sergiolapegue.com\/site\/wp-content\/uploads\/2021\/04\/logo_header-1.png","contentUrl":"https:\/\/sergiolapegue.com\/site\/wp-content\/uploads\/2021\/04\/logo_header-1.png","width":272,"height":90,"caption":"Sergio Lapegue"},"logo":{"@id":"https:\/\/sergiolapegue.com\/site\/wp-content\/uploads\/2021\/04\/logo_header-1.png"},"sameAs":["https:\/\/facebook.com\/sergiolapegue","https:\/\/instagram.com\/sergiolapegue","https:\/\/x.com\/https:\/\/twitter.com\/sergiolapegue"]},{"@type":"Person","@id":"https:\/\/sergiolapegue.com\/site\/#\/schema\/person\/038a19a76176d528a1a27ac17e18af68","name":"Victoria Garc\u00eda Garcilazo","image":{"@type":"ImageObject","inLanguage":"es-AR","@id":"https:\/\/sergiolapegue.com\/site\/wp-content\/uploads\/2025\/12\/victoriaGarciaGarcilazo-150x150.jpg","url":"https:\/\/sergiolapegue.com\/site\/wp-content\/uploads\/2025\/12\/victoriaGarciaGarcilazo-150x150.jpg","contentUrl":"https:\/\/sergiolapegue.com\/site\/wp-content\/uploads\/2025\/12\/victoriaGarciaGarcilazo-150x150.jpg","caption":"Victoria Garc\u00eda Garcilazo"},"sameAs":["https:\/\/lavictoriadevenus.com\/","https:\/\/www.instagram.com\/lavictoriadevenus\/","https:\/\/www.youtube.com\/channel\/UCPAWzfQij6wJRHSTN5wi3Mg"],"url":"https:\/\/sergiolapegue.com\/site\/author\/victoria\/"}]}},"_links":{"self":[{"href":"https:\/\/sergiolapegue.com\/site\/wp-json\/wp\/v2\/posts\/29768","targetHints":{"allow":["GET"]}}],"collection":[{"href":"https:\/\/sergiolapegue.com\/site\/wp-json\/wp\/v2\/posts"}],"about":[{"href":"https:\/\/sergiolapegue.com\/site\/wp-json\/wp\/v2\/types\/post"}],"author":[{"embeddable":true,"href":"https:\/\/sergiolapegue.com\/site\/wp-json\/wp\/v2\/users\/9"}],"replies":[{"embeddable":true,"href":"https:\/\/sergiolapegue.com\/site\/wp-json\/wp\/v2\/comments?post=29768"}],"version-history":[{"count":1,"href":"https:\/\/sergiolapegue.com\/site\/wp-json\/wp\/v2\/posts\/29768\/revisions"}],"predecessor-version":[{"id":29771,"href":"https:\/\/sergiolapegue.com\/site\/wp-json\/wp\/v2\/posts\/29768\/revisions\/29771"}],"wp:featuredmedia":[{"embeddable":true,"href":"https:\/\/sergiolapegue.com\/site\/wp-json\/wp\/v2\/media\/29770"}],"wp:attachment":[{"href":"https:\/\/sergiolapegue.com\/site\/wp-json\/wp\/v2\/media?parent=29768"}],"wp:term":[{"taxonomy":"category","embeddable":true,"href":"https:\/\/sergiolapegue.com\/site\/wp-json\/wp\/v2\/categories?post=29768"},{"taxonomy":"post_tag","embeddable":true,"href":"https:\/\/sergiolapegue.com\/site\/wp-json\/wp\/v2\/tags?post=29768"}],"curies":[{"name":"wp","href":"https:\/\/api.w.org\/{rel}","templated":true}]}}