{"id":29746,"date":"2026-04-27T13:12:00","date_gmt":"2026-04-27T16:12:00","guid":{"rendered":"https:\/\/sergiolapegue.com\/site\/?p=29746"},"modified":"2026-04-21T18:20:44","modified_gmt":"2026-04-21T21:20:44","slug":"habitos-invisibles-que-debilitan-tu-cabello-lo-que-haces-todos-los-dias-y-no-sabias-que-lo-esta-arruinando","status":"publish","type":"post","link":"https:\/\/sergiolapegue.com\/site\/2026\/04\/27\/habitos-invisibles-que-debilitan-tu-cabello-lo-que-haces-todos-los-dias-y-no-sabias-que-lo-esta-arruinando\/","title":{"rendered":"H\u00e1bitos invisibles que debilitan tu cabello: lo que hac\u00e9s todos los d\u00edas\u00a0y no sab\u00edas que lo est\u00e1 arruinando"},"content":{"rendered":"\n<p>El cabello no se da\u00f1a de un d\u00eda para otro. En la mayor\u00eda de los casos, el debilitamiento capilar es el resultado de peque\u00f1os h\u00e1bitos cotidianos que, con el tiempo, alteran la fibra, provocan quiebre y apagan el brillo natural. Detectarlos es el primer paso para transformar por completo la salud de tu melena.<\/p>\n\n\n\n<p><strong>Dormir con el cabello h\u00famedo<\/strong><br>Ir a la cama con el pelo mojado debilita la fibra capilar, ya que en ese estado es m\u00e1s el\u00e1stica y vulnerable. El roce con la almohada genera quiebre, frizz y p\u00e9rdida de forma.<br><strong>Soluci\u00f3n:<\/strong> Secar al menos un 80% antes de dormir.<\/p>\n\n\n\n<p><strong>Uso excesivo de calor sin protecci\u00f3n<\/strong><br>Planchas, bucleras y secadores sin protector t\u00e9rmico alteran la estructura del cabello, dej\u00e1ndolo opaco, \u00e1spero y quebradizo.<br><strong>Soluci\u00f3n:<\/strong> Siempre aplicar protector t\u00e9rmico y regular la temperatura.<\/p>\n\n\n\n<p><strong>Cepillado agresivo o incorrecto<\/strong><br>Cepillar con fuerza, especialmente en cabello mojado, rompe la fibra y favorece la ca\u00edda por quiebre.<br><strong>Soluci\u00f3n:<\/strong> usar cepillos adecuados, desenredar de puntas hacia ra\u00edz y hacerlo con suavidad.<\/p>\n\n\n\n<p><strong>Usar productos que no son para tu tipo de cabello<\/strong><br>Un shampoo incorrecto puede resecar o engrasar de m\u00e1s, afectando el equilibrio del cuero cabelludo.<br><strong>Soluci\u00f3n:<\/strong> Elegir productos personalizados seg\u00fan tu necesidad (hidrataci\u00f3n, reparaci\u00f3n, volumen, etc.)<\/p>\n\n\n\n<p><strong>Falta de hidrataci\u00f3n<\/strong><br>El cabello seco pierde elasticidad, brillo y resistencia.Es m\u00e1s propenso a romperse y a verse sin vida.<br><strong>Soluci\u00f3n: <\/strong>incorporar m\u00e1scaras nutritivas, usar activos hidratantes (como \u00e1cido hialur\u00f3nico) y sellar con aceites livianos.<\/p>\n\n\n\n<p>No es solo lo que hac\u00e9s en el sal\u00f3n, es lo que hac\u00e9s todos los d\u00edas en tu casa. Cambiar estos h\u00e1bitos no solo mejora el aspecto del cabello sino que lo transforma desde adentro.<\/p>\n\n\n\n<figure class=\"wp-block-image size-large\"><img loading=\"lazy\" decoding=\"async\" width=\"1024\" height=\"1006\" src=\"https:\/\/sergiolapegue.com\/site\/wp-content\/uploads\/2026\/04\/WhatsApp-Image-2026-04-10-at-10.25.27-1024x1006.jpeg\" alt=\"\" class=\"wp-image-29747\" srcset=\"https:\/\/sergiolapegue.com\/site\/wp-content\/uploads\/2026\/04\/WhatsApp-Image-2026-04-10-at-10.25.27-1024x1006.jpeg 1024w, https:\/\/sergiolapegue.com\/site\/wp-content\/uploads\/2026\/04\/WhatsApp-Image-2026-04-10-at-10.25.27-300x295.jpeg 300w, https:\/\/sergiolapegue.com\/site\/wp-content\/uploads\/2026\/04\/WhatsApp-Image-2026-04-10-at-10.25.27-768x755.jpeg 768w, https:\/\/sergiolapegue.com\/site\/wp-content\/uploads\/2026\/04\/WhatsApp-Image-2026-04-10-at-10.25.27-427x420.jpeg 427w, https:\/\/sergiolapegue.com\/site\/wp-content\/uploads\/2026\/04\/WhatsApp-Image-2026-04-10-at-10.25.27-696x684.jpeg 696w, https:\/\/sergiolapegue.com\/site\/wp-content\/uploads\/2026\/04\/WhatsApp-Image-2026-04-10-at-10.25.27-1068x1049.jpeg 1068w, https:\/\/sergiolapegue.com\/site\/wp-content\/uploads\/2026\/04\/WhatsApp-Image-2026-04-10-at-10.25.27.jpeg 1206w\" sizes=\"auto, (max-width: 1024px) 100vw, 1024px\" \/><figcaption class=\"wp-element-caption\"><em>Por\u00a0Melisa\u00a0M\u00e1rquez, especialista en cuidado del cabello<\/em><br><em>@melisa.professional.hair<\/em><\/figcaption><\/figure>\n\n\n\n<p><\/p>\n","protected":false},"excerpt":{"rendered":"<p>El cabello no se da\u00f1a de un d\u00eda para otro. En la mayor\u00eda de los casos, el debilitamiento capilar es el resultado de peque\u00f1os h\u00e1bitos cotidianos que, con el tiempo, alteran la fibra, provocan quiebre y apagan el brillo natural. Detectarlos es el primer paso para transformar por completo la salud de tu melena. Dormir [&hellip;]<\/p>\n","protected":false},"author":4,"featured_media":29748,"comment_status":"closed","ping_status":"closed","sticky":false,"template":"","format":"standard","meta":{"footnotes":""},"categories":[38],"tags":[3136,4775,3180,4522,724,4774,297,2755],"class_list":{"0":"post-29746","1":"post","2":"type-post","3":"status-publish","4":"format-standard","5":"has-post-thumbnail","7":"category-actualidad","8":"tag-cabello","9":"tag-calo","10":"tag-capilar","11":"tag-cepillo","12":"tag-dormir","13":"tag-humedo","14":"tag-pelo","15":"tag-proteccion"},"yoast_head":"<!-- This site is optimized with the Yoast SEO plugin v27.5 - https:\/\/yoast.com\/product\/yoast-seo-wordpress\/ -->\n<title>H\u00e1bitos invisibles que debilitan tu cabello: lo que hac\u00e9s todos los d\u00edas\u00a0y no sab\u00edas que lo est\u00e1 arruinando - Sergio Lapegue<\/title>\n<meta name=\"robots\" content=\"index, follow, max-snippet:-1, max-image-preview:large, max-video-preview:-1\" \/>\n<link rel=\"canonical\" href=\"https:\/\/sergiolapegue.com\/site\/2026\/04\/27\/habitos-invisibles-que-debilitan-tu-cabello-lo-que-haces-todos-los-dias-y-no-sabias-que-lo-esta-arruinando\/\" \/>\n<meta property=\"og:locale\" content=\"es_ES\" \/>\n<meta property=\"og:type\" content=\"article\" \/>\n<meta property=\"og:title\" content=\"H\u00e1bitos invisibles que debilitan tu cabello: lo que hac\u00e9s todos los d\u00edas\u00a0y no sab\u00edas que lo est\u00e1 arruinando - Sergio Lapegue\" \/>\n<meta property=\"og:description\" content=\"El cabello no se da\u00f1a de un d\u00eda para otro. En la mayor\u00eda de los casos, el debilitamiento capilar es el resultado de peque\u00f1os h\u00e1bitos cotidianos que, con el tiempo, alteran la fibra, provocan quiebre y apagan el brillo natural. Detectarlos es el primer paso para transformar por completo la salud de tu melena. Dormir [&hellip;]\" \/>\n<meta property=\"og:url\" content=\"https:\/\/sergiolapegue.com\/site\/2026\/04\/27\/habitos-invisibles-que-debilitan-tu-cabello-lo-que-haces-todos-los-dias-y-no-sabias-que-lo-esta-arruinando\/\" \/>\n<meta property=\"og:site_name\" content=\"Sergio Lapegue\" \/>\n<meta property=\"article:publisher\" content=\"https:\/\/facebook.com\/sergiolapegue\" \/>\n<meta property=\"article:published_time\" content=\"2026-04-27T16:12:00+00:00\" \/>\n<meta property=\"og:image\" content=\"https:\/\/sergiolapegue.com\/site\/wp-content\/uploads\/2026\/04\/WhatsApp-Image-2026-04-06-at-13.08.57.jpeg\" \/>\n\t<meta property=\"og:image:width\" content=\"1599\" \/>\n\t<meta property=\"og:image:height\" content=\"1066\" \/>\n\t<meta property=\"og:image:type\" content=\"image\/jpeg\" \/>\n<meta name=\"author\" content=\"Leonardo Monta\u00f1a\" \/>\n<meta name=\"twitter:card\" content=\"summary_large_image\" \/>\n<meta name=\"twitter:creator\" content=\"@https:\/\/twitter.com\/soytoto81\" \/>\n<meta name=\"twitter:site\" content=\"@sergiolapegue\" \/>\n<meta name=\"twitter:label1\" content=\"Escrito por\" \/>\n\t<meta name=\"twitter:data1\" content=\"Leonardo Monta\u00f1a\" \/>\n\t<meta name=\"twitter:label2\" content=\"Tiempo de lectura\" \/>\n\t<meta name=\"twitter:data2\" content=\"2 minutos\" \/>\n<script type=\"application\/ld+json\" class=\"yoast-schema-graph\">{\"@context\":\"https:\\\/\\\/schema.org\",\"@graph\":[{\"@type\":\"Article\",\"@id\":\"https:\\\/\\\/sergiolapegue.com\\\/site\\\/2026\\\/04\\\/27\\\/habitos-invisibles-que-debilitan-tu-cabello-lo-que-haces-todos-los-dias-y-no-sabias-que-lo-esta-arruinando\\\/#article\",\"isPartOf\":{\"@id\":\"https:\\\/\\\/sergiolapegue.com\\\/site\\\/2026\\\/04\\\/27\\\/habitos-invisibles-que-debilitan-tu-cabello-lo-que-haces-todos-los-dias-y-no-sabias-que-lo-esta-arruinando\\\/\"},\"author\":{\"name\":\"Leonardo Monta\u00f1a\",\"@id\":\"https:\\\/\\\/sergiolapegue.com\\\/site\\\/#\\\/schema\\\/person\\\/00adf937d010c7f79a180dc4916a40e0\"},\"headline\":\"H\u00e1bitos invisibles que debilitan tu cabello: lo que hac\u00e9s todos los d\u00edas\u00a0y no sab\u00edas que lo est\u00e1 arruinando\",\"datePublished\":\"2026-04-27T16:12:00+00:00\",\"mainEntityOfPage\":{\"@id\":\"https:\\\/\\\/sergiolapegue.com\\\/site\\\/2026\\\/04\\\/27\\\/habitos-invisibles-que-debilitan-tu-cabello-lo-que-haces-todos-los-dias-y-no-sabias-que-lo-esta-arruinando\\\/\"},\"wordCount\":341,\"publisher\":{\"@id\":\"https:\\\/\\\/sergiolapegue.com\\\/site\\\/#\\\/schema\\\/person\\\/083aeceeb0734cd166779ea6c0551a37\"},\"image\":{\"@id\":\"https:\\\/\\\/sergiolapegue.com\\\/site\\\/2026\\\/04\\\/27\\\/habitos-invisibles-que-debilitan-tu-cabello-lo-que-haces-todos-los-dias-y-no-sabias-que-lo-esta-arruinando\\\/#primaryimage\"},\"thumbnailUrl\":\"https:\\\/\\\/sergiolapegue.com\\\/site\\\/wp-content\\\/uploads\\\/2026\\\/04\\\/WhatsApp-Image-2026-04-06-at-13.08.57.jpeg\",\"keywords\":[\"cabello\",\"calo\",\"capilar\",\"cepillo\",\"dormir\",\"humedo\",\"pelo\",\"proteccion\"],\"articleSection\":[\"Actualidad\"],\"inLanguage\":\"es-AR\"},{\"@type\":\"WebPage\",\"@id\":\"https:\\\/\\\/sergiolapegue.com\\\/site\\\/2026\\\/04\\\/27\\\/habitos-invisibles-que-debilitan-tu-cabello-lo-que-haces-todos-los-dias-y-no-sabias-que-lo-esta-arruinando\\\/\",\"url\":\"https:\\\/\\\/sergiolapegue.com\\\/site\\\/2026\\\/04\\\/27\\\/habitos-invisibles-que-debilitan-tu-cabello-lo-que-haces-todos-los-dias-y-no-sabias-que-lo-esta-arruinando\\\/\",\"name\":\"H\u00e1bitos invisibles que debilitan tu cabello: lo que hac\u00e9s todos los d\u00edas\u00a0y no sab\u00edas que lo est\u00e1 arruinando - Sergio Lapegue\",\"isPartOf\":{\"@id\":\"https:\\\/\\\/sergiolapegue.com\\\/site\\\/#website\"},\"primaryImageOfPage\":{\"@id\":\"https:\\\/\\\/sergiolapegue.com\\\/site\\\/2026\\\/04\\\/27\\\/habitos-invisibles-que-debilitan-tu-cabello-lo-que-haces-todos-los-dias-y-no-sabias-que-lo-esta-arruinando\\\/#primaryimage\"},\"image\":{\"@id\":\"https:\\\/\\\/sergiolapegue.com\\\/site\\\/2026\\\/04\\\/27\\\/habitos-invisibles-que-debilitan-tu-cabello-lo-que-haces-todos-los-dias-y-no-sabias-que-lo-esta-arruinando\\\/#primaryimage\"},\"thumbnailUrl\":\"https:\\\/\\\/sergiolapegue.com\\\/site\\\/wp-content\\\/uploads\\\/2026\\\/04\\\/WhatsApp-Image-2026-04-06-at-13.08.57.jpeg\",\"datePublished\":\"2026-04-27T16:12:00+00:00\",\"breadcrumb\":{\"@id\":\"https:\\\/\\\/sergiolapegue.com\\\/site\\\/2026\\\/04\\\/27\\\/habitos-invisibles-que-debilitan-tu-cabello-lo-que-haces-todos-los-dias-y-no-sabias-que-lo-esta-arruinando\\\/#breadcrumb\"},\"inLanguage\":\"es-AR\",\"potentialAction\":[{\"@type\":\"ReadAction\",\"target\":[\"https:\\\/\\\/sergiolapegue.com\\\/site\\\/2026\\\/04\\\/27\\\/habitos-invisibles-que-debilitan-tu-cabello-lo-que-haces-todos-los-dias-y-no-sabias-que-lo-esta-arruinando\\\/\"]}]},{\"@type\":\"ImageObject\",\"inLanguage\":\"es-AR\",\"@id\":\"https:\\\/\\\/sergiolapegue.com\\\/site\\\/2026\\\/04\\\/27\\\/habitos-invisibles-que-debilitan-tu-cabello-lo-que-haces-todos-los-dias-y-no-sabias-que-lo-esta-arruinando\\\/#primaryimage\",\"url\":\"https:\\\/\\\/sergiolapegue.com\\\/site\\\/wp-content\\\/uploads\\\/2026\\\/04\\\/WhatsApp-Image-2026-04-06-at-13.08.57.jpeg\",\"contentUrl\":\"https:\\\/\\\/sergiolapegue.com\\\/site\\\/wp-content\\\/uploads\\\/2026\\\/04\\\/WhatsApp-Image-2026-04-06-at-13.08.57.jpeg\",\"width\":1599,\"height\":1066},{\"@type\":\"BreadcrumbList\",\"@id\":\"https:\\\/\\\/sergiolapegue.com\\\/site\\\/2026\\\/04\\\/27\\\/habitos-invisibles-que-debilitan-tu-cabello-lo-que-haces-todos-los-dias-y-no-sabias-que-lo-esta-arruinando\\\/#breadcrumb\",\"itemListElement\":[{\"@type\":\"ListItem\",\"position\":1,\"name\":\"Inicio\",\"item\":\"https:\\\/\\\/sergiolapegue.com\\\/site\\\/\"},{\"@type\":\"ListItem\",\"position\":2,\"name\":\"H\u00e1bitos invisibles que debilitan tu cabello: lo que hac\u00e9s todos los d\u00edas\u00a0y no sab\u00edas que lo est\u00e1 arruinando\"}]},{\"@type\":\"WebSite\",\"@id\":\"https:\\\/\\\/sergiolapegue.com\\\/site\\\/#website\",\"url\":\"https:\\\/\\\/sergiolapegue.com\\\/site\\\/\",\"name\":\"Sergio Lapegue\",\"description\":\"Periodista\",\"publisher\":{\"@id\":\"https:\\\/\\\/sergiolapegue.com\\\/site\\\/#\\\/schema\\\/person\\\/083aeceeb0734cd166779ea6c0551a37\"},\"potentialAction\":[{\"@type\":\"SearchAction\",\"target\":{\"@type\":\"EntryPoint\",\"urlTemplate\":\"https:\\\/\\\/sergiolapegue.com\\\/site\\\/?s={search_term_string}\"},\"query-input\":{\"@type\":\"PropertyValueSpecification\",\"valueRequired\":true,\"valueName\":\"search_term_string\"}}],\"inLanguage\":\"es-AR\"},{\"@type\":[\"Person\",\"Organization\"],\"@id\":\"https:\\\/\\\/sergiolapegue.com\\\/site\\\/#\\\/schema\\\/person\\\/083aeceeb0734cd166779ea6c0551a37\",\"name\":\"Sergio Lapegue\",\"image\":{\"@type\":\"ImageObject\",\"inLanguage\":\"es-AR\",\"@id\":\"https:\\\/\\\/sergiolapegue.com\\\/site\\\/wp-content\\\/uploads\\\/2021\\\/04\\\/logo_header-1.png\",\"url\":\"https:\\\/\\\/sergiolapegue.com\\\/site\\\/wp-content\\\/uploads\\\/2021\\\/04\\\/logo_header-1.png\",\"contentUrl\":\"https:\\\/\\\/sergiolapegue.com\\\/site\\\/wp-content\\\/uploads\\\/2021\\\/04\\\/logo_header-1.png\",\"width\":272,\"height\":90,\"caption\":\"Sergio Lapegue\"},\"logo\":{\"@id\":\"https:\\\/\\\/sergiolapegue.com\\\/site\\\/wp-content\\\/uploads\\\/2021\\\/04\\\/logo_header-1.png\"},\"sameAs\":[\"https:\\\/\\\/facebook.com\\\/sergiolapegue\",\"https:\\\/\\\/instagram.com\\\/sergiolapegue\",\"https:\\\/\\\/x.com\\\/https:\\\/\\\/twitter.com\\\/sergiolapegue\"]},{\"@type\":\"Person\",\"@id\":\"https:\\\/\\\/sergiolapegue.com\\\/site\\\/#\\\/schema\\\/person\\\/00adf937d010c7f79a180dc4916a40e0\",\"name\":\"Leonardo Monta\u00f1a\",\"image\":{\"@type\":\"ImageObject\",\"inLanguage\":\"es-AR\",\"@id\":\"https:\\\/\\\/sergiolapegue.com\\\/site\\\/wp-content\\\/uploads\\\/2021\\\/04\\\/sl_avatar_Leonardo-150x150.jpg\",\"url\":\"https:\\\/\\\/sergiolapegue.com\\\/site\\\/wp-content\\\/uploads\\\/2021\\\/04\\\/sl_avatar_Leonardo-150x150.jpg\",\"contentUrl\":\"https:\\\/\\\/sergiolapegue.com\\\/site\\\/wp-content\\\/uploads\\\/2021\\\/04\\\/sl_avatar_Leonardo-150x150.jpg\",\"caption\":\"Leonardo Monta\u00f1a\"},\"sameAs\":[\"https:\\\/\\\/x.com\\\/https:\\\/\\\/twitter.com\\\/soytoto81\"],\"url\":\"https:\\\/\\\/sergiolapegue.com\\\/site\\\/author\\\/leonardo\\\/\"}]}<\/script>\n<!-- \/ Yoast SEO plugin. -->","yoast_head_json":{"title":"H\u00e1bitos invisibles que debilitan tu cabello: lo que hac\u00e9s todos los d\u00edas\u00a0y no sab\u00edas que lo est\u00e1 arruinando - Sergio Lapegue","robots":{"index":"index","follow":"follow","max-snippet":"max-snippet:-1","max-image-preview":"max-image-preview:large","max-video-preview":"max-video-preview:-1"},"canonical":"https:\/\/sergiolapegue.com\/site\/2026\/04\/27\/habitos-invisibles-que-debilitan-tu-cabello-lo-que-haces-todos-los-dias-y-no-sabias-que-lo-esta-arruinando\/","og_locale":"es_ES","og_type":"article","og_title":"H\u00e1bitos invisibles que debilitan tu cabello: lo que hac\u00e9s todos los d\u00edas\u00a0y no sab\u00edas que lo est\u00e1 arruinando - Sergio Lapegue","og_description":"El cabello no se da\u00f1a de un d\u00eda para otro. En la mayor\u00eda de los casos, el debilitamiento capilar es el resultado de peque\u00f1os h\u00e1bitos cotidianos que, con el tiempo, alteran la fibra, provocan quiebre y apagan el brillo natural. Detectarlos es el primer paso para transformar por completo la salud de tu melena. Dormir [&hellip;]","og_url":"https:\/\/sergiolapegue.com\/site\/2026\/04\/27\/habitos-invisibles-que-debilitan-tu-cabello-lo-que-haces-todos-los-dias-y-no-sabias-que-lo-esta-arruinando\/","og_site_name":"Sergio Lapegue","article_publisher":"https:\/\/facebook.com\/sergiolapegue","article_published_time":"2026-04-27T16:12:00+00:00","og_image":[{"width":1599,"height":1066,"url":"https:\/\/sergiolapegue.com\/site\/wp-content\/uploads\/2026\/04\/WhatsApp-Image-2026-04-06-at-13.08.57.jpeg","type":"image\/jpeg"}],"author":"Leonardo Monta\u00f1a","twitter_card":"summary_large_image","twitter_creator":"@https:\/\/twitter.com\/soytoto81","twitter_site":"@sergiolapegue","twitter_misc":{"Escrito por":"Leonardo Monta\u00f1a","Tiempo de lectura":"2 minutos"},"schema":{"@context":"https:\/\/schema.org","@graph":[{"@type":"Article","@id":"https:\/\/sergiolapegue.com\/site\/2026\/04\/27\/habitos-invisibles-que-debilitan-tu-cabello-lo-que-haces-todos-los-dias-y-no-sabias-que-lo-esta-arruinando\/#article","isPartOf":{"@id":"https:\/\/sergiolapegue.com\/site\/2026\/04\/27\/habitos-invisibles-que-debilitan-tu-cabello-lo-que-haces-todos-los-dias-y-no-sabias-que-lo-esta-arruinando\/"},"author":{"name":"Leonardo Monta\u00f1a","@id":"https:\/\/sergiolapegue.com\/site\/#\/schema\/person\/00adf937d010c7f79a180dc4916a40e0"},"headline":"H\u00e1bitos invisibles que debilitan tu cabello: lo que hac\u00e9s todos los d\u00edas\u00a0y no sab\u00edas que lo est\u00e1 arruinando","datePublished":"2026-04-27T16:12:00+00:00","mainEntityOfPage":{"@id":"https:\/\/sergiolapegue.com\/site\/2026\/04\/27\/habitos-invisibles-que-debilitan-tu-cabello-lo-que-haces-todos-los-dias-y-no-sabias-que-lo-esta-arruinando\/"},"wordCount":341,"publisher":{"@id":"https:\/\/sergiolapegue.com\/site\/#\/schema\/person\/083aeceeb0734cd166779ea6c0551a37"},"image":{"@id":"https:\/\/sergiolapegue.com\/site\/2026\/04\/27\/habitos-invisibles-que-debilitan-tu-cabello-lo-que-haces-todos-los-dias-y-no-sabias-que-lo-esta-arruinando\/#primaryimage"},"thumbnailUrl":"https:\/\/sergiolapegue.com\/site\/wp-content\/uploads\/2026\/04\/WhatsApp-Image-2026-04-06-at-13.08.57.jpeg","keywords":["cabello","calo","capilar","cepillo","dormir","humedo","pelo","proteccion"],"articleSection":["Actualidad"],"inLanguage":"es-AR"},{"@type":"WebPage","@id":"https:\/\/sergiolapegue.com\/site\/2026\/04\/27\/habitos-invisibles-que-debilitan-tu-cabello-lo-que-haces-todos-los-dias-y-no-sabias-que-lo-esta-arruinando\/","url":"https:\/\/sergiolapegue.com\/site\/2026\/04\/27\/habitos-invisibles-que-debilitan-tu-cabello-lo-que-haces-todos-los-dias-y-no-sabias-que-lo-esta-arruinando\/","name":"H\u00e1bitos invisibles que debilitan tu cabello: lo que hac\u00e9s todos los d\u00edas\u00a0y no sab\u00edas que lo est\u00e1 arruinando - Sergio Lapegue","isPartOf":{"@id":"https:\/\/sergiolapegue.com\/site\/#website"},"primaryImageOfPage":{"@id":"https:\/\/sergiolapegue.com\/site\/2026\/04\/27\/habitos-invisibles-que-debilitan-tu-cabello-lo-que-haces-todos-los-dias-y-no-sabias-que-lo-esta-arruinando\/#primaryimage"},"image":{"@id":"https:\/\/sergiolapegue.com\/site\/2026\/04\/27\/habitos-invisibles-que-debilitan-tu-cabello-lo-que-haces-todos-los-dias-y-no-sabias-que-lo-esta-arruinando\/#primaryimage"},"thumbnailUrl":"https:\/\/sergiolapegue.com\/site\/wp-content\/uploads\/2026\/04\/WhatsApp-Image-2026-04-06-at-13.08.57.jpeg","datePublished":"2026-04-27T16:12:00+00:00","breadcrumb":{"@id":"https:\/\/sergiolapegue.com\/site\/2026\/04\/27\/habitos-invisibles-que-debilitan-tu-cabello-lo-que-haces-todos-los-dias-y-no-sabias-que-lo-esta-arruinando\/#breadcrumb"},"inLanguage":"es-AR","potentialAction":[{"@type":"ReadAction","target":["https:\/\/sergiolapegue.com\/site\/2026\/04\/27\/habitos-invisibles-que-debilitan-tu-cabello-lo-que-haces-todos-los-dias-y-no-sabias-que-lo-esta-arruinando\/"]}]},{"@type":"ImageObject","inLanguage":"es-AR","@id":"https:\/\/sergiolapegue.com\/site\/2026\/04\/27\/habitos-invisibles-que-debilitan-tu-cabello-lo-que-haces-todos-los-dias-y-no-sabias-que-lo-esta-arruinando\/#primaryimage","url":"https:\/\/sergiolapegue.com\/site\/wp-content\/uploads\/2026\/04\/WhatsApp-Image-2026-04-06-at-13.08.57.jpeg","contentUrl":"https:\/\/sergiolapegue.com\/site\/wp-content\/uploads\/2026\/04\/WhatsApp-Image-2026-04-06-at-13.08.57.jpeg","width":1599,"height":1066},{"@type":"BreadcrumbList","@id":"https:\/\/sergiolapegue.com\/site\/2026\/04\/27\/habitos-invisibles-que-debilitan-tu-cabello-lo-que-haces-todos-los-dias-y-no-sabias-que-lo-esta-arruinando\/#breadcrumb","itemListElement":[{"@type":"ListItem","position":1,"name":"Inicio","item":"https:\/\/sergiolapegue.com\/site\/"},{"@type":"ListItem","position":2,"name":"H\u00e1bitos invisibles que debilitan tu cabello: lo que hac\u00e9s todos los d\u00edas\u00a0y no sab\u00edas que lo est\u00e1 arruinando"}]},{"@type":"WebSite","@id":"https:\/\/sergiolapegue.com\/site\/#website","url":"https:\/\/sergiolapegue.com\/site\/","name":"Sergio Lapegue","description":"Periodista","publisher":{"@id":"https:\/\/sergiolapegue.com\/site\/#\/schema\/person\/083aeceeb0734cd166779ea6c0551a37"},"potentialAction":[{"@type":"SearchAction","target":{"@type":"EntryPoint","urlTemplate":"https:\/\/sergiolapegue.com\/site\/?s={search_term_string}"},"query-input":{"@type":"PropertyValueSpecification","valueRequired":true,"valueName":"search_term_string"}}],"inLanguage":"es-AR"},{"@type":["Person","Organization"],"@id":"https:\/\/sergiolapegue.com\/site\/#\/schema\/person\/083aeceeb0734cd166779ea6c0551a37","name":"Sergio Lapegue","image":{"@type":"ImageObject","inLanguage":"es-AR","@id":"https:\/\/sergiolapegue.com\/site\/wp-content\/uploads\/2021\/04\/logo_header-1.png","url":"https:\/\/sergiolapegue.com\/site\/wp-content\/uploads\/2021\/04\/logo_header-1.png","contentUrl":"https:\/\/sergiolapegue.com\/site\/wp-content\/uploads\/2021\/04\/logo_header-1.png","width":272,"height":90,"caption":"Sergio Lapegue"},"logo":{"@id":"https:\/\/sergiolapegue.com\/site\/wp-content\/uploads\/2021\/04\/logo_header-1.png"},"sameAs":["https:\/\/facebook.com\/sergiolapegue","https:\/\/instagram.com\/sergiolapegue","https:\/\/x.com\/https:\/\/twitter.com\/sergiolapegue"]},{"@type":"Person","@id":"https:\/\/sergiolapegue.com\/site\/#\/schema\/person\/00adf937d010c7f79a180dc4916a40e0","name":"Leonardo Monta\u00f1a","image":{"@type":"ImageObject","inLanguage":"es-AR","@id":"https:\/\/sergiolapegue.com\/site\/wp-content\/uploads\/2021\/04\/sl_avatar_Leonardo-150x150.jpg","url":"https:\/\/sergiolapegue.com\/site\/wp-content\/uploads\/2021\/04\/sl_avatar_Leonardo-150x150.jpg","contentUrl":"https:\/\/sergiolapegue.com\/site\/wp-content\/uploads\/2021\/04\/sl_avatar_Leonardo-150x150.jpg","caption":"Leonardo Monta\u00f1a"},"sameAs":["https:\/\/x.com\/https:\/\/twitter.com\/soytoto81"],"url":"https:\/\/sergiolapegue.com\/site\/author\/leonardo\/"}]}},"_links":{"self":[{"href":"https:\/\/sergiolapegue.com\/site\/wp-json\/wp\/v2\/posts\/29746","targetHints":{"allow":["GET"]}}],"collection":[{"href":"https:\/\/sergiolapegue.com\/site\/wp-json\/wp\/v2\/posts"}],"about":[{"href":"https:\/\/sergiolapegue.com\/site\/wp-json\/wp\/v2\/types\/post"}],"author":[{"embeddable":true,"href":"https:\/\/sergiolapegue.com\/site\/wp-json\/wp\/v2\/users\/4"}],"replies":[{"embeddable":true,"href":"https:\/\/sergiolapegue.com\/site\/wp-json\/wp\/v2\/comments?post=29746"}],"version-history":[{"count":1,"href":"https:\/\/sergiolapegue.com\/site\/wp-json\/wp\/v2\/posts\/29746\/revisions"}],"predecessor-version":[{"id":29749,"href":"https:\/\/sergiolapegue.com\/site\/wp-json\/wp\/v2\/posts\/29746\/revisions\/29749"}],"wp:featuredmedia":[{"embeddable":true,"href":"https:\/\/sergiolapegue.com\/site\/wp-json\/wp\/v2\/media\/29748"}],"wp:attachment":[{"href":"https:\/\/sergiolapegue.com\/site\/wp-json\/wp\/v2\/media?parent=29746"}],"wp:term":[{"taxonomy":"category","embeddable":true,"href":"https:\/\/sergiolapegue.com\/site\/wp-json\/wp\/v2\/categories?post=29746"},{"taxonomy":"post_tag","embeddable":true,"href":"https:\/\/sergiolapegue.com\/site\/wp-json\/wp\/v2\/tags?post=29746"}],"curies":[{"name":"wp","href":"https:\/\/api.w.org\/{rel}","templated":true}]}}