{"id":29131,"date":"2026-03-20T09:00:00","date_gmt":"2026-03-20T12:00:00","guid":{"rendered":"https:\/\/sergiolapegue.com\/site\/?p=29131"},"modified":"2026-03-20T00:18:00","modified_gmt":"2026-03-20T03:18:00","slug":"malvinas-legado-de-sangre","status":"publish","type":"post","link":"https:\/\/sergiolapegue.com\/site\/2026\/03\/20\/malvinas-legado-de-sangre\/","title":{"rendered":"\u201cMALVINAS: LEGADO DE SANGRE\u201d"},"content":{"rendered":"\n<p>El pr\u00f3ximo&nbsp;2 de abril a las 18:30 hs se estrenar\u00e1 en el Cine Gaumont&nbsp;\u201cMalvinas: Legado de Sangre\u201d, el documental dirigido por&nbsp;Daniel Ponce&nbsp;y producido por&nbsp;Pablo Yotich. En una fecha profundamente significativa para la memoria colectiva argentina, la pel\u00edcula propone un recorrido conmovedor sobre la identidad, la historia y la transmisi\u00f3n generacional.<\/p>\n\n\n\n<p>A m\u00e1s de cuatro d\u00e9cadas del conflicto b\u00e9lico en las Islas Malvinas, el film se inscribe dentro de una pol\u00edtica de memoria activa impulsada por el Municipio de Merlo, que permite que cada a\u00f1o un grupo de excombatientes regrese a las islas. Esta iniciativa, promovida por el intendente&nbsp;Gustavo Men\u00e9ndez, incorpora adem\u00e1s a hijos y nietos de los veteranos, generando un puente entre generaciones y un compromiso vivo con la historia.<\/p>\n\n\n\n<p>Trailer oficial: <a href=\"https:\/\/www.youtube.com\/watch?v=-WM6aEvuSSs\">MALVINAS LEGADO DE SANGRE (TRAILER)<\/a><\/p>\n\n\n\n<p>El documental acompa\u00f1a este proceso, dando cuenta de una experiencia que trasciende lo simb\u00f3lico: un viaje que permite revisitar el pasado, transmitir vivencias y reafirmar una identidad colectiva sostenida en el tiempo. En ese recorrido, la pel\u00edcula pone en valor la memoria como herramienta fundamental para comprender el presente y proyectar el futuro.<\/p>\n\n\n\n<figure class=\"wp-block-image size-full\"><img loading=\"lazy\" decoding=\"async\" width=\"1000\" height=\"563\" src=\"https:\/\/sergiolapegue.com\/site\/wp-content\/uploads\/2026\/03\/Malvinas-Legado-de-sangre-4.jpg\" alt=\"\" class=\"wp-image-29132\" srcset=\"https:\/\/sergiolapegue.com\/site\/wp-content\/uploads\/2026\/03\/Malvinas-Legado-de-sangre-4.jpg 1000w, https:\/\/sergiolapegue.com\/site\/wp-content\/uploads\/2026\/03\/Malvinas-Legado-de-sangre-4-300x169.jpg 300w, https:\/\/sergiolapegue.com\/site\/wp-content\/uploads\/2026\/03\/Malvinas-Legado-de-sangre-4-768x432.jpg 768w, https:\/\/sergiolapegue.com\/site\/wp-content\/uploads\/2026\/03\/Malvinas-Legado-de-sangre-4-746x420.jpg 746w, https:\/\/sergiolapegue.com\/site\/wp-content\/uploads\/2026\/03\/Malvinas-Legado-de-sangre-4-696x392.jpg 696w\" sizes=\"auto, (max-width: 1000px) 100vw, 1000px\" \/><\/figure>\n\n\n\n<p><strong>SINOPSIS<\/strong><\/p>\n\n\n\n<p>M\u00e1s de cuarenta a\u00f1os despu\u00e9s de la guerra, un grupo de veteranos argentinos regresa a las Islas Malvinas acompa\u00f1ado por sus hijos y nietos. Lo que comienza como un reencuentro con el pasado se transforma en un acto de transmisi\u00f3n: una oportunidad \u00fanica para que nuevas generaciones conozcan la historia a trav\u00e9s del testimonio directo.<\/p>\n\n\n\n<p>A trav\u00e9s de relatos profundamente humanos, el documental reconstruye la experiencia de los soldados entre el recuerdo del horror y la b\u00fasqueda de paz. Con im\u00e1genes in\u00e9ditas \u2014 incluyendo filmaciones nocturnas en el Cementerio de Darwin \u2014 y secuencias de animaci\u00f3n 2D que recrean momentos clave del conflicto, la pel\u00edcula propone un relato sensible sobre la memoria, el sacrificio y la identidad.<\/p>\n\n\n\n<figure class=\"wp-block-image size-full\"><img loading=\"lazy\" decoding=\"async\" width=\"1000\" height=\"667\" src=\"https:\/\/sergiolapegue.com\/site\/wp-content\/uploads\/2026\/03\/Malvinas-Legado-de-sangre-2.png\" alt=\"\" class=\"wp-image-29133\" srcset=\"https:\/\/sergiolapegue.com\/site\/wp-content\/uploads\/2026\/03\/Malvinas-Legado-de-sangre-2.png 1000w, https:\/\/sergiolapegue.com\/site\/wp-content\/uploads\/2026\/03\/Malvinas-Legado-de-sangre-2-300x200.png 300w, https:\/\/sergiolapegue.com\/site\/wp-content\/uploads\/2026\/03\/Malvinas-Legado-de-sangre-2-768x512.png 768w, https:\/\/sergiolapegue.com\/site\/wp-content\/uploads\/2026\/03\/Malvinas-Legado-de-sangre-2-630x420.png 630w, https:\/\/sergiolapegue.com\/site\/wp-content\/uploads\/2026\/03\/Malvinas-Legado-de-sangre-2-696x464.png 696w\" sizes=\"auto, (max-width: 1000px) 100vw, 1000px\" \/><\/figure>\n\n\n\n<p><strong>UNA POL\u00cdTICA DE MEMORIA ACTIVA<\/strong><\/p>\n\n\n\n<p>La pel\u00edcula surge de una iniciativa sostenida en el tiempo por el Municipio de Merlo, que permite a excombatientes volver a las islas acompa\u00f1ados por sus familias. Este proyecto busca fortalecer la transmisi\u00f3n generacional, mantener viva la memoria y reafirmar una convicci\u00f3n que atraviesa generaciones: las Malvinas son argentinas.<\/p>\n\n\n\n<p><strong>#<\/strong> GANADORA DEL GOLDEN GATE INTERNATIONAL FILM FESTIVAL (2025)<\/p>\n\n\n\n<p><strong>#<\/strong> MEJOR FILM DOCUMENTAL \u2013 FESTIVAL DE CINE CON RIESGO (2025)<\/p>\n\n\n\n<p><strong>#<\/strong> MENCI\u00d3N HONOR\u00cdFICA \u2013 ARFF INTERNATIONAL FILM FESTIVAL (2025)<\/p>\n\n\n\n<figure class=\"wp-block-image size-full\"><img loading=\"lazy\" decoding=\"async\" width=\"1000\" height=\"620\" src=\"https:\/\/sergiolapegue.com\/site\/wp-content\/uploads\/2026\/03\/Malvinas-Legado-de-sangre-3.png\" alt=\"\" class=\"wp-image-29134\" srcset=\"https:\/\/sergiolapegue.com\/site\/wp-content\/uploads\/2026\/03\/Malvinas-Legado-de-sangre-3.png 1000w, https:\/\/sergiolapegue.com\/site\/wp-content\/uploads\/2026\/03\/Malvinas-Legado-de-sangre-3-300x186.png 300w, https:\/\/sergiolapegue.com\/site\/wp-content\/uploads\/2026\/03\/Malvinas-Legado-de-sangre-3-768x476.png 768w, https:\/\/sergiolapegue.com\/site\/wp-content\/uploads\/2026\/03\/Malvinas-Legado-de-sangre-3-677x420.png 677w, https:\/\/sergiolapegue.com\/site\/wp-content\/uploads\/2026\/03\/Malvinas-Legado-de-sangre-3-696x432.png 696w\" sizes=\"auto, (max-width: 1000px) 100vw, 1000px\" \/><\/figure>\n\n\n\n<p><strong>FICHA T\u00c9CNICA<\/strong><\/p>\n\n\n\n<p><strong>Direcci\u00f3n:<\/strong>&nbsp;Daniel Ponce<\/p>\n\n\n\n<p><strong>Producci\u00f3n:<\/strong>&nbsp;Federico Picasso Stefani<\/p>\n\n\n\n<p><strong>Productor ejecutivo:<\/strong>&nbsp;Pablo Yotich<\/p>\n\n\n\n<p><strong>Dise\u00f1o de sonido:<\/strong>&nbsp;Federico Rossi \u2013 Alejandro V\u00e1zquez<\/p>\n\n\n\n<p><strong>M\u00fasica original:<\/strong>&nbsp;Federico Rossi \u2013 Alejandro V\u00e1zquez<\/p>\n\n\n\n<p><strong>Post producci\u00f3n de sonido:<\/strong>&nbsp;Hern\u00e1n Cruz Ruiz D\u00edaz<\/p>\n\n\n\n<p><strong>Animaci\u00f3n:<\/strong>&nbsp;Que Rueda<\/p>\n\n\n\n<p><strong>C\u00e1mara:<\/strong>&nbsp;Daniel Ponce \u2013 Francisco Ruiz<\/p>\n\n\n\n<p><strong>Montaje:<\/strong>&nbsp;Daniel Ponce<\/p>\n\n\n\n<p><strong>Color:<\/strong>&nbsp;Gonzalo Romano<\/p>\n\n\n\n<p><strong>Archivo:<\/strong>&nbsp;Ivana Skrenda<\/p>\n\n\n\n<p><strong>Investigaci\u00f3n hist\u00f3rica:<\/strong>&nbsp;H\u00e9ctor Benedetti \u2013 Toto Fija \u2013 Francisco Ruiz<\/p>\n\n\n\n<p><strong>Drone:<\/strong>&nbsp;Daniel Ponce \u2013 Francisco Ruiz<\/p>\n\n\n\n<p><strong>Dise\u00f1o y comunicaci\u00f3n visual:<\/strong>&nbsp;Natalia Men\u00e9ndez y M\u00e1ximo Calabrese<\/p>\n\n\n\n<p><strong>Prensa:&nbsp;<\/strong>Kevin Melgar<\/p>\n\n\n\n<figure class=\"wp-block-image size-full\"><img loading=\"lazy\" decoding=\"async\" width=\"1000\" height=\"742\" src=\"https:\/\/sergiolapegue.com\/site\/wp-content\/uploads\/2026\/03\/Malvinas-Legado-de-sangre-1.jpg\" alt=\"\" class=\"wp-image-29135\" srcset=\"https:\/\/sergiolapegue.com\/site\/wp-content\/uploads\/2026\/03\/Malvinas-Legado-de-sangre-1.jpg 1000w, https:\/\/sergiolapegue.com\/site\/wp-content\/uploads\/2026\/03\/Malvinas-Legado-de-sangre-1-300x223.jpg 300w, https:\/\/sergiolapegue.com\/site\/wp-content\/uploads\/2026\/03\/Malvinas-Legado-de-sangre-1-768x570.jpg 768w, https:\/\/sergiolapegue.com\/site\/wp-content\/uploads\/2026\/03\/Malvinas-Legado-de-sangre-1-566x420.jpg 566w, https:\/\/sergiolapegue.com\/site\/wp-content\/uploads\/2026\/03\/Malvinas-Legado-de-sangre-1-80x60.jpg 80w, https:\/\/sergiolapegue.com\/site\/wp-content\/uploads\/2026\/03\/Malvinas-Legado-de-sangre-1-485x360.jpg 485w, https:\/\/sergiolapegue.com\/site\/wp-content\/uploads\/2026\/03\/Malvinas-Legado-de-sangre-1-696x516.jpg 696w\" sizes=\"auto, (max-width: 1000px) 100vw, 1000px\" \/><\/figure>\n\n\n\n<p><strong>CINE GAUMONT<\/strong><\/p>\n\n\n\n<p>Av. Rivadavia 1635 \u2013 Capital Federal \u2013 Buenos Aires \u2013 Argentina<\/p>\n\n\n\n<p>Tel\u00e9fono: 4371-3050<\/p>\n\n\n\n<p>Funci\u00f3n estreno: Jueves 02 de Abril \u2013 18:30 horas<\/p>\n\n\n\n<p>Gracias Kevin Melgar Prensa por enviarnos la gacetilla de prensa del estreno de este documental.<\/p>\n\n\n\n<p><\/p>\n","protected":false},"excerpt":{"rendered":"<p>El pr\u00f3ximo&nbsp;2 de abril a las 18:30 hs se estrenar\u00e1 en el Cine Gaumont&nbsp;\u201cMalvinas: Legado de Sangre\u201d, el documental dirigido por&nbsp;Daniel Ponce&nbsp;y producido por&nbsp;Pablo Yotich. En una fecha profundamente significativa para la memoria colectiva argentina, la pel\u00edcula propone un recorrido conmovedor sobre la identidad, la historia y la transmisi\u00f3n generacional. A m\u00e1s de cuatro d\u00e9cadas [&hellip;]<\/p>\n","protected":false},"author":3,"featured_media":29136,"comment_status":"open","ping_status":"closed","sticky":false,"template":"","format":"standard","meta":{"footnotes":""},"categories":[34,36],"tags":[],"class_list":{"0":"post-29131","1":"post","2":"type-post","3":"status-publish","4":"format-standard","5":"has-post-thumbnail","7":"category-arte","8":"category-cine"},"yoast_head":"<!-- This site is optimized with the Yoast SEO plugin v27.5 - https:\/\/yoast.com\/product\/yoast-seo-wordpress\/ -->\n<title>\u201cMALVINAS: LEGADO DE SANGRE\u201d - Sergio Lapegue<\/title>\n<meta name=\"robots\" content=\"index, follow, max-snippet:-1, max-image-preview:large, max-video-preview:-1\" \/>\n<link rel=\"canonical\" href=\"https:\/\/sergiolapegue.com\/site\/2026\/03\/20\/malvinas-legado-de-sangre\/\" \/>\n<meta property=\"og:locale\" content=\"es_ES\" \/>\n<meta property=\"og:type\" content=\"article\" \/>\n<meta property=\"og:title\" content=\"\u201cMALVINAS: LEGADO DE SANGRE\u201d - Sergio Lapegue\" \/>\n<meta property=\"og:description\" content=\"El pr\u00f3ximo&nbsp;2 de abril a las 18:30 hs se estrenar\u00e1 en el Cine Gaumont&nbsp;\u201cMalvinas: Legado de Sangre\u201d, el documental dirigido por&nbsp;Daniel Ponce&nbsp;y producido por&nbsp;Pablo Yotich. En una fecha profundamente significativa para la memoria colectiva argentina, la pel\u00edcula propone un recorrido conmovedor sobre la identidad, la historia y la transmisi\u00f3n generacional. A m\u00e1s de cuatro d\u00e9cadas [&hellip;]\" \/>\n<meta property=\"og:url\" content=\"https:\/\/sergiolapegue.com\/site\/2026\/03\/20\/malvinas-legado-de-sangre\/\" \/>\n<meta property=\"og:site_name\" content=\"Sergio Lapegue\" \/>\n<meta property=\"article:publisher\" content=\"https:\/\/facebook.com\/sergiolapegue\" \/>\n<meta property=\"article:author\" content=\"https:\/\/facebook.com\/danielernesto.montana\" \/>\n<meta property=\"article:published_time\" content=\"2026-03-20T12:00:00+00:00\" \/>\n<meta property=\"og:image\" content=\"https:\/\/sergiolapegue.com\/site\/wp-content\/uploads\/2026\/03\/Malvinas-Legado-de-sangre.jpg\" \/>\n\t<meta property=\"og:image:width\" content=\"1000\" \/>\n\t<meta property=\"og:image:height\" content=\"1429\" \/>\n\t<meta property=\"og:image:type\" content=\"image\/jpeg\" \/>\n<meta name=\"author\" content=\"Daniel E. Monta\u00f1a\" \/>\n<meta name=\"twitter:card\" content=\"summary_large_image\" \/>\n<meta name=\"twitter:creator\" content=\"@https:\/\/twitter.com\/daner_004\" \/>\n<meta name=\"twitter:site\" content=\"@sergiolapegue\" \/>\n<meta name=\"twitter:label1\" content=\"Escrito por\" \/>\n\t<meta name=\"twitter:data1\" content=\"Daniel E. Monta\u00f1a\" \/>\n\t<meta name=\"twitter:label2\" content=\"Tiempo de lectura\" \/>\n\t<meta name=\"twitter:data2\" content=\"4 minutos\" \/>\n<script type=\"application\/ld+json\" class=\"yoast-schema-graph\">{\"@context\":\"https:\\\/\\\/schema.org\",\"@graph\":[{\"@type\":\"Article\",\"@id\":\"https:\\\/\\\/sergiolapegue.com\\\/site\\\/2026\\\/03\\\/20\\\/malvinas-legado-de-sangre\\\/#article\",\"isPartOf\":{\"@id\":\"https:\\\/\\\/sergiolapegue.com\\\/site\\\/2026\\\/03\\\/20\\\/malvinas-legado-de-sangre\\\/\"},\"author\":{\"name\":\"Daniel E. Monta\u00f1a\",\"@id\":\"https:\\\/\\\/sergiolapegue.com\\\/site\\\/#\\\/schema\\\/person\\\/9198e7dbab43c6d74d0fd5399af7c3cd\"},\"headline\":\"\u201cMALVINAS: LEGADO DE SANGRE\u201d\",\"datePublished\":\"2026-03-20T12:00:00+00:00\",\"mainEntityOfPage\":{\"@id\":\"https:\\\/\\\/sergiolapegue.com\\\/site\\\/2026\\\/03\\\/20\\\/malvinas-legado-de-sangre\\\/\"},\"wordCount\":561,\"commentCount\":0,\"publisher\":{\"@id\":\"https:\\\/\\\/sergiolapegue.com\\\/site\\\/#\\\/schema\\\/person\\\/083aeceeb0734cd166779ea6c0551a37\"},\"image\":{\"@id\":\"https:\\\/\\\/sergiolapegue.com\\\/site\\\/2026\\\/03\\\/20\\\/malvinas-legado-de-sangre\\\/#primaryimage\"},\"thumbnailUrl\":\"https:\\\/\\\/sergiolapegue.com\\\/site\\\/wp-content\\\/uploads\\\/2026\\\/03\\\/Malvinas-Legado-de-sangre.jpg\",\"articleSection\":[\"Arte\",\"Cine\"],\"inLanguage\":\"es-AR\",\"potentialAction\":[{\"@type\":\"CommentAction\",\"name\":\"Comment\",\"target\":[\"https:\\\/\\\/sergiolapegue.com\\\/site\\\/2026\\\/03\\\/20\\\/malvinas-legado-de-sangre\\\/#respond\"]}]},{\"@type\":\"WebPage\",\"@id\":\"https:\\\/\\\/sergiolapegue.com\\\/site\\\/2026\\\/03\\\/20\\\/malvinas-legado-de-sangre\\\/\",\"url\":\"https:\\\/\\\/sergiolapegue.com\\\/site\\\/2026\\\/03\\\/20\\\/malvinas-legado-de-sangre\\\/\",\"name\":\"\u201cMALVINAS: LEGADO DE SANGRE\u201d - Sergio Lapegue\",\"isPartOf\":{\"@id\":\"https:\\\/\\\/sergiolapegue.com\\\/site\\\/#website\"},\"primaryImageOfPage\":{\"@id\":\"https:\\\/\\\/sergiolapegue.com\\\/site\\\/2026\\\/03\\\/20\\\/malvinas-legado-de-sangre\\\/#primaryimage\"},\"image\":{\"@id\":\"https:\\\/\\\/sergiolapegue.com\\\/site\\\/2026\\\/03\\\/20\\\/malvinas-legado-de-sangre\\\/#primaryimage\"},\"thumbnailUrl\":\"https:\\\/\\\/sergiolapegue.com\\\/site\\\/wp-content\\\/uploads\\\/2026\\\/03\\\/Malvinas-Legado-de-sangre.jpg\",\"datePublished\":\"2026-03-20T12:00:00+00:00\",\"breadcrumb\":{\"@id\":\"https:\\\/\\\/sergiolapegue.com\\\/site\\\/2026\\\/03\\\/20\\\/malvinas-legado-de-sangre\\\/#breadcrumb\"},\"inLanguage\":\"es-AR\",\"potentialAction\":[{\"@type\":\"ReadAction\",\"target\":[\"https:\\\/\\\/sergiolapegue.com\\\/site\\\/2026\\\/03\\\/20\\\/malvinas-legado-de-sangre\\\/\"]}]},{\"@type\":\"ImageObject\",\"inLanguage\":\"es-AR\",\"@id\":\"https:\\\/\\\/sergiolapegue.com\\\/site\\\/2026\\\/03\\\/20\\\/malvinas-legado-de-sangre\\\/#primaryimage\",\"url\":\"https:\\\/\\\/sergiolapegue.com\\\/site\\\/wp-content\\\/uploads\\\/2026\\\/03\\\/Malvinas-Legado-de-sangre.jpg\",\"contentUrl\":\"https:\\\/\\\/sergiolapegue.com\\\/site\\\/wp-content\\\/uploads\\\/2026\\\/03\\\/Malvinas-Legado-de-sangre.jpg\",\"width\":1000,\"height\":1429},{\"@type\":\"BreadcrumbList\",\"@id\":\"https:\\\/\\\/sergiolapegue.com\\\/site\\\/2026\\\/03\\\/20\\\/malvinas-legado-de-sangre\\\/#breadcrumb\",\"itemListElement\":[{\"@type\":\"ListItem\",\"position\":1,\"name\":\"Inicio\",\"item\":\"https:\\\/\\\/sergiolapegue.com\\\/site\\\/\"},{\"@type\":\"ListItem\",\"position\":2,\"name\":\"\u201cMALVINAS: LEGADO DE SANGRE\u201d\"}]},{\"@type\":\"WebSite\",\"@id\":\"https:\\\/\\\/sergiolapegue.com\\\/site\\\/#website\",\"url\":\"https:\\\/\\\/sergiolapegue.com\\\/site\\\/\",\"name\":\"Sergio Lapegue\",\"description\":\"Periodista\",\"publisher\":{\"@id\":\"https:\\\/\\\/sergiolapegue.com\\\/site\\\/#\\\/schema\\\/person\\\/083aeceeb0734cd166779ea6c0551a37\"},\"potentialAction\":[{\"@type\":\"SearchAction\",\"target\":{\"@type\":\"EntryPoint\",\"urlTemplate\":\"https:\\\/\\\/sergiolapegue.com\\\/site\\\/?s={search_term_string}\"},\"query-input\":{\"@type\":\"PropertyValueSpecification\",\"valueRequired\":true,\"valueName\":\"search_term_string\"}}],\"inLanguage\":\"es-AR\"},{\"@type\":[\"Person\",\"Organization\"],\"@id\":\"https:\\\/\\\/sergiolapegue.com\\\/site\\\/#\\\/schema\\\/person\\\/083aeceeb0734cd166779ea6c0551a37\",\"name\":\"Sergio Lapegue\",\"image\":{\"@type\":\"ImageObject\",\"inLanguage\":\"es-AR\",\"@id\":\"https:\\\/\\\/sergiolapegue.com\\\/site\\\/wp-content\\\/uploads\\\/2021\\\/04\\\/logo_header-1.png\",\"url\":\"https:\\\/\\\/sergiolapegue.com\\\/site\\\/wp-content\\\/uploads\\\/2021\\\/04\\\/logo_header-1.png\",\"contentUrl\":\"https:\\\/\\\/sergiolapegue.com\\\/site\\\/wp-content\\\/uploads\\\/2021\\\/04\\\/logo_header-1.png\",\"width\":272,\"height\":90,\"caption\":\"Sergio Lapegue\"},\"logo\":{\"@id\":\"https:\\\/\\\/sergiolapegue.com\\\/site\\\/wp-content\\\/uploads\\\/2021\\\/04\\\/logo_header-1.png\"},\"sameAs\":[\"https:\\\/\\\/facebook.com\\\/sergiolapegue\",\"https:\\\/\\\/instagram.com\\\/sergiolapegue\",\"https:\\\/\\\/x.com\\\/https:\\\/\\\/twitter.com\\\/sergiolapegue\"]},{\"@type\":\"Person\",\"@id\":\"https:\\\/\\\/sergiolapegue.com\\\/site\\\/#\\\/schema\\\/person\\\/9198e7dbab43c6d74d0fd5399af7c3cd\",\"name\":\"Daniel E. Monta\u00f1a\",\"image\":{\"@type\":\"ImageObject\",\"inLanguage\":\"es-AR\",\"@id\":\"https:\\\/\\\/sergiolapegue.com\\\/site\\\/wp-content\\\/uploads\\\/2021\\\/04\\\/sl_avatar_Daniel-150x150.jpg\",\"url\":\"https:\\\/\\\/sergiolapegue.com\\\/site\\\/wp-content\\\/uploads\\\/2021\\\/04\\\/sl_avatar_Daniel-150x150.jpg\",\"contentUrl\":\"https:\\\/\\\/sergiolapegue.com\\\/site\\\/wp-content\\\/uploads\\\/2021\\\/04\\\/sl_avatar_Daniel-150x150.jpg\",\"caption\":\"Daniel E. Monta\u00f1a\"},\"sameAs\":[\"https:\\\/\\\/facebook.com\\\/danielernesto.montana\",\"https:\\\/\\\/instagram.com\\\/daniel_montana1961\",\"https:\\\/\\\/x.com\\\/https:\\\/\\\/twitter.com\\\/daner_004\"],\"url\":\"https:\\\/\\\/sergiolapegue.com\\\/site\\\/author\\\/daniel\\\/\"}]}<\/script>\n<!-- \/ Yoast SEO plugin. -->","yoast_head_json":{"title":"\u201cMALVINAS: LEGADO DE SANGRE\u201d - Sergio Lapegue","robots":{"index":"index","follow":"follow","max-snippet":"max-snippet:-1","max-image-preview":"max-image-preview:large","max-video-preview":"max-video-preview:-1"},"canonical":"https:\/\/sergiolapegue.com\/site\/2026\/03\/20\/malvinas-legado-de-sangre\/","og_locale":"es_ES","og_type":"article","og_title":"\u201cMALVINAS: LEGADO DE SANGRE\u201d - Sergio Lapegue","og_description":"El pr\u00f3ximo&nbsp;2 de abril a las 18:30 hs se estrenar\u00e1 en el Cine Gaumont&nbsp;\u201cMalvinas: Legado de Sangre\u201d, el documental dirigido por&nbsp;Daniel Ponce&nbsp;y producido por&nbsp;Pablo Yotich. En una fecha profundamente significativa para la memoria colectiva argentina, la pel\u00edcula propone un recorrido conmovedor sobre la identidad, la historia y la transmisi\u00f3n generacional. A m\u00e1s de cuatro d\u00e9cadas [&hellip;]","og_url":"https:\/\/sergiolapegue.com\/site\/2026\/03\/20\/malvinas-legado-de-sangre\/","og_site_name":"Sergio Lapegue","article_publisher":"https:\/\/facebook.com\/sergiolapegue","article_author":"https:\/\/facebook.com\/danielernesto.montana","article_published_time":"2026-03-20T12:00:00+00:00","og_image":[{"width":1000,"height":1429,"url":"https:\/\/sergiolapegue.com\/site\/wp-content\/uploads\/2026\/03\/Malvinas-Legado-de-sangre.jpg","type":"image\/jpeg"}],"author":"Daniel E. Monta\u00f1a","twitter_card":"summary_large_image","twitter_creator":"@https:\/\/twitter.com\/daner_004","twitter_site":"@sergiolapegue","twitter_misc":{"Escrito por":"Daniel E. Monta\u00f1a","Tiempo de lectura":"4 minutos"},"schema":{"@context":"https:\/\/schema.org","@graph":[{"@type":"Article","@id":"https:\/\/sergiolapegue.com\/site\/2026\/03\/20\/malvinas-legado-de-sangre\/#article","isPartOf":{"@id":"https:\/\/sergiolapegue.com\/site\/2026\/03\/20\/malvinas-legado-de-sangre\/"},"author":{"name":"Daniel E. Monta\u00f1a","@id":"https:\/\/sergiolapegue.com\/site\/#\/schema\/person\/9198e7dbab43c6d74d0fd5399af7c3cd"},"headline":"\u201cMALVINAS: LEGADO DE SANGRE\u201d","datePublished":"2026-03-20T12:00:00+00:00","mainEntityOfPage":{"@id":"https:\/\/sergiolapegue.com\/site\/2026\/03\/20\/malvinas-legado-de-sangre\/"},"wordCount":561,"commentCount":0,"publisher":{"@id":"https:\/\/sergiolapegue.com\/site\/#\/schema\/person\/083aeceeb0734cd166779ea6c0551a37"},"image":{"@id":"https:\/\/sergiolapegue.com\/site\/2026\/03\/20\/malvinas-legado-de-sangre\/#primaryimage"},"thumbnailUrl":"https:\/\/sergiolapegue.com\/site\/wp-content\/uploads\/2026\/03\/Malvinas-Legado-de-sangre.jpg","articleSection":["Arte","Cine"],"inLanguage":"es-AR","potentialAction":[{"@type":"CommentAction","name":"Comment","target":["https:\/\/sergiolapegue.com\/site\/2026\/03\/20\/malvinas-legado-de-sangre\/#respond"]}]},{"@type":"WebPage","@id":"https:\/\/sergiolapegue.com\/site\/2026\/03\/20\/malvinas-legado-de-sangre\/","url":"https:\/\/sergiolapegue.com\/site\/2026\/03\/20\/malvinas-legado-de-sangre\/","name":"\u201cMALVINAS: LEGADO DE SANGRE\u201d - Sergio Lapegue","isPartOf":{"@id":"https:\/\/sergiolapegue.com\/site\/#website"},"primaryImageOfPage":{"@id":"https:\/\/sergiolapegue.com\/site\/2026\/03\/20\/malvinas-legado-de-sangre\/#primaryimage"},"image":{"@id":"https:\/\/sergiolapegue.com\/site\/2026\/03\/20\/malvinas-legado-de-sangre\/#primaryimage"},"thumbnailUrl":"https:\/\/sergiolapegue.com\/site\/wp-content\/uploads\/2026\/03\/Malvinas-Legado-de-sangre.jpg","datePublished":"2026-03-20T12:00:00+00:00","breadcrumb":{"@id":"https:\/\/sergiolapegue.com\/site\/2026\/03\/20\/malvinas-legado-de-sangre\/#breadcrumb"},"inLanguage":"es-AR","potentialAction":[{"@type":"ReadAction","target":["https:\/\/sergiolapegue.com\/site\/2026\/03\/20\/malvinas-legado-de-sangre\/"]}]},{"@type":"ImageObject","inLanguage":"es-AR","@id":"https:\/\/sergiolapegue.com\/site\/2026\/03\/20\/malvinas-legado-de-sangre\/#primaryimage","url":"https:\/\/sergiolapegue.com\/site\/wp-content\/uploads\/2026\/03\/Malvinas-Legado-de-sangre.jpg","contentUrl":"https:\/\/sergiolapegue.com\/site\/wp-content\/uploads\/2026\/03\/Malvinas-Legado-de-sangre.jpg","width":1000,"height":1429},{"@type":"BreadcrumbList","@id":"https:\/\/sergiolapegue.com\/site\/2026\/03\/20\/malvinas-legado-de-sangre\/#breadcrumb","itemListElement":[{"@type":"ListItem","position":1,"name":"Inicio","item":"https:\/\/sergiolapegue.com\/site\/"},{"@type":"ListItem","position":2,"name":"\u201cMALVINAS: LEGADO DE SANGRE\u201d"}]},{"@type":"WebSite","@id":"https:\/\/sergiolapegue.com\/site\/#website","url":"https:\/\/sergiolapegue.com\/site\/","name":"Sergio Lapegue","description":"Periodista","publisher":{"@id":"https:\/\/sergiolapegue.com\/site\/#\/schema\/person\/083aeceeb0734cd166779ea6c0551a37"},"potentialAction":[{"@type":"SearchAction","target":{"@type":"EntryPoint","urlTemplate":"https:\/\/sergiolapegue.com\/site\/?s={search_term_string}"},"query-input":{"@type":"PropertyValueSpecification","valueRequired":true,"valueName":"search_term_string"}}],"inLanguage":"es-AR"},{"@type":["Person","Organization"],"@id":"https:\/\/sergiolapegue.com\/site\/#\/schema\/person\/083aeceeb0734cd166779ea6c0551a37","name":"Sergio Lapegue","image":{"@type":"ImageObject","inLanguage":"es-AR","@id":"https:\/\/sergiolapegue.com\/site\/wp-content\/uploads\/2021\/04\/logo_header-1.png","url":"https:\/\/sergiolapegue.com\/site\/wp-content\/uploads\/2021\/04\/logo_header-1.png","contentUrl":"https:\/\/sergiolapegue.com\/site\/wp-content\/uploads\/2021\/04\/logo_header-1.png","width":272,"height":90,"caption":"Sergio Lapegue"},"logo":{"@id":"https:\/\/sergiolapegue.com\/site\/wp-content\/uploads\/2021\/04\/logo_header-1.png"},"sameAs":["https:\/\/facebook.com\/sergiolapegue","https:\/\/instagram.com\/sergiolapegue","https:\/\/x.com\/https:\/\/twitter.com\/sergiolapegue"]},{"@type":"Person","@id":"https:\/\/sergiolapegue.com\/site\/#\/schema\/person\/9198e7dbab43c6d74d0fd5399af7c3cd","name":"Daniel E. Monta\u00f1a","image":{"@type":"ImageObject","inLanguage":"es-AR","@id":"https:\/\/sergiolapegue.com\/site\/wp-content\/uploads\/2021\/04\/sl_avatar_Daniel-150x150.jpg","url":"https:\/\/sergiolapegue.com\/site\/wp-content\/uploads\/2021\/04\/sl_avatar_Daniel-150x150.jpg","contentUrl":"https:\/\/sergiolapegue.com\/site\/wp-content\/uploads\/2021\/04\/sl_avatar_Daniel-150x150.jpg","caption":"Daniel E. Monta\u00f1a"},"sameAs":["https:\/\/facebook.com\/danielernesto.montana","https:\/\/instagram.com\/daniel_montana1961","https:\/\/x.com\/https:\/\/twitter.com\/daner_004"],"url":"https:\/\/sergiolapegue.com\/site\/author\/daniel\/"}]}},"_links":{"self":[{"href":"https:\/\/sergiolapegue.com\/site\/wp-json\/wp\/v2\/posts\/29131","targetHints":{"allow":["GET"]}}],"collection":[{"href":"https:\/\/sergiolapegue.com\/site\/wp-json\/wp\/v2\/posts"}],"about":[{"href":"https:\/\/sergiolapegue.com\/site\/wp-json\/wp\/v2\/types\/post"}],"author":[{"embeddable":true,"href":"https:\/\/sergiolapegue.com\/site\/wp-json\/wp\/v2\/users\/3"}],"replies":[{"embeddable":true,"href":"https:\/\/sergiolapegue.com\/site\/wp-json\/wp\/v2\/comments?post=29131"}],"version-history":[{"count":1,"href":"https:\/\/sergiolapegue.com\/site\/wp-json\/wp\/v2\/posts\/29131\/revisions"}],"predecessor-version":[{"id":29137,"href":"https:\/\/sergiolapegue.com\/site\/wp-json\/wp\/v2\/posts\/29131\/revisions\/29137"}],"wp:featuredmedia":[{"embeddable":true,"href":"https:\/\/sergiolapegue.com\/site\/wp-json\/wp\/v2\/media\/29136"}],"wp:attachment":[{"href":"https:\/\/sergiolapegue.com\/site\/wp-json\/wp\/v2\/media?parent=29131"}],"wp:term":[{"taxonomy":"category","embeddable":true,"href":"https:\/\/sergiolapegue.com\/site\/wp-json\/wp\/v2\/categories?post=29131"},{"taxonomy":"post_tag","embeddable":true,"href":"https:\/\/sergiolapegue.com\/site\/wp-json\/wp\/v2\/tags?post=29131"}],"curies":[{"name":"wp","href":"https:\/\/api.w.org\/{rel}","templated":true}]}}