{"id":29093,"date":"2026-05-03T09:00:00","date_gmt":"2026-05-03T12:00:00","guid":{"rendered":"https:\/\/sergiolapegue.com\/site\/?p=29093"},"modified":"2026-05-02T02:29:08","modified_gmt":"2026-05-02T05:29:08","slug":"despeinada-el-musical-regresa-al-multiescena","status":"publish","type":"post","link":"https:\/\/sergiolapegue.com\/site\/2026\/05\/03\/despeinada-el-musical-regresa-al-multiescena\/","title":{"rendered":"\u201cDESPEINADA \u2013 EL MUSICAL\u201d REGRESA AL MULTIESCENA"},"content":{"rendered":"\n<p>De los productores de&nbsp;\u201cLa Historia sin Fin\u201d&nbsp;y&nbsp;\u201cChicas de New York\u201d&nbsp;llega el esperado reestreno de \u201cDespeinada\u201d El Musical,&nbsp;el pr\u00f3ximo 04 de abril,&nbsp;en el&nbsp;Teatro Multiescena CPM. Las funciones ser\u00e1n los s\u00e1bados a las 20:30 horas.<\/p>\n\n\n\n<p>Con un elenco encabezado por&nbsp;Lorena Paola y Beto C\u00e9sar, 20 artistas en escena har\u00e1n que el p\u00fablico no pare de bailar, cantar, re\u00edr y disfrutar de este musical alocado, junto a las canciones de Palito Ortega, Violeta Rivas, Juan y Juan, Donald, Sandro y muchos m\u00e1s.&nbsp;<\/p>\n\n\n\n<p>Con estas inolvidables melod\u00edas que quedaron en el coraz\u00f3n de la gente, \u201cDespeinada, el Musical\u201d les har\u00e1 vivir una noche \u00fanica.<\/p>\n\n\n\n<figure class=\"wp-block-image size-full\"><img loading=\"lazy\" decoding=\"async\" width=\"1000\" height=\"896\" src=\"https:\/\/sergiolapegue.com\/site\/wp-content\/uploads\/2026\/03\/Despeinada-el-musical-1.jpg\" alt=\"\" class=\"wp-image-29094\" srcset=\"https:\/\/sergiolapegue.com\/site\/wp-content\/uploads\/2026\/03\/Despeinada-el-musical-1.jpg 1000w, https:\/\/sergiolapegue.com\/site\/wp-content\/uploads\/2026\/03\/Despeinada-el-musical-1-300x269.jpg 300w, https:\/\/sergiolapegue.com\/site\/wp-content\/uploads\/2026\/03\/Despeinada-el-musical-1-768x688.jpg 768w, https:\/\/sergiolapegue.com\/site\/wp-content\/uploads\/2026\/03\/Despeinada-el-musical-1-469x420.jpg 469w, https:\/\/sergiolapegue.com\/site\/wp-content\/uploads\/2026\/03\/Despeinada-el-musical-1-696x624.jpg 696w\" sizes=\"auto, (max-width: 1000px) 100vw, 1000px\" \/><\/figure>\n\n\n\n<p><strong>SINOPSIS<\/strong><strong><\/strong><\/p>\n\n\n\n<p>Viajamos a los a\u00f1os 60 para despeinarnos de risa en una comedia musical desopilante.&nbsp;Elena, una joven encantadora viaja a Mar del Plata con su novio a llevar una urna con las cenizas de su abuela pero se les queda el auto en medio de la ruta. All\u00ed se cruzan una ladrona y un cura muy especial que usan la urna para guardar una joya muy valiosa. Entre enredos y escenas llenas de humor, los personajes intentar\u00e1n quedarse con la urna, hasta que llegan los padres de Elena.<\/p>\n\n\n\n<p>No vas a parar de bailar, cantar, re\u00edr y disfrutar de este musical alocado y las inolvidables melod\u00edas que quedaron en tu coraz\u00f3n. Van a vivir una noche \u00fanica.<\/p>\n\n\n\n<figure class=\"wp-block-image size-large\"><img loading=\"lazy\" decoding=\"async\" width=\"1024\" height=\"398\" src=\"https:\/\/sergiolapegue.com\/site\/wp-content\/uploads\/2026\/03\/Despeinada-el-musical-2-1024x398.jpg\" alt=\"\" class=\"wp-image-29095\" srcset=\"https:\/\/sergiolapegue.com\/site\/wp-content\/uploads\/2026\/03\/Despeinada-el-musical-2-1024x398.jpg 1024w, https:\/\/sergiolapegue.com\/site\/wp-content\/uploads\/2026\/03\/Despeinada-el-musical-2-300x117.jpg 300w, https:\/\/sergiolapegue.com\/site\/wp-content\/uploads\/2026\/03\/Despeinada-el-musical-2-768x299.jpg 768w, https:\/\/sergiolapegue.com\/site\/wp-content\/uploads\/2026\/03\/Despeinada-el-musical-2-1536x597.jpg 1536w, https:\/\/sergiolapegue.com\/site\/wp-content\/uploads\/2026\/03\/Despeinada-el-musical-2-1081x420.jpg 1081w, https:\/\/sergiolapegue.com\/site\/wp-content\/uploads\/2026\/03\/Despeinada-el-musical-2-696x271.jpg 696w, https:\/\/sergiolapegue.com\/site\/wp-content\/uploads\/2026\/03\/Despeinada-el-musical-2-1068x415.jpg 1068w, https:\/\/sergiolapegue.com\/site\/wp-content\/uploads\/2026\/03\/Despeinada-el-musical-2.jpg 1891w\" sizes=\"auto, (max-width: 1024px) 100vw, 1024px\" \/><\/figure>\n\n\n\n<p><strong>FICHA T\u00c9CNICO ART\u00cdSTICA<\/strong><\/p>\n\n\n\n<p><strong>Libro:<\/strong> Hern\u00e1n Bonsergent<\/p>\n\n\n\n<p><strong>Elenco (por orden alfab\u00e9tico):<\/strong> Antonela Schimpf \u2013 Beto C\u00e9sar \u2013 Camila Carnevale \u2013 Camila Cobo \u2013 Diego Ovejero \u2013 Eleni Clavijo \u2013 Fiorella Elmo \u2013 Flor Pupi Cella \u2013 Guillermina Gesualdi \u2013 Isa\u00edas Marcco \u2013 Lorena Paola \u2013 Mar Nu\u00f1ez \u2013 Marcelo de Paula \u2013 Marcelo Dur\u00e1n \u2013 Valentina Carabelli<\/p>\n\n\n\n<p><strong>Coreograf\u00edas de Tap:<\/strong>&nbsp;Noli Rodr\u00edguez&nbsp;<\/p>\n\n\n\n<p><strong>Asistente de Coreograf\u00eda:<\/strong> Eleni Clavijo&nbsp;<\/p>\n\n\n\n<p><strong>Direcci\u00f3n de Coreograf\u00edas:<\/strong>&nbsp;Rodrigo Villani&nbsp;<\/p>\n\n\n\n<p><strong>Arreglos Vocales, Coros y Direcci\u00f3n Vocal:<\/strong>&nbsp;Marcelo de Paula<\/p>\n\n\n\n<p><strong>Dise\u00f1o de Vestuario:<\/strong>&nbsp;Alfredo Miranda&nbsp;<\/p>\n\n\n\n<p><strong>Realizaci\u00f3n de Vestuario:<\/strong>&nbsp;Marta Di\u00e9guez &#8211; Mar\u00eda Anad\u00f3n<\/p>\n\n\n\n<p><strong>Realizaci\u00f3n de Calzados:<\/strong>&nbsp;Ariel Gim\u00e9nez&nbsp;<\/p>\n\n\n\n<p><strong>Pelucas y Peinados:<\/strong>&nbsp;Fabi\u00e1n Sigona<\/p>\n\n\n\n<p><strong>Dise\u00f1o de Iluminaci\u00f3n:<\/strong>&nbsp;Rodrigo Villani&nbsp;<\/p>\n\n\n\n<p><strong>Dise\u00f1o Gr\u00e1fico y Redes Sociales:<\/strong>&nbsp;MADE Studio<\/p>\n\n\n\n<p><strong>Prensa:<\/strong> BMZ Comunicaciones<\/p>\n\n\n\n<p><strong>Puesta en Escena:<\/strong>&nbsp;Rodrigo Villani&nbsp;<\/p>\n\n\n\n<p><strong>Asistente de Direcci\u00f3n:<\/strong>&nbsp;Ximena Andreani \u2013 Magui Novoa \u2013 Haydee Codon<\/p>\n\n\n\n<p><strong>Asistente de Producci\u00f3n:<\/strong>&nbsp;Ximena Andreani \u2013 Magui Novoa \u2013 Haydee Codon<\/p>\n\n\n\n<p><strong>Asistente General:<\/strong>&nbsp;Sebasti\u00e1n Castillo \u2013 Esteban Bagnato<\/p>\n\n\n\n<p><strong>Producci\u00f3n General:<\/strong>&nbsp;Ariel Ciocco<\/p>\n\n\n\n<p><strong>Direcci\u00f3n General:<\/strong>&nbsp;Hern\u00e1n Bonsergent &#8211; Ariel Ciocco &#8211; Rodrigo Villani&nbsp;<\/p>\n\n\n\n<p><strong>Instagram:<\/strong>&nbsp;<a href=\"https:\/\/91599.clicks.dattanet.com\/track\/click?u=4062004&amp;p=39313539393a313031363a3930373a303a31353a30&amp;s=7529f720e6242862867279cd0dd8e928&amp;m=30218\" target=\"_blank\" rel=\"noreferrer noopener\">@despeinadaelmusical<\/a><\/p>\n\n\n\n<p><strong>Duraci\u00f3n:<\/strong> 90 minutos<\/p>\n\n\n\n<p><strong>Clasificaci\u00f3n:<\/strong> Teatro \u2013 Presencial \u2013 Apto todo P\u00fablico \u2013 Musical \u2013 Comedia Musical &nbsp;<\/p>\n\n\n\n<figure class=\"wp-block-image size-large\"><img loading=\"lazy\" decoding=\"async\" width=\"871\" height=\"1024\" src=\"https:\/\/sergiolapegue.com\/site\/wp-content\/uploads\/2026\/03\/Despeinada-el-musical-3-871x1024.jpg\" alt=\"\" class=\"wp-image-29096\" srcset=\"https:\/\/sergiolapegue.com\/site\/wp-content\/uploads\/2026\/03\/Despeinada-el-musical-3-871x1024.jpg 871w, https:\/\/sergiolapegue.com\/site\/wp-content\/uploads\/2026\/03\/Despeinada-el-musical-3-255x300.jpg 255w, https:\/\/sergiolapegue.com\/site\/wp-content\/uploads\/2026\/03\/Despeinada-el-musical-3-768x903.jpg 768w, https:\/\/sergiolapegue.com\/site\/wp-content\/uploads\/2026\/03\/Despeinada-el-musical-3-357x420.jpg 357w, https:\/\/sergiolapegue.com\/site\/wp-content\/uploads\/2026\/03\/Despeinada-el-musical-3-696x818.jpg 696w, https:\/\/sergiolapegue.com\/site\/wp-content\/uploads\/2026\/03\/Despeinada-el-musical-3.jpg 1000w\" sizes=\"auto, (max-width: 871px) 100vw, 871px\" \/><\/figure>\n\n\n\n<p><strong>TEATRO MULTIESCENA CPM <\/strong><strong><\/strong><\/p>\n\n\n\n<p>Av. Corrientes 1764 \u2013 Capital Federal \u2013 Buenos Aires \u2013 Argentina<\/p>\n\n\n\n<p>Tel\u00e9fono: 5235-3643<\/p>\n\n\n\n<p>Entradas: Desde $ 25.000 hasta $ 50.000 \u2013 en boleter\u00eda del teatro o por Plateanet \u2013 Link: <a href=\"https:\/\/www.plateanet.com\/obra\/33911?obra=DESPEINADA%20.&amp;paso=inicio&amp;utm_source=email_marketing&amp;utm_admin=91599&amp;utm_medium=email&amp;utm_campaign=LORENA_PAOLA_Y_BETO_CESAR_EN_DESPEINADA_EL_MUSICAL_DESDE_EL_DE_ABRIL_EN_EL_MULTIESCENA\">DESPEINADA . &#8211; Plateanet<\/a><\/p>\n\n\n\n<p>Funciones: S\u00e1bados 20:30 horas \u2013 Desde el 04\/04\/2026<\/p>\n\n\n\n<p>Gracias Marcelo Boccia de BMZ Comunicaciones por hacernos llegar la gacetilla de prensa del reestreno de este excelente musical.<\/p>\n\n\n\n<p><\/p>\n","protected":false},"excerpt":{"rendered":"<p>De los productores de&nbsp;\u201cLa Historia sin Fin\u201d&nbsp;y&nbsp;\u201cChicas de New York\u201d&nbsp;llega el esperado reestreno de \u201cDespeinada\u201d El Musical,&nbsp;el pr\u00f3ximo 04 de abril,&nbsp;en el&nbsp;Teatro Multiescena CPM. Las funciones ser\u00e1n los s\u00e1bados a las 20:30 horas. Con un elenco encabezado por&nbsp;Lorena Paola y Beto C\u00e9sar, 20 artistas en escena har\u00e1n que el p\u00fablico no pare de bailar, cantar, [&hellip;]<\/p>\n","protected":false},"author":3,"featured_media":29097,"comment_status":"open","ping_status":"closed","sticky":false,"template":"","format":"standard","meta":{"footnotes":""},"categories":[34,35],"tags":[],"class_list":{"0":"post-29093","1":"post","2":"type-post","3":"status-publish","4":"format-standard","5":"has-post-thumbnail","7":"category-arte","8":"category-teatro"},"yoast_head":"<!-- This site is optimized with the Yoast SEO plugin v27.5 - https:\/\/yoast.com\/product\/yoast-seo-wordpress\/ -->\n<title>\u201cDESPEINADA \u2013 EL MUSICAL\u201d REGRESA AL MULTIESCENA - Sergio Lapegue<\/title>\n<meta name=\"robots\" content=\"index, follow, max-snippet:-1, max-image-preview:large, max-video-preview:-1\" \/>\n<link rel=\"canonical\" href=\"https:\/\/sergiolapegue.com\/site\/2026\/05\/03\/despeinada-el-musical-regresa-al-multiescena\/\" \/>\n<meta property=\"og:locale\" content=\"es_ES\" \/>\n<meta property=\"og:type\" content=\"article\" \/>\n<meta property=\"og:title\" content=\"\u201cDESPEINADA \u2013 EL MUSICAL\u201d REGRESA AL MULTIESCENA - Sergio Lapegue\" \/>\n<meta property=\"og:description\" content=\"De los productores de&nbsp;\u201cLa Historia sin Fin\u201d&nbsp;y&nbsp;\u201cChicas de New York\u201d&nbsp;llega el esperado reestreno de \u201cDespeinada\u201d El Musical,&nbsp;el pr\u00f3ximo 04 de abril,&nbsp;en el&nbsp;Teatro Multiescena CPM. Las funciones ser\u00e1n los s\u00e1bados a las 20:30 horas. Con un elenco encabezado por&nbsp;Lorena Paola y Beto C\u00e9sar, 20 artistas en escena har\u00e1n que el p\u00fablico no pare de bailar, cantar, [&hellip;]\" \/>\n<meta property=\"og:url\" content=\"https:\/\/sergiolapegue.com\/site\/2026\/05\/03\/despeinada-el-musical-regresa-al-multiescena\/\" \/>\n<meta property=\"og:site_name\" content=\"Sergio Lapegue\" \/>\n<meta property=\"article:publisher\" content=\"https:\/\/facebook.com\/sergiolapegue\" \/>\n<meta property=\"article:author\" content=\"https:\/\/facebook.com\/danielernesto.montana\" \/>\n<meta property=\"article:published_time\" content=\"2026-05-03T12:00:00+00:00\" \/>\n<meta property=\"og:image\" content=\"https:\/\/sergiolapegue.com\/site\/wp-content\/uploads\/2026\/03\/Despeinada-el-musical.jpg\" \/>\n\t<meta property=\"og:image:width\" content=\"1200\" \/>\n\t<meta property=\"og:image:height\" content=\"628\" \/>\n\t<meta property=\"og:image:type\" content=\"image\/jpeg\" \/>\n<meta name=\"author\" content=\"Daniel E. Monta\u00f1a\" \/>\n<meta name=\"twitter:card\" content=\"summary_large_image\" \/>\n<meta name=\"twitter:creator\" content=\"@https:\/\/twitter.com\/daner_004\" \/>\n<meta name=\"twitter:site\" content=\"@sergiolapegue\" \/>\n<meta name=\"twitter:label1\" content=\"Escrito por\" \/>\n\t<meta name=\"twitter:data1\" content=\"Daniel E. Monta\u00f1a\" \/>\n\t<meta name=\"twitter:label2\" content=\"Tiempo de lectura\" \/>\n\t<meta name=\"twitter:data2\" content=\"3 minutos\" \/>\n<script type=\"application\/ld+json\" class=\"yoast-schema-graph\">{\"@context\":\"https:\\\/\\\/schema.org\",\"@graph\":[{\"@type\":\"Article\",\"@id\":\"https:\\\/\\\/sergiolapegue.com\\\/site\\\/2026\\\/05\\\/03\\\/despeinada-el-musical-regresa-al-multiescena\\\/#article\",\"isPartOf\":{\"@id\":\"https:\\\/\\\/sergiolapegue.com\\\/site\\\/2026\\\/05\\\/03\\\/despeinada-el-musical-regresa-al-multiescena\\\/\"},\"author\":{\"name\":\"Daniel E. Monta\u00f1a\",\"@id\":\"https:\\\/\\\/sergiolapegue.com\\\/site\\\/#\\\/schema\\\/person\\\/9198e7dbab43c6d74d0fd5399af7c3cd\"},\"headline\":\"\u201cDESPEINADA \u2013 EL MUSICAL\u201d REGRESA AL MULTIESCENA\",\"datePublished\":\"2026-05-03T12:00:00+00:00\",\"mainEntityOfPage\":{\"@id\":\"https:\\\/\\\/sergiolapegue.com\\\/site\\\/2026\\\/05\\\/03\\\/despeinada-el-musical-regresa-al-multiescena\\\/\"},\"wordCount\":526,\"commentCount\":0,\"publisher\":{\"@id\":\"https:\\\/\\\/sergiolapegue.com\\\/site\\\/#\\\/schema\\\/person\\\/083aeceeb0734cd166779ea6c0551a37\"},\"image\":{\"@id\":\"https:\\\/\\\/sergiolapegue.com\\\/site\\\/2026\\\/05\\\/03\\\/despeinada-el-musical-regresa-al-multiescena\\\/#primaryimage\"},\"thumbnailUrl\":\"https:\\\/\\\/sergiolapegue.com\\\/site\\\/wp-content\\\/uploads\\\/2026\\\/03\\\/Despeinada-el-musical.jpg\",\"articleSection\":[\"Arte\",\"Teatro\"],\"inLanguage\":\"es-AR\",\"potentialAction\":[{\"@type\":\"CommentAction\",\"name\":\"Comment\",\"target\":[\"https:\\\/\\\/sergiolapegue.com\\\/site\\\/2026\\\/05\\\/03\\\/despeinada-el-musical-regresa-al-multiescena\\\/#respond\"]}]},{\"@type\":\"WebPage\",\"@id\":\"https:\\\/\\\/sergiolapegue.com\\\/site\\\/2026\\\/05\\\/03\\\/despeinada-el-musical-regresa-al-multiescena\\\/\",\"url\":\"https:\\\/\\\/sergiolapegue.com\\\/site\\\/2026\\\/05\\\/03\\\/despeinada-el-musical-regresa-al-multiescena\\\/\",\"name\":\"\u201cDESPEINADA \u2013 EL MUSICAL\u201d REGRESA AL MULTIESCENA - Sergio Lapegue\",\"isPartOf\":{\"@id\":\"https:\\\/\\\/sergiolapegue.com\\\/site\\\/#website\"},\"primaryImageOfPage\":{\"@id\":\"https:\\\/\\\/sergiolapegue.com\\\/site\\\/2026\\\/05\\\/03\\\/despeinada-el-musical-regresa-al-multiescena\\\/#primaryimage\"},\"image\":{\"@id\":\"https:\\\/\\\/sergiolapegue.com\\\/site\\\/2026\\\/05\\\/03\\\/despeinada-el-musical-regresa-al-multiescena\\\/#primaryimage\"},\"thumbnailUrl\":\"https:\\\/\\\/sergiolapegue.com\\\/site\\\/wp-content\\\/uploads\\\/2026\\\/03\\\/Despeinada-el-musical.jpg\",\"datePublished\":\"2026-05-03T12:00:00+00:00\",\"breadcrumb\":{\"@id\":\"https:\\\/\\\/sergiolapegue.com\\\/site\\\/2026\\\/05\\\/03\\\/despeinada-el-musical-regresa-al-multiescena\\\/#breadcrumb\"},\"inLanguage\":\"es-AR\",\"potentialAction\":[{\"@type\":\"ReadAction\",\"target\":[\"https:\\\/\\\/sergiolapegue.com\\\/site\\\/2026\\\/05\\\/03\\\/despeinada-el-musical-regresa-al-multiescena\\\/\"]}]},{\"@type\":\"ImageObject\",\"inLanguage\":\"es-AR\",\"@id\":\"https:\\\/\\\/sergiolapegue.com\\\/site\\\/2026\\\/05\\\/03\\\/despeinada-el-musical-regresa-al-multiescena\\\/#primaryimage\",\"url\":\"https:\\\/\\\/sergiolapegue.com\\\/site\\\/wp-content\\\/uploads\\\/2026\\\/03\\\/Despeinada-el-musical.jpg\",\"contentUrl\":\"https:\\\/\\\/sergiolapegue.com\\\/site\\\/wp-content\\\/uploads\\\/2026\\\/03\\\/Despeinada-el-musical.jpg\",\"width\":1200,\"height\":628},{\"@type\":\"BreadcrumbList\",\"@id\":\"https:\\\/\\\/sergiolapegue.com\\\/site\\\/2026\\\/05\\\/03\\\/despeinada-el-musical-regresa-al-multiescena\\\/#breadcrumb\",\"itemListElement\":[{\"@type\":\"ListItem\",\"position\":1,\"name\":\"Inicio\",\"item\":\"https:\\\/\\\/sergiolapegue.com\\\/site\\\/\"},{\"@type\":\"ListItem\",\"position\":2,\"name\":\"\u201cDESPEINADA \u2013 EL MUSICAL\u201d REGRESA AL MULTIESCENA\"}]},{\"@type\":\"WebSite\",\"@id\":\"https:\\\/\\\/sergiolapegue.com\\\/site\\\/#website\",\"url\":\"https:\\\/\\\/sergiolapegue.com\\\/site\\\/\",\"name\":\"Sergio Lapegue\",\"description\":\"Periodista\",\"publisher\":{\"@id\":\"https:\\\/\\\/sergiolapegue.com\\\/site\\\/#\\\/schema\\\/person\\\/083aeceeb0734cd166779ea6c0551a37\"},\"potentialAction\":[{\"@type\":\"SearchAction\",\"target\":{\"@type\":\"EntryPoint\",\"urlTemplate\":\"https:\\\/\\\/sergiolapegue.com\\\/site\\\/?s={search_term_string}\"},\"query-input\":{\"@type\":\"PropertyValueSpecification\",\"valueRequired\":true,\"valueName\":\"search_term_string\"}}],\"inLanguage\":\"es-AR\"},{\"@type\":[\"Person\",\"Organization\"],\"@id\":\"https:\\\/\\\/sergiolapegue.com\\\/site\\\/#\\\/schema\\\/person\\\/083aeceeb0734cd166779ea6c0551a37\",\"name\":\"Sergio Lapegue\",\"image\":{\"@type\":\"ImageObject\",\"inLanguage\":\"es-AR\",\"@id\":\"https:\\\/\\\/sergiolapegue.com\\\/site\\\/wp-content\\\/uploads\\\/2021\\\/04\\\/logo_header-1.png\",\"url\":\"https:\\\/\\\/sergiolapegue.com\\\/site\\\/wp-content\\\/uploads\\\/2021\\\/04\\\/logo_header-1.png\",\"contentUrl\":\"https:\\\/\\\/sergiolapegue.com\\\/site\\\/wp-content\\\/uploads\\\/2021\\\/04\\\/logo_header-1.png\",\"width\":272,\"height\":90,\"caption\":\"Sergio Lapegue\"},\"logo\":{\"@id\":\"https:\\\/\\\/sergiolapegue.com\\\/site\\\/wp-content\\\/uploads\\\/2021\\\/04\\\/logo_header-1.png\"},\"sameAs\":[\"https:\\\/\\\/facebook.com\\\/sergiolapegue\",\"https:\\\/\\\/instagram.com\\\/sergiolapegue\",\"https:\\\/\\\/x.com\\\/https:\\\/\\\/twitter.com\\\/sergiolapegue\"]},{\"@type\":\"Person\",\"@id\":\"https:\\\/\\\/sergiolapegue.com\\\/site\\\/#\\\/schema\\\/person\\\/9198e7dbab43c6d74d0fd5399af7c3cd\",\"name\":\"Daniel E. Monta\u00f1a\",\"image\":{\"@type\":\"ImageObject\",\"inLanguage\":\"es-AR\",\"@id\":\"https:\\\/\\\/sergiolapegue.com\\\/site\\\/wp-content\\\/uploads\\\/2021\\\/04\\\/sl_avatar_Daniel-150x150.jpg\",\"url\":\"https:\\\/\\\/sergiolapegue.com\\\/site\\\/wp-content\\\/uploads\\\/2021\\\/04\\\/sl_avatar_Daniel-150x150.jpg\",\"contentUrl\":\"https:\\\/\\\/sergiolapegue.com\\\/site\\\/wp-content\\\/uploads\\\/2021\\\/04\\\/sl_avatar_Daniel-150x150.jpg\",\"caption\":\"Daniel E. Monta\u00f1a\"},\"sameAs\":[\"https:\\\/\\\/facebook.com\\\/danielernesto.montana\",\"https:\\\/\\\/instagram.com\\\/daniel_montana1961\",\"https:\\\/\\\/x.com\\\/https:\\\/\\\/twitter.com\\\/daner_004\"],\"url\":\"https:\\\/\\\/sergiolapegue.com\\\/site\\\/author\\\/daniel\\\/\"}]}<\/script>\n<!-- \/ Yoast SEO plugin. -->","yoast_head_json":{"title":"\u201cDESPEINADA \u2013 EL MUSICAL\u201d REGRESA AL MULTIESCENA - Sergio Lapegue","robots":{"index":"index","follow":"follow","max-snippet":"max-snippet:-1","max-image-preview":"max-image-preview:large","max-video-preview":"max-video-preview:-1"},"canonical":"https:\/\/sergiolapegue.com\/site\/2026\/05\/03\/despeinada-el-musical-regresa-al-multiescena\/","og_locale":"es_ES","og_type":"article","og_title":"\u201cDESPEINADA \u2013 EL MUSICAL\u201d REGRESA AL MULTIESCENA - Sergio Lapegue","og_description":"De los productores de&nbsp;\u201cLa Historia sin Fin\u201d&nbsp;y&nbsp;\u201cChicas de New York\u201d&nbsp;llega el esperado reestreno de \u201cDespeinada\u201d El Musical,&nbsp;el pr\u00f3ximo 04 de abril,&nbsp;en el&nbsp;Teatro Multiescena CPM. Las funciones ser\u00e1n los s\u00e1bados a las 20:30 horas. Con un elenco encabezado por&nbsp;Lorena Paola y Beto C\u00e9sar, 20 artistas en escena har\u00e1n que el p\u00fablico no pare de bailar, cantar, [&hellip;]","og_url":"https:\/\/sergiolapegue.com\/site\/2026\/05\/03\/despeinada-el-musical-regresa-al-multiescena\/","og_site_name":"Sergio Lapegue","article_publisher":"https:\/\/facebook.com\/sergiolapegue","article_author":"https:\/\/facebook.com\/danielernesto.montana","article_published_time":"2026-05-03T12:00:00+00:00","og_image":[{"width":1200,"height":628,"url":"https:\/\/sergiolapegue.com\/site\/wp-content\/uploads\/2026\/03\/Despeinada-el-musical.jpg","type":"image\/jpeg"}],"author":"Daniel E. Monta\u00f1a","twitter_card":"summary_large_image","twitter_creator":"@https:\/\/twitter.com\/daner_004","twitter_site":"@sergiolapegue","twitter_misc":{"Escrito por":"Daniel E. Monta\u00f1a","Tiempo de lectura":"3 minutos"},"schema":{"@context":"https:\/\/schema.org","@graph":[{"@type":"Article","@id":"https:\/\/sergiolapegue.com\/site\/2026\/05\/03\/despeinada-el-musical-regresa-al-multiescena\/#article","isPartOf":{"@id":"https:\/\/sergiolapegue.com\/site\/2026\/05\/03\/despeinada-el-musical-regresa-al-multiescena\/"},"author":{"name":"Daniel E. Monta\u00f1a","@id":"https:\/\/sergiolapegue.com\/site\/#\/schema\/person\/9198e7dbab43c6d74d0fd5399af7c3cd"},"headline":"\u201cDESPEINADA \u2013 EL MUSICAL\u201d REGRESA AL MULTIESCENA","datePublished":"2026-05-03T12:00:00+00:00","mainEntityOfPage":{"@id":"https:\/\/sergiolapegue.com\/site\/2026\/05\/03\/despeinada-el-musical-regresa-al-multiescena\/"},"wordCount":526,"commentCount":0,"publisher":{"@id":"https:\/\/sergiolapegue.com\/site\/#\/schema\/person\/083aeceeb0734cd166779ea6c0551a37"},"image":{"@id":"https:\/\/sergiolapegue.com\/site\/2026\/05\/03\/despeinada-el-musical-regresa-al-multiescena\/#primaryimage"},"thumbnailUrl":"https:\/\/sergiolapegue.com\/site\/wp-content\/uploads\/2026\/03\/Despeinada-el-musical.jpg","articleSection":["Arte","Teatro"],"inLanguage":"es-AR","potentialAction":[{"@type":"CommentAction","name":"Comment","target":["https:\/\/sergiolapegue.com\/site\/2026\/05\/03\/despeinada-el-musical-regresa-al-multiescena\/#respond"]}]},{"@type":"WebPage","@id":"https:\/\/sergiolapegue.com\/site\/2026\/05\/03\/despeinada-el-musical-regresa-al-multiescena\/","url":"https:\/\/sergiolapegue.com\/site\/2026\/05\/03\/despeinada-el-musical-regresa-al-multiescena\/","name":"\u201cDESPEINADA \u2013 EL MUSICAL\u201d REGRESA AL MULTIESCENA - Sergio Lapegue","isPartOf":{"@id":"https:\/\/sergiolapegue.com\/site\/#website"},"primaryImageOfPage":{"@id":"https:\/\/sergiolapegue.com\/site\/2026\/05\/03\/despeinada-el-musical-regresa-al-multiescena\/#primaryimage"},"image":{"@id":"https:\/\/sergiolapegue.com\/site\/2026\/05\/03\/despeinada-el-musical-regresa-al-multiescena\/#primaryimage"},"thumbnailUrl":"https:\/\/sergiolapegue.com\/site\/wp-content\/uploads\/2026\/03\/Despeinada-el-musical.jpg","datePublished":"2026-05-03T12:00:00+00:00","breadcrumb":{"@id":"https:\/\/sergiolapegue.com\/site\/2026\/05\/03\/despeinada-el-musical-regresa-al-multiescena\/#breadcrumb"},"inLanguage":"es-AR","potentialAction":[{"@type":"ReadAction","target":["https:\/\/sergiolapegue.com\/site\/2026\/05\/03\/despeinada-el-musical-regresa-al-multiescena\/"]}]},{"@type":"ImageObject","inLanguage":"es-AR","@id":"https:\/\/sergiolapegue.com\/site\/2026\/05\/03\/despeinada-el-musical-regresa-al-multiescena\/#primaryimage","url":"https:\/\/sergiolapegue.com\/site\/wp-content\/uploads\/2026\/03\/Despeinada-el-musical.jpg","contentUrl":"https:\/\/sergiolapegue.com\/site\/wp-content\/uploads\/2026\/03\/Despeinada-el-musical.jpg","width":1200,"height":628},{"@type":"BreadcrumbList","@id":"https:\/\/sergiolapegue.com\/site\/2026\/05\/03\/despeinada-el-musical-regresa-al-multiescena\/#breadcrumb","itemListElement":[{"@type":"ListItem","position":1,"name":"Inicio","item":"https:\/\/sergiolapegue.com\/site\/"},{"@type":"ListItem","position":2,"name":"\u201cDESPEINADA \u2013 EL MUSICAL\u201d REGRESA AL MULTIESCENA"}]},{"@type":"WebSite","@id":"https:\/\/sergiolapegue.com\/site\/#website","url":"https:\/\/sergiolapegue.com\/site\/","name":"Sergio Lapegue","description":"Periodista","publisher":{"@id":"https:\/\/sergiolapegue.com\/site\/#\/schema\/person\/083aeceeb0734cd166779ea6c0551a37"},"potentialAction":[{"@type":"SearchAction","target":{"@type":"EntryPoint","urlTemplate":"https:\/\/sergiolapegue.com\/site\/?s={search_term_string}"},"query-input":{"@type":"PropertyValueSpecification","valueRequired":true,"valueName":"search_term_string"}}],"inLanguage":"es-AR"},{"@type":["Person","Organization"],"@id":"https:\/\/sergiolapegue.com\/site\/#\/schema\/person\/083aeceeb0734cd166779ea6c0551a37","name":"Sergio Lapegue","image":{"@type":"ImageObject","inLanguage":"es-AR","@id":"https:\/\/sergiolapegue.com\/site\/wp-content\/uploads\/2021\/04\/logo_header-1.png","url":"https:\/\/sergiolapegue.com\/site\/wp-content\/uploads\/2021\/04\/logo_header-1.png","contentUrl":"https:\/\/sergiolapegue.com\/site\/wp-content\/uploads\/2021\/04\/logo_header-1.png","width":272,"height":90,"caption":"Sergio Lapegue"},"logo":{"@id":"https:\/\/sergiolapegue.com\/site\/wp-content\/uploads\/2021\/04\/logo_header-1.png"},"sameAs":["https:\/\/facebook.com\/sergiolapegue","https:\/\/instagram.com\/sergiolapegue","https:\/\/x.com\/https:\/\/twitter.com\/sergiolapegue"]},{"@type":"Person","@id":"https:\/\/sergiolapegue.com\/site\/#\/schema\/person\/9198e7dbab43c6d74d0fd5399af7c3cd","name":"Daniel E. Monta\u00f1a","image":{"@type":"ImageObject","inLanguage":"es-AR","@id":"https:\/\/sergiolapegue.com\/site\/wp-content\/uploads\/2021\/04\/sl_avatar_Daniel-150x150.jpg","url":"https:\/\/sergiolapegue.com\/site\/wp-content\/uploads\/2021\/04\/sl_avatar_Daniel-150x150.jpg","contentUrl":"https:\/\/sergiolapegue.com\/site\/wp-content\/uploads\/2021\/04\/sl_avatar_Daniel-150x150.jpg","caption":"Daniel E. Monta\u00f1a"},"sameAs":["https:\/\/facebook.com\/danielernesto.montana","https:\/\/instagram.com\/daniel_montana1961","https:\/\/x.com\/https:\/\/twitter.com\/daner_004"],"url":"https:\/\/sergiolapegue.com\/site\/author\/daniel\/"}]}},"_links":{"self":[{"href":"https:\/\/sergiolapegue.com\/site\/wp-json\/wp\/v2\/posts\/29093","targetHints":{"allow":["GET"]}}],"collection":[{"href":"https:\/\/sergiolapegue.com\/site\/wp-json\/wp\/v2\/posts"}],"about":[{"href":"https:\/\/sergiolapegue.com\/site\/wp-json\/wp\/v2\/types\/post"}],"author":[{"embeddable":true,"href":"https:\/\/sergiolapegue.com\/site\/wp-json\/wp\/v2\/users\/3"}],"replies":[{"embeddable":true,"href":"https:\/\/sergiolapegue.com\/site\/wp-json\/wp\/v2\/comments?post=29093"}],"version-history":[{"count":1,"href":"https:\/\/sergiolapegue.com\/site\/wp-json\/wp\/v2\/posts\/29093\/revisions"}],"predecessor-version":[{"id":29098,"href":"https:\/\/sergiolapegue.com\/site\/wp-json\/wp\/v2\/posts\/29093\/revisions\/29098"}],"wp:featuredmedia":[{"embeddable":true,"href":"https:\/\/sergiolapegue.com\/site\/wp-json\/wp\/v2\/media\/29097"}],"wp:attachment":[{"href":"https:\/\/sergiolapegue.com\/site\/wp-json\/wp\/v2\/media?parent=29093"}],"wp:term":[{"taxonomy":"category","embeddable":true,"href":"https:\/\/sergiolapegue.com\/site\/wp-json\/wp\/v2\/categories?post=29093"},{"taxonomy":"post_tag","embeddable":true,"href":"https:\/\/sergiolapegue.com\/site\/wp-json\/wp\/v2\/tags?post=29093"}],"curies":[{"name":"wp","href":"https:\/\/api.w.org\/{rel}","templated":true}]}}