{"id":28999,"date":"2026-03-14T17:00:00","date_gmt":"2026-03-14T20:00:00","guid":{"rendered":"https:\/\/sergiolapegue.com\/site\/?p=28999"},"modified":"2026-03-14T01:18:01","modified_gmt":"2026-03-14T04:18:01","slug":"marcia-la-vecchia-galan-la-disenadora-argentina-que-convierte-la-moda-en-arte-usable-desde-nueva-york","status":"publish","type":"post","link":"https:\/\/sergiolapegue.com\/site\/2026\/03\/14\/marcia-la-vecchia-galan-la-disenadora-argentina-que-convierte-la-moda-en-arte-usable-desde-nueva-york\/","title":{"rendered":"MARCIA LA VECCHIA GAL\u00c1N: LA DISE\u00d1ADORA ARGENTINA QUE CONVIERTE LA MODA EN ARTE USABLE DESDE NUEVA YORK"},"content":{"rendered":"\n<p>De Buenos Aires a Nueva York: volumen, identidad y arte usable sin l\u00edmites. \u00bfQui\u00e9n es Marcia Gal\u00e1n? La joven dise\u00f1adora argentina que sorprende con sus dise\u00f1os.<\/p>\n\n\n\n<p>A los 18 a\u00f1os dej\u00f3 Buenos Aires para instalarse en Nueva York y formarse en Parsons School of Design. Hoy, Marcia La Vecchia Gal\u00e1n se posiciona como una de las j\u00f3venes dise\u00f1adoras argentinas con mayor proyecci\u00f3n internacional, desarrollando una est\u00e9tica donde volumen, textura y estructura redefinen la relaci\u00f3n entre cuerpo y vestimenta.<\/p>\n\n\n\n<p>Su recorrido no fue lineal ni c\u00f3modo. \u201cSer extranjera en los Estados Unidos me ense\u00f1\u00f3 a esforzarme a\u00fan m\u00e1s en lograr mis objetivos. No tener esa comodidad de estar en tu pa\u00eds te obliga a construir tu camino desde cero\u201d, afirma. Esa experiencia migrante se transform\u00f3 en motor creativo. \u201cNueva York es una fuente de inspiraci\u00f3n constante y me ayud\u00f3 a descubrir qui\u00e9n soy como artista. El arte y el dise\u00f1o son una manera \u00fanica de expresarse sin l\u00edmites\u201d.<\/p>\n\n\n\n<figure class=\"wp-block-image size-large\"><img loading=\"lazy\" decoding=\"async\" width=\"1024\" height=\"435\" src=\"https:\/\/sergiolapegue.com\/site\/wp-content\/uploads\/2026\/03\/Marcia-La-Vecchia-Galan-1--1024x435.jpg\" alt=\"\" class=\"wp-image-29000\" srcset=\"https:\/\/sergiolapegue.com\/site\/wp-content\/uploads\/2026\/03\/Marcia-La-Vecchia-Galan-1--1024x435.jpg 1024w, https:\/\/sergiolapegue.com\/site\/wp-content\/uploads\/2026\/03\/Marcia-La-Vecchia-Galan-1--300x127.jpg 300w, https:\/\/sergiolapegue.com\/site\/wp-content\/uploads\/2026\/03\/Marcia-La-Vecchia-Galan-1--768x326.jpg 768w, https:\/\/sergiolapegue.com\/site\/wp-content\/uploads\/2026\/03\/Marcia-La-Vecchia-Galan-1--1536x652.jpg 1536w, https:\/\/sergiolapegue.com\/site\/wp-content\/uploads\/2026\/03\/Marcia-La-Vecchia-Galan-1--990x420.jpg 990w, https:\/\/sergiolapegue.com\/site\/wp-content\/uploads\/2026\/03\/Marcia-La-Vecchia-Galan-1--696x295.jpg 696w, https:\/\/sergiolapegue.com\/site\/wp-content\/uploads\/2026\/03\/Marcia-La-Vecchia-Galan-1--1068x453.jpg 1068w, https:\/\/sergiolapegue.com\/site\/wp-content\/uploads\/2026\/03\/Marcia-La-Vecchia-Galan-1-.jpg 1904w\" sizes=\"auto, (max-width: 1024px) 100vw, 1024px\" \/><\/figure>\n\n\n\n<p><strong>De la m\u00e1quina Singer familiar a Oscar de la Renta<\/strong><\/p>\n\n\n\n<p>La moda forma parte de su historia personal. Desde ni\u00f1a dibujaba vestidos y so\u00f1aba con dise\u00f1ar. Su abuelo, sastre inmigrante italiano en Argentina, fue su primera referencia. \u201cSu talento y el amor que le dedicaba a cada prenda era hermoso\u201d, recuerda. A los 12 a\u00f1os empez\u00f3 a tomar clases de costura junto a su madre y confeccion\u00f3 su primer vestido con una m\u00e1quina Singer familiar utilizada por generaciones.<\/p>\n\n\n\n<p>Durante la pandemia comenz\u00f3 a dise\u00f1ar carteras junto a su padre como hobby. Ese impulso la llev\u00f3 a armar su portfolio y presentarse en Parsons. Tras mudarse a Nueva York, inici\u00f3 sus primeras experiencias laborales en la industria, incluyendo la casa Oscar de la Renta, consolidando su formaci\u00f3n en uno de los escenarios m\u00e1s competitivos del mundo.<\/p>\n\n\n\n<p>El trabajo de Gal\u00e1n no parte de la tendencia sino del concepto. Cada prenda funciona como una pieza escult\u00f3rica: superficies tridimensionales, siluetas amplificadas, cuellos arquitect\u00f3nicos y materiales que dialogan con el movimiento y la emoci\u00f3n.<\/p>\n\n\n\n<p>\u201cUsualmente encuentro mi voz creativa cuando experimento con textiles, ah\u00ed es cuando todo cobra sentido\u201d, explica. Su proceso es experimental y profundamente artesanal: desarrolla sus propias telas mediante t\u00e9cnicas como fieltrado, bordado, sublimaci\u00f3n o corte l\u00e1ser. \u201cNo compro tela, la desarrollo. Me apasiona hacer mi trabajo a\u00fan m\u00e1s personal, con materiales \u00fanicos\u201d.<\/p>\n\n\n\n<figure class=\"wp-block-image size-large\"><img loading=\"lazy\" decoding=\"async\" width=\"1024\" height=\"466\" src=\"https:\/\/sergiolapegue.com\/site\/wp-content\/uploads\/2026\/03\/Marcia-La-Vecchia-Galan-2--1024x466.jpg\" alt=\"\" class=\"wp-image-29001\" srcset=\"https:\/\/sergiolapegue.com\/site\/wp-content\/uploads\/2026\/03\/Marcia-La-Vecchia-Galan-2--1024x466.jpg 1024w, https:\/\/sergiolapegue.com\/site\/wp-content\/uploads\/2026\/03\/Marcia-La-Vecchia-Galan-2--300x137.jpg 300w, https:\/\/sergiolapegue.com\/site\/wp-content\/uploads\/2026\/03\/Marcia-La-Vecchia-Galan-2--768x350.jpg 768w, https:\/\/sergiolapegue.com\/site\/wp-content\/uploads\/2026\/03\/Marcia-La-Vecchia-Galan-2--1536x699.jpg 1536w, https:\/\/sergiolapegue.com\/site\/wp-content\/uploads\/2026\/03\/Marcia-La-Vecchia-Galan-2--923x420.jpg 923w, https:\/\/sergiolapegue.com\/site\/wp-content\/uploads\/2026\/03\/Marcia-La-Vecchia-Galan-2--696x317.jpg 696w, https:\/\/sergiolapegue.com\/site\/wp-content\/uploads\/2026\/03\/Marcia-La-Vecchia-Galan-2--1068x486.jpg 1068w, https:\/\/sergiolapegue.com\/site\/wp-content\/uploads\/2026\/03\/Marcia-La-Vecchia-Galan-2-.jpg 1874w\" sizes=\"auto, (max-width: 1024px) 100vw, 1024px\" \/><\/figure>\n\n\n\n<p>Las estructuras r\u00edgidas sostienen formas exageradas y voluminosas. \u201cMe fascina jugar con la silueta del cuerpo y crear algo fuera de lo convencional. No me apasiona lo minimalista; cuanto m\u00e1s grande, mejor\u201d. El resultado es un proceso casi ritual\u00edstico donde cada superficie es construida desde cero.<\/p>\n\n\n\n<p>En sus dise\u00f1os conviven la herencia cultural argentina y la energ\u00eda experimental neoyorquina. El dramatismo latino se fusiona con una mirada ecl\u00e9ctica y sin l\u00edmites.<\/p>\n\n\n\n<p>\u201cMe interesa que mi trabajo genere impacto e intriga, que tenga un factor sorpresa. Si mi ropa tuviera personalidad, ser\u00eda desafiante y provocadora, de una manera inesperada\u201d. El color ocupa un rol central en ese lenguaje visual. \u201cUso mucho el rojo porque representa la pasi\u00f3n con la que vivo el proceso creativo\u201d.<\/p>\n\n\n\n<p>Gal\u00e1n define su propuesta como&nbsp;<em>wearable art<\/em>. \u201cMi intenci\u00f3n no es necesariamente buscar lo comercial, sino un medio de expresi\u00f3n donde no existan l\u00edmites\u201d. Sus piezas no acompa\u00f1an al cuerpo: lo expanden, lo transforman y lo convierten en escena.<\/p>\n\n\n\n<figure class=\"wp-block-image size-large\"><img loading=\"lazy\" decoding=\"async\" width=\"1024\" height=\"457\" src=\"https:\/\/sergiolapegue.com\/site\/wp-content\/uploads\/2026\/03\/Marcia-La-Vecchia-Galan-3--1024x457.jpg\" alt=\"\" class=\"wp-image-29002\" srcset=\"https:\/\/sergiolapegue.com\/site\/wp-content\/uploads\/2026\/03\/Marcia-La-Vecchia-Galan-3--1024x457.jpg 1024w, https:\/\/sergiolapegue.com\/site\/wp-content\/uploads\/2026\/03\/Marcia-La-Vecchia-Galan-3--300x134.jpg 300w, https:\/\/sergiolapegue.com\/site\/wp-content\/uploads\/2026\/03\/Marcia-La-Vecchia-Galan-3--768x343.jpg 768w, https:\/\/sergiolapegue.com\/site\/wp-content\/uploads\/2026\/03\/Marcia-La-Vecchia-Galan-3--1536x685.jpg 1536w, https:\/\/sergiolapegue.com\/site\/wp-content\/uploads\/2026\/03\/Marcia-La-Vecchia-Galan-3--942x420.jpg 942w, https:\/\/sergiolapegue.com\/site\/wp-content\/uploads\/2026\/03\/Marcia-La-Vecchia-Galan-3--696x310.jpg 696w, https:\/\/sergiolapegue.com\/site\/wp-content\/uploads\/2026\/03\/Marcia-La-Vecchia-Galan-3--1068x476.jpg 1068w, https:\/\/sergiolapegue.com\/site\/wp-content\/uploads\/2026\/03\/Marcia-La-Vecchia-Galan-3-.jpg 1897w\" sizes=\"auto, (max-width: 1024px) 100vw, 1024px\" \/><\/figure>\n\n\n\n<p>Entre sus referentes se encuentran Alexander McQueen, Iris Van Herpen y Mugler, dise\u00f1adores que, como ella, entienden la moda como territorio art\u00edstico.<\/p>\n\n\n\n<p>Sue\u00f1a con lanzar una marca propia enfocada en textiles innovadores y sustentables. \u201cLa industria genera mucho desecho y me interesa liderar de una forma consciente\u201d. Tambi\u00e9n aspira a ver sus dise\u00f1os en grandes eventos y celebridades, consolidando una identidad que no busca pasar desapercibida.<\/p>\n\n\n\n<p>Marcia La Vecchia Gal\u00e1n representa a una nueva generaci\u00f3n de dise\u00f1adores argentinos que construyen su carrera en el exterior con una voz propia. Una propuesta donde arte y moda se cruzan para instalar una imagen potente en el panorama del dise\u00f1o emergente internacional.&nbsp;<\/p>\n\n\n\n<p>Gracias Max Czajkowski Prensa y Comunicaci\u00f3n por acercarnos la gacetilla de prensa con toda la informaci\u00f3n de esta joven dise\u00f1adora.<\/p>\n\n\n\n<p><\/p>\n","protected":false},"excerpt":{"rendered":"<p>De Buenos Aires a Nueva York: volumen, identidad y arte usable sin l\u00edmites. \u00bfQui\u00e9n es Marcia Gal\u00e1n? La joven dise\u00f1adora argentina que sorprende con sus dise\u00f1os. A los 18 a\u00f1os dej\u00f3 Buenos Aires para instalarse en Nueva York y formarse en Parsons School of Design. Hoy, Marcia La Vecchia Gal\u00e1n se posiciona como una de [&hellip;]<\/p>\n","protected":false},"author":3,"featured_media":29003,"comment_status":"open","ping_status":"closed","sticky":false,"template":"","format":"standard","meta":{"footnotes":""},"categories":[38,39],"tags":[],"class_list":{"0":"post-28999","1":"post","2":"type-post","3":"status-publish","4":"format-standard","5":"has-post-thumbnail","7":"category-actualidad","8":"category-interes-general"},"yoast_head":"<!-- This site is optimized with the Yoast SEO plugin v27.5 - https:\/\/yoast.com\/product\/yoast-seo-wordpress\/ -->\n<title>MARCIA LA VECCHIA GAL\u00c1N: LA DISE\u00d1ADORA ARGENTINA QUE CONVIERTE LA MODA EN ARTE USABLE DESDE NUEVA YORK - Sergio Lapegue<\/title>\n<meta name=\"robots\" content=\"index, follow, max-snippet:-1, max-image-preview:large, max-video-preview:-1\" \/>\n<link rel=\"canonical\" href=\"https:\/\/sergiolapegue.com\/site\/2026\/03\/14\/marcia-la-vecchia-galan-la-disenadora-argentina-que-convierte-la-moda-en-arte-usable-desde-nueva-york\/\" \/>\n<meta property=\"og:locale\" content=\"es_ES\" \/>\n<meta property=\"og:type\" content=\"article\" \/>\n<meta property=\"og:title\" content=\"MARCIA LA VECCHIA GAL\u00c1N: LA DISE\u00d1ADORA ARGENTINA QUE CONVIERTE LA MODA EN ARTE USABLE DESDE NUEVA YORK - Sergio Lapegue\" \/>\n<meta property=\"og:description\" content=\"De Buenos Aires a Nueva York: volumen, identidad y arte usable sin l\u00edmites. \u00bfQui\u00e9n es Marcia Gal\u00e1n? La joven dise\u00f1adora argentina que sorprende con sus dise\u00f1os. A los 18 a\u00f1os dej\u00f3 Buenos Aires para instalarse en Nueva York y formarse en Parsons School of Design. Hoy, Marcia La Vecchia Gal\u00e1n se posiciona como una de [&hellip;]\" \/>\n<meta property=\"og:url\" content=\"https:\/\/sergiolapegue.com\/site\/2026\/03\/14\/marcia-la-vecchia-galan-la-disenadora-argentina-que-convierte-la-moda-en-arte-usable-desde-nueva-york\/\" \/>\n<meta property=\"og:site_name\" content=\"Sergio Lapegue\" \/>\n<meta property=\"article:publisher\" content=\"https:\/\/facebook.com\/sergiolapegue\" \/>\n<meta property=\"article:author\" content=\"https:\/\/facebook.com\/danielernesto.montana\" \/>\n<meta property=\"article:published_time\" content=\"2026-03-14T20:00:00+00:00\" \/>\n<meta property=\"og:image\" content=\"https:\/\/sergiolapegue.com\/site\/wp-content\/uploads\/2026\/03\/Marcia-La-Vecchia-Galan.jpg\" \/>\n\t<meta property=\"og:image:width\" content=\"1000\" \/>\n\t<meta property=\"og:image:height\" content=\"1514\" \/>\n\t<meta property=\"og:image:type\" content=\"image\/jpeg\" \/>\n<meta name=\"author\" content=\"Daniel E. Monta\u00f1a\" \/>\n<meta name=\"twitter:card\" content=\"summary_large_image\" \/>\n<meta name=\"twitter:creator\" content=\"@https:\/\/twitter.com\/daner_004\" \/>\n<meta name=\"twitter:site\" content=\"@sergiolapegue\" \/>\n<meta name=\"twitter:label1\" content=\"Escrito por\" \/>\n\t<meta name=\"twitter:data1\" content=\"Daniel E. Monta\u00f1a\" \/>\n\t<meta name=\"twitter:label2\" content=\"Tiempo de lectura\" \/>\n\t<meta name=\"twitter:data2\" content=\"4 minutos\" \/>\n<script type=\"application\/ld+json\" class=\"yoast-schema-graph\">{\"@context\":\"https:\\\/\\\/schema.org\",\"@graph\":[{\"@type\":\"Article\",\"@id\":\"https:\\\/\\\/sergiolapegue.com\\\/site\\\/2026\\\/03\\\/14\\\/marcia-la-vecchia-galan-la-disenadora-argentina-que-convierte-la-moda-en-arte-usable-desde-nueva-york\\\/#article\",\"isPartOf\":{\"@id\":\"https:\\\/\\\/sergiolapegue.com\\\/site\\\/2026\\\/03\\\/14\\\/marcia-la-vecchia-galan-la-disenadora-argentina-que-convierte-la-moda-en-arte-usable-desde-nueva-york\\\/\"},\"author\":{\"name\":\"Daniel E. Monta\u00f1a\",\"@id\":\"https:\\\/\\\/sergiolapegue.com\\\/site\\\/#\\\/schema\\\/person\\\/9198e7dbab43c6d74d0fd5399af7c3cd\"},\"headline\":\"MARCIA LA VECCHIA GAL\u00c1N: LA DISE\u00d1ADORA ARGENTINA QUE CONVIERTE LA MODA EN ARTE USABLE DESDE NUEVA YORK\",\"datePublished\":\"2026-03-14T20:00:00+00:00\",\"mainEntityOfPage\":{\"@id\":\"https:\\\/\\\/sergiolapegue.com\\\/site\\\/2026\\\/03\\\/14\\\/marcia-la-vecchia-galan-la-disenadora-argentina-que-convierte-la-moda-en-arte-usable-desde-nueva-york\\\/\"},\"wordCount\":753,\"commentCount\":0,\"publisher\":{\"@id\":\"https:\\\/\\\/sergiolapegue.com\\\/site\\\/#\\\/schema\\\/person\\\/083aeceeb0734cd166779ea6c0551a37\"},\"image\":{\"@id\":\"https:\\\/\\\/sergiolapegue.com\\\/site\\\/2026\\\/03\\\/14\\\/marcia-la-vecchia-galan-la-disenadora-argentina-que-convierte-la-moda-en-arte-usable-desde-nueva-york\\\/#primaryimage\"},\"thumbnailUrl\":\"https:\\\/\\\/sergiolapegue.com\\\/site\\\/wp-content\\\/uploads\\\/2026\\\/03\\\/Marcia-La-Vecchia-Galan.jpg\",\"articleSection\":[\"Actualidad\",\"Inter\u00e9s General\"],\"inLanguage\":\"es-AR\",\"potentialAction\":[{\"@type\":\"CommentAction\",\"name\":\"Comment\",\"target\":[\"https:\\\/\\\/sergiolapegue.com\\\/site\\\/2026\\\/03\\\/14\\\/marcia-la-vecchia-galan-la-disenadora-argentina-que-convierte-la-moda-en-arte-usable-desde-nueva-york\\\/#respond\"]}]},{\"@type\":\"WebPage\",\"@id\":\"https:\\\/\\\/sergiolapegue.com\\\/site\\\/2026\\\/03\\\/14\\\/marcia-la-vecchia-galan-la-disenadora-argentina-que-convierte-la-moda-en-arte-usable-desde-nueva-york\\\/\",\"url\":\"https:\\\/\\\/sergiolapegue.com\\\/site\\\/2026\\\/03\\\/14\\\/marcia-la-vecchia-galan-la-disenadora-argentina-que-convierte-la-moda-en-arte-usable-desde-nueva-york\\\/\",\"name\":\"MARCIA LA VECCHIA GAL\u00c1N: LA DISE\u00d1ADORA ARGENTINA QUE CONVIERTE LA MODA EN ARTE USABLE DESDE NUEVA YORK - Sergio Lapegue\",\"isPartOf\":{\"@id\":\"https:\\\/\\\/sergiolapegue.com\\\/site\\\/#website\"},\"primaryImageOfPage\":{\"@id\":\"https:\\\/\\\/sergiolapegue.com\\\/site\\\/2026\\\/03\\\/14\\\/marcia-la-vecchia-galan-la-disenadora-argentina-que-convierte-la-moda-en-arte-usable-desde-nueva-york\\\/#primaryimage\"},\"image\":{\"@id\":\"https:\\\/\\\/sergiolapegue.com\\\/site\\\/2026\\\/03\\\/14\\\/marcia-la-vecchia-galan-la-disenadora-argentina-que-convierte-la-moda-en-arte-usable-desde-nueva-york\\\/#primaryimage\"},\"thumbnailUrl\":\"https:\\\/\\\/sergiolapegue.com\\\/site\\\/wp-content\\\/uploads\\\/2026\\\/03\\\/Marcia-La-Vecchia-Galan.jpg\",\"datePublished\":\"2026-03-14T20:00:00+00:00\",\"breadcrumb\":{\"@id\":\"https:\\\/\\\/sergiolapegue.com\\\/site\\\/2026\\\/03\\\/14\\\/marcia-la-vecchia-galan-la-disenadora-argentina-que-convierte-la-moda-en-arte-usable-desde-nueva-york\\\/#breadcrumb\"},\"inLanguage\":\"es-AR\",\"potentialAction\":[{\"@type\":\"ReadAction\",\"target\":[\"https:\\\/\\\/sergiolapegue.com\\\/site\\\/2026\\\/03\\\/14\\\/marcia-la-vecchia-galan-la-disenadora-argentina-que-convierte-la-moda-en-arte-usable-desde-nueva-york\\\/\"]}]},{\"@type\":\"ImageObject\",\"inLanguage\":\"es-AR\",\"@id\":\"https:\\\/\\\/sergiolapegue.com\\\/site\\\/2026\\\/03\\\/14\\\/marcia-la-vecchia-galan-la-disenadora-argentina-que-convierte-la-moda-en-arte-usable-desde-nueva-york\\\/#primaryimage\",\"url\":\"https:\\\/\\\/sergiolapegue.com\\\/site\\\/wp-content\\\/uploads\\\/2026\\\/03\\\/Marcia-La-Vecchia-Galan.jpg\",\"contentUrl\":\"https:\\\/\\\/sergiolapegue.com\\\/site\\\/wp-content\\\/uploads\\\/2026\\\/03\\\/Marcia-La-Vecchia-Galan.jpg\",\"width\":1000,\"height\":1514},{\"@type\":\"BreadcrumbList\",\"@id\":\"https:\\\/\\\/sergiolapegue.com\\\/site\\\/2026\\\/03\\\/14\\\/marcia-la-vecchia-galan-la-disenadora-argentina-que-convierte-la-moda-en-arte-usable-desde-nueva-york\\\/#breadcrumb\",\"itemListElement\":[{\"@type\":\"ListItem\",\"position\":1,\"name\":\"Inicio\",\"item\":\"https:\\\/\\\/sergiolapegue.com\\\/site\\\/\"},{\"@type\":\"ListItem\",\"position\":2,\"name\":\"MARCIA LA VECCHIA GAL\u00c1N: LA DISE\u00d1ADORA ARGENTINA QUE CONVIERTE LA MODA EN ARTE USABLE DESDE NUEVA YORK\"}]},{\"@type\":\"WebSite\",\"@id\":\"https:\\\/\\\/sergiolapegue.com\\\/site\\\/#website\",\"url\":\"https:\\\/\\\/sergiolapegue.com\\\/site\\\/\",\"name\":\"Sergio Lapegue\",\"description\":\"Periodista\",\"publisher\":{\"@id\":\"https:\\\/\\\/sergiolapegue.com\\\/site\\\/#\\\/schema\\\/person\\\/083aeceeb0734cd166779ea6c0551a37\"},\"potentialAction\":[{\"@type\":\"SearchAction\",\"target\":{\"@type\":\"EntryPoint\",\"urlTemplate\":\"https:\\\/\\\/sergiolapegue.com\\\/site\\\/?s={search_term_string}\"},\"query-input\":{\"@type\":\"PropertyValueSpecification\",\"valueRequired\":true,\"valueName\":\"search_term_string\"}}],\"inLanguage\":\"es-AR\"},{\"@type\":[\"Person\",\"Organization\"],\"@id\":\"https:\\\/\\\/sergiolapegue.com\\\/site\\\/#\\\/schema\\\/person\\\/083aeceeb0734cd166779ea6c0551a37\",\"name\":\"Sergio Lapegue\",\"image\":{\"@type\":\"ImageObject\",\"inLanguage\":\"es-AR\",\"@id\":\"https:\\\/\\\/sergiolapegue.com\\\/site\\\/wp-content\\\/uploads\\\/2021\\\/04\\\/logo_header-1.png\",\"url\":\"https:\\\/\\\/sergiolapegue.com\\\/site\\\/wp-content\\\/uploads\\\/2021\\\/04\\\/logo_header-1.png\",\"contentUrl\":\"https:\\\/\\\/sergiolapegue.com\\\/site\\\/wp-content\\\/uploads\\\/2021\\\/04\\\/logo_header-1.png\",\"width\":272,\"height\":90,\"caption\":\"Sergio Lapegue\"},\"logo\":{\"@id\":\"https:\\\/\\\/sergiolapegue.com\\\/site\\\/wp-content\\\/uploads\\\/2021\\\/04\\\/logo_header-1.png\"},\"sameAs\":[\"https:\\\/\\\/facebook.com\\\/sergiolapegue\",\"https:\\\/\\\/instagram.com\\\/sergiolapegue\",\"https:\\\/\\\/x.com\\\/https:\\\/\\\/twitter.com\\\/sergiolapegue\"]},{\"@type\":\"Person\",\"@id\":\"https:\\\/\\\/sergiolapegue.com\\\/site\\\/#\\\/schema\\\/person\\\/9198e7dbab43c6d74d0fd5399af7c3cd\",\"name\":\"Daniel E. Monta\u00f1a\",\"image\":{\"@type\":\"ImageObject\",\"inLanguage\":\"es-AR\",\"@id\":\"https:\\\/\\\/sergiolapegue.com\\\/site\\\/wp-content\\\/uploads\\\/2021\\\/04\\\/sl_avatar_Daniel-150x150.jpg\",\"url\":\"https:\\\/\\\/sergiolapegue.com\\\/site\\\/wp-content\\\/uploads\\\/2021\\\/04\\\/sl_avatar_Daniel-150x150.jpg\",\"contentUrl\":\"https:\\\/\\\/sergiolapegue.com\\\/site\\\/wp-content\\\/uploads\\\/2021\\\/04\\\/sl_avatar_Daniel-150x150.jpg\",\"caption\":\"Daniel E. Monta\u00f1a\"},\"sameAs\":[\"https:\\\/\\\/facebook.com\\\/danielernesto.montana\",\"https:\\\/\\\/instagram.com\\\/daniel_montana1961\",\"https:\\\/\\\/x.com\\\/https:\\\/\\\/twitter.com\\\/daner_004\"],\"url\":\"https:\\\/\\\/sergiolapegue.com\\\/site\\\/author\\\/daniel\\\/\"}]}<\/script>\n<!-- \/ Yoast SEO plugin. -->","yoast_head_json":{"title":"MARCIA LA VECCHIA GAL\u00c1N: LA DISE\u00d1ADORA ARGENTINA QUE CONVIERTE LA MODA EN ARTE USABLE DESDE NUEVA YORK - Sergio Lapegue","robots":{"index":"index","follow":"follow","max-snippet":"max-snippet:-1","max-image-preview":"max-image-preview:large","max-video-preview":"max-video-preview:-1"},"canonical":"https:\/\/sergiolapegue.com\/site\/2026\/03\/14\/marcia-la-vecchia-galan-la-disenadora-argentina-que-convierte-la-moda-en-arte-usable-desde-nueva-york\/","og_locale":"es_ES","og_type":"article","og_title":"MARCIA LA VECCHIA GAL\u00c1N: LA DISE\u00d1ADORA ARGENTINA QUE CONVIERTE LA MODA EN ARTE USABLE DESDE NUEVA YORK - Sergio Lapegue","og_description":"De Buenos Aires a Nueva York: volumen, identidad y arte usable sin l\u00edmites. \u00bfQui\u00e9n es Marcia Gal\u00e1n? La joven dise\u00f1adora argentina que sorprende con sus dise\u00f1os. A los 18 a\u00f1os dej\u00f3 Buenos Aires para instalarse en Nueva York y formarse en Parsons School of Design. Hoy, Marcia La Vecchia Gal\u00e1n se posiciona como una de [&hellip;]","og_url":"https:\/\/sergiolapegue.com\/site\/2026\/03\/14\/marcia-la-vecchia-galan-la-disenadora-argentina-que-convierte-la-moda-en-arte-usable-desde-nueva-york\/","og_site_name":"Sergio Lapegue","article_publisher":"https:\/\/facebook.com\/sergiolapegue","article_author":"https:\/\/facebook.com\/danielernesto.montana","article_published_time":"2026-03-14T20:00:00+00:00","og_image":[{"width":1000,"height":1514,"url":"https:\/\/sergiolapegue.com\/site\/wp-content\/uploads\/2026\/03\/Marcia-La-Vecchia-Galan.jpg","type":"image\/jpeg"}],"author":"Daniel E. Monta\u00f1a","twitter_card":"summary_large_image","twitter_creator":"@https:\/\/twitter.com\/daner_004","twitter_site":"@sergiolapegue","twitter_misc":{"Escrito por":"Daniel E. Monta\u00f1a","Tiempo de lectura":"4 minutos"},"schema":{"@context":"https:\/\/schema.org","@graph":[{"@type":"Article","@id":"https:\/\/sergiolapegue.com\/site\/2026\/03\/14\/marcia-la-vecchia-galan-la-disenadora-argentina-que-convierte-la-moda-en-arte-usable-desde-nueva-york\/#article","isPartOf":{"@id":"https:\/\/sergiolapegue.com\/site\/2026\/03\/14\/marcia-la-vecchia-galan-la-disenadora-argentina-que-convierte-la-moda-en-arte-usable-desde-nueva-york\/"},"author":{"name":"Daniel E. Monta\u00f1a","@id":"https:\/\/sergiolapegue.com\/site\/#\/schema\/person\/9198e7dbab43c6d74d0fd5399af7c3cd"},"headline":"MARCIA LA VECCHIA GAL\u00c1N: LA DISE\u00d1ADORA ARGENTINA QUE CONVIERTE LA MODA EN ARTE USABLE DESDE NUEVA YORK","datePublished":"2026-03-14T20:00:00+00:00","mainEntityOfPage":{"@id":"https:\/\/sergiolapegue.com\/site\/2026\/03\/14\/marcia-la-vecchia-galan-la-disenadora-argentina-que-convierte-la-moda-en-arte-usable-desde-nueva-york\/"},"wordCount":753,"commentCount":0,"publisher":{"@id":"https:\/\/sergiolapegue.com\/site\/#\/schema\/person\/083aeceeb0734cd166779ea6c0551a37"},"image":{"@id":"https:\/\/sergiolapegue.com\/site\/2026\/03\/14\/marcia-la-vecchia-galan-la-disenadora-argentina-que-convierte-la-moda-en-arte-usable-desde-nueva-york\/#primaryimage"},"thumbnailUrl":"https:\/\/sergiolapegue.com\/site\/wp-content\/uploads\/2026\/03\/Marcia-La-Vecchia-Galan.jpg","articleSection":["Actualidad","Inter\u00e9s General"],"inLanguage":"es-AR","potentialAction":[{"@type":"CommentAction","name":"Comment","target":["https:\/\/sergiolapegue.com\/site\/2026\/03\/14\/marcia-la-vecchia-galan-la-disenadora-argentina-que-convierte-la-moda-en-arte-usable-desde-nueva-york\/#respond"]}]},{"@type":"WebPage","@id":"https:\/\/sergiolapegue.com\/site\/2026\/03\/14\/marcia-la-vecchia-galan-la-disenadora-argentina-que-convierte-la-moda-en-arte-usable-desde-nueva-york\/","url":"https:\/\/sergiolapegue.com\/site\/2026\/03\/14\/marcia-la-vecchia-galan-la-disenadora-argentina-que-convierte-la-moda-en-arte-usable-desde-nueva-york\/","name":"MARCIA LA VECCHIA GAL\u00c1N: LA DISE\u00d1ADORA ARGENTINA QUE CONVIERTE LA MODA EN ARTE USABLE DESDE NUEVA YORK - Sergio Lapegue","isPartOf":{"@id":"https:\/\/sergiolapegue.com\/site\/#website"},"primaryImageOfPage":{"@id":"https:\/\/sergiolapegue.com\/site\/2026\/03\/14\/marcia-la-vecchia-galan-la-disenadora-argentina-que-convierte-la-moda-en-arte-usable-desde-nueva-york\/#primaryimage"},"image":{"@id":"https:\/\/sergiolapegue.com\/site\/2026\/03\/14\/marcia-la-vecchia-galan-la-disenadora-argentina-que-convierte-la-moda-en-arte-usable-desde-nueva-york\/#primaryimage"},"thumbnailUrl":"https:\/\/sergiolapegue.com\/site\/wp-content\/uploads\/2026\/03\/Marcia-La-Vecchia-Galan.jpg","datePublished":"2026-03-14T20:00:00+00:00","breadcrumb":{"@id":"https:\/\/sergiolapegue.com\/site\/2026\/03\/14\/marcia-la-vecchia-galan-la-disenadora-argentina-que-convierte-la-moda-en-arte-usable-desde-nueva-york\/#breadcrumb"},"inLanguage":"es-AR","potentialAction":[{"@type":"ReadAction","target":["https:\/\/sergiolapegue.com\/site\/2026\/03\/14\/marcia-la-vecchia-galan-la-disenadora-argentina-que-convierte-la-moda-en-arte-usable-desde-nueva-york\/"]}]},{"@type":"ImageObject","inLanguage":"es-AR","@id":"https:\/\/sergiolapegue.com\/site\/2026\/03\/14\/marcia-la-vecchia-galan-la-disenadora-argentina-que-convierte-la-moda-en-arte-usable-desde-nueva-york\/#primaryimage","url":"https:\/\/sergiolapegue.com\/site\/wp-content\/uploads\/2026\/03\/Marcia-La-Vecchia-Galan.jpg","contentUrl":"https:\/\/sergiolapegue.com\/site\/wp-content\/uploads\/2026\/03\/Marcia-La-Vecchia-Galan.jpg","width":1000,"height":1514},{"@type":"BreadcrumbList","@id":"https:\/\/sergiolapegue.com\/site\/2026\/03\/14\/marcia-la-vecchia-galan-la-disenadora-argentina-que-convierte-la-moda-en-arte-usable-desde-nueva-york\/#breadcrumb","itemListElement":[{"@type":"ListItem","position":1,"name":"Inicio","item":"https:\/\/sergiolapegue.com\/site\/"},{"@type":"ListItem","position":2,"name":"MARCIA LA VECCHIA GAL\u00c1N: LA DISE\u00d1ADORA ARGENTINA QUE CONVIERTE LA MODA EN ARTE USABLE DESDE NUEVA YORK"}]},{"@type":"WebSite","@id":"https:\/\/sergiolapegue.com\/site\/#website","url":"https:\/\/sergiolapegue.com\/site\/","name":"Sergio Lapegue","description":"Periodista","publisher":{"@id":"https:\/\/sergiolapegue.com\/site\/#\/schema\/person\/083aeceeb0734cd166779ea6c0551a37"},"potentialAction":[{"@type":"SearchAction","target":{"@type":"EntryPoint","urlTemplate":"https:\/\/sergiolapegue.com\/site\/?s={search_term_string}"},"query-input":{"@type":"PropertyValueSpecification","valueRequired":true,"valueName":"search_term_string"}}],"inLanguage":"es-AR"},{"@type":["Person","Organization"],"@id":"https:\/\/sergiolapegue.com\/site\/#\/schema\/person\/083aeceeb0734cd166779ea6c0551a37","name":"Sergio Lapegue","image":{"@type":"ImageObject","inLanguage":"es-AR","@id":"https:\/\/sergiolapegue.com\/site\/wp-content\/uploads\/2021\/04\/logo_header-1.png","url":"https:\/\/sergiolapegue.com\/site\/wp-content\/uploads\/2021\/04\/logo_header-1.png","contentUrl":"https:\/\/sergiolapegue.com\/site\/wp-content\/uploads\/2021\/04\/logo_header-1.png","width":272,"height":90,"caption":"Sergio Lapegue"},"logo":{"@id":"https:\/\/sergiolapegue.com\/site\/wp-content\/uploads\/2021\/04\/logo_header-1.png"},"sameAs":["https:\/\/facebook.com\/sergiolapegue","https:\/\/instagram.com\/sergiolapegue","https:\/\/x.com\/https:\/\/twitter.com\/sergiolapegue"]},{"@type":"Person","@id":"https:\/\/sergiolapegue.com\/site\/#\/schema\/person\/9198e7dbab43c6d74d0fd5399af7c3cd","name":"Daniel E. Monta\u00f1a","image":{"@type":"ImageObject","inLanguage":"es-AR","@id":"https:\/\/sergiolapegue.com\/site\/wp-content\/uploads\/2021\/04\/sl_avatar_Daniel-150x150.jpg","url":"https:\/\/sergiolapegue.com\/site\/wp-content\/uploads\/2021\/04\/sl_avatar_Daniel-150x150.jpg","contentUrl":"https:\/\/sergiolapegue.com\/site\/wp-content\/uploads\/2021\/04\/sl_avatar_Daniel-150x150.jpg","caption":"Daniel E. Monta\u00f1a"},"sameAs":["https:\/\/facebook.com\/danielernesto.montana","https:\/\/instagram.com\/daniel_montana1961","https:\/\/x.com\/https:\/\/twitter.com\/daner_004"],"url":"https:\/\/sergiolapegue.com\/site\/author\/daniel\/"}]}},"_links":{"self":[{"href":"https:\/\/sergiolapegue.com\/site\/wp-json\/wp\/v2\/posts\/28999","targetHints":{"allow":["GET"]}}],"collection":[{"href":"https:\/\/sergiolapegue.com\/site\/wp-json\/wp\/v2\/posts"}],"about":[{"href":"https:\/\/sergiolapegue.com\/site\/wp-json\/wp\/v2\/types\/post"}],"author":[{"embeddable":true,"href":"https:\/\/sergiolapegue.com\/site\/wp-json\/wp\/v2\/users\/3"}],"replies":[{"embeddable":true,"href":"https:\/\/sergiolapegue.com\/site\/wp-json\/wp\/v2\/comments?post=28999"}],"version-history":[{"count":1,"href":"https:\/\/sergiolapegue.com\/site\/wp-json\/wp\/v2\/posts\/28999\/revisions"}],"predecessor-version":[{"id":29004,"href":"https:\/\/sergiolapegue.com\/site\/wp-json\/wp\/v2\/posts\/28999\/revisions\/29004"}],"wp:featuredmedia":[{"embeddable":true,"href":"https:\/\/sergiolapegue.com\/site\/wp-json\/wp\/v2\/media\/29003"}],"wp:attachment":[{"href":"https:\/\/sergiolapegue.com\/site\/wp-json\/wp\/v2\/media?parent=28999"}],"wp:term":[{"taxonomy":"category","embeddable":true,"href":"https:\/\/sergiolapegue.com\/site\/wp-json\/wp\/v2\/categories?post=28999"},{"taxonomy":"post_tag","embeddable":true,"href":"https:\/\/sergiolapegue.com\/site\/wp-json\/wp\/v2\/tags?post=28999"}],"curies":[{"name":"wp","href":"https:\/\/api.w.org\/{rel}","templated":true}]}}