{"id":28971,"date":"2026-03-13T07:00:00","date_gmt":"2026-03-13T10:00:00","guid":{"rendered":"https:\/\/sergiolapegue.com\/site\/?p=28971"},"modified":"2026-03-13T01:02:07","modified_gmt":"2026-03-13T04:02:07","slug":"quema-quema-club-presenta-encuentro-de-movimiento-musica-y-bienestar-en-una-isla-del-delta","status":"publish","type":"post","link":"https:\/\/sergiolapegue.com\/site\/2026\/03\/13\/quema-quema-club-presenta-encuentro-de-movimiento-musica-y-bienestar-en-una-isla-del-delta\/","title":{"rendered":"QUEMA QUEMA CLUB PRESENTA: ENCUENTRO DE MOVIMIENTO, M\u00daSICA Y BIENESTAR EN UNA ISLA DEL DELTA"},"content":{"rendered":"\n<p>El pr\u00f3ximo domingo 22 de marzo, durante el finde largo, desde las 11:11 horas, la isla Delta Rica se transformar\u00e1 en el escenario de una nueva edici\u00f3n de Quema Quema Club. Bajo el lema \u201cEl arte de transformarse\u201d. A menos de 5 minutos de lancha, entre \u00e1rboles, playa y r\u00edo, el encuentro invita a pasar el d\u00eda completo en Delta Rica Isla, explorando distintas formas de bienestar, creatividad y celebraci\u00f3n colectiva.&nbsp;<\/p>\n\n\n\n<p>Este nuevo espacio atemporal y m\u00e1gico propone un portal entre Buenos Aires y la naturaleza del&nbsp; Delta, dando f\u00e1cil acceso a todos los visitantes con servicio de lancha ida y vuelta incluido durante toda la jornada, en un cruce menor a 5 minutos. La propuesta se vive como un peque\u00f1o ecosistema cultural: pr\u00e1cticas corporales al aire libre, talleres participativos, experiencias sensoriales, espacios de conversaci\u00f3n, m\u00fasica en vivo y gastronom\u00eda pensada para acompa\u00f1ar el ritmo de la jornada.<\/p>\n\n\n\n<p>El recorrido puede comenzar con yoga o aeroyoga junto a Sabina Despierta y Rodrigo Marron, seguir con talleres de movimiento y expresi\u00f3n corporal coordinados por Samanta Lewin, Sebasti\u00e1n Tiaga y \u00c1nfora, o sumarse a propuestas m\u00e1s introspectivas como respiraci\u00f3n consciente con Noe Carnavalo.<\/p>\n\n\n\n<p>El esp\u00edritu participativo atraviesa todo el encuentro, dentro de las 5 \u00e1reas de experiencias, el p\u00fablico puede integrarse a sesiones de Ecstatic Dance con Sofi Lofi, participar de un taller depercusi\u00f3n colectiva coordinado por Santy Albin, o sumarse a intervenciones de arte participativo guiadas por El Gato y la Musa.<\/p>\n\n\n\n<p>Tambi\u00e9n habr\u00e1 experiencias dise\u00f1adas para estimular los sentidos, con Jus&amp;Miel y las intervenciones de Mel Lunar, adem\u00e1s de charlas que combinan espiritualidad y tecnolog\u00eda \u2014desde astrolog\u00eda hasta biofeedback \u2014 a cargo de Astroluz y Juan Pablo Francolini.<\/p>\n\n\n\n<p>La m\u00fasica aparece en distintas escalas a lo largo del d\u00eda. Durante la tarde se abren espacios de escucha m\u00e1s \u00edntima con cantautores y guitarras ac\u00fasticas como Selva Leao y Gea, mientras la energ\u00eda del encuentro se prepara para transformarse<\/p>\n\n\n\n<p>La propuesta musical de esta edici\u00f3n equilibra figuras consagradas con una cuidada selecci\u00f3n de artistas emergentes, reafirmando la experiencia como una plataforma de descubrimiento sonoro. Cuando cae el sol sobre el r\u00edo, el espacio cambia de pulso, el fuego se enciende y la pista se abre con m\u00fasica, y sets de Paax Tulum, Uji, Villa Diamante, El Beso del \u00c1rbol, Bambi, Pia y otros artistas invitados.<\/p>\n\n\n\n<p>La experiencia se completa con propuestas gastron\u00f3micas para todos los gustos, tragos de autor, feria itinerante, espacios para descansar frente al agua y un fog\u00f3n central que re\u00fane a los asistentes cuando cae la noche. Bajo el cielo abierto del Delta, el encuentro termina convirti\u00e9ndose en una celebraci\u00f3n compartida: m\u00fasica, naturaleza y comunidad alrededor del fuego.<\/p>\n\n\n\n<p>Quema Quema Club asume la responsabilidad de habitar el Delta de manera consciente en Compromiso con el Turismo Sostenible. En esta edici\u00f3n, la organizaci\u00f3n profundiza sus pol\u00edticas de turismo sostenible y cuidado ambiental junto a Delta Rica.&nbsp;<\/p>\n\n\n\n<figure class=\"wp-block-image size-full is-resized\"><img loading=\"lazy\" decoding=\"async\" width=\"500\" height=\"890\" src=\"https:\/\/sergiolapegue.com\/site\/wp-content\/uploads\/2026\/03\/Quema-quema-club-1.jpg\" alt=\"\" class=\"wp-image-28972\" style=\"width:696px;height:auto\" srcset=\"https:\/\/sergiolapegue.com\/site\/wp-content\/uploads\/2026\/03\/Quema-quema-club-1.jpg 500w, https:\/\/sergiolapegue.com\/site\/wp-content\/uploads\/2026\/03\/Quema-quema-club-1-169x300.jpg 169w, https:\/\/sergiolapegue.com\/site\/wp-content\/uploads\/2026\/03\/Quema-quema-club-1-236x420.jpg 236w\" sizes=\"auto, (max-width: 500px) 100vw, 500px\" \/><\/figure>\n\n\n\n<p><strong>FICHA T\u00c9CNICA<\/strong><\/p>\n\n\n\n<p><strong>Evento:<\/strong> Quema Quema Club<\/p>\n\n\n\n<p><strong>Lema:<\/strong> Encuentro de Movimiento, M\u00fasica y el Arte de Transformarse<\/p>\n\n\n\n<p><strong>Fecha:<\/strong> Domingo 22 de marzo (fin de semana largo)<\/p>\n\n\n\n<p><strong>Horario:<\/strong> Desde las 11:00 hs<\/p>\n\n\n\n<p><strong>Entrada general:<\/strong> $ 40.000<\/p>\n\n\n\n<p><strong>Entradas:<\/strong> <a href=\"https:\/\/shorturl.at\/vx1CX\">https:\/\/shorturl.at\/vx1CX<\/a><\/p>\n\n\n\n<p><strong>Lugar:<\/strong> Delta Rica \u2013 Islas del Delta, Tigre&nbsp;<\/p>\n\n\n\n<p>Incluye el traslado en lancha hacia el lugar (3 minutos)<\/p>\n\n\n\n<p>Hay estacionamiento p\u00fablico o privado al lado del muelle (no est\u00e1 incluido)<\/p>\n\n\n\n<p>Muelle \/ Estacionamiento Delta Rica:<\/p>\n\n\n\n<p><a href=\"https:\/\/maps.app.goo.gl\/PHF8ySVU6FQptN2s7?g_st=ic\">https:\/\/maps.app.goo.gl\/PHF8ySVU6FQptN2s7?g_st=ic<\/a><\/p>\n\n\n\n<p>En Delta Rica Isla, la Ribera 180: un portal entre Buenos Aires y la naturaleza del Delta, playa inmersiva, muelle propio (se sube en el n\u00e1utico Venecia de San Fernando).<\/p>\n\n\n\n<p>Videos de Actividades y del lugar:<\/p>\n\n\n\n<p><a href=\"https:\/\/drive.google.com\/file\/d\/1ERzF2BdPCYQ60Z4PA-Zmsk79A0JX9OOb\/view?usp=drive_link\">https:\/\/drive.google.com\/file\/d\/1ERzF2BdPCYQ60Z4PA-Zmsk79A0JX9OOb\/view?usp=drive_link<\/a><\/p>\n\n\n\n<p><a href=\"https:\/\/drive.google.com\/file\/d\/1eIw-Fn1iTFqhpHINIxbqRDlqPVCDR7mG\/view?usp=drive_link\">https:\/\/drive.google.com\/file\/d\/1eIw-Fn1iTFqhpHINIxbqRDlqPVCDR7mG\/view?usp=drive_link<\/a><\/p>\n\n\n\n<p><strong>M\u00fasica:<\/strong> Paax Tulum \u00b7 Uji \u00b7 Villa Diamante \u00b7 El Beso del \u00c1rbol \u00b7 Bambi \u00b7 Pia \u00b7 Sofi Lofi \u00b7 Jonah \u00b7 Santy Albin \u00b7 El Gato y la Musa \u00b7 Selva Leoa \u00b7 Gea.<\/p>\n\n\n\n<p><strong>Actividades y experiencias:<\/strong> Astroluz \u00b7 Juan Pablo Francolini \u00b7 Sabina Greenberg \u00b7 Noe Carnavalo \u00b7&nbsp; Samanta Lewin \u00b7 \u00c1nfora \u00b7 House Of Amazonas . Sebasti\u00e1n Tiaga \u00b7 Jus&amp;Miel \u00b7 Mel Lunar \u00b7 Rodrigo Marron \u00b7 Majo.<\/p>\n\n\n\n<p><strong>Servicios:<\/strong> gastronom\u00eda, tragos de autor, fog\u00f3n central, playa sobre el R\u00edo Lujan, domos y 5 espacios activos<\/p>\n\n\n\n<p><strong>Instagram:<\/strong> @quemquemaclub \u2013 @deltaricaisla&nbsp;<\/p>\n\n\n\n<p>Gracias Carla Segalini de Correydileprensa por enviarnos la gacetilla con toda la informaci\u00f3n de este encuentro.<\/p>\n\n\n\n<p><strong>ARTISTAS Y TALLERISTAS DE L\u00cdNEA PRINCIPAL<\/strong><\/p>\n\n\n\n<p><strong>UJI<\/strong><\/p>\n\n\n\n<p>UJI es un artista, m\u00fasico electr\u00f3nico, productor y DJ innovador de Buenos Aires, Argentina, conocido por fusionar sonidos ancestrales con est\u00e9ticas modernas. Su trabajo es una celebraci\u00f3n vibrante de la tradici\u00f3n y la innovaci\u00f3n, creando experiencias musicales que invitan a una conexi\u00f3n con la humanidad y la espiritualidad, todo dentro de la alegr\u00eda del baile y el compartir. Uji describe su m\u00fasica como una &#8220;tecnolog\u00eda ritual&#8221;, una fuerza vibracional que, a trav\u00e9s del ritmo, la melod\u00eda y la armon\u00eda, act\u00faa como un puente hacia lo invisible. Cada composici\u00f3n es una exploraci\u00f3n de lo trascendental, un reflejo de la b\u00fasqueda de conexi\u00f3n con el m\u00e1s all\u00e1.&nbsp;<\/p>\n\n\n\n<p>Su arte es una invitaci\u00f3n a explorar el misterio, a moverse y a sentir, a trav\u00e9s de una m\u00fasica que despierta el alma y enciende la pista de baile. UJI ha colaborado con artistas como Carlos Vives, Nicola Cruz y Petrona Mart\u00ednez, y fue parte del grupo Lulacruza, consolidando su reputaci\u00f3n como pionero en la evoluci\u00f3n del folclore sudamericano. Sus presentaciones en vivo son poderosas y energ\u00e9ticas, llev\u00e1ndolo a grandes festivales como ADE, Fusi\u00f3n y Meow Wolf, adem\u00e1s de presentarse en pa\u00edses de cuatro continentes.<\/p>\n\n\n\n<p>Su m\u00e1s reciente \u00e1lbum, TIMEBEING, es un proyecto multiplataforma que explora mitos y simbolismos a trav\u00e9s de un cortometraje de 8 cap\u00edtulos y una experiencia en vivo inmersiva.<\/p>\n\n\n\n<p><a href=\"https:\/\/www.ujimusic.com\/epk-es\">https:\/\/www.ujimusic.com\/epk-es<\/a><\/p>\n\n\n\n<p><strong>PAAX TULUM<\/strong><\/p>\n\n\n\n<p>PAAX, d\u00fao argentino de m\u00fasica electr\u00f3nica integrado por los productores Germ\u00e1n Wagener y Nicol\u00e1s Damonte. Inspirado en la palabra maya \u201cPAAX\u201d, que significa \u201chacer m\u00fasica\u201d, el proyecto fusiona house org\u00e1nico, influencias afro-latinas y texturas electr\u00f3nicas profundas con instrumentos y percusiones en vivo.<\/p>\n\n\n\n<p>Con m\u00e1s de 15 a\u00f1os de trayectoria, PAAX ha desarrollado un sonido propio que mezcla ra\u00edces culturales, grooves hipn\u00f3ticos y paisajes sonoros pensados para la pista de baile y la conexi\u00f3n emocional con el p\u00fablico.<\/p>\n\n\n\n<p>Sus producciones han sido editadas en sellos reconocidos como Bar 25 Music, Soundgarden, Scorpios Music, Kindisch, Sol Selectas y Do Not Sit On The Furniture, y sus presentaciones los han llevado a clubes y festivales de distintas partes del mundo.<\/p>\n\n\n\n<p>Adem\u00e1s de su formato DJ set, PAAX presenta un formato especial Live Band, donde m\u00fasicos e instrumentistas se suman en escena para reinterpretar su m\u00fasica en vivo, creando una experiencia org\u00e1nica y energ\u00e9tica que combina electr\u00f3nica, improvisaci\u00f3n y elementos tribales.<\/p>\n\n\n\n<p><a href=\"https:\/\/paaxtulum.com\/dj-set\">https:\/\/paaxtulum.com\/dj-set<\/a><\/p>\n\n\n\n<p><strong>VILLA DIAMANTE<\/strong><\/p>\n\n\n\n<p>Villa Diamante, Diego Bulacio, hace de la pista de baile un laboratorio donde mezcla trap, cumbia, reggaet\u00f3n y hits de todos los tiempos usando remixes y mashups inauditos.&nbsp;<\/p>\n\n\n\n<p>Sin\u00f3nimo de fiesta desde hace 20 a\u00f1os, Diamante adem\u00e1s es agitador cultural y programador en diferentes ciclos, el m\u00e1s reconocido, Por Amor Al Baile, que se da los veranos en el Centro Cultural Recoleta o los shows con la cabina voladora en las Aperturas de Tecn\u00f3polis, giras por el mundo todo Am\u00e9rica, Europa y hasta Sud\u00e1frica. Agitador cultural y referente de muchos de los DJs de las nuevas generaciones.<\/p>\n\n\n\n<p><strong>JUAN PABLO FRANCOLINI<\/strong><\/p>\n\n\n\n<p>Juan Pablo Francolini se desempe\u00f1a como Investigador y docente con una trayectoria interdisciplinaria que investiga sobre:<\/p>\n\n\n\n<ul class=\"wp-block-list\">\n<li>Historia antigua<\/li>\n\n\n\n<li>Simbolog\u00eda y mitolog\u00eda comparada<\/li>\n\n\n\n<li>Arquitectura sagrada<\/li>\n\n\n\n<li>Astronom\u00eda cultural<\/li>\n\n\n\n<li>Cosmolog\u00eda de Plasma<\/li>\n\n\n\n<li>F\u00edsica de la Cim\u00e1tica<\/li>\n\n\n\n<li>Psicolog\u00eda transpersonal<\/li>\n\n\n\n<li>Bioresonancia y Biofeedback, equipos Metatr\u00f3n, Bio-Well, Energ\u00eda Escalar, Bobinas Tesla, HeartMath, Head Bands Muse<\/li>\n<\/ul>\n\n\n\n<p>Realiz\u00f3 trabajo de campo en distintos pa\u00edses como Per\u00fa, Bolivia, Ecuador, M\u00e9xico, Egipto, Italia y Espa\u00f1a. Su objetivo es abordar la complejidad de la historia, la ciencia, la filosof\u00eda y el arte, desde una pluralidad de perspectivas, integrando conocimientos y disciplinas para alcanzar una s\u00edntesis profunda e innovadora.<\/p>\n\n\n\n<p><\/p>\n","protected":false},"excerpt":{"rendered":"<p>El pr\u00f3ximo domingo 22 de marzo, durante el finde largo, desde las 11:11 horas, la isla Delta Rica se transformar\u00e1 en el escenario de una nueva edici\u00f3n de Quema Quema Club. Bajo el lema \u201cEl arte de transformarse\u201d. A menos de 5 minutos de lancha, entre \u00e1rboles, playa y r\u00edo, el encuentro invita a pasar [&hellip;]<\/p>\n","protected":false},"author":3,"featured_media":28973,"comment_status":"open","ping_status":"closed","sticky":false,"template":"","format":"standard","meta":{"footnotes":""},"categories":[38,39],"tags":[],"class_list":{"0":"post-28971","1":"post","2":"type-post","3":"status-publish","4":"format-standard","5":"has-post-thumbnail","7":"category-actualidad","8":"category-interes-general"},"yoast_head":"<!-- This site is optimized with the Yoast SEO plugin v27.5 - https:\/\/yoast.com\/product\/yoast-seo-wordpress\/ -->\n<title>QUEMA QUEMA CLUB PRESENTA: ENCUENTRO DE MOVIMIENTO, M\u00daSICA Y BIENESTAR EN UNA ISLA DEL DELTA - Sergio Lapegue<\/title>\n<meta name=\"robots\" content=\"index, follow, max-snippet:-1, max-image-preview:large, max-video-preview:-1\" \/>\n<link rel=\"canonical\" href=\"https:\/\/sergiolapegue.com\/site\/2026\/03\/13\/quema-quema-club-presenta-encuentro-de-movimiento-musica-y-bienestar-en-una-isla-del-delta\/\" \/>\n<meta property=\"og:locale\" content=\"es_ES\" \/>\n<meta property=\"og:type\" content=\"article\" \/>\n<meta property=\"og:title\" content=\"QUEMA QUEMA CLUB PRESENTA: ENCUENTRO DE MOVIMIENTO, M\u00daSICA Y BIENESTAR EN UNA ISLA DEL DELTA - Sergio Lapegue\" \/>\n<meta property=\"og:description\" content=\"El pr\u00f3ximo domingo 22 de marzo, durante el finde largo, desde las 11:11 horas, la isla Delta Rica se transformar\u00e1 en el escenario de una nueva edici\u00f3n de Quema Quema Club. Bajo el lema \u201cEl arte de transformarse\u201d. A menos de 5 minutos de lancha, entre \u00e1rboles, playa y r\u00edo, el encuentro invita a pasar [&hellip;]\" \/>\n<meta property=\"og:url\" content=\"https:\/\/sergiolapegue.com\/site\/2026\/03\/13\/quema-quema-club-presenta-encuentro-de-movimiento-musica-y-bienestar-en-una-isla-del-delta\/\" \/>\n<meta property=\"og:site_name\" content=\"Sergio Lapegue\" \/>\n<meta property=\"article:publisher\" content=\"https:\/\/facebook.com\/sergiolapegue\" \/>\n<meta property=\"article:author\" content=\"https:\/\/facebook.com\/danielernesto.montana\" \/>\n<meta property=\"article:published_time\" content=\"2026-03-13T10:00:00+00:00\" \/>\n<meta property=\"og:image\" content=\"https:\/\/sergiolapegue.com\/site\/wp-content\/uploads\/2026\/03\/Quema-quema-club.jpg\" \/>\n\t<meta property=\"og:image:width\" content=\"1000\" \/>\n\t<meta property=\"og:image:height\" content=\"1250\" \/>\n\t<meta property=\"og:image:type\" content=\"image\/jpeg\" \/>\n<meta name=\"author\" content=\"Daniel E. Monta\u00f1a\" \/>\n<meta name=\"twitter:card\" content=\"summary_large_image\" \/>\n<meta name=\"twitter:creator\" content=\"@https:\/\/twitter.com\/daner_004\" \/>\n<meta name=\"twitter:site\" content=\"@sergiolapegue\" \/>\n<meta name=\"twitter:label1\" content=\"Escrito por\" \/>\n\t<meta name=\"twitter:data1\" content=\"Daniel E. Monta\u00f1a\" \/>\n\t<meta name=\"twitter:label2\" content=\"Tiempo de lectura\" \/>\n\t<meta name=\"twitter:data2\" content=\"7 minutos\" \/>\n<script type=\"application\/ld+json\" class=\"yoast-schema-graph\">{\"@context\":\"https:\\\/\\\/schema.org\",\"@graph\":[{\"@type\":\"Article\",\"@id\":\"https:\\\/\\\/sergiolapegue.com\\\/site\\\/2026\\\/03\\\/13\\\/quema-quema-club-presenta-encuentro-de-movimiento-musica-y-bienestar-en-una-isla-del-delta\\\/#article\",\"isPartOf\":{\"@id\":\"https:\\\/\\\/sergiolapegue.com\\\/site\\\/2026\\\/03\\\/13\\\/quema-quema-club-presenta-encuentro-de-movimiento-musica-y-bienestar-en-una-isla-del-delta\\\/\"},\"author\":{\"name\":\"Daniel E. Monta\u00f1a\",\"@id\":\"https:\\\/\\\/sergiolapegue.com\\\/site\\\/#\\\/schema\\\/person\\\/9198e7dbab43c6d74d0fd5399af7c3cd\"},\"headline\":\"QUEMA QUEMA CLUB PRESENTA: ENCUENTRO DE MOVIMIENTO, M\u00daSICA Y BIENESTAR EN UNA ISLA DEL DELTA\",\"datePublished\":\"2026-03-13T10:00:00+00:00\",\"mainEntityOfPage\":{\"@id\":\"https:\\\/\\\/sergiolapegue.com\\\/site\\\/2026\\\/03\\\/13\\\/quema-quema-club-presenta-encuentro-de-movimiento-musica-y-bienestar-en-una-isla-del-delta\\\/\"},\"wordCount\":1448,\"commentCount\":0,\"publisher\":{\"@id\":\"https:\\\/\\\/sergiolapegue.com\\\/site\\\/#\\\/schema\\\/person\\\/083aeceeb0734cd166779ea6c0551a37\"},\"image\":{\"@id\":\"https:\\\/\\\/sergiolapegue.com\\\/site\\\/2026\\\/03\\\/13\\\/quema-quema-club-presenta-encuentro-de-movimiento-musica-y-bienestar-en-una-isla-del-delta\\\/#primaryimage\"},\"thumbnailUrl\":\"https:\\\/\\\/sergiolapegue.com\\\/site\\\/wp-content\\\/uploads\\\/2026\\\/03\\\/Quema-quema-club.jpg\",\"articleSection\":[\"Actualidad\",\"Inter\u00e9s General\"],\"inLanguage\":\"es-AR\",\"potentialAction\":[{\"@type\":\"CommentAction\",\"name\":\"Comment\",\"target\":[\"https:\\\/\\\/sergiolapegue.com\\\/site\\\/2026\\\/03\\\/13\\\/quema-quema-club-presenta-encuentro-de-movimiento-musica-y-bienestar-en-una-isla-del-delta\\\/#respond\"]}]},{\"@type\":\"WebPage\",\"@id\":\"https:\\\/\\\/sergiolapegue.com\\\/site\\\/2026\\\/03\\\/13\\\/quema-quema-club-presenta-encuentro-de-movimiento-musica-y-bienestar-en-una-isla-del-delta\\\/\",\"url\":\"https:\\\/\\\/sergiolapegue.com\\\/site\\\/2026\\\/03\\\/13\\\/quema-quema-club-presenta-encuentro-de-movimiento-musica-y-bienestar-en-una-isla-del-delta\\\/\",\"name\":\"QUEMA QUEMA CLUB PRESENTA: ENCUENTRO DE MOVIMIENTO, M\u00daSICA Y BIENESTAR EN UNA ISLA DEL DELTA - Sergio Lapegue\",\"isPartOf\":{\"@id\":\"https:\\\/\\\/sergiolapegue.com\\\/site\\\/#website\"},\"primaryImageOfPage\":{\"@id\":\"https:\\\/\\\/sergiolapegue.com\\\/site\\\/2026\\\/03\\\/13\\\/quema-quema-club-presenta-encuentro-de-movimiento-musica-y-bienestar-en-una-isla-del-delta\\\/#primaryimage\"},\"image\":{\"@id\":\"https:\\\/\\\/sergiolapegue.com\\\/site\\\/2026\\\/03\\\/13\\\/quema-quema-club-presenta-encuentro-de-movimiento-musica-y-bienestar-en-una-isla-del-delta\\\/#primaryimage\"},\"thumbnailUrl\":\"https:\\\/\\\/sergiolapegue.com\\\/site\\\/wp-content\\\/uploads\\\/2026\\\/03\\\/Quema-quema-club.jpg\",\"datePublished\":\"2026-03-13T10:00:00+00:00\",\"breadcrumb\":{\"@id\":\"https:\\\/\\\/sergiolapegue.com\\\/site\\\/2026\\\/03\\\/13\\\/quema-quema-club-presenta-encuentro-de-movimiento-musica-y-bienestar-en-una-isla-del-delta\\\/#breadcrumb\"},\"inLanguage\":\"es-AR\",\"potentialAction\":[{\"@type\":\"ReadAction\",\"target\":[\"https:\\\/\\\/sergiolapegue.com\\\/site\\\/2026\\\/03\\\/13\\\/quema-quema-club-presenta-encuentro-de-movimiento-musica-y-bienestar-en-una-isla-del-delta\\\/\"]}]},{\"@type\":\"ImageObject\",\"inLanguage\":\"es-AR\",\"@id\":\"https:\\\/\\\/sergiolapegue.com\\\/site\\\/2026\\\/03\\\/13\\\/quema-quema-club-presenta-encuentro-de-movimiento-musica-y-bienestar-en-una-isla-del-delta\\\/#primaryimage\",\"url\":\"https:\\\/\\\/sergiolapegue.com\\\/site\\\/wp-content\\\/uploads\\\/2026\\\/03\\\/Quema-quema-club.jpg\",\"contentUrl\":\"https:\\\/\\\/sergiolapegue.com\\\/site\\\/wp-content\\\/uploads\\\/2026\\\/03\\\/Quema-quema-club.jpg\",\"width\":1000,\"height\":1250},{\"@type\":\"BreadcrumbList\",\"@id\":\"https:\\\/\\\/sergiolapegue.com\\\/site\\\/2026\\\/03\\\/13\\\/quema-quema-club-presenta-encuentro-de-movimiento-musica-y-bienestar-en-una-isla-del-delta\\\/#breadcrumb\",\"itemListElement\":[{\"@type\":\"ListItem\",\"position\":1,\"name\":\"Inicio\",\"item\":\"https:\\\/\\\/sergiolapegue.com\\\/site\\\/\"},{\"@type\":\"ListItem\",\"position\":2,\"name\":\"QUEMA QUEMA CLUB PRESENTA: ENCUENTRO DE MOVIMIENTO, M\u00daSICA Y BIENESTAR EN UNA ISLA DEL DELTA\"}]},{\"@type\":\"WebSite\",\"@id\":\"https:\\\/\\\/sergiolapegue.com\\\/site\\\/#website\",\"url\":\"https:\\\/\\\/sergiolapegue.com\\\/site\\\/\",\"name\":\"Sergio Lapegue\",\"description\":\"Periodista\",\"publisher\":{\"@id\":\"https:\\\/\\\/sergiolapegue.com\\\/site\\\/#\\\/schema\\\/person\\\/083aeceeb0734cd166779ea6c0551a37\"},\"potentialAction\":[{\"@type\":\"SearchAction\",\"target\":{\"@type\":\"EntryPoint\",\"urlTemplate\":\"https:\\\/\\\/sergiolapegue.com\\\/site\\\/?s={search_term_string}\"},\"query-input\":{\"@type\":\"PropertyValueSpecification\",\"valueRequired\":true,\"valueName\":\"search_term_string\"}}],\"inLanguage\":\"es-AR\"},{\"@type\":[\"Person\",\"Organization\"],\"@id\":\"https:\\\/\\\/sergiolapegue.com\\\/site\\\/#\\\/schema\\\/person\\\/083aeceeb0734cd166779ea6c0551a37\",\"name\":\"Sergio Lapegue\",\"image\":{\"@type\":\"ImageObject\",\"inLanguage\":\"es-AR\",\"@id\":\"https:\\\/\\\/sergiolapegue.com\\\/site\\\/wp-content\\\/uploads\\\/2021\\\/04\\\/logo_header-1.png\",\"url\":\"https:\\\/\\\/sergiolapegue.com\\\/site\\\/wp-content\\\/uploads\\\/2021\\\/04\\\/logo_header-1.png\",\"contentUrl\":\"https:\\\/\\\/sergiolapegue.com\\\/site\\\/wp-content\\\/uploads\\\/2021\\\/04\\\/logo_header-1.png\",\"width\":272,\"height\":90,\"caption\":\"Sergio Lapegue\"},\"logo\":{\"@id\":\"https:\\\/\\\/sergiolapegue.com\\\/site\\\/wp-content\\\/uploads\\\/2021\\\/04\\\/logo_header-1.png\"},\"sameAs\":[\"https:\\\/\\\/facebook.com\\\/sergiolapegue\",\"https:\\\/\\\/instagram.com\\\/sergiolapegue\",\"https:\\\/\\\/x.com\\\/https:\\\/\\\/twitter.com\\\/sergiolapegue\"]},{\"@type\":\"Person\",\"@id\":\"https:\\\/\\\/sergiolapegue.com\\\/site\\\/#\\\/schema\\\/person\\\/9198e7dbab43c6d74d0fd5399af7c3cd\",\"name\":\"Daniel E. Monta\u00f1a\",\"image\":{\"@type\":\"ImageObject\",\"inLanguage\":\"es-AR\",\"@id\":\"https:\\\/\\\/sergiolapegue.com\\\/site\\\/wp-content\\\/uploads\\\/2021\\\/04\\\/sl_avatar_Daniel-150x150.jpg\",\"url\":\"https:\\\/\\\/sergiolapegue.com\\\/site\\\/wp-content\\\/uploads\\\/2021\\\/04\\\/sl_avatar_Daniel-150x150.jpg\",\"contentUrl\":\"https:\\\/\\\/sergiolapegue.com\\\/site\\\/wp-content\\\/uploads\\\/2021\\\/04\\\/sl_avatar_Daniel-150x150.jpg\",\"caption\":\"Daniel E. Monta\u00f1a\"},\"sameAs\":[\"https:\\\/\\\/facebook.com\\\/danielernesto.montana\",\"https:\\\/\\\/instagram.com\\\/daniel_montana1961\",\"https:\\\/\\\/x.com\\\/https:\\\/\\\/twitter.com\\\/daner_004\"],\"url\":\"https:\\\/\\\/sergiolapegue.com\\\/site\\\/author\\\/daniel\\\/\"}]}<\/script>\n<!-- \/ Yoast SEO plugin. -->","yoast_head_json":{"title":"QUEMA QUEMA CLUB PRESENTA: ENCUENTRO DE MOVIMIENTO, M\u00daSICA Y BIENESTAR EN UNA ISLA DEL DELTA - Sergio Lapegue","robots":{"index":"index","follow":"follow","max-snippet":"max-snippet:-1","max-image-preview":"max-image-preview:large","max-video-preview":"max-video-preview:-1"},"canonical":"https:\/\/sergiolapegue.com\/site\/2026\/03\/13\/quema-quema-club-presenta-encuentro-de-movimiento-musica-y-bienestar-en-una-isla-del-delta\/","og_locale":"es_ES","og_type":"article","og_title":"QUEMA QUEMA CLUB PRESENTA: ENCUENTRO DE MOVIMIENTO, M\u00daSICA Y BIENESTAR EN UNA ISLA DEL DELTA - Sergio Lapegue","og_description":"El pr\u00f3ximo domingo 22 de marzo, durante el finde largo, desde las 11:11 horas, la isla Delta Rica se transformar\u00e1 en el escenario de una nueva edici\u00f3n de Quema Quema Club. Bajo el lema \u201cEl arte de transformarse\u201d. A menos de 5 minutos de lancha, entre \u00e1rboles, playa y r\u00edo, el encuentro invita a pasar [&hellip;]","og_url":"https:\/\/sergiolapegue.com\/site\/2026\/03\/13\/quema-quema-club-presenta-encuentro-de-movimiento-musica-y-bienestar-en-una-isla-del-delta\/","og_site_name":"Sergio Lapegue","article_publisher":"https:\/\/facebook.com\/sergiolapegue","article_author":"https:\/\/facebook.com\/danielernesto.montana","article_published_time":"2026-03-13T10:00:00+00:00","og_image":[{"width":1000,"height":1250,"url":"https:\/\/sergiolapegue.com\/site\/wp-content\/uploads\/2026\/03\/Quema-quema-club.jpg","type":"image\/jpeg"}],"author":"Daniel E. Monta\u00f1a","twitter_card":"summary_large_image","twitter_creator":"@https:\/\/twitter.com\/daner_004","twitter_site":"@sergiolapegue","twitter_misc":{"Escrito por":"Daniel E. Monta\u00f1a","Tiempo de lectura":"7 minutos"},"schema":{"@context":"https:\/\/schema.org","@graph":[{"@type":"Article","@id":"https:\/\/sergiolapegue.com\/site\/2026\/03\/13\/quema-quema-club-presenta-encuentro-de-movimiento-musica-y-bienestar-en-una-isla-del-delta\/#article","isPartOf":{"@id":"https:\/\/sergiolapegue.com\/site\/2026\/03\/13\/quema-quema-club-presenta-encuentro-de-movimiento-musica-y-bienestar-en-una-isla-del-delta\/"},"author":{"name":"Daniel E. Monta\u00f1a","@id":"https:\/\/sergiolapegue.com\/site\/#\/schema\/person\/9198e7dbab43c6d74d0fd5399af7c3cd"},"headline":"QUEMA QUEMA CLUB PRESENTA: ENCUENTRO DE MOVIMIENTO, M\u00daSICA Y BIENESTAR EN UNA ISLA DEL DELTA","datePublished":"2026-03-13T10:00:00+00:00","mainEntityOfPage":{"@id":"https:\/\/sergiolapegue.com\/site\/2026\/03\/13\/quema-quema-club-presenta-encuentro-de-movimiento-musica-y-bienestar-en-una-isla-del-delta\/"},"wordCount":1448,"commentCount":0,"publisher":{"@id":"https:\/\/sergiolapegue.com\/site\/#\/schema\/person\/083aeceeb0734cd166779ea6c0551a37"},"image":{"@id":"https:\/\/sergiolapegue.com\/site\/2026\/03\/13\/quema-quema-club-presenta-encuentro-de-movimiento-musica-y-bienestar-en-una-isla-del-delta\/#primaryimage"},"thumbnailUrl":"https:\/\/sergiolapegue.com\/site\/wp-content\/uploads\/2026\/03\/Quema-quema-club.jpg","articleSection":["Actualidad","Inter\u00e9s General"],"inLanguage":"es-AR","potentialAction":[{"@type":"CommentAction","name":"Comment","target":["https:\/\/sergiolapegue.com\/site\/2026\/03\/13\/quema-quema-club-presenta-encuentro-de-movimiento-musica-y-bienestar-en-una-isla-del-delta\/#respond"]}]},{"@type":"WebPage","@id":"https:\/\/sergiolapegue.com\/site\/2026\/03\/13\/quema-quema-club-presenta-encuentro-de-movimiento-musica-y-bienestar-en-una-isla-del-delta\/","url":"https:\/\/sergiolapegue.com\/site\/2026\/03\/13\/quema-quema-club-presenta-encuentro-de-movimiento-musica-y-bienestar-en-una-isla-del-delta\/","name":"QUEMA QUEMA CLUB PRESENTA: ENCUENTRO DE MOVIMIENTO, M\u00daSICA Y BIENESTAR EN UNA ISLA DEL DELTA - Sergio Lapegue","isPartOf":{"@id":"https:\/\/sergiolapegue.com\/site\/#website"},"primaryImageOfPage":{"@id":"https:\/\/sergiolapegue.com\/site\/2026\/03\/13\/quema-quema-club-presenta-encuentro-de-movimiento-musica-y-bienestar-en-una-isla-del-delta\/#primaryimage"},"image":{"@id":"https:\/\/sergiolapegue.com\/site\/2026\/03\/13\/quema-quema-club-presenta-encuentro-de-movimiento-musica-y-bienestar-en-una-isla-del-delta\/#primaryimage"},"thumbnailUrl":"https:\/\/sergiolapegue.com\/site\/wp-content\/uploads\/2026\/03\/Quema-quema-club.jpg","datePublished":"2026-03-13T10:00:00+00:00","breadcrumb":{"@id":"https:\/\/sergiolapegue.com\/site\/2026\/03\/13\/quema-quema-club-presenta-encuentro-de-movimiento-musica-y-bienestar-en-una-isla-del-delta\/#breadcrumb"},"inLanguage":"es-AR","potentialAction":[{"@type":"ReadAction","target":["https:\/\/sergiolapegue.com\/site\/2026\/03\/13\/quema-quema-club-presenta-encuentro-de-movimiento-musica-y-bienestar-en-una-isla-del-delta\/"]}]},{"@type":"ImageObject","inLanguage":"es-AR","@id":"https:\/\/sergiolapegue.com\/site\/2026\/03\/13\/quema-quema-club-presenta-encuentro-de-movimiento-musica-y-bienestar-en-una-isla-del-delta\/#primaryimage","url":"https:\/\/sergiolapegue.com\/site\/wp-content\/uploads\/2026\/03\/Quema-quema-club.jpg","contentUrl":"https:\/\/sergiolapegue.com\/site\/wp-content\/uploads\/2026\/03\/Quema-quema-club.jpg","width":1000,"height":1250},{"@type":"BreadcrumbList","@id":"https:\/\/sergiolapegue.com\/site\/2026\/03\/13\/quema-quema-club-presenta-encuentro-de-movimiento-musica-y-bienestar-en-una-isla-del-delta\/#breadcrumb","itemListElement":[{"@type":"ListItem","position":1,"name":"Inicio","item":"https:\/\/sergiolapegue.com\/site\/"},{"@type":"ListItem","position":2,"name":"QUEMA QUEMA CLUB PRESENTA: ENCUENTRO DE MOVIMIENTO, M\u00daSICA Y BIENESTAR EN UNA ISLA DEL DELTA"}]},{"@type":"WebSite","@id":"https:\/\/sergiolapegue.com\/site\/#website","url":"https:\/\/sergiolapegue.com\/site\/","name":"Sergio Lapegue","description":"Periodista","publisher":{"@id":"https:\/\/sergiolapegue.com\/site\/#\/schema\/person\/083aeceeb0734cd166779ea6c0551a37"},"potentialAction":[{"@type":"SearchAction","target":{"@type":"EntryPoint","urlTemplate":"https:\/\/sergiolapegue.com\/site\/?s={search_term_string}"},"query-input":{"@type":"PropertyValueSpecification","valueRequired":true,"valueName":"search_term_string"}}],"inLanguage":"es-AR"},{"@type":["Person","Organization"],"@id":"https:\/\/sergiolapegue.com\/site\/#\/schema\/person\/083aeceeb0734cd166779ea6c0551a37","name":"Sergio Lapegue","image":{"@type":"ImageObject","inLanguage":"es-AR","@id":"https:\/\/sergiolapegue.com\/site\/wp-content\/uploads\/2021\/04\/logo_header-1.png","url":"https:\/\/sergiolapegue.com\/site\/wp-content\/uploads\/2021\/04\/logo_header-1.png","contentUrl":"https:\/\/sergiolapegue.com\/site\/wp-content\/uploads\/2021\/04\/logo_header-1.png","width":272,"height":90,"caption":"Sergio Lapegue"},"logo":{"@id":"https:\/\/sergiolapegue.com\/site\/wp-content\/uploads\/2021\/04\/logo_header-1.png"},"sameAs":["https:\/\/facebook.com\/sergiolapegue","https:\/\/instagram.com\/sergiolapegue","https:\/\/x.com\/https:\/\/twitter.com\/sergiolapegue"]},{"@type":"Person","@id":"https:\/\/sergiolapegue.com\/site\/#\/schema\/person\/9198e7dbab43c6d74d0fd5399af7c3cd","name":"Daniel E. Monta\u00f1a","image":{"@type":"ImageObject","inLanguage":"es-AR","@id":"https:\/\/sergiolapegue.com\/site\/wp-content\/uploads\/2021\/04\/sl_avatar_Daniel-150x150.jpg","url":"https:\/\/sergiolapegue.com\/site\/wp-content\/uploads\/2021\/04\/sl_avatar_Daniel-150x150.jpg","contentUrl":"https:\/\/sergiolapegue.com\/site\/wp-content\/uploads\/2021\/04\/sl_avatar_Daniel-150x150.jpg","caption":"Daniel E. Monta\u00f1a"},"sameAs":["https:\/\/facebook.com\/danielernesto.montana","https:\/\/instagram.com\/daniel_montana1961","https:\/\/x.com\/https:\/\/twitter.com\/daner_004"],"url":"https:\/\/sergiolapegue.com\/site\/author\/daniel\/"}]}},"_links":{"self":[{"href":"https:\/\/sergiolapegue.com\/site\/wp-json\/wp\/v2\/posts\/28971","targetHints":{"allow":["GET"]}}],"collection":[{"href":"https:\/\/sergiolapegue.com\/site\/wp-json\/wp\/v2\/posts"}],"about":[{"href":"https:\/\/sergiolapegue.com\/site\/wp-json\/wp\/v2\/types\/post"}],"author":[{"embeddable":true,"href":"https:\/\/sergiolapegue.com\/site\/wp-json\/wp\/v2\/users\/3"}],"replies":[{"embeddable":true,"href":"https:\/\/sergiolapegue.com\/site\/wp-json\/wp\/v2\/comments?post=28971"}],"version-history":[{"count":1,"href":"https:\/\/sergiolapegue.com\/site\/wp-json\/wp\/v2\/posts\/28971\/revisions"}],"predecessor-version":[{"id":28974,"href":"https:\/\/sergiolapegue.com\/site\/wp-json\/wp\/v2\/posts\/28971\/revisions\/28974"}],"wp:featuredmedia":[{"embeddable":true,"href":"https:\/\/sergiolapegue.com\/site\/wp-json\/wp\/v2\/media\/28973"}],"wp:attachment":[{"href":"https:\/\/sergiolapegue.com\/site\/wp-json\/wp\/v2\/media?parent=28971"}],"wp:term":[{"taxonomy":"category","embeddable":true,"href":"https:\/\/sergiolapegue.com\/site\/wp-json\/wp\/v2\/categories?post=28971"},{"taxonomy":"post_tag","embeddable":true,"href":"https:\/\/sergiolapegue.com\/site\/wp-json\/wp\/v2\/tags?post=28971"}],"curies":[{"name":"wp","href":"https:\/\/api.w.org\/{rel}","templated":true}]}}