{"id":28731,"date":"2026-03-05T07:00:00","date_gmt":"2026-03-05T10:00:00","guid":{"rendered":"https:\/\/sergiolapegue.com\/site\/?p=28731"},"modified":"2026-03-05T00:31:20","modified_gmt":"2026-03-05T03:31:20","slug":"chau-macoco-en-el-teatro-regio","status":"publish","type":"post","link":"https:\/\/sergiolapegue.com\/site\/2026\/03\/05\/chau-macoco-en-el-teatro-regio\/","title":{"rendered":"\u201c\u00a1CHAU, MACOCO!\u201d EN EL TEATRO REGIO"},"content":{"rendered":"\n<p>La consagrada Banda de Teatro Los Macocos&nbsp;reestrena&nbsp;su \u00faltimo espect\u00e1culo bajo la direcci\u00f3n de Mariana Chaud, en coincidencia con la celebraci\u00f3n de sus 40 a\u00f1os de trayectoria.<\/p>\n\n\n\n<p>El jueves&nbsp;27 de febrero&nbsp;comenz\u00f3la segunda temporada de&nbsp;\u00a1Chau, Macoco!,esta vezen el Teatro Regio. Escrita por Mariana Chaud y los cuatro integrantes de Los Macocos \u2014 Daniel Casablanca, Mart\u00edn Salazar, Gabriel Wolf y Marcelo Xicarts \u2014, y dirigida por la misma Chaud, se estren\u00f3 en 2025, en el marco de la celebraci\u00f3n de los 40 a\u00f1os de existencia del grupo. Se trata de un biodrama ap\u00f3crifo y at\u00edpico, donde reconstruyen la \u00e9pica de esta banda, que estren\u00f3 su primer espect\u00e1culo en 1985 en el teatro El Parque (del grupo Los Volatineros).<\/p>\n\n\n\n<p>Este proyecto cuenta con el acompa\u00f1amiento de Fundaci\u00f3n Santander Argentina, a trav\u00e9s del R\u00e9gimen de Promoci\u00f3n Cultural (Mecenazgo)&nbsp;del Ministerio de Cultura de la Ciudad de Buenos Aires.&nbsp;<\/p>\n\n\n\n<p>Es una producci\u00f3n de: Complejo Teatral de Buenos Aires.<\/p>\n\n\n\n<figure class=\"wp-block-image size-full\"><img loading=\"lazy\" decoding=\"async\" width=\"1000\" height=\"697\" src=\"https:\/\/sergiolapegue.com\/site\/wp-content\/uploads\/2026\/03\/Chau-Macoco-1.jpg\" alt=\"\" class=\"wp-image-28732\" srcset=\"https:\/\/sergiolapegue.com\/site\/wp-content\/uploads\/2026\/03\/Chau-Macoco-1.jpg 1000w, https:\/\/sergiolapegue.com\/site\/wp-content\/uploads\/2026\/03\/Chau-Macoco-1-300x209.jpg 300w, https:\/\/sergiolapegue.com\/site\/wp-content\/uploads\/2026\/03\/Chau-Macoco-1-768x535.jpg 768w, https:\/\/sergiolapegue.com\/site\/wp-content\/uploads\/2026\/03\/Chau-Macoco-1-603x420.jpg 603w, https:\/\/sergiolapegue.com\/site\/wp-content\/uploads\/2026\/03\/Chau-Macoco-1-696x485.jpg 696w\" sizes=\"auto, (max-width: 1000px) 100vw, 1000px\" \/><\/figure>\n\n\n\n<p><strong>SINOPSIS<\/strong><strong><\/strong><\/p>\n\n\n\n<p>\u00a1Chau, Macoco!&nbsp;es un biodrama ap\u00f3crifo y at\u00edpico, o se podr\u00eda decir un \u201cviudrama\u201d. En \u00e9l Los Macocos reconstruyen la \u00e9pica de cuarenta a\u00f1os de grupo. Las cuatro viudas de Los Macocos se juntan a esparcir las cenizas de sus maridos, integrantes del grupo, en un teatro.<\/p>\n\n\n\n<p>Durante este encuentro las disputas por dinero, cartel y enga\u00f1os se suceden revel\u00e1ndonos lo cerca que se encuentra la exageraci\u00f3n de la verdad.<\/p>\n\n\n\n<p>Adem\u00e1s se visitan las biograf\u00edas de Los Macocos en clave documental desde los beb\u00e9s que fueron, pasando por los&nbsp;retazos de su formaci\u00f3n teatral estricta, r\u00edgida, dura como sus cuerpos,&nbsp;hasta sus \u00faltimos suspiros.&nbsp;\u00a1Chau, Macoco!&nbsp;se apoya en el humor para distorsionar, exagerar y fantasear sobre el pasado conjunto. La memoria es escurridiza y los recuerdos son un relato posible. Cuando se trata de un grupo que est\u00e1 cumpliendo cuarenta a\u00f1os haciendo (o deshaciendo) teatro, esa memoria com\u00fan es una parte vital de esta&nbsp;\u201cbanda\u201d.<\/p>\n\n\n\n<figure class=\"wp-block-image size-full\"><img loading=\"lazy\" decoding=\"async\" width=\"1000\" height=\"778\" src=\"https:\/\/sergiolapegue.com\/site\/wp-content\/uploads\/2026\/03\/Chau-Macoco-2.jpg\" alt=\"\" class=\"wp-image-28733\" srcset=\"https:\/\/sergiolapegue.com\/site\/wp-content\/uploads\/2026\/03\/Chau-Macoco-2.jpg 1000w, https:\/\/sergiolapegue.com\/site\/wp-content\/uploads\/2026\/03\/Chau-Macoco-2-300x233.jpg 300w, https:\/\/sergiolapegue.com\/site\/wp-content\/uploads\/2026\/03\/Chau-Macoco-2-768x598.jpg 768w, https:\/\/sergiolapegue.com\/site\/wp-content\/uploads\/2026\/03\/Chau-Macoco-2-540x420.jpg 540w, https:\/\/sergiolapegue.com\/site\/wp-content\/uploads\/2026\/03\/Chau-Macoco-2-696x541.jpg 696w\" sizes=\"auto, (max-width: 1000px) 100vw, 1000px\" \/><\/figure>\n\n\n\n<p><strong>FICHA T\u00c9CNICO ART\u00cdSTICA<\/strong><\/p>\n\n\n\n<p><strong>Dramaturgia:<\/strong>&nbsp;Mariana Chaud&nbsp;<\/p>\n\n\n\n<p><strong>Los Macocos son:<\/strong>&nbsp;Daniel Casablanca, Mart\u00edn Salazar, Gabriel Wolf, Marcelo Xicarts&nbsp;<\/p>\n\n\n\n<p><strong>Voz en off:<\/strong>&nbsp;Pedro Saborido<\/p>\n\n\n\n<p><strong>Dise\u00f1o de escenograf\u00eda:<\/strong>&nbsp;Ariel Vaccaro, Paola Delgado&nbsp;<\/p>\n\n\n\n<p><strong>Dise\u00f1o de vestuario:<\/strong>&nbsp;Anal\u00eda Morales&nbsp;<\/p>\n\n\n\n<p><strong>Dise\u00f1o de iluminaci\u00f3n:<\/strong>&nbsp;Eli Sirlin&nbsp;<\/p>\n\n\n\n<p><strong>M\u00fasica original:<\/strong>&nbsp;Los Macocos y Tomi Rodr\u00edguez&nbsp;<\/p>\n\n\n\n<p><strong>Arreglos musicales:<\/strong>&nbsp;Tomi Rodr\u00edguez<\/p>\n\n\n\n<p><strong>Dise\u00f1o sonoro:<\/strong>&nbsp;Tomi Rodr\u00edguez<\/p>\n\n\n\n<p><strong>Coreograf\u00eda:<\/strong>&nbsp;Luciana Acu\u00f1a&nbsp;<\/p>\n\n\n\n<p><strong>Prensa:<\/strong>&nbsp;Natalia Bocca<\/p>\n\n\n\n<p><strong>Asistente de direcci\u00f3n:<\/strong>&nbsp;Jimena Morrone&nbsp;<\/p>\n\n\n\n<p><strong>Producci\u00f3n Macocal:<\/strong>&nbsp;Jimena Morrone&nbsp;<\/p>\n\n\n\n<p><strong>Direcci\u00f3n:<\/strong>&nbsp;Mariana Chaud&nbsp;<\/p>\n\n\n\n<p><strong>Duraci\u00f3n:<\/strong> 110 minutos<\/p>\n\n\n\n<p><strong>Clasificaci\u00f3n:<\/strong> Teatro \u2013 Presencial \u2013 Adultos \u2013 Humor<\/p>\n\n\n\n<figure class=\"wp-block-image size-full\"><img loading=\"lazy\" decoding=\"async\" width=\"1000\" height=\"778\" src=\"https:\/\/sergiolapegue.com\/site\/wp-content\/uploads\/2026\/03\/Chau-Macoco-4.jpg\" alt=\"\" class=\"wp-image-28734\" srcset=\"https:\/\/sergiolapegue.com\/site\/wp-content\/uploads\/2026\/03\/Chau-Macoco-4.jpg 1000w, https:\/\/sergiolapegue.com\/site\/wp-content\/uploads\/2026\/03\/Chau-Macoco-4-300x233.jpg 300w, https:\/\/sergiolapegue.com\/site\/wp-content\/uploads\/2026\/03\/Chau-Macoco-4-768x598.jpg 768w, https:\/\/sergiolapegue.com\/site\/wp-content\/uploads\/2026\/03\/Chau-Macoco-4-540x420.jpg 540w, https:\/\/sergiolapegue.com\/site\/wp-content\/uploads\/2026\/03\/Chau-Macoco-4-696x541.jpg 696w\" sizes=\"auto, (max-width: 1000px) 100vw, 1000px\" \/><\/figure>\n\n\n\n<p><strong>TEATRO REGIO<\/strong><strong><\/strong><\/p>\n\n\n\n<p>Av. C\u00f3rdoba 6056 \u2013 Capital Federal \u2013 Buenos Aires \u2013 Argentina<\/p>\n\n\n\n<p>Tel\u00e9fono: 4772-3350<\/p>\n\n\n\n<p>Entradas: $ 18.000 \u2013 d\u00edas jueves $ 10.000 &#8211; en boleter\u00eda del teatro o a trav\u00e9s de<\/p>\n\n\n\n<p><a href=\"https:\/\/entradasba.buenosaires.gob.ar\/evento\/67826298-9dd3-4680-bf3f-d3d652a513c0\">Entradas BA &#8211; \u00a1Chau, Macoco!<\/a><\/p>\n\n\n\n<p>Funciones: De Jueves a Domingos 20:00 horas \u2013 Desde el 26\/02\/2026<\/p>\n\n\n\n<p>Gracias Natalia Bocca por hacernos llegar la gacetilla de prensa de la segunda temporada de este excelente espect\u00e1culo.<\/p>\n\n\n\n<figure class=\"wp-block-image size-full is-resized\"><img loading=\"lazy\" decoding=\"async\" width=\"1000\" height=\"667\" src=\"https:\/\/sergiolapegue.com\/site\/wp-content\/uploads\/2026\/03\/Chau-Macoco-LOS-MACOCOS.jpg\" alt=\"\" class=\"wp-image-28735\" style=\"aspect-ratio:1.4992931672837428;width:339px;height:auto\" srcset=\"https:\/\/sergiolapegue.com\/site\/wp-content\/uploads\/2026\/03\/Chau-Macoco-LOS-MACOCOS.jpg 1000w, https:\/\/sergiolapegue.com\/site\/wp-content\/uploads\/2026\/03\/Chau-Macoco-LOS-MACOCOS-300x200.jpg 300w, https:\/\/sergiolapegue.com\/site\/wp-content\/uploads\/2026\/03\/Chau-Macoco-LOS-MACOCOS-768x512.jpg 768w, https:\/\/sergiolapegue.com\/site\/wp-content\/uploads\/2026\/03\/Chau-Macoco-LOS-MACOCOS-630x420.jpg 630w, https:\/\/sergiolapegue.com\/site\/wp-content\/uploads\/2026\/03\/Chau-Macoco-LOS-MACOCOS-696x464.jpg 696w\" sizes=\"auto, (max-width: 1000px) 100vw, 1000px\" \/><\/figure>\n\n\n\n<p><strong>SOBRE LOS MACOCOS<\/strong><strong><\/strong><\/p>\n\n\n\n<p>Es un grupo teatral independiente que, desde su fundaci\u00f3n en 1985, ya lleva estrenados 20 espect\u00e1culos.<\/p>\n\n\n\n<p>Integrada por Daniel Casablanca, Mart\u00edn Salazar, Gabriel Wolf y Marcelo Xicarts, esta agrupaci\u00f3n (nacida en la ENAD, ex Conservatorio Nacional y actual UNA)&nbsp;ha transitado todos los circuitos teatrales&nbsp;\u2014tanto el comercial, como el oficial y los circuitos alternativos\/independientes\u2014&nbsp;con gran respuesta de p\u00fablico en cada nuevo espect\u00e1culo, al punto de tener ya una masa fiel que, obra tras obra, no duda en volver a verlos.<\/p>\n\n\n\n<p>Teniendo como matriz su particular humor y el juego teatral (ya una marca registrada), no deja de lado un punto de vista sobre el estado de las cosas y una&nbsp;\u201copini\u00f3n\u201d sobre ese&nbsp;statu quo.<\/p>\n\n\n\n<p>Espect\u00e1culos como&nbsp;La fabulosa historia de los inolvidables Marrapodi&nbsp;son estudiados en universidades, no s\u00f3lo de Argentina, sino del mundo, para investigar sobre la historia del teatro nacional. Dicha obra fue estrenada en el Complejo Teatral de Buenos Aires, as\u00ed como&nbsp;Los Albornoz,&nbsp;Supercrisol, Andr\u00f3cles y el le\u00f3n&nbsp;o&nbsp;\u00a1Todo a la basura!, adem\u00e1s de retrospectivas que incluyeron otras obras como&nbsp;Continente viril&nbsp;y&nbsp;F\u00e1bula de la princesa Turandot.<\/p>\n\n\n\n<p>En el Teatro Cervantes estrenaron&nbsp;Don Juan de ac\u00e1&nbsp;y&nbsp;Don Quijote de las Pampas. Su \u00faltimo espect\u00e1culo fue&nbsp;Maten a Hamlet.<\/p>\n\n\n\n<p>A lo largo de estos 40 a\u00f1os, Los Macocos han recibido diversas nominaciones y premios,&nbsp; han realizado giras a nivel nacional y han participado en numerosos festivales internacionales.<\/p>\n\n\n\n<figure class=\"wp-block-image size-full is-resized\"><img loading=\"lazy\" decoding=\"async\" width=\"1000\" height=\"992\" src=\"https:\/\/sergiolapegue.com\/site\/wp-content\/uploads\/2026\/03\/Chau-Macoco-Mariana-Chaud.jpg\" alt=\"\" class=\"wp-image-28736\" style=\"aspect-ratio:1.0080792993414354;width:336px;height:auto\" srcset=\"https:\/\/sergiolapegue.com\/site\/wp-content\/uploads\/2026\/03\/Chau-Macoco-Mariana-Chaud.jpg 1000w, https:\/\/sergiolapegue.com\/site\/wp-content\/uploads\/2026\/03\/Chau-Macoco-Mariana-Chaud-300x298.jpg 300w, https:\/\/sergiolapegue.com\/site\/wp-content\/uploads\/2026\/03\/Chau-Macoco-Mariana-Chaud-150x150.jpg 150w, https:\/\/sergiolapegue.com\/site\/wp-content\/uploads\/2026\/03\/Chau-Macoco-Mariana-Chaud-768x762.jpg 768w, https:\/\/sergiolapegue.com\/site\/wp-content\/uploads\/2026\/03\/Chau-Macoco-Mariana-Chaud-423x420.jpg 423w, https:\/\/sergiolapegue.com\/site\/wp-content\/uploads\/2026\/03\/Chau-Macoco-Mariana-Chaud-696x690.jpg 696w\" sizes=\"auto, (max-width: 1000px) 100vw, 1000px\" \/><\/figure>\n\n\n\n<p><strong>SOBRE MARIANA CHAUD<\/strong><strong><\/strong><\/p>\n\n\n\n<p>Es actriz, autora, directora teatral. Escribi\u00f3 y dirigi\u00f3 espect\u00e1culos en el circuito off y en el teatro oficial. En 2024 estren\u00f3&nbsp;Marcela contra la m\u00e1quina,una coproducci\u00f3n de FIBA y premio ARTEI. Durante 2022 estren\u00f3&nbsp;Familia no tipo y la nube maligna&nbsp;en la sala Mar\u00eda Guerrero del Teatro Nacional Cervantes. Ese mismo a\u00f1o present\u00f3&nbsp;Peque\u00f1a Pamela&nbsp;en el Teatro Sarmiento, como parte del ciclo&nbsp;Artista en residencia&nbsp;creado por Vivi Tellas, que incluy\u00f3 tambi\u00e9n una retrospectiva de cuatro obras de su autor\u00eda -Ub\u00fa patag\u00f3nico, Elhecho, Bud\u00edn ingl\u00e9s y Sigo mintiendo-. En 2019 escribi\u00f3 y dirigi\u00f3 el unipersonal&nbsp;La fiebre&nbsp;con Julieta Zylberberg. Tambi\u00e9n reversion\u00f3 el cl\u00e1sico&nbsp;Jettatore!&nbsp;(coproducci\u00f3n de Fundaci\u00f3n Proa y CTBA). En 2017 estren\u00f3&nbsp;No me pienso morir&nbsp;con Graciela Dufau en el Teatro Cervantes. Entre sus obras, tambi\u00e9n se destacanEn la huerta,&nbsp;Los sue\u00f1os de Cohanaco, Is\u00f3sceles y&nbsp;Tercera expedici\u00f3n.<\/p>\n\n\n\n<p>Actualmente se est\u00e1 presentando&nbsp;Ruth, adaptaci\u00f3n teatral de la novela hom\u00f3nima de Adriana Riva,&nbsp;bajo su direcci\u00f3n.<\/p>\n\n\n\n<p><\/p>\n","protected":false},"excerpt":{"rendered":"<p>La consagrada Banda de Teatro Los Macocos&nbsp;reestrena&nbsp;su \u00faltimo espect\u00e1culo bajo la direcci\u00f3n de Mariana Chaud, en coincidencia con la celebraci\u00f3n de sus 40 a\u00f1os de trayectoria. El jueves&nbsp;27 de febrero&nbsp;comenz\u00f3la segunda temporada de&nbsp;\u00a1Chau, Macoco!,esta vezen el Teatro Regio. Escrita por Mariana Chaud y los cuatro integrantes de Los Macocos \u2014 Daniel Casablanca, Mart\u00edn Salazar, Gabriel [&hellip;]<\/p>\n","protected":false},"author":3,"featured_media":28737,"comment_status":"open","ping_status":"closed","sticky":false,"template":"","format":"standard","meta":{"footnotes":""},"categories":[34,35],"tags":[],"class_list":{"0":"post-28731","1":"post","2":"type-post","3":"status-publish","4":"format-standard","5":"has-post-thumbnail","7":"category-arte","8":"category-teatro"},"yoast_head":"<!-- This site is optimized with the Yoast SEO plugin v27.5 - https:\/\/yoast.com\/product\/yoast-seo-wordpress\/ -->\n<title>\u201c\u00a1CHAU, MACOCO!\u201d EN EL TEATRO REGIO - Sergio Lapegue<\/title>\n<meta name=\"robots\" content=\"index, follow, max-snippet:-1, max-image-preview:large, max-video-preview:-1\" \/>\n<link rel=\"canonical\" href=\"https:\/\/sergiolapegue.com\/site\/2026\/03\/05\/chau-macoco-en-el-teatro-regio\/\" \/>\n<meta property=\"og:locale\" content=\"es_ES\" \/>\n<meta property=\"og:type\" content=\"article\" \/>\n<meta property=\"og:title\" content=\"\u201c\u00a1CHAU, MACOCO!\u201d EN EL TEATRO REGIO - Sergio Lapegue\" \/>\n<meta property=\"og:description\" content=\"La consagrada Banda de Teatro Los Macocos&nbsp;reestrena&nbsp;su \u00faltimo espect\u00e1culo bajo la direcci\u00f3n de Mariana Chaud, en coincidencia con la celebraci\u00f3n de sus 40 a\u00f1os de trayectoria. El jueves&nbsp;27 de febrero&nbsp;comenz\u00f3la segunda temporada de&nbsp;\u00a1Chau, Macoco!,esta vezen el Teatro Regio. Escrita por Mariana Chaud y los cuatro integrantes de Los Macocos \u2014 Daniel Casablanca, Mart\u00edn Salazar, Gabriel [&hellip;]\" \/>\n<meta property=\"og:url\" content=\"https:\/\/sergiolapegue.com\/site\/2026\/03\/05\/chau-macoco-en-el-teatro-regio\/\" \/>\n<meta property=\"og:site_name\" content=\"Sergio Lapegue\" \/>\n<meta property=\"article:publisher\" content=\"https:\/\/facebook.com\/sergiolapegue\" \/>\n<meta property=\"article:author\" content=\"https:\/\/facebook.com\/danielernesto.montana\" \/>\n<meta property=\"article:published_time\" content=\"2026-03-05T10:00:00+00:00\" \/>\n<meta property=\"og:image\" content=\"https:\/\/sergiolapegue.com\/site\/wp-content\/uploads\/2026\/03\/Chau-Macoco.jpg\" \/>\n\t<meta property=\"og:image:width\" content=\"1000\" \/>\n\t<meta property=\"og:image:height\" content=\"1778\" \/>\n\t<meta property=\"og:image:type\" content=\"image\/jpeg\" \/>\n<meta name=\"author\" content=\"Daniel E. Monta\u00f1a\" \/>\n<meta name=\"twitter:card\" content=\"summary_large_image\" \/>\n<meta name=\"twitter:creator\" content=\"@https:\/\/twitter.com\/daner_004\" \/>\n<meta name=\"twitter:site\" content=\"@sergiolapegue\" \/>\n<meta name=\"twitter:label1\" content=\"Escrito por\" \/>\n\t<meta name=\"twitter:data1\" content=\"Daniel E. Monta\u00f1a\" \/>\n\t<meta name=\"twitter:label2\" content=\"Tiempo de lectura\" \/>\n\t<meta name=\"twitter:data2\" content=\"6 minutos\" \/>\n<script type=\"application\/ld+json\" class=\"yoast-schema-graph\">{\"@context\":\"https:\\\/\\\/schema.org\",\"@graph\":[{\"@type\":\"Article\",\"@id\":\"https:\\\/\\\/sergiolapegue.com\\\/site\\\/2026\\\/03\\\/05\\\/chau-macoco-en-el-teatro-regio\\\/#article\",\"isPartOf\":{\"@id\":\"https:\\\/\\\/sergiolapegue.com\\\/site\\\/2026\\\/03\\\/05\\\/chau-macoco-en-el-teatro-regio\\\/\"},\"author\":{\"name\":\"Daniel E. Monta\u00f1a\",\"@id\":\"https:\\\/\\\/sergiolapegue.com\\\/site\\\/#\\\/schema\\\/person\\\/9198e7dbab43c6d74d0fd5399af7c3cd\"},\"headline\":\"\u201c\u00a1CHAU, MACOCO!\u201d EN EL TEATRO REGIO\",\"datePublished\":\"2026-03-05T10:00:00+00:00\",\"mainEntityOfPage\":{\"@id\":\"https:\\\/\\\/sergiolapegue.com\\\/site\\\/2026\\\/03\\\/05\\\/chau-macoco-en-el-teatro-regio\\\/\"},\"wordCount\":1012,\"commentCount\":0,\"publisher\":{\"@id\":\"https:\\\/\\\/sergiolapegue.com\\\/site\\\/#\\\/schema\\\/person\\\/083aeceeb0734cd166779ea6c0551a37\"},\"image\":{\"@id\":\"https:\\\/\\\/sergiolapegue.com\\\/site\\\/2026\\\/03\\\/05\\\/chau-macoco-en-el-teatro-regio\\\/#primaryimage\"},\"thumbnailUrl\":\"https:\\\/\\\/sergiolapegue.com\\\/site\\\/wp-content\\\/uploads\\\/2026\\\/03\\\/Chau-Macoco.jpg\",\"articleSection\":[\"Arte\",\"Teatro\"],\"inLanguage\":\"es-AR\",\"potentialAction\":[{\"@type\":\"CommentAction\",\"name\":\"Comment\",\"target\":[\"https:\\\/\\\/sergiolapegue.com\\\/site\\\/2026\\\/03\\\/05\\\/chau-macoco-en-el-teatro-regio\\\/#respond\"]}]},{\"@type\":\"WebPage\",\"@id\":\"https:\\\/\\\/sergiolapegue.com\\\/site\\\/2026\\\/03\\\/05\\\/chau-macoco-en-el-teatro-regio\\\/\",\"url\":\"https:\\\/\\\/sergiolapegue.com\\\/site\\\/2026\\\/03\\\/05\\\/chau-macoco-en-el-teatro-regio\\\/\",\"name\":\"\u201c\u00a1CHAU, MACOCO!\u201d EN EL TEATRO REGIO - Sergio Lapegue\",\"isPartOf\":{\"@id\":\"https:\\\/\\\/sergiolapegue.com\\\/site\\\/#website\"},\"primaryImageOfPage\":{\"@id\":\"https:\\\/\\\/sergiolapegue.com\\\/site\\\/2026\\\/03\\\/05\\\/chau-macoco-en-el-teatro-regio\\\/#primaryimage\"},\"image\":{\"@id\":\"https:\\\/\\\/sergiolapegue.com\\\/site\\\/2026\\\/03\\\/05\\\/chau-macoco-en-el-teatro-regio\\\/#primaryimage\"},\"thumbnailUrl\":\"https:\\\/\\\/sergiolapegue.com\\\/site\\\/wp-content\\\/uploads\\\/2026\\\/03\\\/Chau-Macoco.jpg\",\"datePublished\":\"2026-03-05T10:00:00+00:00\",\"breadcrumb\":{\"@id\":\"https:\\\/\\\/sergiolapegue.com\\\/site\\\/2026\\\/03\\\/05\\\/chau-macoco-en-el-teatro-regio\\\/#breadcrumb\"},\"inLanguage\":\"es-AR\",\"potentialAction\":[{\"@type\":\"ReadAction\",\"target\":[\"https:\\\/\\\/sergiolapegue.com\\\/site\\\/2026\\\/03\\\/05\\\/chau-macoco-en-el-teatro-regio\\\/\"]}]},{\"@type\":\"ImageObject\",\"inLanguage\":\"es-AR\",\"@id\":\"https:\\\/\\\/sergiolapegue.com\\\/site\\\/2026\\\/03\\\/05\\\/chau-macoco-en-el-teatro-regio\\\/#primaryimage\",\"url\":\"https:\\\/\\\/sergiolapegue.com\\\/site\\\/wp-content\\\/uploads\\\/2026\\\/03\\\/Chau-Macoco.jpg\",\"contentUrl\":\"https:\\\/\\\/sergiolapegue.com\\\/site\\\/wp-content\\\/uploads\\\/2026\\\/03\\\/Chau-Macoco.jpg\",\"width\":1000,\"height\":1778},{\"@type\":\"BreadcrumbList\",\"@id\":\"https:\\\/\\\/sergiolapegue.com\\\/site\\\/2026\\\/03\\\/05\\\/chau-macoco-en-el-teatro-regio\\\/#breadcrumb\",\"itemListElement\":[{\"@type\":\"ListItem\",\"position\":1,\"name\":\"Inicio\",\"item\":\"https:\\\/\\\/sergiolapegue.com\\\/site\\\/\"},{\"@type\":\"ListItem\",\"position\":2,\"name\":\"\u201c\u00a1CHAU, MACOCO!\u201d EN EL TEATRO REGIO\"}]},{\"@type\":\"WebSite\",\"@id\":\"https:\\\/\\\/sergiolapegue.com\\\/site\\\/#website\",\"url\":\"https:\\\/\\\/sergiolapegue.com\\\/site\\\/\",\"name\":\"Sergio Lapegue\",\"description\":\"Periodista\",\"publisher\":{\"@id\":\"https:\\\/\\\/sergiolapegue.com\\\/site\\\/#\\\/schema\\\/person\\\/083aeceeb0734cd166779ea6c0551a37\"},\"potentialAction\":[{\"@type\":\"SearchAction\",\"target\":{\"@type\":\"EntryPoint\",\"urlTemplate\":\"https:\\\/\\\/sergiolapegue.com\\\/site\\\/?s={search_term_string}\"},\"query-input\":{\"@type\":\"PropertyValueSpecification\",\"valueRequired\":true,\"valueName\":\"search_term_string\"}}],\"inLanguage\":\"es-AR\"},{\"@type\":[\"Person\",\"Organization\"],\"@id\":\"https:\\\/\\\/sergiolapegue.com\\\/site\\\/#\\\/schema\\\/person\\\/083aeceeb0734cd166779ea6c0551a37\",\"name\":\"Sergio Lapegue\",\"image\":{\"@type\":\"ImageObject\",\"inLanguage\":\"es-AR\",\"@id\":\"https:\\\/\\\/sergiolapegue.com\\\/site\\\/wp-content\\\/uploads\\\/2021\\\/04\\\/logo_header-1.png\",\"url\":\"https:\\\/\\\/sergiolapegue.com\\\/site\\\/wp-content\\\/uploads\\\/2021\\\/04\\\/logo_header-1.png\",\"contentUrl\":\"https:\\\/\\\/sergiolapegue.com\\\/site\\\/wp-content\\\/uploads\\\/2021\\\/04\\\/logo_header-1.png\",\"width\":272,\"height\":90,\"caption\":\"Sergio Lapegue\"},\"logo\":{\"@id\":\"https:\\\/\\\/sergiolapegue.com\\\/site\\\/wp-content\\\/uploads\\\/2021\\\/04\\\/logo_header-1.png\"},\"sameAs\":[\"https:\\\/\\\/facebook.com\\\/sergiolapegue\",\"https:\\\/\\\/instagram.com\\\/sergiolapegue\",\"https:\\\/\\\/x.com\\\/https:\\\/\\\/twitter.com\\\/sergiolapegue\"]},{\"@type\":\"Person\",\"@id\":\"https:\\\/\\\/sergiolapegue.com\\\/site\\\/#\\\/schema\\\/person\\\/9198e7dbab43c6d74d0fd5399af7c3cd\",\"name\":\"Daniel E. Monta\u00f1a\",\"image\":{\"@type\":\"ImageObject\",\"inLanguage\":\"es-AR\",\"@id\":\"https:\\\/\\\/sergiolapegue.com\\\/site\\\/wp-content\\\/uploads\\\/2021\\\/04\\\/sl_avatar_Daniel-150x150.jpg\",\"url\":\"https:\\\/\\\/sergiolapegue.com\\\/site\\\/wp-content\\\/uploads\\\/2021\\\/04\\\/sl_avatar_Daniel-150x150.jpg\",\"contentUrl\":\"https:\\\/\\\/sergiolapegue.com\\\/site\\\/wp-content\\\/uploads\\\/2021\\\/04\\\/sl_avatar_Daniel-150x150.jpg\",\"caption\":\"Daniel E. Monta\u00f1a\"},\"sameAs\":[\"https:\\\/\\\/facebook.com\\\/danielernesto.montana\",\"https:\\\/\\\/instagram.com\\\/daniel_montana1961\",\"https:\\\/\\\/x.com\\\/https:\\\/\\\/twitter.com\\\/daner_004\"],\"url\":\"https:\\\/\\\/sergiolapegue.com\\\/site\\\/author\\\/daniel\\\/\"}]}<\/script>\n<!-- \/ Yoast SEO plugin. -->","yoast_head_json":{"title":"\u201c\u00a1CHAU, MACOCO!\u201d EN EL TEATRO REGIO - Sergio Lapegue","robots":{"index":"index","follow":"follow","max-snippet":"max-snippet:-1","max-image-preview":"max-image-preview:large","max-video-preview":"max-video-preview:-1"},"canonical":"https:\/\/sergiolapegue.com\/site\/2026\/03\/05\/chau-macoco-en-el-teatro-regio\/","og_locale":"es_ES","og_type":"article","og_title":"\u201c\u00a1CHAU, MACOCO!\u201d EN EL TEATRO REGIO - Sergio Lapegue","og_description":"La consagrada Banda de Teatro Los Macocos&nbsp;reestrena&nbsp;su \u00faltimo espect\u00e1culo bajo la direcci\u00f3n de Mariana Chaud, en coincidencia con la celebraci\u00f3n de sus 40 a\u00f1os de trayectoria. El jueves&nbsp;27 de febrero&nbsp;comenz\u00f3la segunda temporada de&nbsp;\u00a1Chau, Macoco!,esta vezen el Teatro Regio. Escrita por Mariana Chaud y los cuatro integrantes de Los Macocos \u2014 Daniel Casablanca, Mart\u00edn Salazar, Gabriel [&hellip;]","og_url":"https:\/\/sergiolapegue.com\/site\/2026\/03\/05\/chau-macoco-en-el-teatro-regio\/","og_site_name":"Sergio Lapegue","article_publisher":"https:\/\/facebook.com\/sergiolapegue","article_author":"https:\/\/facebook.com\/danielernesto.montana","article_published_time":"2026-03-05T10:00:00+00:00","og_image":[{"width":1000,"height":1778,"url":"https:\/\/sergiolapegue.com\/site\/wp-content\/uploads\/2026\/03\/Chau-Macoco.jpg","type":"image\/jpeg"}],"author":"Daniel E. Monta\u00f1a","twitter_card":"summary_large_image","twitter_creator":"@https:\/\/twitter.com\/daner_004","twitter_site":"@sergiolapegue","twitter_misc":{"Escrito por":"Daniel E. Monta\u00f1a","Tiempo de lectura":"6 minutos"},"schema":{"@context":"https:\/\/schema.org","@graph":[{"@type":"Article","@id":"https:\/\/sergiolapegue.com\/site\/2026\/03\/05\/chau-macoco-en-el-teatro-regio\/#article","isPartOf":{"@id":"https:\/\/sergiolapegue.com\/site\/2026\/03\/05\/chau-macoco-en-el-teatro-regio\/"},"author":{"name":"Daniel E. Monta\u00f1a","@id":"https:\/\/sergiolapegue.com\/site\/#\/schema\/person\/9198e7dbab43c6d74d0fd5399af7c3cd"},"headline":"\u201c\u00a1CHAU, MACOCO!\u201d EN EL TEATRO REGIO","datePublished":"2026-03-05T10:00:00+00:00","mainEntityOfPage":{"@id":"https:\/\/sergiolapegue.com\/site\/2026\/03\/05\/chau-macoco-en-el-teatro-regio\/"},"wordCount":1012,"commentCount":0,"publisher":{"@id":"https:\/\/sergiolapegue.com\/site\/#\/schema\/person\/083aeceeb0734cd166779ea6c0551a37"},"image":{"@id":"https:\/\/sergiolapegue.com\/site\/2026\/03\/05\/chau-macoco-en-el-teatro-regio\/#primaryimage"},"thumbnailUrl":"https:\/\/sergiolapegue.com\/site\/wp-content\/uploads\/2026\/03\/Chau-Macoco.jpg","articleSection":["Arte","Teatro"],"inLanguage":"es-AR","potentialAction":[{"@type":"CommentAction","name":"Comment","target":["https:\/\/sergiolapegue.com\/site\/2026\/03\/05\/chau-macoco-en-el-teatro-regio\/#respond"]}]},{"@type":"WebPage","@id":"https:\/\/sergiolapegue.com\/site\/2026\/03\/05\/chau-macoco-en-el-teatro-regio\/","url":"https:\/\/sergiolapegue.com\/site\/2026\/03\/05\/chau-macoco-en-el-teatro-regio\/","name":"\u201c\u00a1CHAU, MACOCO!\u201d EN EL TEATRO REGIO - Sergio Lapegue","isPartOf":{"@id":"https:\/\/sergiolapegue.com\/site\/#website"},"primaryImageOfPage":{"@id":"https:\/\/sergiolapegue.com\/site\/2026\/03\/05\/chau-macoco-en-el-teatro-regio\/#primaryimage"},"image":{"@id":"https:\/\/sergiolapegue.com\/site\/2026\/03\/05\/chau-macoco-en-el-teatro-regio\/#primaryimage"},"thumbnailUrl":"https:\/\/sergiolapegue.com\/site\/wp-content\/uploads\/2026\/03\/Chau-Macoco.jpg","datePublished":"2026-03-05T10:00:00+00:00","breadcrumb":{"@id":"https:\/\/sergiolapegue.com\/site\/2026\/03\/05\/chau-macoco-en-el-teatro-regio\/#breadcrumb"},"inLanguage":"es-AR","potentialAction":[{"@type":"ReadAction","target":["https:\/\/sergiolapegue.com\/site\/2026\/03\/05\/chau-macoco-en-el-teatro-regio\/"]}]},{"@type":"ImageObject","inLanguage":"es-AR","@id":"https:\/\/sergiolapegue.com\/site\/2026\/03\/05\/chau-macoco-en-el-teatro-regio\/#primaryimage","url":"https:\/\/sergiolapegue.com\/site\/wp-content\/uploads\/2026\/03\/Chau-Macoco.jpg","contentUrl":"https:\/\/sergiolapegue.com\/site\/wp-content\/uploads\/2026\/03\/Chau-Macoco.jpg","width":1000,"height":1778},{"@type":"BreadcrumbList","@id":"https:\/\/sergiolapegue.com\/site\/2026\/03\/05\/chau-macoco-en-el-teatro-regio\/#breadcrumb","itemListElement":[{"@type":"ListItem","position":1,"name":"Inicio","item":"https:\/\/sergiolapegue.com\/site\/"},{"@type":"ListItem","position":2,"name":"\u201c\u00a1CHAU, MACOCO!\u201d EN EL TEATRO REGIO"}]},{"@type":"WebSite","@id":"https:\/\/sergiolapegue.com\/site\/#website","url":"https:\/\/sergiolapegue.com\/site\/","name":"Sergio Lapegue","description":"Periodista","publisher":{"@id":"https:\/\/sergiolapegue.com\/site\/#\/schema\/person\/083aeceeb0734cd166779ea6c0551a37"},"potentialAction":[{"@type":"SearchAction","target":{"@type":"EntryPoint","urlTemplate":"https:\/\/sergiolapegue.com\/site\/?s={search_term_string}"},"query-input":{"@type":"PropertyValueSpecification","valueRequired":true,"valueName":"search_term_string"}}],"inLanguage":"es-AR"},{"@type":["Person","Organization"],"@id":"https:\/\/sergiolapegue.com\/site\/#\/schema\/person\/083aeceeb0734cd166779ea6c0551a37","name":"Sergio Lapegue","image":{"@type":"ImageObject","inLanguage":"es-AR","@id":"https:\/\/sergiolapegue.com\/site\/wp-content\/uploads\/2021\/04\/logo_header-1.png","url":"https:\/\/sergiolapegue.com\/site\/wp-content\/uploads\/2021\/04\/logo_header-1.png","contentUrl":"https:\/\/sergiolapegue.com\/site\/wp-content\/uploads\/2021\/04\/logo_header-1.png","width":272,"height":90,"caption":"Sergio Lapegue"},"logo":{"@id":"https:\/\/sergiolapegue.com\/site\/wp-content\/uploads\/2021\/04\/logo_header-1.png"},"sameAs":["https:\/\/facebook.com\/sergiolapegue","https:\/\/instagram.com\/sergiolapegue","https:\/\/x.com\/https:\/\/twitter.com\/sergiolapegue"]},{"@type":"Person","@id":"https:\/\/sergiolapegue.com\/site\/#\/schema\/person\/9198e7dbab43c6d74d0fd5399af7c3cd","name":"Daniel E. Monta\u00f1a","image":{"@type":"ImageObject","inLanguage":"es-AR","@id":"https:\/\/sergiolapegue.com\/site\/wp-content\/uploads\/2021\/04\/sl_avatar_Daniel-150x150.jpg","url":"https:\/\/sergiolapegue.com\/site\/wp-content\/uploads\/2021\/04\/sl_avatar_Daniel-150x150.jpg","contentUrl":"https:\/\/sergiolapegue.com\/site\/wp-content\/uploads\/2021\/04\/sl_avatar_Daniel-150x150.jpg","caption":"Daniel E. Monta\u00f1a"},"sameAs":["https:\/\/facebook.com\/danielernesto.montana","https:\/\/instagram.com\/daniel_montana1961","https:\/\/x.com\/https:\/\/twitter.com\/daner_004"],"url":"https:\/\/sergiolapegue.com\/site\/author\/daniel\/"}]}},"_links":{"self":[{"href":"https:\/\/sergiolapegue.com\/site\/wp-json\/wp\/v2\/posts\/28731","targetHints":{"allow":["GET"]}}],"collection":[{"href":"https:\/\/sergiolapegue.com\/site\/wp-json\/wp\/v2\/posts"}],"about":[{"href":"https:\/\/sergiolapegue.com\/site\/wp-json\/wp\/v2\/types\/post"}],"author":[{"embeddable":true,"href":"https:\/\/sergiolapegue.com\/site\/wp-json\/wp\/v2\/users\/3"}],"replies":[{"embeddable":true,"href":"https:\/\/sergiolapegue.com\/site\/wp-json\/wp\/v2\/comments?post=28731"}],"version-history":[{"count":1,"href":"https:\/\/sergiolapegue.com\/site\/wp-json\/wp\/v2\/posts\/28731\/revisions"}],"predecessor-version":[{"id":28738,"href":"https:\/\/sergiolapegue.com\/site\/wp-json\/wp\/v2\/posts\/28731\/revisions\/28738"}],"wp:featuredmedia":[{"embeddable":true,"href":"https:\/\/sergiolapegue.com\/site\/wp-json\/wp\/v2\/media\/28737"}],"wp:attachment":[{"href":"https:\/\/sergiolapegue.com\/site\/wp-json\/wp\/v2\/media?parent=28731"}],"wp:term":[{"taxonomy":"category","embeddable":true,"href":"https:\/\/sergiolapegue.com\/site\/wp-json\/wp\/v2\/categories?post=28731"},{"taxonomy":"post_tag","embeddable":true,"href":"https:\/\/sergiolapegue.com\/site\/wp-json\/wp\/v2\/tags?post=28731"}],"curies":[{"name":"wp","href":"https:\/\/api.w.org\/{rel}","templated":true}]}}