{"id":28644,"date":"2026-03-02T15:03:32","date_gmt":"2026-03-02T18:03:32","guid":{"rendered":"https:\/\/sergiolapegue.com\/site\/?p=28644"},"modified":"2026-03-03T13:39:13","modified_gmt":"2026-03-03T16:39:13","slug":"el-palacio-sansinena-de-temperley-de-mansion-a-centro-de-operaciones","status":"publish","type":"post","link":"https:\/\/sergiolapegue.com\/site\/2026\/03\/02\/el-palacio-sansinena-de-temperley-de-mansion-a-centro-de-operaciones\/","title":{"rendered":"El Palacio Sansinena de Temperley: de mansi\u00f3n a centro de operaciones"},"content":{"rendered":"\n<p>Hay edificios que parecen destinados a desaparecer. El&nbsp;<a href=\"https:\/\/launion.com.ar\/palacio-sansinena-a9220\">Palacio Sansinena<\/a>&nbsp;estuvo a punto de ser uno de ellos. Sin embargo, contra incendios, guerras y sucesivos cambios de due\u00f1o, sigue en pie en Santa Mar\u00eda de Oro 44,&nbsp;<a href=\"https:\/\/launion.com.ar\/nota\/-2953\/2020\/01\/la-argentina-un-imperio-comercial-que-fue-un-iacutecono-de-temperley\" target=\"_blank\" rel=\"noreferrer noopener\">frente a la estaci\u00f3n de Temperley.<\/a><\/p>\n\n\n\n<p>All\u00ed funciona hoy el Comercial Tom\u00e1s Espora, la escuela media que hace algunos a\u00f1os sufri\u00f3 un incendio devastador y que, pese a todo, contin\u00faa con sus puertas abiertas.<\/p>\n\n\n\n<p>La historia comienza en 1880, cuando Gast\u00f3n Sansinena, pr\u00f3spero empresario y propietario del frigor\u00edfico \u201cLa Negra\u201d, dedicado a la exportaci\u00f3n de carne hacia Europa, decidi\u00f3 levantar una residencia que desentonaba con su tiempo. La mansi\u00f3n, de estilo ingl\u00e9s, fue construida \u00edntegramente con materiales tra\u00eddos del exterior.<\/p>\n\n\n\n<h2 class=\"wp-block-heading\">Un tesoro en Temperley<\/h2>\n\n\n\n<p>La quinta ocupaba una extensi\u00f3n imponente: desde la actual avenida Almirante Brown hasta la estaci\u00f3n Temperley, conectada incluso por un t\u00fanel, y desde 14 de Julio hasta Cangallo. Entre jardines cuidados se alzaban dos construcciones de grandes dimensiones.<\/p>\n\n\n\n<p>El edificio principal ten\u00eda tres niveles, amplios subsuelos y 18 habitaciones con cielorrasos de yeso ornamentados. Los ventanales luc\u00edan vitraux. El predio inclu\u00eda tres cocheras, doce pesebres y caballerizas. Contaba con cancha de pelota con palcos y vestuarios, un invern\u00e1culo cerrado con cascadas interiores y servicio de electricidad y provisi\u00f3n de agua mediante dep\u00f3sitos que funcionaban a vapor.<\/p>\n\n\n\n<p>La familia Sansinena permaneci\u00f3 all\u00ed poco tiempo. En 1890 la propiedad pas\u00f3 a manos de tres directivos de la cervecer\u00eda Bieckert; un a\u00f1o despu\u00e9s fue adquirida por el pol\u00edtico Pastor Servando Obligado<a href=\"https:\/\/launion.com.ar\/lomas-zamora\/cuando-lomas-zamora-fue-camino-guerra-el-paso-las-invasiones-inglesas-n5440104\" target=\"_blank\" rel=\"noreferrer noopener\">. Durante la revoluci\u00f3n de 1893, las tropas de Mart\u00edn Yrigoyen ocuparon el lugar y lo utilizaron como centro de operaciones<\/a>. Desde entonces, la quinta comenz\u00f3 a subdividirse y a cambiar reiteradamente de propietarios, hasta que el edificio fue alquilado al Colegio Comercial.<\/p>\n\n\n\n<h2 class=\"wp-block-heading\">La expropiaci\u00f3n del Palacio Sansinena<\/h2>\n\n\n\n<p>En 1982, el Ministerio de Educaci\u00f3n dispuso su expropiaci\u00f3n. El mantenimiento de una estructura de semejante magnitud siempre result\u00f3 complejo. El momento m\u00e1s cr\u00edtico lleg\u00f3 el 1\u00ba de enero de 2005: un globo lanzado en los festejos de A\u00f1o Nuevo descendi\u00f3 sobre el techo y provoc\u00f3 un incendio que arras\u00f3 gran parte del inmueble.<\/p>\n\n\n\n<p>El fuego dej\u00f3 marcas que nunca fueron revertidas. En 2006 se realiz\u00f3 una intervenci\u00f3n m\u00ednima \u2014la colocaci\u00f3n de chapas en el techo\u2014, pero el palacio no fue reconstruido ni restaurado. Hoy contin\u00faa clausurado, como una herida abierta en el coraz\u00f3n de Temperley.<\/p>\n\n\n\n<p>As\u00ed, entre esplendores, conflictos y tragedias, el antiguo Palacio Sansinena se transform\u00f3 en algo m\u00e1s que una residencia hist\u00f3rica: es hoy un s\u00edmbolo educativo y cultural de la comunidad, marcado por las heridas del tiempo pero firme en su lugar. \u00a1Hasta la semana que viene, amigos!<\/p>\n\n\n\n<p><strong><em><a href=\"https:\/\/launion.com.ar\/lomas-zamora\/el-palacio-sansinena-temperley-mansion-centro-operaciones-n5440437\" id=\"https:\/\/launion.com.ar\/lomas-zamora\/el-palacio-sansinena-temperley-mansion-centro-operaciones-n5440437\">Art\u00edculo publicado en el diario La <\/a><a href=\"https:\/\/launion.com.ar\/lomas-zamora\/el-palacio-sansinena-temperley-mansion-centro-operaciones-n5440437\" id=\"https:\/\/launion.com.ar\/lomas-zamora\/el-palacio-sansinena-temperley-mansion-centro-operaciones-n5440437\" target=\"_blank\" rel=\"noreferrer noopener\">Uni\u00f3n<\/a><a href=\"https:\/\/launion.com.ar\/lomas-zamora\/el-palacio-sansinena-temperley-mansion-centro-operaciones-n5440437\" id=\"https:\/\/launion.com.ar\/lomas-zamora\/el-palacio-sansinena-temperley-mansion-centro-operaciones-n5440437\">.-<\/a><\/em><\/strong><\/p>\n","protected":false},"excerpt":{"rendered":"<p>Hay edificios que parecen destinados a desaparecer. El&nbsp;Palacio Sansinena&nbsp;estuvo a punto de ser uno de ellos. Sin embargo, contra incendios, guerras y sucesivos cambios de due\u00f1o, sigue en pie en Santa Mar\u00eda de Oro 44,&nbsp;frente a la estaci\u00f3n de Temperley. All\u00ed funciona hoy el Comercial Tom\u00e1s Espora, la escuela media que hace algunos a\u00f1os sufri\u00f3 [&hellip;]<\/p>\n","protected":false},"author":6,"featured_media":28645,"comment_status":"closed","ping_status":"closed","sticky":false,"template":"","format":"standard","meta":{"footnotes":""},"categories":[1276],"tags":[1323,1621,1322],"class_list":{"0":"post-28644","1":"post","2":"type-post","3":"status-publish","4":"format-standard","5":"has-post-thumbnail","7":"category-de-puno-y-letra-lomas-de-zamora","8":"tag-la-union","9":"tag-palacio-sansinena","10":"tag-temperley"},"yoast_head":"<!-- This site is optimized with the Yoast SEO plugin v27.4 - https:\/\/yoast.com\/product\/yoast-seo-wordpress\/ -->\n<title>El Palacio Sansinena de Temperley: de mansi\u00f3n a centro de operaciones - Sergio Lapegue<\/title>\n<meta name=\"description\" content=\"La construcci\u00f3n de estilo ingl\u00e9s se levant\u00f3 en 1880 por orden del propietario del frigor\u00edfico \u201cLa Negra\u201d. Qu\u00e9 pas\u00f3 despu\u00e9s.\" \/>\n<meta name=\"robots\" content=\"index, follow, max-snippet:-1, max-image-preview:large, max-video-preview:-1\" \/>\n<link rel=\"canonical\" href=\"https:\/\/sergiolapegue.com\/site\/2026\/03\/02\/el-palacio-sansinena-de-temperley-de-mansion-a-centro-de-operaciones\/\" \/>\n<meta property=\"og:locale\" content=\"es_ES\" \/>\n<meta property=\"og:type\" content=\"article\" \/>\n<meta property=\"og:title\" content=\"El Palacio Sansinena de Temperley: de mansi\u00f3n a centro de operaciones - Sergio Lapegue\" \/>\n<meta property=\"og:description\" content=\"La construcci\u00f3n de estilo ingl\u00e9s se levant\u00f3 en 1880 por orden del propietario del frigor\u00edfico \u201cLa Negra\u201d. Qu\u00e9 pas\u00f3 despu\u00e9s.\" \/>\n<meta property=\"og:url\" content=\"https:\/\/sergiolapegue.com\/site\/2026\/03\/02\/el-palacio-sansinena-de-temperley-de-mansion-a-centro-de-operaciones\/\" \/>\n<meta property=\"og:site_name\" content=\"Sergio Lapegue\" \/>\n<meta property=\"article:publisher\" content=\"https:\/\/facebook.com\/sergiolapegue\" \/>\n<meta property=\"article:author\" content=\"https:\/\/facebook.com\/sergiolapegue\" \/>\n<meta property=\"article:published_time\" content=\"2026-03-02T18:03:32+00:00\" \/>\n<meta property=\"article:modified_time\" content=\"2026-03-03T16:39:13+00:00\" \/>\n<meta property=\"og:image\" content=\"https:\/\/sergiolapegue.com\/site\/wp-content\/uploads\/2026\/03\/frente-la-estacion-tren-temperley.webp\" \/>\n\t<meta property=\"og:image:width\" content=\"728\" \/>\n\t<meta property=\"og:image:height\" content=\"467\" \/>\n\t<meta property=\"og:image:type\" content=\"image\/webp\" \/>\n<meta name=\"author\" content=\"Sergio Lapegue\" \/>\n<meta name=\"twitter:card\" content=\"summary_large_image\" \/>\n<meta name=\"twitter:creator\" content=\"@https:\/\/twitter.com\/sergiolapegue\" \/>\n<meta name=\"twitter:site\" content=\"@sergiolapegue\" \/>\n<meta name=\"twitter:label1\" content=\"Escrito por\" \/>\n\t<meta name=\"twitter:data1\" content=\"Sergio Lapegue\" \/>\n\t<meta name=\"twitter:label2\" content=\"Tiempo de lectura\" \/>\n\t<meta name=\"twitter:data2\" content=\"3 minutos\" \/>\n<script type=\"application\/ld+json\" class=\"yoast-schema-graph\">{\"@context\":\"https:\\\/\\\/schema.org\",\"@graph\":[{\"@type\":\"Article\",\"@id\":\"https:\\\/\\\/sergiolapegue.com\\\/site\\\/2026\\\/03\\\/02\\\/el-palacio-sansinena-de-temperley-de-mansion-a-centro-de-operaciones\\\/#article\",\"isPartOf\":{\"@id\":\"https:\\\/\\\/sergiolapegue.com\\\/site\\\/2026\\\/03\\\/02\\\/el-palacio-sansinena-de-temperley-de-mansion-a-centro-de-operaciones\\\/\"},\"author\":{\"name\":\"Sergio Lapegue\",\"@id\":\"https:\\\/\\\/sergiolapegue.com\\\/site\\\/#\\\/schema\\\/person\\\/083aeceeb0734cd166779ea6c0551a37\"},\"headline\":\"El Palacio Sansinena de Temperley: de mansi\u00f3n a centro de operaciones\",\"datePublished\":\"2026-03-02T18:03:32+00:00\",\"dateModified\":\"2026-03-03T16:39:13+00:00\",\"mainEntityOfPage\":{\"@id\":\"https:\\\/\\\/sergiolapegue.com\\\/site\\\/2026\\\/03\\\/02\\\/el-palacio-sansinena-de-temperley-de-mansion-a-centro-de-operaciones\\\/\"},\"wordCount\":494,\"publisher\":{\"@id\":\"https:\\\/\\\/sergiolapegue.com\\\/site\\\/#\\\/schema\\\/person\\\/083aeceeb0734cd166779ea6c0551a37\"},\"image\":{\"@id\":\"https:\\\/\\\/sergiolapegue.com\\\/site\\\/2026\\\/03\\\/02\\\/el-palacio-sansinena-de-temperley-de-mansion-a-centro-de-operaciones\\\/#primaryimage\"},\"thumbnailUrl\":\"https:\\\/\\\/sergiolapegue.com\\\/site\\\/wp-content\\\/uploads\\\/2026\\\/03\\\/frente-la-estacion-tren-temperley.webp\",\"keywords\":[\"La Uni\u00f3n\",\"Palacio Sansinena\",\"Temperley\"],\"articleSection\":[\"De Pu\u00f1o y Letra Lomas de Zamora\"],\"inLanguage\":\"es-AR\"},{\"@type\":\"WebPage\",\"@id\":\"https:\\\/\\\/sergiolapegue.com\\\/site\\\/2026\\\/03\\\/02\\\/el-palacio-sansinena-de-temperley-de-mansion-a-centro-de-operaciones\\\/\",\"url\":\"https:\\\/\\\/sergiolapegue.com\\\/site\\\/2026\\\/03\\\/02\\\/el-palacio-sansinena-de-temperley-de-mansion-a-centro-de-operaciones\\\/\",\"name\":\"El Palacio Sansinena de Temperley: de mansi\u00f3n a centro de operaciones - Sergio Lapegue\",\"isPartOf\":{\"@id\":\"https:\\\/\\\/sergiolapegue.com\\\/site\\\/#website\"},\"primaryImageOfPage\":{\"@id\":\"https:\\\/\\\/sergiolapegue.com\\\/site\\\/2026\\\/03\\\/02\\\/el-palacio-sansinena-de-temperley-de-mansion-a-centro-de-operaciones\\\/#primaryimage\"},\"image\":{\"@id\":\"https:\\\/\\\/sergiolapegue.com\\\/site\\\/2026\\\/03\\\/02\\\/el-palacio-sansinena-de-temperley-de-mansion-a-centro-de-operaciones\\\/#primaryimage\"},\"thumbnailUrl\":\"https:\\\/\\\/sergiolapegue.com\\\/site\\\/wp-content\\\/uploads\\\/2026\\\/03\\\/frente-la-estacion-tren-temperley.webp\",\"datePublished\":\"2026-03-02T18:03:32+00:00\",\"dateModified\":\"2026-03-03T16:39:13+00:00\",\"description\":\"La construcci\u00f3n de estilo ingl\u00e9s se levant\u00f3 en 1880 por orden del propietario del frigor\u00edfico \u201cLa Negra\u201d. Qu\u00e9 pas\u00f3 despu\u00e9s.\",\"breadcrumb\":{\"@id\":\"https:\\\/\\\/sergiolapegue.com\\\/site\\\/2026\\\/03\\\/02\\\/el-palacio-sansinena-de-temperley-de-mansion-a-centro-de-operaciones\\\/#breadcrumb\"},\"inLanguage\":\"es-AR\",\"potentialAction\":[{\"@type\":\"ReadAction\",\"target\":[\"https:\\\/\\\/sergiolapegue.com\\\/site\\\/2026\\\/03\\\/02\\\/el-palacio-sansinena-de-temperley-de-mansion-a-centro-de-operaciones\\\/\"]}]},{\"@type\":\"ImageObject\",\"inLanguage\":\"es-AR\",\"@id\":\"https:\\\/\\\/sergiolapegue.com\\\/site\\\/2026\\\/03\\\/02\\\/el-palacio-sansinena-de-temperley-de-mansion-a-centro-de-operaciones\\\/#primaryimage\",\"url\":\"https:\\\/\\\/sergiolapegue.com\\\/site\\\/wp-content\\\/uploads\\\/2026\\\/03\\\/frente-la-estacion-tren-temperley.webp\",\"contentUrl\":\"https:\\\/\\\/sergiolapegue.com\\\/site\\\/wp-content\\\/uploads\\\/2026\\\/03\\\/frente-la-estacion-tren-temperley.webp\",\"width\":728,\"height\":467},{\"@type\":\"BreadcrumbList\",\"@id\":\"https:\\\/\\\/sergiolapegue.com\\\/site\\\/2026\\\/03\\\/02\\\/el-palacio-sansinena-de-temperley-de-mansion-a-centro-de-operaciones\\\/#breadcrumb\",\"itemListElement\":[{\"@type\":\"ListItem\",\"position\":1,\"name\":\"Inicio\",\"item\":\"https:\\\/\\\/sergiolapegue.com\\\/site\\\/\"},{\"@type\":\"ListItem\",\"position\":2,\"name\":\"El Palacio Sansinena de Temperley: de mansi\u00f3n a centro de operaciones\"}]},{\"@type\":\"WebSite\",\"@id\":\"https:\\\/\\\/sergiolapegue.com\\\/site\\\/#website\",\"url\":\"https:\\\/\\\/sergiolapegue.com\\\/site\\\/\",\"name\":\"Sergio Lapegue\",\"description\":\"Periodista\",\"publisher\":{\"@id\":\"https:\\\/\\\/sergiolapegue.com\\\/site\\\/#\\\/schema\\\/person\\\/083aeceeb0734cd166779ea6c0551a37\"},\"potentialAction\":[{\"@type\":\"SearchAction\",\"target\":{\"@type\":\"EntryPoint\",\"urlTemplate\":\"https:\\\/\\\/sergiolapegue.com\\\/site\\\/?s={search_term_string}\"},\"query-input\":{\"@type\":\"PropertyValueSpecification\",\"valueRequired\":true,\"valueName\":\"search_term_string\"}}],\"inLanguage\":\"es-AR\"},{\"@type\":[\"Person\",\"Organization\"],\"@id\":\"https:\\\/\\\/sergiolapegue.com\\\/site\\\/#\\\/schema\\\/person\\\/083aeceeb0734cd166779ea6c0551a37\",\"name\":\"Sergio Lapegue\",\"image\":{\"@type\":\"ImageObject\",\"inLanguage\":\"es-AR\",\"@id\":\"https:\\\/\\\/sergiolapegue.com\\\/site\\\/wp-content\\\/uploads\\\/2021\\\/04\\\/logo_header-1.png\",\"url\":\"https:\\\/\\\/sergiolapegue.com\\\/site\\\/wp-content\\\/uploads\\\/2021\\\/04\\\/logo_header-1.png\",\"contentUrl\":\"https:\\\/\\\/sergiolapegue.com\\\/site\\\/wp-content\\\/uploads\\\/2021\\\/04\\\/logo_header-1.png\",\"width\":272,\"height\":90,\"caption\":\"Sergio Lapegue\"},\"logo\":{\"@id\":\"https:\\\/\\\/sergiolapegue.com\\\/site\\\/wp-content\\\/uploads\\\/2021\\\/04\\\/logo_header-1.png\"},\"sameAs\":[\"https:\\\/\\\/facebook.com\\\/sergiolapegue\",\"https:\\\/\\\/instagram.com\\\/sergiolapegue\",\"https:\\\/\\\/x.com\\\/https:\\\/\\\/twitter.com\\\/sergiolapegue\"],\"url\":\"https:\\\/\\\/sergiolapegue.com\\\/site\\\/author\\\/sergio\\\/\"}]}<\/script>\n<!-- \/ Yoast SEO plugin. -->","yoast_head_json":{"title":"El Palacio Sansinena de Temperley: de mansi\u00f3n a centro de operaciones - Sergio Lapegue","description":"La construcci\u00f3n de estilo ingl\u00e9s se levant\u00f3 en 1880 por orden del propietario del frigor\u00edfico \u201cLa Negra\u201d. Qu\u00e9 pas\u00f3 despu\u00e9s.","robots":{"index":"index","follow":"follow","max-snippet":"max-snippet:-1","max-image-preview":"max-image-preview:large","max-video-preview":"max-video-preview:-1"},"canonical":"https:\/\/sergiolapegue.com\/site\/2026\/03\/02\/el-palacio-sansinena-de-temperley-de-mansion-a-centro-de-operaciones\/","og_locale":"es_ES","og_type":"article","og_title":"El Palacio Sansinena de Temperley: de mansi\u00f3n a centro de operaciones - Sergio Lapegue","og_description":"La construcci\u00f3n de estilo ingl\u00e9s se levant\u00f3 en 1880 por orden del propietario del frigor\u00edfico \u201cLa Negra\u201d. Qu\u00e9 pas\u00f3 despu\u00e9s.","og_url":"https:\/\/sergiolapegue.com\/site\/2026\/03\/02\/el-palacio-sansinena-de-temperley-de-mansion-a-centro-de-operaciones\/","og_site_name":"Sergio Lapegue","article_publisher":"https:\/\/facebook.com\/sergiolapegue","article_author":"https:\/\/facebook.com\/sergiolapegue","article_published_time":"2026-03-02T18:03:32+00:00","article_modified_time":"2026-03-03T16:39:13+00:00","og_image":[{"width":728,"height":467,"url":"https:\/\/sergiolapegue.com\/site\/wp-content\/uploads\/2026\/03\/frente-la-estacion-tren-temperley.webp","type":"image\/webp"}],"author":"Sergio Lapegue","twitter_card":"summary_large_image","twitter_creator":"@https:\/\/twitter.com\/sergiolapegue","twitter_site":"@sergiolapegue","twitter_misc":{"Escrito por":"Sergio Lapegue","Tiempo de lectura":"3 minutos"},"schema":{"@context":"https:\/\/schema.org","@graph":[{"@type":"Article","@id":"https:\/\/sergiolapegue.com\/site\/2026\/03\/02\/el-palacio-sansinena-de-temperley-de-mansion-a-centro-de-operaciones\/#article","isPartOf":{"@id":"https:\/\/sergiolapegue.com\/site\/2026\/03\/02\/el-palacio-sansinena-de-temperley-de-mansion-a-centro-de-operaciones\/"},"author":{"name":"Sergio Lapegue","@id":"https:\/\/sergiolapegue.com\/site\/#\/schema\/person\/083aeceeb0734cd166779ea6c0551a37"},"headline":"El Palacio Sansinena de Temperley: de mansi\u00f3n a centro de operaciones","datePublished":"2026-03-02T18:03:32+00:00","dateModified":"2026-03-03T16:39:13+00:00","mainEntityOfPage":{"@id":"https:\/\/sergiolapegue.com\/site\/2026\/03\/02\/el-palacio-sansinena-de-temperley-de-mansion-a-centro-de-operaciones\/"},"wordCount":494,"publisher":{"@id":"https:\/\/sergiolapegue.com\/site\/#\/schema\/person\/083aeceeb0734cd166779ea6c0551a37"},"image":{"@id":"https:\/\/sergiolapegue.com\/site\/2026\/03\/02\/el-palacio-sansinena-de-temperley-de-mansion-a-centro-de-operaciones\/#primaryimage"},"thumbnailUrl":"https:\/\/sergiolapegue.com\/site\/wp-content\/uploads\/2026\/03\/frente-la-estacion-tren-temperley.webp","keywords":["La Uni\u00f3n","Palacio Sansinena","Temperley"],"articleSection":["De Pu\u00f1o y Letra Lomas de Zamora"],"inLanguage":"es-AR"},{"@type":"WebPage","@id":"https:\/\/sergiolapegue.com\/site\/2026\/03\/02\/el-palacio-sansinena-de-temperley-de-mansion-a-centro-de-operaciones\/","url":"https:\/\/sergiolapegue.com\/site\/2026\/03\/02\/el-palacio-sansinena-de-temperley-de-mansion-a-centro-de-operaciones\/","name":"El Palacio Sansinena de Temperley: de mansi\u00f3n a centro de operaciones - Sergio Lapegue","isPartOf":{"@id":"https:\/\/sergiolapegue.com\/site\/#website"},"primaryImageOfPage":{"@id":"https:\/\/sergiolapegue.com\/site\/2026\/03\/02\/el-palacio-sansinena-de-temperley-de-mansion-a-centro-de-operaciones\/#primaryimage"},"image":{"@id":"https:\/\/sergiolapegue.com\/site\/2026\/03\/02\/el-palacio-sansinena-de-temperley-de-mansion-a-centro-de-operaciones\/#primaryimage"},"thumbnailUrl":"https:\/\/sergiolapegue.com\/site\/wp-content\/uploads\/2026\/03\/frente-la-estacion-tren-temperley.webp","datePublished":"2026-03-02T18:03:32+00:00","dateModified":"2026-03-03T16:39:13+00:00","description":"La construcci\u00f3n de estilo ingl\u00e9s se levant\u00f3 en 1880 por orden del propietario del frigor\u00edfico \u201cLa Negra\u201d. Qu\u00e9 pas\u00f3 despu\u00e9s.","breadcrumb":{"@id":"https:\/\/sergiolapegue.com\/site\/2026\/03\/02\/el-palacio-sansinena-de-temperley-de-mansion-a-centro-de-operaciones\/#breadcrumb"},"inLanguage":"es-AR","potentialAction":[{"@type":"ReadAction","target":["https:\/\/sergiolapegue.com\/site\/2026\/03\/02\/el-palacio-sansinena-de-temperley-de-mansion-a-centro-de-operaciones\/"]}]},{"@type":"ImageObject","inLanguage":"es-AR","@id":"https:\/\/sergiolapegue.com\/site\/2026\/03\/02\/el-palacio-sansinena-de-temperley-de-mansion-a-centro-de-operaciones\/#primaryimage","url":"https:\/\/sergiolapegue.com\/site\/wp-content\/uploads\/2026\/03\/frente-la-estacion-tren-temperley.webp","contentUrl":"https:\/\/sergiolapegue.com\/site\/wp-content\/uploads\/2026\/03\/frente-la-estacion-tren-temperley.webp","width":728,"height":467},{"@type":"BreadcrumbList","@id":"https:\/\/sergiolapegue.com\/site\/2026\/03\/02\/el-palacio-sansinena-de-temperley-de-mansion-a-centro-de-operaciones\/#breadcrumb","itemListElement":[{"@type":"ListItem","position":1,"name":"Inicio","item":"https:\/\/sergiolapegue.com\/site\/"},{"@type":"ListItem","position":2,"name":"El Palacio Sansinena de Temperley: de mansi\u00f3n a centro de operaciones"}]},{"@type":"WebSite","@id":"https:\/\/sergiolapegue.com\/site\/#website","url":"https:\/\/sergiolapegue.com\/site\/","name":"Sergio Lapegue","description":"Periodista","publisher":{"@id":"https:\/\/sergiolapegue.com\/site\/#\/schema\/person\/083aeceeb0734cd166779ea6c0551a37"},"potentialAction":[{"@type":"SearchAction","target":{"@type":"EntryPoint","urlTemplate":"https:\/\/sergiolapegue.com\/site\/?s={search_term_string}"},"query-input":{"@type":"PropertyValueSpecification","valueRequired":true,"valueName":"search_term_string"}}],"inLanguage":"es-AR"},{"@type":["Person","Organization"],"@id":"https:\/\/sergiolapegue.com\/site\/#\/schema\/person\/083aeceeb0734cd166779ea6c0551a37","name":"Sergio Lapegue","image":{"@type":"ImageObject","inLanguage":"es-AR","@id":"https:\/\/sergiolapegue.com\/site\/wp-content\/uploads\/2021\/04\/logo_header-1.png","url":"https:\/\/sergiolapegue.com\/site\/wp-content\/uploads\/2021\/04\/logo_header-1.png","contentUrl":"https:\/\/sergiolapegue.com\/site\/wp-content\/uploads\/2021\/04\/logo_header-1.png","width":272,"height":90,"caption":"Sergio Lapegue"},"logo":{"@id":"https:\/\/sergiolapegue.com\/site\/wp-content\/uploads\/2021\/04\/logo_header-1.png"},"sameAs":["https:\/\/facebook.com\/sergiolapegue","https:\/\/instagram.com\/sergiolapegue","https:\/\/x.com\/https:\/\/twitter.com\/sergiolapegue"],"url":"https:\/\/sergiolapegue.com\/site\/author\/sergio\/"}]}},"_links":{"self":[{"href":"https:\/\/sergiolapegue.com\/site\/wp-json\/wp\/v2\/posts\/28644","targetHints":{"allow":["GET"]}}],"collection":[{"href":"https:\/\/sergiolapegue.com\/site\/wp-json\/wp\/v2\/posts"}],"about":[{"href":"https:\/\/sergiolapegue.com\/site\/wp-json\/wp\/v2\/types\/post"}],"author":[{"embeddable":true,"href":"https:\/\/sergiolapegue.com\/site\/wp-json\/wp\/v2\/users\/6"}],"replies":[{"embeddable":true,"href":"https:\/\/sergiolapegue.com\/site\/wp-json\/wp\/v2\/comments?post=28644"}],"version-history":[{"count":2,"href":"https:\/\/sergiolapegue.com\/site\/wp-json\/wp\/v2\/posts\/28644\/revisions"}],"predecessor-version":[{"id":28669,"href":"https:\/\/sergiolapegue.com\/site\/wp-json\/wp\/v2\/posts\/28644\/revisions\/28669"}],"wp:featuredmedia":[{"embeddable":true,"href":"https:\/\/sergiolapegue.com\/site\/wp-json\/wp\/v2\/media\/28645"}],"wp:attachment":[{"href":"https:\/\/sergiolapegue.com\/site\/wp-json\/wp\/v2\/media?parent=28644"}],"wp:term":[{"taxonomy":"category","embeddable":true,"href":"https:\/\/sergiolapegue.com\/site\/wp-json\/wp\/v2\/categories?post=28644"},{"taxonomy":"post_tag","embeddable":true,"href":"https:\/\/sergiolapegue.com\/site\/wp-json\/wp\/v2\/tags?post=28644"}],"curies":[{"name":"wp","href":"https:\/\/api.w.org\/{rel}","templated":true}]}}